{"id":1231,"date":"2017-07-17T15:54:50","date_gmt":"2017-07-17T15:54:50","guid":{"rendered":"https:\/\/teatrulreginamaria.ro\/2017\/07\/17\/selectia-oficiala-a-festivalului-de-teatru-scurt-editia-a-xxiii-a-2017\/"},"modified":"2017-07-17T15:54:50","modified_gmt":"2017-07-17T15:54:50","slug":"a-2017-es-rovidszinhazi-fesztival-23-kiadasanak-hivatalos-valogatasa","status":"publish","type":"post","link":"https:\/\/www.teatrulreginamaria.ro\/hu\/selectia-oficiala-a-festivalului-de-teatru-scurt-editia-a-xxiii-a-2017\/","title":{"rendered":"A R\u00f6vidsz\u00ednh\u00e1zi Fesztiv\u00e1l hivatalos v\u00e1logat\u00e1s\u00e1n, 23. kiad\u00e1s, 2017"},"content":{"rendered":"<p><strong>Queen Mary Sz\u00ednh\u00e1z <\/strong>A nagyv\u00e1radi sz\u00ednh\u00e1z hivatalosan is kihirdeti a R\u00f6vidsz\u00ednh\u00e1zi Fesztiv\u00e1l XXIII. kiad\u00e1s\u00e1nak verseny\u00e9ben r\u00e9szt vev\u0151 el\u0151ad\u00e1sok list\u00e1j\u00e1t. <strong>Nagyv\u00e1radi Nemzetk\u00f6zi Sz\u00ednh\u00e1zi Fesztiv\u00e1l<\/strong>, imm\u00e1r 5. kiad\u00e1s\u00e1n\u00e1l tart, amely 2017. szeptember 24. \u00e9s okt\u00f3ber 1. k\u00f6z\u00f6tt ker\u00fcl megrendez\u00e9sre. A v\u00e1logat\u00e1st id\u00e9n Mircea Morariu sz\u00ednh\u00e1zkritikus v\u00e9gezte.<\/p>\n<p><!--more--><\/p>\n<p style=\"text-align: justify;\"><strong>Az al\u00e1bbi el\u0151ad\u00e1sok tisztelnek meg minket jelenl\u00e9t\u00fckkel a VERSENY szekci\u00f3ban:<\/strong><\/p>\n<ol>\n<li><strong>Egy t\u00f6lgyfa<\/strong>, Tim Crouch, rendezte: Bobi Pricop \u2013 Piatra Neam\u021b Ifj\u00fas\u00e1gi Sz\u00ednh\u00e1z<\/li>\n<li><strong>K\u00d6V\u00c9R DISZN\u00d3<\/strong>, Neil LaBute, rendez\u0151: Laura Moldovan \u2013 &quot;Fani Tardini&quot; Dr\u00e1mai Sz\u00ednh\u00e1z, Gala\u021bi<\/li>\n<li><strong>A KULIN\u00d3,<\/strong> Ronald Harwood, rendez\u0151: Ovidiu Cai\u021ba \u2013 Szatm\u00e1rn\u00e9meti \u00c9szaki Sz\u00ednh\u00e1z<\/li>\n<li><strong>ALVAJ\u00c1R\u00c1S<\/strong>, rendezte: Alexandru M\u00e2zg\u0103reanu \u2013 Nottara Sz\u00ednh\u00e1z\u00a0<\/li>\n<li><strong>H\u00c1ROM M\u00c1SIK N\u0150V\u00c9R,<\/strong> JS Sinisterra ut\u00e1n, rendezte: Antonella Cornici \u2013 ID S\u00eerbu Petro\u0219ani Sz\u00ednh\u00e1z \u00a0<\/li>\n<li><strong>A L\u00c1NYKATON\u00c1N<\/strong>, \u00edrta: Mihaela Michailov, rendezte: Silvia Roman \u2013 &quot;IL Caragiale&quot; Bukaresti Nemzeti Sz\u00ednh\u00e1z\u00a0<\/li>\n<li><strong>A MI V\u00c1ROSUNK,<\/strong> Thornton Wilder darabj\u00e1b\u00f3l adapt\u00e1lt el\u0151ad\u00e1s, Cristian Ban rendez\u00e9s\u00e9ben \u2013 \u201eIoan Slavici\u201d Aradi Klasszikus Sz\u00ednh\u00e1z\u00a0<\/li>\n<li>\u00a0<strong>A MEDVE,<\/strong> A. P. Csehov toll\u00e1b\u00f3l, Felix Alexa rendez\u00e9s\u00e9ben \u2013 Konstancai \u00c1llami Sz\u00ednh\u00e1z<\/li>\n<li>\u00a0<strong>OLEANNA,<\/strong> David Mamet el\u0151ad\u00e1sa, Vlad Cristache rendez\u00e9se \u2013 \u201dJean Bart\u201d Tulcea Sz\u00ednh\u00e1z<\/li>\n<li>\u00a0<strong>MIGR\u00c1NSOK,<\/strong> Matei Vi\u015fniec, rendezte: Ovidiu Cai\u021ba \u2013 West Theater Re\u0219i\u021ba<\/li>\n<li><strong>\u00a0T\u00d6MEG P\u00c4RUT,<\/strong> Alexa B\u0103canu, rendezte: Drago\u0219 Alexandru Mu\u0219oiu \u2013 REACTOR Cluj-Napoca<\/li>\n<li><strong>\u00a0NYITOTT, <\/strong>Ana Cucu Popescu, rendez\u0151: Leta Popescu \u2013 RECIPROCA EGYES\u00dcLET, Kolozsv\u00e1r \u2013 Napoca<\/li>\n<li>\u00a0<strong>SHAKESPEARE, SZONETT 66<\/strong>, rendezte: Kokan Mladenovi\u0107 \u2013 Temesv\u00e1ri \u00c1llami Csiky Gergely Sz\u00ednh\u00e1z\u00a0<\/li>\n<li><strong>\u00a0F\u00c9L DAL<\/strong>, sz\u00f6veg \u00e9s rendez\u0151: Crista Bilciu \u2013 T\u0171zsz\u00ednh\u00e1z, Bukarest<\/li>\n<li><strong>PIRANDELLO K\u00c1V\u00c9Z\u00d3JA, <\/strong>dr\u00e1mai forgat\u00f3k\u00f6nyv: Anca M\u0103niu\u021biu \u2013 Luigi Pirandello sz\u00f6vegei alapj\u00e1n, rendezte: Mihai M\u0103niu\u021biu \u2013 Regina Maria Sz\u00ednh\u00e1z, Nagyv\u00e1rad<\/li>\n<\/ol>\n<p class=\"_2cuy _3dgx\">\u00a0<\/p>\n<div class=\"_1mf _1mj\">A NAGYV\u00c1RADI NEMZETK\u00d6ZI SZ\u00cdNH\u00c1ZI FESZTIV\u00c1L k\u00e9t tov\u00e1bbi szekci\u00f3t is mag\u00e1ban foglal:<\/div>\n<div>\u00a0<\/div>\n<div class=\"_1mf _1mj\"><em><strong>\u00b7 VEND\u00c9GM\u0170SOROK <\/strong><\/em><\/div>\n<ol class=\"_1bv1\">\n<li class=\"_2cuy _509s _3kp_ _3kq0 _3kq1 _3kq6\">\n<p class=\"_1mf _1mj\"><strong>A csokol\u00e1d\u00e9katona<\/strong>, George Bernard Shaw, rendezte: Andrei \u0218erban \u2013 Odeon Sz\u00ednh\u00e1z, Bukarest<\/p>\n<\/li>\n<li class=\"_2cuy _509s _3kp_ _3kq1 _3kq6\">\n<p class=\"_1mf _1mj\"><strong>MINDEN RELAT\u00cdV<\/strong>, Alan Ayckbourn el\u0151ad\u00e1sa, Felix Alexa rendez\u00e9s\u00e9ben \u2013 Nottara Sz\u00ednh\u00e1z Bukarestben<\/p>\n<\/li>\n<li class=\"_2cuy _509s _3kp_ _3kq1 _3kq6\">\n<p class=\"_1mf _1mj\"><strong>BERENGER<\/strong> \u2013 Emil Boroghin\u0103 preambulumbekezd\u00e9s, Eug\u00e8ne Ionesco nyom\u00e1n<\/p>\n<\/li>\n<li class=\"_2cuy _509s _3kp_ _3kq1 _3kq6\">\n<p class=\"_1mf _1mj\"><strong>t\u00fara<\/strong>, \u00edrta Martin Heckmanns, rendezte: Vlad Massaci \u2013 Bukaresti V\u00edgj\u00e1t\u00e9ksz\u00ednh\u00e1z<\/p>\n<\/li>\n<li class=\"_2cuy _509s _3kp_ _3kq1 _3kq6\">\n<p class=\"_1mf _1mj\"><strong>EDMOND,<\/strong> David Mamet alkot\u00e1sa, rendez\u0151: Andrei Dinu \u2013 Nagyb\u00e1nyai V\u00e1rosi Sz\u00ednh\u00e1z<\/p>\n<\/li>\n<li class=\"_2cuy _509s _3kp_ _3kq1 _3kq6\">\n<p class=\"_1mf _1mj\">R<strong>Szarvas Egele, <\/strong>Carlo Gozzi, rendezte: Alexandru Colpacci \u2013 Regina Maria Sz\u00ednh\u00e1z, Nagyv\u00e1rad<\/p>\n<\/li>\n<\/ol>\n<div class=\"_1mf _1mj\" style=\"text-align: justify;\"><em><strong>\u00b7 VERSENYEN K\u00cdV\u00dcLI EL\u0150AD\u00c1SOK<\/strong><\/em><\/div>\n<ol>\n<li class=\"_1mf _1mj\"><strong>\u00dcTK\u00d6Z\u00c9S<\/strong>, rendezte: Dim\u00e9ny Levente \u2013 Nagyv\u00e1radi Szigligeti Sz\u00ednh\u00e1z<\/li>\n<li class=\"_1mf _1mj\"><strong>AZ \u00c9JSZAKA SZ\u00cdV\u00c9BEN \u2013 A LEAR-EPIZ\u00d3D, <\/strong>forgat\u00f3k\u00f6nyv: Gavriil Pinte, bet\u00e9tekkel George Banu \u00e9s Monique Borie, rendez\u0151: Gavriil Pinte \u2013 Regina Maria Sz\u00ednh\u00e1z, Nagyv\u00e1rad<\/li>\n<li class=\"_1mf _1mj\"><strong>A LA MANCHAI F\u00c9RFI<\/strong>, Dale Wasserman musicalje; zene: Mitch Leigh; sz\u00f6veg: Joe Darion, rendezte: Korcsmaros Gy\u00f6rgy \u2013 Regina M\u00e1ria Sz\u00ednh\u00e1z Nagyv\u00e1radi<\/li>\n<li class=\"_1mf _1mj\"><strong>eredeti<\/strong> \u2013 utcai bemutat\u00f3 \u2013 \u201eAurel Manea\u201d Tordai Sz\u00ednh\u00e1z | Mobil Sz\u00ednpad Unirii t\u00e9r<\/li>\n<\/ol>\n<p class=\"_2cuy _3dgx\">\u00a0V\u00e1runk benneteket a fesztiv\u00e1lon!<\/p>","protected":false},"excerpt":{"rendered":"<p>Teatrul Regina Maria din Oradea anun\u0163\u0103 selec\u0163ia oficial\u0103 a spectacolelor care vor participa la cea de XXIII-a edi\u0163ie a Festivalului de Teatru Scurt, sec\u021biunea concurs a Festivalului Interna\u021bional de Teatru Oradea, aflat la cea de-a V-a edi\u021bie, care se va desf\u0103\u0219ura \u00een perioada 24 septembrie \u2013 1 octombrie 2017. Selec\u021bia a fost realizat\u0103 anul acesta [&hellip;]<\/p>\n","protected":false},"author":6,"featured_media":0,"comment_status":"open","ping_status":"open","sticky":false,"template":"","format":"standard","meta":{"_acf_changed":false,"footnotes":""},"categories":[22],"tags":[],"class_list":["post-1231","post","type-post","status-publish","format-standard","hentry","category-noutati-trupa-iosif-vulcan"],"aioseo_notices":[],"aioseo_head":"\n\t\t<!-- All in One SEO Pro 5.0.1.1 - aioseo.com -->\n\t<meta name=\"description\" content=\"Teatrul Regina Maria din Oradea anun\u0163\u0103 selec\u0163ia oficial\u0103 a spectacolelor care vor participa la cea de XXIII-a edi\u0163ie a Festivalului de Teatru Scurt, sec\u021biunea concurs a Festivalului Interna\u021bional de Teatru Oradea, aflat la cea de-a V-a edi\u021bie, care se va desf\u0103\u0219ura \u00een perioada 24 septembrie \u2013 1 octombrie 2017. Selec\u021bia a fost realizat\u0103 anul acesta\" \/>\n\t<meta name=\"robots\" content=\"max-image-preview:large\" \/>\n\t<meta name=\"author\" content=\"Teatrul Regina Maria\"\/>\n\t<link rel=\"canonical\" href=\"https:\/\/www.teatrulreginamaria.ro\/hu\/selectia-oficiala-a-festivalului-de-teatru-scurt-editia-a-xxiii-a-2017\/\" \/>\n\t<meta name=\"generator\" content=\"All in One SEO Pro (AIOSEO) 5.0.1.1\" \/>\n\t\t<meta property=\"og:locale\" content=\"hu_HU\" \/>\n\t\t<meta property=\"og:site_name\" content=\"Teatrul Regina Maria Oradea - Trupa Iosif Vulcan \u0219i Trupa Arcadia\" \/>\n\t\t<meta property=\"og:type\" content=\"article\" \/>\n\t\t<meta property=\"og:title\" content=\"Selec\u021bia oficial\u0103 a Festivalului de Teatru Scurt, edi\u021bia a XXIII-a, 2017 - Teatrul Regina Maria Oradea\" \/>\n\t\t<meta property=\"og:description\" content=\"Teatrul Regina Maria din Oradea anun\u0163\u0103 selec\u0163ia oficial\u0103 a spectacolelor care vor participa la cea de XXIII-a edi\u0163ie a Festivalului de Teatru Scurt, sec\u021biunea concurs a Festivalului Interna\u021bional de Teatru Oradea, aflat la cea de-a V-a edi\u021bie, care se va desf\u0103\u0219ura \u00een perioada 24 septembrie \u2013 1 octombrie 2017. Selec\u021bia a fost realizat\u0103 anul acesta\" \/>\n\t\t<meta property=\"og:url\" content=\"https:\/\/www.teatrulreginamaria.ro\/hu\/selectia-oficiala-a-festivalului-de-teatru-scurt-editia-a-xxiii-a-2017\/\" \/>\n\t\t<meta property=\"og:image\" content=\"https:\/\/www.teatrulreginamaria.ro\/wp-content\/uploads\/2025\/03\/trm-istoric-01.jpg\" \/>\n\t\t<meta property=\"og:image:secure_url\" content=\"https:\/\/www.teatrulreginamaria.ro\/wp-content\/uploads\/2025\/03\/trm-istoric-01.jpg\" \/>\n\t\t<meta property=\"og:image:width\" content=\"1200\" \/>\n\t\t<meta property=\"og:image:height\" content=\"800\" \/>\n\t\t<meta property=\"article:published_time\" content=\"2017-07-17T15:54:50+00:00\" \/>\n\t\t<meta property=\"article:modified_time\" content=\"2017-07-17T15:54:50+00:00\" \/>\n\t\t<meta property=\"article:publisher\" content=\"https:\/\/www.facebook.com\/TRMTrupaIosifVulcan\/\" \/>\n\t\t<meta name=\"twitter:card\" content=\"summary_large_image\" \/>\n\t\t<meta name=\"twitter:site\" content=\"@TRMOradea\" \/>\n\t\t<meta name=\"twitter:title\" content=\"Selec\u021bia oficial\u0103 a Festivalului de Teatru Scurt, edi\u021bia a XXIII-a, 2017 - Teatrul Regina Maria Oradea\" \/>\n\t\t<meta name=\"twitter:description\" content=\"Teatrul Regina Maria din Oradea anun\u0163\u0103 selec\u0163ia oficial\u0103 a spectacolelor care vor participa la cea de XXIII-a edi\u0163ie a Festivalului de Teatru Scurt, sec\u021biunea concurs a Festivalului Interna\u021bional de Teatru Oradea, aflat la cea de-a V-a edi\u021bie, care se va desf\u0103\u0219ura \u00een perioada 24 septembrie \u2013 1 octombrie 2017. Selec\u021bia a fost realizat\u0103 anul acesta\" \/>\n\t\t<meta name=\"twitter:creator\" content=\"@TRMOradea\" \/>\n\t\t<meta name=\"twitter:image\" content=\"https:\/\/www.teatrulreginamaria.ro\/wp-content\/uploads\/2025\/03\/trm-istoric-01.jpg\" \/>\n\t\t<script type=\"application\/ld+json\" class=\"aioseo-schema\">\n\t\t\t{\"@context\":\"https:\\\/\\\/schema.org\",\"@graph\":[{\"@type\":\"BlogPosting\",\"@id\":\"https:\\\/\\\/www.teatrulreginamaria.ro\\\/hu\\\/selectia-oficiala-a-festivalului-de-teatru-scurt-editia-a-xxiii-a-2017\\\/#blogposting\",\"name\":\"Selec\\u021bia oficial\\u0103 a Festivalului de Teatru Scurt, edi\\u021bia a XXIII-a, 2017 - Teatrul Regina Maria Oradea\",\"headline\":\"Selec\\u021bia oficial\\u0103 a Festivalului de Teatru Scurt, edi\\u021bia a XXIII-a, 2017\",\"author\":{\"@id\":\"https:\\\/\\\/www.teatrulreginamaria.ro\\\/hu\\\/author\\\/w3bmaster\\\/#author\"},\"publisher\":{\"@id\":\"https:\\\/\\\/www.teatrulreginamaria.ro\\\/hu\\\/#organization\"},\"image\":{\"@type\":\"ImageObject\",\"url\":\"https:\\\/\\\/www.teatrulreginamaria.ro\\\/wp-content\\\/uploads\\\/2025\\\/06\\\/logo-trm-01-dark.png\",\"@id\":\"https:\\\/\\\/www.teatrulreginamaria.ro\\\/hu\\\/#articleImage\",\"width\":300,\"height\":148},\"datePublished\":\"2017-07-17T15:54:50+03:00\",\"dateModified\":\"2017-07-17T15:54:50+03:00\",\"inLanguage\":\"hu-HU\",\"mainEntityOfPage\":{\"@id\":\"https:\\\/\\\/www.teatrulreginamaria.ro\\\/hu\\\/selectia-oficiala-a-festivalului-de-teatru-scurt-editia-a-xxiii-a-2017\\\/#webpage\"},\"isPartOf\":{\"@id\":\"https:\\\/\\\/www.teatrulreginamaria.ro\\\/hu\\\/selectia-oficiala-a-festivalului-de-teatru-scurt-editia-a-xxiii-a-2017\\\/#webpage\"},\"articleSection\":\"Nout\\u0103\\u021bi - Trupa Iosif Vulcan\"},{\"@type\":\"BreadcrumbList\",\"@id\":\"https:\\\/\\\/www.teatrulreginamaria.ro\\\/hu\\\/selectia-oficiala-a-festivalului-de-teatru-scurt-editia-a-xxiii-a-2017\\\/#breadcrumblist\",\"itemListElement\":[{\"@type\":\"ListItem\",\"@id\":\"https:\\\/\\\/www.teatrulreginamaria.ro\\\/hu#listItem\",\"position\":1,\"name\":\"Home\",\"item\":\"https:\\\/\\\/www.teatrulreginamaria.ro\\\/hu\",\"nextItem\":{\"@type\":\"ListItem\",\"@id\":\"https:\\\/\\\/www.teatrulreginamaria.ro\\\/hu\\\/categorie\\\/noutati\\\/#listItem\",\"name\":\"Nout\\u0103\\u021bi\"}},{\"@type\":\"ListItem\",\"@id\":\"https:\\\/\\\/www.teatrulreginamaria.ro\\\/hu\\\/categorie\\\/noutati\\\/#listItem\",\"position\":2,\"name\":\"Nout\\u0103\\u021bi\",\"item\":\"https:\\\/\\\/www.teatrulreginamaria.ro\\\/hu\\\/categorie\\\/noutati\\\/\",\"nextItem\":{\"@type\":\"ListItem\",\"@id\":\"https:\\\/\\\/www.teatrulreginamaria.ro\\\/hu\\\/categorie\\\/noutati\\\/noutati-trupa-iosif-vulcan\\\/#listItem\",\"name\":\"Nout\\u0103\\u021bi - Trupa Iosif Vulcan\"},\"previousItem\":{\"@type\":\"ListItem\",\"@id\":\"https:\\\/\\\/www.teatrulreginamaria.ro\\\/hu#listItem\",\"name\":\"Home\"}},{\"@type\":\"ListItem\",\"@id\":\"https:\\\/\\\/www.teatrulreginamaria.ro\\\/hu\\\/categorie\\\/noutati\\\/noutati-trupa-iosif-vulcan\\\/#listItem\",\"position\":3,\"name\":\"Nout\\u0103\\u021bi - Trupa Iosif Vulcan\",\"item\":\"https:\\\/\\\/www.teatrulreginamaria.ro\\\/hu\\\/categorie\\\/noutati\\\/noutati-trupa-iosif-vulcan\\\/\",\"nextItem\":{\"@type\":\"ListItem\",\"@id\":\"https:\\\/\\\/www.teatrulreginamaria.ro\\\/hu\\\/selectia-oficiala-a-festivalului-de-teatru-scurt-editia-a-xxiii-a-2017\\\/#listItem\",\"name\":\"Selec\\u021bia oficial\\u0103 a Festivalului de Teatru Scurt, edi\\u021bia a XXIII-a, 2017\"},\"previousItem\":{\"@type\":\"ListItem\",\"@id\":\"https:\\\/\\\/www.teatrulreginamaria.ro\\\/hu\\\/categorie\\\/noutati\\\/#listItem\",\"name\":\"Nout\\u0103\\u021bi\"}},{\"@type\":\"ListItem\",\"@id\":\"https:\\\/\\\/www.teatrulreginamaria.ro\\\/hu\\\/selectia-oficiala-a-festivalului-de-teatru-scurt-editia-a-xxiii-a-2017\\\/#listItem\",\"position\":4,\"name\":\"Selec\\u021bia oficial\\u0103 a Festivalului de Teatru Scurt, edi\\u021bia a XXIII-a, 2017\",\"previousItem\":{\"@type\":\"ListItem\",\"@id\":\"https:\\\/\\\/www.teatrulreginamaria.ro\\\/hu\\\/categorie\\\/noutati\\\/noutati-trupa-iosif-vulcan\\\/#listItem\",\"name\":\"Nout\\u0103\\u021bi - Trupa Iosif Vulcan\"}}]},{\"@type\":\"Organization\",\"@id\":\"https:\\\/\\\/www.teatrulreginamaria.ro\\\/hu\\\/#organization\",\"name\":\"Teatrul Regina Maria Oradea\",\"description\":\"Trupa Iosif Vulcan \\u0219i Trupa Arcadia\",\"url\":\"https:\\\/\\\/www.teatrulreginamaria.ro\\\/hu\\\/\",\"email\":\"marketing@teatrulreginamaria.ro\",\"telephone\":\"+40359411534\",\"numberOfEmployees\":{\"@type\":\"QuantitativeValue\",\"minValue\":0,\"maxValue\":150},\"logo\":{\"@type\":\"ImageObject\",\"url\":\"https:\\\/\\\/www.teatrulreginamaria.ro\\\/wp-content\\\/uploads\\\/2025\\\/06\\\/logo-trm-01-dark.png\",\"@id\":\"https:\\\/\\\/www.teatrulreginamaria.ro\\\/hu\\\/selectia-oficiala-a-festivalului-de-teatru-scurt-editia-a-xxiii-a-2017\\\/#organizationLogo\",\"width\":300,\"height\":148},\"image\":{\"@id\":\"https:\\\/\\\/www.teatrulreginamaria.ro\\\/hu\\\/selectia-oficiala-a-festivalului-de-teatru-scurt-editia-a-xxiii-a-2017\\\/#organizationLogo\"},\"sameAs\":[\"https:\\\/\\\/www.facebook.com\\\/TRMTrupaIosifVulcan\\\/\",\"https:\\\/\\\/x.com\\\/TRMOradea\",\"https:\\\/\\\/www.instagram.com\\\/teatrul_regina_maria\\\/\",\"https:\\\/\\\/www.youtube.com\\\/c\\\/TeatrulReginaMariaOradea\",\"https:\\\/\\\/www.linkedin.com\\\/company\\\/teatrul-regina-maria\"]},{\"@type\":\"Person\",\"@id\":\"https:\\\/\\\/www.teatrulreginamaria.ro\\\/hu\\\/author\\\/w3bmaster\\\/#author\",\"url\":\"https:\\\/\\\/www.teatrulreginamaria.ro\\\/hu\\\/author\\\/w3bmaster\\\/\",\"name\":\"Teatrul Regina Maria\",\"image\":{\"@type\":\"ImageObject\",\"@id\":\"https:\\\/\\\/www.teatrulreginamaria.ro\\\/hu\\\/selectia-oficiala-a-festivalului-de-teatru-scurt-editia-a-xxiii-a-2017\\\/#authorImage\",\"url\":\"https:\\\/\\\/secure.gravatar.com\\\/avatar\\\/5884139d508ae3f0bafe45e60563b48a9640146d3b08ccc6278c305ff9329305?s=96&d=mm&r=g\",\"width\":96,\"height\":96,\"caption\":\"Teatrul Regina Maria\"}},{\"@type\":\"WebPage\",\"@id\":\"https:\\\/\\\/www.teatrulreginamaria.ro\\\/hu\\\/selectia-oficiala-a-festivalului-de-teatru-scurt-editia-a-xxiii-a-2017\\\/#webpage\",\"url\":\"https:\\\/\\\/www.teatrulreginamaria.ro\\\/hu\\\/selectia-oficiala-a-festivalului-de-teatru-scurt-editia-a-xxiii-a-2017\\\/\",\"name\":\"Selec\\u021bia oficial\\u0103 a Festivalului de Teatru Scurt, edi\\u021bia a XXIII-a, 2017 - Teatrul Regina Maria Oradea\",\"description\":\"Teatrul Regina Maria din Oradea anun\\u0163\\u0103 selec\\u0163ia oficial\\u0103 a spectacolelor care vor participa la cea de XXIII-a edi\\u0163ie a Festivalului de Teatru Scurt, sec\\u021biunea concurs a Festivalului Interna\\u021bional de Teatru Oradea, aflat la cea de-a V-a edi\\u021bie, care se va desf\\u0103\\u0219ura \\u00een perioada 24 septembrie \\u2013 1 octombrie 2017. Selec\\u021bia a fost realizat\\u0103 anul acesta\",\"inLanguage\":\"hu-HU\",\"isPartOf\":{\"@id\":\"https:\\\/\\\/www.teatrulreginamaria.ro\\\/hu\\\/#website\"},\"breadcrumb\":{\"@id\":\"https:\\\/\\\/www.teatrulreginamaria.ro\\\/hu\\\/selectia-oficiala-a-festivalului-de-teatru-scurt-editia-a-xxiii-a-2017\\\/#breadcrumblist\"},\"author\":{\"@id\":\"https:\\\/\\\/www.teatrulreginamaria.ro\\\/hu\\\/author\\\/w3bmaster\\\/#author\"},\"creator\":{\"@id\":\"https:\\\/\\\/www.teatrulreginamaria.ro\\\/hu\\\/author\\\/w3bmaster\\\/#author\"},\"datePublished\":\"2017-07-17T15:54:50+03:00\",\"dateModified\":\"2017-07-17T15:54:50+03:00\"},{\"@type\":\"WebSite\",\"@id\":\"https:\\\/\\\/www.teatrulreginamaria.ro\\\/hu\\\/#website\",\"url\":\"https:\\\/\\\/www.teatrulreginamaria.ro\\\/hu\\\/\",\"name\":\"Teatrul Regina Maria Oradea\",\"alternateName\":\"TRM Oradea\",\"description\":\"Trupa Iosif Vulcan \\u0219i Trupa Arcadia\",\"inLanguage\":\"hu-HU\",\"publisher\":{\"@id\":\"https:\\\/\\\/www.teatrulreginamaria.ro\\\/hu\\\/#organization\"}}]}\n\t\t<\/script>\n\t\t<!-- All in One SEO Pro -->\r\n\t\t<title>Selec\u021bia oficial\u0103 a Festivalului de Teatru Scurt, edi\u021bia a XXIII-a, 2017 - Teatrul Regina Maria Oradea<\/title>\n\n","aioseo_head_json":{"title":"A R\u00f6vidsz\u00ednh\u00e1zi Fesztiv\u00e1l hivatalos v\u00e1logat\u00e1s\u00e1n, 23. kiad\u00e1s, 2017 - Regina Maria Sz\u00ednh\u00e1z, Nagyv\u00e1radi","description":"A nagyv\u00e1radi Regina Maria Sz\u00ednh\u00e1z hivatalosan is kihirdette a R\u00f6vidsz\u00ednh\u00e1zi Fesztiv\u00e1l XXIII. kiad\u00e1s\u00e1nak, a Nagyv\u00e1radi Nemzetk\u00f6zi Sz\u00ednh\u00e1zi Fesztiv\u00e1l versenyszekci\u00f3j\u00e1nak 5. kiad\u00e1s\u00e1n r\u00e9szt vev\u0151 el\u0151ad\u00e1sok hivatalos v\u00e1logat\u00e1s\u00e1t, amely 2017. szeptember 24. \u00e9s okt\u00f3ber 1. k\u00f6z\u00f6tt ker\u00fcl megrendez\u00e9sre. A v\u00e1logat\u00e1s id\u00e9n megt\u00f6rt\u00e9nt.","canonical_url":"https:\/\/www.teatrulreginamaria.ro\/hu\/selectia-oficiala-a-festivalului-de-teatru-scurt-editia-a-xxiii-a-2017\/","robots":"max-image-preview:large","keywords":"","webmasterTools":{"miscellaneous":""},"schema":{"@context":"https:\/\/schema.org","@graph":[{"@type":"BlogPosting","@id":"https:\/\/www.teatrulreginamaria.ro\/hu\/selectia-oficiala-a-festivalului-de-teatru-scurt-editia-a-xxiii-a-2017\/#blogposting","name":"Selec\u021bia oficial\u0103 a Festivalului de Teatru Scurt, edi\u021bia a XXIII-a, 2017 - Teatrul Regina Maria Oradea","headline":"Selec\u021bia oficial\u0103 a Festivalului de Teatru Scurt, edi\u021bia a XXIII-a, 2017","author":{"@id":"https:\/\/www.teatrulreginamaria.ro\/hu\/author\/w3bmaster\/#author"},"publisher":{"@id":"https:\/\/www.teatrulreginamaria.ro\/hu\/#organization"},"image":{"@type":"ImageObject","url":"https:\/\/www.teatrulreginamaria.ro\/wp-content\/uploads\/2025\/06\/logo-trm-01-dark.png","@id":"https:\/\/www.teatrulreginamaria.ro\/hu\/#articleImage","width":300,"height":148},"datePublished":"2017-07-17T15:54:50+03:00","dateModified":"2017-07-17T15:54:50+03:00","inLanguage":"hu-HU","mainEntityOfPage":{"@id":"https:\/\/www.teatrulreginamaria.ro\/hu\/selectia-oficiala-a-festivalului-de-teatru-scurt-editia-a-xxiii-a-2017\/#webpage"},"isPartOf":{"@id":"https:\/\/www.teatrulreginamaria.ro\/hu\/selectia-oficiala-a-festivalului-de-teatru-scurt-editia-a-xxiii-a-2017\/#webpage"},"articleSection":"Nout\u0103\u021bi - Trupa Iosif Vulcan"},{"@type":"BreadcrumbList","@id":"https:\/\/www.teatrulreginamaria.ro\/hu\/selectia-oficiala-a-festivalului-de-teatru-scurt-editia-a-xxiii-a-2017\/#breadcrumblist","itemListElement":[{"@type":"ListItem","@id":"https:\/\/www.teatrulreginamaria.ro\/hu#listItem","position":1,"name":"Home","item":"https:\/\/www.teatrulreginamaria.ro\/hu","nextItem":{"@type":"ListItem","@id":"https:\/\/www.teatrulreginamaria.ro\/hu\/categorie\/noutati\/#listItem","name":"Nout\u0103\u021bi"}},{"@type":"ListItem","@id":"https:\/\/www.teatrulreginamaria.ro\/hu\/categorie\/noutati\/#listItem","position":2,"name":"Nout\u0103\u021bi","item":"https:\/\/www.teatrulreginamaria.ro\/hu\/categorie\/noutati\/","nextItem":{"@type":"ListItem","@id":"https:\/\/www.teatrulreginamaria.ro\/hu\/categorie\/noutati\/noutati-trupa-iosif-vulcan\/#listItem","name":"Nout\u0103\u021bi - Trupa Iosif Vulcan"},"previousItem":{"@type":"ListItem","@id":"https:\/\/www.teatrulreginamaria.ro\/hu#listItem","name":"Home"}},{"@type":"ListItem","@id":"https:\/\/www.teatrulreginamaria.ro\/hu\/categorie\/noutati\/noutati-trupa-iosif-vulcan\/#listItem","position":3,"name":"Nout\u0103\u021bi - Trupa Iosif Vulcan","item":"https:\/\/www.teatrulreginamaria.ro\/hu\/categorie\/noutati\/noutati-trupa-iosif-vulcan\/","nextItem":{"@type":"ListItem","@id":"https:\/\/www.teatrulreginamaria.ro\/hu\/selectia-oficiala-a-festivalului-de-teatru-scurt-editia-a-xxiii-a-2017\/#listItem","name":"Selec\u021bia oficial\u0103 a Festivalului de Teatru Scurt, edi\u021bia a XXIII-a, 2017"},"previousItem":{"@type":"ListItem","@id":"https:\/\/www.teatrulreginamaria.ro\/hu\/categorie\/noutati\/#listItem","name":"Nout\u0103\u021bi"}},{"@type":"ListItem","@id":"https:\/\/www.teatrulreginamaria.ro\/hu\/selectia-oficiala-a-festivalului-de-teatru-scurt-editia-a-xxiii-a-2017\/#listItem","position":4,"name":"Selec\u021bia oficial\u0103 a Festivalului de Teatru Scurt, edi\u021bia a XXIII-a, 2017","previousItem":{"@type":"ListItem","@id":"https:\/\/www.teatrulreginamaria.ro\/hu\/categorie\/noutati\/noutati-trupa-iosif-vulcan\/#listItem","name":"Nout\u0103\u021bi - Trupa Iosif Vulcan"}}]},{"@type":"Organization","@id":"https:\/\/www.teatrulreginamaria.ro\/hu\/#organization","name":"Teatrul Regina Maria Oradea","description":"Trupa Iosif Vulcan \u0219i Trupa Arcadia","url":"https:\/\/www.teatrulreginamaria.ro\/hu\/","email":"marketing@teatrulreginamaria.ro","telephone":"+40359411534","numberOfEmployees":{"@type":"QuantitativeValue","minValue":0,"maxValue":150},"logo":{"@type":"ImageObject","url":"https:\/\/www.teatrulreginamaria.ro\/wp-content\/uploads\/2025\/06\/logo-trm-01-dark.png","@id":"https:\/\/www.teatrulreginamaria.ro\/hu\/selectia-oficiala-a-festivalului-de-teatru-scurt-editia-a-xxiii-a-2017\/#organizationLogo","width":300,"height":148},"image":{"@id":"https:\/\/www.teatrulreginamaria.ro\/hu\/selectia-oficiala-a-festivalului-de-teatru-scurt-editia-a-xxiii-a-2017\/#organizationLogo"},"sameAs":["https:\/\/www.facebook.com\/TRMTrupaIosifVulcan\/","https:\/\/x.com\/TRMOradea","https:\/\/www.instagram.com\/teatrul_regina_maria\/","https:\/\/www.youtube.com\/c\/TeatrulReginaMariaOradea","https:\/\/www.linkedin.com\/company\/teatrul-regina-maria"]},{"@type":"Person","@id":"https:\/\/www.teatrulreginamaria.ro\/hu\/author\/w3bmaster\/#author","url":"https:\/\/www.teatrulreginamaria.ro\/hu\/author\/w3bmaster\/","name":"Teatrul Regina Maria","image":{"@type":"ImageObject","@id":"https:\/\/www.teatrulreginamaria.ro\/hu\/selectia-oficiala-a-festivalului-de-teatru-scurt-editia-a-xxiii-a-2017\/#authorImage","url":"https:\/\/secure.gravatar.com\/avatar\/5884139d508ae3f0bafe45e60563b48a9640146d3b08ccc6278c305ff9329305?s=96&d=mm&r=g","width":96,"height":96,"caption":"Teatrul Regina Maria"}},{"@type":"WebPage","@id":"https:\/\/www.teatrulreginamaria.ro\/hu\/selectia-oficiala-a-festivalului-de-teatru-scurt-editia-a-xxiii-a-2017\/#webpage","url":"https:\/\/www.teatrulreginamaria.ro\/hu\/selectia-oficiala-a-festivalului-de-teatru-scurt-editia-a-xxiii-a-2017\/","name":"Selec\u021bia oficial\u0103 a Festivalului de Teatru Scurt, edi\u021bia a XXIII-a, 2017 - Teatrul Regina Maria Oradea","description":"Teatrul Regina Maria din Oradea anun\u0163\u0103 selec\u0163ia oficial\u0103 a spectacolelor care vor participa la cea de XXIII-a edi\u0163ie a Festivalului de Teatru Scurt, sec\u021biunea concurs a Festivalului Interna\u021bional de Teatru Oradea, aflat la cea de-a V-a edi\u021bie, care se va desf\u0103\u0219ura \u00een perioada 24 septembrie \u2013 1 octombrie 2017. Selec\u021bia a fost realizat\u0103 anul acesta","inLanguage":"hu-HU","isPartOf":{"@id":"https:\/\/www.teatrulreginamaria.ro\/hu\/#website"},"breadcrumb":{"@id":"https:\/\/www.teatrulreginamaria.ro\/hu\/selectia-oficiala-a-festivalului-de-teatru-scurt-editia-a-xxiii-a-2017\/#breadcrumblist"},"author":{"@id":"https:\/\/www.teatrulreginamaria.ro\/hu\/author\/w3bmaster\/#author"},"creator":{"@id":"https:\/\/www.teatrulreginamaria.ro\/hu\/author\/w3bmaster\/#author"},"datePublished":"2017-07-17T15:54:50+03:00","dateModified":"2017-07-17T15:54:50+03:00"},{"@type":"WebSite","@id":"https:\/\/www.teatrulreginamaria.ro\/hu\/#website","url":"https:\/\/www.teatrulreginamaria.ro\/hu\/","name":"Teatrul Regina Maria Oradea","alternateName":"TRM Oradea","description":"Trupa Iosif Vulcan \u0219i Trupa Arcadia","inLanguage":"hu-HU","publisher":{"@id":"https:\/\/www.teatrulreginamaria.ro\/hu\/#organization"}}]},"og:locale":"hu_HU","og:site_name":"Teatrul Regina Maria Oradea - Trupa Iosif Vulcan \u0219i Trupa Arcadia","og:type":"article","og:title":"Selec\u021bia oficial\u0103 a Festivalului de Teatru Scurt, edi\u021bia a XXIII-a, 2017 - Teatrul Regina Maria Oradea","og:description":"Teatrul Regina Maria din Oradea anun\u0163\u0103 selec\u0163ia oficial\u0103 a spectacolelor care vor participa la cea de XXIII-a edi\u0163ie a Festivalului de Teatru Scurt, sec\u021biunea concurs a Festivalului Interna\u021bional de Teatru Oradea, aflat la cea de-a V-a edi\u021bie, care se va desf\u0103\u0219ura \u00een perioada 24 septembrie \u2013 1 octombrie 2017. Selec\u021bia a fost realizat\u0103 anul acesta","og:url":"https:\/\/www.teatrulreginamaria.ro\/hu\/selectia-oficiala-a-festivalului-de-teatru-scurt-editia-a-xxiii-a-2017\/","og:image":"https:\/\/www.teatrulreginamaria.ro\/wp-content\/uploads\/2025\/03\/trm-istoric-01.jpg","og:image:secure_url":"https:\/\/www.teatrulreginamaria.ro\/wp-content\/uploads\/2025\/03\/trm-istoric-01.jpg","og:image:width":1200,"og:image:height":800,"article:published_time":"2017-07-17T15:54:50+00:00","article:modified_time":"2017-07-17T15:54:50+00:00","article:publisher":"https:\/\/www.facebook.com\/TRMTrupaIosifVulcan\/","twitter:card":"summary_large_image","twitter:site":"@TRMOradea","twitter:title":"Selec\u021bia oficial\u0103 a Festivalului de Teatru Scurt, edi\u021bia a XXIII-a, 2017 - Teatrul Regina Maria Oradea","twitter:description":"Teatrul Regina Maria din Oradea anun\u0163\u0103 selec\u0163ia oficial\u0103 a spectacolelor care vor participa la cea de XXIII-a edi\u0163ie a Festivalului de Teatru Scurt, sec\u021biunea concurs a Festivalului Interna\u021bional de Teatru Oradea, aflat la cea de-a V-a edi\u021bie, care se va desf\u0103\u0219ura \u00een perioada 24 septembrie \u2013 1 octombrie 2017. Selec\u021bia a fost realizat\u0103 anul acesta","twitter:creator":"@TRMOradea","twitter:image":"https:\/\/www.teatrulreginamaria.ro\/wp-content\/uploads\/2025\/03\/trm-istoric-01.jpg"},"aioseo_meta_data":{"post_id":"1231","title":null,"description":null,"keywords":null,"keyphrases":null,"primary_term":null,"canonical_url":null,"og_title":null,"og_description":null,"og_object_type":"default","og_image_type":"default","og_image_url":null,"og_image_width":null,"og_image_height":null,"og_image_custom_url":null,"og_image_custom_fields":null,"og_video":null,"og_custom_url":null,"og_article_section":null,"og_article_tags":null,"twitter_use_og":false,"twitter_card":"default","twitter_image_type":"default","twitter_image_url":null,"twitter_image_custom_url":null,"twitter_image_custom_fields":null,"twitter_title":null,"twitter_description":null,"schema":{"blockGraphs":[],"customGraphs":[],"default":{"data":{"Article":[],"Course":[],"Dataset":[],"FAQPage":[],"Movie":[],"Person":[],"Product":[],"ProductReview":[],"Car":[],"Recipe":[],"Service":[],"SoftwareApplication":[],"WebPage":[]},"graphName":"","isEnabled":true},"graphs":[]},"schema_type":"default","schema_type_options":null,"pillar_content":false,"robots_default":true,"robots_noindex":false,"robots_noarchive":false,"robots_nosnippet":false,"robots_nofollow":false,"robots_noimageindex":false,"robots_noodp":false,"robots_notranslate":false,"robots_max_snippet":null,"robots_max_videopreview":null,"robots_max_imagepreview":"large","priority":null,"frequency":null,"local_seo":null,"seo_analyzer_scan_date":"2026-05-13 01:42:36","breadcrumb_settings":null,"limit_modified_date":false,"reviewed_by":null,"open_ai":null,"ai":null,"created":"2025-04-09 17:42:40","updated":"2026-05-13 01:42:36","focus_keyword":null,"additional_keywords":null,"truseo_locale":null},"aioseo_breadcrumb":"<div class=\"aioseo-breadcrumbs\"><span class=\"aioseo-breadcrumb\">\n\t<a href=\"https:\/\/www.teatrulreginamaria.ro\/hu\" title=\"Home\">Home<\/a>\n<\/span><span class=\"aioseo-breadcrumb-separator\">&raquo;<\/span><span class=\"aioseo-breadcrumb\">\n\t<a href=\"https:\/\/www.teatrulreginamaria.ro\/hu\/categorie\/noutati\/\" title=\"Nout\u0103\u021bi\">Nout\u0103\u021bi<\/a>\n<\/span><span class=\"aioseo-breadcrumb-separator\">&raquo;<\/span><span class=\"aioseo-breadcrumb\">\n\t<a href=\"https:\/\/www.teatrulreginamaria.ro\/hu\/categorie\/noutati\/noutati-trupa-iosif-vulcan\/\" title=\"Nout\u0103\u021bi - Trupa Iosif Vulcan\">Nout\u0103\u021bi - Trupa Iosif Vulcan<\/a>\n<\/span><span class=\"aioseo-breadcrumb-separator\">&raquo;<\/span><span class=\"aioseo-breadcrumb\">\n\tSelec\u021bia oficial\u0103 a Festivalului de Teatru Scurt, edi\u021bia a XXIII-a, 2017\n<\/span><\/div>","aioseo_breadcrumb_json":[{"label":"Home","link":"https:\/\/www.teatrulreginamaria.ro\/hu"},{"label":"Nout\u0103\u021bi","link":"https:\/\/www.teatrulreginamaria.ro\/hu\/categorie\/noutati\/"},{"label":"Nout\u0103\u021bi - Trupa Iosif Vulcan","link":"https:\/\/www.teatrulreginamaria.ro\/hu\/categorie\/noutati\/noutati-trupa-iosif-vulcan\/"},{"label":"Selec\u021bia oficial\u0103 a Festivalului de Teatru Scurt, edi\u021bia a XXIII-a, 2017","link":"https:\/\/www.teatrulreginamaria.ro\/hu\/selectia-oficiala-a-festivalului-de-teatru-scurt-editia-a-xxiii-a-2017\/"}],"acf":[],"_links":{"self":[{"href":"https:\/\/www.teatrulreginamaria.ro\/hu\/wp-json\/wp\/v2\/posts\/1231","targetHints":{"allow":["GET"]}}],"collection":[{"href":"https:\/\/www.teatrulreginamaria.ro\/hu\/wp-json\/wp\/v2\/posts"}],"about":[{"href":"https:\/\/www.teatrulreginamaria.ro\/hu\/wp-json\/wp\/v2\/types\/post"}],"author":[{"embeddable":true,"href":"https:\/\/www.teatrulreginamaria.ro\/hu\/wp-json\/wp\/v2\/users\/6"}],"replies":[{"embeddable":true,"href":"https:\/\/www.teatrulreginamaria.ro\/hu\/wp-json\/wp\/v2\/comments?post=1231"}],"version-history":[{"count":0,"href":"https:\/\/www.teatrulreginamaria.ro\/hu\/wp-json\/wp\/v2\/posts\/1231\/revisions"}],"wp:attachment":[{"href":"https:\/\/www.teatrulreginamaria.ro\/hu\/wp-json\/wp\/v2\/media?parent=1231"}],"wp:term":[{"taxonomy":"category","embeddable":true,"href":"https:\/\/www.teatrulreginamaria.ro\/hu\/wp-json\/wp\/v2\/categories?post=1231"},{"taxonomy":"post_tag","embeddable":true,"href":"https:\/\/www.teatrulreginamaria.ro\/hu\/wp-json\/wp\/v2\/tags?post=1231"}],"curies":[{"name":"munkaf\u00fczet","href":"https:\/\/api.w.org\/{rel}","templated":true}]}}