{"id":1233,"date":"2017-08-31T06:49:54","date_gmt":"2017-08-31T06:49:54","guid":{"rendered":"https:\/\/teatrulreginamaria.ro\/2017\/08\/31\/comunicat-de-presa-incepe-festivalul-international-de-teatru-oradea\/"},"modified":"2017-08-31T06:49:54","modified_gmt":"2017-08-31T06:49:54","slug":"sajtokozlemeny-elkezdodott-a-nagyvaradi-nemzetkozi-szinhazi-fesztival","status":"publish","type":"post","link":"https:\/\/www.teatrulreginamaria.ro\/hu\/comunicat-de-presa-incepe-festivalul-international-de-teatru-oradea\/","title":{"rendered":"Sajt\u00f3k\u00f6zlem\u00e9ny \u2013 KEZD\u0150DIK A NAGYV\u00c1RADI NEMZETK\u00d6ZI SZ\u00cdNH\u00c1ZI FESZTIV\u00c1L"},"content":{"rendered":"<p>A Regina Maria Sz\u00ednh\u00e1z a Bihar Megyei Tan\u00e1ccsal, a Nagyv\u00e1radi V\u00e1rosh\u00e1z\u00e1val, a FITO Kultur\u00e1lis Alap\u00edtv\u00e1nnyal, a DDIP Bihorral \u00e9s az UNITERrel egy\u00fcttm\u0171k\u00f6dve szervezi meg a NAGYV\u00c1RADI NEMZETK\u00d6ZI SZ\u00cdNH\u00c1ZI FESZTIV\u00c1L 5. kiad\u00e1s\u00e1t szeptember 24. \u00e9s okt\u00f3ber 1. k\u00f6z\u00f6tt.<\/p>\n<p><!--more--><\/p>\n<p style=\"text-align: justify;\">A Nagyv\u00e1radi Sz\u00ednh\u00e1zi Fesztiv\u00e1l egy hagyom\u00e1nyokkal rendelkez\u0151 kultur\u00e1lis esem\u00e9ny, amely az \u00e9vek sor\u00e1n kiv\u00edvta a bihari k\u00f6z\u00f6ns\u00e9g, valamint a sz\u00ednh\u00e1zi emberek elismer\u00e9s\u00e9t, akik lelkesen v\u00e1laszolnak a fesztiv\u00e1lon val\u00f3 r\u00e9szv\u00e9telre ir\u00e1nyul\u00f3 megh\u00edv\u00e1sunkra. Nyolc napra Nagyv\u00e1rad a sz\u00ednh\u00e1zm\u0171v\u00e9szet v\u00e1ros\u00e1v\u00e1 v\u00e1lik, a m\u0171v\u00e9szek \u00e9s a k\u00f6z\u00f6ns\u00e9g tal\u00e1lkoz\u00f3hely\u00e9v\u00e9, ahol az el\u0151ad\u00e1s \u00e9rzelmei \u00e9s a sz\u00ednpad var\u00e1zsa ker\u00fcl a k\u00f6z\u00e9ppontba.<\/p>\n<p style=\"text-align: justify;\">Az idei fesztiv\u00e1l k\u00e9t nagy szekci\u00f3b\u00f3l \u00e1ll: a versenyszekci\u00f3b\u00f3l \u2013 a most 23. alkalommal megrendez\u00e9sre ker\u00fcl\u0151 R\u00f6vidsz\u00ednh\u00e1zi Fesztiv\u00e1lb\u00f3l \u2013, \u00e9s a MEGH\u00cdV\u00c1SOS EL\u0150AD\u00c1SOK szekci\u00f3b\u00f3l \u2013 VERSENYEN K\u00cdV\u00dcLI.<\/p>\n<p style=\"text-align: justify;\">A R\u00f6vidsz\u00ednh\u00e1zi Fesztiv\u00e1lon 14, Mircea Morariu sz\u00ednh\u00e1zkritikus \u00e1ltal kiv\u00e1lasztott el\u0151ad\u00e1s versenyez az orsz\u00e1g sz\u00ednh\u00e1zaib\u00f3l a zs\u0171ri \u00e1ltal felaj\u00e1nlott \u00f6t d\u00edj\u00e9rt, nevezetesen: a legjobb el\u0151ad\u00e1s\u00e9rt, a legjobb rendez\u00e9s\u00e9rt, a legjobb d\u00edszletrajz\u00e9rt, a legjobb sz\u00edn\u00e9sz\u00e9rt \u00e9s a legjobb sz\u00edn\u00e9szn\u0151\u00e9rt j\u00e1r\u00f3 d\u00edj\u00e9rt. A zs\u0171rit Doru Mare\u015f, Ion Parhon \u00e9s Octavian Saiu sz\u00ednh\u00e1zkritikusok alkotj\u00e1k.<\/p>\n<p style=\"text-align: justify;\">A R\u00f6vidsz\u00ednh\u00e1zi Fesztiv\u00e1l r\u00e9sze a \u201eR\u00f6viddaraboknak szentelt dr\u00e1maalkot\u00e1si verseny\u201e is, amelyre 13 sz\u00f6veg \u00e9rkezett. A gy\u0151ztest Elisabeta Pop \u00e9s Claudiu Groza sz\u00ednh\u00e1zkritikusokb\u00f3l, valamint Ioan Moldovan, a \u201eFamilia\u201d magazin f\u0151szerkeszt\u0151j\u00e9b\u0151l \u00e1ll\u00f3 zs\u0171ri v\u00e1lasztja ki.<\/p>\n<p style=\"text-align: justify;\">A Vend\u00e9gm\u0171sorok \u2013 OFF szekci\u00f3ban a nagyv\u00e1radi k\u00f6z\u00f6ns\u00e9g 13 rendk\u00edv\u00fcli el\u0151ad\u00e1st \u00e9lvezhet, melyeket vagy vid\u00e9ki sz\u00ednh\u00e1zak megh\u00edvtak, vagy a nagyv\u00e1radi sz\u00ednh\u00e1z elismert produkci\u00f3i, valamint k\u00e9t koncertet is bemutatnak. A fesztiv\u00e1l szeptember 24-\u00e9n a Regina Maria Sz\u00ednh\u00e1z premierj\u00e9vel, Carlo Gozzi \u201eA szarvaskir\u00e1ly\u201d c\u00edm\u0171 darabj\u00e1val nyitja meg kapuit Alexandru Colpacci rendez\u00e9s\u00e9ben.<\/p>\n<p style=\"text-align: justify;\">Ugyanakkor szeptember 27. \u00e9s okt\u00f3ber 1. k\u00f6z\u00f6tt v\u00e1rjuk Nagyv\u00e1rad lakosait a szabadban, az Unirii t\u00e9ren tal\u00e1lhat\u00f3 Mobil Sz\u00ednpadon megrendez\u00e9sre ker\u00fcl\u0151 h\u00e1rom el\u0151ad\u00e1sra \u00e9s k\u00e9t koncertre, amelyekre a bel\u00e9p\u00e9s ingyenes lesz, azzal a megjegyz\u00e9ssel, hogy az &quot;\u00c9jszaka sz\u00edv\u00e9ben - A Lear-epiz\u00f3d&quot; c\u00edm\u0171 el\u0151ad\u00e1sra a korl\u00e1tozott f\u00e9r\u0151hely miatt el\u0151zetes foglal\u00e1s sz\u00fcks\u00e9ges.<\/p>\n<p style=\"text-align: justify;\">Ahogy azt minden \u00e9vben megszokhattuk a k\u00f6z\u00f6ns\u00e9gt\u0151l, a sz\u00ednh\u00e1zi el\u0151ad\u00e1sok mellett a kult\u00fara szerelmeseit egy sor kapcsol\u00f3d\u00f3 rendezv\u00e9nyre h\u00edvjuk, melyek k\u00f6z\u00f6tt h\u00e1rom k\u00f6nyvbemutat\u00f3 \u00e9s egy Mircea Morariu sz\u00ednh\u00e1zkritikus \u00e1ltal koordin\u00e1lt, az AICT TEATROLOGIE-val egy\u00fcttm\u0171k\u00f6dve szervezett kollokvium is szerepel majd &quot;\u00c9rvek a r\u00f6vid sz\u00ednh\u00e1zi fesztiv\u00e1l mellett. T\u00f6rt\u00e9nelem, fejlem\u00e9nyek, tematikus \u00e9s eszt\u00e9tikai domin\u00e1nsok. Vit\u00e1k&quot; c\u00edmmel.<\/p>\n<p style=\"text-align: justify;\">A FITO 2017 rendezv\u00e9nyei hat k\u00fcl\u00f6nb\u00f6z\u0151 helysz\u00ednen zajlanak majd, a hagyom\u00e1nyos, a Sz\u00ednh\u00e1z nagyterm\u00e9ben \u00e9s az Arcadia Csarnokban megrendezett el\u0151ad\u00e1sokon kereszt\u00fcl, valamint a rendhagy\u00f3 m\u00f3don, a Szakszervezetek Kult\u00farh\u00e1z\u00e1ban, a Bihari Nemzeti Turisztikai Inform\u00e1ci\u00f3s \u00e9s Prom\u00f3ci\u00f3s K\u00f6zpontban, a Szigligeti St\u00fadi\u00f3teremben \u00e9s a szabadt\u00e9ri mobil sz\u00ednpadon bemutatott el\u0151ad\u00e1sokon kereszt\u00fcl.<\/p>\n<p style=\"text-align: justify;\">A Nagyv\u00e1rad egyik legjelent\u0151sebb kultur\u00e1lis esem\u00e9nye, a Nagyv\u00e1radi Nemzetk\u00f6zi Sz\u00ednh\u00e1zi Fesztiv\u00e1l \u00edgy id\u00e9n is \u00f6sszehozza a rom\u00e1n sz\u00ednh\u00e1z nagy neveit, a nagy rendez\u0151k, mint p\u00e9ld\u00e1ul Felix Alexa, Andrei \u015eerban, Bobi Pricop, Vlad Massaci el\u0151ad\u00e1sait\u00f3l kezdve a sz\u00edn\u00e9szekig, mint Florin Dobrovici, Constantin Cotimanis, Procultural, Mircea Diamitrescutrin, szem\u00e9lyis\u00e9gek, k\u00f6zt\u00fck Nicolae Prelipceanu, Alina Epingeac, Florica Ichim, Oana Cristea Grigorescu, Raluca R\u0103dulescu, Zeno Fodor.<\/p>\n<p style=\"text-align: justify;\">Szeretn\u00e9nk megk\u00f6sz\u00f6nni mindenkinek, aki t\u00e1mogatott minket a fesztiv\u00e1l megval\u00f3s\u00edt\u00e1s\u00e1ban, kezdve a Bihar Megyei Tan\u00e1cstal, a Nagyv\u00e1radi V\u00e1rosh\u00e1z\u00e1val, a FITO Kultur\u00e1lis Alap\u00edtv\u00e1nnyal, a DDIP Bihorral, az UNITER-rel, a Raiffeisen Bankkal \u2013 a hivatalos partnerrel, az Inteva Products-szal, a Mic Mobilier Trans-szal, a Varadi\u00e1val, a Lions-szal, a DC-vel, a Hotel Continental-lal, a Farmacia 3-mal, az R&amp;R-rel, a Scal\u00e1val, a Nemzeti Turisztikai Prom\u00f3ci\u00f3s K\u00f6zponttal, a Magnoli\u00e1val \u00e9s az \u00f6sszes m\u00e9diapartnerrel, akik mindig vel\u00fcnk vannak.<\/p>\n<p style=\"text-align: justify;\">Jegyek kaphat\u00f3k a Sz\u00ednh\u00e1zi Jegyirod\u00e1ban keddt\u0151l p\u00e9ntekig 10:00 \u00e9s 19:00 \u00f3ra k\u00f6z\u00f6tt, h\u00e9tv\u00e9g\u00e9n pedig 10:00 \u00e9s 13:00 \u00f3ra k\u00f6z\u00f6tt. Jegyek az el\u0151ad\u00e1s kezdete el\u0151tt egy \u00f3r\u00e1val vagy online is megv\u00e1s\u00e1rolhat\u00f3k a k\u00f6vetkez\u0151 c\u00edmen: <u>www.biletmaster.ro<\/u>Tov\u00e1bbi inform\u00e1ci\u00f3\u00e9rt \u00e9s jegyfoglal\u00e1s\u00e9rt k\u00e9rj\u00fck, h\u00edvja a 0259\/440.742-es telefonsz\u00e1mot.<\/p>\n<p style=\"text-align: justify;\">V\u00e1runk a sz\u00ednh\u00e1zban!<\/p>\n<p>\u00a0<\/p>","protected":false},"excerpt":{"rendered":"<p>A Regina Maria Sz\u00ednh\u00e1z a Bihar Megyei Tan\u00e1ccsal, a Nagyv\u00e1radi V\u00e1rosh\u00e1z\u00e1val, a FITO Kultur\u00e1lis Alap\u00edtv\u00e1nnyal, a DDIP Bihorral \u00e9s az UNITERrel egy\u00fcttm\u0171k\u00f6dve szervezi meg a NAGYV\u00c1RADI NEMZETK\u00d6ZI SZ\u00cdNH\u00c1ZI FESZTIV\u00c1L 5. kiad\u00e1s\u00e1t szeptember 24. \u00e9s okt\u00f3ber 1. k\u00f6z\u00f6tt.<\/p>","protected":false},"author":6,"featured_media":0,"comment_status":"open","ping_status":"open","sticky":false,"template":"","format":"standard","meta":{"_acf_changed":false,"footnotes":""},"categories":[22],"tags":[],"class_list":["post-1233","post","type-post","status-publish","format-standard","hentry","category-noutati-trupa-iosif-vulcan"],"aioseo_notices":[],"aioseo_head":"\n\t\t<!-- All in One SEO Pro 5.0.1.1 - aioseo.com -->\n\t<meta name=\"description\" content=\"Teatrul Regina Maria, \u00een parteneriat cu Consiliul Jude\u0163ean Bihor, Prim\u0103ria Municipiului Oradea, Funda\u0163ia Cultural\u0103 FITO, DDIP Bihor \u015fi UNITER, organizeaz\u0103 \u00een perioada 24 septembrie - 1 octombrie a V-a edi\u0163ie a FESTIVALUL INTERNA\u0162IONAL DE TEATRU ORADEA. Festivalul de teatru or\u0103dean este un eveniment cultural cu tradi\u0163ie, care \u015fi-a c\u00e2\u015ftigat de-a lungul edi\u0163iilor aprecierea publicului bihorean,\" \/>\n\t<meta name=\"robots\" content=\"max-image-preview:large\" \/>\n\t<meta name=\"author\" content=\"Teatrul Regina Maria\"\/>\n\t<link rel=\"canonical\" href=\"https:\/\/www.teatrulreginamaria.ro\/hu\/comunicat-de-presa-incepe-festivalul-international-de-teatru-oradea\/\" \/>\n\t<meta name=\"generator\" content=\"All in One SEO Pro (AIOSEO) 5.0.1.1\" \/>\n\t\t<meta property=\"og:locale\" content=\"hu_HU\" \/>\n\t\t<meta property=\"og:site_name\" content=\"Teatrul Regina Maria Oradea - Trupa Iosif Vulcan \u0219i Trupa Arcadia\" \/>\n\t\t<meta property=\"og:type\" content=\"article\" \/>\n\t\t<meta property=\"og:title\" content=\"Comunicat de pres\u0103 \u2013 \u00ceNCEPE FESTIVALUL INTERNA\u0162IONAL DE TEATRU ORADEA - Teatrul Regina Maria Oradea\" \/>\n\t\t<meta property=\"og:description\" content=\"Teatrul Regina Maria, \u00een parteneriat cu Consiliul Jude\u0163ean Bihor, Prim\u0103ria Municipiului Oradea, Funda\u0163ia Cultural\u0103 FITO, DDIP Bihor \u015fi UNITER, organizeaz\u0103 \u00een perioada 24 septembrie - 1 octombrie a V-a edi\u0163ie a FESTIVALUL INTERNA\u0162IONAL DE TEATRU ORADEA. Festivalul de teatru or\u0103dean este un eveniment cultural cu tradi\u0163ie, care \u015fi-a c\u00e2\u015ftigat de-a lungul edi\u0163iilor aprecierea publicului bihorean,\" \/>\n\t\t<meta property=\"og:url\" content=\"https:\/\/www.teatrulreginamaria.ro\/hu\/comunicat-de-presa-incepe-festivalul-international-de-teatru-oradea\/\" \/>\n\t\t<meta property=\"og:image\" content=\"https:\/\/www.teatrulreginamaria.ro\/wp-content\/uploads\/2025\/03\/trm-istoric-01.jpg\" \/>\n\t\t<meta property=\"og:image:secure_url\" content=\"https:\/\/www.teatrulreginamaria.ro\/wp-content\/uploads\/2025\/03\/trm-istoric-01.jpg\" \/>\n\t\t<meta property=\"og:image:width\" content=\"1200\" \/>\n\t\t<meta property=\"og:image:height\" content=\"800\" \/>\n\t\t<meta property=\"article:published_time\" content=\"2017-08-31T06:49:54+00:00\" \/>\n\t\t<meta property=\"article:modified_time\" content=\"2017-08-31T06:49:54+00:00\" \/>\n\t\t<meta property=\"article:publisher\" content=\"https:\/\/www.facebook.com\/TRMTrupaIosifVulcan\/\" \/>\n\t\t<meta name=\"twitter:card\" content=\"summary_large_image\" \/>\n\t\t<meta name=\"twitter:site\" content=\"@TRMOradea\" \/>\n\t\t<meta name=\"twitter:title\" content=\"Comunicat de pres\u0103 \u2013 \u00ceNCEPE FESTIVALUL INTERNA\u0162IONAL DE TEATRU ORADEA - Teatrul Regina Maria Oradea\" \/>\n\t\t<meta name=\"twitter:description\" content=\"Teatrul Regina Maria, \u00een parteneriat cu Consiliul Jude\u0163ean Bihor, Prim\u0103ria Municipiului Oradea, Funda\u0163ia Cultural\u0103 FITO, DDIP Bihor \u015fi UNITER, organizeaz\u0103 \u00een perioada 24 septembrie - 1 octombrie a V-a edi\u0163ie a FESTIVALUL INTERNA\u0162IONAL DE TEATRU ORADEA. Festivalul de teatru or\u0103dean este un eveniment cultural cu tradi\u0163ie, care \u015fi-a c\u00e2\u015ftigat de-a lungul edi\u0163iilor aprecierea publicului bihorean,\" \/>\n\t\t<meta name=\"twitter:creator\" content=\"@TRMOradea\" \/>\n\t\t<meta name=\"twitter:image\" content=\"https:\/\/www.teatrulreginamaria.ro\/wp-content\/uploads\/2025\/03\/trm-istoric-01.jpg\" \/>\n\t\t<script type=\"application\/ld+json\" class=\"aioseo-schema\">\n\t\t\t{\"@context\":\"https:\\\/\\\/schema.org\",\"@graph\":[{\"@type\":\"BlogPosting\",\"@id\":\"https:\\\/\\\/www.teatrulreginamaria.ro\\\/hu\\\/comunicat-de-presa-incepe-festivalul-international-de-teatru-oradea\\\/#blogposting\",\"name\":\"Comunicat de pres\\u0103 \\u2013 \\u00ceNCEPE FESTIVALUL INTERNA\\u0162IONAL DE TEATRU ORADEA - Teatrul Regina Maria Oradea\",\"headline\":\"Comunicat de pres\\u0103 &#8211; \\u00ceNCEPE FESTIVALUL INTERNA\\u0162IONAL DE TEATRU ORADEA\",\"author\":{\"@id\":\"https:\\\/\\\/www.teatrulreginamaria.ro\\\/hu\\\/author\\\/w3bmaster\\\/#author\"},\"publisher\":{\"@id\":\"https:\\\/\\\/www.teatrulreginamaria.ro\\\/hu\\\/#organization\"},\"image\":{\"@type\":\"ImageObject\",\"url\":\"https:\\\/\\\/www.teatrulreginamaria.ro\\\/wp-content\\\/uploads\\\/2025\\\/06\\\/logo-trm-01-dark.png\",\"@id\":\"https:\\\/\\\/www.teatrulreginamaria.ro\\\/hu\\\/#articleImage\",\"width\":300,\"height\":148},\"datePublished\":\"2017-08-31T06:49:54+03:00\",\"dateModified\":\"2017-08-31T06:49:54+03:00\",\"inLanguage\":\"hu-HU\",\"mainEntityOfPage\":{\"@id\":\"https:\\\/\\\/www.teatrulreginamaria.ro\\\/hu\\\/comunicat-de-presa-incepe-festivalul-international-de-teatru-oradea\\\/#webpage\"},\"isPartOf\":{\"@id\":\"https:\\\/\\\/www.teatrulreginamaria.ro\\\/hu\\\/comunicat-de-presa-incepe-festivalul-international-de-teatru-oradea\\\/#webpage\"},\"articleSection\":\"Nout\\u0103\\u021bi - Trupa Iosif Vulcan\"},{\"@type\":\"BreadcrumbList\",\"@id\":\"https:\\\/\\\/www.teatrulreginamaria.ro\\\/hu\\\/comunicat-de-presa-incepe-festivalul-international-de-teatru-oradea\\\/#breadcrumblist\",\"itemListElement\":[{\"@type\":\"ListItem\",\"@id\":\"https:\\\/\\\/www.teatrulreginamaria.ro\\\/hu#listItem\",\"position\":1,\"name\":\"Home\",\"item\":\"https:\\\/\\\/www.teatrulreginamaria.ro\\\/hu\",\"nextItem\":{\"@type\":\"ListItem\",\"@id\":\"https:\\\/\\\/www.teatrulreginamaria.ro\\\/hu\\\/categorie\\\/noutati\\\/#listItem\",\"name\":\"Nout\\u0103\\u021bi\"}},{\"@type\":\"ListItem\",\"@id\":\"https:\\\/\\\/www.teatrulreginamaria.ro\\\/hu\\\/categorie\\\/noutati\\\/#listItem\",\"position\":2,\"name\":\"Nout\\u0103\\u021bi\",\"item\":\"https:\\\/\\\/www.teatrulreginamaria.ro\\\/hu\\\/categorie\\\/noutati\\\/\",\"nextItem\":{\"@type\":\"ListItem\",\"@id\":\"https:\\\/\\\/www.teatrulreginamaria.ro\\\/hu\\\/categorie\\\/noutati\\\/noutati-trupa-iosif-vulcan\\\/#listItem\",\"name\":\"Nout\\u0103\\u021bi - Trupa Iosif Vulcan\"},\"previousItem\":{\"@type\":\"ListItem\",\"@id\":\"https:\\\/\\\/www.teatrulreginamaria.ro\\\/hu#listItem\",\"name\":\"Home\"}},{\"@type\":\"ListItem\",\"@id\":\"https:\\\/\\\/www.teatrulreginamaria.ro\\\/hu\\\/categorie\\\/noutati\\\/noutati-trupa-iosif-vulcan\\\/#listItem\",\"position\":3,\"name\":\"Nout\\u0103\\u021bi - Trupa Iosif Vulcan\",\"item\":\"https:\\\/\\\/www.teatrulreginamaria.ro\\\/hu\\\/categorie\\\/noutati\\\/noutati-trupa-iosif-vulcan\\\/\",\"nextItem\":{\"@type\":\"ListItem\",\"@id\":\"https:\\\/\\\/www.teatrulreginamaria.ro\\\/hu\\\/comunicat-de-presa-incepe-festivalul-international-de-teatru-oradea\\\/#listItem\",\"name\":\"Comunicat de pres\\u0103 &#8211; \\u00ceNCEPE FESTIVALUL INTERNA\\u0162IONAL DE TEATRU ORADEA\"},\"previousItem\":{\"@type\":\"ListItem\",\"@id\":\"https:\\\/\\\/www.teatrulreginamaria.ro\\\/hu\\\/categorie\\\/noutati\\\/#listItem\",\"name\":\"Nout\\u0103\\u021bi\"}},{\"@type\":\"ListItem\",\"@id\":\"https:\\\/\\\/www.teatrulreginamaria.ro\\\/hu\\\/comunicat-de-presa-incepe-festivalul-international-de-teatru-oradea\\\/#listItem\",\"position\":4,\"name\":\"Comunicat de pres\\u0103 &#8211; \\u00ceNCEPE FESTIVALUL INTERNA\\u0162IONAL DE TEATRU ORADEA\",\"previousItem\":{\"@type\":\"ListItem\",\"@id\":\"https:\\\/\\\/www.teatrulreginamaria.ro\\\/hu\\\/categorie\\\/noutati\\\/noutati-trupa-iosif-vulcan\\\/#listItem\",\"name\":\"Nout\\u0103\\u021bi - Trupa Iosif Vulcan\"}}]},{\"@type\":\"Organization\",\"@id\":\"https:\\\/\\\/www.teatrulreginamaria.ro\\\/hu\\\/#organization\",\"name\":\"Teatrul Regina Maria Oradea\",\"description\":\"Trupa Iosif Vulcan \\u0219i Trupa Arcadia\",\"url\":\"https:\\\/\\\/www.teatrulreginamaria.ro\\\/hu\\\/\",\"email\":\"marketing@teatrulreginamaria.ro\",\"telephone\":\"+40359411534\",\"numberOfEmployees\":{\"@type\":\"QuantitativeValue\",\"minValue\":0,\"maxValue\":150},\"logo\":{\"@type\":\"ImageObject\",\"url\":\"https:\\\/\\\/www.teatrulreginamaria.ro\\\/wp-content\\\/uploads\\\/2025\\\/06\\\/logo-trm-01-dark.png\",\"@id\":\"https:\\\/\\\/www.teatrulreginamaria.ro\\\/hu\\\/comunicat-de-presa-incepe-festivalul-international-de-teatru-oradea\\\/#organizationLogo\",\"width\":300,\"height\":148},\"image\":{\"@id\":\"https:\\\/\\\/www.teatrulreginamaria.ro\\\/hu\\\/comunicat-de-presa-incepe-festivalul-international-de-teatru-oradea\\\/#organizationLogo\"},\"sameAs\":[\"https:\\\/\\\/www.facebook.com\\\/TRMTrupaIosifVulcan\\\/\",\"https:\\\/\\\/x.com\\\/TRMOradea\",\"https:\\\/\\\/www.instagram.com\\\/teatrul_regina_maria\\\/\",\"https:\\\/\\\/www.youtube.com\\\/c\\\/TeatrulReginaMariaOradea\",\"https:\\\/\\\/www.linkedin.com\\\/company\\\/teatrul-regina-maria\"]},{\"@type\":\"Person\",\"@id\":\"https:\\\/\\\/www.teatrulreginamaria.ro\\\/hu\\\/author\\\/w3bmaster\\\/#author\",\"url\":\"https:\\\/\\\/www.teatrulreginamaria.ro\\\/hu\\\/author\\\/w3bmaster\\\/\",\"name\":\"Teatrul Regina Maria\",\"image\":{\"@type\":\"ImageObject\",\"@id\":\"https:\\\/\\\/www.teatrulreginamaria.ro\\\/hu\\\/comunicat-de-presa-incepe-festivalul-international-de-teatru-oradea\\\/#authorImage\",\"url\":\"https:\\\/\\\/secure.gravatar.com\\\/avatar\\\/5884139d508ae3f0bafe45e60563b48a9640146d3b08ccc6278c305ff9329305?s=96&d=mm&r=g\",\"width\":96,\"height\":96,\"caption\":\"Teatrul Regina Maria\"}},{\"@type\":\"WebPage\",\"@id\":\"https:\\\/\\\/www.teatrulreginamaria.ro\\\/hu\\\/comunicat-de-presa-incepe-festivalul-international-de-teatru-oradea\\\/#webpage\",\"url\":\"https:\\\/\\\/www.teatrulreginamaria.ro\\\/hu\\\/comunicat-de-presa-incepe-festivalul-international-de-teatru-oradea\\\/\",\"name\":\"Comunicat de pres\\u0103 \\u2013 \\u00ceNCEPE FESTIVALUL INTERNA\\u0162IONAL DE TEATRU ORADEA - Teatrul Regina Maria Oradea\",\"description\":\"Teatrul Regina Maria, \\u00een parteneriat cu Consiliul Jude\\u0163ean Bihor, Prim\\u0103ria Municipiului Oradea, Funda\\u0163ia Cultural\\u0103 FITO, DDIP Bihor \\u015fi UNITER, organizeaz\\u0103 \\u00een perioada 24 septembrie - 1 octombrie a V-a edi\\u0163ie a FESTIVALUL INTERNA\\u0162IONAL DE TEATRU ORADEA. Festivalul de teatru or\\u0103dean este un eveniment cultural cu tradi\\u0163ie, care \\u015fi-a c\\u00e2\\u015ftigat de-a lungul edi\\u0163iilor aprecierea publicului bihorean,\",\"inLanguage\":\"hu-HU\",\"isPartOf\":{\"@id\":\"https:\\\/\\\/www.teatrulreginamaria.ro\\\/hu\\\/#website\"},\"breadcrumb\":{\"@id\":\"https:\\\/\\\/www.teatrulreginamaria.ro\\\/hu\\\/comunicat-de-presa-incepe-festivalul-international-de-teatru-oradea\\\/#breadcrumblist\"},\"author\":{\"@id\":\"https:\\\/\\\/www.teatrulreginamaria.ro\\\/hu\\\/author\\\/w3bmaster\\\/#author\"},\"creator\":{\"@id\":\"https:\\\/\\\/www.teatrulreginamaria.ro\\\/hu\\\/author\\\/w3bmaster\\\/#author\"},\"datePublished\":\"2017-08-31T06:49:54+03:00\",\"dateModified\":\"2017-08-31T06:49:54+03:00\"},{\"@type\":\"WebSite\",\"@id\":\"https:\\\/\\\/www.teatrulreginamaria.ro\\\/hu\\\/#website\",\"url\":\"https:\\\/\\\/www.teatrulreginamaria.ro\\\/hu\\\/\",\"name\":\"Teatrul Regina Maria Oradea\",\"alternateName\":\"TRM Oradea\",\"description\":\"Trupa Iosif Vulcan \\u0219i Trupa Arcadia\",\"inLanguage\":\"hu-HU\",\"publisher\":{\"@id\":\"https:\\\/\\\/www.teatrulreginamaria.ro\\\/hu\\\/#organization\"}}]}\n\t\t<\/script>\n\t\t<!-- All in One SEO Pro -->\r\n\t\t<title>Comunicat de pres\u0103 \u2013 \u00ceNCEPE FESTIVALUL INTERNA\u0162IONAL DE TEATRU ORADEA - Teatrul Regina Maria Oradea<\/title>\n\n","aioseo_head_json":{"title":"Sajt\u00f3k\u00f6zlem\u00e9ny \u2013 KEZD\u0150DIK A NAGYV\u00c1RADI NEMZETK\u00d6ZI SZ\u00cdNH\u00c1ZI FESZTIV\u00c1L - Regina Maria Oradea Sz\u00ednh\u00e1z","description":"A Regina Maria Sz\u00ednh\u00e1z a Bihar Megyei Tan\u00e1ccsal, a Nagyv\u00e1radi V\u00e1rosh\u00e1z\u00e1val, a FITO Kultur\u00e1lis Alap\u00edtv\u00e1nnyal, a DDIP Bihorral \u00e9s az UNITERrel egy\u00fcttm\u0171k\u00f6dve szeptember 24. \u00e9s okt\u00f3ber 1. k\u00f6z\u00f6tt szervezi meg a NAGYV\u00c1RADI NEMZETK\u00d6ZI SZ\u00cdNH\u00c1ZI FESZTIV\u00c1L 5. kiad\u00e1s\u00e1t. A nagyv\u00e1radi sz\u00ednh\u00e1zi fesztiv\u00e1l egy hagyom\u00e1nyokkal rendelkez\u0151 kultur\u00e1lis esem\u00e9ny, amely az \u00e9vek sor\u00e1n kiv\u00edvta a bihari k\u00f6z\u00f6ns\u00e9g elismer\u00e9s\u00e9t.,","canonical_url":"https:\/\/www.teatrulreginamaria.ro\/hu\/comunicat-de-presa-incepe-festivalul-international-de-teatru-oradea\/","robots":"max-image-preview:large","keywords":"","webmasterTools":{"miscellaneous":""},"schema":{"@context":"https:\/\/schema.org","@graph":[{"@type":"BlogPosting","@id":"https:\/\/www.teatrulreginamaria.ro\/hu\/comunicat-de-presa-incepe-festivalul-international-de-teatru-oradea\/#blogposting","name":"Comunicat de pres\u0103 \u2013 \u00ceNCEPE FESTIVALUL INTERNA\u0162IONAL DE TEATRU ORADEA - Teatrul Regina Maria Oradea","headline":"Comunicat de pres\u0103 &#8211; \u00ceNCEPE FESTIVALUL INTERNA\u0162IONAL DE TEATRU ORADEA","author":{"@id":"https:\/\/www.teatrulreginamaria.ro\/hu\/author\/w3bmaster\/#author"},"publisher":{"@id":"https:\/\/www.teatrulreginamaria.ro\/hu\/#organization"},"image":{"@type":"ImageObject","url":"https:\/\/www.teatrulreginamaria.ro\/wp-content\/uploads\/2025\/06\/logo-trm-01-dark.png","@id":"https:\/\/www.teatrulreginamaria.ro\/hu\/#articleImage","width":300,"height":148},"datePublished":"2017-08-31T06:49:54+03:00","dateModified":"2017-08-31T06:49:54+03:00","inLanguage":"hu-HU","mainEntityOfPage":{"@id":"https:\/\/www.teatrulreginamaria.ro\/hu\/comunicat-de-presa-incepe-festivalul-international-de-teatru-oradea\/#webpage"},"isPartOf":{"@id":"https:\/\/www.teatrulreginamaria.ro\/hu\/comunicat-de-presa-incepe-festivalul-international-de-teatru-oradea\/#webpage"},"articleSection":"Nout\u0103\u021bi - Trupa Iosif Vulcan"},{"@type":"BreadcrumbList","@id":"https:\/\/www.teatrulreginamaria.ro\/hu\/comunicat-de-presa-incepe-festivalul-international-de-teatru-oradea\/#breadcrumblist","itemListElement":[{"@type":"ListItem","@id":"https:\/\/www.teatrulreginamaria.ro\/hu#listItem","position":1,"name":"Home","item":"https:\/\/www.teatrulreginamaria.ro\/hu","nextItem":{"@type":"ListItem","@id":"https:\/\/www.teatrulreginamaria.ro\/hu\/categorie\/noutati\/#listItem","name":"Nout\u0103\u021bi"}},{"@type":"ListItem","@id":"https:\/\/www.teatrulreginamaria.ro\/hu\/categorie\/noutati\/#listItem","position":2,"name":"Nout\u0103\u021bi","item":"https:\/\/www.teatrulreginamaria.ro\/hu\/categorie\/noutati\/","nextItem":{"@type":"ListItem","@id":"https:\/\/www.teatrulreginamaria.ro\/hu\/categorie\/noutati\/noutati-trupa-iosif-vulcan\/#listItem","name":"Nout\u0103\u021bi - Trupa Iosif Vulcan"},"previousItem":{"@type":"ListItem","@id":"https:\/\/www.teatrulreginamaria.ro\/hu#listItem","name":"Home"}},{"@type":"ListItem","@id":"https:\/\/www.teatrulreginamaria.ro\/hu\/categorie\/noutati\/noutati-trupa-iosif-vulcan\/#listItem","position":3,"name":"Nout\u0103\u021bi - Trupa Iosif Vulcan","item":"https:\/\/www.teatrulreginamaria.ro\/hu\/categorie\/noutati\/noutati-trupa-iosif-vulcan\/","nextItem":{"@type":"ListItem","@id":"https:\/\/www.teatrulreginamaria.ro\/hu\/comunicat-de-presa-incepe-festivalul-international-de-teatru-oradea\/#listItem","name":"Comunicat de pres\u0103 &#8211; \u00ceNCEPE FESTIVALUL INTERNA\u0162IONAL DE TEATRU ORADEA"},"previousItem":{"@type":"ListItem","@id":"https:\/\/www.teatrulreginamaria.ro\/hu\/categorie\/noutati\/#listItem","name":"Nout\u0103\u021bi"}},{"@type":"ListItem","@id":"https:\/\/www.teatrulreginamaria.ro\/hu\/comunicat-de-presa-incepe-festivalul-international-de-teatru-oradea\/#listItem","position":4,"name":"Comunicat de pres\u0103 &#8211; \u00ceNCEPE FESTIVALUL INTERNA\u0162IONAL DE TEATRU ORADEA","previousItem":{"@type":"ListItem","@id":"https:\/\/www.teatrulreginamaria.ro\/hu\/categorie\/noutati\/noutati-trupa-iosif-vulcan\/#listItem","name":"Nout\u0103\u021bi - Trupa Iosif Vulcan"}}]},{"@type":"Organization","@id":"https:\/\/www.teatrulreginamaria.ro\/hu\/#organization","name":"Teatrul Regina Maria Oradea","description":"Trupa Iosif Vulcan \u0219i Trupa Arcadia","url":"https:\/\/www.teatrulreginamaria.ro\/hu\/","email":"marketing@teatrulreginamaria.ro","telephone":"+40359411534","numberOfEmployees":{"@type":"QuantitativeValue","minValue":0,"maxValue":150},"logo":{"@type":"ImageObject","url":"https:\/\/www.teatrulreginamaria.ro\/wp-content\/uploads\/2025\/06\/logo-trm-01-dark.png","@id":"https:\/\/www.teatrulreginamaria.ro\/hu\/comunicat-de-presa-incepe-festivalul-international-de-teatru-oradea\/#organizationLogo","width":300,"height":148},"image":{"@id":"https:\/\/www.teatrulreginamaria.ro\/hu\/comunicat-de-presa-incepe-festivalul-international-de-teatru-oradea\/#organizationLogo"},"sameAs":["https:\/\/www.facebook.com\/TRMTrupaIosifVulcan\/","https:\/\/x.com\/TRMOradea","https:\/\/www.instagram.com\/teatrul_regina_maria\/","https:\/\/www.youtube.com\/c\/TeatrulReginaMariaOradea","https:\/\/www.linkedin.com\/company\/teatrul-regina-maria"]},{"@type":"Person","@id":"https:\/\/www.teatrulreginamaria.ro\/hu\/author\/w3bmaster\/#author","url":"https:\/\/www.teatrulreginamaria.ro\/hu\/author\/w3bmaster\/","name":"Teatrul Regina Maria","image":{"@type":"ImageObject","@id":"https:\/\/www.teatrulreginamaria.ro\/hu\/comunicat-de-presa-incepe-festivalul-international-de-teatru-oradea\/#authorImage","url":"https:\/\/secure.gravatar.com\/avatar\/5884139d508ae3f0bafe45e60563b48a9640146d3b08ccc6278c305ff9329305?s=96&d=mm&r=g","width":96,"height":96,"caption":"Teatrul Regina Maria"}},{"@type":"WebPage","@id":"https:\/\/www.teatrulreginamaria.ro\/hu\/comunicat-de-presa-incepe-festivalul-international-de-teatru-oradea\/#webpage","url":"https:\/\/www.teatrulreginamaria.ro\/hu\/comunicat-de-presa-incepe-festivalul-international-de-teatru-oradea\/","name":"Comunicat de pres\u0103 \u2013 \u00ceNCEPE FESTIVALUL INTERNA\u0162IONAL DE TEATRU ORADEA - Teatrul Regina Maria Oradea","description":"Teatrul Regina Maria, \u00een parteneriat cu Consiliul Jude\u0163ean Bihor, Prim\u0103ria Municipiului Oradea, Funda\u0163ia Cultural\u0103 FITO, DDIP Bihor \u015fi UNITER, organizeaz\u0103 \u00een perioada 24 septembrie - 1 octombrie a V-a edi\u0163ie a FESTIVALUL INTERNA\u0162IONAL DE TEATRU ORADEA. Festivalul de teatru or\u0103dean este un eveniment cultural cu tradi\u0163ie, care \u015fi-a c\u00e2\u015ftigat de-a lungul edi\u0163iilor aprecierea publicului bihorean,","inLanguage":"hu-HU","isPartOf":{"@id":"https:\/\/www.teatrulreginamaria.ro\/hu\/#website"},"breadcrumb":{"@id":"https:\/\/www.teatrulreginamaria.ro\/hu\/comunicat-de-presa-incepe-festivalul-international-de-teatru-oradea\/#breadcrumblist"},"author":{"@id":"https:\/\/www.teatrulreginamaria.ro\/hu\/author\/w3bmaster\/#author"},"creator":{"@id":"https:\/\/www.teatrulreginamaria.ro\/hu\/author\/w3bmaster\/#author"},"datePublished":"2017-08-31T06:49:54+03:00","dateModified":"2017-08-31T06:49:54+03:00"},{"@type":"WebSite","@id":"https:\/\/www.teatrulreginamaria.ro\/hu\/#website","url":"https:\/\/www.teatrulreginamaria.ro\/hu\/","name":"Teatrul Regina Maria Oradea","alternateName":"TRM Oradea","description":"Trupa Iosif Vulcan \u0219i Trupa Arcadia","inLanguage":"hu-HU","publisher":{"@id":"https:\/\/www.teatrulreginamaria.ro\/hu\/#organization"}}]},"og:locale":"hu_HU","og:site_name":"Teatrul Regina Maria Oradea - Trupa Iosif Vulcan \u0219i Trupa Arcadia","og:type":"article","og:title":"Comunicat de pres\u0103 \u2013 \u00ceNCEPE FESTIVALUL INTERNA\u0162IONAL DE TEATRU ORADEA - Teatrul Regina Maria Oradea","og:description":"Teatrul Regina Maria, \u00een parteneriat cu Consiliul Jude\u0163ean Bihor, Prim\u0103ria Municipiului Oradea, Funda\u0163ia Cultural\u0103 FITO, DDIP Bihor \u015fi UNITER, organizeaz\u0103 \u00een perioada 24 septembrie - 1 octombrie a V-a edi\u0163ie a FESTIVALUL INTERNA\u0162IONAL DE TEATRU ORADEA. Festivalul de teatru or\u0103dean este un eveniment cultural cu tradi\u0163ie, care \u015fi-a c\u00e2\u015ftigat de-a lungul edi\u0163iilor aprecierea publicului bihorean,","og:url":"https:\/\/www.teatrulreginamaria.ro\/hu\/comunicat-de-presa-incepe-festivalul-international-de-teatru-oradea\/","og:image":"https:\/\/www.teatrulreginamaria.ro\/wp-content\/uploads\/2025\/03\/trm-istoric-01.jpg","og:image:secure_url":"https:\/\/www.teatrulreginamaria.ro\/wp-content\/uploads\/2025\/03\/trm-istoric-01.jpg","og:image:width":1200,"og:image:height":800,"article:published_time":"2017-08-31T06:49:54+00:00","article:modified_time":"2017-08-31T06:49:54+00:00","article:publisher":"https:\/\/www.facebook.com\/TRMTrupaIosifVulcan\/","twitter:card":"summary_large_image","twitter:site":"@TRMOradea","twitter:title":"Comunicat de pres\u0103 \u2013 \u00ceNCEPE FESTIVALUL INTERNA\u0162IONAL DE TEATRU ORADEA - Teatrul Regina Maria Oradea","twitter:description":"Teatrul Regina Maria, \u00een parteneriat cu Consiliul Jude\u0163ean Bihor, Prim\u0103ria Municipiului Oradea, Funda\u0163ia Cultural\u0103 FITO, DDIP Bihor \u015fi UNITER, organizeaz\u0103 \u00een perioada 24 septembrie - 1 octombrie a V-a edi\u0163ie a FESTIVALUL INTERNA\u0162IONAL DE TEATRU ORADEA. Festivalul de teatru or\u0103dean este un eveniment cultural cu tradi\u0163ie, care \u015fi-a c\u00e2\u015ftigat de-a lungul edi\u0163iilor aprecierea publicului bihorean,","twitter:creator":"@TRMOradea","twitter:image":"https:\/\/www.teatrulreginamaria.ro\/wp-content\/uploads\/2025\/03\/trm-istoric-01.jpg"},"aioseo_meta_data":{"post_id":"1233","title":null,"description":null,"keywords":null,"keyphrases":null,"primary_term":null,"canonical_url":null,"og_title":null,"og_description":null,"og_object_type":"default","og_image_type":"default","og_image_url":null,"og_image_width":null,"og_image_height":null,"og_image_custom_url":null,"og_image_custom_fields":null,"og_video":null,"og_custom_url":null,"og_article_section":null,"og_article_tags":null,"twitter_use_og":false,"twitter_card":"default","twitter_image_type":"default","twitter_image_url":null,"twitter_image_custom_url":null,"twitter_image_custom_fields":null,"twitter_title":null,"twitter_description":null,"schema":{"blockGraphs":[],"customGraphs":[],"default":{"data":{"Article":[],"Course":[],"Dataset":[],"FAQPage":[],"Movie":[],"Person":[],"Product":[],"ProductReview":[],"Car":[],"Recipe":[],"Service":[],"SoftwareApplication":[],"WebPage":[]},"graphName":"","isEnabled":true},"graphs":[]},"schema_type":"default","schema_type_options":null,"pillar_content":false,"robots_default":true,"robots_noindex":false,"robots_noarchive":false,"robots_nosnippet":false,"robots_nofollow":false,"robots_noimageindex":false,"robots_noodp":false,"robots_notranslate":false,"robots_max_snippet":null,"robots_max_videopreview":null,"robots_max_imagepreview":"large","priority":null,"frequency":null,"local_seo":null,"seo_analyzer_scan_date":"2026-05-13 01:42:39","breadcrumb_settings":null,"limit_modified_date":false,"reviewed_by":null,"open_ai":null,"ai":null,"created":"2025-04-09 17:42:40","updated":"2026-05-13 01:42:39","focus_keyword":null,"additional_keywords":null,"truseo_locale":null},"aioseo_breadcrumb":"<div class=\"aioseo-breadcrumbs\"><span class=\"aioseo-breadcrumb\">\n\t<a href=\"https:\/\/www.teatrulreginamaria.ro\/hu\" title=\"Home\">Home<\/a>\n<\/span><span class=\"aioseo-breadcrumb-separator\">&raquo;<\/span><span class=\"aioseo-breadcrumb\">\n\t<a href=\"https:\/\/www.teatrulreginamaria.ro\/hu\/categorie\/noutati\/\" title=\"Nout\u0103\u021bi\">Nout\u0103\u021bi<\/a>\n<\/span><span class=\"aioseo-breadcrumb-separator\">&raquo;<\/span><span class=\"aioseo-breadcrumb\">\n\t<a href=\"https:\/\/www.teatrulreginamaria.ro\/hu\/categorie\/noutati\/noutati-trupa-iosif-vulcan\/\" title=\"Nout\u0103\u021bi - Trupa Iosif Vulcan\">Nout\u0103\u021bi - Trupa Iosif Vulcan<\/a>\n<\/span><span class=\"aioseo-breadcrumb-separator\">&raquo;<\/span><span class=\"aioseo-breadcrumb\">\n\tComunicat de pres\u0103 \u2013 \u00ceNCEPE FESTIVALUL INTERNA\u0162IONAL DE TEATRU ORADEA\n<\/span><\/div>","aioseo_breadcrumb_json":[{"label":"Home","link":"https:\/\/www.teatrulreginamaria.ro\/hu"},{"label":"Nout\u0103\u021bi","link":"https:\/\/www.teatrulreginamaria.ro\/hu\/categorie\/noutati\/"},{"label":"Nout\u0103\u021bi - Trupa Iosif Vulcan","link":"https:\/\/www.teatrulreginamaria.ro\/hu\/categorie\/noutati\/noutati-trupa-iosif-vulcan\/"},{"label":"Comunicat de pres\u0103 &#8211; \u00ceNCEPE FESTIVALUL INTERNA\u0162IONAL DE TEATRU ORADEA","link":"https:\/\/www.teatrulreginamaria.ro\/hu\/comunicat-de-presa-incepe-festivalul-international-de-teatru-oradea\/"}],"acf":[],"_links":{"self":[{"href":"https:\/\/www.teatrulreginamaria.ro\/hu\/wp-json\/wp\/v2\/posts\/1233","targetHints":{"allow":["GET"]}}],"collection":[{"href":"https:\/\/www.teatrulreginamaria.ro\/hu\/wp-json\/wp\/v2\/posts"}],"about":[{"href":"https:\/\/www.teatrulreginamaria.ro\/hu\/wp-json\/wp\/v2\/types\/post"}],"author":[{"embeddable":true,"href":"https:\/\/www.teatrulreginamaria.ro\/hu\/wp-json\/wp\/v2\/users\/6"}],"replies":[{"embeddable":true,"href":"https:\/\/www.teatrulreginamaria.ro\/hu\/wp-json\/wp\/v2\/comments?post=1233"}],"version-history":[{"count":0,"href":"https:\/\/www.teatrulreginamaria.ro\/hu\/wp-json\/wp\/v2\/posts\/1233\/revisions"}],"wp:attachment":[{"href":"https:\/\/www.teatrulreginamaria.ro\/hu\/wp-json\/wp\/v2\/media?parent=1233"}],"wp:term":[{"taxonomy":"category","embeddable":true,"href":"https:\/\/www.teatrulreginamaria.ro\/hu\/wp-json\/wp\/v2\/categories?post=1233"},{"taxonomy":"post_tag","embeddable":true,"href":"https:\/\/www.teatrulreginamaria.ro\/hu\/wp-json\/wp\/v2\/tags?post=1233"}],"curies":[{"name":"munkaf\u00fczet","href":"https:\/\/api.w.org\/{rel}","templated":true}]}}