{"id":12345,"date":"2024-12-19T13:30:00","date_gmt":"2024-12-19T11:30:00","guid":{"rendered":"https:\/\/teatrulreginamaria.ro\/?p=12345"},"modified":"2025-04-01T13:32:06","modified_gmt":"2025-04-01T10:32:06","slug":"sajtokozlemeny-a-queen-maria-theatre-a-2024-es-orszagos-premierrel-es-az-esovel-zarja-sami-ibrahim","status":"publish","type":"post","link":"https:\/\/www.teatrulreginamaria.ro\/hu\/comunicat-de-presa-teatrul-regina-maria-incheie-anul-2024-cu-o-premiera-nationala-elif-si-ploaia-de-sami-ibrahim\/","title":{"rendered":"SAJT\u00d3K\u00d6ZLEM\u00c9NY | A Regina Maria Sz\u00ednh\u00e1z orsz\u00e1gos premierrel z\u00e1rja 2024-et: ELIF \u00c9S AZ ES\u0150, Sami Ibrahim"},"content":{"rendered":"<p class=\"wp-block-paragraph\">A Regina Maria Sz\u00ednh\u00e1z Iosif Vulcan t\u00e1rsulata az Alex Ian\u0103\u0219i \u00e1ltal rendezett Sami Ibrahim &quot;Elif \u00e9s az es\u0151&quot; c\u00edm\u0171 el\u0151ad\u00e1s\u00e1nak bemutat\u00f3j\u00e1ra k\u00e9sz\u00fcl december 21-\u00e9n \u00e9s 22-\u00e9n 19 \u00f3r\u00e1t\u00f3l a Transilvania Csarnokban.<\/p>\n\n\n\n<p class=\"wp-block-paragraph\">Sami Ibrahim fiatal londoni \u00edr\u00f3, felfut\u00f3 karrierrel, akit m\u00e1r jel\u00f6ltek&nbsp;<em>D\u00edjak<\/em>&nbsp;<em>Olivier<\/em>&nbsp;Sami Ibrahim olyan t\u00e9m\u00e1kkal foglalkozik sz\u00f6vegeiben, amelyek a kort\u00e1rs s\u00fcrg\u0151s t\u00e1rsadalmi-politikai k\u00e9rd\u00e9sekkel kapcsolatos k\u00e9rd\u00e9seket vetnek fel, megk\u00e9rd\u0151jelezik az \u00e1ltalunk l\u00e9trehozott t\u00e1rsadalmi rendszert, amely n\u00e9ha ellen\u00fcnk fordul, k\u00fcl\u00f6n\u00f6sen, ha tal\u00e1lkozunk&nbsp;<em>M\u00e1s<\/em>.<\/p>\n\n\n\n<!--more-->\n\n\n\n<p class=\"wp-block-paragraph\">Az Elif \u00e9s az es\u0151ben Sami Ibrahim elt\u00e1volodik a realizmus szigor\u00fa strukt\u00far\u00e1it\u00f3l, \u00e9s a mese stilisztik\u00e1j\u00e1t haszn\u00e1lja, hogy a migr\u00e1ci\u00f3r\u00f3l besz\u00e9ljen, arr\u00f3l, hogy a bev\u00e1ndorl\u00f3k nehezen tudnak beilleszkedni egy olyan t\u00e1rsadalomba, ahol gazdas\u00e1gi diktat\u00fara uralkodik, \u00e9s ahol a hib\u00e1s rendszer megtagadja a k\u00edv\u00fclr\u0151l \u00e9rkez\u0151k jog\u00e1t ahhoz, hogy emberk\u00e9nt kezelj\u00e9k \u0151ket.<\/p>\n\n\n\n<p class=\"wp-block-paragraph\">Elif egy bev\u00e1ndorl\u00f3, aki fiatalon elmenek\u00fcl haz\u00e1j\u00e1b\u00f3l a diktat\u00fara miatt, abban a rem\u00e9nyben, hogy tal\u00e1l egy helyet, ahol visszanyerheti l\u00e9tjogosults\u00e1g\u00e1t. De a szabads\u00e1g d\u00e9lib\u00e1bja fokozatosan az \u00e9rv\u00e9nyes\u00edt\u00e9s\u00e9rt folytatott k\u00fczdelemm\u00e9 v\u00e1lik, \u00e9s r\u00e1j\u00f6n, milyen t\u00f6r\u00e9keny a hat\u00e1r a szabads\u00e1g \u00e9s az elnyom\u00e1s k\u00f6z\u00f6tt. Az egyens\u00faly a politikai diktat\u00far\u00e1b\u00f3l a gazdas\u00e1gi diktat\u00far\u00e1ba billen, \u00e9s t\u00fal\u00e9l\u00e9si harc\u00e1ban fokozatosan elnyeli a kimondottan kafkai bev\u00e1ndorl\u00e1si rendszer. A t\u00f6r\u00e9keny megment\u00e9s a t\u00f6rt\u00e9netek erej\u00e9ben rejlik, mint Scheherazade, de a rideg val\u00f3s\u00e1g \u00e1thatja a t\u00f6rt\u00e9net\u00e9t, k\u00fcl\u00f6n\u00f6sen akkor, ha olyan helyzetbe ker\u00fcl, hogy megv\u00e9dje a l\u00e1ny\u00e1t.<\/p>\n\n\n\n<p class=\"wp-block-paragraph\">A m\u0171sor rendez\u0151je, Alex Ian\u0103\u0219i fiatal \u00e9s szenved\u00e9lyes, hat\u00e1rozott eszt\u00e9tikai meggy\u0151z\u0151d\u00e9ssel, aki kijelenti:&nbsp;<em>&quot;...Igyekszem minden t\u0151lem telhet\u0151t megtenni, hogy hasznos sz\u00ednh\u00e1zat alkossak. Olyan sz\u00ednh\u00e1zat, amely nem m\u0171v\u00e9szi gyakorlat, m\u0171v\u00e9szet a m\u0171v\u00e9szet\u00e9rt, menek\u00fcl\u00e9s a val\u00f3s\u00e1gt\u00f3l. Hanem egy olyan sz\u00ednh\u00e1z, amely arra k\u00e9sztet, hogy a val\u00f3s\u00e1gban legy\u00fcnk jelen. Sz\u00ednh\u00e1z, amely felnyitja a n\u00e9z\u0151 szem\u00e9t, amely r\u00e1csod\u00e1lkozik \u00e9s elborzad a val\u00f3s\u00e1gon, amelyben \u00e9l\u00fcnk. Olyan sz\u00ednh\u00e1z, amely arra k\u00e9szteti a n\u00e9z\u0151t, hogy meg\u00e9rtse a t\u00e1rsadalmunk ellentmond\u00e1sait, olyannyira k\u00f6teless\u00e9gnek \u00e9rzik, hogy \u00e1talak\u00edts\u00e1k azt.&quot;<\/em><\/p>\n\n\n\n<p class=\"wp-block-paragraph\">Alex Ian\u0103\u0219i az Elif \u00e9s az es\u0151 c\u00edm\u0171 el\u0151ad\u00e1ssal deb\u00fct\u00e1l a hivat\u00e1sos sz\u00ednh\u00e1zban, a Regina Maria Sz\u00ednh\u00e1z ideiglenes menedzsere, Vikt\u00f3ria Balint megh\u00edv\u00e1s\u00e1ra, miut\u00e1n megn\u00e9zte a TNT fesztiv\u00e1lon bel\u00fcli &quot;Kint, az ajt\u00f3 el\u0151tt&quot; c\u00edm\u0171 aggleg\u00e9nym\u0171sor\u00e1t.&nbsp;<a href=\"https:\/\/tncms.ro\/festivalul-international-al-tinerilor-regizori\/\">Theatre Networking Talents Craiov\u00e1r\u00f3l.<\/a><\/p>\n\n\n\n<p class=\"wp-block-paragraph\">Az el\u0151ad\u00e1s kreat\u00edv csapat\u00e1ban a gr\u00faz sz\u00e1rmaz\u00e1s\u00fa d\u00edszlettervez\u0151, Tinatin Gobejishvili \u00e9s Vlad L\u0103z\u0103rescu f\u00e9nytervez\u0151 is helyet kapott.<\/p>\n\n\n\n<p class=\"wp-block-paragraph\">A szerepl\u0151ket a Iosif Vulcan Troupe sz\u00edn\u00e9szei alkotj\u00e1k: Anda T\u0103m\u0103\u0219anu, Carina Bunea, Ioana Drago\u0219 Gajd\u00f3, George Dometi, Sorin Ionescu, Denisa Irina Vlad, Eugen Neag, Corina Cernea, Angela Tanko, Giorgiana Coman \u00e9s Mihaela Gherdan.<\/p>\n\n\n\n<p class=\"wp-block-paragraph\">\u2026\u2026\u2026\u2026\u2026\u2026\u2026\u2026\u2026\u2026\u2026\u2026\u2026\u2026\u2026\u2026\u2026\u2026\u2026\u2026\u2026\u2026\u2026\u2026\u2026<\/p>\n\n\n\n<p class=\"wp-block-paragraph\">Elif: Anda Tamasanu<br>Liliom: Carina Bunea<br>Tulajdonos: Ioana Drago\u0219 Gajd\u00f3<br>Fia: Dometi Gy\u00f6rgy<br>Dolgoz\u00f3: Sorin Ionescu<br>N\u0151: Denisa Vlad<br>Rend\u0151r: Eugen Neag<br>Regisztr\u00e1torok: Corina Cernea, Angela Tanko, Giorgiana Coman, Mihaela Gherdan&nbsp;<\/p>\n\n\n\n<p class=\"wp-block-paragraph\">Rendez\u0151: Alex Iana\u0219i<br>Forgat\u00f3k\u00f6nyv: Tinatin Gobejishvili<br>Zene: Ovidiu Iloc<br>F\u00e9nytervez\u0151: Vlad L\u0103z\u0103rescu<\/p>\n\n\n\n<p class=\"wp-block-paragraph\">\u2026\u2026\u2026\u2026\u2026\u2026\u2026\u2026\u2026\u2026\u2026\u2026\u2026\u2026\u2026\u2026\u2026\u2026\u2026\u2026\u2026\u2026\u2026\u2026\u2026<\/p>\n\n\n\n<p class=\"wp-block-paragraph\">Az Alex Ian\u0103\u0219i \u00e1ltal rendezett Sami Ibrahim &quot;Elif \u00e9s az es\u0151&quot; c\u00edm\u0171 el\u0151ad\u00e1s\u00e1nak k\u00f6vetkez\u0151 el\u0151ad\u00e1sai janu\u00e1r 21-\u00e9n \u00e9s 22-\u00e9n este 19:00-t\u00f3l a nagyv\u00e1radi Regina Maria Sz\u00ednh\u00e1z nagyterm\u00e9ben.<\/p>\n\n\n\n<p class=\"wp-block-paragraph\">Jegyek v\u00e1s\u00e1rolhat\u00f3k online, az Eventim.ro oldalon (https:\/\/www.eventim.ro\/ro\/bilete\/elif-si-ploaia-oradea-sala-transilvania-657605\/event.html) vagy a sz\u00ednh\u00e1zi \u00fcgyn\u00f6ks\u00e9gn\u00e9l (h\u00e9tf\u0151: 14:00 \u2013 18:00\/kedd: 18:00 \u2013 18:00 \u00f3ra k\u00f6z\u00f6tt) PM\/szerda-p\u00e9ntek: 10:00-14:00 vagy egy \u00f3r\u00e1val az el\u0151ad\u00e1s kezdete el\u0151tt).<\/p>\n\n\n\n<p class=\"wp-block-paragraph\">Szeretettel v\u00e1runk a sz\u00ednh\u00e1zba!<\/p>","protected":false},"excerpt":{"rendered":"<p>Trupa Iosif Vulcan a Teatrului Regina Maria se preg\u0103te\u0219te pentru premiera spectacolului \u201eElif \u0219i ploaia\u201d de Sami Ibrahim, \u00een regia lui Alex Ian\u0103\u0219i, programat\u0103 pe 21 \u0219i 22 decembrie, de la ora 19:00, la Sala Transilvania. Sami Ibrahim este un t\u00e2n\u0103r scriitor londonez, cu o carier\u0103 \u00een ascensiune, fiind deja nominalizat la&nbsp;Premiile&nbsp;Olivier&nbsp;\u0219i primind \u00een 2019 [&hellip;]<\/p>\n","protected":false},"author":6,"featured_media":12346,"comment_status":"open","ping_status":"open","sticky":false,"template":"","format":"standard","meta":{"_acf_changed":false,"footnotes":""},"categories":[41,22],"tags":[],"class_list":["post-12345","post","type-post","status-publish","format-standard","has-post-thumbnail","hentry","category-noutati","category-noutati-trupa-iosif-vulcan"],"aioseo_notices":[],"aioseo_head":"\n\t\t<!-- All in One SEO Pro 5.0.1.1 - aioseo.com -->\n\t<meta name=\"description\" content=\"Trupa Iosif Vulcan a Teatrului Regina Maria se preg\u0103te\u0219te pentru premiera spectacolului \u201eElif \u0219i ploaia\u201d de Sami Ibrahim, \u00een regia lui Alex Ian\u0103\u0219i, programat\u0103 pe 21 \u0219i 22 decembrie, de la ora 19:00, la Sala Transilvania. Sami Ibrahim este un t\u00e2n\u0103r scriitor londonez, cu o carier\u0103 \u00een ascensiune, fiind deja nominalizat la Premiile Olivier \u0219i primind \u00een 2019\" \/>\n\t<meta name=\"robots\" content=\"max-image-preview:large\" \/>\n\t<meta name=\"author\" content=\"Teatrul Regina Maria\"\/>\n\t<link rel=\"canonical\" href=\"https:\/\/www.teatrulreginamaria.ro\/hu\/comunicat-de-presa-teatrul-regina-maria-incheie-anul-2024-cu-o-premiera-nationala-elif-si-ploaia-de-sami-ibrahim\/\" \/>\n\t<meta name=\"generator\" content=\"All in One SEO Pro (AIOSEO) 5.0.1.1\" \/>\n\t\t<meta property=\"og:locale\" content=\"hu_HU\" \/>\n\t\t<meta property=\"og:site_name\" content=\"Teatrul Regina Maria Oradea - Trupa Iosif Vulcan \u0219i Trupa Arcadia\" \/>\n\t\t<meta property=\"og:type\" content=\"article\" \/>\n\t\t<meta property=\"og:title\" content=\"COMUNICAT DE PRES\u0102 | Teatrul Regina Maria \u00eencheie anul 2024 cu o premier\u0103 na\u021bional\u0103: ELIF \u0218I PLOAIA de Sami Ibrahim - Teatrul Regina Maria Oradea\" \/>\n\t\t<meta property=\"og:description\" content=\"Trupa Iosif Vulcan a Teatrului Regina Maria se preg\u0103te\u0219te pentru premiera spectacolului \u201eElif \u0219i ploaia\u201d de Sami Ibrahim, \u00een regia lui Alex Ian\u0103\u0219i, programat\u0103 pe 21 \u0219i 22 decembrie, de la ora 19:00, la Sala Transilvania. Sami Ibrahim este un t\u00e2n\u0103r scriitor londonez, cu o carier\u0103 \u00een ascensiune, fiind deja nominalizat la Premiile Olivier \u0219i primind \u00een 2019\" \/>\n\t\t<meta property=\"og:url\" content=\"https:\/\/www.teatrulreginamaria.ro\/hu\/comunicat-de-presa-teatrul-regina-maria-incheie-anul-2024-cu-o-premiera-nationala-elif-si-ploaia-de-sami-ibrahim\/\" \/>\n\t\t<meta property=\"og:image\" content=\"https:\/\/www.teatrulreginamaria.ro\/wp-content\/uploads\/2025\/03\/trm-istoric-01.jpg\" \/>\n\t\t<meta property=\"og:image:secure_url\" content=\"https:\/\/www.teatrulreginamaria.ro\/wp-content\/uploads\/2025\/03\/trm-istoric-01.jpg\" \/>\n\t\t<meta property=\"og:image:width\" content=\"1200\" \/>\n\t\t<meta property=\"og:image:height\" content=\"800\" \/>\n\t\t<meta property=\"article:published_time\" content=\"2024-12-19T11:30:00+00:00\" \/>\n\t\t<meta property=\"article:modified_time\" content=\"2025-04-01T10:32:06+00:00\" \/>\n\t\t<meta property=\"article:publisher\" content=\"https:\/\/www.facebook.com\/TRMTrupaIosifVulcan\/\" \/>\n\t\t<meta name=\"twitter:card\" content=\"summary_large_image\" \/>\n\t\t<meta name=\"twitter:site\" content=\"@TRMOradea\" \/>\n\t\t<meta name=\"twitter:title\" content=\"COMUNICAT DE PRES\u0102 | Teatrul Regina Maria \u00eencheie anul 2024 cu o premier\u0103 na\u021bional\u0103: ELIF \u0218I PLOAIA de Sami Ibrahim - Teatrul Regina Maria Oradea\" \/>\n\t\t<meta name=\"twitter:description\" content=\"Trupa Iosif Vulcan a Teatrului Regina Maria se preg\u0103te\u0219te pentru premiera spectacolului \u201eElif \u0219i ploaia\u201d de Sami Ibrahim, \u00een regia lui Alex Ian\u0103\u0219i, programat\u0103 pe 21 \u0219i 22 decembrie, de la ora 19:00, la Sala Transilvania. Sami Ibrahim este un t\u00e2n\u0103r scriitor londonez, cu o carier\u0103 \u00een ascensiune, fiind deja nominalizat la Premiile Olivier \u0219i primind \u00een 2019\" \/>\n\t\t<meta name=\"twitter:creator\" content=\"@TRMOradea\" \/>\n\t\t<meta name=\"twitter:image\" content=\"https:\/\/www.teatrulreginamaria.ro\/wp-content\/uploads\/2025\/03\/trm-istoric-01.jpg\" \/>\n\t\t<script type=\"application\/ld+json\" class=\"aioseo-schema\">\n\t\t\t{\"@context\":\"https:\\\/\\\/schema.org\",\"@graph\":[{\"@type\":\"BlogPosting\",\"@id\":\"https:\\\/\\\/www.teatrulreginamaria.ro\\\/hu\\\/comunicat-de-presa-teatrul-regina-maria-incheie-anul-2024-cu-o-premiera-nationala-elif-si-ploaia-de-sami-ibrahim\\\/#blogposting\",\"name\":\"COMUNICAT DE PRES\\u0102 | Teatrul Regina Maria \\u00eencheie anul 2024 cu o premier\\u0103 na\\u021bional\\u0103: ELIF \\u0218I PLOAIA de Sami Ibrahim - Teatrul Regina Maria Oradea\",\"headline\":\"COMUNICAT DE PRES\\u0102 | Teatrul Regina Maria \\u00eencheie anul 2024 cu o premier\\u0103 na\\u021bional\\u0103: ELIF \\u0218I PLOAIA de Sami Ibrahim\",\"author\":{\"@id\":\"https:\\\/\\\/www.teatrulreginamaria.ro\\\/hu\\\/author\\\/w3bmaster\\\/#author\"},\"publisher\":{\"@id\":\"https:\\\/\\\/www.teatrulreginamaria.ro\\\/hu\\\/#organization\"},\"image\":{\"@type\":\"ImageObject\",\"url\":\"https:\\\/\\\/www.teatrulreginamaria.ro\\\/wp-content\\\/uploads\\\/2025\\\/04\\\/Elif-si-ploaia-009-scaled-e1743503477397.jpg\",\"width\":1000,\"height\":1501},\"datePublished\":\"2024-12-19T13:30:00+02:00\",\"dateModified\":\"2025-04-01T13:32:06+03:00\",\"inLanguage\":\"hu-HU\",\"mainEntityOfPage\":{\"@id\":\"https:\\\/\\\/www.teatrulreginamaria.ro\\\/hu\\\/comunicat-de-presa-teatrul-regina-maria-incheie-anul-2024-cu-o-premiera-nationala-elif-si-ploaia-de-sami-ibrahim\\\/#webpage\"},\"isPartOf\":{\"@id\":\"https:\\\/\\\/www.teatrulreginamaria.ro\\\/hu\\\/comunicat-de-presa-teatrul-regina-maria-incheie-anul-2024-cu-o-premiera-nationala-elif-si-ploaia-de-sami-ibrahim\\\/#webpage\"},\"articleSection\":\"Nout\\u0103\\u021bi, Nout\\u0103\\u021bi - Trupa Iosif Vulcan\"},{\"@type\":\"BreadcrumbList\",\"@id\":\"https:\\\/\\\/www.teatrulreginamaria.ro\\\/hu\\\/comunicat-de-presa-teatrul-regina-maria-incheie-anul-2024-cu-o-premiera-nationala-elif-si-ploaia-de-sami-ibrahim\\\/#breadcrumblist\",\"itemListElement\":[{\"@type\":\"ListItem\",\"@id\":\"https:\\\/\\\/www.teatrulreginamaria.ro\\\/hu#listItem\",\"position\":1,\"name\":\"Home\",\"item\":\"https:\\\/\\\/www.teatrulreginamaria.ro\\\/hu\",\"nextItem\":{\"@type\":\"ListItem\",\"@id\":\"https:\\\/\\\/www.teatrulreginamaria.ro\\\/hu\\\/categorie\\\/noutati\\\/#listItem\",\"name\":\"Nout\\u0103\\u021bi\"}},{\"@type\":\"ListItem\",\"@id\":\"https:\\\/\\\/www.teatrulreginamaria.ro\\\/hu\\\/categorie\\\/noutati\\\/#listItem\",\"position\":2,\"name\":\"Nout\\u0103\\u021bi\",\"item\":\"https:\\\/\\\/www.teatrulreginamaria.ro\\\/hu\\\/categorie\\\/noutati\\\/\",\"nextItem\":{\"@type\":\"ListItem\",\"@id\":\"https:\\\/\\\/www.teatrulreginamaria.ro\\\/hu\\\/categorie\\\/noutati\\\/noutati-trupa-iosif-vulcan\\\/#listItem\",\"name\":\"Nout\\u0103\\u021bi - Trupa Iosif Vulcan\"},\"previousItem\":{\"@type\":\"ListItem\",\"@id\":\"https:\\\/\\\/www.teatrulreginamaria.ro\\\/hu#listItem\",\"name\":\"Home\"}},{\"@type\":\"ListItem\",\"@id\":\"https:\\\/\\\/www.teatrulreginamaria.ro\\\/hu\\\/categorie\\\/noutati\\\/noutati-trupa-iosif-vulcan\\\/#listItem\",\"position\":3,\"name\":\"Nout\\u0103\\u021bi - Trupa Iosif Vulcan\",\"item\":\"https:\\\/\\\/www.teatrulreginamaria.ro\\\/hu\\\/categorie\\\/noutati\\\/noutati-trupa-iosif-vulcan\\\/\",\"nextItem\":{\"@type\":\"ListItem\",\"@id\":\"https:\\\/\\\/www.teatrulreginamaria.ro\\\/hu\\\/comunicat-de-presa-teatrul-regina-maria-incheie-anul-2024-cu-o-premiera-nationala-elif-si-ploaia-de-sami-ibrahim\\\/#listItem\",\"name\":\"COMUNICAT DE PRES\\u0102 | Teatrul Regina Maria \\u00eencheie anul 2024 cu o premier\\u0103 na\\u021bional\\u0103: ELIF \\u0218I PLOAIA de Sami Ibrahim\"},\"previousItem\":{\"@type\":\"ListItem\",\"@id\":\"https:\\\/\\\/www.teatrulreginamaria.ro\\\/hu\\\/categorie\\\/noutati\\\/#listItem\",\"name\":\"Nout\\u0103\\u021bi\"}},{\"@type\":\"ListItem\",\"@id\":\"https:\\\/\\\/www.teatrulreginamaria.ro\\\/hu\\\/comunicat-de-presa-teatrul-regina-maria-incheie-anul-2024-cu-o-premiera-nationala-elif-si-ploaia-de-sami-ibrahim\\\/#listItem\",\"position\":4,\"name\":\"COMUNICAT DE PRES\\u0102 | Teatrul Regina Maria \\u00eencheie anul 2024 cu o premier\\u0103 na\\u021bional\\u0103: ELIF \\u0218I PLOAIA de Sami Ibrahim\",\"previousItem\":{\"@type\":\"ListItem\",\"@id\":\"https:\\\/\\\/www.teatrulreginamaria.ro\\\/hu\\\/categorie\\\/noutati\\\/noutati-trupa-iosif-vulcan\\\/#listItem\",\"name\":\"Nout\\u0103\\u021bi - Trupa Iosif Vulcan\"}}]},{\"@type\":\"Organization\",\"@id\":\"https:\\\/\\\/www.teatrulreginamaria.ro\\\/hu\\\/#organization\",\"name\":\"Teatrul Regina Maria Oradea\",\"description\":\"Trupa Iosif Vulcan \\u0219i Trupa Arcadia\",\"url\":\"https:\\\/\\\/www.teatrulreginamaria.ro\\\/hu\\\/\",\"email\":\"marketing@teatrulreginamaria.ro\",\"telephone\":\"+40359411534\",\"numberOfEmployees\":{\"@type\":\"QuantitativeValue\",\"minValue\":0,\"maxValue\":150},\"logo\":{\"@type\":\"ImageObject\",\"url\":\"https:\\\/\\\/www.teatrulreginamaria.ro\\\/wp-content\\\/uploads\\\/2025\\\/06\\\/logo-trm-01-dark.png\",\"@id\":\"https:\\\/\\\/www.teatrulreginamaria.ro\\\/hu\\\/comunicat-de-presa-teatrul-regina-maria-incheie-anul-2024-cu-o-premiera-nationala-elif-si-ploaia-de-sami-ibrahim\\\/#organizationLogo\",\"width\":300,\"height\":148},\"image\":{\"@id\":\"https:\\\/\\\/www.teatrulreginamaria.ro\\\/hu\\\/comunicat-de-presa-teatrul-regina-maria-incheie-anul-2024-cu-o-premiera-nationala-elif-si-ploaia-de-sami-ibrahim\\\/#organizationLogo\"},\"sameAs\":[\"https:\\\/\\\/www.facebook.com\\\/TRMTrupaIosifVulcan\\\/\",\"https:\\\/\\\/x.com\\\/TRMOradea\",\"https:\\\/\\\/www.instagram.com\\\/teatrul_regina_maria\\\/\",\"https:\\\/\\\/www.youtube.com\\\/c\\\/TeatrulReginaMariaOradea\",\"https:\\\/\\\/www.linkedin.com\\\/company\\\/teatrul-regina-maria\"]},{\"@type\":\"Person\",\"@id\":\"https:\\\/\\\/www.teatrulreginamaria.ro\\\/hu\\\/author\\\/w3bmaster\\\/#author\",\"url\":\"https:\\\/\\\/www.teatrulreginamaria.ro\\\/hu\\\/author\\\/w3bmaster\\\/\",\"name\":\"Teatrul Regina Maria\",\"image\":{\"@type\":\"ImageObject\",\"@id\":\"https:\\\/\\\/www.teatrulreginamaria.ro\\\/hu\\\/comunicat-de-presa-teatrul-regina-maria-incheie-anul-2024-cu-o-premiera-nationala-elif-si-ploaia-de-sami-ibrahim\\\/#authorImage\",\"url\":\"https:\\\/\\\/secure.gravatar.com\\\/avatar\\\/5884139d508ae3f0bafe45e60563b48a9640146d3b08ccc6278c305ff9329305?s=96&d=mm&r=g\",\"width\":96,\"height\":96,\"caption\":\"Teatrul Regina Maria\"}},{\"@type\":\"WebPage\",\"@id\":\"https:\\\/\\\/www.teatrulreginamaria.ro\\\/hu\\\/comunicat-de-presa-teatrul-regina-maria-incheie-anul-2024-cu-o-premiera-nationala-elif-si-ploaia-de-sami-ibrahim\\\/#webpage\",\"url\":\"https:\\\/\\\/www.teatrulreginamaria.ro\\\/hu\\\/comunicat-de-presa-teatrul-regina-maria-incheie-anul-2024-cu-o-premiera-nationala-elif-si-ploaia-de-sami-ibrahim\\\/\",\"name\":\"COMUNICAT DE PRES\\u0102 | Teatrul Regina Maria \\u00eencheie anul 2024 cu o premier\\u0103 na\\u021bional\\u0103: ELIF \\u0218I PLOAIA de Sami Ibrahim - Teatrul Regina Maria Oradea\",\"description\":\"Trupa Iosif Vulcan a Teatrului Regina Maria se preg\\u0103te\\u0219te pentru premiera spectacolului \\u201eElif \\u0219i ploaia\\u201d de Sami Ibrahim, \\u00een regia lui Alex Ian\\u0103\\u0219i, programat\\u0103 pe 21 \\u0219i 22 decembrie, de la ora 19:00, la Sala Transilvania. Sami Ibrahim este un t\\u00e2n\\u0103r scriitor londonez, cu o carier\\u0103 \\u00een ascensiune, fiind deja nominalizat la Premiile Olivier \\u0219i primind \\u00een 2019\",\"inLanguage\":\"hu-HU\",\"isPartOf\":{\"@id\":\"https:\\\/\\\/www.teatrulreginamaria.ro\\\/hu\\\/#website\"},\"breadcrumb\":{\"@id\":\"https:\\\/\\\/www.teatrulreginamaria.ro\\\/hu\\\/comunicat-de-presa-teatrul-regina-maria-incheie-anul-2024-cu-o-premiera-nationala-elif-si-ploaia-de-sami-ibrahim\\\/#breadcrumblist\"},\"author\":{\"@id\":\"https:\\\/\\\/www.teatrulreginamaria.ro\\\/hu\\\/author\\\/w3bmaster\\\/#author\"},\"creator\":{\"@id\":\"https:\\\/\\\/www.teatrulreginamaria.ro\\\/hu\\\/author\\\/w3bmaster\\\/#author\"},\"image\":{\"@type\":\"ImageObject\",\"url\":\"https:\\\/\\\/www.teatrulreginamaria.ro\\\/wp-content\\\/uploads\\\/2025\\\/04\\\/Elif-si-ploaia-009-scaled-e1743503477397.jpg\",\"@id\":\"https:\\\/\\\/www.teatrulreginamaria.ro\\\/hu\\\/comunicat-de-presa-teatrul-regina-maria-incheie-anul-2024-cu-o-premiera-nationala-elif-si-ploaia-de-sami-ibrahim\\\/#mainImage\",\"width\":1000,\"height\":1501},\"primaryImageOfPage\":{\"@id\":\"https:\\\/\\\/www.teatrulreginamaria.ro\\\/hu\\\/comunicat-de-presa-teatrul-regina-maria-incheie-anul-2024-cu-o-premiera-nationala-elif-si-ploaia-de-sami-ibrahim\\\/#mainImage\"},\"datePublished\":\"2024-12-19T13:30:00+02:00\",\"dateModified\":\"2025-04-01T13:32:06+03:00\"},{\"@type\":\"WebSite\",\"@id\":\"https:\\\/\\\/www.teatrulreginamaria.ro\\\/hu\\\/#website\",\"url\":\"https:\\\/\\\/www.teatrulreginamaria.ro\\\/hu\\\/\",\"name\":\"Teatrul Regina Maria Oradea\",\"alternateName\":\"TRM Oradea\",\"description\":\"Trupa Iosif Vulcan \\u0219i Trupa Arcadia\",\"inLanguage\":\"hu-HU\",\"publisher\":{\"@id\":\"https:\\\/\\\/www.teatrulreginamaria.ro\\\/hu\\\/#organization\"}}]}\n\t\t<\/script>\n\t\t<!-- All in One SEO Pro -->\r\n\t\t<title>COMUNICAT DE PRES\u0102 | Teatrul Regina Maria \u00eencheie anul 2024 cu o premier\u0103 na\u021bional\u0103: ELIF \u0218I PLOAIA de Sami Ibrahim - Teatrul Regina Maria Oradea<\/title>\n\n","aioseo_head_json":{"title":"SAJT\u00d3K\u00d6ZLEM\u00c9NY | A Regina Maria Sz\u00ednh\u00e1z orsz\u00e1gos premierrel z\u00e1rja 2024-ben: ELIF \u00c9S AZ ES\u0150, Sami Ibrahim - A nagyv\u00e1radi Regina Maria Sz\u00ednh\u00e1z","description":"A Regina Maria Sz\u00ednh\u00e1z Iosif Vulcan t\u00e1rsulata az Alex Ian\u0103\u0219i \u00e1ltal rendezett Sami Ibrahim &quot;Elif \u00e9s az es\u0151&quot; c\u00edm\u0171 el\u0151ad\u00e1s\u00e1nak bemutat\u00f3j\u00e1ra k\u00e9sz\u00fcl december 21-\u00e9n \u00e9s 22-\u00e9n 19 \u00f3r\u00e1t\u00f3l a Transilvania Csarnokban. Sami Ibrahim fiatal londoni \u00edr\u00f3, felt\u00f6rekv\u0151 karrierje, akit m\u00e1r jel\u00f6ltek az Olivier-d\u00edjra, \u00e9s 2019-ben megkapta.","canonical_url":"https:\/\/www.teatrulreginamaria.ro\/hu\/comunicat-de-presa-teatrul-regina-maria-incheie-anul-2024-cu-o-premiera-nationala-elif-si-ploaia-de-sami-ibrahim\/","robots":"max-image-preview:large","keywords":"","webmasterTools":{"miscellaneous":""},"schema":{"@context":"https:\/\/schema.org","@graph":[{"@type":"BlogPosting","@id":"https:\/\/www.teatrulreginamaria.ro\/hu\/comunicat-de-presa-teatrul-regina-maria-incheie-anul-2024-cu-o-premiera-nationala-elif-si-ploaia-de-sami-ibrahim\/#blogposting","name":"COMUNICAT DE PRES\u0102 | Teatrul Regina Maria \u00eencheie anul 2024 cu o premier\u0103 na\u021bional\u0103: ELIF \u0218I PLOAIA de Sami Ibrahim - Teatrul Regina Maria Oradea","headline":"COMUNICAT DE PRES\u0102 | Teatrul Regina Maria \u00eencheie anul 2024 cu o premier\u0103 na\u021bional\u0103: ELIF \u0218I PLOAIA de Sami Ibrahim","author":{"@id":"https:\/\/www.teatrulreginamaria.ro\/hu\/author\/w3bmaster\/#author"},"publisher":{"@id":"https:\/\/www.teatrulreginamaria.ro\/hu\/#organization"},"image":{"@type":"ImageObject","url":"https:\/\/www.teatrulreginamaria.ro\/wp-content\/uploads\/2025\/04\/Elif-si-ploaia-009-scaled-e1743503477397.jpg","width":1000,"height":1501},"datePublished":"2024-12-19T13:30:00+02:00","dateModified":"2025-04-01T13:32:06+03:00","inLanguage":"hu-HU","mainEntityOfPage":{"@id":"https:\/\/www.teatrulreginamaria.ro\/hu\/comunicat-de-presa-teatrul-regina-maria-incheie-anul-2024-cu-o-premiera-nationala-elif-si-ploaia-de-sami-ibrahim\/#webpage"},"isPartOf":{"@id":"https:\/\/www.teatrulreginamaria.ro\/hu\/comunicat-de-presa-teatrul-regina-maria-incheie-anul-2024-cu-o-premiera-nationala-elif-si-ploaia-de-sami-ibrahim\/#webpage"},"articleSection":"Nout\u0103\u021bi, Nout\u0103\u021bi - Trupa Iosif Vulcan"},{"@type":"BreadcrumbList","@id":"https:\/\/www.teatrulreginamaria.ro\/hu\/comunicat-de-presa-teatrul-regina-maria-incheie-anul-2024-cu-o-premiera-nationala-elif-si-ploaia-de-sami-ibrahim\/#breadcrumblist","itemListElement":[{"@type":"ListItem","@id":"https:\/\/www.teatrulreginamaria.ro\/hu#listItem","position":1,"name":"Home","item":"https:\/\/www.teatrulreginamaria.ro\/hu","nextItem":{"@type":"ListItem","@id":"https:\/\/www.teatrulreginamaria.ro\/hu\/categorie\/noutati\/#listItem","name":"Nout\u0103\u021bi"}},{"@type":"ListItem","@id":"https:\/\/www.teatrulreginamaria.ro\/hu\/categorie\/noutati\/#listItem","position":2,"name":"Nout\u0103\u021bi","item":"https:\/\/www.teatrulreginamaria.ro\/hu\/categorie\/noutati\/","nextItem":{"@type":"ListItem","@id":"https:\/\/www.teatrulreginamaria.ro\/hu\/categorie\/noutati\/noutati-trupa-iosif-vulcan\/#listItem","name":"Nout\u0103\u021bi - Trupa Iosif Vulcan"},"previousItem":{"@type":"ListItem","@id":"https:\/\/www.teatrulreginamaria.ro\/hu#listItem","name":"Home"}},{"@type":"ListItem","@id":"https:\/\/www.teatrulreginamaria.ro\/hu\/categorie\/noutati\/noutati-trupa-iosif-vulcan\/#listItem","position":3,"name":"Nout\u0103\u021bi - Trupa Iosif Vulcan","item":"https:\/\/www.teatrulreginamaria.ro\/hu\/categorie\/noutati\/noutati-trupa-iosif-vulcan\/","nextItem":{"@type":"ListItem","@id":"https:\/\/www.teatrulreginamaria.ro\/hu\/comunicat-de-presa-teatrul-regina-maria-incheie-anul-2024-cu-o-premiera-nationala-elif-si-ploaia-de-sami-ibrahim\/#listItem","name":"COMUNICAT DE PRES\u0102 | Teatrul Regina Maria \u00eencheie anul 2024 cu o premier\u0103 na\u021bional\u0103: ELIF \u0218I PLOAIA de Sami Ibrahim"},"previousItem":{"@type":"ListItem","@id":"https:\/\/www.teatrulreginamaria.ro\/hu\/categorie\/noutati\/#listItem","name":"Nout\u0103\u021bi"}},{"@type":"ListItem","@id":"https:\/\/www.teatrulreginamaria.ro\/hu\/comunicat-de-presa-teatrul-regina-maria-incheie-anul-2024-cu-o-premiera-nationala-elif-si-ploaia-de-sami-ibrahim\/#listItem","position":4,"name":"COMUNICAT DE PRES\u0102 | Teatrul Regina Maria \u00eencheie anul 2024 cu o premier\u0103 na\u021bional\u0103: ELIF \u0218I PLOAIA de Sami Ibrahim","previousItem":{"@type":"ListItem","@id":"https:\/\/www.teatrulreginamaria.ro\/hu\/categorie\/noutati\/noutati-trupa-iosif-vulcan\/#listItem","name":"Nout\u0103\u021bi - Trupa Iosif Vulcan"}}]},{"@type":"Organization","@id":"https:\/\/www.teatrulreginamaria.ro\/hu\/#organization","name":"Teatrul Regina Maria Oradea","description":"Trupa Iosif Vulcan \u0219i Trupa Arcadia","url":"https:\/\/www.teatrulreginamaria.ro\/hu\/","email":"marketing@teatrulreginamaria.ro","telephone":"+40359411534","numberOfEmployees":{"@type":"QuantitativeValue","minValue":0,"maxValue":150},"logo":{"@type":"ImageObject","url":"https:\/\/www.teatrulreginamaria.ro\/wp-content\/uploads\/2025\/06\/logo-trm-01-dark.png","@id":"https:\/\/www.teatrulreginamaria.ro\/hu\/comunicat-de-presa-teatrul-regina-maria-incheie-anul-2024-cu-o-premiera-nationala-elif-si-ploaia-de-sami-ibrahim\/#organizationLogo","width":300,"height":148},"image":{"@id":"https:\/\/www.teatrulreginamaria.ro\/hu\/comunicat-de-presa-teatrul-regina-maria-incheie-anul-2024-cu-o-premiera-nationala-elif-si-ploaia-de-sami-ibrahim\/#organizationLogo"},"sameAs":["https:\/\/www.facebook.com\/TRMTrupaIosifVulcan\/","https:\/\/x.com\/TRMOradea","https:\/\/www.instagram.com\/teatrul_regina_maria\/","https:\/\/www.youtube.com\/c\/TeatrulReginaMariaOradea","https:\/\/www.linkedin.com\/company\/teatrul-regina-maria"]},{"@type":"Person","@id":"https:\/\/www.teatrulreginamaria.ro\/hu\/author\/w3bmaster\/#author","url":"https:\/\/www.teatrulreginamaria.ro\/hu\/author\/w3bmaster\/","name":"Teatrul Regina Maria","image":{"@type":"ImageObject","@id":"https:\/\/www.teatrulreginamaria.ro\/hu\/comunicat-de-presa-teatrul-regina-maria-incheie-anul-2024-cu-o-premiera-nationala-elif-si-ploaia-de-sami-ibrahim\/#authorImage","url":"https:\/\/secure.gravatar.com\/avatar\/5884139d508ae3f0bafe45e60563b48a9640146d3b08ccc6278c305ff9329305?s=96&d=mm&r=g","width":96,"height":96,"caption":"Teatrul Regina Maria"}},{"@type":"WebPage","@id":"https:\/\/www.teatrulreginamaria.ro\/hu\/comunicat-de-presa-teatrul-regina-maria-incheie-anul-2024-cu-o-premiera-nationala-elif-si-ploaia-de-sami-ibrahim\/#webpage","url":"https:\/\/www.teatrulreginamaria.ro\/hu\/comunicat-de-presa-teatrul-regina-maria-incheie-anul-2024-cu-o-premiera-nationala-elif-si-ploaia-de-sami-ibrahim\/","name":"COMUNICAT DE PRES\u0102 | Teatrul Regina Maria \u00eencheie anul 2024 cu o premier\u0103 na\u021bional\u0103: ELIF \u0218I PLOAIA de Sami Ibrahim - Teatrul Regina Maria Oradea","description":"Trupa Iosif Vulcan a Teatrului Regina Maria se preg\u0103te\u0219te pentru premiera spectacolului \u201eElif \u0219i ploaia\u201d de Sami Ibrahim, \u00een regia lui Alex Ian\u0103\u0219i, programat\u0103 pe 21 \u0219i 22 decembrie, de la ora 19:00, la Sala Transilvania. Sami Ibrahim este un t\u00e2n\u0103r scriitor londonez, cu o carier\u0103 \u00een ascensiune, fiind deja nominalizat la Premiile Olivier \u0219i primind \u00een 2019","inLanguage":"hu-HU","isPartOf":{"@id":"https:\/\/www.teatrulreginamaria.ro\/hu\/#website"},"breadcrumb":{"@id":"https:\/\/www.teatrulreginamaria.ro\/hu\/comunicat-de-presa-teatrul-regina-maria-incheie-anul-2024-cu-o-premiera-nationala-elif-si-ploaia-de-sami-ibrahim\/#breadcrumblist"},"author":{"@id":"https:\/\/www.teatrulreginamaria.ro\/hu\/author\/w3bmaster\/#author"},"creator":{"@id":"https:\/\/www.teatrulreginamaria.ro\/hu\/author\/w3bmaster\/#author"},"image":{"@type":"ImageObject","url":"https:\/\/www.teatrulreginamaria.ro\/wp-content\/uploads\/2025\/04\/Elif-si-ploaia-009-scaled-e1743503477397.jpg","@id":"https:\/\/www.teatrulreginamaria.ro\/hu\/comunicat-de-presa-teatrul-regina-maria-incheie-anul-2024-cu-o-premiera-nationala-elif-si-ploaia-de-sami-ibrahim\/#mainImage","width":1000,"height":1501},"primaryImageOfPage":{"@id":"https:\/\/www.teatrulreginamaria.ro\/hu\/comunicat-de-presa-teatrul-regina-maria-incheie-anul-2024-cu-o-premiera-nationala-elif-si-ploaia-de-sami-ibrahim\/#mainImage"},"datePublished":"2024-12-19T13:30:00+02:00","dateModified":"2025-04-01T13:32:06+03:00"},{"@type":"WebSite","@id":"https:\/\/www.teatrulreginamaria.ro\/hu\/#website","url":"https:\/\/www.teatrulreginamaria.ro\/hu\/","name":"Teatrul Regina Maria Oradea","alternateName":"TRM Oradea","description":"Trupa Iosif Vulcan \u0219i Trupa Arcadia","inLanguage":"hu-HU","publisher":{"@id":"https:\/\/www.teatrulreginamaria.ro\/hu\/#organization"}}]},"og:locale":"hu_HU","og:site_name":"Teatrul Regina Maria Oradea - Trupa Iosif Vulcan \u0219i Trupa Arcadia","og:type":"article","og:title":"COMUNICAT DE PRES\u0102 | Teatrul Regina Maria \u00eencheie anul 2024 cu o premier\u0103 na\u021bional\u0103: ELIF \u0218I PLOAIA de Sami Ibrahim - Teatrul Regina Maria Oradea","og:description":"Trupa Iosif Vulcan a Teatrului Regina Maria se preg\u0103te\u0219te pentru premiera spectacolului \u201eElif \u0219i ploaia\u201d de Sami Ibrahim, \u00een regia lui Alex Ian\u0103\u0219i, programat\u0103 pe 21 \u0219i 22 decembrie, de la ora 19:00, la Sala Transilvania. Sami Ibrahim este un t\u00e2n\u0103r scriitor londonez, cu o carier\u0103 \u00een ascensiune, fiind deja nominalizat la Premiile Olivier \u0219i primind \u00een 2019","og:url":"https:\/\/www.teatrulreginamaria.ro\/hu\/comunicat-de-presa-teatrul-regina-maria-incheie-anul-2024-cu-o-premiera-nationala-elif-si-ploaia-de-sami-ibrahim\/","og:image":"https:\/\/www.teatrulreginamaria.ro\/wp-content\/uploads\/2025\/03\/trm-istoric-01.jpg","og:image:secure_url":"https:\/\/www.teatrulreginamaria.ro\/wp-content\/uploads\/2025\/03\/trm-istoric-01.jpg","og:image:width":1200,"og:image:height":800,"article:published_time":"2024-12-19T11:30:00+00:00","article:modified_time":"2025-04-01T10:32:06+00:00","article:publisher":"https:\/\/www.facebook.com\/TRMTrupaIosifVulcan\/","twitter:card":"summary_large_image","twitter:site":"@TRMOradea","twitter:title":"COMUNICAT DE PRES\u0102 | Teatrul Regina Maria \u00eencheie anul 2024 cu o premier\u0103 na\u021bional\u0103: ELIF \u0218I PLOAIA de Sami Ibrahim - Teatrul Regina Maria Oradea","twitter:description":"Trupa Iosif Vulcan a Teatrului Regina Maria se preg\u0103te\u0219te pentru premiera spectacolului \u201eElif \u0219i ploaia\u201d de Sami Ibrahim, \u00een regia lui Alex Ian\u0103\u0219i, programat\u0103 pe 21 \u0219i 22 decembrie, de la ora 19:00, la Sala Transilvania. Sami Ibrahim este un t\u00e2n\u0103r scriitor londonez, cu o carier\u0103 \u00een ascensiune, fiind deja nominalizat la Premiile Olivier \u0219i primind \u00een 2019","twitter:creator":"@TRMOradea","twitter:image":"https:\/\/www.teatrulreginamaria.ro\/wp-content\/uploads\/2025\/03\/trm-istoric-01.jpg"},"aioseo_meta_data":{"post_id":"12345","title":null,"description":null,"keywords":null,"keyphrases":null,"primary_term":null,"canonical_url":null,"og_title":null,"og_description":null,"og_object_type":"default","og_image_type":"default","og_image_url":null,"og_image_width":null,"og_image_height":null,"og_image_custom_url":null,"og_image_custom_fields":null,"og_video":null,"og_custom_url":null,"og_article_section":null,"og_article_tags":null,"twitter_use_og":false,"twitter_card":"default","twitter_image_type":"default","twitter_image_url":null,"twitter_image_custom_url":null,"twitter_image_custom_fields":null,"twitter_title":null,"twitter_description":null,"schema":{"blockGraphs":[],"customGraphs":[],"default":{"data":{"Article":[],"Course":[],"Dataset":[],"FAQPage":[],"Movie":[],"Person":[],"Product":[],"ProductReview":[],"Car":[],"Recipe":[],"Service":[],"SoftwareApplication":[],"WebPage":[]},"graphName":"","isEnabled":true},"graphs":[]},"schema_type":"default","schema_type_options":null,"pillar_content":false,"robots_default":true,"robots_noindex":false,"robots_noarchive":false,"robots_nosnippet":false,"robots_nofollow":false,"robots_noimageindex":false,"robots_noodp":false,"robots_notranslate":false,"robots_max_snippet":null,"robots_max_videopreview":null,"robots_max_imagepreview":"large","priority":null,"frequency":null,"local_seo":null,"seo_analyzer_scan_date":"2026-05-13 03:36:00","breadcrumb_settings":null,"limit_modified_date":false,"reviewed_by":null,"open_ai":null,"ai":null,"created":"2025-04-09 17:42:45","updated":"2026-05-13 03:36:00","focus_keyword":null,"additional_keywords":null,"truseo_locale":null},"aioseo_breadcrumb":"<div class=\"aioseo-breadcrumbs\"><span class=\"aioseo-breadcrumb\">\n\t<a href=\"https:\/\/www.teatrulreginamaria.ro\/hu\" title=\"Home\">Home<\/a>\n<\/span><span class=\"aioseo-breadcrumb-separator\">&raquo;<\/span><span class=\"aioseo-breadcrumb\">\n\t<a href=\"https:\/\/www.teatrulreginamaria.ro\/hu\/categorie\/noutati\/\" title=\"Nout\u0103\u021bi\">Nout\u0103\u021bi<\/a>\n<\/span><span class=\"aioseo-breadcrumb-separator\">&raquo;<\/span><span class=\"aioseo-breadcrumb\">\n\t<a href=\"https:\/\/www.teatrulreginamaria.ro\/hu\/categorie\/noutati\/noutati-trupa-iosif-vulcan\/\" title=\"Nout\u0103\u021bi - Trupa Iosif Vulcan\">Nout\u0103\u021bi - Trupa Iosif Vulcan<\/a>\n<\/span><span class=\"aioseo-breadcrumb-separator\">&raquo;<\/span><span class=\"aioseo-breadcrumb\">\n\tCOMUNICAT DE PRES\u0102 | Teatrul Regina Maria \u00eencheie anul 2024 cu o premier\u0103 na\u021bional\u0103: ELIF \u0218I PLOAIA de Sami Ibrahim\n<\/span><\/div>","aioseo_breadcrumb_json":[{"label":"Home","link":"https:\/\/www.teatrulreginamaria.ro\/hu"},{"label":"Nout\u0103\u021bi","link":"https:\/\/www.teatrulreginamaria.ro\/hu\/categorie\/noutati\/"},{"label":"Nout\u0103\u021bi - Trupa Iosif Vulcan","link":"https:\/\/www.teatrulreginamaria.ro\/hu\/categorie\/noutati\/noutati-trupa-iosif-vulcan\/"},{"label":"COMUNICAT DE PRES\u0102 | Teatrul Regina Maria \u00eencheie anul 2024 cu o premier\u0103 na\u021bional\u0103: ELIF \u0218I PLOAIA de Sami Ibrahim","link":"https:\/\/www.teatrulreginamaria.ro\/hu\/comunicat-de-presa-teatrul-regina-maria-incheie-anul-2024-cu-o-premiera-nationala-elif-si-ploaia-de-sami-ibrahim\/"}],"acf":[],"_links":{"self":[{"href":"https:\/\/www.teatrulreginamaria.ro\/hu\/wp-json\/wp\/v2\/posts\/12345","targetHints":{"allow":["GET"]}}],"collection":[{"href":"https:\/\/www.teatrulreginamaria.ro\/hu\/wp-json\/wp\/v2\/posts"}],"about":[{"href":"https:\/\/www.teatrulreginamaria.ro\/hu\/wp-json\/wp\/v2\/types\/post"}],"author":[{"embeddable":true,"href":"https:\/\/www.teatrulreginamaria.ro\/hu\/wp-json\/wp\/v2\/users\/6"}],"replies":[{"embeddable":true,"href":"https:\/\/www.teatrulreginamaria.ro\/hu\/wp-json\/wp\/v2\/comments?post=12345"}],"version-history":[{"count":2,"href":"https:\/\/www.teatrulreginamaria.ro\/hu\/wp-json\/wp\/v2\/posts\/12345\/revisions"}],"predecessor-version":[{"id":12348,"href":"https:\/\/www.teatrulreginamaria.ro\/hu\/wp-json\/wp\/v2\/posts\/12345\/revisions\/12348"}],"wp:featuredmedia":[{"embeddable":true,"href":"https:\/\/www.teatrulreginamaria.ro\/hu\/wp-json\/wp\/v2\/media\/12346"}],"wp:attachment":[{"href":"https:\/\/www.teatrulreginamaria.ro\/hu\/wp-json\/wp\/v2\/media?parent=12345"}],"wp:term":[{"taxonomy":"category","embeddable":true,"href":"https:\/\/www.teatrulreginamaria.ro\/hu\/wp-json\/wp\/v2\/categories?post=12345"},{"taxonomy":"post_tag","embeddable":true,"href":"https:\/\/www.teatrulreginamaria.ro\/hu\/wp-json\/wp\/v2\/tags?post=12345"}],"curies":[{"name":"munkaf\u00fczet","href":"https:\/\/api.w.org\/{rel}","templated":true}]}}