{"id":12356,"date":"2025-02-10T13:40:16","date_gmt":"2025-02-10T11:40:16","guid":{"rendered":"https:\/\/teatrulreginamaria.ro\/?p=12356"},"modified":"2025-07-01T09:47:47","modified_gmt":"2025-07-01T06:47:47","slug":"nagyvaradi-kulturalis-szalon-a-szinhazban-es-improv-patzan-show-a-columbusban-ezen-a-heten-a-queen-maria-theaterben","status":"publish","type":"post","link":"https:\/\/www.teatrulreginamaria.ro\/hu\/salonul-cultural-oradean-la-teatru-si-impro-patzan-show-la-columbus-saptamana-aceasta-la-teatrul-regina-maria\/","title":{"rendered":"Nagyv\u00e1radi Kultur\u00e1lis Szalon a Teatru \u00e9s Impro Patzan Show-ban a Columbusban \u2013 ezen a h\u00e9ten a Regina Maria Sz\u00ednh\u00e1zban"},"content":{"rendered":"<p class=\"wp-block-paragraph\">A Regina Maria Sz\u00ednh\u00e1z ezen a h\u00e9ten k\u00e9t kapcsol\u00f3d\u00f3 rendezv\u00e9nyre h\u00edv, amelyek kieg\u00e9sz\u00edtik a sz\u00ednh\u00e1z kultur\u00e1lis programj\u00e1t \u00e9s interkultur\u00e1lis p\u00e1rbesz\u00e9dre h\u00edvj\u00e1k a k\u00f6z\u00f6ns\u00e9get.<\/p>\n\n\n\n<!--more-->\n\n\n\n<p class=\"wp-block-paragraph\">Febru\u00e1r 19-\u00e9n, szerd\u00e1n 17.00 \u00f3r\u00e1t\u00f3l a Loji el\u0151csarnokban (1. emelet) a Regina Maria Sz\u00ednh\u00e1zban m\u00e1sodik alkalommal rendezik meg Ion Simu\u021b egyetemi tan\u00e1r \u00e9s irodalomkritikus \u00e1ltal alap\u00edtott Nagyv\u00e1radi Kultur\u00e1lis Szalont. Ennek a kiad\u00e1snak a vend\u00e9ge Simona Mihu\u021biu asszony, &quot;a nagyv\u00e1radi \u00edr\u00f3n\u0151 teljes meger\u0151s\u00edt\u00e9sben&quot; (Ion Simu\u021b), term\u00e9keny irodalmi tev\u00e9kenys\u00e9ggel, aki 2019 \u00f3ta n\u00e9gy reg\u00e9nyt, h\u00e1rom r\u00f6vidpr\u00f3zak\u00f6tetet, h\u00e1rom versesk\u00f6tetet, egy essz\u00e9k\u00f6tetet \u00e9s k\u00e9t sz\u00edndarabot \u00edrt.<\/p>\n\n\n\n<p class=\"wp-block-paragraph\">A dramaturgi\u00e1ban a &quot;Rem\u00e9ny soha nem megy fel a liftben&quot; c\u00edm\u0171 sz\u00f6veggel deb\u00fct\u00e1lt, amelyet 2025 janu\u00e1rj\u00e1ban mutattak be a Regina Maria Sz\u00ednh\u00e1zban, \u00e9s az\u00f3ta minden el\u0151ad\u00e1st csak telt h\u00e1zzal j\u00e1tszanak.<\/p>\n\n\n\n<p class=\"wp-block-paragraph\">A rendezv\u00e9nyen jelen lesz a &quot;Rem\u00e9ny soha nem megy fel a liftben&quot; c\u00edm\u0171 m\u0171sor csapata is, melynek tagjai: Toni Nica rendez\u0151, Oana Cernea d\u00edszlettervez\u0151, Mirela Ni\u021b\u0103 Lupu, Adela Lazar, Georgia C\u0103pr\u0103rin \u00e9s David Constantinescu.<\/p>\n\n\n\n<p class=\"wp-block-paragraph\">A rendezv\u00e9ny h\u00e1zigazd\u00e1i Vikt\u00f3ria Balint, a Regina Maria Sz\u00ednh\u00e1z ideiglenes menedzsere \u00e9s Ion Simu\u021b egyetemi tan\u00e1r, kritikus, irodalomt\u00f6rt\u00e9n\u00e9sz.<\/p>\n\n\n\n<p class=\"wp-block-paragraph\">Rendezv\u00e9nykoordin\u00e1tor: Florina Dometi, a Regina Maria Sz\u00ednh\u00e1z irodalmi titk\u00e1ra<\/p>\n\n\n\n<p class=\"wp-block-paragraph\">Az esem\u00e9ny h\u00e1rom f\u0151 r\u00e9szb\u0151l \u00e1ll: egy felt\u00f6rekv\u0151 \u00edr\u00f3 portr\u00e9ja, amelyben Simona Mihu\u021biu \u00edr\u00f3i p\u00e1lyafut\u00e1s\u00e1r\u00f3l oszt meg r\u00e9szleteket, vit\u00e1t folytat a \u201eRem\u00e9ny soha nem megy fel a liftben\u201d c\u00edm\u0171 darabr\u00f3l \u00e9s el\u0151ad\u00e1sr\u00f3l, valamint a k\u00f6z\u00f6ns\u00e9g beavatkoz\u00e1sair\u00f3l \u00e9s v\u00e9lem\u00e9nyeir\u0151l.<\/p>\n\n\n\n<p class=\"wp-block-paragraph\">Ezekkel a kezdem\u00e9nyez\u00e9sekkel a Regina Maria Sz\u00ednh\u00e1z meger\u0151s\u00edti k\u00fcldet\u00e9s\u00e9t, hogy t\u00e1mogassa \u00e9s n\u00e9pszer\u0171s\u00edtse a nagyv\u00e1radi alkot\u00f3kat, lehet\u0151s\u00e9get k\u00edn\u00e1lva sz\u00e1mukra az \u00e9rv\u00e9nyes\u00fcl\u00e9sre \u00e9s a k\u00f6z\u00f6ns\u00e9g sz\u00e1m\u00e1ra a helyi kultur\u00e1lis \u00e9let szem\u00e9lyis\u00e9geivel val\u00f3 k\u00f6zvetlen kapcsolatteremt\u00e9sre.<\/p>\n\n\n\n<p class=\"wp-block-paragraph\">A bel\u00e9p\u00e9s ingyenes, szabad helyek f\u00fcggv\u00e9ny\u00e9ben!<\/p>\n\n\n\n<figure class=\"wp-block-gallery has-nested-images columns-default is-cropped wp-block-gallery-1 is-layout-flex wp-block-gallery-is-layout-flex\">\n<figure class=\"wp-block-image size-large\"><img loading=\"lazy\" decoding=\"async\" width=\"717\" height=\"1024\" data-id=\"12358\" src=\"https:\/\/teatrulreginamaria.ro\/wp-content\/uploads\/2025\/04\/Salonul-de-Cultura-717x1024.jpeg\" alt=\"\" class=\"wp-image-12358\" srcset=\"https:\/\/www.teatrulreginamaria.ro\/wp-content\/uploads\/2025\/04\/Salonul-de-Cultura-717x1024.jpeg 717w, https:\/\/www.teatrulreginamaria.ro\/wp-content\/uploads\/2025\/04\/Salonul-de-Cultura-210x300.jpeg 210w, https:\/\/www.teatrulreginamaria.ro\/wp-content\/uploads\/2025\/04\/Salonul-de-Cultura-768x1097.jpeg 768w, https:\/\/www.teatrulreginamaria.ro\/wp-content\/uploads\/2025\/04\/Salonul-de-Cultura-1075x1536.jpeg 1075w, https:\/\/www.teatrulreginamaria.ro\/wp-content\/uploads\/2025\/04\/Salonul-de-Cultura.jpeg 1120w\" sizes=\"(max-width: 717px) 100vw, 717px\" \/><\/figure>\n\n\n\n<figure class=\"wp-block-image size-large\"><img loading=\"lazy\" decoding=\"async\" width=\"717\" height=\"1024\" data-id=\"12359\" src=\"https:\/\/teatrulreginamaria.ro\/wp-content\/uploads\/2025\/04\/AFIS-IMPRO-2025-MIC-717x1024.jpg\" alt=\"\" class=\"wp-image-12359\" srcset=\"https:\/\/www.teatrulreginamaria.ro\/wp-content\/uploads\/2025\/04\/AFIS-IMPRO-2025-MIC-717x1024.jpg 717w, https:\/\/www.teatrulreginamaria.ro\/wp-content\/uploads\/2025\/04\/AFIS-IMPRO-2025-MIC-210x300.jpg 210w, https:\/\/www.teatrulreginamaria.ro\/wp-content\/uploads\/2025\/04\/AFIS-IMPRO-2025-MIC-768x1097.jpg 768w, https:\/\/www.teatrulreginamaria.ro\/wp-content\/uploads\/2025\/04\/AFIS-IMPRO-2025-MIC-1075x1536.jpg 1075w, https:\/\/www.teatrulreginamaria.ro\/wp-content\/uploads\/2025\/04\/AFIS-IMPRO-2025-MIC-1434x2048.jpg 1434w, https:\/\/www.teatrulreginamaria.ro\/wp-content\/uploads\/2025\/04\/AFIS-IMPRO-2025-MIC-scaled.jpg 1792w\" sizes=\"(max-width: 717px) 100vw, 717px\" \/><\/figure>\n<\/figure>\n\n\n\n<p class=\"wp-block-paragraph\">Febru\u00e1r 21-\u00e9n, p\u00e9nteken 19.00 \u00f3r\u00e1t\u00f3l a Columbus Cafe Oradea-ban a Regina Maria Sz\u00ednh\u00e1z szervezi.&nbsp;<strong>Impro Patzan Show \u2013 Keith Johnstone Tribute<\/strong>, egy improviz\u00e1ci\u00f3s el\u0151ad\u00e1s nyugodt k\u00f6rnyezetben, e sz\u00ednh\u00e1zi m\u0171faj \u00fatt\u00f6r\u0151j\u00e9nek szentelve. Az esem\u00e9ny a febru\u00e1r 21-\u00e9n sz\u00fcletett Keith Johnstone sz\u00fclet\u00e9snapj\u00e1t \u00fcnnepli, \u00e9s tiszteleg az improviz\u00e1ci\u00f3s sz\u00ednh\u00e1zra gyakorolt hat\u00e1sa el\u0151tt. Spontaneit\u00e1ssal \u00e9s humorral teli \u00e9lm\u00e9ny lesz, el\u0151re meghat\u00e1rozott forgat\u00f3k\u00f6nyv n\u00e9lk\u00fcl, ahol a sz\u00edn\u00e9szek pr\u00f3b\u00e1ra teszik kreativit\u00e1sukat \u00e9s szellemi jelenl\u00e9t\u00fcket, Johnstone m\u00f3dszereib\u0151l mer\u00edtve ihletet.<\/p>\n\n\n\n<p class=\"wp-block-paragraph\">A Columbus Cafe egy est\u00e9re egy m\u00e1sfajta sz\u00ednh\u00e1z sz\u00ednpad\u00e1v\u00e1 v\u00e1lik, ahol a k\u00f6z\u00f6ns\u00e9g \u00e9s a sz\u00edn\u00e9szek egyedi \u00e9s kisz\u00e1m\u00edthatatlan pillanatokat teremtenek egy\u00fctt.<\/p>\n\n\n\n<p class=\"wp-block-paragraph\">Az improviz\u00e1torok csapat\u00e1t Alin Stanciu, George Dometi, Denisa Irina Vlad, David Constantinescu, Georgia C\u0103pr\u0103rin \u00e9s Cosmin Petru\u021b sz\u00edn\u00e9szek alkotj\u00e1k.<\/p>\n\n\n\n<p class=\"wp-block-paragraph\">Rendezv\u00e9nykoordin\u00e1tor: Ramona Gabriela Neme\u0219, a Regina Maria Sz\u00ednh\u00e1z m\u0171v\u00e9szeti titk\u00e1ra<\/p>\n\n\n\n<p class=\"wp-block-paragraph\">Ez az improviz\u00e1ci\u00f3s el\u0151ad\u00e1s az els\u0151 a hasonl\u00f3 rendezv\u00e9nysorozatb\u00f3l, amelyet a Regina Maria Sz\u00ednh\u00e1z alternat\u00edv \u00e9s kev\u00e9sb\u00e9 form\u00e1lis terekben k\u00edv\u00e1n t\u00e1mogatni, \u00faj t\u00e1vlatokat nyitva ezzel a m\u0171v\u00e9szi aktus el\u0151tt. Ennek a megk\u00f6zel\u00edt\u00e9snek a c\u00e9lja a k\u00f6z\u00f6ns\u00e9g diverzifik\u00e1l\u00e1sa, olyan embereket vonzani, akik nem szoktak hagyom\u00e1nyos sz\u00ednh\u00e1zakat l\u00e1togatni, ugyanakkor \u00f6szt\u00f6n\u00f6zni a sz\u00edn\u00e9szek kreativit\u00e1s\u00e1t, hozz\u00e1igaz\u00edtva \u0151ket dinamikus \u00e9s kisz\u00e1m\u00edthatatlan kontextusokhoz. Ilyen kezdem\u00e9nyez\u00e9sekkel a Regina Maria Sz\u00ednh\u00e1z c\u00e9lja a k\u00f6z\u00f6ns\u00e9g diverzifik\u00e1l\u00e1sa, a sz\u00ednh\u00e1z k\u00f6z\u00f6ss\u00e9ghez val\u00f3 k\u00f6zel\u00edt\u00e9se, a kort\u00e1rs kult\u00fart\u00e1jban bet\u00f6lt\u00f6tt szerep\u00e9nek megszil\u00e1rd\u00edt\u00e1sa.<\/p>\n\n\n\n<p class=\"wp-block-paragraph\">A jegy \u00e1ra 40 lej, helyfoglal\u00e1s online a c\u00edmen lehets\u00e9ges&nbsp;<a href=\"http:\/\/www.ambilet.ro.\/\">www.ambilet.ro.<\/a>&nbsp;<\/p>\n\n\n\n<p class=\"wp-block-paragraph\">Febru\u00e1r 19-\u00e9n, szerd\u00e1n 17.00 \u00f3r\u00e1t\u00f3l a Loji el\u0151csarnokban (1. emelet) a Regina Maria Sz\u00ednh\u00e1zban m\u00e1sodik alkalommal rendezik meg Ion Simu\u021b egyetemi tan\u00e1r \u00e9s irodalomkritikus \u00e1ltal alap\u00edtott Nagyv\u00e1radi Kultur\u00e1lis Szalont. Ennek a kiad\u00e1snak a vend\u00e9ge Simona Mihu\u021biu asszony, &quot;a nagyv\u00e1radi \u00edr\u00f3n\u0151 teljes meger\u0151s\u00edt\u00e9sben&quot; (Ion Simu\u021b), term\u00e9keny irodalmi tev\u00e9kenys\u00e9ggel, aki 2019 \u00f3ta n\u00e9gy reg\u00e9nyt, h\u00e1rom r\u00f6vidpr\u00f3zak\u00f6tetet, h\u00e1rom versesk\u00f6tetet, egy essz\u00e9k\u00f6tetet \u00e9s k\u00e9t sz\u00edndarabot \u00edrt.<\/p>\n\n\n\n<p class=\"wp-block-paragraph\">A dramaturgi\u00e1ban a &quot;Rem\u00e9ny soha nem megy fel a liftben&quot; c\u00edm\u0171 sz\u00f6veggel deb\u00fct\u00e1lt, amelyet 2025 janu\u00e1rj\u00e1ban mutattak be a Regina Maria Sz\u00ednh\u00e1zban, \u00e9s az\u00f3ta minden el\u0151ad\u00e1st csak telt h\u00e1zzal j\u00e1tszanak.<\/p>\n\n\n\n<p class=\"wp-block-paragraph\">A rendezv\u00e9nyen jelen lesz a &quot;Rem\u00e9ny soha nem megy fel a liftben&quot; c\u00edm\u0171 m\u0171sor csapata is, melynek tagjai: Toni Nica rendez\u0151, Oana Cernea d\u00edszlettervez\u0151, Mirela Ni\u021b\u0103 Lupu, Adela Lazar, Georgia C\u0103pr\u0103rin \u00e9s David Constantinescu.<\/p>\n\n\n\n<p class=\"wp-block-paragraph\">A rendezv\u00e9ny h\u00e1zigazd\u00e1i Vikt\u00f3ria Balint, a Regina Maria Sz\u00ednh\u00e1z ideiglenes menedzsere \u00e9s Ion Simu\u021b egyetemi tan\u00e1r, kritikus, irodalomt\u00f6rt\u00e9n\u00e9sz.<\/p>\n\n\n\n<p class=\"wp-block-paragraph\">Rendezv\u00e9nykoordin\u00e1tor: Florina Dometi, a Regina Maria Sz\u00ednh\u00e1z irodalmi titk\u00e1ra<\/p>\n\n\n\n<p class=\"wp-block-paragraph\">Az esem\u00e9ny h\u00e1rom f\u0151 r\u00e9szb\u0151l \u00e1ll: egy felt\u00f6rekv\u0151 \u00edr\u00f3 portr\u00e9ja, amelyben Simona Mihu\u021biu \u00edr\u00f3i p\u00e1lyafut\u00e1s\u00e1r\u00f3l oszt meg r\u00e9szleteket, vit\u00e1t folytat a \u201eRem\u00e9ny soha nem megy fel a liftben\u201d c\u00edm\u0171 darabr\u00f3l \u00e9s el\u0151ad\u00e1sr\u00f3l, valamint a k\u00f6z\u00f6ns\u00e9g beavatkoz\u00e1sair\u00f3l \u00e9s v\u00e9lem\u00e9nyeir\u0151l.<\/p>\n\n\n\n<p class=\"wp-block-paragraph\">Ezekkel a kezdem\u00e9nyez\u00e9sekkel a Regina Maria Sz\u00ednh\u00e1z meger\u0151s\u00edti k\u00fcldet\u00e9s\u00e9t, hogy t\u00e1mogassa \u00e9s n\u00e9pszer\u0171s\u00edtse a nagyv\u00e1radi alkot\u00f3kat, lehet\u0151s\u00e9get k\u00edn\u00e1lva sz\u00e1mukra az \u00e9rv\u00e9nyes\u00fcl\u00e9sre \u00e9s a k\u00f6z\u00f6ns\u00e9g sz\u00e1m\u00e1ra a helyi kultur\u00e1lis \u00e9let szem\u00e9lyis\u00e9geivel val\u00f3 k\u00f6zvetlen kapcsolatteremt\u00e9sre.<\/p>\n\n\n\n<p class=\"wp-block-paragraph\">A bel\u00e9p\u00e9s ingyenes, szabad helyek f\u00fcggv\u00e9ny\u00e9ben!<\/p>\n\n\n\n<p class=\"wp-block-paragraph\">Febru\u00e1r 21-\u00e9n, p\u00e9nteken 19.00 \u00f3r\u00e1t\u00f3l a Columbus Cafe Oradea-ban a Regina Maria Sz\u00ednh\u00e1z szervezi.&nbsp;<strong>Impro Patzan Show \u2013 Keith Johnstone Tribute<\/strong>, egy improviz\u00e1ci\u00f3s el\u0151ad\u00e1s nyugodt k\u00f6rnyezetben, e sz\u00ednh\u00e1zi m\u0171faj \u00fatt\u00f6r\u0151j\u00e9nek szentelve. Az esem\u00e9ny a febru\u00e1r 21-\u00e9n sz\u00fcletett Keith Johnstone sz\u00fclet\u00e9snapj\u00e1t \u00fcnnepli, \u00e9s tiszteleg az improviz\u00e1ci\u00f3s sz\u00ednh\u00e1zra gyakorolt hat\u00e1sa el\u0151tt. Spontaneit\u00e1ssal \u00e9s humorral teli \u00e9lm\u00e9ny lesz, el\u0151re meghat\u00e1rozott forgat\u00f3k\u00f6nyv n\u00e9lk\u00fcl, ahol a sz\u00edn\u00e9szek pr\u00f3b\u00e1ra teszik kreativit\u00e1sukat \u00e9s szellemi jelenl\u00e9t\u00fcket, Johnstone m\u00f3dszereib\u0151l mer\u00edtve ihletet.<\/p>\n\n\n\n<p class=\"wp-block-paragraph\">A Columbus Cafe egy est\u00e9re egy m\u00e1sfajta sz\u00ednh\u00e1z sz\u00ednpad\u00e1v\u00e1 v\u00e1lik, ahol a k\u00f6z\u00f6ns\u00e9g \u00e9s a sz\u00edn\u00e9szek egyedi \u00e9s kisz\u00e1m\u00edthatatlan pillanatokat teremtenek egy\u00fctt.<\/p>\n\n\n\n<p class=\"wp-block-paragraph\">Az improviz\u00e1torok csapat\u00e1t Alin Stanciu, George Dometi, Denisa Irina Vlad, David Constantinescu, Georgia C\u0103pr\u0103rin \u00e9s Cosmin Petru\u021b sz\u00edn\u00e9szek alkotj\u00e1k.<\/p>\n\n\n\n<p class=\"wp-block-paragraph\">Rendezv\u00e9nykoordin\u00e1tor: Ramona Gabriela Neme\u0219, a Regina Maria Sz\u00ednh\u00e1z m\u0171v\u00e9szeti titk\u00e1ra<\/p>\n\n\n\n<p class=\"wp-block-paragraph\">Ez az improviz\u00e1ci\u00f3s el\u0151ad\u00e1s az els\u0151 a hasonl\u00f3 rendezv\u00e9nysorozatb\u00f3l, amelyet a Regina Maria Sz\u00ednh\u00e1z alternat\u00edv \u00e9s kev\u00e9sb\u00e9 form\u00e1lis terekben k\u00edv\u00e1n t\u00e1mogatni, \u00faj t\u00e1vlatokat nyitva ezzel a m\u0171v\u00e9szi aktus el\u0151tt. Ennek a megk\u00f6zel\u00edt\u00e9snek a c\u00e9lja a k\u00f6z\u00f6ns\u00e9g diverzifik\u00e1l\u00e1sa, olyan embereket vonzani, akik nem szoktak hagyom\u00e1nyos sz\u00ednh\u00e1zakat l\u00e1togatni, ugyanakkor \u00f6szt\u00f6n\u00f6zni a sz\u00edn\u00e9szek kreativit\u00e1s\u00e1t, hozz\u00e1igaz\u00edtva \u0151ket dinamikus \u00e9s kisz\u00e1m\u00edthatatlan kontextusokhoz. Ilyen kezdem\u00e9nyez\u00e9sekkel a Regina Maria Sz\u00ednh\u00e1z c\u00e9lja a k\u00f6z\u00f6ns\u00e9g diverzifik\u00e1l\u00e1sa, a sz\u00ednh\u00e1z k\u00f6z\u00f6ss\u00e9ghez val\u00f3 k\u00f6zel\u00edt\u00e9se, a kort\u00e1rs kult\u00fart\u00e1jban bet\u00f6lt\u00f6tt szerep\u00e9nek megszil\u00e1rd\u00edt\u00e1sa.<\/p>\n\n\n\n<p class=\"wp-block-paragraph\">A jegy \u00e1ra 40 lej, helyfoglal\u00e1s online a c\u00edmen lehets\u00e9ges&nbsp;<a href=\"http:\/\/www.ambilet.ro.\/\">www.ambilet.ro.<\/a>&nbsp;<\/p>\n\n\n\n<p class=\"wp-block-paragraph\"><\/p>","protected":false},"excerpt":{"rendered":"<p>A Regina Maria Sz\u00ednh\u00e1z ezen a h\u00e9ten k\u00e9t kapcsol\u00f3d\u00f3 rendezv\u00e9nyre h\u00edv, amelyek kieg\u00e9sz\u00edtik a sz\u00ednh\u00e1z kultur\u00e1lis programj\u00e1t \u00e9s interkultur\u00e1lis p\u00e1rbesz\u00e9dre h\u00edvj\u00e1k a k\u00f6z\u00f6ns\u00e9get.<\/p>","protected":false},"author":8,"featured_media":12358,"comment_status":"closed","ping_status":"closed","sticky":false,"template":"","format":"standard","meta":{"_acf_changed":false,"footnotes":""},"categories":[41,22,504],"tags":[],"class_list":["post-12356","post","type-post","status-publish","format-standard","has-post-thumbnail","hentry","category-noutati","category-noutati-trupa-iosif-vulcan","category-proiecte-trupa-iosif-vulcan"],"aioseo_notices":[],"aioseo_head":"\n\t\t<!-- All in One SEO Pro 5.0.1.1 - aioseo.com -->\n\t<meta name=\"description\" content=\"Teatrul Regina Maria v\u0103 invit\u0103 s\u0103pt\u0103m\u00e2na aceasta la dou\u0103 evenimente conexe, care \u00eentregesc programul cultural al teatrului \u0219i invit\u0103 publicul la dialog intercultural. Miercuri, 19 februarie, de la ora 17:00, \u00een Foaier Loji (etajul I), Teatrul Regina Maria g\u0103zduie\u0219te cea de-a doua edi\u021bie a Salonului de Cultur\u0103 Or\u0103dean, fondat de profesorul universitar \u0219i criticul literar\" \/>\n\t<meta name=\"robots\" content=\"max-image-preview:large\" \/>\n\t<meta name=\"author\" content=\"Ramona Neme\u0219\"\/>\n\t<link rel=\"canonical\" href=\"https:\/\/www.teatrulreginamaria.ro\/hu\/salonul-cultural-oradean-la-teatru-si-impro-patzan-show-la-columbus-saptamana-aceasta-la-teatrul-regina-maria\/\" \/>\n\t<meta name=\"generator\" content=\"All in One SEO Pro (AIOSEO) 5.0.1.1\" \/>\n\t\t<meta property=\"og:locale\" content=\"hu_HU\" \/>\n\t\t<meta property=\"og:site_name\" content=\"Teatrul Regina Maria Oradea - Trupa Iosif Vulcan \u0219i Trupa Arcadia\" \/>\n\t\t<meta property=\"og:type\" content=\"article\" \/>\n\t\t<meta property=\"og:title\" content=\"Salonul Cultural Or\u0103dean la Teatru \u0219i Impro Patzan Show la Columbus \u2013 s\u0103pt\u0103m\u00e2na aceasta la Teatrul Regina Maria - Teatrul Regina Maria Oradea\" \/>\n\t\t<meta property=\"og:description\" content=\"Teatrul Regina Maria v\u0103 invit\u0103 s\u0103pt\u0103m\u00e2na aceasta la dou\u0103 evenimente conexe, care \u00eentregesc programul cultural al teatrului \u0219i invit\u0103 publicul la dialog intercultural. Miercuri, 19 februarie, de la ora 17:00, \u00een Foaier Loji (etajul I), Teatrul Regina Maria g\u0103zduie\u0219te cea de-a doua edi\u021bie a Salonului de Cultur\u0103 Or\u0103dean, fondat de profesorul universitar \u0219i criticul literar\" \/>\n\t\t<meta property=\"og:url\" content=\"https:\/\/www.teatrulreginamaria.ro\/hu\/salonul-cultural-oradean-la-teatru-si-impro-patzan-show-la-columbus-saptamana-aceasta-la-teatrul-regina-maria\/\" \/>\n\t\t<meta property=\"og:image\" content=\"https:\/\/www.teatrulreginamaria.ro\/wp-content\/uploads\/2025\/03\/trm-istoric-01.jpg\" \/>\n\t\t<meta property=\"og:image:secure_url\" content=\"https:\/\/www.teatrulreginamaria.ro\/wp-content\/uploads\/2025\/03\/trm-istoric-01.jpg\" \/>\n\t\t<meta property=\"og:image:width\" content=\"1200\" \/>\n\t\t<meta property=\"og:image:height\" content=\"800\" \/>\n\t\t<meta property=\"article:published_time\" content=\"2025-02-10T11:40:16+00:00\" \/>\n\t\t<meta property=\"article:modified_time\" content=\"2025-07-01T06:47:47+00:00\" \/>\n\t\t<meta property=\"article:publisher\" content=\"https:\/\/www.facebook.com\/TRMTrupaIosifVulcan\/\" \/>\n\t\t<meta name=\"twitter:card\" content=\"summary_large_image\" \/>\n\t\t<meta name=\"twitter:site\" content=\"@TRMOradea\" \/>\n\t\t<meta name=\"twitter:title\" content=\"Salonul Cultural Or\u0103dean la Teatru \u0219i Impro Patzan Show la Columbus \u2013 s\u0103pt\u0103m\u00e2na aceasta la Teatrul Regina Maria - Teatrul Regina Maria Oradea\" \/>\n\t\t<meta name=\"twitter:description\" content=\"Teatrul Regina Maria v\u0103 invit\u0103 s\u0103pt\u0103m\u00e2na aceasta la dou\u0103 evenimente conexe, care \u00eentregesc programul cultural al teatrului \u0219i invit\u0103 publicul la dialog intercultural. Miercuri, 19 februarie, de la ora 17:00, \u00een Foaier Loji (etajul I), Teatrul Regina Maria g\u0103zduie\u0219te cea de-a doua edi\u021bie a Salonului de Cultur\u0103 Or\u0103dean, fondat de profesorul universitar \u0219i criticul literar\" \/>\n\t\t<meta name=\"twitter:creator\" content=\"@TRMOradea\" \/>\n\t\t<meta name=\"twitter:image\" content=\"https:\/\/www.teatrulreginamaria.ro\/wp-content\/uploads\/2025\/03\/trm-istoric-01.jpg\" \/>\n\t\t<script type=\"application\/ld+json\" class=\"aioseo-schema\">\n\t\t\t{\"@context\":\"https:\\\/\\\/schema.org\",\"@graph\":[{\"@type\":\"BlogPosting\",\"@id\":\"https:\\\/\\\/www.teatrulreginamaria.ro\\\/hu\\\/salonul-cultural-oradean-la-teatru-si-impro-patzan-show-la-columbus-saptamana-aceasta-la-teatrul-regina-maria\\\/#blogposting\",\"name\":\"Salonul Cultural Or\\u0103dean la Teatru \\u0219i Impro Patzan Show la Columbus \\u2013 s\\u0103pt\\u0103m\\u00e2na aceasta la Teatrul Regina Maria - Teatrul Regina Maria Oradea\",\"headline\":\"Salonul Cultural Or\\u0103dean la Teatru \\u0219i Impro Patzan Show la Columbus \\u2013 s\\u0103pt\\u0103m\\u00e2na aceasta la Teatrul Regina Maria\",\"author\":{\"@id\":\"https:\\\/\\\/www.teatrulreginamaria.ro\\\/hu\\\/author\\\/ramona\\\/#author\"},\"publisher\":{\"@id\":\"https:\\\/\\\/www.teatrulreginamaria.ro\\\/hu\\\/#organization\"},\"image\":{\"@type\":\"ImageObject\",\"url\":\"https:\\\/\\\/www.teatrulreginamaria.ro\\\/wp-content\\\/uploads\\\/2025\\\/04\\\/Salonul-de-Cultura.jpeg\",\"width\":1120,\"height\":1600},\"datePublished\":\"2025-02-10T13:40:16+02:00\",\"dateModified\":\"2025-07-01T09:47:47+03:00\",\"inLanguage\":\"hu-HU\",\"mainEntityOfPage\":{\"@id\":\"https:\\\/\\\/www.teatrulreginamaria.ro\\\/hu\\\/salonul-cultural-oradean-la-teatru-si-impro-patzan-show-la-columbus-saptamana-aceasta-la-teatrul-regina-maria\\\/#webpage\"},\"isPartOf\":{\"@id\":\"https:\\\/\\\/www.teatrulreginamaria.ro\\\/hu\\\/salonul-cultural-oradean-la-teatru-si-impro-patzan-show-la-columbus-saptamana-aceasta-la-teatrul-regina-maria\\\/#webpage\"},\"articleSection\":\"Nout\\u0103\\u021bi, Nout\\u0103\\u021bi - Trupa Iosif Vulcan, Proiecte Trupa Iosif Vulcan\"},{\"@type\":\"BreadcrumbList\",\"@id\":\"https:\\\/\\\/www.teatrulreginamaria.ro\\\/hu\\\/salonul-cultural-oradean-la-teatru-si-impro-patzan-show-la-columbus-saptamana-aceasta-la-teatrul-regina-maria\\\/#breadcrumblist\",\"itemListElement\":[{\"@type\":\"ListItem\",\"@id\":\"https:\\\/\\\/www.teatrulreginamaria.ro\\\/hu#listItem\",\"position\":1,\"name\":\"Home\",\"item\":\"https:\\\/\\\/www.teatrulreginamaria.ro\\\/hu\",\"nextItem\":{\"@type\":\"ListItem\",\"@id\":\"https:\\\/\\\/www.teatrulreginamaria.ro\\\/hu\\\/categorie\\\/noutati\\\/#listItem\",\"name\":\"Nout\\u0103\\u021bi\"}},{\"@type\":\"ListItem\",\"@id\":\"https:\\\/\\\/www.teatrulreginamaria.ro\\\/hu\\\/categorie\\\/noutati\\\/#listItem\",\"position\":2,\"name\":\"Nout\\u0103\\u021bi\",\"item\":\"https:\\\/\\\/www.teatrulreginamaria.ro\\\/hu\\\/categorie\\\/noutati\\\/\",\"nextItem\":{\"@type\":\"ListItem\",\"@id\":\"https:\\\/\\\/www.teatrulreginamaria.ro\\\/hu\\\/categorie\\\/noutati\\\/noutati-trupa-iosif-vulcan\\\/#listItem\",\"name\":\"Nout\\u0103\\u021bi - Trupa Iosif Vulcan\"},\"previousItem\":{\"@type\":\"ListItem\",\"@id\":\"https:\\\/\\\/www.teatrulreginamaria.ro\\\/hu#listItem\",\"name\":\"Home\"}},{\"@type\":\"ListItem\",\"@id\":\"https:\\\/\\\/www.teatrulreginamaria.ro\\\/hu\\\/categorie\\\/noutati\\\/noutati-trupa-iosif-vulcan\\\/#listItem\",\"position\":3,\"name\":\"Nout\\u0103\\u021bi - Trupa Iosif Vulcan\",\"item\":\"https:\\\/\\\/www.teatrulreginamaria.ro\\\/hu\\\/categorie\\\/noutati\\\/noutati-trupa-iosif-vulcan\\\/\",\"nextItem\":{\"@type\":\"ListItem\",\"@id\":\"https:\\\/\\\/www.teatrulreginamaria.ro\\\/hu\\\/salonul-cultural-oradean-la-teatru-si-impro-patzan-show-la-columbus-saptamana-aceasta-la-teatrul-regina-maria\\\/#listItem\",\"name\":\"Salonul Cultural Or\\u0103dean la Teatru \\u0219i Impro Patzan Show la Columbus \\u2013 s\\u0103pt\\u0103m\\u00e2na aceasta la Teatrul Regina Maria\"},\"previousItem\":{\"@type\":\"ListItem\",\"@id\":\"https:\\\/\\\/www.teatrulreginamaria.ro\\\/hu\\\/categorie\\\/noutati\\\/#listItem\",\"name\":\"Nout\\u0103\\u021bi\"}},{\"@type\":\"ListItem\",\"@id\":\"https:\\\/\\\/www.teatrulreginamaria.ro\\\/hu\\\/salonul-cultural-oradean-la-teatru-si-impro-patzan-show-la-columbus-saptamana-aceasta-la-teatrul-regina-maria\\\/#listItem\",\"position\":4,\"name\":\"Salonul Cultural Or\\u0103dean la Teatru \\u0219i Impro Patzan Show la Columbus \\u2013 s\\u0103pt\\u0103m\\u00e2na aceasta la Teatrul Regina Maria\",\"previousItem\":{\"@type\":\"ListItem\",\"@id\":\"https:\\\/\\\/www.teatrulreginamaria.ro\\\/hu\\\/categorie\\\/noutati\\\/noutati-trupa-iosif-vulcan\\\/#listItem\",\"name\":\"Nout\\u0103\\u021bi - Trupa Iosif Vulcan\"}}]},{\"@type\":\"Organization\",\"@id\":\"https:\\\/\\\/www.teatrulreginamaria.ro\\\/hu\\\/#organization\",\"name\":\"Teatrul Regina Maria Oradea\",\"description\":\"Trupa Iosif Vulcan \\u0219i Trupa Arcadia\",\"url\":\"https:\\\/\\\/www.teatrulreginamaria.ro\\\/hu\\\/\",\"email\":\"marketing@teatrulreginamaria.ro\",\"telephone\":\"+40359411534\",\"numberOfEmployees\":{\"@type\":\"QuantitativeValue\",\"minValue\":0,\"maxValue\":150},\"logo\":{\"@type\":\"ImageObject\",\"url\":\"https:\\\/\\\/www.teatrulreginamaria.ro\\\/wp-content\\\/uploads\\\/2025\\\/06\\\/logo-trm-01-dark.png\",\"@id\":\"https:\\\/\\\/www.teatrulreginamaria.ro\\\/hu\\\/salonul-cultural-oradean-la-teatru-si-impro-patzan-show-la-columbus-saptamana-aceasta-la-teatrul-regina-maria\\\/#organizationLogo\",\"width\":300,\"height\":148},\"image\":{\"@id\":\"https:\\\/\\\/www.teatrulreginamaria.ro\\\/hu\\\/salonul-cultural-oradean-la-teatru-si-impro-patzan-show-la-columbus-saptamana-aceasta-la-teatrul-regina-maria\\\/#organizationLogo\"},\"sameAs\":[\"https:\\\/\\\/www.facebook.com\\\/TRMTrupaIosifVulcan\\\/\",\"https:\\\/\\\/x.com\\\/TRMOradea\",\"https:\\\/\\\/www.instagram.com\\\/teatrul_regina_maria\\\/\",\"https:\\\/\\\/www.youtube.com\\\/c\\\/TeatrulReginaMariaOradea\",\"https:\\\/\\\/www.linkedin.com\\\/company\\\/teatrul-regina-maria\"]},{\"@type\":\"Person\",\"@id\":\"https:\\\/\\\/www.teatrulreginamaria.ro\\\/hu\\\/author\\\/ramona\\\/#author\",\"url\":\"https:\\\/\\\/www.teatrulreginamaria.ro\\\/hu\\\/author\\\/ramona\\\/\",\"name\":\"Ramona Neme\\u0219\",\"image\":{\"@type\":\"ImageObject\",\"@id\":\"https:\\\/\\\/www.teatrulreginamaria.ro\\\/hu\\\/salonul-cultural-oradean-la-teatru-si-impro-patzan-show-la-columbus-saptamana-aceasta-la-teatrul-regina-maria\\\/#authorImage\",\"url\":\"https:\\\/\\\/www.teatrulreginamaria.ro\\\/wp-content\\\/uploads\\\/2025\\\/04\\\/ramona_nemes-sq-01.jpg\",\"width\":300,\"height\":300}},{\"@type\":\"WebPage\",\"@id\":\"https:\\\/\\\/www.teatrulreginamaria.ro\\\/hu\\\/salonul-cultural-oradean-la-teatru-si-impro-patzan-show-la-columbus-saptamana-aceasta-la-teatrul-regina-maria\\\/#webpage\",\"url\":\"https:\\\/\\\/www.teatrulreginamaria.ro\\\/hu\\\/salonul-cultural-oradean-la-teatru-si-impro-patzan-show-la-columbus-saptamana-aceasta-la-teatrul-regina-maria\\\/\",\"name\":\"Salonul Cultural Or\\u0103dean la Teatru \\u0219i Impro Patzan Show la Columbus \\u2013 s\\u0103pt\\u0103m\\u00e2na aceasta la Teatrul Regina Maria - Teatrul Regina Maria Oradea\",\"description\":\"Teatrul Regina Maria v\\u0103 invit\\u0103 s\\u0103pt\\u0103m\\u00e2na aceasta la dou\\u0103 evenimente conexe, care \\u00eentregesc programul cultural al teatrului \\u0219i invit\\u0103 publicul la dialog intercultural. Miercuri, 19 februarie, de la ora 17:00, \\u00een Foaier Loji (etajul I), Teatrul Regina Maria g\\u0103zduie\\u0219te cea de-a doua edi\\u021bie a Salonului de Cultur\\u0103 Or\\u0103dean, fondat de profesorul universitar \\u0219i criticul literar\",\"inLanguage\":\"hu-HU\",\"isPartOf\":{\"@id\":\"https:\\\/\\\/www.teatrulreginamaria.ro\\\/hu\\\/#website\"},\"breadcrumb\":{\"@id\":\"https:\\\/\\\/www.teatrulreginamaria.ro\\\/hu\\\/salonul-cultural-oradean-la-teatru-si-impro-patzan-show-la-columbus-saptamana-aceasta-la-teatrul-regina-maria\\\/#breadcrumblist\"},\"author\":{\"@id\":\"https:\\\/\\\/www.teatrulreginamaria.ro\\\/hu\\\/author\\\/ramona\\\/#author\"},\"creator\":{\"@id\":\"https:\\\/\\\/www.teatrulreginamaria.ro\\\/hu\\\/author\\\/ramona\\\/#author\"},\"image\":{\"@type\":\"ImageObject\",\"url\":\"https:\\\/\\\/www.teatrulreginamaria.ro\\\/wp-content\\\/uploads\\\/2025\\\/04\\\/Salonul-de-Cultura.jpeg\",\"@id\":\"https:\\\/\\\/www.teatrulreginamaria.ro\\\/hu\\\/salonul-cultural-oradean-la-teatru-si-impro-patzan-show-la-columbus-saptamana-aceasta-la-teatrul-regina-maria\\\/#mainImage\",\"width\":1120,\"height\":1600},\"primaryImageOfPage\":{\"@id\":\"https:\\\/\\\/www.teatrulreginamaria.ro\\\/hu\\\/salonul-cultural-oradean-la-teatru-si-impro-patzan-show-la-columbus-saptamana-aceasta-la-teatrul-regina-maria\\\/#mainImage\"},\"datePublished\":\"2025-02-10T13:40:16+02:00\",\"dateModified\":\"2025-07-01T09:47:47+03:00\"},{\"@type\":\"WebSite\",\"@id\":\"https:\\\/\\\/www.teatrulreginamaria.ro\\\/hu\\\/#website\",\"url\":\"https:\\\/\\\/www.teatrulreginamaria.ro\\\/hu\\\/\",\"name\":\"Teatrul Regina Maria Oradea\",\"alternateName\":\"TRM Oradea\",\"description\":\"Trupa Iosif Vulcan \\u0219i Trupa Arcadia\",\"inLanguage\":\"hu-HU\",\"publisher\":{\"@id\":\"https:\\\/\\\/www.teatrulreginamaria.ro\\\/hu\\\/#organization\"}}]}\n\t\t<\/script>\n\t\t<!-- All in One SEO Pro -->\r\n\t\t<title>Salonul Cultural Or\u0103dean la Teatru \u0219i Impro Patzan Show la Columbus \u2013 s\u0103pt\u0103m\u00e2na aceasta la Teatrul Regina Maria - Teatrul Regina Maria Oradea<\/title>\n\n","aioseo_head_json":{"title":"Nagyv\u00e1radi Kultur\u00e1lis Szalon a Teatruban \u00e9s Impro Patzan Show a Columbusban \u2013 ezen a h\u00e9ten a Regina Maria Sz\u00ednh\u00e1zban - Regina Maria Sz\u00ednh\u00e1z Nagyv\u00e1radi","description":"A Regina Maria Sz\u00ednh\u00e1z ezen a h\u00e9ten k\u00e9t kapcsol\u00f3d\u00f3 rendezv\u00e9nyre h\u00edv, amelyek kieg\u00e9sz\u00edtik a sz\u00ednh\u00e1z kultur\u00e1lis programj\u00e1t \u00e9s interkultur\u00e1lis p\u00e1rbesz\u00e9dre h\u00edvj\u00e1k a k\u00f6z\u00f6ns\u00e9get. Febru\u00e1r 19-\u00e9n, szerd\u00e1n 17.00 \u00f3r\u00e1t\u00f3l a Regina M\u00e1ria Sz\u00ednh\u00e1z a Loji el\u0151csarnokban (1. emelet) ad otthont az egyetemi tan\u00e1r \u00e9s irodalomkritikus \u00e1ltal alap\u00edtott Nagyv\u00e1radi Kultur\u00e1lis Szalon m\u00e1sodik alkalommal.","canonical_url":"https:\/\/www.teatrulreginamaria.ro\/hu\/salonul-cultural-oradean-la-teatru-si-impro-patzan-show-la-columbus-saptamana-aceasta-la-teatrul-regina-maria\/","robots":"max-image-preview:large","keywords":"","webmasterTools":{"miscellaneous":""},"schema":{"@context":"https:\/\/schema.org","@graph":[{"@type":"BlogPosting","@id":"https:\/\/www.teatrulreginamaria.ro\/hu\/salonul-cultural-oradean-la-teatru-si-impro-patzan-show-la-columbus-saptamana-aceasta-la-teatrul-regina-maria\/#blogposting","name":"Salonul Cultural Or\u0103dean la Teatru \u0219i Impro Patzan Show la Columbus \u2013 s\u0103pt\u0103m\u00e2na aceasta la Teatrul Regina Maria - Teatrul Regina Maria Oradea","headline":"Salonul Cultural Or\u0103dean la Teatru \u0219i Impro Patzan Show la Columbus \u2013 s\u0103pt\u0103m\u00e2na aceasta la Teatrul Regina Maria","author":{"@id":"https:\/\/www.teatrulreginamaria.ro\/hu\/author\/ramona\/#author"},"publisher":{"@id":"https:\/\/www.teatrulreginamaria.ro\/hu\/#organization"},"image":{"@type":"ImageObject","url":"https:\/\/www.teatrulreginamaria.ro\/wp-content\/uploads\/2025\/04\/Salonul-de-Cultura.jpeg","width":1120,"height":1600},"datePublished":"2025-02-10T13:40:16+02:00","dateModified":"2025-07-01T09:47:47+03:00","inLanguage":"hu-HU","mainEntityOfPage":{"@id":"https:\/\/www.teatrulreginamaria.ro\/hu\/salonul-cultural-oradean-la-teatru-si-impro-patzan-show-la-columbus-saptamana-aceasta-la-teatrul-regina-maria\/#webpage"},"isPartOf":{"@id":"https:\/\/www.teatrulreginamaria.ro\/hu\/salonul-cultural-oradean-la-teatru-si-impro-patzan-show-la-columbus-saptamana-aceasta-la-teatrul-regina-maria\/#webpage"},"articleSection":"Nout\u0103\u021bi, Nout\u0103\u021bi - Trupa Iosif Vulcan, Proiecte Trupa Iosif Vulcan"},{"@type":"BreadcrumbList","@id":"https:\/\/www.teatrulreginamaria.ro\/hu\/salonul-cultural-oradean-la-teatru-si-impro-patzan-show-la-columbus-saptamana-aceasta-la-teatrul-regina-maria\/#breadcrumblist","itemListElement":[{"@type":"ListItem","@id":"https:\/\/www.teatrulreginamaria.ro\/hu#listItem","position":1,"name":"Home","item":"https:\/\/www.teatrulreginamaria.ro\/hu","nextItem":{"@type":"ListItem","@id":"https:\/\/www.teatrulreginamaria.ro\/hu\/categorie\/noutati\/#listItem","name":"Nout\u0103\u021bi"}},{"@type":"ListItem","@id":"https:\/\/www.teatrulreginamaria.ro\/hu\/categorie\/noutati\/#listItem","position":2,"name":"Nout\u0103\u021bi","item":"https:\/\/www.teatrulreginamaria.ro\/hu\/categorie\/noutati\/","nextItem":{"@type":"ListItem","@id":"https:\/\/www.teatrulreginamaria.ro\/hu\/categorie\/noutati\/noutati-trupa-iosif-vulcan\/#listItem","name":"Nout\u0103\u021bi - Trupa Iosif Vulcan"},"previousItem":{"@type":"ListItem","@id":"https:\/\/www.teatrulreginamaria.ro\/hu#listItem","name":"Home"}},{"@type":"ListItem","@id":"https:\/\/www.teatrulreginamaria.ro\/hu\/categorie\/noutati\/noutati-trupa-iosif-vulcan\/#listItem","position":3,"name":"Nout\u0103\u021bi - Trupa Iosif Vulcan","item":"https:\/\/www.teatrulreginamaria.ro\/hu\/categorie\/noutati\/noutati-trupa-iosif-vulcan\/","nextItem":{"@type":"ListItem","@id":"https:\/\/www.teatrulreginamaria.ro\/hu\/salonul-cultural-oradean-la-teatru-si-impro-patzan-show-la-columbus-saptamana-aceasta-la-teatrul-regina-maria\/#listItem","name":"Salonul Cultural Or\u0103dean la Teatru \u0219i Impro Patzan Show la Columbus \u2013 s\u0103pt\u0103m\u00e2na aceasta la Teatrul Regina Maria"},"previousItem":{"@type":"ListItem","@id":"https:\/\/www.teatrulreginamaria.ro\/hu\/categorie\/noutati\/#listItem","name":"Nout\u0103\u021bi"}},{"@type":"ListItem","@id":"https:\/\/www.teatrulreginamaria.ro\/hu\/salonul-cultural-oradean-la-teatru-si-impro-patzan-show-la-columbus-saptamana-aceasta-la-teatrul-regina-maria\/#listItem","position":4,"name":"Salonul Cultural Or\u0103dean la Teatru \u0219i Impro Patzan Show la Columbus \u2013 s\u0103pt\u0103m\u00e2na aceasta la Teatrul Regina Maria","previousItem":{"@type":"ListItem","@id":"https:\/\/www.teatrulreginamaria.ro\/hu\/categorie\/noutati\/noutati-trupa-iosif-vulcan\/#listItem","name":"Nout\u0103\u021bi - Trupa Iosif Vulcan"}}]},{"@type":"Organization","@id":"https:\/\/www.teatrulreginamaria.ro\/hu\/#organization","name":"Teatrul Regina Maria Oradea","description":"Trupa Iosif Vulcan \u0219i Trupa Arcadia","url":"https:\/\/www.teatrulreginamaria.ro\/hu\/","email":"marketing@teatrulreginamaria.ro","telephone":"+40359411534","numberOfEmployees":{"@type":"QuantitativeValue","minValue":0,"maxValue":150},"logo":{"@type":"ImageObject","url":"https:\/\/www.teatrulreginamaria.ro\/wp-content\/uploads\/2025\/06\/logo-trm-01-dark.png","@id":"https:\/\/www.teatrulreginamaria.ro\/hu\/salonul-cultural-oradean-la-teatru-si-impro-patzan-show-la-columbus-saptamana-aceasta-la-teatrul-regina-maria\/#organizationLogo","width":300,"height":148},"image":{"@id":"https:\/\/www.teatrulreginamaria.ro\/hu\/salonul-cultural-oradean-la-teatru-si-impro-patzan-show-la-columbus-saptamana-aceasta-la-teatrul-regina-maria\/#organizationLogo"},"sameAs":["https:\/\/www.facebook.com\/TRMTrupaIosifVulcan\/","https:\/\/x.com\/TRMOradea","https:\/\/www.instagram.com\/teatrul_regina_maria\/","https:\/\/www.youtube.com\/c\/TeatrulReginaMariaOradea","https:\/\/www.linkedin.com\/company\/teatrul-regina-maria"]},{"@type":"Person","@id":"https:\/\/www.teatrulreginamaria.ro\/hu\/author\/ramona\/#author","url":"https:\/\/www.teatrulreginamaria.ro\/hu\/author\/ramona\/","name":"Ramona Neme\u0219","image":{"@type":"ImageObject","@id":"https:\/\/www.teatrulreginamaria.ro\/hu\/salonul-cultural-oradean-la-teatru-si-impro-patzan-show-la-columbus-saptamana-aceasta-la-teatrul-regina-maria\/#authorImage","url":"https:\/\/www.teatrulreginamaria.ro\/wp-content\/uploads\/2025\/04\/ramona_nemes-sq-01.jpg","width":300,"height":300}},{"@type":"WebPage","@id":"https:\/\/www.teatrulreginamaria.ro\/hu\/salonul-cultural-oradean-la-teatru-si-impro-patzan-show-la-columbus-saptamana-aceasta-la-teatrul-regina-maria\/#webpage","url":"https:\/\/www.teatrulreginamaria.ro\/hu\/salonul-cultural-oradean-la-teatru-si-impro-patzan-show-la-columbus-saptamana-aceasta-la-teatrul-regina-maria\/","name":"Salonul Cultural Or\u0103dean la Teatru \u0219i Impro Patzan Show la Columbus \u2013 s\u0103pt\u0103m\u00e2na aceasta la Teatrul Regina Maria - Teatrul Regina Maria Oradea","description":"Teatrul Regina Maria v\u0103 invit\u0103 s\u0103pt\u0103m\u00e2na aceasta la dou\u0103 evenimente conexe, care \u00eentregesc programul cultural al teatrului \u0219i invit\u0103 publicul la dialog intercultural. Miercuri, 19 februarie, de la ora 17:00, \u00een Foaier Loji (etajul I), Teatrul Regina Maria g\u0103zduie\u0219te cea de-a doua edi\u021bie a Salonului de Cultur\u0103 Or\u0103dean, fondat de profesorul universitar \u0219i criticul literar","inLanguage":"hu-HU","isPartOf":{"@id":"https:\/\/www.teatrulreginamaria.ro\/hu\/#website"},"breadcrumb":{"@id":"https:\/\/www.teatrulreginamaria.ro\/hu\/salonul-cultural-oradean-la-teatru-si-impro-patzan-show-la-columbus-saptamana-aceasta-la-teatrul-regina-maria\/#breadcrumblist"},"author":{"@id":"https:\/\/www.teatrulreginamaria.ro\/hu\/author\/ramona\/#author"},"creator":{"@id":"https:\/\/www.teatrulreginamaria.ro\/hu\/author\/ramona\/#author"},"image":{"@type":"ImageObject","url":"https:\/\/www.teatrulreginamaria.ro\/wp-content\/uploads\/2025\/04\/Salonul-de-Cultura.jpeg","@id":"https:\/\/www.teatrulreginamaria.ro\/hu\/salonul-cultural-oradean-la-teatru-si-impro-patzan-show-la-columbus-saptamana-aceasta-la-teatrul-regina-maria\/#mainImage","width":1120,"height":1600},"primaryImageOfPage":{"@id":"https:\/\/www.teatrulreginamaria.ro\/hu\/salonul-cultural-oradean-la-teatru-si-impro-patzan-show-la-columbus-saptamana-aceasta-la-teatrul-regina-maria\/#mainImage"},"datePublished":"2025-02-10T13:40:16+02:00","dateModified":"2025-07-01T09:47:47+03:00"},{"@type":"WebSite","@id":"https:\/\/www.teatrulreginamaria.ro\/hu\/#website","url":"https:\/\/www.teatrulreginamaria.ro\/hu\/","name":"Teatrul Regina Maria Oradea","alternateName":"TRM Oradea","description":"Trupa Iosif Vulcan \u0219i Trupa Arcadia","inLanguage":"hu-HU","publisher":{"@id":"https:\/\/www.teatrulreginamaria.ro\/hu\/#organization"}}]},"og:locale":"hu_HU","og:site_name":"Teatrul Regina Maria Oradea - Trupa Iosif Vulcan \u0219i Trupa Arcadia","og:type":"article","og:title":"Salonul Cultural Or\u0103dean la Teatru \u0219i Impro Patzan Show la Columbus \u2013 s\u0103pt\u0103m\u00e2na aceasta la Teatrul Regina Maria - Teatrul Regina Maria Oradea","og:description":"Teatrul Regina Maria v\u0103 invit\u0103 s\u0103pt\u0103m\u00e2na aceasta la dou\u0103 evenimente conexe, care \u00eentregesc programul cultural al teatrului \u0219i invit\u0103 publicul la dialog intercultural. Miercuri, 19 februarie, de la ora 17:00, \u00een Foaier Loji (etajul I), Teatrul Regina Maria g\u0103zduie\u0219te cea de-a doua edi\u021bie a Salonului de Cultur\u0103 Or\u0103dean, fondat de profesorul universitar \u0219i criticul literar","og:url":"https:\/\/www.teatrulreginamaria.ro\/hu\/salonul-cultural-oradean-la-teatru-si-impro-patzan-show-la-columbus-saptamana-aceasta-la-teatrul-regina-maria\/","og:image":"https:\/\/www.teatrulreginamaria.ro\/wp-content\/uploads\/2025\/03\/trm-istoric-01.jpg","og:image:secure_url":"https:\/\/www.teatrulreginamaria.ro\/wp-content\/uploads\/2025\/03\/trm-istoric-01.jpg","og:image:width":1200,"og:image:height":800,"article:published_time":"2025-02-10T11:40:16+00:00","article:modified_time":"2025-07-01T06:47:47+00:00","article:publisher":"https:\/\/www.facebook.com\/TRMTrupaIosifVulcan\/","twitter:card":"summary_large_image","twitter:site":"@TRMOradea","twitter:title":"Salonul Cultural Or\u0103dean la Teatru \u0219i Impro Patzan Show la Columbus \u2013 s\u0103pt\u0103m\u00e2na aceasta la Teatrul Regina Maria - Teatrul Regina Maria Oradea","twitter:description":"Teatrul Regina Maria v\u0103 invit\u0103 s\u0103pt\u0103m\u00e2na aceasta la dou\u0103 evenimente conexe, care \u00eentregesc programul cultural al teatrului \u0219i invit\u0103 publicul la dialog intercultural. Miercuri, 19 februarie, de la ora 17:00, \u00een Foaier Loji (etajul I), Teatrul Regina Maria g\u0103zduie\u0219te cea de-a doua edi\u021bie a Salonului de Cultur\u0103 Or\u0103dean, fondat de profesorul universitar \u0219i criticul literar","twitter:creator":"@TRMOradea","twitter:image":"https:\/\/www.teatrulreginamaria.ro\/wp-content\/uploads\/2025\/03\/trm-istoric-01.jpg"},"aioseo_meta_data":{"post_id":"12356","title":null,"description":null,"keywords":null,"keyphrases":{"focus":{"keyphrase":"","score":0,"analysis":{"keyphraseInTitle":{"score":0,"maxScore":9,"error":1}}},"additional":[]},"primary_term":null,"canonical_url":null,"og_title":null,"og_description":null,"og_object_type":"default","og_image_type":"default","og_image_url":null,"og_image_width":null,"og_image_height":null,"og_image_custom_url":null,"og_image_custom_fields":null,"og_video":"","og_custom_url":null,"og_article_section":null,"og_article_tags":null,"twitter_use_og":false,"twitter_card":"default","twitter_image_type":"default","twitter_image_url":null,"twitter_image_custom_url":null,"twitter_image_custom_fields":null,"twitter_title":null,"twitter_description":null,"schema":{"blockGraphs":[],"customGraphs":[],"default":{"data":{"Article":[],"Course":[],"Dataset":[],"FAQPage":[],"Movie":[],"Person":[],"Product":[],"ProductReview":[],"Car":[],"Recipe":[],"Service":[],"SoftwareApplication":[],"WebPage":[]},"graphName":"BlogPosting","isEnabled":true},"graphs":[]},"schema_type":"default","schema_type_options":null,"pillar_content":false,"robots_default":true,"robots_noindex":false,"robots_noarchive":false,"robots_nosnippet":false,"robots_nofollow":false,"robots_noimageindex":false,"robots_noodp":false,"robots_notranslate":false,"robots_max_snippet":"-1","robots_max_videopreview":"-1","robots_max_imagepreview":"large","priority":null,"frequency":"default","local_seo":null,"seo_analyzer_scan_date":"2026-05-13 03:37:52","breadcrumb_settings":null,"limit_modified_date":false,"reviewed_by":"0","open_ai":null,"ai":{"faqs":[],"keyPoints":[],"titles":[],"descriptions":[],"socialPosts":{"email":[],"linkedin":[],"twitter":[],"facebook":[],"instagram":[]}},"created":"2025-04-09 17:42:45","updated":"2026-05-13 03:37:52","focus_keyword":null,"additional_keywords":null,"truseo_locale":null},"aioseo_breadcrumb":"<div class=\"aioseo-breadcrumbs\"><span class=\"aioseo-breadcrumb\">\n\t<a href=\"https:\/\/www.teatrulreginamaria.ro\/hu\" title=\"Home\">Home<\/a>\n<\/span><span class=\"aioseo-breadcrumb-separator\">&raquo;<\/span><span class=\"aioseo-breadcrumb\">\n\t<a href=\"https:\/\/www.teatrulreginamaria.ro\/hu\/categorie\/noutati\/\" title=\"Nout\u0103\u021bi\">Nout\u0103\u021bi<\/a>\n<\/span><span class=\"aioseo-breadcrumb-separator\">&raquo;<\/span><span class=\"aioseo-breadcrumb\">\n\t<a href=\"https:\/\/www.teatrulreginamaria.ro\/hu\/categorie\/noutati\/noutati-trupa-iosif-vulcan\/\" title=\"Nout\u0103\u021bi - Trupa Iosif Vulcan\">Nout\u0103\u021bi - Trupa Iosif Vulcan<\/a>\n<\/span><span class=\"aioseo-breadcrumb-separator\">&raquo;<\/span><span class=\"aioseo-breadcrumb\">\n\tSalonul Cultural Or\u0103dean la Teatru \u0219i Impro Patzan Show la Columbus \u2013 s\u0103pt\u0103m\u00e2na aceasta la Teatrul Regina Maria\n<\/span><\/div>","aioseo_breadcrumb_json":[{"label":"Home","link":"https:\/\/www.teatrulreginamaria.ro\/hu"},{"label":"Nout\u0103\u021bi","link":"https:\/\/www.teatrulreginamaria.ro\/hu\/categorie\/noutati\/"},{"label":"Nout\u0103\u021bi - Trupa Iosif Vulcan","link":"https:\/\/www.teatrulreginamaria.ro\/hu\/categorie\/noutati\/noutati-trupa-iosif-vulcan\/"},{"label":"Salonul Cultural Or\u0103dean la Teatru \u0219i Impro Patzan Show la Columbus \u2013 s\u0103pt\u0103m\u00e2na aceasta la Teatrul Regina Maria","link":"https:\/\/www.teatrulreginamaria.ro\/hu\/salonul-cultural-oradean-la-teatru-si-impro-patzan-show-la-columbus-saptamana-aceasta-la-teatrul-regina-maria\/"}],"acf":[],"_links":{"self":[{"href":"https:\/\/www.teatrulreginamaria.ro\/hu\/wp-json\/wp\/v2\/posts\/12356","targetHints":{"allow":["GET"]}}],"collection":[{"href":"https:\/\/www.teatrulreginamaria.ro\/hu\/wp-json\/wp\/v2\/posts"}],"about":[{"href":"https:\/\/www.teatrulreginamaria.ro\/hu\/wp-json\/wp\/v2\/types\/post"}],"author":[{"embeddable":true,"href":"https:\/\/www.teatrulreginamaria.ro\/hu\/wp-json\/wp\/v2\/users\/8"}],"replies":[{"embeddable":true,"href":"https:\/\/www.teatrulreginamaria.ro\/hu\/wp-json\/wp\/v2\/comments?post=12356"}],"version-history":[{"count":2,"href":"https:\/\/www.teatrulreginamaria.ro\/hu\/wp-json\/wp\/v2\/posts\/12356\/revisions"}],"predecessor-version":[{"id":13575,"href":"https:\/\/www.teatrulreginamaria.ro\/hu\/wp-json\/wp\/v2\/posts\/12356\/revisions\/13575"}],"wp:featuredmedia":[{"embeddable":true,"href":"https:\/\/www.teatrulreginamaria.ro\/hu\/wp-json\/wp\/v2\/media\/12358"}],"wp:attachment":[{"href":"https:\/\/www.teatrulreginamaria.ro\/hu\/wp-json\/wp\/v2\/media?parent=12356"}],"wp:term":[{"taxonomy":"category","embeddable":true,"href":"https:\/\/www.teatrulreginamaria.ro\/hu\/wp-json\/wp\/v2\/categories?post=12356"},{"taxonomy":"post_tag","embeddable":true,"href":"https:\/\/www.teatrulreginamaria.ro\/hu\/wp-json\/wp\/v2\/tags?post=12356"}],"curies":[{"name":"munkaf\u00fczet","href":"https:\/\/api.w.org\/{rel}","templated":true}]}}