{"id":1247,"date":"2017-10-03T08:47:48","date_gmt":"2017-10-03T08:47:48","guid":{"rendered":"https:\/\/teatrulreginamaria.ro\/2017\/10\/03\/fito-s-a-incheiat-pornim-spre-festivaluri\/"},"modified":"2017-10-03T08:47:48","modified_gmt":"2017-10-03T08:47:48","slug":"vege-a-fitonak-irany-a-fesztival","status":"publish","type":"post","link":"https:\/\/www.teatrulreginamaria.ro\/hu\/fito-s-a-incheiat-pornim-spre-festivaluri\/","title":{"rendered":"V\u00e9ge a FITO-nak, ir\u00e1ny a fesztiv\u00e1lok"},"content":{"rendered":"<p style=\"text-align: justify;\">A Nagyv\u00e1radi Nemzetk\u00f6zi Sz\u00ednh\u00e1zi Fesztiv\u00e1l okt\u00f3ber 1-j\u00e9n, vas\u00e1rnap sikeresen v\u00e9get \u00e9rt egy nyolcnapos sz\u00ednh\u00e1zi maraton ut\u00e1n, amelyen egy nagyszer\u0171 kultur\u00e1lis \u00fcnneps\u00e9gen vehett\u00fcnk r\u00e9szt. Id\u00e9n a 27 sz\u00ednh\u00e1zi el\u0151ad\u00e1s szinte teljes eg\u00e9sz\u00e9ben telt h\u00e1zzal zajlott, a taps \u00e9s a lelkesed\u00e9s pedig ar\u00e1nyos volt. Egy el\u0151ad\u00e1sokban \u00e9s kapcsol\u00f3d\u00f3 esem\u00e9nyekben egyar\u00e1nt gazdag \u00e9v volt. \u00cdgy v\u00edgj\u00e1t\u00e9kokon nevett\u00fcnk, dr\u00e1m\u00e1kon el\u00e9rz\u00e9keny\u00fclt\u00fcnk, szerz\u0151ket \u00fcnnepelt\u00fcnk, \u00e9s \u00fajra tal\u00e1lkoztunk kedves emberekkel, a rom\u00e1n sz\u00ednh\u00e1z kiemelked\u0151 szem\u00e9lyis\u00e9geivel \u00e9s csod\u00e1latos n\u00e9z\u0151kkel. Tal\u00e1lkozzunk mostant\u00f3l min\u00e9l t\u00f6bb alkalommal!<\/p>\n<p><!--more--><\/p>\n<p style=\"text-align: justify;\">A sz\u00ednh\u00e1zi fesztiv\u00e1l v\u00e9get \u00e9rt, de a Regina Maria Sz\u00ednh\u00e1z 2017-2018-as \u00e9vada most kezd\u0151dik, \u00e9s sz\u00e1mos rendk\u00edv\u00fcli meglepet\u00e9st \u00edg\u00e9r. Az okt\u00f3ber h\u00f3nap is a fesztiv\u00e1lok\u00e9. Okt\u00f3ber 4. \u00e9s 14. k\u00f6z\u00f6tt a Regina Maria Sz\u00ednh\u00e1z Arcadia t\u00e1rsulata a &quot;Gulliver&quot; c\u00edm\u0171 el\u0151ad\u00e1ssal k\u00e9t braz\u00edliai fesztiv\u00e1lon vesz r\u00e9szt: a 29. alkalommal megrendezett BONECOS DE CANELA Nemzetk\u00f6zi Sz\u00ednh\u00e1zi Fesztiv\u00e1lon \u00e9s a 15. alkalommal megrendezett INTERC\u00c2MBIO DE LINGUAGENS Nemzetk\u00f6zi Fesztiv\u00e1lon Rio de Janeir\u00f3ban.<\/p>\n<p style=\"text-align: justify;\">A nagyv\u00e1radi t\u00e1rsulat r\u00e9szv\u00e9tele a fent eml\u00edtett fesztiv\u00e1lokon meger\u0151s\u00edti a b\u00e1bsz\u00ednh\u00e1z fontoss\u00e1g\u00e1t, mint a m\u0171v\u00e9szi kifejez\u0151er\u0151 \u00e9s a glob\u00e1lis kultur\u00e1lis p\u00e1rbesz\u00e9d egyik form\u00e1j\u00e1t, valamint bizony\u00edtja az Arcadia T\u00e1rsulat \u00e9rt\u00e9k\u00e9t, amelynek siker\u00fclt nemzetk\u00f6zi szinten \u00e9rv\u00e9nyes\u00fclnie, nemcsak haz\u00e1nk, hanem a kontinens hat\u00e1rain is t\u00fall\u00e9pve.<\/p>\n<p style=\"text-align: justify;\">Az Arcadia Band jelenl\u00e9te a k\u00e9t braz\u00edliai fesztiv\u00e1lon egy m\u00e1sik l\u00e9nyeges dolgot is jelez, nevezetesen azt a t\u00e9nyt, hogy ez az els\u0151 alkalom, hogy egy \u00e1llamilag t\u00e1mogatott kultur\u00e1lis int\u00e9zm\u00e9ny k\u00e9pviseli Rom\u00e1ni\u00e1t ezeken a nagyszab\u00e1s\u00fa esem\u00e9nyeken.<\/p>\n<p style=\"text-align: justify;\">Az okt\u00f3ber 4-\u00e9n indul\u00f3 csapat, amely elt\u00f6k\u00e9lten pr\u00f3b\u00e1lja megh\u00f3d\u00edtani a brazilok sz\u00edv\u00e9t, Daniel Vulcub\u00f3l \u2013 a Regina Maria Sz\u00ednh\u00e1z igazgat\u00f3j\u00e1b\u00f3l, Radu Dinulescub\u00f3l \u2013 az el\u0151ad\u00e1s rendez\u0151j\u00e9b\u0151l, Zentania Lup\u0219e sz\u00edn\u00e9szn\u0151b\u0151l, Consuela Egyed sz\u00edn\u00e9szn\u0151b\u0151l, Florian Silaghi sz\u00edn\u00e9szb\u0151l, Alexandru Pop sz\u00edn\u00e9szb\u0151l \u00e9s a belga Armand Richelet Kleinbergb\u0151l \u2013 a \u201eGulliver\u201d c\u00edm\u0171 el\u0151ad\u00e1s 3D-s vet\u00edt\u00e9seinek alkot\u00f3j\u00e1b\u00f3l \u00e1ll. K\u00f6sz\u00f6nj\u00fck a Bihar Megyei Tan\u00e1csnak a t\u00e1mogat\u00e1st, amelyet v\u00e1llalkoz\u00e1sunkban ny\u00fajtott.<\/p>\n<p style=\"text-align: justify;\">A Regina Maria Sz\u00ednh\u00e1z utaz\u00e1sa itt nem \u00e1ll meg, okt\u00f3ber 9-\u00e9n Kolozsv\u00e1ron \u00e1llunk meg a &quot;Cafeneaua Pirandello&quot; c\u00edm\u0171 el\u0151ad\u00e1ssal, amelyet a Rom\u00e1n Nemzeti Opera ad otthont. Kolozsv\u00e1rr\u00f3l Gala\u021biba utazunk, ahol az &quot;In Full Glory!&quot; c\u00edm\u0171 el\u0151ad\u00e1ssal vesz\u00fcnk r\u00e9szt az okt\u00f3ber 13-i Orsz\u00e1gos V\u00edgj\u00e1t\u00e9kfesztiv\u00e1lon.<\/p>\n<p style=\"text-align: justify;\">Az Arcadia t\u00e1rsulat, miut\u00e1n visszat\u00e9rt hossz\u00fa braz\u00edliai \u00fatj\u00e1r\u00f3l, okt\u00f3ber 19-\u00e9n a Puck Nemzetk\u00f6zi B\u00e1b- \u00e9s Marionettsz\u00ednh\u00e1zi Fesztiv\u00e1lon l\u00e9p fel a Hamupip\u0151ke c\u00edm\u0171 el\u0151ad\u00e1ssal, okt\u00f3ber 21-\u00e9n pedig a MiniREACTOR Fesztiv\u00e1lon a Kicsi vagy nagy? c\u00edm\u0171 el\u0151ad\u00e1ssal, mindkett\u0151 Kolozsv\u00e1ron ker\u00fcl megrendez\u00e9sre. Kolozsv\u00e1rr\u00f3l Temesv\u00e1rra, a Merlin p\u00e1lc\u00e1ja alatt Nemzetk\u00f6zi Anim\u00e1ci\u00f3s Fesztiv\u00e1lra tartanak a Magyar N\u00e9pmes\u00e9k c\u00edm\u0171 el\u0151ad\u00e1ssal, amelyet okt\u00f3ber 24-\u00e9n mutatnak be.<\/p>\n<p style=\"text-align: justify;\">A Iosif Vulcan t\u00e1rsulat ezut\u00e1n egy kicsit hosszabb turn\u00e9ra indul, els\u0151 meg\u00e1ll\u00f3juk Bukarest lesz, ahol r\u00e9szt vesz\u00fcnk a Nemzeti Sz\u00ednh\u00e1zi Fesztiv\u00e1lon az okt\u00f3ber 24-\u00e9n bemutat\u00e1sra ker\u00fcl\u0151 &quot;Cafenaua Pirandello&quot; \u00e9s az okt\u00f3ber 25-\u00e9n \u00e9s 26-\u00e1n bemutat\u00e1sra ker\u00fcl\u0151 &quot;Cabaretul Dada&quot; c\u00edm\u0171 el\u0151ad\u00e1sokkal. Bukarestb\u0151l hazafel\u00e9 menet meg\u00e1llunk a Craiovai Rom\u00e1n Opera \u00e1ltal szervezett &quot;Elena Teodorini&quot; Nemzetk\u00f6zi Fesztiv\u00e1lon, ahol az okt\u00f3ber 28-\u00e1n bemutatott &quot;Scripcarul pe cefru\u0219te&quot; c\u00edm\u0171 el\u0151ad\u00e1st tekintj\u00fck meg.<\/p>\n<p style=\"text-align: justify;\">De b\u00e1r fesztiv\u00e1lokkal teli h\u00f3napunk van, nem feledkezt\u00fcnk meg a bihariakr\u00f3l sem, ez\u00e9rt izgatottan v\u00e1rjuk \u0151ket az ebben a h\u00f3napban itthon bemutat\u00e1sra ker\u00fcl\u0151 el\u0151ad\u00e1sokon. Azoknak pedig, akik nem tudnak eljutni Nagyv\u00e1radra, okt\u00f3ber 15-\u00e9n Margitt\u00e1ra megy\u00fcnk a \u201eTeljes pomp\u00e1j\u00e1ban!\u201d, okt\u00f3ber 17-\u00e9n pedig a \u201eMagyar n\u00e9pmes\u00e9k\u201d c\u00edm\u0171 el\u0151ad\u00e1ssal.<\/p>\n<p style=\"text-align: justify;\">V\u00e1rjuk \u00d6nt a sz\u00ednh\u00e1zban, \u00e9s tekintse meg az okt\u00f3beri programot a Regina Maria Sz\u00ednh\u00e1z weboldal\u00e1n \u00e9s Facebook-oldal\u00e1n.<\/p>\n<p style=\"text-align: justify;\">Jegyek kaphat\u00f3k a Sz\u00ednh\u00e1zi Jegyirod\u00e1ban keddt\u0151l p\u00e9ntekig 10:00 \u00e9s 19:00 \u00f3ra k\u00f6z\u00f6tt, h\u00e9tv\u00e9g\u00e9n pedig 10:00 \u00e9s 13:00 \u00f3ra k\u00f6z\u00f6tt. Jegyek az el\u0151ad\u00e1s kezdete el\u0151tt egy \u00f3r\u00e1val vagy online a www.biletmaster.ro weboldalon is megv\u00e1s\u00e1rolhat\u00f3k. Tov\u00e1bbi inform\u00e1ci\u00f3\u00e9rt \u00e9s jegyfoglal\u00e1s\u00e9rt k\u00e9rj\u00fck, h\u00edvja a 0259\/440.742-es telefonsz\u00e1mot.<\/p>","protected":false},"excerpt":{"rendered":"<p>Festivalul Interna\u021bional de Teatru Oradea s-a \u00eencheiat duminic\u0103, 1 octombrie, cu succes dup\u0103 opt zile de maraton teatral \u00een care ne-am putut bucura de o mare s\u0103rb\u0103toare cultural\u0103. Anul acesta cele 27 de spectacole de teatru s-au jucat aproape \u00een totalitate cu s\u0103lile pline, iar aplauzele \u0219i entuziasmul au fost pe m\u0103sur\u0103. Un an bogat [&hellip;]<\/p>\n","protected":false},"author":6,"featured_media":0,"comment_status":"open","ping_status":"open","sticky":false,"template":"","format":"standard","meta":{"_acf_changed":false,"footnotes":""},"categories":[22],"tags":[],"class_list":["post-1247","post","type-post","status-publish","format-standard","hentry","category-noutati-trupa-iosif-vulcan"],"aioseo_notices":[],"aioseo_head":"\n\t\t<!-- All in One SEO Pro 5.0.1.1 - aioseo.com -->\n\t<meta name=\"description\" content=\"Festivalul Interna\u021bional de Teatru Oradea s-a \u00eencheiat duminic\u0103, 1 octombrie, cu succes dup\u0103 opt zile de maraton teatral \u00een care ne-am putut bucura de o mare s\u0103rb\u0103toare cultural\u0103. Anul acesta cele 27 de spectacole de teatru s-au jucat aproape \u00een totalitate cu s\u0103lile pline, iar aplauzele \u0219i entuziasmul au fost pe m\u0103sur\u0103. Un an bogat\" \/>\n\t<meta name=\"robots\" content=\"max-image-preview:large\" \/>\n\t<meta name=\"author\" content=\"Teatrul Regina Maria\"\/>\n\t<link rel=\"canonical\" href=\"https:\/\/www.teatrulreginamaria.ro\/hu\/fito-s-a-incheiat-pornim-spre-festivaluri\/\" \/>\n\t<meta name=\"generator\" content=\"All in One SEO Pro (AIOSEO) 5.0.1.1\" \/>\n\t\t<meta property=\"og:locale\" content=\"hu_HU\" \/>\n\t\t<meta property=\"og:site_name\" content=\"Teatrul Regina Maria Oradea - Trupa Iosif Vulcan \u0219i Trupa Arcadia\" \/>\n\t\t<meta property=\"og:type\" content=\"article\" \/>\n\t\t<meta property=\"og:title\" content=\"FITO s-a \u00eencheiat, pornim spre festivaluri - Teatrul Regina Maria Oradea\" \/>\n\t\t<meta property=\"og:description\" content=\"Festivalul Interna\u021bional de Teatru Oradea s-a \u00eencheiat duminic\u0103, 1 octombrie, cu succes dup\u0103 opt zile de maraton teatral \u00een care ne-am putut bucura de o mare s\u0103rb\u0103toare cultural\u0103. Anul acesta cele 27 de spectacole de teatru s-au jucat aproape \u00een totalitate cu s\u0103lile pline, iar aplauzele \u0219i entuziasmul au fost pe m\u0103sur\u0103. Un an bogat\" \/>\n\t\t<meta property=\"og:url\" content=\"https:\/\/www.teatrulreginamaria.ro\/hu\/fito-s-a-incheiat-pornim-spre-festivaluri\/\" \/>\n\t\t<meta property=\"og:image\" content=\"https:\/\/www.teatrulreginamaria.ro\/wp-content\/uploads\/2025\/03\/trm-istoric-01.jpg\" \/>\n\t\t<meta property=\"og:image:secure_url\" content=\"https:\/\/www.teatrulreginamaria.ro\/wp-content\/uploads\/2025\/03\/trm-istoric-01.jpg\" \/>\n\t\t<meta property=\"og:image:width\" content=\"1200\" \/>\n\t\t<meta property=\"og:image:height\" content=\"800\" \/>\n\t\t<meta property=\"article:published_time\" content=\"2017-10-03T08:47:48+00:00\" \/>\n\t\t<meta property=\"article:modified_time\" content=\"2017-10-03T08:47:48+00:00\" \/>\n\t\t<meta property=\"article:publisher\" content=\"https:\/\/www.facebook.com\/TRMTrupaIosifVulcan\/\" \/>\n\t\t<meta name=\"twitter:card\" content=\"summary_large_image\" \/>\n\t\t<meta name=\"twitter:site\" content=\"@TRMOradea\" \/>\n\t\t<meta name=\"twitter:title\" content=\"FITO s-a \u00eencheiat, pornim spre festivaluri - Teatrul Regina Maria Oradea\" \/>\n\t\t<meta name=\"twitter:description\" content=\"Festivalul Interna\u021bional de Teatru Oradea s-a \u00eencheiat duminic\u0103, 1 octombrie, cu succes dup\u0103 opt zile de maraton teatral \u00een care ne-am putut bucura de o mare s\u0103rb\u0103toare cultural\u0103. Anul acesta cele 27 de spectacole de teatru s-au jucat aproape \u00een totalitate cu s\u0103lile pline, iar aplauzele \u0219i entuziasmul au fost pe m\u0103sur\u0103. Un an bogat\" \/>\n\t\t<meta name=\"twitter:creator\" content=\"@TRMOradea\" \/>\n\t\t<meta name=\"twitter:image\" content=\"https:\/\/www.teatrulreginamaria.ro\/wp-content\/uploads\/2025\/03\/trm-istoric-01.jpg\" \/>\n\t\t<script type=\"application\/ld+json\" class=\"aioseo-schema\">\n\t\t\t{\"@context\":\"https:\\\/\\\/schema.org\",\"@graph\":[{\"@type\":\"BlogPosting\",\"@id\":\"https:\\\/\\\/www.teatrulreginamaria.ro\\\/hu\\\/fito-s-a-incheiat-pornim-spre-festivaluri\\\/#blogposting\",\"name\":\"FITO s-a \\u00eencheiat, pornim spre festivaluri - Teatrul Regina Maria Oradea\",\"headline\":\"FITO s-a \\u00eencheiat, pornim spre festivaluri\",\"author\":{\"@id\":\"https:\\\/\\\/www.teatrulreginamaria.ro\\\/hu\\\/author\\\/w3bmaster\\\/#author\"},\"publisher\":{\"@id\":\"https:\\\/\\\/www.teatrulreginamaria.ro\\\/hu\\\/#organization\"},\"image\":{\"@type\":\"ImageObject\",\"url\":\"https:\\\/\\\/www.teatrulreginamaria.ro\\\/wp-content\\\/uploads\\\/2025\\\/06\\\/logo-trm-01-dark.png\",\"@id\":\"https:\\\/\\\/www.teatrulreginamaria.ro\\\/hu\\\/#articleImage\",\"width\":300,\"height\":148},\"datePublished\":\"2017-10-03T08:47:48+03:00\",\"dateModified\":\"2017-10-03T08:47:48+03:00\",\"inLanguage\":\"hu-HU\",\"mainEntityOfPage\":{\"@id\":\"https:\\\/\\\/www.teatrulreginamaria.ro\\\/hu\\\/fito-s-a-incheiat-pornim-spre-festivaluri\\\/#webpage\"},\"isPartOf\":{\"@id\":\"https:\\\/\\\/www.teatrulreginamaria.ro\\\/hu\\\/fito-s-a-incheiat-pornim-spre-festivaluri\\\/#webpage\"},\"articleSection\":\"Nout\\u0103\\u021bi - Trupa Iosif Vulcan\"},{\"@type\":\"BreadcrumbList\",\"@id\":\"https:\\\/\\\/www.teatrulreginamaria.ro\\\/hu\\\/fito-s-a-incheiat-pornim-spre-festivaluri\\\/#breadcrumblist\",\"itemListElement\":[{\"@type\":\"ListItem\",\"@id\":\"https:\\\/\\\/www.teatrulreginamaria.ro\\\/hu#listItem\",\"position\":1,\"name\":\"Home\",\"item\":\"https:\\\/\\\/www.teatrulreginamaria.ro\\\/hu\",\"nextItem\":{\"@type\":\"ListItem\",\"@id\":\"https:\\\/\\\/www.teatrulreginamaria.ro\\\/hu\\\/categorie\\\/noutati\\\/#listItem\",\"name\":\"Nout\\u0103\\u021bi\"}},{\"@type\":\"ListItem\",\"@id\":\"https:\\\/\\\/www.teatrulreginamaria.ro\\\/hu\\\/categorie\\\/noutati\\\/#listItem\",\"position\":2,\"name\":\"Nout\\u0103\\u021bi\",\"item\":\"https:\\\/\\\/www.teatrulreginamaria.ro\\\/hu\\\/categorie\\\/noutati\\\/\",\"nextItem\":{\"@type\":\"ListItem\",\"@id\":\"https:\\\/\\\/www.teatrulreginamaria.ro\\\/hu\\\/categorie\\\/noutati\\\/noutati-trupa-iosif-vulcan\\\/#listItem\",\"name\":\"Nout\\u0103\\u021bi - Trupa Iosif Vulcan\"},\"previousItem\":{\"@type\":\"ListItem\",\"@id\":\"https:\\\/\\\/www.teatrulreginamaria.ro\\\/hu#listItem\",\"name\":\"Home\"}},{\"@type\":\"ListItem\",\"@id\":\"https:\\\/\\\/www.teatrulreginamaria.ro\\\/hu\\\/categorie\\\/noutati\\\/noutati-trupa-iosif-vulcan\\\/#listItem\",\"position\":3,\"name\":\"Nout\\u0103\\u021bi - Trupa Iosif Vulcan\",\"item\":\"https:\\\/\\\/www.teatrulreginamaria.ro\\\/hu\\\/categorie\\\/noutati\\\/noutati-trupa-iosif-vulcan\\\/\",\"nextItem\":{\"@type\":\"ListItem\",\"@id\":\"https:\\\/\\\/www.teatrulreginamaria.ro\\\/hu\\\/fito-s-a-incheiat-pornim-spre-festivaluri\\\/#listItem\",\"name\":\"FITO s-a \\u00eencheiat, pornim spre festivaluri\"},\"previousItem\":{\"@type\":\"ListItem\",\"@id\":\"https:\\\/\\\/www.teatrulreginamaria.ro\\\/hu\\\/categorie\\\/noutati\\\/#listItem\",\"name\":\"Nout\\u0103\\u021bi\"}},{\"@type\":\"ListItem\",\"@id\":\"https:\\\/\\\/www.teatrulreginamaria.ro\\\/hu\\\/fito-s-a-incheiat-pornim-spre-festivaluri\\\/#listItem\",\"position\":4,\"name\":\"FITO s-a \\u00eencheiat, pornim spre festivaluri\",\"previousItem\":{\"@type\":\"ListItem\",\"@id\":\"https:\\\/\\\/www.teatrulreginamaria.ro\\\/hu\\\/categorie\\\/noutati\\\/noutati-trupa-iosif-vulcan\\\/#listItem\",\"name\":\"Nout\\u0103\\u021bi - Trupa Iosif Vulcan\"}}]},{\"@type\":\"Organization\",\"@id\":\"https:\\\/\\\/www.teatrulreginamaria.ro\\\/hu\\\/#organization\",\"name\":\"Teatrul Regina Maria Oradea\",\"description\":\"Trupa Iosif Vulcan \\u0219i Trupa Arcadia\",\"url\":\"https:\\\/\\\/www.teatrulreginamaria.ro\\\/hu\\\/\",\"email\":\"marketing@teatrulreginamaria.ro\",\"telephone\":\"+40359411534\",\"numberOfEmployees\":{\"@type\":\"QuantitativeValue\",\"minValue\":0,\"maxValue\":150},\"logo\":{\"@type\":\"ImageObject\",\"url\":\"https:\\\/\\\/www.teatrulreginamaria.ro\\\/wp-content\\\/uploads\\\/2025\\\/06\\\/logo-trm-01-dark.png\",\"@id\":\"https:\\\/\\\/www.teatrulreginamaria.ro\\\/hu\\\/fito-s-a-incheiat-pornim-spre-festivaluri\\\/#organizationLogo\",\"width\":300,\"height\":148},\"image\":{\"@id\":\"https:\\\/\\\/www.teatrulreginamaria.ro\\\/hu\\\/fito-s-a-incheiat-pornim-spre-festivaluri\\\/#organizationLogo\"},\"sameAs\":[\"https:\\\/\\\/www.facebook.com\\\/TRMTrupaIosifVulcan\\\/\",\"https:\\\/\\\/x.com\\\/TRMOradea\",\"https:\\\/\\\/www.instagram.com\\\/teatrul_regina_maria\\\/\",\"https:\\\/\\\/www.youtube.com\\\/c\\\/TeatrulReginaMariaOradea\",\"https:\\\/\\\/www.linkedin.com\\\/company\\\/teatrul-regina-maria\"]},{\"@type\":\"Person\",\"@id\":\"https:\\\/\\\/www.teatrulreginamaria.ro\\\/hu\\\/author\\\/w3bmaster\\\/#author\",\"url\":\"https:\\\/\\\/www.teatrulreginamaria.ro\\\/hu\\\/author\\\/w3bmaster\\\/\",\"name\":\"Teatrul Regina Maria\",\"image\":{\"@type\":\"ImageObject\",\"@id\":\"https:\\\/\\\/www.teatrulreginamaria.ro\\\/hu\\\/fito-s-a-incheiat-pornim-spre-festivaluri\\\/#authorImage\",\"url\":\"https:\\\/\\\/secure.gravatar.com\\\/avatar\\\/5884139d508ae3f0bafe45e60563b48a9640146d3b08ccc6278c305ff9329305?s=96&d=mm&r=g\",\"width\":96,\"height\":96,\"caption\":\"Teatrul Regina Maria\"}},{\"@type\":\"WebPage\",\"@id\":\"https:\\\/\\\/www.teatrulreginamaria.ro\\\/hu\\\/fito-s-a-incheiat-pornim-spre-festivaluri\\\/#webpage\",\"url\":\"https:\\\/\\\/www.teatrulreginamaria.ro\\\/hu\\\/fito-s-a-incheiat-pornim-spre-festivaluri\\\/\",\"name\":\"FITO s-a \\u00eencheiat, pornim spre festivaluri - Teatrul Regina Maria Oradea\",\"description\":\"Festivalul Interna\\u021bional de Teatru Oradea s-a \\u00eencheiat duminic\\u0103, 1 octombrie, cu succes dup\\u0103 opt zile de maraton teatral \\u00een care ne-am putut bucura de o mare s\\u0103rb\\u0103toare cultural\\u0103. Anul acesta cele 27 de spectacole de teatru s-au jucat aproape \\u00een totalitate cu s\\u0103lile pline, iar aplauzele \\u0219i entuziasmul au fost pe m\\u0103sur\\u0103. Un an bogat\",\"inLanguage\":\"hu-HU\",\"isPartOf\":{\"@id\":\"https:\\\/\\\/www.teatrulreginamaria.ro\\\/hu\\\/#website\"},\"breadcrumb\":{\"@id\":\"https:\\\/\\\/www.teatrulreginamaria.ro\\\/hu\\\/fito-s-a-incheiat-pornim-spre-festivaluri\\\/#breadcrumblist\"},\"author\":{\"@id\":\"https:\\\/\\\/www.teatrulreginamaria.ro\\\/hu\\\/author\\\/w3bmaster\\\/#author\"},\"creator\":{\"@id\":\"https:\\\/\\\/www.teatrulreginamaria.ro\\\/hu\\\/author\\\/w3bmaster\\\/#author\"},\"datePublished\":\"2017-10-03T08:47:48+03:00\",\"dateModified\":\"2017-10-03T08:47:48+03:00\"},{\"@type\":\"WebSite\",\"@id\":\"https:\\\/\\\/www.teatrulreginamaria.ro\\\/hu\\\/#website\",\"url\":\"https:\\\/\\\/www.teatrulreginamaria.ro\\\/hu\\\/\",\"name\":\"Teatrul Regina Maria Oradea\",\"alternateName\":\"TRM Oradea\",\"description\":\"Trupa Iosif Vulcan \\u0219i Trupa Arcadia\",\"inLanguage\":\"hu-HU\",\"publisher\":{\"@id\":\"https:\\\/\\\/www.teatrulreginamaria.ro\\\/hu\\\/#organization\"}}]}\n\t\t<\/script>\n\t\t<!-- All in One SEO Pro -->\r\n\t\t<title>FITO s-a \u00eencheiat, pornim spre festivaluri - Teatrul Regina Maria Oradea<\/title>\n\n","aioseo_head_json":{"title":"V\u00e9ge a FITO-nak, ir\u00e1ny a fesztiv\u00e1lok - Regina Maria Sz\u00ednh\u00e1z Nagyv\u00e1rad","description":"A Nagyv\u00e1radi Nemzetk\u00f6zi Sz\u00ednh\u00e1zi Fesztiv\u00e1l okt\u00f3ber 1-j\u00e9n, vas\u00e1rnap sikeresen v\u00e9get \u00e9rt egy nyolcnapos sz\u00ednh\u00e1zi maraton ut\u00e1n, amelyen egy nagyszer\u0171 kultur\u00e1lis \u00fcnnepet \u00e9lvezhett\u00fcnk. Id\u00e9n a 27 sz\u00ednh\u00e1zi el\u0151ad\u00e1st szinte teljes eg\u00e9sz\u00e9ben telt h\u00e1zzal j\u00e1tszott\u00e1k, a taps \u00e9s a lelkesed\u00e9s pedig ar\u00e1nyos volt. Gazdag \u00e9v volt.","canonical_url":"https:\/\/www.teatrulreginamaria.ro\/hu\/fito-s-a-incheiat-pornim-spre-festivaluri\/","robots":"max-image-preview:large","keywords":"","webmasterTools":{"miscellaneous":""},"schema":{"@context":"https:\/\/schema.org","@graph":[{"@type":"BlogPosting","@id":"https:\/\/www.teatrulreginamaria.ro\/hu\/fito-s-a-incheiat-pornim-spre-festivaluri\/#blogposting","name":"FITO s-a \u00eencheiat, pornim spre festivaluri - Teatrul Regina Maria Oradea","headline":"FITO s-a \u00eencheiat, pornim spre festivaluri","author":{"@id":"https:\/\/www.teatrulreginamaria.ro\/hu\/author\/w3bmaster\/#author"},"publisher":{"@id":"https:\/\/www.teatrulreginamaria.ro\/hu\/#organization"},"image":{"@type":"ImageObject","url":"https:\/\/www.teatrulreginamaria.ro\/wp-content\/uploads\/2025\/06\/logo-trm-01-dark.png","@id":"https:\/\/www.teatrulreginamaria.ro\/hu\/#articleImage","width":300,"height":148},"datePublished":"2017-10-03T08:47:48+03:00","dateModified":"2017-10-03T08:47:48+03:00","inLanguage":"hu-HU","mainEntityOfPage":{"@id":"https:\/\/www.teatrulreginamaria.ro\/hu\/fito-s-a-incheiat-pornim-spre-festivaluri\/#webpage"},"isPartOf":{"@id":"https:\/\/www.teatrulreginamaria.ro\/hu\/fito-s-a-incheiat-pornim-spre-festivaluri\/#webpage"},"articleSection":"Nout\u0103\u021bi - Trupa Iosif Vulcan"},{"@type":"BreadcrumbList","@id":"https:\/\/www.teatrulreginamaria.ro\/hu\/fito-s-a-incheiat-pornim-spre-festivaluri\/#breadcrumblist","itemListElement":[{"@type":"ListItem","@id":"https:\/\/www.teatrulreginamaria.ro\/hu#listItem","position":1,"name":"Home","item":"https:\/\/www.teatrulreginamaria.ro\/hu","nextItem":{"@type":"ListItem","@id":"https:\/\/www.teatrulreginamaria.ro\/hu\/categorie\/noutati\/#listItem","name":"Nout\u0103\u021bi"}},{"@type":"ListItem","@id":"https:\/\/www.teatrulreginamaria.ro\/hu\/categorie\/noutati\/#listItem","position":2,"name":"Nout\u0103\u021bi","item":"https:\/\/www.teatrulreginamaria.ro\/hu\/categorie\/noutati\/","nextItem":{"@type":"ListItem","@id":"https:\/\/www.teatrulreginamaria.ro\/hu\/categorie\/noutati\/noutati-trupa-iosif-vulcan\/#listItem","name":"Nout\u0103\u021bi - Trupa Iosif Vulcan"},"previousItem":{"@type":"ListItem","@id":"https:\/\/www.teatrulreginamaria.ro\/hu#listItem","name":"Home"}},{"@type":"ListItem","@id":"https:\/\/www.teatrulreginamaria.ro\/hu\/categorie\/noutati\/noutati-trupa-iosif-vulcan\/#listItem","position":3,"name":"Nout\u0103\u021bi - Trupa Iosif Vulcan","item":"https:\/\/www.teatrulreginamaria.ro\/hu\/categorie\/noutati\/noutati-trupa-iosif-vulcan\/","nextItem":{"@type":"ListItem","@id":"https:\/\/www.teatrulreginamaria.ro\/hu\/fito-s-a-incheiat-pornim-spre-festivaluri\/#listItem","name":"FITO s-a \u00eencheiat, pornim spre festivaluri"},"previousItem":{"@type":"ListItem","@id":"https:\/\/www.teatrulreginamaria.ro\/hu\/categorie\/noutati\/#listItem","name":"Nout\u0103\u021bi"}},{"@type":"ListItem","@id":"https:\/\/www.teatrulreginamaria.ro\/hu\/fito-s-a-incheiat-pornim-spre-festivaluri\/#listItem","position":4,"name":"FITO s-a \u00eencheiat, pornim spre festivaluri","previousItem":{"@type":"ListItem","@id":"https:\/\/www.teatrulreginamaria.ro\/hu\/categorie\/noutati\/noutati-trupa-iosif-vulcan\/#listItem","name":"Nout\u0103\u021bi - Trupa Iosif Vulcan"}}]},{"@type":"Organization","@id":"https:\/\/www.teatrulreginamaria.ro\/hu\/#organization","name":"Teatrul Regina Maria Oradea","description":"Trupa Iosif Vulcan \u0219i Trupa Arcadia","url":"https:\/\/www.teatrulreginamaria.ro\/hu\/","email":"marketing@teatrulreginamaria.ro","telephone":"+40359411534","numberOfEmployees":{"@type":"QuantitativeValue","minValue":0,"maxValue":150},"logo":{"@type":"ImageObject","url":"https:\/\/www.teatrulreginamaria.ro\/wp-content\/uploads\/2025\/06\/logo-trm-01-dark.png","@id":"https:\/\/www.teatrulreginamaria.ro\/hu\/fito-s-a-incheiat-pornim-spre-festivaluri\/#organizationLogo","width":300,"height":148},"image":{"@id":"https:\/\/www.teatrulreginamaria.ro\/hu\/fito-s-a-incheiat-pornim-spre-festivaluri\/#organizationLogo"},"sameAs":["https:\/\/www.facebook.com\/TRMTrupaIosifVulcan\/","https:\/\/x.com\/TRMOradea","https:\/\/www.instagram.com\/teatrul_regina_maria\/","https:\/\/www.youtube.com\/c\/TeatrulReginaMariaOradea","https:\/\/www.linkedin.com\/company\/teatrul-regina-maria"]},{"@type":"Person","@id":"https:\/\/www.teatrulreginamaria.ro\/hu\/author\/w3bmaster\/#author","url":"https:\/\/www.teatrulreginamaria.ro\/hu\/author\/w3bmaster\/","name":"Teatrul Regina Maria","image":{"@type":"ImageObject","@id":"https:\/\/www.teatrulreginamaria.ro\/hu\/fito-s-a-incheiat-pornim-spre-festivaluri\/#authorImage","url":"https:\/\/secure.gravatar.com\/avatar\/5884139d508ae3f0bafe45e60563b48a9640146d3b08ccc6278c305ff9329305?s=96&d=mm&r=g","width":96,"height":96,"caption":"Teatrul Regina Maria"}},{"@type":"WebPage","@id":"https:\/\/www.teatrulreginamaria.ro\/hu\/fito-s-a-incheiat-pornim-spre-festivaluri\/#webpage","url":"https:\/\/www.teatrulreginamaria.ro\/hu\/fito-s-a-incheiat-pornim-spre-festivaluri\/","name":"FITO s-a \u00eencheiat, pornim spre festivaluri - Teatrul Regina Maria Oradea","description":"Festivalul Interna\u021bional de Teatru Oradea s-a \u00eencheiat duminic\u0103, 1 octombrie, cu succes dup\u0103 opt zile de maraton teatral \u00een care ne-am putut bucura de o mare s\u0103rb\u0103toare cultural\u0103. Anul acesta cele 27 de spectacole de teatru s-au jucat aproape \u00een totalitate cu s\u0103lile pline, iar aplauzele \u0219i entuziasmul au fost pe m\u0103sur\u0103. Un an bogat","inLanguage":"hu-HU","isPartOf":{"@id":"https:\/\/www.teatrulreginamaria.ro\/hu\/#website"},"breadcrumb":{"@id":"https:\/\/www.teatrulreginamaria.ro\/hu\/fito-s-a-incheiat-pornim-spre-festivaluri\/#breadcrumblist"},"author":{"@id":"https:\/\/www.teatrulreginamaria.ro\/hu\/author\/w3bmaster\/#author"},"creator":{"@id":"https:\/\/www.teatrulreginamaria.ro\/hu\/author\/w3bmaster\/#author"},"datePublished":"2017-10-03T08:47:48+03:00","dateModified":"2017-10-03T08:47:48+03:00"},{"@type":"WebSite","@id":"https:\/\/www.teatrulreginamaria.ro\/hu\/#website","url":"https:\/\/www.teatrulreginamaria.ro\/hu\/","name":"Teatrul Regina Maria Oradea","alternateName":"TRM Oradea","description":"Trupa Iosif Vulcan \u0219i Trupa Arcadia","inLanguage":"hu-HU","publisher":{"@id":"https:\/\/www.teatrulreginamaria.ro\/hu\/#organization"}}]},"og:locale":"hu_HU","og:site_name":"Teatrul Regina Maria Oradea - Trupa Iosif Vulcan \u0219i Trupa Arcadia","og:type":"article","og:title":"FITO s-a \u00eencheiat, pornim spre festivaluri - Teatrul Regina Maria Oradea","og:description":"Festivalul Interna\u021bional de Teatru Oradea s-a \u00eencheiat duminic\u0103, 1 octombrie, cu succes dup\u0103 opt zile de maraton teatral \u00een care ne-am putut bucura de o mare s\u0103rb\u0103toare cultural\u0103. Anul acesta cele 27 de spectacole de teatru s-au jucat aproape \u00een totalitate cu s\u0103lile pline, iar aplauzele \u0219i entuziasmul au fost pe m\u0103sur\u0103. Un an bogat","og:url":"https:\/\/www.teatrulreginamaria.ro\/hu\/fito-s-a-incheiat-pornim-spre-festivaluri\/","og:image":"https:\/\/www.teatrulreginamaria.ro\/wp-content\/uploads\/2025\/03\/trm-istoric-01.jpg","og:image:secure_url":"https:\/\/www.teatrulreginamaria.ro\/wp-content\/uploads\/2025\/03\/trm-istoric-01.jpg","og:image:width":1200,"og:image:height":800,"article:published_time":"2017-10-03T08:47:48+00:00","article:modified_time":"2017-10-03T08:47:48+00:00","article:publisher":"https:\/\/www.facebook.com\/TRMTrupaIosifVulcan\/","twitter:card":"summary_large_image","twitter:site":"@TRMOradea","twitter:title":"FITO s-a \u00eencheiat, pornim spre festivaluri - Teatrul Regina Maria Oradea","twitter:description":"Festivalul Interna\u021bional de Teatru Oradea s-a \u00eencheiat duminic\u0103, 1 octombrie, cu succes dup\u0103 opt zile de maraton teatral \u00een care ne-am putut bucura de o mare s\u0103rb\u0103toare cultural\u0103. Anul acesta cele 27 de spectacole de teatru s-au jucat aproape \u00een totalitate cu s\u0103lile pline, iar aplauzele \u0219i entuziasmul au fost pe m\u0103sur\u0103. Un an bogat","twitter:creator":"@TRMOradea","twitter:image":"https:\/\/www.teatrulreginamaria.ro\/wp-content\/uploads\/2025\/03\/trm-istoric-01.jpg"},"aioseo_meta_data":{"post_id":"1247","title":null,"description":null,"keywords":null,"keyphrases":null,"primary_term":null,"canonical_url":null,"og_title":null,"og_description":null,"og_object_type":"default","og_image_type":"default","og_image_url":null,"og_image_width":null,"og_image_height":null,"og_image_custom_url":null,"og_image_custom_fields":null,"og_video":null,"og_custom_url":null,"og_article_section":null,"og_article_tags":null,"twitter_use_og":false,"twitter_card":"default","twitter_image_type":"default","twitter_image_url":null,"twitter_image_custom_url":null,"twitter_image_custom_fields":null,"twitter_title":null,"twitter_description":null,"schema":{"blockGraphs":[],"customGraphs":[],"default":{"data":{"Article":[],"Course":[],"Dataset":[],"FAQPage":[],"Movie":[],"Person":[],"Product":[],"ProductReview":[],"Car":[],"Recipe":[],"Service":[],"SoftwareApplication":[],"WebPage":[]},"graphName":"","isEnabled":true},"graphs":[]},"schema_type":"default","schema_type_options":null,"pillar_content":false,"robots_default":true,"robots_noindex":false,"robots_noarchive":false,"robots_nosnippet":false,"robots_nofollow":false,"robots_noimageindex":false,"robots_noodp":false,"robots_notranslate":false,"robots_max_snippet":null,"robots_max_videopreview":null,"robots_max_imagepreview":"large","priority":null,"frequency":null,"local_seo":null,"seo_analyzer_scan_date":"2026-05-13 01:45:32","breadcrumb_settings":null,"limit_modified_date":false,"reviewed_by":null,"open_ai":null,"ai":null,"created":"2025-04-09 17:42:40","updated":"2026-05-13 01:45:32","focus_keyword":null,"additional_keywords":null,"truseo_locale":null},"aioseo_breadcrumb":"<div class=\"aioseo-breadcrumbs\"><span class=\"aioseo-breadcrumb\">\n\t<a href=\"https:\/\/www.teatrulreginamaria.ro\/hu\" title=\"Home\">Home<\/a>\n<\/span><span class=\"aioseo-breadcrumb-separator\">&raquo;<\/span><span class=\"aioseo-breadcrumb\">\n\t<a href=\"https:\/\/www.teatrulreginamaria.ro\/hu\/categorie\/noutati\/\" title=\"Nout\u0103\u021bi\">Nout\u0103\u021bi<\/a>\n<\/span><span class=\"aioseo-breadcrumb-separator\">&raquo;<\/span><span class=\"aioseo-breadcrumb\">\n\t<a href=\"https:\/\/www.teatrulreginamaria.ro\/hu\/categorie\/noutati\/noutati-trupa-iosif-vulcan\/\" title=\"Nout\u0103\u021bi - Trupa Iosif Vulcan\">Nout\u0103\u021bi - Trupa Iosif Vulcan<\/a>\n<\/span><span class=\"aioseo-breadcrumb-separator\">&raquo;<\/span><span class=\"aioseo-breadcrumb\">\n\tFITO s-a \u00eencheiat, pornim spre festivaluri\n<\/span><\/div>","aioseo_breadcrumb_json":[{"label":"Home","link":"https:\/\/www.teatrulreginamaria.ro\/hu"},{"label":"Nout\u0103\u021bi","link":"https:\/\/www.teatrulreginamaria.ro\/hu\/categorie\/noutati\/"},{"label":"Nout\u0103\u021bi - Trupa Iosif Vulcan","link":"https:\/\/www.teatrulreginamaria.ro\/hu\/categorie\/noutati\/noutati-trupa-iosif-vulcan\/"},{"label":"FITO s-a \u00eencheiat, pornim spre festivaluri","link":"https:\/\/www.teatrulreginamaria.ro\/hu\/fito-s-a-incheiat-pornim-spre-festivaluri\/"}],"acf":[],"_links":{"self":[{"href":"https:\/\/www.teatrulreginamaria.ro\/hu\/wp-json\/wp\/v2\/posts\/1247","targetHints":{"allow":["GET"]}}],"collection":[{"href":"https:\/\/www.teatrulreginamaria.ro\/hu\/wp-json\/wp\/v2\/posts"}],"about":[{"href":"https:\/\/www.teatrulreginamaria.ro\/hu\/wp-json\/wp\/v2\/types\/post"}],"author":[{"embeddable":true,"href":"https:\/\/www.teatrulreginamaria.ro\/hu\/wp-json\/wp\/v2\/users\/6"}],"replies":[{"embeddable":true,"href":"https:\/\/www.teatrulreginamaria.ro\/hu\/wp-json\/wp\/v2\/comments?post=1247"}],"version-history":[{"count":0,"href":"https:\/\/www.teatrulreginamaria.ro\/hu\/wp-json\/wp\/v2\/posts\/1247\/revisions"}],"wp:attachment":[{"href":"https:\/\/www.teatrulreginamaria.ro\/hu\/wp-json\/wp\/v2\/media?parent=1247"}],"wp:term":[{"taxonomy":"category","embeddable":true,"href":"https:\/\/www.teatrulreginamaria.ro\/hu\/wp-json\/wp\/v2\/categories?post=1247"},{"taxonomy":"post_tag","embeddable":true,"href":"https:\/\/www.teatrulreginamaria.ro\/hu\/wp-json\/wp\/v2\/tags?post=1247"}],"curies":[{"name":"munkaf\u00fczet","href":"https:\/\/api.w.org\/{rel}","templated":true}]}}