{"id":1248,"date":"2017-10-20T07:05:37","date_gmt":"2017-10-20T07:05:37","guid":{"rendered":"https:\/\/teatrulreginamaria.ro\/2017\/10\/20\/profu-de-dranceza-a-doua-premiera-a-stagiunii-2017-2018-a-trupei-iosif-vulcan\/"},"modified":"2017-10-20T07:05:37","modified_gmt":"2017-10-20T07:05:37","slug":"a-profu-de-dranceza-az-iosif-vulcan-egyuttes-2017-2018-as-evadanak-masodik-premierje","status":"publish","type":"post","link":"https:\/\/www.teatrulreginamaria.ro\/hu\/profu-de-dranceza-a-doua-premiera-a-stagiunii-2017-2018-a-trupei-iosif-vulcan\/","title":{"rendered":"\u201e&quot;PROFU` DE DRANCEZ\u0102&quot; \u2013 a Iosif Vulcan T\u00e1rsulat 2017\u20132018-as \u00e9vad\u00e1nak m\u00e1sodik premierje"},"content":{"rendered":"<p style=\"text-align: justify;\">A Regina Maria Sz\u00ednh\u00e1z \u00f6r\u00f6mmel jelenti be a Iosif Vulcan T\u00e1rsulat idei \u00e9vad\u00e1nak m\u00e1sodik premierj\u00e9t: a \u201eFrancia tan\u00e1rn\u0151\u201d c\u00edm\u0171 darabot Matei Mircioane adapt\u00e1lta Tudor Mu\u0219atescu nyom\u00e1n, a m\u0171v\u00e9szeti vezet\u00e9st \u00e9s a d\u00edszletet Dan Mirea tervezte. A m\u0171sorra okt\u00f3ber 19-\u00e9n, cs\u00fct\u00f6rt\u00f6k\u00f6n 12 \u00f3r\u00e1t\u00f3l ker\u00fcl sor a sz\u00ednh\u00e1z nagyterm\u00e9ben.<\/p>\n<p><!--more--><\/p>\n<p style=\"text-align: justify;\">A \u201eProfu` de francez\u0103\u201d c\u00edm\u0171 darab szerz\u0151je, Tudor Mu\u0219atescu, aki mind a B\u00f6lcs\u00e9szettudom\u00e1nyi, mind a Jogi Karon v\u00e9gzett, sokoldal\u00fa \u00edr\u00f3 volt. Els\u0151sorban dr\u00e1mai m\u0171vekre \u00f6sszpontos\u00edtott, a kritikusok pedig a Caragiale-f\u00e9le erk\u00f6lcskom\u00e9dia k\u00f6vet\u0151jek\u00e9nt hat\u00e1rozt\u00e1k meg.<\/p>\n<p style=\"text-align: justify;\">Dan Mirea rendez\u0151 nem el\u0151sz\u00f6r tal\u00e1lkozik a nagyv\u00e1radi t\u00e1rsulattal, hiszen 2010-ben \u00e1ll\u00edtotta sz\u00ednpadra az egyik legh\u00edresebb \u00e9s legkedveltebb gyermekt\u00f6rt\u00e9netet, az \u201e\u00d3z, a csod\u00e1k csod\u00e1ja\u201d-t. H\u00e9t \u00e9v ut\u00e1n t\u00e9r vissza egy olyan el\u0151ad\u00e1ssal, amely ez\u00fattal tin\u00e9dzsereknek sz\u00f3l. A Tudor Mu\u0219atescu \u00e1ltal 1948-ban \u00edrt \u201eA francia tan\u00e1rn\u0151\u201d c\u00edm\u0171 sz\u00f6veg Matei Mircioane adapt\u00e1ci\u00f3ja \u00e9s Dan Mirea rendez\u0151i v\u00edzi\u00f3ja r\u00e9v\u00e9n kort\u00e1rs jelleget \u00f6lt. Serd\u00fcl\u0151kori szerelmek, az \u00e9retlens\u00e9g var\u00e1zsa, a k\u00f6z\u00e9piskol\u00e1s \u00e9vekre jellemz\u0151 sz\u00f3rakoztat\u00e1s \u00e9s a di\u00e1kok k\u00f6z\u00f6s szenved\u00e9lye az \u00faj tan\u00e1r ir\u00e1nt. <em><i>magas, s\u00f6t\u00e9t haj\u00fa, barna szem\u0171 \u00e9s &quot;r&quot; bet\u0171vel besz\u00e9l\u201e<\/i><\/em>\u00a0a kort\u00e1rs serd\u00fcl\u0151kori gondolkod\u00e1sm\u00f3dra jellemz\u0151 kifejez\u00e9sekkel vannak \u00e1tfogalmazva, a ruh\u00e1zatt\u00f3l, a technol\u00f3gi\u00e1t\u00f3l, a zen\u00e9t\u0151l kezdve a viselked\u00e9sen \u00e9s a t\u00e1rsas kapcsolatokon \u00e1t.<\/p>\n<p style=\"text-align: justify;\">A cselekm\u00e9nyt a franciatan\u00e1r \u00e9rkez\u00e9se ind\u00edtja el, a tizenkettedikes di\u00e1kok jobban t\u00f6r\u0151dnek a figyelm\u00e9nek felkelt\u00e9s\u00e9vel, mint az \u00e9retts\u00e9gi vizsg\u00e1val. Ez a fordulat konfliktusos helyzeteket sz\u00fcl, amelyek elsim\u00edt\u00e1sa \u00e9rdek\u00e9ben m\u00e9g az igazgat\u00f3n\u0151nek is k\u00f6zbe kell l\u00e9pnie, akinek az \u00e9rdekl\u0151d\u00e9se szint\u00e9n a fiatal tan\u00e1rn\u0151 fel\u00e9 ir\u00e1nyul.<\/p>\n<p style=\"text-align: justify;\">A f\u00e9lre\u00e9rt\u00e9sekb\u0151l fakad\u00f3 naivit\u00e1s komikus helyzetet teremt, ami egy eredeti, vid\u00e1m \u00e9s \u00e9l\u00e9nk el\u0151ad\u00e1st eredm\u00e9nyez.<\/p>\n<p style=\"text-align: justify;\">A m\u0171v\u00e9szi csapatot lelkes \u00e9s tehets\u00e9ges sz\u00edn\u00e9szek alkotj\u00e1k: Georgia C\u0103pr\u0103rin (Antonia Panait), Anca Sigmirean (Tania Popescu), Denisa Vlad (Anca), Sorin Ionescu (Profu), Corina Cernea (Cos\u00e2mb\u0103cescu), Alexandru Rusu (Gigi), Alin Stanciu (A. Eherugenimbala) T\u0103m\u0103\u0219anu (Iunona).<\/p>\n<p style=\"text-align: justify;\">A \u201eFrancia tan\u00e1rn\u0151\u201d c\u00edm\u0171 el\u0151ad\u00e1s premierj\u00e9t nagyv\u00e1radi di\u00e1kok sz\u00e1m\u00e1ra szervezz\u00fck, de a k\u00f6z\u00f6ns\u00e9get december 2-\u00e1n, 11:00 \u00f3r\u00e1t\u00f3l v\u00e1rjuk a nagyteremben, hogy \u00e9lvezhesse az el\u0151ad\u00e1st.<\/p>\n<p style=\"text-align: justify;\">Jegyek kaphat\u00f3k a Sz\u00ednh\u00e1zi Jegyirod\u00e1ban keddt\u0151l p\u00e9ntekig 10:00 \u00e9s 19:00 \u00f3ra k\u00f6z\u00f6tt, h\u00e9tv\u00e9g\u00e9n pedig 10:00 \u00e9s 13:00 \u00f3ra k\u00f6z\u00f6tt. Jegyek az el\u0151ad\u00e1s kezdete el\u0151tt egy \u00f3r\u00e1val vagy online is megv\u00e1s\u00e1rolhat\u00f3k a k\u00f6vetkez\u0151 c\u00edmen: <u>www.biletmaster.ro<\/u>Tov\u00e1bbi inform\u00e1ci\u00f3\u00e9rt \u00e9s jegyfoglal\u00e1s\u00e9rt k\u00e9rj\u00fck, h\u00edvja a 0259\/440.742-es telefonsz\u00e1mot.<\/p>\n<p style=\"text-align: justify;\">V\u00e1runk a sz\u00ednh\u00e1zban!<\/p>","protected":false},"excerpt":{"rendered":"<p>A Regina Maria Sz\u00ednh\u00e1z \u00f6r\u00f6mmel jelenti be a Iosif Vulcan T\u00e1rsulat idei \u00e9vad\u00e1nak m\u00e1sodik premierj\u00e9t: a \u201eFrancia tan\u00e1rn\u0151\u201d c\u00edm\u0171 darabot Matei Mircioane adapt\u00e1lta Tudor Mu\u0219atescu nyom\u00e1n, a m\u0171v\u00e9szeti vezet\u00e9st \u00e9s a d\u00edszletet Dan Mirea tervezte. A m\u0171sorra okt\u00f3ber 19-\u00e9n, cs\u00fct\u00f6rt\u00f6k\u00f6n 12 \u00f3r\u00e1t\u00f3l ker\u00fcl sor a sz\u00ednh\u00e1z nagyterm\u00e9ben.<\/p>","protected":false},"author":6,"featured_media":0,"comment_status":"open","ping_status":"open","sticky":false,"template":"","format":"standard","meta":{"_acf_changed":false,"footnotes":""},"categories":[22],"tags":[318],"class_list":["post-1248","post","type-post","status-publish","format-standard","hentry","category-noutati-trupa-iosif-vulcan","tag-premiera"],"aioseo_notices":[],"aioseo_head":"\n\t\t<!-- All in One SEO Pro 5.0.1.1 - aioseo.com -->\n\t<meta name=\"description\" content=\"Teatrul Regina Maria are deosebita pl\u0103cere de a anun\u021ba a doua premier\u0103 din aceast\u0103 stagiune a Trupei Iosif Vulcan: \u201eProfu` de francez\u0103\u201d, adaptare de Matei Mircioane dup\u0103 Tudor Mu\u0219atescu, regia artistic\u0103 \u0219i scenografia Dan Mirea, spectacol organizat care va avea loc joi, 19 octombrie, de la ora 12:00, la Sala Mare a Teatrului. Autorul piesei\" \/>\n\t<meta name=\"robots\" content=\"max-image-preview:large\" \/>\n\t<meta name=\"author\" content=\"Teatrul Regina Maria\"\/>\n\t<link rel=\"canonical\" href=\"https:\/\/www.teatrulreginamaria.ro\/hu\/profu-de-dranceza-a-doua-premiera-a-stagiunii-2017-2018-a-trupei-iosif-vulcan\/\" \/>\n\t<meta name=\"generator\" content=\"All in One SEO Pro (AIOSEO) 5.0.1.1\" \/>\n\t\t<meta property=\"og:locale\" content=\"hu_HU\" \/>\n\t\t<meta property=\"og:site_name\" content=\"Teatrul Regina Maria Oradea - Trupa Iosif Vulcan \u0219i Trupa Arcadia\" \/>\n\t\t<meta property=\"og:type\" content=\"article\" \/>\n\t\t<meta property=\"og:title\" content=\"\u201ePROFU` DE DRANCEZ\u0102\u201d \u2013 a doua premier\u0103 a stagiunii 2017 \u2013 2018 a Trupei Iosif Vulcan - Teatrul Regina Maria Oradea\" \/>\n\t\t<meta property=\"og:description\" content=\"Teatrul Regina Maria are deosebita pl\u0103cere de a anun\u021ba a doua premier\u0103 din aceast\u0103 stagiune a Trupei Iosif Vulcan: \u201eProfu` de francez\u0103\u201d, adaptare de Matei Mircioane dup\u0103 Tudor Mu\u0219atescu, regia artistic\u0103 \u0219i scenografia Dan Mirea, spectacol organizat care va avea loc joi, 19 octombrie, de la ora 12:00, la Sala Mare a Teatrului. Autorul piesei\" \/>\n\t\t<meta property=\"og:url\" content=\"https:\/\/www.teatrulreginamaria.ro\/hu\/profu-de-dranceza-a-doua-premiera-a-stagiunii-2017-2018-a-trupei-iosif-vulcan\/\" \/>\n\t\t<meta property=\"og:image\" content=\"https:\/\/www.teatrulreginamaria.ro\/wp-content\/uploads\/2025\/03\/trm-istoric-01.jpg\" \/>\n\t\t<meta property=\"og:image:secure_url\" content=\"https:\/\/www.teatrulreginamaria.ro\/wp-content\/uploads\/2025\/03\/trm-istoric-01.jpg\" \/>\n\t\t<meta property=\"og:image:width\" content=\"1200\" \/>\n\t\t<meta property=\"og:image:height\" content=\"800\" \/>\n\t\t<meta property=\"article:published_time\" content=\"2017-10-20T07:05:37+00:00\" \/>\n\t\t<meta property=\"article:modified_time\" content=\"2017-10-20T07:05:37+00:00\" \/>\n\t\t<meta property=\"article:publisher\" content=\"https:\/\/www.facebook.com\/TRMTrupaIosifVulcan\/\" \/>\n\t\t<meta name=\"twitter:card\" content=\"summary_large_image\" \/>\n\t\t<meta name=\"twitter:site\" content=\"@TRMOradea\" \/>\n\t\t<meta name=\"twitter:title\" content=\"\u201ePROFU` DE DRANCEZ\u0102\u201d \u2013 a doua premier\u0103 a stagiunii 2017 \u2013 2018 a Trupei Iosif Vulcan - Teatrul Regina Maria Oradea\" \/>\n\t\t<meta name=\"twitter:description\" content=\"Teatrul Regina Maria are deosebita pl\u0103cere de a anun\u021ba a doua premier\u0103 din aceast\u0103 stagiune a Trupei Iosif Vulcan: \u201eProfu` de francez\u0103\u201d, adaptare de Matei Mircioane dup\u0103 Tudor Mu\u0219atescu, regia artistic\u0103 \u0219i scenografia Dan Mirea, spectacol organizat care va avea loc joi, 19 octombrie, de la ora 12:00, la Sala Mare a Teatrului. Autorul piesei\" \/>\n\t\t<meta name=\"twitter:creator\" content=\"@TRMOradea\" \/>\n\t\t<meta name=\"twitter:image\" content=\"https:\/\/www.teatrulreginamaria.ro\/wp-content\/uploads\/2025\/03\/trm-istoric-01.jpg\" \/>\n\t\t<script type=\"application\/ld+json\" class=\"aioseo-schema\">\n\t\t\t{\"@context\":\"https:\\\/\\\/schema.org\",\"@graph\":[{\"@type\":\"BlogPosting\",\"@id\":\"https:\\\/\\\/www.teatrulreginamaria.ro\\\/hu\\\/profu-de-dranceza-a-doua-premiera-a-stagiunii-2017-2018-a-trupei-iosif-vulcan\\\/#blogposting\",\"name\":\"\\u201ePROFU` DE DRANCEZ\\u0102\\u201d \\u2013 a doua premier\\u0103 a stagiunii 2017 \\u2013 2018 a Trupei Iosif Vulcan - Teatrul Regina Maria Oradea\",\"headline\":\"\\u201ePROFU` DE DRANCEZ\\u0102\\u201d \\u2013 a doua premier\\u0103 a stagiunii 2017 &#8211; 2018 a Trupei Iosif Vulcan\",\"author\":{\"@id\":\"https:\\\/\\\/www.teatrulreginamaria.ro\\\/hu\\\/author\\\/w3bmaster\\\/#author\"},\"publisher\":{\"@id\":\"https:\\\/\\\/www.teatrulreginamaria.ro\\\/hu\\\/#organization\"},\"image\":{\"@type\":\"ImageObject\",\"url\":\"https:\\\/\\\/www.teatrulreginamaria.ro\\\/wp-content\\\/uploads\\\/2025\\\/06\\\/logo-trm-01-dark.png\",\"@id\":\"https:\\\/\\\/www.teatrulreginamaria.ro\\\/hu\\\/#articleImage\",\"width\":300,\"height\":148},\"datePublished\":\"2017-10-20T07:05:37+03:00\",\"dateModified\":\"2017-10-20T07:05:37+03:00\",\"inLanguage\":\"hu-HU\",\"mainEntityOfPage\":{\"@id\":\"https:\\\/\\\/www.teatrulreginamaria.ro\\\/hu\\\/profu-de-dranceza-a-doua-premiera-a-stagiunii-2017-2018-a-trupei-iosif-vulcan\\\/#webpage\"},\"isPartOf\":{\"@id\":\"https:\\\/\\\/www.teatrulreginamaria.ro\\\/hu\\\/profu-de-dranceza-a-doua-premiera-a-stagiunii-2017-2018-a-trupei-iosif-vulcan\\\/#webpage\"},\"articleSection\":\"Nout\\u0103\\u021bi - Trupa Iosif Vulcan, premier\\u0103\"},{\"@type\":\"BreadcrumbList\",\"@id\":\"https:\\\/\\\/www.teatrulreginamaria.ro\\\/hu\\\/profu-de-dranceza-a-doua-premiera-a-stagiunii-2017-2018-a-trupei-iosif-vulcan\\\/#breadcrumblist\",\"itemListElement\":[{\"@type\":\"ListItem\",\"@id\":\"https:\\\/\\\/www.teatrulreginamaria.ro\\\/hu#listItem\",\"position\":1,\"name\":\"Home\",\"item\":\"https:\\\/\\\/www.teatrulreginamaria.ro\\\/hu\",\"nextItem\":{\"@type\":\"ListItem\",\"@id\":\"https:\\\/\\\/www.teatrulreginamaria.ro\\\/hu\\\/categorie\\\/noutati\\\/#listItem\",\"name\":\"Nout\\u0103\\u021bi\"}},{\"@type\":\"ListItem\",\"@id\":\"https:\\\/\\\/www.teatrulreginamaria.ro\\\/hu\\\/categorie\\\/noutati\\\/#listItem\",\"position\":2,\"name\":\"Nout\\u0103\\u021bi\",\"item\":\"https:\\\/\\\/www.teatrulreginamaria.ro\\\/hu\\\/categorie\\\/noutati\\\/\",\"nextItem\":{\"@type\":\"ListItem\",\"@id\":\"https:\\\/\\\/www.teatrulreginamaria.ro\\\/hu\\\/categorie\\\/noutati\\\/noutati-trupa-iosif-vulcan\\\/#listItem\",\"name\":\"Nout\\u0103\\u021bi - Trupa Iosif Vulcan\"},\"previousItem\":{\"@type\":\"ListItem\",\"@id\":\"https:\\\/\\\/www.teatrulreginamaria.ro\\\/hu#listItem\",\"name\":\"Home\"}},{\"@type\":\"ListItem\",\"@id\":\"https:\\\/\\\/www.teatrulreginamaria.ro\\\/hu\\\/categorie\\\/noutati\\\/noutati-trupa-iosif-vulcan\\\/#listItem\",\"position\":3,\"name\":\"Nout\\u0103\\u021bi - Trupa Iosif Vulcan\",\"item\":\"https:\\\/\\\/www.teatrulreginamaria.ro\\\/hu\\\/categorie\\\/noutati\\\/noutati-trupa-iosif-vulcan\\\/\",\"nextItem\":{\"@type\":\"ListItem\",\"@id\":\"https:\\\/\\\/www.teatrulreginamaria.ro\\\/hu\\\/profu-de-dranceza-a-doua-premiera-a-stagiunii-2017-2018-a-trupei-iosif-vulcan\\\/#listItem\",\"name\":\"\\u201ePROFU` DE DRANCEZ\\u0102\\u201d \\u2013 a doua premier\\u0103 a stagiunii 2017 &#8211; 2018 a Trupei Iosif Vulcan\"},\"previousItem\":{\"@type\":\"ListItem\",\"@id\":\"https:\\\/\\\/www.teatrulreginamaria.ro\\\/hu\\\/categorie\\\/noutati\\\/#listItem\",\"name\":\"Nout\\u0103\\u021bi\"}},{\"@type\":\"ListItem\",\"@id\":\"https:\\\/\\\/www.teatrulreginamaria.ro\\\/hu\\\/profu-de-dranceza-a-doua-premiera-a-stagiunii-2017-2018-a-trupei-iosif-vulcan\\\/#listItem\",\"position\":4,\"name\":\"\\u201ePROFU` DE DRANCEZ\\u0102\\u201d \\u2013 a doua premier\\u0103 a stagiunii 2017 &#8211; 2018 a Trupei Iosif Vulcan\",\"previousItem\":{\"@type\":\"ListItem\",\"@id\":\"https:\\\/\\\/www.teatrulreginamaria.ro\\\/hu\\\/categorie\\\/noutati\\\/noutati-trupa-iosif-vulcan\\\/#listItem\",\"name\":\"Nout\\u0103\\u021bi - Trupa Iosif Vulcan\"}}]},{\"@type\":\"Organization\",\"@id\":\"https:\\\/\\\/www.teatrulreginamaria.ro\\\/hu\\\/#organization\",\"name\":\"Teatrul Regina Maria Oradea\",\"description\":\"Trupa Iosif Vulcan \\u0219i Trupa Arcadia\",\"url\":\"https:\\\/\\\/www.teatrulreginamaria.ro\\\/hu\\\/\",\"email\":\"marketing@teatrulreginamaria.ro\",\"telephone\":\"+40359411534\",\"numberOfEmployees\":{\"@type\":\"QuantitativeValue\",\"minValue\":0,\"maxValue\":150},\"logo\":{\"@type\":\"ImageObject\",\"url\":\"https:\\\/\\\/www.teatrulreginamaria.ro\\\/wp-content\\\/uploads\\\/2025\\\/06\\\/logo-trm-01-dark.png\",\"@id\":\"https:\\\/\\\/www.teatrulreginamaria.ro\\\/hu\\\/profu-de-dranceza-a-doua-premiera-a-stagiunii-2017-2018-a-trupei-iosif-vulcan\\\/#organizationLogo\",\"width\":300,\"height\":148},\"image\":{\"@id\":\"https:\\\/\\\/www.teatrulreginamaria.ro\\\/hu\\\/profu-de-dranceza-a-doua-premiera-a-stagiunii-2017-2018-a-trupei-iosif-vulcan\\\/#organizationLogo\"},\"sameAs\":[\"https:\\\/\\\/www.facebook.com\\\/TRMTrupaIosifVulcan\\\/\",\"https:\\\/\\\/x.com\\\/TRMOradea\",\"https:\\\/\\\/www.instagram.com\\\/teatrul_regina_maria\\\/\",\"https:\\\/\\\/www.youtube.com\\\/c\\\/TeatrulReginaMariaOradea\",\"https:\\\/\\\/www.linkedin.com\\\/company\\\/teatrul-regina-maria\"]},{\"@type\":\"Person\",\"@id\":\"https:\\\/\\\/www.teatrulreginamaria.ro\\\/hu\\\/author\\\/w3bmaster\\\/#author\",\"url\":\"https:\\\/\\\/www.teatrulreginamaria.ro\\\/hu\\\/author\\\/w3bmaster\\\/\",\"name\":\"Teatrul Regina Maria\",\"image\":{\"@type\":\"ImageObject\",\"@id\":\"https:\\\/\\\/www.teatrulreginamaria.ro\\\/hu\\\/profu-de-dranceza-a-doua-premiera-a-stagiunii-2017-2018-a-trupei-iosif-vulcan\\\/#authorImage\",\"url\":\"https:\\\/\\\/secure.gravatar.com\\\/avatar\\\/5884139d508ae3f0bafe45e60563b48a9640146d3b08ccc6278c305ff9329305?s=96&d=mm&r=g\",\"width\":96,\"height\":96,\"caption\":\"Teatrul Regina Maria\"}},{\"@type\":\"WebPage\",\"@id\":\"https:\\\/\\\/www.teatrulreginamaria.ro\\\/hu\\\/profu-de-dranceza-a-doua-premiera-a-stagiunii-2017-2018-a-trupei-iosif-vulcan\\\/#webpage\",\"url\":\"https:\\\/\\\/www.teatrulreginamaria.ro\\\/hu\\\/profu-de-dranceza-a-doua-premiera-a-stagiunii-2017-2018-a-trupei-iosif-vulcan\\\/\",\"name\":\"\\u201ePROFU` DE DRANCEZ\\u0102\\u201d \\u2013 a doua premier\\u0103 a stagiunii 2017 \\u2013 2018 a Trupei Iosif Vulcan - Teatrul Regina Maria Oradea\",\"description\":\"Teatrul Regina Maria are deosebita pl\\u0103cere de a anun\\u021ba a doua premier\\u0103 din aceast\\u0103 stagiune a Trupei Iosif Vulcan: \\u201eProfu` de francez\\u0103\\u201d, adaptare de Matei Mircioane dup\\u0103 Tudor Mu\\u0219atescu, regia artistic\\u0103 \\u0219i scenografia Dan Mirea, spectacol organizat care va avea loc joi, 19 octombrie, de la ora 12:00, la Sala Mare a Teatrului. Autorul piesei\",\"inLanguage\":\"hu-HU\",\"isPartOf\":{\"@id\":\"https:\\\/\\\/www.teatrulreginamaria.ro\\\/hu\\\/#website\"},\"breadcrumb\":{\"@id\":\"https:\\\/\\\/www.teatrulreginamaria.ro\\\/hu\\\/profu-de-dranceza-a-doua-premiera-a-stagiunii-2017-2018-a-trupei-iosif-vulcan\\\/#breadcrumblist\"},\"author\":{\"@id\":\"https:\\\/\\\/www.teatrulreginamaria.ro\\\/hu\\\/author\\\/w3bmaster\\\/#author\"},\"creator\":{\"@id\":\"https:\\\/\\\/www.teatrulreginamaria.ro\\\/hu\\\/author\\\/w3bmaster\\\/#author\"},\"datePublished\":\"2017-10-20T07:05:37+03:00\",\"dateModified\":\"2017-10-20T07:05:37+03:00\"},{\"@type\":\"WebSite\",\"@id\":\"https:\\\/\\\/www.teatrulreginamaria.ro\\\/hu\\\/#website\",\"url\":\"https:\\\/\\\/www.teatrulreginamaria.ro\\\/hu\\\/\",\"name\":\"Teatrul Regina Maria Oradea\",\"alternateName\":\"TRM Oradea\",\"description\":\"Trupa Iosif Vulcan \\u0219i Trupa Arcadia\",\"inLanguage\":\"hu-HU\",\"publisher\":{\"@id\":\"https:\\\/\\\/www.teatrulreginamaria.ro\\\/hu\\\/#organization\"}}]}\n\t\t<\/script>\n\t\t<!-- All in One SEO Pro -->\r\n\t\t<title>\u201ePROFU` DE DRANCEZ\u0102\u201d \u2013 a doua premier\u0103 a stagiunii 2017 \u2013 2018 a Trupei Iosif Vulcan - Teatrul Regina Maria Oradea<\/title>\n\n","aioseo_head_json":{"title":"\u201e&quot;PROFU` DE DANCEZ\u0102&quot; \u2013 a Iosif Vulcan Troupe 2017-2018-as \u00e9vad\u00e1nak m\u00e1sodik premierje - Nagyv\u00e1radi Regina Maria Sz\u00ednh\u00e1z","description":"A Regina Maria Sz\u00ednh\u00e1z \u00f6r\u00f6mmel jelenti be a Iosif Vulcan T\u00e1rsulat idei m\u00e1sodik premierj\u00e9t: a \u201eProfu` de francez\u0103\u201d c\u00edm\u0171 darabot Matei Mircioane adapt\u00e1lta Tudor Mu\u0219atescu nyom\u00e1n, m\u0171v\u00e9szeti vezet\u0151 \u00e9s d\u00edszlettervez\u0151 Dan Mirea. Az el\u0151ad\u00e1s okt\u00f3ber 19-\u00e9n, cs\u00fct\u00f6rt\u00f6k\u00f6n 12 \u00f3rakor ker\u00fcl bemutat\u00e1sra a sz\u00ednh\u00e1z nagyterm\u00e9ben. A darab szerz\u0151je...","canonical_url":"https:\/\/www.teatrulreginamaria.ro\/hu\/profu-de-dranceza-a-doua-premiera-a-stagiunii-2017-2018-a-trupei-iosif-vulcan\/","robots":"max-image-preview:large","keywords":"","webmasterTools":{"miscellaneous":""},"schema":{"@context":"https:\/\/schema.org","@graph":[{"@type":"BlogPosting","@id":"https:\/\/www.teatrulreginamaria.ro\/hu\/profu-de-dranceza-a-doua-premiera-a-stagiunii-2017-2018-a-trupei-iosif-vulcan\/#blogposting","name":"\u201ePROFU` DE DRANCEZ\u0102\u201d \u2013 a doua premier\u0103 a stagiunii 2017 \u2013 2018 a Trupei Iosif Vulcan - Teatrul Regina Maria Oradea","headline":"\u201ePROFU` DE DRANCEZ\u0102\u201d \u2013 a doua premier\u0103 a stagiunii 2017 &#8211; 2018 a Trupei Iosif Vulcan","author":{"@id":"https:\/\/www.teatrulreginamaria.ro\/hu\/author\/w3bmaster\/#author"},"publisher":{"@id":"https:\/\/www.teatrulreginamaria.ro\/hu\/#organization"},"image":{"@type":"ImageObject","url":"https:\/\/www.teatrulreginamaria.ro\/wp-content\/uploads\/2025\/06\/logo-trm-01-dark.png","@id":"https:\/\/www.teatrulreginamaria.ro\/hu\/#articleImage","width":300,"height":148},"datePublished":"2017-10-20T07:05:37+03:00","dateModified":"2017-10-20T07:05:37+03:00","inLanguage":"hu-HU","mainEntityOfPage":{"@id":"https:\/\/www.teatrulreginamaria.ro\/hu\/profu-de-dranceza-a-doua-premiera-a-stagiunii-2017-2018-a-trupei-iosif-vulcan\/#webpage"},"isPartOf":{"@id":"https:\/\/www.teatrulreginamaria.ro\/hu\/profu-de-dranceza-a-doua-premiera-a-stagiunii-2017-2018-a-trupei-iosif-vulcan\/#webpage"},"articleSection":"Nout\u0103\u021bi - Trupa Iosif Vulcan, premier\u0103"},{"@type":"BreadcrumbList","@id":"https:\/\/www.teatrulreginamaria.ro\/hu\/profu-de-dranceza-a-doua-premiera-a-stagiunii-2017-2018-a-trupei-iosif-vulcan\/#breadcrumblist","itemListElement":[{"@type":"ListItem","@id":"https:\/\/www.teatrulreginamaria.ro\/hu#listItem","position":1,"name":"Home","item":"https:\/\/www.teatrulreginamaria.ro\/hu","nextItem":{"@type":"ListItem","@id":"https:\/\/www.teatrulreginamaria.ro\/hu\/categorie\/noutati\/#listItem","name":"Nout\u0103\u021bi"}},{"@type":"ListItem","@id":"https:\/\/www.teatrulreginamaria.ro\/hu\/categorie\/noutati\/#listItem","position":2,"name":"Nout\u0103\u021bi","item":"https:\/\/www.teatrulreginamaria.ro\/hu\/categorie\/noutati\/","nextItem":{"@type":"ListItem","@id":"https:\/\/www.teatrulreginamaria.ro\/hu\/categorie\/noutati\/noutati-trupa-iosif-vulcan\/#listItem","name":"Nout\u0103\u021bi - Trupa Iosif Vulcan"},"previousItem":{"@type":"ListItem","@id":"https:\/\/www.teatrulreginamaria.ro\/hu#listItem","name":"Home"}},{"@type":"ListItem","@id":"https:\/\/www.teatrulreginamaria.ro\/hu\/categorie\/noutati\/noutati-trupa-iosif-vulcan\/#listItem","position":3,"name":"Nout\u0103\u021bi - Trupa Iosif Vulcan","item":"https:\/\/www.teatrulreginamaria.ro\/hu\/categorie\/noutati\/noutati-trupa-iosif-vulcan\/","nextItem":{"@type":"ListItem","@id":"https:\/\/www.teatrulreginamaria.ro\/hu\/profu-de-dranceza-a-doua-premiera-a-stagiunii-2017-2018-a-trupei-iosif-vulcan\/#listItem","name":"\u201ePROFU` DE DRANCEZ\u0102\u201d \u2013 a doua premier\u0103 a stagiunii 2017 &#8211; 2018 a Trupei Iosif Vulcan"},"previousItem":{"@type":"ListItem","@id":"https:\/\/www.teatrulreginamaria.ro\/hu\/categorie\/noutati\/#listItem","name":"Nout\u0103\u021bi"}},{"@type":"ListItem","@id":"https:\/\/www.teatrulreginamaria.ro\/hu\/profu-de-dranceza-a-doua-premiera-a-stagiunii-2017-2018-a-trupei-iosif-vulcan\/#listItem","position":4,"name":"\u201ePROFU` DE DRANCEZ\u0102\u201d \u2013 a doua premier\u0103 a stagiunii 2017 &#8211; 2018 a Trupei Iosif Vulcan","previousItem":{"@type":"ListItem","@id":"https:\/\/www.teatrulreginamaria.ro\/hu\/categorie\/noutati\/noutati-trupa-iosif-vulcan\/#listItem","name":"Nout\u0103\u021bi - Trupa Iosif Vulcan"}}]},{"@type":"Organization","@id":"https:\/\/www.teatrulreginamaria.ro\/hu\/#organization","name":"Teatrul Regina Maria Oradea","description":"Trupa Iosif Vulcan \u0219i Trupa Arcadia","url":"https:\/\/www.teatrulreginamaria.ro\/hu\/","email":"marketing@teatrulreginamaria.ro","telephone":"+40359411534","numberOfEmployees":{"@type":"QuantitativeValue","minValue":0,"maxValue":150},"logo":{"@type":"ImageObject","url":"https:\/\/www.teatrulreginamaria.ro\/wp-content\/uploads\/2025\/06\/logo-trm-01-dark.png","@id":"https:\/\/www.teatrulreginamaria.ro\/hu\/profu-de-dranceza-a-doua-premiera-a-stagiunii-2017-2018-a-trupei-iosif-vulcan\/#organizationLogo","width":300,"height":148},"image":{"@id":"https:\/\/www.teatrulreginamaria.ro\/hu\/profu-de-dranceza-a-doua-premiera-a-stagiunii-2017-2018-a-trupei-iosif-vulcan\/#organizationLogo"},"sameAs":["https:\/\/www.facebook.com\/TRMTrupaIosifVulcan\/","https:\/\/x.com\/TRMOradea","https:\/\/www.instagram.com\/teatrul_regina_maria\/","https:\/\/www.youtube.com\/c\/TeatrulReginaMariaOradea","https:\/\/www.linkedin.com\/company\/teatrul-regina-maria"]},{"@type":"Person","@id":"https:\/\/www.teatrulreginamaria.ro\/hu\/author\/w3bmaster\/#author","url":"https:\/\/www.teatrulreginamaria.ro\/hu\/author\/w3bmaster\/","name":"Teatrul Regina Maria","image":{"@type":"ImageObject","@id":"https:\/\/www.teatrulreginamaria.ro\/hu\/profu-de-dranceza-a-doua-premiera-a-stagiunii-2017-2018-a-trupei-iosif-vulcan\/#authorImage","url":"https:\/\/secure.gravatar.com\/avatar\/5884139d508ae3f0bafe45e60563b48a9640146d3b08ccc6278c305ff9329305?s=96&d=mm&r=g","width":96,"height":96,"caption":"Teatrul Regina Maria"}},{"@type":"WebPage","@id":"https:\/\/www.teatrulreginamaria.ro\/hu\/profu-de-dranceza-a-doua-premiera-a-stagiunii-2017-2018-a-trupei-iosif-vulcan\/#webpage","url":"https:\/\/www.teatrulreginamaria.ro\/hu\/profu-de-dranceza-a-doua-premiera-a-stagiunii-2017-2018-a-trupei-iosif-vulcan\/","name":"\u201ePROFU` DE DRANCEZ\u0102\u201d \u2013 a doua premier\u0103 a stagiunii 2017 \u2013 2018 a Trupei Iosif Vulcan - Teatrul Regina Maria Oradea","description":"Teatrul Regina Maria are deosebita pl\u0103cere de a anun\u021ba a doua premier\u0103 din aceast\u0103 stagiune a Trupei Iosif Vulcan: \u201eProfu` de francez\u0103\u201d, adaptare de Matei Mircioane dup\u0103 Tudor Mu\u0219atescu, regia artistic\u0103 \u0219i scenografia Dan Mirea, spectacol organizat care va avea loc joi, 19 octombrie, de la ora 12:00, la Sala Mare a Teatrului. Autorul piesei","inLanguage":"hu-HU","isPartOf":{"@id":"https:\/\/www.teatrulreginamaria.ro\/hu\/#website"},"breadcrumb":{"@id":"https:\/\/www.teatrulreginamaria.ro\/hu\/profu-de-dranceza-a-doua-premiera-a-stagiunii-2017-2018-a-trupei-iosif-vulcan\/#breadcrumblist"},"author":{"@id":"https:\/\/www.teatrulreginamaria.ro\/hu\/author\/w3bmaster\/#author"},"creator":{"@id":"https:\/\/www.teatrulreginamaria.ro\/hu\/author\/w3bmaster\/#author"},"datePublished":"2017-10-20T07:05:37+03:00","dateModified":"2017-10-20T07:05:37+03:00"},{"@type":"WebSite","@id":"https:\/\/www.teatrulreginamaria.ro\/hu\/#website","url":"https:\/\/www.teatrulreginamaria.ro\/hu\/","name":"Teatrul Regina Maria Oradea","alternateName":"TRM Oradea","description":"Trupa Iosif Vulcan \u0219i Trupa Arcadia","inLanguage":"hu-HU","publisher":{"@id":"https:\/\/www.teatrulreginamaria.ro\/hu\/#organization"}}]},"og:locale":"hu_HU","og:site_name":"Teatrul Regina Maria Oradea - Trupa Iosif Vulcan \u0219i Trupa Arcadia","og:type":"article","og:title":"\u201ePROFU` DE DRANCEZ\u0102\u201d \u2013 a doua premier\u0103 a stagiunii 2017 \u2013 2018 a Trupei Iosif Vulcan - Teatrul Regina Maria Oradea","og:description":"Teatrul Regina Maria are deosebita pl\u0103cere de a anun\u021ba a doua premier\u0103 din aceast\u0103 stagiune a Trupei Iosif Vulcan: \u201eProfu` de francez\u0103\u201d, adaptare de Matei Mircioane dup\u0103 Tudor Mu\u0219atescu, regia artistic\u0103 \u0219i scenografia Dan Mirea, spectacol organizat care va avea loc joi, 19 octombrie, de la ora 12:00, la Sala Mare a Teatrului. Autorul piesei","og:url":"https:\/\/www.teatrulreginamaria.ro\/hu\/profu-de-dranceza-a-doua-premiera-a-stagiunii-2017-2018-a-trupei-iosif-vulcan\/","og:image":"https:\/\/www.teatrulreginamaria.ro\/wp-content\/uploads\/2025\/03\/trm-istoric-01.jpg","og:image:secure_url":"https:\/\/www.teatrulreginamaria.ro\/wp-content\/uploads\/2025\/03\/trm-istoric-01.jpg","og:image:width":1200,"og:image:height":800,"article:published_time":"2017-10-20T07:05:37+00:00","article:modified_time":"2017-10-20T07:05:37+00:00","article:publisher":"https:\/\/www.facebook.com\/TRMTrupaIosifVulcan\/","twitter:card":"summary_large_image","twitter:site":"@TRMOradea","twitter:title":"\u201ePROFU` DE DRANCEZ\u0102\u201d \u2013 a doua premier\u0103 a stagiunii 2017 \u2013 2018 a Trupei Iosif Vulcan - Teatrul Regina Maria Oradea","twitter:description":"Teatrul Regina Maria are deosebita pl\u0103cere de a anun\u021ba a doua premier\u0103 din aceast\u0103 stagiune a Trupei Iosif Vulcan: \u201eProfu` de francez\u0103\u201d, adaptare de Matei Mircioane dup\u0103 Tudor Mu\u0219atescu, regia artistic\u0103 \u0219i scenografia Dan Mirea, spectacol organizat care va avea loc joi, 19 octombrie, de la ora 12:00, la Sala Mare a Teatrului. Autorul piesei","twitter:creator":"@TRMOradea","twitter:image":"https:\/\/www.teatrulreginamaria.ro\/wp-content\/uploads\/2025\/03\/trm-istoric-01.jpg"},"aioseo_meta_data":{"post_id":"1248","title":null,"description":null,"keywords":null,"keyphrases":null,"primary_term":null,"canonical_url":null,"og_title":null,"og_description":null,"og_object_type":"default","og_image_type":"default","og_image_url":null,"og_image_width":null,"og_image_height":null,"og_image_custom_url":null,"og_image_custom_fields":null,"og_video":null,"og_custom_url":null,"og_article_section":null,"og_article_tags":null,"twitter_use_og":false,"twitter_card":"default","twitter_image_type":"default","twitter_image_url":null,"twitter_image_custom_url":null,"twitter_image_custom_fields":null,"twitter_title":null,"twitter_description":null,"schema":{"blockGraphs":[],"customGraphs":[],"default":{"data":{"Article":[],"Course":[],"Dataset":[],"FAQPage":[],"Movie":[],"Person":[],"Product":[],"ProductReview":[],"Car":[],"Recipe":[],"Service":[],"SoftwareApplication":[],"WebPage":[]},"graphName":"","isEnabled":true},"graphs":[]},"schema_type":"default","schema_type_options":null,"pillar_content":false,"robots_default":true,"robots_noindex":false,"robots_noarchive":false,"robots_nosnippet":false,"robots_nofollow":false,"robots_noimageindex":false,"robots_noodp":false,"robots_notranslate":false,"robots_max_snippet":null,"robots_max_videopreview":null,"robots_max_imagepreview":"large","priority":null,"frequency":null,"local_seo":null,"seo_analyzer_scan_date":"2026-05-13 01:45:35","breadcrumb_settings":null,"limit_modified_date":false,"reviewed_by":null,"open_ai":null,"ai":null,"created":"2025-04-09 17:42:40","updated":"2026-05-13 01:45:35","focus_keyword":null,"additional_keywords":null,"truseo_locale":null},"aioseo_breadcrumb":"<div class=\"aioseo-breadcrumbs\"><span class=\"aioseo-breadcrumb\">\n\t<a href=\"https:\/\/www.teatrulreginamaria.ro\/hu\" title=\"Home\">Home<\/a>\n<\/span><span class=\"aioseo-breadcrumb-separator\">&raquo;<\/span><span class=\"aioseo-breadcrumb\">\n\t<a href=\"https:\/\/www.teatrulreginamaria.ro\/hu\/categorie\/noutati\/\" title=\"Nout\u0103\u021bi\">Nout\u0103\u021bi<\/a>\n<\/span><span class=\"aioseo-breadcrumb-separator\">&raquo;<\/span><span class=\"aioseo-breadcrumb\">\n\t<a href=\"https:\/\/www.teatrulreginamaria.ro\/hu\/categorie\/noutati\/noutati-trupa-iosif-vulcan\/\" title=\"Nout\u0103\u021bi - Trupa Iosif Vulcan\">Nout\u0103\u021bi - Trupa Iosif Vulcan<\/a>\n<\/span><span class=\"aioseo-breadcrumb-separator\">&raquo;<\/span><span class=\"aioseo-breadcrumb\">\n\t\u201ePROFU` DE DRANCEZ\u0102\u201d \u2013 a doua premier\u0103 a stagiunii 2017 \u2013 2018 a Trupei Iosif Vulcan\n<\/span><\/div>","aioseo_breadcrumb_json":[{"label":"Home","link":"https:\/\/www.teatrulreginamaria.ro\/hu"},{"label":"Nout\u0103\u021bi","link":"https:\/\/www.teatrulreginamaria.ro\/hu\/categorie\/noutati\/"},{"label":"Nout\u0103\u021bi - Trupa Iosif Vulcan","link":"https:\/\/www.teatrulreginamaria.ro\/hu\/categorie\/noutati\/noutati-trupa-iosif-vulcan\/"},{"label":"\u201ePROFU` DE DRANCEZ\u0102\u201d \u2013 a doua premier\u0103 a stagiunii 2017 &#8211; 2018 a Trupei Iosif Vulcan","link":"https:\/\/www.teatrulreginamaria.ro\/hu\/profu-de-dranceza-a-doua-premiera-a-stagiunii-2017-2018-a-trupei-iosif-vulcan\/"}],"acf":[],"_links":{"self":[{"href":"https:\/\/www.teatrulreginamaria.ro\/hu\/wp-json\/wp\/v2\/posts\/1248","targetHints":{"allow":["GET"]}}],"collection":[{"href":"https:\/\/www.teatrulreginamaria.ro\/hu\/wp-json\/wp\/v2\/posts"}],"about":[{"href":"https:\/\/www.teatrulreginamaria.ro\/hu\/wp-json\/wp\/v2\/types\/post"}],"author":[{"embeddable":true,"href":"https:\/\/www.teatrulreginamaria.ro\/hu\/wp-json\/wp\/v2\/users\/6"}],"replies":[{"embeddable":true,"href":"https:\/\/www.teatrulreginamaria.ro\/hu\/wp-json\/wp\/v2\/comments?post=1248"}],"version-history":[{"count":0,"href":"https:\/\/www.teatrulreginamaria.ro\/hu\/wp-json\/wp\/v2\/posts\/1248\/revisions"}],"wp:attachment":[{"href":"https:\/\/www.teatrulreginamaria.ro\/hu\/wp-json\/wp\/v2\/media?parent=1248"}],"wp:term":[{"taxonomy":"category","embeddable":true,"href":"https:\/\/www.teatrulreginamaria.ro\/hu\/wp-json\/wp\/v2\/categories?post=1248"},{"taxonomy":"post_tag","embeddable":true,"href":"https:\/\/www.teatrulreginamaria.ro\/hu\/wp-json\/wp\/v2\/tags?post=1248"}],"curies":[{"name":"munkaf\u00fczet","href":"https:\/\/api.w.org\/{rel}","templated":true}]}}