{"id":1266,"date":"2017-12-27T13:51:36","date_gmt":"2017-12-27T13:51:36","guid":{"rendered":"https:\/\/teatrulreginamaria.ro\/2017\/12\/27\/ion-abrudan-cuvant-de-despartire\/"},"modified":"2017-12-27T13:51:36","modified_gmt":"2017-12-27T13:51:36","slug":"ion-abrudan-bucsuszavai","status":"publish","type":"post","link":"https:\/\/www.teatrulreginamaria.ro\/hu\/ion-abrudan-cuvant-de-despartire\/","title":{"rendered":"ION ABRUDAN \u2013 B\u00daCS\u00daSZ\u00d3"},"content":{"rendered":"<p style=\"text-align: justify;\"><span style=\"font-size: 10pt;\">Kem\u00e9ny t\u00e9l. Az elv\u00e1l\u00e1sok szezonja. Elhunyt Stela Popescu \u00e9s Olga Tudorache sz\u00edn\u00e9szn\u0151k. V\u00e1ratlanul elhunyt ION ABRUDAN sz\u00edn\u00e9sz, polg\u00e1rt\u00e1rsunk. H\u00e1rom h\u00f3nap m\u00falva bet\u00f6lt\u00f6tte volna a 80. \u00e9let\u00e9v\u00e9t... Lehet, hogy egyeseknek, f\u0151leg a fiataloknak, ez soknak t\u0171nik, tekintve, hogy a 80 egy kor... de ha belegondolunk, hogy 56-ot t\u00f6lt\u00f6tt a sz\u00ednpadon, \u00e9s az utols\u00f3 napokig folytatta a fell\u00e9p\u00e9st, a feled\u00e9kenys\u00e9g vagy a f\u00e1radts\u00e1g jeleit sem mutatva, az nem sok. <\/span><\/p>\n<p><!--more--><\/p>\n<p style=\"text-align: justify;\"><span style=\"font-size: 10pt;\">Koll\u00e9g\u00e1i tan\u00fas\u00edthatj\u00e1k, hogy Ion soha nem n\u00e9zett a s\u00fag\u00f3g\u00e9pre, mindig t\u00f6k\u00e9letesen ismerte a sz\u00f6veget, \u00e9s mindig figyelt arra, HOGYAN l\u00e9pett sz\u00ednpadra: azzal a tisztelettel, amelyet csod\u00e1latos sz\u00ednpadi tan\u00e1rai, Ion Cojar, Maestrul Finte\u015feanu, Moni Ghelerter, Sanda Manu, de k\u00fcl\u00f6n\u00f6sen a kiv\u00e1l\u00f3 sz\u00edn\u00e9szn\u0151, Dina Cocea oltottak bel\u00e9, akinek szeretett tan\u00edtv\u00e1nya volt... Marin Moraru \u00e9s Gheorghe Dinic\u0103 oszt\u00e1lyt\u00e1rsa \u00e9s bar\u00e1tja volt, itt vannak ma, tal\u00e1n a mennyei gondvisel\u00e9s arra rendeli \u0151ket, hogy nagyszer\u0171 el\u0151ad\u00e1sokat j\u00e1tsszanak a Mennyei Orsz\u00e1g nagy sz\u00ednpad\u00e1n. A Nagyv\u00e1radon sz\u00fcletett Ion az \u00e9retts\u00e9gi ut\u00e1n sz\u00fcl\u0151v\u00e1rosa sz\u00ednh\u00e1z\u00e1ba ker\u00fclt, deb\u00fct\u00e1lt a nagyv\u00e1radi sz\u00ednpadon, \u00e9s 56 \u00e9vig j\u00e1tszott... Egy egyed\u00fcl\u00e1ll\u00f3ban. T\u00f6bb mint 200 szerepet j\u00e1tszott klasszikus \u00e9s kort\u00e1rs, rom\u00e1n \u00e9s k\u00fclf\u00f6ldi darabok el\u0151ad\u00e1saiban, dr\u00e1m\u00e1kban \u00e9s v\u00edgj\u00e1t\u00e9kokban, rev\u00fckben, verses el\u0151ad\u00e1sokban. \u0150 volt a h\u00edres Caffe-sz\u00ednh\u00e1z kezdem\u00e9nyez\u0151je, amelyet a Nicolae Labi\u015f hangverseny\u00e9vel avattak fel. T\u00f6bb sz\u00e1z f\u0151szerepl\u0151t alak\u00edtott, akik k\u00f6z\u00fcl a legt\u00f6bbet mindig a t\u00e1rsulat fontos sz\u00edn\u00e9sz\u00e9nek tartott\u00e1k. Ragaszkodva karaktereihez, igyekezett bel\u00e9j\u00fck v\u00e9sni azt az eredetis\u00e9get, amely \u00f6sszet\u00e9veszthetetlenn\u00e9 teszi \u0151ket. \u00c9s \u00edgy is t\u00f6rt\u00e9nt.<\/span><\/p>\n<p style=\"text-align: justify;\"><span style=\"font-size: 10pt;\">Kifog\u00e1stalanul dolgozott egy\u00fctt nagyszer\u0171 rendez\u0151kkel (Radu Penciulescu, Valeriu Moisescu, Sanda Manu, Zoe Anghel Stanca, Mihai M\u0103niu\u0163iu, Alexandru Darie, Sergiu Savin, Anca Bradu, Petru Vutc\u0103r\u0103u stb.) Alexandru Colpacci kedvenc sz\u00edn\u00e9sze volt, aki soha nem hagyta j\u00f3 bar\u00e1tj\u00e1t. Figyelemre m\u00e9lt\u00f3 szerepek maradnak meg a Nagyv\u00e1radi Sz\u00ednh\u00e1z Dokumentumfilmj\u00e9ben, a szakma minden m\u00faland\u00f3s\u00e1g\u00e1val egy\u00fctt: Ipingescu \u00e9s Ca\u0163avencu Caragiale v\u00edgj\u00e1t\u00e9kaiban, Ms. \u015earl Alecsandri Chiri\u0163a c\u00edm\u0171 darabj\u00e1ban, Papur\u0103 Vod\u0103 a S\u00e2nziana \u00e9s Pepelea c\u00edm\u0171 darabokban, George Dandin Moli\u00e8re v\u00edgj\u00e1t\u00e9k\u00e1ban, Gaev Csehov Csereszny\u00e9skertj\u00e9ben, Oleg Baian Majakovszkij Plo\u015fni\u0163a c\u00edm\u0171 darabj\u00e1ban, B\u00e2lea Mircea Bradu Feh\u00e9r \u00e9jszak\u00e1ja c\u00edm\u0171 darabj\u00e1ban, a Filharm\u00f3nia igazgat\u00f3ja Mrozek V\u00e1g\u00f3h\u00eddj\u00e1n, Nicodemo Antonio Gala Mad\u00e1rtemet\u0151 c\u00edm\u0171 darabj\u00e1ban \u00e9s m\u00e9g sok-sok m\u00e1s. Sz\u00e1zszor, ahogy mondtam... T\u00f6bb mint sz\u00e1zszor j\u00e1tszotta, fantasztikus humorral, egy vid\u00e1m karaktert a Mez\u00edtl\u00e1b a parkban c\u00edm\u0171 darabban, majd egy dr\u00e1mai szerepet a Sz\u00e1ll a kakukk f\u00e9szk\u00e9re c\u00edm\u0171 darabban...<\/span><\/p>\n<p style=\"text-align: justify;\"><span style=\"font-size: 10pt;\">Ne feledkezz\u00fcnk meg a kedves Lazar Wolf karakter\u00e9r\u0151l sem a Heged\u0171s a h\u00e1ztet\u0151n c\u00edm\u0171 darabb\u00f3l. \u0150 j\u00e1tszotta, \u0150 volt... ezek a szavak m\u00falt id\u0151ben ann\u00e1l ink\u00e1bb elszomor\u00edtanak minket, hiszen tudjuk, mennyire kedves volt a SZ\u00cdNH\u00c1ZNAK, mennyire szerette a sz\u00ednpadot, \u00e9s milyen \u0151szinte szeretettel \u00e9s hat\u00e1rtalan odaad\u00e1ssal szentelte mag\u00e1t neki! \u00d6t \u00e9ven \u00e1t vezette ritka odaad\u00e1ssal \u00e9s elk\u00f6telezetts\u00e9ggel a Nagyv\u00e1radi Sz\u00ednh\u00e1zat, tansz\u00e9kvezet\u0151k\u00e9nt \u00e9s m\u0171v\u00e9szeti vezet\u0151k\u00e9nt, jelent\u0151s m\u0171v\u00e9szi eredm\u00e9nyeket el\u00e9rve. \u0150 volt a Zone St\u00fadi\u00f3 anim\u00e1ci\u00f3s filmjeiben n\u00e9h\u00e1ny csintalan karakter f\u00e9lreismerhetetlen HANGJA is. A gyerekek felismert\u00e9k a hangj\u00e1t az utc\u00e1n... \u00e9lvezt\u00e9k a v\u00e1ratlan tal\u00e1lkoz\u00e1st. J\u00f3zan, de nem keser\u0171, finom, ig\u00e9nyes humorral, n\u00e9ha t\u00falzottan is tisztelve a sz\u00ednpadot, koll\u00e9g\u00e1it, a rendez\u0151t, de a k\u00f6z\u00f6ns\u00e9get is, Ion Abrudan mindig p\u00e9ldak\u00e9p volt fiatal koll\u00e9g\u00e1i sz\u00e1m\u00e1ra. Ion Abrudan szenved\u00e9lyesen v\u00e9gezte sz\u00ednpadi munk\u00e1j\u00e1t, hitt abban, hogy az Istent\u0151l kapott tehets\u00e9get (kegyelmet) meg kell sokszorozni. Ezt tette... 56 \u00e9ven \u00e1t.... <\/span><\/p>\n<p style=\"text-align: justify;\"><span style=\"font-size: 10pt;\">Szeret\u0151 f\u00e9rj \u00e9s apa, aki im\u00e1dta a l\u00e1ny\u00e1t, b\u00fcszke volt mindkett\u0151j\u00fckre, akik viszont im\u00e1dt\u00e1k \u0151t, Ion mindannyiunk j\u00f3 \u00e9s odaad\u00f3 bar\u00e1tja volt. Mit mondhatsz a b\u00facs\u00fa \u00f3r\u00e1j\u00e1n egy bar\u00e1tnak? Sima \u00faton az \u00f6r\u00f6kk\u00e9val\u00f3s\u00e1gba, kedves Ioane! Sima \u00faton\u2026<\/span><\/p>\n<p style=\"text-align: right;\"><span style=\"font-size: 10pt;\">Elistabeta Pop\u00a0<\/span><\/p>\n<p><span style=\"font-size: 10pt;\"><strong>Az \u00e9lettelen testtel ell\u00e1tott kopors\u00f3t elhelyezik <\/strong><strong><u>a Queen Maria Sz\u00ednh\u00e1z el\u0151csarnoka<\/u><\/strong><strong> azon a napon, amikor <\/strong><strong><u>2017. december 29. id\u0151intervallum 11:00-13:00<\/u><\/strong><strong>, hogy mindazok, akik ismert\u00e9k \u00e9s szerett\u00e9k, elb\u00facs\u00fazhassanak t\u0151le. <\/strong><strong><u>A temet\u00e9s ugyanazon a napon, d\u00e9lut\u00e1n 2 \u00f3rakor lesz a Rulikowski temet\u0151 Ha\u0219a\u0219-k\u00e1poln\u00e1j\u00e1ban.<\/u><\/strong><\/span><\/p>","protected":false},"excerpt":{"rendered":"<p>Iarn\u0103 grea. Anotimp al desp\u0103r\u0163irilor. Au plecat spre ve\u015fnicie, iat\u0103, actri\u0163ele Stela Popescu \u015fi Olga Tudorache. Pleac\u0103, pe nea\u015fteptate, actorul ION ABRUDAN, concet\u0103\u0163eanul nostru. Peste trei luni ar fi \u00eemplinit 80 de ani\u2026Poate unora, mai ales celor tineri li se vor p\u0103rea mul\u0163i, socotind c\u0103 80 e\u00a0 o v\u00e2rst\u0103\u2026 dar dac\u0103 te g\u00e2nde\u015fti c\u0103 din [&hellip;]<\/p>\n","protected":false},"author":6,"featured_media":0,"comment_status":"open","ping_status":"open","sticky":false,"template":"","format":"standard","meta":{"_acf_changed":false,"footnotes":""},"categories":[22],"tags":[237,299,254],"class_list":["post-1266","post","type-post","status-publish","format-standard","hentry","category-noutati-trupa-iosif-vulcan","tag-actori","tag-echipa","tag-ion-abrudan"],"aioseo_notices":[],"aioseo_head":"\n\t\t<!-- All in One SEO Pro 5.0.1.1 - aioseo.com -->\n\t<meta name=\"description\" content=\"Iarn\u0103 grea. Anotimp al desp\u0103r\u0163irilor. Au plecat spre ve\u015fnicie, iat\u0103, actri\u0163ele Stela Popescu \u015fi Olga Tudorache. Pleac\u0103, pe nea\u015fteptate, actorul ION ABRUDAN, concet\u0103\u0163eanul nostru. Peste trei luni ar fi \u00eemplinit 80 de ani\u2026Poate unora, mai ales celor tineri li se vor p\u0103rea mul\u0163i, socotind c\u0103 80 e o v\u00e2rst\u0103\u2026 dar dac\u0103 te g\u00e2nde\u015fti c\u0103 din\" \/>\n\t<meta name=\"robots\" content=\"max-image-preview:large\" \/>\n\t<meta name=\"author\" content=\"Teatrul Regina Maria\"\/>\n\t<link rel=\"canonical\" href=\"https:\/\/www.teatrulreginamaria.ro\/hu\/ion-abrudan-cuvant-de-despartire\/\" \/>\n\t<meta name=\"generator\" content=\"All in One SEO Pro (AIOSEO) 5.0.1.1\" \/>\n\t\t<meta property=\"og:locale\" content=\"hu_HU\" \/>\n\t\t<meta property=\"og:site_name\" content=\"Teatrul Regina Maria Oradea - Trupa Iosif Vulcan \u0219i Trupa Arcadia\" \/>\n\t\t<meta property=\"og:type\" content=\"article\" \/>\n\t\t<meta property=\"og:title\" content=\"ION ABRUDAN \u2013 CUV\u00c2NT de DESP\u0102R\u0162IRE - Teatrul Regina Maria Oradea\" \/>\n\t\t<meta property=\"og:description\" content=\"Iarn\u0103 grea. Anotimp al desp\u0103r\u0163irilor. Au plecat spre ve\u015fnicie, iat\u0103, actri\u0163ele Stela Popescu \u015fi Olga Tudorache. Pleac\u0103, pe nea\u015fteptate, actorul ION ABRUDAN, concet\u0103\u0163eanul nostru. Peste trei luni ar fi \u00eemplinit 80 de ani\u2026Poate unora, mai ales celor tineri li se vor p\u0103rea mul\u0163i, socotind c\u0103 80 e o v\u00e2rst\u0103\u2026 dar dac\u0103 te g\u00e2nde\u015fti c\u0103 din\" \/>\n\t\t<meta property=\"og:url\" content=\"https:\/\/www.teatrulreginamaria.ro\/hu\/ion-abrudan-cuvant-de-despartire\/\" \/>\n\t\t<meta property=\"og:image\" content=\"https:\/\/www.teatrulreginamaria.ro\/wp-content\/uploads\/2025\/03\/trm-istoric-01.jpg\" \/>\n\t\t<meta property=\"og:image:secure_url\" content=\"https:\/\/www.teatrulreginamaria.ro\/wp-content\/uploads\/2025\/03\/trm-istoric-01.jpg\" \/>\n\t\t<meta property=\"og:image:width\" content=\"1200\" \/>\n\t\t<meta property=\"og:image:height\" content=\"800\" \/>\n\t\t<meta property=\"article:published_time\" content=\"2017-12-27T13:51:36+00:00\" \/>\n\t\t<meta property=\"article:modified_time\" content=\"2017-12-27T13:51:36+00:00\" \/>\n\t\t<meta property=\"article:publisher\" content=\"https:\/\/www.facebook.com\/TRMTrupaIosifVulcan\/\" \/>\n\t\t<meta name=\"twitter:card\" content=\"summary_large_image\" \/>\n\t\t<meta name=\"twitter:site\" content=\"@TRMOradea\" \/>\n\t\t<meta name=\"twitter:title\" content=\"ION ABRUDAN \u2013 CUV\u00c2NT de DESP\u0102R\u0162IRE - Teatrul Regina Maria Oradea\" \/>\n\t\t<meta name=\"twitter:description\" content=\"Iarn\u0103 grea. Anotimp al desp\u0103r\u0163irilor. Au plecat spre ve\u015fnicie, iat\u0103, actri\u0163ele Stela Popescu \u015fi Olga Tudorache. Pleac\u0103, pe nea\u015fteptate, actorul ION ABRUDAN, concet\u0103\u0163eanul nostru. Peste trei luni ar fi \u00eemplinit 80 de ani\u2026Poate unora, mai ales celor tineri li se vor p\u0103rea mul\u0163i, socotind c\u0103 80 e o v\u00e2rst\u0103\u2026 dar dac\u0103 te g\u00e2nde\u015fti c\u0103 din\" \/>\n\t\t<meta name=\"twitter:creator\" content=\"@TRMOradea\" \/>\n\t\t<meta name=\"twitter:image\" content=\"https:\/\/www.teatrulreginamaria.ro\/wp-content\/uploads\/2025\/03\/trm-istoric-01.jpg\" \/>\n\t\t<script type=\"application\/ld+json\" class=\"aioseo-schema\">\n\t\t\t{\"@context\":\"https:\\\/\\\/schema.org\",\"@graph\":[{\"@type\":\"BlogPosting\",\"@id\":\"https:\\\/\\\/www.teatrulreginamaria.ro\\\/hu\\\/ion-abrudan-cuvant-de-despartire\\\/#blogposting\",\"name\":\"ION ABRUDAN \\u2013 CUV\\u00c2NT de DESP\\u0102R\\u0162IRE - Teatrul Regina Maria Oradea\",\"headline\":\"ION\\u00a0 ABRUDAN &#8211;\\u00a0 CUV\\u00c2NT de DESP\\u0102R\\u0162IRE\",\"author\":{\"@id\":\"https:\\\/\\\/www.teatrulreginamaria.ro\\\/hu\\\/author\\\/w3bmaster\\\/#author\"},\"publisher\":{\"@id\":\"https:\\\/\\\/www.teatrulreginamaria.ro\\\/hu\\\/#organization\"},\"image\":{\"@type\":\"ImageObject\",\"url\":\"https:\\\/\\\/www.teatrulreginamaria.ro\\\/wp-content\\\/uploads\\\/2025\\\/06\\\/logo-trm-01-dark.png\",\"@id\":\"https:\\\/\\\/www.teatrulreginamaria.ro\\\/hu\\\/#articleImage\",\"width\":300,\"height\":148},\"datePublished\":\"2017-12-27T13:51:36+02:00\",\"dateModified\":\"2017-12-27T13:51:36+02:00\",\"inLanguage\":\"hu-HU\",\"mainEntityOfPage\":{\"@id\":\"https:\\\/\\\/www.teatrulreginamaria.ro\\\/hu\\\/ion-abrudan-cuvant-de-despartire\\\/#webpage\"},\"isPartOf\":{\"@id\":\"https:\\\/\\\/www.teatrulreginamaria.ro\\\/hu\\\/ion-abrudan-cuvant-de-despartire\\\/#webpage\"},\"articleSection\":\"Nout\\u0103\\u021bi - Trupa Iosif Vulcan, actori, echipa, Ion Abrudan\"},{\"@type\":\"BreadcrumbList\",\"@id\":\"https:\\\/\\\/www.teatrulreginamaria.ro\\\/hu\\\/ion-abrudan-cuvant-de-despartire\\\/#breadcrumblist\",\"itemListElement\":[{\"@type\":\"ListItem\",\"@id\":\"https:\\\/\\\/www.teatrulreginamaria.ro\\\/hu#listItem\",\"position\":1,\"name\":\"Home\",\"item\":\"https:\\\/\\\/www.teatrulreginamaria.ro\\\/hu\",\"nextItem\":{\"@type\":\"ListItem\",\"@id\":\"https:\\\/\\\/www.teatrulreginamaria.ro\\\/hu\\\/categorie\\\/noutati\\\/#listItem\",\"name\":\"Nout\\u0103\\u021bi\"}},{\"@type\":\"ListItem\",\"@id\":\"https:\\\/\\\/www.teatrulreginamaria.ro\\\/hu\\\/categorie\\\/noutati\\\/#listItem\",\"position\":2,\"name\":\"Nout\\u0103\\u021bi\",\"item\":\"https:\\\/\\\/www.teatrulreginamaria.ro\\\/hu\\\/categorie\\\/noutati\\\/\",\"nextItem\":{\"@type\":\"ListItem\",\"@id\":\"https:\\\/\\\/www.teatrulreginamaria.ro\\\/hu\\\/categorie\\\/noutati\\\/noutati-trupa-iosif-vulcan\\\/#listItem\",\"name\":\"Nout\\u0103\\u021bi - Trupa Iosif Vulcan\"},\"previousItem\":{\"@type\":\"ListItem\",\"@id\":\"https:\\\/\\\/www.teatrulreginamaria.ro\\\/hu#listItem\",\"name\":\"Home\"}},{\"@type\":\"ListItem\",\"@id\":\"https:\\\/\\\/www.teatrulreginamaria.ro\\\/hu\\\/categorie\\\/noutati\\\/noutati-trupa-iosif-vulcan\\\/#listItem\",\"position\":3,\"name\":\"Nout\\u0103\\u021bi - Trupa Iosif Vulcan\",\"item\":\"https:\\\/\\\/www.teatrulreginamaria.ro\\\/hu\\\/categorie\\\/noutati\\\/noutati-trupa-iosif-vulcan\\\/\",\"nextItem\":{\"@type\":\"ListItem\",\"@id\":\"https:\\\/\\\/www.teatrulreginamaria.ro\\\/hu\\\/ion-abrudan-cuvant-de-despartire\\\/#listItem\",\"name\":\"ION\\u00a0 ABRUDAN &#8211;\\u00a0 CUV\\u00c2NT de DESP\\u0102R\\u0162IRE\"},\"previousItem\":{\"@type\":\"ListItem\",\"@id\":\"https:\\\/\\\/www.teatrulreginamaria.ro\\\/hu\\\/categorie\\\/noutati\\\/#listItem\",\"name\":\"Nout\\u0103\\u021bi\"}},{\"@type\":\"ListItem\",\"@id\":\"https:\\\/\\\/www.teatrulreginamaria.ro\\\/hu\\\/ion-abrudan-cuvant-de-despartire\\\/#listItem\",\"position\":4,\"name\":\"ION\\u00a0 ABRUDAN &#8211;\\u00a0 CUV\\u00c2NT de DESP\\u0102R\\u0162IRE\",\"previousItem\":{\"@type\":\"ListItem\",\"@id\":\"https:\\\/\\\/www.teatrulreginamaria.ro\\\/hu\\\/categorie\\\/noutati\\\/noutati-trupa-iosif-vulcan\\\/#listItem\",\"name\":\"Nout\\u0103\\u021bi - Trupa Iosif Vulcan\"}}]},{\"@type\":\"Organization\",\"@id\":\"https:\\\/\\\/www.teatrulreginamaria.ro\\\/hu\\\/#organization\",\"name\":\"Teatrul Regina Maria Oradea\",\"description\":\"Trupa Iosif Vulcan \\u0219i Trupa Arcadia\",\"url\":\"https:\\\/\\\/www.teatrulreginamaria.ro\\\/hu\\\/\",\"email\":\"marketing@teatrulreginamaria.ro\",\"telephone\":\"+40359411534\",\"numberOfEmployees\":{\"@type\":\"QuantitativeValue\",\"minValue\":0,\"maxValue\":150},\"logo\":{\"@type\":\"ImageObject\",\"url\":\"https:\\\/\\\/www.teatrulreginamaria.ro\\\/wp-content\\\/uploads\\\/2025\\\/06\\\/logo-trm-01-dark.png\",\"@id\":\"https:\\\/\\\/www.teatrulreginamaria.ro\\\/hu\\\/ion-abrudan-cuvant-de-despartire\\\/#organizationLogo\",\"width\":300,\"height\":148},\"image\":{\"@id\":\"https:\\\/\\\/www.teatrulreginamaria.ro\\\/hu\\\/ion-abrudan-cuvant-de-despartire\\\/#organizationLogo\"},\"sameAs\":[\"https:\\\/\\\/www.facebook.com\\\/TRMTrupaIosifVulcan\\\/\",\"https:\\\/\\\/x.com\\\/TRMOradea\",\"https:\\\/\\\/www.instagram.com\\\/teatrul_regina_maria\\\/\",\"https:\\\/\\\/www.youtube.com\\\/c\\\/TeatrulReginaMariaOradea\",\"https:\\\/\\\/www.linkedin.com\\\/company\\\/teatrul-regina-maria\"]},{\"@type\":\"Person\",\"@id\":\"https:\\\/\\\/www.teatrulreginamaria.ro\\\/hu\\\/author\\\/w3bmaster\\\/#author\",\"url\":\"https:\\\/\\\/www.teatrulreginamaria.ro\\\/hu\\\/author\\\/w3bmaster\\\/\",\"name\":\"Teatrul Regina Maria\",\"image\":{\"@type\":\"ImageObject\",\"@id\":\"https:\\\/\\\/www.teatrulreginamaria.ro\\\/hu\\\/ion-abrudan-cuvant-de-despartire\\\/#authorImage\",\"url\":\"https:\\\/\\\/secure.gravatar.com\\\/avatar\\\/5884139d508ae3f0bafe45e60563b48a9640146d3b08ccc6278c305ff9329305?s=96&d=mm&r=g\",\"width\":96,\"height\":96,\"caption\":\"Teatrul Regina Maria\"}},{\"@type\":\"WebPage\",\"@id\":\"https:\\\/\\\/www.teatrulreginamaria.ro\\\/hu\\\/ion-abrudan-cuvant-de-despartire\\\/#webpage\",\"url\":\"https:\\\/\\\/www.teatrulreginamaria.ro\\\/hu\\\/ion-abrudan-cuvant-de-despartire\\\/\",\"name\":\"ION ABRUDAN \\u2013 CUV\\u00c2NT de DESP\\u0102R\\u0162IRE - Teatrul Regina Maria Oradea\",\"description\":\"Iarn\\u0103 grea. Anotimp al desp\\u0103r\\u0163irilor. Au plecat spre ve\\u015fnicie, iat\\u0103, actri\\u0163ele Stela Popescu \\u015fi Olga Tudorache. Pleac\\u0103, pe nea\\u015fteptate, actorul ION ABRUDAN, concet\\u0103\\u0163eanul nostru. Peste trei luni ar fi \\u00eemplinit 80 de ani\\u2026Poate unora, mai ales celor tineri li se vor p\\u0103rea mul\\u0163i, socotind c\\u0103 80 e o v\\u00e2rst\\u0103\\u2026 dar dac\\u0103 te g\\u00e2nde\\u015fti c\\u0103 din\",\"inLanguage\":\"hu-HU\",\"isPartOf\":{\"@id\":\"https:\\\/\\\/www.teatrulreginamaria.ro\\\/hu\\\/#website\"},\"breadcrumb\":{\"@id\":\"https:\\\/\\\/www.teatrulreginamaria.ro\\\/hu\\\/ion-abrudan-cuvant-de-despartire\\\/#breadcrumblist\"},\"author\":{\"@id\":\"https:\\\/\\\/www.teatrulreginamaria.ro\\\/hu\\\/author\\\/w3bmaster\\\/#author\"},\"creator\":{\"@id\":\"https:\\\/\\\/www.teatrulreginamaria.ro\\\/hu\\\/author\\\/w3bmaster\\\/#author\"},\"datePublished\":\"2017-12-27T13:51:36+02:00\",\"dateModified\":\"2017-12-27T13:51:36+02:00\"},{\"@type\":\"WebSite\",\"@id\":\"https:\\\/\\\/www.teatrulreginamaria.ro\\\/hu\\\/#website\",\"url\":\"https:\\\/\\\/www.teatrulreginamaria.ro\\\/hu\\\/\",\"name\":\"Teatrul Regina Maria Oradea\",\"alternateName\":\"TRM Oradea\",\"description\":\"Trupa Iosif Vulcan \\u0219i Trupa Arcadia\",\"inLanguage\":\"hu-HU\",\"publisher\":{\"@id\":\"https:\\\/\\\/www.teatrulreginamaria.ro\\\/hu\\\/#organization\"}}]}\n\t\t<\/script>\n\t\t<!-- All in One SEO Pro -->\r\n\t\t<title>ION ABRUDAN \u2013 CUV\u00c2NT de DESP\u0102R\u0162IRE - Teatrul Regina Maria Oradea<\/title>\n\n","aioseo_head_json":{"title":"ION ABRUDAN \u2013 B\u00daCS\u00daSZ\u00d3 - Nagyv\u00e1radi Regina Maria Sz\u00ednh\u00e1z","description":"Kem\u00e9ny t\u00e9l. A szak\u00edt\u00e1sok id\u0151szaka. Stela Popescu \u00e9s Olga Tudorache sz\u00edn\u00e9szn\u0151k \u00f6r\u00f6kre elt\u00e1voztak. ION ABRUDAN sz\u00edn\u00e9sz, honfit\u00e1rsunk v\u00e1ratlanul t\u00e1vozik. H\u00e1rom h\u00f3nap m\u00falva lenne 80 \u00e9ves... Tal\u00e1n egyeseknek, k\u00fcl\u00f6n\u00f6sen a fiataloknak, ez soknak t\u0171nik, tekintve, hogy a 80 egy nagy kor... de ha belegondolunk, hogy innen...","canonical_url":"https:\/\/www.teatrulreginamaria.ro\/hu\/ion-abrudan-cuvant-de-despartire\/","robots":"max-image-preview:large","keywords":"","webmasterTools":{"miscellaneous":""},"schema":{"@context":"https:\/\/schema.org","@graph":[{"@type":"BlogPosting","@id":"https:\/\/www.teatrulreginamaria.ro\/hu\/ion-abrudan-cuvant-de-despartire\/#blogposting","name":"ION ABRUDAN \u2013 CUV\u00c2NT de DESP\u0102R\u0162IRE - Teatrul Regina Maria Oradea","headline":"ION\u00a0 ABRUDAN &#8211;\u00a0 CUV\u00c2NT de DESP\u0102R\u0162IRE","author":{"@id":"https:\/\/www.teatrulreginamaria.ro\/hu\/author\/w3bmaster\/#author"},"publisher":{"@id":"https:\/\/www.teatrulreginamaria.ro\/hu\/#organization"},"image":{"@type":"ImageObject","url":"https:\/\/www.teatrulreginamaria.ro\/wp-content\/uploads\/2025\/06\/logo-trm-01-dark.png","@id":"https:\/\/www.teatrulreginamaria.ro\/hu\/#articleImage","width":300,"height":148},"datePublished":"2017-12-27T13:51:36+02:00","dateModified":"2017-12-27T13:51:36+02:00","inLanguage":"hu-HU","mainEntityOfPage":{"@id":"https:\/\/www.teatrulreginamaria.ro\/hu\/ion-abrudan-cuvant-de-despartire\/#webpage"},"isPartOf":{"@id":"https:\/\/www.teatrulreginamaria.ro\/hu\/ion-abrudan-cuvant-de-despartire\/#webpage"},"articleSection":"Nout\u0103\u021bi - Trupa Iosif Vulcan, actori, echipa, Ion Abrudan"},{"@type":"BreadcrumbList","@id":"https:\/\/www.teatrulreginamaria.ro\/hu\/ion-abrudan-cuvant-de-despartire\/#breadcrumblist","itemListElement":[{"@type":"ListItem","@id":"https:\/\/www.teatrulreginamaria.ro\/hu#listItem","position":1,"name":"Home","item":"https:\/\/www.teatrulreginamaria.ro\/hu","nextItem":{"@type":"ListItem","@id":"https:\/\/www.teatrulreginamaria.ro\/hu\/categorie\/noutati\/#listItem","name":"Nout\u0103\u021bi"}},{"@type":"ListItem","@id":"https:\/\/www.teatrulreginamaria.ro\/hu\/categorie\/noutati\/#listItem","position":2,"name":"Nout\u0103\u021bi","item":"https:\/\/www.teatrulreginamaria.ro\/hu\/categorie\/noutati\/","nextItem":{"@type":"ListItem","@id":"https:\/\/www.teatrulreginamaria.ro\/hu\/categorie\/noutati\/noutati-trupa-iosif-vulcan\/#listItem","name":"Nout\u0103\u021bi - Trupa Iosif Vulcan"},"previousItem":{"@type":"ListItem","@id":"https:\/\/www.teatrulreginamaria.ro\/hu#listItem","name":"Home"}},{"@type":"ListItem","@id":"https:\/\/www.teatrulreginamaria.ro\/hu\/categorie\/noutati\/noutati-trupa-iosif-vulcan\/#listItem","position":3,"name":"Nout\u0103\u021bi - Trupa Iosif Vulcan","item":"https:\/\/www.teatrulreginamaria.ro\/hu\/categorie\/noutati\/noutati-trupa-iosif-vulcan\/","nextItem":{"@type":"ListItem","@id":"https:\/\/www.teatrulreginamaria.ro\/hu\/ion-abrudan-cuvant-de-despartire\/#listItem","name":"ION\u00a0 ABRUDAN &#8211;\u00a0 CUV\u00c2NT de DESP\u0102R\u0162IRE"},"previousItem":{"@type":"ListItem","@id":"https:\/\/www.teatrulreginamaria.ro\/hu\/categorie\/noutati\/#listItem","name":"Nout\u0103\u021bi"}},{"@type":"ListItem","@id":"https:\/\/www.teatrulreginamaria.ro\/hu\/ion-abrudan-cuvant-de-despartire\/#listItem","position":4,"name":"ION\u00a0 ABRUDAN &#8211;\u00a0 CUV\u00c2NT de DESP\u0102R\u0162IRE","previousItem":{"@type":"ListItem","@id":"https:\/\/www.teatrulreginamaria.ro\/hu\/categorie\/noutati\/noutati-trupa-iosif-vulcan\/#listItem","name":"Nout\u0103\u021bi - Trupa Iosif Vulcan"}}]},{"@type":"Organization","@id":"https:\/\/www.teatrulreginamaria.ro\/hu\/#organization","name":"Teatrul Regina Maria Oradea","description":"Trupa Iosif Vulcan \u0219i Trupa Arcadia","url":"https:\/\/www.teatrulreginamaria.ro\/hu\/","email":"marketing@teatrulreginamaria.ro","telephone":"+40359411534","numberOfEmployees":{"@type":"QuantitativeValue","minValue":0,"maxValue":150},"logo":{"@type":"ImageObject","url":"https:\/\/www.teatrulreginamaria.ro\/wp-content\/uploads\/2025\/06\/logo-trm-01-dark.png","@id":"https:\/\/www.teatrulreginamaria.ro\/hu\/ion-abrudan-cuvant-de-despartire\/#organizationLogo","width":300,"height":148},"image":{"@id":"https:\/\/www.teatrulreginamaria.ro\/hu\/ion-abrudan-cuvant-de-despartire\/#organizationLogo"},"sameAs":["https:\/\/www.facebook.com\/TRMTrupaIosifVulcan\/","https:\/\/x.com\/TRMOradea","https:\/\/www.instagram.com\/teatrul_regina_maria\/","https:\/\/www.youtube.com\/c\/TeatrulReginaMariaOradea","https:\/\/www.linkedin.com\/company\/teatrul-regina-maria"]},{"@type":"Person","@id":"https:\/\/www.teatrulreginamaria.ro\/hu\/author\/w3bmaster\/#author","url":"https:\/\/www.teatrulreginamaria.ro\/hu\/author\/w3bmaster\/","name":"Teatrul Regina Maria","image":{"@type":"ImageObject","@id":"https:\/\/www.teatrulreginamaria.ro\/hu\/ion-abrudan-cuvant-de-despartire\/#authorImage","url":"https:\/\/secure.gravatar.com\/avatar\/5884139d508ae3f0bafe45e60563b48a9640146d3b08ccc6278c305ff9329305?s=96&d=mm&r=g","width":96,"height":96,"caption":"Teatrul Regina Maria"}},{"@type":"WebPage","@id":"https:\/\/www.teatrulreginamaria.ro\/hu\/ion-abrudan-cuvant-de-despartire\/#webpage","url":"https:\/\/www.teatrulreginamaria.ro\/hu\/ion-abrudan-cuvant-de-despartire\/","name":"ION ABRUDAN \u2013 CUV\u00c2NT de DESP\u0102R\u0162IRE - Teatrul Regina Maria Oradea","description":"Iarn\u0103 grea. Anotimp al desp\u0103r\u0163irilor. Au plecat spre ve\u015fnicie, iat\u0103, actri\u0163ele Stela Popescu \u015fi Olga Tudorache. Pleac\u0103, pe nea\u015fteptate, actorul ION ABRUDAN, concet\u0103\u0163eanul nostru. Peste trei luni ar fi \u00eemplinit 80 de ani\u2026Poate unora, mai ales celor tineri li se vor p\u0103rea mul\u0163i, socotind c\u0103 80 e o v\u00e2rst\u0103\u2026 dar dac\u0103 te g\u00e2nde\u015fti c\u0103 din","inLanguage":"hu-HU","isPartOf":{"@id":"https:\/\/www.teatrulreginamaria.ro\/hu\/#website"},"breadcrumb":{"@id":"https:\/\/www.teatrulreginamaria.ro\/hu\/ion-abrudan-cuvant-de-despartire\/#breadcrumblist"},"author":{"@id":"https:\/\/www.teatrulreginamaria.ro\/hu\/author\/w3bmaster\/#author"},"creator":{"@id":"https:\/\/www.teatrulreginamaria.ro\/hu\/author\/w3bmaster\/#author"},"datePublished":"2017-12-27T13:51:36+02:00","dateModified":"2017-12-27T13:51:36+02:00"},{"@type":"WebSite","@id":"https:\/\/www.teatrulreginamaria.ro\/hu\/#website","url":"https:\/\/www.teatrulreginamaria.ro\/hu\/","name":"Teatrul Regina Maria Oradea","alternateName":"TRM Oradea","description":"Trupa Iosif Vulcan \u0219i Trupa Arcadia","inLanguage":"hu-HU","publisher":{"@id":"https:\/\/www.teatrulreginamaria.ro\/hu\/#organization"}}]},"og:locale":"hu_HU","og:site_name":"Teatrul Regina Maria Oradea - Trupa Iosif Vulcan \u0219i Trupa Arcadia","og:type":"article","og:title":"ION ABRUDAN \u2013 CUV\u00c2NT de DESP\u0102R\u0162IRE - Teatrul Regina Maria Oradea","og:description":"Iarn\u0103 grea. Anotimp al desp\u0103r\u0163irilor. Au plecat spre ve\u015fnicie, iat\u0103, actri\u0163ele Stela Popescu \u015fi Olga Tudorache. Pleac\u0103, pe nea\u015fteptate, actorul ION ABRUDAN, concet\u0103\u0163eanul nostru. Peste trei luni ar fi \u00eemplinit 80 de ani\u2026Poate unora, mai ales celor tineri li se vor p\u0103rea mul\u0163i, socotind c\u0103 80 e o v\u00e2rst\u0103\u2026 dar dac\u0103 te g\u00e2nde\u015fti c\u0103 din","og:url":"https:\/\/www.teatrulreginamaria.ro\/hu\/ion-abrudan-cuvant-de-despartire\/","og:image":"https:\/\/www.teatrulreginamaria.ro\/wp-content\/uploads\/2025\/03\/trm-istoric-01.jpg","og:image:secure_url":"https:\/\/www.teatrulreginamaria.ro\/wp-content\/uploads\/2025\/03\/trm-istoric-01.jpg","og:image:width":1200,"og:image:height":800,"article:published_time":"2017-12-27T13:51:36+00:00","article:modified_time":"2017-12-27T13:51:36+00:00","article:publisher":"https:\/\/www.facebook.com\/TRMTrupaIosifVulcan\/","twitter:card":"summary_large_image","twitter:site":"@TRMOradea","twitter:title":"ION ABRUDAN \u2013 CUV\u00c2NT de DESP\u0102R\u0162IRE - Teatrul Regina Maria Oradea","twitter:description":"Iarn\u0103 grea. Anotimp al desp\u0103r\u0163irilor. Au plecat spre ve\u015fnicie, iat\u0103, actri\u0163ele Stela Popescu \u015fi Olga Tudorache. Pleac\u0103, pe nea\u015fteptate, actorul ION ABRUDAN, concet\u0103\u0163eanul nostru. Peste trei luni ar fi \u00eemplinit 80 de ani\u2026Poate unora, mai ales celor tineri li se vor p\u0103rea mul\u0163i, socotind c\u0103 80 e o v\u00e2rst\u0103\u2026 dar dac\u0103 te g\u00e2nde\u015fti c\u0103 din","twitter:creator":"@TRMOradea","twitter:image":"https:\/\/www.teatrulreginamaria.ro\/wp-content\/uploads\/2025\/03\/trm-istoric-01.jpg"},"aioseo_meta_data":{"post_id":"1266","title":null,"description":null,"keywords":null,"keyphrases":null,"primary_term":null,"canonical_url":null,"og_title":null,"og_description":null,"og_object_type":"default","og_image_type":"default","og_image_url":null,"og_image_width":null,"og_image_height":null,"og_image_custom_url":null,"og_image_custom_fields":null,"og_video":null,"og_custom_url":null,"og_article_section":null,"og_article_tags":null,"twitter_use_og":false,"twitter_card":"default","twitter_image_type":"default","twitter_image_url":null,"twitter_image_custom_url":null,"twitter_image_custom_fields":null,"twitter_title":null,"twitter_description":null,"schema":{"blockGraphs":[],"customGraphs":[],"default":{"data":{"Article":[],"Course":[],"Dataset":[],"FAQPage":[],"Movie":[],"Person":[],"Product":[],"ProductReview":[],"Car":[],"Recipe":[],"Service":[],"SoftwareApplication":[],"WebPage":[]},"graphName":"","isEnabled":true},"graphs":[]},"schema_type":"default","schema_type_options":null,"pillar_content":false,"robots_default":true,"robots_noindex":false,"robots_noarchive":false,"robots_nosnippet":false,"robots_nofollow":false,"robots_noimageindex":false,"robots_noodp":false,"robots_notranslate":false,"robots_max_snippet":null,"robots_max_videopreview":null,"robots_max_imagepreview":"large","priority":null,"frequency":null,"local_seo":null,"seo_analyzer_scan_date":"2026-05-13 01:50:48","breadcrumb_settings":null,"limit_modified_date":false,"reviewed_by":null,"open_ai":null,"ai":null,"created":"2025-04-09 17:42:40","updated":"2026-05-13 01:50:48","focus_keyword":null,"additional_keywords":null,"truseo_locale":null},"aioseo_breadcrumb":"<div class=\"aioseo-breadcrumbs\"><span class=\"aioseo-breadcrumb\">\n\t<a href=\"https:\/\/www.teatrulreginamaria.ro\/hu\" title=\"Home\">Home<\/a>\n<\/span><span class=\"aioseo-breadcrumb-separator\">&raquo;<\/span><span class=\"aioseo-breadcrumb\">\n\t<a href=\"https:\/\/www.teatrulreginamaria.ro\/hu\/categorie\/noutati\/\" title=\"Nout\u0103\u021bi\">Nout\u0103\u021bi<\/a>\n<\/span><span class=\"aioseo-breadcrumb-separator\">&raquo;<\/span><span class=\"aioseo-breadcrumb\">\n\t<a href=\"https:\/\/www.teatrulreginamaria.ro\/hu\/categorie\/noutati\/noutati-trupa-iosif-vulcan\/\" title=\"Nout\u0103\u021bi - Trupa Iosif Vulcan\">Nout\u0103\u021bi - Trupa Iosif Vulcan<\/a>\n<\/span><span class=\"aioseo-breadcrumb-separator\">&raquo;<\/span><span class=\"aioseo-breadcrumb\">\n\tION  ABRUDAN \u2013  CUV\u00c2NT de DESP\u0102R\u0162IRE\n<\/span><\/div>","aioseo_breadcrumb_json":[{"label":"Home","link":"https:\/\/www.teatrulreginamaria.ro\/hu"},{"label":"Nout\u0103\u021bi","link":"https:\/\/www.teatrulreginamaria.ro\/hu\/categorie\/noutati\/"},{"label":"Nout\u0103\u021bi - Trupa Iosif Vulcan","link":"https:\/\/www.teatrulreginamaria.ro\/hu\/categorie\/noutati\/noutati-trupa-iosif-vulcan\/"},{"label":"ION\u00a0 ABRUDAN &#8211;\u00a0 CUV\u00c2NT de DESP\u0102R\u0162IRE","link":"https:\/\/www.teatrulreginamaria.ro\/hu\/ion-abrudan-cuvant-de-despartire\/"}],"acf":[],"_links":{"self":[{"href":"https:\/\/www.teatrulreginamaria.ro\/hu\/wp-json\/wp\/v2\/posts\/1266","targetHints":{"allow":["GET"]}}],"collection":[{"href":"https:\/\/www.teatrulreginamaria.ro\/hu\/wp-json\/wp\/v2\/posts"}],"about":[{"href":"https:\/\/www.teatrulreginamaria.ro\/hu\/wp-json\/wp\/v2\/types\/post"}],"author":[{"embeddable":true,"href":"https:\/\/www.teatrulreginamaria.ro\/hu\/wp-json\/wp\/v2\/users\/6"}],"replies":[{"embeddable":true,"href":"https:\/\/www.teatrulreginamaria.ro\/hu\/wp-json\/wp\/v2\/comments?post=1266"}],"version-history":[{"count":0,"href":"https:\/\/www.teatrulreginamaria.ro\/hu\/wp-json\/wp\/v2\/posts\/1266\/revisions"}],"wp:attachment":[{"href":"https:\/\/www.teatrulreginamaria.ro\/hu\/wp-json\/wp\/v2\/media?parent=1266"}],"wp:term":[{"taxonomy":"category","embeddable":true,"href":"https:\/\/www.teatrulreginamaria.ro\/hu\/wp-json\/wp\/v2\/categories?post=1266"},{"taxonomy":"post_tag","embeddable":true,"href":"https:\/\/www.teatrulreginamaria.ro\/hu\/wp-json\/wp\/v2\/tags?post=1266"}],"curies":[{"name":"munkaf\u00fczet","href":"https:\/\/api.w.org\/{rel}","templated":true}]}}