{"id":1267,"date":"2018-01-10T12:19:22","date_gmt":"2018-01-10T12:19:22","guid":{"rendered":"https:\/\/teatrulreginamaria.ro\/2018\/01\/10\/meditand-la-scrisoarea-a-iii-a\/"},"modified":"2018-01-10T12:19:22","modified_gmt":"2018-01-10T12:19:22","slug":"a-harmadik-betun-elmelkedve","status":"publish","type":"post","link":"https:\/\/www.teatrulreginamaria.ro\/hu\/meditand-la-scrisoarea-a-iii-a\/","title":{"rendered":"\u201eElm\u00e9lked\u00e9s a III. lev\u00e9lr\u0151l\u201d \u2013 Mihai Eminescu k\u00f6lt\u0151nek szentelt tisztelg\u0151 el\u0151ad\u00e1s"},"content":{"rendered":"<p style=\"text-align: justify;\">A Regina Maria Sz\u00ednh\u00e1z tisztelettel megh\u00edvja \u00d6nt a l\u00edrai zseni k\u00f6lt\u0151, Mihai Eminescu sz\u00fclet\u00e9s\u00e9nek 168. \u00e9vfordul\u00f3ja alkalm\u00e1b\u00f3l rendezett \u201eElm\u00e9lked\u00e9s a III. lev\u00e9lr\u0151l\u201d c\u00edm\u0171 kultur\u00e1lis esem\u00e9nyre. A rendezv\u00e9nyre janu\u00e1r 15-\u00e9n, h\u00e9tf\u0151n 19 \u00f3rakor ker\u00fcl sor az Arcadia Teremben.<\/p>\n<p><!--more--><\/p>\n<p style=\"text-align: justify;\">Eminescu l\u00edrai univerzum\u00e1ban Eugen \u021augulea sz\u00edn\u00e9sz kalauzol minket, aki rendk\u00edv\u00fcli megbecs\u00fcl\u00e9s\u00e9vel \u00e9s szeretet\u00e9vel a nyelv\u00e9t \u00e9s haz\u00e1j\u00e1t szeret\u0151 zseni ir\u00e1nt szinte minden \u00e9vben k\u00e9pes felh\u00edvni munk\u00e1ss\u00e1g\u00e1t mind a sz\u00ednh\u00e1z, a k\u00f6lt\u00e9szet \u00e9s a kult\u00fara szerelmeseinek, mind a nagyk\u00f6z\u00f6ns\u00e9g figyelm\u00e9re.<\/p>\n<p style=\"text-align: justify;\">A l\u00edrai utaz\u00e1st harmonikusan k\u00eds\u00e9ri majd a Cri\u0219ana Professzion\u00e1lis M\u0171v\u00e9szeti Egy\u00fcttes sz\u00f3list\u00e1inak, Felicia Costinnak, Otilia Harago\u015f Seghedinek \u00e9s Cornelia Covaciunak a kecses hangja.<\/p>\n<p style=\"text-align: justify;\">A bel\u00e9p\u00e9s ingyenes, el\u0151zetes bejelentkez\u00e9shez k\u00f6t\u00f6tt, amelyet a Sz\u00ednh\u00e1zi \u00dcgyn\u00f6ks\u00e9g telefonsz\u00e1m\u00e1n (0372.368.475) vagy online a www.biletmaster.ro oldalon lehet megtenni.<\/p>\n<p style=\"text-align: justify;\">V\u00e1runk a sz\u00ednh\u00e1zban!<\/p>\n<p style=\"text-align: justify;\">__________________________________________<\/p>\n<p style=\"text-align: justify;\">Ramona Gabriela Nemes <br \/>irodalmi titk\u00e1r <br \/>Queen Mary Sz\u00ednh\u00e1z <br \/>email: <a href=\"mailto:presa@teatrulreginamaria.ro\">presa@teatrulreginamaria.ro <\/a><br \/>weboldal: teatrulreginamaria.ro<br \/> tel: 0738.772.909<\/p>\n<p>\u00a0<\/p>","protected":false},"excerpt":{"rendered":"<p>A Regina Maria Sz\u00ednh\u00e1z tisztelettel megh\u00edvja \u00d6nt a l\u00edrai zseni k\u00f6lt\u0151, Mihai Eminescu sz\u00fclet\u00e9s\u00e9nek 168. \u00e9vfordul\u00f3ja alkalm\u00e1b\u00f3l rendezett \u201eElm\u00e9lked\u00e9s a III. lev\u00e9lr\u0151l\u201d c\u00edm\u0171 kultur\u00e1lis esem\u00e9nyre. A rendezv\u00e9nyre janu\u00e1r 15-\u00e9n, h\u00e9tf\u0151n 19 \u00f3rakor ker\u00fcl sor az Arcadia Teremben.<\/p>","protected":false},"author":6,"featured_media":0,"comment_status":"open","ping_status":"open","sticky":false,"template":"","format":"standard","meta":{"_acf_changed":false,"footnotes":""},"categories":[22],"tags":[],"class_list":["post-1267","post","type-post","status-publish","format-standard","hentry","category-noutati-trupa-iosif-vulcan"],"aioseo_notices":[],"aioseo_head":"\n\t\t<!-- All in One SEO Pro 5.0.1.1 - aioseo.com -->\n\t<meta name=\"description\" content=\"Teatrul Regina Maria are onoarea de a v\u0103 invita la evenimentul cultural care marcheaz\u0103 168 de ani de la na\u0219terea poetului cu geniu liric, Mihai Eminescu: \u201eMedit\u00e2nd la... Scrisoarea III\u201d. Evenimentul va avea loc luni, 15 ianuarie, de la ora 19:00, la Sala Arcadia. Cel care ne va c\u0103l\u0103uzi pa\u0219ii prin universul liric eminescian este\" \/>\n\t<meta name=\"robots\" content=\"max-image-preview:large\" \/>\n\t<meta name=\"author\" content=\"Teatrul Regina Maria\"\/>\n\t<link rel=\"canonical\" href=\"https:\/\/www.teatrulreginamaria.ro\/hu\/meditand-la-scrisoarea-a-iii-a\/\" \/>\n\t<meta name=\"generator\" content=\"All in One SEO Pro (AIOSEO) 5.0.1.1\" \/>\n\t\t<meta property=\"og:locale\" content=\"hu_HU\" \/>\n\t\t<meta property=\"og:site_name\" content=\"Teatrul Regina Maria Oradea - Trupa Iosif Vulcan \u0219i Trupa Arcadia\" \/>\n\t\t<meta property=\"og:type\" content=\"article\" \/>\n\t\t<meta property=\"og:title\" content=\"\u201eMedit\u00e2nd la\u2026 Scrisoarea III\u201d \u2013 spectacol omagial dedicat poetului Mihai Eminescu - Teatrul Regina Maria Oradea\" \/>\n\t\t<meta property=\"og:description\" content=\"Teatrul Regina Maria are onoarea de a v\u0103 invita la evenimentul cultural care marcheaz\u0103 168 de ani de la na\u0219terea poetului cu geniu liric, Mihai Eminescu: \u201eMedit\u00e2nd la... Scrisoarea III\u201d. Evenimentul va avea loc luni, 15 ianuarie, de la ora 19:00, la Sala Arcadia. Cel care ne va c\u0103l\u0103uzi pa\u0219ii prin universul liric eminescian este\" \/>\n\t\t<meta property=\"og:url\" content=\"https:\/\/www.teatrulreginamaria.ro\/hu\/meditand-la-scrisoarea-a-iii-a\/\" \/>\n\t\t<meta property=\"og:image\" content=\"https:\/\/www.teatrulreginamaria.ro\/wp-content\/uploads\/2025\/03\/trm-istoric-01.jpg\" \/>\n\t\t<meta property=\"og:image:secure_url\" content=\"https:\/\/www.teatrulreginamaria.ro\/wp-content\/uploads\/2025\/03\/trm-istoric-01.jpg\" \/>\n\t\t<meta property=\"og:image:width\" content=\"1200\" \/>\n\t\t<meta property=\"og:image:height\" content=\"800\" \/>\n\t\t<meta property=\"article:published_time\" content=\"2018-01-10T12:19:22+00:00\" \/>\n\t\t<meta property=\"article:modified_time\" content=\"2018-01-10T12:19:22+00:00\" \/>\n\t\t<meta property=\"article:publisher\" content=\"https:\/\/www.facebook.com\/TRMTrupaIosifVulcan\/\" \/>\n\t\t<meta name=\"twitter:card\" content=\"summary_large_image\" \/>\n\t\t<meta name=\"twitter:site\" content=\"@TRMOradea\" \/>\n\t\t<meta name=\"twitter:title\" content=\"\u201eMedit\u00e2nd la\u2026 Scrisoarea III\u201d \u2013 spectacol omagial dedicat poetului Mihai Eminescu - Teatrul Regina Maria Oradea\" \/>\n\t\t<meta name=\"twitter:description\" content=\"Teatrul Regina Maria are onoarea de a v\u0103 invita la evenimentul cultural care marcheaz\u0103 168 de ani de la na\u0219terea poetului cu geniu liric, Mihai Eminescu: \u201eMedit\u00e2nd la... Scrisoarea III\u201d. Evenimentul va avea loc luni, 15 ianuarie, de la ora 19:00, la Sala Arcadia. Cel care ne va c\u0103l\u0103uzi pa\u0219ii prin universul liric eminescian este\" \/>\n\t\t<meta name=\"twitter:creator\" content=\"@TRMOradea\" \/>\n\t\t<meta name=\"twitter:image\" content=\"https:\/\/www.teatrulreginamaria.ro\/wp-content\/uploads\/2025\/03\/trm-istoric-01.jpg\" \/>\n\t\t<script type=\"application\/ld+json\" class=\"aioseo-schema\">\n\t\t\t{\"@context\":\"https:\\\/\\\/schema.org\",\"@graph\":[{\"@type\":\"BlogPosting\",\"@id\":\"https:\\\/\\\/www.teatrulreginamaria.ro\\\/hu\\\/meditand-la-scrisoarea-a-iii-a\\\/#blogposting\",\"name\":\"\\u201eMedit\\u00e2nd la\\u2026 Scrisoarea III\\u201d \\u2013 spectacol omagial dedicat poetului Mihai Eminescu - Teatrul Regina Maria Oradea\",\"headline\":\"\\u201eMedit\\u00e2nd la&#8230; Scrisoarea III\\u201d \\u2013 spectacol omagial dedicat poetului Mihai Eminescu\",\"author\":{\"@id\":\"https:\\\/\\\/www.teatrulreginamaria.ro\\\/hu\\\/author\\\/w3bmaster\\\/#author\"},\"publisher\":{\"@id\":\"https:\\\/\\\/www.teatrulreginamaria.ro\\\/hu\\\/#organization\"},\"image\":{\"@type\":\"ImageObject\",\"url\":\"https:\\\/\\\/www.teatrulreginamaria.ro\\\/wp-content\\\/uploads\\\/2025\\\/06\\\/logo-trm-01-dark.png\",\"@id\":\"https:\\\/\\\/www.teatrulreginamaria.ro\\\/hu\\\/#articleImage\",\"width\":300,\"height\":148},\"datePublished\":\"2018-01-10T12:19:22+02:00\",\"dateModified\":\"2018-01-10T12:19:22+02:00\",\"inLanguage\":\"hu-HU\",\"mainEntityOfPage\":{\"@id\":\"https:\\\/\\\/www.teatrulreginamaria.ro\\\/hu\\\/meditand-la-scrisoarea-a-iii-a\\\/#webpage\"},\"isPartOf\":{\"@id\":\"https:\\\/\\\/www.teatrulreginamaria.ro\\\/hu\\\/meditand-la-scrisoarea-a-iii-a\\\/#webpage\"},\"articleSection\":\"Nout\\u0103\\u021bi - Trupa Iosif Vulcan\"},{\"@type\":\"BreadcrumbList\",\"@id\":\"https:\\\/\\\/www.teatrulreginamaria.ro\\\/hu\\\/meditand-la-scrisoarea-a-iii-a\\\/#breadcrumblist\",\"itemListElement\":[{\"@type\":\"ListItem\",\"@id\":\"https:\\\/\\\/www.teatrulreginamaria.ro\\\/hu#listItem\",\"position\":1,\"name\":\"Home\",\"item\":\"https:\\\/\\\/www.teatrulreginamaria.ro\\\/hu\",\"nextItem\":{\"@type\":\"ListItem\",\"@id\":\"https:\\\/\\\/www.teatrulreginamaria.ro\\\/hu\\\/categorie\\\/noutati\\\/#listItem\",\"name\":\"Nout\\u0103\\u021bi\"}},{\"@type\":\"ListItem\",\"@id\":\"https:\\\/\\\/www.teatrulreginamaria.ro\\\/hu\\\/categorie\\\/noutati\\\/#listItem\",\"position\":2,\"name\":\"Nout\\u0103\\u021bi\",\"item\":\"https:\\\/\\\/www.teatrulreginamaria.ro\\\/hu\\\/categorie\\\/noutati\\\/\",\"nextItem\":{\"@type\":\"ListItem\",\"@id\":\"https:\\\/\\\/www.teatrulreginamaria.ro\\\/hu\\\/categorie\\\/noutati\\\/noutati-trupa-iosif-vulcan\\\/#listItem\",\"name\":\"Nout\\u0103\\u021bi - Trupa Iosif Vulcan\"},\"previousItem\":{\"@type\":\"ListItem\",\"@id\":\"https:\\\/\\\/www.teatrulreginamaria.ro\\\/hu#listItem\",\"name\":\"Home\"}},{\"@type\":\"ListItem\",\"@id\":\"https:\\\/\\\/www.teatrulreginamaria.ro\\\/hu\\\/categorie\\\/noutati\\\/noutati-trupa-iosif-vulcan\\\/#listItem\",\"position\":3,\"name\":\"Nout\\u0103\\u021bi - Trupa Iosif Vulcan\",\"item\":\"https:\\\/\\\/www.teatrulreginamaria.ro\\\/hu\\\/categorie\\\/noutati\\\/noutati-trupa-iosif-vulcan\\\/\",\"nextItem\":{\"@type\":\"ListItem\",\"@id\":\"https:\\\/\\\/www.teatrulreginamaria.ro\\\/hu\\\/meditand-la-scrisoarea-a-iii-a\\\/#listItem\",\"name\":\"\\u201eMedit\\u00e2nd la&#8230; Scrisoarea III\\u201d \\u2013 spectacol omagial dedicat poetului Mihai Eminescu\"},\"previousItem\":{\"@type\":\"ListItem\",\"@id\":\"https:\\\/\\\/www.teatrulreginamaria.ro\\\/hu\\\/categorie\\\/noutati\\\/#listItem\",\"name\":\"Nout\\u0103\\u021bi\"}},{\"@type\":\"ListItem\",\"@id\":\"https:\\\/\\\/www.teatrulreginamaria.ro\\\/hu\\\/meditand-la-scrisoarea-a-iii-a\\\/#listItem\",\"position\":4,\"name\":\"\\u201eMedit\\u00e2nd la&#8230; Scrisoarea III\\u201d \\u2013 spectacol omagial dedicat poetului Mihai Eminescu\",\"previousItem\":{\"@type\":\"ListItem\",\"@id\":\"https:\\\/\\\/www.teatrulreginamaria.ro\\\/hu\\\/categorie\\\/noutati\\\/noutati-trupa-iosif-vulcan\\\/#listItem\",\"name\":\"Nout\\u0103\\u021bi - Trupa Iosif Vulcan\"}}]},{\"@type\":\"Organization\",\"@id\":\"https:\\\/\\\/www.teatrulreginamaria.ro\\\/hu\\\/#organization\",\"name\":\"Teatrul Regina Maria Oradea\",\"description\":\"Trupa Iosif Vulcan \\u0219i Trupa Arcadia\",\"url\":\"https:\\\/\\\/www.teatrulreginamaria.ro\\\/hu\\\/\",\"email\":\"marketing@teatrulreginamaria.ro\",\"telephone\":\"+40359411534\",\"numberOfEmployees\":{\"@type\":\"QuantitativeValue\",\"minValue\":0,\"maxValue\":150},\"logo\":{\"@type\":\"ImageObject\",\"url\":\"https:\\\/\\\/www.teatrulreginamaria.ro\\\/wp-content\\\/uploads\\\/2025\\\/06\\\/logo-trm-01-dark.png\",\"@id\":\"https:\\\/\\\/www.teatrulreginamaria.ro\\\/hu\\\/meditand-la-scrisoarea-a-iii-a\\\/#organizationLogo\",\"width\":300,\"height\":148},\"image\":{\"@id\":\"https:\\\/\\\/www.teatrulreginamaria.ro\\\/hu\\\/meditand-la-scrisoarea-a-iii-a\\\/#organizationLogo\"},\"sameAs\":[\"https:\\\/\\\/www.facebook.com\\\/TRMTrupaIosifVulcan\\\/\",\"https:\\\/\\\/x.com\\\/TRMOradea\",\"https:\\\/\\\/www.instagram.com\\\/teatrul_regina_maria\\\/\",\"https:\\\/\\\/www.youtube.com\\\/c\\\/TeatrulReginaMariaOradea\",\"https:\\\/\\\/www.linkedin.com\\\/company\\\/teatrul-regina-maria\"]},{\"@type\":\"Person\",\"@id\":\"https:\\\/\\\/www.teatrulreginamaria.ro\\\/hu\\\/author\\\/w3bmaster\\\/#author\",\"url\":\"https:\\\/\\\/www.teatrulreginamaria.ro\\\/hu\\\/author\\\/w3bmaster\\\/\",\"name\":\"Teatrul Regina Maria\",\"image\":{\"@type\":\"ImageObject\",\"@id\":\"https:\\\/\\\/www.teatrulreginamaria.ro\\\/hu\\\/meditand-la-scrisoarea-a-iii-a\\\/#authorImage\",\"url\":\"https:\\\/\\\/secure.gravatar.com\\\/avatar\\\/5884139d508ae3f0bafe45e60563b48a9640146d3b08ccc6278c305ff9329305?s=96&d=mm&r=g\",\"width\":96,\"height\":96,\"caption\":\"Teatrul Regina Maria\"}},{\"@type\":\"WebPage\",\"@id\":\"https:\\\/\\\/www.teatrulreginamaria.ro\\\/hu\\\/meditand-la-scrisoarea-a-iii-a\\\/#webpage\",\"url\":\"https:\\\/\\\/www.teatrulreginamaria.ro\\\/hu\\\/meditand-la-scrisoarea-a-iii-a\\\/\",\"name\":\"\\u201eMedit\\u00e2nd la\\u2026 Scrisoarea III\\u201d \\u2013 spectacol omagial dedicat poetului Mihai Eminescu - Teatrul Regina Maria Oradea\",\"description\":\"Teatrul Regina Maria are onoarea de a v\\u0103 invita la evenimentul cultural care marcheaz\\u0103 168 de ani de la na\\u0219terea poetului cu geniu liric, Mihai Eminescu: \\u201eMedit\\u00e2nd la... Scrisoarea III\\u201d. Evenimentul va avea loc luni, 15 ianuarie, de la ora 19:00, la Sala Arcadia. Cel care ne va c\\u0103l\\u0103uzi pa\\u0219ii prin universul liric eminescian este\",\"inLanguage\":\"hu-HU\",\"isPartOf\":{\"@id\":\"https:\\\/\\\/www.teatrulreginamaria.ro\\\/hu\\\/#website\"},\"breadcrumb\":{\"@id\":\"https:\\\/\\\/www.teatrulreginamaria.ro\\\/hu\\\/meditand-la-scrisoarea-a-iii-a\\\/#breadcrumblist\"},\"author\":{\"@id\":\"https:\\\/\\\/www.teatrulreginamaria.ro\\\/hu\\\/author\\\/w3bmaster\\\/#author\"},\"creator\":{\"@id\":\"https:\\\/\\\/www.teatrulreginamaria.ro\\\/hu\\\/author\\\/w3bmaster\\\/#author\"},\"datePublished\":\"2018-01-10T12:19:22+02:00\",\"dateModified\":\"2018-01-10T12:19:22+02:00\"},{\"@type\":\"WebSite\",\"@id\":\"https:\\\/\\\/www.teatrulreginamaria.ro\\\/hu\\\/#website\",\"url\":\"https:\\\/\\\/www.teatrulreginamaria.ro\\\/hu\\\/\",\"name\":\"Teatrul Regina Maria Oradea\",\"alternateName\":\"TRM Oradea\",\"description\":\"Trupa Iosif Vulcan \\u0219i Trupa Arcadia\",\"inLanguage\":\"hu-HU\",\"publisher\":{\"@id\":\"https:\\\/\\\/www.teatrulreginamaria.ro\\\/hu\\\/#organization\"}}]}\n\t\t<\/script>\n\t\t<!-- All in One SEO Pro -->\r\n\t\t<title>\u201eMedit\u00e2nd la\u2026 Scrisoarea III\u201d \u2013 spectacol omagial dedicat poetului Mihai Eminescu - Teatrul Regina Maria Oradea<\/title>\n\n","aioseo_head_json":{"title":"\u201e&quot;Medit\u00e1ci\u00f3 a... Lev\u00e9l III&quot; - tisztelg\u00e9s a k\u00f6lt\u0151 Mihai Eminescu el\u0151tt - Regina Maria Sz\u00ednh\u00e1z Nagyv\u00e1radi","description":"A Regina Maria Sz\u00ednh\u00e1z megtiszteltet\u00e9sben r\u00e9szes\u00edti \u00d6nt a l\u00edrai zseni k\u00f6lt\u0151, Mihai Eminescu sz\u00fclet\u00e9s\u00e9nek 168. \u00e9vfordul\u00f3j\u00e1t \u00fcnnepl\u0151 kultur\u00e1lis esem\u00e9nyre: \u201eElm\u00e9lked\u00e9s a III. lev\u00e9lr\u0151l\u201d. Az esem\u00e9nyre janu\u00e1r 15-\u00e9n, h\u00e9tf\u0151n 19 \u00f3rakor ker\u00fcl sor az Arcadia Teremben. Eminescu l\u00edrai univerzum\u00e1ban l\u00e9pteinket az fogja kalauzolni.","canonical_url":"https:\/\/www.teatrulreginamaria.ro\/hu\/meditand-la-scrisoarea-a-iii-a\/","robots":"max-image-preview:large","keywords":"","webmasterTools":{"miscellaneous":""},"schema":{"@context":"https:\/\/schema.org","@graph":[{"@type":"BlogPosting","@id":"https:\/\/www.teatrulreginamaria.ro\/hu\/meditand-la-scrisoarea-a-iii-a\/#blogposting","name":"\u201eMedit\u00e2nd la\u2026 Scrisoarea III\u201d \u2013 spectacol omagial dedicat poetului Mihai Eminescu - Teatrul Regina Maria Oradea","headline":"\u201eMedit\u00e2nd la&#8230; Scrisoarea III\u201d \u2013 spectacol omagial dedicat poetului Mihai Eminescu","author":{"@id":"https:\/\/www.teatrulreginamaria.ro\/hu\/author\/w3bmaster\/#author"},"publisher":{"@id":"https:\/\/www.teatrulreginamaria.ro\/hu\/#organization"},"image":{"@type":"ImageObject","url":"https:\/\/www.teatrulreginamaria.ro\/wp-content\/uploads\/2025\/06\/logo-trm-01-dark.png","@id":"https:\/\/www.teatrulreginamaria.ro\/hu\/#articleImage","width":300,"height":148},"datePublished":"2018-01-10T12:19:22+02:00","dateModified":"2018-01-10T12:19:22+02:00","inLanguage":"hu-HU","mainEntityOfPage":{"@id":"https:\/\/www.teatrulreginamaria.ro\/hu\/meditand-la-scrisoarea-a-iii-a\/#webpage"},"isPartOf":{"@id":"https:\/\/www.teatrulreginamaria.ro\/hu\/meditand-la-scrisoarea-a-iii-a\/#webpage"},"articleSection":"Nout\u0103\u021bi - Trupa Iosif Vulcan"},{"@type":"BreadcrumbList","@id":"https:\/\/www.teatrulreginamaria.ro\/hu\/meditand-la-scrisoarea-a-iii-a\/#breadcrumblist","itemListElement":[{"@type":"ListItem","@id":"https:\/\/www.teatrulreginamaria.ro\/hu#listItem","position":1,"name":"Home","item":"https:\/\/www.teatrulreginamaria.ro\/hu","nextItem":{"@type":"ListItem","@id":"https:\/\/www.teatrulreginamaria.ro\/hu\/categorie\/noutati\/#listItem","name":"Nout\u0103\u021bi"}},{"@type":"ListItem","@id":"https:\/\/www.teatrulreginamaria.ro\/hu\/categorie\/noutati\/#listItem","position":2,"name":"Nout\u0103\u021bi","item":"https:\/\/www.teatrulreginamaria.ro\/hu\/categorie\/noutati\/","nextItem":{"@type":"ListItem","@id":"https:\/\/www.teatrulreginamaria.ro\/hu\/categorie\/noutati\/noutati-trupa-iosif-vulcan\/#listItem","name":"Nout\u0103\u021bi - Trupa Iosif Vulcan"},"previousItem":{"@type":"ListItem","@id":"https:\/\/www.teatrulreginamaria.ro\/hu#listItem","name":"Home"}},{"@type":"ListItem","@id":"https:\/\/www.teatrulreginamaria.ro\/hu\/categorie\/noutati\/noutati-trupa-iosif-vulcan\/#listItem","position":3,"name":"Nout\u0103\u021bi - Trupa Iosif Vulcan","item":"https:\/\/www.teatrulreginamaria.ro\/hu\/categorie\/noutati\/noutati-trupa-iosif-vulcan\/","nextItem":{"@type":"ListItem","@id":"https:\/\/www.teatrulreginamaria.ro\/hu\/meditand-la-scrisoarea-a-iii-a\/#listItem","name":"\u201eMedit\u00e2nd la&#8230; Scrisoarea III\u201d \u2013 spectacol omagial dedicat poetului Mihai Eminescu"},"previousItem":{"@type":"ListItem","@id":"https:\/\/www.teatrulreginamaria.ro\/hu\/categorie\/noutati\/#listItem","name":"Nout\u0103\u021bi"}},{"@type":"ListItem","@id":"https:\/\/www.teatrulreginamaria.ro\/hu\/meditand-la-scrisoarea-a-iii-a\/#listItem","position":4,"name":"\u201eMedit\u00e2nd la&#8230; Scrisoarea III\u201d \u2013 spectacol omagial dedicat poetului Mihai Eminescu","previousItem":{"@type":"ListItem","@id":"https:\/\/www.teatrulreginamaria.ro\/hu\/categorie\/noutati\/noutati-trupa-iosif-vulcan\/#listItem","name":"Nout\u0103\u021bi - Trupa Iosif Vulcan"}}]},{"@type":"Organization","@id":"https:\/\/www.teatrulreginamaria.ro\/hu\/#organization","name":"Teatrul Regina Maria Oradea","description":"Trupa Iosif Vulcan \u0219i Trupa Arcadia","url":"https:\/\/www.teatrulreginamaria.ro\/hu\/","email":"marketing@teatrulreginamaria.ro","telephone":"+40359411534","numberOfEmployees":{"@type":"QuantitativeValue","minValue":0,"maxValue":150},"logo":{"@type":"ImageObject","url":"https:\/\/www.teatrulreginamaria.ro\/wp-content\/uploads\/2025\/06\/logo-trm-01-dark.png","@id":"https:\/\/www.teatrulreginamaria.ro\/hu\/meditand-la-scrisoarea-a-iii-a\/#organizationLogo","width":300,"height":148},"image":{"@id":"https:\/\/www.teatrulreginamaria.ro\/hu\/meditand-la-scrisoarea-a-iii-a\/#organizationLogo"},"sameAs":["https:\/\/www.facebook.com\/TRMTrupaIosifVulcan\/","https:\/\/x.com\/TRMOradea","https:\/\/www.instagram.com\/teatrul_regina_maria\/","https:\/\/www.youtube.com\/c\/TeatrulReginaMariaOradea","https:\/\/www.linkedin.com\/company\/teatrul-regina-maria"]},{"@type":"Person","@id":"https:\/\/www.teatrulreginamaria.ro\/hu\/author\/w3bmaster\/#author","url":"https:\/\/www.teatrulreginamaria.ro\/hu\/author\/w3bmaster\/","name":"Teatrul Regina Maria","image":{"@type":"ImageObject","@id":"https:\/\/www.teatrulreginamaria.ro\/hu\/meditand-la-scrisoarea-a-iii-a\/#authorImage","url":"https:\/\/secure.gravatar.com\/avatar\/5884139d508ae3f0bafe45e60563b48a9640146d3b08ccc6278c305ff9329305?s=96&d=mm&r=g","width":96,"height":96,"caption":"Teatrul Regina Maria"}},{"@type":"WebPage","@id":"https:\/\/www.teatrulreginamaria.ro\/hu\/meditand-la-scrisoarea-a-iii-a\/#webpage","url":"https:\/\/www.teatrulreginamaria.ro\/hu\/meditand-la-scrisoarea-a-iii-a\/","name":"\u201eMedit\u00e2nd la\u2026 Scrisoarea III\u201d \u2013 spectacol omagial dedicat poetului Mihai Eminescu - Teatrul Regina Maria Oradea","description":"Teatrul Regina Maria are onoarea de a v\u0103 invita la evenimentul cultural care marcheaz\u0103 168 de ani de la na\u0219terea poetului cu geniu liric, Mihai Eminescu: \u201eMedit\u00e2nd la... Scrisoarea III\u201d. Evenimentul va avea loc luni, 15 ianuarie, de la ora 19:00, la Sala Arcadia. Cel care ne va c\u0103l\u0103uzi pa\u0219ii prin universul liric eminescian este","inLanguage":"hu-HU","isPartOf":{"@id":"https:\/\/www.teatrulreginamaria.ro\/hu\/#website"},"breadcrumb":{"@id":"https:\/\/www.teatrulreginamaria.ro\/hu\/meditand-la-scrisoarea-a-iii-a\/#breadcrumblist"},"author":{"@id":"https:\/\/www.teatrulreginamaria.ro\/hu\/author\/w3bmaster\/#author"},"creator":{"@id":"https:\/\/www.teatrulreginamaria.ro\/hu\/author\/w3bmaster\/#author"},"datePublished":"2018-01-10T12:19:22+02:00","dateModified":"2018-01-10T12:19:22+02:00"},{"@type":"WebSite","@id":"https:\/\/www.teatrulreginamaria.ro\/hu\/#website","url":"https:\/\/www.teatrulreginamaria.ro\/hu\/","name":"Teatrul Regina Maria Oradea","alternateName":"TRM Oradea","description":"Trupa Iosif Vulcan \u0219i Trupa Arcadia","inLanguage":"hu-HU","publisher":{"@id":"https:\/\/www.teatrulreginamaria.ro\/hu\/#organization"}}]},"og:locale":"hu_HU","og:site_name":"Teatrul Regina Maria Oradea - Trupa Iosif Vulcan \u0219i Trupa Arcadia","og:type":"article","og:title":"\u201eMedit\u00e2nd la\u2026 Scrisoarea III\u201d \u2013 spectacol omagial dedicat poetului Mihai Eminescu - Teatrul Regina Maria Oradea","og:description":"Teatrul Regina Maria are onoarea de a v\u0103 invita la evenimentul cultural care marcheaz\u0103 168 de ani de la na\u0219terea poetului cu geniu liric, Mihai Eminescu: \u201eMedit\u00e2nd la... Scrisoarea III\u201d. Evenimentul va avea loc luni, 15 ianuarie, de la ora 19:00, la Sala Arcadia. Cel care ne va c\u0103l\u0103uzi pa\u0219ii prin universul liric eminescian este","og:url":"https:\/\/www.teatrulreginamaria.ro\/hu\/meditand-la-scrisoarea-a-iii-a\/","og:image":"https:\/\/www.teatrulreginamaria.ro\/wp-content\/uploads\/2025\/03\/trm-istoric-01.jpg","og:image:secure_url":"https:\/\/www.teatrulreginamaria.ro\/wp-content\/uploads\/2025\/03\/trm-istoric-01.jpg","og:image:width":1200,"og:image:height":800,"article:published_time":"2018-01-10T12:19:22+00:00","article:modified_time":"2018-01-10T12:19:22+00:00","article:publisher":"https:\/\/www.facebook.com\/TRMTrupaIosifVulcan\/","twitter:card":"summary_large_image","twitter:site":"@TRMOradea","twitter:title":"\u201eMedit\u00e2nd la\u2026 Scrisoarea III\u201d \u2013 spectacol omagial dedicat poetului Mihai Eminescu - Teatrul Regina Maria Oradea","twitter:description":"Teatrul Regina Maria are onoarea de a v\u0103 invita la evenimentul cultural care marcheaz\u0103 168 de ani de la na\u0219terea poetului cu geniu liric, Mihai Eminescu: \u201eMedit\u00e2nd la... Scrisoarea III\u201d. Evenimentul va avea loc luni, 15 ianuarie, de la ora 19:00, la Sala Arcadia. Cel care ne va c\u0103l\u0103uzi pa\u0219ii prin universul liric eminescian este","twitter:creator":"@TRMOradea","twitter:image":"https:\/\/www.teatrulreginamaria.ro\/wp-content\/uploads\/2025\/03\/trm-istoric-01.jpg"},"aioseo_meta_data":{"post_id":"1267","title":null,"description":null,"keywords":null,"keyphrases":null,"primary_term":null,"canonical_url":null,"og_title":null,"og_description":null,"og_object_type":"default","og_image_type":"default","og_image_url":null,"og_image_width":null,"og_image_height":null,"og_image_custom_url":null,"og_image_custom_fields":null,"og_video":null,"og_custom_url":null,"og_article_section":null,"og_article_tags":null,"twitter_use_og":false,"twitter_card":"default","twitter_image_type":"default","twitter_image_url":null,"twitter_image_custom_url":null,"twitter_image_custom_fields":null,"twitter_title":null,"twitter_description":null,"schema":{"blockGraphs":[],"customGraphs":[],"default":{"data":{"Article":[],"Course":[],"Dataset":[],"FAQPage":[],"Movie":[],"Person":[],"Product":[],"ProductReview":[],"Car":[],"Recipe":[],"Service":[],"SoftwareApplication":[],"WebPage":[]},"graphName":"","isEnabled":true},"graphs":[]},"schema_type":"default","schema_type_options":null,"pillar_content":false,"robots_default":true,"robots_noindex":false,"robots_noarchive":false,"robots_nosnippet":false,"robots_nofollow":false,"robots_noimageindex":false,"robots_noodp":false,"robots_notranslate":false,"robots_max_snippet":null,"robots_max_videopreview":null,"robots_max_imagepreview":"large","priority":null,"frequency":null,"local_seo":null,"seo_analyzer_scan_date":"2026-05-13 01:50:49","breadcrumb_settings":null,"limit_modified_date":false,"reviewed_by":null,"open_ai":null,"ai":null,"created":"2025-04-09 17:42:40","updated":"2026-05-13 01:50:49","focus_keyword":null,"additional_keywords":null,"truseo_locale":null},"aioseo_breadcrumb":"<div class=\"aioseo-breadcrumbs\"><span class=\"aioseo-breadcrumb\">\n\t<a href=\"https:\/\/www.teatrulreginamaria.ro\/hu\" title=\"Home\">Home<\/a>\n<\/span><span class=\"aioseo-breadcrumb-separator\">&raquo;<\/span><span class=\"aioseo-breadcrumb\">\n\t<a href=\"https:\/\/www.teatrulreginamaria.ro\/hu\/categorie\/noutati\/\" title=\"Nout\u0103\u021bi\">Nout\u0103\u021bi<\/a>\n<\/span><span class=\"aioseo-breadcrumb-separator\">&raquo;<\/span><span class=\"aioseo-breadcrumb\">\n\t<a href=\"https:\/\/www.teatrulreginamaria.ro\/hu\/categorie\/noutati\/noutati-trupa-iosif-vulcan\/\" title=\"Nout\u0103\u021bi - Trupa Iosif Vulcan\">Nout\u0103\u021bi - Trupa Iosif Vulcan<\/a>\n<\/span><span class=\"aioseo-breadcrumb-separator\">&raquo;<\/span><span class=\"aioseo-breadcrumb\">\n\t\u201eMedit\u00e2nd la\u2026 Scrisoarea III\u201d \u2013 spectacol omagial dedicat poetului Mihai Eminescu\n<\/span><\/div>","aioseo_breadcrumb_json":[{"label":"Home","link":"https:\/\/www.teatrulreginamaria.ro\/hu"},{"label":"Nout\u0103\u021bi","link":"https:\/\/www.teatrulreginamaria.ro\/hu\/categorie\/noutati\/"},{"label":"Nout\u0103\u021bi - Trupa Iosif Vulcan","link":"https:\/\/www.teatrulreginamaria.ro\/hu\/categorie\/noutati\/noutati-trupa-iosif-vulcan\/"},{"label":"\u201eMedit\u00e2nd la&#8230; Scrisoarea III\u201d \u2013 spectacol omagial dedicat poetului Mihai Eminescu","link":"https:\/\/www.teatrulreginamaria.ro\/hu\/meditand-la-scrisoarea-a-iii-a\/"}],"acf":[],"_links":{"self":[{"href":"https:\/\/www.teatrulreginamaria.ro\/hu\/wp-json\/wp\/v2\/posts\/1267","targetHints":{"allow":["GET"]}}],"collection":[{"href":"https:\/\/www.teatrulreginamaria.ro\/hu\/wp-json\/wp\/v2\/posts"}],"about":[{"href":"https:\/\/www.teatrulreginamaria.ro\/hu\/wp-json\/wp\/v2\/types\/post"}],"author":[{"embeddable":true,"href":"https:\/\/www.teatrulreginamaria.ro\/hu\/wp-json\/wp\/v2\/users\/6"}],"replies":[{"embeddable":true,"href":"https:\/\/www.teatrulreginamaria.ro\/hu\/wp-json\/wp\/v2\/comments?post=1267"}],"version-history":[{"count":0,"href":"https:\/\/www.teatrulreginamaria.ro\/hu\/wp-json\/wp\/v2\/posts\/1267\/revisions"}],"wp:attachment":[{"href":"https:\/\/www.teatrulreginamaria.ro\/hu\/wp-json\/wp\/v2\/media?parent=1267"}],"wp:term":[{"taxonomy":"category","embeddable":true,"href":"https:\/\/www.teatrulreginamaria.ro\/hu\/wp-json\/wp\/v2\/categories?post=1267"},{"taxonomy":"post_tag","embeddable":true,"href":"https:\/\/www.teatrulreginamaria.ro\/hu\/wp-json\/wp\/v2\/tags?post=1267"}],"curies":[{"name":"munkaf\u00fczet","href":"https:\/\/api.w.org\/{rel}","templated":true}]}}