{"id":1278,"date":"2018-02-22T13:11:23","date_gmt":"2018-02-22T13:11:23","guid":{"rendered":"https:\/\/teatrulreginamaria.ro\/2018\/02\/22\/inca-o-zi-trista-pentru-colectivul-teatrului-regina-maria\/"},"modified":"2018-02-22T13:11:23","modified_gmt":"2018-02-22T13:11:23","slug":"egy-ujabb-szomoru-nap-a-queen-maria-szinhaz-csapatanak","status":"publish","type":"post","link":"https:\/\/www.teatrulreginamaria.ro\/hu\/inca-o-zi-trista-pentru-colectivul-teatrului-regina-maria\/","title":{"rendered":"Egy \u00fajabb szomor\u00fa nap a Regina Maria Sz\u00ednh\u00e1z csapata sz\u00e1m\u00e1ra"},"content":{"rendered":"<p style=\"text-align: justify;\">M\u00e9ly f\u00e1jdalommal tudatjuk, hogy j\u00f3 koll\u00e9g\u00e1nk, Jo\u00f3 Iuliu v\u00e1ratlanul elhunyt.<\/p>\n<p><!--more--><\/p>\n<p style=\"text-align: justify;\">1994-ben kezdte p\u00e1lyafut\u00e1s\u00e1t a Nagyv\u00e1radi Sz\u00ednh\u00e1zban \u00e1rufelel\u0151sk\u00e9nt, \u00e9s a r\u00e1 h\u00e1rul\u00f3 feladatok ir\u00e1nti felel\u0151ss\u00e9gteljes \u00e9s odaad\u00f3 munk\u00e1j\u00e1val mind koll\u00e9g\u00e1i, mind a vezet\u0151s\u00e9g tisztelet\u00e9t \u00e9s megbecs\u00fcl\u00e9s\u00e9t v\u00edvta ki. Szakmai t\u00e9ren el\u00e9rt rendk\u00edv\u00fcli eredm\u00e9nyei produkci\u00f3s vezet\u0151v\u00e9 l\u00e9ptett\u00e9k el\u0151, amelyet nyugd\u00edjkorhat\u00e1r\u00e1ig lelkiismeretesen bet\u00f6lt\u00f6tt. De tev\u00e9kenys\u00e9ge ezzel nem \u00e9rt v\u00e9get. Szenved\u00e9llyel \u00e9s odaad\u00e1ssal, el\u0151ad\u00e1sszervez\u0151k\u00e9nt tov\u00e1bbra is r\u00e9szt vett \u00e9s n\u00e9pszer\u0171s\u00edtette a Regina Maria Sz\u00ednh\u00e1z el\u0151ad\u00e1sait Nagyv\u00e1radi iskol\u00e1k t\u00f6bbs\u00e9g\u00e9ben, felkeltve a fiatal n\u00e9z\u0151k \u00e9rdekl\u0151d\u00e9s\u00e9t \u00e9s lelkesed\u00e9s\u00e9t. Munk\u00e1ss\u00e1ga t\u00e1voz\u00e1sa ut\u00e1n is l\u00e1that\u00f3: az \u201eIvan Turbinc\u0103\u201d c\u00edm\u0171 el\u0151ad\u00e1st, amelyet m\u00e9g t\u00e1voz\u00e1sa el\u0151tt szervezett, ma telt h\u00e1z el\u0151tt mutatt\u00e1k be.<\/p>\n<p style=\"text-align: justify;\">A j\u00f3 hangulat, amelyet vid\u00e1m jellem\u00e9vel teremtett, mindazok eml\u00e9kezet\u00e9ben megmarad, akikkel koll\u00e9g\u00e1ja volt, vagy akikkel egy\u00fcttm\u0171k\u00f6d\u00f6tt. \u0150szinte r\u00e9szv\u00e9t\u00fcnket fejezz\u00fck ki a csal\u00e1dnak ebben a f\u00e1jdalmas pillanatban. Szomor\u00faan b\u00facs\u00fazunk t\u0151le, \u00e9s utols\u00f3 \u00fatj\u00e1ra k\u00eds\u00e9rj\u00fck febru\u00e1r 24-\u00e9n, szombaton 13 \u00f3r\u00e1t\u00f3l a Steinberger-k\u00e1poln\u00e1ban.<\/p>\n<p style=\"text-align: justify;\">T\u00e1voz\u00e1sa \u0171rt hagy maga ut\u00e1n, de megmaradt nek\u00fcnk egy olyan ember eml\u00e9ke, akir\u0151l csak j\u00f3t mondtak \u00e9s fognak is mondani.<\/p>\n<p style=\"text-align: justify;\">Utazz F\u00e9nnyel!<\/p>\n<p style=\"text-align: justify;\">___________________________________<\/p>\n<p style=\"text-align: justify;\">Ramona Gabriela Nemes <br \/>irodalmi titk\u00e1r <br \/>Queen Mary Sz\u00ednh\u00e1z <br \/><em>email: <\/em><em><a href=\"mailto:presa@teatrulreginamaria.ro\">presa@teatrulreginamaria.ro <\/a><br \/><\/em><em>weboldal<\/em>: teatrulreginamaria.ro\u00a0\u00a0<br \/><em>tel: 0738\/772.909<\/em><\/p>\n<p style=\"text-align: justify;\">\u00a0<\/p>","protected":false},"excerpt":{"rendered":"<p>M\u00e9ly f\u00e1jdalommal tudatjuk, hogy j\u00f3 koll\u00e9g\u00e1nk, Jo\u00f3 Iuliu v\u00e1ratlanul elhunyt.<\/p>","protected":false},"author":6,"featured_media":0,"comment_status":"open","ping_status":"open","sticky":false,"template":"","format":"standard","meta":{"_acf_changed":false,"footnotes":""},"categories":[22],"tags":[],"class_list":["post-1278","post","type-post","status-publish","format-standard","hentry","category-noutati-trupa-iosif-vulcan"],"aioseo_notices":[],"aioseo_head":"\n\t\t<!-- All in One SEO Pro 5.0.1.1 - aioseo.com -->\n\t<meta name=\"description\" content=\"Anun\u021b\u0103m cu profund regret c\u0103 a plecat dintre noi, pe nea\u0219teptate, bunul nostru coleg Jo\u00f3 Iuliu. \u0218i-a \u00eenceput activitatea \u00een cadrul Teatrului din Oradea, ca merceolog, \u00een anul 1994, iar prin responsabilitatea \u0219i devotamentul manifestat fa\u021b\u0103 de atribu\u021biile care \u00eei reveneau, a c\u00e2\u0219tigat respect \u0219i apreciere at\u00e2t din partea colegilor, c\u00e2t \u0219i a conducerii. Rezultatele extraordinare\" \/>\n\t<meta name=\"robots\" content=\"max-image-preview:large\" \/>\n\t<meta name=\"author\" content=\"Teatrul Regina Maria\"\/>\n\t<link rel=\"canonical\" href=\"https:\/\/www.teatrulreginamaria.ro\/hu\/inca-o-zi-trista-pentru-colectivul-teatrului-regina-maria\/\" \/>\n\t<meta name=\"generator\" content=\"All in One SEO Pro (AIOSEO) 5.0.1.1\" \/>\n\t\t<meta property=\"og:locale\" content=\"hu_HU\" \/>\n\t\t<meta property=\"og:site_name\" content=\"Teatrul Regina Maria Oradea - Trupa Iosif Vulcan \u0219i Trupa Arcadia\" \/>\n\t\t<meta property=\"og:type\" content=\"article\" \/>\n\t\t<meta property=\"og:title\" content=\"\u00cenc\u0103 o zi trist\u0103 pentru colectivul Teatrului Regina Maria - Teatrul Regina Maria Oradea\" \/>\n\t\t<meta property=\"og:description\" content=\"Anun\u021b\u0103m cu profund regret c\u0103 a plecat dintre noi, pe nea\u0219teptate, bunul nostru coleg Jo\u00f3 Iuliu. \u0218i-a \u00eenceput activitatea \u00een cadrul Teatrului din Oradea, ca merceolog, \u00een anul 1994, iar prin responsabilitatea \u0219i devotamentul manifestat fa\u021b\u0103 de atribu\u021biile care \u00eei reveneau, a c\u00e2\u0219tigat respect \u0219i apreciere at\u00e2t din partea colegilor, c\u00e2t \u0219i a conducerii. Rezultatele extraordinare\" \/>\n\t\t<meta property=\"og:url\" content=\"https:\/\/www.teatrulreginamaria.ro\/hu\/inca-o-zi-trista-pentru-colectivul-teatrului-regina-maria\/\" \/>\n\t\t<meta property=\"og:image\" content=\"https:\/\/www.teatrulreginamaria.ro\/wp-content\/uploads\/2025\/03\/trm-istoric-01.jpg\" \/>\n\t\t<meta property=\"og:image:secure_url\" content=\"https:\/\/www.teatrulreginamaria.ro\/wp-content\/uploads\/2025\/03\/trm-istoric-01.jpg\" \/>\n\t\t<meta property=\"og:image:width\" content=\"1200\" \/>\n\t\t<meta property=\"og:image:height\" content=\"800\" \/>\n\t\t<meta property=\"article:published_time\" content=\"2018-02-22T13:11:23+00:00\" \/>\n\t\t<meta property=\"article:modified_time\" content=\"2018-02-22T13:11:23+00:00\" \/>\n\t\t<meta property=\"article:publisher\" content=\"https:\/\/www.facebook.com\/TRMTrupaIosifVulcan\/\" \/>\n\t\t<meta name=\"twitter:card\" content=\"summary_large_image\" \/>\n\t\t<meta name=\"twitter:site\" content=\"@TRMOradea\" \/>\n\t\t<meta name=\"twitter:title\" content=\"\u00cenc\u0103 o zi trist\u0103 pentru colectivul Teatrului Regina Maria - Teatrul Regina Maria Oradea\" \/>\n\t\t<meta name=\"twitter:description\" content=\"Anun\u021b\u0103m cu profund regret c\u0103 a plecat dintre noi, pe nea\u0219teptate, bunul nostru coleg Jo\u00f3 Iuliu. \u0218i-a \u00eenceput activitatea \u00een cadrul Teatrului din Oradea, ca merceolog, \u00een anul 1994, iar prin responsabilitatea \u0219i devotamentul manifestat fa\u021b\u0103 de atribu\u021biile care \u00eei reveneau, a c\u00e2\u0219tigat respect \u0219i apreciere at\u00e2t din partea colegilor, c\u00e2t \u0219i a conducerii. Rezultatele extraordinare\" \/>\n\t\t<meta name=\"twitter:creator\" content=\"@TRMOradea\" \/>\n\t\t<meta name=\"twitter:image\" content=\"https:\/\/www.teatrulreginamaria.ro\/wp-content\/uploads\/2025\/03\/trm-istoric-01.jpg\" \/>\n\t\t<script type=\"application\/ld+json\" class=\"aioseo-schema\">\n\t\t\t{\"@context\":\"https:\\\/\\\/schema.org\",\"@graph\":[{\"@type\":\"BlogPosting\",\"@id\":\"https:\\\/\\\/www.teatrulreginamaria.ro\\\/hu\\\/inca-o-zi-trista-pentru-colectivul-teatrului-regina-maria\\\/#blogposting\",\"name\":\"\\u00cenc\\u0103 o zi trist\\u0103 pentru colectivul Teatrului Regina Maria - Teatrul Regina Maria Oradea\",\"headline\":\"\\u00cenc\\u0103 o zi trist\\u0103 pentru colectivul Teatrului Regina Maria\",\"author\":{\"@id\":\"https:\\\/\\\/www.teatrulreginamaria.ro\\\/hu\\\/author\\\/w3bmaster\\\/#author\"},\"publisher\":{\"@id\":\"https:\\\/\\\/www.teatrulreginamaria.ro\\\/hu\\\/#organization\"},\"image\":{\"@type\":\"ImageObject\",\"url\":\"https:\\\/\\\/www.teatrulreginamaria.ro\\\/wp-content\\\/uploads\\\/2025\\\/06\\\/logo-trm-01-dark.png\",\"@id\":\"https:\\\/\\\/www.teatrulreginamaria.ro\\\/hu\\\/#articleImage\",\"width\":300,\"height\":148},\"datePublished\":\"2018-02-22T13:11:23+02:00\",\"dateModified\":\"2018-02-22T13:11:23+02:00\",\"inLanguage\":\"hu-HU\",\"mainEntityOfPage\":{\"@id\":\"https:\\\/\\\/www.teatrulreginamaria.ro\\\/hu\\\/inca-o-zi-trista-pentru-colectivul-teatrului-regina-maria\\\/#webpage\"},\"isPartOf\":{\"@id\":\"https:\\\/\\\/www.teatrulreginamaria.ro\\\/hu\\\/inca-o-zi-trista-pentru-colectivul-teatrului-regina-maria\\\/#webpage\"},\"articleSection\":\"Nout\\u0103\\u021bi - Trupa Iosif Vulcan\"},{\"@type\":\"BreadcrumbList\",\"@id\":\"https:\\\/\\\/www.teatrulreginamaria.ro\\\/hu\\\/inca-o-zi-trista-pentru-colectivul-teatrului-regina-maria\\\/#breadcrumblist\",\"itemListElement\":[{\"@type\":\"ListItem\",\"@id\":\"https:\\\/\\\/www.teatrulreginamaria.ro\\\/hu#listItem\",\"position\":1,\"name\":\"Home\",\"item\":\"https:\\\/\\\/www.teatrulreginamaria.ro\\\/hu\",\"nextItem\":{\"@type\":\"ListItem\",\"@id\":\"https:\\\/\\\/www.teatrulreginamaria.ro\\\/hu\\\/categorie\\\/noutati\\\/#listItem\",\"name\":\"Nout\\u0103\\u021bi\"}},{\"@type\":\"ListItem\",\"@id\":\"https:\\\/\\\/www.teatrulreginamaria.ro\\\/hu\\\/categorie\\\/noutati\\\/#listItem\",\"position\":2,\"name\":\"Nout\\u0103\\u021bi\",\"item\":\"https:\\\/\\\/www.teatrulreginamaria.ro\\\/hu\\\/categorie\\\/noutati\\\/\",\"nextItem\":{\"@type\":\"ListItem\",\"@id\":\"https:\\\/\\\/www.teatrulreginamaria.ro\\\/hu\\\/categorie\\\/noutati\\\/noutati-trupa-iosif-vulcan\\\/#listItem\",\"name\":\"Nout\\u0103\\u021bi - Trupa Iosif Vulcan\"},\"previousItem\":{\"@type\":\"ListItem\",\"@id\":\"https:\\\/\\\/www.teatrulreginamaria.ro\\\/hu#listItem\",\"name\":\"Home\"}},{\"@type\":\"ListItem\",\"@id\":\"https:\\\/\\\/www.teatrulreginamaria.ro\\\/hu\\\/categorie\\\/noutati\\\/noutati-trupa-iosif-vulcan\\\/#listItem\",\"position\":3,\"name\":\"Nout\\u0103\\u021bi - Trupa Iosif Vulcan\",\"item\":\"https:\\\/\\\/www.teatrulreginamaria.ro\\\/hu\\\/categorie\\\/noutati\\\/noutati-trupa-iosif-vulcan\\\/\",\"nextItem\":{\"@type\":\"ListItem\",\"@id\":\"https:\\\/\\\/www.teatrulreginamaria.ro\\\/hu\\\/inca-o-zi-trista-pentru-colectivul-teatrului-regina-maria\\\/#listItem\",\"name\":\"\\u00cenc\\u0103 o zi trist\\u0103 pentru colectivul Teatrului Regina Maria\"},\"previousItem\":{\"@type\":\"ListItem\",\"@id\":\"https:\\\/\\\/www.teatrulreginamaria.ro\\\/hu\\\/categorie\\\/noutati\\\/#listItem\",\"name\":\"Nout\\u0103\\u021bi\"}},{\"@type\":\"ListItem\",\"@id\":\"https:\\\/\\\/www.teatrulreginamaria.ro\\\/hu\\\/inca-o-zi-trista-pentru-colectivul-teatrului-regina-maria\\\/#listItem\",\"position\":4,\"name\":\"\\u00cenc\\u0103 o zi trist\\u0103 pentru colectivul Teatrului Regina Maria\",\"previousItem\":{\"@type\":\"ListItem\",\"@id\":\"https:\\\/\\\/www.teatrulreginamaria.ro\\\/hu\\\/categorie\\\/noutati\\\/noutati-trupa-iosif-vulcan\\\/#listItem\",\"name\":\"Nout\\u0103\\u021bi - Trupa Iosif Vulcan\"}}]},{\"@type\":\"Organization\",\"@id\":\"https:\\\/\\\/www.teatrulreginamaria.ro\\\/hu\\\/#organization\",\"name\":\"Teatrul Regina Maria Oradea\",\"description\":\"Trupa Iosif Vulcan \\u0219i Trupa Arcadia\",\"url\":\"https:\\\/\\\/www.teatrulreginamaria.ro\\\/hu\\\/\",\"email\":\"marketing@teatrulreginamaria.ro\",\"telephone\":\"+40359411534\",\"numberOfEmployees\":{\"@type\":\"QuantitativeValue\",\"minValue\":0,\"maxValue\":150},\"logo\":{\"@type\":\"ImageObject\",\"url\":\"https:\\\/\\\/www.teatrulreginamaria.ro\\\/wp-content\\\/uploads\\\/2025\\\/06\\\/logo-trm-01-dark.png\",\"@id\":\"https:\\\/\\\/www.teatrulreginamaria.ro\\\/hu\\\/inca-o-zi-trista-pentru-colectivul-teatrului-regina-maria\\\/#organizationLogo\",\"width\":300,\"height\":148},\"image\":{\"@id\":\"https:\\\/\\\/www.teatrulreginamaria.ro\\\/hu\\\/inca-o-zi-trista-pentru-colectivul-teatrului-regina-maria\\\/#organizationLogo\"},\"sameAs\":[\"https:\\\/\\\/www.facebook.com\\\/TRMTrupaIosifVulcan\\\/\",\"https:\\\/\\\/x.com\\\/TRMOradea\",\"https:\\\/\\\/www.instagram.com\\\/teatrul_regina_maria\\\/\",\"https:\\\/\\\/www.youtube.com\\\/c\\\/TeatrulReginaMariaOradea\",\"https:\\\/\\\/www.linkedin.com\\\/company\\\/teatrul-regina-maria\"]},{\"@type\":\"Person\",\"@id\":\"https:\\\/\\\/www.teatrulreginamaria.ro\\\/hu\\\/author\\\/w3bmaster\\\/#author\",\"url\":\"https:\\\/\\\/www.teatrulreginamaria.ro\\\/hu\\\/author\\\/w3bmaster\\\/\",\"name\":\"Teatrul Regina Maria\",\"image\":{\"@type\":\"ImageObject\",\"@id\":\"https:\\\/\\\/www.teatrulreginamaria.ro\\\/hu\\\/inca-o-zi-trista-pentru-colectivul-teatrului-regina-maria\\\/#authorImage\",\"url\":\"https:\\\/\\\/secure.gravatar.com\\\/avatar\\\/5884139d508ae3f0bafe45e60563b48a9640146d3b08ccc6278c305ff9329305?s=96&d=mm&r=g\",\"width\":96,\"height\":96,\"caption\":\"Teatrul Regina Maria\"}},{\"@type\":\"WebPage\",\"@id\":\"https:\\\/\\\/www.teatrulreginamaria.ro\\\/hu\\\/inca-o-zi-trista-pentru-colectivul-teatrului-regina-maria\\\/#webpage\",\"url\":\"https:\\\/\\\/www.teatrulreginamaria.ro\\\/hu\\\/inca-o-zi-trista-pentru-colectivul-teatrului-regina-maria\\\/\",\"name\":\"\\u00cenc\\u0103 o zi trist\\u0103 pentru colectivul Teatrului Regina Maria - Teatrul Regina Maria Oradea\",\"description\":\"Anun\\u021b\\u0103m cu profund regret c\\u0103 a plecat dintre noi, pe nea\\u0219teptate, bunul nostru coleg Jo\\u00f3 Iuliu. \\u0218i-a \\u00eenceput activitatea \\u00een cadrul Teatrului din Oradea, ca merceolog, \\u00een anul 1994, iar prin responsabilitatea \\u0219i devotamentul manifestat fa\\u021b\\u0103 de atribu\\u021biile care \\u00eei reveneau, a c\\u00e2\\u0219tigat respect \\u0219i apreciere at\\u00e2t din partea colegilor, c\\u00e2t \\u0219i a conducerii. Rezultatele extraordinare\",\"inLanguage\":\"hu-HU\",\"isPartOf\":{\"@id\":\"https:\\\/\\\/www.teatrulreginamaria.ro\\\/hu\\\/#website\"},\"breadcrumb\":{\"@id\":\"https:\\\/\\\/www.teatrulreginamaria.ro\\\/hu\\\/inca-o-zi-trista-pentru-colectivul-teatrului-regina-maria\\\/#breadcrumblist\"},\"author\":{\"@id\":\"https:\\\/\\\/www.teatrulreginamaria.ro\\\/hu\\\/author\\\/w3bmaster\\\/#author\"},\"creator\":{\"@id\":\"https:\\\/\\\/www.teatrulreginamaria.ro\\\/hu\\\/author\\\/w3bmaster\\\/#author\"},\"datePublished\":\"2018-02-22T13:11:23+02:00\",\"dateModified\":\"2018-02-22T13:11:23+02:00\"},{\"@type\":\"WebSite\",\"@id\":\"https:\\\/\\\/www.teatrulreginamaria.ro\\\/hu\\\/#website\",\"url\":\"https:\\\/\\\/www.teatrulreginamaria.ro\\\/hu\\\/\",\"name\":\"Teatrul Regina Maria Oradea\",\"alternateName\":\"TRM Oradea\",\"description\":\"Trupa Iosif Vulcan \\u0219i Trupa Arcadia\",\"inLanguage\":\"hu-HU\",\"publisher\":{\"@id\":\"https:\\\/\\\/www.teatrulreginamaria.ro\\\/hu\\\/#organization\"}}]}\n\t\t<\/script>\n\t\t<!-- All in One SEO Pro -->\r\n\t\t<title>\u00cenc\u0103 o zi trist\u0103 pentru colectivul Teatrului Regina Maria - Teatrul Regina Maria Oradea<\/title>\n\n","aioseo_head_json":{"title":"\u00dajabb szomor\u00fa nap a Regina Maria Sz\u00ednh\u00e1z csapata sz\u00e1m\u00e1ra - Regina Maria Sz\u00ednh\u00e1z Nagyv\u00e1rad","description":"M\u00e9ly sajn\u00e1lattal tudatjuk, hogy j\u00f3 koll\u00e9g\u00e1nk, Jo\u00f3 Iuliu v\u00e1ratlanul t\u00e1vozott k\u00f6z\u00fcl\u00fcnk. 1994-ben kezdte p\u00e1lyafut\u00e1s\u00e1t a Nagyv\u00e1radi Sz\u00ednh\u00e1zban \u00e1rus\u00edt\u00f3k\u00e9nt, \u00e9s feladatai ir\u00e1nti felel\u0151ss\u00e9gteljes \u00e9s odaad\u00f3 munk\u00e1j\u00e1val mind koll\u00e9g\u00e1i, mind a vezet\u0151s\u00e9g tisztelet\u00e9t \u00e9s megbecs\u00fcl\u00e9s\u00e9t v\u00edvta ki. Rendk\u00edv\u00fcli eredm\u00e9nyek","canonical_url":"https:\/\/www.teatrulreginamaria.ro\/hu\/inca-o-zi-trista-pentru-colectivul-teatrului-regina-maria\/","robots":"max-image-preview:large","keywords":"","webmasterTools":{"miscellaneous":""},"schema":{"@context":"https:\/\/schema.org","@graph":[{"@type":"BlogPosting","@id":"https:\/\/www.teatrulreginamaria.ro\/hu\/inca-o-zi-trista-pentru-colectivul-teatrului-regina-maria\/#blogposting","name":"\u00cenc\u0103 o zi trist\u0103 pentru colectivul Teatrului Regina Maria - Teatrul Regina Maria Oradea","headline":"\u00cenc\u0103 o zi trist\u0103 pentru colectivul Teatrului Regina Maria","author":{"@id":"https:\/\/www.teatrulreginamaria.ro\/hu\/author\/w3bmaster\/#author"},"publisher":{"@id":"https:\/\/www.teatrulreginamaria.ro\/hu\/#organization"},"image":{"@type":"ImageObject","url":"https:\/\/www.teatrulreginamaria.ro\/wp-content\/uploads\/2025\/06\/logo-trm-01-dark.png","@id":"https:\/\/www.teatrulreginamaria.ro\/hu\/#articleImage","width":300,"height":148},"datePublished":"2018-02-22T13:11:23+02:00","dateModified":"2018-02-22T13:11:23+02:00","inLanguage":"hu-HU","mainEntityOfPage":{"@id":"https:\/\/www.teatrulreginamaria.ro\/hu\/inca-o-zi-trista-pentru-colectivul-teatrului-regina-maria\/#webpage"},"isPartOf":{"@id":"https:\/\/www.teatrulreginamaria.ro\/hu\/inca-o-zi-trista-pentru-colectivul-teatrului-regina-maria\/#webpage"},"articleSection":"Nout\u0103\u021bi - Trupa Iosif Vulcan"},{"@type":"BreadcrumbList","@id":"https:\/\/www.teatrulreginamaria.ro\/hu\/inca-o-zi-trista-pentru-colectivul-teatrului-regina-maria\/#breadcrumblist","itemListElement":[{"@type":"ListItem","@id":"https:\/\/www.teatrulreginamaria.ro\/hu#listItem","position":1,"name":"Home","item":"https:\/\/www.teatrulreginamaria.ro\/hu","nextItem":{"@type":"ListItem","@id":"https:\/\/www.teatrulreginamaria.ro\/hu\/categorie\/noutati\/#listItem","name":"Nout\u0103\u021bi"}},{"@type":"ListItem","@id":"https:\/\/www.teatrulreginamaria.ro\/hu\/categorie\/noutati\/#listItem","position":2,"name":"Nout\u0103\u021bi","item":"https:\/\/www.teatrulreginamaria.ro\/hu\/categorie\/noutati\/","nextItem":{"@type":"ListItem","@id":"https:\/\/www.teatrulreginamaria.ro\/hu\/categorie\/noutati\/noutati-trupa-iosif-vulcan\/#listItem","name":"Nout\u0103\u021bi - Trupa Iosif Vulcan"},"previousItem":{"@type":"ListItem","@id":"https:\/\/www.teatrulreginamaria.ro\/hu#listItem","name":"Home"}},{"@type":"ListItem","@id":"https:\/\/www.teatrulreginamaria.ro\/hu\/categorie\/noutati\/noutati-trupa-iosif-vulcan\/#listItem","position":3,"name":"Nout\u0103\u021bi - Trupa Iosif Vulcan","item":"https:\/\/www.teatrulreginamaria.ro\/hu\/categorie\/noutati\/noutati-trupa-iosif-vulcan\/","nextItem":{"@type":"ListItem","@id":"https:\/\/www.teatrulreginamaria.ro\/hu\/inca-o-zi-trista-pentru-colectivul-teatrului-regina-maria\/#listItem","name":"\u00cenc\u0103 o zi trist\u0103 pentru colectivul Teatrului Regina Maria"},"previousItem":{"@type":"ListItem","@id":"https:\/\/www.teatrulreginamaria.ro\/hu\/categorie\/noutati\/#listItem","name":"Nout\u0103\u021bi"}},{"@type":"ListItem","@id":"https:\/\/www.teatrulreginamaria.ro\/hu\/inca-o-zi-trista-pentru-colectivul-teatrului-regina-maria\/#listItem","position":4,"name":"\u00cenc\u0103 o zi trist\u0103 pentru colectivul Teatrului Regina Maria","previousItem":{"@type":"ListItem","@id":"https:\/\/www.teatrulreginamaria.ro\/hu\/categorie\/noutati\/noutati-trupa-iosif-vulcan\/#listItem","name":"Nout\u0103\u021bi - Trupa Iosif Vulcan"}}]},{"@type":"Organization","@id":"https:\/\/www.teatrulreginamaria.ro\/hu\/#organization","name":"Teatrul Regina Maria Oradea","description":"Trupa Iosif Vulcan \u0219i Trupa Arcadia","url":"https:\/\/www.teatrulreginamaria.ro\/hu\/","email":"marketing@teatrulreginamaria.ro","telephone":"+40359411534","numberOfEmployees":{"@type":"QuantitativeValue","minValue":0,"maxValue":150},"logo":{"@type":"ImageObject","url":"https:\/\/www.teatrulreginamaria.ro\/wp-content\/uploads\/2025\/06\/logo-trm-01-dark.png","@id":"https:\/\/www.teatrulreginamaria.ro\/hu\/inca-o-zi-trista-pentru-colectivul-teatrului-regina-maria\/#organizationLogo","width":300,"height":148},"image":{"@id":"https:\/\/www.teatrulreginamaria.ro\/hu\/inca-o-zi-trista-pentru-colectivul-teatrului-regina-maria\/#organizationLogo"},"sameAs":["https:\/\/www.facebook.com\/TRMTrupaIosifVulcan\/","https:\/\/x.com\/TRMOradea","https:\/\/www.instagram.com\/teatrul_regina_maria\/","https:\/\/www.youtube.com\/c\/TeatrulReginaMariaOradea","https:\/\/www.linkedin.com\/company\/teatrul-regina-maria"]},{"@type":"Person","@id":"https:\/\/www.teatrulreginamaria.ro\/hu\/author\/w3bmaster\/#author","url":"https:\/\/www.teatrulreginamaria.ro\/hu\/author\/w3bmaster\/","name":"Teatrul Regina Maria","image":{"@type":"ImageObject","@id":"https:\/\/www.teatrulreginamaria.ro\/hu\/inca-o-zi-trista-pentru-colectivul-teatrului-regina-maria\/#authorImage","url":"https:\/\/secure.gravatar.com\/avatar\/5884139d508ae3f0bafe45e60563b48a9640146d3b08ccc6278c305ff9329305?s=96&d=mm&r=g","width":96,"height":96,"caption":"Teatrul Regina Maria"}},{"@type":"WebPage","@id":"https:\/\/www.teatrulreginamaria.ro\/hu\/inca-o-zi-trista-pentru-colectivul-teatrului-regina-maria\/#webpage","url":"https:\/\/www.teatrulreginamaria.ro\/hu\/inca-o-zi-trista-pentru-colectivul-teatrului-regina-maria\/","name":"\u00cenc\u0103 o zi trist\u0103 pentru colectivul Teatrului Regina Maria - Teatrul Regina Maria Oradea","description":"Anun\u021b\u0103m cu profund regret c\u0103 a plecat dintre noi, pe nea\u0219teptate, bunul nostru coleg Jo\u00f3 Iuliu. \u0218i-a \u00eenceput activitatea \u00een cadrul Teatrului din Oradea, ca merceolog, \u00een anul 1994, iar prin responsabilitatea \u0219i devotamentul manifestat fa\u021b\u0103 de atribu\u021biile care \u00eei reveneau, a c\u00e2\u0219tigat respect \u0219i apreciere at\u00e2t din partea colegilor, c\u00e2t \u0219i a conducerii. Rezultatele extraordinare","inLanguage":"hu-HU","isPartOf":{"@id":"https:\/\/www.teatrulreginamaria.ro\/hu\/#website"},"breadcrumb":{"@id":"https:\/\/www.teatrulreginamaria.ro\/hu\/inca-o-zi-trista-pentru-colectivul-teatrului-regina-maria\/#breadcrumblist"},"author":{"@id":"https:\/\/www.teatrulreginamaria.ro\/hu\/author\/w3bmaster\/#author"},"creator":{"@id":"https:\/\/www.teatrulreginamaria.ro\/hu\/author\/w3bmaster\/#author"},"datePublished":"2018-02-22T13:11:23+02:00","dateModified":"2018-02-22T13:11:23+02:00"},{"@type":"WebSite","@id":"https:\/\/www.teatrulreginamaria.ro\/hu\/#website","url":"https:\/\/www.teatrulreginamaria.ro\/hu\/","name":"Teatrul Regina Maria Oradea","alternateName":"TRM Oradea","description":"Trupa Iosif Vulcan \u0219i Trupa Arcadia","inLanguage":"hu-HU","publisher":{"@id":"https:\/\/www.teatrulreginamaria.ro\/hu\/#organization"}}]},"og:locale":"hu_HU","og:site_name":"Teatrul Regina Maria Oradea - Trupa Iosif Vulcan \u0219i Trupa Arcadia","og:type":"article","og:title":"\u00cenc\u0103 o zi trist\u0103 pentru colectivul Teatrului Regina Maria - Teatrul Regina Maria Oradea","og:description":"Anun\u021b\u0103m cu profund regret c\u0103 a plecat dintre noi, pe nea\u0219teptate, bunul nostru coleg Jo\u00f3 Iuliu. \u0218i-a \u00eenceput activitatea \u00een cadrul Teatrului din Oradea, ca merceolog, \u00een anul 1994, iar prin responsabilitatea \u0219i devotamentul manifestat fa\u021b\u0103 de atribu\u021biile care \u00eei reveneau, a c\u00e2\u0219tigat respect \u0219i apreciere at\u00e2t din partea colegilor, c\u00e2t \u0219i a conducerii. Rezultatele extraordinare","og:url":"https:\/\/www.teatrulreginamaria.ro\/hu\/inca-o-zi-trista-pentru-colectivul-teatrului-regina-maria\/","og:image":"https:\/\/www.teatrulreginamaria.ro\/wp-content\/uploads\/2025\/03\/trm-istoric-01.jpg","og:image:secure_url":"https:\/\/www.teatrulreginamaria.ro\/wp-content\/uploads\/2025\/03\/trm-istoric-01.jpg","og:image:width":1200,"og:image:height":800,"article:published_time":"2018-02-22T13:11:23+00:00","article:modified_time":"2018-02-22T13:11:23+00:00","article:publisher":"https:\/\/www.facebook.com\/TRMTrupaIosifVulcan\/","twitter:card":"summary_large_image","twitter:site":"@TRMOradea","twitter:title":"\u00cenc\u0103 o zi trist\u0103 pentru colectivul Teatrului Regina Maria - Teatrul Regina Maria Oradea","twitter:description":"Anun\u021b\u0103m cu profund regret c\u0103 a plecat dintre noi, pe nea\u0219teptate, bunul nostru coleg Jo\u00f3 Iuliu. \u0218i-a \u00eenceput activitatea \u00een cadrul Teatrului din Oradea, ca merceolog, \u00een anul 1994, iar prin responsabilitatea \u0219i devotamentul manifestat fa\u021b\u0103 de atribu\u021biile care \u00eei reveneau, a c\u00e2\u0219tigat respect \u0219i apreciere at\u00e2t din partea colegilor, c\u00e2t \u0219i a conducerii. Rezultatele extraordinare","twitter:creator":"@TRMOradea","twitter:image":"https:\/\/www.teatrulreginamaria.ro\/wp-content\/uploads\/2025\/03\/trm-istoric-01.jpg"},"aioseo_meta_data":{"post_id":"1278","title":null,"description":null,"keywords":null,"keyphrases":null,"primary_term":null,"canonical_url":null,"og_title":null,"og_description":null,"og_object_type":"default","og_image_type":"default","og_image_url":null,"og_image_width":null,"og_image_height":null,"og_image_custom_url":null,"og_image_custom_fields":null,"og_video":null,"og_custom_url":null,"og_article_section":null,"og_article_tags":null,"twitter_use_og":false,"twitter_card":"default","twitter_image_type":"default","twitter_image_url":null,"twitter_image_custom_url":null,"twitter_image_custom_fields":null,"twitter_title":null,"twitter_description":null,"schema":{"blockGraphs":[],"customGraphs":[],"default":{"data":{"Article":[],"Course":[],"Dataset":[],"FAQPage":[],"Movie":[],"Person":[],"Product":[],"ProductReview":[],"Car":[],"Recipe":[],"Service":[],"SoftwareApplication":[],"WebPage":[]},"graphName":"","isEnabled":true},"graphs":[]},"schema_type":"default","schema_type_options":null,"pillar_content":false,"robots_default":true,"robots_noindex":false,"robots_noarchive":false,"robots_nosnippet":false,"robots_nofollow":false,"robots_noimageindex":false,"robots_noodp":false,"robots_notranslate":false,"robots_max_snippet":null,"robots_max_videopreview":null,"robots_max_imagepreview":"large","priority":null,"frequency":null,"local_seo":null,"seo_analyzer_scan_date":"2026-05-13 01:52:42","breadcrumb_settings":null,"limit_modified_date":false,"reviewed_by":null,"open_ai":null,"ai":null,"created":"2025-04-09 17:42:41","updated":"2026-05-13 01:52:42","focus_keyword":null,"additional_keywords":null,"truseo_locale":null},"aioseo_breadcrumb":"<div class=\"aioseo-breadcrumbs\"><span class=\"aioseo-breadcrumb\">\n\t<a href=\"https:\/\/www.teatrulreginamaria.ro\/hu\" title=\"Home\">Home<\/a>\n<\/span><span class=\"aioseo-breadcrumb-separator\">&raquo;<\/span><span class=\"aioseo-breadcrumb\">\n\t<a href=\"https:\/\/www.teatrulreginamaria.ro\/hu\/categorie\/noutati\/\" title=\"Nout\u0103\u021bi\">Nout\u0103\u021bi<\/a>\n<\/span><span class=\"aioseo-breadcrumb-separator\">&raquo;<\/span><span class=\"aioseo-breadcrumb\">\n\t<a href=\"https:\/\/www.teatrulreginamaria.ro\/hu\/categorie\/noutati\/noutati-trupa-iosif-vulcan\/\" title=\"Nout\u0103\u021bi - Trupa Iosif Vulcan\">Nout\u0103\u021bi - Trupa Iosif Vulcan<\/a>\n<\/span><span class=\"aioseo-breadcrumb-separator\">&raquo;<\/span><span class=\"aioseo-breadcrumb\">\n\t\u00cenc\u0103 o zi trist\u0103 pentru colectivul Teatrului Regina Maria\n<\/span><\/div>","aioseo_breadcrumb_json":[{"label":"Home","link":"https:\/\/www.teatrulreginamaria.ro\/hu"},{"label":"Nout\u0103\u021bi","link":"https:\/\/www.teatrulreginamaria.ro\/hu\/categorie\/noutati\/"},{"label":"Nout\u0103\u021bi - Trupa Iosif Vulcan","link":"https:\/\/www.teatrulreginamaria.ro\/hu\/categorie\/noutati\/noutati-trupa-iosif-vulcan\/"},{"label":"\u00cenc\u0103 o zi trist\u0103 pentru colectivul Teatrului Regina Maria","link":"https:\/\/www.teatrulreginamaria.ro\/hu\/inca-o-zi-trista-pentru-colectivul-teatrului-regina-maria\/"}],"acf":[],"_links":{"self":[{"href":"https:\/\/www.teatrulreginamaria.ro\/hu\/wp-json\/wp\/v2\/posts\/1278","targetHints":{"allow":["GET"]}}],"collection":[{"href":"https:\/\/www.teatrulreginamaria.ro\/hu\/wp-json\/wp\/v2\/posts"}],"about":[{"href":"https:\/\/www.teatrulreginamaria.ro\/hu\/wp-json\/wp\/v2\/types\/post"}],"author":[{"embeddable":true,"href":"https:\/\/www.teatrulreginamaria.ro\/hu\/wp-json\/wp\/v2\/users\/6"}],"replies":[{"embeddable":true,"href":"https:\/\/www.teatrulreginamaria.ro\/hu\/wp-json\/wp\/v2\/comments?post=1278"}],"version-history":[{"count":0,"href":"https:\/\/www.teatrulreginamaria.ro\/hu\/wp-json\/wp\/v2\/posts\/1278\/revisions"}],"wp:attachment":[{"href":"https:\/\/www.teatrulreginamaria.ro\/hu\/wp-json\/wp\/v2\/media?parent=1278"}],"wp:term":[{"taxonomy":"category","embeddable":true,"href":"https:\/\/www.teatrulreginamaria.ro\/hu\/wp-json\/wp\/v2\/categories?post=1278"},{"taxonomy":"post_tag","embeddable":true,"href":"https:\/\/www.teatrulreginamaria.ro\/hu\/wp-json\/wp\/v2\/tags?post=1278"}],"curies":[{"name":"munkaf\u00fczet","href":"https:\/\/api.w.org\/{rel}","templated":true}]}}