{"id":1289,"date":"2018-03-27T08:25:51","date_gmt":"2018-03-27T08:25:51","guid":{"rendered":"https:\/\/teatrulreginamaria.ro\/2018\/03\/27\/mesajde-ziua-mondiala-a-teatrului-2018-america\/"},"modified":"2018-03-27T08:25:51","modified_gmt":"2018-03-27T08:25:51","slug":"vilagszinhazi-uzenet-2018-amerikaban","status":"publish","type":"post","link":"https:\/\/www.teatrulreginamaria.ro\/hu\/mesajde-ziua-mondiala-a-teatrului-2018-america\/","title":{"rendered":"A sz\u00ednh\u00e1zi vil\u00e1gnap 2018-as \u00fczenete \u2013 Amerika"},"content":{"rendered":"<p style=\"text-align: justify;\"><strong>Sabina Berman, Mexik\u00f3\u00a0<\/strong>\u00a0<br \/><em>(\u00edr\u00f3, \u00fajs\u00e1g\u00edr\u00f3)<\/em><\/p>\n<p style=\"text-align: justify;\">El tudjuk k\u00e9pzelni.<\/p>\n<p style=\"text-align: justify;\">A t\u00f6rzs madarakra vad\u00e1szik apr\u00f3 k\u00f6veket dob\u00e1lva az \u00e9gbe, amikor hirtelen egy \u00f3ri\u00e1si mamut jelenik meg a sz\u00ednen \u00e9s TOHORGAN \u2013 ugyanakkor egy apr\u00f3 emberi l\u00e9ny TOHORGAN, mint a mamut. Azt\u00e1n mindenki elszalad\u2026<\/p>\n<p><!--more--><\/p>\n<p style=\"text-align: justify;\">Ez a hatalmas \u00fcv\u00f6lt\u00e9s, amit egy n\u0151i emberi l\u00e9ny \u2013 szeretn\u00e9m elk\u00e9pzelni, hogy egy n\u0151 \u2013 bocs\u00e1t ki, a kezdete annak, ami azz\u00e1 a fajj\u00e1 tesz minket, akik ma vagyunk. Azz\u00e1 a fajj\u00e1, amely k\u00e9pes ut\u00e1nozni azt, amik nem vagyunk. Azz\u00e1 a fajj\u00e1, amely k\u00e9pes a M\u00e1sik k\u00e9pviselet\u00e9re.<\/p>\n<p style=\"text-align: justify;\">Ugorjunk el\u0151re t\u00edz, sz\u00e1z vagy ezer \u00e9vet. A t\u00f6rzs megtanulta ut\u00e1nozni m\u00e1s l\u00e9nyeket, \u00e9s a barlang m\u00e9ly\u00e9n, a t\u0171z pisl\u00e1kol\u00f3 f\u00e9ny\u00e9ben azt k\u00e9pviselik, amire azon a reggelen vad\u00e1sztak: n\u00e9gy f\u00e9rfi a mamut, h\u00e1rom n\u0151 a foly\u00f3, a f\u00e9rfiak \u00e9s n\u0151k a madarak, f\u00e1k, felh\u0151k. \u00cdgy a t\u00f6rzs a sz\u00ednh\u00e1z aj\u00e1nd\u00e9k\u00e1n kereszt\u00fcl ragadja meg a m\u00faltat. M\u00e9g megd\u00f6bbent\u0151bb: \u00edgy a t\u00f6rzs lehets\u00e9ges j\u00f6v\u0151ket tal\u00e1l ki, lehets\u00e9ges m\u00f3dokat pr\u00f3b\u00e1l ki a mamut, a t\u00f6rzs ellens\u00e9g\u00e9nek legy\u0151z\u00e9s\u00e9re.<\/p>\n<p style=\"text-align: justify;\">Ord\u00edt\u00e1s, s\u00edpol\u00e1s, mormog\u00e1s \u2013 az hangut\u00e1nz\u00f3 szavak az els\u0151 sz\u00ednh\u00e1zunk \u2013 verb\u00e1lis nyelvv\u00e9 v\u00e1lnak. A besz\u00e9lt nyelv \u00edrott nyelvv\u00e9. M\u00e1s m\u00f3don a sz\u00ednh\u00e1z ritu\u00e1l\u00e9v\u00e1 v\u00e1lik, majd a mozi. De mindezen form\u00e1kban \u00e9s minden elj\u00f6vend\u0151 forma magj\u00e1ban a sz\u00ednh\u00e1z tov\u00e1bbra is l\u00e9tezni fog. A legegyszer\u0171bb \u00e1br\u00e1zol\u00e1sm\u00f3d. Az \u00e9l\u0151 \u00e1br\u00e1zol\u00e1sm\u00f3d. A sz\u00ednh\u00e1z, az egyszer\u0171bb, az intimebb, a legcsod\u00e1latosabb emberi k\u00e9pess\u00e9ghez, a M\u00e1sik \u00e1br\u00e1zol\u00e1s\u00e1hoz k\u00f6t minket.<\/p>\n<p style=\"text-align: justify;\">Ma a vil\u00e1g \u00f6sszes sz\u00ednh\u00e1z\u00e1ban \u00fcnnepelj\u00fck ezt a dics\u0151s\u00e9ges emberi k\u00e9pess\u00e9get a sz\u00ednh\u00e1zteremt\u00e9sre. Hogy \u00e1br\u00e1zoljuk \u00e9s megragadjuk a m\u00faltunkat, hogy meg\u00e9rts\u00fck azt, vagy hogy olyan lehets\u00e9ges j\u00f6v\u0151ket tal\u00e1ljunk ki, amelyek t\u00f6bb szabads\u00e1got \u00e9s t\u00f6bb boldogs\u00e1got hoznak a t\u00f6rzsnek.<\/p>\n<p style=\"text-align: justify;\">Term\u00e9szetesen azokr\u00f3l a darabokr\u00f3l besz\u00e9lek, amelyek val\u00f3ban sz\u00e1m\u00edtanak, \u00e9s amelyek t\u00falmutatnak a sz\u00f3rakoztat\u00e1son. Ezek a ma is fontos darabok ugyanazt c\u00e9lozz\u00e1k, mint a legr\u00e9gebbiek: a reprezent\u00e1ci\u00f3 k\u00e9pess\u00e9g\u00e9nek k\u00f6sz\u00f6nhet\u0151en legy\u0151zni a t\u00f6rzsi boldogs\u00e1g kort\u00e1rs ellens\u00e9geit.<\/p>\n<p style=\"text-align: justify;\">Melyek azok a mamutok, amelyeket ma t\u00f6rzsi sz\u00ednh\u00e1z seg\u00edts\u00e9g\u00e9vel kell legy\u0151zni?<\/p>\n<p style=\"text-align: justify;\">Sz\u00e1momra a legnagyobb mamut az emberek sz\u00edv\u00e9nek elidegened\u00e9se. Az a k\u00e9pess\u00e9g\u00fcnk elveszt\u00e9se, hogy m\u00e1sokkal egy\u00fctt \u00e9rezz\u00fcnk: egy\u00fctt\u00e9rezz\u00fcnk. \u00c9s az a k\u00e9pess\u00e9g\u00fcnk, hogy a nem emberi M\u00e1sikkal, a Term\u00e9szettel egy\u00fctt \u00e9rezz\u00fcnk.<\/p>\n<p style=\"text-align: justify;\">Micsoda paradoxon! Ma, a humanizmus utols\u00f3 szakasz\u00e1ban \u2013 az antropoc\u00e9nnek nevezett korszakban \u2013, abban a korszakban, amelyben az ember az a term\u00e9szeti er\u0151, amely a legink\u00e1bb megv\u00e1ltoztatta \u00e9s megv\u00e1ltoztatja a bolyg\u00f3t \u2013 a sz\u00ednh\u00e1z k\u00fcldet\u00e9se pontosan az ellent\u00e9te annak, ami a t\u00f6rzset \u00f6sszehozta, amikor a sz\u00ednh\u00e1zat a barlang m\u00e9ly\u00e9n j\u00e1tszott\u00e1k: ma meg kell \u0151rizn\u00fcnk a kapcsolatunkat a term\u00e9szettel.<\/p>\n<p style=\"text-align: justify;\">A sz\u00ednh\u00e1z \u2013 amely emberi l\u00e9nyek jelenl\u00e9t\u00e9t ig\u00e9nyli m\u00e1s emberek el\u0151tt \u2013 jobban alkalmas arra, hogy megmentsen minket az algoritmusokk\u00e1, a tiszta absztrakci\u00f3kk\u00e1 val\u00f3 \u00e1talakul\u00e1st\u00f3l, mint az irodalom, jobban, mint a mozi.<\/p>\n<p style=\"text-align: justify;\">Vetk\u0151ztess\u00fcnk le minden felesleges dolgot a sz\u00ednh\u00e1zr\u00f3l. Vetk\u0151ztess\u00fck le teljesen. Mert a sz\u00ednh\u00e1z, min\u00e9l egyszer\u0171bb, ann\u00e1l ink\u00e1bb k\u00e9pes eml\u00e9keztetni minket az egyetlen vitathatatlan dologra: arra, hogy addig vagyunk, am\u00edg az id\u0151ben vagyunk, am\u00edg h\u00fas \u00e9s csont vagyunk, \u00e9s am\u00edg sz\u00edvek vagyunk, amelyek a mellkasunkban dobognak. Itt vagyunk \u00e9s most, ennyi az eg\u00e9sz.<\/p>\n<p style=\"text-align: justify;\">\u00c9ljen a sz\u00ednh\u00e1z! A leg\u0151sibb m\u0171v\u00e9szet. A jelenben l\u00e9t m\u0171v\u00e9szete. A legcsod\u00e1latosabb m\u0171v\u00e9szet. \u00c9ljen a sz\u00ednh\u00e1z!<\/p>\n<p style=\"text-align: justify;\"><em>Ford\u00edt\u00e1s: Ligia Soare<\/em><\/p>\n<p style=\"text-align: justify;\">\u00a0<\/p>\n<p style=\"text-align: justify;\"><strong>\u00c9letrajz \u2013 Sabina Berman, Mexik\u00f3<a href=\"https:\/\/www.teatrulreginamaria.ro\/hu\/zenekar-josif-vulcan\/files\/2018\/03\/america.jpg\/\"><\/a><\/strong><\/p>\n<p style=\"text-align: justify;\"><em>(ford\u00edt\u00e1s az eredeti angol nyelv\u0171 sz\u00f6vegb\u0151l)<\/em><\/p>\n<p style=\"text-align: justify;\"><strong>Sabina Berman<\/strong> Berman \u00edr\u00f3 \u00e9s \u00fajs\u00e1g\u00edr\u00f3, aki Mexik\u00f3v\u00e1rosban sz\u00fcletett. A kritikai \u00e9s kereskedelmi szempontb\u00f3l legsikeresebb kort\u00e1rs mexik\u00f3i dr\u00e1ma\u00edr\u00f3nak tartj\u00e1k, \u00e9s az egyik legterm\u00e9kenyebb \u00e9l\u0151 spanyol nyelv\u0171 \u00edr\u00f3.<\/p>\n<p style=\"text-align: justify;\">Sz\u00fclet\u00e9se el\u0151tt sz\u00fclei a zsid\u00f3\u00fcld\u00f6z\u00e9s el\u0151l menek\u00fcltek sz\u00fcl\u0151f\u00f6ldj\u00fckr\u0151l, Lengyelorsz\u00e1gb\u00f3l, \u00e9s Mexik\u00f3ban kerestek mened\u00e9ket. Sabina k\u00e9t testv\u00e9r\u00e9vel egy\u00fctt teljes m\u00e9rt\u00e9kben tudat\u00e1ban volt annak a fesz\u00fclts\u00e9gnek, amelyet a konfliktus a csal\u00e1d sors\u00e1ra gyakorolt, \u00e9s amelyet az \u00edr\u00f3n\u0151 a mai napig meghat\u00e1roz\u00f3 t\u00e9nyez\u0151nek tart \u00e9let\u00e9ben.<\/p>\n<p style=\"text-align: justify;\">\u00cdr\u00f3k\u00e9nt f\u0151k\u00e9nt a soksz\u00edn\u0171s\u00e9ggel \u00e9s annak akad\u00e1lyaival kapcsolatos t\u00e9m\u00e1kkal foglalkozik. St\u00edlus\u00e1ban a humor \u00e9s a nyelvi korl\u00e1tok lek\u00fczd\u00e9s\u00e9nek sz\u00fcks\u00e9gess\u00e9ge jelenik meg. N\u00e9gyszeres Mexik\u00f3i Nemzeti Dramaturgiai D\u00edj (Premio Nacional de Dramaturgia Juan Ruiz Alarc\u00f3n) \u00e9s k\u00e9tszeres Nemzeti \u00dajs\u00e1g\u00edr\u00f3i D\u00edj (Premio Nacional de Periodismo) nyertese. Darabjait Kanad\u00e1ban, \u00c9szak-Amerik\u00e1ban, Latin-Amerik\u00e1ban \u00e9s Eur\u00f3p\u00e1ban is bemutatt\u00e1k. Reg\u00e9nye <em>La mujer que buce\u00f3 en el coraz\u00f3n del mundo<\/em> (&quot;\u00c9n \/ A n\u0151, aki a vil\u00e1g sz\u00edv\u00e9be zuhant&quot;) c\u00edm\u0171 k\u00f6nyvet 11 nyelvre ford\u00edtott\u00e1k le, \u00e9s t\u00f6bb mint 33 orsz\u00e1gban adt\u00e1k ki, k\u00f6zt\u00fck Spanyolorsz\u00e1gban, Franciaorsz\u00e1gban, az Egyes\u00fclt \u00c1llamokban, az Egyes\u00fclt Kir\u00e1lys\u00e1gban \u00e9s Izraelben.<\/p>\n<p style=\"text-align: justify;\">Jelenleg film- \u00e9s telev\u00edzi\u00f3s ter\u00fcleten dolgozik.<\/p>\n<p style=\"text-align: justify;\"><em>\u00a0<\/em><\/p>","protected":false},"excerpt":{"rendered":"<p>Sabina Berman, Mexik\u00f3 (\u00edr\u00f3, \u00fajs\u00e1g\u00edr\u00f3) El tudjuk k\u00e9pzelni. A t\u00f6rzs madarakra vad\u00e1szik, apr\u00f3 k\u00f6veket dob\u00e1lva az \u00e9gbe, amikor hirtelen egy \u00f3ri\u00e1si mamut jelenik meg a sz\u00ednen \u00e9s TOHANYRA KERESZT\u00dcL \u2013 ugyanakkor egy apr\u00f3 emberi l\u00e9ny TOHANYRA KERESZT\u00dcL, mint a mamut. Azt\u00e1n mindenki elszalad\u2026<\/p>","protected":false},"author":6,"featured_media":0,"comment_status":"open","ping_status":"open","sticky":false,"template":"","format":"standard","meta":{"_acf_changed":false,"footnotes":""},"categories":[22],"tags":[331,330],"class_list":["post-1289","post","type-post","status-publish","format-standard","hentry","category-noutati-trupa-iosif-vulcan","tag-331","tag-ziua-mondiala-a-teatrului"],"aioseo_notices":[],"aioseo_head":"\n\t\t<!-- All in One SEO Pro 5.0.1.1 - aioseo.com -->\n\t<meta name=\"description\" content=\"Sabina Berman, Mexic (scriitoare, jurnalist\u0103) Ne putem imagina. Tribul v\u00e2neaz\u0103 p\u0103s\u0103ri arunc\u00e2nd spre cer pietre micu\u0163e, c\u00e2nd un mamut gigantic intr\u0103 brusc \u00een scen\u0103 \u015fi RAGE \u2013 \u00een acela\u015fi timp, o fiin\u0163\u0103 uman\u0103 micu\u0163\u0103 RAGE asemenea mamutului. Apoi, toat\u0103 lumea fuge\u2026 Acest r\u0103get de mamut emis de o fiin\u0163\u0103 uman\u0103 femeie \u2013 a\u015f vrea s\u0103-mi imaginez\" \/>\n\t<meta name=\"robots\" content=\"max-image-preview:large\" \/>\n\t<meta name=\"author\" content=\"Teatrul Regina Maria\"\/>\n\t<link rel=\"canonical\" href=\"https:\/\/www.teatrulreginamaria.ro\/hu\/mesajde-ziua-mondiala-a-teatrului-2018-america\/\" \/>\n\t<meta name=\"generator\" content=\"All in One SEO Pro (AIOSEO) 5.0.1.1\" \/>\n\t\t<meta property=\"og:locale\" content=\"hu_HU\" \/>\n\t\t<meta property=\"og:site_name\" content=\"Teatrul Regina Maria Oradea - Trupa Iosif Vulcan \u0219i Trupa Arcadia\" \/>\n\t\t<meta property=\"og:type\" content=\"article\" \/>\n\t\t<meta property=\"og:title\" content=\"Mesaj de Ziua Mondial\u0103 a Teatrului 2018 \u2013 America - Teatrul Regina Maria Oradea\" \/>\n\t\t<meta property=\"og:description\" content=\"Sabina Berman, Mexic (scriitoare, jurnalist\u0103) Ne putem imagina. Tribul v\u00e2neaz\u0103 p\u0103s\u0103ri arunc\u00e2nd spre cer pietre micu\u0163e, c\u00e2nd un mamut gigantic intr\u0103 brusc \u00een scen\u0103 \u015fi RAGE \u2013 \u00een acela\u015fi timp, o fiin\u0163\u0103 uman\u0103 micu\u0163\u0103 RAGE asemenea mamutului. Apoi, toat\u0103 lumea fuge\u2026 Acest r\u0103get de mamut emis de o fiin\u0163\u0103 uman\u0103 femeie \u2013 a\u015f vrea s\u0103-mi imaginez\" \/>\n\t\t<meta property=\"og:url\" content=\"https:\/\/www.teatrulreginamaria.ro\/hu\/mesajde-ziua-mondiala-a-teatrului-2018-america\/\" \/>\n\t\t<meta property=\"og:image\" content=\"https:\/\/www.teatrulreginamaria.ro\/wp-content\/uploads\/2025\/03\/trm-istoric-01.jpg\" \/>\n\t\t<meta property=\"og:image:secure_url\" content=\"https:\/\/www.teatrulreginamaria.ro\/wp-content\/uploads\/2025\/03\/trm-istoric-01.jpg\" \/>\n\t\t<meta property=\"og:image:width\" content=\"1200\" \/>\n\t\t<meta property=\"og:image:height\" content=\"800\" \/>\n\t\t<meta property=\"article:published_time\" content=\"2018-03-27T08:25:51+00:00\" \/>\n\t\t<meta property=\"article:modified_time\" content=\"2018-03-27T08:25:51+00:00\" \/>\n\t\t<meta property=\"article:publisher\" content=\"https:\/\/www.facebook.com\/TRMTrupaIosifVulcan\/\" \/>\n\t\t<meta name=\"twitter:card\" content=\"summary_large_image\" \/>\n\t\t<meta name=\"twitter:site\" content=\"@TRMOradea\" \/>\n\t\t<meta name=\"twitter:title\" content=\"Mesaj de Ziua Mondial\u0103 a Teatrului 2018 \u2013 America - Teatrul Regina Maria Oradea\" \/>\n\t\t<meta name=\"twitter:description\" content=\"Sabina Berman, Mexic (scriitoare, jurnalist\u0103) Ne putem imagina. Tribul v\u00e2neaz\u0103 p\u0103s\u0103ri arunc\u00e2nd spre cer pietre micu\u0163e, c\u00e2nd un mamut gigantic intr\u0103 brusc \u00een scen\u0103 \u015fi RAGE \u2013 \u00een acela\u015fi timp, o fiin\u0163\u0103 uman\u0103 micu\u0163\u0103 RAGE asemenea mamutului. Apoi, toat\u0103 lumea fuge\u2026 Acest r\u0103get de mamut emis de o fiin\u0163\u0103 uman\u0103 femeie \u2013 a\u015f vrea s\u0103-mi imaginez\" \/>\n\t\t<meta name=\"twitter:creator\" content=\"@TRMOradea\" \/>\n\t\t<meta name=\"twitter:image\" content=\"https:\/\/www.teatrulreginamaria.ro\/wp-content\/uploads\/2025\/03\/trm-istoric-01.jpg\" \/>\n\t\t<script type=\"application\/ld+json\" class=\"aioseo-schema\">\n\t\t\t{\"@context\":\"https:\\\/\\\/schema.org\",\"@graph\":[{\"@type\":\"BlogPosting\",\"@id\":\"https:\\\/\\\/www.teatrulreginamaria.ro\\\/hu\\\/mesajde-ziua-mondiala-a-teatrului-2018-america\\\/#blogposting\",\"name\":\"Mesaj de Ziua Mondial\\u0103 a Teatrului 2018 \\u2013 America - Teatrul Regina Maria Oradea\",\"headline\":\"Mesaj de Ziua Mondial\\u0103 a Teatrului 2018 \\u2013 America\",\"author\":{\"@id\":\"https:\\\/\\\/www.teatrulreginamaria.ro\\\/hu\\\/author\\\/w3bmaster\\\/#author\"},\"publisher\":{\"@id\":\"https:\\\/\\\/www.teatrulreginamaria.ro\\\/hu\\\/#organization\"},\"image\":{\"@type\":\"ImageObject\",\"url\":\"https:\\\/\\\/www.teatrulreginamaria.ro\\\/wp-content\\\/uploads\\\/2025\\\/06\\\/logo-trm-01-dark.png\",\"@id\":\"https:\\\/\\\/www.teatrulreginamaria.ro\\\/hu\\\/#articleImage\",\"width\":300,\"height\":148},\"datePublished\":\"2018-03-27T08:25:51+03:00\",\"dateModified\":\"2018-03-27T08:25:51+03:00\",\"inLanguage\":\"hu-HU\",\"mainEntityOfPage\":{\"@id\":\"https:\\\/\\\/www.teatrulreginamaria.ro\\\/hu\\\/mesajde-ziua-mondiala-a-teatrului-2018-america\\\/#webpage\"},\"isPartOf\":{\"@id\":\"https:\\\/\\\/www.teatrulreginamaria.ro\\\/hu\\\/mesajde-ziua-mondiala-a-teatrului-2018-america\\\/#webpage\"},\"articleSection\":\"Nout\\u0103\\u021bi - Trupa Iosif Vulcan, 2018, Ziua Mondial\\u0103 a Teatrului\"},{\"@type\":\"BreadcrumbList\",\"@id\":\"https:\\\/\\\/www.teatrulreginamaria.ro\\\/hu\\\/mesajde-ziua-mondiala-a-teatrului-2018-america\\\/#breadcrumblist\",\"itemListElement\":[{\"@type\":\"ListItem\",\"@id\":\"https:\\\/\\\/www.teatrulreginamaria.ro\\\/hu#listItem\",\"position\":1,\"name\":\"Home\",\"item\":\"https:\\\/\\\/www.teatrulreginamaria.ro\\\/hu\",\"nextItem\":{\"@type\":\"ListItem\",\"@id\":\"https:\\\/\\\/www.teatrulreginamaria.ro\\\/hu\\\/categorie\\\/noutati\\\/#listItem\",\"name\":\"Nout\\u0103\\u021bi\"}},{\"@type\":\"ListItem\",\"@id\":\"https:\\\/\\\/www.teatrulreginamaria.ro\\\/hu\\\/categorie\\\/noutati\\\/#listItem\",\"position\":2,\"name\":\"Nout\\u0103\\u021bi\",\"item\":\"https:\\\/\\\/www.teatrulreginamaria.ro\\\/hu\\\/categorie\\\/noutati\\\/\",\"nextItem\":{\"@type\":\"ListItem\",\"@id\":\"https:\\\/\\\/www.teatrulreginamaria.ro\\\/hu\\\/categorie\\\/noutati\\\/noutati-trupa-iosif-vulcan\\\/#listItem\",\"name\":\"Nout\\u0103\\u021bi - Trupa Iosif Vulcan\"},\"previousItem\":{\"@type\":\"ListItem\",\"@id\":\"https:\\\/\\\/www.teatrulreginamaria.ro\\\/hu#listItem\",\"name\":\"Home\"}},{\"@type\":\"ListItem\",\"@id\":\"https:\\\/\\\/www.teatrulreginamaria.ro\\\/hu\\\/categorie\\\/noutati\\\/noutati-trupa-iosif-vulcan\\\/#listItem\",\"position\":3,\"name\":\"Nout\\u0103\\u021bi - Trupa Iosif Vulcan\",\"item\":\"https:\\\/\\\/www.teatrulreginamaria.ro\\\/hu\\\/categorie\\\/noutati\\\/noutati-trupa-iosif-vulcan\\\/\",\"nextItem\":{\"@type\":\"ListItem\",\"@id\":\"https:\\\/\\\/www.teatrulreginamaria.ro\\\/hu\\\/mesajde-ziua-mondiala-a-teatrului-2018-america\\\/#listItem\",\"name\":\"Mesaj de Ziua Mondial\\u0103 a Teatrului 2018 \\u2013 America\"},\"previousItem\":{\"@type\":\"ListItem\",\"@id\":\"https:\\\/\\\/www.teatrulreginamaria.ro\\\/hu\\\/categorie\\\/noutati\\\/#listItem\",\"name\":\"Nout\\u0103\\u021bi\"}},{\"@type\":\"ListItem\",\"@id\":\"https:\\\/\\\/www.teatrulreginamaria.ro\\\/hu\\\/mesajde-ziua-mondiala-a-teatrului-2018-america\\\/#listItem\",\"position\":4,\"name\":\"Mesaj de Ziua Mondial\\u0103 a Teatrului 2018 \\u2013 America\",\"previousItem\":{\"@type\":\"ListItem\",\"@id\":\"https:\\\/\\\/www.teatrulreginamaria.ro\\\/hu\\\/categorie\\\/noutati\\\/noutati-trupa-iosif-vulcan\\\/#listItem\",\"name\":\"Nout\\u0103\\u021bi - Trupa Iosif Vulcan\"}}]},{\"@type\":\"Organization\",\"@id\":\"https:\\\/\\\/www.teatrulreginamaria.ro\\\/hu\\\/#organization\",\"name\":\"Teatrul Regina Maria Oradea\",\"description\":\"Trupa Iosif Vulcan \\u0219i Trupa Arcadia\",\"url\":\"https:\\\/\\\/www.teatrulreginamaria.ro\\\/hu\\\/\",\"email\":\"marketing@teatrulreginamaria.ro\",\"telephone\":\"+40359411534\",\"numberOfEmployees\":{\"@type\":\"QuantitativeValue\",\"minValue\":0,\"maxValue\":150},\"logo\":{\"@type\":\"ImageObject\",\"url\":\"https:\\\/\\\/www.teatrulreginamaria.ro\\\/wp-content\\\/uploads\\\/2025\\\/06\\\/logo-trm-01-dark.png\",\"@id\":\"https:\\\/\\\/www.teatrulreginamaria.ro\\\/hu\\\/mesajde-ziua-mondiala-a-teatrului-2018-america\\\/#organizationLogo\",\"width\":300,\"height\":148},\"image\":{\"@id\":\"https:\\\/\\\/www.teatrulreginamaria.ro\\\/hu\\\/mesajde-ziua-mondiala-a-teatrului-2018-america\\\/#organizationLogo\"},\"sameAs\":[\"https:\\\/\\\/www.facebook.com\\\/TRMTrupaIosifVulcan\\\/\",\"https:\\\/\\\/x.com\\\/TRMOradea\",\"https:\\\/\\\/www.instagram.com\\\/teatrul_regina_maria\\\/\",\"https:\\\/\\\/www.youtube.com\\\/c\\\/TeatrulReginaMariaOradea\",\"https:\\\/\\\/www.linkedin.com\\\/company\\\/teatrul-regina-maria\"]},{\"@type\":\"Person\",\"@id\":\"https:\\\/\\\/www.teatrulreginamaria.ro\\\/hu\\\/author\\\/w3bmaster\\\/#author\",\"url\":\"https:\\\/\\\/www.teatrulreginamaria.ro\\\/hu\\\/author\\\/w3bmaster\\\/\",\"name\":\"Teatrul Regina Maria\",\"image\":{\"@type\":\"ImageObject\",\"@id\":\"https:\\\/\\\/www.teatrulreginamaria.ro\\\/hu\\\/mesajde-ziua-mondiala-a-teatrului-2018-america\\\/#authorImage\",\"url\":\"https:\\\/\\\/secure.gravatar.com\\\/avatar\\\/5884139d508ae3f0bafe45e60563b48a9640146d3b08ccc6278c305ff9329305?s=96&d=mm&r=g\",\"width\":96,\"height\":96,\"caption\":\"Teatrul Regina Maria\"}},{\"@type\":\"WebPage\",\"@id\":\"https:\\\/\\\/www.teatrulreginamaria.ro\\\/hu\\\/mesajde-ziua-mondiala-a-teatrului-2018-america\\\/#webpage\",\"url\":\"https:\\\/\\\/www.teatrulreginamaria.ro\\\/hu\\\/mesajde-ziua-mondiala-a-teatrului-2018-america\\\/\",\"name\":\"Mesaj de Ziua Mondial\\u0103 a Teatrului 2018 \\u2013 America - Teatrul Regina Maria Oradea\",\"description\":\"Sabina Berman, Mexic (scriitoare, jurnalist\\u0103) Ne putem imagina. Tribul v\\u00e2neaz\\u0103 p\\u0103s\\u0103ri arunc\\u00e2nd spre cer pietre micu\\u0163e, c\\u00e2nd un mamut gigantic intr\\u0103 brusc \\u00een scen\\u0103 \\u015fi RAGE \\u2013 \\u00een acela\\u015fi timp, o fiin\\u0163\\u0103 uman\\u0103 micu\\u0163\\u0103 RAGE asemenea mamutului. Apoi, toat\\u0103 lumea fuge\\u2026 Acest r\\u0103get de mamut emis de o fiin\\u0163\\u0103 uman\\u0103 femeie \\u2013 a\\u015f vrea s\\u0103-mi imaginez\",\"inLanguage\":\"hu-HU\",\"isPartOf\":{\"@id\":\"https:\\\/\\\/www.teatrulreginamaria.ro\\\/hu\\\/#website\"},\"breadcrumb\":{\"@id\":\"https:\\\/\\\/www.teatrulreginamaria.ro\\\/hu\\\/mesajde-ziua-mondiala-a-teatrului-2018-america\\\/#breadcrumblist\"},\"author\":{\"@id\":\"https:\\\/\\\/www.teatrulreginamaria.ro\\\/hu\\\/author\\\/w3bmaster\\\/#author\"},\"creator\":{\"@id\":\"https:\\\/\\\/www.teatrulreginamaria.ro\\\/hu\\\/author\\\/w3bmaster\\\/#author\"},\"datePublished\":\"2018-03-27T08:25:51+03:00\",\"dateModified\":\"2018-03-27T08:25:51+03:00\"},{\"@type\":\"WebSite\",\"@id\":\"https:\\\/\\\/www.teatrulreginamaria.ro\\\/hu\\\/#website\",\"url\":\"https:\\\/\\\/www.teatrulreginamaria.ro\\\/hu\\\/\",\"name\":\"Teatrul Regina Maria Oradea\",\"alternateName\":\"TRM Oradea\",\"description\":\"Trupa Iosif Vulcan \\u0219i Trupa Arcadia\",\"inLanguage\":\"hu-HU\",\"publisher\":{\"@id\":\"https:\\\/\\\/www.teatrulreginamaria.ro\\\/hu\\\/#organization\"}}]}\n\t\t<\/script>\n\t\t<!-- All in One SEO Pro -->\r\n\t\t<title>Mesaj de Ziua Mondial\u0103 a Teatrului 2018 \u2013 America - Teatrul Regina Maria Oradea<\/title>\n\n","aioseo_head_json":{"title":"\u00dczenet a 2018-as Sz\u00ednh\u00e1zi Vil\u00e1gnapra \u2013 Amerika - Regina Maria Sz\u00ednh\u00e1z Nagyv\u00e1radon","description":"Sabina Berman, Mexik\u00f3 (\u00edr\u00f3, \u00fajs\u00e1g\u00edr\u00f3) El tudjuk k\u00e9pzelni. A t\u00f6rzs madarakra vad\u00e1szik, apr\u00f3 k\u00f6veket dob\u00e1lva az \u00e9gbe, amikor hirtelen egy gigantikus mamut jelenik meg a sz\u00ednen \u00e9s D\u00dcH\u00d6NG \u2013 ugyanakkor egy apr\u00f3 emberi l\u00e9ny D\u00dcH\u00d6NG, mint a mamut. Azt\u00e1n mindenki elszalad\u2026 Ez a mamut\u00fcv\u00f6lt\u00e9s, amit egy n\u0151i emberi l\u00e9ny bocs\u00e1t ki \u2013 szeretn\u00e9m elk\u00e9pzelni","canonical_url":"https:\/\/www.teatrulreginamaria.ro\/hu\/mesajde-ziua-mondiala-a-teatrului-2018-america\/","robots":"max-image-preview:large","keywords":"","webmasterTools":{"miscellaneous":""},"schema":{"@context":"https:\/\/schema.org","@graph":[{"@type":"BlogPosting","@id":"https:\/\/www.teatrulreginamaria.ro\/hu\/mesajde-ziua-mondiala-a-teatrului-2018-america\/#blogposting","name":"Mesaj de Ziua Mondial\u0103 a Teatrului 2018 \u2013 America - Teatrul Regina Maria Oradea","headline":"Mesaj de Ziua Mondial\u0103 a Teatrului 2018 \u2013 America","author":{"@id":"https:\/\/www.teatrulreginamaria.ro\/hu\/author\/w3bmaster\/#author"},"publisher":{"@id":"https:\/\/www.teatrulreginamaria.ro\/hu\/#organization"},"image":{"@type":"ImageObject","url":"https:\/\/www.teatrulreginamaria.ro\/wp-content\/uploads\/2025\/06\/logo-trm-01-dark.png","@id":"https:\/\/www.teatrulreginamaria.ro\/hu\/#articleImage","width":300,"height":148},"datePublished":"2018-03-27T08:25:51+03:00","dateModified":"2018-03-27T08:25:51+03:00","inLanguage":"hu-HU","mainEntityOfPage":{"@id":"https:\/\/www.teatrulreginamaria.ro\/hu\/mesajde-ziua-mondiala-a-teatrului-2018-america\/#webpage"},"isPartOf":{"@id":"https:\/\/www.teatrulreginamaria.ro\/hu\/mesajde-ziua-mondiala-a-teatrului-2018-america\/#webpage"},"articleSection":"Nout\u0103\u021bi - Trupa Iosif Vulcan, 2018, Ziua Mondial\u0103 a Teatrului"},{"@type":"BreadcrumbList","@id":"https:\/\/www.teatrulreginamaria.ro\/hu\/mesajde-ziua-mondiala-a-teatrului-2018-america\/#breadcrumblist","itemListElement":[{"@type":"ListItem","@id":"https:\/\/www.teatrulreginamaria.ro\/hu#listItem","position":1,"name":"Home","item":"https:\/\/www.teatrulreginamaria.ro\/hu","nextItem":{"@type":"ListItem","@id":"https:\/\/www.teatrulreginamaria.ro\/hu\/categorie\/noutati\/#listItem","name":"Nout\u0103\u021bi"}},{"@type":"ListItem","@id":"https:\/\/www.teatrulreginamaria.ro\/hu\/categorie\/noutati\/#listItem","position":2,"name":"Nout\u0103\u021bi","item":"https:\/\/www.teatrulreginamaria.ro\/hu\/categorie\/noutati\/","nextItem":{"@type":"ListItem","@id":"https:\/\/www.teatrulreginamaria.ro\/hu\/categorie\/noutati\/noutati-trupa-iosif-vulcan\/#listItem","name":"Nout\u0103\u021bi - Trupa Iosif Vulcan"},"previousItem":{"@type":"ListItem","@id":"https:\/\/www.teatrulreginamaria.ro\/hu#listItem","name":"Home"}},{"@type":"ListItem","@id":"https:\/\/www.teatrulreginamaria.ro\/hu\/categorie\/noutati\/noutati-trupa-iosif-vulcan\/#listItem","position":3,"name":"Nout\u0103\u021bi - Trupa Iosif Vulcan","item":"https:\/\/www.teatrulreginamaria.ro\/hu\/categorie\/noutati\/noutati-trupa-iosif-vulcan\/","nextItem":{"@type":"ListItem","@id":"https:\/\/www.teatrulreginamaria.ro\/hu\/mesajde-ziua-mondiala-a-teatrului-2018-america\/#listItem","name":"Mesaj de Ziua Mondial\u0103 a Teatrului 2018 \u2013 America"},"previousItem":{"@type":"ListItem","@id":"https:\/\/www.teatrulreginamaria.ro\/hu\/categorie\/noutati\/#listItem","name":"Nout\u0103\u021bi"}},{"@type":"ListItem","@id":"https:\/\/www.teatrulreginamaria.ro\/hu\/mesajde-ziua-mondiala-a-teatrului-2018-america\/#listItem","position":4,"name":"Mesaj de Ziua Mondial\u0103 a Teatrului 2018 \u2013 America","previousItem":{"@type":"ListItem","@id":"https:\/\/www.teatrulreginamaria.ro\/hu\/categorie\/noutati\/noutati-trupa-iosif-vulcan\/#listItem","name":"Nout\u0103\u021bi - Trupa Iosif Vulcan"}}]},{"@type":"Organization","@id":"https:\/\/www.teatrulreginamaria.ro\/hu\/#organization","name":"Teatrul Regina Maria Oradea","description":"Trupa Iosif Vulcan \u0219i Trupa Arcadia","url":"https:\/\/www.teatrulreginamaria.ro\/hu\/","email":"marketing@teatrulreginamaria.ro","telephone":"+40359411534","numberOfEmployees":{"@type":"QuantitativeValue","minValue":0,"maxValue":150},"logo":{"@type":"ImageObject","url":"https:\/\/www.teatrulreginamaria.ro\/wp-content\/uploads\/2025\/06\/logo-trm-01-dark.png","@id":"https:\/\/www.teatrulreginamaria.ro\/hu\/mesajde-ziua-mondiala-a-teatrului-2018-america\/#organizationLogo","width":300,"height":148},"image":{"@id":"https:\/\/www.teatrulreginamaria.ro\/hu\/mesajde-ziua-mondiala-a-teatrului-2018-america\/#organizationLogo"},"sameAs":["https:\/\/www.facebook.com\/TRMTrupaIosifVulcan\/","https:\/\/x.com\/TRMOradea","https:\/\/www.instagram.com\/teatrul_regina_maria\/","https:\/\/www.youtube.com\/c\/TeatrulReginaMariaOradea","https:\/\/www.linkedin.com\/company\/teatrul-regina-maria"]},{"@type":"Person","@id":"https:\/\/www.teatrulreginamaria.ro\/hu\/author\/w3bmaster\/#author","url":"https:\/\/www.teatrulreginamaria.ro\/hu\/author\/w3bmaster\/","name":"Teatrul Regina Maria","image":{"@type":"ImageObject","@id":"https:\/\/www.teatrulreginamaria.ro\/hu\/mesajde-ziua-mondiala-a-teatrului-2018-america\/#authorImage","url":"https:\/\/secure.gravatar.com\/avatar\/5884139d508ae3f0bafe45e60563b48a9640146d3b08ccc6278c305ff9329305?s=96&d=mm&r=g","width":96,"height":96,"caption":"Teatrul Regina Maria"}},{"@type":"WebPage","@id":"https:\/\/www.teatrulreginamaria.ro\/hu\/mesajde-ziua-mondiala-a-teatrului-2018-america\/#webpage","url":"https:\/\/www.teatrulreginamaria.ro\/hu\/mesajde-ziua-mondiala-a-teatrului-2018-america\/","name":"Mesaj de Ziua Mondial\u0103 a Teatrului 2018 \u2013 America - Teatrul Regina Maria Oradea","description":"Sabina Berman, Mexic (scriitoare, jurnalist\u0103) Ne putem imagina. Tribul v\u00e2neaz\u0103 p\u0103s\u0103ri arunc\u00e2nd spre cer pietre micu\u0163e, c\u00e2nd un mamut gigantic intr\u0103 brusc \u00een scen\u0103 \u015fi RAGE \u2013 \u00een acela\u015fi timp, o fiin\u0163\u0103 uman\u0103 micu\u0163\u0103 RAGE asemenea mamutului. Apoi, toat\u0103 lumea fuge\u2026 Acest r\u0103get de mamut emis de o fiin\u0163\u0103 uman\u0103 femeie \u2013 a\u015f vrea s\u0103-mi imaginez","inLanguage":"hu-HU","isPartOf":{"@id":"https:\/\/www.teatrulreginamaria.ro\/hu\/#website"},"breadcrumb":{"@id":"https:\/\/www.teatrulreginamaria.ro\/hu\/mesajde-ziua-mondiala-a-teatrului-2018-america\/#breadcrumblist"},"author":{"@id":"https:\/\/www.teatrulreginamaria.ro\/hu\/author\/w3bmaster\/#author"},"creator":{"@id":"https:\/\/www.teatrulreginamaria.ro\/hu\/author\/w3bmaster\/#author"},"datePublished":"2018-03-27T08:25:51+03:00","dateModified":"2018-03-27T08:25:51+03:00"},{"@type":"WebSite","@id":"https:\/\/www.teatrulreginamaria.ro\/hu\/#website","url":"https:\/\/www.teatrulreginamaria.ro\/hu\/","name":"Teatrul Regina Maria Oradea","alternateName":"TRM Oradea","description":"Trupa Iosif Vulcan \u0219i Trupa Arcadia","inLanguage":"hu-HU","publisher":{"@id":"https:\/\/www.teatrulreginamaria.ro\/hu\/#organization"}}]},"og:locale":"hu_HU","og:site_name":"Teatrul Regina Maria Oradea - Trupa Iosif Vulcan \u0219i Trupa Arcadia","og:type":"article","og:title":"Mesaj de Ziua Mondial\u0103 a Teatrului 2018 \u2013 America - Teatrul Regina Maria Oradea","og:description":"Sabina Berman, Mexic (scriitoare, jurnalist\u0103) Ne putem imagina. Tribul v\u00e2neaz\u0103 p\u0103s\u0103ri arunc\u00e2nd spre cer pietre micu\u0163e, c\u00e2nd un mamut gigantic intr\u0103 brusc \u00een scen\u0103 \u015fi RAGE \u2013 \u00een acela\u015fi timp, o fiin\u0163\u0103 uman\u0103 micu\u0163\u0103 RAGE asemenea mamutului. Apoi, toat\u0103 lumea fuge\u2026 Acest r\u0103get de mamut emis de o fiin\u0163\u0103 uman\u0103 femeie \u2013 a\u015f vrea s\u0103-mi imaginez","og:url":"https:\/\/www.teatrulreginamaria.ro\/hu\/mesajde-ziua-mondiala-a-teatrului-2018-america\/","og:image":"https:\/\/www.teatrulreginamaria.ro\/wp-content\/uploads\/2025\/03\/trm-istoric-01.jpg","og:image:secure_url":"https:\/\/www.teatrulreginamaria.ro\/wp-content\/uploads\/2025\/03\/trm-istoric-01.jpg","og:image:width":1200,"og:image:height":800,"article:published_time":"2018-03-27T08:25:51+00:00","article:modified_time":"2018-03-27T08:25:51+00:00","article:publisher":"https:\/\/www.facebook.com\/TRMTrupaIosifVulcan\/","twitter:card":"summary_large_image","twitter:site":"@TRMOradea","twitter:title":"Mesaj de Ziua Mondial\u0103 a Teatrului 2018 \u2013 America - Teatrul Regina Maria Oradea","twitter:description":"Sabina Berman, Mexic (scriitoare, jurnalist\u0103) Ne putem imagina. Tribul v\u00e2neaz\u0103 p\u0103s\u0103ri arunc\u00e2nd spre cer pietre micu\u0163e, c\u00e2nd un mamut gigantic intr\u0103 brusc \u00een scen\u0103 \u015fi RAGE \u2013 \u00een acela\u015fi timp, o fiin\u0163\u0103 uman\u0103 micu\u0163\u0103 RAGE asemenea mamutului. Apoi, toat\u0103 lumea fuge\u2026 Acest r\u0103get de mamut emis de o fiin\u0163\u0103 uman\u0103 femeie \u2013 a\u015f vrea s\u0103-mi imaginez","twitter:creator":"@TRMOradea","twitter:image":"https:\/\/www.teatrulreginamaria.ro\/wp-content\/uploads\/2025\/03\/trm-istoric-01.jpg"},"aioseo_meta_data":{"post_id":"1289","title":null,"description":null,"keywords":null,"keyphrases":null,"primary_term":null,"canonical_url":null,"og_title":null,"og_description":null,"og_object_type":"default","og_image_type":"default","og_image_url":null,"og_image_width":null,"og_image_height":null,"og_image_custom_url":null,"og_image_custom_fields":null,"og_video":null,"og_custom_url":null,"og_article_section":null,"og_article_tags":null,"twitter_use_og":false,"twitter_card":"default","twitter_image_type":"default","twitter_image_url":null,"twitter_image_custom_url":null,"twitter_image_custom_fields":null,"twitter_title":null,"twitter_description":null,"schema":{"blockGraphs":[],"customGraphs":[],"default":{"data":{"Article":[],"Course":[],"Dataset":[],"FAQPage":[],"Movie":[],"Person":[],"Product":[],"ProductReview":[],"Car":[],"Recipe":[],"Service":[],"SoftwareApplication":[],"WebPage":[]},"graphName":"","isEnabled":true},"graphs":[]},"schema_type":"default","schema_type_options":null,"pillar_content":false,"robots_default":true,"robots_noindex":false,"robots_noarchive":false,"robots_nosnippet":false,"robots_nofollow":false,"robots_noimageindex":false,"robots_noodp":false,"robots_notranslate":false,"robots_max_snippet":null,"robots_max_videopreview":null,"robots_max_imagepreview":"large","priority":null,"frequency":null,"local_seo":null,"seo_analyzer_scan_date":"2026-05-13 01:58:33","breadcrumb_settings":null,"limit_modified_date":false,"reviewed_by":null,"open_ai":null,"ai":null,"created":"2025-04-09 17:42:41","updated":"2026-05-13 01:58:33","focus_keyword":null,"additional_keywords":null,"truseo_locale":null},"aioseo_breadcrumb":"<div class=\"aioseo-breadcrumbs\"><span class=\"aioseo-breadcrumb\">\n\t<a href=\"https:\/\/www.teatrulreginamaria.ro\/hu\" title=\"Home\">Home<\/a>\n<\/span><span class=\"aioseo-breadcrumb-separator\">&raquo;<\/span><span class=\"aioseo-breadcrumb\">\n\t<a href=\"https:\/\/www.teatrulreginamaria.ro\/hu\/categorie\/noutati\/\" title=\"Nout\u0103\u021bi\">Nout\u0103\u021bi<\/a>\n<\/span><span class=\"aioseo-breadcrumb-separator\">&raquo;<\/span><span class=\"aioseo-breadcrumb\">\n\t<a href=\"https:\/\/www.teatrulreginamaria.ro\/hu\/categorie\/noutati\/noutati-trupa-iosif-vulcan\/\" title=\"Nout\u0103\u021bi - Trupa Iosif Vulcan\">Nout\u0103\u021bi - Trupa Iosif Vulcan<\/a>\n<\/span><span class=\"aioseo-breadcrumb-separator\">&raquo;<\/span><span class=\"aioseo-breadcrumb\">\n\tMesaj de Ziua Mondial\u0103 a Teatrului 2018 \u2013 America\n<\/span><\/div>","aioseo_breadcrumb_json":[{"label":"Home","link":"https:\/\/www.teatrulreginamaria.ro\/hu"},{"label":"Nout\u0103\u021bi","link":"https:\/\/www.teatrulreginamaria.ro\/hu\/categorie\/noutati\/"},{"label":"Nout\u0103\u021bi - Trupa Iosif Vulcan","link":"https:\/\/www.teatrulreginamaria.ro\/hu\/categorie\/noutati\/noutati-trupa-iosif-vulcan\/"},{"label":"Mesaj de Ziua Mondial\u0103 a Teatrului 2018 \u2013 America","link":"https:\/\/www.teatrulreginamaria.ro\/hu\/mesajde-ziua-mondiala-a-teatrului-2018-america\/"}],"acf":[],"_links":{"self":[{"href":"https:\/\/www.teatrulreginamaria.ro\/hu\/wp-json\/wp\/v2\/posts\/1289","targetHints":{"allow":["GET"]}}],"collection":[{"href":"https:\/\/www.teatrulreginamaria.ro\/hu\/wp-json\/wp\/v2\/posts"}],"about":[{"href":"https:\/\/www.teatrulreginamaria.ro\/hu\/wp-json\/wp\/v2\/types\/post"}],"author":[{"embeddable":true,"href":"https:\/\/www.teatrulreginamaria.ro\/hu\/wp-json\/wp\/v2\/users\/6"}],"replies":[{"embeddable":true,"href":"https:\/\/www.teatrulreginamaria.ro\/hu\/wp-json\/wp\/v2\/comments?post=1289"}],"version-history":[{"count":0,"href":"https:\/\/www.teatrulreginamaria.ro\/hu\/wp-json\/wp\/v2\/posts\/1289\/revisions"}],"wp:attachment":[{"href":"https:\/\/www.teatrulreginamaria.ro\/hu\/wp-json\/wp\/v2\/media?parent=1289"}],"wp:term":[{"taxonomy":"category","embeddable":true,"href":"https:\/\/www.teatrulreginamaria.ro\/hu\/wp-json\/wp\/v2\/categories?post=1289"},{"taxonomy":"post_tag","embeddable":true,"href":"https:\/\/www.teatrulreginamaria.ro\/hu\/wp-json\/wp\/v2\/tags?post=1289"}],"curies":[{"name":"munkaf\u00fczet","href":"https:\/\/api.w.org\/{rel}","templated":true}]}}