{"id":1308,"date":"2018-05-14T09:00:33","date_gmt":"2018-05-14T09:00:33","guid":{"rendered":"https:\/\/teatrulreginamaria.ro\/2018\/05\/14\/ion-mainea-la-zece-ani-de-la-plecarea-la-cele-vesnice\/"},"modified":"2018-05-14T09:00:33","modified_gmt":"2018-05-14T09:00:33","slug":"holnap-lesz-tiz-eve-hogy-ion-elhunyt","status":"publish","type":"post","link":"https:\/\/www.teatrulreginamaria.ro\/hu\/ion-mainea-la-zece-ani-de-la-plecarea-la-cele-vesnice\/","title":{"rendered":"ION M\u00c2INEA \u2013 t\u00edz \u00e9vvel az \u00f6r\u00f6kk\u00e9val\u00f3s\u00e1gba t\u00e1voz\u00e1sa ut\u00e1n"},"content":{"rendered":"<p><strong>A sz\u00edn\u00e9szekr\u0151l se feledkezz\u00fcnk meg...<\/strong><\/p>\n<p style=\"text-align: justify;\">T\u00edz \u00e9v telt el az\u00f3ta, hogy egy nagyszer\u0171 sz\u00edn\u00e9sz t\u00e1vozott k\u00f6z\u00fcl\u00fcnk: ION M\u00c2INEA.<\/p>\n<p style=\"text-align: justify;\">Azzal a b\u00e1nattal t\u00e1vozott, hogy nem j\u00e1tszott tal\u00e1n egy Lear kir\u00e1lyt vagy egy Macbeth-et, olyan karaktereket, akiknek k\u00e9ts\u00e9gtelen\u00fcl mesteri sz\u00ednpadi jelenl\u00e9tet biztos\u00edtott volna, de gyan\u00edtom, nagy boldogs\u00e1ggal is, hogy szerencs\u00e9je volt (szerencs\u00e9j\u00e9nek neve van: Alexandru Darie rendez\u0151) Salierit j\u00e1tszani a Nagyv\u00e1radi Sz\u00ednh\u00e1z egyik nevezetes el\u0151ad\u00e1s\u00e1ban, az AMADEUS-ban. Salieri, egy mes\u00e9s karakter, akinek Ion M\u00e2inea impoz\u00e1ns, megind\u00edt\u00f3, nehezen felejthet\u0151 dr\u00e1mai alakot alkotott.<\/p>\n<p><!--more--><\/p>\n<p style=\"text-align: justify;\">Ion M\u00e2inea n\u00e9h\u00e1ny, n\u00e9ha kellemetlen k\u00e9rd\u00e9sre v\u00e1laszolva, melyeket a \u201eSz\u00ednh\u00e1z bel\u00fclr\u0151l, sz\u00ednh\u00e1z a sz\u00ednfalak m\u00f6g\u00fcl\u201d c\u00edm\u0171 interj\u00fak\u00f6tetemben tettem fel (Bibl. Rev. Familia, 2005), tett n\u00e9h\u00e1ny vallom\u00e1st az \u00e9let\u00e9r\u0151l, melyek meger\u0151s\u00edtett\u00e9k benn\u00fcnk azt a hitet, hogy eg\u00e9sz arisztokratikus viselked\u00e9s\u00e9nek van magyar\u00e1zata: gy\u00f6ny\u00f6r\u0171 vir\u00e1ggyermek volt, akinek az \u00e9desanyja, egy nagyon fiatal h\u00f6lgy, beleszeretett \u2013 tal\u00e1n csak egyetlen ny\u00e1rra \u2013 egy fontos \u00fariemberbe, aki azonban nem vette feles\u00e9g\u00fcl. \u00cdgy t\u00f6rt\u00e9nt, hogy a fi\u00fat egy takar\u00e9kos, szorgalmas, intelligens \u00e9s szeret\u0151 emberekb\u0151l \u00e1ll\u00f3 csal\u00e1d fogadta \u00f6r\u00f6kbe, akiket a munka megbecs\u00fcl\u00e9se \u00e9s a tisztess\u00e9g szellem\u00e9ben neveltek. Apja tan\u00e1csa eg\u00e9sz \u00e9let\u00e9ben k\u00f6vette: \u201eTedd, amit akarsz, de ne felejtsd el, hogy ha valamibe belefogsz, akkor csin\u00e1ld j\u00f3l.\u201d.<\/p>\n<p style=\"text-align: justify;\">Val\u00f3sz\u00edn\u0171leg ez az egyik oka annak, hogy mi\u00e9rt \u00e1llt nagyon k\u00f6zel szeretett feles\u00e9ge, Vivi fiaihoz, akik m\u00e9rhetetlen\u00fcl szerett\u00e9k \u0151t, \u00e9s akik \u00e9desanyjukkal egy\u00fctt gyeng\u00e9d gyeng\u00e9ds\u00e9ggel vigy\u00e1ztak r\u00e1, \u00e1gya mellett \u00fclve, eg\u00e9szen a v\u00e9g\u00e9ig. Meghat\u00f3 volt mindannyiunk sz\u00e1m\u00e1ra, koll\u00e9g\u00e1i \u00e9s bar\u00e1tai sz\u00e1m\u00e1ra.<\/p>\n<p style=\"text-align: justify;\">De k\u00f6vess\u00fck r\u00f6viden a sz\u00edn\u00e9sz m\u0171v\u00e9szi \u00fatj\u00e1t.<\/p>\n<p style=\"text-align: justify;\">A fiatal Ion sz\u00edn\u00e9szi tehets\u00e9g\u00e9t \u00e9rt\u00e9kes sz\u00ednh\u00e1zi emberek vett\u00e9k \u00e9szre, \u00e9s egy figyelemre m\u00e9lt\u00f3 rendez\u0151, Marietta Sadova tan\u00edtv\u00e1nya lett. Igazi m\u0171velt emberk\u00e9nt Sadova asszony a sz\u00ednpad fel\u00e9 vezette tan\u00edtv\u00e1nyait, de tudta, hogyan keltse fel benn\u00fck az \u00e9rdekl\u0151d\u00e9st \u00e9s az \u00edzl\u00e9st a kult\u00fara, az olvas\u00e1s, a m\u0171v\u00e9szetek \u2013 fest\u00e9szet, klasszikus zene, film\u2026 \u2013 ir\u00e1nt.<\/p>\n<p style=\"text-align: justify;\">Miut\u00e1n l\u00e1tv\u00e1nyos deb\u00fct\u00e1l\u00e1st tartott a bukaresti Kis Sz\u00ednh\u00e1zban, Ion M\u00e2inea vid\u00e9kre t\u00e1vozik, tehets\u00e9g\u00e9vel tisztelegve a sz\u00ednpadok el\u0151tt, amelyeken j\u00e1tszott.<\/p>\n<p style=\"text-align: justify;\">A Nagyv\u00e1radi Sz\u00ednh\u00e1zban olyan m\u0171v\u00e9szek vez\u00e9nylet\u00e9vel j\u00e1tszott, mint: Marietta Sadova, Sanda Manu, Ion Olteanu, Zoe Anghel Stanca, Dan Alexandrescu, Szombat Gile Otto, Alexandru Colpacci, Sergiu Savin, Alexandru Darie, Victor Ioan Frunz\u0103, Mihai M\u0103niu\u0163iu, Tudorca Chidu\u0163iu, Tudorca I. Ig\u00e9nyes, kultur\u00e1lt \u00e9s \u00f6tletes sz\u00edn\u00e9sz l\u00e9v\u00e9n mindig p\u00e9ldamutat\u00f3 munkat\u00e1rsa volt rendez\u0151t\u00e1rsainak. Persze nem k\u00f6nnyelm\u0171, de \u00e9lesl\u00e1t\u00f3, intelligens \u00e9s \u00e9rdekl\u0151d\u0151 term\u00e9szet\u0171, tudta, hogyan juthat el a karakter legm\u00e9lyebb sz\u00e1l\u00e1ig.<\/p>\n<p style=\"text-align: justify;\">Pozit\u00edv vagy negat\u00edv szerepeket j\u00e1tszott klasszikus \u00e9s kort\u00e1rs darabokban, a rom\u00e1n \u00e9s az egyetemes dramaturgi\u00e1b\u00f3l: IL Caragiale, Lucian Blaga, VI Popa, Kiri\u0163escu, DR Popescu, Mircea Bradu, Shakespeare, Beaumarchais, Brecht, Albee, D\u00fcrrenmatt, Pinter stb. Az \u00f6sszes el\u0151adott szerep k\u00f6z\u00f6s nevez\u0151je: kifog\u00e1stalan sz\u00ednpadi \u00f6lt\u00f6zet, impoz\u00e1ns termet, a karakterek r\u00e9szletes megk\u00f6zel\u00edt\u00e9s\u00e9nek komolys\u00e1ga.<\/p>\n<p style=\"text-align: justify;\">Fl\u00f6rt\u00f6lt, ha m\u00e1r a fl\u00f6rt\u00f6l\u00e9sr\u0151l van sz\u00f3, a rendez\u00e9ssel, a m\u0171v\u00e9szeti t\u00e9rben ny\u00fajtott alak\u00edt\u00e1s\u00e1val is, teljesen professzion\u00e1lisnak bizonyult mind a nagyv\u00e1radi \u00c1llami Sz\u00ednh\u00e1zban, mind az Arcadia Sz\u00ednh\u00e1zban; az olyan el\u0151ad\u00e1sok, mint a \u201ePadon a parkban\u201d vagy az \u201eApollodor\u201d, leny\u0171g\u00f6z\u0151 sz\u00e1m\u00fa el\u0151ad\u00e1st \u00e9rtek el \u2013 ez csak k\u00e9t p\u00e9lda, de enn\u00e9l sokkal t\u00f6bb van.<\/p>\n<p style=\"text-align: justify;\">A k\u00f6z\u00f6ns\u00e9g szerette \u00e9s tisztelte ION M\u00c2INEA sz\u00edn\u00e9szt. K\u00e9ts\u00e9gtelen\u00fcl p\u00e9ldak\u00e9p volt fiatal koll\u00e9g\u00e1i sz\u00e1m\u00e1ra.<\/p>\n<p style=\"text-align: justify;\">Ez az oka annak is, hogy \u00e9rzelmekkel felid\u00e9ztem csod\u00e1latos szem\u00e9lyis\u00e9g\u00e9t.<\/p>\n<p style=\"text-align: justify;\"><b>Azokat, akik koll\u00e9g\u00e1ikkal \u00e9s csal\u00e1djukkal szeretn\u00e9nek r\u00e9szt venni a temet\u00e9si szertart\u00e1son, m\u00e1jus 20-\u00e1n, VAS\u00c1RNAP 12 \u00f3rakor v\u00e1rj\u00e1k a J\u00d3 HIRDET\u00c9S Templomban.<\/b><\/p>\n<p>Erzs\u00e9bet Pop<\/p>","protected":false},"excerpt":{"rendered":"<p>S\u0103 nu ne uit\u0103m actorii\u2026 Se \u00eemplinesc, iat\u0103, zece ani de c\u00e2nd ne-a p\u0103r\u0103sit un mare actor: ION M\u00c2INEA. A plecat cu regretul de a nu fi jucat, poate, un Rege Lear sau un Macbeth , personaje\u00a0 c\u0103rora le-ar fi conferit, f\u0103r\u0103-ndoial\u0103,\u00a0 \u0163inut\u0103 scenic\u0103 m\u0103iastr\u0103, \u00a0dar, b\u0103nuiesc,\u00a0 \u015fi cu o mare fericire, aceea de a [&hellip;]<\/p>\n","protected":false},"author":6,"featured_media":0,"comment_status":"open","ping_status":"open","sticky":false,"template":"","format":"standard","meta":{"_acf_changed":false,"footnotes":""},"categories":[22],"tags":[],"class_list":["post-1308","post","type-post","status-publish","format-standard","hentry","category-noutati-trupa-iosif-vulcan"],"aioseo_notices":[],"aioseo_head":"\n\t\t<!-- All in One SEO Pro 5.0.1.1 - aioseo.com -->\n\t<meta name=\"description\" content=\"S\u0103 nu ne uit\u0103m actorii\u2026 Se \u00eemplinesc, iat\u0103, zece ani de c\u00e2nd ne-a p\u0103r\u0103sit un mare actor: ION M\u00c2INEA. A plecat cu regretul de a nu fi jucat, poate, un Rege Lear sau un Macbeth , personaje c\u0103rora le-ar fi conferit, f\u0103r\u0103-ndoial\u0103, \u0163inut\u0103 scenic\u0103 m\u0103iastr\u0103, dar, b\u0103nuiesc, \u015fi cu o mare fericire, aceea de a\" \/>\n\t<meta name=\"robots\" content=\"max-image-preview:large\" \/>\n\t<meta name=\"author\" content=\"Teatrul Regina Maria\"\/>\n\t<link rel=\"canonical\" href=\"https:\/\/www.teatrulreginamaria.ro\/hu\/ion-mainea-la-zece-ani-de-la-plecarea-la-cele-vesnice\/\" \/>\n\t<meta name=\"generator\" content=\"All in One SEO Pro (AIOSEO) 5.0.1.1\" \/>\n\t\t<meta property=\"og:locale\" content=\"hu_HU\" \/>\n\t\t<meta property=\"og:site_name\" content=\"Teatrul Regina Maria Oradea - Trupa Iosif Vulcan \u0219i Trupa Arcadia\" \/>\n\t\t<meta property=\"og:type\" content=\"article\" \/>\n\t\t<meta property=\"og:title\" content=\"ION M\u00c2INEA \u2013 la zece ani de la plecarea la cele ve\u015fnice - Teatrul Regina Maria Oradea\" \/>\n\t\t<meta property=\"og:description\" content=\"S\u0103 nu ne uit\u0103m actorii\u2026 Se \u00eemplinesc, iat\u0103, zece ani de c\u00e2nd ne-a p\u0103r\u0103sit un mare actor: ION M\u00c2INEA. A plecat cu regretul de a nu fi jucat, poate, un Rege Lear sau un Macbeth , personaje c\u0103rora le-ar fi conferit, f\u0103r\u0103-ndoial\u0103, \u0163inut\u0103 scenic\u0103 m\u0103iastr\u0103, dar, b\u0103nuiesc, \u015fi cu o mare fericire, aceea de a\" \/>\n\t\t<meta property=\"og:url\" content=\"https:\/\/www.teatrulreginamaria.ro\/hu\/ion-mainea-la-zece-ani-de-la-plecarea-la-cele-vesnice\/\" \/>\n\t\t<meta property=\"og:image\" content=\"https:\/\/www.teatrulreginamaria.ro\/wp-content\/uploads\/2025\/03\/trm-istoric-01.jpg\" \/>\n\t\t<meta property=\"og:image:secure_url\" content=\"https:\/\/www.teatrulreginamaria.ro\/wp-content\/uploads\/2025\/03\/trm-istoric-01.jpg\" \/>\n\t\t<meta property=\"og:image:width\" content=\"1200\" \/>\n\t\t<meta property=\"og:image:height\" content=\"800\" \/>\n\t\t<meta property=\"article:published_time\" content=\"2018-05-14T09:00:33+00:00\" \/>\n\t\t<meta property=\"article:modified_time\" content=\"2018-05-14T09:00:33+00:00\" \/>\n\t\t<meta property=\"article:publisher\" content=\"https:\/\/www.facebook.com\/TRMTrupaIosifVulcan\/\" \/>\n\t\t<meta name=\"twitter:card\" content=\"summary_large_image\" \/>\n\t\t<meta name=\"twitter:site\" content=\"@TRMOradea\" \/>\n\t\t<meta name=\"twitter:title\" content=\"ION M\u00c2INEA \u2013 la zece ani de la plecarea la cele ve\u015fnice - Teatrul Regina Maria Oradea\" \/>\n\t\t<meta name=\"twitter:description\" content=\"S\u0103 nu ne uit\u0103m actorii\u2026 Se \u00eemplinesc, iat\u0103, zece ani de c\u00e2nd ne-a p\u0103r\u0103sit un mare actor: ION M\u00c2INEA. A plecat cu regretul de a nu fi jucat, poate, un Rege Lear sau un Macbeth , personaje c\u0103rora le-ar fi conferit, f\u0103r\u0103-ndoial\u0103, \u0163inut\u0103 scenic\u0103 m\u0103iastr\u0103, dar, b\u0103nuiesc, \u015fi cu o mare fericire, aceea de a\" \/>\n\t\t<meta name=\"twitter:creator\" content=\"@TRMOradea\" \/>\n\t\t<meta name=\"twitter:image\" content=\"https:\/\/www.teatrulreginamaria.ro\/wp-content\/uploads\/2025\/03\/trm-istoric-01.jpg\" \/>\n\t\t<script type=\"application\/ld+json\" class=\"aioseo-schema\">\n\t\t\t{\"@context\":\"https:\\\/\\\/schema.org\",\"@graph\":[{\"@type\":\"BlogPosting\",\"@id\":\"https:\\\/\\\/www.teatrulreginamaria.ro\\\/hu\\\/ion-mainea-la-zece-ani-de-la-plecarea-la-cele-vesnice\\\/#blogposting\",\"name\":\"ION M\\u00c2INEA \\u2013 la zece ani de la plecarea la cele ve\\u015fnice - Teatrul Regina Maria Oradea\",\"headline\":\"ION M\\u00c2INEA \\u2013 la zece ani de la plecarea la cele ve\\u015fnice\",\"author\":{\"@id\":\"https:\\\/\\\/www.teatrulreginamaria.ro\\\/hu\\\/author\\\/w3bmaster\\\/#author\"},\"publisher\":{\"@id\":\"https:\\\/\\\/www.teatrulreginamaria.ro\\\/hu\\\/#organization\"},\"image\":{\"@type\":\"ImageObject\",\"url\":\"https:\\\/\\\/www.teatrulreginamaria.ro\\\/wp-content\\\/uploads\\\/2025\\\/06\\\/logo-trm-01-dark.png\",\"@id\":\"https:\\\/\\\/www.teatrulreginamaria.ro\\\/hu\\\/#articleImage\",\"width\":300,\"height\":148},\"datePublished\":\"2018-05-14T09:00:33+03:00\",\"dateModified\":\"2018-05-14T09:00:33+03:00\",\"inLanguage\":\"hu-HU\",\"mainEntityOfPage\":{\"@id\":\"https:\\\/\\\/www.teatrulreginamaria.ro\\\/hu\\\/ion-mainea-la-zece-ani-de-la-plecarea-la-cele-vesnice\\\/#webpage\"},\"isPartOf\":{\"@id\":\"https:\\\/\\\/www.teatrulreginamaria.ro\\\/hu\\\/ion-mainea-la-zece-ani-de-la-plecarea-la-cele-vesnice\\\/#webpage\"},\"articleSection\":\"Nout\\u0103\\u021bi - Trupa Iosif Vulcan\"},{\"@type\":\"BreadcrumbList\",\"@id\":\"https:\\\/\\\/www.teatrulreginamaria.ro\\\/hu\\\/ion-mainea-la-zece-ani-de-la-plecarea-la-cele-vesnice\\\/#breadcrumblist\",\"itemListElement\":[{\"@type\":\"ListItem\",\"@id\":\"https:\\\/\\\/www.teatrulreginamaria.ro\\\/hu#listItem\",\"position\":1,\"name\":\"Home\",\"item\":\"https:\\\/\\\/www.teatrulreginamaria.ro\\\/hu\",\"nextItem\":{\"@type\":\"ListItem\",\"@id\":\"https:\\\/\\\/www.teatrulreginamaria.ro\\\/hu\\\/categorie\\\/noutati\\\/#listItem\",\"name\":\"Nout\\u0103\\u021bi\"}},{\"@type\":\"ListItem\",\"@id\":\"https:\\\/\\\/www.teatrulreginamaria.ro\\\/hu\\\/categorie\\\/noutati\\\/#listItem\",\"position\":2,\"name\":\"Nout\\u0103\\u021bi\",\"item\":\"https:\\\/\\\/www.teatrulreginamaria.ro\\\/hu\\\/categorie\\\/noutati\\\/\",\"nextItem\":{\"@type\":\"ListItem\",\"@id\":\"https:\\\/\\\/www.teatrulreginamaria.ro\\\/hu\\\/categorie\\\/noutati\\\/noutati-trupa-iosif-vulcan\\\/#listItem\",\"name\":\"Nout\\u0103\\u021bi - Trupa Iosif Vulcan\"},\"previousItem\":{\"@type\":\"ListItem\",\"@id\":\"https:\\\/\\\/www.teatrulreginamaria.ro\\\/hu#listItem\",\"name\":\"Home\"}},{\"@type\":\"ListItem\",\"@id\":\"https:\\\/\\\/www.teatrulreginamaria.ro\\\/hu\\\/categorie\\\/noutati\\\/noutati-trupa-iosif-vulcan\\\/#listItem\",\"position\":3,\"name\":\"Nout\\u0103\\u021bi - Trupa Iosif Vulcan\",\"item\":\"https:\\\/\\\/www.teatrulreginamaria.ro\\\/hu\\\/categorie\\\/noutati\\\/noutati-trupa-iosif-vulcan\\\/\",\"nextItem\":{\"@type\":\"ListItem\",\"@id\":\"https:\\\/\\\/www.teatrulreginamaria.ro\\\/hu\\\/ion-mainea-la-zece-ani-de-la-plecarea-la-cele-vesnice\\\/#listItem\",\"name\":\"ION M\\u00c2INEA \\u2013 la zece ani de la plecarea la cele ve\\u015fnice\"},\"previousItem\":{\"@type\":\"ListItem\",\"@id\":\"https:\\\/\\\/www.teatrulreginamaria.ro\\\/hu\\\/categorie\\\/noutati\\\/#listItem\",\"name\":\"Nout\\u0103\\u021bi\"}},{\"@type\":\"ListItem\",\"@id\":\"https:\\\/\\\/www.teatrulreginamaria.ro\\\/hu\\\/ion-mainea-la-zece-ani-de-la-plecarea-la-cele-vesnice\\\/#listItem\",\"position\":4,\"name\":\"ION M\\u00c2INEA \\u2013 la zece ani de la plecarea la cele ve\\u015fnice\",\"previousItem\":{\"@type\":\"ListItem\",\"@id\":\"https:\\\/\\\/www.teatrulreginamaria.ro\\\/hu\\\/categorie\\\/noutati\\\/noutati-trupa-iosif-vulcan\\\/#listItem\",\"name\":\"Nout\\u0103\\u021bi - Trupa Iosif Vulcan\"}}]},{\"@type\":\"Organization\",\"@id\":\"https:\\\/\\\/www.teatrulreginamaria.ro\\\/hu\\\/#organization\",\"name\":\"Teatrul Regina Maria Oradea\",\"description\":\"Trupa Iosif Vulcan \\u0219i Trupa Arcadia\",\"url\":\"https:\\\/\\\/www.teatrulreginamaria.ro\\\/hu\\\/\",\"email\":\"marketing@teatrulreginamaria.ro\",\"telephone\":\"+40359411534\",\"numberOfEmployees\":{\"@type\":\"QuantitativeValue\",\"minValue\":0,\"maxValue\":150},\"logo\":{\"@type\":\"ImageObject\",\"url\":\"https:\\\/\\\/www.teatrulreginamaria.ro\\\/wp-content\\\/uploads\\\/2025\\\/06\\\/logo-trm-01-dark.png\",\"@id\":\"https:\\\/\\\/www.teatrulreginamaria.ro\\\/hu\\\/ion-mainea-la-zece-ani-de-la-plecarea-la-cele-vesnice\\\/#organizationLogo\",\"width\":300,\"height\":148},\"image\":{\"@id\":\"https:\\\/\\\/www.teatrulreginamaria.ro\\\/hu\\\/ion-mainea-la-zece-ani-de-la-plecarea-la-cele-vesnice\\\/#organizationLogo\"},\"sameAs\":[\"https:\\\/\\\/www.facebook.com\\\/TRMTrupaIosifVulcan\\\/\",\"https:\\\/\\\/x.com\\\/TRMOradea\",\"https:\\\/\\\/www.instagram.com\\\/teatrul_regina_maria\\\/\",\"https:\\\/\\\/www.youtube.com\\\/c\\\/TeatrulReginaMariaOradea\",\"https:\\\/\\\/www.linkedin.com\\\/company\\\/teatrul-regina-maria\"]},{\"@type\":\"Person\",\"@id\":\"https:\\\/\\\/www.teatrulreginamaria.ro\\\/hu\\\/author\\\/w3bmaster\\\/#author\",\"url\":\"https:\\\/\\\/www.teatrulreginamaria.ro\\\/hu\\\/author\\\/w3bmaster\\\/\",\"name\":\"Teatrul Regina Maria\",\"image\":{\"@type\":\"ImageObject\",\"@id\":\"https:\\\/\\\/www.teatrulreginamaria.ro\\\/hu\\\/ion-mainea-la-zece-ani-de-la-plecarea-la-cele-vesnice\\\/#authorImage\",\"url\":\"https:\\\/\\\/secure.gravatar.com\\\/avatar\\\/5884139d508ae3f0bafe45e60563b48a9640146d3b08ccc6278c305ff9329305?s=96&d=mm&r=g\",\"width\":96,\"height\":96,\"caption\":\"Teatrul Regina Maria\"}},{\"@type\":\"WebPage\",\"@id\":\"https:\\\/\\\/www.teatrulreginamaria.ro\\\/hu\\\/ion-mainea-la-zece-ani-de-la-plecarea-la-cele-vesnice\\\/#webpage\",\"url\":\"https:\\\/\\\/www.teatrulreginamaria.ro\\\/hu\\\/ion-mainea-la-zece-ani-de-la-plecarea-la-cele-vesnice\\\/\",\"name\":\"ION M\\u00c2INEA \\u2013 la zece ani de la plecarea la cele ve\\u015fnice - Teatrul Regina Maria Oradea\",\"description\":\"S\\u0103 nu ne uit\\u0103m actorii\\u2026 Se \\u00eemplinesc, iat\\u0103, zece ani de c\\u00e2nd ne-a p\\u0103r\\u0103sit un mare actor: ION M\\u00c2INEA. A plecat cu regretul de a nu fi jucat, poate, un Rege Lear sau un Macbeth , personaje c\\u0103rora le-ar fi conferit, f\\u0103r\\u0103-ndoial\\u0103, \\u0163inut\\u0103 scenic\\u0103 m\\u0103iastr\\u0103, dar, b\\u0103nuiesc, \\u015fi cu o mare fericire, aceea de a\",\"inLanguage\":\"hu-HU\",\"isPartOf\":{\"@id\":\"https:\\\/\\\/www.teatrulreginamaria.ro\\\/hu\\\/#website\"},\"breadcrumb\":{\"@id\":\"https:\\\/\\\/www.teatrulreginamaria.ro\\\/hu\\\/ion-mainea-la-zece-ani-de-la-plecarea-la-cele-vesnice\\\/#breadcrumblist\"},\"author\":{\"@id\":\"https:\\\/\\\/www.teatrulreginamaria.ro\\\/hu\\\/author\\\/w3bmaster\\\/#author\"},\"creator\":{\"@id\":\"https:\\\/\\\/www.teatrulreginamaria.ro\\\/hu\\\/author\\\/w3bmaster\\\/#author\"},\"datePublished\":\"2018-05-14T09:00:33+03:00\",\"dateModified\":\"2018-05-14T09:00:33+03:00\"},{\"@type\":\"WebSite\",\"@id\":\"https:\\\/\\\/www.teatrulreginamaria.ro\\\/hu\\\/#website\",\"url\":\"https:\\\/\\\/www.teatrulreginamaria.ro\\\/hu\\\/\",\"name\":\"Teatrul Regina Maria Oradea\",\"alternateName\":\"TRM Oradea\",\"description\":\"Trupa Iosif Vulcan \\u0219i Trupa Arcadia\",\"inLanguage\":\"hu-HU\",\"publisher\":{\"@id\":\"https:\\\/\\\/www.teatrulreginamaria.ro\\\/hu\\\/#organization\"}}]}\n\t\t<\/script>\n\t\t<!-- All in One SEO Pro -->\r\n\t\t<title>ION M\u00c2INEA \u2013 la zece ani de la plecarea la cele ve\u015fnice - Teatrul Regina Maria Oradea<\/title>\n\n","aioseo_head_json":{"title":"ION M\u00c2INEA \u2013 t\u00edz \u00e9vvel az \u00f6r\u00f6kk\u00e9val\u00f3s\u00e1gba t\u00e1voz\u00e1sa ut\u00e1n - Regina Maria Sz\u00ednh\u00e1z Nagyv\u00e1rad","description":"Ne feledkezz\u00fcnk meg a sz\u00edn\u00e9szekr\u0151l sem... T\u00edz \u00e9ve, hogy egy nagyszer\u0171 sz\u00edn\u00e9sz t\u00e1vozott k\u00f6z\u00fcl\u00fcnk: ION M\u00c2INEA. Azzal a b\u00e1nattal t\u00e1vozott, hogy tal\u00e1n nem j\u00e1tszott el egy Lear kir\u00e1lyt vagy egy Macbeth-et, olyan karaktereket, amelyeknek k\u00e9ts\u00e9gtelen\u00fcl mesteri sz\u00ednpadi jelenl\u00e9tet adott volna, de gyan\u00edtom, hogy nagy boldogs\u00e1ggal is, hogy...","canonical_url":"https:\/\/www.teatrulreginamaria.ro\/hu\/ion-mainea-la-zece-ani-de-la-plecarea-la-cele-vesnice\/","robots":"max-image-preview:large","keywords":"","webmasterTools":{"miscellaneous":""},"schema":{"@context":"https:\/\/schema.org","@graph":[{"@type":"BlogPosting","@id":"https:\/\/www.teatrulreginamaria.ro\/hu\/ion-mainea-la-zece-ani-de-la-plecarea-la-cele-vesnice\/#blogposting","name":"ION M\u00c2INEA \u2013 la zece ani de la plecarea la cele ve\u015fnice - Teatrul Regina Maria Oradea","headline":"ION M\u00c2INEA \u2013 la zece ani de la plecarea la cele ve\u015fnice","author":{"@id":"https:\/\/www.teatrulreginamaria.ro\/hu\/author\/w3bmaster\/#author"},"publisher":{"@id":"https:\/\/www.teatrulreginamaria.ro\/hu\/#organization"},"image":{"@type":"ImageObject","url":"https:\/\/www.teatrulreginamaria.ro\/wp-content\/uploads\/2025\/06\/logo-trm-01-dark.png","@id":"https:\/\/www.teatrulreginamaria.ro\/hu\/#articleImage","width":300,"height":148},"datePublished":"2018-05-14T09:00:33+03:00","dateModified":"2018-05-14T09:00:33+03:00","inLanguage":"hu-HU","mainEntityOfPage":{"@id":"https:\/\/www.teatrulreginamaria.ro\/hu\/ion-mainea-la-zece-ani-de-la-plecarea-la-cele-vesnice\/#webpage"},"isPartOf":{"@id":"https:\/\/www.teatrulreginamaria.ro\/hu\/ion-mainea-la-zece-ani-de-la-plecarea-la-cele-vesnice\/#webpage"},"articleSection":"Nout\u0103\u021bi - Trupa Iosif Vulcan"},{"@type":"BreadcrumbList","@id":"https:\/\/www.teatrulreginamaria.ro\/hu\/ion-mainea-la-zece-ani-de-la-plecarea-la-cele-vesnice\/#breadcrumblist","itemListElement":[{"@type":"ListItem","@id":"https:\/\/www.teatrulreginamaria.ro\/hu#listItem","position":1,"name":"Home","item":"https:\/\/www.teatrulreginamaria.ro\/hu","nextItem":{"@type":"ListItem","@id":"https:\/\/www.teatrulreginamaria.ro\/hu\/categorie\/noutati\/#listItem","name":"Nout\u0103\u021bi"}},{"@type":"ListItem","@id":"https:\/\/www.teatrulreginamaria.ro\/hu\/categorie\/noutati\/#listItem","position":2,"name":"Nout\u0103\u021bi","item":"https:\/\/www.teatrulreginamaria.ro\/hu\/categorie\/noutati\/","nextItem":{"@type":"ListItem","@id":"https:\/\/www.teatrulreginamaria.ro\/hu\/categorie\/noutati\/noutati-trupa-iosif-vulcan\/#listItem","name":"Nout\u0103\u021bi - Trupa Iosif Vulcan"},"previousItem":{"@type":"ListItem","@id":"https:\/\/www.teatrulreginamaria.ro\/hu#listItem","name":"Home"}},{"@type":"ListItem","@id":"https:\/\/www.teatrulreginamaria.ro\/hu\/categorie\/noutati\/noutati-trupa-iosif-vulcan\/#listItem","position":3,"name":"Nout\u0103\u021bi - Trupa Iosif Vulcan","item":"https:\/\/www.teatrulreginamaria.ro\/hu\/categorie\/noutati\/noutati-trupa-iosif-vulcan\/","nextItem":{"@type":"ListItem","@id":"https:\/\/www.teatrulreginamaria.ro\/hu\/ion-mainea-la-zece-ani-de-la-plecarea-la-cele-vesnice\/#listItem","name":"ION M\u00c2INEA \u2013 la zece ani de la plecarea la cele ve\u015fnice"},"previousItem":{"@type":"ListItem","@id":"https:\/\/www.teatrulreginamaria.ro\/hu\/categorie\/noutati\/#listItem","name":"Nout\u0103\u021bi"}},{"@type":"ListItem","@id":"https:\/\/www.teatrulreginamaria.ro\/hu\/ion-mainea-la-zece-ani-de-la-plecarea-la-cele-vesnice\/#listItem","position":4,"name":"ION M\u00c2INEA \u2013 la zece ani de la plecarea la cele ve\u015fnice","previousItem":{"@type":"ListItem","@id":"https:\/\/www.teatrulreginamaria.ro\/hu\/categorie\/noutati\/noutati-trupa-iosif-vulcan\/#listItem","name":"Nout\u0103\u021bi - Trupa Iosif Vulcan"}}]},{"@type":"Organization","@id":"https:\/\/www.teatrulreginamaria.ro\/hu\/#organization","name":"Teatrul Regina Maria Oradea","description":"Trupa Iosif Vulcan \u0219i Trupa Arcadia","url":"https:\/\/www.teatrulreginamaria.ro\/hu\/","email":"marketing@teatrulreginamaria.ro","telephone":"+40359411534","numberOfEmployees":{"@type":"QuantitativeValue","minValue":0,"maxValue":150},"logo":{"@type":"ImageObject","url":"https:\/\/www.teatrulreginamaria.ro\/wp-content\/uploads\/2025\/06\/logo-trm-01-dark.png","@id":"https:\/\/www.teatrulreginamaria.ro\/hu\/ion-mainea-la-zece-ani-de-la-plecarea-la-cele-vesnice\/#organizationLogo","width":300,"height":148},"image":{"@id":"https:\/\/www.teatrulreginamaria.ro\/hu\/ion-mainea-la-zece-ani-de-la-plecarea-la-cele-vesnice\/#organizationLogo"},"sameAs":["https:\/\/www.facebook.com\/TRMTrupaIosifVulcan\/","https:\/\/x.com\/TRMOradea","https:\/\/www.instagram.com\/teatrul_regina_maria\/","https:\/\/www.youtube.com\/c\/TeatrulReginaMariaOradea","https:\/\/www.linkedin.com\/company\/teatrul-regina-maria"]},{"@type":"Person","@id":"https:\/\/www.teatrulreginamaria.ro\/hu\/author\/w3bmaster\/#author","url":"https:\/\/www.teatrulreginamaria.ro\/hu\/author\/w3bmaster\/","name":"Teatrul Regina Maria","image":{"@type":"ImageObject","@id":"https:\/\/www.teatrulreginamaria.ro\/hu\/ion-mainea-la-zece-ani-de-la-plecarea-la-cele-vesnice\/#authorImage","url":"https:\/\/secure.gravatar.com\/avatar\/5884139d508ae3f0bafe45e60563b48a9640146d3b08ccc6278c305ff9329305?s=96&d=mm&r=g","width":96,"height":96,"caption":"Teatrul Regina Maria"}},{"@type":"WebPage","@id":"https:\/\/www.teatrulreginamaria.ro\/hu\/ion-mainea-la-zece-ani-de-la-plecarea-la-cele-vesnice\/#webpage","url":"https:\/\/www.teatrulreginamaria.ro\/hu\/ion-mainea-la-zece-ani-de-la-plecarea-la-cele-vesnice\/","name":"ION M\u00c2INEA \u2013 la zece ani de la plecarea la cele ve\u015fnice - Teatrul Regina Maria Oradea","description":"S\u0103 nu ne uit\u0103m actorii\u2026 Se \u00eemplinesc, iat\u0103, zece ani de c\u00e2nd ne-a p\u0103r\u0103sit un mare actor: ION M\u00c2INEA. A plecat cu regretul de a nu fi jucat, poate, un Rege Lear sau un Macbeth , personaje c\u0103rora le-ar fi conferit, f\u0103r\u0103-ndoial\u0103, \u0163inut\u0103 scenic\u0103 m\u0103iastr\u0103, dar, b\u0103nuiesc, \u015fi cu o mare fericire, aceea de a","inLanguage":"hu-HU","isPartOf":{"@id":"https:\/\/www.teatrulreginamaria.ro\/hu\/#website"},"breadcrumb":{"@id":"https:\/\/www.teatrulreginamaria.ro\/hu\/ion-mainea-la-zece-ani-de-la-plecarea-la-cele-vesnice\/#breadcrumblist"},"author":{"@id":"https:\/\/www.teatrulreginamaria.ro\/hu\/author\/w3bmaster\/#author"},"creator":{"@id":"https:\/\/www.teatrulreginamaria.ro\/hu\/author\/w3bmaster\/#author"},"datePublished":"2018-05-14T09:00:33+03:00","dateModified":"2018-05-14T09:00:33+03:00"},{"@type":"WebSite","@id":"https:\/\/www.teatrulreginamaria.ro\/hu\/#website","url":"https:\/\/www.teatrulreginamaria.ro\/hu\/","name":"Teatrul Regina Maria Oradea","alternateName":"TRM Oradea","description":"Trupa Iosif Vulcan \u0219i Trupa Arcadia","inLanguage":"hu-HU","publisher":{"@id":"https:\/\/www.teatrulreginamaria.ro\/hu\/#organization"}}]},"og:locale":"hu_HU","og:site_name":"Teatrul Regina Maria Oradea - Trupa Iosif Vulcan \u0219i Trupa Arcadia","og:type":"article","og:title":"ION M\u00c2INEA \u2013 la zece ani de la plecarea la cele ve\u015fnice - Teatrul Regina Maria Oradea","og:description":"S\u0103 nu ne uit\u0103m actorii\u2026 Se \u00eemplinesc, iat\u0103, zece ani de c\u00e2nd ne-a p\u0103r\u0103sit un mare actor: ION M\u00c2INEA. A plecat cu regretul de a nu fi jucat, poate, un Rege Lear sau un Macbeth , personaje c\u0103rora le-ar fi conferit, f\u0103r\u0103-ndoial\u0103, \u0163inut\u0103 scenic\u0103 m\u0103iastr\u0103, dar, b\u0103nuiesc, \u015fi cu o mare fericire, aceea de a","og:url":"https:\/\/www.teatrulreginamaria.ro\/hu\/ion-mainea-la-zece-ani-de-la-plecarea-la-cele-vesnice\/","og:image":"https:\/\/www.teatrulreginamaria.ro\/wp-content\/uploads\/2025\/03\/trm-istoric-01.jpg","og:image:secure_url":"https:\/\/www.teatrulreginamaria.ro\/wp-content\/uploads\/2025\/03\/trm-istoric-01.jpg","og:image:width":1200,"og:image:height":800,"article:published_time":"2018-05-14T09:00:33+00:00","article:modified_time":"2018-05-14T09:00:33+00:00","article:publisher":"https:\/\/www.facebook.com\/TRMTrupaIosifVulcan\/","twitter:card":"summary_large_image","twitter:site":"@TRMOradea","twitter:title":"ION M\u00c2INEA \u2013 la zece ani de la plecarea la cele ve\u015fnice - Teatrul Regina Maria Oradea","twitter:description":"S\u0103 nu ne uit\u0103m actorii\u2026 Se \u00eemplinesc, iat\u0103, zece ani de c\u00e2nd ne-a p\u0103r\u0103sit un mare actor: ION M\u00c2INEA. A plecat cu regretul de a nu fi jucat, poate, un Rege Lear sau un Macbeth , personaje c\u0103rora le-ar fi conferit, f\u0103r\u0103-ndoial\u0103, \u0163inut\u0103 scenic\u0103 m\u0103iastr\u0103, dar, b\u0103nuiesc, \u015fi cu o mare fericire, aceea de a","twitter:creator":"@TRMOradea","twitter:image":"https:\/\/www.teatrulreginamaria.ro\/wp-content\/uploads\/2025\/03\/trm-istoric-01.jpg"},"aioseo_meta_data":{"post_id":"1308","title":null,"description":null,"keywords":null,"keyphrases":null,"primary_term":null,"canonical_url":null,"og_title":null,"og_description":null,"og_object_type":"default","og_image_type":"default","og_image_url":null,"og_image_width":null,"og_image_height":null,"og_image_custom_url":null,"og_image_custom_fields":null,"og_video":null,"og_custom_url":null,"og_article_section":null,"og_article_tags":null,"twitter_use_og":false,"twitter_card":"default","twitter_image_type":"default","twitter_image_url":null,"twitter_image_custom_url":null,"twitter_image_custom_fields":null,"twitter_title":null,"twitter_description":null,"schema":{"blockGraphs":[],"customGraphs":[],"default":{"data":{"Article":[],"Course":[],"Dataset":[],"FAQPage":[],"Movie":[],"Person":[],"Product":[],"ProductReview":[],"Car":[],"Recipe":[],"Service":[],"SoftwareApplication":[],"WebPage":[]},"graphName":"","isEnabled":true},"graphs":[]},"schema_type":"default","schema_type_options":null,"pillar_content":false,"robots_default":true,"robots_noindex":false,"robots_noarchive":false,"robots_nosnippet":false,"robots_nofollow":false,"robots_noimageindex":false,"robots_noodp":false,"robots_notranslate":false,"robots_max_snippet":null,"robots_max_videopreview":null,"robots_max_imagepreview":"large","priority":null,"frequency":null,"local_seo":null,"seo_analyzer_scan_date":"2026-05-13 02:04:45","breadcrumb_settings":null,"limit_modified_date":false,"reviewed_by":null,"open_ai":null,"ai":null,"created":"2025-04-09 17:42:41","updated":"2026-05-13 02:04:45","focus_keyword":null,"additional_keywords":null,"truseo_locale":null},"aioseo_breadcrumb":"<div class=\"aioseo-breadcrumbs\"><span class=\"aioseo-breadcrumb\">\n\t<a href=\"https:\/\/www.teatrulreginamaria.ro\/hu\" title=\"Home\">Home<\/a>\n<\/span><span class=\"aioseo-breadcrumb-separator\">&raquo;<\/span><span class=\"aioseo-breadcrumb\">\n\t<a href=\"https:\/\/www.teatrulreginamaria.ro\/hu\/categorie\/noutati\/\" title=\"Nout\u0103\u021bi\">Nout\u0103\u021bi<\/a>\n<\/span><span class=\"aioseo-breadcrumb-separator\">&raquo;<\/span><span class=\"aioseo-breadcrumb\">\n\t<a href=\"https:\/\/www.teatrulreginamaria.ro\/hu\/categorie\/noutati\/noutati-trupa-iosif-vulcan\/\" title=\"Nout\u0103\u021bi - Trupa Iosif Vulcan\">Nout\u0103\u021bi - Trupa Iosif Vulcan<\/a>\n<\/span><span class=\"aioseo-breadcrumb-separator\">&raquo;<\/span><span class=\"aioseo-breadcrumb\">\n\tION M\u00c2INEA \u2013 la zece ani de la plecarea la cele ve\u015fnice\n<\/span><\/div>","aioseo_breadcrumb_json":[{"label":"Home","link":"https:\/\/www.teatrulreginamaria.ro\/hu"},{"label":"Nout\u0103\u021bi","link":"https:\/\/www.teatrulreginamaria.ro\/hu\/categorie\/noutati\/"},{"label":"Nout\u0103\u021bi - Trupa Iosif Vulcan","link":"https:\/\/www.teatrulreginamaria.ro\/hu\/categorie\/noutati\/noutati-trupa-iosif-vulcan\/"},{"label":"ION M\u00c2INEA \u2013 la zece ani de la plecarea la cele ve\u015fnice","link":"https:\/\/www.teatrulreginamaria.ro\/hu\/ion-mainea-la-zece-ani-de-la-plecarea-la-cele-vesnice\/"}],"acf":[],"_links":{"self":[{"href":"https:\/\/www.teatrulreginamaria.ro\/hu\/wp-json\/wp\/v2\/posts\/1308","targetHints":{"allow":["GET"]}}],"collection":[{"href":"https:\/\/www.teatrulreginamaria.ro\/hu\/wp-json\/wp\/v2\/posts"}],"about":[{"href":"https:\/\/www.teatrulreginamaria.ro\/hu\/wp-json\/wp\/v2\/types\/post"}],"author":[{"embeddable":true,"href":"https:\/\/www.teatrulreginamaria.ro\/hu\/wp-json\/wp\/v2\/users\/6"}],"replies":[{"embeddable":true,"href":"https:\/\/www.teatrulreginamaria.ro\/hu\/wp-json\/wp\/v2\/comments?post=1308"}],"version-history":[{"count":0,"href":"https:\/\/www.teatrulreginamaria.ro\/hu\/wp-json\/wp\/v2\/posts\/1308\/revisions"}],"wp:attachment":[{"href":"https:\/\/www.teatrulreginamaria.ro\/hu\/wp-json\/wp\/v2\/media?parent=1308"}],"wp:term":[{"taxonomy":"category","embeddable":true,"href":"https:\/\/www.teatrulreginamaria.ro\/hu\/wp-json\/wp\/v2\/categories?post=1308"},{"taxonomy":"post_tag","embeddable":true,"href":"https:\/\/www.teatrulreginamaria.ro\/hu\/wp-json\/wp\/v2\/tags?post=1308"}],"curies":[{"name":"munkaf\u00fczet","href":"https:\/\/api.w.org\/{rel}","templated":true}]}}