{"id":1315,"date":"2018-06-06T09:01:48","date_gmt":"2018-06-06T09:01:48","guid":{"rendered":"https:\/\/teatrulreginamaria.ro\/2018\/06\/06\/la-multi-ani-actorului-ciprian-ciuciu\/"},"modified":"2018-06-06T09:01:48","modified_gmt":"2018-06-06T09:01:48","slug":"boldog-szuletesnapot-ciprian-ciuciu-szinesznek","status":"publish","type":"post","link":"https:\/\/www.teatrulreginamaria.ro\/hu\/la-multi-ani-actorului-ciprian-ciuciu\/","title":{"rendered":"Boldog sz\u00fclet\u00e9snapot Ciprian Ciuciu sz\u00edn\u00e9sznek"},"content":{"rendered":"<p>Ma van koll\u00e9g\u00e1nk, Ciprian Ciuciu sz\u00edn\u00e9sz sz\u00fclet\u00e9snapja. Sz\u00fclet\u00e9snapja alkalm\u00e1b\u00f3l egy r\u00f6vid interj\u00fat adott nek\u00fcnk, amelyben el\u00e1rult n\u00e9h\u00e1ny dolgot sz\u00ednh\u00e1zi sors\u00e1r\u00f3l \u00e9s az eddigi \u00fatj\u00e1t ir\u00e1ny\u00edt\u00f3 szenved\u00e9lyekr\u0151l.<\/p>\n<p style=\"text-align: justify;\">Ciprian Ciuciu, aki f\u0151iskolai tanulm\u00e1nyai els\u0151 \u00e9ve \u00f3ta a Regina Maria Sz\u00ednh\u00e1z munkat\u00e1rsa, serd\u00fcl\u0151kora \u00f3ta rendelkezik a k\u00edv\u00e1ncsis\u00e1ggal, a nyitotts\u00e1ggal \u00e9s a kezdem\u00e9nyez\u0151k\u00e9szs\u00e9ggel ahhoz, hogy szenved\u00e9lyeinek szentelje mag\u00e1t. A gokartoz\u00e1st\u00f3l, a numizmatik\u00e1t\u00f3l \u00e9s a r\u00e9g\u00e9szett\u0151l az ikonfest\u00e9szetig \u00fcvegre, a k\u00f6lt\u00e9szetig \u00e9s a sz\u00ednh\u00e1zig Ciprian minden hobbij\u00e1t \u201epr\u00f3b\u00e1ra tette\u201d. 11. oszt\u00e1lyban j\u00f6tt r\u00e1, hogy a sz\u00edn\u00e9szet t\u00f6bb lehet, mint hobbi, lehet hivat\u00e1s is. Miut\u00e1n sz\u00ednj\u00e1tsz\u00f3 \u00f3r\u00e1kat vett a nagyv\u00e1radi Gyermekpalot\u00e1ban, Ciprian beiratkozott a Pygmalion kurzusokra, \u00e9s meger\u0151s\u00edt\u00e9st kapott a tan\u00e1rokt\u00f3l, hogy j\u00f3 \u00faton j\u00e1r.\u00a0 <strong>\u201eMindig is abb\u00f3l akartam meg\u00e9lni, amit szeretek. Amikor felfedeztem, hogy a sz\u00ednh\u00e1z t\u00f6bb lehet, mint szenved\u00e9ly, ez t\u0171nt a t\u00f6k\u00e9letes receptnek. Sok racion\u00e1lis gondolattal ellent\u00e9tben a sz\u00edn\u00e9szi p\u00e1ly\u00e1t v\u00e1lasztottam. Tudtam, hogy nem fogok meggazdagodni, de tudtam, hogy boldog leszek.\u201d<\/strong>, eml\u00e9kszik vissza Ciprian. Mind\u00f6ssze h\u00e1rom h\u00e9ttel az els\u0151 egyetemi \u00e9v\u00e9nek megkezd\u00e9se ut\u00e1n r\u00e9szt vett az els\u0151 szereposzt\u00e1s\u00e1n a m\u0171sorban. <em>A windsori v\u00edg feles\u00e9gek<\/em>, Victor Ioan Frunz\u0103 sz\u00ednpadi ir\u00e1ny\u00edt\u00e1s\u00e1val. Egy \u00edg\u00e9retes egy\u00fcttm\u0171k\u00f6d\u00e9s azzal az int\u00e9zm\u00e9nnyel, amelynek sz\u00ednpad\u00e1n a mai napig j\u00e1tszik. &quot;<strong>Seg\u00edtett, hogy di\u00e1k\u00e9veim alatt egy\u00fcttm\u0171k\u00f6dhettem a sz\u00ednh\u00e1zzal, mert a pr\u00f3b\u00e1k olyanok voltak sz\u00e1momra, mint egyfajta \u00f3r\u00e1k, \u00e9s a sz\u00edn\u00e9szek voltak a meghat\u00e1roz\u00f3 tan\u00e1raim.<\/strong>, mondja Cypris.<\/p>\n<p><!--more--><\/p>\n<p style=\"text-align: justify;\">Megtal\u00e1lta szakmai \u00fatj\u00e1t, beteljes\u00fcl\u00e9st tal\u00e1lt feles\u00e9g\u00e9vel, Meluval, de soha nem hagyta abba a t\u00f6k\u00e9letes boldogs\u00e1g k\u00e9p\u00e9nek fel\u00e9p\u00edt\u00e9s\u00e9t, amelyet mindannyian l\u00e9p\u00e9sr\u0151l l\u00e9p\u00e9sre megval\u00f3s\u00edtunk \u00e9let\u00fcnk sor\u00e1n. \u00cdgy kezd\u0151d\u00f6tt egy b\u00e1tor \u00e9s egyedi projekt: saj\u00e1t erej\u00e9b\u0151l egy term\u00e9szetes h\u00e1z l\u00e9trehoz\u00e1sa.<strong>. \u201eA c\u00e9l az volt, hogy boldogok legy\u00fcnk. A boldogs\u00e1g pedig abban is megnyilv\u00e1nulhat, hogy megvan minden, ami sz\u00fcks\u00e9ges, \u00e9s \u00e9lvezz\u00fck azt, amid van.\u201d<\/strong>, magyar\u00e1zza a fiatalember. <strong>\u201eMi\u00e9rt egy term\u00e9szetes h\u00e1z? A Declick azzal az \u00f6tlettel indult, hogy ne legyen szem\u00e9t. A sz\u00fcleim h\u00e1za el\u0151tt \u00e1ll\u00f3 kont\u00e9nert n\u00e9ztem, \u00e9s feltettem magamnak a k\u00e9rd\u00e9st: Mi t\u00f6rt\u00e9nik a szem\u00e9ttel, \u00e9s mi\u00e9rt kell havonta k\u00e9t k\u00f6bm\u00e9ter szemetet termeln\u00fcnk? Feltettem magamnak a k\u00e9rd\u00e9st, hogy mit teszek ebben az \u00e9rtelemben, \u00e9s mennyire sz\u00fcks\u00e9ges azt tenni, amit teszek. Alapvet\u0151en megk\u00e9rd\u0151jeleztem a tetteimet. Azt\u00e1n megk\u00e9rdeztem magamt\u00f3l, hogyan tudn\u00e9k abbahagyni valaminek az etet\u00e9s\u00e9t, aminek nem kellene l\u00e9teznie. \u00c9s \u00edgy jutottam el a komposztk\u00e9sz\u00edt\u00e9shez.\u201d<\/strong>, eml\u00e9kszik vissza Ciprian. <strong>\u201eNincs k\u00e9ts\u00e9gem afel\u0151l, hogy h\u00e1zat fogok \u00e9p\u00edteni. \u00cdgy csin\u00e1lta a nagyap\u00e1m, \u00edgy csin\u00e1lta az ap\u00e1m. Amit enn\u00e9l a projektn\u00e9l felt\u00e9teleztem, az a h\u00e1z jellege volt. Hogy harm\u00f3ni\u00e1ban legyen a term\u00e9szettel. Hogy legyen egy ehet\u0151 t\u00e1ja is, ne csak sz\u00e9p. Hogy a lehet\u0151 legt\u00f6bb szempontb\u00f3l \u00f6nfenntart\u00f3 legyen.\u201d<\/strong>, mondja a sz\u00edn\u00e9sz. \u00cdgy sz\u00fcletett meg, csal\u00e1d \u00e9s bar\u00e1tok seg\u00edts\u00e9g\u00e9vel<strong>, &quot;egy kis, kerek h\u00e1z szalmab\u00e1l\u00e1kb\u00f3l&quot;<\/strong>. Vannak benne fotovoltaikus panelek, egy f\u00f6ldter\u00fclet, amelyen z\u00f6lds\u00e9gek \u00e9s f\u00e1k &quot;n\u0151ttek&quot;, szabadon \u00e9l\u0151 kuty\u00e1k \u00e9s macsk\u00e1k. A szalmab\u00e1l\u00e1kat f\u00f6lddel vakolt\u00e1k be, a bels\u0151 falak vessz\u0151b\u0151l \u00e9s vakolatb\u00f3l, valamint boros\u00fcvegekb\u0151l k\u00e9sz\u00fclt t\u00e9gl\u00e1kb\u00f3l \u00e9p\u00fcltek, a napf\u00e9ny \u00e9s a holdf\u00e9ny \u00e1tsz\u0171r\u0151dik a tet\u0151n, az agyagpadl\u00f3t pedig bojtorj\u00e1nlevelek m\u00e1solatai d\u00edsz\u00edtik, cementb\u0151l mint\u00e1zva, sz\u00ednezve \u00e9s gyant\u00e1val bevonva. Az elm\u00falt n\u00e9gy \u00e9v minden tavasz\u00e1t \u00e9s minden nyar\u00e1mat ennek a projektnek szentelt\u00e9k, amely m\u00e9g kor\u00e1ntsem fejez\u0151d\u00f6tt be. Miut\u00e1n elk\u00e9sz\u00fclt a kis h\u00e1z, k\u00f6vetkezett a nagy, a csal\u00e1di h\u00e1z.<\/p>\n<p style=\"text-align: justify;\">\u00c9s a projektek itt nem \u00e1llnak meg. Ciprian egy \u201eTud\u00e1s \u00e9s \u00f6nismeret a sz\u00ednh\u00e1zon kereszt\u00fcl\u201d c\u00edm\u0171 workshopot vezet, meggy\u0151z\u0151dve arr\u00f3l, hogy a dr\u00e1mai m\u0171v\u00e9szet fontos szerepet j\u00e1tszhat a szem\u00e9lyis\u00e9gfejl\u0151d\u00e9sben. Azt is hiszi, hogy a sz\u00ednh\u00e1z, \u00e9s implicit m\u00f3don a sz\u00edn\u00e9szek, \u00faj perspekt\u00edv\u00e1kat k\u00edn\u00e1lnak minden n\u00e9z\u0151nek, aki \u00e1tl\u00e9pi a k\u00fcsz\u00f6b\u00e9t. A kedvenc sort a Biloxi Blues c\u00edm\u0171 m\u0171sorban mondt\u00e1k.<\/p>\n<p style=\"text-align: justify;\"><strong>&quot;-\u0150rmester, <span class=\"_5yl5\">Mi a csud\u00e1t tan\u00edtott neked az ap\u00e1d?<\/span>?<\/strong><\/p>\n<p style=\"text-align: justify;\"><strong>\u201eNem sokat, uram, csak k\u00e9t dolgot: m\u00e9lt\u00f3s\u00e1got \u00e9s egy\u00fctt\u00e9rz\u00e9st.\u201d<\/strong><\/p>\n<p style=\"text-align: justify;\">\u00c9s az \u00e9vfordul\u00f3j\u00e1ra vonatkoz\u00f3 k\u00edv\u00e1ns\u00e1ga nagyon egyszer\u0171: szeretve lenni.<\/p>\n<p style=\"text-align: justify;\">Boldog sz\u00fclet\u00e9snapot, Ciprus!<\/p>","protected":false},"excerpt":{"rendered":"<p>Ast\u0103zi este ziua colegului nostru, actorul Ciprian Ciuciu. Cu ocazia anivers\u0103rii lui, ne-a oferit un scurt interviu \u00een care a f\u0103cut c\u00e2teva dest\u0103inuiri legate de destinul s\u0103u \u00een teatru \u0219i despre pasiunile care i-au c\u0103l\u0103uzit p\u00e2n\u0103 acum calea. Colaborator al Teatrului Regina Maria din primul an de facultate, Ciprian Ciuciu a avut \u00eenc\u0103 din adolescen\u021b\u0103 [&hellip;]<\/p>\n","protected":false},"author":6,"featured_media":0,"comment_status":"open","ping_status":"open","sticky":false,"template":"","format":"standard","meta":{"_acf_changed":false,"footnotes":""},"categories":[22],"tags":[],"class_list":["post-1315","post","type-post","status-publish","format-standard","hentry","category-noutati-trupa-iosif-vulcan"],"aioseo_notices":[],"aioseo_head":"\n\t\t<!-- All in One SEO Pro 5.0.1.1 - aioseo.com -->\n\t<meta name=\"description\" content=\"Ast\u0103zi este ziua colegului nostru, actorul Ciprian Ciuciu. Cu ocazia anivers\u0103rii lui, ne-a oferit un scurt interviu \u00een care a f\u0103cut c\u00e2teva dest\u0103inuiri legate de destinul s\u0103u \u00een teatru \u0219i despre pasiunile care i-au c\u0103l\u0103uzit p\u00e2n\u0103 acum calea. Colaborator al Teatrului Regina Maria din primul an de facultate, Ciprian Ciuciu a avut \u00eenc\u0103 din adolescen\u021b\u0103\" \/>\n\t<meta name=\"robots\" content=\"max-image-preview:large\" \/>\n\t<meta name=\"author\" content=\"Teatrul Regina Maria\"\/>\n\t<link rel=\"canonical\" href=\"https:\/\/www.teatrulreginamaria.ro\/hu\/la-multi-ani-actorului-ciprian-ciuciu\/\" \/>\n\t<meta name=\"generator\" content=\"All in One SEO Pro (AIOSEO) 5.0.1.1\" \/>\n\t\t<meta property=\"og:locale\" content=\"hu_HU\" \/>\n\t\t<meta property=\"og:site_name\" content=\"Teatrul Regina Maria Oradea - Trupa Iosif Vulcan \u0219i Trupa Arcadia\" \/>\n\t\t<meta property=\"og:type\" content=\"article\" \/>\n\t\t<meta property=\"og:title\" content=\"La mul\u021bi ani actorului Ciprian Ciuciu - Teatrul Regina Maria Oradea\" \/>\n\t\t<meta property=\"og:description\" content=\"Ast\u0103zi este ziua colegului nostru, actorul Ciprian Ciuciu. Cu ocazia anivers\u0103rii lui, ne-a oferit un scurt interviu \u00een care a f\u0103cut c\u00e2teva dest\u0103inuiri legate de destinul s\u0103u \u00een teatru \u0219i despre pasiunile care i-au c\u0103l\u0103uzit p\u00e2n\u0103 acum calea. Colaborator al Teatrului Regina Maria din primul an de facultate, Ciprian Ciuciu a avut \u00eenc\u0103 din adolescen\u021b\u0103\" \/>\n\t\t<meta property=\"og:url\" content=\"https:\/\/www.teatrulreginamaria.ro\/hu\/la-multi-ani-actorului-ciprian-ciuciu\/\" \/>\n\t\t<meta property=\"og:image\" content=\"https:\/\/www.teatrulreginamaria.ro\/wp-content\/uploads\/2025\/03\/trm-istoric-01.jpg\" \/>\n\t\t<meta property=\"og:image:secure_url\" content=\"https:\/\/www.teatrulreginamaria.ro\/wp-content\/uploads\/2025\/03\/trm-istoric-01.jpg\" \/>\n\t\t<meta property=\"og:image:width\" content=\"1200\" \/>\n\t\t<meta property=\"og:image:height\" content=\"800\" \/>\n\t\t<meta property=\"article:published_time\" content=\"2018-06-06T09:01:48+00:00\" \/>\n\t\t<meta property=\"article:modified_time\" content=\"2018-06-06T09:01:48+00:00\" \/>\n\t\t<meta property=\"article:publisher\" content=\"https:\/\/www.facebook.com\/TRMTrupaIosifVulcan\/\" \/>\n\t\t<meta name=\"twitter:card\" content=\"summary_large_image\" \/>\n\t\t<meta name=\"twitter:site\" content=\"@TRMOradea\" \/>\n\t\t<meta name=\"twitter:title\" content=\"La mul\u021bi ani actorului Ciprian Ciuciu - Teatrul Regina Maria Oradea\" \/>\n\t\t<meta name=\"twitter:description\" content=\"Ast\u0103zi este ziua colegului nostru, actorul Ciprian Ciuciu. Cu ocazia anivers\u0103rii lui, ne-a oferit un scurt interviu \u00een care a f\u0103cut c\u00e2teva dest\u0103inuiri legate de destinul s\u0103u \u00een teatru \u0219i despre pasiunile care i-au c\u0103l\u0103uzit p\u00e2n\u0103 acum calea. Colaborator al Teatrului Regina Maria din primul an de facultate, Ciprian Ciuciu a avut \u00eenc\u0103 din adolescen\u021b\u0103\" \/>\n\t\t<meta name=\"twitter:creator\" content=\"@TRMOradea\" \/>\n\t\t<meta name=\"twitter:image\" content=\"https:\/\/www.teatrulreginamaria.ro\/wp-content\/uploads\/2025\/03\/trm-istoric-01.jpg\" \/>\n\t\t<script type=\"application\/ld+json\" class=\"aioseo-schema\">\n\t\t\t{\"@context\":\"https:\\\/\\\/schema.org\",\"@graph\":[{\"@type\":\"BlogPosting\",\"@id\":\"https:\\\/\\\/www.teatrulreginamaria.ro\\\/hu\\\/la-multi-ani-actorului-ciprian-ciuciu\\\/#blogposting\",\"name\":\"La mul\\u021bi ani actorului Ciprian Ciuciu - Teatrul Regina Maria Oradea\",\"headline\":\"La mul\\u021bi ani actorului Ciprian Ciuciu\",\"author\":{\"@id\":\"https:\\\/\\\/www.teatrulreginamaria.ro\\\/hu\\\/author\\\/w3bmaster\\\/#author\"},\"publisher\":{\"@id\":\"https:\\\/\\\/www.teatrulreginamaria.ro\\\/hu\\\/#organization\"},\"image\":{\"@type\":\"ImageObject\",\"url\":\"https:\\\/\\\/www.teatrulreginamaria.ro\\\/wp-content\\\/uploads\\\/2025\\\/06\\\/logo-trm-01-dark.png\",\"@id\":\"https:\\\/\\\/www.teatrulreginamaria.ro\\\/hu\\\/#articleImage\",\"width\":300,\"height\":148},\"datePublished\":\"2018-06-06T09:01:48+03:00\",\"dateModified\":\"2018-06-06T09:01:48+03:00\",\"inLanguage\":\"hu-HU\",\"mainEntityOfPage\":{\"@id\":\"https:\\\/\\\/www.teatrulreginamaria.ro\\\/hu\\\/la-multi-ani-actorului-ciprian-ciuciu\\\/#webpage\"},\"isPartOf\":{\"@id\":\"https:\\\/\\\/www.teatrulreginamaria.ro\\\/hu\\\/la-multi-ani-actorului-ciprian-ciuciu\\\/#webpage\"},\"articleSection\":\"Nout\\u0103\\u021bi - Trupa Iosif Vulcan\"},{\"@type\":\"BreadcrumbList\",\"@id\":\"https:\\\/\\\/www.teatrulreginamaria.ro\\\/hu\\\/la-multi-ani-actorului-ciprian-ciuciu\\\/#breadcrumblist\",\"itemListElement\":[{\"@type\":\"ListItem\",\"@id\":\"https:\\\/\\\/www.teatrulreginamaria.ro\\\/hu#listItem\",\"position\":1,\"name\":\"Home\",\"item\":\"https:\\\/\\\/www.teatrulreginamaria.ro\\\/hu\",\"nextItem\":{\"@type\":\"ListItem\",\"@id\":\"https:\\\/\\\/www.teatrulreginamaria.ro\\\/hu\\\/categorie\\\/noutati\\\/#listItem\",\"name\":\"Nout\\u0103\\u021bi\"}},{\"@type\":\"ListItem\",\"@id\":\"https:\\\/\\\/www.teatrulreginamaria.ro\\\/hu\\\/categorie\\\/noutati\\\/#listItem\",\"position\":2,\"name\":\"Nout\\u0103\\u021bi\",\"item\":\"https:\\\/\\\/www.teatrulreginamaria.ro\\\/hu\\\/categorie\\\/noutati\\\/\",\"nextItem\":{\"@type\":\"ListItem\",\"@id\":\"https:\\\/\\\/www.teatrulreginamaria.ro\\\/hu\\\/categorie\\\/noutati\\\/noutati-trupa-iosif-vulcan\\\/#listItem\",\"name\":\"Nout\\u0103\\u021bi - Trupa Iosif Vulcan\"},\"previousItem\":{\"@type\":\"ListItem\",\"@id\":\"https:\\\/\\\/www.teatrulreginamaria.ro\\\/hu#listItem\",\"name\":\"Home\"}},{\"@type\":\"ListItem\",\"@id\":\"https:\\\/\\\/www.teatrulreginamaria.ro\\\/hu\\\/categorie\\\/noutati\\\/noutati-trupa-iosif-vulcan\\\/#listItem\",\"position\":3,\"name\":\"Nout\\u0103\\u021bi - Trupa Iosif Vulcan\",\"item\":\"https:\\\/\\\/www.teatrulreginamaria.ro\\\/hu\\\/categorie\\\/noutati\\\/noutati-trupa-iosif-vulcan\\\/\",\"nextItem\":{\"@type\":\"ListItem\",\"@id\":\"https:\\\/\\\/www.teatrulreginamaria.ro\\\/hu\\\/la-multi-ani-actorului-ciprian-ciuciu\\\/#listItem\",\"name\":\"La mul\\u021bi ani actorului Ciprian Ciuciu\"},\"previousItem\":{\"@type\":\"ListItem\",\"@id\":\"https:\\\/\\\/www.teatrulreginamaria.ro\\\/hu\\\/categorie\\\/noutati\\\/#listItem\",\"name\":\"Nout\\u0103\\u021bi\"}},{\"@type\":\"ListItem\",\"@id\":\"https:\\\/\\\/www.teatrulreginamaria.ro\\\/hu\\\/la-multi-ani-actorului-ciprian-ciuciu\\\/#listItem\",\"position\":4,\"name\":\"La mul\\u021bi ani actorului Ciprian Ciuciu\",\"previousItem\":{\"@type\":\"ListItem\",\"@id\":\"https:\\\/\\\/www.teatrulreginamaria.ro\\\/hu\\\/categorie\\\/noutati\\\/noutati-trupa-iosif-vulcan\\\/#listItem\",\"name\":\"Nout\\u0103\\u021bi - Trupa Iosif Vulcan\"}}]},{\"@type\":\"Organization\",\"@id\":\"https:\\\/\\\/www.teatrulreginamaria.ro\\\/hu\\\/#organization\",\"name\":\"Teatrul Regina Maria Oradea\",\"description\":\"Trupa Iosif Vulcan \\u0219i Trupa Arcadia\",\"url\":\"https:\\\/\\\/www.teatrulreginamaria.ro\\\/hu\\\/\",\"email\":\"marketing@teatrulreginamaria.ro\",\"telephone\":\"+40359411534\",\"numberOfEmployees\":{\"@type\":\"QuantitativeValue\",\"minValue\":0,\"maxValue\":150},\"logo\":{\"@type\":\"ImageObject\",\"url\":\"https:\\\/\\\/www.teatrulreginamaria.ro\\\/wp-content\\\/uploads\\\/2025\\\/06\\\/logo-trm-01-dark.png\",\"@id\":\"https:\\\/\\\/www.teatrulreginamaria.ro\\\/hu\\\/la-multi-ani-actorului-ciprian-ciuciu\\\/#organizationLogo\",\"width\":300,\"height\":148},\"image\":{\"@id\":\"https:\\\/\\\/www.teatrulreginamaria.ro\\\/hu\\\/la-multi-ani-actorului-ciprian-ciuciu\\\/#organizationLogo\"},\"sameAs\":[\"https:\\\/\\\/www.facebook.com\\\/TRMTrupaIosifVulcan\\\/\",\"https:\\\/\\\/x.com\\\/TRMOradea\",\"https:\\\/\\\/www.instagram.com\\\/teatrul_regina_maria\\\/\",\"https:\\\/\\\/www.youtube.com\\\/c\\\/TeatrulReginaMariaOradea\",\"https:\\\/\\\/www.linkedin.com\\\/company\\\/teatrul-regina-maria\"]},{\"@type\":\"Person\",\"@id\":\"https:\\\/\\\/www.teatrulreginamaria.ro\\\/hu\\\/author\\\/w3bmaster\\\/#author\",\"url\":\"https:\\\/\\\/www.teatrulreginamaria.ro\\\/hu\\\/author\\\/w3bmaster\\\/\",\"name\":\"Teatrul Regina Maria\",\"image\":{\"@type\":\"ImageObject\",\"@id\":\"https:\\\/\\\/www.teatrulreginamaria.ro\\\/hu\\\/la-multi-ani-actorului-ciprian-ciuciu\\\/#authorImage\",\"url\":\"https:\\\/\\\/secure.gravatar.com\\\/avatar\\\/5884139d508ae3f0bafe45e60563b48a9640146d3b08ccc6278c305ff9329305?s=96&d=mm&r=g\",\"width\":96,\"height\":96,\"caption\":\"Teatrul Regina Maria\"}},{\"@type\":\"WebPage\",\"@id\":\"https:\\\/\\\/www.teatrulreginamaria.ro\\\/hu\\\/la-multi-ani-actorului-ciprian-ciuciu\\\/#webpage\",\"url\":\"https:\\\/\\\/www.teatrulreginamaria.ro\\\/hu\\\/la-multi-ani-actorului-ciprian-ciuciu\\\/\",\"name\":\"La mul\\u021bi ani actorului Ciprian Ciuciu - Teatrul Regina Maria Oradea\",\"description\":\"Ast\\u0103zi este ziua colegului nostru, actorul Ciprian Ciuciu. Cu ocazia anivers\\u0103rii lui, ne-a oferit un scurt interviu \\u00een care a f\\u0103cut c\\u00e2teva dest\\u0103inuiri legate de destinul s\\u0103u \\u00een teatru \\u0219i despre pasiunile care i-au c\\u0103l\\u0103uzit p\\u00e2n\\u0103 acum calea. Colaborator al Teatrului Regina Maria din primul an de facultate, Ciprian Ciuciu a avut \\u00eenc\\u0103 din adolescen\\u021b\\u0103\",\"inLanguage\":\"hu-HU\",\"isPartOf\":{\"@id\":\"https:\\\/\\\/www.teatrulreginamaria.ro\\\/hu\\\/#website\"},\"breadcrumb\":{\"@id\":\"https:\\\/\\\/www.teatrulreginamaria.ro\\\/hu\\\/la-multi-ani-actorului-ciprian-ciuciu\\\/#breadcrumblist\"},\"author\":{\"@id\":\"https:\\\/\\\/www.teatrulreginamaria.ro\\\/hu\\\/author\\\/w3bmaster\\\/#author\"},\"creator\":{\"@id\":\"https:\\\/\\\/www.teatrulreginamaria.ro\\\/hu\\\/author\\\/w3bmaster\\\/#author\"},\"datePublished\":\"2018-06-06T09:01:48+03:00\",\"dateModified\":\"2018-06-06T09:01:48+03:00\"},{\"@type\":\"WebSite\",\"@id\":\"https:\\\/\\\/www.teatrulreginamaria.ro\\\/hu\\\/#website\",\"url\":\"https:\\\/\\\/www.teatrulreginamaria.ro\\\/hu\\\/\",\"name\":\"Teatrul Regina Maria Oradea\",\"alternateName\":\"TRM Oradea\",\"description\":\"Trupa Iosif Vulcan \\u0219i Trupa Arcadia\",\"inLanguage\":\"hu-HU\",\"publisher\":{\"@id\":\"https:\\\/\\\/www.teatrulreginamaria.ro\\\/hu\\\/#organization\"}}]}\n\t\t<\/script>\n\t\t<!-- All in One SEO Pro -->\r\n\t\t<title>La mul\u021bi ani actorului Ciprian Ciuciu - Teatrul Regina Maria Oradea<\/title>\n\n","aioseo_head_json":{"title":"Boldog sz\u00fclet\u00e9snapot Ciprian Ciuciu sz\u00edn\u00e9sznek - Nagyv\u00e1radi Regina M\u00e1ria Sz\u00ednh\u00e1z","description":"Ma van koll\u00e9g\u00e1nk, Ciprian Ciuciu sz\u00edn\u00e9sz sz\u00fclet\u00e9snapja. Sz\u00fclet\u00e9snapja alkalm\u00e1b\u00f3l egy r\u00f6vid interj\u00fat adott nek\u00fcnk, amelyben el\u00e1rult n\u00e9h\u00e1ny dolgot sz\u00ednh\u00e1zi sors\u00e1r\u00f3l \u00e9s az eddigi \u00fatj\u00e1t ir\u00e1ny\u00edt\u00f3 szenved\u00e9lyekr\u0151l. Ciprian Ciuciu a Regina Maria Sz\u00ednh\u00e1z munkat\u00e1rsa volt els\u0151 egyetemi \u00e9ve \u00f3ta, \u00e9s m\u00e1r serd\u00fcl\u0151kora \u00f3ta...","canonical_url":"https:\/\/www.teatrulreginamaria.ro\/hu\/la-multi-ani-actorului-ciprian-ciuciu\/","robots":"max-image-preview:large","keywords":"","webmasterTools":{"miscellaneous":""},"schema":{"@context":"https:\/\/schema.org","@graph":[{"@type":"BlogPosting","@id":"https:\/\/www.teatrulreginamaria.ro\/hu\/la-multi-ani-actorului-ciprian-ciuciu\/#blogposting","name":"La mul\u021bi ani actorului Ciprian Ciuciu - Teatrul Regina Maria Oradea","headline":"La mul\u021bi ani actorului Ciprian Ciuciu","author":{"@id":"https:\/\/www.teatrulreginamaria.ro\/hu\/author\/w3bmaster\/#author"},"publisher":{"@id":"https:\/\/www.teatrulreginamaria.ro\/hu\/#organization"},"image":{"@type":"ImageObject","url":"https:\/\/www.teatrulreginamaria.ro\/wp-content\/uploads\/2025\/06\/logo-trm-01-dark.png","@id":"https:\/\/www.teatrulreginamaria.ro\/hu\/#articleImage","width":300,"height":148},"datePublished":"2018-06-06T09:01:48+03:00","dateModified":"2018-06-06T09:01:48+03:00","inLanguage":"hu-HU","mainEntityOfPage":{"@id":"https:\/\/www.teatrulreginamaria.ro\/hu\/la-multi-ani-actorului-ciprian-ciuciu\/#webpage"},"isPartOf":{"@id":"https:\/\/www.teatrulreginamaria.ro\/hu\/la-multi-ani-actorului-ciprian-ciuciu\/#webpage"},"articleSection":"Nout\u0103\u021bi - Trupa Iosif Vulcan"},{"@type":"BreadcrumbList","@id":"https:\/\/www.teatrulreginamaria.ro\/hu\/la-multi-ani-actorului-ciprian-ciuciu\/#breadcrumblist","itemListElement":[{"@type":"ListItem","@id":"https:\/\/www.teatrulreginamaria.ro\/hu#listItem","position":1,"name":"Home","item":"https:\/\/www.teatrulreginamaria.ro\/hu","nextItem":{"@type":"ListItem","@id":"https:\/\/www.teatrulreginamaria.ro\/hu\/categorie\/noutati\/#listItem","name":"Nout\u0103\u021bi"}},{"@type":"ListItem","@id":"https:\/\/www.teatrulreginamaria.ro\/hu\/categorie\/noutati\/#listItem","position":2,"name":"Nout\u0103\u021bi","item":"https:\/\/www.teatrulreginamaria.ro\/hu\/categorie\/noutati\/","nextItem":{"@type":"ListItem","@id":"https:\/\/www.teatrulreginamaria.ro\/hu\/categorie\/noutati\/noutati-trupa-iosif-vulcan\/#listItem","name":"Nout\u0103\u021bi - Trupa Iosif Vulcan"},"previousItem":{"@type":"ListItem","@id":"https:\/\/www.teatrulreginamaria.ro\/hu#listItem","name":"Home"}},{"@type":"ListItem","@id":"https:\/\/www.teatrulreginamaria.ro\/hu\/categorie\/noutati\/noutati-trupa-iosif-vulcan\/#listItem","position":3,"name":"Nout\u0103\u021bi - Trupa Iosif Vulcan","item":"https:\/\/www.teatrulreginamaria.ro\/hu\/categorie\/noutati\/noutati-trupa-iosif-vulcan\/","nextItem":{"@type":"ListItem","@id":"https:\/\/www.teatrulreginamaria.ro\/hu\/la-multi-ani-actorului-ciprian-ciuciu\/#listItem","name":"La mul\u021bi ani actorului Ciprian Ciuciu"},"previousItem":{"@type":"ListItem","@id":"https:\/\/www.teatrulreginamaria.ro\/hu\/categorie\/noutati\/#listItem","name":"Nout\u0103\u021bi"}},{"@type":"ListItem","@id":"https:\/\/www.teatrulreginamaria.ro\/hu\/la-multi-ani-actorului-ciprian-ciuciu\/#listItem","position":4,"name":"La mul\u021bi ani actorului Ciprian Ciuciu","previousItem":{"@type":"ListItem","@id":"https:\/\/www.teatrulreginamaria.ro\/hu\/categorie\/noutati\/noutati-trupa-iosif-vulcan\/#listItem","name":"Nout\u0103\u021bi - Trupa Iosif Vulcan"}}]},{"@type":"Organization","@id":"https:\/\/www.teatrulreginamaria.ro\/hu\/#organization","name":"Teatrul Regina Maria Oradea","description":"Trupa Iosif Vulcan \u0219i Trupa Arcadia","url":"https:\/\/www.teatrulreginamaria.ro\/hu\/","email":"marketing@teatrulreginamaria.ro","telephone":"+40359411534","numberOfEmployees":{"@type":"QuantitativeValue","minValue":0,"maxValue":150},"logo":{"@type":"ImageObject","url":"https:\/\/www.teatrulreginamaria.ro\/wp-content\/uploads\/2025\/06\/logo-trm-01-dark.png","@id":"https:\/\/www.teatrulreginamaria.ro\/hu\/la-multi-ani-actorului-ciprian-ciuciu\/#organizationLogo","width":300,"height":148},"image":{"@id":"https:\/\/www.teatrulreginamaria.ro\/hu\/la-multi-ani-actorului-ciprian-ciuciu\/#organizationLogo"},"sameAs":["https:\/\/www.facebook.com\/TRMTrupaIosifVulcan\/","https:\/\/x.com\/TRMOradea","https:\/\/www.instagram.com\/teatrul_regina_maria\/","https:\/\/www.youtube.com\/c\/TeatrulReginaMariaOradea","https:\/\/www.linkedin.com\/company\/teatrul-regina-maria"]},{"@type":"Person","@id":"https:\/\/www.teatrulreginamaria.ro\/hu\/author\/w3bmaster\/#author","url":"https:\/\/www.teatrulreginamaria.ro\/hu\/author\/w3bmaster\/","name":"Teatrul Regina Maria","image":{"@type":"ImageObject","@id":"https:\/\/www.teatrulreginamaria.ro\/hu\/la-multi-ani-actorului-ciprian-ciuciu\/#authorImage","url":"https:\/\/secure.gravatar.com\/avatar\/5884139d508ae3f0bafe45e60563b48a9640146d3b08ccc6278c305ff9329305?s=96&d=mm&r=g","width":96,"height":96,"caption":"Teatrul Regina Maria"}},{"@type":"WebPage","@id":"https:\/\/www.teatrulreginamaria.ro\/hu\/la-multi-ani-actorului-ciprian-ciuciu\/#webpage","url":"https:\/\/www.teatrulreginamaria.ro\/hu\/la-multi-ani-actorului-ciprian-ciuciu\/","name":"La mul\u021bi ani actorului Ciprian Ciuciu - Teatrul Regina Maria Oradea","description":"Ast\u0103zi este ziua colegului nostru, actorul Ciprian Ciuciu. Cu ocazia anivers\u0103rii lui, ne-a oferit un scurt interviu \u00een care a f\u0103cut c\u00e2teva dest\u0103inuiri legate de destinul s\u0103u \u00een teatru \u0219i despre pasiunile care i-au c\u0103l\u0103uzit p\u00e2n\u0103 acum calea. Colaborator al Teatrului Regina Maria din primul an de facultate, Ciprian Ciuciu a avut \u00eenc\u0103 din adolescen\u021b\u0103","inLanguage":"hu-HU","isPartOf":{"@id":"https:\/\/www.teatrulreginamaria.ro\/hu\/#website"},"breadcrumb":{"@id":"https:\/\/www.teatrulreginamaria.ro\/hu\/la-multi-ani-actorului-ciprian-ciuciu\/#breadcrumblist"},"author":{"@id":"https:\/\/www.teatrulreginamaria.ro\/hu\/author\/w3bmaster\/#author"},"creator":{"@id":"https:\/\/www.teatrulreginamaria.ro\/hu\/author\/w3bmaster\/#author"},"datePublished":"2018-06-06T09:01:48+03:00","dateModified":"2018-06-06T09:01:48+03:00"},{"@type":"WebSite","@id":"https:\/\/www.teatrulreginamaria.ro\/hu\/#website","url":"https:\/\/www.teatrulreginamaria.ro\/hu\/","name":"Teatrul Regina Maria Oradea","alternateName":"TRM Oradea","description":"Trupa Iosif Vulcan \u0219i Trupa Arcadia","inLanguage":"hu-HU","publisher":{"@id":"https:\/\/www.teatrulreginamaria.ro\/hu\/#organization"}}]},"og:locale":"hu_HU","og:site_name":"Teatrul Regina Maria Oradea - Trupa Iosif Vulcan \u0219i Trupa Arcadia","og:type":"article","og:title":"La mul\u021bi ani actorului Ciprian Ciuciu - Teatrul Regina Maria Oradea","og:description":"Ast\u0103zi este ziua colegului nostru, actorul Ciprian Ciuciu. Cu ocazia anivers\u0103rii lui, ne-a oferit un scurt interviu \u00een care a f\u0103cut c\u00e2teva dest\u0103inuiri legate de destinul s\u0103u \u00een teatru \u0219i despre pasiunile care i-au c\u0103l\u0103uzit p\u00e2n\u0103 acum calea. Colaborator al Teatrului Regina Maria din primul an de facultate, Ciprian Ciuciu a avut \u00eenc\u0103 din adolescen\u021b\u0103","og:url":"https:\/\/www.teatrulreginamaria.ro\/hu\/la-multi-ani-actorului-ciprian-ciuciu\/","og:image":"https:\/\/www.teatrulreginamaria.ro\/wp-content\/uploads\/2025\/03\/trm-istoric-01.jpg","og:image:secure_url":"https:\/\/www.teatrulreginamaria.ro\/wp-content\/uploads\/2025\/03\/trm-istoric-01.jpg","og:image:width":1200,"og:image:height":800,"article:published_time":"2018-06-06T09:01:48+00:00","article:modified_time":"2018-06-06T09:01:48+00:00","article:publisher":"https:\/\/www.facebook.com\/TRMTrupaIosifVulcan\/","twitter:card":"summary_large_image","twitter:site":"@TRMOradea","twitter:title":"La mul\u021bi ani actorului Ciprian Ciuciu - Teatrul Regina Maria Oradea","twitter:description":"Ast\u0103zi este ziua colegului nostru, actorul Ciprian Ciuciu. Cu ocazia anivers\u0103rii lui, ne-a oferit un scurt interviu \u00een care a f\u0103cut c\u00e2teva dest\u0103inuiri legate de destinul s\u0103u \u00een teatru \u0219i despre pasiunile care i-au c\u0103l\u0103uzit p\u00e2n\u0103 acum calea. Colaborator al Teatrului Regina Maria din primul an de facultate, Ciprian Ciuciu a avut \u00eenc\u0103 din adolescen\u021b\u0103","twitter:creator":"@TRMOradea","twitter:image":"https:\/\/www.teatrulreginamaria.ro\/wp-content\/uploads\/2025\/03\/trm-istoric-01.jpg"},"aioseo_meta_data":{"post_id":"1315","title":null,"description":null,"keywords":null,"keyphrases":null,"primary_term":null,"canonical_url":null,"og_title":null,"og_description":null,"og_object_type":"default","og_image_type":"default","og_image_url":null,"og_image_width":null,"og_image_height":null,"og_image_custom_url":null,"og_image_custom_fields":null,"og_video":null,"og_custom_url":null,"og_article_section":null,"og_article_tags":null,"twitter_use_og":false,"twitter_card":"default","twitter_image_type":"default","twitter_image_url":null,"twitter_image_custom_url":null,"twitter_image_custom_fields":null,"twitter_title":null,"twitter_description":null,"schema":{"blockGraphs":[],"customGraphs":[],"default":{"data":{"Article":[],"Course":[],"Dataset":[],"FAQPage":[],"Movie":[],"Person":[],"Product":[],"ProductReview":[],"Car":[],"Recipe":[],"Service":[],"SoftwareApplication":[],"WebPage":[]},"graphName":"","isEnabled":true},"graphs":[]},"schema_type":"default","schema_type_options":null,"pillar_content":false,"robots_default":true,"robots_noindex":false,"robots_noarchive":false,"robots_nosnippet":false,"robots_nofollow":false,"robots_noimageindex":false,"robots_noodp":false,"robots_notranslate":false,"robots_max_snippet":null,"robots_max_videopreview":null,"robots_max_imagepreview":"large","priority":null,"frequency":null,"local_seo":null,"seo_analyzer_scan_date":"2026-05-13 02:07:50","breadcrumb_settings":null,"limit_modified_date":false,"reviewed_by":null,"open_ai":null,"ai":null,"created":"2025-04-09 17:42:41","updated":"2026-05-13 02:07:50","focus_keyword":null,"additional_keywords":null,"truseo_locale":null},"aioseo_breadcrumb":"<div class=\"aioseo-breadcrumbs\"><span class=\"aioseo-breadcrumb\">\n\t<a href=\"https:\/\/www.teatrulreginamaria.ro\/hu\" title=\"Home\">Home<\/a>\n<\/span><span class=\"aioseo-breadcrumb-separator\">&raquo;<\/span><span class=\"aioseo-breadcrumb\">\n\t<a href=\"https:\/\/www.teatrulreginamaria.ro\/hu\/categorie\/noutati\/\" title=\"Nout\u0103\u021bi\">Nout\u0103\u021bi<\/a>\n<\/span><span class=\"aioseo-breadcrumb-separator\">&raquo;<\/span><span class=\"aioseo-breadcrumb\">\n\t<a href=\"https:\/\/www.teatrulreginamaria.ro\/hu\/categorie\/noutati\/noutati-trupa-iosif-vulcan\/\" title=\"Nout\u0103\u021bi - Trupa Iosif Vulcan\">Nout\u0103\u021bi - Trupa Iosif Vulcan<\/a>\n<\/span><span class=\"aioseo-breadcrumb-separator\">&raquo;<\/span><span class=\"aioseo-breadcrumb\">\n\tLa mul\u021bi ani actorului Ciprian Ciuciu\n<\/span><\/div>","aioseo_breadcrumb_json":[{"label":"Home","link":"https:\/\/www.teatrulreginamaria.ro\/hu"},{"label":"Nout\u0103\u021bi","link":"https:\/\/www.teatrulreginamaria.ro\/hu\/categorie\/noutati\/"},{"label":"Nout\u0103\u021bi - Trupa Iosif Vulcan","link":"https:\/\/www.teatrulreginamaria.ro\/hu\/categorie\/noutati\/noutati-trupa-iosif-vulcan\/"},{"label":"La mul\u021bi ani actorului Ciprian Ciuciu","link":"https:\/\/www.teatrulreginamaria.ro\/hu\/la-multi-ani-actorului-ciprian-ciuciu\/"}],"acf":[],"_links":{"self":[{"href":"https:\/\/www.teatrulreginamaria.ro\/hu\/wp-json\/wp\/v2\/posts\/1315","targetHints":{"allow":["GET"]}}],"collection":[{"href":"https:\/\/www.teatrulreginamaria.ro\/hu\/wp-json\/wp\/v2\/posts"}],"about":[{"href":"https:\/\/www.teatrulreginamaria.ro\/hu\/wp-json\/wp\/v2\/types\/post"}],"author":[{"embeddable":true,"href":"https:\/\/www.teatrulreginamaria.ro\/hu\/wp-json\/wp\/v2\/users\/6"}],"replies":[{"embeddable":true,"href":"https:\/\/www.teatrulreginamaria.ro\/hu\/wp-json\/wp\/v2\/comments?post=1315"}],"version-history":[{"count":0,"href":"https:\/\/www.teatrulreginamaria.ro\/hu\/wp-json\/wp\/v2\/posts\/1315\/revisions"}],"wp:attachment":[{"href":"https:\/\/www.teatrulreginamaria.ro\/hu\/wp-json\/wp\/v2\/media?parent=1315"}],"wp:term":[{"taxonomy":"category","embeddable":true,"href":"https:\/\/www.teatrulreginamaria.ro\/hu\/wp-json\/wp\/v2\/categories?post=1315"},{"taxonomy":"post_tag","embeddable":true,"href":"https:\/\/www.teatrulreginamaria.ro\/hu\/wp-json\/wp\/v2\/tags?post=1315"}],"curies":[{"name":"munkaf\u00fczet","href":"https:\/\/api.w.org\/{rel}","templated":true}]}}