{"id":13182,"date":"2024-06-03T15:00:00","date_gmt":"2024-06-03T12:00:00","guid":{"rendered":"https:\/\/www.teatrulreginamaria.ro\/?p=13182"},"modified":"2025-04-22T12:18:50","modified_gmt":"2025-04-22T09:18:50","slug":"a-gyerek-a-szomszedban-film-2024","status":"publish","type":"post","link":"https:\/\/www.teatrulreginamaria.ro\/hu\/piciul-pustiul-de-langa-noi-fito-2024\/","title":{"rendered":"PICIUL \u2013 A gyerek a szomsz\u00e9dban (FITO 2024)"},"content":{"rendered":"<p class=\"wp-block-paragraph\">A sz\u00f6veg innen sz\u00e1rmazik <a href=\"https:\/\/agenda.liternet.ro\/articol\/28842\/Mihai-Brezeanu\/Pustiul-de-langa-noi-Piciul-la-Festivalul-International-de-Teatru-Oradea-FITO-2024.html\" target=\"_blank\" rel=\"noopener\" title=\"\">LiterNet.ro<\/a> \/ szerz\u0151: Mihai Brezeanu<\/p>\n\n\n\n<p class=\"wp-block-paragraph\">Az \u00faj UNITER 2024-d\u00edjas er\u0151s kezd\u00e9s ut\u00e1n <strong>Ki \u00f6lte meg az ap\u00e1mat?<\/strong> a Metropolis Sz\u00ednh\u00e1z (a legjobb rendez\u00e9s d\u00edj\u00e1t Andrei M\u0103jeri kapta) 9. kiad\u00e1s\u00e1nak Nagyv\u00e1radi Nemzetk\u00f6zi Sz\u00ednh\u00e1zi Fesztiv\u00e1l (FITO) m\u00e1sodik napj\u00e1n (2024. j\u00fanius 2-\u00e1n) ker\u00fclt megrendez\u00e9sre a h\u00e1zigazda musical premierje. A Regina Maria Sz\u00ednh\u00e1z Iosif Vulcan t\u00e1rsulata az \u00c1llami Sz\u00ednh\u00e1z csod\u00e1latos nagyterm\u00e9nek sz\u00ednpad\u00e1n mutatta be a musical vid\u00e9ki premierj\u00e9t. <strong>K\u00f6ly\u00f6k<\/strong>. <\/p>\n\n\n\n<!--more-->\n\n\n\n<p class=\"wp-block-paragraph\">A filmb\u0151l kiindulva <strong>A gyerek<\/strong>, Charlie Chaplin (rendez\u0151, forgat\u00f3k\u00f6nyv, f\u00e9rfi f\u0151szerepl\u0151) 1921-es musicalj\u00e9t, Pozsgai Zsoltot Nagy Tibor zeneszerz\u0151vel \u00e9s Brad\u00e1nyi Iv\u00e1n dalsz\u00f6veg\u00edr\u00f3val (a dalsz\u00f6vegek szerz\u0151je) k\u00f6z\u00f6sen 1992-ben \u00edrt\u00e1k. A musical nagy sikert aratott hazai \u00e9s k\u00fclf\u00f6ldi sz\u00ednpadokon. 2015-ben Halasi Imre magyar rendez\u0151 mutatta be az egri G\u00e1rdonyi G\u00e9za Sz\u00ednh\u00e1z sz\u00ednpad\u00e1n. 2024-ben Halasi, a tiszteletrem\u00e9lt\u00f3 rom\u00e1n kritikus, Zeno Fodor (90 \u00e9ves, jelen volt a nagyv\u00e1radi premieren) ford\u00edt\u00e1s\u00e1nak k\u00f6sz\u00f6nhet\u0151en, ism\u00e9t bemutatta Nagyv\u00e1radon. <\/p>\n\n\n\n<p class=\"wp-block-paragraph\">A dalok hangs\u00falyos popzenei vonzereje, a vil\u00e1g ezen r\u00e9sz\u00e9nek 70-es \u00e9s 90-es \u00e9vekbeli popzenei sl\u00e1gerei ritmus\u00e1ra eml\u00e9keztet\u0151 sz\u00e1mos r\u00e9szlettel, k\u00f6nnyed, laza jelleget k\u00f6lcs\u00f6n\u00f6z az el\u0151ad\u00e1snak, k\u00fcl\u00f6n\u00f6sen a k\u00e9t felvon\u00e1s k\u00f6z\u00fcl az els\u0151ben. Vas\u00e1rnap este a nagy \u00e9s gy\u00f6ny\u00f6r\u0171 sz\u00ednh\u00e1zban, egyszer\u0171 \u00e9s meghat\u00f3 t\u00f6rt\u00e9nettel, egy amerikai szuperprodukci\u00f3 jelmezeivel (Hollywoodot mind a dalok sz\u00f6vege, mind vizu\u00e1lisan megid\u00e9zik, a magasb\u00f3l lel\u00f3g\u00f3 villanyk\u00f6rt\u00e9k, a Chaplin produkci\u00f3s c\u00e9g\u00e9re, a United Artistsra eml\u00e9keztet\u0151kkel egy\u00fctt \u2013 d\u00edszletek: Irina Chiril\u0103), kipirult arccal \u00e9s v\u00f6r\u00f6s teny\u00e9rrel a sok tapst\u00f3l. <\/p>\n\n\n\n<p class=\"wp-block-paragraph\">Igaz, hogy a j\u00f3 hangulat a v\u00e9g\u00e9ig nem sz\u0171nik meg, a k\u00f6z\u00f6ns\u00e9g minden jelenetet maxim\u00e1lisan \u00e9lvez. Ahogy az el\u0151ad\u00e1s kibontakozik, egyfajta m\u00e9lys\u00e9g\u00e9rzet, t\u00f6bbszint\u0171 fejl\u0151d\u00e9s\u00e9rzet alakul ki benne. V\u00e9gs\u0151 soron egy 3 \u00f3ra 15 perces el\u0151ad\u00e1sr\u00f3l besz\u00e9l\u00fcnk (egy 20-25 perces sz\u00fcnettel), leny\u0171g\u00f6z\u0151 er\u0151demonstr\u00e1ci\u00f3val, amely mind a m\u0171v\u00e9szeti, mind a technikai szem\u00e9lyzet figyelemre m\u00e9lt\u00f3 er\u0151fesz\u00edt\u00e9s\u00e9nek eredm\u00e9nye. <\/p>\n\n\n\n<p class=\"wp-block-paragraph\">A t\u00f6bbsz\u00f6r\u00f6sen kiemelked\u0151 szerepl\u0151g\u00e1rda \u00e9l\u00e9n hatalmas dics\u00e9ret illeti a 9 (!!!) \u00e9ves Luca Brant (\u0151 Rare\u0219 Ro\u0219uval egy szinten fog j\u00e1tszani, aki a k\u00f6vetkez\u0151 el\u0151ad\u00e1son, 2024. j\u00fanius 23-\u00e1n deb\u00fct\u00e1l), aki Jacky szerep\u00e9ben leny\u0171g\u00f6z\u0151 teljes\u00edtm\u00e9nyt ny\u00fajt. A legrosszabb az eg\u00e9szben, hogy a k\u00e9t sz\u00edn\u00e9sz nem deb\u00fct\u00e1l, mivel Maugli szerep\u00e9t is megosztj\u00e1k a musicalben. <a href=\"https:\/\/www.teatrulreginamaria.ro\/hu\/a-dzsungel-konyve\/\" title=\"\">A dzsungel k\u00f6nyve<\/a>, amelynek premierje 2024 febru\u00e1rj\u00e1ban volt. Sz\u00e1mos jelenetben szerepel, gazdag sz\u00f6vegekkel rendelkezik, kiv\u00e1l\u00f3an szinkroniz\u00e1lja mind az egy\u00fcttest, mind partnereit, Chaplint (Daniel Vulcu), Lucyt (Georgia C\u0103pr\u0103rin) \u00e9s Maryt (Ioana Cheregi), akikkel p\u00e1ros\u00e1val osztja meg a jeleneteket, angyali arccal, amely Jackie Cooganre eml\u00e9keztet Chaplin filmj\u00e9ben, Luca olyan \u00f6r\u00f6m, amely meg\u00e9rdemli. <em>\u00e1ll\u00f3 ov\u00e1ci\u00f3<\/em>! <\/p>\n\n\n\n<p class=\"wp-block-paragraph\">Nagy Tibor zen\u00e9je \u00e9s a nagyv\u00e1radi produkci\u00f3 sem \u00faszk\u00e1lhat an\u00e9lk\u00fcl, hogy ne lenn\u00e9nek ritmus- vagy koncentr\u00e1ci\u00f3s pillanatok. A legjobb bizony\u00edt\u00e9k erre a k\u00f6z\u00f6ns\u00e9g reakci\u00f3ja a t\u00f6bbi esetben, amikor az el\u0151ad\u00e1s t\u00falcsordul a lelkesed\u00e9ssel, a humorral \u00e9s a k\u00e9pzel\u0151er\u0151vel. Ez a helyzet \u00e1ll fenn t\u00f6bbek k\u00f6z\u00f6tt a m\u00e1sodik felvon\u00e1s deb\u00fct\u00e1l\u00e1sakor is, amikor a Ted (Alexandru Rusu) vezette, Ed (Tudor Manea), Med (George Dometi) \u00e9s Ben (David Constantinescu) alkotta ny\u00e1ri l\u00fazerekb\u0151l\/kis gazemberekb\u0151l \u00e1ll\u00f3 zenekar l\u00e1ngba bor\u00edtja a termet. Var\u00e1zsukat fokozza az a kiv\u00e1l\u00f3 \u00f6tlet, hogy pr\u00f3b\u00e1val egybek\u00f6tve, a BUG Mafia egy nagyon ihletett par\u00f3di\u00e1jak\u00e9nt lopakodnak be az el\u0151ad\u00e1sba, olyan megold\u00e1s, amely az el\u0151ad\u00e1s m\u00e1s pillanataiban megval\u00f3s\u00edtva felfriss\u00edthette volna \u00e9s lokaliz\u00e1lhatta volna azokat a zenei kompoz\u00edci\u00f3kat, amelyek t\u00fal gyakran a Mamaia 1992 \u00e1rnyalatait hordozz\u00e1k magukban. <\/p>\n\n\n\n<p class=\"wp-block-paragraph\">A Bihar megyei sz\u00e1rmaz\u00e1s\u00fa, de jelenleg a Szatm\u00e1rn\u00e9meti \u00c9szaki Sz\u00ednh\u00e1z Mihai Raicu t\u00e1rsulat\u00e1nak tagjak\u00e9nt ismert Ioana Cheregi M\u00e1ria szerep\u00e9ben t\u00fcnd\u00f6k\u00f6l. A sz\u00edn\u00e9szn\u0151, akit Amalia Judea jelmezei vil\u00e1g\u00edtanak meg, agyonveszi a librett\u00f3 t\u00fals\u00e1gosan emo-s r\u00e9szeit, \u00e9s pontosan v\u00e1ltogatja azokat a pillanatokat, amikor uralja a sz\u00ednpadot, \u00e9s azokat, amikor a h\u00e1tt\u00e9rben marad. <\/p>\n\n\n\n<p class=\"wp-block-paragraph\">A m\u00e1sik nagyszer\u0171 n\u0151i szerepet az adja, hogy <a href=\"https:\/\/www.teatrulreginamaria.ro\/hu\/b-kategorias-istennok\/\" title=\"\">A-oszt\u00e1ly\u00fa istenn\u0151<\/a> Ioana Drago\u0219 Gajd\u00f3, akinek a Madame Foyer c\u00edm\u0171 darabja energi\u00e1j\u00e1val, g\u00e1tl\u00e1stalans\u00e1g\u00e1val \u00e9s humor\u00e1val \u00e1mulatba ejt. Mellette Georgia C\u0103pr\u0103rin l\u00e1that\u00f3, aki el\u00e9rz\u00e9keny\u00fcl a Jacky nev\u0171 gyerekkel v\u00edvott jelenetekben, \u00e9s hangos nevet\u00e9st v\u00e1lt ki Ted n\u00e9gy vicces bolondj\u00e1val val\u00f3 interakci\u00f3iban. <\/p>\n\n\n\n<p class=\"wp-block-paragraph\">Daniel Vulcu a producer, rendez\u0151 \u00e9s forgat\u00f3k\u00f6nyv\u00edr\u00f3, Charlie Chaplin (a val\u00f3 \u00e9letb\u0151l) \u00e9s a csavarg\u00f3 Charlie Chaplin (a kital\u00e1lt \u00e9letb\u0151l). A feh\u00e9r \u00f6lt\u00f6ny az\u00e9, aki a n\u00e9ma Hollywood egyik mogulja, a fekete \u00f6lt\u00f6ny pedig az\u00e9, aki t\u00f6bb mint 100 \u00e9vvel k\u00e9s\u0151bb is legenda, b\u00e1lv\u00e1ny, nagy szt\u00e1r marad. Elk\u00e9peszt\u0151, hogy feln\u0151ttek \u00e9s gyerekek egyar\u00e1nt 2024-ben m\u00e9g mindig hangosan nevetnek Charlot po\u00e9njainak l\u00e1tt\u00e1n. A leger\u0151sebb pillanataiban...<strong> K\u00f6ly\u00f6k<\/strong> A nagyv\u00e1radi Daniel Vulcu testes\u00edti meg ezt a n\u00e9mafilmekb\u0151l ismert karaktert. A reflektorok j\u00e1t\u00e9ka visszaadja az \u00f3kori film fekete-feh\u00e9r \u00e9s im\u00e1dnival\u00f3 t\u00f6k\u00e9letlens\u00e9geit, \u00e9s Vulcu \u2013 akit leggyakrabban Luca Bran, de m\u00e1s szerepl\u0151k is t\u00e1mogatnak \u2013 mimikri \u00e9s kifog\u00e1stalanul koreograf\u00e1lt gesztusok seg\u00edts\u00e9g\u00e9vel n\u00e9h\u00e1ny m\u00e9terrel arr\u00e9bb visz minket Chaplint\u0151l. Tiszta prousti madeleine ahhoz, ami ma m\u00e1r gyermekkor! <\/p>\n\n\n\n<p class=\"wp-block-paragraph\">A profi t\u00e1nckar tagjai Alexandra Gyerman, No\u00e9mi-Csilla Sztankovits, Vanessa, Etien Dobo\u0219, Kocsis M\u00e1rk \u00e9s Szil\u00e1gyi Patrik. A nagy jelenetekben a sz\u00edn\u00e9szek egy\u00fcttese csatlakozik hozz\u00e1juk. Topol\u00e1nszky Tam\u00e1s koreogr\u00e1fi\u00e1ja m\u00e9lt\u00f3k\u00e9ppen kieg\u00e9sz\u00edti a zenei al\u00e1fest\u00e9st, megadva az el\u0151ad\u00e1snak azt a nagyszer\u0171s\u00e9get, amely minden klasszikus szab\u00e1lyok szerint k\u00e9sz\u00fclt musicalhez hozz\u00e1tartozik. Ezekhez a szab\u00e1lyokhoz tartozik az \u00e9rzelmekkel, tanuls\u00e1gokkal \u00e9s lehet\u0151leg humorral teli t\u00f6rt\u00e9net, az eml\u00e9kezetes jelmezek, a v\u00e1ltozatos \u00e9s \u00f6tletesen sz\u00ednezett f\u00e9nyek, a karizmatikus \u00e9s eml\u00e9kezetes el\u0151ad\u00f3k. <\/p>\n\n\n\n<p class=\"wp-block-paragraph\"><strong>K\u00f6ly\u00f6k<\/strong> Mindezeket \u00f6tv\u00f6zi, ugyanakkor k\u00e9pes elm\u00e9lked\u0151 gondolatokat vetni azok vil\u00e1g\u00e1ba is, akik val\u00f3sz\u00edn\u0171leg soha nem jutnak el egy musical vagy sz\u00ednh\u00e1zi el\u0151ad\u00e1s k\u00f6z\u00f6ns\u00e9g\u00e9hez. A rem\u00e9ny, hogy a n\u00e9z\u0151k gondolatai legal\u00e1bb egy pillanatra meg\u00e1llnak, \u00e9s a szerencs\u00e9tlenek univerzum\u00e1ban tal\u00e1lj\u00e1k magukat, egy\u00fctt j\u00e1r azzal az \u00f6r\u00f6mmel, hogy egy nagyon szil\u00e1rd \u00e9s \u00f6sszetett el\u0151ad\u00e1st n\u00e9zhetnek \u00e9s tapsolhatnak a nagyk\u00f6z\u00f6ns\u00e9gnek. <\/p>\n\n\n\n<p class=\"wp-block-paragraph\"><\/p>","protected":false},"excerpt":{"rendered":"<p>Text preluat de pe LiterNet.ro \/ autor: Mihai Brezeanu Dup\u0103 un \u00eenceput \u00een for\u021b\u0103 cu proasp\u0103t laureatul UNITER 2024 Cine l-a ucis pe tata? al Teatrului Metropolis (premiul pentru cea mai bun\u0103 regie acordat lui Andrei M\u0103jeri), a 9-a edi\u021bie a Festivalului Interna\u021bional de Teatru Oradea (FITO) a programat, \u00een ziua a doua (2 iunie [&hellip;]<\/p>\n","protected":false},"author":1,"featured_media":0,"comment_status":"closed","ping_status":"closed","sticky":false,"template":"","format":"standard","meta":{"_acf_changed":false,"footnotes":""},"categories":[213],"tags":[],"class_list":["post-13182","post","type-post","status-publish","format-standard","hentry","category-aparitii-media"],"aioseo_notices":[],"aioseo_head":"\n\t\t<!-- All in One SEO Pro 5.0.1.1 - aioseo.com -->\n\t<meta name=\"description\" content=\"Text preluat de pe LiterNet.ro \/ autor: Mihai Brezeanu Dup\u0103 un \u00eenceput \u00een for\u021b\u0103 cu proasp\u0103t laureatul UNITER 2024 Cine l-a ucis pe tata? al Teatrului Metropolis (premiul pentru cea mai bun\u0103 regie acordat lui Andrei M\u0103jeri), a 9-a edi\u021bie a Festivalului Interna\u021bional de Teatru Oradea (FITO) a programat, \u00een ziua a doua (2 iunie\" \/>\n\t<meta name=\"robots\" content=\"max-image-preview:large\" \/>\n\t<meta name=\"author\" content=\"Teatrul Regina Maria\"\/>\n\t<link rel=\"canonical\" href=\"https:\/\/www.teatrulreginamaria.ro\/hu\/piciul-pustiul-de-langa-noi-fito-2024\/\" \/>\n\t<meta name=\"generator\" content=\"All in One SEO Pro (AIOSEO) 5.0.1.1\" \/>\n\t\t<meta property=\"og:locale\" content=\"hu_HU\" \/>\n\t\t<meta property=\"og:site_name\" content=\"Teatrul Regina Maria Oradea - Trupa Iosif Vulcan \u0219i Trupa Arcadia\" \/>\n\t\t<meta property=\"og:type\" content=\"article\" \/>\n\t\t<meta property=\"og:title\" content=\"PICIUL \u2013 Pu\u0219tiul de l\u00e2ng\u0103 noi (FITO 2024) - Teatrul Regina Maria Oradea\" \/>\n\t\t<meta property=\"og:description\" content=\"Text preluat de pe LiterNet.ro \/ autor: Mihai Brezeanu Dup\u0103 un \u00eenceput \u00een for\u021b\u0103 cu proasp\u0103t laureatul UNITER 2024 Cine l-a ucis pe tata? al Teatrului Metropolis (premiul pentru cea mai bun\u0103 regie acordat lui Andrei M\u0103jeri), a 9-a edi\u021bie a Festivalului Interna\u021bional de Teatru Oradea (FITO) a programat, \u00een ziua a doua (2 iunie\" \/>\n\t\t<meta property=\"og:url\" content=\"https:\/\/www.teatrulreginamaria.ro\/hu\/piciul-pustiul-de-langa-noi-fito-2024\/\" \/>\n\t\t<meta property=\"og:image\" content=\"https:\/\/www.teatrulreginamaria.ro\/wp-content\/uploads\/2025\/03\/trm-istoric-01.jpg\" \/>\n\t\t<meta property=\"og:image:secure_url\" content=\"https:\/\/www.teatrulreginamaria.ro\/wp-content\/uploads\/2025\/03\/trm-istoric-01.jpg\" \/>\n\t\t<meta property=\"og:image:width\" content=\"1200\" \/>\n\t\t<meta property=\"og:image:height\" content=\"800\" \/>\n\t\t<meta property=\"article:published_time\" content=\"2024-06-03T12:00:00+00:00\" \/>\n\t\t<meta property=\"article:modified_time\" content=\"2025-04-22T09:18:50+00:00\" \/>\n\t\t<meta property=\"article:publisher\" content=\"https:\/\/www.facebook.com\/TRMTrupaIosifVulcan\/\" \/>\n\t\t<meta name=\"twitter:card\" content=\"summary_large_image\" \/>\n\t\t<meta name=\"twitter:site\" content=\"@TRMOradea\" \/>\n\t\t<meta name=\"twitter:title\" content=\"PICIUL \u2013 Pu\u0219tiul de l\u00e2ng\u0103 noi (FITO 2024) - Teatrul Regina Maria Oradea\" \/>\n\t\t<meta name=\"twitter:description\" content=\"Text preluat de pe LiterNet.ro \/ autor: Mihai Brezeanu Dup\u0103 un \u00eenceput \u00een for\u021b\u0103 cu proasp\u0103t laureatul UNITER 2024 Cine l-a ucis pe tata? al Teatrului Metropolis (premiul pentru cea mai bun\u0103 regie acordat lui Andrei M\u0103jeri), a 9-a edi\u021bie a Festivalului Interna\u021bional de Teatru Oradea (FITO) a programat, \u00een ziua a doua (2 iunie\" \/>\n\t\t<meta name=\"twitter:creator\" content=\"@TRMOradea\" \/>\n\t\t<meta name=\"twitter:image\" content=\"https:\/\/www.teatrulreginamaria.ro\/wp-content\/uploads\/2025\/03\/trm-istoric-01.jpg\" \/>\n\t\t<script type=\"application\/ld+json\" class=\"aioseo-schema\">\n\t\t\t{\"@context\":\"https:\\\/\\\/schema.org\",\"@graph\":[{\"@type\":\"BlogPosting\",\"@id\":\"https:\\\/\\\/www.teatrulreginamaria.ro\\\/hu\\\/piciul-pustiul-de-langa-noi-fito-2024\\\/#blogposting\",\"name\":\"PICIUL \\u2013 Pu\\u0219tiul de l\\u00e2ng\\u0103 noi (FITO 2024) - Teatrul Regina Maria Oradea\",\"headline\":\"PICIUL &#8211; Pu\\u0219tiul de l\\u00e2ng\\u0103 noi (FITO 2024)\",\"author\":{\"@id\":\"https:\\\/\\\/www.teatrulreginamaria.ro\\\/hu\\\/author\\\/iulianm\\\/#author\"},\"publisher\":{\"@id\":\"https:\\\/\\\/www.teatrulreginamaria.ro\\\/hu\\\/#organization\"},\"image\":{\"@type\":\"ImageObject\",\"url\":\"https:\\\/\\\/www.teatrulreginamaria.ro\\\/wp-content\\\/uploads\\\/2025\\\/06\\\/logo-trm-01-dark.png\",\"@id\":\"https:\\\/\\\/www.teatrulreginamaria.ro\\\/hu\\\/#articleImage\",\"width\":300,\"height\":148},\"datePublished\":\"2024-06-03T15:00:00+03:00\",\"dateModified\":\"2025-04-22T12:18:50+03:00\",\"inLanguage\":\"hu-HU\",\"mainEntityOfPage\":{\"@id\":\"https:\\\/\\\/www.teatrulreginamaria.ro\\\/hu\\\/piciul-pustiul-de-langa-noi-fito-2024\\\/#webpage\"},\"isPartOf\":{\"@id\":\"https:\\\/\\\/www.teatrulreginamaria.ro\\\/hu\\\/piciul-pustiul-de-langa-noi-fito-2024\\\/#webpage\"},\"articleSection\":\"Apari\\u021bii media\"},{\"@type\":\"BreadcrumbList\",\"@id\":\"https:\\\/\\\/www.teatrulreginamaria.ro\\\/hu\\\/piciul-pustiul-de-langa-noi-fito-2024\\\/#breadcrumblist\",\"itemListElement\":[{\"@type\":\"ListItem\",\"@id\":\"https:\\\/\\\/www.teatrulreginamaria.ro\\\/hu#listItem\",\"position\":1,\"name\":\"Home\",\"item\":\"https:\\\/\\\/www.teatrulreginamaria.ro\\\/hu\",\"nextItem\":{\"@type\":\"ListItem\",\"@id\":\"https:\\\/\\\/www.teatrulreginamaria.ro\\\/hu\\\/categorie\\\/aparitii-media\\\/#listItem\",\"name\":\"Apari\\u021bii media\"}},{\"@type\":\"ListItem\",\"@id\":\"https:\\\/\\\/www.teatrulreginamaria.ro\\\/hu\\\/categorie\\\/aparitii-media\\\/#listItem\",\"position\":2,\"name\":\"Apari\\u021bii media\",\"item\":\"https:\\\/\\\/www.teatrulreginamaria.ro\\\/hu\\\/categorie\\\/aparitii-media\\\/\",\"nextItem\":{\"@type\":\"ListItem\",\"@id\":\"https:\\\/\\\/www.teatrulreginamaria.ro\\\/hu\\\/piciul-pustiul-de-langa-noi-fito-2024\\\/#listItem\",\"name\":\"PICIUL &#8211; Pu\\u0219tiul de l\\u00e2ng\\u0103 noi (FITO 2024)\"},\"previousItem\":{\"@type\":\"ListItem\",\"@id\":\"https:\\\/\\\/www.teatrulreginamaria.ro\\\/hu#listItem\",\"name\":\"Home\"}},{\"@type\":\"ListItem\",\"@id\":\"https:\\\/\\\/www.teatrulreginamaria.ro\\\/hu\\\/piciul-pustiul-de-langa-noi-fito-2024\\\/#listItem\",\"position\":3,\"name\":\"PICIUL &#8211; Pu\\u0219tiul de l\\u00e2ng\\u0103 noi (FITO 2024)\",\"previousItem\":{\"@type\":\"ListItem\",\"@id\":\"https:\\\/\\\/www.teatrulreginamaria.ro\\\/hu\\\/categorie\\\/aparitii-media\\\/#listItem\",\"name\":\"Apari\\u021bii media\"}}]},{\"@type\":\"Organization\",\"@id\":\"https:\\\/\\\/www.teatrulreginamaria.ro\\\/hu\\\/#organization\",\"name\":\"Teatrul Regina Maria Oradea\",\"description\":\"Trupa Iosif Vulcan \\u0219i Trupa Arcadia\",\"url\":\"https:\\\/\\\/www.teatrulreginamaria.ro\\\/hu\\\/\",\"email\":\"marketing@teatrulreginamaria.ro\",\"telephone\":\"+40359411534\",\"numberOfEmployees\":{\"@type\":\"QuantitativeValue\",\"minValue\":0,\"maxValue\":150},\"logo\":{\"@type\":\"ImageObject\",\"url\":\"https:\\\/\\\/www.teatrulreginamaria.ro\\\/wp-content\\\/uploads\\\/2025\\\/06\\\/logo-trm-01-dark.png\",\"@id\":\"https:\\\/\\\/www.teatrulreginamaria.ro\\\/hu\\\/piciul-pustiul-de-langa-noi-fito-2024\\\/#organizationLogo\",\"width\":300,\"height\":148},\"image\":{\"@id\":\"https:\\\/\\\/www.teatrulreginamaria.ro\\\/hu\\\/piciul-pustiul-de-langa-noi-fito-2024\\\/#organizationLogo\"},\"sameAs\":[\"https:\\\/\\\/www.facebook.com\\\/TRMTrupaIosifVulcan\\\/\",\"https:\\\/\\\/x.com\\\/TRMOradea\",\"https:\\\/\\\/www.instagram.com\\\/teatrul_regina_maria\\\/\",\"https:\\\/\\\/www.youtube.com\\\/c\\\/TeatrulReginaMariaOradea\",\"https:\\\/\\\/www.linkedin.com\\\/company\\\/teatrul-regina-maria\"]},{\"@type\":\"Person\",\"@id\":\"https:\\\/\\\/www.teatrulreginamaria.ro\\\/hu\\\/author\\\/iulianm\\\/#author\",\"url\":\"https:\\\/\\\/www.teatrulreginamaria.ro\\\/hu\\\/author\\\/iulianm\\\/\",\"name\":\"Teatrul Regina Maria\",\"image\":{\"@type\":\"ImageObject\",\"@id\":\"https:\\\/\\\/www.teatrulreginamaria.ro\\\/hu\\\/piciul-pustiul-de-langa-noi-fito-2024\\\/#authorImage\",\"url\":\"https:\\\/\\\/secure.gravatar.com\\\/avatar\\\/49af75bc1b3eb710073d2f37927ea27e6c274a29562ef49edfc6bcf11b9e941d?s=96&d=mm&r=g\",\"width\":96,\"height\":96,\"caption\":\"Teatrul Regina Maria\"}},{\"@type\":\"WebPage\",\"@id\":\"https:\\\/\\\/www.teatrulreginamaria.ro\\\/hu\\\/piciul-pustiul-de-langa-noi-fito-2024\\\/#webpage\",\"url\":\"https:\\\/\\\/www.teatrulreginamaria.ro\\\/hu\\\/piciul-pustiul-de-langa-noi-fito-2024\\\/\",\"name\":\"PICIUL \\u2013 Pu\\u0219tiul de l\\u00e2ng\\u0103 noi (FITO 2024) - Teatrul Regina Maria Oradea\",\"description\":\"Text preluat de pe LiterNet.ro \\\/ autor: Mihai Brezeanu Dup\\u0103 un \\u00eenceput \\u00een for\\u021b\\u0103 cu proasp\\u0103t laureatul UNITER 2024 Cine l-a ucis pe tata? al Teatrului Metropolis (premiul pentru cea mai bun\\u0103 regie acordat lui Andrei M\\u0103jeri), a 9-a edi\\u021bie a Festivalului Interna\\u021bional de Teatru Oradea (FITO) a programat, \\u00een ziua a doua (2 iunie\",\"inLanguage\":\"hu-HU\",\"isPartOf\":{\"@id\":\"https:\\\/\\\/www.teatrulreginamaria.ro\\\/hu\\\/#website\"},\"breadcrumb\":{\"@id\":\"https:\\\/\\\/www.teatrulreginamaria.ro\\\/hu\\\/piciul-pustiul-de-langa-noi-fito-2024\\\/#breadcrumblist\"},\"author\":{\"@id\":\"https:\\\/\\\/www.teatrulreginamaria.ro\\\/hu\\\/author\\\/iulianm\\\/#author\"},\"creator\":{\"@id\":\"https:\\\/\\\/www.teatrulreginamaria.ro\\\/hu\\\/author\\\/iulianm\\\/#author\"},\"datePublished\":\"2024-06-03T15:00:00+03:00\",\"dateModified\":\"2025-04-22T12:18:50+03:00\"},{\"@type\":\"WebSite\",\"@id\":\"https:\\\/\\\/www.teatrulreginamaria.ro\\\/hu\\\/#website\",\"url\":\"https:\\\/\\\/www.teatrulreginamaria.ro\\\/hu\\\/\",\"name\":\"Teatrul Regina Maria Oradea\",\"alternateName\":\"TRM Oradea\",\"description\":\"Trupa Iosif Vulcan \\u0219i Trupa Arcadia\",\"inLanguage\":\"hu-HU\",\"publisher\":{\"@id\":\"https:\\\/\\\/www.teatrulreginamaria.ro\\\/hu\\\/#organization\"}}]}\n\t\t<\/script>\n\t\t<!-- All in One SEO Pro -->\r\n\t\t<title>PICIUL \u2013 Pu\u0219tiul de l\u00e2ng\u0103 noi (FITO 2024) - Teatrul Regina Maria Oradea<\/title>\n\n","aioseo_head_json":{"title":"PICIUL \u2013 A szomsz\u00e9d gyerek (FITO 2024) \u2013 Nagyv\u00e1radi Regina Maria Sz\u00ednh\u00e1z","description":"Sz\u00f6veg forr\u00e1sa: LiterNet.ro \/ szerz\u0151: Mihai Brezeanu Miut\u00e1n a Metropolis Sz\u00ednh\u00e1z nemr\u00e9giben elnyert UNITER 2024-es Ki \u00f6lte meg az ap\u00e1mat? c\u00edm\u0171 darabj\u00e1val er\u0151sen kezdett (a legjobb rendez\u00e9s\u00e9rt j\u00e1r\u00f3 d\u00edjat Andrei M\u0103jeri kapta), a Nagyv\u00e1radi Nemzetk\u00f6zi Sz\u00ednh\u00e1zi Fesztiv\u00e1l (FITO) 9. kiad\u00e1sa a m\u00e1sodik napon (j\u00fanius 2-\u00e1n) ker\u00fcl megrendez\u00e9sre.","canonical_url":"https:\/\/www.teatrulreginamaria.ro\/hu\/piciul-pustiul-de-langa-noi-fito-2024\/","robots":"max-image-preview:large","keywords":"","webmasterTools":{"miscellaneous":""},"schema":{"@context":"https:\/\/schema.org","@graph":[{"@type":"BlogPosting","@id":"https:\/\/www.teatrulreginamaria.ro\/hu\/piciul-pustiul-de-langa-noi-fito-2024\/#blogposting","name":"PICIUL \u2013 Pu\u0219tiul de l\u00e2ng\u0103 noi (FITO 2024) - Teatrul Regina Maria Oradea","headline":"PICIUL &#8211; Pu\u0219tiul de l\u00e2ng\u0103 noi (FITO 2024)","author":{"@id":"https:\/\/www.teatrulreginamaria.ro\/hu\/author\/iulianm\/#author"},"publisher":{"@id":"https:\/\/www.teatrulreginamaria.ro\/hu\/#organization"},"image":{"@type":"ImageObject","url":"https:\/\/www.teatrulreginamaria.ro\/wp-content\/uploads\/2025\/06\/logo-trm-01-dark.png","@id":"https:\/\/www.teatrulreginamaria.ro\/hu\/#articleImage","width":300,"height":148},"datePublished":"2024-06-03T15:00:00+03:00","dateModified":"2025-04-22T12:18:50+03:00","inLanguage":"hu-HU","mainEntityOfPage":{"@id":"https:\/\/www.teatrulreginamaria.ro\/hu\/piciul-pustiul-de-langa-noi-fito-2024\/#webpage"},"isPartOf":{"@id":"https:\/\/www.teatrulreginamaria.ro\/hu\/piciul-pustiul-de-langa-noi-fito-2024\/#webpage"},"articleSection":"Apari\u021bii media"},{"@type":"BreadcrumbList","@id":"https:\/\/www.teatrulreginamaria.ro\/hu\/piciul-pustiul-de-langa-noi-fito-2024\/#breadcrumblist","itemListElement":[{"@type":"ListItem","@id":"https:\/\/www.teatrulreginamaria.ro\/hu#listItem","position":1,"name":"Home","item":"https:\/\/www.teatrulreginamaria.ro\/hu","nextItem":{"@type":"ListItem","@id":"https:\/\/www.teatrulreginamaria.ro\/hu\/categorie\/aparitii-media\/#listItem","name":"Apari\u021bii media"}},{"@type":"ListItem","@id":"https:\/\/www.teatrulreginamaria.ro\/hu\/categorie\/aparitii-media\/#listItem","position":2,"name":"Apari\u021bii media","item":"https:\/\/www.teatrulreginamaria.ro\/hu\/categorie\/aparitii-media\/","nextItem":{"@type":"ListItem","@id":"https:\/\/www.teatrulreginamaria.ro\/hu\/piciul-pustiul-de-langa-noi-fito-2024\/#listItem","name":"PICIUL &#8211; Pu\u0219tiul de l\u00e2ng\u0103 noi (FITO 2024)"},"previousItem":{"@type":"ListItem","@id":"https:\/\/www.teatrulreginamaria.ro\/hu#listItem","name":"Home"}},{"@type":"ListItem","@id":"https:\/\/www.teatrulreginamaria.ro\/hu\/piciul-pustiul-de-langa-noi-fito-2024\/#listItem","position":3,"name":"PICIUL &#8211; Pu\u0219tiul de l\u00e2ng\u0103 noi (FITO 2024)","previousItem":{"@type":"ListItem","@id":"https:\/\/www.teatrulreginamaria.ro\/hu\/categorie\/aparitii-media\/#listItem","name":"Apari\u021bii media"}}]},{"@type":"Organization","@id":"https:\/\/www.teatrulreginamaria.ro\/hu\/#organization","name":"Teatrul Regina Maria Oradea","description":"Trupa Iosif Vulcan \u0219i Trupa Arcadia","url":"https:\/\/www.teatrulreginamaria.ro\/hu\/","email":"marketing@teatrulreginamaria.ro","telephone":"+40359411534","numberOfEmployees":{"@type":"QuantitativeValue","minValue":0,"maxValue":150},"logo":{"@type":"ImageObject","url":"https:\/\/www.teatrulreginamaria.ro\/wp-content\/uploads\/2025\/06\/logo-trm-01-dark.png","@id":"https:\/\/www.teatrulreginamaria.ro\/hu\/piciul-pustiul-de-langa-noi-fito-2024\/#organizationLogo","width":300,"height":148},"image":{"@id":"https:\/\/www.teatrulreginamaria.ro\/hu\/piciul-pustiul-de-langa-noi-fito-2024\/#organizationLogo"},"sameAs":["https:\/\/www.facebook.com\/TRMTrupaIosifVulcan\/","https:\/\/x.com\/TRMOradea","https:\/\/www.instagram.com\/teatrul_regina_maria\/","https:\/\/www.youtube.com\/c\/TeatrulReginaMariaOradea","https:\/\/www.linkedin.com\/company\/teatrul-regina-maria"]},{"@type":"Person","@id":"https:\/\/www.teatrulreginamaria.ro\/hu\/author\/iulianm\/#author","url":"https:\/\/www.teatrulreginamaria.ro\/hu\/author\/iulianm\/","name":"Teatrul Regina Maria","image":{"@type":"ImageObject","@id":"https:\/\/www.teatrulreginamaria.ro\/hu\/piciul-pustiul-de-langa-noi-fito-2024\/#authorImage","url":"https:\/\/secure.gravatar.com\/avatar\/49af75bc1b3eb710073d2f37927ea27e6c274a29562ef49edfc6bcf11b9e941d?s=96&d=mm&r=g","width":96,"height":96,"caption":"Teatrul Regina Maria"}},{"@type":"WebPage","@id":"https:\/\/www.teatrulreginamaria.ro\/hu\/piciul-pustiul-de-langa-noi-fito-2024\/#webpage","url":"https:\/\/www.teatrulreginamaria.ro\/hu\/piciul-pustiul-de-langa-noi-fito-2024\/","name":"PICIUL \u2013 Pu\u0219tiul de l\u00e2ng\u0103 noi (FITO 2024) - Teatrul Regina Maria Oradea","description":"Text preluat de pe LiterNet.ro \/ autor: Mihai Brezeanu Dup\u0103 un \u00eenceput \u00een for\u021b\u0103 cu proasp\u0103t laureatul UNITER 2024 Cine l-a ucis pe tata? al Teatrului Metropolis (premiul pentru cea mai bun\u0103 regie acordat lui Andrei M\u0103jeri), a 9-a edi\u021bie a Festivalului Interna\u021bional de Teatru Oradea (FITO) a programat, \u00een ziua a doua (2 iunie","inLanguage":"hu-HU","isPartOf":{"@id":"https:\/\/www.teatrulreginamaria.ro\/hu\/#website"},"breadcrumb":{"@id":"https:\/\/www.teatrulreginamaria.ro\/hu\/piciul-pustiul-de-langa-noi-fito-2024\/#breadcrumblist"},"author":{"@id":"https:\/\/www.teatrulreginamaria.ro\/hu\/author\/iulianm\/#author"},"creator":{"@id":"https:\/\/www.teatrulreginamaria.ro\/hu\/author\/iulianm\/#author"},"datePublished":"2024-06-03T15:00:00+03:00","dateModified":"2025-04-22T12:18:50+03:00"},{"@type":"WebSite","@id":"https:\/\/www.teatrulreginamaria.ro\/hu\/#website","url":"https:\/\/www.teatrulreginamaria.ro\/hu\/","name":"Teatrul Regina Maria Oradea","alternateName":"TRM Oradea","description":"Trupa Iosif Vulcan \u0219i Trupa Arcadia","inLanguage":"hu-HU","publisher":{"@id":"https:\/\/www.teatrulreginamaria.ro\/hu\/#organization"}}]},"og:locale":"hu_HU","og:site_name":"Teatrul Regina Maria Oradea - Trupa Iosif Vulcan \u0219i Trupa Arcadia","og:type":"article","og:title":"PICIUL \u2013 Pu\u0219tiul de l\u00e2ng\u0103 noi (FITO 2024) - Teatrul Regina Maria Oradea","og:description":"Text preluat de pe LiterNet.ro \/ autor: Mihai Brezeanu Dup\u0103 un \u00eenceput \u00een for\u021b\u0103 cu proasp\u0103t laureatul UNITER 2024 Cine l-a ucis pe tata? al Teatrului Metropolis (premiul pentru cea mai bun\u0103 regie acordat lui Andrei M\u0103jeri), a 9-a edi\u021bie a Festivalului Interna\u021bional de Teatru Oradea (FITO) a programat, \u00een ziua a doua (2 iunie","og:url":"https:\/\/www.teatrulreginamaria.ro\/hu\/piciul-pustiul-de-langa-noi-fito-2024\/","og:image":"https:\/\/www.teatrulreginamaria.ro\/wp-content\/uploads\/2025\/03\/trm-istoric-01.jpg","og:image:secure_url":"https:\/\/www.teatrulreginamaria.ro\/wp-content\/uploads\/2025\/03\/trm-istoric-01.jpg","og:image:width":1200,"og:image:height":800,"article:published_time":"2024-06-03T12:00:00+00:00","article:modified_time":"2025-04-22T09:18:50+00:00","article:publisher":"https:\/\/www.facebook.com\/TRMTrupaIosifVulcan\/","twitter:card":"summary_large_image","twitter:site":"@TRMOradea","twitter:title":"PICIUL \u2013 Pu\u0219tiul de l\u00e2ng\u0103 noi (FITO 2024) - Teatrul Regina Maria Oradea","twitter:description":"Text preluat de pe LiterNet.ro \/ autor: Mihai Brezeanu Dup\u0103 un \u00eenceput \u00een for\u021b\u0103 cu proasp\u0103t laureatul UNITER 2024 Cine l-a ucis pe tata? al Teatrului Metropolis (premiul pentru cea mai bun\u0103 regie acordat lui Andrei M\u0103jeri), a 9-a edi\u021bie a Festivalului Interna\u021bional de Teatru Oradea (FITO) a programat, \u00een ziua a doua (2 iunie","twitter:creator":"@TRMOradea","twitter:image":"https:\/\/www.teatrulreginamaria.ro\/wp-content\/uploads\/2025\/03\/trm-istoric-01.jpg"},"aioseo_meta_data":{"post_id":"13182","title":null,"description":null,"keywords":null,"keyphrases":{"focus":{"keyphrase":"","score":0,"analysis":{"keyphraseInTitle":{"score":0,"maxScore":9,"error":1}}},"additional":[]},"primary_term":null,"canonical_url":null,"og_title":null,"og_description":null,"og_object_type":"default","og_image_type":"default","og_image_url":null,"og_image_width":null,"og_image_height":null,"og_image_custom_url":null,"og_image_custom_fields":null,"og_video":"","og_custom_url":null,"og_article_section":null,"og_article_tags":null,"twitter_use_og":false,"twitter_card":"default","twitter_image_type":"default","twitter_image_url":null,"twitter_image_custom_url":null,"twitter_image_custom_fields":null,"twitter_title":null,"twitter_description":null,"schema":{"blockGraphs":[],"customGraphs":[],"default":{"data":{"Article":[],"Course":[],"Dataset":[],"FAQPage":[],"Movie":[],"Person":[],"Product":[],"ProductReview":[],"Car":[],"Recipe":[],"Service":[],"SoftwareApplication":[],"WebPage":[]},"graphName":"BlogPosting","isEnabled":true},"graphs":[]},"schema_type":"default","schema_type_options":null,"pillar_content":false,"robots_default":true,"robots_noindex":false,"robots_noarchive":false,"robots_nosnippet":false,"robots_nofollow":false,"robots_noimageindex":false,"robots_noodp":false,"robots_notranslate":false,"robots_max_snippet":"-1","robots_max_videopreview":"-1","robots_max_imagepreview":"large","priority":null,"frequency":"default","local_seo":null,"seo_analyzer_scan_date":"2026-05-13 03:28:41","breadcrumb_settings":null,"limit_modified_date":false,"reviewed_by":null,"open_ai":"{\"title\":{\"suggestions\":[],\"usage\":0},\"description\":{\"suggestions\":[],\"usage\":0}}","ai":null,"created":"2025-04-22 09:17:18","updated":"2026-05-13 03:28:41","focus_keyword":null,"additional_keywords":null,"truseo_locale":null},"aioseo_breadcrumb":"<div class=\"aioseo-breadcrumbs\"><span class=\"aioseo-breadcrumb\">\n\t<a href=\"https:\/\/www.teatrulreginamaria.ro\/hu\" title=\"Home\">Home<\/a>\n<\/span><span class=\"aioseo-breadcrumb-separator\">&raquo;<\/span><span class=\"aioseo-breadcrumb\">\n\t<a href=\"https:\/\/www.teatrulreginamaria.ro\/hu\/categorie\/aparitii-media\/\" title=\"Apari\u021bii media\">Apari\u021bii media<\/a>\n<\/span><span class=\"aioseo-breadcrumb-separator\">&raquo;<\/span><span class=\"aioseo-breadcrumb\">\n\tPICIUL \u2013 Pu\u0219tiul de l\u00e2ng\u0103 noi (FITO 2024)\n<\/span><\/div>","aioseo_breadcrumb_json":[{"label":"Home","link":"https:\/\/www.teatrulreginamaria.ro\/hu"},{"label":"Apari\u021bii media","link":"https:\/\/www.teatrulreginamaria.ro\/hu\/categorie\/aparitii-media\/"},{"label":"PICIUL &#8211; Pu\u0219tiul de l\u00e2ng\u0103 noi (FITO 2024)","link":"https:\/\/www.teatrulreginamaria.ro\/hu\/piciul-pustiul-de-langa-noi-fito-2024\/"}],"acf":[],"_links":{"self":[{"href":"https:\/\/www.teatrulreginamaria.ro\/hu\/wp-json\/wp\/v2\/posts\/13182","targetHints":{"allow":["GET"]}}],"collection":[{"href":"https:\/\/www.teatrulreginamaria.ro\/hu\/wp-json\/wp\/v2\/posts"}],"about":[{"href":"https:\/\/www.teatrulreginamaria.ro\/hu\/wp-json\/wp\/v2\/types\/post"}],"author":[{"embeddable":true,"href":"https:\/\/www.teatrulreginamaria.ro\/hu\/wp-json\/wp\/v2\/users\/1"}],"replies":[{"embeddable":true,"href":"https:\/\/www.teatrulreginamaria.ro\/hu\/wp-json\/wp\/v2\/comments?post=13182"}],"version-history":[{"count":2,"href":"https:\/\/www.teatrulreginamaria.ro\/hu\/wp-json\/wp\/v2\/posts\/13182\/revisions"}],"predecessor-version":[{"id":13187,"href":"https:\/\/www.teatrulreginamaria.ro\/hu\/wp-json\/wp\/v2\/posts\/13182\/revisions\/13187"}],"wp:attachment":[{"href":"https:\/\/www.teatrulreginamaria.ro\/hu\/wp-json\/wp\/v2\/media?parent=13182"}],"wp:term":[{"taxonomy":"category","embeddable":true,"href":"https:\/\/www.teatrulreginamaria.ro\/hu\/wp-json\/wp\/v2\/categories?post=13182"},{"taxonomy":"post_tag","embeddable":true,"href":"https:\/\/www.teatrulreginamaria.ro\/hu\/wp-json\/wp\/v2\/tags?post=13182"}],"curies":[{"name":"munkaf\u00fczet","href":"https:\/\/api.w.org\/{rel}","templated":true}]}}