{"id":1319,"date":"2018-06-18T08:41:54","date_gmt":"2018-06-18T08:41:54","guid":{"rendered":"https:\/\/teatrulreginamaria.ro\/2018\/06\/18\/deplasari-si-festivaluri-la-final-de-stagiune-2018\/"},"modified":"2018-06-18T08:41:54","modified_gmt":"2018-06-18T08:41:54","slug":"kirandulasok-es-fesztivalok-a-2018-as-szezon-vegen","status":"publish","type":"post","link":"https:\/\/www.teatrulreginamaria.ro\/hu\/deplasari-si-festivaluri-la-final-de-stagiune-2018\/","title":{"rendered":"Szezon v\u00e9gi kir\u00e1ndul\u00e1sok \u00e9s fesztiv\u00e1lok_2018"},"content":{"rendered":"<p style=\"text-align: justify;\">A nagyv\u00e1radi Regina Maria Sz\u00ednh\u00e1z 2017-2018-as \u00e9vada a v\u00e9g\u00e9hez k\u00f6zeledik. Egy rendk\u00edv\u00fcli esem\u00e9nyekkel teli sz\u00ednh\u00e1zi \u00e9v volt, amelyben er\u0151s \u00e9s felemel\u0151 \u00e9rzelmeket \u00e9lt\u00fcnk \u00e1t csod\u00e1latos k\u00f6z\u00f6ns\u00e9g\u00fcnkkel egy\u00fctt, akiknek teljes sz\u00edv\u00fcnkb\u0151l szeretn\u00e9nk k\u00f6sz\u00f6netet mondani.<\/p>\n<p style=\"text-align: justify;\">A helysz\u00ednen az \u00e9vadot z\u00e1r\u00f3 el\u0151ad\u00e1s Eric Emmanuel Schmitt \u201eEnigmatic Variations\u201d c\u00edm\u0171 m\u0171ve, Elvira R\u00eembu rendez\u00e9s\u00e9ben. A Regina Maria Sz\u00ednh\u00e1z m\u0171v\u00e9szi utaz\u00e1sa azonban itt nem \u00e9r v\u00e9get, \u00e9s miel\u0151tt hivatalosan is bel\u00e9pn\u00e9nk a r\u00f6vid ny\u00e1ri vak\u00e1ci\u00f3ba, magabiztosan indulunk \u00faj t\u00e1vlatok fel\u00e9.<\/p>\n<p><!--more--><\/p>\n<p style=\"text-align: justify;\">J\u00fanius 17-\u00e9n, vas\u00e1rnap ism\u00e9t Bihar megy\u00e9ben, pontosabban Beiu\u0219ban (Beiu\u0219) \u00e1llunk meg, ahol Peter Quilter &quot;Teljes dics\u0151s\u00e9gben!&quot; c\u00edm\u0171, Cristian Ioan rendez\u00e9s\u00e9ben k\u00e9sz\u00fclt el\u0151ad\u00e1s\u00e1t adjuk el\u0151. Nagyv\u00e1radra csak az\u00e9rt t\u00e9r\u00fcnk vissza, hogy \u00f6sszepakoljunk \u00e9s felk\u00e9sz\u00fclj\u00fcnk egy ny\u00e1ri sz\u00ednh\u00e1zi fesztiv\u00e1lra: a &quot;Heged\u0171s a h\u00e1ztet\u0151n&quot; c\u00edm\u0171 el\u0151ad\u00e1s megh\u00edv\u00e1st kapott a Konstancai \u00c1llami Sz\u00ednh\u00e1z \u00e1ltal szervezett &quot;Az er\u0151d m\u00edtoszai&quot; Nemzetk\u00f6zi Sz\u00ednh\u00e1zi Fesztiv\u00e1l 3. kiad\u00e1s\u00e1ra.<\/p>\n<p style=\"text-align: justify;\">Miut\u00e1n visszafoglaljuk a konstancai er\u0151d falait \u00e9s gy\u00f6ny\u00f6r\u0171 t\u00f6rt\u00e9neteket alkotunk a tengerparton, amelyek sok\u00e1ig megmaradnak a n\u00e9z\u0151k sz\u00edv\u00e9ben, hazat\u00e9r\u00fcnk \u00e9s alaposan felk\u00e9sz\u00fcl\u00fcnk egy \u00fajabb kiv\u00e9teles m\u0171v\u00e9szeti tal\u00e1lkoz\u00e1sra: Eric Emmanuel Schmitt &quot;Enigmatikus vari\u00e1ci\u00f3k&quot; c\u00edm\u0171 el\u0151ad\u00e1s\u00e1t Elvira R\u00eembu rendez\u00e9s\u00e9ben a 2018-as Tordai Nemzetk\u00f6zi Sz\u00ednh\u00e1zi Fesztiv\u00e1l m\u00e1sodik kiad\u00e1s\u00e1nak keret\u00e9ben mutatj\u00e1k be. Az egy\u00fctt mott\u00f3 jegy\u00e9ben j\u00fanius 29. \u00e9s j\u00falius 8. k\u00f6z\u00f6tt ker\u00fcl megrendez\u00e9sre, azzal a c\u00e9llal, hogy 10 sz\u00ednes \u00e9s harm\u00f3ni\u00e1ban gazdag napot k\u00edn\u00e1ljon Torda v\u00e1ros\u00e1nak lak\u00f3inak \u00e9s az ez id\u0151 alatt \u00e1tutaz\u00f3 turist\u00e1knak.<\/p>\n<p style=\"text-align: justify;\">Gratul\u00e1lunk a Regina Maria Sz\u00ednh\u00e1z csapat\u00e1nak az \u00fajabb sikeres \u00e9vadhoz, amelyben rendk\u00edv\u00fcli premiereket, orsz\u00e1gos rangos fesztiv\u00e1lokon val\u00f3 r\u00e9szv\u00e9telt, neves m\u0171v\u00e9szekkel val\u00f3 tal\u00e1lkoz\u00e1sokat, magas \u00e9rt\u00e9k\u0171 kultur\u00e1lis esem\u00e9nyeket \u00e9s d\u00edjakat l\u00e1thattunk.<\/p>\n<p style=\"text-align: justify;\">Tal\u00e1lkozunk a k\u00f6vetkez\u0151 szezonban a Nagyv\u00e1radi Nemzetk\u00f6zi Sz\u00ednh\u00e1zi Fesztiv\u00e1lon, amely 2018. szeptember 23. \u00e9s 30. k\u00f6z\u00f6tt ker\u00fcl megrendez\u00e9sre, \u00e9s sz\u00e1mos csod\u00e1latos projekttel!<\/p>","protected":false},"excerpt":{"rendered":"<p>Stagiunea 2017 \u2013 2018 a Teatrului Regina Maria din Oradea se apropie de final. Un an teatral plin de evenimente extraordinare, \u00een care am tr\u0103it emo\u021bii puternice \u0219i \u00een\u0103l\u021b\u0103toare al\u0103turi de minunatul nostru public, c\u0103ruia dorim s\u0103-i mul\u021bumim din tot sufletul. Spectacolul care va \u00eencheia stagiunea la sediu este \u201eVaria\u021biuni enigmatice\u201d, de Eric Emmanuel Schmitt, [&hellip;]<\/p>\n","protected":false},"author":6,"featured_media":0,"comment_status":"open","ping_status":"open","sticky":false,"template":"","format":"standard","meta":{"_acf_changed":false,"footnotes":""},"categories":[22],"tags":[],"class_list":["post-1319","post","type-post","status-publish","format-standard","hentry","category-noutati-trupa-iosif-vulcan"],"aioseo_notices":[],"aioseo_head":"\n\t\t<!-- All in One SEO Pro 5.0.1.1 - aioseo.com -->\n\t<meta name=\"description\" content=\"Stagiunea 2017 \u2013 2018 a Teatrului Regina Maria din Oradea se apropie de final. Un an teatral plin de evenimente extraordinare, \u00een care am tr\u0103it emo\u021bii puternice \u0219i \u00een\u0103l\u021b\u0103toare al\u0103turi de minunatul nostru public, c\u0103ruia dorim s\u0103-i mul\u021bumim din tot sufletul. Spectacolul care va \u00eencheia stagiunea la sediu este \u201eVaria\u021biuni enigmatice\u201d, de Eric Emmanuel Schmitt,\" \/>\n\t<meta name=\"robots\" content=\"max-image-preview:large\" \/>\n\t<meta name=\"author\" content=\"Teatrul Regina Maria\"\/>\n\t<link rel=\"canonical\" href=\"https:\/\/www.teatrulreginamaria.ro\/hu\/deplasari-si-festivaluri-la-final-de-stagiune-2018\/\" \/>\n\t<meta name=\"generator\" content=\"All in One SEO Pro (AIOSEO) 5.0.1.1\" \/>\n\t\t<meta property=\"og:locale\" content=\"hu_HU\" \/>\n\t\t<meta property=\"og:site_name\" content=\"Teatrul Regina Maria Oradea - Trupa Iosif Vulcan \u0219i Trupa Arcadia\" \/>\n\t\t<meta property=\"og:type\" content=\"article\" \/>\n\t\t<meta property=\"og:title\" content=\"Deplas\u0103ri \u0219i Festivaluri la final de stagiune_2018 - Teatrul Regina Maria Oradea\" \/>\n\t\t<meta property=\"og:description\" content=\"Stagiunea 2017 \u2013 2018 a Teatrului Regina Maria din Oradea se apropie de final. Un an teatral plin de evenimente extraordinare, \u00een care am tr\u0103it emo\u021bii puternice \u0219i \u00een\u0103l\u021b\u0103toare al\u0103turi de minunatul nostru public, c\u0103ruia dorim s\u0103-i mul\u021bumim din tot sufletul. Spectacolul care va \u00eencheia stagiunea la sediu este \u201eVaria\u021biuni enigmatice\u201d, de Eric Emmanuel Schmitt,\" \/>\n\t\t<meta property=\"og:url\" content=\"https:\/\/www.teatrulreginamaria.ro\/hu\/deplasari-si-festivaluri-la-final-de-stagiune-2018\/\" \/>\n\t\t<meta property=\"og:image\" content=\"https:\/\/www.teatrulreginamaria.ro\/wp-content\/uploads\/2025\/03\/trm-istoric-01.jpg\" \/>\n\t\t<meta property=\"og:image:secure_url\" content=\"https:\/\/www.teatrulreginamaria.ro\/wp-content\/uploads\/2025\/03\/trm-istoric-01.jpg\" \/>\n\t\t<meta property=\"og:image:width\" content=\"1200\" \/>\n\t\t<meta property=\"og:image:height\" content=\"800\" \/>\n\t\t<meta property=\"article:published_time\" content=\"2018-06-18T08:41:54+00:00\" \/>\n\t\t<meta property=\"article:modified_time\" content=\"2018-06-18T08:41:54+00:00\" \/>\n\t\t<meta property=\"article:publisher\" content=\"https:\/\/www.facebook.com\/TRMTrupaIosifVulcan\/\" \/>\n\t\t<meta name=\"twitter:card\" content=\"summary_large_image\" \/>\n\t\t<meta name=\"twitter:site\" content=\"@TRMOradea\" \/>\n\t\t<meta name=\"twitter:title\" content=\"Deplas\u0103ri \u0219i Festivaluri la final de stagiune_2018 - Teatrul Regina Maria Oradea\" \/>\n\t\t<meta name=\"twitter:description\" content=\"Stagiunea 2017 \u2013 2018 a Teatrului Regina Maria din Oradea se apropie de final. Un an teatral plin de evenimente extraordinare, \u00een care am tr\u0103it emo\u021bii puternice \u0219i \u00een\u0103l\u021b\u0103toare al\u0103turi de minunatul nostru public, c\u0103ruia dorim s\u0103-i mul\u021bumim din tot sufletul. Spectacolul care va \u00eencheia stagiunea la sediu este \u201eVaria\u021biuni enigmatice\u201d, de Eric Emmanuel Schmitt,\" \/>\n\t\t<meta name=\"twitter:creator\" content=\"@TRMOradea\" \/>\n\t\t<meta name=\"twitter:image\" content=\"https:\/\/www.teatrulreginamaria.ro\/wp-content\/uploads\/2025\/03\/trm-istoric-01.jpg\" \/>\n\t\t<script type=\"application\/ld+json\" class=\"aioseo-schema\">\n\t\t\t{\"@context\":\"https:\\\/\\\/schema.org\",\"@graph\":[{\"@type\":\"BlogPosting\",\"@id\":\"https:\\\/\\\/www.teatrulreginamaria.ro\\\/hu\\\/deplasari-si-festivaluri-la-final-de-stagiune-2018\\\/#blogposting\",\"name\":\"Deplas\\u0103ri \\u0219i Festivaluri la final de stagiune_2018 - Teatrul Regina Maria Oradea\",\"headline\":\"Deplas\\u0103ri \\u0219i Festivaluri la final de stagiune_2018\",\"author\":{\"@id\":\"https:\\\/\\\/www.teatrulreginamaria.ro\\\/hu\\\/author\\\/w3bmaster\\\/#author\"},\"publisher\":{\"@id\":\"https:\\\/\\\/www.teatrulreginamaria.ro\\\/hu\\\/#organization\"},\"image\":{\"@type\":\"ImageObject\",\"url\":\"https:\\\/\\\/www.teatrulreginamaria.ro\\\/wp-content\\\/uploads\\\/2025\\\/06\\\/logo-trm-01-dark.png\",\"@id\":\"https:\\\/\\\/www.teatrulreginamaria.ro\\\/hu\\\/#articleImage\",\"width\":300,\"height\":148},\"datePublished\":\"2018-06-18T08:41:54+03:00\",\"dateModified\":\"2018-06-18T08:41:54+03:00\",\"inLanguage\":\"hu-HU\",\"mainEntityOfPage\":{\"@id\":\"https:\\\/\\\/www.teatrulreginamaria.ro\\\/hu\\\/deplasari-si-festivaluri-la-final-de-stagiune-2018\\\/#webpage\"},\"isPartOf\":{\"@id\":\"https:\\\/\\\/www.teatrulreginamaria.ro\\\/hu\\\/deplasari-si-festivaluri-la-final-de-stagiune-2018\\\/#webpage\"},\"articleSection\":\"Nout\\u0103\\u021bi - Trupa Iosif Vulcan\"},{\"@type\":\"BreadcrumbList\",\"@id\":\"https:\\\/\\\/www.teatrulreginamaria.ro\\\/hu\\\/deplasari-si-festivaluri-la-final-de-stagiune-2018\\\/#breadcrumblist\",\"itemListElement\":[{\"@type\":\"ListItem\",\"@id\":\"https:\\\/\\\/www.teatrulreginamaria.ro\\\/hu#listItem\",\"position\":1,\"name\":\"Home\",\"item\":\"https:\\\/\\\/www.teatrulreginamaria.ro\\\/hu\",\"nextItem\":{\"@type\":\"ListItem\",\"@id\":\"https:\\\/\\\/www.teatrulreginamaria.ro\\\/hu\\\/categorie\\\/noutati\\\/#listItem\",\"name\":\"Nout\\u0103\\u021bi\"}},{\"@type\":\"ListItem\",\"@id\":\"https:\\\/\\\/www.teatrulreginamaria.ro\\\/hu\\\/categorie\\\/noutati\\\/#listItem\",\"position\":2,\"name\":\"Nout\\u0103\\u021bi\",\"item\":\"https:\\\/\\\/www.teatrulreginamaria.ro\\\/hu\\\/categorie\\\/noutati\\\/\",\"nextItem\":{\"@type\":\"ListItem\",\"@id\":\"https:\\\/\\\/www.teatrulreginamaria.ro\\\/hu\\\/categorie\\\/noutati\\\/noutati-trupa-iosif-vulcan\\\/#listItem\",\"name\":\"Nout\\u0103\\u021bi - Trupa Iosif Vulcan\"},\"previousItem\":{\"@type\":\"ListItem\",\"@id\":\"https:\\\/\\\/www.teatrulreginamaria.ro\\\/hu#listItem\",\"name\":\"Home\"}},{\"@type\":\"ListItem\",\"@id\":\"https:\\\/\\\/www.teatrulreginamaria.ro\\\/hu\\\/categorie\\\/noutati\\\/noutati-trupa-iosif-vulcan\\\/#listItem\",\"position\":3,\"name\":\"Nout\\u0103\\u021bi - Trupa Iosif Vulcan\",\"item\":\"https:\\\/\\\/www.teatrulreginamaria.ro\\\/hu\\\/categorie\\\/noutati\\\/noutati-trupa-iosif-vulcan\\\/\",\"nextItem\":{\"@type\":\"ListItem\",\"@id\":\"https:\\\/\\\/www.teatrulreginamaria.ro\\\/hu\\\/deplasari-si-festivaluri-la-final-de-stagiune-2018\\\/#listItem\",\"name\":\"Deplas\\u0103ri \\u0219i Festivaluri la final de stagiune_2018\"},\"previousItem\":{\"@type\":\"ListItem\",\"@id\":\"https:\\\/\\\/www.teatrulreginamaria.ro\\\/hu\\\/categorie\\\/noutati\\\/#listItem\",\"name\":\"Nout\\u0103\\u021bi\"}},{\"@type\":\"ListItem\",\"@id\":\"https:\\\/\\\/www.teatrulreginamaria.ro\\\/hu\\\/deplasari-si-festivaluri-la-final-de-stagiune-2018\\\/#listItem\",\"position\":4,\"name\":\"Deplas\\u0103ri \\u0219i Festivaluri la final de stagiune_2018\",\"previousItem\":{\"@type\":\"ListItem\",\"@id\":\"https:\\\/\\\/www.teatrulreginamaria.ro\\\/hu\\\/categorie\\\/noutati\\\/noutati-trupa-iosif-vulcan\\\/#listItem\",\"name\":\"Nout\\u0103\\u021bi - Trupa Iosif Vulcan\"}}]},{\"@type\":\"Organization\",\"@id\":\"https:\\\/\\\/www.teatrulreginamaria.ro\\\/hu\\\/#organization\",\"name\":\"Teatrul Regina Maria Oradea\",\"description\":\"Trupa Iosif Vulcan \\u0219i Trupa Arcadia\",\"url\":\"https:\\\/\\\/www.teatrulreginamaria.ro\\\/hu\\\/\",\"email\":\"marketing@teatrulreginamaria.ro\",\"telephone\":\"+40359411534\",\"numberOfEmployees\":{\"@type\":\"QuantitativeValue\",\"minValue\":0,\"maxValue\":150},\"logo\":{\"@type\":\"ImageObject\",\"url\":\"https:\\\/\\\/www.teatrulreginamaria.ro\\\/wp-content\\\/uploads\\\/2025\\\/06\\\/logo-trm-01-dark.png\",\"@id\":\"https:\\\/\\\/www.teatrulreginamaria.ro\\\/hu\\\/deplasari-si-festivaluri-la-final-de-stagiune-2018\\\/#organizationLogo\",\"width\":300,\"height\":148},\"image\":{\"@id\":\"https:\\\/\\\/www.teatrulreginamaria.ro\\\/hu\\\/deplasari-si-festivaluri-la-final-de-stagiune-2018\\\/#organizationLogo\"},\"sameAs\":[\"https:\\\/\\\/www.facebook.com\\\/TRMTrupaIosifVulcan\\\/\",\"https:\\\/\\\/x.com\\\/TRMOradea\",\"https:\\\/\\\/www.instagram.com\\\/teatrul_regina_maria\\\/\",\"https:\\\/\\\/www.youtube.com\\\/c\\\/TeatrulReginaMariaOradea\",\"https:\\\/\\\/www.linkedin.com\\\/company\\\/teatrul-regina-maria\"]},{\"@type\":\"Person\",\"@id\":\"https:\\\/\\\/www.teatrulreginamaria.ro\\\/hu\\\/author\\\/w3bmaster\\\/#author\",\"url\":\"https:\\\/\\\/www.teatrulreginamaria.ro\\\/hu\\\/author\\\/w3bmaster\\\/\",\"name\":\"Teatrul Regina Maria\",\"image\":{\"@type\":\"ImageObject\",\"@id\":\"https:\\\/\\\/www.teatrulreginamaria.ro\\\/hu\\\/deplasari-si-festivaluri-la-final-de-stagiune-2018\\\/#authorImage\",\"url\":\"https:\\\/\\\/secure.gravatar.com\\\/avatar\\\/5884139d508ae3f0bafe45e60563b48a9640146d3b08ccc6278c305ff9329305?s=96&d=mm&r=g\",\"width\":96,\"height\":96,\"caption\":\"Teatrul Regina Maria\"}},{\"@type\":\"WebPage\",\"@id\":\"https:\\\/\\\/www.teatrulreginamaria.ro\\\/hu\\\/deplasari-si-festivaluri-la-final-de-stagiune-2018\\\/#webpage\",\"url\":\"https:\\\/\\\/www.teatrulreginamaria.ro\\\/hu\\\/deplasari-si-festivaluri-la-final-de-stagiune-2018\\\/\",\"name\":\"Deplas\\u0103ri \\u0219i Festivaluri la final de stagiune_2018 - Teatrul Regina Maria Oradea\",\"description\":\"Stagiunea 2017 \\u2013 2018 a Teatrului Regina Maria din Oradea se apropie de final. Un an teatral plin de evenimente extraordinare, \\u00een care am tr\\u0103it emo\\u021bii puternice \\u0219i \\u00een\\u0103l\\u021b\\u0103toare al\\u0103turi de minunatul nostru public, c\\u0103ruia dorim s\\u0103-i mul\\u021bumim din tot sufletul. Spectacolul care va \\u00eencheia stagiunea la sediu este \\u201eVaria\\u021biuni enigmatice\\u201d, de Eric Emmanuel Schmitt,\",\"inLanguage\":\"hu-HU\",\"isPartOf\":{\"@id\":\"https:\\\/\\\/www.teatrulreginamaria.ro\\\/hu\\\/#website\"},\"breadcrumb\":{\"@id\":\"https:\\\/\\\/www.teatrulreginamaria.ro\\\/hu\\\/deplasari-si-festivaluri-la-final-de-stagiune-2018\\\/#breadcrumblist\"},\"author\":{\"@id\":\"https:\\\/\\\/www.teatrulreginamaria.ro\\\/hu\\\/author\\\/w3bmaster\\\/#author\"},\"creator\":{\"@id\":\"https:\\\/\\\/www.teatrulreginamaria.ro\\\/hu\\\/author\\\/w3bmaster\\\/#author\"},\"datePublished\":\"2018-06-18T08:41:54+03:00\",\"dateModified\":\"2018-06-18T08:41:54+03:00\"},{\"@type\":\"WebSite\",\"@id\":\"https:\\\/\\\/www.teatrulreginamaria.ro\\\/hu\\\/#website\",\"url\":\"https:\\\/\\\/www.teatrulreginamaria.ro\\\/hu\\\/\",\"name\":\"Teatrul Regina Maria Oradea\",\"alternateName\":\"TRM Oradea\",\"description\":\"Trupa Iosif Vulcan \\u0219i Trupa Arcadia\",\"inLanguage\":\"hu-HU\",\"publisher\":{\"@id\":\"https:\\\/\\\/www.teatrulreginamaria.ro\\\/hu\\\/#organization\"}}]}\n\t\t<\/script>\n\t\t<!-- All in One SEO Pro -->\r\n\t\t<title>Deplas\u0103ri \u0219i Festivaluri la final de stagiune_2018 - Teatrul Regina Maria Oradea<\/title>\n\n","aioseo_head_json":{"title":"Kir\u00e1ndul\u00e1sok \u00e9s fesztiv\u00e1lok a szezon v\u00e9g\u00e9n_2018 - Regina Maria Sz\u00ednh\u00e1z, Nagyv\u00e1radi","description":"A nagyv\u00e1radi Regina Maria Sz\u00ednh\u00e1z 2017\u20132018-as \u00e9vada a v\u00e9g\u00e9hez k\u00f6zeledik. Egy rendk\u00edv\u00fcli esem\u00e9nyekkel teli sz\u00ednh\u00e1zi \u00e9v volt, amelyben er\u0151s \u00e9s felemel\u0151 \u00e9rzelmeket \u00e9lt\u00fcnk \u00e1t csod\u00e1latos k\u00f6z\u00f6ns\u00e9g\u00fcnkkel egy\u00fctt, akiknek teljes sz\u00edv\u00fcnkb\u0151l szeretn\u00e9nk k\u00f6sz\u00f6netet mondani. Az \u00e9vadot a helysz\u00ednen Eric Emmanuel Schmitt \u201eTitokzatos vari\u00e1ci\u00f3k\u201d c\u00edm\u0171 darabja z\u00e1rja.,","canonical_url":"https:\/\/www.teatrulreginamaria.ro\/hu\/deplasari-si-festivaluri-la-final-de-stagiune-2018\/","robots":"max-image-preview:large","keywords":"","webmasterTools":{"miscellaneous":""},"schema":{"@context":"https:\/\/schema.org","@graph":[{"@type":"BlogPosting","@id":"https:\/\/www.teatrulreginamaria.ro\/hu\/deplasari-si-festivaluri-la-final-de-stagiune-2018\/#blogposting","name":"Deplas\u0103ri \u0219i Festivaluri la final de stagiune_2018 - Teatrul Regina Maria Oradea","headline":"Deplas\u0103ri \u0219i Festivaluri la final de stagiune_2018","author":{"@id":"https:\/\/www.teatrulreginamaria.ro\/hu\/author\/w3bmaster\/#author"},"publisher":{"@id":"https:\/\/www.teatrulreginamaria.ro\/hu\/#organization"},"image":{"@type":"ImageObject","url":"https:\/\/www.teatrulreginamaria.ro\/wp-content\/uploads\/2025\/06\/logo-trm-01-dark.png","@id":"https:\/\/www.teatrulreginamaria.ro\/hu\/#articleImage","width":300,"height":148},"datePublished":"2018-06-18T08:41:54+03:00","dateModified":"2018-06-18T08:41:54+03:00","inLanguage":"hu-HU","mainEntityOfPage":{"@id":"https:\/\/www.teatrulreginamaria.ro\/hu\/deplasari-si-festivaluri-la-final-de-stagiune-2018\/#webpage"},"isPartOf":{"@id":"https:\/\/www.teatrulreginamaria.ro\/hu\/deplasari-si-festivaluri-la-final-de-stagiune-2018\/#webpage"},"articleSection":"Nout\u0103\u021bi - Trupa Iosif Vulcan"},{"@type":"BreadcrumbList","@id":"https:\/\/www.teatrulreginamaria.ro\/hu\/deplasari-si-festivaluri-la-final-de-stagiune-2018\/#breadcrumblist","itemListElement":[{"@type":"ListItem","@id":"https:\/\/www.teatrulreginamaria.ro\/hu#listItem","position":1,"name":"Home","item":"https:\/\/www.teatrulreginamaria.ro\/hu","nextItem":{"@type":"ListItem","@id":"https:\/\/www.teatrulreginamaria.ro\/hu\/categorie\/noutati\/#listItem","name":"Nout\u0103\u021bi"}},{"@type":"ListItem","@id":"https:\/\/www.teatrulreginamaria.ro\/hu\/categorie\/noutati\/#listItem","position":2,"name":"Nout\u0103\u021bi","item":"https:\/\/www.teatrulreginamaria.ro\/hu\/categorie\/noutati\/","nextItem":{"@type":"ListItem","@id":"https:\/\/www.teatrulreginamaria.ro\/hu\/categorie\/noutati\/noutati-trupa-iosif-vulcan\/#listItem","name":"Nout\u0103\u021bi - Trupa Iosif Vulcan"},"previousItem":{"@type":"ListItem","@id":"https:\/\/www.teatrulreginamaria.ro\/hu#listItem","name":"Home"}},{"@type":"ListItem","@id":"https:\/\/www.teatrulreginamaria.ro\/hu\/categorie\/noutati\/noutati-trupa-iosif-vulcan\/#listItem","position":3,"name":"Nout\u0103\u021bi - Trupa Iosif Vulcan","item":"https:\/\/www.teatrulreginamaria.ro\/hu\/categorie\/noutati\/noutati-trupa-iosif-vulcan\/","nextItem":{"@type":"ListItem","@id":"https:\/\/www.teatrulreginamaria.ro\/hu\/deplasari-si-festivaluri-la-final-de-stagiune-2018\/#listItem","name":"Deplas\u0103ri \u0219i Festivaluri la final de stagiune_2018"},"previousItem":{"@type":"ListItem","@id":"https:\/\/www.teatrulreginamaria.ro\/hu\/categorie\/noutati\/#listItem","name":"Nout\u0103\u021bi"}},{"@type":"ListItem","@id":"https:\/\/www.teatrulreginamaria.ro\/hu\/deplasari-si-festivaluri-la-final-de-stagiune-2018\/#listItem","position":4,"name":"Deplas\u0103ri \u0219i Festivaluri la final de stagiune_2018","previousItem":{"@type":"ListItem","@id":"https:\/\/www.teatrulreginamaria.ro\/hu\/categorie\/noutati\/noutati-trupa-iosif-vulcan\/#listItem","name":"Nout\u0103\u021bi - Trupa Iosif Vulcan"}}]},{"@type":"Organization","@id":"https:\/\/www.teatrulreginamaria.ro\/hu\/#organization","name":"Teatrul Regina Maria Oradea","description":"Trupa Iosif Vulcan \u0219i Trupa Arcadia","url":"https:\/\/www.teatrulreginamaria.ro\/hu\/","email":"marketing@teatrulreginamaria.ro","telephone":"+40359411534","numberOfEmployees":{"@type":"QuantitativeValue","minValue":0,"maxValue":150},"logo":{"@type":"ImageObject","url":"https:\/\/www.teatrulreginamaria.ro\/wp-content\/uploads\/2025\/06\/logo-trm-01-dark.png","@id":"https:\/\/www.teatrulreginamaria.ro\/hu\/deplasari-si-festivaluri-la-final-de-stagiune-2018\/#organizationLogo","width":300,"height":148},"image":{"@id":"https:\/\/www.teatrulreginamaria.ro\/hu\/deplasari-si-festivaluri-la-final-de-stagiune-2018\/#organizationLogo"},"sameAs":["https:\/\/www.facebook.com\/TRMTrupaIosifVulcan\/","https:\/\/x.com\/TRMOradea","https:\/\/www.instagram.com\/teatrul_regina_maria\/","https:\/\/www.youtube.com\/c\/TeatrulReginaMariaOradea","https:\/\/www.linkedin.com\/company\/teatrul-regina-maria"]},{"@type":"Person","@id":"https:\/\/www.teatrulreginamaria.ro\/hu\/author\/w3bmaster\/#author","url":"https:\/\/www.teatrulreginamaria.ro\/hu\/author\/w3bmaster\/","name":"Teatrul Regina Maria","image":{"@type":"ImageObject","@id":"https:\/\/www.teatrulreginamaria.ro\/hu\/deplasari-si-festivaluri-la-final-de-stagiune-2018\/#authorImage","url":"https:\/\/secure.gravatar.com\/avatar\/5884139d508ae3f0bafe45e60563b48a9640146d3b08ccc6278c305ff9329305?s=96&d=mm&r=g","width":96,"height":96,"caption":"Teatrul Regina Maria"}},{"@type":"WebPage","@id":"https:\/\/www.teatrulreginamaria.ro\/hu\/deplasari-si-festivaluri-la-final-de-stagiune-2018\/#webpage","url":"https:\/\/www.teatrulreginamaria.ro\/hu\/deplasari-si-festivaluri-la-final-de-stagiune-2018\/","name":"Deplas\u0103ri \u0219i Festivaluri la final de stagiune_2018 - Teatrul Regina Maria Oradea","description":"Stagiunea 2017 \u2013 2018 a Teatrului Regina Maria din Oradea se apropie de final. Un an teatral plin de evenimente extraordinare, \u00een care am tr\u0103it emo\u021bii puternice \u0219i \u00een\u0103l\u021b\u0103toare al\u0103turi de minunatul nostru public, c\u0103ruia dorim s\u0103-i mul\u021bumim din tot sufletul. Spectacolul care va \u00eencheia stagiunea la sediu este \u201eVaria\u021biuni enigmatice\u201d, de Eric Emmanuel Schmitt,","inLanguage":"hu-HU","isPartOf":{"@id":"https:\/\/www.teatrulreginamaria.ro\/hu\/#website"},"breadcrumb":{"@id":"https:\/\/www.teatrulreginamaria.ro\/hu\/deplasari-si-festivaluri-la-final-de-stagiune-2018\/#breadcrumblist"},"author":{"@id":"https:\/\/www.teatrulreginamaria.ro\/hu\/author\/w3bmaster\/#author"},"creator":{"@id":"https:\/\/www.teatrulreginamaria.ro\/hu\/author\/w3bmaster\/#author"},"datePublished":"2018-06-18T08:41:54+03:00","dateModified":"2018-06-18T08:41:54+03:00"},{"@type":"WebSite","@id":"https:\/\/www.teatrulreginamaria.ro\/hu\/#website","url":"https:\/\/www.teatrulreginamaria.ro\/hu\/","name":"Teatrul Regina Maria Oradea","alternateName":"TRM Oradea","description":"Trupa Iosif Vulcan \u0219i Trupa Arcadia","inLanguage":"hu-HU","publisher":{"@id":"https:\/\/www.teatrulreginamaria.ro\/hu\/#organization"}}]},"og:locale":"hu_HU","og:site_name":"Teatrul Regina Maria Oradea - Trupa Iosif Vulcan \u0219i Trupa Arcadia","og:type":"article","og:title":"Deplas\u0103ri \u0219i Festivaluri la final de stagiune_2018 - Teatrul Regina Maria Oradea","og:description":"Stagiunea 2017 \u2013 2018 a Teatrului Regina Maria din Oradea se apropie de final. Un an teatral plin de evenimente extraordinare, \u00een care am tr\u0103it emo\u021bii puternice \u0219i \u00een\u0103l\u021b\u0103toare al\u0103turi de minunatul nostru public, c\u0103ruia dorim s\u0103-i mul\u021bumim din tot sufletul. Spectacolul care va \u00eencheia stagiunea la sediu este \u201eVaria\u021biuni enigmatice\u201d, de Eric Emmanuel Schmitt,","og:url":"https:\/\/www.teatrulreginamaria.ro\/hu\/deplasari-si-festivaluri-la-final-de-stagiune-2018\/","og:image":"https:\/\/www.teatrulreginamaria.ro\/wp-content\/uploads\/2025\/03\/trm-istoric-01.jpg","og:image:secure_url":"https:\/\/www.teatrulreginamaria.ro\/wp-content\/uploads\/2025\/03\/trm-istoric-01.jpg","og:image:width":1200,"og:image:height":800,"article:published_time":"2018-06-18T08:41:54+00:00","article:modified_time":"2018-06-18T08:41:54+00:00","article:publisher":"https:\/\/www.facebook.com\/TRMTrupaIosifVulcan\/","twitter:card":"summary_large_image","twitter:site":"@TRMOradea","twitter:title":"Deplas\u0103ri \u0219i Festivaluri la final de stagiune_2018 - Teatrul Regina Maria Oradea","twitter:description":"Stagiunea 2017 \u2013 2018 a Teatrului Regina Maria din Oradea se apropie de final. Un an teatral plin de evenimente extraordinare, \u00een care am tr\u0103it emo\u021bii puternice \u0219i \u00een\u0103l\u021b\u0103toare al\u0103turi de minunatul nostru public, c\u0103ruia dorim s\u0103-i mul\u021bumim din tot sufletul. Spectacolul care va \u00eencheia stagiunea la sediu este \u201eVaria\u021biuni enigmatice\u201d, de Eric Emmanuel Schmitt,","twitter:creator":"@TRMOradea","twitter:image":"https:\/\/www.teatrulreginamaria.ro\/wp-content\/uploads\/2025\/03\/trm-istoric-01.jpg"},"aioseo_meta_data":{"post_id":"1319","title":null,"description":null,"keywords":null,"keyphrases":null,"primary_term":null,"canonical_url":null,"og_title":null,"og_description":null,"og_object_type":"default","og_image_type":"default","og_image_url":null,"og_image_width":null,"og_image_height":null,"og_image_custom_url":null,"og_image_custom_fields":null,"og_video":null,"og_custom_url":null,"og_article_section":null,"og_article_tags":null,"twitter_use_og":false,"twitter_card":"default","twitter_image_type":"default","twitter_image_url":null,"twitter_image_custom_url":null,"twitter_image_custom_fields":null,"twitter_title":null,"twitter_description":null,"schema":{"blockGraphs":[],"customGraphs":[],"default":{"data":{"Article":[],"Course":[],"Dataset":[],"FAQPage":[],"Movie":[],"Person":[],"Product":[],"ProductReview":[],"Car":[],"Recipe":[],"Service":[],"SoftwareApplication":[],"WebPage":[]},"graphName":"","isEnabled":true},"graphs":[]},"schema_type":"default","schema_type_options":null,"pillar_content":false,"robots_default":true,"robots_noindex":false,"robots_noarchive":false,"robots_nosnippet":false,"robots_nofollow":false,"robots_noimageindex":false,"robots_noodp":false,"robots_notranslate":false,"robots_max_snippet":null,"robots_max_videopreview":null,"robots_max_imagepreview":"large","priority":null,"frequency":null,"local_seo":null,"seo_analyzer_scan_date":"2026-05-13 02:11:57","breadcrumb_settings":null,"limit_modified_date":false,"reviewed_by":null,"open_ai":null,"ai":null,"created":"2025-04-09 17:42:41","updated":"2026-05-13 02:11:57","focus_keyword":null,"additional_keywords":null,"truseo_locale":null},"aioseo_breadcrumb":"<div class=\"aioseo-breadcrumbs\"><span class=\"aioseo-breadcrumb\">\n\t<a href=\"https:\/\/www.teatrulreginamaria.ro\/hu\" title=\"Home\">Home<\/a>\n<\/span><span class=\"aioseo-breadcrumb-separator\">&raquo;<\/span><span class=\"aioseo-breadcrumb\">\n\t<a href=\"https:\/\/www.teatrulreginamaria.ro\/hu\/categorie\/noutati\/\" title=\"Nout\u0103\u021bi\">Nout\u0103\u021bi<\/a>\n<\/span><span class=\"aioseo-breadcrumb-separator\">&raquo;<\/span><span class=\"aioseo-breadcrumb\">\n\t<a href=\"https:\/\/www.teatrulreginamaria.ro\/hu\/categorie\/noutati\/noutati-trupa-iosif-vulcan\/\" title=\"Nout\u0103\u021bi - Trupa Iosif Vulcan\">Nout\u0103\u021bi - Trupa Iosif Vulcan<\/a>\n<\/span><span class=\"aioseo-breadcrumb-separator\">&raquo;<\/span><span class=\"aioseo-breadcrumb\">\n\tDeplas\u0103ri \u0219i Festivaluri la final de stagiune_2018\n<\/span><\/div>","aioseo_breadcrumb_json":[{"label":"Home","link":"https:\/\/www.teatrulreginamaria.ro\/hu"},{"label":"Nout\u0103\u021bi","link":"https:\/\/www.teatrulreginamaria.ro\/hu\/categorie\/noutati\/"},{"label":"Nout\u0103\u021bi - Trupa Iosif Vulcan","link":"https:\/\/www.teatrulreginamaria.ro\/hu\/categorie\/noutati\/noutati-trupa-iosif-vulcan\/"},{"label":"Deplas\u0103ri \u0219i Festivaluri la final de stagiune_2018","link":"https:\/\/www.teatrulreginamaria.ro\/hu\/deplasari-si-festivaluri-la-final-de-stagiune-2018\/"}],"acf":[],"_links":{"self":[{"href":"https:\/\/www.teatrulreginamaria.ro\/hu\/wp-json\/wp\/v2\/posts\/1319","targetHints":{"allow":["GET"]}}],"collection":[{"href":"https:\/\/www.teatrulreginamaria.ro\/hu\/wp-json\/wp\/v2\/posts"}],"about":[{"href":"https:\/\/www.teatrulreginamaria.ro\/hu\/wp-json\/wp\/v2\/types\/post"}],"author":[{"embeddable":true,"href":"https:\/\/www.teatrulreginamaria.ro\/hu\/wp-json\/wp\/v2\/users\/6"}],"replies":[{"embeddable":true,"href":"https:\/\/www.teatrulreginamaria.ro\/hu\/wp-json\/wp\/v2\/comments?post=1319"}],"version-history":[{"count":0,"href":"https:\/\/www.teatrulreginamaria.ro\/hu\/wp-json\/wp\/v2\/posts\/1319\/revisions"}],"wp:attachment":[{"href":"https:\/\/www.teatrulreginamaria.ro\/hu\/wp-json\/wp\/v2\/media?parent=1319"}],"wp:term":[{"taxonomy":"category","embeddable":true,"href":"https:\/\/www.teatrulreginamaria.ro\/hu\/wp-json\/wp\/v2\/categories?post=1319"},{"taxonomy":"post_tag","embeddable":true,"href":"https:\/\/www.teatrulreginamaria.ro\/hu\/wp-json\/wp\/v2\/tags?post=1319"}],"curies":[{"name":"munkaf\u00fczet","href":"https:\/\/api.w.org\/{rel}","templated":true}]}}