{"id":1320,"date":"2018-08-23T10:47:53","date_gmt":"2018-08-23T10:47:53","guid":{"rendered":"https:\/\/teatrulreginamaria.ro\/2018\/08\/23\/stagiunea-2018-2019-la-teatrul-regina-maria\/"},"modified":"2018-08-23T10:47:53","modified_gmt":"2018-08-23T10:47:53","slug":"2018-2019-es-evad-a-queen-maria-szinhazban","status":"publish","type":"post","link":"https:\/\/www.teatrulreginamaria.ro\/hu\/stagiunea-2018-2019-la-teatrul-regina-maria\/","title":{"rendered":"A Regina Maria Sz\u00ednh\u00e1z 2018\u20132019-es \u00e9vada"},"content":{"rendered":"<p style=\"text-align: justify;\"><strong>A 2018-2019-es \u00e9vad szeptemberben kezd\u0151dik a Regina Maria Sz\u00ednh\u00e1zban olyan el\u0151ad\u00e1sokkal, amelyek minden el\u0151ad\u00e1son talpra \u00e1ll\u00edtotta a k\u00f6z\u00f6ns\u00e9get. Az \u00faj sz\u00ednh\u00e1zi \u00e9v azonban minden szempontb\u00f3l rendk\u00edv\u00fclinek \u00edg\u00e9rkezik: amellett, hogy a kor\u00e1bbi \u00e9vadok legkedveltebb el\u0151ad\u00e1sai megism\u00e9tl\u0151dnek, \u00faj projektek is k\u00e9sz\u00fclnek, amelyek klasszikus \u00e9s kort\u00e1rs dramaturgiai m\u0171veket is tartalmaznak, visszat\u00e9rnek olyan rendez\u0151k, akik t\u00f6rt\u00e9nelmet \u00edrtak a nagyv\u00e1radi sz\u00ednh\u00e1zi sz\u00ednpadon, \u00e9s \u00faj rendez\u0151kkel is tal\u00e1lkozhatunk, akik biztosan meglepnek majd minket k\u00fcl\u00f6nleges alkot\u00f3i m\u00f3dszereikkel. <\/strong><\/p>\n<p><!--more--><\/p>\n<p style=\"text-align: justify;\">\u00dajdons\u00e1ggal kezd\u0151dik az \u00e9vad! A n\u00e9z\u0151k megtekinthetik a Regina Maria Sz\u00ednh\u00e1z Iosif Vulcan T\u00e1rsulat\u00e1nak decemberig tart\u00f3 programj\u00e1t, \u00e9s m\u00e1r most megv\u00e1s\u00e1rolhatj\u00e1k a k\u00edv\u00e1nt el\u0151ad\u00e1sokra a jegyeket a Sz\u00ednh\u00e1zi \u00dcgyn\u00f6ks\u00e9gn\u00e9l \u00e9s a biletmaster.ro weboldalon.<\/p>\n<p style=\"text-align: justify;\">Az \u00faj sz\u00ednh\u00e1zi \u00e9vben a Regina Maria Sz\u00ednh\u00e1zat alkot\u00f3 mindh\u00e1rom t\u00e1rsulat gy\u00f6ny\u00f6r\u0171 meglepet\u00e9sekkel k\u00e9sz\u00fclt a nagyv\u00e1radi k\u00f6z\u00f6ns\u00e9gnek.<\/p>\n<p style=\"text-align: justify;\">Az \u00e9vad els\u0151 premierje okt\u00f3ber 14-\u00e9n, vas\u00e1rnap 19 \u00f3rakor lesz az Arcadia Teremben, \u00e9s a B\u00e9csben tanulm\u00e1nyait v\u00e9gz\u0151 fiatal nagyv\u00e1radi rendez\u0151, Alexandru Weinberger-Bara j\u00e1tssza a sz\u00ednpadot. Kor\u00e1nak egyik legvitatottabb sv\u00e9d \u00edr\u00f3j\u00e1nak, August Strindberg &quot;J\u00falia kisasszony&quot; c\u00edm\u0171 m\u0171v\u00e9nek egy sz\u00f6veg\u00e9t \u00e1ll\u00edtja sz\u00ednpadra.<\/p>\n<p style=\"text-align: justify;\">A Iosif Vulcan t\u00e1rsulat novemberben a Nagyteremben bemutatja kort\u00e1rs t\u00f6r\u00f6k dr\u00e1masz\u00f6veg\u00e9t, Tuncer C\u00fccenoglu &quot;Avalan\u015fa&quot; c\u00edm\u0171 m\u0171v\u00e9t. Az el\u0151ad\u00e1st Petru Vutc\u0103r\u0103u, a moldvai sz\u00e1rmaz\u00e1s\u00fa, a nagyv\u00e1radi k\u00f6z\u00f6ns\u00e9g \u00e1ltal ismert \u00e9s nagyra becs\u00fclt rendez\u0151 \u00e9s sz\u00edn\u00e9sz rendezi, aki hetedik egy\u00fcttm\u0171k\u00f6d\u00e9s\u00e9t tervezi a Regina Maria Sz\u00ednh\u00e1zzal.<\/p>\n<p style=\"text-align: justify;\">Az \u00e9vad m\u00e1sodik r\u00e9sz\u00e9ben tov\u00e1bbi h\u00e1rom premiert \u00e9lvezhet\u00fcnk: egy klasszikus dramaturgiai darabot Claudiu Goga, a t\u00f6bbsz\u00f6r\u00f6s d\u00edjnyertes \u00e9s deb\u00fct\u00e1l\u00e1sa \u00f3ta UNITER-d\u00edjas m\u0171v\u00e9sz rendez\u00e9s\u00e9ben; egy kort\u00e1rs amerikai dramaturgiai darabot Erwin \u0218im\u0219ensohn, a fiatal rendez\u0151 rendez\u00e9s\u00e9ben, akinek m\u0171v\u00e9szi tev\u00e9kenys\u00e9g\u00e9t m\u00e1r jelent\u0151s jel\u00f6l\u00e9sekkel \u00e9s d\u00edjakkal jutalmazt\u00e1k, s\u0151t, a 2016-os nagyv\u00e1radi R\u00f6vidsz\u00ednh\u00e1zi Fesztiv\u00e1lon a legjobb rendez\u00e9s\u00e9rt is jel\u00f6lt\u00e9k; valamint egy kort\u00e1rs rom\u00e1n dramaturgiai darabot Radu Iacoban rendez\u00e9s\u00e9ben, akinek neve egyre ismertebb a rom\u00e1n sz\u00ednh\u00e1zban, h\u00e1rmas c\u00edmke alatt: sz\u00edn\u00e9sz, rendez\u0151 \u00e9s dr\u00e1ma\u00edr\u00f3.<\/p>\n<p style=\"text-align: justify;\">Emellett egy, a nagyv\u00e1radi k\u00f6z\u00f6ns\u00e9g \u00e1ltal nagyra becs\u00fclt projekt is folytat\u00f3dik: Nedialko Yordanov \u201eGonzago meggyilkol\u00e1sa\u201d c\u00edm\u0171 darabja, Petru Vutc\u0103r\u0103u rendez\u00e9s\u00e9ben, a nagyv\u00e1radi sz\u00ednh\u00e1zban 2010-ben.<\/p>\n<p style=\"text-align: justify;\">A 2018\u20132019-es \u00e9vadban n\u00e9gyf\u00e9le b\u00e9rlet k\u00f6z\u00fcl v\u00e1laszthatnak a n\u00e9z\u0151k: premier, norm\u00e1l (feln\u0151tt), nyugd\u00edjas \u00e9s di\u00e1kb\u00e9rlet, melyek 2018. szeptember 1. \u00e9s november 1. k\u00f6z\u00f6tt v\u00e1s\u00e1rolhat\u00f3k meg a Sz\u00ednh\u00e1zi \u00dcgyn\u00f6ks\u00e9gn\u00e9l.<\/p>\n<p style=\"text-align: justify;\">Az Arcadia t\u00e1rsulat id\u00e9n is \u00f6r\u00f6met okoz nek\u00fcnk olyan projektekkel, amelyek a fiatal n\u00e9z\u0151ket sz\u00f3l\u00edtj\u00e1k meg, mint p\u00e9ld\u00e1ul a \u201eKing Smoc de Barb\u0103\u201d \u00e9s az \u201eApolodor, az utaz\u00f3 pingvin\u201d, de m\u00e1s meglepet\u00e9sekkel is k\u00e9sz\u00fclnek, amelyek minden bizonnyal lelkesed\u00e9st v\u00e1ltanak ki minden koroszt\u00e1ly k\u00f6r\u00e9ben. Az \u00e9vad \u00fajdons\u00e1ga k\u00e9t nagyszer\u0171 el\u0151ad\u00e1s lesz, amelyek els\u0151sorban a 12-13 \u00e9ves fiataloknak sz\u00f3lnak: a Petre Ghimb\u0103\u0219an rendez\u00e9s\u00e9ben k\u00e9sz\u00fclt \u201eP\u0103cal\u0103 h\u0151stettei\u201d \u00e9s Alexandre Dumas h\u00edres reg\u00e9ny\u00e9nek adapt\u00e1ci\u00f3ja, a \u201eH\u00e1rom musk\u00e9t\u00e1s\u201d.<\/p>\n<p style=\"text-align: justify;\">A Cri\u0219ana Professzion\u00e1lis M\u0171v\u00e9szeti Egy\u00fcttes hogyan m\u00e1sk\u00e9pp k\u00e9sz\u00fcl az \u00fcnnepl\u00e9sre, mint egy m\u0171sorral: egy rendk\u00edv\u00fcli koncerttel, amelyet a Nagy Egyes\u00fcl\u00e9s sz\u00e1zadik \u00e9vfordul\u00f3j\u00e1nak szentelnek, \u00e9s amelyen kereszt\u00fcl a hagyom\u00e1nyos zen\u00e9n, t\u00e1ncon \u00e9s dalokon kereszt\u00fcl siker\u00fcl reproduk\u00e1lniuk egy kicsit abb\u00f3l, amit Rom\u00e1nia jelent.<\/p>\n<p style=\"text-align: justify;\">Rem\u00e9lj\u00fck, hogy ebben az \u00e9vadban is \u00e9lvezhetj\u00fck szeretet\u00fcket, telt h\u00e1zzal tisztelhetj\u00fck meg sz\u00edn\u00e9szeinket az el\u0151ad\u00e1sokon \u00e9s sz\u00fcntelen tapssal, \u00edgy egy\u00fctt gazdag\u00edtva Nagyv\u00e1rad kultur\u00e1lis \u00e9let\u00e9t. Szeretettel v\u00e1rjuk \u00d6n\u00f6ket a sz\u00ednh\u00e1zban!<\/p>\n<p style=\"text-align: justify;\">A 2018\u20132019-es \u00e9vad els\u0151 r\u00e9sz\u00e9nek el\u0151ad\u00e1saira a jegyek m\u00e1r kaphat\u00f3k, \u00e9s a Sz\u00ednh\u00e1zi \u00dcgyn\u00f6ks\u00e9gn\u00e9l keddt\u0151l p\u00e9ntekig 12:00 \u00e9s 18:00 \u00f3ra k\u00f6z\u00f6tt, h\u00e9tv\u00e9g\u00e9n pedig 10:00 \u00e9s 13:00 \u00f3ra k\u00f6z\u00f6tt v\u00e1s\u00e1rolhat\u00f3k meg. Jegyek az el\u0151ad\u00e1s kezdete el\u0151tt egy \u00f3r\u00e1val vagy online a www.biletmaster.ro oldalon is v\u00e1s\u00e1rolhat\u00f3k.<\/p>\n<p style=\"text-align: justify;\">\u00a0<\/p>\n<p style=\"text-align: justify;\">Tov\u00e1bbi inform\u00e1ci\u00f3k\u00e9rt \u00e9s jegyfoglal\u00e1s\u00e9rt k\u00e9rj\u00fck, h\u00edvja a 0372\/368.475-\u00f6s telefonsz\u00e1mot.<\/p>\n<p style=\"text-align: justify;\">\u00a0<\/p>","protected":false},"excerpt":{"rendered":"<p>Stagiunea 2018-2019 \u00eencepe la Teatrul Regina Maria \u00een luna septembrie cu o serie de spectacole care au reu\u0219it s\u0103 ridice publicul \u00een picioare la fiecare reprezenta\u021bie.\u00a0 \u00cens\u0103, noul an teatral se anun\u021b\u0103 a fi extraordinar din toate punctele de vedere: pe l\u00e2ng\u0103 faptul c\u0103 se reiau cele mai iubite spectacole din stagiunile trecute, se preg\u0103tesc [&hellip;]<\/p>\n","protected":false},"author":6,"featured_media":0,"comment_status":"open","ping_status":"open","sticky":false,"template":"","format":"standard","meta":{"_acf_changed":false,"footnotes":""},"categories":[22],"tags":[],"class_list":["post-1320","post","type-post","status-publish","format-standard","hentry","category-noutati-trupa-iosif-vulcan"],"aioseo_notices":[],"aioseo_head":"\n\t\t<!-- All in One SEO Pro 5.0.1.1 - aioseo.com -->\n\t<meta name=\"description\" content=\"Stagiunea 2018-2019 \u00eencepe la Teatrul Regina Maria \u00een luna septembrie cu o serie de spectacole care au reu\u0219it s\u0103 ridice publicul \u00een picioare la fiecare reprezenta\u021bie. \u00cens\u0103, noul an teatral se anun\u021b\u0103 a fi extraordinar din toate punctele de vedere: pe l\u00e2ng\u0103 faptul c\u0103 se reiau cele mai iubite spectacole din stagiunile trecute, se preg\u0103tesc\" \/>\n\t<meta name=\"robots\" content=\"max-image-preview:large\" \/>\n\t<meta name=\"author\" content=\"Teatrul Regina Maria\"\/>\n\t<link rel=\"canonical\" href=\"https:\/\/www.teatrulreginamaria.ro\/hu\/stagiunea-2018-2019-la-teatrul-regina-maria\/\" \/>\n\t<meta name=\"generator\" content=\"All in One SEO Pro (AIOSEO) 5.0.1.1\" \/>\n\t\t<meta property=\"og:locale\" content=\"hu_HU\" \/>\n\t\t<meta property=\"og:site_name\" content=\"Teatrul Regina Maria Oradea - Trupa Iosif Vulcan \u0219i Trupa Arcadia\" \/>\n\t\t<meta property=\"og:type\" content=\"article\" \/>\n\t\t<meta property=\"og:title\" content=\"Stagiunea 2018-2019 la Teatrul Regina Maria - Teatrul Regina Maria Oradea\" \/>\n\t\t<meta property=\"og:description\" content=\"Stagiunea 2018-2019 \u00eencepe la Teatrul Regina Maria \u00een luna septembrie cu o serie de spectacole care au reu\u0219it s\u0103 ridice publicul \u00een picioare la fiecare reprezenta\u021bie. \u00cens\u0103, noul an teatral se anun\u021b\u0103 a fi extraordinar din toate punctele de vedere: pe l\u00e2ng\u0103 faptul c\u0103 se reiau cele mai iubite spectacole din stagiunile trecute, se preg\u0103tesc\" \/>\n\t\t<meta property=\"og:url\" content=\"https:\/\/www.teatrulreginamaria.ro\/hu\/stagiunea-2018-2019-la-teatrul-regina-maria\/\" \/>\n\t\t<meta property=\"og:image\" content=\"https:\/\/www.teatrulreginamaria.ro\/wp-content\/uploads\/2025\/03\/trm-istoric-01.jpg\" \/>\n\t\t<meta property=\"og:image:secure_url\" content=\"https:\/\/www.teatrulreginamaria.ro\/wp-content\/uploads\/2025\/03\/trm-istoric-01.jpg\" \/>\n\t\t<meta property=\"og:image:width\" content=\"1200\" \/>\n\t\t<meta property=\"og:image:height\" content=\"800\" \/>\n\t\t<meta property=\"article:published_time\" content=\"2018-08-23T10:47:53+00:00\" \/>\n\t\t<meta property=\"article:modified_time\" content=\"2018-08-23T10:47:53+00:00\" \/>\n\t\t<meta property=\"article:publisher\" content=\"https:\/\/www.facebook.com\/TRMTrupaIosifVulcan\/\" \/>\n\t\t<meta name=\"twitter:card\" content=\"summary_large_image\" \/>\n\t\t<meta name=\"twitter:site\" content=\"@TRMOradea\" \/>\n\t\t<meta name=\"twitter:title\" content=\"Stagiunea 2018-2019 la Teatrul Regina Maria - Teatrul Regina Maria Oradea\" \/>\n\t\t<meta name=\"twitter:description\" content=\"Stagiunea 2018-2019 \u00eencepe la Teatrul Regina Maria \u00een luna septembrie cu o serie de spectacole care au reu\u0219it s\u0103 ridice publicul \u00een picioare la fiecare reprezenta\u021bie. \u00cens\u0103, noul an teatral se anun\u021b\u0103 a fi extraordinar din toate punctele de vedere: pe l\u00e2ng\u0103 faptul c\u0103 se reiau cele mai iubite spectacole din stagiunile trecute, se preg\u0103tesc\" \/>\n\t\t<meta name=\"twitter:creator\" content=\"@TRMOradea\" \/>\n\t\t<meta name=\"twitter:image\" content=\"https:\/\/www.teatrulreginamaria.ro\/wp-content\/uploads\/2025\/03\/trm-istoric-01.jpg\" \/>\n\t\t<script type=\"application\/ld+json\" class=\"aioseo-schema\">\n\t\t\t{\"@context\":\"https:\\\/\\\/schema.org\",\"@graph\":[{\"@type\":\"BlogPosting\",\"@id\":\"https:\\\/\\\/www.teatrulreginamaria.ro\\\/hu\\\/stagiunea-2018-2019-la-teatrul-regina-maria\\\/#blogposting\",\"name\":\"Stagiunea 2018-2019 la Teatrul Regina Maria - Teatrul Regina Maria Oradea\",\"headline\":\"Stagiunea 2018-2019 la Teatrul Regina Maria\",\"author\":{\"@id\":\"https:\\\/\\\/www.teatrulreginamaria.ro\\\/hu\\\/author\\\/w3bmaster\\\/#author\"},\"publisher\":{\"@id\":\"https:\\\/\\\/www.teatrulreginamaria.ro\\\/hu\\\/#organization\"},\"image\":{\"@type\":\"ImageObject\",\"url\":\"https:\\\/\\\/www.teatrulreginamaria.ro\\\/wp-content\\\/uploads\\\/2025\\\/06\\\/logo-trm-01-dark.png\",\"@id\":\"https:\\\/\\\/www.teatrulreginamaria.ro\\\/hu\\\/#articleImage\",\"width\":300,\"height\":148},\"datePublished\":\"2018-08-23T10:47:53+03:00\",\"dateModified\":\"2018-08-23T10:47:53+03:00\",\"inLanguage\":\"hu-HU\",\"mainEntityOfPage\":{\"@id\":\"https:\\\/\\\/www.teatrulreginamaria.ro\\\/hu\\\/stagiunea-2018-2019-la-teatrul-regina-maria\\\/#webpage\"},\"isPartOf\":{\"@id\":\"https:\\\/\\\/www.teatrulreginamaria.ro\\\/hu\\\/stagiunea-2018-2019-la-teatrul-regina-maria\\\/#webpage\"},\"articleSection\":\"Nout\\u0103\\u021bi - Trupa Iosif Vulcan\"},{\"@type\":\"BreadcrumbList\",\"@id\":\"https:\\\/\\\/www.teatrulreginamaria.ro\\\/hu\\\/stagiunea-2018-2019-la-teatrul-regina-maria\\\/#breadcrumblist\",\"itemListElement\":[{\"@type\":\"ListItem\",\"@id\":\"https:\\\/\\\/www.teatrulreginamaria.ro\\\/hu#listItem\",\"position\":1,\"name\":\"Home\",\"item\":\"https:\\\/\\\/www.teatrulreginamaria.ro\\\/hu\",\"nextItem\":{\"@type\":\"ListItem\",\"@id\":\"https:\\\/\\\/www.teatrulreginamaria.ro\\\/hu\\\/categorie\\\/noutati\\\/#listItem\",\"name\":\"Nout\\u0103\\u021bi\"}},{\"@type\":\"ListItem\",\"@id\":\"https:\\\/\\\/www.teatrulreginamaria.ro\\\/hu\\\/categorie\\\/noutati\\\/#listItem\",\"position\":2,\"name\":\"Nout\\u0103\\u021bi\",\"item\":\"https:\\\/\\\/www.teatrulreginamaria.ro\\\/hu\\\/categorie\\\/noutati\\\/\",\"nextItem\":{\"@type\":\"ListItem\",\"@id\":\"https:\\\/\\\/www.teatrulreginamaria.ro\\\/hu\\\/categorie\\\/noutati\\\/noutati-trupa-iosif-vulcan\\\/#listItem\",\"name\":\"Nout\\u0103\\u021bi - Trupa Iosif Vulcan\"},\"previousItem\":{\"@type\":\"ListItem\",\"@id\":\"https:\\\/\\\/www.teatrulreginamaria.ro\\\/hu#listItem\",\"name\":\"Home\"}},{\"@type\":\"ListItem\",\"@id\":\"https:\\\/\\\/www.teatrulreginamaria.ro\\\/hu\\\/categorie\\\/noutati\\\/noutati-trupa-iosif-vulcan\\\/#listItem\",\"position\":3,\"name\":\"Nout\\u0103\\u021bi - Trupa Iosif Vulcan\",\"item\":\"https:\\\/\\\/www.teatrulreginamaria.ro\\\/hu\\\/categorie\\\/noutati\\\/noutati-trupa-iosif-vulcan\\\/\",\"nextItem\":{\"@type\":\"ListItem\",\"@id\":\"https:\\\/\\\/www.teatrulreginamaria.ro\\\/hu\\\/stagiunea-2018-2019-la-teatrul-regina-maria\\\/#listItem\",\"name\":\"Stagiunea 2018-2019 la Teatrul Regina Maria\"},\"previousItem\":{\"@type\":\"ListItem\",\"@id\":\"https:\\\/\\\/www.teatrulreginamaria.ro\\\/hu\\\/categorie\\\/noutati\\\/#listItem\",\"name\":\"Nout\\u0103\\u021bi\"}},{\"@type\":\"ListItem\",\"@id\":\"https:\\\/\\\/www.teatrulreginamaria.ro\\\/hu\\\/stagiunea-2018-2019-la-teatrul-regina-maria\\\/#listItem\",\"position\":4,\"name\":\"Stagiunea 2018-2019 la Teatrul Regina Maria\",\"previousItem\":{\"@type\":\"ListItem\",\"@id\":\"https:\\\/\\\/www.teatrulreginamaria.ro\\\/hu\\\/categorie\\\/noutati\\\/noutati-trupa-iosif-vulcan\\\/#listItem\",\"name\":\"Nout\\u0103\\u021bi - Trupa Iosif Vulcan\"}}]},{\"@type\":\"Organization\",\"@id\":\"https:\\\/\\\/www.teatrulreginamaria.ro\\\/hu\\\/#organization\",\"name\":\"Teatrul Regina Maria Oradea\",\"description\":\"Trupa Iosif Vulcan \\u0219i Trupa Arcadia\",\"url\":\"https:\\\/\\\/www.teatrulreginamaria.ro\\\/hu\\\/\",\"email\":\"marketing@teatrulreginamaria.ro\",\"telephone\":\"+40359411534\",\"numberOfEmployees\":{\"@type\":\"QuantitativeValue\",\"minValue\":0,\"maxValue\":150},\"logo\":{\"@type\":\"ImageObject\",\"url\":\"https:\\\/\\\/www.teatrulreginamaria.ro\\\/wp-content\\\/uploads\\\/2025\\\/06\\\/logo-trm-01-dark.png\",\"@id\":\"https:\\\/\\\/www.teatrulreginamaria.ro\\\/hu\\\/stagiunea-2018-2019-la-teatrul-regina-maria\\\/#organizationLogo\",\"width\":300,\"height\":148},\"image\":{\"@id\":\"https:\\\/\\\/www.teatrulreginamaria.ro\\\/hu\\\/stagiunea-2018-2019-la-teatrul-regina-maria\\\/#organizationLogo\"},\"sameAs\":[\"https:\\\/\\\/www.facebook.com\\\/TRMTrupaIosifVulcan\\\/\",\"https:\\\/\\\/x.com\\\/TRMOradea\",\"https:\\\/\\\/www.instagram.com\\\/teatrul_regina_maria\\\/\",\"https:\\\/\\\/www.youtube.com\\\/c\\\/TeatrulReginaMariaOradea\",\"https:\\\/\\\/www.linkedin.com\\\/company\\\/teatrul-regina-maria\"]},{\"@type\":\"Person\",\"@id\":\"https:\\\/\\\/www.teatrulreginamaria.ro\\\/hu\\\/author\\\/w3bmaster\\\/#author\",\"url\":\"https:\\\/\\\/www.teatrulreginamaria.ro\\\/hu\\\/author\\\/w3bmaster\\\/\",\"name\":\"Teatrul Regina Maria\",\"image\":{\"@type\":\"ImageObject\",\"@id\":\"https:\\\/\\\/www.teatrulreginamaria.ro\\\/hu\\\/stagiunea-2018-2019-la-teatrul-regina-maria\\\/#authorImage\",\"url\":\"https:\\\/\\\/secure.gravatar.com\\\/avatar\\\/5884139d508ae3f0bafe45e60563b48a9640146d3b08ccc6278c305ff9329305?s=96&d=mm&r=g\",\"width\":96,\"height\":96,\"caption\":\"Teatrul Regina Maria\"}},{\"@type\":\"WebPage\",\"@id\":\"https:\\\/\\\/www.teatrulreginamaria.ro\\\/hu\\\/stagiunea-2018-2019-la-teatrul-regina-maria\\\/#webpage\",\"url\":\"https:\\\/\\\/www.teatrulreginamaria.ro\\\/hu\\\/stagiunea-2018-2019-la-teatrul-regina-maria\\\/\",\"name\":\"Stagiunea 2018-2019 la Teatrul Regina Maria - Teatrul Regina Maria Oradea\",\"description\":\"Stagiunea 2018-2019 \\u00eencepe la Teatrul Regina Maria \\u00een luna septembrie cu o serie de spectacole care au reu\\u0219it s\\u0103 ridice publicul \\u00een picioare la fiecare reprezenta\\u021bie. \\u00cens\\u0103, noul an teatral se anun\\u021b\\u0103 a fi extraordinar din toate punctele de vedere: pe l\\u00e2ng\\u0103 faptul c\\u0103 se reiau cele mai iubite spectacole din stagiunile trecute, se preg\\u0103tesc\",\"inLanguage\":\"hu-HU\",\"isPartOf\":{\"@id\":\"https:\\\/\\\/www.teatrulreginamaria.ro\\\/hu\\\/#website\"},\"breadcrumb\":{\"@id\":\"https:\\\/\\\/www.teatrulreginamaria.ro\\\/hu\\\/stagiunea-2018-2019-la-teatrul-regina-maria\\\/#breadcrumblist\"},\"author\":{\"@id\":\"https:\\\/\\\/www.teatrulreginamaria.ro\\\/hu\\\/author\\\/w3bmaster\\\/#author\"},\"creator\":{\"@id\":\"https:\\\/\\\/www.teatrulreginamaria.ro\\\/hu\\\/author\\\/w3bmaster\\\/#author\"},\"datePublished\":\"2018-08-23T10:47:53+03:00\",\"dateModified\":\"2018-08-23T10:47:53+03:00\"},{\"@type\":\"WebSite\",\"@id\":\"https:\\\/\\\/www.teatrulreginamaria.ro\\\/hu\\\/#website\",\"url\":\"https:\\\/\\\/www.teatrulreginamaria.ro\\\/hu\\\/\",\"name\":\"Teatrul Regina Maria Oradea\",\"alternateName\":\"TRM Oradea\",\"description\":\"Trupa Iosif Vulcan \\u0219i Trupa Arcadia\",\"inLanguage\":\"hu-HU\",\"publisher\":{\"@id\":\"https:\\\/\\\/www.teatrulreginamaria.ro\\\/hu\\\/#organization\"}}]}\n\t\t<\/script>\n\t\t<!-- All in One SEO Pro -->\r\n\t\t<title>Stagiunea 2018-2019 la Teatrul Regina Maria - Teatrul Regina Maria Oradea<\/title>\n\n","aioseo_head_json":{"title":"A 2018-2019-es \u00e9vad a Regina Maria Sz\u00ednh\u00e1zban - Regina Maria Sz\u00ednh\u00e1z Nagyv\u00e1radon","description":"A 2018\u20132019-es \u00e9vad szeptemberben kezd\u0151dik a Regina Maria Sz\u00ednh\u00e1zban olyan el\u0151ad\u00e1sokkal, amelyek minden egyes el\u0151ad\u00e1son talpra \u00e1ll\u00edtotta a k\u00f6z\u00f6ns\u00e9get. Az \u00faj sz\u00ednh\u00e1zi \u00e9v azonban minden szempontb\u00f3l rendk\u00edv\u00fclinek \u00edg\u00e9rkezik: amellett, hogy a kor\u00e1bbi \u00e9vadok legkedveltebb darabjai \u00fajra m\u0171sorra ker\u00fclnek, a felk\u00e9sz\u00fcl\u00e9s is folyamatban van.","canonical_url":"https:\/\/www.teatrulreginamaria.ro\/hu\/stagiunea-2018-2019-la-teatrul-regina-maria\/","robots":"max-image-preview:large","keywords":"","webmasterTools":{"miscellaneous":""},"schema":{"@context":"https:\/\/schema.org","@graph":[{"@type":"BlogPosting","@id":"https:\/\/www.teatrulreginamaria.ro\/hu\/stagiunea-2018-2019-la-teatrul-regina-maria\/#blogposting","name":"Stagiunea 2018-2019 la Teatrul Regina Maria - Teatrul Regina Maria Oradea","headline":"Stagiunea 2018-2019 la Teatrul Regina Maria","author":{"@id":"https:\/\/www.teatrulreginamaria.ro\/hu\/author\/w3bmaster\/#author"},"publisher":{"@id":"https:\/\/www.teatrulreginamaria.ro\/hu\/#organization"},"image":{"@type":"ImageObject","url":"https:\/\/www.teatrulreginamaria.ro\/wp-content\/uploads\/2025\/06\/logo-trm-01-dark.png","@id":"https:\/\/www.teatrulreginamaria.ro\/hu\/#articleImage","width":300,"height":148},"datePublished":"2018-08-23T10:47:53+03:00","dateModified":"2018-08-23T10:47:53+03:00","inLanguage":"hu-HU","mainEntityOfPage":{"@id":"https:\/\/www.teatrulreginamaria.ro\/hu\/stagiunea-2018-2019-la-teatrul-regina-maria\/#webpage"},"isPartOf":{"@id":"https:\/\/www.teatrulreginamaria.ro\/hu\/stagiunea-2018-2019-la-teatrul-regina-maria\/#webpage"},"articleSection":"Nout\u0103\u021bi - Trupa Iosif Vulcan"},{"@type":"BreadcrumbList","@id":"https:\/\/www.teatrulreginamaria.ro\/hu\/stagiunea-2018-2019-la-teatrul-regina-maria\/#breadcrumblist","itemListElement":[{"@type":"ListItem","@id":"https:\/\/www.teatrulreginamaria.ro\/hu#listItem","position":1,"name":"Home","item":"https:\/\/www.teatrulreginamaria.ro\/hu","nextItem":{"@type":"ListItem","@id":"https:\/\/www.teatrulreginamaria.ro\/hu\/categorie\/noutati\/#listItem","name":"Nout\u0103\u021bi"}},{"@type":"ListItem","@id":"https:\/\/www.teatrulreginamaria.ro\/hu\/categorie\/noutati\/#listItem","position":2,"name":"Nout\u0103\u021bi","item":"https:\/\/www.teatrulreginamaria.ro\/hu\/categorie\/noutati\/","nextItem":{"@type":"ListItem","@id":"https:\/\/www.teatrulreginamaria.ro\/hu\/categorie\/noutati\/noutati-trupa-iosif-vulcan\/#listItem","name":"Nout\u0103\u021bi - Trupa Iosif Vulcan"},"previousItem":{"@type":"ListItem","@id":"https:\/\/www.teatrulreginamaria.ro\/hu#listItem","name":"Home"}},{"@type":"ListItem","@id":"https:\/\/www.teatrulreginamaria.ro\/hu\/categorie\/noutati\/noutati-trupa-iosif-vulcan\/#listItem","position":3,"name":"Nout\u0103\u021bi - Trupa Iosif Vulcan","item":"https:\/\/www.teatrulreginamaria.ro\/hu\/categorie\/noutati\/noutati-trupa-iosif-vulcan\/","nextItem":{"@type":"ListItem","@id":"https:\/\/www.teatrulreginamaria.ro\/hu\/stagiunea-2018-2019-la-teatrul-regina-maria\/#listItem","name":"Stagiunea 2018-2019 la Teatrul Regina Maria"},"previousItem":{"@type":"ListItem","@id":"https:\/\/www.teatrulreginamaria.ro\/hu\/categorie\/noutati\/#listItem","name":"Nout\u0103\u021bi"}},{"@type":"ListItem","@id":"https:\/\/www.teatrulreginamaria.ro\/hu\/stagiunea-2018-2019-la-teatrul-regina-maria\/#listItem","position":4,"name":"Stagiunea 2018-2019 la Teatrul Regina Maria","previousItem":{"@type":"ListItem","@id":"https:\/\/www.teatrulreginamaria.ro\/hu\/categorie\/noutati\/noutati-trupa-iosif-vulcan\/#listItem","name":"Nout\u0103\u021bi - Trupa Iosif Vulcan"}}]},{"@type":"Organization","@id":"https:\/\/www.teatrulreginamaria.ro\/hu\/#organization","name":"Teatrul Regina Maria Oradea","description":"Trupa Iosif Vulcan \u0219i Trupa Arcadia","url":"https:\/\/www.teatrulreginamaria.ro\/hu\/","email":"marketing@teatrulreginamaria.ro","telephone":"+40359411534","numberOfEmployees":{"@type":"QuantitativeValue","minValue":0,"maxValue":150},"logo":{"@type":"ImageObject","url":"https:\/\/www.teatrulreginamaria.ro\/wp-content\/uploads\/2025\/06\/logo-trm-01-dark.png","@id":"https:\/\/www.teatrulreginamaria.ro\/hu\/stagiunea-2018-2019-la-teatrul-regina-maria\/#organizationLogo","width":300,"height":148},"image":{"@id":"https:\/\/www.teatrulreginamaria.ro\/hu\/stagiunea-2018-2019-la-teatrul-regina-maria\/#organizationLogo"},"sameAs":["https:\/\/www.facebook.com\/TRMTrupaIosifVulcan\/","https:\/\/x.com\/TRMOradea","https:\/\/www.instagram.com\/teatrul_regina_maria\/","https:\/\/www.youtube.com\/c\/TeatrulReginaMariaOradea","https:\/\/www.linkedin.com\/company\/teatrul-regina-maria"]},{"@type":"Person","@id":"https:\/\/www.teatrulreginamaria.ro\/hu\/author\/w3bmaster\/#author","url":"https:\/\/www.teatrulreginamaria.ro\/hu\/author\/w3bmaster\/","name":"Teatrul Regina Maria","image":{"@type":"ImageObject","@id":"https:\/\/www.teatrulreginamaria.ro\/hu\/stagiunea-2018-2019-la-teatrul-regina-maria\/#authorImage","url":"https:\/\/secure.gravatar.com\/avatar\/5884139d508ae3f0bafe45e60563b48a9640146d3b08ccc6278c305ff9329305?s=96&d=mm&r=g","width":96,"height":96,"caption":"Teatrul Regina Maria"}},{"@type":"WebPage","@id":"https:\/\/www.teatrulreginamaria.ro\/hu\/stagiunea-2018-2019-la-teatrul-regina-maria\/#webpage","url":"https:\/\/www.teatrulreginamaria.ro\/hu\/stagiunea-2018-2019-la-teatrul-regina-maria\/","name":"Stagiunea 2018-2019 la Teatrul Regina Maria - Teatrul Regina Maria Oradea","description":"Stagiunea 2018-2019 \u00eencepe la Teatrul Regina Maria \u00een luna septembrie cu o serie de spectacole care au reu\u0219it s\u0103 ridice publicul \u00een picioare la fiecare reprezenta\u021bie. \u00cens\u0103, noul an teatral se anun\u021b\u0103 a fi extraordinar din toate punctele de vedere: pe l\u00e2ng\u0103 faptul c\u0103 se reiau cele mai iubite spectacole din stagiunile trecute, se preg\u0103tesc","inLanguage":"hu-HU","isPartOf":{"@id":"https:\/\/www.teatrulreginamaria.ro\/hu\/#website"},"breadcrumb":{"@id":"https:\/\/www.teatrulreginamaria.ro\/hu\/stagiunea-2018-2019-la-teatrul-regina-maria\/#breadcrumblist"},"author":{"@id":"https:\/\/www.teatrulreginamaria.ro\/hu\/author\/w3bmaster\/#author"},"creator":{"@id":"https:\/\/www.teatrulreginamaria.ro\/hu\/author\/w3bmaster\/#author"},"datePublished":"2018-08-23T10:47:53+03:00","dateModified":"2018-08-23T10:47:53+03:00"},{"@type":"WebSite","@id":"https:\/\/www.teatrulreginamaria.ro\/hu\/#website","url":"https:\/\/www.teatrulreginamaria.ro\/hu\/","name":"Teatrul Regina Maria Oradea","alternateName":"TRM Oradea","description":"Trupa Iosif Vulcan \u0219i Trupa Arcadia","inLanguage":"hu-HU","publisher":{"@id":"https:\/\/www.teatrulreginamaria.ro\/hu\/#organization"}}]},"og:locale":"hu_HU","og:site_name":"Teatrul Regina Maria Oradea - Trupa Iosif Vulcan \u0219i Trupa Arcadia","og:type":"article","og:title":"Stagiunea 2018-2019 la Teatrul Regina Maria - Teatrul Regina Maria Oradea","og:description":"Stagiunea 2018-2019 \u00eencepe la Teatrul Regina Maria \u00een luna septembrie cu o serie de spectacole care au reu\u0219it s\u0103 ridice publicul \u00een picioare la fiecare reprezenta\u021bie. \u00cens\u0103, noul an teatral se anun\u021b\u0103 a fi extraordinar din toate punctele de vedere: pe l\u00e2ng\u0103 faptul c\u0103 se reiau cele mai iubite spectacole din stagiunile trecute, se preg\u0103tesc","og:url":"https:\/\/www.teatrulreginamaria.ro\/hu\/stagiunea-2018-2019-la-teatrul-regina-maria\/","og:image":"https:\/\/www.teatrulreginamaria.ro\/wp-content\/uploads\/2025\/03\/trm-istoric-01.jpg","og:image:secure_url":"https:\/\/www.teatrulreginamaria.ro\/wp-content\/uploads\/2025\/03\/trm-istoric-01.jpg","og:image:width":1200,"og:image:height":800,"article:published_time":"2018-08-23T10:47:53+00:00","article:modified_time":"2018-08-23T10:47:53+00:00","article:publisher":"https:\/\/www.facebook.com\/TRMTrupaIosifVulcan\/","twitter:card":"summary_large_image","twitter:site":"@TRMOradea","twitter:title":"Stagiunea 2018-2019 la Teatrul Regina Maria - Teatrul Regina Maria Oradea","twitter:description":"Stagiunea 2018-2019 \u00eencepe la Teatrul Regina Maria \u00een luna septembrie cu o serie de spectacole care au reu\u0219it s\u0103 ridice publicul \u00een picioare la fiecare reprezenta\u021bie. \u00cens\u0103, noul an teatral se anun\u021b\u0103 a fi extraordinar din toate punctele de vedere: pe l\u00e2ng\u0103 faptul c\u0103 se reiau cele mai iubite spectacole din stagiunile trecute, se preg\u0103tesc","twitter:creator":"@TRMOradea","twitter:image":"https:\/\/www.teatrulreginamaria.ro\/wp-content\/uploads\/2025\/03\/trm-istoric-01.jpg"},"aioseo_meta_data":{"post_id":"1320","title":null,"description":null,"keywords":null,"keyphrases":null,"primary_term":null,"canonical_url":null,"og_title":null,"og_description":null,"og_object_type":"default","og_image_type":"default","og_image_url":null,"og_image_width":null,"og_image_height":null,"og_image_custom_url":null,"og_image_custom_fields":null,"og_video":null,"og_custom_url":null,"og_article_section":null,"og_article_tags":null,"twitter_use_og":false,"twitter_card":"default","twitter_image_type":"default","twitter_image_url":null,"twitter_image_custom_url":null,"twitter_image_custom_fields":null,"twitter_title":null,"twitter_description":null,"schema":{"blockGraphs":[],"customGraphs":[],"default":{"data":{"Article":[],"Course":[],"Dataset":[],"FAQPage":[],"Movie":[],"Person":[],"Product":[],"ProductReview":[],"Car":[],"Recipe":[],"Service":[],"SoftwareApplication":[],"WebPage":[]},"graphName":"","isEnabled":true},"graphs":[]},"schema_type":"default","schema_type_options":null,"pillar_content":false,"robots_default":true,"robots_noindex":false,"robots_noarchive":false,"robots_nosnippet":false,"robots_nofollow":false,"robots_noimageindex":false,"robots_noodp":false,"robots_notranslate":false,"robots_max_snippet":null,"robots_max_videopreview":null,"robots_max_imagepreview":"large","priority":null,"frequency":null,"local_seo":null,"seo_analyzer_scan_date":"2026-05-13 02:12:00","breadcrumb_settings":null,"limit_modified_date":false,"reviewed_by":null,"open_ai":null,"ai":null,"created":"2025-04-09 17:42:41","updated":"2026-05-13 02:12:00","focus_keyword":null,"additional_keywords":null,"truseo_locale":null},"aioseo_breadcrumb":"<div class=\"aioseo-breadcrumbs\"><span class=\"aioseo-breadcrumb\">\n\t<a href=\"https:\/\/www.teatrulreginamaria.ro\/hu\" title=\"Home\">Home<\/a>\n<\/span><span class=\"aioseo-breadcrumb-separator\">&raquo;<\/span><span class=\"aioseo-breadcrumb\">\n\t<a href=\"https:\/\/www.teatrulreginamaria.ro\/hu\/categorie\/noutati\/\" title=\"Nout\u0103\u021bi\">Nout\u0103\u021bi<\/a>\n<\/span><span class=\"aioseo-breadcrumb-separator\">&raquo;<\/span><span class=\"aioseo-breadcrumb\">\n\t<a href=\"https:\/\/www.teatrulreginamaria.ro\/hu\/categorie\/noutati\/noutati-trupa-iosif-vulcan\/\" title=\"Nout\u0103\u021bi - Trupa Iosif Vulcan\">Nout\u0103\u021bi - Trupa Iosif Vulcan<\/a>\n<\/span><span class=\"aioseo-breadcrumb-separator\">&raquo;<\/span><span class=\"aioseo-breadcrumb\">\n\tStagiunea 2018-2019 la Teatrul Regina Maria\n<\/span><\/div>","aioseo_breadcrumb_json":[{"label":"Home","link":"https:\/\/www.teatrulreginamaria.ro\/hu"},{"label":"Nout\u0103\u021bi","link":"https:\/\/www.teatrulreginamaria.ro\/hu\/categorie\/noutati\/"},{"label":"Nout\u0103\u021bi - Trupa Iosif Vulcan","link":"https:\/\/www.teatrulreginamaria.ro\/hu\/categorie\/noutati\/noutati-trupa-iosif-vulcan\/"},{"label":"Stagiunea 2018-2019 la Teatrul Regina Maria","link":"https:\/\/www.teatrulreginamaria.ro\/hu\/stagiunea-2018-2019-la-teatrul-regina-maria\/"}],"acf":[],"_links":{"self":[{"href":"https:\/\/www.teatrulreginamaria.ro\/hu\/wp-json\/wp\/v2\/posts\/1320","targetHints":{"allow":["GET"]}}],"collection":[{"href":"https:\/\/www.teatrulreginamaria.ro\/hu\/wp-json\/wp\/v2\/posts"}],"about":[{"href":"https:\/\/www.teatrulreginamaria.ro\/hu\/wp-json\/wp\/v2\/types\/post"}],"author":[{"embeddable":true,"href":"https:\/\/www.teatrulreginamaria.ro\/hu\/wp-json\/wp\/v2\/users\/6"}],"replies":[{"embeddable":true,"href":"https:\/\/www.teatrulreginamaria.ro\/hu\/wp-json\/wp\/v2\/comments?post=1320"}],"version-history":[{"count":0,"href":"https:\/\/www.teatrulreginamaria.ro\/hu\/wp-json\/wp\/v2\/posts\/1320\/revisions"}],"wp:attachment":[{"href":"https:\/\/www.teatrulreginamaria.ro\/hu\/wp-json\/wp\/v2\/media?parent=1320"}],"wp:term":[{"taxonomy":"category","embeddable":true,"href":"https:\/\/www.teatrulreginamaria.ro\/hu\/wp-json\/wp\/v2\/categories?post=1320"},{"taxonomy":"post_tag","embeddable":true,"href":"https:\/\/www.teatrulreginamaria.ro\/hu\/wp-json\/wp\/v2\/tags?post=1320"}],"curies":[{"name":"munkaf\u00fczet","href":"https:\/\/api.w.org\/{rel}","templated":true}]}}