{"id":13239,"date":"2025-04-24T15:18:21","date_gmt":"2025-04-24T12:18:21","guid":{"rendered":"https:\/\/www.teatrulreginamaria.ro\/?p=13239"},"modified":"2025-04-29T08:56:52","modified_gmt":"2025-04-29T05:56:52","slug":"sajtokozlemeny-premiere_frederick-eger-tudom-ki-vagyok","status":"publish","type":"post","link":"https:\/\/www.teatrulreginamaria.ro\/hu\/comunicat-de-presa-premiera_soricelul-frederick-stiu-cine-sunt\/","title":{"rendered":"SAJT\u00d3K\u00d6ZLEM\u00c9NY | PREMIERE_Frederick az eg\u00e9r \u2013 Tudom, ki vagyok \u2013\u201d"},"content":{"rendered":"<p class=\"wp-block-paragraph\"><strong>\u00daj premierrel k\u00e9sz\u00fcl a Regina Maria Sz\u00ednh\u00e1z Arcadia t\u00e1rsulata: a &quot;Frederick the Mouse - I Know Who I Am -&quot; c\u00edm\u0171 el\u0151ad\u00e1st Ana Cr\u0103ciun Lambru jegyzi, amelyet Leo Lionni Frederick c\u00edm\u0171 h\u00edres k\u00f6nyve ihletett, amelynek csapat\u00e1ban k\u00e9t olyan m\u0171v\u00e9sz is szerepel, akik az UNITER-d\u00edj\u00e1tad\u00f3 g\u00e1l\u00e1j\u00e1n gyakran reflektorf\u00e9nybe ker\u00fclnek.<\/strong><\/p>\n\n\n\n<!--more-->\n\n\n\n<p class=\"wp-block-paragraph\">Ana Cr\u0103ciun-Lambru b\u00e1bsz\u00edn\u00e9sz, sz\u00edn\u00e9szn\u0151 \u00e9s rendez\u0151, a bukaresti IL Caragiale Sz\u00ednh\u00e1z- \u00e9s Filmm\u0171v\u00e9szeti Akad\u00e9mi\u00e1n szerzett anim\u00e1ci\u00f3s sz\u00ednh\u00e1z szakon. 2016-ban a c\u00edmet is megszerezte <em>K\u00e9pz\u0151m\u0171v\u00e9szeti mester b\u00e1bsz\u00edn\u00e9sz szakon<\/em> a Connecticuti Egyetem B\u00e1bm\u0171v\u00e9szeti Programj\u00e1ban Fulbright-\u00f6szt\u00f6nd\u00edjjal, \u00e9s nyer <em>a legjobb sz\u00edn\u00e9szn\u0151nek j\u00e1r\u00f3 d\u00edjat<\/em> az AnimArt World Puppet Karnev\u00e1lon a lengyelorsz\u00e1gi Lodzban a &quot;Por&quot; c\u00edm\u0171 el\u0151ad\u00e1ssal, a mester fokozat megszerz\u00e9s\u00e9nek z\u00e1r\u00f3 projektj\u00e9vel. Orsz\u00e1gosan m\u00e1r 2 jel\u00f6l\u00e9snek \u00f6rvend az UNITER-d\u00edj\u00e1tad\u00f3 g\u00e1l\u00e1n, 2024-ben az &quot;Alice Csodaorsz\u00e1gban&quot; c\u00edm\u0171 el\u0151ad\u00e1sra, 2025-ben pedig a &quot;Zahara\u015fka \u00e9s az elfelejtett h\u00f3&quot; c\u00edm\u0171 filmre a legjobb anim\u00e1ci\u00f3s\/gyermeksz\u00ednh\u00e1zi el\u0151ad\u00e1s kateg\u00f3ri\u00e1j\u00e1ban.<\/p>\n\n\n\n<p class=\"wp-block-paragraph\">A \u201eFrederick az eg\u00e9r \u2013 Tudom, ki vagyok \u2013\u201d sz\u00f6veget Leo Lionni \u201eFrederick\u201d c\u00edm\u0171 t\u00f6rt\u00e9nete ihlette, amely a gyermekek referenciak\u00f6nyvek\u00e9nt szerepel, \u00e9s a gyermekkorban olvasnival\u00f3 1001 legjobb k\u00f6nyv k\u00f6z\u00f6tt tal\u00e1lhat\u00f3. Az Ana Cr\u0103ciun Lambru \u00e1ltal \u00fajra\u00edrt forgat\u00f3k\u00f6nyv meg\u0151rzi az eredeti t\u00f6rt\u00e9net narrat\u00edv sz\u00e1l\u00e1t: egy eg\u00e9rcsoport szigor\u00faan gy\u0171jti a t\u00e9lre a k\u00e9szleteket, kiv\u00e9ve Fredericket, az \u00e1lmodoz\u00f3 egeret, aki sz\u00edneket \u00e9s napsugarakat gy\u0171jt, de a helyi val\u00f3s\u00e1g ihlette elemekkel gazdagodik. Ezeket a rendez\u0151k k\u00e9t, Nagyv\u00e1radon tartott m\u0171helymunka ut\u00e1n integr\u00e1lt\u00e1k: az egyik a mesemond\u00e1sr\u00f3l, Ioana Druga\u0219 iskolapszichol\u00f3gussal k\u00f6z\u00f6sen, sz\u00fcl\u0151k \u00e9s gyerekek r\u00e9szv\u00e9tel\u00e9vel, a m\u00e1sik pedig az \u00c1rk\u00e1dia t\u00e1rsulat szerepl\u0151inek szentelt, a kezel\u00e9si technik\u00e1val foglalkozott.<\/p>\n\n\n\n<p class=\"wp-block-paragraph\">Minden v\u00e1rosba megyek mes\u00e9lni; a t\u00f6rt\u00e9net ahhoz a k\u00f6z\u00f6ss\u00e9ghez tartozik, a t\u00f6rt\u00e9net a v\u00e1ros\u00e9. Nagyv\u00e1radon, amikor meg\u00e9rkeztem, elkezdtem besz\u00e9lgetni az itteni emberekkel, m\u00e9g a sz\u00ednh\u00e1zb\u00f3l is, \u00e9s a vallom\u00e1saikkal \u00e9s mindazzal, amit a m\u0171helyben a sz\u00fcl\u0151kkel \u00e9s a m\u0171helyben a sz\u00edn\u00e9szekkel fedeztem fel, minden t\u00f6rt\u00e9net\u00fck, minden \u00e9rzelm\u00fck beker\u00fclt a forgat\u00f3k\u00f6nyvbe, \u00e9s al\u00e1t\u00e1masztja azt \u2013 vallja Ana Cr\u0103ciun Lambru.<\/p>\n\n\n\n<p class=\"wp-block-paragraph\">Az el\u0151ad\u00e1s komplex sz\u00ednh\u00e1zi \u00e9lm\u00e9nyt k\u00edn\u00e1l, k\u00fcl\u00f6nf\u00e9le kezel\u00e9si technik\u00e1kat, eredeti zen\u00e9t \u00e9s vide\u00f3-mapping elemeket \u00f6tv\u00f6zve, amelyek kieg\u00e9sz\u00edtik a szcenogr\u00e1fi\u00e1t \u00e9s al\u00e1t\u00e1masztj\u00e1k a t\u00f6rt\u00e9netet. Az el\u0151ad\u00e1s f\u0151 \u00fczenete m\u00e9ly \u00e9s egyetemes: arra buzd\u00edtja a gyerekeket, hogy legyenek b\u00e1trak k\u00f6vetni \u00e1lmaikat, a feln\u0151tteket pedig arra, hogy \u00fajra kapcsolatba ker\u00fcljenek hiteles \u00e9nj\u00fckkel, m\u00e9g akkor is, ha a v\u00e1lasztott utat m\u00e1sok nem \u00e9rtik.<\/p>\n\n\n\n<p class=\"wp-block-paragraph\">Az el\u0151ad\u00e1s szcenogr\u00e1fi\u00e1j\u00e1t Alexandra Budianu k\u00e9sz\u00edtette, akit Cs\u00fcri Emese szcenogr\u00e1fus seg\u00edtett. A bab\u00e1kat R\u0103zvan Chendrean k\u00e9sz\u00edti, Ana Cr\u0103ciun Lambru festette, az USA-ban beszerzett speci\u00e1lis technik\u00e1val. M\u0103d\u0103lina Baciu b\u00e1bok \u00e9s kell\u00e9kek gy\u00e1rt\u00e1si asszisztensek\u00e9nt m\u0171k\u00f6d\u00f6tt k\u00f6zre.<\/p>\n\n\n\n<p class=\"wp-block-paragraph\">A kreat\u00edv csapatot a k\u00e9t UNITER-d\u00edjjal kit\u00fcntetett neves zeneszerz\u0151, C\u00e1ri Tibor eg\u00e9sz\u00edti ki, a vide\u00f3z\u00e1st Radu Mar\u021bin \u00e9s Andrei Cozlac, a f\u00e9nytervez\u00e9st Papp P\u00e9ter tervezi. A forgat\u00f3k\u00f6nyvet Florin Tudose dramaturgiai tan\u00e1csad\u00f3ja seg\u00edtette el\u0151.<\/p>\n\n\n\n<p class=\"wp-block-paragraph\">A m\u0171sor szerepl\u0151i k\u00f6z\u00f6tt a k\u00f6vetkez\u0151 sz\u00edn\u00e9szek szerepelnek: Armanca Serac, Alexandru Pop, Florian Silaghi, Consuela Egyed, Andrei Fazeca\u0219, Alexandru Crefelean \u00e9s Igor Lungu.<\/p>\n\n\n\n<p class=\"wp-block-paragraph\">A premier \u00e1prilis 26-\u00e1n, 18:00-kor lesz az \u00c1rk\u00e1dia Csarnokban, \u00e9s m\u00e1r minden jegy elkelt. A k\u00f6vetkez\u0151 el\u0151ad\u00e1sok m\u00e1jus 6-\u00e1n, 7-\u00e9n \u00e9s 18-\u00e1n, 18:00 \u00f3rai kezdettel lesznek az \u00c1rk\u00e1dia teremben. Jegyek v\u00e1s\u00e1rolhat\u00f3k a Regina Maria Sz\u00ednh\u00e1z \u00fcgyn\u00f6ks\u00e9g\u00e9n\u00e9l (Pia\u021ba Regele Ferdinand I, 6. sz\u00e1m) \u00e9s online, a Poftim Cultur\u0103 platformon.<\/p>\n\n\n\n<p class=\"wp-block-paragraph\">Szeretettel v\u00e1runk a sz\u00ednh\u00e1zba!<\/p>","protected":false},"excerpt":{"rendered":"<p>\u00daj premierrel k\u00e9sz\u00fcl a Regina Maria Sz\u00ednh\u00e1z Arcadia t\u00e1rsulata: a &quot;Frederick the Mouse - I Know Who I Am -&quot; c\u00edm\u0171 el\u0151ad\u00e1st Ana Cr\u0103ciun Lambru jegyzi, amelyet Leo Lionni Frederick c\u00edm\u0171 h\u00edres k\u00f6nyve ihletett, amelynek csapat\u00e1ban k\u00e9t olyan m\u0171v\u00e9sz is szerepel, akik az UNITER-d\u00edj\u00e1tad\u00f3 g\u00e1l\u00e1j\u00e1n gyakran reflektorf\u00e9nybe ker\u00fclnek.<\/p>","protected":false},"author":9,"featured_media":13237,"comment_status":"closed","ping_status":"closed","sticky":false,"template":"","format":"standard","meta":{"_acf_changed":false,"footnotes":""},"categories":[41],"tags":[],"class_list":["post-13239","post","type-post","status-publish","format-standard","has-post-thumbnail","hentry","category-noutati"],"aioseo_notices":[],"aioseo_head":"\n\t\t<!-- All in One SEO Pro 5.0.1.1 - aioseo.com -->\n\t<meta name=\"description\" content=\"Trupa Arcadia a Teatrului Regina Maria preg\u0103te\u0219te o nou\u0103 premier\u0103: \u201e\u0218oricelul Frederick \u2013 \u0218tiu cine sunt \u2013\u201d, un spectacol semnat de Ana Cr\u0103ciun Lambru, inspirat de celebra carte \u201eFrederick\u201d de Leo Lionni, din echipa c\u0103ruia fac parte doi arti\u0219ti afla\u021bi adesea \u00een aten\u021bia Galei Premiilor UNITER.\" \/>\n\t<meta name=\"robots\" content=\"max-image-preview:large\" \/>\n\t<meta name=\"author\" content=\"Florina Dometi\"\/>\n\t<link rel=\"canonical\" href=\"https:\/\/www.teatrulreginamaria.ro\/hu\/comunicat-de-presa-premiera_soricelul-frederick-stiu-cine-sunt\/\" \/>\n\t<meta name=\"generator\" content=\"All in One SEO Pro (AIOSEO) 5.0.1.1\" \/>\n\t\t<meta property=\"og:locale\" content=\"hu_HU\" \/>\n\t\t<meta property=\"og:site_name\" content=\"Teatrul Regina Maria Oradea - Trupa Iosif Vulcan \u0219i Trupa Arcadia\" \/>\n\t\t<meta property=\"og:type\" content=\"article\" \/>\n\t\t<meta property=\"og:title\" content=\"COMUNICAT DE PRES\u0102 | PREMIER\u0102_\u0218oricelul Frederick \u2013 \u0218tiu cine sunt \u2013\u201d - Teatrul Regina Maria Oradea\" \/>\n\t\t<meta property=\"og:description\" content=\"Trupa Arcadia a Teatrului Regina Maria preg\u0103te\u0219te o nou\u0103 premier\u0103: \u201e\u0218oricelul Frederick \u2013 \u0218tiu cine sunt \u2013\u201d, un spectacol semnat de Ana Cr\u0103ciun Lambru, inspirat de celebra carte \u201eFrederick\u201d de Leo Lionni, din echipa c\u0103ruia fac parte doi arti\u0219ti afla\u021bi adesea \u00een aten\u021bia Galei Premiilor UNITER.\" \/>\n\t\t<meta property=\"og:url\" content=\"https:\/\/www.teatrulreginamaria.ro\/hu\/comunicat-de-presa-premiera_soricelul-frederick-stiu-cine-sunt\/\" \/>\n\t\t<meta property=\"og:image\" content=\"https:\/\/www.teatrulreginamaria.ro\/wp-content\/uploads\/2025\/03\/trm-istoric-01.jpg\" \/>\n\t\t<meta property=\"og:image:secure_url\" content=\"https:\/\/www.teatrulreginamaria.ro\/wp-content\/uploads\/2025\/03\/trm-istoric-01.jpg\" \/>\n\t\t<meta property=\"og:image:width\" content=\"1200\" \/>\n\t\t<meta property=\"og:image:height\" content=\"800\" \/>\n\t\t<meta property=\"article:published_time\" content=\"2025-04-24T12:18:21+00:00\" \/>\n\t\t<meta property=\"article:modified_time\" content=\"2025-04-29T05:56:52+00:00\" \/>\n\t\t<meta property=\"article:publisher\" content=\"https:\/\/www.facebook.com\/TRMTrupaIosifVulcan\/\" \/>\n\t\t<meta name=\"twitter:card\" content=\"summary_large_image\" \/>\n\t\t<meta name=\"twitter:site\" content=\"@TRMOradea\" \/>\n\t\t<meta name=\"twitter:title\" content=\"COMUNICAT DE PRES\u0102 | PREMIER\u0102_\u0218oricelul Frederick \u2013 \u0218tiu cine sunt \u2013\u201d - Teatrul Regina Maria Oradea\" \/>\n\t\t<meta name=\"twitter:description\" content=\"Trupa Arcadia a Teatrului Regina Maria preg\u0103te\u0219te o nou\u0103 premier\u0103: \u201e\u0218oricelul Frederick \u2013 \u0218tiu cine sunt \u2013\u201d, un spectacol semnat de Ana Cr\u0103ciun Lambru, inspirat de celebra carte \u201eFrederick\u201d de Leo Lionni, din echipa c\u0103ruia fac parte doi arti\u0219ti afla\u021bi adesea \u00een aten\u021bia Galei Premiilor UNITER.\" \/>\n\t\t<meta name=\"twitter:creator\" content=\"@TRMOradea\" \/>\n\t\t<meta name=\"twitter:image\" content=\"https:\/\/www.teatrulreginamaria.ro\/wp-content\/uploads\/2025\/03\/trm-istoric-01.jpg\" \/>\n\t\t<script type=\"application\/ld+json\" class=\"aioseo-schema\">\n\t\t\t{\"@context\":\"https:\\\/\\\/schema.org\",\"@graph\":[{\"@type\":\"BlogPosting\",\"@id\":\"https:\\\/\\\/www.teatrulreginamaria.ro\\\/hu\\\/comunicat-de-presa-premiera_soricelul-frederick-stiu-cine-sunt\\\/#blogposting\",\"name\":\"COMUNICAT DE PRES\\u0102 | PREMIER\\u0102_\\u0218oricelul Frederick \\u2013 \\u0218tiu cine sunt \\u2013\\u201d - Teatrul Regina Maria Oradea\",\"headline\":\"COMUNICAT DE PRES\\u0102 | PREMIER\\u0102_\\u0218oricelul Frederick \\u2013 \\u0218tiu cine sunt \\u2013\\u201d\",\"author\":{\"@id\":\"https:\\\/\\\/www.teatrulreginamaria.ro\\\/hu\\\/author\\\/florina\\\/#author\"},\"publisher\":{\"@id\":\"https:\\\/\\\/www.teatrulreginamaria.ro\\\/hu\\\/#organization\"},\"image\":{\"@type\":\"ImageObject\",\"url\":\"https:\\\/\\\/www.teatrulreginamaria.ro\\\/wp-content\\\/uploads\\\/2025\\\/04\\\/AFIS-FREDERICK_-MIC-scaled-e1745494318885.jpg\",\"width\":1050,\"height\":1500},\"datePublished\":\"2025-04-24T15:18:21+03:00\",\"dateModified\":\"2025-04-29T08:56:52+03:00\",\"inLanguage\":\"hu-HU\",\"mainEntityOfPage\":{\"@id\":\"https:\\\/\\\/www.teatrulreginamaria.ro\\\/hu\\\/comunicat-de-presa-premiera_soricelul-frederick-stiu-cine-sunt\\\/#webpage\"},\"isPartOf\":{\"@id\":\"https:\\\/\\\/www.teatrulreginamaria.ro\\\/hu\\\/comunicat-de-presa-premiera_soricelul-frederick-stiu-cine-sunt\\\/#webpage\"},\"articleSection\":\"Nout\\u0103\\u021bi\"},{\"@type\":\"BreadcrumbList\",\"@id\":\"https:\\\/\\\/www.teatrulreginamaria.ro\\\/hu\\\/comunicat-de-presa-premiera_soricelul-frederick-stiu-cine-sunt\\\/#breadcrumblist\",\"itemListElement\":[{\"@type\":\"ListItem\",\"@id\":\"https:\\\/\\\/www.teatrulreginamaria.ro\\\/hu#listItem\",\"position\":1,\"name\":\"Home\",\"item\":\"https:\\\/\\\/www.teatrulreginamaria.ro\\\/hu\",\"nextItem\":{\"@type\":\"ListItem\",\"@id\":\"https:\\\/\\\/www.teatrulreginamaria.ro\\\/hu\\\/categorie\\\/noutati\\\/#listItem\",\"name\":\"Nout\\u0103\\u021bi\"}},{\"@type\":\"ListItem\",\"@id\":\"https:\\\/\\\/www.teatrulreginamaria.ro\\\/hu\\\/categorie\\\/noutati\\\/#listItem\",\"position\":2,\"name\":\"Nout\\u0103\\u021bi\",\"item\":\"https:\\\/\\\/www.teatrulreginamaria.ro\\\/hu\\\/categorie\\\/noutati\\\/\",\"nextItem\":{\"@type\":\"ListItem\",\"@id\":\"https:\\\/\\\/www.teatrulreginamaria.ro\\\/hu\\\/comunicat-de-presa-premiera_soricelul-frederick-stiu-cine-sunt\\\/#listItem\",\"name\":\"COMUNICAT DE PRES\\u0102 | PREMIER\\u0102_\\u0218oricelul Frederick \\u2013 \\u0218tiu cine sunt \\u2013\\u201d\"},\"previousItem\":{\"@type\":\"ListItem\",\"@id\":\"https:\\\/\\\/www.teatrulreginamaria.ro\\\/hu#listItem\",\"name\":\"Home\"}},{\"@type\":\"ListItem\",\"@id\":\"https:\\\/\\\/www.teatrulreginamaria.ro\\\/hu\\\/comunicat-de-presa-premiera_soricelul-frederick-stiu-cine-sunt\\\/#listItem\",\"position\":3,\"name\":\"COMUNICAT DE PRES\\u0102 | PREMIER\\u0102_\\u0218oricelul Frederick \\u2013 \\u0218tiu cine sunt \\u2013\\u201d\",\"previousItem\":{\"@type\":\"ListItem\",\"@id\":\"https:\\\/\\\/www.teatrulreginamaria.ro\\\/hu\\\/categorie\\\/noutati\\\/#listItem\",\"name\":\"Nout\\u0103\\u021bi\"}}]},{\"@type\":\"Organization\",\"@id\":\"https:\\\/\\\/www.teatrulreginamaria.ro\\\/hu\\\/#organization\",\"name\":\"Teatrul Regina Maria Oradea\",\"description\":\"Trupa Iosif Vulcan \\u0219i Trupa Arcadia\",\"url\":\"https:\\\/\\\/www.teatrulreginamaria.ro\\\/hu\\\/\",\"email\":\"marketing@teatrulreginamaria.ro\",\"telephone\":\"+40359411534\",\"numberOfEmployees\":{\"@type\":\"QuantitativeValue\",\"minValue\":0,\"maxValue\":150},\"logo\":{\"@type\":\"ImageObject\",\"url\":\"https:\\\/\\\/www.teatrulreginamaria.ro\\\/wp-content\\\/uploads\\\/2025\\\/06\\\/logo-trm-01-dark.png\",\"@id\":\"https:\\\/\\\/www.teatrulreginamaria.ro\\\/hu\\\/comunicat-de-presa-premiera_soricelul-frederick-stiu-cine-sunt\\\/#organizationLogo\",\"width\":300,\"height\":148},\"image\":{\"@id\":\"https:\\\/\\\/www.teatrulreginamaria.ro\\\/hu\\\/comunicat-de-presa-premiera_soricelul-frederick-stiu-cine-sunt\\\/#organizationLogo\"},\"sameAs\":[\"https:\\\/\\\/www.facebook.com\\\/TRMTrupaIosifVulcan\\\/\",\"https:\\\/\\\/x.com\\\/TRMOradea\",\"https:\\\/\\\/www.instagram.com\\\/teatrul_regina_maria\\\/\",\"https:\\\/\\\/www.youtube.com\\\/c\\\/TeatrulReginaMariaOradea\",\"https:\\\/\\\/www.linkedin.com\\\/company\\\/teatrul-regina-maria\"]},{\"@type\":\"Person\",\"@id\":\"https:\\\/\\\/www.teatrulreginamaria.ro\\\/hu\\\/author\\\/florina\\\/#author\",\"url\":\"https:\\\/\\\/www.teatrulreginamaria.ro\\\/hu\\\/author\\\/florina\\\/\",\"name\":\"Florina Dometi\",\"image\":{\"@type\":\"ImageObject\",\"@id\":\"https:\\\/\\\/www.teatrulreginamaria.ro\\\/hu\\\/comunicat-de-presa-premiera_soricelul-frederick-stiu-cine-sunt\\\/#authorImage\",\"url\":\"https:\\\/\\\/secure.gravatar.com\\\/avatar\\\/efc240f7aebd58d925cf11ff8d7c84e9636b0ee93a0cd22c95d272ca0ffc0289?s=96&d=mm&r=g\",\"width\":96,\"height\":96,\"caption\":\"Florina Dometi\"}},{\"@type\":\"WebPage\",\"@id\":\"https:\\\/\\\/www.teatrulreginamaria.ro\\\/hu\\\/comunicat-de-presa-premiera_soricelul-frederick-stiu-cine-sunt\\\/#webpage\",\"url\":\"https:\\\/\\\/www.teatrulreginamaria.ro\\\/hu\\\/comunicat-de-presa-premiera_soricelul-frederick-stiu-cine-sunt\\\/\",\"name\":\"COMUNICAT DE PRES\\u0102 | PREMIER\\u0102_\\u0218oricelul Frederick \\u2013 \\u0218tiu cine sunt \\u2013\\u201d - Teatrul Regina Maria Oradea\",\"description\":\"Trupa Arcadia a Teatrului Regina Maria preg\\u0103te\\u0219te o nou\\u0103 premier\\u0103: \\u201e\\u0218oricelul Frederick \\u2013 \\u0218tiu cine sunt \\u2013\\u201d, un spectacol semnat de Ana Cr\\u0103ciun Lambru, inspirat de celebra carte \\u201eFrederick\\u201d de Leo Lionni, din echipa c\\u0103ruia fac parte doi arti\\u0219ti afla\\u021bi adesea \\u00een aten\\u021bia Galei Premiilor UNITER.\",\"inLanguage\":\"hu-HU\",\"isPartOf\":{\"@id\":\"https:\\\/\\\/www.teatrulreginamaria.ro\\\/hu\\\/#website\"},\"breadcrumb\":{\"@id\":\"https:\\\/\\\/www.teatrulreginamaria.ro\\\/hu\\\/comunicat-de-presa-premiera_soricelul-frederick-stiu-cine-sunt\\\/#breadcrumblist\"},\"author\":{\"@id\":\"https:\\\/\\\/www.teatrulreginamaria.ro\\\/hu\\\/author\\\/florina\\\/#author\"},\"creator\":{\"@id\":\"https:\\\/\\\/www.teatrulreginamaria.ro\\\/hu\\\/author\\\/florina\\\/#author\"},\"image\":{\"@type\":\"ImageObject\",\"url\":\"https:\\\/\\\/www.teatrulreginamaria.ro\\\/wp-content\\\/uploads\\\/2025\\\/04\\\/AFIS-FREDERICK_-MIC-scaled-e1745494318885.jpg\",\"@id\":\"https:\\\/\\\/www.teatrulreginamaria.ro\\\/hu\\\/comunicat-de-presa-premiera_soricelul-frederick-stiu-cine-sunt\\\/#mainImage\",\"width\":1050,\"height\":1500},\"primaryImageOfPage\":{\"@id\":\"https:\\\/\\\/www.teatrulreginamaria.ro\\\/hu\\\/comunicat-de-presa-premiera_soricelul-frederick-stiu-cine-sunt\\\/#mainImage\"},\"datePublished\":\"2025-04-24T15:18:21+03:00\",\"dateModified\":\"2025-04-29T08:56:52+03:00\"},{\"@type\":\"WebSite\",\"@id\":\"https:\\\/\\\/www.teatrulreginamaria.ro\\\/hu\\\/#website\",\"url\":\"https:\\\/\\\/www.teatrulreginamaria.ro\\\/hu\\\/\",\"name\":\"Teatrul Regina Maria Oradea\",\"alternateName\":\"TRM Oradea\",\"description\":\"Trupa Iosif Vulcan \\u0219i Trupa Arcadia\",\"inLanguage\":\"hu-HU\",\"publisher\":{\"@id\":\"https:\\\/\\\/www.teatrulreginamaria.ro\\\/hu\\\/#organization\"}}]}\n\t\t<\/script>\n\t\t<!-- All in One SEO Pro -->\r\n\t\t<title>COMUNICAT DE PRES\u0102 | PREMIER\u0102_\u0218oricelul Frederick \u2013 \u0218tiu cine sunt \u2013\u201d - Teatrul Regina Maria Oradea<\/title>\n\n","aioseo_head_json":{"title":"SAJT\u00d3K\u00d6ZLEM\u00c9NY | PREMIERE_Eg\u00e9r Frigyes \u2013 Tudom, ki vagyok \u2013\u201d \u2013 Nagyv\u00e1radi Regina Maria Sz\u00ednh\u00e1z","description":"\u00daj premierrel k\u00e9sz\u00fcl a Regina Maria Sz\u00ednh\u00e1z Arcadia t\u00e1rsulata: a &quot;Frederick the Mouse - I Know Who I Am -&quot; c\u00edm\u0171 el\u0151ad\u00e1st Ana Cr\u0103ciun Lambru jegyzi, amelyet Leo Lionni Frederick c\u00edm\u0171 h\u00edres k\u00f6nyve ihletett, amelynek csapat\u00e1ban k\u00e9t olyan m\u0171v\u00e9sz is szerepel, akik az UNITER-d\u00edj\u00e1tad\u00f3 g\u00e1l\u00e1j\u00e1n gyakran reflektorf\u00e9nybe ker\u00fclnek.","canonical_url":"https:\/\/www.teatrulreginamaria.ro\/hu\/comunicat-de-presa-premiera_soricelul-frederick-stiu-cine-sunt\/","robots":"max-image-preview:large","keywords":"","webmasterTools":{"miscellaneous":""},"schema":{"@context":"https:\/\/schema.org","@graph":[{"@type":"BlogPosting","@id":"https:\/\/www.teatrulreginamaria.ro\/hu\/comunicat-de-presa-premiera_soricelul-frederick-stiu-cine-sunt\/#blogposting","name":"COMUNICAT DE PRES\u0102 | PREMIER\u0102_\u0218oricelul Frederick \u2013 \u0218tiu cine sunt \u2013\u201d - Teatrul Regina Maria Oradea","headline":"COMUNICAT DE PRES\u0102 | PREMIER\u0102_\u0218oricelul Frederick \u2013 \u0218tiu cine sunt \u2013\u201d","author":{"@id":"https:\/\/www.teatrulreginamaria.ro\/hu\/author\/florina\/#author"},"publisher":{"@id":"https:\/\/www.teatrulreginamaria.ro\/hu\/#organization"},"image":{"@type":"ImageObject","url":"https:\/\/www.teatrulreginamaria.ro\/wp-content\/uploads\/2025\/04\/AFIS-FREDERICK_-MIC-scaled-e1745494318885.jpg","width":1050,"height":1500},"datePublished":"2025-04-24T15:18:21+03:00","dateModified":"2025-04-29T08:56:52+03:00","inLanguage":"hu-HU","mainEntityOfPage":{"@id":"https:\/\/www.teatrulreginamaria.ro\/hu\/comunicat-de-presa-premiera_soricelul-frederick-stiu-cine-sunt\/#webpage"},"isPartOf":{"@id":"https:\/\/www.teatrulreginamaria.ro\/hu\/comunicat-de-presa-premiera_soricelul-frederick-stiu-cine-sunt\/#webpage"},"articleSection":"Nout\u0103\u021bi"},{"@type":"BreadcrumbList","@id":"https:\/\/www.teatrulreginamaria.ro\/hu\/comunicat-de-presa-premiera_soricelul-frederick-stiu-cine-sunt\/#breadcrumblist","itemListElement":[{"@type":"ListItem","@id":"https:\/\/www.teatrulreginamaria.ro\/hu#listItem","position":1,"name":"Home","item":"https:\/\/www.teatrulreginamaria.ro\/hu","nextItem":{"@type":"ListItem","@id":"https:\/\/www.teatrulreginamaria.ro\/hu\/categorie\/noutati\/#listItem","name":"Nout\u0103\u021bi"}},{"@type":"ListItem","@id":"https:\/\/www.teatrulreginamaria.ro\/hu\/categorie\/noutati\/#listItem","position":2,"name":"Nout\u0103\u021bi","item":"https:\/\/www.teatrulreginamaria.ro\/hu\/categorie\/noutati\/","nextItem":{"@type":"ListItem","@id":"https:\/\/www.teatrulreginamaria.ro\/hu\/comunicat-de-presa-premiera_soricelul-frederick-stiu-cine-sunt\/#listItem","name":"COMUNICAT DE PRES\u0102 | PREMIER\u0102_\u0218oricelul Frederick \u2013 \u0218tiu cine sunt \u2013\u201d"},"previousItem":{"@type":"ListItem","@id":"https:\/\/www.teatrulreginamaria.ro\/hu#listItem","name":"Home"}},{"@type":"ListItem","@id":"https:\/\/www.teatrulreginamaria.ro\/hu\/comunicat-de-presa-premiera_soricelul-frederick-stiu-cine-sunt\/#listItem","position":3,"name":"COMUNICAT DE PRES\u0102 | PREMIER\u0102_\u0218oricelul Frederick \u2013 \u0218tiu cine sunt \u2013\u201d","previousItem":{"@type":"ListItem","@id":"https:\/\/www.teatrulreginamaria.ro\/hu\/categorie\/noutati\/#listItem","name":"Nout\u0103\u021bi"}}]},{"@type":"Organization","@id":"https:\/\/www.teatrulreginamaria.ro\/hu\/#organization","name":"Teatrul Regina Maria Oradea","description":"Trupa Iosif Vulcan \u0219i Trupa Arcadia","url":"https:\/\/www.teatrulreginamaria.ro\/hu\/","email":"marketing@teatrulreginamaria.ro","telephone":"+40359411534","numberOfEmployees":{"@type":"QuantitativeValue","minValue":0,"maxValue":150},"logo":{"@type":"ImageObject","url":"https:\/\/www.teatrulreginamaria.ro\/wp-content\/uploads\/2025\/06\/logo-trm-01-dark.png","@id":"https:\/\/www.teatrulreginamaria.ro\/hu\/comunicat-de-presa-premiera_soricelul-frederick-stiu-cine-sunt\/#organizationLogo","width":300,"height":148},"image":{"@id":"https:\/\/www.teatrulreginamaria.ro\/hu\/comunicat-de-presa-premiera_soricelul-frederick-stiu-cine-sunt\/#organizationLogo"},"sameAs":["https:\/\/www.facebook.com\/TRMTrupaIosifVulcan\/","https:\/\/x.com\/TRMOradea","https:\/\/www.instagram.com\/teatrul_regina_maria\/","https:\/\/www.youtube.com\/c\/TeatrulReginaMariaOradea","https:\/\/www.linkedin.com\/company\/teatrul-regina-maria"]},{"@type":"Person","@id":"https:\/\/www.teatrulreginamaria.ro\/hu\/author\/florina\/#author","url":"https:\/\/www.teatrulreginamaria.ro\/hu\/author\/florina\/","name":"Florina Dometi","image":{"@type":"ImageObject","@id":"https:\/\/www.teatrulreginamaria.ro\/hu\/comunicat-de-presa-premiera_soricelul-frederick-stiu-cine-sunt\/#authorImage","url":"https:\/\/secure.gravatar.com\/avatar\/efc240f7aebd58d925cf11ff8d7c84e9636b0ee93a0cd22c95d272ca0ffc0289?s=96&d=mm&r=g","width":96,"height":96,"caption":"Florina Dometi"}},{"@type":"WebPage","@id":"https:\/\/www.teatrulreginamaria.ro\/hu\/comunicat-de-presa-premiera_soricelul-frederick-stiu-cine-sunt\/#webpage","url":"https:\/\/www.teatrulreginamaria.ro\/hu\/comunicat-de-presa-premiera_soricelul-frederick-stiu-cine-sunt\/","name":"COMUNICAT DE PRES\u0102 | PREMIER\u0102_\u0218oricelul Frederick \u2013 \u0218tiu cine sunt \u2013\u201d - Teatrul Regina Maria Oradea","description":"Trupa Arcadia a Teatrului Regina Maria preg\u0103te\u0219te o nou\u0103 premier\u0103: \u201e\u0218oricelul Frederick \u2013 \u0218tiu cine sunt \u2013\u201d, un spectacol semnat de Ana Cr\u0103ciun Lambru, inspirat de celebra carte \u201eFrederick\u201d de Leo Lionni, din echipa c\u0103ruia fac parte doi arti\u0219ti afla\u021bi adesea \u00een aten\u021bia Galei Premiilor UNITER.","inLanguage":"hu-HU","isPartOf":{"@id":"https:\/\/www.teatrulreginamaria.ro\/hu\/#website"},"breadcrumb":{"@id":"https:\/\/www.teatrulreginamaria.ro\/hu\/comunicat-de-presa-premiera_soricelul-frederick-stiu-cine-sunt\/#breadcrumblist"},"author":{"@id":"https:\/\/www.teatrulreginamaria.ro\/hu\/author\/florina\/#author"},"creator":{"@id":"https:\/\/www.teatrulreginamaria.ro\/hu\/author\/florina\/#author"},"image":{"@type":"ImageObject","url":"https:\/\/www.teatrulreginamaria.ro\/wp-content\/uploads\/2025\/04\/AFIS-FREDERICK_-MIC-scaled-e1745494318885.jpg","@id":"https:\/\/www.teatrulreginamaria.ro\/hu\/comunicat-de-presa-premiera_soricelul-frederick-stiu-cine-sunt\/#mainImage","width":1050,"height":1500},"primaryImageOfPage":{"@id":"https:\/\/www.teatrulreginamaria.ro\/hu\/comunicat-de-presa-premiera_soricelul-frederick-stiu-cine-sunt\/#mainImage"},"datePublished":"2025-04-24T15:18:21+03:00","dateModified":"2025-04-29T08:56:52+03:00"},{"@type":"WebSite","@id":"https:\/\/www.teatrulreginamaria.ro\/hu\/#website","url":"https:\/\/www.teatrulreginamaria.ro\/hu\/","name":"Teatrul Regina Maria Oradea","alternateName":"TRM Oradea","description":"Trupa Iosif Vulcan \u0219i Trupa Arcadia","inLanguage":"hu-HU","publisher":{"@id":"https:\/\/www.teatrulreginamaria.ro\/hu\/#organization"}}]},"og:locale":"hu_HU","og:site_name":"Teatrul Regina Maria Oradea - Trupa Iosif Vulcan \u0219i Trupa Arcadia","og:type":"article","og:title":"COMUNICAT DE PRES\u0102 | PREMIER\u0102_\u0218oricelul Frederick \u2013 \u0218tiu cine sunt \u2013\u201d - Teatrul Regina Maria Oradea","og:description":"Trupa Arcadia a Teatrului Regina Maria preg\u0103te\u0219te o nou\u0103 premier\u0103: \u201e\u0218oricelul Frederick \u2013 \u0218tiu cine sunt \u2013\u201d, un spectacol semnat de Ana Cr\u0103ciun Lambru, inspirat de celebra carte \u201eFrederick\u201d de Leo Lionni, din echipa c\u0103ruia fac parte doi arti\u0219ti afla\u021bi adesea \u00een aten\u021bia Galei Premiilor UNITER.","og:url":"https:\/\/www.teatrulreginamaria.ro\/hu\/comunicat-de-presa-premiera_soricelul-frederick-stiu-cine-sunt\/","og:image":"https:\/\/www.teatrulreginamaria.ro\/wp-content\/uploads\/2025\/03\/trm-istoric-01.jpg","og:image:secure_url":"https:\/\/www.teatrulreginamaria.ro\/wp-content\/uploads\/2025\/03\/trm-istoric-01.jpg","og:image:width":1200,"og:image:height":800,"article:published_time":"2025-04-24T12:18:21+00:00","article:modified_time":"2025-04-29T05:56:52+00:00","article:publisher":"https:\/\/www.facebook.com\/TRMTrupaIosifVulcan\/","twitter:card":"summary_large_image","twitter:site":"@TRMOradea","twitter:title":"COMUNICAT DE PRES\u0102 | PREMIER\u0102_\u0218oricelul Frederick \u2013 \u0218tiu cine sunt \u2013\u201d - Teatrul Regina Maria Oradea","twitter:description":"Trupa Arcadia a Teatrului Regina Maria preg\u0103te\u0219te o nou\u0103 premier\u0103: \u201e\u0218oricelul Frederick \u2013 \u0218tiu cine sunt \u2013\u201d, un spectacol semnat de Ana Cr\u0103ciun Lambru, inspirat de celebra carte \u201eFrederick\u201d de Leo Lionni, din echipa c\u0103ruia fac parte doi arti\u0219ti afla\u021bi adesea \u00een aten\u021bia Galei Premiilor UNITER.","twitter:creator":"@TRMOradea","twitter:image":"https:\/\/www.teatrulreginamaria.ro\/wp-content\/uploads\/2025\/03\/trm-istoric-01.jpg"},"aioseo_meta_data":{"post_id":"13239","title":null,"description":null,"keywords":null,"keyphrases":{"focus":{"keyphrase":"","score":0,"analysis":{"keyphraseInTitle":{"score":0,"maxScore":9,"error":1}}},"additional":[]},"primary_term":null,"canonical_url":null,"og_title":null,"og_description":null,"og_object_type":"default","og_image_type":"default","og_image_url":null,"og_image_width":null,"og_image_height":null,"og_image_custom_url":null,"og_image_custom_fields":null,"og_video":"","og_custom_url":null,"og_article_section":null,"og_article_tags":null,"twitter_use_og":false,"twitter_card":"default","twitter_image_type":"default","twitter_image_url":null,"twitter_image_custom_url":null,"twitter_image_custom_fields":null,"twitter_title":null,"twitter_description":null,"schema":{"blockGraphs":[],"customGraphs":[],"default":{"data":{"Article":[],"Course":[],"Dataset":[],"FAQPage":[],"Movie":[],"Person":[],"Product":[],"ProductReview":[],"Car":[],"Recipe":[],"Service":[],"SoftwareApplication":[],"WebPage":[]},"graphName":"BlogPosting","isEnabled":true},"graphs":[]},"schema_type":"default","schema_type_options":null,"pillar_content":false,"robots_default":true,"robots_noindex":false,"robots_noarchive":false,"robots_nosnippet":false,"robots_nofollow":false,"robots_noimageindex":false,"robots_noodp":false,"robots_notranslate":false,"robots_max_snippet":"-1","robots_max_videopreview":"-1","robots_max_imagepreview":"large","priority":null,"frequency":"default","local_seo":null,"seo_analyzer_scan_date":"2026-05-13 03:39:45","breadcrumb_settings":null,"limit_modified_date":false,"reviewed_by":null,"open_ai":"{\"title\":{\"suggestions\":[],\"usage\":0},\"description\":{\"suggestions\":[],\"usage\":0}}","ai":null,"created":"2025-04-24 12:18:22","updated":"2026-05-13 03:39:45","focus_keyword":null,"additional_keywords":null,"truseo_locale":null},"aioseo_breadcrumb":"<div class=\"aioseo-breadcrumbs\"><span class=\"aioseo-breadcrumb\">\n\t<a href=\"https:\/\/www.teatrulreginamaria.ro\/hu\" title=\"Home\">Home<\/a>\n<\/span><span class=\"aioseo-breadcrumb-separator\">&raquo;<\/span><span class=\"aioseo-breadcrumb\">\n\t<a href=\"https:\/\/www.teatrulreginamaria.ro\/hu\/categorie\/noutati\/\" title=\"Nout\u0103\u021bi\">Nout\u0103\u021bi<\/a>\n<\/span><span class=\"aioseo-breadcrumb-separator\">&raquo;<\/span><span class=\"aioseo-breadcrumb\">\n\tCOMUNICAT DE PRES\u0102 | PREMIER\u0102_\u0218oricelul Frederick \u2013 \u0218tiu cine sunt \u2013\u201d\n<\/span><\/div>","aioseo_breadcrumb_json":[{"label":"Home","link":"https:\/\/www.teatrulreginamaria.ro\/hu"},{"label":"Nout\u0103\u021bi","link":"https:\/\/www.teatrulreginamaria.ro\/hu\/categorie\/noutati\/"},{"label":"COMUNICAT DE PRES\u0102 | PREMIER\u0102_\u0218oricelul Frederick \u2013 \u0218tiu cine sunt \u2013\u201d","link":"https:\/\/www.teatrulreginamaria.ro\/hu\/comunicat-de-presa-premiera_soricelul-frederick-stiu-cine-sunt\/"}],"acf":[],"_links":{"self":[{"href":"https:\/\/www.teatrulreginamaria.ro\/hu\/wp-json\/wp\/v2\/posts\/13239","targetHints":{"allow":["GET"]}}],"collection":[{"href":"https:\/\/www.teatrulreginamaria.ro\/hu\/wp-json\/wp\/v2\/posts"}],"about":[{"href":"https:\/\/www.teatrulreginamaria.ro\/hu\/wp-json\/wp\/v2\/types\/post"}],"author":[{"embeddable":true,"href":"https:\/\/www.teatrulreginamaria.ro\/hu\/wp-json\/wp\/v2\/users\/9"}],"replies":[{"embeddable":true,"href":"https:\/\/www.teatrulreginamaria.ro\/hu\/wp-json\/wp\/v2\/comments?post=13239"}],"version-history":[{"count":3,"href":"https:\/\/www.teatrulreginamaria.ro\/hu\/wp-json\/wp\/v2\/posts\/13239\/revisions"}],"predecessor-version":[{"id":13337,"href":"https:\/\/www.teatrulreginamaria.ro\/hu\/wp-json\/wp\/v2\/posts\/13239\/revisions\/13337"}],"wp:featuredmedia":[{"embeddable":true,"href":"https:\/\/www.teatrulreginamaria.ro\/hu\/wp-json\/wp\/v2\/media\/13237"}],"wp:attachment":[{"href":"https:\/\/www.teatrulreginamaria.ro\/hu\/wp-json\/wp\/v2\/media?parent=13239"}],"wp:term":[{"taxonomy":"category","embeddable":true,"href":"https:\/\/www.teatrulreginamaria.ro\/hu\/wp-json\/wp\/v2\/categories?post=13239"},{"taxonomy":"post_tag","embeddable":true,"href":"https:\/\/www.teatrulreginamaria.ro\/hu\/wp-json\/wp\/v2\/tags?post=13239"}],"curies":[{"name":"munkaf\u00fczet","href":"https:\/\/api.w.org\/{rel}","templated":true}]}}