{"id":1344,"date":"2012-04-12T10:31:45","date_gmt":"2012-04-12T10:31:45","guid":{"rendered":"https:\/\/teatrulreginamaria.ro\/2012\/04\/12\/joc-si-cantec-romanesc-invitat-special-aurel-tamas\/"},"modified":"2012-04-12T10:31:45","modified_gmt":"2012-04-12T10:31:45","slug":"roman-jatek-es-dalkulonleges-vendeg-aurel-tamas","status":"publish","type":"post","link":"https:\/\/www.teatrulreginamaria.ro\/hu\/joc-si-cantec-romanesc-invitat-special-aurel-tamas\/","title":{"rendered":"ROM\u00c1N J\u00c1T\u00c9K \u00c9S DAL. K\u00dcL\u00d6NLEGES VEND\u00c9G: AUREL T\u0102MA\u015e"},"content":{"rendered":"<p style=\"text-align: justify;\">A Regina Maria Sz\u00ednh\u00e1z nagy \u00f6r\u00f6mmel megh\u00edvja \u00d6nt hagyom\u00e1nyos el\u0151ad\u00e1s\u00e1ra, amelyre \u00e1prilis 19-\u00e9n, cs\u00fct\u00f6rt\u00f6k\u00f6n ker\u00fcl sor, Nagyv\u00e1rad v\u00e1ros t\u00f6rt\u00e9nelm\u00e9nek 1919. \u00e1prilis 20-\u00e1nak eml\u00e9k\u00e9re. Ezut\u00e1n siker\u00fclt felszabad\u00edtani a Sebes-K\u00f6r\u00f6s\u00f6n (Cri\u0219ul Repede) l\u00e9v\u0151 v\u00e1rost, \u00e9s jogosan beolvasztani Nagy-Rom\u00e1ni\u00e1ba, ahogyan azt a rom\u00e1n k\u00fcld\u00f6ttek meg\u00e1llap\u00edtott\u00e1k az 1918. december 1-jei gyulafeh\u00e9rv\u00e1ri nagy nemzetgy\u0171l\u00e9sen.<\/p>\n<p><!--more--><\/p>\n<p style=\"text-align: justify;\">A v\u00e1ros felszabad\u00edt\u00e1sa 1919 h\u00fasv\u00e9tj\u00e1n t\u00f6rt\u00e9nt, ez\u00e9rt a pillanatnak k\u00fcl\u00f6nleges jelent\u00e9startalma van. Ism\u00e9t elmondhat\u00f3, hogy a rom\u00e1n n\u00e9p felt\u00e1madt, amikor a rom\u00e1n seregek bevonultak a v\u00e1rosba.<\/p>\n<p style=\"text-align: justify;\">A Cri\u015fana Professzion\u00e1lis M\u0171v\u00e9szeti Egy\u00fcttes rom\u00e1n t\u00e1nc- \u00e9s dalprogramja mellett \u00f6r\u00f6m\u00fcnkre szolg\u00e1l, hogy a k\u00f6zkedvelt sz\u00f3lista, Aurel T\u0103ma\u015f is csatlakozik hozz\u00e1nk egy k\u00fcl\u00f6nleges m\u0171sorral.<\/p>\n<p style=\"text-align: justify;\">Aurel T\u0103ma\u0219 1961. \u00e1prilis 16-\u00e1n sz\u00fcletett, az erd\u00e9lyi Bor\u0219\u00e1n, Kolozs megy\u00e9ben n\u0151tt fel. Els\u0151 zenei \u00e9lm\u00e9nyeit 10 \u00e9vesen szerezte, harmonik\u00e1sk\u00e9nt, majd kicsit k\u00e9s\u0151bb, k\u00f6z\u00e9piskol\u00e1sk\u00e9nt megalap\u00edtotta els\u0151 zenekar\u00e1t, ahol hangszeresk\u00e9nt \u00e9s karmesterk\u00e9nt t\u0171nt ki. A folkl\u00f3r ir\u00e1nti szenved\u00e9lye mellett Aurel T\u0103ma\u0219 a k\u00f6nny\u0171zene ir\u00e1nt is hajlamos. A zenei st\u00edlusv\u00e1lt\u00e1s j\u00f3 el\u0151jel volt a &quot;Trup de V\u00e2nt&quot; album sz\u00e1m\u00e1ra \u2013 egy egyed\u00fcl\u00e1ll\u00f3 \u00e9lm\u00e9ny, amely sokakat v\u00e1ratlanul \u00e9rt. A k\u00f6z\u00f6ns\u00e9g reakci\u00f3ja tal\u00e1l\u00f3 volt: az album leny\u0171g\u00f6z\u0151 p\u00e9ld\u00e1nysz\u00e1mban kelt el.<\/p>","protected":false},"excerpt":{"rendered":"<p>Teatrul Regina Maria are deosebita pl\u0103cere de a v\u0103 invita la un spectacol tradi\u0163ional care va avea loc joi, 19 aprilie, pentru a comemora ziua de 20 aprilie 1919, care este o zi de referin\u0163\u0103 pentru istoria ora\u015fului Oradea. Atunci s-a reu\u015fit eliberarea urbei de pe Cri\u015ful Repede \u015fi intrarea sa de drept \u00een componen\u0163a [&hellip;]<\/p>\n","protected":false},"author":1,"featured_media":0,"comment_status":"open","ping_status":"open","sticky":false,"template":"","format":"standard","meta":{"_acf_changed":false,"footnotes":""},"categories":[32],"tags":[],"class_list":["post-1344","post","type-post","status-publish","format-standard","hentry","category-noutati-ansamblul-crisana"],"aioseo_notices":[],"aioseo_head":"\n\t\t<!-- All in One SEO Pro 5.0.1.1 - aioseo.com -->\n\t<meta name=\"description\" content=\"Teatrul Regina Maria are deosebita pl\u0103cere de a v\u0103 invita la un spectacol tradi\u0163ional care va avea loc joi, 19 aprilie, pentru a comemora ziua de 20 aprilie 1919, care este o zi de referin\u0163\u0103 pentru istoria ora\u015fului Oradea. Atunci s-a reu\u015fit eliberarea urbei de pe Cri\u015ful Repede \u015fi intrarea sa de drept \u00een componen\u0163a\" \/>\n\t<meta name=\"robots\" content=\"max-image-preview:large\" \/>\n\t<meta name=\"author\" content=\"Teatrul Regina Maria\"\/>\n\t<link rel=\"canonical\" href=\"https:\/\/www.teatrulreginamaria.ro\/hu\/joc-si-cantec-romanesc-invitat-special-aurel-tamas\/\" \/>\n\t<meta name=\"generator\" content=\"All in One SEO Pro (AIOSEO) 5.0.1.1\" \/>\n\t\t<meta property=\"og:locale\" content=\"hu_HU\" \/>\n\t\t<meta property=\"og:site_name\" content=\"Teatrul Regina Maria Oradea - Trupa Iosif Vulcan \u0219i Trupa Arcadia\" \/>\n\t\t<meta property=\"og:type\" content=\"article\" \/>\n\t\t<meta property=\"og:title\" content=\"JOC \u015eI C\u00c2NTEC ROM\u00c2NESC. INVITAT SPECIAL: AUREL T\u0102MA\u015e - Teatrul Regina Maria Oradea\" \/>\n\t\t<meta property=\"og:description\" content=\"Teatrul Regina Maria are deosebita pl\u0103cere de a v\u0103 invita la un spectacol tradi\u0163ional care va avea loc joi, 19 aprilie, pentru a comemora ziua de 20 aprilie 1919, care este o zi de referin\u0163\u0103 pentru istoria ora\u015fului Oradea. Atunci s-a reu\u015fit eliberarea urbei de pe Cri\u015ful Repede \u015fi intrarea sa de drept \u00een componen\u0163a\" \/>\n\t\t<meta property=\"og:url\" content=\"https:\/\/www.teatrulreginamaria.ro\/hu\/joc-si-cantec-romanesc-invitat-special-aurel-tamas\/\" \/>\n\t\t<meta property=\"og:image\" content=\"https:\/\/www.teatrulreginamaria.ro\/wp-content\/uploads\/2025\/03\/trm-istoric-01.jpg\" \/>\n\t\t<meta property=\"og:image:secure_url\" content=\"https:\/\/www.teatrulreginamaria.ro\/wp-content\/uploads\/2025\/03\/trm-istoric-01.jpg\" \/>\n\t\t<meta property=\"og:image:width\" content=\"1200\" \/>\n\t\t<meta property=\"og:image:height\" content=\"800\" \/>\n\t\t<meta property=\"article:published_time\" content=\"2012-04-12T10:31:45+00:00\" \/>\n\t\t<meta property=\"article:modified_time\" content=\"2012-04-12T10:31:45+00:00\" \/>\n\t\t<meta property=\"article:publisher\" content=\"https:\/\/www.facebook.com\/TRMTrupaIosifVulcan\/\" \/>\n\t\t<meta name=\"twitter:card\" content=\"summary_large_image\" \/>\n\t\t<meta name=\"twitter:site\" content=\"@TRMOradea\" \/>\n\t\t<meta name=\"twitter:title\" content=\"JOC \u015eI C\u00c2NTEC ROM\u00c2NESC. INVITAT SPECIAL: AUREL T\u0102MA\u015e - Teatrul Regina Maria Oradea\" \/>\n\t\t<meta name=\"twitter:description\" content=\"Teatrul Regina Maria are deosebita pl\u0103cere de a v\u0103 invita la un spectacol tradi\u0163ional care va avea loc joi, 19 aprilie, pentru a comemora ziua de 20 aprilie 1919, care este o zi de referin\u0163\u0103 pentru istoria ora\u015fului Oradea. Atunci s-a reu\u015fit eliberarea urbei de pe Cri\u015ful Repede \u015fi intrarea sa de drept \u00een componen\u0163a\" \/>\n\t\t<meta name=\"twitter:creator\" content=\"@TRMOradea\" \/>\n\t\t<meta name=\"twitter:image\" content=\"https:\/\/www.teatrulreginamaria.ro\/wp-content\/uploads\/2025\/03\/trm-istoric-01.jpg\" \/>\n\t\t<script type=\"application\/ld+json\" class=\"aioseo-schema\">\n\t\t\t{\"@context\":\"https:\\\/\\\/schema.org\",\"@graph\":[{\"@type\":\"BlogPosting\",\"@id\":\"https:\\\/\\\/www.teatrulreginamaria.ro\\\/hu\\\/joc-si-cantec-romanesc-invitat-special-aurel-tamas\\\/#blogposting\",\"name\":\"JOC \\u015eI C\\u00c2NTEC ROM\\u00c2NESC. INVITAT SPECIAL: AUREL T\\u0102MA\\u015e - Teatrul Regina Maria Oradea\",\"headline\":\"JOC \\u015eI C\\u00c2NTEC ROM\\u00c2NESC. INVITAT SPECIAL: AUREL T\\u0102MA\\u015e\",\"author\":{\"@id\":\"https:\\\/\\\/www.teatrulreginamaria.ro\\\/hu\\\/author\\\/iulianm\\\/#author\"},\"publisher\":{\"@id\":\"https:\\\/\\\/www.teatrulreginamaria.ro\\\/hu\\\/#organization\"},\"image\":{\"@type\":\"ImageObject\",\"url\":\"https:\\\/\\\/www.teatrulreginamaria.ro\\\/wp-content\\\/uploads\\\/2025\\\/06\\\/logo-trm-01-dark.png\",\"@id\":\"https:\\\/\\\/www.teatrulreginamaria.ro\\\/hu\\\/#articleImage\",\"width\":300,\"height\":148},\"datePublished\":\"2012-04-12T10:31:45+03:00\",\"dateModified\":\"2012-04-12T10:31:45+03:00\",\"inLanguage\":\"hu-HU\",\"mainEntityOfPage\":{\"@id\":\"https:\\\/\\\/www.teatrulreginamaria.ro\\\/hu\\\/joc-si-cantec-romanesc-invitat-special-aurel-tamas\\\/#webpage\"},\"isPartOf\":{\"@id\":\"https:\\\/\\\/www.teatrulreginamaria.ro\\\/hu\\\/joc-si-cantec-romanesc-invitat-special-aurel-tamas\\\/#webpage\"},\"articleSection\":\"Nout\\u0103\\u021bi - Ansamblul Cri\\u0219ana\"},{\"@type\":\"BreadcrumbList\",\"@id\":\"https:\\\/\\\/www.teatrulreginamaria.ro\\\/hu\\\/joc-si-cantec-romanesc-invitat-special-aurel-tamas\\\/#breadcrumblist\",\"itemListElement\":[{\"@type\":\"ListItem\",\"@id\":\"https:\\\/\\\/www.teatrulreginamaria.ro\\\/hu#listItem\",\"position\":1,\"name\":\"Home\",\"item\":\"https:\\\/\\\/www.teatrulreginamaria.ro\\\/hu\",\"nextItem\":{\"@type\":\"ListItem\",\"@id\":\"https:\\\/\\\/www.teatrulreginamaria.ro\\\/hu\\\/categorie\\\/noutati\\\/#listItem\",\"name\":\"Nout\\u0103\\u021bi\"}},{\"@type\":\"ListItem\",\"@id\":\"https:\\\/\\\/www.teatrulreginamaria.ro\\\/hu\\\/categorie\\\/noutati\\\/#listItem\",\"position\":2,\"name\":\"Nout\\u0103\\u021bi\",\"item\":\"https:\\\/\\\/www.teatrulreginamaria.ro\\\/hu\\\/categorie\\\/noutati\\\/\",\"nextItem\":{\"@type\":\"ListItem\",\"@id\":\"https:\\\/\\\/www.teatrulreginamaria.ro\\\/hu\\\/categorie\\\/noutati\\\/noutati-ansamblul-crisana\\\/#listItem\",\"name\":\"Nout\\u0103\\u021bi - Ansamblul Cri\\u0219ana\"},\"previousItem\":{\"@type\":\"ListItem\",\"@id\":\"https:\\\/\\\/www.teatrulreginamaria.ro\\\/hu#listItem\",\"name\":\"Home\"}},{\"@type\":\"ListItem\",\"@id\":\"https:\\\/\\\/www.teatrulreginamaria.ro\\\/hu\\\/categorie\\\/noutati\\\/noutati-ansamblul-crisana\\\/#listItem\",\"position\":3,\"name\":\"Nout\\u0103\\u021bi - Ansamblul Cri\\u0219ana\",\"item\":\"https:\\\/\\\/www.teatrulreginamaria.ro\\\/hu\\\/categorie\\\/noutati\\\/noutati-ansamblul-crisana\\\/\",\"nextItem\":{\"@type\":\"ListItem\",\"@id\":\"https:\\\/\\\/www.teatrulreginamaria.ro\\\/hu\\\/joc-si-cantec-romanesc-invitat-special-aurel-tamas\\\/#listItem\",\"name\":\"JOC \\u015eI C\\u00c2NTEC ROM\\u00c2NESC. INVITAT SPECIAL: AUREL T\\u0102MA\\u015e\"},\"previousItem\":{\"@type\":\"ListItem\",\"@id\":\"https:\\\/\\\/www.teatrulreginamaria.ro\\\/hu\\\/categorie\\\/noutati\\\/#listItem\",\"name\":\"Nout\\u0103\\u021bi\"}},{\"@type\":\"ListItem\",\"@id\":\"https:\\\/\\\/www.teatrulreginamaria.ro\\\/hu\\\/joc-si-cantec-romanesc-invitat-special-aurel-tamas\\\/#listItem\",\"position\":4,\"name\":\"JOC \\u015eI C\\u00c2NTEC ROM\\u00c2NESC. INVITAT SPECIAL: AUREL T\\u0102MA\\u015e\",\"previousItem\":{\"@type\":\"ListItem\",\"@id\":\"https:\\\/\\\/www.teatrulreginamaria.ro\\\/hu\\\/categorie\\\/noutati\\\/noutati-ansamblul-crisana\\\/#listItem\",\"name\":\"Nout\\u0103\\u021bi - Ansamblul Cri\\u0219ana\"}}]},{\"@type\":\"Organization\",\"@id\":\"https:\\\/\\\/www.teatrulreginamaria.ro\\\/hu\\\/#organization\",\"name\":\"Teatrul Regina Maria Oradea\",\"description\":\"Trupa Iosif Vulcan \\u0219i Trupa Arcadia\",\"url\":\"https:\\\/\\\/www.teatrulreginamaria.ro\\\/hu\\\/\",\"email\":\"marketing@teatrulreginamaria.ro\",\"telephone\":\"+40359411534\",\"numberOfEmployees\":{\"@type\":\"QuantitativeValue\",\"minValue\":0,\"maxValue\":150},\"logo\":{\"@type\":\"ImageObject\",\"url\":\"https:\\\/\\\/www.teatrulreginamaria.ro\\\/wp-content\\\/uploads\\\/2025\\\/06\\\/logo-trm-01-dark.png\",\"@id\":\"https:\\\/\\\/www.teatrulreginamaria.ro\\\/hu\\\/joc-si-cantec-romanesc-invitat-special-aurel-tamas\\\/#organizationLogo\",\"width\":300,\"height\":148},\"image\":{\"@id\":\"https:\\\/\\\/www.teatrulreginamaria.ro\\\/hu\\\/joc-si-cantec-romanesc-invitat-special-aurel-tamas\\\/#organizationLogo\"},\"sameAs\":[\"https:\\\/\\\/www.facebook.com\\\/TRMTrupaIosifVulcan\\\/\",\"https:\\\/\\\/x.com\\\/TRMOradea\",\"https:\\\/\\\/www.instagram.com\\\/teatrul_regina_maria\\\/\",\"https:\\\/\\\/www.youtube.com\\\/c\\\/TeatrulReginaMariaOradea\",\"https:\\\/\\\/www.linkedin.com\\\/company\\\/teatrul-regina-maria\"]},{\"@type\":\"Person\",\"@id\":\"https:\\\/\\\/www.teatrulreginamaria.ro\\\/hu\\\/author\\\/iulianm\\\/#author\",\"url\":\"https:\\\/\\\/www.teatrulreginamaria.ro\\\/hu\\\/author\\\/iulianm\\\/\",\"name\":\"Teatrul Regina Maria\",\"image\":{\"@type\":\"ImageObject\",\"@id\":\"https:\\\/\\\/www.teatrulreginamaria.ro\\\/hu\\\/joc-si-cantec-romanesc-invitat-special-aurel-tamas\\\/#authorImage\",\"url\":\"https:\\\/\\\/secure.gravatar.com\\\/avatar\\\/49af75bc1b3eb710073d2f37927ea27e6c274a29562ef49edfc6bcf11b9e941d?s=96&d=mm&r=g\",\"width\":96,\"height\":96,\"caption\":\"Teatrul Regina Maria\"}},{\"@type\":\"WebPage\",\"@id\":\"https:\\\/\\\/www.teatrulreginamaria.ro\\\/hu\\\/joc-si-cantec-romanesc-invitat-special-aurel-tamas\\\/#webpage\",\"url\":\"https:\\\/\\\/www.teatrulreginamaria.ro\\\/hu\\\/joc-si-cantec-romanesc-invitat-special-aurel-tamas\\\/\",\"name\":\"JOC \\u015eI C\\u00c2NTEC ROM\\u00c2NESC. INVITAT SPECIAL: AUREL T\\u0102MA\\u015e - Teatrul Regina Maria Oradea\",\"description\":\"Teatrul Regina Maria are deosebita pl\\u0103cere de a v\\u0103 invita la un spectacol tradi\\u0163ional care va avea loc joi, 19 aprilie, pentru a comemora ziua de 20 aprilie 1919, care este o zi de referin\\u0163\\u0103 pentru istoria ora\\u015fului Oradea. Atunci s-a reu\\u015fit eliberarea urbei de pe Cri\\u015ful Repede \\u015fi intrarea sa de drept \\u00een componen\\u0163a\",\"inLanguage\":\"hu-HU\",\"isPartOf\":{\"@id\":\"https:\\\/\\\/www.teatrulreginamaria.ro\\\/hu\\\/#website\"},\"breadcrumb\":{\"@id\":\"https:\\\/\\\/www.teatrulreginamaria.ro\\\/hu\\\/joc-si-cantec-romanesc-invitat-special-aurel-tamas\\\/#breadcrumblist\"},\"author\":{\"@id\":\"https:\\\/\\\/www.teatrulreginamaria.ro\\\/hu\\\/author\\\/iulianm\\\/#author\"},\"creator\":{\"@id\":\"https:\\\/\\\/www.teatrulreginamaria.ro\\\/hu\\\/author\\\/iulianm\\\/#author\"},\"datePublished\":\"2012-04-12T10:31:45+03:00\",\"dateModified\":\"2012-04-12T10:31:45+03:00\"},{\"@type\":\"WebSite\",\"@id\":\"https:\\\/\\\/www.teatrulreginamaria.ro\\\/hu\\\/#website\",\"url\":\"https:\\\/\\\/www.teatrulreginamaria.ro\\\/hu\\\/\",\"name\":\"Teatrul Regina Maria Oradea\",\"alternateName\":\"TRM Oradea\",\"description\":\"Trupa Iosif Vulcan \\u0219i Trupa Arcadia\",\"inLanguage\":\"hu-HU\",\"publisher\":{\"@id\":\"https:\\\/\\\/www.teatrulreginamaria.ro\\\/hu\\\/#organization\"}}]}\n\t\t<\/script>\n\t\t<!-- All in One SEO Pro -->\r\n\t\t<title>JOC \u015eI C\u00c2NTEC ROM\u00c2NESC. INVITAT SPECIAL: AUREL T\u0102MA\u015e - Teatrul Regina Maria Oradea<\/title>\n\n","aioseo_head_json":{"title":"ROM\u00c1N J\u00c1T\u00c9K \u00c9S DAL. K\u00dcL\u00d6NVEND\u00c9G: AUREL T\u0102MA\u015e - Regina Maria Sz\u00ednh\u00e1z Nagyv\u00e1radi","description":"A Regina Maria Sz\u00ednh\u00e1z nagy \u00f6r\u00f6mmel megh\u00edvja \u00d6nt hagyom\u00e1nyos el\u0151ad\u00e1s\u00e1ra, amelyre \u00e1prilis 19-\u00e9n, cs\u00fct\u00f6rt\u00f6k\u00f6n ker\u00fcl sor, Nagyv\u00e1rad t\u00f6rt\u00e9nelm\u00e9nek 1919. \u00e1prilis 20-i napj\u00e1nak eml\u00e9k\u00e9re. Ezut\u00e1n a Sebes-K\u00f6r\u00f6s-i v\u00e1ros felszabad\u00edt\u00e1sa megt\u00f6rt\u00e9nt, \u00e9s jogosan beker\u00fclt a hadseregbe.","canonical_url":"https:\/\/www.teatrulreginamaria.ro\/hu\/joc-si-cantec-romanesc-invitat-special-aurel-tamas\/","robots":"max-image-preview:large","keywords":"","webmasterTools":{"miscellaneous":""},"schema":{"@context":"https:\/\/schema.org","@graph":[{"@type":"BlogPosting","@id":"https:\/\/www.teatrulreginamaria.ro\/hu\/joc-si-cantec-romanesc-invitat-special-aurel-tamas\/#blogposting","name":"JOC \u015eI C\u00c2NTEC ROM\u00c2NESC. INVITAT SPECIAL: AUREL T\u0102MA\u015e - Teatrul Regina Maria Oradea","headline":"JOC \u015eI C\u00c2NTEC ROM\u00c2NESC. INVITAT SPECIAL: AUREL T\u0102MA\u015e","author":{"@id":"https:\/\/www.teatrulreginamaria.ro\/hu\/author\/iulianm\/#author"},"publisher":{"@id":"https:\/\/www.teatrulreginamaria.ro\/hu\/#organization"},"image":{"@type":"ImageObject","url":"https:\/\/www.teatrulreginamaria.ro\/wp-content\/uploads\/2025\/06\/logo-trm-01-dark.png","@id":"https:\/\/www.teatrulreginamaria.ro\/hu\/#articleImage","width":300,"height":148},"datePublished":"2012-04-12T10:31:45+03:00","dateModified":"2012-04-12T10:31:45+03:00","inLanguage":"hu-HU","mainEntityOfPage":{"@id":"https:\/\/www.teatrulreginamaria.ro\/hu\/joc-si-cantec-romanesc-invitat-special-aurel-tamas\/#webpage"},"isPartOf":{"@id":"https:\/\/www.teatrulreginamaria.ro\/hu\/joc-si-cantec-romanesc-invitat-special-aurel-tamas\/#webpage"},"articleSection":"Nout\u0103\u021bi - Ansamblul Cri\u0219ana"},{"@type":"BreadcrumbList","@id":"https:\/\/www.teatrulreginamaria.ro\/hu\/joc-si-cantec-romanesc-invitat-special-aurel-tamas\/#breadcrumblist","itemListElement":[{"@type":"ListItem","@id":"https:\/\/www.teatrulreginamaria.ro\/hu#listItem","position":1,"name":"Home","item":"https:\/\/www.teatrulreginamaria.ro\/hu","nextItem":{"@type":"ListItem","@id":"https:\/\/www.teatrulreginamaria.ro\/hu\/categorie\/noutati\/#listItem","name":"Nout\u0103\u021bi"}},{"@type":"ListItem","@id":"https:\/\/www.teatrulreginamaria.ro\/hu\/categorie\/noutati\/#listItem","position":2,"name":"Nout\u0103\u021bi","item":"https:\/\/www.teatrulreginamaria.ro\/hu\/categorie\/noutati\/","nextItem":{"@type":"ListItem","@id":"https:\/\/www.teatrulreginamaria.ro\/hu\/categorie\/noutati\/noutati-ansamblul-crisana\/#listItem","name":"Nout\u0103\u021bi - Ansamblul Cri\u0219ana"},"previousItem":{"@type":"ListItem","@id":"https:\/\/www.teatrulreginamaria.ro\/hu#listItem","name":"Home"}},{"@type":"ListItem","@id":"https:\/\/www.teatrulreginamaria.ro\/hu\/categorie\/noutati\/noutati-ansamblul-crisana\/#listItem","position":3,"name":"Nout\u0103\u021bi - Ansamblul Cri\u0219ana","item":"https:\/\/www.teatrulreginamaria.ro\/hu\/categorie\/noutati\/noutati-ansamblul-crisana\/","nextItem":{"@type":"ListItem","@id":"https:\/\/www.teatrulreginamaria.ro\/hu\/joc-si-cantec-romanesc-invitat-special-aurel-tamas\/#listItem","name":"JOC \u015eI C\u00c2NTEC ROM\u00c2NESC. INVITAT SPECIAL: AUREL T\u0102MA\u015e"},"previousItem":{"@type":"ListItem","@id":"https:\/\/www.teatrulreginamaria.ro\/hu\/categorie\/noutati\/#listItem","name":"Nout\u0103\u021bi"}},{"@type":"ListItem","@id":"https:\/\/www.teatrulreginamaria.ro\/hu\/joc-si-cantec-romanesc-invitat-special-aurel-tamas\/#listItem","position":4,"name":"JOC \u015eI C\u00c2NTEC ROM\u00c2NESC. INVITAT SPECIAL: AUREL T\u0102MA\u015e","previousItem":{"@type":"ListItem","@id":"https:\/\/www.teatrulreginamaria.ro\/hu\/categorie\/noutati\/noutati-ansamblul-crisana\/#listItem","name":"Nout\u0103\u021bi - Ansamblul Cri\u0219ana"}}]},{"@type":"Organization","@id":"https:\/\/www.teatrulreginamaria.ro\/hu\/#organization","name":"Teatrul Regina Maria Oradea","description":"Trupa Iosif Vulcan \u0219i Trupa Arcadia","url":"https:\/\/www.teatrulreginamaria.ro\/hu\/","email":"marketing@teatrulreginamaria.ro","telephone":"+40359411534","numberOfEmployees":{"@type":"QuantitativeValue","minValue":0,"maxValue":150},"logo":{"@type":"ImageObject","url":"https:\/\/www.teatrulreginamaria.ro\/wp-content\/uploads\/2025\/06\/logo-trm-01-dark.png","@id":"https:\/\/www.teatrulreginamaria.ro\/hu\/joc-si-cantec-romanesc-invitat-special-aurel-tamas\/#organizationLogo","width":300,"height":148},"image":{"@id":"https:\/\/www.teatrulreginamaria.ro\/hu\/joc-si-cantec-romanesc-invitat-special-aurel-tamas\/#organizationLogo"},"sameAs":["https:\/\/www.facebook.com\/TRMTrupaIosifVulcan\/","https:\/\/x.com\/TRMOradea","https:\/\/www.instagram.com\/teatrul_regina_maria\/","https:\/\/www.youtube.com\/c\/TeatrulReginaMariaOradea","https:\/\/www.linkedin.com\/company\/teatrul-regina-maria"]},{"@type":"Person","@id":"https:\/\/www.teatrulreginamaria.ro\/hu\/author\/iulianm\/#author","url":"https:\/\/www.teatrulreginamaria.ro\/hu\/author\/iulianm\/","name":"Teatrul Regina Maria","image":{"@type":"ImageObject","@id":"https:\/\/www.teatrulreginamaria.ro\/hu\/joc-si-cantec-romanesc-invitat-special-aurel-tamas\/#authorImage","url":"https:\/\/secure.gravatar.com\/avatar\/49af75bc1b3eb710073d2f37927ea27e6c274a29562ef49edfc6bcf11b9e941d?s=96&d=mm&r=g","width":96,"height":96,"caption":"Teatrul Regina Maria"}},{"@type":"WebPage","@id":"https:\/\/www.teatrulreginamaria.ro\/hu\/joc-si-cantec-romanesc-invitat-special-aurel-tamas\/#webpage","url":"https:\/\/www.teatrulreginamaria.ro\/hu\/joc-si-cantec-romanesc-invitat-special-aurel-tamas\/","name":"JOC \u015eI C\u00c2NTEC ROM\u00c2NESC. INVITAT SPECIAL: AUREL T\u0102MA\u015e - Teatrul Regina Maria Oradea","description":"Teatrul Regina Maria are deosebita pl\u0103cere de a v\u0103 invita la un spectacol tradi\u0163ional care va avea loc joi, 19 aprilie, pentru a comemora ziua de 20 aprilie 1919, care este o zi de referin\u0163\u0103 pentru istoria ora\u015fului Oradea. Atunci s-a reu\u015fit eliberarea urbei de pe Cri\u015ful Repede \u015fi intrarea sa de drept \u00een componen\u0163a","inLanguage":"hu-HU","isPartOf":{"@id":"https:\/\/www.teatrulreginamaria.ro\/hu\/#website"},"breadcrumb":{"@id":"https:\/\/www.teatrulreginamaria.ro\/hu\/joc-si-cantec-romanesc-invitat-special-aurel-tamas\/#breadcrumblist"},"author":{"@id":"https:\/\/www.teatrulreginamaria.ro\/hu\/author\/iulianm\/#author"},"creator":{"@id":"https:\/\/www.teatrulreginamaria.ro\/hu\/author\/iulianm\/#author"},"datePublished":"2012-04-12T10:31:45+03:00","dateModified":"2012-04-12T10:31:45+03:00"},{"@type":"WebSite","@id":"https:\/\/www.teatrulreginamaria.ro\/hu\/#website","url":"https:\/\/www.teatrulreginamaria.ro\/hu\/","name":"Teatrul Regina Maria Oradea","alternateName":"TRM Oradea","description":"Trupa Iosif Vulcan \u0219i Trupa Arcadia","inLanguage":"hu-HU","publisher":{"@id":"https:\/\/www.teatrulreginamaria.ro\/hu\/#organization"}}]},"og:locale":"hu_HU","og:site_name":"Teatrul Regina Maria Oradea - Trupa Iosif Vulcan \u0219i Trupa Arcadia","og:type":"article","og:title":"JOC \u015eI C\u00c2NTEC ROM\u00c2NESC. INVITAT SPECIAL: AUREL T\u0102MA\u015e - Teatrul Regina Maria Oradea","og:description":"Teatrul Regina Maria are deosebita pl\u0103cere de a v\u0103 invita la un spectacol tradi\u0163ional care va avea loc joi, 19 aprilie, pentru a comemora ziua de 20 aprilie 1919, care este o zi de referin\u0163\u0103 pentru istoria ora\u015fului Oradea. Atunci s-a reu\u015fit eliberarea urbei de pe Cri\u015ful Repede \u015fi intrarea sa de drept \u00een componen\u0163a","og:url":"https:\/\/www.teatrulreginamaria.ro\/hu\/joc-si-cantec-romanesc-invitat-special-aurel-tamas\/","og:image":"https:\/\/www.teatrulreginamaria.ro\/wp-content\/uploads\/2025\/03\/trm-istoric-01.jpg","og:image:secure_url":"https:\/\/www.teatrulreginamaria.ro\/wp-content\/uploads\/2025\/03\/trm-istoric-01.jpg","og:image:width":1200,"og:image:height":800,"article:published_time":"2012-04-12T10:31:45+00:00","article:modified_time":"2012-04-12T10:31:45+00:00","article:publisher":"https:\/\/www.facebook.com\/TRMTrupaIosifVulcan\/","twitter:card":"summary_large_image","twitter:site":"@TRMOradea","twitter:title":"JOC \u015eI C\u00c2NTEC ROM\u00c2NESC. INVITAT SPECIAL: AUREL T\u0102MA\u015e - Teatrul Regina Maria Oradea","twitter:description":"Teatrul Regina Maria are deosebita pl\u0103cere de a v\u0103 invita la un spectacol tradi\u0163ional care va avea loc joi, 19 aprilie, pentru a comemora ziua de 20 aprilie 1919, care este o zi de referin\u0163\u0103 pentru istoria ora\u015fului Oradea. Atunci s-a reu\u015fit eliberarea urbei de pe Cri\u015ful Repede \u015fi intrarea sa de drept \u00een componen\u0163a","twitter:creator":"@TRMOradea","twitter:image":"https:\/\/www.teatrulreginamaria.ro\/wp-content\/uploads\/2025\/03\/trm-istoric-01.jpg"},"aioseo_meta_data":{"post_id":"1344","title":null,"description":null,"keywords":null,"keyphrases":null,"primary_term":null,"canonical_url":null,"og_title":null,"og_description":null,"og_object_type":"default","og_image_type":"default","og_image_url":null,"og_image_width":null,"og_image_height":null,"og_image_custom_url":null,"og_image_custom_fields":null,"og_video":null,"og_custom_url":null,"og_article_section":null,"og_article_tags":null,"twitter_use_og":false,"twitter_card":"default","twitter_image_type":"default","twitter_image_url":null,"twitter_image_custom_url":null,"twitter_image_custom_fields":null,"twitter_title":null,"twitter_description":null,"schema":{"blockGraphs":[],"customGraphs":[],"default":{"data":{"Article":[],"Course":[],"Dataset":[],"FAQPage":[],"Movie":[],"Person":[],"Product":[],"ProductReview":[],"Car":[],"Recipe":[],"Service":[],"SoftwareApplication":[],"WebPage":[]},"graphName":"","isEnabled":true},"graphs":[]},"schema_type":"default","schema_type_options":null,"pillar_content":false,"robots_default":true,"robots_noindex":false,"robots_noarchive":false,"robots_nosnippet":false,"robots_nofollow":false,"robots_noimageindex":false,"robots_noodp":false,"robots_notranslate":false,"robots_max_snippet":null,"robots_max_videopreview":null,"robots_max_imagepreview":"large","priority":null,"frequency":null,"local_seo":null,"seo_analyzer_scan_date":"2026-05-12 23:27:35","breadcrumb_settings":null,"limit_modified_date":false,"reviewed_by":null,"open_ai":null,"ai":null,"created":"2025-04-09 17:40:54","updated":"2026-05-12 23:27:35","focus_keyword":null,"additional_keywords":null,"truseo_locale":null},"aioseo_breadcrumb":"<div class=\"aioseo-breadcrumbs\"><span class=\"aioseo-breadcrumb\">\n\t<a href=\"https:\/\/www.teatrulreginamaria.ro\/hu\" title=\"Home\">Home<\/a>\n<\/span><span class=\"aioseo-breadcrumb-separator\">&raquo;<\/span><span class=\"aioseo-breadcrumb\">\n\t<a href=\"https:\/\/www.teatrulreginamaria.ro\/hu\/categorie\/noutati\/\" title=\"Nout\u0103\u021bi\">Nout\u0103\u021bi<\/a>\n<\/span><span class=\"aioseo-breadcrumb-separator\">&raquo;<\/span><span class=\"aioseo-breadcrumb\">\n\t<a href=\"https:\/\/www.teatrulreginamaria.ro\/hu\/categorie\/noutati\/noutati-ansamblul-crisana\/\" title=\"Nout\u0103\u021bi - Ansamblul Cri\u0219ana\">Nout\u0103\u021bi - Ansamblul Cri\u0219ana<\/a>\n<\/span><span class=\"aioseo-breadcrumb-separator\">&raquo;<\/span><span class=\"aioseo-breadcrumb\">\n\tJOC \u015eI C\u00c2NTEC ROM\u00c2NESC. INVITAT SPECIAL: AUREL T\u0102MA\u015e\n<\/span><\/div>","aioseo_breadcrumb_json":[{"label":"Home","link":"https:\/\/www.teatrulreginamaria.ro\/hu"},{"label":"Nout\u0103\u021bi","link":"https:\/\/www.teatrulreginamaria.ro\/hu\/categorie\/noutati\/"},{"label":"Nout\u0103\u021bi - Ansamblul Cri\u0219ana","link":"https:\/\/www.teatrulreginamaria.ro\/hu\/categorie\/noutati\/noutati-ansamblul-crisana\/"},{"label":"JOC \u015eI C\u00c2NTEC ROM\u00c2NESC. INVITAT SPECIAL: AUREL T\u0102MA\u015e","link":"https:\/\/www.teatrulreginamaria.ro\/hu\/joc-si-cantec-romanesc-invitat-special-aurel-tamas\/"}],"acf":[],"_links":{"self":[{"href":"https:\/\/www.teatrulreginamaria.ro\/hu\/wp-json\/wp\/v2\/posts\/1344","targetHints":{"allow":["GET"]}}],"collection":[{"href":"https:\/\/www.teatrulreginamaria.ro\/hu\/wp-json\/wp\/v2\/posts"}],"about":[{"href":"https:\/\/www.teatrulreginamaria.ro\/hu\/wp-json\/wp\/v2\/types\/post"}],"author":[{"embeddable":true,"href":"https:\/\/www.teatrulreginamaria.ro\/hu\/wp-json\/wp\/v2\/users\/1"}],"replies":[{"embeddable":true,"href":"https:\/\/www.teatrulreginamaria.ro\/hu\/wp-json\/wp\/v2\/comments?post=1344"}],"version-history":[{"count":0,"href":"https:\/\/www.teatrulreginamaria.ro\/hu\/wp-json\/wp\/v2\/posts\/1344\/revisions"}],"wp:attachment":[{"href":"https:\/\/www.teatrulreginamaria.ro\/hu\/wp-json\/wp\/v2\/media?parent=1344"}],"wp:term":[{"taxonomy":"category","embeddable":true,"href":"https:\/\/www.teatrulreginamaria.ro\/hu\/wp-json\/wp\/v2\/categories?post=1344"},{"taxonomy":"post_tag","embeddable":true,"href":"https:\/\/www.teatrulreginamaria.ro\/hu\/wp-json\/wp\/v2\/tags?post=1344"}],"curies":[{"name":"munkaf\u00fczet","href":"https:\/\/api.w.org\/{rel}","templated":true}]}}