{"id":13473,"date":"2025-05-29T15:45:11","date_gmt":"2025-05-29T12:45:11","guid":{"rendered":"https:\/\/www.teatrulreginamaria.ro\/?p=13473"},"modified":"2025-06-15T10:50:34","modified_gmt":"2025-06-15T07:50:34","slug":"juniusi-program-a-queen-maria-szinhazban","status":"publish","type":"post","link":"https:\/\/www.teatrulreginamaria.ro\/hu\/programul-lunii-iunie-la-teatrul-regina-maria\/","title":{"rendered":"J\u00faniusi program a Regina Maria Sz\u00ednh\u00e1zban"},"content":{"rendered":"<p class=\"wp-block-paragraph\">J\u00fanius meghat\u00f3 t\u00f6rt\u00e9neteket, v\u00edgj\u00e1t\u00e9kokat \u00e9s musicaleket hoz a Regina Maria Sz\u00ednh\u00e1z sz\u00ednpad\u00e1ra, feln\u0151tteknek \u00e9s gyerekeknek egyar\u00e1nt. A programban megtal\u00e1lhat\u00f3k a k\u00e9t t\u00e1rsulat leg\u00fajabb premierjei, a kor\u00e1bbi \u00e9vadok sz\u00ednpadra visszat\u00e9r\u0151 el\u0151ad\u00e1sai, valamint vend\u00e9gel\u0151ad\u00e1sok \u00e9s kapcsol\u00f3d\u00f3 esem\u00e9nyek.<\/p>\n\n\n\n<!--more-->\n\n\n\n<p class=\"wp-block-paragraph\"><strong>IOSIF VULCAN TROPE<\/strong><\/p>\n\n\n\n<p class=\"wp-block-paragraph\">A kezd\u00e9s j\u00fanius 1-j\u00e9n van, amikor a kicsik ingyen bel\u00e9phetnek a m\u0171sor var\u00e1zslatos birodalm\u00e1ba. <strong>OZ VAR\u00c1ZSL\u00d3JA<\/strong>Dorothea \u00e9s bar\u00e1tai t\u00f6rt\u00e9nete nyitja meg a sz\u00ednh\u00e1z f\u00fcgg\u00f6ny\u00e9t ebben a h\u00f3napban, \u00e9l\u00e9nk d\u00edszletekkel \u00e9s dalokkal, amelyek a termet egy r\u00e9szv\u00e9telen alapul\u00f3 mes\u00e9v\u00e9 var\u00e1zsolj\u00e1k.<\/p>\n\n\n\n<p class=\"wp-block-paragraph\">J\u00fanius 5-\u00e9n 12 \u00e9ven fel\u00fcli n\u00e9z\u0151ket szeretettel v\u00e1runk a <strong>EGY NAGYON EGYSZER\u0170 T\u00d6RT\u00c9NET<\/strong>, amelyet t\u00edz \u00e9vvel a premier ut\u00e1n ism\u00e9telnek meg a Nagyteremben, amely egy emberekkel \u00e9s \u00e1llatokkal teli csal\u00e1d \u0151szintes\u00e9g\u00e9vel \u00e9s humor\u00e1val h\u00f3d\u00edtotta meg a k\u00f6z\u00f6ns\u00e9get. Az \u00fajraegyes\u00fcl\u00e9s lehet\u0151s\u00e9get ad arra, hogy \u00fajra felfedezz\u00fck egy olyan c\u00edm var\u00e1zs\u00e1t, amely a nagyv\u00e1radi n\u00e9z\u0151k sz\u00e1m\u00e1ra m\u00e1r klasszikuss\u00e1 v\u00e1lt.<\/p>\n\n\n\n<p class=\"wp-block-paragraph\">A k\u00f6vetkez\u0151 el\u0151ad\u00e1sok a Nagyteremben lesznek. <strong>CYRANO DE BERGERAC<\/strong> (j\u00fanius 10.) \u2013 a k\u00f6lt\u0151i b\u00e1tors\u00e1g kinyilv\u00e1n\u00edt\u00e1sa, <strong>RICHARD III<\/strong> (j\u00fanius 13.) \u2013 az abszol\u00fat hatalom \u00e9s a kom\u00e9dia \u00f6rv\u00e9nye <strong>KAKTUSZVIR\u00c1G<\/strong> (j\u00fanius 20-\u00e1n), \u00e9s j\u00fanius 23-\u00e1n a h\u00edres musical <strong>A heged\u0171s a h\u00e1ztet\u0151n<\/strong> zsid\u00f3 hagyom\u00e1nyokat \u00e9s Tevye humor\u00e1t hozza sz\u00ednpadra \u00e9l\u0151 zenekar k\u00eds\u00e9ret\u00e9ben.<\/p>\n\n\n\n<p class=\"wp-block-paragraph\">Az el\u0151ad\u00e1sok a Transilvania Csarnokban ker\u00fclnek megrendez\u00e9sre. <strong>A REM\u00c9NY SOHA NEM FEL FEL A LIFTBEN <\/strong>(j\u00fanius 21.), <strong>ELIF \u00c9S AZ ES\u0150 <\/strong>(j\u00fanius 24.), az az el\u0151ad\u00e1s, amely Alex Ian\u0103\u0219i rendez\u0151nek az idei UNITER-d\u00edjat hozta deb\u00fct\u00e1l\u00e1s\u00e1\u00e9rt, \u00e9s a dr\u00e1makom\u00e9dia <strong>T\u00c1MOGAT\u00d3 NEM<\/strong> (J\u00fanius 25.).<\/p>\n\n\n\n<p class=\"wp-block-paragraph\">A h\u00f3nap v\u00e9g\u00e9n a Nagyterem egy k\u00fcl\u00f6nleges esem\u00e9nynek van fenntartva: <strong>SZIB\u00c9RIAI AKT\u00cdV\u00c1K<\/strong> (j\u00fanius 27.), a chisinaui \u201eMihai Eminescu\u201d Nemzeti Sz\u00ednh\u00e1z el\u0151ad\u00e1sa, amely Nagyv\u00e1radon is meg\u00e1ll az Eml\u00e9kez\u00e9s T\u00fara r\u00e9szek\u00e9nt, amelyet a Moldovai K\u00f6zt\u00e1rsas\u00e1g Kultur\u00e1lis Miniszt\u00e9riuma \u00e9s a Moldovai K\u00f6zt\u00e1rsas\u00e1g Rom\u00e1niai Nagyk\u00f6vets\u00e9ge szervezett. Az el\u0151ad\u00e1s a szovjet rezsim \u00e1ltali polg\u00e1ri lakoss\u00e1g t\u00f6meges deport\u00e1l\u00e1sainak \u00e9s a GULAG-ban fogvatartott politikai foglyok sors\u00e1nak t\u00e9m\u00e1j\u00e1t dolgozza fel, \u00e9s figyelmeztet\u00e9sk\u00e9nt szolg\u00e1l a \u201evas\u00f6k\u00f6l\u201d politika fenntart\u00e1s\u00e1nak vesz\u00e9lyeire, valamint gy\u00f3gy\u00edrt k\u00edn\u00e1l a totalit\u00e1rius rezsim ir\u00e1nti nosztalgia ellen.<\/p>\n\n\n\n<p class=\"wp-block-paragraph\"><strong>\u00c1RK\u00c1DIA TROMBITA<\/strong><\/p>\n\n\n\n<p class=\"wp-block-paragraph\">J\u00fanius 14-\u00e9n, szombaton, 11 \u00f3r\u00e1t\u00f3l a gyerekeket szeretettel v\u00e1rjuk az el\u0151ad\u00e1sra. <strong>NAPNAP<\/strong>, egy finom porcel\u00e1nbalerina \u00e9s egy k\u00edv\u00e1ncsi eg\u00e9r v\u00e1ratlan bar\u00e1ts\u00e1g\u00e1nak t\u00f6rt\u00e9net\u00e9t, \u00e9s j\u00fanius 21-\u00e9n, szombaton, d\u00e9lel\u0151tt 11 \u00f3rakor a gyerekeket arra biztatj\u00e1k, hogy fedezz\u00e9k fel a vil\u00e1got <strong>APOLLODOR, AZ UTAZ\u00d3 PINGVIN.<\/strong><\/p>\n\n\n\n<p class=\"wp-block-paragraph\"><strong><br>KAPCSOL\u00d3D\u00d3 ESEM\u00c9NYEK \u00c9S FESZTIV\u00c1LOKRA VAL\u00d3 KIR\u00c1NDUL\u00c1SOK<\/strong><\/p>\n\n\n\n<p class=\"wp-block-paragraph\">Ebben a h\u00f3napban a Regina Maria Sz\u00ednh\u00e1z mindk\u00e9t t\u00e1rsulata m\u00e1s v\u00e1rosokban is fell\u00e9p fesztiv\u00e1lokon. J\u00fanius 27-\u00e9n a Iosif Vulcan T\u00e1rsulat a GENUL ACUZATIV c\u00edm\u0171 el\u0151ad\u00e1st adja el\u0151 a resicai \u00daj Hull\u00e1m Sz\u00ednh\u00e1zi Fesztiv\u00e1lon, az ELIF \u0218I PLOAIA c\u00edm\u0171 el\u0151ad\u00e1s pedig a Tordai Nemzetk\u00f6zi Sz\u00ednh\u00e1zi Fesztiv\u00e1l v\u00e1logat\u00e1s\u00e1nak r\u00e9sze, ahol j\u00fanius 29-\u00e9n mutatj\u00e1k be. Az Arcadia T\u00e1rsulat az URIA\u0218UL EGOIST c\u00edm\u0171 el\u0151ad\u00e1st adja el\u0151 a kolozsv\u00e1ri Nemzetk\u00f6zi Puck Fesztiv\u00e1lon j\u00fanius 2-\u00e1n, valamint az APOLODOR, PINGGUINUL C\u0102L\u0102TOR c\u00edm\u0171 darabot \u00c9lesd\u0151n \u00e9s 3, di\u00e1koknak szervezett el\u0151ad\u00e1st Nagyv\u00e1radon.<\/p>\n\n\n\n<p class=\"wp-block-paragraph\">J\u00fanius 16-\u00e1n az Arcadia Hall a szellemi felfedez\u00e9s ter\u00e9v\u00e9 v\u00e1lik <strong>AZ \u00d6TLET LABORAT\u00d3RIUM<\/strong> \u2013 egy intenz\u00edv kritikai gondolkod\u00e1sra szakosodott workshop, amelyet Ioana Druga\u0219 iskolapszichol\u00f3gus koordin\u00e1l, \u00e9s egy 20 f\u0151s kis csoport sz\u00e1m\u00e1ra k\u00e9sz\u00fclt. Kezdem\u00e9nyez\u0151: <a href=\"http:\/\/www.eclectica.ro\/\">Eklektikus Egyes\u00fclet<\/a> Az Arcadia Troupe-pal egy\u00fcttm\u0171k\u00f6dve a projekt a kritikai gondolkod\u00e1st, az emp\u00e1ti\u00e1t \u00e9s az \u00e9rvel\u00e9s m\u0171v\u00e9szet\u00e9t fejleszti nem form\u00e1lis oktat\u00e1si gyakorlatokon kereszt\u00fcl, m\u0171v\u00e9szi t\u00e1mogat\u00e1ssal.<\/p>\n\n\n\n<p class=\"wp-block-paragraph\">A j\u00fanius 16-i workshop egy k\u00eds\u00e9rleti foglalkoz\u00e1s, amelyen Nagyv\u00e1rad t\u00f6bb iskol\u00e1j\u00e1b\u00f3l sz\u00e1rmaz\u00f3 tan\u00e1rok \u00e1ltal kiv\u00e1lasztott di\u00e1kok vesznek r\u00e9szt. A sorozat augusztust\u00f3l regisztr\u00e1ci\u00f3 alapj\u00e1n folytat\u00f3dik.<\/p>\n\n\n\n<p class=\"wp-block-paragraph\">***<\/p>\n\n\n\n<p class=\"wp-block-paragraph\">Tov\u00e1bbi inform\u00e1ci\u00f3 az el\u0151ad\u00e1sokr\u00f3l \u00e9s a programokr\u00f3l a c\u00edmen tal\u00e1lhat\u00f3. <a href=\"http:\/\/www.teatrulreginamaria.ro\/hu\/\">www.teatrulreginamaria.ro<\/a>, \u00e9s jegyek v\u00e1s\u00e1rolhat\u00f3k a weboldalon <a href=\"https:\/\/www.poftimcultura.ro\/bilete-teatru?term=*&amp;query_by=title&amp;filter_by=city%3A%3DOradea+%26%26+venue%3A%3DTeatrul+Regina+Maria+%26%26+status%3A%3D%5BSELLING%2C+NOT_SELLING%5D&amp;sort_by=date%3Aasc\">Tess\u00e9k, kult\u00fara<\/a> vagy a Jegyirod\u00e1ban, a k\u00f6vetkez\u0151 id\u0151pontokban:<\/p>\n\n\n\n<ul class=\"wp-block-list\">\n<li>H\u00e9tf\u0151: 14:00 \u2013 18:00<\/li>\n\n\n\n<li>Kedd \u00e9s cs\u00fct\u00f6rt\u00f6k: 12:00 \u2013 18:00<\/li>\n\n\n\n<li>Szerda \u00e9s p\u00e9ntek: 10:00 \u2013 14:00<\/li>\n\n\n\n<li>Szombat \u00e9s vas\u00e1rnap: z\u00e1rva<\/li>\n<\/ul>\n\n\n\n<p class=\"wp-block-paragraph\">Az \u00fcgyn\u00f6ks\u00e9g a nagytermi el\u0151ad\u00e1sok kezdete el\u0151tt egy \u00f3r\u00e1val is nyitva tart, napt\u00f3l f\u00fcggetlen\u00fcl.<\/p>","protected":false},"excerpt":{"rendered":"<p>J\u00fanius meghat\u00f3 t\u00f6rt\u00e9neteket, v\u00edgj\u00e1t\u00e9kokat \u00e9s musicaleket hoz a Regina Maria Sz\u00ednh\u00e1z sz\u00ednpad\u00e1ra, feln\u0151tteknek \u00e9s gyerekeknek egyar\u00e1nt. A programban megtal\u00e1lhat\u00f3k a k\u00e9t t\u00e1rsulat leg\u00fajabb premierjei, a kor\u00e1bbi \u00e9vadok sz\u00ednpadra visszat\u00e9r\u0151 el\u0151ad\u00e1sai, valamint vend\u00e9gel\u0151ad\u00e1sok \u00e9s kapcsol\u00f3d\u00f3 esem\u00e9nyek.<\/p>","protected":false},"author":8,"featured_media":13474,"comment_status":"closed","ping_status":"closed","sticky":false,"template":"","format":"standard","meta":{"_acf_changed":false,"footnotes":""},"categories":[41],"tags":[],"class_list":["post-13473","post","type-post","status-publish","format-standard","has-post-thumbnail","hentry","category-noutati"],"aioseo_notices":[],"aioseo_head":"\n\t\t<!-- All in One SEO Pro 5.0.1.1 - aioseo.com -->\n\t<meta name=\"description\" content=\"Luna iunie aduce pe scena Teatrului Regina Maria pove\u0219ti emo\u021bionante, comedii \u0219i musicaluri, pentru adul\u021bi \u0219i copii deopotriv\u0103. Din program fac parte cele mai recente premiere ale celor dou\u0103 trupe, spectacole din stagiunile trecute, care se re\u00eentorc pe scen\u0103, dar \u0219i spectacole invitate \u0219i evenimente conexe. TRUPA IOSIF VULCAN Startul se d\u0103 chiar de 1\" \/>\n\t<meta name=\"robots\" content=\"max-image-preview:large\" \/>\n\t<meta name=\"author\" content=\"Ramona Neme\u0219\"\/>\n\t<link rel=\"canonical\" href=\"https:\/\/www.teatrulreginamaria.ro\/hu\/programul-lunii-iunie-la-teatrul-regina-maria\/\" \/>\n\t<meta name=\"generator\" content=\"All in One SEO Pro (AIOSEO) 5.0.1.1\" \/>\n\t\t<meta property=\"og:locale\" content=\"hu_HU\" \/>\n\t\t<meta property=\"og:site_name\" content=\"Teatrul Regina Maria Oradea - Trupa Iosif Vulcan \u0219i Trupa Arcadia\" \/>\n\t\t<meta property=\"og:type\" content=\"article\" \/>\n\t\t<meta property=\"og:title\" content=\"Programul lunii iunie la Teatrul Regina Maria - Teatrul Regina Maria Oradea\" \/>\n\t\t<meta property=\"og:description\" content=\"Luna iunie aduce pe scena Teatrului Regina Maria pove\u0219ti emo\u021bionante, comedii \u0219i musicaluri, pentru adul\u021bi \u0219i copii deopotriv\u0103. Din program fac parte cele mai recente premiere ale celor dou\u0103 trupe, spectacole din stagiunile trecute, care se re\u00eentorc pe scen\u0103, dar \u0219i spectacole invitate \u0219i evenimente conexe. TRUPA IOSIF VULCAN Startul se d\u0103 chiar de 1\" \/>\n\t\t<meta property=\"og:url\" content=\"https:\/\/www.teatrulreginamaria.ro\/hu\/programul-lunii-iunie-la-teatrul-regina-maria\/\" \/>\n\t\t<meta property=\"og:image\" content=\"https:\/\/www.teatrulreginamaria.ro\/wp-content\/uploads\/2025\/03\/trm-istoric-01.jpg\" \/>\n\t\t<meta property=\"og:image:secure_url\" content=\"https:\/\/www.teatrulreginamaria.ro\/wp-content\/uploads\/2025\/03\/trm-istoric-01.jpg\" \/>\n\t\t<meta property=\"og:image:width\" content=\"1200\" \/>\n\t\t<meta property=\"og:image:height\" content=\"800\" \/>\n\t\t<meta property=\"article:published_time\" content=\"2025-05-29T12:45:11+00:00\" \/>\n\t\t<meta property=\"article:modified_time\" content=\"2025-06-15T07:50:34+00:00\" \/>\n\t\t<meta property=\"article:publisher\" content=\"https:\/\/www.facebook.com\/TRMTrupaIosifVulcan\/\" \/>\n\t\t<meta name=\"twitter:card\" content=\"summary_large_image\" \/>\n\t\t<meta name=\"twitter:site\" content=\"@TRMOradea\" \/>\n\t\t<meta name=\"twitter:title\" content=\"Programul lunii iunie la Teatrul Regina Maria - Teatrul Regina Maria Oradea\" \/>\n\t\t<meta name=\"twitter:description\" content=\"Luna iunie aduce pe scena Teatrului Regina Maria pove\u0219ti emo\u021bionante, comedii \u0219i musicaluri, pentru adul\u021bi \u0219i copii deopotriv\u0103. Din program fac parte cele mai recente premiere ale celor dou\u0103 trupe, spectacole din stagiunile trecute, care se re\u00eentorc pe scen\u0103, dar \u0219i spectacole invitate \u0219i evenimente conexe. TRUPA IOSIF VULCAN Startul se d\u0103 chiar de 1\" \/>\n\t\t<meta name=\"twitter:creator\" content=\"@TRMOradea\" \/>\n\t\t<meta name=\"twitter:image\" content=\"https:\/\/www.teatrulreginamaria.ro\/wp-content\/uploads\/2025\/03\/trm-istoric-01.jpg\" \/>\n\t\t<script type=\"application\/ld+json\" class=\"aioseo-schema\">\n\t\t\t{\"@context\":\"https:\\\/\\\/schema.org\",\"@graph\":[{\"@type\":\"BlogPosting\",\"@id\":\"https:\\\/\\\/www.teatrulreginamaria.ro\\\/hu\\\/programul-lunii-iunie-la-teatrul-regina-maria\\\/#blogposting\",\"name\":\"Programul lunii iunie la Teatrul Regina Maria - Teatrul Regina Maria Oradea\",\"headline\":\"Programul lunii iunie la Teatrul Regina Maria\",\"author\":{\"@id\":\"https:\\\/\\\/www.teatrulreginamaria.ro\\\/hu\\\/author\\\/ramona\\\/#author\"},\"publisher\":{\"@id\":\"https:\\\/\\\/www.teatrulreginamaria.ro\\\/hu\\\/#organization\"},\"image\":{\"@type\":\"ImageObject\",\"url\":\"https:\\\/\\\/www.teatrulreginamaria.ro\\\/wp-content\\\/uploads\\\/2025\\\/05\\\/IUNIE-2025-NOU-site.jpg\",\"width\":735,\"height\":1050},\"datePublished\":\"2025-05-29T15:45:11+03:00\",\"dateModified\":\"2025-06-15T10:50:34+03:00\",\"inLanguage\":\"hu-HU\",\"mainEntityOfPage\":{\"@id\":\"https:\\\/\\\/www.teatrulreginamaria.ro\\\/hu\\\/programul-lunii-iunie-la-teatrul-regina-maria\\\/#webpage\"},\"isPartOf\":{\"@id\":\"https:\\\/\\\/www.teatrulreginamaria.ro\\\/hu\\\/programul-lunii-iunie-la-teatrul-regina-maria\\\/#webpage\"},\"articleSection\":\"Nout\\u0103\\u021bi\"},{\"@type\":\"BreadcrumbList\",\"@id\":\"https:\\\/\\\/www.teatrulreginamaria.ro\\\/hu\\\/programul-lunii-iunie-la-teatrul-regina-maria\\\/#breadcrumblist\",\"itemListElement\":[{\"@type\":\"ListItem\",\"@id\":\"https:\\\/\\\/www.teatrulreginamaria.ro\\\/hu#listItem\",\"position\":1,\"name\":\"Home\",\"item\":\"https:\\\/\\\/www.teatrulreginamaria.ro\\\/hu\",\"nextItem\":{\"@type\":\"ListItem\",\"@id\":\"https:\\\/\\\/www.teatrulreginamaria.ro\\\/hu\\\/categorie\\\/noutati\\\/#listItem\",\"name\":\"Nout\\u0103\\u021bi\"}},{\"@type\":\"ListItem\",\"@id\":\"https:\\\/\\\/www.teatrulreginamaria.ro\\\/hu\\\/categorie\\\/noutati\\\/#listItem\",\"position\":2,\"name\":\"Nout\\u0103\\u021bi\",\"item\":\"https:\\\/\\\/www.teatrulreginamaria.ro\\\/hu\\\/categorie\\\/noutati\\\/\",\"nextItem\":{\"@type\":\"ListItem\",\"@id\":\"https:\\\/\\\/www.teatrulreginamaria.ro\\\/hu\\\/programul-lunii-iunie-la-teatrul-regina-maria\\\/#listItem\",\"name\":\"Programul lunii iunie la Teatrul Regina Maria\"},\"previousItem\":{\"@type\":\"ListItem\",\"@id\":\"https:\\\/\\\/www.teatrulreginamaria.ro\\\/hu#listItem\",\"name\":\"Home\"}},{\"@type\":\"ListItem\",\"@id\":\"https:\\\/\\\/www.teatrulreginamaria.ro\\\/hu\\\/programul-lunii-iunie-la-teatrul-regina-maria\\\/#listItem\",\"position\":3,\"name\":\"Programul lunii iunie la Teatrul Regina Maria\",\"previousItem\":{\"@type\":\"ListItem\",\"@id\":\"https:\\\/\\\/www.teatrulreginamaria.ro\\\/hu\\\/categorie\\\/noutati\\\/#listItem\",\"name\":\"Nout\\u0103\\u021bi\"}}]},{\"@type\":\"Organization\",\"@id\":\"https:\\\/\\\/www.teatrulreginamaria.ro\\\/hu\\\/#organization\",\"name\":\"Teatrul Regina Maria Oradea\",\"description\":\"Trupa Iosif Vulcan \\u0219i Trupa Arcadia\",\"url\":\"https:\\\/\\\/www.teatrulreginamaria.ro\\\/hu\\\/\",\"email\":\"marketing@teatrulreginamaria.ro\",\"telephone\":\"+40359411534\",\"numberOfEmployees\":{\"@type\":\"QuantitativeValue\",\"minValue\":0,\"maxValue\":150},\"logo\":{\"@type\":\"ImageObject\",\"url\":\"https:\\\/\\\/www.teatrulreginamaria.ro\\\/wp-content\\\/uploads\\\/2025\\\/06\\\/logo-trm-01-dark.png\",\"@id\":\"https:\\\/\\\/www.teatrulreginamaria.ro\\\/hu\\\/programul-lunii-iunie-la-teatrul-regina-maria\\\/#organizationLogo\",\"width\":300,\"height\":148},\"image\":{\"@id\":\"https:\\\/\\\/www.teatrulreginamaria.ro\\\/hu\\\/programul-lunii-iunie-la-teatrul-regina-maria\\\/#organizationLogo\"},\"sameAs\":[\"https:\\\/\\\/www.facebook.com\\\/TRMTrupaIosifVulcan\\\/\",\"https:\\\/\\\/x.com\\\/TRMOradea\",\"https:\\\/\\\/www.instagram.com\\\/teatrul_regina_maria\\\/\",\"https:\\\/\\\/www.youtube.com\\\/c\\\/TeatrulReginaMariaOradea\",\"https:\\\/\\\/www.linkedin.com\\\/company\\\/teatrul-regina-maria\"]},{\"@type\":\"Person\",\"@id\":\"https:\\\/\\\/www.teatrulreginamaria.ro\\\/hu\\\/author\\\/ramona\\\/#author\",\"url\":\"https:\\\/\\\/www.teatrulreginamaria.ro\\\/hu\\\/author\\\/ramona\\\/\",\"name\":\"Ramona Neme\\u0219\",\"image\":{\"@type\":\"ImageObject\",\"@id\":\"https:\\\/\\\/www.teatrulreginamaria.ro\\\/hu\\\/programul-lunii-iunie-la-teatrul-regina-maria\\\/#authorImage\",\"url\":\"https:\\\/\\\/www.teatrulreginamaria.ro\\\/wp-content\\\/uploads\\\/2025\\\/04\\\/ramona_nemes-sq-01.jpg\",\"width\":300,\"height\":300}},{\"@type\":\"WebPage\",\"@id\":\"https:\\\/\\\/www.teatrulreginamaria.ro\\\/hu\\\/programul-lunii-iunie-la-teatrul-regina-maria\\\/#webpage\",\"url\":\"https:\\\/\\\/www.teatrulreginamaria.ro\\\/hu\\\/programul-lunii-iunie-la-teatrul-regina-maria\\\/\",\"name\":\"Programul lunii iunie la Teatrul Regina Maria - Teatrul Regina Maria Oradea\",\"description\":\"Luna iunie aduce pe scena Teatrului Regina Maria pove\\u0219ti emo\\u021bionante, comedii \\u0219i musicaluri, pentru adul\\u021bi \\u0219i copii deopotriv\\u0103. Din program fac parte cele mai recente premiere ale celor dou\\u0103 trupe, spectacole din stagiunile trecute, care se re\\u00eentorc pe scen\\u0103, dar \\u0219i spectacole invitate \\u0219i evenimente conexe. TRUPA IOSIF VULCAN Startul se d\\u0103 chiar de 1\",\"inLanguage\":\"hu-HU\",\"isPartOf\":{\"@id\":\"https:\\\/\\\/www.teatrulreginamaria.ro\\\/hu\\\/#website\"},\"breadcrumb\":{\"@id\":\"https:\\\/\\\/www.teatrulreginamaria.ro\\\/hu\\\/programul-lunii-iunie-la-teatrul-regina-maria\\\/#breadcrumblist\"},\"author\":{\"@id\":\"https:\\\/\\\/www.teatrulreginamaria.ro\\\/hu\\\/author\\\/ramona\\\/#author\"},\"creator\":{\"@id\":\"https:\\\/\\\/www.teatrulreginamaria.ro\\\/hu\\\/author\\\/ramona\\\/#author\"},\"image\":{\"@type\":\"ImageObject\",\"url\":\"https:\\\/\\\/www.teatrulreginamaria.ro\\\/wp-content\\\/uploads\\\/2025\\\/05\\\/IUNIE-2025-NOU-site.jpg\",\"@id\":\"https:\\\/\\\/www.teatrulreginamaria.ro\\\/hu\\\/programul-lunii-iunie-la-teatrul-regina-maria\\\/#mainImage\",\"width\":735,\"height\":1050},\"primaryImageOfPage\":{\"@id\":\"https:\\\/\\\/www.teatrulreginamaria.ro\\\/hu\\\/programul-lunii-iunie-la-teatrul-regina-maria\\\/#mainImage\"},\"datePublished\":\"2025-05-29T15:45:11+03:00\",\"dateModified\":\"2025-06-15T10:50:34+03:00\"},{\"@type\":\"WebSite\",\"@id\":\"https:\\\/\\\/www.teatrulreginamaria.ro\\\/hu\\\/#website\",\"url\":\"https:\\\/\\\/www.teatrulreginamaria.ro\\\/hu\\\/\",\"name\":\"Teatrul Regina Maria Oradea\",\"alternateName\":\"TRM Oradea\",\"description\":\"Trupa Iosif Vulcan \\u0219i Trupa Arcadia\",\"inLanguage\":\"hu-HU\",\"publisher\":{\"@id\":\"https:\\\/\\\/www.teatrulreginamaria.ro\\\/hu\\\/#organization\"}}]}\n\t\t<\/script>\n\t\t<!-- All in One SEO Pro -->\r\n\t\t<title>Programul lunii iunie la Teatrul Regina Maria - Teatrul Regina Maria Oradea<\/title>\n\n","aioseo_head_json":{"title":"J\u00fanius program a Regina Maria Sz\u00ednh\u00e1zban - Regina Maria Sz\u00ednh\u00e1z Nagyv\u00e1radi","description":"J\u00fanius h\u00f3nap meghat\u00f3 t\u00f6rt\u00e9neteket, v\u00edgj\u00e1t\u00e9kokat \u00e9s musicaleket hoz a Regina Maria Sz\u00ednh\u00e1z sz\u00ednpad\u00e1ra, feln\u0151tteknek \u00e9s gyerekeknek egyar\u00e1nt. A programban megtal\u00e1lhat\u00f3k a k\u00e9t t\u00e1rsulat leg\u00fajabb premierjei, a kor\u00e1bbi \u00e9vadok visszat\u00e9r\u0151 el\u0151ad\u00e1sai, valamint vend\u00e9gel\u0151ad\u00e1sok \u00e9s kapcsol\u00f3d\u00f3 esem\u00e9nyek. IOSIF VULCAN GROUP A kezd\u00e9s 1-j\u00e9n van.","canonical_url":"https:\/\/www.teatrulreginamaria.ro\/hu\/programul-lunii-iunie-la-teatrul-regina-maria\/","robots":"max-image-preview:large","keywords":"","webmasterTools":{"miscellaneous":""},"schema":{"@context":"https:\/\/schema.org","@graph":[{"@type":"BlogPosting","@id":"https:\/\/www.teatrulreginamaria.ro\/hu\/programul-lunii-iunie-la-teatrul-regina-maria\/#blogposting","name":"Programul lunii iunie la Teatrul Regina Maria - Teatrul Regina Maria Oradea","headline":"Programul lunii iunie la Teatrul Regina Maria","author":{"@id":"https:\/\/www.teatrulreginamaria.ro\/hu\/author\/ramona\/#author"},"publisher":{"@id":"https:\/\/www.teatrulreginamaria.ro\/hu\/#organization"},"image":{"@type":"ImageObject","url":"https:\/\/www.teatrulreginamaria.ro\/wp-content\/uploads\/2025\/05\/IUNIE-2025-NOU-site.jpg","width":735,"height":1050},"datePublished":"2025-05-29T15:45:11+03:00","dateModified":"2025-06-15T10:50:34+03:00","inLanguage":"hu-HU","mainEntityOfPage":{"@id":"https:\/\/www.teatrulreginamaria.ro\/hu\/programul-lunii-iunie-la-teatrul-regina-maria\/#webpage"},"isPartOf":{"@id":"https:\/\/www.teatrulreginamaria.ro\/hu\/programul-lunii-iunie-la-teatrul-regina-maria\/#webpage"},"articleSection":"Nout\u0103\u021bi"},{"@type":"BreadcrumbList","@id":"https:\/\/www.teatrulreginamaria.ro\/hu\/programul-lunii-iunie-la-teatrul-regina-maria\/#breadcrumblist","itemListElement":[{"@type":"ListItem","@id":"https:\/\/www.teatrulreginamaria.ro\/hu#listItem","position":1,"name":"Home","item":"https:\/\/www.teatrulreginamaria.ro\/hu","nextItem":{"@type":"ListItem","@id":"https:\/\/www.teatrulreginamaria.ro\/hu\/categorie\/noutati\/#listItem","name":"Nout\u0103\u021bi"}},{"@type":"ListItem","@id":"https:\/\/www.teatrulreginamaria.ro\/hu\/categorie\/noutati\/#listItem","position":2,"name":"Nout\u0103\u021bi","item":"https:\/\/www.teatrulreginamaria.ro\/hu\/categorie\/noutati\/","nextItem":{"@type":"ListItem","@id":"https:\/\/www.teatrulreginamaria.ro\/hu\/programul-lunii-iunie-la-teatrul-regina-maria\/#listItem","name":"Programul lunii iunie la Teatrul Regina Maria"},"previousItem":{"@type":"ListItem","@id":"https:\/\/www.teatrulreginamaria.ro\/hu#listItem","name":"Home"}},{"@type":"ListItem","@id":"https:\/\/www.teatrulreginamaria.ro\/hu\/programul-lunii-iunie-la-teatrul-regina-maria\/#listItem","position":3,"name":"Programul lunii iunie la Teatrul Regina Maria","previousItem":{"@type":"ListItem","@id":"https:\/\/www.teatrulreginamaria.ro\/hu\/categorie\/noutati\/#listItem","name":"Nout\u0103\u021bi"}}]},{"@type":"Organization","@id":"https:\/\/www.teatrulreginamaria.ro\/hu\/#organization","name":"Teatrul Regina Maria Oradea","description":"Trupa Iosif Vulcan \u0219i Trupa Arcadia","url":"https:\/\/www.teatrulreginamaria.ro\/hu\/","email":"marketing@teatrulreginamaria.ro","telephone":"+40359411534","numberOfEmployees":{"@type":"QuantitativeValue","minValue":0,"maxValue":150},"logo":{"@type":"ImageObject","url":"https:\/\/www.teatrulreginamaria.ro\/wp-content\/uploads\/2025\/06\/logo-trm-01-dark.png","@id":"https:\/\/www.teatrulreginamaria.ro\/hu\/programul-lunii-iunie-la-teatrul-regina-maria\/#organizationLogo","width":300,"height":148},"image":{"@id":"https:\/\/www.teatrulreginamaria.ro\/hu\/programul-lunii-iunie-la-teatrul-regina-maria\/#organizationLogo"},"sameAs":["https:\/\/www.facebook.com\/TRMTrupaIosifVulcan\/","https:\/\/x.com\/TRMOradea","https:\/\/www.instagram.com\/teatrul_regina_maria\/","https:\/\/www.youtube.com\/c\/TeatrulReginaMariaOradea","https:\/\/www.linkedin.com\/company\/teatrul-regina-maria"]},{"@type":"Person","@id":"https:\/\/www.teatrulreginamaria.ro\/hu\/author\/ramona\/#author","url":"https:\/\/www.teatrulreginamaria.ro\/hu\/author\/ramona\/","name":"Ramona Neme\u0219","image":{"@type":"ImageObject","@id":"https:\/\/www.teatrulreginamaria.ro\/hu\/programul-lunii-iunie-la-teatrul-regina-maria\/#authorImage","url":"https:\/\/www.teatrulreginamaria.ro\/wp-content\/uploads\/2025\/04\/ramona_nemes-sq-01.jpg","width":300,"height":300}},{"@type":"WebPage","@id":"https:\/\/www.teatrulreginamaria.ro\/hu\/programul-lunii-iunie-la-teatrul-regina-maria\/#webpage","url":"https:\/\/www.teatrulreginamaria.ro\/hu\/programul-lunii-iunie-la-teatrul-regina-maria\/","name":"Programul lunii iunie la Teatrul Regina Maria - Teatrul Regina Maria Oradea","description":"Luna iunie aduce pe scena Teatrului Regina Maria pove\u0219ti emo\u021bionante, comedii \u0219i musicaluri, pentru adul\u021bi \u0219i copii deopotriv\u0103. Din program fac parte cele mai recente premiere ale celor dou\u0103 trupe, spectacole din stagiunile trecute, care se re\u00eentorc pe scen\u0103, dar \u0219i spectacole invitate \u0219i evenimente conexe. TRUPA IOSIF VULCAN Startul se d\u0103 chiar de 1","inLanguage":"hu-HU","isPartOf":{"@id":"https:\/\/www.teatrulreginamaria.ro\/hu\/#website"},"breadcrumb":{"@id":"https:\/\/www.teatrulreginamaria.ro\/hu\/programul-lunii-iunie-la-teatrul-regina-maria\/#breadcrumblist"},"author":{"@id":"https:\/\/www.teatrulreginamaria.ro\/hu\/author\/ramona\/#author"},"creator":{"@id":"https:\/\/www.teatrulreginamaria.ro\/hu\/author\/ramona\/#author"},"image":{"@type":"ImageObject","url":"https:\/\/www.teatrulreginamaria.ro\/wp-content\/uploads\/2025\/05\/IUNIE-2025-NOU-site.jpg","@id":"https:\/\/www.teatrulreginamaria.ro\/hu\/programul-lunii-iunie-la-teatrul-regina-maria\/#mainImage","width":735,"height":1050},"primaryImageOfPage":{"@id":"https:\/\/www.teatrulreginamaria.ro\/hu\/programul-lunii-iunie-la-teatrul-regina-maria\/#mainImage"},"datePublished":"2025-05-29T15:45:11+03:00","dateModified":"2025-06-15T10:50:34+03:00"},{"@type":"WebSite","@id":"https:\/\/www.teatrulreginamaria.ro\/hu\/#website","url":"https:\/\/www.teatrulreginamaria.ro\/hu\/","name":"Teatrul Regina Maria Oradea","alternateName":"TRM Oradea","description":"Trupa Iosif Vulcan \u0219i Trupa Arcadia","inLanguage":"hu-HU","publisher":{"@id":"https:\/\/www.teatrulreginamaria.ro\/hu\/#organization"}}]},"og:locale":"hu_HU","og:site_name":"Teatrul Regina Maria Oradea - Trupa Iosif Vulcan \u0219i Trupa Arcadia","og:type":"article","og:title":"Programul lunii iunie la Teatrul Regina Maria - Teatrul Regina Maria Oradea","og:description":"Luna iunie aduce pe scena Teatrului Regina Maria pove\u0219ti emo\u021bionante, comedii \u0219i musicaluri, pentru adul\u021bi \u0219i copii deopotriv\u0103. Din program fac parte cele mai recente premiere ale celor dou\u0103 trupe, spectacole din stagiunile trecute, care se re\u00eentorc pe scen\u0103, dar \u0219i spectacole invitate \u0219i evenimente conexe. TRUPA IOSIF VULCAN Startul se d\u0103 chiar de 1","og:url":"https:\/\/www.teatrulreginamaria.ro\/hu\/programul-lunii-iunie-la-teatrul-regina-maria\/","og:image":"https:\/\/www.teatrulreginamaria.ro\/wp-content\/uploads\/2025\/03\/trm-istoric-01.jpg","og:image:secure_url":"https:\/\/www.teatrulreginamaria.ro\/wp-content\/uploads\/2025\/03\/trm-istoric-01.jpg","og:image:width":1200,"og:image:height":800,"article:published_time":"2025-05-29T12:45:11+00:00","article:modified_time":"2025-06-15T07:50:34+00:00","article:publisher":"https:\/\/www.facebook.com\/TRMTrupaIosifVulcan\/","twitter:card":"summary_large_image","twitter:site":"@TRMOradea","twitter:title":"Programul lunii iunie la Teatrul Regina Maria - Teatrul Regina Maria Oradea","twitter:description":"Luna iunie aduce pe scena Teatrului Regina Maria pove\u0219ti emo\u021bionante, comedii \u0219i musicaluri, pentru adul\u021bi \u0219i copii deopotriv\u0103. Din program fac parte cele mai recente premiere ale celor dou\u0103 trupe, spectacole din stagiunile trecute, care se re\u00eentorc pe scen\u0103, dar \u0219i spectacole invitate \u0219i evenimente conexe. TRUPA IOSIF VULCAN Startul se d\u0103 chiar de 1","twitter:creator":"@TRMOradea","twitter:image":"https:\/\/www.teatrulreginamaria.ro\/wp-content\/uploads\/2025\/03\/trm-istoric-01.jpg"},"aioseo_meta_data":{"post_id":"13473","title":null,"description":null,"keywords":null,"keyphrases":{"focus":{"keyphrase":"","score":0,"analysis":{"keyphraseInTitle":{"score":0,"maxScore":9,"error":1}}},"additional":[]},"primary_term":null,"canonical_url":null,"og_title":null,"og_description":null,"og_object_type":"default","og_image_type":"default","og_image_url":null,"og_image_width":null,"og_image_height":null,"og_image_custom_url":null,"og_image_custom_fields":null,"og_video":"","og_custom_url":null,"og_article_section":null,"og_article_tags":null,"twitter_use_og":false,"twitter_card":"default","twitter_image_type":"default","twitter_image_url":null,"twitter_image_custom_url":null,"twitter_image_custom_fields":null,"twitter_title":null,"twitter_description":null,"schema":{"blockGraphs":[],"customGraphs":[],"default":{"data":{"Article":[],"Course":[],"Dataset":[],"FAQPage":[],"Movie":[],"Person":[],"Product":[],"ProductReview":[],"Car":[],"Recipe":[],"Service":[],"SoftwareApplication":[],"WebPage":[]},"graphName":"BlogPosting","isEnabled":true},"graphs":[]},"schema_type":"default","schema_type_options":null,"pillar_content":false,"robots_default":true,"robots_noindex":false,"robots_noarchive":false,"robots_nosnippet":false,"robots_nofollow":false,"robots_noimageindex":false,"robots_noodp":false,"robots_notranslate":false,"robots_max_snippet":"-1","robots_max_videopreview":"-1","robots_max_imagepreview":"large","priority":null,"frequency":"default","local_seo":null,"seo_analyzer_scan_date":"2026-05-13 03:40:56","breadcrumb_settings":null,"limit_modified_date":false,"reviewed_by":"0","open_ai":"{\"title\":{\"suggestions\":[],\"usage\":0},\"description\":{\"suggestions\":[],\"usage\":0}}","ai":null,"created":"2025-05-29 12:45:11","updated":"2026-05-13 03:40:56","focus_keyword":null,"additional_keywords":null,"truseo_locale":null},"aioseo_breadcrumb":"<div class=\"aioseo-breadcrumbs\"><span class=\"aioseo-breadcrumb\">\n\t<a href=\"https:\/\/www.teatrulreginamaria.ro\/hu\" title=\"Home\">Home<\/a>\n<\/span><span class=\"aioseo-breadcrumb-separator\">&raquo;<\/span><span class=\"aioseo-breadcrumb\">\n\t<a href=\"https:\/\/www.teatrulreginamaria.ro\/hu\/categorie\/noutati\/\" title=\"Nout\u0103\u021bi\">Nout\u0103\u021bi<\/a>\n<\/span><span class=\"aioseo-breadcrumb-separator\">&raquo;<\/span><span class=\"aioseo-breadcrumb\">\n\tProgramul lunii iunie la Teatrul Regina Maria\n<\/span><\/div>","aioseo_breadcrumb_json":[{"label":"Home","link":"https:\/\/www.teatrulreginamaria.ro\/hu"},{"label":"Nout\u0103\u021bi","link":"https:\/\/www.teatrulreginamaria.ro\/hu\/categorie\/noutati\/"},{"label":"Programul lunii iunie la Teatrul Regina Maria","link":"https:\/\/www.teatrulreginamaria.ro\/hu\/programul-lunii-iunie-la-teatrul-regina-maria\/"}],"acf":[],"_links":{"self":[{"href":"https:\/\/www.teatrulreginamaria.ro\/hu\/wp-json\/wp\/v2\/posts\/13473","targetHints":{"allow":["GET"]}}],"collection":[{"href":"https:\/\/www.teatrulreginamaria.ro\/hu\/wp-json\/wp\/v2\/posts"}],"about":[{"href":"https:\/\/www.teatrulreginamaria.ro\/hu\/wp-json\/wp\/v2\/types\/post"}],"author":[{"embeddable":true,"href":"https:\/\/www.teatrulreginamaria.ro\/hu\/wp-json\/wp\/v2\/users\/8"}],"replies":[{"embeddable":true,"href":"https:\/\/www.teatrulreginamaria.ro\/hu\/wp-json\/wp\/v2\/comments?post=13473"}],"version-history":[{"count":2,"href":"https:\/\/www.teatrulreginamaria.ro\/hu\/wp-json\/wp\/v2\/posts\/13473\/revisions"}],"predecessor-version":[{"id":13517,"href":"https:\/\/www.teatrulreginamaria.ro\/hu\/wp-json\/wp\/v2\/posts\/13473\/revisions\/13517"}],"wp:featuredmedia":[{"embeddable":true,"href":"https:\/\/www.teatrulreginamaria.ro\/hu\/wp-json\/wp\/v2\/media\/13474"}],"wp:attachment":[{"href":"https:\/\/www.teatrulreginamaria.ro\/hu\/wp-json\/wp\/v2\/media?parent=13473"}],"wp:term":[{"taxonomy":"category","embeddable":true,"href":"https:\/\/www.teatrulreginamaria.ro\/hu\/wp-json\/wp\/v2\/categories?post=13473"},{"taxonomy":"post_tag","embeddable":true,"href":"https:\/\/www.teatrulreginamaria.ro\/hu\/wp-json\/wp\/v2\/tags?post=13473"}],"curies":[{"name":"munkaf\u00fczet","href":"https:\/\/api.w.org\/{rel}","templated":true}]}}