{"id":1352,"date":"2012-12-05T10:13:43","date_gmt":"2012-12-05T10:13:43","guid":{"rendered":"https:\/\/teatrulreginamaria.ro\/2012\/12\/05\/sarbatori-de-iarna-la-teatrul-regina-maria\/"},"modified":"2012-12-05T10:13:43","modified_gmt":"2012-12-05T10:13:43","slug":"teli-szunet-a-queen-maria-szinhazban","status":"publish","type":"post","link":"https:\/\/www.teatrulreginamaria.ro\/hu\/sarbatori-de-iarna-la-teatrul-regina-maria\/","title":{"rendered":"T\u00c9LI \u00dcNNEPEK A REGINA MARIA SZ\u00cdNH\u00c1ZBAN"},"content":{"rendered":"<p style=\"text-align: justify;\"><a href=\"https:\/\/www.teatrulreginamaria.ro\/hu\/ansamblul-crisana\/files\/2012\/12\/Sarbatori-de-iarna-ansamblu.jpg\/\"><\/a>A t\u00e9li \u00fcnnepek az \u00f6r\u00f6m id\u0151szak\u00e1t jelentik. \u00dcnnepelj\u00fcnk egy\u00fctt a Cri\u015fana Professzion\u00e1lis M\u0171v\u00e9szeti Egy\u00fcttessel a T\u00c9LI \u00dcNNEPEK c\u00edm\u0171 premierel\u0151ad\u00e1sban a REGINA MARIA SZ\u00cdNH\u00c1ZBAN.<\/p>\n<p><!--more--><\/p>\n<p style=\"text-align: justify;\">K\u00f6z\u00f6sen \u00fcnnepelj\u00fck J\u00e9zus sz\u00fclet\u00e9s\u00e9t, \u00e9nekl\u00e9si szok\u00e1sokat \u00e9s n\u00e9pdalokat n\u00e9z\u00fcnk meg az egy\u00fcttes tagjainak el\u0151ad\u00e1s\u00e1ban. M\u0171soron: Ionel Ban, Simona Costin, Felicia Costin, Viorica Bradea, Cornelia Covaciu, Lumini\u0163a Tomu\u0163a, Voichi\u0163a Mihoc, Cornel Borza, Leontin Ciucur, Petre Frasin, St\u00e2ngaciu, a t\u00e1ncosok alakulata \u00e9s a Liviu Bu\u0163iu vezette zenekar.<\/p>\n<p style=\"text-align: justify;\"><strong>K\u00fcl\u00f6nleges vend\u00e9gek: Valeria \u00e9s Traian Ilea.<\/strong><\/p>\n<p style=\"text-align: justify;\">Mellett\u00fck a Iosif Vulcan T\u00e1rsulat k\u00f6zkedvelt sz\u00edn\u00e9szei, Mihaela Gherdan, Andrian Locovei, Ion Ruscu\u0163, George Voinese \u00e9s Emil Sauciuc is fell\u00e9pnek. A d\u00edszletet Amalia Judea tervezte, a karmester pedig Liviu Bu\u0163iu lesz.<\/p>\n<p style=\"text-align: justify;\">A premier december 11-\u00e9n, kedden, 19 \u00f3rakor lesz a Sz\u00ednh\u00e1z nagyterm\u00e9ben.<\/p>\n<p style=\"text-align: justify;\">V\u00e1rjuk \u00d6nt a ki\u00e1ll\u00edt\u00e1son!<\/p>","protected":false},"excerpt":{"rendered":"<p>A t\u00e9li \u00fcnnepek az \u00f6r\u00f6m id\u0151szak\u00e1t jelentik. \u00dcnnepelj\u00fcnk egy\u00fctt a Cri\u015fana Professzion\u00e1lis M\u0171v\u00e9szeti Egy\u00fcttessel a T\u00c9LI \u00dcNNEPEK c\u00edm\u0171 premierel\u0151ad\u00e1sban a REGINA MARIA SZ\u00cdNH\u00c1ZBAN.<\/p>","protected":false},"author":1,"featured_media":0,"comment_status":"open","ping_status":"open","sticky":false,"template":"","format":"standard","meta":{"_acf_changed":false,"footnotes":""},"categories":[32],"tags":[],"class_list":["post-1352","post","type-post","status-publish","format-standard","hentry","category-noutati-ansamblul-crisana"],"aioseo_notices":[],"aioseo_head":"\n\t\t<!-- All in One SEO Pro 5.0.1.1 - aioseo.com -->\n\t<meta name=\"description\" content=\"S\u0103rb\u0103torile de iarn\u0103 sunt prilej de bucurie. Haide\u0163i s\u0103 s\u0103rb\u0103torim cu Ansamblul Artistic Profesionist Cri\u015fana \u00een cadrul spectacolului-premier\u0103 S\u0102RB\u0102TORI DE IARN\u0102 LA TEATRUL REGINA MARIA. Ne vom bucura \u00eempreun\u0103 de na\u015fterea Domnului Iisus, vom urm\u0103ri obiceiuri de colindat \u015fi c\u00e2ntece populare puse \u00een scen\u0103 de membrii ansamblului. \u00cen program: Ionel Ban, Simona Costin, Felicia Costin, Viorica\" \/>\n\t<meta name=\"robots\" content=\"max-image-preview:large\" \/>\n\t<meta name=\"author\" content=\"Teatrul Regina Maria\"\/>\n\t<link rel=\"canonical\" href=\"https:\/\/www.teatrulreginamaria.ro\/hu\/sarbatori-de-iarna-la-teatrul-regina-maria\/\" \/>\n\t<meta name=\"generator\" content=\"All in One SEO Pro (AIOSEO) 5.0.1.1\" \/>\n\t\t<meta property=\"og:locale\" content=\"hu_HU\" \/>\n\t\t<meta property=\"og:site_name\" content=\"Teatrul Regina Maria Oradea - Trupa Iosif Vulcan \u0219i Trupa Arcadia\" \/>\n\t\t<meta property=\"og:type\" content=\"article\" \/>\n\t\t<meta property=\"og:title\" content=\"S\u0102RB\u0102TORI DE IARN\u0102 LA TEATRUL REGINA MARIA - Teatrul Regina Maria Oradea\" \/>\n\t\t<meta property=\"og:description\" content=\"S\u0103rb\u0103torile de iarn\u0103 sunt prilej de bucurie. Haide\u0163i s\u0103 s\u0103rb\u0103torim cu Ansamblul Artistic Profesionist Cri\u015fana \u00een cadrul spectacolului-premier\u0103 S\u0102RB\u0102TORI DE IARN\u0102 LA TEATRUL REGINA MARIA. Ne vom bucura \u00eempreun\u0103 de na\u015fterea Domnului Iisus, vom urm\u0103ri obiceiuri de colindat \u015fi c\u00e2ntece populare puse \u00een scen\u0103 de membrii ansamblului. \u00cen program: Ionel Ban, Simona Costin, Felicia Costin, Viorica\" \/>\n\t\t<meta property=\"og:url\" content=\"https:\/\/www.teatrulreginamaria.ro\/hu\/sarbatori-de-iarna-la-teatrul-regina-maria\/\" \/>\n\t\t<meta property=\"og:image\" content=\"https:\/\/www.teatrulreginamaria.ro\/wp-content\/uploads\/2025\/03\/trm-istoric-01.jpg\" \/>\n\t\t<meta property=\"og:image:secure_url\" content=\"https:\/\/www.teatrulreginamaria.ro\/wp-content\/uploads\/2025\/03\/trm-istoric-01.jpg\" \/>\n\t\t<meta property=\"og:image:width\" content=\"1200\" \/>\n\t\t<meta property=\"og:image:height\" content=\"800\" \/>\n\t\t<meta property=\"article:published_time\" content=\"2012-12-05T10:13:43+00:00\" \/>\n\t\t<meta property=\"article:modified_time\" content=\"2012-12-05T10:13:43+00:00\" \/>\n\t\t<meta property=\"article:publisher\" content=\"https:\/\/www.facebook.com\/TRMTrupaIosifVulcan\/\" \/>\n\t\t<meta name=\"twitter:card\" content=\"summary_large_image\" \/>\n\t\t<meta name=\"twitter:site\" content=\"@TRMOradea\" \/>\n\t\t<meta name=\"twitter:title\" content=\"S\u0102RB\u0102TORI DE IARN\u0102 LA TEATRUL REGINA MARIA - Teatrul Regina Maria Oradea\" \/>\n\t\t<meta name=\"twitter:description\" content=\"S\u0103rb\u0103torile de iarn\u0103 sunt prilej de bucurie. Haide\u0163i s\u0103 s\u0103rb\u0103torim cu Ansamblul Artistic Profesionist Cri\u015fana \u00een cadrul spectacolului-premier\u0103 S\u0102RB\u0102TORI DE IARN\u0102 LA TEATRUL REGINA MARIA. Ne vom bucura \u00eempreun\u0103 de na\u015fterea Domnului Iisus, vom urm\u0103ri obiceiuri de colindat \u015fi c\u00e2ntece populare puse \u00een scen\u0103 de membrii ansamblului. \u00cen program: Ionel Ban, Simona Costin, Felicia Costin, Viorica\" \/>\n\t\t<meta name=\"twitter:creator\" content=\"@TRMOradea\" \/>\n\t\t<meta name=\"twitter:image\" content=\"https:\/\/www.teatrulreginamaria.ro\/wp-content\/uploads\/2025\/03\/trm-istoric-01.jpg\" \/>\n\t\t<script type=\"application\/ld+json\" class=\"aioseo-schema\">\n\t\t\t{\"@context\":\"https:\\\/\\\/schema.org\",\"@graph\":[{\"@type\":\"BlogPosting\",\"@id\":\"https:\\\/\\\/www.teatrulreginamaria.ro\\\/hu\\\/sarbatori-de-iarna-la-teatrul-regina-maria\\\/#blogposting\",\"name\":\"S\\u0102RB\\u0102TORI DE IARN\\u0102 LA TEATRUL REGINA MARIA - Teatrul Regina Maria Oradea\",\"headline\":\"S\\u0102RB\\u0102TORI DE IARN\\u0102 LA TEATRUL REGINA MARIA\",\"author\":{\"@id\":\"https:\\\/\\\/www.teatrulreginamaria.ro\\\/hu\\\/author\\\/iulianm\\\/#author\"},\"publisher\":{\"@id\":\"https:\\\/\\\/www.teatrulreginamaria.ro\\\/hu\\\/#organization\"},\"image\":{\"@type\":\"ImageObject\",\"url\":\"https:\\\/\\\/www.teatrulreginamaria.ro\\\/wp-content\\\/uploads\\\/2025\\\/06\\\/logo-trm-01-dark.png\",\"@id\":\"https:\\\/\\\/www.teatrulreginamaria.ro\\\/hu\\\/#articleImage\",\"width\":300,\"height\":148},\"datePublished\":\"2012-12-05T10:13:43+02:00\",\"dateModified\":\"2012-12-05T10:13:43+02:00\",\"inLanguage\":\"hu-HU\",\"mainEntityOfPage\":{\"@id\":\"https:\\\/\\\/www.teatrulreginamaria.ro\\\/hu\\\/sarbatori-de-iarna-la-teatrul-regina-maria\\\/#webpage\"},\"isPartOf\":{\"@id\":\"https:\\\/\\\/www.teatrulreginamaria.ro\\\/hu\\\/sarbatori-de-iarna-la-teatrul-regina-maria\\\/#webpage\"},\"articleSection\":\"Nout\\u0103\\u021bi - Ansamblul Cri\\u0219ana\"},{\"@type\":\"BreadcrumbList\",\"@id\":\"https:\\\/\\\/www.teatrulreginamaria.ro\\\/hu\\\/sarbatori-de-iarna-la-teatrul-regina-maria\\\/#breadcrumblist\",\"itemListElement\":[{\"@type\":\"ListItem\",\"@id\":\"https:\\\/\\\/www.teatrulreginamaria.ro\\\/hu#listItem\",\"position\":1,\"name\":\"Home\",\"item\":\"https:\\\/\\\/www.teatrulreginamaria.ro\\\/hu\",\"nextItem\":{\"@type\":\"ListItem\",\"@id\":\"https:\\\/\\\/www.teatrulreginamaria.ro\\\/hu\\\/categorie\\\/noutati\\\/#listItem\",\"name\":\"Nout\\u0103\\u021bi\"}},{\"@type\":\"ListItem\",\"@id\":\"https:\\\/\\\/www.teatrulreginamaria.ro\\\/hu\\\/categorie\\\/noutati\\\/#listItem\",\"position\":2,\"name\":\"Nout\\u0103\\u021bi\",\"item\":\"https:\\\/\\\/www.teatrulreginamaria.ro\\\/hu\\\/categorie\\\/noutati\\\/\",\"nextItem\":{\"@type\":\"ListItem\",\"@id\":\"https:\\\/\\\/www.teatrulreginamaria.ro\\\/hu\\\/categorie\\\/noutati\\\/noutati-ansamblul-crisana\\\/#listItem\",\"name\":\"Nout\\u0103\\u021bi - Ansamblul Cri\\u0219ana\"},\"previousItem\":{\"@type\":\"ListItem\",\"@id\":\"https:\\\/\\\/www.teatrulreginamaria.ro\\\/hu#listItem\",\"name\":\"Home\"}},{\"@type\":\"ListItem\",\"@id\":\"https:\\\/\\\/www.teatrulreginamaria.ro\\\/hu\\\/categorie\\\/noutati\\\/noutati-ansamblul-crisana\\\/#listItem\",\"position\":3,\"name\":\"Nout\\u0103\\u021bi - Ansamblul Cri\\u0219ana\",\"item\":\"https:\\\/\\\/www.teatrulreginamaria.ro\\\/hu\\\/categorie\\\/noutati\\\/noutati-ansamblul-crisana\\\/\",\"nextItem\":{\"@type\":\"ListItem\",\"@id\":\"https:\\\/\\\/www.teatrulreginamaria.ro\\\/hu\\\/sarbatori-de-iarna-la-teatrul-regina-maria\\\/#listItem\",\"name\":\"S\\u0102RB\\u0102TORI DE IARN\\u0102 LA TEATRUL REGINA MARIA\"},\"previousItem\":{\"@type\":\"ListItem\",\"@id\":\"https:\\\/\\\/www.teatrulreginamaria.ro\\\/hu\\\/categorie\\\/noutati\\\/#listItem\",\"name\":\"Nout\\u0103\\u021bi\"}},{\"@type\":\"ListItem\",\"@id\":\"https:\\\/\\\/www.teatrulreginamaria.ro\\\/hu\\\/sarbatori-de-iarna-la-teatrul-regina-maria\\\/#listItem\",\"position\":4,\"name\":\"S\\u0102RB\\u0102TORI DE IARN\\u0102 LA TEATRUL REGINA MARIA\",\"previousItem\":{\"@type\":\"ListItem\",\"@id\":\"https:\\\/\\\/www.teatrulreginamaria.ro\\\/hu\\\/categorie\\\/noutati\\\/noutati-ansamblul-crisana\\\/#listItem\",\"name\":\"Nout\\u0103\\u021bi - Ansamblul Cri\\u0219ana\"}}]},{\"@type\":\"Organization\",\"@id\":\"https:\\\/\\\/www.teatrulreginamaria.ro\\\/hu\\\/#organization\",\"name\":\"Teatrul Regina Maria Oradea\",\"description\":\"Trupa Iosif Vulcan \\u0219i Trupa Arcadia\",\"url\":\"https:\\\/\\\/www.teatrulreginamaria.ro\\\/hu\\\/\",\"email\":\"marketing@teatrulreginamaria.ro\",\"telephone\":\"+40359411534\",\"numberOfEmployees\":{\"@type\":\"QuantitativeValue\",\"minValue\":0,\"maxValue\":150},\"logo\":{\"@type\":\"ImageObject\",\"url\":\"https:\\\/\\\/www.teatrulreginamaria.ro\\\/wp-content\\\/uploads\\\/2025\\\/06\\\/logo-trm-01-dark.png\",\"@id\":\"https:\\\/\\\/www.teatrulreginamaria.ro\\\/hu\\\/sarbatori-de-iarna-la-teatrul-regina-maria\\\/#organizationLogo\",\"width\":300,\"height\":148},\"image\":{\"@id\":\"https:\\\/\\\/www.teatrulreginamaria.ro\\\/hu\\\/sarbatori-de-iarna-la-teatrul-regina-maria\\\/#organizationLogo\"},\"sameAs\":[\"https:\\\/\\\/www.facebook.com\\\/TRMTrupaIosifVulcan\\\/\",\"https:\\\/\\\/x.com\\\/TRMOradea\",\"https:\\\/\\\/www.instagram.com\\\/teatrul_regina_maria\\\/\",\"https:\\\/\\\/www.youtube.com\\\/c\\\/TeatrulReginaMariaOradea\",\"https:\\\/\\\/www.linkedin.com\\\/company\\\/teatrul-regina-maria\"]},{\"@type\":\"Person\",\"@id\":\"https:\\\/\\\/www.teatrulreginamaria.ro\\\/hu\\\/author\\\/iulianm\\\/#author\",\"url\":\"https:\\\/\\\/www.teatrulreginamaria.ro\\\/hu\\\/author\\\/iulianm\\\/\",\"name\":\"Teatrul Regina Maria\",\"image\":{\"@type\":\"ImageObject\",\"@id\":\"https:\\\/\\\/www.teatrulreginamaria.ro\\\/hu\\\/sarbatori-de-iarna-la-teatrul-regina-maria\\\/#authorImage\",\"url\":\"https:\\\/\\\/secure.gravatar.com\\\/avatar\\\/49af75bc1b3eb710073d2f37927ea27e6c274a29562ef49edfc6bcf11b9e941d?s=96&d=mm&r=g\",\"width\":96,\"height\":96,\"caption\":\"Teatrul Regina Maria\"}},{\"@type\":\"WebPage\",\"@id\":\"https:\\\/\\\/www.teatrulreginamaria.ro\\\/hu\\\/sarbatori-de-iarna-la-teatrul-regina-maria\\\/#webpage\",\"url\":\"https:\\\/\\\/www.teatrulreginamaria.ro\\\/hu\\\/sarbatori-de-iarna-la-teatrul-regina-maria\\\/\",\"name\":\"S\\u0102RB\\u0102TORI DE IARN\\u0102 LA TEATRUL REGINA MARIA - Teatrul Regina Maria Oradea\",\"description\":\"S\\u0103rb\\u0103torile de iarn\\u0103 sunt prilej de bucurie. Haide\\u0163i s\\u0103 s\\u0103rb\\u0103torim cu Ansamblul Artistic Profesionist Cri\\u015fana \\u00een cadrul spectacolului-premier\\u0103 S\\u0102RB\\u0102TORI DE IARN\\u0102 LA TEATRUL REGINA MARIA. Ne vom bucura \\u00eempreun\\u0103 de na\\u015fterea Domnului Iisus, vom urm\\u0103ri obiceiuri de colindat \\u015fi c\\u00e2ntece populare puse \\u00een scen\\u0103 de membrii ansamblului. \\u00cen program: Ionel Ban, Simona Costin, Felicia Costin, Viorica\",\"inLanguage\":\"hu-HU\",\"isPartOf\":{\"@id\":\"https:\\\/\\\/www.teatrulreginamaria.ro\\\/hu\\\/#website\"},\"breadcrumb\":{\"@id\":\"https:\\\/\\\/www.teatrulreginamaria.ro\\\/hu\\\/sarbatori-de-iarna-la-teatrul-regina-maria\\\/#breadcrumblist\"},\"author\":{\"@id\":\"https:\\\/\\\/www.teatrulreginamaria.ro\\\/hu\\\/author\\\/iulianm\\\/#author\"},\"creator\":{\"@id\":\"https:\\\/\\\/www.teatrulreginamaria.ro\\\/hu\\\/author\\\/iulianm\\\/#author\"},\"datePublished\":\"2012-12-05T10:13:43+02:00\",\"dateModified\":\"2012-12-05T10:13:43+02:00\"},{\"@type\":\"WebSite\",\"@id\":\"https:\\\/\\\/www.teatrulreginamaria.ro\\\/hu\\\/#website\",\"url\":\"https:\\\/\\\/www.teatrulreginamaria.ro\\\/hu\\\/\",\"name\":\"Teatrul Regina Maria Oradea\",\"alternateName\":\"TRM Oradea\",\"description\":\"Trupa Iosif Vulcan \\u0219i Trupa Arcadia\",\"inLanguage\":\"hu-HU\",\"publisher\":{\"@id\":\"https:\\\/\\\/www.teatrulreginamaria.ro\\\/hu\\\/#organization\"}}]}\n\t\t<\/script>\n\t\t<!-- All in One SEO Pro -->\r\n\t\t<title>S\u0102RB\u0102TORI DE IARN\u0102 LA TEATRUL REGINA MARIA - Teatrul Regina Maria Oradea<\/title>\n\n","aioseo_head_json":{"title":"T\u00c9LI \u00dcNNEP A REGINA MARIA SZ\u00cdNH\u00c1ZBAN - Regina Maria Sz\u00ednh\u00e1z Nagyv\u00e1radon","description":"A t\u00e9li \u00fcnnepek az \u00f6r\u00f6mteli id\u0151szakot jelentik. \u00dcnnepelj\u00fcnk egy\u00fctt a Cri\u015fana Professzion\u00e1lis M\u0171v\u00e9szeti Egy\u00fcttessel a REGINA MARIA SZ\u00cdNH\u00c1ZBAN bemutatott T\u00c9LI \u00dcNNEPEK c\u00edm\u0171 premier el\u0151ad\u00e1sban. Egy\u00fctt \u00fcnnepelj\u00fck J\u00e9zus Krisztus sz\u00fclet\u00e9s\u00e9t, kar\u00e1csonyi \u00e9nekl\u00e9st \u00e9s n\u00e9pdalokat n\u00e9z\u00fcnk meg az egy\u00fcttes tagjai \u00e1ltal el\u0151adott el\u0151ad\u00e1sban. M\u0171soron: Ionel Ban, Simona Costin, Felicia Costin, Viorica.","canonical_url":"https:\/\/www.teatrulreginamaria.ro\/hu\/sarbatori-de-iarna-la-teatrul-regina-maria\/","robots":"max-image-preview:large","keywords":"","webmasterTools":{"miscellaneous":""},"schema":{"@context":"https:\/\/schema.org","@graph":[{"@type":"BlogPosting","@id":"https:\/\/www.teatrulreginamaria.ro\/hu\/sarbatori-de-iarna-la-teatrul-regina-maria\/#blogposting","name":"S\u0102RB\u0102TORI DE IARN\u0102 LA TEATRUL REGINA MARIA - Teatrul Regina Maria Oradea","headline":"S\u0102RB\u0102TORI DE IARN\u0102 LA TEATRUL REGINA MARIA","author":{"@id":"https:\/\/www.teatrulreginamaria.ro\/hu\/author\/iulianm\/#author"},"publisher":{"@id":"https:\/\/www.teatrulreginamaria.ro\/hu\/#organization"},"image":{"@type":"ImageObject","url":"https:\/\/www.teatrulreginamaria.ro\/wp-content\/uploads\/2025\/06\/logo-trm-01-dark.png","@id":"https:\/\/www.teatrulreginamaria.ro\/hu\/#articleImage","width":300,"height":148},"datePublished":"2012-12-05T10:13:43+02:00","dateModified":"2012-12-05T10:13:43+02:00","inLanguage":"hu-HU","mainEntityOfPage":{"@id":"https:\/\/www.teatrulreginamaria.ro\/hu\/sarbatori-de-iarna-la-teatrul-regina-maria\/#webpage"},"isPartOf":{"@id":"https:\/\/www.teatrulreginamaria.ro\/hu\/sarbatori-de-iarna-la-teatrul-regina-maria\/#webpage"},"articleSection":"Nout\u0103\u021bi - Ansamblul Cri\u0219ana"},{"@type":"BreadcrumbList","@id":"https:\/\/www.teatrulreginamaria.ro\/hu\/sarbatori-de-iarna-la-teatrul-regina-maria\/#breadcrumblist","itemListElement":[{"@type":"ListItem","@id":"https:\/\/www.teatrulreginamaria.ro\/hu#listItem","position":1,"name":"Home","item":"https:\/\/www.teatrulreginamaria.ro\/hu","nextItem":{"@type":"ListItem","@id":"https:\/\/www.teatrulreginamaria.ro\/hu\/categorie\/noutati\/#listItem","name":"Nout\u0103\u021bi"}},{"@type":"ListItem","@id":"https:\/\/www.teatrulreginamaria.ro\/hu\/categorie\/noutati\/#listItem","position":2,"name":"Nout\u0103\u021bi","item":"https:\/\/www.teatrulreginamaria.ro\/hu\/categorie\/noutati\/","nextItem":{"@type":"ListItem","@id":"https:\/\/www.teatrulreginamaria.ro\/hu\/categorie\/noutati\/noutati-ansamblul-crisana\/#listItem","name":"Nout\u0103\u021bi - Ansamblul Cri\u0219ana"},"previousItem":{"@type":"ListItem","@id":"https:\/\/www.teatrulreginamaria.ro\/hu#listItem","name":"Home"}},{"@type":"ListItem","@id":"https:\/\/www.teatrulreginamaria.ro\/hu\/categorie\/noutati\/noutati-ansamblul-crisana\/#listItem","position":3,"name":"Nout\u0103\u021bi - Ansamblul Cri\u0219ana","item":"https:\/\/www.teatrulreginamaria.ro\/hu\/categorie\/noutati\/noutati-ansamblul-crisana\/","nextItem":{"@type":"ListItem","@id":"https:\/\/www.teatrulreginamaria.ro\/hu\/sarbatori-de-iarna-la-teatrul-regina-maria\/#listItem","name":"S\u0102RB\u0102TORI DE IARN\u0102 LA TEATRUL REGINA MARIA"},"previousItem":{"@type":"ListItem","@id":"https:\/\/www.teatrulreginamaria.ro\/hu\/categorie\/noutati\/#listItem","name":"Nout\u0103\u021bi"}},{"@type":"ListItem","@id":"https:\/\/www.teatrulreginamaria.ro\/hu\/sarbatori-de-iarna-la-teatrul-regina-maria\/#listItem","position":4,"name":"S\u0102RB\u0102TORI DE IARN\u0102 LA TEATRUL REGINA MARIA","previousItem":{"@type":"ListItem","@id":"https:\/\/www.teatrulreginamaria.ro\/hu\/categorie\/noutati\/noutati-ansamblul-crisana\/#listItem","name":"Nout\u0103\u021bi - Ansamblul Cri\u0219ana"}}]},{"@type":"Organization","@id":"https:\/\/www.teatrulreginamaria.ro\/hu\/#organization","name":"Teatrul Regina Maria Oradea","description":"Trupa Iosif Vulcan \u0219i Trupa Arcadia","url":"https:\/\/www.teatrulreginamaria.ro\/hu\/","email":"marketing@teatrulreginamaria.ro","telephone":"+40359411534","numberOfEmployees":{"@type":"QuantitativeValue","minValue":0,"maxValue":150},"logo":{"@type":"ImageObject","url":"https:\/\/www.teatrulreginamaria.ro\/wp-content\/uploads\/2025\/06\/logo-trm-01-dark.png","@id":"https:\/\/www.teatrulreginamaria.ro\/hu\/sarbatori-de-iarna-la-teatrul-regina-maria\/#organizationLogo","width":300,"height":148},"image":{"@id":"https:\/\/www.teatrulreginamaria.ro\/hu\/sarbatori-de-iarna-la-teatrul-regina-maria\/#organizationLogo"},"sameAs":["https:\/\/www.facebook.com\/TRMTrupaIosifVulcan\/","https:\/\/x.com\/TRMOradea","https:\/\/www.instagram.com\/teatrul_regina_maria\/","https:\/\/www.youtube.com\/c\/TeatrulReginaMariaOradea","https:\/\/www.linkedin.com\/company\/teatrul-regina-maria"]},{"@type":"Person","@id":"https:\/\/www.teatrulreginamaria.ro\/hu\/author\/iulianm\/#author","url":"https:\/\/www.teatrulreginamaria.ro\/hu\/author\/iulianm\/","name":"Teatrul Regina Maria","image":{"@type":"ImageObject","@id":"https:\/\/www.teatrulreginamaria.ro\/hu\/sarbatori-de-iarna-la-teatrul-regina-maria\/#authorImage","url":"https:\/\/secure.gravatar.com\/avatar\/49af75bc1b3eb710073d2f37927ea27e6c274a29562ef49edfc6bcf11b9e941d?s=96&d=mm&r=g","width":96,"height":96,"caption":"Teatrul Regina Maria"}},{"@type":"WebPage","@id":"https:\/\/www.teatrulreginamaria.ro\/hu\/sarbatori-de-iarna-la-teatrul-regina-maria\/#webpage","url":"https:\/\/www.teatrulreginamaria.ro\/hu\/sarbatori-de-iarna-la-teatrul-regina-maria\/","name":"S\u0102RB\u0102TORI DE IARN\u0102 LA TEATRUL REGINA MARIA - Teatrul Regina Maria Oradea","description":"S\u0103rb\u0103torile de iarn\u0103 sunt prilej de bucurie. Haide\u0163i s\u0103 s\u0103rb\u0103torim cu Ansamblul Artistic Profesionist Cri\u015fana \u00een cadrul spectacolului-premier\u0103 S\u0102RB\u0102TORI DE IARN\u0102 LA TEATRUL REGINA MARIA. Ne vom bucura \u00eempreun\u0103 de na\u015fterea Domnului Iisus, vom urm\u0103ri obiceiuri de colindat \u015fi c\u00e2ntece populare puse \u00een scen\u0103 de membrii ansamblului. \u00cen program: Ionel Ban, Simona Costin, Felicia Costin, Viorica","inLanguage":"hu-HU","isPartOf":{"@id":"https:\/\/www.teatrulreginamaria.ro\/hu\/#website"},"breadcrumb":{"@id":"https:\/\/www.teatrulreginamaria.ro\/hu\/sarbatori-de-iarna-la-teatrul-regina-maria\/#breadcrumblist"},"author":{"@id":"https:\/\/www.teatrulreginamaria.ro\/hu\/author\/iulianm\/#author"},"creator":{"@id":"https:\/\/www.teatrulreginamaria.ro\/hu\/author\/iulianm\/#author"},"datePublished":"2012-12-05T10:13:43+02:00","dateModified":"2012-12-05T10:13:43+02:00"},{"@type":"WebSite","@id":"https:\/\/www.teatrulreginamaria.ro\/hu\/#website","url":"https:\/\/www.teatrulreginamaria.ro\/hu\/","name":"Teatrul Regina Maria Oradea","alternateName":"TRM Oradea","description":"Trupa Iosif Vulcan \u0219i Trupa Arcadia","inLanguage":"hu-HU","publisher":{"@id":"https:\/\/www.teatrulreginamaria.ro\/hu\/#organization"}}]},"og:locale":"hu_HU","og:site_name":"Teatrul Regina Maria Oradea - Trupa Iosif Vulcan \u0219i Trupa Arcadia","og:type":"article","og:title":"S\u0102RB\u0102TORI DE IARN\u0102 LA TEATRUL REGINA MARIA - Teatrul Regina Maria Oradea","og:description":"S\u0103rb\u0103torile de iarn\u0103 sunt prilej de bucurie. Haide\u0163i s\u0103 s\u0103rb\u0103torim cu Ansamblul Artistic Profesionist Cri\u015fana \u00een cadrul spectacolului-premier\u0103 S\u0102RB\u0102TORI DE IARN\u0102 LA TEATRUL REGINA MARIA. Ne vom bucura \u00eempreun\u0103 de na\u015fterea Domnului Iisus, vom urm\u0103ri obiceiuri de colindat \u015fi c\u00e2ntece populare puse \u00een scen\u0103 de membrii ansamblului. \u00cen program: Ionel Ban, Simona Costin, Felicia Costin, Viorica","og:url":"https:\/\/www.teatrulreginamaria.ro\/hu\/sarbatori-de-iarna-la-teatrul-regina-maria\/","og:image":"https:\/\/www.teatrulreginamaria.ro\/wp-content\/uploads\/2025\/03\/trm-istoric-01.jpg","og:image:secure_url":"https:\/\/www.teatrulreginamaria.ro\/wp-content\/uploads\/2025\/03\/trm-istoric-01.jpg","og:image:width":1200,"og:image:height":800,"article:published_time":"2012-12-05T10:13:43+00:00","article:modified_time":"2012-12-05T10:13:43+00:00","article:publisher":"https:\/\/www.facebook.com\/TRMTrupaIosifVulcan\/","twitter:card":"summary_large_image","twitter:site":"@TRMOradea","twitter:title":"S\u0102RB\u0102TORI DE IARN\u0102 LA TEATRUL REGINA MARIA - Teatrul Regina Maria Oradea","twitter:description":"S\u0103rb\u0103torile de iarn\u0103 sunt prilej de bucurie. Haide\u0163i s\u0103 s\u0103rb\u0103torim cu Ansamblul Artistic Profesionist Cri\u015fana \u00een cadrul spectacolului-premier\u0103 S\u0102RB\u0102TORI DE IARN\u0102 LA TEATRUL REGINA MARIA. Ne vom bucura \u00eempreun\u0103 de na\u015fterea Domnului Iisus, vom urm\u0103ri obiceiuri de colindat \u015fi c\u00e2ntece populare puse \u00een scen\u0103 de membrii ansamblului. \u00cen program: Ionel Ban, Simona Costin, Felicia Costin, Viorica","twitter:creator":"@TRMOradea","twitter:image":"https:\/\/www.teatrulreginamaria.ro\/wp-content\/uploads\/2025\/03\/trm-istoric-01.jpg"},"aioseo_meta_data":{"post_id":"1352","title":null,"description":null,"keywords":null,"keyphrases":null,"primary_term":null,"canonical_url":null,"og_title":null,"og_description":null,"og_object_type":"default","og_image_type":"default","og_image_url":null,"og_image_width":null,"og_image_height":null,"og_image_custom_url":null,"og_image_custom_fields":null,"og_video":null,"og_custom_url":null,"og_article_section":null,"og_article_tags":null,"twitter_use_og":false,"twitter_card":"default","twitter_image_type":"default","twitter_image_url":null,"twitter_image_custom_url":null,"twitter_image_custom_fields":null,"twitter_title":null,"twitter_description":null,"schema":{"blockGraphs":[],"customGraphs":[],"default":{"data":{"Article":[],"Course":[],"Dataset":[],"FAQPage":[],"Movie":[],"Person":[],"Product":[],"ProductReview":[],"Car":[],"Recipe":[],"Service":[],"SoftwareApplication":[],"WebPage":[]},"graphName":"","isEnabled":true},"graphs":[]},"schema_type":"default","schema_type_options":null,"pillar_content":false,"robots_default":true,"robots_noindex":false,"robots_noarchive":false,"robots_nosnippet":false,"robots_nofollow":false,"robots_noimageindex":false,"robots_noodp":false,"robots_notranslate":false,"robots_max_snippet":null,"robots_max_videopreview":null,"robots_max_imagepreview":"large","priority":null,"frequency":null,"local_seo":null,"seo_analyzer_scan_date":"2026-05-12 23:40:43","breadcrumb_settings":null,"limit_modified_date":false,"reviewed_by":null,"open_ai":null,"ai":null,"created":"2025-04-09 17:40:54","updated":"2026-05-12 23:40:43","focus_keyword":null,"additional_keywords":null,"truseo_locale":null},"aioseo_breadcrumb":"<div class=\"aioseo-breadcrumbs\"><span class=\"aioseo-breadcrumb\">\n\t<a href=\"https:\/\/www.teatrulreginamaria.ro\/hu\" title=\"Home\">Home<\/a>\n<\/span><span class=\"aioseo-breadcrumb-separator\">&raquo;<\/span><span class=\"aioseo-breadcrumb\">\n\t<a href=\"https:\/\/www.teatrulreginamaria.ro\/hu\/categorie\/noutati\/\" title=\"Nout\u0103\u021bi\">Nout\u0103\u021bi<\/a>\n<\/span><span class=\"aioseo-breadcrumb-separator\">&raquo;<\/span><span class=\"aioseo-breadcrumb\">\n\t<a href=\"https:\/\/www.teatrulreginamaria.ro\/hu\/categorie\/noutati\/noutati-ansamblul-crisana\/\" title=\"Nout\u0103\u021bi - Ansamblul Cri\u0219ana\">Nout\u0103\u021bi - Ansamblul Cri\u0219ana<\/a>\n<\/span><span class=\"aioseo-breadcrumb-separator\">&raquo;<\/span><span class=\"aioseo-breadcrumb\">\n\tS\u0102RB\u0102TORI DE IARN\u0102 LA TEATRUL REGINA MARIA\n<\/span><\/div>","aioseo_breadcrumb_json":[{"label":"Home","link":"https:\/\/www.teatrulreginamaria.ro\/hu"},{"label":"Nout\u0103\u021bi","link":"https:\/\/www.teatrulreginamaria.ro\/hu\/categorie\/noutati\/"},{"label":"Nout\u0103\u021bi - Ansamblul Cri\u0219ana","link":"https:\/\/www.teatrulreginamaria.ro\/hu\/categorie\/noutati\/noutati-ansamblul-crisana\/"},{"label":"S\u0102RB\u0102TORI DE IARN\u0102 LA TEATRUL REGINA MARIA","link":"https:\/\/www.teatrulreginamaria.ro\/hu\/sarbatori-de-iarna-la-teatrul-regina-maria\/"}],"acf":[],"_links":{"self":[{"href":"https:\/\/www.teatrulreginamaria.ro\/hu\/wp-json\/wp\/v2\/posts\/1352","targetHints":{"allow":["GET"]}}],"collection":[{"href":"https:\/\/www.teatrulreginamaria.ro\/hu\/wp-json\/wp\/v2\/posts"}],"about":[{"href":"https:\/\/www.teatrulreginamaria.ro\/hu\/wp-json\/wp\/v2\/types\/post"}],"author":[{"embeddable":true,"href":"https:\/\/www.teatrulreginamaria.ro\/hu\/wp-json\/wp\/v2\/users\/1"}],"replies":[{"embeddable":true,"href":"https:\/\/www.teatrulreginamaria.ro\/hu\/wp-json\/wp\/v2\/comments?post=1352"}],"version-history":[{"count":0,"href":"https:\/\/www.teatrulreginamaria.ro\/hu\/wp-json\/wp\/v2\/posts\/1352\/revisions"}],"wp:attachment":[{"href":"https:\/\/www.teatrulreginamaria.ro\/hu\/wp-json\/wp\/v2\/media?parent=1352"}],"wp:term":[{"taxonomy":"category","embeddable":true,"href":"https:\/\/www.teatrulreginamaria.ro\/hu\/wp-json\/wp\/v2\/categories?post=1352"},{"taxonomy":"post_tag","embeddable":true,"href":"https:\/\/www.teatrulreginamaria.ro\/hu\/wp-json\/wp\/v2\/tags?post=1352"}],"curies":[{"name":"munkaf\u00fczet","href":"https:\/\/api.w.org\/{rel}","templated":true}]}}