{"id":1354,"date":"2013-01-21T09:49:01","date_gmt":"2013-01-21T09:49:01","guid":{"rendered":"https:\/\/teatrulreginamaria.ro\/2013\/01\/21\/drag-mi-i-cantecul-si-jocul-premiera\/"},"modified":"2013-01-21T09:49:01","modified_gmt":"2013-01-21T09:49:01","slug":"imadom-a-dalt-es-a-premier-jatekot-is","status":"publish","type":"post","link":"https:\/\/www.teatrulreginamaria.ro\/hu\/drag-mi-i-cantecul-si-jocul-premiera\/","title":{"rendered":"IM\u00c1DOM A DALOT \u00c9S A J\u00c1T\u00c9KOT \u2013 PREMIER"},"content":{"rendered":"<p style=\"text-align: justify;\">A Cri\u015fana Professzion\u00e1lis M\u0171v\u00e9szeti Egy\u00fcttes bemutatja a premierm\u0171sort <strong>\u201e&quot;IM\u00c1DOK \u00c9NEKELNI \u00c9S J\u00c1T\u00c9KOLNI&quot;\u201d<\/strong> azon a napon, amikor <strong>2013. janu\u00e1r 27.<\/strong> az \u00f3r\u00e1kkal kezdve <strong>19:00<\/strong> be <strong>Nagyterem<\/strong> a <strong>Queen Maria Sz\u00ednh\u00e1z<\/strong>. A m\u0171sor az \u00e9let, a n\u00e9pdal \u00e9s a n\u00e9pt\u00e1nc \u00f6r\u00f6m\u00e9t \u00e9s buzgalm\u00e1t fejezi ki.<\/p>\n<p><!--more--><\/p>\n<p style=\"text-align: justify;\">Az egy\u00fcttes sz\u00f3list\u00e1i meg\u00fajult reperto\u00e1rt mutatnak be; a t\u00e1ncosok \u00faj t\u00e1ncokat adnak el\u0151 Oa\u015fb\u00f3l, Olt\u00e9ni\u00e1b\u00f3l \u00e9s a Codru k\u00f6rny\u00e9k\u00e9r\u0151l, valamint \u00faj zenekari szviteket adnak el\u0151 a zenekarral, Eduard Albina karmester, a moldovai Kisinyovb\u00f3l sz\u00e1rmaz\u00f3 Fluiera\u015f \u00c1llami N\u00e9pdalok \u00e9s N\u00e9pt\u00e1ncok Egy\u00fcttes\u00e9nek els\u0151 karmestere vez\u00e9nylet\u00e9vel.<\/p>\n<p style=\"text-align: justify;\">K\u00fcl\u00f6nleges vend\u00e9g: Nicu Novac, a b\u00e1n\u00e1ti n\u00e9pdalok vezet\u0151 el\u0151ad\u00f3ja, aki dalaival \u00f6rvendezteti meg a k\u00f6z\u00f6ns\u00e9get: &quot;\u201e<em>Ki olyan b\u00e1ns\u00e1gi, mint \u00e9n?<\/em>\u201d, \u201e<em>Lyukkal a fed\u00e9len<\/em>\u201d, \u201e<em>Beutaztam a vil\u00e1got.<\/em>\u201d, \u201e<em>Ki az emberis\u00e9g embere?<\/em>\u201d&quot;\u00e9s m\u00e1sok.<\/p>\n<p style=\"text-align: justify;\">\u00c9neksz\u00f3list\u00e1k: Simona Costin, Ionel Ban, Felicia Costin, Cornelia Covaciu, Viorica Bradea, Lumini\u0163a Tomu\u0163a, Voichi\u0163a Mihoc, Leontin Ciucur, Cornel Borza.<\/p>\n<p style=\"text-align: justify;\">A bemutat\u00f3t Andrian Locovei sz\u00edn\u00e9sz tartja.<\/p>\n<p style=\"text-align: justify;\">\u00a0<\/p>","protected":false},"excerpt":{"rendered":"<p>A Cri\u015fana Professzion\u00e1lis M\u0171v\u00e9szeti Egy\u00fcttes bemutatja az \u201eI LOVE THE SONG AND THE GAME\u201d c\u00edm\u0171 premierel\u0151ad\u00e1s\u00e1t 2013. janu\u00e1r 27-\u00e9n 19:00 \u00f3rai kezdettel a Regina Maria Sz\u00ednh\u00e1z nagyterm\u00e9ben. Az el\u0151ad\u00e1s az \u00e9let, a dal \u00e9s a n\u00e9pi j\u00e1t\u00e9k \u00f6r\u00f6m\u00e9t \u00e9s buzgalm\u00e1t fejezi ki.<\/p>","protected":false},"author":1,"featured_media":0,"comment_status":"open","ping_status":"open","sticky":false,"template":"","format":"standard","meta":{"_acf_changed":false,"footnotes":""},"categories":[32],"tags":[],"class_list":["post-1354","post","type-post","status-publish","format-standard","hentry","category-noutati-ansamblul-crisana"],"aioseo_notices":[],"aioseo_head":"\n\t\t<!-- All in One SEO Pro 5.0.1.1 - aioseo.com -->\n\t<meta name=\"description\" content=\"Ansamblul Artistic Profesionist Cri\u015fana prezint\u0103 spectacolul premier\u0103 \u201eDRAG MI-I C\u00c2NTECUL \u015eI JOCUL\u201d \u00een data de 27 ianuarie 2013 \u00eencep\u00e2nd cu orele 19:00 \u00een Sala Mare a Teatrului Regina Maria. Spectacolul exprim\u0103 bucuria \u015fi exuberan\u0163a de a tr\u0103i, c\u00e2ntecul \u015fi jocul popular. Soli\u015ftii ansamblului vor prezenta repertorii \u00eennoite; noi dansuri din Oa\u015f, Oltenia \u015fi Zona Codru\" \/>\n\t<meta name=\"robots\" content=\"max-image-preview:large\" \/>\n\t<meta name=\"author\" content=\"Teatrul Regina Maria\"\/>\n\t<link rel=\"canonical\" href=\"https:\/\/www.teatrulreginamaria.ro\/hu\/drag-mi-i-cantecul-si-jocul-premiera\/\" \/>\n\t<meta name=\"generator\" content=\"All in One SEO Pro (AIOSEO) 5.0.1.1\" \/>\n\t\t<meta property=\"og:locale\" content=\"hu_HU\" \/>\n\t\t<meta property=\"og:site_name\" content=\"Teatrul Regina Maria Oradea - Trupa Iosif Vulcan \u0219i Trupa Arcadia\" \/>\n\t\t<meta property=\"og:type\" content=\"article\" \/>\n\t\t<meta property=\"og:title\" content=\"DRAG MI-I C\u00c2NTECUL \u015eI JOCUL \u2013 PREMIER\u0102 - Teatrul Regina Maria Oradea\" \/>\n\t\t<meta property=\"og:description\" content=\"Ansamblul Artistic Profesionist Cri\u015fana prezint\u0103 spectacolul premier\u0103 \u201eDRAG MI-I C\u00c2NTECUL \u015eI JOCUL\u201d \u00een data de 27 ianuarie 2013 \u00eencep\u00e2nd cu orele 19:00 \u00een Sala Mare a Teatrului Regina Maria. Spectacolul exprim\u0103 bucuria \u015fi exuberan\u0163a de a tr\u0103i, c\u00e2ntecul \u015fi jocul popular. Soli\u015ftii ansamblului vor prezenta repertorii \u00eennoite; noi dansuri din Oa\u015f, Oltenia \u015fi Zona Codru\" \/>\n\t\t<meta property=\"og:url\" content=\"https:\/\/www.teatrulreginamaria.ro\/hu\/drag-mi-i-cantecul-si-jocul-premiera\/\" \/>\n\t\t<meta property=\"og:image\" content=\"https:\/\/www.teatrulreginamaria.ro\/wp-content\/uploads\/2025\/03\/trm-istoric-01.jpg\" \/>\n\t\t<meta property=\"og:image:secure_url\" content=\"https:\/\/www.teatrulreginamaria.ro\/wp-content\/uploads\/2025\/03\/trm-istoric-01.jpg\" \/>\n\t\t<meta property=\"og:image:width\" content=\"1200\" \/>\n\t\t<meta property=\"og:image:height\" content=\"800\" \/>\n\t\t<meta property=\"article:published_time\" content=\"2013-01-21T09:49:01+00:00\" \/>\n\t\t<meta property=\"article:modified_time\" content=\"2013-01-21T09:49:01+00:00\" \/>\n\t\t<meta property=\"article:publisher\" content=\"https:\/\/www.facebook.com\/TRMTrupaIosifVulcan\/\" \/>\n\t\t<meta name=\"twitter:card\" content=\"summary_large_image\" \/>\n\t\t<meta name=\"twitter:site\" content=\"@TRMOradea\" \/>\n\t\t<meta name=\"twitter:title\" content=\"DRAG MI-I C\u00c2NTECUL \u015eI JOCUL \u2013 PREMIER\u0102 - Teatrul Regina Maria Oradea\" \/>\n\t\t<meta name=\"twitter:description\" content=\"Ansamblul Artistic Profesionist Cri\u015fana prezint\u0103 spectacolul premier\u0103 \u201eDRAG MI-I C\u00c2NTECUL \u015eI JOCUL\u201d \u00een data de 27 ianuarie 2013 \u00eencep\u00e2nd cu orele 19:00 \u00een Sala Mare a Teatrului Regina Maria. Spectacolul exprim\u0103 bucuria \u015fi exuberan\u0163a de a tr\u0103i, c\u00e2ntecul \u015fi jocul popular. Soli\u015ftii ansamblului vor prezenta repertorii \u00eennoite; noi dansuri din Oa\u015f, Oltenia \u015fi Zona Codru\" \/>\n\t\t<meta name=\"twitter:creator\" content=\"@TRMOradea\" \/>\n\t\t<meta name=\"twitter:image\" content=\"https:\/\/www.teatrulreginamaria.ro\/wp-content\/uploads\/2025\/03\/trm-istoric-01.jpg\" \/>\n\t\t<script type=\"application\/ld+json\" class=\"aioseo-schema\">\n\t\t\t{\"@context\":\"https:\\\/\\\/schema.org\",\"@graph\":[{\"@type\":\"BlogPosting\",\"@id\":\"https:\\\/\\\/www.teatrulreginamaria.ro\\\/hu\\\/drag-mi-i-cantecul-si-jocul-premiera\\\/#blogposting\",\"name\":\"DRAG MI-I C\\u00c2NTECUL \\u015eI JOCUL \\u2013 PREMIER\\u0102 - Teatrul Regina Maria Oradea\",\"headline\":\"DRAG MI-I C\\u00c2NTECUL \\u015eI JOCUL &#8211; PREMIER\\u0102\",\"author\":{\"@id\":\"https:\\\/\\\/www.teatrulreginamaria.ro\\\/hu\\\/author\\\/iulianm\\\/#author\"},\"publisher\":{\"@id\":\"https:\\\/\\\/www.teatrulreginamaria.ro\\\/hu\\\/#organization\"},\"image\":{\"@type\":\"ImageObject\",\"url\":\"https:\\\/\\\/www.teatrulreginamaria.ro\\\/wp-content\\\/uploads\\\/2025\\\/06\\\/logo-trm-01-dark.png\",\"@id\":\"https:\\\/\\\/www.teatrulreginamaria.ro\\\/hu\\\/#articleImage\",\"width\":300,\"height\":148},\"datePublished\":\"2013-01-21T09:49:01+02:00\",\"dateModified\":\"2013-01-21T09:49:01+02:00\",\"inLanguage\":\"hu-HU\",\"mainEntityOfPage\":{\"@id\":\"https:\\\/\\\/www.teatrulreginamaria.ro\\\/hu\\\/drag-mi-i-cantecul-si-jocul-premiera\\\/#webpage\"},\"isPartOf\":{\"@id\":\"https:\\\/\\\/www.teatrulreginamaria.ro\\\/hu\\\/drag-mi-i-cantecul-si-jocul-premiera\\\/#webpage\"},\"articleSection\":\"Nout\\u0103\\u021bi - Ansamblul Cri\\u0219ana\"},{\"@type\":\"BreadcrumbList\",\"@id\":\"https:\\\/\\\/www.teatrulreginamaria.ro\\\/hu\\\/drag-mi-i-cantecul-si-jocul-premiera\\\/#breadcrumblist\",\"itemListElement\":[{\"@type\":\"ListItem\",\"@id\":\"https:\\\/\\\/www.teatrulreginamaria.ro\\\/hu#listItem\",\"position\":1,\"name\":\"Home\",\"item\":\"https:\\\/\\\/www.teatrulreginamaria.ro\\\/hu\",\"nextItem\":{\"@type\":\"ListItem\",\"@id\":\"https:\\\/\\\/www.teatrulreginamaria.ro\\\/hu\\\/categorie\\\/noutati\\\/#listItem\",\"name\":\"Nout\\u0103\\u021bi\"}},{\"@type\":\"ListItem\",\"@id\":\"https:\\\/\\\/www.teatrulreginamaria.ro\\\/hu\\\/categorie\\\/noutati\\\/#listItem\",\"position\":2,\"name\":\"Nout\\u0103\\u021bi\",\"item\":\"https:\\\/\\\/www.teatrulreginamaria.ro\\\/hu\\\/categorie\\\/noutati\\\/\",\"nextItem\":{\"@type\":\"ListItem\",\"@id\":\"https:\\\/\\\/www.teatrulreginamaria.ro\\\/hu\\\/categorie\\\/noutati\\\/noutati-ansamblul-crisana\\\/#listItem\",\"name\":\"Nout\\u0103\\u021bi - Ansamblul Cri\\u0219ana\"},\"previousItem\":{\"@type\":\"ListItem\",\"@id\":\"https:\\\/\\\/www.teatrulreginamaria.ro\\\/hu#listItem\",\"name\":\"Home\"}},{\"@type\":\"ListItem\",\"@id\":\"https:\\\/\\\/www.teatrulreginamaria.ro\\\/hu\\\/categorie\\\/noutati\\\/noutati-ansamblul-crisana\\\/#listItem\",\"position\":3,\"name\":\"Nout\\u0103\\u021bi - Ansamblul Cri\\u0219ana\",\"item\":\"https:\\\/\\\/www.teatrulreginamaria.ro\\\/hu\\\/categorie\\\/noutati\\\/noutati-ansamblul-crisana\\\/\",\"nextItem\":{\"@type\":\"ListItem\",\"@id\":\"https:\\\/\\\/www.teatrulreginamaria.ro\\\/hu\\\/drag-mi-i-cantecul-si-jocul-premiera\\\/#listItem\",\"name\":\"DRAG MI-I C\\u00c2NTECUL \\u015eI JOCUL &#8211; PREMIER\\u0102\"},\"previousItem\":{\"@type\":\"ListItem\",\"@id\":\"https:\\\/\\\/www.teatrulreginamaria.ro\\\/hu\\\/categorie\\\/noutati\\\/#listItem\",\"name\":\"Nout\\u0103\\u021bi\"}},{\"@type\":\"ListItem\",\"@id\":\"https:\\\/\\\/www.teatrulreginamaria.ro\\\/hu\\\/drag-mi-i-cantecul-si-jocul-premiera\\\/#listItem\",\"position\":4,\"name\":\"DRAG MI-I C\\u00c2NTECUL \\u015eI JOCUL &#8211; PREMIER\\u0102\",\"previousItem\":{\"@type\":\"ListItem\",\"@id\":\"https:\\\/\\\/www.teatrulreginamaria.ro\\\/hu\\\/categorie\\\/noutati\\\/noutati-ansamblul-crisana\\\/#listItem\",\"name\":\"Nout\\u0103\\u021bi - Ansamblul Cri\\u0219ana\"}}]},{\"@type\":\"Organization\",\"@id\":\"https:\\\/\\\/www.teatrulreginamaria.ro\\\/hu\\\/#organization\",\"name\":\"Teatrul Regina Maria Oradea\",\"description\":\"Trupa Iosif Vulcan \\u0219i Trupa Arcadia\",\"url\":\"https:\\\/\\\/www.teatrulreginamaria.ro\\\/hu\\\/\",\"email\":\"marketing@teatrulreginamaria.ro\",\"telephone\":\"+40359411534\",\"numberOfEmployees\":{\"@type\":\"QuantitativeValue\",\"minValue\":0,\"maxValue\":150},\"logo\":{\"@type\":\"ImageObject\",\"url\":\"https:\\\/\\\/www.teatrulreginamaria.ro\\\/wp-content\\\/uploads\\\/2025\\\/06\\\/logo-trm-01-dark.png\",\"@id\":\"https:\\\/\\\/www.teatrulreginamaria.ro\\\/hu\\\/drag-mi-i-cantecul-si-jocul-premiera\\\/#organizationLogo\",\"width\":300,\"height\":148},\"image\":{\"@id\":\"https:\\\/\\\/www.teatrulreginamaria.ro\\\/hu\\\/drag-mi-i-cantecul-si-jocul-premiera\\\/#organizationLogo\"},\"sameAs\":[\"https:\\\/\\\/www.facebook.com\\\/TRMTrupaIosifVulcan\\\/\",\"https:\\\/\\\/x.com\\\/TRMOradea\",\"https:\\\/\\\/www.instagram.com\\\/teatrul_regina_maria\\\/\",\"https:\\\/\\\/www.youtube.com\\\/c\\\/TeatrulReginaMariaOradea\",\"https:\\\/\\\/www.linkedin.com\\\/company\\\/teatrul-regina-maria\"]},{\"@type\":\"Person\",\"@id\":\"https:\\\/\\\/www.teatrulreginamaria.ro\\\/hu\\\/author\\\/iulianm\\\/#author\",\"url\":\"https:\\\/\\\/www.teatrulreginamaria.ro\\\/hu\\\/author\\\/iulianm\\\/\",\"name\":\"Teatrul Regina Maria\",\"image\":{\"@type\":\"ImageObject\",\"@id\":\"https:\\\/\\\/www.teatrulreginamaria.ro\\\/hu\\\/drag-mi-i-cantecul-si-jocul-premiera\\\/#authorImage\",\"url\":\"https:\\\/\\\/secure.gravatar.com\\\/avatar\\\/49af75bc1b3eb710073d2f37927ea27e6c274a29562ef49edfc6bcf11b9e941d?s=96&d=mm&r=g\",\"width\":96,\"height\":96,\"caption\":\"Teatrul Regina Maria\"}},{\"@type\":\"WebPage\",\"@id\":\"https:\\\/\\\/www.teatrulreginamaria.ro\\\/hu\\\/drag-mi-i-cantecul-si-jocul-premiera\\\/#webpage\",\"url\":\"https:\\\/\\\/www.teatrulreginamaria.ro\\\/hu\\\/drag-mi-i-cantecul-si-jocul-premiera\\\/\",\"name\":\"DRAG MI-I C\\u00c2NTECUL \\u015eI JOCUL \\u2013 PREMIER\\u0102 - Teatrul Regina Maria Oradea\",\"description\":\"Ansamblul Artistic Profesionist Cri\\u015fana prezint\\u0103 spectacolul premier\\u0103 \\u201eDRAG MI-I C\\u00c2NTECUL \\u015eI JOCUL\\u201d \\u00een data de 27 ianuarie 2013 \\u00eencep\\u00e2nd cu orele 19:00 \\u00een Sala Mare a Teatrului Regina Maria. Spectacolul exprim\\u0103 bucuria \\u015fi exuberan\\u0163a de a tr\\u0103i, c\\u00e2ntecul \\u015fi jocul popular. Soli\\u015ftii ansamblului vor prezenta repertorii \\u00eennoite; noi dansuri din Oa\\u015f, Oltenia \\u015fi Zona Codru\",\"inLanguage\":\"hu-HU\",\"isPartOf\":{\"@id\":\"https:\\\/\\\/www.teatrulreginamaria.ro\\\/hu\\\/#website\"},\"breadcrumb\":{\"@id\":\"https:\\\/\\\/www.teatrulreginamaria.ro\\\/hu\\\/drag-mi-i-cantecul-si-jocul-premiera\\\/#breadcrumblist\"},\"author\":{\"@id\":\"https:\\\/\\\/www.teatrulreginamaria.ro\\\/hu\\\/author\\\/iulianm\\\/#author\"},\"creator\":{\"@id\":\"https:\\\/\\\/www.teatrulreginamaria.ro\\\/hu\\\/author\\\/iulianm\\\/#author\"},\"datePublished\":\"2013-01-21T09:49:01+02:00\",\"dateModified\":\"2013-01-21T09:49:01+02:00\"},{\"@type\":\"WebSite\",\"@id\":\"https:\\\/\\\/www.teatrulreginamaria.ro\\\/hu\\\/#website\",\"url\":\"https:\\\/\\\/www.teatrulreginamaria.ro\\\/hu\\\/\",\"name\":\"Teatrul Regina Maria Oradea\",\"alternateName\":\"TRM Oradea\",\"description\":\"Trupa Iosif Vulcan \\u0219i Trupa Arcadia\",\"inLanguage\":\"hu-HU\",\"publisher\":{\"@id\":\"https:\\\/\\\/www.teatrulreginamaria.ro\\\/hu\\\/#organization\"}}]}\n\t\t<\/script>\n\t\t<!-- All in One SEO Pro -->\r\n\t\t<title>DRAG MI-I C\u00c2NTECUL \u015eI JOCUL \u2013 PREMIER\u0102 - Teatrul Regina Maria Oradea<\/title>\n\n","aioseo_head_json":{"title":"IM\u00c1DOM A DALOT \u00c9S A J\u00c1T\u00c9KOT \u2013 PREMIER - Regina Maria Sz\u00ednh\u00e1z Nagyv\u00e1radon","description":"A Cri\u015fana Professzion\u00e1lis M\u0171v\u00e9szeti Egy\u00fcttes bemutatja az \u201eI LOVE THE SONG AND THE GAME\u201d c\u00edm\u0171 premierel\u0151ad\u00e1s\u00e1t 2013. janu\u00e1r 27-\u00e9n 19:00 \u00f3rai kezdettel a Regina Maria Sz\u00ednh\u00e1z nagyterm\u00e9ben. Az el\u0151ad\u00e1s az \u00e9let, a dal \u00e9s a n\u00e9pi j\u00e1t\u00e9k \u00f6r\u00f6m\u00e9t \u00e9s buzgalm\u00e1t fejezi ki. Az egy\u00fcttes sz\u00f3list\u00e1i meg\u00fajult reperto\u00e1rt mutatnak be; \u00faj t\u00e1ncokat Oa\u015fb\u00f3l, Olt\u00e9ni\u00e1b\u00f3l \u00e9s a Codru-\u00f6vezetb\u0151l.","canonical_url":"https:\/\/www.teatrulreginamaria.ro\/hu\/drag-mi-i-cantecul-si-jocul-premiera\/","robots":"max-image-preview:large","keywords":"","webmasterTools":{"miscellaneous":""},"schema":{"@context":"https:\/\/schema.org","@graph":[{"@type":"BlogPosting","@id":"https:\/\/www.teatrulreginamaria.ro\/hu\/drag-mi-i-cantecul-si-jocul-premiera\/#blogposting","name":"DRAG MI-I C\u00c2NTECUL \u015eI JOCUL \u2013 PREMIER\u0102 - Teatrul Regina Maria Oradea","headline":"DRAG MI-I C\u00c2NTECUL \u015eI JOCUL &#8211; PREMIER\u0102","author":{"@id":"https:\/\/www.teatrulreginamaria.ro\/hu\/author\/iulianm\/#author"},"publisher":{"@id":"https:\/\/www.teatrulreginamaria.ro\/hu\/#organization"},"image":{"@type":"ImageObject","url":"https:\/\/www.teatrulreginamaria.ro\/wp-content\/uploads\/2025\/06\/logo-trm-01-dark.png","@id":"https:\/\/www.teatrulreginamaria.ro\/hu\/#articleImage","width":300,"height":148},"datePublished":"2013-01-21T09:49:01+02:00","dateModified":"2013-01-21T09:49:01+02:00","inLanguage":"hu-HU","mainEntityOfPage":{"@id":"https:\/\/www.teatrulreginamaria.ro\/hu\/drag-mi-i-cantecul-si-jocul-premiera\/#webpage"},"isPartOf":{"@id":"https:\/\/www.teatrulreginamaria.ro\/hu\/drag-mi-i-cantecul-si-jocul-premiera\/#webpage"},"articleSection":"Nout\u0103\u021bi - Ansamblul Cri\u0219ana"},{"@type":"BreadcrumbList","@id":"https:\/\/www.teatrulreginamaria.ro\/hu\/drag-mi-i-cantecul-si-jocul-premiera\/#breadcrumblist","itemListElement":[{"@type":"ListItem","@id":"https:\/\/www.teatrulreginamaria.ro\/hu#listItem","position":1,"name":"Home","item":"https:\/\/www.teatrulreginamaria.ro\/hu","nextItem":{"@type":"ListItem","@id":"https:\/\/www.teatrulreginamaria.ro\/hu\/categorie\/noutati\/#listItem","name":"Nout\u0103\u021bi"}},{"@type":"ListItem","@id":"https:\/\/www.teatrulreginamaria.ro\/hu\/categorie\/noutati\/#listItem","position":2,"name":"Nout\u0103\u021bi","item":"https:\/\/www.teatrulreginamaria.ro\/hu\/categorie\/noutati\/","nextItem":{"@type":"ListItem","@id":"https:\/\/www.teatrulreginamaria.ro\/hu\/categorie\/noutati\/noutati-ansamblul-crisana\/#listItem","name":"Nout\u0103\u021bi - Ansamblul Cri\u0219ana"},"previousItem":{"@type":"ListItem","@id":"https:\/\/www.teatrulreginamaria.ro\/hu#listItem","name":"Home"}},{"@type":"ListItem","@id":"https:\/\/www.teatrulreginamaria.ro\/hu\/categorie\/noutati\/noutati-ansamblul-crisana\/#listItem","position":3,"name":"Nout\u0103\u021bi - Ansamblul Cri\u0219ana","item":"https:\/\/www.teatrulreginamaria.ro\/hu\/categorie\/noutati\/noutati-ansamblul-crisana\/","nextItem":{"@type":"ListItem","@id":"https:\/\/www.teatrulreginamaria.ro\/hu\/drag-mi-i-cantecul-si-jocul-premiera\/#listItem","name":"DRAG MI-I C\u00c2NTECUL \u015eI JOCUL &#8211; PREMIER\u0102"},"previousItem":{"@type":"ListItem","@id":"https:\/\/www.teatrulreginamaria.ro\/hu\/categorie\/noutati\/#listItem","name":"Nout\u0103\u021bi"}},{"@type":"ListItem","@id":"https:\/\/www.teatrulreginamaria.ro\/hu\/drag-mi-i-cantecul-si-jocul-premiera\/#listItem","position":4,"name":"DRAG MI-I C\u00c2NTECUL \u015eI JOCUL &#8211; PREMIER\u0102","previousItem":{"@type":"ListItem","@id":"https:\/\/www.teatrulreginamaria.ro\/hu\/categorie\/noutati\/noutati-ansamblul-crisana\/#listItem","name":"Nout\u0103\u021bi - Ansamblul Cri\u0219ana"}}]},{"@type":"Organization","@id":"https:\/\/www.teatrulreginamaria.ro\/hu\/#organization","name":"Teatrul Regina Maria Oradea","description":"Trupa Iosif Vulcan \u0219i Trupa Arcadia","url":"https:\/\/www.teatrulreginamaria.ro\/hu\/","email":"marketing@teatrulreginamaria.ro","telephone":"+40359411534","numberOfEmployees":{"@type":"QuantitativeValue","minValue":0,"maxValue":150},"logo":{"@type":"ImageObject","url":"https:\/\/www.teatrulreginamaria.ro\/wp-content\/uploads\/2025\/06\/logo-trm-01-dark.png","@id":"https:\/\/www.teatrulreginamaria.ro\/hu\/drag-mi-i-cantecul-si-jocul-premiera\/#organizationLogo","width":300,"height":148},"image":{"@id":"https:\/\/www.teatrulreginamaria.ro\/hu\/drag-mi-i-cantecul-si-jocul-premiera\/#organizationLogo"},"sameAs":["https:\/\/www.facebook.com\/TRMTrupaIosifVulcan\/","https:\/\/x.com\/TRMOradea","https:\/\/www.instagram.com\/teatrul_regina_maria\/","https:\/\/www.youtube.com\/c\/TeatrulReginaMariaOradea","https:\/\/www.linkedin.com\/company\/teatrul-regina-maria"]},{"@type":"Person","@id":"https:\/\/www.teatrulreginamaria.ro\/hu\/author\/iulianm\/#author","url":"https:\/\/www.teatrulreginamaria.ro\/hu\/author\/iulianm\/","name":"Teatrul Regina Maria","image":{"@type":"ImageObject","@id":"https:\/\/www.teatrulreginamaria.ro\/hu\/drag-mi-i-cantecul-si-jocul-premiera\/#authorImage","url":"https:\/\/secure.gravatar.com\/avatar\/49af75bc1b3eb710073d2f37927ea27e6c274a29562ef49edfc6bcf11b9e941d?s=96&d=mm&r=g","width":96,"height":96,"caption":"Teatrul Regina Maria"}},{"@type":"WebPage","@id":"https:\/\/www.teatrulreginamaria.ro\/hu\/drag-mi-i-cantecul-si-jocul-premiera\/#webpage","url":"https:\/\/www.teatrulreginamaria.ro\/hu\/drag-mi-i-cantecul-si-jocul-premiera\/","name":"DRAG MI-I C\u00c2NTECUL \u015eI JOCUL \u2013 PREMIER\u0102 - Teatrul Regina Maria Oradea","description":"Ansamblul Artistic Profesionist Cri\u015fana prezint\u0103 spectacolul premier\u0103 \u201eDRAG MI-I C\u00c2NTECUL \u015eI JOCUL\u201d \u00een data de 27 ianuarie 2013 \u00eencep\u00e2nd cu orele 19:00 \u00een Sala Mare a Teatrului Regina Maria. Spectacolul exprim\u0103 bucuria \u015fi exuberan\u0163a de a tr\u0103i, c\u00e2ntecul \u015fi jocul popular. Soli\u015ftii ansamblului vor prezenta repertorii \u00eennoite; noi dansuri din Oa\u015f, Oltenia \u015fi Zona Codru","inLanguage":"hu-HU","isPartOf":{"@id":"https:\/\/www.teatrulreginamaria.ro\/hu\/#website"},"breadcrumb":{"@id":"https:\/\/www.teatrulreginamaria.ro\/hu\/drag-mi-i-cantecul-si-jocul-premiera\/#breadcrumblist"},"author":{"@id":"https:\/\/www.teatrulreginamaria.ro\/hu\/author\/iulianm\/#author"},"creator":{"@id":"https:\/\/www.teatrulreginamaria.ro\/hu\/author\/iulianm\/#author"},"datePublished":"2013-01-21T09:49:01+02:00","dateModified":"2013-01-21T09:49:01+02:00"},{"@type":"WebSite","@id":"https:\/\/www.teatrulreginamaria.ro\/hu\/#website","url":"https:\/\/www.teatrulreginamaria.ro\/hu\/","name":"Teatrul Regina Maria Oradea","alternateName":"TRM Oradea","description":"Trupa Iosif Vulcan \u0219i Trupa Arcadia","inLanguage":"hu-HU","publisher":{"@id":"https:\/\/www.teatrulreginamaria.ro\/hu\/#organization"}}]},"og:locale":"hu_HU","og:site_name":"Teatrul Regina Maria Oradea - Trupa Iosif Vulcan \u0219i Trupa Arcadia","og:type":"article","og:title":"DRAG MI-I C\u00c2NTECUL \u015eI JOCUL \u2013 PREMIER\u0102 - Teatrul Regina Maria Oradea","og:description":"Ansamblul Artistic Profesionist Cri\u015fana prezint\u0103 spectacolul premier\u0103 \u201eDRAG MI-I C\u00c2NTECUL \u015eI JOCUL\u201d \u00een data de 27 ianuarie 2013 \u00eencep\u00e2nd cu orele 19:00 \u00een Sala Mare a Teatrului Regina Maria. Spectacolul exprim\u0103 bucuria \u015fi exuberan\u0163a de a tr\u0103i, c\u00e2ntecul \u015fi jocul popular. Soli\u015ftii ansamblului vor prezenta repertorii \u00eennoite; noi dansuri din Oa\u015f, Oltenia \u015fi Zona Codru","og:url":"https:\/\/www.teatrulreginamaria.ro\/hu\/drag-mi-i-cantecul-si-jocul-premiera\/","og:image":"https:\/\/www.teatrulreginamaria.ro\/wp-content\/uploads\/2025\/03\/trm-istoric-01.jpg","og:image:secure_url":"https:\/\/www.teatrulreginamaria.ro\/wp-content\/uploads\/2025\/03\/trm-istoric-01.jpg","og:image:width":1200,"og:image:height":800,"article:published_time":"2013-01-21T09:49:01+00:00","article:modified_time":"2013-01-21T09:49:01+00:00","article:publisher":"https:\/\/www.facebook.com\/TRMTrupaIosifVulcan\/","twitter:card":"summary_large_image","twitter:site":"@TRMOradea","twitter:title":"DRAG MI-I C\u00c2NTECUL \u015eI JOCUL \u2013 PREMIER\u0102 - Teatrul Regina Maria Oradea","twitter:description":"Ansamblul Artistic Profesionist Cri\u015fana prezint\u0103 spectacolul premier\u0103 \u201eDRAG MI-I C\u00c2NTECUL \u015eI JOCUL\u201d \u00een data de 27 ianuarie 2013 \u00eencep\u00e2nd cu orele 19:00 \u00een Sala Mare a Teatrului Regina Maria. Spectacolul exprim\u0103 bucuria \u015fi exuberan\u0163a de a tr\u0103i, c\u00e2ntecul \u015fi jocul popular. Soli\u015ftii ansamblului vor prezenta repertorii \u00eennoite; noi dansuri din Oa\u015f, Oltenia \u015fi Zona Codru","twitter:creator":"@TRMOradea","twitter:image":"https:\/\/www.teatrulreginamaria.ro\/wp-content\/uploads\/2025\/03\/trm-istoric-01.jpg"},"aioseo_meta_data":{"post_id":"1354","title":null,"description":null,"keywords":null,"keyphrases":null,"primary_term":null,"canonical_url":null,"og_title":null,"og_description":null,"og_object_type":"default","og_image_type":"default","og_image_url":null,"og_image_width":null,"og_image_height":null,"og_image_custom_url":null,"og_image_custom_fields":null,"og_video":null,"og_custom_url":null,"og_article_section":null,"og_article_tags":null,"twitter_use_og":false,"twitter_card":"default","twitter_image_type":"default","twitter_image_url":null,"twitter_image_custom_url":null,"twitter_image_custom_fields":null,"twitter_title":null,"twitter_description":null,"schema":{"blockGraphs":[],"customGraphs":[],"default":{"data":{"Article":[],"Course":[],"Dataset":[],"FAQPage":[],"Movie":[],"Person":[],"Product":[],"ProductReview":[],"Car":[],"Recipe":[],"Service":[],"SoftwareApplication":[],"WebPage":[]},"graphName":"","isEnabled":true},"graphs":[]},"schema_type":"default","schema_type_options":null,"pillar_content":false,"robots_default":true,"robots_noindex":false,"robots_noarchive":false,"robots_nosnippet":false,"robots_nofollow":false,"robots_noimageindex":false,"robots_noodp":false,"robots_notranslate":false,"robots_max_snippet":null,"robots_max_videopreview":null,"robots_max_imagepreview":"large","priority":null,"frequency":null,"local_seo":null,"seo_analyzer_scan_date":"2026-05-12 23:42:27","breadcrumb_settings":null,"limit_modified_date":false,"reviewed_by":null,"open_ai":null,"ai":null,"created":"2025-04-09 17:40:54","updated":"2026-05-12 23:42:27","focus_keyword":null,"additional_keywords":null,"truseo_locale":null},"aioseo_breadcrumb":"<div class=\"aioseo-breadcrumbs\"><span class=\"aioseo-breadcrumb\">\n\t<a href=\"https:\/\/www.teatrulreginamaria.ro\/hu\" title=\"Home\">Home<\/a>\n<\/span><span class=\"aioseo-breadcrumb-separator\">&raquo;<\/span><span class=\"aioseo-breadcrumb\">\n\t<a href=\"https:\/\/www.teatrulreginamaria.ro\/hu\/categorie\/noutati\/\" title=\"Nout\u0103\u021bi\">Nout\u0103\u021bi<\/a>\n<\/span><span class=\"aioseo-breadcrumb-separator\">&raquo;<\/span><span class=\"aioseo-breadcrumb\">\n\t<a href=\"https:\/\/www.teatrulreginamaria.ro\/hu\/categorie\/noutati\/noutati-ansamblul-crisana\/\" title=\"Nout\u0103\u021bi - Ansamblul Cri\u0219ana\">Nout\u0103\u021bi - Ansamblul Cri\u0219ana<\/a>\n<\/span><span class=\"aioseo-breadcrumb-separator\">&raquo;<\/span><span class=\"aioseo-breadcrumb\">\n\tDRAG MI-I C\u00c2NTECUL \u015eI JOCUL \u2013 PREMIER\u0102\n<\/span><\/div>","aioseo_breadcrumb_json":[{"label":"Home","link":"https:\/\/www.teatrulreginamaria.ro\/hu"},{"label":"Nout\u0103\u021bi","link":"https:\/\/www.teatrulreginamaria.ro\/hu\/categorie\/noutati\/"},{"label":"Nout\u0103\u021bi - Ansamblul Cri\u0219ana","link":"https:\/\/www.teatrulreginamaria.ro\/hu\/categorie\/noutati\/noutati-ansamblul-crisana\/"},{"label":"DRAG MI-I C\u00c2NTECUL \u015eI JOCUL &#8211; PREMIER\u0102","link":"https:\/\/www.teatrulreginamaria.ro\/hu\/drag-mi-i-cantecul-si-jocul-premiera\/"}],"acf":[],"_links":{"self":[{"href":"https:\/\/www.teatrulreginamaria.ro\/hu\/wp-json\/wp\/v2\/posts\/1354","targetHints":{"allow":["GET"]}}],"collection":[{"href":"https:\/\/www.teatrulreginamaria.ro\/hu\/wp-json\/wp\/v2\/posts"}],"about":[{"href":"https:\/\/www.teatrulreginamaria.ro\/hu\/wp-json\/wp\/v2\/types\/post"}],"author":[{"embeddable":true,"href":"https:\/\/www.teatrulreginamaria.ro\/hu\/wp-json\/wp\/v2\/users\/1"}],"replies":[{"embeddable":true,"href":"https:\/\/www.teatrulreginamaria.ro\/hu\/wp-json\/wp\/v2\/comments?post=1354"}],"version-history":[{"count":0,"href":"https:\/\/www.teatrulreginamaria.ro\/hu\/wp-json\/wp\/v2\/posts\/1354\/revisions"}],"wp:attachment":[{"href":"https:\/\/www.teatrulreginamaria.ro\/hu\/wp-json\/wp\/v2\/media?parent=1354"}],"wp:term":[{"taxonomy":"category","embeddable":true,"href":"https:\/\/www.teatrulreginamaria.ro\/hu\/wp-json\/wp\/v2\/categories?post=1354"},{"taxonomy":"post_tag","embeddable":true,"href":"https:\/\/www.teatrulreginamaria.ro\/hu\/wp-json\/wp\/v2\/tags?post=1354"}],"curies":[{"name":"munkaf\u00fczet","href":"https:\/\/api.w.org\/{rel}","templated":true}]}}