{"id":1364,"date":"2014-12-08T11:13:30","date_gmt":"2014-12-08T11:13:30","guid":{"rendered":"https:\/\/teatrulreginamaria.ro\/2014\/12\/08\/ansamblul-crisana-in-muntenegru\/"},"modified":"2014-12-08T11:13:30","modified_gmt":"2014-12-08T11:13:30","slug":"crisana-egyuttes-montenegroban","status":"publish","type":"post","link":"https:\/\/www.teatrulreginamaria.ro\/hu\/ansamblul-crisana-in-muntenegru\/","title":{"rendered":"CRISANA EGY\u00dcTTES MONTENEGROBAN"},"content":{"rendered":"<p style=\"text-align: justify;\">A Regina Maria Sz\u00ednh\u00e1z bejelenti a Cri\u015fana Professzion\u00e1lis M\u0171v\u00e9szeti Egy\u00fcttes montenegr\u00f3i \u00fatj\u00e1t.<\/p>\n<p><!--more--><\/p>\n<p style=\"text-align: justify;\">A montenegr\u00f3i rom\u00e1n nagyk\u00f6vets\u00e9g megh\u00edv\u00e1s\u00e1ra a Cri\u015fana Professzion\u00e1lis M\u0171v\u00e9szeti Egy\u00fcttes Podgoric\u00e1ban l\u00e9p fel Rom\u00e1nia nemzeti \u00fcnnepe tisztelet\u00e9re. Az egy\u00fcttes bemutatja az \u201e\u00dcnnepelj\u00fck a rom\u00e1nt\u201d c\u00edm\u0171 el\u0151ad\u00e1st, amelyre 2014. december 8-\u00e1n, h\u00e9tf\u0151n ker\u00fcl sor a podgoricai sz\u00ednh\u00e1zteremben.<\/p>\n<p style=\"text-align: justify;\">A k\u00fcld\u00f6tts\u00e9g tagjai egy t\u00e1ncoscsoport, egy zenekar Adrian Miescu karmester vezet\u00e9s\u00e9vel, valamint Ionel Ban, Simona Costin, Otilia Haragos Seghedi, Cornelia Covaciu, Cornel Borza sz\u00f3list\u00e1k, Petrica Popa \u00e9s Stangaciu hangszeres sz\u00f3list\u00e1k, \u00e9s Leontin Ciucur m\u0171v\u00e9szeti vezet\u0151. A programban szerepelnek a t\u00f6rt\u00e9nelm\u00fcnket v\u00e9gigk\u00eds\u00e9r\u0151 dalok, sz\u00e1mos folkl\u00f3rter\u00fcletr\u0151l sz\u00e1rmaz\u00f3 n\u00e9pt\u00e1ncok, hangszeres dallamok \u00e9s zenekari szvitek.<\/p>","protected":false},"excerpt":{"rendered":"<p>A Regina Maria Sz\u00ednh\u00e1z bejelenti a Cri\u015fana Professzion\u00e1lis M\u0171v\u00e9szeti Egy\u00fcttes montenegr\u00f3i \u00fatj\u00e1t.<\/p>","protected":false},"author":1,"featured_media":0,"comment_status":"open","ping_status":"open","sticky":false,"template":"","format":"standard","meta":{"_acf_changed":false,"footnotes":""},"categories":[32],"tags":[],"class_list":["post-1364","post","type-post","status-publish","format-standard","hentry","category-noutati-ansamblul-crisana"],"aioseo_notices":[],"aioseo_head":"\n\t\t<!-- All in One SEO Pro 5.0.1.1 - aioseo.com -->\n\t<meta name=\"description\" content=\"Teatrul Regina Maria anun\u0163\u0103 deplasarea \u00een Muntenegru a Ansamblului Artistic Profesionist Cri\u015fana. La invita\u0163ia Ambasadei Rom\u00e2niei din Muntenegru, Ansamblul Artistic Profesionist Cri\u015fana va sus\u0163ine un spectacol la Podgorica \u00een cinstea Zilei Na\u0163ionale a Romaniei. Ansamblul va prezenta spectacolul \u201eS\u0103 s\u0103rb\u0103torim rom\u00e2ne\u015fte\u201d, care se desf\u0103\u015foar\u0103 luni, 8 decembrie 2014, la sala teatrului din Podgorica. Din echipa\" \/>\n\t<meta name=\"robots\" content=\"max-image-preview:large\" \/>\n\t<meta name=\"author\" content=\"Teatrul Regina Maria\"\/>\n\t<link rel=\"canonical\" href=\"https:\/\/www.teatrulreginamaria.ro\/hu\/ansamblul-crisana-in-muntenegru\/\" \/>\n\t<meta name=\"generator\" content=\"All in One SEO Pro (AIOSEO) 5.0.1.1\" \/>\n\t\t<meta property=\"og:locale\" content=\"hu_HU\" \/>\n\t\t<meta property=\"og:site_name\" content=\"Teatrul Regina Maria Oradea - Trupa Iosif Vulcan \u0219i Trupa Arcadia\" \/>\n\t\t<meta property=\"og:type\" content=\"article\" \/>\n\t\t<meta property=\"og:title\" content=\"ANSAMBLUL CRI\u0218ANA \u00ceN MUNTENEGRU - Teatrul Regina Maria Oradea\" \/>\n\t\t<meta property=\"og:description\" content=\"Teatrul Regina Maria anun\u0163\u0103 deplasarea \u00een Muntenegru a Ansamblului Artistic Profesionist Cri\u015fana. La invita\u0163ia Ambasadei Rom\u00e2niei din Muntenegru, Ansamblul Artistic Profesionist Cri\u015fana va sus\u0163ine un spectacol la Podgorica \u00een cinstea Zilei Na\u0163ionale a Romaniei. Ansamblul va prezenta spectacolul \u201eS\u0103 s\u0103rb\u0103torim rom\u00e2ne\u015fte\u201d, care se desf\u0103\u015foar\u0103 luni, 8 decembrie 2014, la sala teatrului din Podgorica. Din echipa\" \/>\n\t\t<meta property=\"og:url\" content=\"https:\/\/www.teatrulreginamaria.ro\/hu\/ansamblul-crisana-in-muntenegru\/\" \/>\n\t\t<meta property=\"og:image\" content=\"https:\/\/www.teatrulreginamaria.ro\/wp-content\/uploads\/2025\/03\/trm-istoric-01.jpg\" \/>\n\t\t<meta property=\"og:image:secure_url\" content=\"https:\/\/www.teatrulreginamaria.ro\/wp-content\/uploads\/2025\/03\/trm-istoric-01.jpg\" \/>\n\t\t<meta property=\"og:image:width\" content=\"1200\" \/>\n\t\t<meta property=\"og:image:height\" content=\"800\" \/>\n\t\t<meta property=\"article:published_time\" content=\"2014-12-08T11:13:30+00:00\" \/>\n\t\t<meta property=\"article:modified_time\" content=\"2014-12-08T11:13:30+00:00\" \/>\n\t\t<meta property=\"article:publisher\" content=\"https:\/\/www.facebook.com\/TRMTrupaIosifVulcan\/\" \/>\n\t\t<meta name=\"twitter:card\" content=\"summary_large_image\" \/>\n\t\t<meta name=\"twitter:site\" content=\"@TRMOradea\" \/>\n\t\t<meta name=\"twitter:title\" content=\"ANSAMBLUL CRI\u0218ANA \u00ceN MUNTENEGRU - Teatrul Regina Maria Oradea\" \/>\n\t\t<meta name=\"twitter:description\" content=\"Teatrul Regina Maria anun\u0163\u0103 deplasarea \u00een Muntenegru a Ansamblului Artistic Profesionist Cri\u015fana. La invita\u0163ia Ambasadei Rom\u00e2niei din Muntenegru, Ansamblul Artistic Profesionist Cri\u015fana va sus\u0163ine un spectacol la Podgorica \u00een cinstea Zilei Na\u0163ionale a Romaniei. Ansamblul va prezenta spectacolul \u201eS\u0103 s\u0103rb\u0103torim rom\u00e2ne\u015fte\u201d, care se desf\u0103\u015foar\u0103 luni, 8 decembrie 2014, la sala teatrului din Podgorica. Din echipa\" \/>\n\t\t<meta name=\"twitter:creator\" content=\"@TRMOradea\" \/>\n\t\t<meta name=\"twitter:image\" content=\"https:\/\/www.teatrulreginamaria.ro\/wp-content\/uploads\/2025\/03\/trm-istoric-01.jpg\" \/>\n\t\t<script type=\"application\/ld+json\" class=\"aioseo-schema\">\n\t\t\t{\"@context\":\"https:\\\/\\\/schema.org\",\"@graph\":[{\"@type\":\"BlogPosting\",\"@id\":\"https:\\\/\\\/www.teatrulreginamaria.ro\\\/hu\\\/ansamblul-crisana-in-muntenegru\\\/#blogposting\",\"name\":\"ANSAMBLUL CRI\\u0218ANA \\u00ceN MUNTENEGRU - Teatrul Regina Maria Oradea\",\"headline\":\"ANSAMBLUL CRI\\u0218ANA \\u00ceN MUNTENEGRU\",\"author\":{\"@id\":\"https:\\\/\\\/www.teatrulreginamaria.ro\\\/hu\\\/author\\\/iulianm\\\/#author\"},\"publisher\":{\"@id\":\"https:\\\/\\\/www.teatrulreginamaria.ro\\\/hu\\\/#organization\"},\"image\":{\"@type\":\"ImageObject\",\"url\":\"https:\\\/\\\/www.teatrulreginamaria.ro\\\/wp-content\\\/uploads\\\/2025\\\/06\\\/logo-trm-01-dark.png\",\"@id\":\"https:\\\/\\\/www.teatrulreginamaria.ro\\\/hu\\\/#articleImage\",\"width\":300,\"height\":148},\"datePublished\":\"2014-12-08T11:13:30+02:00\",\"dateModified\":\"2014-12-08T11:13:30+02:00\",\"inLanguage\":\"hu-HU\",\"mainEntityOfPage\":{\"@id\":\"https:\\\/\\\/www.teatrulreginamaria.ro\\\/hu\\\/ansamblul-crisana-in-muntenegru\\\/#webpage\"},\"isPartOf\":{\"@id\":\"https:\\\/\\\/www.teatrulreginamaria.ro\\\/hu\\\/ansamblul-crisana-in-muntenegru\\\/#webpage\"},\"articleSection\":\"Nout\\u0103\\u021bi - Ansamblul Cri\\u0219ana\"},{\"@type\":\"BreadcrumbList\",\"@id\":\"https:\\\/\\\/www.teatrulreginamaria.ro\\\/hu\\\/ansamblul-crisana-in-muntenegru\\\/#breadcrumblist\",\"itemListElement\":[{\"@type\":\"ListItem\",\"@id\":\"https:\\\/\\\/www.teatrulreginamaria.ro\\\/hu#listItem\",\"position\":1,\"name\":\"Home\",\"item\":\"https:\\\/\\\/www.teatrulreginamaria.ro\\\/hu\",\"nextItem\":{\"@type\":\"ListItem\",\"@id\":\"https:\\\/\\\/www.teatrulreginamaria.ro\\\/hu\\\/categorie\\\/noutati\\\/#listItem\",\"name\":\"Nout\\u0103\\u021bi\"}},{\"@type\":\"ListItem\",\"@id\":\"https:\\\/\\\/www.teatrulreginamaria.ro\\\/hu\\\/categorie\\\/noutati\\\/#listItem\",\"position\":2,\"name\":\"Nout\\u0103\\u021bi\",\"item\":\"https:\\\/\\\/www.teatrulreginamaria.ro\\\/hu\\\/categorie\\\/noutati\\\/\",\"nextItem\":{\"@type\":\"ListItem\",\"@id\":\"https:\\\/\\\/www.teatrulreginamaria.ro\\\/hu\\\/categorie\\\/noutati\\\/noutati-ansamblul-crisana\\\/#listItem\",\"name\":\"Nout\\u0103\\u021bi - Ansamblul Cri\\u0219ana\"},\"previousItem\":{\"@type\":\"ListItem\",\"@id\":\"https:\\\/\\\/www.teatrulreginamaria.ro\\\/hu#listItem\",\"name\":\"Home\"}},{\"@type\":\"ListItem\",\"@id\":\"https:\\\/\\\/www.teatrulreginamaria.ro\\\/hu\\\/categorie\\\/noutati\\\/noutati-ansamblul-crisana\\\/#listItem\",\"position\":3,\"name\":\"Nout\\u0103\\u021bi - Ansamblul Cri\\u0219ana\",\"item\":\"https:\\\/\\\/www.teatrulreginamaria.ro\\\/hu\\\/categorie\\\/noutati\\\/noutati-ansamblul-crisana\\\/\",\"nextItem\":{\"@type\":\"ListItem\",\"@id\":\"https:\\\/\\\/www.teatrulreginamaria.ro\\\/hu\\\/ansamblul-crisana-in-muntenegru\\\/#listItem\",\"name\":\"ANSAMBLUL CRI\\u0218ANA \\u00ceN MUNTENEGRU\"},\"previousItem\":{\"@type\":\"ListItem\",\"@id\":\"https:\\\/\\\/www.teatrulreginamaria.ro\\\/hu\\\/categorie\\\/noutati\\\/#listItem\",\"name\":\"Nout\\u0103\\u021bi\"}},{\"@type\":\"ListItem\",\"@id\":\"https:\\\/\\\/www.teatrulreginamaria.ro\\\/hu\\\/ansamblul-crisana-in-muntenegru\\\/#listItem\",\"position\":4,\"name\":\"ANSAMBLUL CRI\\u0218ANA \\u00ceN MUNTENEGRU\",\"previousItem\":{\"@type\":\"ListItem\",\"@id\":\"https:\\\/\\\/www.teatrulreginamaria.ro\\\/hu\\\/categorie\\\/noutati\\\/noutati-ansamblul-crisana\\\/#listItem\",\"name\":\"Nout\\u0103\\u021bi - Ansamblul Cri\\u0219ana\"}}]},{\"@type\":\"Organization\",\"@id\":\"https:\\\/\\\/www.teatrulreginamaria.ro\\\/hu\\\/#organization\",\"name\":\"Teatrul Regina Maria Oradea\",\"description\":\"Trupa Iosif Vulcan \\u0219i Trupa Arcadia\",\"url\":\"https:\\\/\\\/www.teatrulreginamaria.ro\\\/hu\\\/\",\"email\":\"marketing@teatrulreginamaria.ro\",\"telephone\":\"+40359411534\",\"numberOfEmployees\":{\"@type\":\"QuantitativeValue\",\"minValue\":0,\"maxValue\":150},\"logo\":{\"@type\":\"ImageObject\",\"url\":\"https:\\\/\\\/www.teatrulreginamaria.ro\\\/wp-content\\\/uploads\\\/2025\\\/06\\\/logo-trm-01-dark.png\",\"@id\":\"https:\\\/\\\/www.teatrulreginamaria.ro\\\/hu\\\/ansamblul-crisana-in-muntenegru\\\/#organizationLogo\",\"width\":300,\"height\":148},\"image\":{\"@id\":\"https:\\\/\\\/www.teatrulreginamaria.ro\\\/hu\\\/ansamblul-crisana-in-muntenegru\\\/#organizationLogo\"},\"sameAs\":[\"https:\\\/\\\/www.facebook.com\\\/TRMTrupaIosifVulcan\\\/\",\"https:\\\/\\\/x.com\\\/TRMOradea\",\"https:\\\/\\\/www.instagram.com\\\/teatrul_regina_maria\\\/\",\"https:\\\/\\\/www.youtube.com\\\/c\\\/TeatrulReginaMariaOradea\",\"https:\\\/\\\/www.linkedin.com\\\/company\\\/teatrul-regina-maria\"]},{\"@type\":\"Person\",\"@id\":\"https:\\\/\\\/www.teatrulreginamaria.ro\\\/hu\\\/author\\\/iulianm\\\/#author\",\"url\":\"https:\\\/\\\/www.teatrulreginamaria.ro\\\/hu\\\/author\\\/iulianm\\\/\",\"name\":\"Teatrul Regina Maria\",\"image\":{\"@type\":\"ImageObject\",\"@id\":\"https:\\\/\\\/www.teatrulreginamaria.ro\\\/hu\\\/ansamblul-crisana-in-muntenegru\\\/#authorImage\",\"url\":\"https:\\\/\\\/secure.gravatar.com\\\/avatar\\\/49af75bc1b3eb710073d2f37927ea27e6c274a29562ef49edfc6bcf11b9e941d?s=96&d=mm&r=g\",\"width\":96,\"height\":96,\"caption\":\"Teatrul Regina Maria\"}},{\"@type\":\"WebPage\",\"@id\":\"https:\\\/\\\/www.teatrulreginamaria.ro\\\/hu\\\/ansamblul-crisana-in-muntenegru\\\/#webpage\",\"url\":\"https:\\\/\\\/www.teatrulreginamaria.ro\\\/hu\\\/ansamblul-crisana-in-muntenegru\\\/\",\"name\":\"ANSAMBLUL CRI\\u0218ANA \\u00ceN MUNTENEGRU - Teatrul Regina Maria Oradea\",\"description\":\"Teatrul Regina Maria anun\\u0163\\u0103 deplasarea \\u00een Muntenegru a Ansamblului Artistic Profesionist Cri\\u015fana. La invita\\u0163ia Ambasadei Rom\\u00e2niei din Muntenegru, Ansamblul Artistic Profesionist Cri\\u015fana va sus\\u0163ine un spectacol la Podgorica \\u00een cinstea Zilei Na\\u0163ionale a Romaniei. Ansamblul va prezenta spectacolul \\u201eS\\u0103 s\\u0103rb\\u0103torim rom\\u00e2ne\\u015fte\\u201d, care se desf\\u0103\\u015foar\\u0103 luni, 8 decembrie 2014, la sala teatrului din Podgorica. Din echipa\",\"inLanguage\":\"hu-HU\",\"isPartOf\":{\"@id\":\"https:\\\/\\\/www.teatrulreginamaria.ro\\\/hu\\\/#website\"},\"breadcrumb\":{\"@id\":\"https:\\\/\\\/www.teatrulreginamaria.ro\\\/hu\\\/ansamblul-crisana-in-muntenegru\\\/#breadcrumblist\"},\"author\":{\"@id\":\"https:\\\/\\\/www.teatrulreginamaria.ro\\\/hu\\\/author\\\/iulianm\\\/#author\"},\"creator\":{\"@id\":\"https:\\\/\\\/www.teatrulreginamaria.ro\\\/hu\\\/author\\\/iulianm\\\/#author\"},\"datePublished\":\"2014-12-08T11:13:30+02:00\",\"dateModified\":\"2014-12-08T11:13:30+02:00\"},{\"@type\":\"WebSite\",\"@id\":\"https:\\\/\\\/www.teatrulreginamaria.ro\\\/hu\\\/#website\",\"url\":\"https:\\\/\\\/www.teatrulreginamaria.ro\\\/hu\\\/\",\"name\":\"Teatrul Regina Maria Oradea\",\"alternateName\":\"TRM Oradea\",\"description\":\"Trupa Iosif Vulcan \\u0219i Trupa Arcadia\",\"inLanguage\":\"hu-HU\",\"publisher\":{\"@id\":\"https:\\\/\\\/www.teatrulreginamaria.ro\\\/hu\\\/#organization\"}}]}\n\t\t<\/script>\n\t\t<!-- All in One SEO Pro -->\r\n\t\t<title>ANSAMBLUL CRI\u0218ANA \u00ceN MUNTENEGRU - Teatrul Regina Maria Oradea<\/title>\n\n","aioseo_head_json":{"title":"A CRI\u0218ANA ENEMBLE MONTENEGROBAN - Regina Maria Sz\u00ednh\u00e1z Nagyv\u00e1radi","description":"A Regina Maria Sz\u00ednh\u00e1z bejelenti a Cri\u015fana Professzion\u00e1lis M\u0171v\u00e9szeti Egy\u00fcttes montenegr\u00f3i l\u00e1togat\u00e1s\u00e1t. A montenegr\u00f3i Rom\u00e1n Nagyk\u00f6vets\u00e9g megh\u00edv\u00e1s\u00e1ra a Cri\u015fana Professzion\u00e1lis M\u0171v\u00e9szeti Egy\u00fcttes Podgoric\u00e1ban l\u00e9p fel Rom\u00e1nia nemzeti \u00fcnnepe alkalm\u00e1b\u00f3l. Az egy\u00fcttes bemutatja az &quot;\u00dcnnepelj\u00fck Rom\u00e1ni\u00e1t&quot; c\u00edm\u0171 el\u0151ad\u00e1st, amelyre 2014. december 8-\u00e1n, h\u00e9tf\u0151n ker\u00fcl sor a podgoricai sz\u00ednh\u00e1zteremben. A csapatt\u00f3l","canonical_url":"https:\/\/www.teatrulreginamaria.ro\/hu\/ansamblul-crisana-in-muntenegru\/","robots":"max-image-preview:large","keywords":"","webmasterTools":{"miscellaneous":""},"schema":{"@context":"https:\/\/schema.org","@graph":[{"@type":"BlogPosting","@id":"https:\/\/www.teatrulreginamaria.ro\/hu\/ansamblul-crisana-in-muntenegru\/#blogposting","name":"ANSAMBLUL CRI\u0218ANA \u00ceN MUNTENEGRU - Teatrul Regina Maria Oradea","headline":"ANSAMBLUL CRI\u0218ANA \u00ceN MUNTENEGRU","author":{"@id":"https:\/\/www.teatrulreginamaria.ro\/hu\/author\/iulianm\/#author"},"publisher":{"@id":"https:\/\/www.teatrulreginamaria.ro\/hu\/#organization"},"image":{"@type":"ImageObject","url":"https:\/\/www.teatrulreginamaria.ro\/wp-content\/uploads\/2025\/06\/logo-trm-01-dark.png","@id":"https:\/\/www.teatrulreginamaria.ro\/hu\/#articleImage","width":300,"height":148},"datePublished":"2014-12-08T11:13:30+02:00","dateModified":"2014-12-08T11:13:30+02:00","inLanguage":"hu-HU","mainEntityOfPage":{"@id":"https:\/\/www.teatrulreginamaria.ro\/hu\/ansamblul-crisana-in-muntenegru\/#webpage"},"isPartOf":{"@id":"https:\/\/www.teatrulreginamaria.ro\/hu\/ansamblul-crisana-in-muntenegru\/#webpage"},"articleSection":"Nout\u0103\u021bi - Ansamblul Cri\u0219ana"},{"@type":"BreadcrumbList","@id":"https:\/\/www.teatrulreginamaria.ro\/hu\/ansamblul-crisana-in-muntenegru\/#breadcrumblist","itemListElement":[{"@type":"ListItem","@id":"https:\/\/www.teatrulreginamaria.ro\/hu#listItem","position":1,"name":"Home","item":"https:\/\/www.teatrulreginamaria.ro\/hu","nextItem":{"@type":"ListItem","@id":"https:\/\/www.teatrulreginamaria.ro\/hu\/categorie\/noutati\/#listItem","name":"Nout\u0103\u021bi"}},{"@type":"ListItem","@id":"https:\/\/www.teatrulreginamaria.ro\/hu\/categorie\/noutati\/#listItem","position":2,"name":"Nout\u0103\u021bi","item":"https:\/\/www.teatrulreginamaria.ro\/hu\/categorie\/noutati\/","nextItem":{"@type":"ListItem","@id":"https:\/\/www.teatrulreginamaria.ro\/hu\/categorie\/noutati\/noutati-ansamblul-crisana\/#listItem","name":"Nout\u0103\u021bi - Ansamblul Cri\u0219ana"},"previousItem":{"@type":"ListItem","@id":"https:\/\/www.teatrulreginamaria.ro\/hu#listItem","name":"Home"}},{"@type":"ListItem","@id":"https:\/\/www.teatrulreginamaria.ro\/hu\/categorie\/noutati\/noutati-ansamblul-crisana\/#listItem","position":3,"name":"Nout\u0103\u021bi - Ansamblul Cri\u0219ana","item":"https:\/\/www.teatrulreginamaria.ro\/hu\/categorie\/noutati\/noutati-ansamblul-crisana\/","nextItem":{"@type":"ListItem","@id":"https:\/\/www.teatrulreginamaria.ro\/hu\/ansamblul-crisana-in-muntenegru\/#listItem","name":"ANSAMBLUL CRI\u0218ANA \u00ceN MUNTENEGRU"},"previousItem":{"@type":"ListItem","@id":"https:\/\/www.teatrulreginamaria.ro\/hu\/categorie\/noutati\/#listItem","name":"Nout\u0103\u021bi"}},{"@type":"ListItem","@id":"https:\/\/www.teatrulreginamaria.ro\/hu\/ansamblul-crisana-in-muntenegru\/#listItem","position":4,"name":"ANSAMBLUL CRI\u0218ANA \u00ceN MUNTENEGRU","previousItem":{"@type":"ListItem","@id":"https:\/\/www.teatrulreginamaria.ro\/hu\/categorie\/noutati\/noutati-ansamblul-crisana\/#listItem","name":"Nout\u0103\u021bi - Ansamblul Cri\u0219ana"}}]},{"@type":"Organization","@id":"https:\/\/www.teatrulreginamaria.ro\/hu\/#organization","name":"Teatrul Regina Maria Oradea","description":"Trupa Iosif Vulcan \u0219i Trupa Arcadia","url":"https:\/\/www.teatrulreginamaria.ro\/hu\/","email":"marketing@teatrulreginamaria.ro","telephone":"+40359411534","numberOfEmployees":{"@type":"QuantitativeValue","minValue":0,"maxValue":150},"logo":{"@type":"ImageObject","url":"https:\/\/www.teatrulreginamaria.ro\/wp-content\/uploads\/2025\/06\/logo-trm-01-dark.png","@id":"https:\/\/www.teatrulreginamaria.ro\/hu\/ansamblul-crisana-in-muntenegru\/#organizationLogo","width":300,"height":148},"image":{"@id":"https:\/\/www.teatrulreginamaria.ro\/hu\/ansamblul-crisana-in-muntenegru\/#organizationLogo"},"sameAs":["https:\/\/www.facebook.com\/TRMTrupaIosifVulcan\/","https:\/\/x.com\/TRMOradea","https:\/\/www.instagram.com\/teatrul_regina_maria\/","https:\/\/www.youtube.com\/c\/TeatrulReginaMariaOradea","https:\/\/www.linkedin.com\/company\/teatrul-regina-maria"]},{"@type":"Person","@id":"https:\/\/www.teatrulreginamaria.ro\/hu\/author\/iulianm\/#author","url":"https:\/\/www.teatrulreginamaria.ro\/hu\/author\/iulianm\/","name":"Teatrul Regina Maria","image":{"@type":"ImageObject","@id":"https:\/\/www.teatrulreginamaria.ro\/hu\/ansamblul-crisana-in-muntenegru\/#authorImage","url":"https:\/\/secure.gravatar.com\/avatar\/49af75bc1b3eb710073d2f37927ea27e6c274a29562ef49edfc6bcf11b9e941d?s=96&d=mm&r=g","width":96,"height":96,"caption":"Teatrul Regina Maria"}},{"@type":"WebPage","@id":"https:\/\/www.teatrulreginamaria.ro\/hu\/ansamblul-crisana-in-muntenegru\/#webpage","url":"https:\/\/www.teatrulreginamaria.ro\/hu\/ansamblul-crisana-in-muntenegru\/","name":"ANSAMBLUL CRI\u0218ANA \u00ceN MUNTENEGRU - Teatrul Regina Maria Oradea","description":"Teatrul Regina Maria anun\u0163\u0103 deplasarea \u00een Muntenegru a Ansamblului Artistic Profesionist Cri\u015fana. La invita\u0163ia Ambasadei Rom\u00e2niei din Muntenegru, Ansamblul Artistic Profesionist Cri\u015fana va sus\u0163ine un spectacol la Podgorica \u00een cinstea Zilei Na\u0163ionale a Romaniei. Ansamblul va prezenta spectacolul \u201eS\u0103 s\u0103rb\u0103torim rom\u00e2ne\u015fte\u201d, care se desf\u0103\u015foar\u0103 luni, 8 decembrie 2014, la sala teatrului din Podgorica. Din echipa","inLanguage":"hu-HU","isPartOf":{"@id":"https:\/\/www.teatrulreginamaria.ro\/hu\/#website"},"breadcrumb":{"@id":"https:\/\/www.teatrulreginamaria.ro\/hu\/ansamblul-crisana-in-muntenegru\/#breadcrumblist"},"author":{"@id":"https:\/\/www.teatrulreginamaria.ro\/hu\/author\/iulianm\/#author"},"creator":{"@id":"https:\/\/www.teatrulreginamaria.ro\/hu\/author\/iulianm\/#author"},"datePublished":"2014-12-08T11:13:30+02:00","dateModified":"2014-12-08T11:13:30+02:00"},{"@type":"WebSite","@id":"https:\/\/www.teatrulreginamaria.ro\/hu\/#website","url":"https:\/\/www.teatrulreginamaria.ro\/hu\/","name":"Teatrul Regina Maria Oradea","alternateName":"TRM Oradea","description":"Trupa Iosif Vulcan \u0219i Trupa Arcadia","inLanguage":"hu-HU","publisher":{"@id":"https:\/\/www.teatrulreginamaria.ro\/hu\/#organization"}}]},"og:locale":"hu_HU","og:site_name":"Teatrul Regina Maria Oradea - Trupa Iosif Vulcan \u0219i Trupa Arcadia","og:type":"article","og:title":"ANSAMBLUL CRI\u0218ANA \u00ceN MUNTENEGRU - Teatrul Regina Maria Oradea","og:description":"Teatrul Regina Maria anun\u0163\u0103 deplasarea \u00een Muntenegru a Ansamblului Artistic Profesionist Cri\u015fana. La invita\u0163ia Ambasadei Rom\u00e2niei din Muntenegru, Ansamblul Artistic Profesionist Cri\u015fana va sus\u0163ine un spectacol la Podgorica \u00een cinstea Zilei Na\u0163ionale a Romaniei. Ansamblul va prezenta spectacolul \u201eS\u0103 s\u0103rb\u0103torim rom\u00e2ne\u015fte\u201d, care se desf\u0103\u015foar\u0103 luni, 8 decembrie 2014, la sala teatrului din Podgorica. Din echipa","og:url":"https:\/\/www.teatrulreginamaria.ro\/hu\/ansamblul-crisana-in-muntenegru\/","og:image":"https:\/\/www.teatrulreginamaria.ro\/wp-content\/uploads\/2025\/03\/trm-istoric-01.jpg","og:image:secure_url":"https:\/\/www.teatrulreginamaria.ro\/wp-content\/uploads\/2025\/03\/trm-istoric-01.jpg","og:image:width":1200,"og:image:height":800,"article:published_time":"2014-12-08T11:13:30+00:00","article:modified_time":"2014-12-08T11:13:30+00:00","article:publisher":"https:\/\/www.facebook.com\/TRMTrupaIosifVulcan\/","twitter:card":"summary_large_image","twitter:site":"@TRMOradea","twitter:title":"ANSAMBLUL CRI\u0218ANA \u00ceN MUNTENEGRU - Teatrul Regina Maria Oradea","twitter:description":"Teatrul Regina Maria anun\u0163\u0103 deplasarea \u00een Muntenegru a Ansamblului Artistic Profesionist Cri\u015fana. La invita\u0163ia Ambasadei Rom\u00e2niei din Muntenegru, Ansamblul Artistic Profesionist Cri\u015fana va sus\u0163ine un spectacol la Podgorica \u00een cinstea Zilei Na\u0163ionale a Romaniei. Ansamblul va prezenta spectacolul \u201eS\u0103 s\u0103rb\u0103torim rom\u00e2ne\u015fte\u201d, care se desf\u0103\u015foar\u0103 luni, 8 decembrie 2014, la sala teatrului din Podgorica. Din echipa","twitter:creator":"@TRMOradea","twitter:image":"https:\/\/www.teatrulreginamaria.ro\/wp-content\/uploads\/2025\/03\/trm-istoric-01.jpg"},"aioseo_meta_data":{"post_id":"1364","title":null,"description":null,"keywords":null,"keyphrases":null,"primary_term":null,"canonical_url":null,"og_title":null,"og_description":null,"og_object_type":"default","og_image_type":"default","og_image_url":null,"og_image_width":null,"og_image_height":null,"og_image_custom_url":null,"og_image_custom_fields":null,"og_video":null,"og_custom_url":null,"og_article_section":null,"og_article_tags":null,"twitter_use_og":false,"twitter_card":"default","twitter_image_type":"default","twitter_image_url":null,"twitter_image_custom_url":null,"twitter_image_custom_fields":null,"twitter_title":null,"twitter_description":null,"schema":{"blockGraphs":[],"customGraphs":[],"default":{"data":{"Article":[],"Course":[],"Dataset":[],"FAQPage":[],"Movie":[],"Person":[],"Product":[],"ProductReview":[],"Car":[],"Recipe":[],"Service":[],"SoftwareApplication":[],"WebPage":[]},"graphName":"","isEnabled":true},"graphs":[]},"schema_type":"default","schema_type_options":null,"pillar_content":false,"robots_default":true,"robots_noindex":false,"robots_noarchive":false,"robots_nosnippet":false,"robots_nofollow":false,"robots_noimageindex":false,"robots_noodp":false,"robots_notranslate":false,"robots_max_snippet":null,"robots_max_videopreview":null,"robots_max_imagepreview":"large","priority":null,"frequency":null,"local_seo":null,"seo_analyzer_scan_date":"2026-05-13 00:27:44","breadcrumb_settings":null,"limit_modified_date":false,"reviewed_by":null,"open_ai":null,"ai":null,"created":"2025-04-09 17:40:55","updated":"2026-05-13 00:27:44","focus_keyword":null,"additional_keywords":null,"truseo_locale":null},"aioseo_breadcrumb":"<div class=\"aioseo-breadcrumbs\"><span class=\"aioseo-breadcrumb\">\n\t<a href=\"https:\/\/www.teatrulreginamaria.ro\/hu\" title=\"Home\">Home<\/a>\n<\/span><span class=\"aioseo-breadcrumb-separator\">&raquo;<\/span><span class=\"aioseo-breadcrumb\">\n\t<a href=\"https:\/\/www.teatrulreginamaria.ro\/hu\/categorie\/noutati\/\" title=\"Nout\u0103\u021bi\">Nout\u0103\u021bi<\/a>\n<\/span><span class=\"aioseo-breadcrumb-separator\">&raquo;<\/span><span class=\"aioseo-breadcrumb\">\n\t<a href=\"https:\/\/www.teatrulreginamaria.ro\/hu\/categorie\/noutati\/noutati-ansamblul-crisana\/\" title=\"Nout\u0103\u021bi - Ansamblul Cri\u0219ana\">Nout\u0103\u021bi - Ansamblul Cri\u0219ana<\/a>\n<\/span><span class=\"aioseo-breadcrumb-separator\">&raquo;<\/span><span class=\"aioseo-breadcrumb\">\n\tANSAMBLUL CRI\u0218ANA \u00ceN MUNTENEGRU\n<\/span><\/div>","aioseo_breadcrumb_json":[{"label":"Home","link":"https:\/\/www.teatrulreginamaria.ro\/hu"},{"label":"Nout\u0103\u021bi","link":"https:\/\/www.teatrulreginamaria.ro\/hu\/categorie\/noutati\/"},{"label":"Nout\u0103\u021bi - Ansamblul Cri\u0219ana","link":"https:\/\/www.teatrulreginamaria.ro\/hu\/categorie\/noutati\/noutati-ansamblul-crisana\/"},{"label":"ANSAMBLUL CRI\u0218ANA \u00ceN MUNTENEGRU","link":"https:\/\/www.teatrulreginamaria.ro\/hu\/ansamblul-crisana-in-muntenegru\/"}],"acf":[],"_links":{"self":[{"href":"https:\/\/www.teatrulreginamaria.ro\/hu\/wp-json\/wp\/v2\/posts\/1364","targetHints":{"allow":["GET"]}}],"collection":[{"href":"https:\/\/www.teatrulreginamaria.ro\/hu\/wp-json\/wp\/v2\/posts"}],"about":[{"href":"https:\/\/www.teatrulreginamaria.ro\/hu\/wp-json\/wp\/v2\/types\/post"}],"author":[{"embeddable":true,"href":"https:\/\/www.teatrulreginamaria.ro\/hu\/wp-json\/wp\/v2\/users\/1"}],"replies":[{"embeddable":true,"href":"https:\/\/www.teatrulreginamaria.ro\/hu\/wp-json\/wp\/v2\/comments?post=1364"}],"version-history":[{"count":0,"href":"https:\/\/www.teatrulreginamaria.ro\/hu\/wp-json\/wp\/v2\/posts\/1364\/revisions"}],"wp:attachment":[{"href":"https:\/\/www.teatrulreginamaria.ro\/hu\/wp-json\/wp\/v2\/media?parent=1364"}],"wp:term":[{"taxonomy":"category","embeddable":true,"href":"https:\/\/www.teatrulreginamaria.ro\/hu\/wp-json\/wp\/v2\/categories?post=1364"},{"taxonomy":"post_tag","embeddable":true,"href":"https:\/\/www.teatrulreginamaria.ro\/hu\/wp-json\/wp\/v2\/tags?post=1364"}],"curies":[{"name":"munkaf\u00fczet","href":"https:\/\/api.w.org\/{rel}","templated":true}]}}