{"id":13642,"date":"2025-09-01T14:10:18","date_gmt":"2025-09-01T11:10:18","guid":{"rendered":"https:\/\/www.teatrulreginamaria.ro\/?p=13642"},"modified":"2025-09-01T14:10:21","modified_gmt":"2025-09-01T11:10:21","slug":"uj-evad-nagyszabasu-projektekkel-az-arcadia-trm-zenekar-szamara","status":"publish","type":"post","link":"https:\/\/www.teatrulreginamaria.ro\/hu\/o-noua-stagiune-cu-proiecte-de-anvergura-la-trupa-arcadia-trm\/","title":{"rendered":"\u00daj \u00e9vad nagyszab\u00e1s\u00fa projektekkel az Arcadia Tr\u00f3pe-n\u00e1l \u2013 TRM"},"content":{"rendered":"<p class=\"wp-block-paragraph\"><strong>A Regina Maria Sz\u00ednh\u00e1z Arcadia t\u00e1rsulata figyelemre m\u00e9lt\u00f3 t\u00f6rt\u00e9netekkel k\u00e9sz\u00fcl a nagyv\u00e1radi fiatal n\u00e9z\u0151k sz\u00e1m\u00e1ra az \u00faj \u00e9vadban. Ezeket d\u00edjnyertes rendez\u0151k \u00e1ll\u00edtj\u00e1k sz\u00ednpadra, akik lelkesed\u00e9ssel t\u00e9rnek vissza Nagyv\u00e1radra, miut\u00e1n m\u00e1r kor\u00e1bban is sikeres el\u0151ad\u00e1sokat mutattak be a t\u00e1rsulat reperto\u00e1rj\u00e1ban.<\/strong><\/p>\n\n\n\n<!--more-->\n\n\n\n<p class=\"wp-block-paragraph\">Az Arcadia T\u00e1rsulat idei els\u0151 projektj\u00e9nek pr\u00f3b\u00e1i m\u00e1r elkezd\u0151dtek, a m\u0171sor premierje szeptember 27-\u00e9n lesz az Arcadia Hallban: <strong>&quot;Gy\u0171sz\u0171&quot;<\/strong> Hans Christian Andersen nyom\u00e1n. Az el\u0151ad\u00e1s dramatiz\u00e1l\u00e1s\u00e1t, dalsz\u00f6vegeit \u00e9s rendez\u00e9s\u00e9t Toma Hogea \u00edrta, aki m\u00e1sodszor m\u0171k\u00f6dik egy\u00fctt a nagyv\u00e1radi sz\u00ednh\u00e1zzal, miut\u00e1n a m\u00falt \u00e9vadban bemutatta Al.T. Popescu &quot;Napsug\u00e1r&quot; c\u00edm\u0171 sz\u00f6veg\u00e9t. A zen\u00e9t Cari Tibor szerezte, a koreogr\u00e1fi\u00e1t Dimenyi Levente, a d\u00edszletet Csuri Emese, a b\u00e1bokat pedig R\u0103zvan Chendrean alkotta.&nbsp;<\/p>\n\n\n\n<p class=\"wp-block-paragraph\">Hogea Toma, a hazai \u00e9s nemzetk\u00f6zi d\u00edjak leny\u0171g\u00f6z\u0151 list\u00e1j\u00e1n szerepl\u0151 rendez\u0151, a b\u00e1bm\u0171v\u00e9szetr\u0151l \u00e9s azon t\u00falmutat\u00f3 alapvet\u0151 k\u00f6tetek szerz\u0151je, egy \u00e9leter\u0151vel \u00e9s frissess\u00e9ggel teli, variet\u00e9szer\u0171 produkci\u00f3t k\u00edn\u00e1l. A rendez\u0151 \u00faj, \u00e9l\u00e9nk \u00e9s modern f\u00e9nyben hozza el\u0151t\u00e9rbe az egyik legkedveltebb gyermekklasszikust, egy olyan el\u0151ad\u00e1sban, amely minden koroszt\u00e1lyt leny\u0171g\u00f6z.&nbsp;<\/p>\n\n\n\n<p class=\"wp-block-paragraph\">Novemberben Nagyv\u00e1rad legfiatalabb n\u00e9z\u0151i ismerhetik meg kalandjait. <strong>&quot;Chipi, ez az \u00f3ri\u00e1si t\u00f6rpe&quot;<\/strong>Fodor \u0218andor t\u00f6rt\u00e9net\u00e9t Iulian Bulancea rendez\u0151 dramatiz\u00e1lta \u00e9s sz\u00ednpadra \u00e1ll\u00edtotta, aki negyedik egy\u00fcttm\u0171k\u00f6d\u00e9s\u00e9t jelenti az Arcadia T\u00e1rsulattal. Az el\u0151ad\u00e1s \u00e9rz\u00e9kenys\u00e9ggel \u00e9s humorral t\u00e1rja fel a b\u00e1tors\u00e1g t\u00e9m\u00e1j\u00e1t, bemutatva, hogyan k\u00e9pes az intelligencia, a bar\u00e1ts\u00e1g \u00e9s a kedvess\u00e9g egy l\u00e1tsz\u00f3lag t\u00f6r\u00e9keny karaktert igazi h\u0151ss\u00e9 v\u00e1ltoztatni. Ez egy meghat\u00f3 \u00e9s fant\u00e1ziad\u00fas t\u00f6rt\u00e9net, amely mind a 4 \u00e9v feletti gyermekeknek, mind sz\u00fcleiknek sz\u00f3l.<\/p>\n\n\n\n<p class=\"wp-block-paragraph\">Decemberben ker\u00fcl megrendez\u00e9sre az Arcadia t\u00e1rsulat reperto\u00e1rj\u00e1nak els\u0151 egyszem\u00e9lyes el\u0151ad\u00e1sa. A j\u00e1szv\u00e1s\u00e1ri &quot;George Enescu&quot; Nemzeti M\u0171v\u00e9szeti Egyetemmel egy\u00fcttm\u0171k\u00f6dve k\u00e9sz\u00fclt el\u0151ad\u00e1s... <strong>&quot;A k\u00e9k mad\u00e1r&quot;<\/strong> Maurice Maeterlinck rendez\u00e9s\u00e9ben a programot Ciprian Hu\u021banu igazgat\u00f3, a rangos oktat\u00e1si int\u00e9zm\u00e9ny professzora koordin\u00e1lja. Ciprian Hu\u021banu harmadszor t\u00e9r vissza Nagyv\u00e1radra, meger\u0151s\u00edtve az egy\u00fcttm\u0171k\u00f6d\u00e9st az Arcadia T\u00e1rsulat csapat\u00e1val, miut\u00e1n k\u00e9t workshopot koordin\u00e1lt, valamint megval\u00f3s\u00edtotta a &quot;A bremeni zen\u00e9szek&quot; \u00e9s az &quot;\u00d6nz\u0151 \u00f3ri\u00e1s&quot; projekteket.&nbsp;<\/p>\n\n\n\n<p class=\"wp-block-paragraph\">Az \u201e\u00d6nz\u0151 \u00f3ri\u00e1s\u201d c\u00edm\u0171 produkci\u00f3 sikere a nagyv\u00e1radi sz\u00ednh\u00e1z hat\u00e1rain k\u00edv\u00fcl is folytat\u00f3dik. Miut\u00e1n a produkci\u00f3t j\u00faniusban bev\u00e1logatt\u00e1k a kolozsv\u00e1ri Puck Nemzetk\u00f6zi Sz\u00ednh\u00e1zi Fesztiv\u00e1l 21. kiad\u00e1s\u00e1ba, a 2025\u20132026-os \u00e9vad kezdete k\u00e9t megh\u00edv\u00e1st is hoz az el\u0151ad\u00e1sra: a temesv\u00e1ri \u201eMerlin p\u00e1lc\u00e1ja alatt\u201d Nemzetk\u00f6zi Anim\u00e1ci\u00f3s Fesztiv\u00e1lra \u00e9s a moldovai Kisjen\u0151be, a \u201eSzentj\u00e1nosbogarak \u2013 80\u201d c\u00edm\u0171 Nemzetk\u00f6zi B\u00e1bsz\u00ednh\u00e1zi G\u00e1l\u00e1ra.<\/p>\n\n\n\n<h2 class=\"wp-block-heading\">&nbsp;<strong>&quot;Tavaszi \u00c9bred\u00e9s Fesztiv\u00e1l&quot;<\/strong><\/h2>\n\n\n\n<p class=\"wp-block-paragraph\">A 2025-\u00f6s \u00e9vet egy fiatal k\u00f6z\u00f6ns\u00e9gnek, gyerekeknek \u00e9s tin\u00e9dzsereknek egyar\u00e1nt szentelt fesztiv\u00e1l z\u00e1rja, amely december 11. \u00e9s 16. k\u00f6z\u00f6tt ker\u00fcl megrendez\u00e9sre. A rendezv\u00e9nyt a Regina Maria Sz\u00ednh\u00e1z mindk\u00e9t t\u00e1rsulata szervezi, \u00e9s az orsz\u00e1g minden t\u00e1j\u00e1r\u00f3l megh\u00edvott el\u0151ad\u00e1sok mellett a darab premierj\u00e9t is mag\u00e1ban foglalja. <strong>&quot;Tavaszi \u00e9bred\u00e9s&quot;<\/strong>, egy olyan produkci\u00f3, amely a TRM Teens programban r\u00e9szt vev\u0151 fiatal tizen\u00e9ves sz\u00edn\u00e9szekkel egy\u00fcttm\u0171k\u00f6dve k\u00e9sz\u00fclt, \u00e9s az \u00e9vad sor\u00e1n az Iosif Vulcan T\u00e1rsulat sz\u00edn\u00e9szeivel k\u00e9sz\u00fclt. Az el\u0151ad\u00e1s Bobi Pricop rendez\u0151i k\u00e9zjegy\u00e9t viseli, \u00e9s Frank Wedekind eredeti sz\u00f6veg\u00e9nek adapt\u00e1ci\u00f3ja. A fesztiv\u00e1l ideje alatt az Arcadia T\u00e1rsulat k\u00f6z\u00f6ns\u00e9ge Rom\u00e1nia legfontosabb anim\u00e1ci\u00f3s sz\u00ednh\u00e1zainak vend\u00e9gprodukci\u00f3it \u00e9lvezheti.<br><br>Addig is a gyerekeket \u00e9s a sz\u00fcl\u0151ket szeretettel v\u00e1rjuk a szeptemberi program r\u00e9sz\u00e9t k\u00e9pez\u0151 el\u0151ad\u00e1sokra, bele\u00e9rtve a &quot;Dege\u021bica&quot; premierj\u00e9t is, amelyre jegyeket a Regina Maria Sz\u00ednh\u00e1z weboldal\u00e1n v\u00e1s\u00e1rolhatnak: <a href=\"http:\/\/www.teatrulreginamaria.ro\/hu\/program\/\">www.teatrulreginamaria.ro\/program<\/a>.\u00a0<\/p>\n\n\n\n<figure class=\"wp-block-gallery has-nested-images columns-default is-cropped wp-block-gallery-1 is-layout-flex wp-block-gallery-is-layout-flex\">\n<figure class=\"wp-block-image size-large\"><img loading=\"lazy\" decoding=\"async\" width=\"731\" height=\"1024\" data-id=\"13644\" src=\"https:\/\/www.teatrulreginamaria.ro\/wp-content\/uploads\/2025\/09\/AFIS-SEPTEMBRIE-2025-ARCADIA-MIC-731x1024.jpg\" alt=\"\" class=\"wp-image-13644\" srcset=\"https:\/\/www.teatrulreginamaria.ro\/wp-content\/uploads\/2025\/09\/AFIS-SEPTEMBRIE-2025-ARCADIA-MIC-731x1024.jpg 731w, https:\/\/www.teatrulreginamaria.ro\/wp-content\/uploads\/2025\/09\/AFIS-SEPTEMBRIE-2025-ARCADIA-MIC-214x300.jpg 214w, https:\/\/www.teatrulreginamaria.ro\/wp-content\/uploads\/2025\/09\/AFIS-SEPTEMBRIE-2025-ARCADIA-MIC-768x1075.jpg 768w, https:\/\/www.teatrulreginamaria.ro\/wp-content\/uploads\/2025\/09\/AFIS-SEPTEMBRIE-2025-ARCADIA-MIC-1097x1536.jpg 1097w, https:\/\/www.teatrulreginamaria.ro\/wp-content\/uploads\/2025\/09\/AFIS-SEPTEMBRIE-2025-ARCADIA-MIC-1463x2048.jpg 1463w, https:\/\/www.teatrulreginamaria.ro\/wp-content\/uploads\/2025\/09\/AFIS-SEPTEMBRIE-2025-ARCADIA-MIC-9x12.jpg 9w, https:\/\/www.teatrulreginamaria.ro\/wp-content\/uploads\/2025\/09\/AFIS-SEPTEMBRIE-2025-ARCADIA-MIC.jpg 1500w\" sizes=\"(max-width: 731px) 100vw, 731px\" \/><figcaption class=\"wp-element-caption\"># k\u00e9p_c\u00edme<\/figcaption><\/figure>\n\n\n\n<figure class=\"wp-block-image size-large\"><img loading=\"lazy\" decoding=\"async\" width=\"640\" height=\"816\" data-id=\"13643\" src=\"https:\/\/www.teatrulreginamaria.ro\/wp-content\/uploads\/2025\/09\/Iulian-Bulancea.jpg\" alt=\"\" class=\"wp-image-13643\" srcset=\"https:\/\/www.teatrulreginamaria.ro\/wp-content\/uploads\/2025\/09\/Iulian-Bulancea.jpg 640w, https:\/\/www.teatrulreginamaria.ro\/wp-content\/uploads\/2025\/09\/Iulian-Bulancea-235x300.jpg 235w, https:\/\/www.teatrulreginamaria.ro\/wp-content\/uploads\/2025\/09\/Iulian-Bulancea-9x12.jpg 9w\" sizes=\"(max-width: 640px) 100vw, 640px\" \/><figcaption class=\"wp-element-caption\"># k\u00e9p_c\u00edme<\/figcaption><\/figure>\n\n\n<\/figure>\n\n\n\n<p class=\"wp-block-paragraph\"><\/p>","protected":false},"excerpt":{"rendered":"<p>A Regina Maria Sz\u00ednh\u00e1z Arcadia t\u00e1rsulata figyelemre m\u00e9lt\u00f3 t\u00f6rt\u00e9netekkel k\u00e9sz\u00fcl a nagyv\u00e1radi fiatal n\u00e9z\u0151k sz\u00e1m\u00e1ra az \u00faj \u00e9vadban. Ezeket d\u00edjnyertes rendez\u0151k \u00e1ll\u00edtj\u00e1k sz\u00ednpadra, akik lelkesed\u00e9ssel t\u00e9rnek vissza Nagyv\u00e1radra, miut\u00e1n m\u00e1r kor\u00e1bban is sikeres el\u0151ad\u00e1sokat mutattak be a t\u00e1rsulat reperto\u00e1rj\u00e1ban.<\/p>","protected":false},"author":8,"featured_media":13644,"comment_status":"closed","ping_status":"closed","sticky":false,"template":"","format":"standard","meta":{"_acf_changed":false,"footnotes":""},"categories":[41,37],"tags":[],"class_list":["post-13642","post","type-post","status-publish","format-standard","has-post-thumbnail","hentry","category-noutati","category-noutati-trupa-arcadia"],"aioseo_notices":[],"aioseo_head":"\n\t\t<!-- All in One SEO Pro 5.0.1.1 - aioseo.com -->\n\t<meta name=\"description\" content=\"Trupa Arcadia a Teatrului Regina Maria preg\u0103te\u0219te \u00een noua stagiune pove\u0219ti remarcabile pentru micii spectatori or\u0103deni. Acestea vor fi puse \u00een scen\u0103 de c\u0103tre regizori premia\u021bi, care revin cu entuziasm la Oradea, dup\u0103 ce au montat deja \u0219i alte spectacole de succes \u00een repertoriul trupei. Repeti\u021biile pentru primul proiect al Trupei Arcadia din aceast\u0103 stagiune\" \/>\n\t<meta name=\"robots\" content=\"max-image-preview:large\" \/>\n\t<meta name=\"author\" content=\"Ramona Neme\u0219\"\/>\n\t<link rel=\"canonical\" href=\"https:\/\/www.teatrulreginamaria.ro\/hu\/o-noua-stagiune-cu-proiecte-de-anvergura-la-trupa-arcadia-trm\/\" \/>\n\t<meta name=\"generator\" content=\"All in One SEO Pro (AIOSEO) 5.0.1.1\" \/>\n\t\t<meta property=\"og:locale\" content=\"hu_HU\" \/>\n\t\t<meta property=\"og:site_name\" content=\"Teatrul Regina Maria Oradea - Trupa Iosif Vulcan \u0219i Trupa Arcadia\" \/>\n\t\t<meta property=\"og:type\" content=\"article\" \/>\n\t\t<meta property=\"og:title\" content=\"O nou\u0103 stagiune cu proiecte de anvergur\u0103 la Trupa Arcadia \u2013 TRM - Teatrul Regina Maria Oradea\" \/>\n\t\t<meta property=\"og:description\" content=\"Trupa Arcadia a Teatrului Regina Maria preg\u0103te\u0219te \u00een noua stagiune pove\u0219ti remarcabile pentru micii spectatori or\u0103deni. Acestea vor fi puse \u00een scen\u0103 de c\u0103tre regizori premia\u021bi, care revin cu entuziasm la Oradea, dup\u0103 ce au montat deja \u0219i alte spectacole de succes \u00een repertoriul trupei. Repeti\u021biile pentru primul proiect al Trupei Arcadia din aceast\u0103 stagiune\" \/>\n\t\t<meta property=\"og:url\" content=\"https:\/\/www.teatrulreginamaria.ro\/hu\/o-noua-stagiune-cu-proiecte-de-anvergura-la-trupa-arcadia-trm\/\" \/>\n\t\t<meta property=\"og:image\" content=\"https:\/\/www.teatrulreginamaria.ro\/wp-content\/uploads\/2025\/03\/trm-istoric-01.jpg\" \/>\n\t\t<meta property=\"og:image:secure_url\" content=\"https:\/\/www.teatrulreginamaria.ro\/wp-content\/uploads\/2025\/03\/trm-istoric-01.jpg\" \/>\n\t\t<meta property=\"og:image:width\" content=\"1200\" \/>\n\t\t<meta property=\"og:image:height\" content=\"800\" \/>\n\t\t<meta property=\"article:published_time\" content=\"2025-09-01T11:10:18+00:00\" \/>\n\t\t<meta property=\"article:modified_time\" content=\"2025-09-01T11:10:21+00:00\" \/>\n\t\t<meta property=\"article:publisher\" content=\"https:\/\/www.facebook.com\/TRMTrupaIosifVulcan\/\" \/>\n\t\t<meta name=\"twitter:card\" content=\"summary_large_image\" \/>\n\t\t<meta name=\"twitter:site\" content=\"@TRMOradea\" \/>\n\t\t<meta name=\"twitter:title\" content=\"O nou\u0103 stagiune cu proiecte de anvergur\u0103 la Trupa Arcadia \u2013 TRM - Teatrul Regina Maria Oradea\" \/>\n\t\t<meta name=\"twitter:description\" content=\"Trupa Arcadia a Teatrului Regina Maria preg\u0103te\u0219te \u00een noua stagiune pove\u0219ti remarcabile pentru micii spectatori or\u0103deni. Acestea vor fi puse \u00een scen\u0103 de c\u0103tre regizori premia\u021bi, care revin cu entuziasm la Oradea, dup\u0103 ce au montat deja \u0219i alte spectacole de succes \u00een repertoriul trupei. Repeti\u021biile pentru primul proiect al Trupei Arcadia din aceast\u0103 stagiune\" \/>\n\t\t<meta name=\"twitter:creator\" content=\"@TRMOradea\" \/>\n\t\t<meta name=\"twitter:image\" content=\"https:\/\/www.teatrulreginamaria.ro\/wp-content\/uploads\/2025\/03\/trm-istoric-01.jpg\" \/>\n\t\t<script type=\"application\/ld+json\" class=\"aioseo-schema\">\n\t\t\t{\"@context\":\"https:\\\/\\\/schema.org\",\"@graph\":[{\"@type\":\"BlogPosting\",\"@id\":\"https:\\\/\\\/www.teatrulreginamaria.ro\\\/hu\\\/o-noua-stagiune-cu-proiecte-de-anvergura-la-trupa-arcadia-trm\\\/#blogposting\",\"name\":\"O nou\\u0103 stagiune cu proiecte de anvergur\\u0103 la Trupa Arcadia \\u2013 TRM - Teatrul Regina Maria Oradea\",\"headline\":\"O nou\\u0103 stagiune cu proiecte de anvergur\\u0103 la Trupa Arcadia &#8211; TRM\",\"author\":{\"@id\":\"https:\\\/\\\/www.teatrulreginamaria.ro\\\/hu\\\/author\\\/ramona\\\/#author\"},\"publisher\":{\"@id\":\"https:\\\/\\\/www.teatrulreginamaria.ro\\\/hu\\\/#organization\"},\"image\":{\"@type\":\"ImageObject\",\"url\":\"https:\\\/\\\/www.teatrulreginamaria.ro\\\/wp-content\\\/uploads\\\/2025\\\/09\\\/AFIS-SEPTEMBRIE-2025-ARCADIA-MIC.jpg\",\"width\":1500,\"height\":2100},\"datePublished\":\"2025-09-01T14:10:18+03:00\",\"dateModified\":\"2025-09-01T14:10:21+03:00\",\"inLanguage\":\"hu-HU\",\"mainEntityOfPage\":{\"@id\":\"https:\\\/\\\/www.teatrulreginamaria.ro\\\/hu\\\/o-noua-stagiune-cu-proiecte-de-anvergura-la-trupa-arcadia-trm\\\/#webpage\"},\"isPartOf\":{\"@id\":\"https:\\\/\\\/www.teatrulreginamaria.ro\\\/hu\\\/o-noua-stagiune-cu-proiecte-de-anvergura-la-trupa-arcadia-trm\\\/#webpage\"},\"articleSection\":\"Nout\\u0103\\u021bi, Nout\\u0103\\u021bi - Trupa Arcadia\"},{\"@type\":\"BreadcrumbList\",\"@id\":\"https:\\\/\\\/www.teatrulreginamaria.ro\\\/hu\\\/o-noua-stagiune-cu-proiecte-de-anvergura-la-trupa-arcadia-trm\\\/#breadcrumblist\",\"itemListElement\":[{\"@type\":\"ListItem\",\"@id\":\"https:\\\/\\\/www.teatrulreginamaria.ro\\\/hu#listItem\",\"position\":1,\"name\":\"Home\",\"item\":\"https:\\\/\\\/www.teatrulreginamaria.ro\\\/hu\",\"nextItem\":{\"@type\":\"ListItem\",\"@id\":\"https:\\\/\\\/www.teatrulreginamaria.ro\\\/hu\\\/categorie\\\/noutati\\\/#listItem\",\"name\":\"Nout\\u0103\\u021bi\"}},{\"@type\":\"ListItem\",\"@id\":\"https:\\\/\\\/www.teatrulreginamaria.ro\\\/hu\\\/categorie\\\/noutati\\\/#listItem\",\"position\":2,\"name\":\"Nout\\u0103\\u021bi\",\"item\":\"https:\\\/\\\/www.teatrulreginamaria.ro\\\/hu\\\/categorie\\\/noutati\\\/\",\"nextItem\":{\"@type\":\"ListItem\",\"@id\":\"https:\\\/\\\/www.teatrulreginamaria.ro\\\/hu\\\/categorie\\\/noutati\\\/noutati-trupa-arcadia\\\/#listItem\",\"name\":\"Nout\\u0103\\u021bi - Trupa Arcadia\"},\"previousItem\":{\"@type\":\"ListItem\",\"@id\":\"https:\\\/\\\/www.teatrulreginamaria.ro\\\/hu#listItem\",\"name\":\"Home\"}},{\"@type\":\"ListItem\",\"@id\":\"https:\\\/\\\/www.teatrulreginamaria.ro\\\/hu\\\/categorie\\\/noutati\\\/noutati-trupa-arcadia\\\/#listItem\",\"position\":3,\"name\":\"Nout\\u0103\\u021bi - Trupa Arcadia\",\"item\":\"https:\\\/\\\/www.teatrulreginamaria.ro\\\/hu\\\/categorie\\\/noutati\\\/noutati-trupa-arcadia\\\/\",\"nextItem\":{\"@type\":\"ListItem\",\"@id\":\"https:\\\/\\\/www.teatrulreginamaria.ro\\\/hu\\\/o-noua-stagiune-cu-proiecte-de-anvergura-la-trupa-arcadia-trm\\\/#listItem\",\"name\":\"O nou\\u0103 stagiune cu proiecte de anvergur\\u0103 la Trupa Arcadia &#8211; TRM\"},\"previousItem\":{\"@type\":\"ListItem\",\"@id\":\"https:\\\/\\\/www.teatrulreginamaria.ro\\\/hu\\\/categorie\\\/noutati\\\/#listItem\",\"name\":\"Nout\\u0103\\u021bi\"}},{\"@type\":\"ListItem\",\"@id\":\"https:\\\/\\\/www.teatrulreginamaria.ro\\\/hu\\\/o-noua-stagiune-cu-proiecte-de-anvergura-la-trupa-arcadia-trm\\\/#listItem\",\"position\":4,\"name\":\"O nou\\u0103 stagiune cu proiecte de anvergur\\u0103 la Trupa Arcadia &#8211; TRM\",\"previousItem\":{\"@type\":\"ListItem\",\"@id\":\"https:\\\/\\\/www.teatrulreginamaria.ro\\\/hu\\\/categorie\\\/noutati\\\/noutati-trupa-arcadia\\\/#listItem\",\"name\":\"Nout\\u0103\\u021bi - Trupa Arcadia\"}}]},{\"@type\":\"Organization\",\"@id\":\"https:\\\/\\\/www.teatrulreginamaria.ro\\\/hu\\\/#organization\",\"name\":\"Teatrul Regina Maria Oradea\",\"description\":\"Trupa Iosif Vulcan \\u0219i Trupa Arcadia\",\"url\":\"https:\\\/\\\/www.teatrulreginamaria.ro\\\/hu\\\/\",\"email\":\"marketing@teatrulreginamaria.ro\",\"telephone\":\"+40359411534\",\"numberOfEmployees\":{\"@type\":\"QuantitativeValue\",\"minValue\":0,\"maxValue\":150},\"logo\":{\"@type\":\"ImageObject\",\"url\":\"https:\\\/\\\/www.teatrulreginamaria.ro\\\/wp-content\\\/uploads\\\/2025\\\/06\\\/logo-trm-01-dark.png\",\"@id\":\"https:\\\/\\\/www.teatrulreginamaria.ro\\\/hu\\\/o-noua-stagiune-cu-proiecte-de-anvergura-la-trupa-arcadia-trm\\\/#organizationLogo\",\"width\":300,\"height\":148},\"image\":{\"@id\":\"https:\\\/\\\/www.teatrulreginamaria.ro\\\/hu\\\/o-noua-stagiune-cu-proiecte-de-anvergura-la-trupa-arcadia-trm\\\/#organizationLogo\"},\"sameAs\":[\"https:\\\/\\\/www.facebook.com\\\/TRMTrupaIosifVulcan\\\/\",\"https:\\\/\\\/x.com\\\/TRMOradea\",\"https:\\\/\\\/www.instagram.com\\\/teatrul_regina_maria\\\/\",\"https:\\\/\\\/www.youtube.com\\\/c\\\/TeatrulReginaMariaOradea\",\"https:\\\/\\\/www.linkedin.com\\\/company\\\/teatrul-regina-maria\"]},{\"@type\":\"Person\",\"@id\":\"https:\\\/\\\/www.teatrulreginamaria.ro\\\/hu\\\/author\\\/ramona\\\/#author\",\"url\":\"https:\\\/\\\/www.teatrulreginamaria.ro\\\/hu\\\/author\\\/ramona\\\/\",\"name\":\"Ramona Neme\\u0219\",\"image\":{\"@type\":\"ImageObject\",\"@id\":\"https:\\\/\\\/www.teatrulreginamaria.ro\\\/hu\\\/o-noua-stagiune-cu-proiecte-de-anvergura-la-trupa-arcadia-trm\\\/#authorImage\",\"url\":\"https:\\\/\\\/www.teatrulreginamaria.ro\\\/wp-content\\\/uploads\\\/2025\\\/04\\\/ramona_nemes-sq-01.jpg\",\"width\":300,\"height\":300}},{\"@type\":\"WebPage\",\"@id\":\"https:\\\/\\\/www.teatrulreginamaria.ro\\\/hu\\\/o-noua-stagiune-cu-proiecte-de-anvergura-la-trupa-arcadia-trm\\\/#webpage\",\"url\":\"https:\\\/\\\/www.teatrulreginamaria.ro\\\/hu\\\/o-noua-stagiune-cu-proiecte-de-anvergura-la-trupa-arcadia-trm\\\/\",\"name\":\"O nou\\u0103 stagiune cu proiecte de anvergur\\u0103 la Trupa Arcadia \\u2013 TRM - Teatrul Regina Maria Oradea\",\"description\":\"Trupa Arcadia a Teatrului Regina Maria preg\\u0103te\\u0219te \\u00een noua stagiune pove\\u0219ti remarcabile pentru micii spectatori or\\u0103deni. Acestea vor fi puse \\u00een scen\\u0103 de c\\u0103tre regizori premia\\u021bi, care revin cu entuziasm la Oradea, dup\\u0103 ce au montat deja \\u0219i alte spectacole de succes \\u00een repertoriul trupei. Repeti\\u021biile pentru primul proiect al Trupei Arcadia din aceast\\u0103 stagiune\",\"inLanguage\":\"hu-HU\",\"isPartOf\":{\"@id\":\"https:\\\/\\\/www.teatrulreginamaria.ro\\\/hu\\\/#website\"},\"breadcrumb\":{\"@id\":\"https:\\\/\\\/www.teatrulreginamaria.ro\\\/hu\\\/o-noua-stagiune-cu-proiecte-de-anvergura-la-trupa-arcadia-trm\\\/#breadcrumblist\"},\"author\":{\"@id\":\"https:\\\/\\\/www.teatrulreginamaria.ro\\\/hu\\\/author\\\/ramona\\\/#author\"},\"creator\":{\"@id\":\"https:\\\/\\\/www.teatrulreginamaria.ro\\\/hu\\\/author\\\/ramona\\\/#author\"},\"image\":{\"@type\":\"ImageObject\",\"url\":\"https:\\\/\\\/www.teatrulreginamaria.ro\\\/wp-content\\\/uploads\\\/2025\\\/09\\\/AFIS-SEPTEMBRIE-2025-ARCADIA-MIC.jpg\",\"@id\":\"https:\\\/\\\/www.teatrulreginamaria.ro\\\/hu\\\/o-noua-stagiune-cu-proiecte-de-anvergura-la-trupa-arcadia-trm\\\/#mainImage\",\"width\":1500,\"height\":2100},\"primaryImageOfPage\":{\"@id\":\"https:\\\/\\\/www.teatrulreginamaria.ro\\\/hu\\\/o-noua-stagiune-cu-proiecte-de-anvergura-la-trupa-arcadia-trm\\\/#mainImage\"},\"datePublished\":\"2025-09-01T14:10:18+03:00\",\"dateModified\":\"2025-09-01T14:10:21+03:00\"},{\"@type\":\"WebSite\",\"@id\":\"https:\\\/\\\/www.teatrulreginamaria.ro\\\/hu\\\/#website\",\"url\":\"https:\\\/\\\/www.teatrulreginamaria.ro\\\/hu\\\/\",\"name\":\"Teatrul Regina Maria Oradea\",\"alternateName\":\"TRM Oradea\",\"description\":\"Trupa Iosif Vulcan \\u0219i Trupa Arcadia\",\"inLanguage\":\"hu-HU\",\"publisher\":{\"@id\":\"https:\\\/\\\/www.teatrulreginamaria.ro\\\/hu\\\/#organization\"}}]}\n\t\t<\/script>\n\t\t<!-- All in One SEO Pro -->\r\n\t\t<title>O nou\u0103 stagiune cu proiecte de anvergur\u0103 la Trupa Arcadia \u2013 TRM - Teatrul Regina Maria Oradea<\/title>\n\n","aioseo_head_json":{"title":"\u00daj \u00e9vad nagyszab\u00e1s\u00fa projektekkel az Arcadia T\u00e1rsulatn\u00e1l \u2013 TRM - Regina Maria Sz\u00ednh\u00e1z Nagyv\u00e1radon","description":"A Regina Maria Sz\u00ednh\u00e1z Arcadia t\u00e1rsulata figyelemre m\u00e9lt\u00f3 t\u00f6rt\u00e9netekkel k\u00e9sz\u00fcl a nagyv\u00e1radi fiatal n\u00e9z\u0151k sz\u00e1m\u00e1ra az \u00faj \u00e9vadban. Ezeket d\u00edjnyertes rendez\u0151k \u00e1ll\u00edtj\u00e1k sz\u00ednpadra, akik lelkesed\u00e9ssel t\u00e9rnek vissza Nagyv\u00e1radra, miut\u00e1n m\u00e1r kor\u00e1bban is sikeres el\u0151ad\u00e1sokat mutattak be a t\u00e1rsulat reperto\u00e1rj\u00e1ban. Pr\u00f3b\u00e1k az Arcadia T\u00e1rsulat els\u0151 projektj\u00e9re ebben az \u00e9vadban.","canonical_url":"https:\/\/www.teatrulreginamaria.ro\/hu\/o-noua-stagiune-cu-proiecte-de-anvergura-la-trupa-arcadia-trm\/","robots":"max-image-preview:large","keywords":"","webmasterTools":{"miscellaneous":""},"schema":{"@context":"https:\/\/schema.org","@graph":[{"@type":"BlogPosting","@id":"https:\/\/www.teatrulreginamaria.ro\/hu\/o-noua-stagiune-cu-proiecte-de-anvergura-la-trupa-arcadia-trm\/#blogposting","name":"O nou\u0103 stagiune cu proiecte de anvergur\u0103 la Trupa Arcadia \u2013 TRM - Teatrul Regina Maria Oradea","headline":"O nou\u0103 stagiune cu proiecte de anvergur\u0103 la Trupa Arcadia &#8211; TRM","author":{"@id":"https:\/\/www.teatrulreginamaria.ro\/hu\/author\/ramona\/#author"},"publisher":{"@id":"https:\/\/www.teatrulreginamaria.ro\/hu\/#organization"},"image":{"@type":"ImageObject","url":"https:\/\/www.teatrulreginamaria.ro\/wp-content\/uploads\/2025\/09\/AFIS-SEPTEMBRIE-2025-ARCADIA-MIC.jpg","width":1500,"height":2100},"datePublished":"2025-09-01T14:10:18+03:00","dateModified":"2025-09-01T14:10:21+03:00","inLanguage":"hu-HU","mainEntityOfPage":{"@id":"https:\/\/www.teatrulreginamaria.ro\/hu\/o-noua-stagiune-cu-proiecte-de-anvergura-la-trupa-arcadia-trm\/#webpage"},"isPartOf":{"@id":"https:\/\/www.teatrulreginamaria.ro\/hu\/o-noua-stagiune-cu-proiecte-de-anvergura-la-trupa-arcadia-trm\/#webpage"},"articleSection":"Nout\u0103\u021bi, Nout\u0103\u021bi - Trupa Arcadia"},{"@type":"BreadcrumbList","@id":"https:\/\/www.teatrulreginamaria.ro\/hu\/o-noua-stagiune-cu-proiecte-de-anvergura-la-trupa-arcadia-trm\/#breadcrumblist","itemListElement":[{"@type":"ListItem","@id":"https:\/\/www.teatrulreginamaria.ro\/hu#listItem","position":1,"name":"Home","item":"https:\/\/www.teatrulreginamaria.ro\/hu","nextItem":{"@type":"ListItem","@id":"https:\/\/www.teatrulreginamaria.ro\/hu\/categorie\/noutati\/#listItem","name":"Nout\u0103\u021bi"}},{"@type":"ListItem","@id":"https:\/\/www.teatrulreginamaria.ro\/hu\/categorie\/noutati\/#listItem","position":2,"name":"Nout\u0103\u021bi","item":"https:\/\/www.teatrulreginamaria.ro\/hu\/categorie\/noutati\/","nextItem":{"@type":"ListItem","@id":"https:\/\/www.teatrulreginamaria.ro\/hu\/categorie\/noutati\/noutati-trupa-arcadia\/#listItem","name":"Nout\u0103\u021bi - Trupa Arcadia"},"previousItem":{"@type":"ListItem","@id":"https:\/\/www.teatrulreginamaria.ro\/hu#listItem","name":"Home"}},{"@type":"ListItem","@id":"https:\/\/www.teatrulreginamaria.ro\/hu\/categorie\/noutati\/noutati-trupa-arcadia\/#listItem","position":3,"name":"Nout\u0103\u021bi - Trupa Arcadia","item":"https:\/\/www.teatrulreginamaria.ro\/hu\/categorie\/noutati\/noutati-trupa-arcadia\/","nextItem":{"@type":"ListItem","@id":"https:\/\/www.teatrulreginamaria.ro\/hu\/o-noua-stagiune-cu-proiecte-de-anvergura-la-trupa-arcadia-trm\/#listItem","name":"O nou\u0103 stagiune cu proiecte de anvergur\u0103 la Trupa Arcadia &#8211; TRM"},"previousItem":{"@type":"ListItem","@id":"https:\/\/www.teatrulreginamaria.ro\/hu\/categorie\/noutati\/#listItem","name":"Nout\u0103\u021bi"}},{"@type":"ListItem","@id":"https:\/\/www.teatrulreginamaria.ro\/hu\/o-noua-stagiune-cu-proiecte-de-anvergura-la-trupa-arcadia-trm\/#listItem","position":4,"name":"O nou\u0103 stagiune cu proiecte de anvergur\u0103 la Trupa Arcadia &#8211; TRM","previousItem":{"@type":"ListItem","@id":"https:\/\/www.teatrulreginamaria.ro\/hu\/categorie\/noutati\/noutati-trupa-arcadia\/#listItem","name":"Nout\u0103\u021bi - Trupa Arcadia"}}]},{"@type":"Organization","@id":"https:\/\/www.teatrulreginamaria.ro\/hu\/#organization","name":"Teatrul Regina Maria Oradea","description":"Trupa Iosif Vulcan \u0219i Trupa Arcadia","url":"https:\/\/www.teatrulreginamaria.ro\/hu\/","email":"marketing@teatrulreginamaria.ro","telephone":"+40359411534","numberOfEmployees":{"@type":"QuantitativeValue","minValue":0,"maxValue":150},"logo":{"@type":"ImageObject","url":"https:\/\/www.teatrulreginamaria.ro\/wp-content\/uploads\/2025\/06\/logo-trm-01-dark.png","@id":"https:\/\/www.teatrulreginamaria.ro\/hu\/o-noua-stagiune-cu-proiecte-de-anvergura-la-trupa-arcadia-trm\/#organizationLogo","width":300,"height":148},"image":{"@id":"https:\/\/www.teatrulreginamaria.ro\/hu\/o-noua-stagiune-cu-proiecte-de-anvergura-la-trupa-arcadia-trm\/#organizationLogo"},"sameAs":["https:\/\/www.facebook.com\/TRMTrupaIosifVulcan\/","https:\/\/x.com\/TRMOradea","https:\/\/www.instagram.com\/teatrul_regina_maria\/","https:\/\/www.youtube.com\/c\/TeatrulReginaMariaOradea","https:\/\/www.linkedin.com\/company\/teatrul-regina-maria"]},{"@type":"Person","@id":"https:\/\/www.teatrulreginamaria.ro\/hu\/author\/ramona\/#author","url":"https:\/\/www.teatrulreginamaria.ro\/hu\/author\/ramona\/","name":"Ramona Neme\u0219","image":{"@type":"ImageObject","@id":"https:\/\/www.teatrulreginamaria.ro\/hu\/o-noua-stagiune-cu-proiecte-de-anvergura-la-trupa-arcadia-trm\/#authorImage","url":"https:\/\/www.teatrulreginamaria.ro\/wp-content\/uploads\/2025\/04\/ramona_nemes-sq-01.jpg","width":300,"height":300}},{"@type":"WebPage","@id":"https:\/\/www.teatrulreginamaria.ro\/hu\/o-noua-stagiune-cu-proiecte-de-anvergura-la-trupa-arcadia-trm\/#webpage","url":"https:\/\/www.teatrulreginamaria.ro\/hu\/o-noua-stagiune-cu-proiecte-de-anvergura-la-trupa-arcadia-trm\/","name":"O nou\u0103 stagiune cu proiecte de anvergur\u0103 la Trupa Arcadia \u2013 TRM - Teatrul Regina Maria Oradea","description":"Trupa Arcadia a Teatrului Regina Maria preg\u0103te\u0219te \u00een noua stagiune pove\u0219ti remarcabile pentru micii spectatori or\u0103deni. Acestea vor fi puse \u00een scen\u0103 de c\u0103tre regizori premia\u021bi, care revin cu entuziasm la Oradea, dup\u0103 ce au montat deja \u0219i alte spectacole de succes \u00een repertoriul trupei. Repeti\u021biile pentru primul proiect al Trupei Arcadia din aceast\u0103 stagiune","inLanguage":"hu-HU","isPartOf":{"@id":"https:\/\/www.teatrulreginamaria.ro\/hu\/#website"},"breadcrumb":{"@id":"https:\/\/www.teatrulreginamaria.ro\/hu\/o-noua-stagiune-cu-proiecte-de-anvergura-la-trupa-arcadia-trm\/#breadcrumblist"},"author":{"@id":"https:\/\/www.teatrulreginamaria.ro\/hu\/author\/ramona\/#author"},"creator":{"@id":"https:\/\/www.teatrulreginamaria.ro\/hu\/author\/ramona\/#author"},"image":{"@type":"ImageObject","url":"https:\/\/www.teatrulreginamaria.ro\/wp-content\/uploads\/2025\/09\/AFIS-SEPTEMBRIE-2025-ARCADIA-MIC.jpg","@id":"https:\/\/www.teatrulreginamaria.ro\/hu\/o-noua-stagiune-cu-proiecte-de-anvergura-la-trupa-arcadia-trm\/#mainImage","width":1500,"height":2100},"primaryImageOfPage":{"@id":"https:\/\/www.teatrulreginamaria.ro\/hu\/o-noua-stagiune-cu-proiecte-de-anvergura-la-trupa-arcadia-trm\/#mainImage"},"datePublished":"2025-09-01T14:10:18+03:00","dateModified":"2025-09-01T14:10:21+03:00"},{"@type":"WebSite","@id":"https:\/\/www.teatrulreginamaria.ro\/hu\/#website","url":"https:\/\/www.teatrulreginamaria.ro\/hu\/","name":"Teatrul Regina Maria Oradea","alternateName":"TRM Oradea","description":"Trupa Iosif Vulcan \u0219i Trupa Arcadia","inLanguage":"hu-HU","publisher":{"@id":"https:\/\/www.teatrulreginamaria.ro\/hu\/#organization"}}]},"og:locale":"hu_HU","og:site_name":"Teatrul Regina Maria Oradea - Trupa Iosif Vulcan \u0219i Trupa Arcadia","og:type":"article","og:title":"O nou\u0103 stagiune cu proiecte de anvergur\u0103 la Trupa Arcadia \u2013 TRM - Teatrul Regina Maria Oradea","og:description":"Trupa Arcadia a Teatrului Regina Maria preg\u0103te\u0219te \u00een noua stagiune pove\u0219ti remarcabile pentru micii spectatori or\u0103deni. Acestea vor fi puse \u00een scen\u0103 de c\u0103tre regizori premia\u021bi, care revin cu entuziasm la Oradea, dup\u0103 ce au montat deja \u0219i alte spectacole de succes \u00een repertoriul trupei. Repeti\u021biile pentru primul proiect al Trupei Arcadia din aceast\u0103 stagiune","og:url":"https:\/\/www.teatrulreginamaria.ro\/hu\/o-noua-stagiune-cu-proiecte-de-anvergura-la-trupa-arcadia-trm\/","og:image":"https:\/\/www.teatrulreginamaria.ro\/wp-content\/uploads\/2025\/03\/trm-istoric-01.jpg","og:image:secure_url":"https:\/\/www.teatrulreginamaria.ro\/wp-content\/uploads\/2025\/03\/trm-istoric-01.jpg","og:image:width":1200,"og:image:height":800,"article:published_time":"2025-09-01T11:10:18+00:00","article:modified_time":"2025-09-01T11:10:21+00:00","article:publisher":"https:\/\/www.facebook.com\/TRMTrupaIosifVulcan\/","twitter:card":"summary_large_image","twitter:site":"@TRMOradea","twitter:title":"O nou\u0103 stagiune cu proiecte de anvergur\u0103 la Trupa Arcadia \u2013 TRM - Teatrul Regina Maria Oradea","twitter:description":"Trupa Arcadia a Teatrului Regina Maria preg\u0103te\u0219te \u00een noua stagiune pove\u0219ti remarcabile pentru micii spectatori or\u0103deni. Acestea vor fi puse \u00een scen\u0103 de c\u0103tre regizori premia\u021bi, care revin cu entuziasm la Oradea, dup\u0103 ce au montat deja \u0219i alte spectacole de succes \u00een repertoriul trupei. Repeti\u021biile pentru primul proiect al Trupei Arcadia din aceast\u0103 stagiune","twitter:creator":"@TRMOradea","twitter:image":"https:\/\/www.teatrulreginamaria.ro\/wp-content\/uploads\/2025\/03\/trm-istoric-01.jpg"},"aioseo_meta_data":{"post_id":"13642","title":null,"description":null,"keywords":null,"keyphrases":{"focus":[],"additional":[]},"primary_term":null,"canonical_url":null,"og_title":null,"og_description":null,"og_object_type":"default","og_image_type":"default","og_image_url":null,"og_image_width":null,"og_image_height":null,"og_image_custom_url":null,"og_image_custom_fields":null,"og_video":"","og_custom_url":null,"og_article_section":null,"og_article_tags":null,"twitter_use_og":false,"twitter_card":"default","twitter_image_type":"default","twitter_image_url":null,"twitter_image_custom_url":null,"twitter_image_custom_fields":null,"twitter_title":null,"twitter_description":null,"schema":{"blockGraphs":[],"customGraphs":[],"default":{"data":{"Article":[],"Course":[],"Dataset":[],"FAQPage":[],"Movie":[],"Person":[],"Product":[],"ProductReview":[],"Car":[],"Recipe":[],"Service":[],"SoftwareApplication":[],"WebPage":[]},"graphName":"BlogPosting","isEnabled":true},"graphs":[]},"schema_type":"default","schema_type_options":null,"pillar_content":false,"robots_default":true,"robots_noindex":false,"robots_noarchive":false,"robots_nosnippet":false,"robots_nofollow":false,"robots_noimageindex":false,"robots_noodp":false,"robots_notranslate":false,"robots_max_snippet":"-1","robots_max_videopreview":"-1","robots_max_imagepreview":"large","priority":null,"frequency":"default","local_seo":null,"seo_analyzer_scan_date":"2026-05-13 03:42:27","breadcrumb_settings":null,"limit_modified_date":false,"reviewed_by":"0","open_ai":null,"ai":{"faqs":[],"keyPoints":[],"titles":[],"descriptions":[],"socialPosts":{"email":[],"linkedin":[],"twitter":[],"facebook":[],"instagram":[]}},"created":"2025-09-01 11:06:28","updated":"2026-08-30 10:31:48","focus_keyword":null,"additional_keywords":null,"truseo_locale":null},"aioseo_breadcrumb":"<div class=\"aioseo-breadcrumbs\"><span class=\"aioseo-breadcrumb\">\n\t<a href=\"https:\/\/www.teatrulreginamaria.ro\/hu\" title=\"Home\">Home<\/a>\n<\/span><span class=\"aioseo-breadcrumb-separator\">&raquo;<\/span><span class=\"aioseo-breadcrumb\">\n\t<a href=\"https:\/\/www.teatrulreginamaria.ro\/hu\/categorie\/noutati\/\" title=\"Nout\u0103\u021bi\">Nout\u0103\u021bi<\/a>\n<\/span><span class=\"aioseo-breadcrumb-separator\">&raquo;<\/span><span class=\"aioseo-breadcrumb\">\n\t<a href=\"https:\/\/www.teatrulreginamaria.ro\/hu\/categorie\/noutati\/noutati-trupa-arcadia\/\" title=\"Nout\u0103\u021bi - Trupa Arcadia\">Nout\u0103\u021bi - Trupa Arcadia<\/a>\n<\/span><span class=\"aioseo-breadcrumb-separator\">&raquo;<\/span><span class=\"aioseo-breadcrumb\">\n\tO nou\u0103 stagiune cu proiecte de anvergur\u0103 la Trupa Arcadia \u2013 TRM\n<\/span><\/div>","aioseo_breadcrumb_json":[{"label":"Home","link":"https:\/\/www.teatrulreginamaria.ro\/hu"},{"label":"Nout\u0103\u021bi","link":"https:\/\/www.teatrulreginamaria.ro\/hu\/categorie\/noutati\/"},{"label":"Nout\u0103\u021bi - Trupa Arcadia","link":"https:\/\/www.teatrulreginamaria.ro\/hu\/categorie\/noutati\/noutati-trupa-arcadia\/"},{"label":"O nou\u0103 stagiune cu proiecte de anvergur\u0103 la Trupa Arcadia &#8211; TRM","link":"https:\/\/www.teatrulreginamaria.ro\/hu\/o-noua-stagiune-cu-proiecte-de-anvergura-la-trupa-arcadia-trm\/"}],"acf":[],"_links":{"self":[{"href":"https:\/\/www.teatrulreginamaria.ro\/hu\/wp-json\/wp\/v2\/posts\/13642","targetHints":{"allow":["GET"]}}],"collection":[{"href":"https:\/\/www.teatrulreginamaria.ro\/hu\/wp-json\/wp\/v2\/posts"}],"about":[{"href":"https:\/\/www.teatrulreginamaria.ro\/hu\/wp-json\/wp\/v2\/types\/post"}],"author":[{"embeddable":true,"href":"https:\/\/www.teatrulreginamaria.ro\/hu\/wp-json\/wp\/v2\/users\/8"}],"replies":[{"embeddable":true,"href":"https:\/\/www.teatrulreginamaria.ro\/hu\/wp-json\/wp\/v2\/comments?post=13642"}],"version-history":[{"count":1,"href":"https:\/\/www.teatrulreginamaria.ro\/hu\/wp-json\/wp\/v2\/posts\/13642\/revisions"}],"predecessor-version":[{"id":13645,"href":"https:\/\/www.teatrulreginamaria.ro\/hu\/wp-json\/wp\/v2\/posts\/13642\/revisions\/13645"}],"wp:featuredmedia":[{"embeddable":true,"href":"https:\/\/www.teatrulreginamaria.ro\/hu\/wp-json\/wp\/v2\/media\/13644"}],"wp:attachment":[{"href":"https:\/\/www.teatrulreginamaria.ro\/hu\/wp-json\/wp\/v2\/media?parent=13642"}],"wp:term":[{"taxonomy":"category","embeddable":true,"href":"https:\/\/www.teatrulreginamaria.ro\/hu\/wp-json\/wp\/v2\/categories?post=13642"},{"taxonomy":"post_tag","embeddable":true,"href":"https:\/\/www.teatrulreginamaria.ro\/hu\/wp-json\/wp\/v2\/tags?post=13642"}],"curies":[{"name":"munkaf\u00fczet","href":"https:\/\/api.w.org\/{rel}","templated":true}]}}