{"id":13663,"date":"2025-09-05T09:48:39","date_gmt":"2025-09-05T06:48:39","guid":{"rendered":"https:\/\/www.teatrulreginamaria.ro\/?p=13663"},"modified":"2025-10-08T13:54:42","modified_gmt":"2025-10-08T10:54:42","slug":"a-karneval-d","status":"publish","type":"post","link":"https:\/\/www.teatrulreginamaria.ro\/hu\/d-ale-carnavalului\/","title":{"rendered":"KARNEV\u00c1L NAPOK"},"content":{"rendered":"<p class=\"wp-block-paragraph\"><strong>&quot;Karnev\u00e1l&quot;<\/strong> Caragiale f\u00e9lre\u00e9rthetetlen v\u00edgj\u00e1t\u00e9k\u00e1t hozza sz\u00ednpadra, tele em\u00e9szt\u0151 szenved\u00e9lyekkel, \u00edzletes intrik\u00e1k \u00e9s abszurd helyzetekkel. A fodr\u00e1sz, Nae Girimea Mi\u021ba Baston \u00e9s Didina Mazu k\u00f6z\u00f6tt zsongl\u0151rk\u00f6dik, m\u00edg partnereik, Pampon \u00e9s Cr\u0103c\u0103nel, f\u00e9lt\u00e9keny \u00e9s nevets\u00e9ges riv\u00e1lisok, val\u00f3s\u00e1gos vad\u00e1szatba kezdenek &quot;Bibici&quot; ut\u00e1n. A szerelmi bonyodalmak pletyk\u00e1kkal \u00e9s apr\u00f3 intrik\u00e1kkal keverednek, \u00edgy minden egy \u00e1larcosb\u00e1lban cs\u00facsosodik ki, ahol a m\u00e1r kiv\u00e1ltott hib\u00e1k abszurdit\u00e1sa \u00e9s humora a cs\u00facspontj\u00e1ra jut.<\/p>\n\n\n\n<p class=\"wp-block-paragraph\">Rendez\u0151i v\u00edzi\u00f3ja <strong>Vlad Trif\u00e1s<\/strong> De t\u00falmutat a helyzetek \u00e9s szerelmi bonyodalmak egyszer\u0171 v\u00edgj\u00e1t\u00e9k\u00e1n. El\u0151t\u00e9rbe helyezi a karakterek m\u00e9lys\u00e9g\u00e9t olyan be\u00e1ll\u00edt\u00e1sokon \u00e9s \u00e9rtelmez\u00e9seken kereszt\u00fcl, amelyek egy hangs\u00falyozott balk\u00e1ni univerzumot id\u00e9znek fel, amely term\u00e9szetes m\u00f3don olvad \u00f6ssze Caragiale ir\u00f3ni\u00e1j\u00e1val \u00e9s humor\u00e1val. A legnemesebb \u00e9rz\u00e9sek \u00fctk\u00f6znek a nyomornegyed nyers impulzusaival, az \u00e9sz felf\u00fcggeszt\u0151dik, \u00e9s a szerepl\u0151k \u00e1tadj\u00e1k magukat egy f\u00e9ktelen p\u00e1tosznak, amelyet csak a f\u00e9ktelen \u00e9letv\u00e1gy\u00fa emberek tudnak ilyen term\u00e9szetess\u00e9ggel megnyilv\u00e1n\u00edtani.<\/p>\n\n\n\n<p class=\"wp-block-paragraph\"><em>A D&#039;ale carnavalului c\u00edm\u0171 darab helysz\u00edn\u00e9\u00fcl szolg\u00e1l\u00f3 el\u0151ad\u00e1s egy laborat\u00f3riumi k\u00f6rnyezetben sz\u00fcletett, ahol a teljes csapat felfedezte Caragiale m\u00e9lyen emberi humor\u00e1t. Tipol\u00f3gi\u00e1i nemcsak a m\u00falthoz tartoznak, hanem k\u00f6r\u00fcl\u00f6tt\u00fcnk l\u00e9legeznek, emberek, akik magas h\u0151fokon \u00e9gnek, b\u00e1rmikor k\u00e9szen \u00e1llnak a robban\u00e1sra, mert az \u0151 vil\u00e1guk \u2013 ak\u00e1rcsak a mi\u00e9nk \u2013 mindig a hat\u00e1ron mozog.<br>A karnev\u00e1l a fesz\u00fclt univerzum metafor\u00e1j\u00e1v\u00e1 v\u00e1lik, ahol a maszkok, a l\u00e1tszat \u00e9s a sz\u00e1nd\u00e9kos zavarodotts\u00e1g \u00e1lland\u00f3 robban\u00e1svesz\u00e9lyt teremt. A darab \u00e1ltal felvetett nevet\u00e9s nemcsak komikus, hanem sz\u00fcks\u00e9ges is: a felszabadul\u00e1s \u00e9s az elismer\u00e9s mechanizmusa egy olyan val\u00f3s\u00e1gban, ahol az emberi t\u00f6r\u00e9kenys\u00e9g \u00e9s a g\u00fany elker\u00fclhetetlen\u00fcl egy\u00fctt l\u00e9tezik.<\/em> \u2013 <strong>Vlad Trif\u00e1s<\/strong><\/p>\n\n\n\n<!--more-->\n\n\n\n<p class=\"wp-block-paragraph\">ELOSZT\u00c1S:<br>Nae Girimea: <strong>Petre Ghimbasan<\/strong><br>Iancu Pampon: <strong>Serban Borda<\/strong><br>Mache Razachescu (Cracane): <strong>Pavel Sirghi<\/strong><br>Megjegyz\u00e9s a felfog\u00e1sb\u00f3l: <strong>David Constantinescu<\/strong><br>Iordache: <strong>Ioana Dragos Gajdo<\/strong><br>Egy pinc\u00e9r, egy pinc\u00e9r: <strong>Sorin Ionescu<\/strong><br>Didina Mazu: <strong>Adela Lazar<\/strong><br>Mi\u021ba Baston: <strong>Alina Leonte<\/strong><\/p>\n\n\n\n<p class=\"wp-block-paragraph\"><strong>Rendez\u00e9s, eredeti zene \u00e9s sz\u00f6veg\u00e1tdolgoz\u00e1s: <a href=\"https:\/\/www.teatrulreginamaria.ro\/hu\/barcsak-ne-lenne-kortars-de-caragiale-rettenetesen-aktualis-tul-aktualis-es-ez-azert-van-mert-interjura-van-szuksegunk-vlad-trifasszal\/\" target=\"_blank\" rel=\"noopener\" title=\"\">Vlad Trif\u00e1s<\/a><br>Forgat\u00f3k\u00f6nyv: Oana Cernea<\/strong><br><strong>Rendez\u0151asszisztens: Carina Bunea<br>Vil\u00e1g\u00edt\u00e1stervez\u00e9s: Ionu\u021b Aldea<\/strong><br><br><strong>Premier d\u00e1tuma: 2025. szeptember 24., 25., Nagyterem<\/strong><br><strong>Id\u0151tartam: 1 \u00f3ra 50 perc<\/strong><br><strong>Az el\u0151ad\u00e1s 14 \u00e9ven aluliak sz\u00e1m\u00e1ra nem aj\u00e1nlott!<\/strong><\/p>\n\n\n\n<p class=\"wp-block-paragraph\"><\/p>","protected":false},"excerpt":{"rendered":"<p>\u201eA \u201dD-ale carnavalului\u201e sz\u00ednpadra \u00e1ll\u00edtja Caragiale f\u00e9lreismerhetetlen v\u00edgj\u00e1t\u00e9k\u00e1t, tele em\u00e9szt\u0151 szenved\u00e9lyekkel, \u00edzletes intrik\u00e1k \u00e9s abszurd helyzetekkel. A fodr\u00e1sz, Nae Girimea Mi\u021ba Baston \u00e9s Didina Mazu k\u00f6z\u00f6tt zsongl\u0151rk\u00f6dik, m\u00edg partnereik, Pampon \u00e9s Cr\u0103c\u0103nel, f\u00e9lt\u00e9keny \u00e9s nevets\u00e9ges riv\u00e1lisok, val\u00f3s\u00e1gos vad\u00e1szatba kezdenek \u201dBibici\u201d ut\u00e1n.<\/p>","protected":false},"author":8,"featured_media":13729,"comment_status":"closed","ping_status":"closed","sticky":false,"template":"","format":"standard","meta":{"_acf_changed":false,"footnotes":""},"categories":[10],"tags":[],"class_list":["post-13663","post","type-post","status-publish","format-standard","has-post-thumbnail","hentry","category-spectacole-trupa-iosif-vulcan"],"aioseo_notices":[],"aioseo_head":"\n\t\t<!-- All in One SEO Pro 5.0.1.1 - aioseo.com -->\n\t<meta name=\"description\" content=\"\u201eD-ale carnavalului\u201d aduce pe scen\u0103 comedia inconfundabil\u0103 a lui Caragiale, plin\u0103 de pasiuni mistuitoare, intrigi savuroase \u0219i situa\u021bii absurde. Frizerul Nae Girimea jongleaz\u0103 \u00eentre Mi\u021ba Baston \u0219i Didina Mazu, \u00een vreme ce partenerii acestora, Pampon \u0219i Cr\u0103c\u0103nel, rivali gelo\u0219i \u0219i ridicoli, se lanseaz\u0103 \u00eentr-o veritabil\u0103 v\u00e2n\u0103toare de \u201eBibici\u201d.\" \/>\n\t<meta name=\"robots\" content=\"max-image-preview:large\" \/>\n\t<meta name=\"author\" content=\"Ramona Neme\u0219\"\/>\n\t<link rel=\"canonical\" href=\"https:\/\/www.teatrulreginamaria.ro\/hu\/d-ale-carnavalului\/\" \/>\n\t<meta name=\"generator\" content=\"All in One SEO Pro (AIOSEO) 5.0.1.1\" \/>\n\t\t<meta property=\"og:locale\" content=\"hu_HU\" \/>\n\t\t<meta property=\"og:site_name\" content=\"Teatrul Regina Maria Oradea - Trupa Iosif Vulcan \u0219i Trupa Arcadia\" \/>\n\t\t<meta property=\"og:type\" content=\"article\" \/>\n\t\t<meta property=\"og:title\" content=\"D-ALE CARNAVALULUI - Teatrul Regina Maria Oradea\" \/>\n\t\t<meta property=\"og:description\" content=\"\u201eD-ale carnavalului\u201d aduce pe scen\u0103 comedia inconfundabil\u0103 a lui Caragiale, plin\u0103 de pasiuni mistuitoare, intrigi savuroase \u0219i situa\u021bii absurde. Frizerul Nae Girimea jongleaz\u0103 \u00eentre Mi\u021ba Baston \u0219i Didina Mazu, \u00een vreme ce partenerii acestora, Pampon \u0219i Cr\u0103c\u0103nel, rivali gelo\u0219i \u0219i ridicoli, se lanseaz\u0103 \u00eentr-o veritabil\u0103 v\u00e2n\u0103toare de \u201eBibici\u201d.\" \/>\n\t\t<meta property=\"og:url\" content=\"https:\/\/www.teatrulreginamaria.ro\/hu\/d-ale-carnavalului\/\" \/>\n\t\t<meta property=\"og:image\" content=\"https:\/\/www.teatrulreginamaria.ro\/wp-content\/uploads\/2025\/03\/trm-istoric-01.jpg\" \/>\n\t\t<meta property=\"og:image:secure_url\" content=\"https:\/\/www.teatrulreginamaria.ro\/wp-content\/uploads\/2025\/03\/trm-istoric-01.jpg\" \/>\n\t\t<meta property=\"og:image:width\" content=\"1200\" \/>\n\t\t<meta property=\"og:image:height\" content=\"800\" \/>\n\t\t<meta property=\"article:published_time\" content=\"2025-09-05T06:48:39+00:00\" \/>\n\t\t<meta property=\"article:modified_time\" content=\"2025-10-08T10:54:42+00:00\" \/>\n\t\t<meta property=\"article:publisher\" content=\"https:\/\/www.facebook.com\/TRMTrupaIosifVulcan\/\" \/>\n\t\t<meta name=\"twitter:card\" content=\"summary_large_image\" \/>\n\t\t<meta name=\"twitter:site\" content=\"@TRMOradea\" \/>\n\t\t<meta name=\"twitter:title\" content=\"D-ALE CARNAVALULUI - Teatrul Regina Maria Oradea\" \/>\n\t\t<meta name=\"twitter:description\" content=\"\u201eD-ale carnavalului\u201d aduce pe scen\u0103 comedia inconfundabil\u0103 a lui Caragiale, plin\u0103 de pasiuni mistuitoare, intrigi savuroase \u0219i situa\u021bii absurde. Frizerul Nae Girimea jongleaz\u0103 \u00eentre Mi\u021ba Baston \u0219i Didina Mazu, \u00een vreme ce partenerii acestora, Pampon \u0219i Cr\u0103c\u0103nel, rivali gelo\u0219i \u0219i ridicoli, se lanseaz\u0103 \u00eentr-o veritabil\u0103 v\u00e2n\u0103toare de \u201eBibici\u201d.\" \/>\n\t\t<meta name=\"twitter:creator\" content=\"@TRMOradea\" \/>\n\t\t<meta name=\"twitter:image\" content=\"https:\/\/www.teatrulreginamaria.ro\/wp-content\/uploads\/2025\/03\/trm-istoric-01.jpg\" \/>\n\t\t<script type=\"application\/ld+json\" class=\"aioseo-schema\">\n\t\t\t{\"@context\":\"https:\\\/\\\/schema.org\",\"@graph\":[{\"@type\":\"BlogPosting\",\"@id\":\"https:\\\/\\\/www.teatrulreginamaria.ro\\\/hu\\\/d-ale-carnavalului\\\/#blogposting\",\"name\":\"D-ALE CARNAVALULUI - Teatrul Regina Maria Oradea\",\"headline\":\"D-ALE CARNAVALULUI\",\"author\":{\"@id\":\"https:\\\/\\\/www.teatrulreginamaria.ro\\\/hu\\\/author\\\/ramona\\\/#author\"},\"publisher\":{\"@id\":\"https:\\\/\\\/www.teatrulreginamaria.ro\\\/hu\\\/#organization\"},\"image\":{\"@type\":\"ImageObject\",\"url\":\"https:\\\/\\\/www.teatrulreginamaria.ro\\\/wp-content\\\/uploads\\\/2025\\\/09\\\/DSC_3606.jpg\",\"width\":1618,\"height\":1078},\"datePublished\":\"2025-09-05T09:48:39+03:00\",\"dateModified\":\"2025-10-08T13:54:42+03:00\",\"inLanguage\":\"hu-HU\",\"mainEntityOfPage\":{\"@id\":\"https:\\\/\\\/www.teatrulreginamaria.ro\\\/hu\\\/d-ale-carnavalului\\\/#webpage\"},\"isPartOf\":{\"@id\":\"https:\\\/\\\/www.teatrulreginamaria.ro\\\/hu\\\/d-ale-carnavalului\\\/#webpage\"},\"articleSection\":\"Spectacole Trupa Iosif Vulcan\"},{\"@type\":\"BreadcrumbList\",\"@id\":\"https:\\\/\\\/www.teatrulreginamaria.ro\\\/hu\\\/d-ale-carnavalului\\\/#breadcrumblist\",\"itemListElement\":[{\"@type\":\"ListItem\",\"@id\":\"https:\\\/\\\/www.teatrulreginamaria.ro\\\/hu#listItem\",\"position\":1,\"name\":\"Home\",\"item\":\"https:\\\/\\\/www.teatrulreginamaria.ro\\\/hu\",\"nextItem\":{\"@type\":\"ListItem\",\"@id\":\"https:\\\/\\\/www.teatrulreginamaria.ro\\\/hu\\\/categorie\\\/trupa-iosif-vulcan\\\/#listItem\",\"name\":\"Trupa Iosif Vulcan\"}},{\"@type\":\"ListItem\",\"@id\":\"https:\\\/\\\/www.teatrulreginamaria.ro\\\/hu\\\/categorie\\\/trupa-iosif-vulcan\\\/#listItem\",\"position\":2,\"name\":\"Trupa Iosif Vulcan\",\"item\":\"https:\\\/\\\/www.teatrulreginamaria.ro\\\/hu\\\/categorie\\\/trupa-iosif-vulcan\\\/\",\"nextItem\":{\"@type\":\"ListItem\",\"@id\":\"https:\\\/\\\/www.teatrulreginamaria.ro\\\/hu\\\/categorie\\\/trupa-iosif-vulcan\\\/spectacole-trupa-iosif-vulcan\\\/#listItem\",\"name\":\"Spectacole Trupa Iosif Vulcan\"},\"previousItem\":{\"@type\":\"ListItem\",\"@id\":\"https:\\\/\\\/www.teatrulreginamaria.ro\\\/hu#listItem\",\"name\":\"Home\"}},{\"@type\":\"ListItem\",\"@id\":\"https:\\\/\\\/www.teatrulreginamaria.ro\\\/hu\\\/categorie\\\/trupa-iosif-vulcan\\\/spectacole-trupa-iosif-vulcan\\\/#listItem\",\"position\":3,\"name\":\"Spectacole Trupa Iosif Vulcan\",\"item\":\"https:\\\/\\\/www.teatrulreginamaria.ro\\\/hu\\\/categorie\\\/trupa-iosif-vulcan\\\/spectacole-trupa-iosif-vulcan\\\/\",\"nextItem\":{\"@type\":\"ListItem\",\"@id\":\"https:\\\/\\\/www.teatrulreginamaria.ro\\\/hu\\\/d-ale-carnavalului\\\/#listItem\",\"name\":\"D-ALE CARNAVALULUI\"},\"previousItem\":{\"@type\":\"ListItem\",\"@id\":\"https:\\\/\\\/www.teatrulreginamaria.ro\\\/hu\\\/categorie\\\/trupa-iosif-vulcan\\\/#listItem\",\"name\":\"Trupa Iosif Vulcan\"}},{\"@type\":\"ListItem\",\"@id\":\"https:\\\/\\\/www.teatrulreginamaria.ro\\\/hu\\\/d-ale-carnavalului\\\/#listItem\",\"position\":4,\"name\":\"D-ALE CARNAVALULUI\",\"previousItem\":{\"@type\":\"ListItem\",\"@id\":\"https:\\\/\\\/www.teatrulreginamaria.ro\\\/hu\\\/categorie\\\/trupa-iosif-vulcan\\\/spectacole-trupa-iosif-vulcan\\\/#listItem\",\"name\":\"Spectacole Trupa Iosif Vulcan\"}}]},{\"@type\":\"Organization\",\"@id\":\"https:\\\/\\\/www.teatrulreginamaria.ro\\\/hu\\\/#organization\",\"name\":\"Teatrul Regina Maria Oradea\",\"description\":\"Trupa Iosif Vulcan \\u0219i Trupa Arcadia\",\"url\":\"https:\\\/\\\/www.teatrulreginamaria.ro\\\/hu\\\/\",\"email\":\"marketing@teatrulreginamaria.ro\",\"telephone\":\"+40359411534\",\"numberOfEmployees\":{\"@type\":\"QuantitativeValue\",\"minValue\":0,\"maxValue\":150},\"logo\":{\"@type\":\"ImageObject\",\"url\":\"https:\\\/\\\/www.teatrulreginamaria.ro\\\/wp-content\\\/uploads\\\/2025\\\/06\\\/logo-trm-01-dark.png\",\"@id\":\"https:\\\/\\\/www.teatrulreginamaria.ro\\\/hu\\\/d-ale-carnavalului\\\/#organizationLogo\",\"width\":300,\"height\":148},\"image\":{\"@id\":\"https:\\\/\\\/www.teatrulreginamaria.ro\\\/hu\\\/d-ale-carnavalului\\\/#organizationLogo\"},\"sameAs\":[\"https:\\\/\\\/www.facebook.com\\\/TRMTrupaIosifVulcan\\\/\",\"https:\\\/\\\/x.com\\\/TRMOradea\",\"https:\\\/\\\/www.instagram.com\\\/teatrul_regina_maria\\\/\",\"https:\\\/\\\/www.youtube.com\\\/c\\\/TeatrulReginaMariaOradea\",\"https:\\\/\\\/www.linkedin.com\\\/company\\\/teatrul-regina-maria\"]},{\"@type\":\"Person\",\"@id\":\"https:\\\/\\\/www.teatrulreginamaria.ro\\\/hu\\\/author\\\/ramona\\\/#author\",\"url\":\"https:\\\/\\\/www.teatrulreginamaria.ro\\\/hu\\\/author\\\/ramona\\\/\",\"name\":\"Ramona Neme\\u0219\",\"image\":{\"@type\":\"ImageObject\",\"@id\":\"https:\\\/\\\/www.teatrulreginamaria.ro\\\/hu\\\/d-ale-carnavalului\\\/#authorImage\",\"url\":\"https:\\\/\\\/www.teatrulreginamaria.ro\\\/wp-content\\\/uploads\\\/2025\\\/04\\\/ramona_nemes-sq-01.jpg\",\"width\":300,\"height\":300}},{\"@type\":\"WebPage\",\"@id\":\"https:\\\/\\\/www.teatrulreginamaria.ro\\\/hu\\\/d-ale-carnavalului\\\/#webpage\",\"url\":\"https:\\\/\\\/www.teatrulreginamaria.ro\\\/hu\\\/d-ale-carnavalului\\\/\",\"name\":\"D-ALE CARNAVALULUI - Teatrul Regina Maria Oradea\",\"description\":\"\\u201eD-ale carnavalului\\u201d aduce pe scen\\u0103 comedia inconfundabil\\u0103 a lui Caragiale, plin\\u0103 de pasiuni mistuitoare, intrigi savuroase \\u0219i situa\\u021bii absurde. Frizerul Nae Girimea jongleaz\\u0103 \\u00eentre Mi\\u021ba Baston \\u0219i Didina Mazu, \\u00een vreme ce partenerii acestora, Pampon \\u0219i Cr\\u0103c\\u0103nel, rivali gelo\\u0219i \\u0219i ridicoli, se lanseaz\\u0103 \\u00eentr-o veritabil\\u0103 v\\u00e2n\\u0103toare de \\u201eBibici\\u201d.\",\"inLanguage\":\"hu-HU\",\"isPartOf\":{\"@id\":\"https:\\\/\\\/www.teatrulreginamaria.ro\\\/hu\\\/#website\"},\"breadcrumb\":{\"@id\":\"https:\\\/\\\/www.teatrulreginamaria.ro\\\/hu\\\/d-ale-carnavalului\\\/#breadcrumblist\"},\"author\":{\"@id\":\"https:\\\/\\\/www.teatrulreginamaria.ro\\\/hu\\\/author\\\/ramona\\\/#author\"},\"creator\":{\"@id\":\"https:\\\/\\\/www.teatrulreginamaria.ro\\\/hu\\\/author\\\/ramona\\\/#author\"},\"image\":{\"@type\":\"ImageObject\",\"url\":\"https:\\\/\\\/www.teatrulreginamaria.ro\\\/wp-content\\\/uploads\\\/2025\\\/09\\\/DSC_3606.jpg\",\"@id\":\"https:\\\/\\\/www.teatrulreginamaria.ro\\\/hu\\\/d-ale-carnavalului\\\/#mainImage\",\"width\":1618,\"height\":1078},\"primaryImageOfPage\":{\"@id\":\"https:\\\/\\\/www.teatrulreginamaria.ro\\\/hu\\\/d-ale-carnavalului\\\/#mainImage\"},\"datePublished\":\"2025-09-05T09:48:39+03:00\",\"dateModified\":\"2025-10-08T13:54:42+03:00\"},{\"@type\":\"WebSite\",\"@id\":\"https:\\\/\\\/www.teatrulreginamaria.ro\\\/hu\\\/#website\",\"url\":\"https:\\\/\\\/www.teatrulreginamaria.ro\\\/hu\\\/\",\"name\":\"Teatrul Regina Maria Oradea\",\"alternateName\":\"TRM Oradea\",\"description\":\"Trupa Iosif Vulcan \\u0219i Trupa Arcadia\",\"inLanguage\":\"hu-HU\",\"publisher\":{\"@id\":\"https:\\\/\\\/www.teatrulreginamaria.ro\\\/hu\\\/#organization\"}}]}\n\t\t<\/script>\n\t\t<!-- All in One SEO Pro -->\r\n\t\t<title>D-ALE CARNAVALULUI - Teatrul Regina Maria Oradea<\/title>\n\n","aioseo_head_json":{"title":"KARNEV\u00c1L NAPOK - Regina Maria Sz\u00ednh\u00e1z, Nagyv\u00e1rad","description":"\u201eA \u201dD-ale carnavalului\u201e sz\u00ednpadra \u00e1ll\u00edtja Caragiale f\u00e9lreismerhetetlen v\u00edgj\u00e1t\u00e9k\u00e1t, tele em\u00e9szt\u0151 szenved\u00e9lyekkel, \u00edzletes intrik\u00e1k \u00e9s abszurd helyzetekkel. A fodr\u00e1sz, Nae Girimea Mi\u021ba Baston \u00e9s Didina Mazu k\u00f6z\u00f6tt zsongl\u0151rk\u00f6dik, m\u00edg partnereik, Pampon \u00e9s Cr\u0103c\u0103nel, f\u00e9lt\u00e9keny \u00e9s nevets\u00e9ges riv\u00e1lisok, val\u00f3s\u00e1gos vad\u00e1szatba kezdenek \u201dBibici\u201d ut\u00e1n.","canonical_url":"https:\/\/www.teatrulreginamaria.ro\/hu\/d-ale-carnavalului\/","robots":"max-image-preview:large","keywords":"","webmasterTools":{"miscellaneous":""},"schema":{"@context":"https:\/\/schema.org","@graph":[{"@type":"BlogPosting","@id":"https:\/\/www.teatrulreginamaria.ro\/hu\/d-ale-carnavalului\/#blogposting","name":"D-ALE CARNAVALULUI - Teatrul Regina Maria Oradea","headline":"D-ALE CARNAVALULUI","author":{"@id":"https:\/\/www.teatrulreginamaria.ro\/hu\/author\/ramona\/#author"},"publisher":{"@id":"https:\/\/www.teatrulreginamaria.ro\/hu\/#organization"},"image":{"@type":"ImageObject","url":"https:\/\/www.teatrulreginamaria.ro\/wp-content\/uploads\/2025\/09\/DSC_3606.jpg","width":1618,"height":1078},"datePublished":"2025-09-05T09:48:39+03:00","dateModified":"2025-10-08T13:54:42+03:00","inLanguage":"hu-HU","mainEntityOfPage":{"@id":"https:\/\/www.teatrulreginamaria.ro\/hu\/d-ale-carnavalului\/#webpage"},"isPartOf":{"@id":"https:\/\/www.teatrulreginamaria.ro\/hu\/d-ale-carnavalului\/#webpage"},"articleSection":"Spectacole Trupa Iosif Vulcan"},{"@type":"BreadcrumbList","@id":"https:\/\/www.teatrulreginamaria.ro\/hu\/d-ale-carnavalului\/#breadcrumblist","itemListElement":[{"@type":"ListItem","@id":"https:\/\/www.teatrulreginamaria.ro\/hu#listItem","position":1,"name":"Home","item":"https:\/\/www.teatrulreginamaria.ro\/hu","nextItem":{"@type":"ListItem","@id":"https:\/\/www.teatrulreginamaria.ro\/hu\/categorie\/trupa-iosif-vulcan\/#listItem","name":"Trupa Iosif Vulcan"}},{"@type":"ListItem","@id":"https:\/\/www.teatrulreginamaria.ro\/hu\/categorie\/trupa-iosif-vulcan\/#listItem","position":2,"name":"Trupa Iosif Vulcan","item":"https:\/\/www.teatrulreginamaria.ro\/hu\/categorie\/trupa-iosif-vulcan\/","nextItem":{"@type":"ListItem","@id":"https:\/\/www.teatrulreginamaria.ro\/hu\/categorie\/trupa-iosif-vulcan\/spectacole-trupa-iosif-vulcan\/#listItem","name":"Spectacole Trupa Iosif Vulcan"},"previousItem":{"@type":"ListItem","@id":"https:\/\/www.teatrulreginamaria.ro\/hu#listItem","name":"Home"}},{"@type":"ListItem","@id":"https:\/\/www.teatrulreginamaria.ro\/hu\/categorie\/trupa-iosif-vulcan\/spectacole-trupa-iosif-vulcan\/#listItem","position":3,"name":"Spectacole Trupa Iosif Vulcan","item":"https:\/\/www.teatrulreginamaria.ro\/hu\/categorie\/trupa-iosif-vulcan\/spectacole-trupa-iosif-vulcan\/","nextItem":{"@type":"ListItem","@id":"https:\/\/www.teatrulreginamaria.ro\/hu\/d-ale-carnavalului\/#listItem","name":"D-ALE CARNAVALULUI"},"previousItem":{"@type":"ListItem","@id":"https:\/\/www.teatrulreginamaria.ro\/hu\/categorie\/trupa-iosif-vulcan\/#listItem","name":"Trupa Iosif Vulcan"}},{"@type":"ListItem","@id":"https:\/\/www.teatrulreginamaria.ro\/hu\/d-ale-carnavalului\/#listItem","position":4,"name":"D-ALE CARNAVALULUI","previousItem":{"@type":"ListItem","@id":"https:\/\/www.teatrulreginamaria.ro\/hu\/categorie\/trupa-iosif-vulcan\/spectacole-trupa-iosif-vulcan\/#listItem","name":"Spectacole Trupa Iosif Vulcan"}}]},{"@type":"Organization","@id":"https:\/\/www.teatrulreginamaria.ro\/hu\/#organization","name":"Teatrul Regina Maria Oradea","description":"Trupa Iosif Vulcan \u0219i Trupa Arcadia","url":"https:\/\/www.teatrulreginamaria.ro\/hu\/","email":"marketing@teatrulreginamaria.ro","telephone":"+40359411534","numberOfEmployees":{"@type":"QuantitativeValue","minValue":0,"maxValue":150},"logo":{"@type":"ImageObject","url":"https:\/\/www.teatrulreginamaria.ro\/wp-content\/uploads\/2025\/06\/logo-trm-01-dark.png","@id":"https:\/\/www.teatrulreginamaria.ro\/hu\/d-ale-carnavalului\/#organizationLogo","width":300,"height":148},"image":{"@id":"https:\/\/www.teatrulreginamaria.ro\/hu\/d-ale-carnavalului\/#organizationLogo"},"sameAs":["https:\/\/www.facebook.com\/TRMTrupaIosifVulcan\/","https:\/\/x.com\/TRMOradea","https:\/\/www.instagram.com\/teatrul_regina_maria\/","https:\/\/www.youtube.com\/c\/TeatrulReginaMariaOradea","https:\/\/www.linkedin.com\/company\/teatrul-regina-maria"]},{"@type":"Person","@id":"https:\/\/www.teatrulreginamaria.ro\/hu\/author\/ramona\/#author","url":"https:\/\/www.teatrulreginamaria.ro\/hu\/author\/ramona\/","name":"Ramona Neme\u0219","image":{"@type":"ImageObject","@id":"https:\/\/www.teatrulreginamaria.ro\/hu\/d-ale-carnavalului\/#authorImage","url":"https:\/\/www.teatrulreginamaria.ro\/wp-content\/uploads\/2025\/04\/ramona_nemes-sq-01.jpg","width":300,"height":300}},{"@type":"WebPage","@id":"https:\/\/www.teatrulreginamaria.ro\/hu\/d-ale-carnavalului\/#webpage","url":"https:\/\/www.teatrulreginamaria.ro\/hu\/d-ale-carnavalului\/","name":"D-ALE CARNAVALULUI - Teatrul Regina Maria Oradea","description":"\u201eD-ale carnavalului\u201d aduce pe scen\u0103 comedia inconfundabil\u0103 a lui Caragiale, plin\u0103 de pasiuni mistuitoare, intrigi savuroase \u0219i situa\u021bii absurde. Frizerul Nae Girimea jongleaz\u0103 \u00eentre Mi\u021ba Baston \u0219i Didina Mazu, \u00een vreme ce partenerii acestora, Pampon \u0219i Cr\u0103c\u0103nel, rivali gelo\u0219i \u0219i ridicoli, se lanseaz\u0103 \u00eentr-o veritabil\u0103 v\u00e2n\u0103toare de \u201eBibici\u201d.","inLanguage":"hu-HU","isPartOf":{"@id":"https:\/\/www.teatrulreginamaria.ro\/hu\/#website"},"breadcrumb":{"@id":"https:\/\/www.teatrulreginamaria.ro\/hu\/d-ale-carnavalului\/#breadcrumblist"},"author":{"@id":"https:\/\/www.teatrulreginamaria.ro\/hu\/author\/ramona\/#author"},"creator":{"@id":"https:\/\/www.teatrulreginamaria.ro\/hu\/author\/ramona\/#author"},"image":{"@type":"ImageObject","url":"https:\/\/www.teatrulreginamaria.ro\/wp-content\/uploads\/2025\/09\/DSC_3606.jpg","@id":"https:\/\/www.teatrulreginamaria.ro\/hu\/d-ale-carnavalului\/#mainImage","width":1618,"height":1078},"primaryImageOfPage":{"@id":"https:\/\/www.teatrulreginamaria.ro\/hu\/d-ale-carnavalului\/#mainImage"},"datePublished":"2025-09-05T09:48:39+03:00","dateModified":"2025-10-08T13:54:42+03:00"},{"@type":"WebSite","@id":"https:\/\/www.teatrulreginamaria.ro\/hu\/#website","url":"https:\/\/www.teatrulreginamaria.ro\/hu\/","name":"Teatrul Regina Maria Oradea","alternateName":"TRM Oradea","description":"Trupa Iosif Vulcan \u0219i Trupa Arcadia","inLanguage":"hu-HU","publisher":{"@id":"https:\/\/www.teatrulreginamaria.ro\/hu\/#organization"}}]},"og:locale":"hu_HU","og:site_name":"Teatrul Regina Maria Oradea - Trupa Iosif Vulcan \u0219i Trupa Arcadia","og:type":"article","og:title":"D-ALE CARNAVALULUI - Teatrul Regina Maria Oradea","og:description":"\u201eD-ale carnavalului\u201d aduce pe scen\u0103 comedia inconfundabil\u0103 a lui Caragiale, plin\u0103 de pasiuni mistuitoare, intrigi savuroase \u0219i situa\u021bii absurde. Frizerul Nae Girimea jongleaz\u0103 \u00eentre Mi\u021ba Baston \u0219i Didina Mazu, \u00een vreme ce partenerii acestora, Pampon \u0219i Cr\u0103c\u0103nel, rivali gelo\u0219i \u0219i ridicoli, se lanseaz\u0103 \u00eentr-o veritabil\u0103 v\u00e2n\u0103toare de \u201eBibici\u201d.","og:url":"https:\/\/www.teatrulreginamaria.ro\/hu\/d-ale-carnavalului\/","og:image":"https:\/\/www.teatrulreginamaria.ro\/wp-content\/uploads\/2025\/03\/trm-istoric-01.jpg","og:image:secure_url":"https:\/\/www.teatrulreginamaria.ro\/wp-content\/uploads\/2025\/03\/trm-istoric-01.jpg","og:image:width":1200,"og:image:height":800,"article:published_time":"2025-09-05T06:48:39+00:00","article:modified_time":"2025-10-08T10:54:42+00:00","article:publisher":"https:\/\/www.facebook.com\/TRMTrupaIosifVulcan\/","twitter:card":"summary_large_image","twitter:site":"@TRMOradea","twitter:title":"D-ALE CARNAVALULUI - Teatrul Regina Maria Oradea","twitter:description":"\u201eD-ale carnavalului\u201d aduce pe scen\u0103 comedia inconfundabil\u0103 a lui Caragiale, plin\u0103 de pasiuni mistuitoare, intrigi savuroase \u0219i situa\u021bii absurde. Frizerul Nae Girimea jongleaz\u0103 \u00eentre Mi\u021ba Baston \u0219i Didina Mazu, \u00een vreme ce partenerii acestora, Pampon \u0219i Cr\u0103c\u0103nel, rivali gelo\u0219i \u0219i ridicoli, se lanseaz\u0103 \u00eentr-o veritabil\u0103 v\u00e2n\u0103toare de \u201eBibici\u201d.","twitter:creator":"@TRMOradea","twitter:image":"https:\/\/www.teatrulreginamaria.ro\/wp-content\/uploads\/2025\/03\/trm-istoric-01.jpg"},"aioseo_meta_data":{"post_id":"13663","title":null,"description":null,"keywords":null,"keyphrases":{"focus":{"keyphrase":"","score":0,"analysis":{"keyphraseInTitle":{"score":0,"maxScore":9,"error":1}}},"additional":[]},"primary_term":null,"canonical_url":null,"og_title":null,"og_description":null,"og_object_type":"default","og_image_type":"default","og_image_url":null,"og_image_width":null,"og_image_height":null,"og_image_custom_url":null,"og_image_custom_fields":null,"og_video":"","og_custom_url":null,"og_article_section":null,"og_article_tags":null,"twitter_use_og":false,"twitter_card":"default","twitter_image_type":"default","twitter_image_url":null,"twitter_image_custom_url":null,"twitter_image_custom_fields":null,"twitter_title":null,"twitter_description":null,"schema":{"blockGraphs":[],"customGraphs":[],"default":{"data":{"Article":[],"Course":[],"Dataset":[],"FAQPage":[],"Movie":[],"Person":[],"Product":[],"ProductReview":[],"Car":[],"Recipe":[],"Service":[],"SoftwareApplication":[],"WebPage":[]},"graphName":"BlogPosting","isEnabled":true},"graphs":[]},"schema_type":"default","schema_type_options":null,"pillar_content":false,"robots_default":true,"robots_noindex":false,"robots_noarchive":false,"robots_nosnippet":false,"robots_nofollow":false,"robots_noimageindex":false,"robots_noodp":false,"robots_notranslate":false,"robots_max_snippet":"-1","robots_max_videopreview":"-1","robots_max_imagepreview":"large","priority":null,"frequency":"default","local_seo":null,"seo_analyzer_scan_date":"2026-05-13 03:46:36","breadcrumb_settings":null,"limit_modified_date":false,"reviewed_by":"0","open_ai":null,"ai":{"faqs":[],"keyPoints":[],"titles":[],"descriptions":[],"socialPosts":{"email":[],"linkedin":[],"twitter":[],"facebook":[],"instagram":[]}},"created":"2025-09-05 06:41:22","updated":"2026-05-13 03:46:36","focus_keyword":null,"additional_keywords":null,"truseo_locale":null},"aioseo_breadcrumb":"<div class=\"aioseo-breadcrumbs\"><span class=\"aioseo-breadcrumb\">\n\t<a href=\"https:\/\/www.teatrulreginamaria.ro\/hu\" title=\"Home\">Home<\/a>\n<\/span><span class=\"aioseo-breadcrumb-separator\">&raquo;<\/span><span class=\"aioseo-breadcrumb\">\n\t<a href=\"https:\/\/www.teatrulreginamaria.ro\/hu\/categorie\/trupa-iosif-vulcan\/\" title=\"Trupa Iosif Vulcan\">Trupa Iosif Vulcan<\/a>\n<\/span><span class=\"aioseo-breadcrumb-separator\">&raquo;<\/span><span class=\"aioseo-breadcrumb\">\n\t<a href=\"https:\/\/www.teatrulreginamaria.ro\/hu\/categorie\/trupa-iosif-vulcan\/spectacole-trupa-iosif-vulcan\/\" title=\"Spectacole Trupa Iosif Vulcan\">Spectacole Trupa Iosif Vulcan<\/a>\n<\/span><span class=\"aioseo-breadcrumb-separator\">&raquo;<\/span><span class=\"aioseo-breadcrumb\">\n\tD-ALE CARNAVALULUI\n<\/span><\/div>","aioseo_breadcrumb_json":[{"label":"Home","link":"https:\/\/www.teatrulreginamaria.ro\/hu"},{"label":"Trupa Iosif Vulcan","link":"https:\/\/www.teatrulreginamaria.ro\/hu\/categorie\/trupa-iosif-vulcan\/"},{"label":"Spectacole Trupa Iosif Vulcan","link":"https:\/\/www.teatrulreginamaria.ro\/hu\/categorie\/trupa-iosif-vulcan\/spectacole-trupa-iosif-vulcan\/"},{"label":"D-ALE CARNAVALULUI","link":"https:\/\/www.teatrulreginamaria.ro\/hu\/d-ale-carnavalului\/"}],"acf":[],"_links":{"self":[{"href":"https:\/\/www.teatrulreginamaria.ro\/hu\/wp-json\/wp\/v2\/posts\/13663","targetHints":{"allow":["GET"]}}],"collection":[{"href":"https:\/\/www.teatrulreginamaria.ro\/hu\/wp-json\/wp\/v2\/posts"}],"about":[{"href":"https:\/\/www.teatrulreginamaria.ro\/hu\/wp-json\/wp\/v2\/types\/post"}],"author":[{"embeddable":true,"href":"https:\/\/www.teatrulreginamaria.ro\/hu\/wp-json\/wp\/v2\/users\/8"}],"replies":[{"embeddable":true,"href":"https:\/\/www.teatrulreginamaria.ro\/hu\/wp-json\/wp\/v2\/comments?post=13663"}],"version-history":[{"count":3,"href":"https:\/\/www.teatrulreginamaria.ro\/hu\/wp-json\/wp\/v2\/posts\/13663\/revisions"}],"predecessor-version":[{"id":13935,"href":"https:\/\/www.teatrulreginamaria.ro\/hu\/wp-json\/wp\/v2\/posts\/13663\/revisions\/13935"}],"wp:featuredmedia":[{"embeddable":true,"href":"https:\/\/www.teatrulreginamaria.ro\/hu\/wp-json\/wp\/v2\/media\/13729"}],"wp:attachment":[{"href":"https:\/\/www.teatrulreginamaria.ro\/hu\/wp-json\/wp\/v2\/media?parent=13663"}],"wp:term":[{"taxonomy":"category","embeddable":true,"href":"https:\/\/www.teatrulreginamaria.ro\/hu\/wp-json\/wp\/v2\/categories?post=13663"},{"taxonomy":"post_tag","embeddable":true,"href":"https:\/\/www.teatrulreginamaria.ro\/hu\/wp-json\/wp\/v2\/tags?post=13663"}],"curies":[{"name":"munkaf\u00fczet","href":"https:\/\/api.w.org\/{rel}","templated":true}]}}