{"id":1376,"date":"2015-10-28T08:07:39","date_gmt":"2015-10-28T08:07:39","guid":{"rendered":"https:\/\/teatrulreginamaria.ro\/2015\/10\/28\/ansamblul-crisana-la-expo-milano-2015\/"},"modified":"2015-10-28T08:07:39","modified_gmt":"2015-10-28T08:07:39","slug":"crisana-egyuttes-a-milanoi-expon-2015","status":"publish","type":"post","link":"https:\/\/www.teatrulreginamaria.ro\/hu\/ansamblul-crisana-la-expo-milano-2015\/","title":{"rendered":"A CRI\u0218ANA ENEMBLE \u2013 AZ EXPO MILANO 2015-BEN"},"content":{"rendered":"<p style=\"text-align: justify;\"><a href=\"https:\/\/www.teatrulreginamaria.ro\/hu\/ansamblul-crisana\/files\/2015\/10\/expo-milano2015.jpg\/\"><\/a>2015. okt\u00f3ber 24. \u00e9s 30. k\u00f6z\u00f6tt a Cri\u015fana Professzion\u00e1lis M\u0171v\u00e9szeti Egy\u00fcttes egy kis m\u0171v\u00e9szcsoportja \u2013 t\u00e1ncosokb\u00f3l, Adrian Miescu \u00e1ltal koordin\u00e1lt hangszeres m\u0171v\u00e9szekb\u0151l, valamint Leontin Ciucur, Cornelia Covaciu \u00e9s Otilia Harago\u015f Seghedi \u00e9nekes sz\u00f3list\u00e1kb\u00f3l \u2013 k\u00e9pviselte Bihar megy\u00e9t \u00e9s Rom\u00e1ni\u00e1t a 2015-\u00f6s mil\u00e1n\u00f3i vil\u00e1gki\u00e1ll\u00edt\u00e1son.<\/p>\n<p><!--more--><\/p>\n<p style=\"text-align: justify;\">Bihari m\u0171v\u00e9szek a Rom\u00e1n Pavilonban adj\u00e1k el\u0151 a \u201eDal \u00e9s j\u00e1t\u00e9k \u2013 az eg\u00e9szs\u00e9g forr\u00e1sa\u201d c\u00edm\u0171 el\u0151ad\u00e1st, amelyben Rom\u00e1nia \u00f6sszes folkl\u00f3rter\u00fclet\u00e9t felfedezik \u00e9nek \u00e9s t\u00e1nc seg\u00edts\u00e9g\u00e9vel.<\/p>\n<p style=\"text-align: justify;\">Az Expo Milano 2015 m\u00e1jus 1. \u00e9s okt\u00f3ber 31. k\u00f6z\u00f6tt ker\u00fcl megrendez\u00e9sre Olaszorsz\u00e1gban, t\u00e9m\u00e1ja pedig a \u201eBolyg\u00f3 t\u00e1pl\u00e1l\u00e1sa, energia az \u00e9lethez\u201d. A 6 h\u00f3napos ki\u00e1ll\u00edt\u00e1si esem\u00e9ny l\u00e1that\u00f3v\u00e1 teszi Rom\u00e1ni\u00e1t az\u00e1ltal, hogy kiemeli hagyom\u00e1nyait, kreativit\u00e1s\u00e1t, innov\u00e1ci\u00f3j\u00e1t \u00e9s hiteless\u00e9g\u00e9t.<\/p>","protected":false},"excerpt":{"rendered":"<p>2015. okt\u00f3ber 24. \u00e9s 30. k\u00f6z\u00f6tt a Cri\u015fana Professzion\u00e1lis M\u0171v\u00e9szeti Egy\u00fcttes egy kis m\u0171v\u00e9szcsoportja \u2013 t\u00e1ncosokb\u00f3l, Adrian Miescu \u00e1ltal koordin\u00e1lt hangszeres m\u0171v\u00e9szekb\u0151l, valamint Leontin Ciucur, Cornelia Covaciu \u00e9s Otilia Harago\u015f Seghedi \u00e9nekes sz\u00f3list\u00e1kb\u00f3l \u2013 k\u00e9pviselte Bihar megy\u00e9t \u00e9s Rom\u00e1ni\u00e1t a 2015-\u00f6s mil\u00e1n\u00f3i vil\u00e1gki\u00e1ll\u00edt\u00e1son.<\/p>","protected":false},"author":1,"featured_media":0,"comment_status":"open","ping_status":"open","sticky":false,"template":"","format":"standard","meta":{"_acf_changed":false,"footnotes":""},"categories":[32],"tags":[],"class_list":["post-1376","post","type-post","status-publish","format-standard","hentry","category-noutati-ansamblul-crisana"],"aioseo_notices":[],"aioseo_head":"\n\t\t<!-- All in One SEO Pro 5.0.1.1 - aioseo.com -->\n\t<meta name=\"description\" content=\"\u00cen perioada 24 \u2013 30 octombrie 2015 un grup restr\u00e2ns de arti\u015fti ai Ansamblului Artistic Profesionist Cri\u015fana, format din corpul de dansatori, arti\u015fti instrumenti\u015fti coordona\u0163i de Adrian Miescu \u015fi soli\u015ftii vocali Leontin Ciucur, Cornelia Covaciu \u015fi Otilia Harago\u015f Seghedi, reprezint\u0103 jude\u0163ul Bihor \u015fi Rom\u00e2nia la Expozi\u0163ia Mondial\u0103 Milano 2015. Arti\u015ftii bihoreni vor sus\u0163ine la Pavilionul\" \/>\n\t<meta name=\"robots\" content=\"max-image-preview:large\" \/>\n\t<meta name=\"author\" content=\"Teatrul Regina Maria\"\/>\n\t<link rel=\"canonical\" href=\"https:\/\/www.teatrulreginamaria.ro\/hu\/ansamblul-crisana-la-expo-milano-2015\/\" \/>\n\t<meta name=\"generator\" content=\"All in One SEO Pro (AIOSEO) 5.0.1.1\" \/>\n\t\t<meta property=\"og:locale\" content=\"hu_HU\" \/>\n\t\t<meta property=\"og:site_name\" content=\"Teatrul Regina Maria Oradea - Trupa Iosif Vulcan \u0219i Trupa Arcadia\" \/>\n\t\t<meta property=\"og:type\" content=\"article\" \/>\n\t\t<meta property=\"og:title\" content=\"ANSAMBLUL CRI\u0218ANA \u2013 LA EXPO MILANO 2015 - Teatrul Regina Maria Oradea\" \/>\n\t\t<meta property=\"og:description\" content=\"\u00cen perioada 24 \u2013 30 octombrie 2015 un grup restr\u00e2ns de arti\u015fti ai Ansamblului Artistic Profesionist Cri\u015fana, format din corpul de dansatori, arti\u015fti instrumenti\u015fti coordona\u0163i de Adrian Miescu \u015fi soli\u015ftii vocali Leontin Ciucur, Cornelia Covaciu \u015fi Otilia Harago\u015f Seghedi, reprezint\u0103 jude\u0163ul Bihor \u015fi Rom\u00e2nia la Expozi\u0163ia Mondial\u0103 Milano 2015. Arti\u015ftii bihoreni vor sus\u0163ine la Pavilionul\" \/>\n\t\t<meta property=\"og:url\" content=\"https:\/\/www.teatrulreginamaria.ro\/hu\/ansamblul-crisana-la-expo-milano-2015\/\" \/>\n\t\t<meta property=\"og:image\" content=\"https:\/\/www.teatrulreginamaria.ro\/wp-content\/uploads\/2025\/03\/trm-istoric-01.jpg\" \/>\n\t\t<meta property=\"og:image:secure_url\" content=\"https:\/\/www.teatrulreginamaria.ro\/wp-content\/uploads\/2025\/03\/trm-istoric-01.jpg\" \/>\n\t\t<meta property=\"og:image:width\" content=\"1200\" \/>\n\t\t<meta property=\"og:image:height\" content=\"800\" \/>\n\t\t<meta property=\"article:published_time\" content=\"2015-10-28T08:07:39+00:00\" \/>\n\t\t<meta property=\"article:modified_time\" content=\"2015-10-28T08:07:39+00:00\" \/>\n\t\t<meta property=\"article:publisher\" content=\"https:\/\/www.facebook.com\/TRMTrupaIosifVulcan\/\" \/>\n\t\t<meta name=\"twitter:card\" content=\"summary_large_image\" \/>\n\t\t<meta name=\"twitter:site\" content=\"@TRMOradea\" \/>\n\t\t<meta name=\"twitter:title\" content=\"ANSAMBLUL CRI\u0218ANA \u2013 LA EXPO MILANO 2015 - Teatrul Regina Maria Oradea\" \/>\n\t\t<meta name=\"twitter:description\" content=\"\u00cen perioada 24 \u2013 30 octombrie 2015 un grup restr\u00e2ns de arti\u015fti ai Ansamblului Artistic Profesionist Cri\u015fana, format din corpul de dansatori, arti\u015fti instrumenti\u015fti coordona\u0163i de Adrian Miescu \u015fi soli\u015ftii vocali Leontin Ciucur, Cornelia Covaciu \u015fi Otilia Harago\u015f Seghedi, reprezint\u0103 jude\u0163ul Bihor \u015fi Rom\u00e2nia la Expozi\u0163ia Mondial\u0103 Milano 2015. Arti\u015ftii bihoreni vor sus\u0163ine la Pavilionul\" \/>\n\t\t<meta name=\"twitter:creator\" content=\"@TRMOradea\" \/>\n\t\t<meta name=\"twitter:image\" content=\"https:\/\/www.teatrulreginamaria.ro\/wp-content\/uploads\/2025\/03\/trm-istoric-01.jpg\" \/>\n\t\t<script type=\"application\/ld+json\" class=\"aioseo-schema\">\n\t\t\t{\"@context\":\"https:\\\/\\\/schema.org\",\"@graph\":[{\"@type\":\"BlogPosting\",\"@id\":\"https:\\\/\\\/www.teatrulreginamaria.ro\\\/hu\\\/ansamblul-crisana-la-expo-milano-2015\\\/#blogposting\",\"name\":\"ANSAMBLUL CRI\\u0218ANA \\u2013 LA EXPO MILANO 2015 - Teatrul Regina Maria Oradea\",\"headline\":\"ANSAMBLUL CRI\\u0218ANA &#8211; LA EXPO MILANO 2015\",\"author\":{\"@id\":\"https:\\\/\\\/www.teatrulreginamaria.ro\\\/hu\\\/author\\\/iulianm\\\/#author\"},\"publisher\":{\"@id\":\"https:\\\/\\\/www.teatrulreginamaria.ro\\\/hu\\\/#organization\"},\"image\":{\"@type\":\"ImageObject\",\"url\":\"https:\\\/\\\/www.teatrulreginamaria.ro\\\/wp-content\\\/uploads\\\/2025\\\/06\\\/logo-trm-01-dark.png\",\"@id\":\"https:\\\/\\\/www.teatrulreginamaria.ro\\\/hu\\\/#articleImage\",\"width\":300,\"height\":148},\"datePublished\":\"2015-10-28T08:07:39+02:00\",\"dateModified\":\"2015-10-28T08:07:39+02:00\",\"inLanguage\":\"hu-HU\",\"mainEntityOfPage\":{\"@id\":\"https:\\\/\\\/www.teatrulreginamaria.ro\\\/hu\\\/ansamblul-crisana-la-expo-milano-2015\\\/#webpage\"},\"isPartOf\":{\"@id\":\"https:\\\/\\\/www.teatrulreginamaria.ro\\\/hu\\\/ansamblul-crisana-la-expo-milano-2015\\\/#webpage\"},\"articleSection\":\"Nout\\u0103\\u021bi - Ansamblul Cri\\u0219ana\"},{\"@type\":\"BreadcrumbList\",\"@id\":\"https:\\\/\\\/www.teatrulreginamaria.ro\\\/hu\\\/ansamblul-crisana-la-expo-milano-2015\\\/#breadcrumblist\",\"itemListElement\":[{\"@type\":\"ListItem\",\"@id\":\"https:\\\/\\\/www.teatrulreginamaria.ro\\\/hu#listItem\",\"position\":1,\"name\":\"Home\",\"item\":\"https:\\\/\\\/www.teatrulreginamaria.ro\\\/hu\",\"nextItem\":{\"@type\":\"ListItem\",\"@id\":\"https:\\\/\\\/www.teatrulreginamaria.ro\\\/hu\\\/categorie\\\/noutati\\\/#listItem\",\"name\":\"Nout\\u0103\\u021bi\"}},{\"@type\":\"ListItem\",\"@id\":\"https:\\\/\\\/www.teatrulreginamaria.ro\\\/hu\\\/categorie\\\/noutati\\\/#listItem\",\"position\":2,\"name\":\"Nout\\u0103\\u021bi\",\"item\":\"https:\\\/\\\/www.teatrulreginamaria.ro\\\/hu\\\/categorie\\\/noutati\\\/\",\"nextItem\":{\"@type\":\"ListItem\",\"@id\":\"https:\\\/\\\/www.teatrulreginamaria.ro\\\/hu\\\/categorie\\\/noutati\\\/noutati-ansamblul-crisana\\\/#listItem\",\"name\":\"Nout\\u0103\\u021bi - Ansamblul Cri\\u0219ana\"},\"previousItem\":{\"@type\":\"ListItem\",\"@id\":\"https:\\\/\\\/www.teatrulreginamaria.ro\\\/hu#listItem\",\"name\":\"Home\"}},{\"@type\":\"ListItem\",\"@id\":\"https:\\\/\\\/www.teatrulreginamaria.ro\\\/hu\\\/categorie\\\/noutati\\\/noutati-ansamblul-crisana\\\/#listItem\",\"position\":3,\"name\":\"Nout\\u0103\\u021bi - Ansamblul Cri\\u0219ana\",\"item\":\"https:\\\/\\\/www.teatrulreginamaria.ro\\\/hu\\\/categorie\\\/noutati\\\/noutati-ansamblul-crisana\\\/\",\"nextItem\":{\"@type\":\"ListItem\",\"@id\":\"https:\\\/\\\/www.teatrulreginamaria.ro\\\/hu\\\/ansamblul-crisana-la-expo-milano-2015\\\/#listItem\",\"name\":\"ANSAMBLUL CRI\\u0218ANA &#8211; LA EXPO MILANO 2015\"},\"previousItem\":{\"@type\":\"ListItem\",\"@id\":\"https:\\\/\\\/www.teatrulreginamaria.ro\\\/hu\\\/categorie\\\/noutati\\\/#listItem\",\"name\":\"Nout\\u0103\\u021bi\"}},{\"@type\":\"ListItem\",\"@id\":\"https:\\\/\\\/www.teatrulreginamaria.ro\\\/hu\\\/ansamblul-crisana-la-expo-milano-2015\\\/#listItem\",\"position\":4,\"name\":\"ANSAMBLUL CRI\\u0218ANA &#8211; LA EXPO MILANO 2015\",\"previousItem\":{\"@type\":\"ListItem\",\"@id\":\"https:\\\/\\\/www.teatrulreginamaria.ro\\\/hu\\\/categorie\\\/noutati\\\/noutati-ansamblul-crisana\\\/#listItem\",\"name\":\"Nout\\u0103\\u021bi - Ansamblul Cri\\u0219ana\"}}]},{\"@type\":\"Organization\",\"@id\":\"https:\\\/\\\/www.teatrulreginamaria.ro\\\/hu\\\/#organization\",\"name\":\"Teatrul Regina Maria Oradea\",\"description\":\"Trupa Iosif Vulcan \\u0219i Trupa Arcadia\",\"url\":\"https:\\\/\\\/www.teatrulreginamaria.ro\\\/hu\\\/\",\"email\":\"marketing@teatrulreginamaria.ro\",\"telephone\":\"+40359411534\",\"numberOfEmployees\":{\"@type\":\"QuantitativeValue\",\"minValue\":0,\"maxValue\":150},\"logo\":{\"@type\":\"ImageObject\",\"url\":\"https:\\\/\\\/www.teatrulreginamaria.ro\\\/wp-content\\\/uploads\\\/2025\\\/06\\\/logo-trm-01-dark.png\",\"@id\":\"https:\\\/\\\/www.teatrulreginamaria.ro\\\/hu\\\/ansamblul-crisana-la-expo-milano-2015\\\/#organizationLogo\",\"width\":300,\"height\":148},\"image\":{\"@id\":\"https:\\\/\\\/www.teatrulreginamaria.ro\\\/hu\\\/ansamblul-crisana-la-expo-milano-2015\\\/#organizationLogo\"},\"sameAs\":[\"https:\\\/\\\/www.facebook.com\\\/TRMTrupaIosifVulcan\\\/\",\"https:\\\/\\\/x.com\\\/TRMOradea\",\"https:\\\/\\\/www.instagram.com\\\/teatrul_regina_maria\\\/\",\"https:\\\/\\\/www.youtube.com\\\/c\\\/TeatrulReginaMariaOradea\",\"https:\\\/\\\/www.linkedin.com\\\/company\\\/teatrul-regina-maria\"]},{\"@type\":\"Person\",\"@id\":\"https:\\\/\\\/www.teatrulreginamaria.ro\\\/hu\\\/author\\\/iulianm\\\/#author\",\"url\":\"https:\\\/\\\/www.teatrulreginamaria.ro\\\/hu\\\/author\\\/iulianm\\\/\",\"name\":\"Teatrul Regina Maria\",\"image\":{\"@type\":\"ImageObject\",\"@id\":\"https:\\\/\\\/www.teatrulreginamaria.ro\\\/hu\\\/ansamblul-crisana-la-expo-milano-2015\\\/#authorImage\",\"url\":\"https:\\\/\\\/secure.gravatar.com\\\/avatar\\\/49af75bc1b3eb710073d2f37927ea27e6c274a29562ef49edfc6bcf11b9e941d?s=96&d=mm&r=g\",\"width\":96,\"height\":96,\"caption\":\"Teatrul Regina Maria\"}},{\"@type\":\"WebPage\",\"@id\":\"https:\\\/\\\/www.teatrulreginamaria.ro\\\/hu\\\/ansamblul-crisana-la-expo-milano-2015\\\/#webpage\",\"url\":\"https:\\\/\\\/www.teatrulreginamaria.ro\\\/hu\\\/ansamblul-crisana-la-expo-milano-2015\\\/\",\"name\":\"ANSAMBLUL CRI\\u0218ANA \\u2013 LA EXPO MILANO 2015 - Teatrul Regina Maria Oradea\",\"description\":\"\\u00cen perioada 24 \\u2013 30 octombrie 2015 un grup restr\\u00e2ns de arti\\u015fti ai Ansamblului Artistic Profesionist Cri\\u015fana, format din corpul de dansatori, arti\\u015fti instrumenti\\u015fti coordona\\u0163i de Adrian Miescu \\u015fi soli\\u015ftii vocali Leontin Ciucur, Cornelia Covaciu \\u015fi Otilia Harago\\u015f Seghedi, reprezint\\u0103 jude\\u0163ul Bihor \\u015fi Rom\\u00e2nia la Expozi\\u0163ia Mondial\\u0103 Milano 2015. Arti\\u015ftii bihoreni vor sus\\u0163ine la Pavilionul\",\"inLanguage\":\"hu-HU\",\"isPartOf\":{\"@id\":\"https:\\\/\\\/www.teatrulreginamaria.ro\\\/hu\\\/#website\"},\"breadcrumb\":{\"@id\":\"https:\\\/\\\/www.teatrulreginamaria.ro\\\/hu\\\/ansamblul-crisana-la-expo-milano-2015\\\/#breadcrumblist\"},\"author\":{\"@id\":\"https:\\\/\\\/www.teatrulreginamaria.ro\\\/hu\\\/author\\\/iulianm\\\/#author\"},\"creator\":{\"@id\":\"https:\\\/\\\/www.teatrulreginamaria.ro\\\/hu\\\/author\\\/iulianm\\\/#author\"},\"datePublished\":\"2015-10-28T08:07:39+02:00\",\"dateModified\":\"2015-10-28T08:07:39+02:00\"},{\"@type\":\"WebSite\",\"@id\":\"https:\\\/\\\/www.teatrulreginamaria.ro\\\/hu\\\/#website\",\"url\":\"https:\\\/\\\/www.teatrulreginamaria.ro\\\/hu\\\/\",\"name\":\"Teatrul Regina Maria Oradea\",\"alternateName\":\"TRM Oradea\",\"description\":\"Trupa Iosif Vulcan \\u0219i Trupa Arcadia\",\"inLanguage\":\"hu-HU\",\"publisher\":{\"@id\":\"https:\\\/\\\/www.teatrulreginamaria.ro\\\/hu\\\/#organization\"}}]}\n\t\t<\/script>\n\t\t<!-- All in One SEO Pro -->\r\n\t\t<title>ANSAMBLUL CRI\u0218ANA \u2013 LA EXPO MILANO 2015 - Teatrul Regina Maria Oradea<\/title>\n\n","aioseo_head_json":{"title":"CRI\u0218ANA ENEMBLE \u2013 AT EXPO MILANO 2015 \u2013 Regina Maria Sz\u00ednh\u00e1z Nagyv\u00e1radi","description":"2015. okt\u00f3ber 24. \u00e9s 30. k\u00f6z\u00f6tt a Cri\u015fana Professzion\u00e1lis M\u0171v\u00e9szeti Egy\u00fcttes egy kis m\u0171v\u00e9szcsoportja \u2013 t\u00e1ncosokb\u00f3l, Adrian Miescu \u00e1ltal koordin\u00e1lt hangszeres m\u0171v\u00e9szekb\u0151l, valamint Leontin Ciucur, Cornelia Covaciu \u00e9s Otilia Harago\u015f Seghedi vok\u00e1lis sz\u00f3list\u00e1kb\u00f3l \u2013 k\u00e9pviseli Bihar megy\u00e9t \u00e9s Rom\u00e1ni\u00e1t a 2015-\u00f6s Mil\u00e1n\u00f3i Vil\u00e1gki\u00e1ll\u00edt\u00e1son. A bihari m\u0171v\u00e9szek a Pavilonban l\u00e9pnek fel.","canonical_url":"https:\/\/www.teatrulreginamaria.ro\/hu\/ansamblul-crisana-la-expo-milano-2015\/","robots":"max-image-preview:large","keywords":"","webmasterTools":{"miscellaneous":""},"schema":{"@context":"https:\/\/schema.org","@graph":[{"@type":"BlogPosting","@id":"https:\/\/www.teatrulreginamaria.ro\/hu\/ansamblul-crisana-la-expo-milano-2015\/#blogposting","name":"ANSAMBLUL CRI\u0218ANA \u2013 LA EXPO MILANO 2015 - Teatrul Regina Maria Oradea","headline":"ANSAMBLUL CRI\u0218ANA &#8211; LA EXPO MILANO 2015","author":{"@id":"https:\/\/www.teatrulreginamaria.ro\/hu\/author\/iulianm\/#author"},"publisher":{"@id":"https:\/\/www.teatrulreginamaria.ro\/hu\/#organization"},"image":{"@type":"ImageObject","url":"https:\/\/www.teatrulreginamaria.ro\/wp-content\/uploads\/2025\/06\/logo-trm-01-dark.png","@id":"https:\/\/www.teatrulreginamaria.ro\/hu\/#articleImage","width":300,"height":148},"datePublished":"2015-10-28T08:07:39+02:00","dateModified":"2015-10-28T08:07:39+02:00","inLanguage":"hu-HU","mainEntityOfPage":{"@id":"https:\/\/www.teatrulreginamaria.ro\/hu\/ansamblul-crisana-la-expo-milano-2015\/#webpage"},"isPartOf":{"@id":"https:\/\/www.teatrulreginamaria.ro\/hu\/ansamblul-crisana-la-expo-milano-2015\/#webpage"},"articleSection":"Nout\u0103\u021bi - Ansamblul Cri\u0219ana"},{"@type":"BreadcrumbList","@id":"https:\/\/www.teatrulreginamaria.ro\/hu\/ansamblul-crisana-la-expo-milano-2015\/#breadcrumblist","itemListElement":[{"@type":"ListItem","@id":"https:\/\/www.teatrulreginamaria.ro\/hu#listItem","position":1,"name":"Home","item":"https:\/\/www.teatrulreginamaria.ro\/hu","nextItem":{"@type":"ListItem","@id":"https:\/\/www.teatrulreginamaria.ro\/hu\/categorie\/noutati\/#listItem","name":"Nout\u0103\u021bi"}},{"@type":"ListItem","@id":"https:\/\/www.teatrulreginamaria.ro\/hu\/categorie\/noutati\/#listItem","position":2,"name":"Nout\u0103\u021bi","item":"https:\/\/www.teatrulreginamaria.ro\/hu\/categorie\/noutati\/","nextItem":{"@type":"ListItem","@id":"https:\/\/www.teatrulreginamaria.ro\/hu\/categorie\/noutati\/noutati-ansamblul-crisana\/#listItem","name":"Nout\u0103\u021bi - Ansamblul Cri\u0219ana"},"previousItem":{"@type":"ListItem","@id":"https:\/\/www.teatrulreginamaria.ro\/hu#listItem","name":"Home"}},{"@type":"ListItem","@id":"https:\/\/www.teatrulreginamaria.ro\/hu\/categorie\/noutati\/noutati-ansamblul-crisana\/#listItem","position":3,"name":"Nout\u0103\u021bi - Ansamblul Cri\u0219ana","item":"https:\/\/www.teatrulreginamaria.ro\/hu\/categorie\/noutati\/noutati-ansamblul-crisana\/","nextItem":{"@type":"ListItem","@id":"https:\/\/www.teatrulreginamaria.ro\/hu\/ansamblul-crisana-la-expo-milano-2015\/#listItem","name":"ANSAMBLUL CRI\u0218ANA &#8211; LA EXPO MILANO 2015"},"previousItem":{"@type":"ListItem","@id":"https:\/\/www.teatrulreginamaria.ro\/hu\/categorie\/noutati\/#listItem","name":"Nout\u0103\u021bi"}},{"@type":"ListItem","@id":"https:\/\/www.teatrulreginamaria.ro\/hu\/ansamblul-crisana-la-expo-milano-2015\/#listItem","position":4,"name":"ANSAMBLUL CRI\u0218ANA &#8211; LA EXPO MILANO 2015","previousItem":{"@type":"ListItem","@id":"https:\/\/www.teatrulreginamaria.ro\/hu\/categorie\/noutati\/noutati-ansamblul-crisana\/#listItem","name":"Nout\u0103\u021bi - Ansamblul Cri\u0219ana"}}]},{"@type":"Organization","@id":"https:\/\/www.teatrulreginamaria.ro\/hu\/#organization","name":"Teatrul Regina Maria Oradea","description":"Trupa Iosif Vulcan \u0219i Trupa Arcadia","url":"https:\/\/www.teatrulreginamaria.ro\/hu\/","email":"marketing@teatrulreginamaria.ro","telephone":"+40359411534","numberOfEmployees":{"@type":"QuantitativeValue","minValue":0,"maxValue":150},"logo":{"@type":"ImageObject","url":"https:\/\/www.teatrulreginamaria.ro\/wp-content\/uploads\/2025\/06\/logo-trm-01-dark.png","@id":"https:\/\/www.teatrulreginamaria.ro\/hu\/ansamblul-crisana-la-expo-milano-2015\/#organizationLogo","width":300,"height":148},"image":{"@id":"https:\/\/www.teatrulreginamaria.ro\/hu\/ansamblul-crisana-la-expo-milano-2015\/#organizationLogo"},"sameAs":["https:\/\/www.facebook.com\/TRMTrupaIosifVulcan\/","https:\/\/x.com\/TRMOradea","https:\/\/www.instagram.com\/teatrul_regina_maria\/","https:\/\/www.youtube.com\/c\/TeatrulReginaMariaOradea","https:\/\/www.linkedin.com\/company\/teatrul-regina-maria"]},{"@type":"Person","@id":"https:\/\/www.teatrulreginamaria.ro\/hu\/author\/iulianm\/#author","url":"https:\/\/www.teatrulreginamaria.ro\/hu\/author\/iulianm\/","name":"Teatrul Regina Maria","image":{"@type":"ImageObject","@id":"https:\/\/www.teatrulreginamaria.ro\/hu\/ansamblul-crisana-la-expo-milano-2015\/#authorImage","url":"https:\/\/secure.gravatar.com\/avatar\/49af75bc1b3eb710073d2f37927ea27e6c274a29562ef49edfc6bcf11b9e941d?s=96&d=mm&r=g","width":96,"height":96,"caption":"Teatrul Regina Maria"}},{"@type":"WebPage","@id":"https:\/\/www.teatrulreginamaria.ro\/hu\/ansamblul-crisana-la-expo-milano-2015\/#webpage","url":"https:\/\/www.teatrulreginamaria.ro\/hu\/ansamblul-crisana-la-expo-milano-2015\/","name":"ANSAMBLUL CRI\u0218ANA \u2013 LA EXPO MILANO 2015 - Teatrul Regina Maria Oradea","description":"\u00cen perioada 24 \u2013 30 octombrie 2015 un grup restr\u00e2ns de arti\u015fti ai Ansamblului Artistic Profesionist Cri\u015fana, format din corpul de dansatori, arti\u015fti instrumenti\u015fti coordona\u0163i de Adrian Miescu \u015fi soli\u015ftii vocali Leontin Ciucur, Cornelia Covaciu \u015fi Otilia Harago\u015f Seghedi, reprezint\u0103 jude\u0163ul Bihor \u015fi Rom\u00e2nia la Expozi\u0163ia Mondial\u0103 Milano 2015. Arti\u015ftii bihoreni vor sus\u0163ine la Pavilionul","inLanguage":"hu-HU","isPartOf":{"@id":"https:\/\/www.teatrulreginamaria.ro\/hu\/#website"},"breadcrumb":{"@id":"https:\/\/www.teatrulreginamaria.ro\/hu\/ansamblul-crisana-la-expo-milano-2015\/#breadcrumblist"},"author":{"@id":"https:\/\/www.teatrulreginamaria.ro\/hu\/author\/iulianm\/#author"},"creator":{"@id":"https:\/\/www.teatrulreginamaria.ro\/hu\/author\/iulianm\/#author"},"datePublished":"2015-10-28T08:07:39+02:00","dateModified":"2015-10-28T08:07:39+02:00"},{"@type":"WebSite","@id":"https:\/\/www.teatrulreginamaria.ro\/hu\/#website","url":"https:\/\/www.teatrulreginamaria.ro\/hu\/","name":"Teatrul Regina Maria Oradea","alternateName":"TRM Oradea","description":"Trupa Iosif Vulcan \u0219i Trupa Arcadia","inLanguage":"hu-HU","publisher":{"@id":"https:\/\/www.teatrulreginamaria.ro\/hu\/#organization"}}]},"og:locale":"hu_HU","og:site_name":"Teatrul Regina Maria Oradea - Trupa Iosif Vulcan \u0219i Trupa Arcadia","og:type":"article","og:title":"ANSAMBLUL CRI\u0218ANA \u2013 LA EXPO MILANO 2015 - Teatrul Regina Maria Oradea","og:description":"\u00cen perioada 24 \u2013 30 octombrie 2015 un grup restr\u00e2ns de arti\u015fti ai Ansamblului Artistic Profesionist Cri\u015fana, format din corpul de dansatori, arti\u015fti instrumenti\u015fti coordona\u0163i de Adrian Miescu \u015fi soli\u015ftii vocali Leontin Ciucur, Cornelia Covaciu \u015fi Otilia Harago\u015f Seghedi, reprezint\u0103 jude\u0163ul Bihor \u015fi Rom\u00e2nia la Expozi\u0163ia Mondial\u0103 Milano 2015. Arti\u015ftii bihoreni vor sus\u0163ine la Pavilionul","og:url":"https:\/\/www.teatrulreginamaria.ro\/hu\/ansamblul-crisana-la-expo-milano-2015\/","og:image":"https:\/\/www.teatrulreginamaria.ro\/wp-content\/uploads\/2025\/03\/trm-istoric-01.jpg","og:image:secure_url":"https:\/\/www.teatrulreginamaria.ro\/wp-content\/uploads\/2025\/03\/trm-istoric-01.jpg","og:image:width":1200,"og:image:height":800,"article:published_time":"2015-10-28T08:07:39+00:00","article:modified_time":"2015-10-28T08:07:39+00:00","article:publisher":"https:\/\/www.facebook.com\/TRMTrupaIosifVulcan\/","twitter:card":"summary_large_image","twitter:site":"@TRMOradea","twitter:title":"ANSAMBLUL CRI\u0218ANA \u2013 LA EXPO MILANO 2015 - Teatrul Regina Maria Oradea","twitter:description":"\u00cen perioada 24 \u2013 30 octombrie 2015 un grup restr\u00e2ns de arti\u015fti ai Ansamblului Artistic Profesionist Cri\u015fana, format din corpul de dansatori, arti\u015fti instrumenti\u015fti coordona\u0163i de Adrian Miescu \u015fi soli\u015ftii vocali Leontin Ciucur, Cornelia Covaciu \u015fi Otilia Harago\u015f Seghedi, reprezint\u0103 jude\u0163ul Bihor \u015fi Rom\u00e2nia la Expozi\u0163ia Mondial\u0103 Milano 2015. Arti\u015ftii bihoreni vor sus\u0163ine la Pavilionul","twitter:creator":"@TRMOradea","twitter:image":"https:\/\/www.teatrulreginamaria.ro\/wp-content\/uploads\/2025\/03\/trm-istoric-01.jpg"},"aioseo_meta_data":{"post_id":"1376","title":null,"description":null,"keywords":null,"keyphrases":null,"primary_term":null,"canonical_url":null,"og_title":null,"og_description":null,"og_object_type":"default","og_image_type":"default","og_image_url":null,"og_image_width":null,"og_image_height":null,"og_image_custom_url":null,"og_image_custom_fields":null,"og_video":null,"og_custom_url":null,"og_article_section":null,"og_article_tags":null,"twitter_use_og":false,"twitter_card":"default","twitter_image_type":"default","twitter_image_url":null,"twitter_image_custom_url":null,"twitter_image_custom_fields":null,"twitter_title":null,"twitter_description":null,"schema":{"blockGraphs":[],"customGraphs":[],"default":{"data":{"Article":[],"Course":[],"Dataset":[],"FAQPage":[],"Movie":[],"Person":[],"Product":[],"ProductReview":[],"Car":[],"Recipe":[],"Service":[],"SoftwareApplication":[],"WebPage":[]},"graphName":"","isEnabled":true},"graphs":[]},"schema_type":"default","schema_type_options":null,"pillar_content":false,"robots_default":true,"robots_noindex":false,"robots_noarchive":false,"robots_nosnippet":false,"robots_nofollow":false,"robots_noimageindex":false,"robots_noodp":false,"robots_notranslate":false,"robots_max_snippet":null,"robots_max_videopreview":null,"robots_max_imagepreview":"large","priority":null,"frequency":null,"local_seo":null,"seo_analyzer_scan_date":"2026-05-13 00:58:48","breadcrumb_settings":null,"limit_modified_date":false,"reviewed_by":null,"open_ai":null,"ai":null,"created":"2025-04-09 17:40:56","updated":"2026-05-13 00:58:48","focus_keyword":null,"additional_keywords":null,"truseo_locale":null},"aioseo_breadcrumb":"<div class=\"aioseo-breadcrumbs\"><span class=\"aioseo-breadcrumb\">\n\t<a href=\"https:\/\/www.teatrulreginamaria.ro\/hu\" title=\"Home\">Home<\/a>\n<\/span><span class=\"aioseo-breadcrumb-separator\">&raquo;<\/span><span class=\"aioseo-breadcrumb\">\n\t<a href=\"https:\/\/www.teatrulreginamaria.ro\/hu\/categorie\/noutati\/\" title=\"Nout\u0103\u021bi\">Nout\u0103\u021bi<\/a>\n<\/span><span class=\"aioseo-breadcrumb-separator\">&raquo;<\/span><span class=\"aioseo-breadcrumb\">\n\t<a href=\"https:\/\/www.teatrulreginamaria.ro\/hu\/categorie\/noutati\/noutati-ansamblul-crisana\/\" title=\"Nout\u0103\u021bi - Ansamblul Cri\u0219ana\">Nout\u0103\u021bi - Ansamblul Cri\u0219ana<\/a>\n<\/span><span class=\"aioseo-breadcrumb-separator\">&raquo;<\/span><span class=\"aioseo-breadcrumb\">\n\tANSAMBLUL CRI\u0218ANA \u2013 LA EXPO MILANO 2015\n<\/span><\/div>","aioseo_breadcrumb_json":[{"label":"Home","link":"https:\/\/www.teatrulreginamaria.ro\/hu"},{"label":"Nout\u0103\u021bi","link":"https:\/\/www.teatrulreginamaria.ro\/hu\/categorie\/noutati\/"},{"label":"Nout\u0103\u021bi - Ansamblul Cri\u0219ana","link":"https:\/\/www.teatrulreginamaria.ro\/hu\/categorie\/noutati\/noutati-ansamblul-crisana\/"},{"label":"ANSAMBLUL CRI\u0218ANA &#8211; LA EXPO MILANO 2015","link":"https:\/\/www.teatrulreginamaria.ro\/hu\/ansamblul-crisana-la-expo-milano-2015\/"}],"acf":[],"_links":{"self":[{"href":"https:\/\/www.teatrulreginamaria.ro\/hu\/wp-json\/wp\/v2\/posts\/1376","targetHints":{"allow":["GET"]}}],"collection":[{"href":"https:\/\/www.teatrulreginamaria.ro\/hu\/wp-json\/wp\/v2\/posts"}],"about":[{"href":"https:\/\/www.teatrulreginamaria.ro\/hu\/wp-json\/wp\/v2\/types\/post"}],"author":[{"embeddable":true,"href":"https:\/\/www.teatrulreginamaria.ro\/hu\/wp-json\/wp\/v2\/users\/1"}],"replies":[{"embeddable":true,"href":"https:\/\/www.teatrulreginamaria.ro\/hu\/wp-json\/wp\/v2\/comments?post=1376"}],"version-history":[{"count":0,"href":"https:\/\/www.teatrulreginamaria.ro\/hu\/wp-json\/wp\/v2\/posts\/1376\/revisions"}],"wp:attachment":[{"href":"https:\/\/www.teatrulreginamaria.ro\/hu\/wp-json\/wp\/v2\/media?parent=1376"}],"wp:term":[{"taxonomy":"category","embeddable":true,"href":"https:\/\/www.teatrulreginamaria.ro\/hu\/wp-json\/wp\/v2\/categories?post=1376"},{"taxonomy":"post_tag","embeddable":true,"href":"https:\/\/www.teatrulreginamaria.ro\/hu\/wp-json\/wp\/v2\/tags?post=1376"}],"curies":[{"name":"munkaf\u00fczet","href":"https:\/\/api.w.org\/{rel}","templated":true}]}}