{"id":13799,"date":"2025-09-19T12:58:58","date_gmt":"2025-09-19T09:58:58","guid":{"rendered":"https:\/\/www.teatrulreginamaria.ro\/?p=13799"},"modified":"2025-09-29T10:19:22","modified_gmt":"2025-09-29T07:19:22","slug":"egy-igazi-karnevali-bohoc-batorsaga-a-queen-maria-szinhazban","status":"publish","type":"post","link":"https:\/\/www.teatrulreginamaria.ro\/hu\/curajul-unui-caragiale-autentic-d-ale-carnavalului-la-teatrul-regina-maria\/","title":{"rendered":"Egy igazi Caragiale b\u00e1tors\u00e1ga \u2013 \u201eKarnev\u00e1l napja\u201d a Regina Maria Sz\u00ednh\u00e1zban"},"content":{"rendered":"<p class=\"wp-block-paragraph\">A sz\u00ednh\u00e1z gyakran hajlamos megszel\u00edd\u00edteni \u00e9s adapt\u00e1lni a klasszikusokat, a Regina Maria Sz\u00ednh\u00e1z pedig Vlad Trifa\u0219 rendez\u0151vel egy\u00fctt veszi a b\u00e1tors\u00e1got, hogy sz\u00ednpadra \u00e1ll\u00edtsa a... <strong>Autentikus Caragiale<\/strong>, amely a d\u00e9li nyomornegyed energi\u00e1j\u00e1val l\u00fcktet, ahol a szenved\u00e9lyek \u201egyorsan el\u0151re\u201d t\u00f6rnek el\u0151, \u00e9s a groteszk \u00e9s a humor term\u00e9szetesen k\u00f6veti egym\u00e1st. Az erd\u00e9lyi k\u00f6z\u00f6ns\u00e9g sz\u00e1m\u00e1ra ez a Caragiale-univerzumba val\u00f3 behatol\u00e1s egy kinyilatkoztat\u00e1s erej\u00e9t \u00f6lti mag\u00e1ra: egy \u00e9l\u00e9nk, intenz\u00edv el\u0151ad\u00e1s, amely elutas\u00edtja a kozmetik\u00e1z\u00e1st, \u00e9s felsz\u00ednre hozza az emberi tipol\u00f3gi\u00e1k t\u00f6r\u00e9kenys\u00e9g\u00e9t \u00e9s vitalit\u00e1s\u00e1t egyar\u00e1nt.<\/p>\n\n\n\n<!--more-->\n\n\n\n<p class=\"wp-block-paragraph\"><em>&quot;<a href=\"https:\/\/www.teatrulreginamaria.ro\/hu\/a-karneval-d\/\" title=\"KARNEV\u00c1L NAPOK\">A karnev\u00e1l urai<\/a>&quot;<\/em>, amelynek premierje 2025. szeptember 24-\u00e9n \u00e9s 25-\u00e9n lesz a Nagyteremben, az \u0151 al\u00e1\u00edr\u00e1s\u00e1t viseli. <a href=\"https:\/\/www.teatrulreginamaria.ro\/wp-content\/uploads\/2025\/09\/Vlad-Trifas-Interviu-scaled.jpg\" title=\"Vlad Trifa\u0219 \u2013 Interj\u00fa\">Vlad Trif\u00e1s<\/a> \u2013 rendez\u00e9s, a sz\u00f6veg \u00e9s az eredeti zene adapt\u00e1ci\u00f3ja \u2013 \u00e9s ism\u00e9t meger\u0151s\u00edti a k\u00f6zte \u00e9s az Iosif Vulcan T\u00e1rsulat k\u00f6z\u00f6tti gy\u00fcm\u00f6lcs\u00f6z\u0151 egy\u00fcttm\u0171k\u00f6d\u00e9st. Ha 2022-ben a m\u0171sor <em><a href=\"https:\/\/www.teatrulreginamaria.ro\/hu\/tartuffe\/\" title=\"Tartuffe\">Tartuffe<\/a><\/em> nemzetk\u00f6zi d\u00edjakat hozott nekik, most a csapat c\u00e9lja, hogy Caragiale v\u00edgj\u00e1t\u00e9k\u00e1t teljes komplexit\u00e1s\u00e1ban vigye vissza a sz\u00ednpadra: szerelmi boh\u00f3zatk\u00e9nt, de egyben ellentmond\u00e1sos term\u00e9szet\u00fcnk r\u00f6ntgenfelv\u00e9telek\u00e9nt is.<\/p>\n\n\n\n<p class=\"wp-block-paragraph\">A szerepl\u0151g\u00e1rd\u00e1ban a t\u00e1rsulat h\u00edres nevei \u00e1llnak \u00f6ssze, k\u00f6zt\u00fck Petre Ghimb\u0103\u0219an \u00e9s \u0218erban Borda, a 2002-es produkci\u00f3ban is szerepl\u0151 sz\u00edn\u00e9szek, valamint Ioana Drago\u0219 Gajdo, Sorin Ionescu, Pavel S\u00eerghi, David Constantinescu, Adela Laz\u0103r \u00e9s Alina Leonte. A kreat\u00edv csapatot Oana Cernea (szcenogr\u00e1fia), Ionu\u021b Aldea (f\u00e9nytervez\u00e9s) \u00e9s Carina Bunea (rendez\u0151asszisztens) eg\u00e9sz\u00edti ki.<\/p>\n\n\n\n<p class=\"wp-block-paragraph\">A m\u0171sor szimbolikusan azt is jelzi, <strong>70 \u00e9ve volt az \u00e1lland\u00f3 rom\u00e1n t\u00e1rsulat els\u0151 nagyv\u00e1radi fell\u00e9p\u00e9se<\/strong>: <em><a href=\"https:\/\/www.teatrulreginamaria.ro\/hu\/archivum\/egy-elveszett-level-1956-bol\/\" title=\"Egy elveszett lev\u00e9l (1955)\">Egy elveszett lev\u00e9l<\/a><\/em> (1955). Ezut\u00e1n deb\u00fct\u00e1lt Eugen \u021augulea sz\u00edn\u00e9sz, akit a Regina Maria Sz\u00ednh\u00e1z h\u00e9t \u00e9vtizedes sz\u00ednh\u00e1zi munk\u00e1j\u00e1\u00e9rt Kiv\u00e1l\u00f3s\u00e1gi Oklev\u00e9llel t\u00fcntetett ki.<\/p>\n\n\n\n<p class=\"wp-block-paragraph\">\u00cdgy az int\u00e9zm\u00e9ny eml\u00e9ke \u00e9s a kort\u00e1rs sz\u00ednpadra \u00e1ll\u00edt\u00e1s energi\u00e1ja k\u00f6z\u00f6tt, <em>A karnev\u00e1l urai<\/em> kett\u0151s b\u00e1tors\u00e1gr\u00f3l van sz\u00f3: egy menedzser r\u00e9sz\u00e9r\u0151l, aki meger\u0151s\u00edti a sz\u00ednh\u00e1z kapcsolat\u00e1t a klasszikus reperto\u00e1rral, \u00e9s egy rendez\u0151 r\u00e9sz\u00e9r\u0151l, akinek van b\u00e1tors\u00e1ga azt a nagyv\u00e1radi k\u00f6z\u00f6ns\u00e9gnek a maga d\u00edsztelen, intenz\u00edv, d\u00e9lies form\u00e1j\u00e1ban felaj\u00e1nlani.<\/p>\n\n\n\n<p class=\"wp-block-paragraph\"><\/p>","protected":false},"excerpt":{"rendered":"<p>Teatrul se vede adesea tentat s\u0103 \u00eembl\u00e2nzeasc\u0103 \u0219i s\u0103 adapteze clasicii, iar Teatrul Regina Maria \u00ee\u0219i asum\u0103, \u00eempreun\u0103 cu regizorul Vlad Trifa\u0219, curajul de a monta un Caragiale autentic, care pulseaz\u0103 cu energia mahalalei sudiste, unde pasiunile izbucnesc \u201epe repede \u00eenainte\u201d, iar grotescul \u0219i umorul se \u00eenl\u0103n\u021buie firesc. Pentru publicul ardelean, aceast\u0103 incursiune \u00een universul [&hellip;]<\/p>\n","protected":false},"author":8,"featured_media":13729,"comment_status":"closed","ping_status":"closed","sticky":false,"template":"","format":"standard","meta":{"_acf_changed":false,"footnotes":""},"categories":[213],"tags":[383,518],"class_list":["post-13799","post","type-post","status-publish","format-standard","has-post-thumbnail","hentry","category-aparitii-media","tag-cronica","tag-repertoriu-2025"],"aioseo_notices":[],"aioseo_head":"\n\t\t<!-- All in One SEO Pro 5.0.1.1 - aioseo.com -->\n\t<meta name=\"description\" content=\"Teatrul se vede adesea tentat s\u0103 \u00eembl\u00e2nzeasc\u0103 \u0219i s\u0103 adapteze clasicii, iar Teatrul Regina Maria \u00ee\u0219i asum\u0103, \u00eempreun\u0103 cu regizorul Vlad Trifa\u0219, curajul de a monta un Caragiale autentic, care pulseaz\u0103 cu energia mahalalei sudiste, unde pasiunile izbucnesc \u201epe repede \u00eenainte\u201d, iar grotescul \u0219i umorul se \u00eenl\u0103n\u021buie firesc. Pentru publicul ardelean, aceast\u0103 incursiune \u00een universul\" \/>\n\t<meta name=\"robots\" content=\"max-image-preview:large\" \/>\n\t<meta name=\"author\" content=\"Ramona Neme\u0219\"\/>\n\t<link rel=\"canonical\" href=\"https:\/\/www.teatrulreginamaria.ro\/hu\/curajul-unui-caragiale-autentic-d-ale-carnavalului-la-teatrul-regina-maria\/\" \/>\n\t<meta name=\"generator\" content=\"All in One SEO Pro (AIOSEO) 5.0.1.1\" \/>\n\t\t<meta property=\"og:locale\" content=\"hu_HU\" \/>\n\t\t<meta property=\"og:site_name\" content=\"Teatrul Regina Maria Oradea - Trupa Iosif Vulcan \u0219i Trupa Arcadia\" \/>\n\t\t<meta property=\"og:type\" content=\"article\" \/>\n\t\t<meta property=\"og:title\" content=\"Curajul unui Caragiale autentic \u2013 \u201eD-ale carnavalului\u201d la Teatrul Regina Maria - Teatrul Regina Maria Oradea\" \/>\n\t\t<meta property=\"og:description\" content=\"Teatrul se vede adesea tentat s\u0103 \u00eembl\u00e2nzeasc\u0103 \u0219i s\u0103 adapteze clasicii, iar Teatrul Regina Maria \u00ee\u0219i asum\u0103, \u00eempreun\u0103 cu regizorul Vlad Trifa\u0219, curajul de a monta un Caragiale autentic, care pulseaz\u0103 cu energia mahalalei sudiste, unde pasiunile izbucnesc \u201epe repede \u00eenainte\u201d, iar grotescul \u0219i umorul se \u00eenl\u0103n\u021buie firesc. Pentru publicul ardelean, aceast\u0103 incursiune \u00een universul\" \/>\n\t\t<meta property=\"og:url\" content=\"https:\/\/www.teatrulreginamaria.ro\/hu\/curajul-unui-caragiale-autentic-d-ale-carnavalului-la-teatrul-regina-maria\/\" \/>\n\t\t<meta property=\"og:image\" content=\"https:\/\/www.teatrulreginamaria.ro\/wp-content\/uploads\/2025\/03\/trm-istoric-01.jpg\" \/>\n\t\t<meta property=\"og:image:secure_url\" content=\"https:\/\/www.teatrulreginamaria.ro\/wp-content\/uploads\/2025\/03\/trm-istoric-01.jpg\" \/>\n\t\t<meta property=\"og:image:width\" content=\"1200\" \/>\n\t\t<meta property=\"og:image:height\" content=\"800\" \/>\n\t\t<meta property=\"article:published_time\" content=\"2025-09-19T09:58:58+00:00\" \/>\n\t\t<meta property=\"article:modified_time\" content=\"2025-09-29T07:19:22+00:00\" \/>\n\t\t<meta property=\"article:publisher\" content=\"https:\/\/www.facebook.com\/TRMTrupaIosifVulcan\/\" \/>\n\t\t<meta name=\"twitter:card\" content=\"summary_large_image\" \/>\n\t\t<meta name=\"twitter:site\" content=\"@TRMOradea\" \/>\n\t\t<meta name=\"twitter:title\" content=\"Curajul unui Caragiale autentic \u2013 \u201eD-ale carnavalului\u201d la Teatrul Regina Maria - Teatrul Regina Maria Oradea\" \/>\n\t\t<meta name=\"twitter:description\" content=\"Teatrul se vede adesea tentat s\u0103 \u00eembl\u00e2nzeasc\u0103 \u0219i s\u0103 adapteze clasicii, iar Teatrul Regina Maria \u00ee\u0219i asum\u0103, \u00eempreun\u0103 cu regizorul Vlad Trifa\u0219, curajul de a monta un Caragiale autentic, care pulseaz\u0103 cu energia mahalalei sudiste, unde pasiunile izbucnesc \u201epe repede \u00eenainte\u201d, iar grotescul \u0219i umorul se \u00eenl\u0103n\u021buie firesc. Pentru publicul ardelean, aceast\u0103 incursiune \u00een universul\" \/>\n\t\t<meta name=\"twitter:creator\" content=\"@TRMOradea\" \/>\n\t\t<meta name=\"twitter:image\" content=\"https:\/\/www.teatrulreginamaria.ro\/wp-content\/uploads\/2025\/03\/trm-istoric-01.jpg\" \/>\n\t\t<script type=\"application\/ld+json\" class=\"aioseo-schema\">\n\t\t\t{\"@context\":\"https:\\\/\\\/schema.org\",\"@graph\":[{\"@type\":\"BlogPosting\",\"@id\":\"https:\\\/\\\/www.teatrulreginamaria.ro\\\/hu\\\/curajul-unui-caragiale-autentic-d-ale-carnavalului-la-teatrul-regina-maria\\\/#blogposting\",\"name\":\"Curajul unui Caragiale autentic \\u2013 \\u201eD-ale carnavalului\\u201d la Teatrul Regina Maria - Teatrul Regina Maria Oradea\",\"headline\":\"Curajul unui Caragiale autentic \\u2013 \\u201eD-ale carnavalului\\u201d la Teatrul Regina Maria\",\"author\":{\"@id\":\"https:\\\/\\\/www.teatrulreginamaria.ro\\\/hu\\\/author\\\/ramona\\\/#author\"},\"publisher\":{\"@id\":\"https:\\\/\\\/www.teatrulreginamaria.ro\\\/hu\\\/#organization\"},\"image\":{\"@type\":\"ImageObject\",\"url\":\"https:\\\/\\\/www.teatrulreginamaria.ro\\\/wp-content\\\/uploads\\\/2025\\\/09\\\/DSC_3606.jpg\",\"width\":1618,\"height\":1078},\"datePublished\":\"2025-09-19T12:58:58+03:00\",\"dateModified\":\"2025-09-29T10:19:22+03:00\",\"inLanguage\":\"hu-HU\",\"mainEntityOfPage\":{\"@id\":\"https:\\\/\\\/www.teatrulreginamaria.ro\\\/hu\\\/curajul-unui-caragiale-autentic-d-ale-carnavalului-la-teatrul-regina-maria\\\/#webpage\"},\"isPartOf\":{\"@id\":\"https:\\\/\\\/www.teatrulreginamaria.ro\\\/hu\\\/curajul-unui-caragiale-autentic-d-ale-carnavalului-la-teatrul-regina-maria\\\/#webpage\"},\"articleSection\":\"Apari\\u021bii media, cronic\\u0103, Repertoriu 2025\"},{\"@type\":\"BreadcrumbList\",\"@id\":\"https:\\\/\\\/www.teatrulreginamaria.ro\\\/hu\\\/curajul-unui-caragiale-autentic-d-ale-carnavalului-la-teatrul-regina-maria\\\/#breadcrumblist\",\"itemListElement\":[{\"@type\":\"ListItem\",\"@id\":\"https:\\\/\\\/www.teatrulreginamaria.ro\\\/hu#listItem\",\"position\":1,\"name\":\"Home\",\"item\":\"https:\\\/\\\/www.teatrulreginamaria.ro\\\/hu\",\"nextItem\":{\"@type\":\"ListItem\",\"@id\":\"https:\\\/\\\/www.teatrulreginamaria.ro\\\/hu\\\/categorie\\\/aparitii-media\\\/#listItem\",\"name\":\"Apari\\u021bii media\"}},{\"@type\":\"ListItem\",\"@id\":\"https:\\\/\\\/www.teatrulreginamaria.ro\\\/hu\\\/categorie\\\/aparitii-media\\\/#listItem\",\"position\":2,\"name\":\"Apari\\u021bii media\",\"item\":\"https:\\\/\\\/www.teatrulreginamaria.ro\\\/hu\\\/categorie\\\/aparitii-media\\\/\",\"nextItem\":{\"@type\":\"ListItem\",\"@id\":\"https:\\\/\\\/www.teatrulreginamaria.ro\\\/hu\\\/curajul-unui-caragiale-autentic-d-ale-carnavalului-la-teatrul-regina-maria\\\/#listItem\",\"name\":\"Curajul unui Caragiale autentic \\u2013 \\u201eD-ale carnavalului\\u201d la Teatrul Regina Maria\"},\"previousItem\":{\"@type\":\"ListItem\",\"@id\":\"https:\\\/\\\/www.teatrulreginamaria.ro\\\/hu#listItem\",\"name\":\"Home\"}},{\"@type\":\"ListItem\",\"@id\":\"https:\\\/\\\/www.teatrulreginamaria.ro\\\/hu\\\/curajul-unui-caragiale-autentic-d-ale-carnavalului-la-teatrul-regina-maria\\\/#listItem\",\"position\":3,\"name\":\"Curajul unui Caragiale autentic \\u2013 \\u201eD-ale carnavalului\\u201d la Teatrul Regina Maria\",\"previousItem\":{\"@type\":\"ListItem\",\"@id\":\"https:\\\/\\\/www.teatrulreginamaria.ro\\\/hu\\\/categorie\\\/aparitii-media\\\/#listItem\",\"name\":\"Apari\\u021bii media\"}}]},{\"@type\":\"Organization\",\"@id\":\"https:\\\/\\\/www.teatrulreginamaria.ro\\\/hu\\\/#organization\",\"name\":\"Teatrul Regina Maria Oradea\",\"description\":\"Trupa Iosif Vulcan \\u0219i Trupa Arcadia\",\"url\":\"https:\\\/\\\/www.teatrulreginamaria.ro\\\/hu\\\/\",\"email\":\"marketing@teatrulreginamaria.ro\",\"telephone\":\"+40359411534\",\"numberOfEmployees\":{\"@type\":\"QuantitativeValue\",\"minValue\":0,\"maxValue\":150},\"logo\":{\"@type\":\"ImageObject\",\"url\":\"https:\\\/\\\/www.teatrulreginamaria.ro\\\/wp-content\\\/uploads\\\/2025\\\/06\\\/logo-trm-01-dark.png\",\"@id\":\"https:\\\/\\\/www.teatrulreginamaria.ro\\\/hu\\\/curajul-unui-caragiale-autentic-d-ale-carnavalului-la-teatrul-regina-maria\\\/#organizationLogo\",\"width\":300,\"height\":148},\"image\":{\"@id\":\"https:\\\/\\\/www.teatrulreginamaria.ro\\\/hu\\\/curajul-unui-caragiale-autentic-d-ale-carnavalului-la-teatrul-regina-maria\\\/#organizationLogo\"},\"sameAs\":[\"https:\\\/\\\/www.facebook.com\\\/TRMTrupaIosifVulcan\\\/\",\"https:\\\/\\\/x.com\\\/TRMOradea\",\"https:\\\/\\\/www.instagram.com\\\/teatrul_regina_maria\\\/\",\"https:\\\/\\\/www.youtube.com\\\/c\\\/TeatrulReginaMariaOradea\",\"https:\\\/\\\/www.linkedin.com\\\/company\\\/teatrul-regina-maria\"]},{\"@type\":\"Person\",\"@id\":\"https:\\\/\\\/www.teatrulreginamaria.ro\\\/hu\\\/author\\\/ramona\\\/#author\",\"url\":\"https:\\\/\\\/www.teatrulreginamaria.ro\\\/hu\\\/author\\\/ramona\\\/\",\"name\":\"Ramona Neme\\u0219\",\"image\":{\"@type\":\"ImageObject\",\"@id\":\"https:\\\/\\\/www.teatrulreginamaria.ro\\\/hu\\\/curajul-unui-caragiale-autentic-d-ale-carnavalului-la-teatrul-regina-maria\\\/#authorImage\",\"url\":\"https:\\\/\\\/www.teatrulreginamaria.ro\\\/wp-content\\\/uploads\\\/2025\\\/04\\\/ramona_nemes-sq-01.jpg\",\"width\":300,\"height\":300}},{\"@type\":\"WebPage\",\"@id\":\"https:\\\/\\\/www.teatrulreginamaria.ro\\\/hu\\\/curajul-unui-caragiale-autentic-d-ale-carnavalului-la-teatrul-regina-maria\\\/#webpage\",\"url\":\"https:\\\/\\\/www.teatrulreginamaria.ro\\\/hu\\\/curajul-unui-caragiale-autentic-d-ale-carnavalului-la-teatrul-regina-maria\\\/\",\"name\":\"Curajul unui Caragiale autentic \\u2013 \\u201eD-ale carnavalului\\u201d la Teatrul Regina Maria - Teatrul Regina Maria Oradea\",\"description\":\"Teatrul se vede adesea tentat s\\u0103 \\u00eembl\\u00e2nzeasc\\u0103 \\u0219i s\\u0103 adapteze clasicii, iar Teatrul Regina Maria \\u00ee\\u0219i asum\\u0103, \\u00eempreun\\u0103 cu regizorul Vlad Trifa\\u0219, curajul de a monta un Caragiale autentic, care pulseaz\\u0103 cu energia mahalalei sudiste, unde pasiunile izbucnesc \\u201epe repede \\u00eenainte\\u201d, iar grotescul \\u0219i umorul se \\u00eenl\\u0103n\\u021buie firesc. Pentru publicul ardelean, aceast\\u0103 incursiune \\u00een universul\",\"inLanguage\":\"hu-HU\",\"isPartOf\":{\"@id\":\"https:\\\/\\\/www.teatrulreginamaria.ro\\\/hu\\\/#website\"},\"breadcrumb\":{\"@id\":\"https:\\\/\\\/www.teatrulreginamaria.ro\\\/hu\\\/curajul-unui-caragiale-autentic-d-ale-carnavalului-la-teatrul-regina-maria\\\/#breadcrumblist\"},\"author\":{\"@id\":\"https:\\\/\\\/www.teatrulreginamaria.ro\\\/hu\\\/author\\\/ramona\\\/#author\"},\"creator\":{\"@id\":\"https:\\\/\\\/www.teatrulreginamaria.ro\\\/hu\\\/author\\\/ramona\\\/#author\"},\"image\":{\"@type\":\"ImageObject\",\"url\":\"https:\\\/\\\/www.teatrulreginamaria.ro\\\/wp-content\\\/uploads\\\/2025\\\/09\\\/DSC_3606.jpg\",\"@id\":\"https:\\\/\\\/www.teatrulreginamaria.ro\\\/hu\\\/curajul-unui-caragiale-autentic-d-ale-carnavalului-la-teatrul-regina-maria\\\/#mainImage\",\"width\":1618,\"height\":1078},\"primaryImageOfPage\":{\"@id\":\"https:\\\/\\\/www.teatrulreginamaria.ro\\\/hu\\\/curajul-unui-caragiale-autentic-d-ale-carnavalului-la-teatrul-regina-maria\\\/#mainImage\"},\"datePublished\":\"2025-09-19T12:58:58+03:00\",\"dateModified\":\"2025-09-29T10:19:22+03:00\"},{\"@type\":\"WebSite\",\"@id\":\"https:\\\/\\\/www.teatrulreginamaria.ro\\\/hu\\\/#website\",\"url\":\"https:\\\/\\\/www.teatrulreginamaria.ro\\\/hu\\\/\",\"name\":\"Teatrul Regina Maria Oradea\",\"alternateName\":\"TRM Oradea\",\"description\":\"Trupa Iosif Vulcan \\u0219i Trupa Arcadia\",\"inLanguage\":\"hu-HU\",\"publisher\":{\"@id\":\"https:\\\/\\\/www.teatrulreginamaria.ro\\\/hu\\\/#organization\"}}]}\n\t\t<\/script>\n\t\t<!-- All in One SEO Pro -->\r\n\t\t<title>Curajul unui Caragiale autentic \u2013 \u201eD-ale carnavalului\u201d la Teatrul Regina Maria - Teatrul Regina Maria Oradea<\/title>\n\n","aioseo_head_json":{"title":"Egy igazi Caragiale b\u00e1tors\u00e1ga \u2013 \u201eKarnev\u00e1l napja\u201d a Regina Maria Sz\u00ednh\u00e1zban - Regina Maria Sz\u00ednh\u00e1z Nagyv\u00e1radon","description":"A sz\u00ednh\u00e1z gyakran k\u00eds\u00e9rti a klasszikusok megszel\u00edd\u00edt\u00e9s\u00e9t \u00e9s adapt\u00e1l\u00e1s\u00e1t, \u00e9s a Regina Maria Sz\u00ednh\u00e1z Vlad Trifa\u0219 rendez\u0151vel k\u00f6z\u00f6sen veszi a b\u00e1tors\u00e1got, hogy egy autentikus Caragial\u00e9t \u00e1ll\u00edtson sz\u00ednpadra, amely a d\u00e9li nyomornegyed energi\u00e1j\u00e1val l\u00fcktet, ahol a szenved\u00e9lyek \u201egyorsan el\u0151re\u201d t\u00f6rnek ki, \u00e9s a groteszk \u00e9s a humor term\u00e9szetesen k\u00f6veti egym\u00e1st. Az erd\u00e9lyi k\u00f6z\u00f6ns\u00e9g sz\u00e1m\u00e1ra ez a behatol\u00e1s a\u2026 univerzumba","canonical_url":"https:\/\/www.teatrulreginamaria.ro\/hu\/curajul-unui-caragiale-autentic-d-ale-carnavalului-la-teatrul-regina-maria\/","robots":"max-image-preview:large","keywords":"","webmasterTools":{"miscellaneous":""},"schema":{"@context":"https:\/\/schema.org","@graph":[{"@type":"BlogPosting","@id":"https:\/\/www.teatrulreginamaria.ro\/hu\/curajul-unui-caragiale-autentic-d-ale-carnavalului-la-teatrul-regina-maria\/#blogposting","name":"Curajul unui Caragiale autentic \u2013 \u201eD-ale carnavalului\u201d la Teatrul Regina Maria - Teatrul Regina Maria Oradea","headline":"Curajul unui Caragiale autentic \u2013 \u201eD-ale carnavalului\u201d la Teatrul Regina Maria","author":{"@id":"https:\/\/www.teatrulreginamaria.ro\/hu\/author\/ramona\/#author"},"publisher":{"@id":"https:\/\/www.teatrulreginamaria.ro\/hu\/#organization"},"image":{"@type":"ImageObject","url":"https:\/\/www.teatrulreginamaria.ro\/wp-content\/uploads\/2025\/09\/DSC_3606.jpg","width":1618,"height":1078},"datePublished":"2025-09-19T12:58:58+03:00","dateModified":"2025-09-29T10:19:22+03:00","inLanguage":"hu-HU","mainEntityOfPage":{"@id":"https:\/\/www.teatrulreginamaria.ro\/hu\/curajul-unui-caragiale-autentic-d-ale-carnavalului-la-teatrul-regina-maria\/#webpage"},"isPartOf":{"@id":"https:\/\/www.teatrulreginamaria.ro\/hu\/curajul-unui-caragiale-autentic-d-ale-carnavalului-la-teatrul-regina-maria\/#webpage"},"articleSection":"Apari\u021bii media, cronic\u0103, Repertoriu 2025"},{"@type":"BreadcrumbList","@id":"https:\/\/www.teatrulreginamaria.ro\/hu\/curajul-unui-caragiale-autentic-d-ale-carnavalului-la-teatrul-regina-maria\/#breadcrumblist","itemListElement":[{"@type":"ListItem","@id":"https:\/\/www.teatrulreginamaria.ro\/hu#listItem","position":1,"name":"Home","item":"https:\/\/www.teatrulreginamaria.ro\/hu","nextItem":{"@type":"ListItem","@id":"https:\/\/www.teatrulreginamaria.ro\/hu\/categorie\/aparitii-media\/#listItem","name":"Apari\u021bii media"}},{"@type":"ListItem","@id":"https:\/\/www.teatrulreginamaria.ro\/hu\/categorie\/aparitii-media\/#listItem","position":2,"name":"Apari\u021bii media","item":"https:\/\/www.teatrulreginamaria.ro\/hu\/categorie\/aparitii-media\/","nextItem":{"@type":"ListItem","@id":"https:\/\/www.teatrulreginamaria.ro\/hu\/curajul-unui-caragiale-autentic-d-ale-carnavalului-la-teatrul-regina-maria\/#listItem","name":"Curajul unui Caragiale autentic \u2013 \u201eD-ale carnavalului\u201d la Teatrul Regina Maria"},"previousItem":{"@type":"ListItem","@id":"https:\/\/www.teatrulreginamaria.ro\/hu#listItem","name":"Home"}},{"@type":"ListItem","@id":"https:\/\/www.teatrulreginamaria.ro\/hu\/curajul-unui-caragiale-autentic-d-ale-carnavalului-la-teatrul-regina-maria\/#listItem","position":3,"name":"Curajul unui Caragiale autentic \u2013 \u201eD-ale carnavalului\u201d la Teatrul Regina Maria","previousItem":{"@type":"ListItem","@id":"https:\/\/www.teatrulreginamaria.ro\/hu\/categorie\/aparitii-media\/#listItem","name":"Apari\u021bii media"}}]},{"@type":"Organization","@id":"https:\/\/www.teatrulreginamaria.ro\/hu\/#organization","name":"Teatrul Regina Maria Oradea","description":"Trupa Iosif Vulcan \u0219i Trupa Arcadia","url":"https:\/\/www.teatrulreginamaria.ro\/hu\/","email":"marketing@teatrulreginamaria.ro","telephone":"+40359411534","numberOfEmployees":{"@type":"QuantitativeValue","minValue":0,"maxValue":150},"logo":{"@type":"ImageObject","url":"https:\/\/www.teatrulreginamaria.ro\/wp-content\/uploads\/2025\/06\/logo-trm-01-dark.png","@id":"https:\/\/www.teatrulreginamaria.ro\/hu\/curajul-unui-caragiale-autentic-d-ale-carnavalului-la-teatrul-regina-maria\/#organizationLogo","width":300,"height":148},"image":{"@id":"https:\/\/www.teatrulreginamaria.ro\/hu\/curajul-unui-caragiale-autentic-d-ale-carnavalului-la-teatrul-regina-maria\/#organizationLogo"},"sameAs":["https:\/\/www.facebook.com\/TRMTrupaIosifVulcan\/","https:\/\/x.com\/TRMOradea","https:\/\/www.instagram.com\/teatrul_regina_maria\/","https:\/\/www.youtube.com\/c\/TeatrulReginaMariaOradea","https:\/\/www.linkedin.com\/company\/teatrul-regina-maria"]},{"@type":"Person","@id":"https:\/\/www.teatrulreginamaria.ro\/hu\/author\/ramona\/#author","url":"https:\/\/www.teatrulreginamaria.ro\/hu\/author\/ramona\/","name":"Ramona Neme\u0219","image":{"@type":"ImageObject","@id":"https:\/\/www.teatrulreginamaria.ro\/hu\/curajul-unui-caragiale-autentic-d-ale-carnavalului-la-teatrul-regina-maria\/#authorImage","url":"https:\/\/www.teatrulreginamaria.ro\/wp-content\/uploads\/2025\/04\/ramona_nemes-sq-01.jpg","width":300,"height":300}},{"@type":"WebPage","@id":"https:\/\/www.teatrulreginamaria.ro\/hu\/curajul-unui-caragiale-autentic-d-ale-carnavalului-la-teatrul-regina-maria\/#webpage","url":"https:\/\/www.teatrulreginamaria.ro\/hu\/curajul-unui-caragiale-autentic-d-ale-carnavalului-la-teatrul-regina-maria\/","name":"Curajul unui Caragiale autentic \u2013 \u201eD-ale carnavalului\u201d la Teatrul Regina Maria - Teatrul Regina Maria Oradea","description":"Teatrul se vede adesea tentat s\u0103 \u00eembl\u00e2nzeasc\u0103 \u0219i s\u0103 adapteze clasicii, iar Teatrul Regina Maria \u00ee\u0219i asum\u0103, \u00eempreun\u0103 cu regizorul Vlad Trifa\u0219, curajul de a monta un Caragiale autentic, care pulseaz\u0103 cu energia mahalalei sudiste, unde pasiunile izbucnesc \u201epe repede \u00eenainte\u201d, iar grotescul \u0219i umorul se \u00eenl\u0103n\u021buie firesc. Pentru publicul ardelean, aceast\u0103 incursiune \u00een universul","inLanguage":"hu-HU","isPartOf":{"@id":"https:\/\/www.teatrulreginamaria.ro\/hu\/#website"},"breadcrumb":{"@id":"https:\/\/www.teatrulreginamaria.ro\/hu\/curajul-unui-caragiale-autentic-d-ale-carnavalului-la-teatrul-regina-maria\/#breadcrumblist"},"author":{"@id":"https:\/\/www.teatrulreginamaria.ro\/hu\/author\/ramona\/#author"},"creator":{"@id":"https:\/\/www.teatrulreginamaria.ro\/hu\/author\/ramona\/#author"},"image":{"@type":"ImageObject","url":"https:\/\/www.teatrulreginamaria.ro\/wp-content\/uploads\/2025\/09\/DSC_3606.jpg","@id":"https:\/\/www.teatrulreginamaria.ro\/hu\/curajul-unui-caragiale-autentic-d-ale-carnavalului-la-teatrul-regina-maria\/#mainImage","width":1618,"height":1078},"primaryImageOfPage":{"@id":"https:\/\/www.teatrulreginamaria.ro\/hu\/curajul-unui-caragiale-autentic-d-ale-carnavalului-la-teatrul-regina-maria\/#mainImage"},"datePublished":"2025-09-19T12:58:58+03:00","dateModified":"2025-09-29T10:19:22+03:00"},{"@type":"WebSite","@id":"https:\/\/www.teatrulreginamaria.ro\/hu\/#website","url":"https:\/\/www.teatrulreginamaria.ro\/hu\/","name":"Teatrul Regina Maria Oradea","alternateName":"TRM Oradea","description":"Trupa Iosif Vulcan \u0219i Trupa Arcadia","inLanguage":"hu-HU","publisher":{"@id":"https:\/\/www.teatrulreginamaria.ro\/hu\/#organization"}}]},"og:locale":"hu_HU","og:site_name":"Teatrul Regina Maria Oradea - Trupa Iosif Vulcan \u0219i Trupa Arcadia","og:type":"article","og:title":"Curajul unui Caragiale autentic \u2013 \u201eD-ale carnavalului\u201d la Teatrul Regina Maria - Teatrul Regina Maria Oradea","og:description":"Teatrul se vede adesea tentat s\u0103 \u00eembl\u00e2nzeasc\u0103 \u0219i s\u0103 adapteze clasicii, iar Teatrul Regina Maria \u00ee\u0219i asum\u0103, \u00eempreun\u0103 cu regizorul Vlad Trifa\u0219, curajul de a monta un Caragiale autentic, care pulseaz\u0103 cu energia mahalalei sudiste, unde pasiunile izbucnesc \u201epe repede \u00eenainte\u201d, iar grotescul \u0219i umorul se \u00eenl\u0103n\u021buie firesc. Pentru publicul ardelean, aceast\u0103 incursiune \u00een universul","og:url":"https:\/\/www.teatrulreginamaria.ro\/hu\/curajul-unui-caragiale-autentic-d-ale-carnavalului-la-teatrul-regina-maria\/","og:image":"https:\/\/www.teatrulreginamaria.ro\/wp-content\/uploads\/2025\/03\/trm-istoric-01.jpg","og:image:secure_url":"https:\/\/www.teatrulreginamaria.ro\/wp-content\/uploads\/2025\/03\/trm-istoric-01.jpg","og:image:width":1200,"og:image:height":800,"article:published_time":"2025-09-19T09:58:58+00:00","article:modified_time":"2025-09-29T07:19:22+00:00","article:publisher":"https:\/\/www.facebook.com\/TRMTrupaIosifVulcan\/","twitter:card":"summary_large_image","twitter:site":"@TRMOradea","twitter:title":"Curajul unui Caragiale autentic \u2013 \u201eD-ale carnavalului\u201d la Teatrul Regina Maria - Teatrul Regina Maria Oradea","twitter:description":"Teatrul se vede adesea tentat s\u0103 \u00eembl\u00e2nzeasc\u0103 \u0219i s\u0103 adapteze clasicii, iar Teatrul Regina Maria \u00ee\u0219i asum\u0103, \u00eempreun\u0103 cu regizorul Vlad Trifa\u0219, curajul de a monta un Caragiale autentic, care pulseaz\u0103 cu energia mahalalei sudiste, unde pasiunile izbucnesc \u201epe repede \u00eenainte\u201d, iar grotescul \u0219i umorul se \u00eenl\u0103n\u021buie firesc. Pentru publicul ardelean, aceast\u0103 incursiune \u00een universul","twitter:creator":"@TRMOradea","twitter:image":"https:\/\/www.teatrulreginamaria.ro\/wp-content\/uploads\/2025\/03\/trm-istoric-01.jpg"},"aioseo_meta_data":{"post_id":"13799","title":null,"description":null,"keywords":null,"keyphrases":{"focus":{"keyphrase":"","score":0,"analysis":{"keyphraseInTitle":{"score":0,"maxScore":9,"error":1}}},"additional":[]},"primary_term":null,"canonical_url":null,"og_title":null,"og_description":null,"og_object_type":"default","og_image_type":"default","og_image_url":null,"og_image_width":null,"og_image_height":null,"og_image_custom_url":null,"og_image_custom_fields":null,"og_video":"","og_custom_url":null,"og_article_section":null,"og_article_tags":null,"twitter_use_og":false,"twitter_card":"default","twitter_image_type":"default","twitter_image_url":null,"twitter_image_custom_url":null,"twitter_image_custom_fields":null,"twitter_title":null,"twitter_description":null,"schema":{"blockGraphs":[],"customGraphs":[],"default":{"data":{"Article":[],"Course":[],"Dataset":[],"FAQPage":[],"Movie":[],"Person":[],"Product":[],"ProductReview":[],"Car":[],"Recipe":[],"Service":[],"SoftwareApplication":[],"WebPage":[]},"graphName":"BlogPosting","isEnabled":true},"graphs":[]},"schema_type":"default","schema_type_options":null,"pillar_content":false,"robots_default":true,"robots_noindex":false,"robots_noarchive":false,"robots_nosnippet":false,"robots_nofollow":false,"robots_noimageindex":false,"robots_noodp":false,"robots_notranslate":false,"robots_max_snippet":"-1","robots_max_videopreview":"-1","robots_max_imagepreview":"large","priority":null,"frequency":"default","local_seo":null,"seo_analyzer_scan_date":"2026-05-13 03:44:50","breadcrumb_settings":null,"limit_modified_date":false,"reviewed_by":"0","open_ai":null,"ai":{"faqs":[],"keyPoints":[],"titles":[],"descriptions":[],"socialPosts":{"email":[],"linkedin":[],"twitter":[],"facebook":[],"instagram":[]}},"created":"2025-09-26 09:58:58","updated":"2026-05-13 03:44:50","focus_keyword":null,"additional_keywords":null,"truseo_locale":null},"aioseo_breadcrumb":"<div class=\"aioseo-breadcrumbs\"><span class=\"aioseo-breadcrumb\">\n\t<a href=\"https:\/\/www.teatrulreginamaria.ro\/hu\" title=\"Home\">Home<\/a>\n<\/span><span class=\"aioseo-breadcrumb-separator\">&raquo;<\/span><span class=\"aioseo-breadcrumb\">\n\t<a href=\"https:\/\/www.teatrulreginamaria.ro\/hu\/categorie\/aparitii-media\/\" title=\"Apari\u021bii media\">Apari\u021bii media<\/a>\n<\/span><span class=\"aioseo-breadcrumb-separator\">&raquo;<\/span><span class=\"aioseo-breadcrumb\">\n\tCurajul unui Caragiale autentic \u2013 \u201eD-ale carnavalului\u201d la Teatrul Regina Maria\n<\/span><\/div>","aioseo_breadcrumb_json":[{"label":"Home","link":"https:\/\/www.teatrulreginamaria.ro\/hu"},{"label":"Apari\u021bii media","link":"https:\/\/www.teatrulreginamaria.ro\/hu\/categorie\/aparitii-media\/"},{"label":"Curajul unui Caragiale autentic \u2013 \u201eD-ale carnavalului\u201d la Teatrul Regina Maria","link":"https:\/\/www.teatrulreginamaria.ro\/hu\/curajul-unui-caragiale-autentic-d-ale-carnavalului-la-teatrul-regina-maria\/"}],"acf":[],"_links":{"self":[{"href":"https:\/\/www.teatrulreginamaria.ro\/hu\/wp-json\/wp\/v2\/posts\/13799","targetHints":{"allow":["GET"]}}],"collection":[{"href":"https:\/\/www.teatrulreginamaria.ro\/hu\/wp-json\/wp\/v2\/posts"}],"about":[{"href":"https:\/\/www.teatrulreginamaria.ro\/hu\/wp-json\/wp\/v2\/types\/post"}],"author":[{"embeddable":true,"href":"https:\/\/www.teatrulreginamaria.ro\/hu\/wp-json\/wp\/v2\/users\/8"}],"replies":[{"embeddable":true,"href":"https:\/\/www.teatrulreginamaria.ro\/hu\/wp-json\/wp\/v2\/comments?post=13799"}],"version-history":[{"count":2,"href":"https:\/\/www.teatrulreginamaria.ro\/hu\/wp-json\/wp\/v2\/posts\/13799\/revisions"}],"predecessor-version":[{"id":14091,"href":"https:\/\/www.teatrulreginamaria.ro\/hu\/wp-json\/wp\/v2\/posts\/13799\/revisions\/14091"}],"wp:featuredmedia":[{"embeddable":true,"href":"https:\/\/www.teatrulreginamaria.ro\/hu\/wp-json\/wp\/v2\/media\/13729"}],"wp:attachment":[{"href":"https:\/\/www.teatrulreginamaria.ro\/hu\/wp-json\/wp\/v2\/media?parent=13799"}],"wp:term":[{"taxonomy":"category","embeddable":true,"href":"https:\/\/www.teatrulreginamaria.ro\/hu\/wp-json\/wp\/v2\/categories?post=13799"},{"taxonomy":"post_tag","embeddable":true,"href":"https:\/\/www.teatrulreginamaria.ro\/hu\/wp-json\/wp\/v2\/tags?post=13799"}],"curies":[{"name":"munkaf\u00fczet","href":"https:\/\/api.w.org\/{rel}","templated":true}]}}