{"id":1381,"date":"2018-03-15T11:47:21","date_gmt":"2018-03-15T11:47:21","guid":{"rendered":"https:\/\/teatrulreginamaria.ro\/2018\/03\/15\/doua-concerte-extraordinare-tezaur-folcloric-in-aceeasi-zi\/"},"modified":"2018-03-15T11:47:21","modified_gmt":"2018-03-15T11:47:21","slug":"ket-rendkivuli-folklor-kincsesbanya-koncert-ugyanazon-a-napon","status":"publish","type":"post","link":"https:\/\/www.teatrulreginamaria.ro\/hu\/doua-concerte-extraordinare-tezaur-folcloric-in-aceeasi-zi\/","title":{"rendered":"K\u00e9t rendk\u00edv\u00fcli &quot;Folkl\u00f3rkincs&quot; koncert ugyanazon a napon"},"content":{"rendered":"<p><strong>Cri\u0219ana Professzion\u00e1lis M\u0171v\u00e9szeti Egy\u00fcttes<\/strong>, A Regina Maria Sz\u00ednh\u00e1z a Rom\u00e1n Telev\u00edzi\u00f3val \u00e9s a Bihar Megyei Tan\u00e1ccsal egy\u00fcttm\u0171k\u00f6dve k\u00e9t rendk\u00edv\u00fcli TEZAUR FOLKLORIC koncertet mutat be 2018. m\u00e1rcius 28-\u00e1n, szerd\u00e1n. A koncertekre a nagyv\u00e1radi Regina Maria Sz\u00ednh\u00e1z nagyterm\u00e9ben ker\u00fcl sor, majd a TVR1 orsz\u00e1gos telev\u00edzi\u00f3 n\u00e9gy ad\u00e1s\u00e1ban lesz l\u00e1that\u00f3. <strong>Folkl\u00f3rkincs<\/strong>, amelyek k\u00f6z\u00fcl az egyik a Nagy Uni\u00f3 centen\u00e1rium\u00e1nak van szentelve.<\/p>\n<p><!--more--><\/p>\n<p style=\"text-align: justify;\">Az els\u0151 koncert 17:00 \u00f3rakor kezd\u0151dik, \u00e9s a k\u00f6vetkez\u0151 m\u0171v\u00e9szek el\u0151ad\u00e1s\u00e1ban adnak majd pillanatokat: Oana Bozga, Stana Step\u0103nescu, Ciprian Pop, Otilia Harago\u0219 Seghedi, Cornelia Covaciu, Mariana Ionescu C\u0103pit\u0103nescu, Sebastian Stan, Ovidiu Homorodean, Mirela M\u0103nescu, <strong>Florica Ungur Csoport<\/strong> (Nicoleta Rab, Florina Pu\u015fc\u0103u, Daniela Lele, Andreea Suciu, M\u0103d\u0103lina Ilea, Iulia Lucaciu), Leontin Ciucur, St\u00e2ngaciu and St\u00e2ngaciu jr., Cornel Borza, Sava Negrean Bruda\u0219cu.<\/p>\n<p style=\"text-align: justify;\">A m\u00e1sodik koncert 20:00 \u00f3rakor kezd\u0151dik, \u00e9s fell\u00e9p: Felicia Costin, Lumini\u021ba Tomu\u021ba, Petric\u0103 Mure\u0219an, Bogdan Cioranu, Mihaela Grec, Marius Brutaru, Petric\u0103 Popa, <strong>Bihoreni Florica Duma eml\u00e9k\u00e9re<\/strong> (Ionel Ban, Nicoleta Rab, Andrei Corb, Florina Pu\u015fc\u0103u, Ciprian Mocan, Andreea Suciu, Daniela Lele, M\u0103d\u0103lina Ilea, Iulia Lucaciu), Constantin Bahrin, Alexandru Pugna, Cornel Borza, <strong>Heged\u0171- \u00e9s trombitazenekar<\/strong> (Zbiciu, St\u00e2ngaciu \u00e9s St\u00e2ngaciu jr., Dan Moisa, Mitic\u0103 Negrean) Leontin Ciucur, Ionu\u021b Fulea.<\/p>\n<p style=\"text-align: justify;\">Mindk\u00e9t koncerten a Cri\u0219ana Professzion\u00e1lis M\u0171v\u00e9szeti Egy\u00fcttes t\u00e1ncosai is fell\u00e9pnek Bihar \u00e9s az orsz\u00e1g m\u00e1s r\u00e9gi\u00f3inak t\u00e1ncaival, a k\u00eds\u00e9retet az egy\u00fcttes zenekara biztos\u00edtja Adrian \u00e9s Sorin Miescu vez\u00e9nylet\u00e9vel.<\/p>\n<p style=\"text-align: justify;\">A jegy \u00e1ra a k\u00f6z\u00e9ps\u0151 p\u00e1holyokban 50 lej, az oldals\u00f3 p\u00e1holyokban 40 lej, a teremben 30 lej, az erk\u00e9lyen pedig 20 lej. Azok a n\u00e9z\u0151k, akik szeretn\u00e9k \u00e9lvezni az \u00f6sszes fell\u00e9p\u0151 m\u0171v\u00e9szi j\u00e1t\u00e9k\u00e1t, \u00e9s mindk\u00e9t el\u0151ad\u00e1son jelen lesznek, kedvezm\u00e9nyt kapnak. \u00cdgy a k\u00f6z\u00e9ps\u0151 p\u00e1holyokban k\u00e9t jegy (el\u0151ad\u00e1sonk\u00e9nt egy) 100 helyett 80 lejbe, az oldals\u00f3 p\u00e1holyokban 80 helyett 65 lejbe, a teremben 60 helyett 50 lejbe, az erk\u00e9lyen pedig a k\u00e9t jegy 40 helyett 30 lejbe ker\u00fcl. (Az akci\u00f3 csak a Jegyirod\u00e1ban \u00e9rv\u00e9nyes!)<\/p>\n<p style=\"text-align: justify;\">A jegyek m\u00e1t\u00f3l kaphat\u00f3k a sz\u00ednh\u00e1z Jegyirod\u00e1j\u00e1ban (keddt\u0151l p\u00e9ntekig 12:00 \u00e9s 18:00 \u00f3ra k\u00f6z\u00f6tt, h\u00e9tv\u00e9g\u00e9n pedig 10:00 \u00e9s 13:00 \u00f3ra k\u00f6z\u00f6tt) vagy online a www.biletmaster.ro oldalon. Tov\u00e1bbi inform\u00e1ci\u00f3\u00e9rt \u00e9s jegyfoglal\u00e1s\u00e9rt k\u00e9rj\u00fck, h\u00edvja a 0372\/368.475-\u00f6s telefonsz\u00e1mot.<\/p>\n<p style=\"text-align: justify;\">K\u00e9rj\u00fck a n\u00e9z\u0151ket, hogy minden el\u0151ad\u00e1s el\u0151tt 15 perccel jelenjenek meg a teremben!<\/p>\n<p style=\"text-align: justify;\">Szeretn\u00e9nk k\u00f6sz\u00f6netet mondani a szponzoroknak: Grand Hotel Astoria, Royal Beauty Center, Hairdresser Thia, Lancetti Transport \u00e9s Discover Bihor.<\/p>\n<p style=\"text-align: justify;\">V\u00e1rjuk \u00d6nt!<\/p>\n<p style=\"text-align: justify;\">___________________________________<\/p>\n<p style=\"text-align: justify;\">Leontin Ciucur Cri\u0219ana Professzion\u00e1lis M\u0171v\u00e9szeti Egy\u00fcttes Regina Maria Sz\u00ednh\u00e1z <a href=\"mailto:ansamblulcrisana@yahoo.com\">ansamblulcrisana@yahoo.com <\/a>teatrulreginamaria.ro 0731 835 300<\/p>\n<p style=\"text-align: justify;\">\u00a0<\/p>","protected":false},"excerpt":{"rendered":"<p>Ansamblul Artistic Profesionist Cri\u0219ana, din cadrul Teatrului Regina Maria, \u00een parteneriat\u00a0 cu Televiziunea Rom\u00e2n\u0103 \u0219i Consiliul Jude\u021bean Bihor, prezint\u0103 miercuri \u00een data de 28 martie 2018, dou\u0103 Concerte Extraordinare TEZAUR FOLCLORIC. Acestea vor avea loc la Sala Mare a Teatrului Regina Maria din Oradea \u0219i ulterior vor fi difuzate la televiziunea na\u021bional\u0103 TVR1 \u00een patru [&hellip;]<\/p>\n","protected":false},"author":1,"featured_media":0,"comment_status":"open","ping_status":"open","sticky":false,"template":"","format":"standard","meta":{"_acf_changed":false,"footnotes":""},"categories":[32],"tags":[],"class_list":["post-1381","post","type-post","status-publish","format-standard","hentry","category-noutati-ansamblul-crisana"],"aioseo_notices":[],"aioseo_head":"\n\t\t<!-- All in One SEO Pro 5.0.1.1 - aioseo.com -->\n\t<meta name=\"description\" content=\"Ansamblul Artistic Profesionist Cri\u0219ana, din cadrul Teatrului Regina Maria, \u00een parteneriat cu Televiziunea Rom\u00e2n\u0103 \u0219i Consiliul Jude\u021bean Bihor, prezint\u0103 miercuri \u00een data de 28 martie 2018, dou\u0103 Concerte Extraordinare TEZAUR FOLCLORIC. Acestea vor avea loc la Sala Mare a Teatrului Regina Maria din Oradea \u0219i ulterior vor fi difuzate la televiziunea na\u021bional\u0103 TVR1 \u00een patru\" \/>\n\t<meta name=\"robots\" content=\"max-image-preview:large\" \/>\n\t<meta name=\"author\" content=\"Teatrul Regina Maria\"\/>\n\t<link rel=\"canonical\" href=\"https:\/\/www.teatrulreginamaria.ro\/hu\/doua-concerte-extraordinare-tezaur-folcloric-in-aceeasi-zi\/\" \/>\n\t<meta name=\"generator\" content=\"All in One SEO Pro (AIOSEO) 5.0.1.1\" \/>\n\t\t<meta property=\"og:locale\" content=\"hu_HU\" \/>\n\t\t<meta property=\"og:site_name\" content=\"Teatrul Regina Maria Oradea - Trupa Iosif Vulcan \u0219i Trupa Arcadia\" \/>\n\t\t<meta property=\"og:type\" content=\"article\" \/>\n\t\t<meta property=\"og:title\" content=\"Dou\u0103 concerte extraordinare \u201eTezaur Folcloric\u201d \u00een aceea\u0219i zi - Teatrul Regina Maria Oradea\" \/>\n\t\t<meta property=\"og:description\" content=\"Ansamblul Artistic Profesionist Cri\u0219ana, din cadrul Teatrului Regina Maria, \u00een parteneriat cu Televiziunea Rom\u00e2n\u0103 \u0219i Consiliul Jude\u021bean Bihor, prezint\u0103 miercuri \u00een data de 28 martie 2018, dou\u0103 Concerte Extraordinare TEZAUR FOLCLORIC. Acestea vor avea loc la Sala Mare a Teatrului Regina Maria din Oradea \u0219i ulterior vor fi difuzate la televiziunea na\u021bional\u0103 TVR1 \u00een patru\" \/>\n\t\t<meta property=\"og:url\" content=\"https:\/\/www.teatrulreginamaria.ro\/hu\/doua-concerte-extraordinare-tezaur-folcloric-in-aceeasi-zi\/\" \/>\n\t\t<meta property=\"og:image\" content=\"https:\/\/www.teatrulreginamaria.ro\/wp-content\/uploads\/2025\/03\/trm-istoric-01.jpg\" \/>\n\t\t<meta property=\"og:image:secure_url\" content=\"https:\/\/www.teatrulreginamaria.ro\/wp-content\/uploads\/2025\/03\/trm-istoric-01.jpg\" \/>\n\t\t<meta property=\"og:image:width\" content=\"1200\" \/>\n\t\t<meta property=\"og:image:height\" content=\"800\" \/>\n\t\t<meta property=\"article:published_time\" content=\"2018-03-15T11:47:21+00:00\" \/>\n\t\t<meta property=\"article:modified_time\" content=\"2018-03-15T11:47:21+00:00\" \/>\n\t\t<meta property=\"article:publisher\" content=\"https:\/\/www.facebook.com\/TRMTrupaIosifVulcan\/\" \/>\n\t\t<meta name=\"twitter:card\" content=\"summary_large_image\" \/>\n\t\t<meta name=\"twitter:site\" content=\"@TRMOradea\" \/>\n\t\t<meta name=\"twitter:title\" content=\"Dou\u0103 concerte extraordinare \u201eTezaur Folcloric\u201d \u00een aceea\u0219i zi - Teatrul Regina Maria Oradea\" \/>\n\t\t<meta name=\"twitter:description\" content=\"Ansamblul Artistic Profesionist Cri\u0219ana, din cadrul Teatrului Regina Maria, \u00een parteneriat cu Televiziunea Rom\u00e2n\u0103 \u0219i Consiliul Jude\u021bean Bihor, prezint\u0103 miercuri \u00een data de 28 martie 2018, dou\u0103 Concerte Extraordinare TEZAUR FOLCLORIC. Acestea vor avea loc la Sala Mare a Teatrului Regina Maria din Oradea \u0219i ulterior vor fi difuzate la televiziunea na\u021bional\u0103 TVR1 \u00een patru\" \/>\n\t\t<meta name=\"twitter:creator\" content=\"@TRMOradea\" \/>\n\t\t<meta name=\"twitter:image\" content=\"https:\/\/www.teatrulreginamaria.ro\/wp-content\/uploads\/2025\/03\/trm-istoric-01.jpg\" \/>\n\t\t<script type=\"application\/ld+json\" class=\"aioseo-schema\">\n\t\t\t{\"@context\":\"https:\\\/\\\/schema.org\",\"@graph\":[{\"@type\":\"BlogPosting\",\"@id\":\"https:\\\/\\\/www.teatrulreginamaria.ro\\\/hu\\\/doua-concerte-extraordinare-tezaur-folcloric-in-aceeasi-zi\\\/#blogposting\",\"name\":\"Dou\\u0103 concerte extraordinare \\u201eTezaur Folcloric\\u201d \\u00een aceea\\u0219i zi - Teatrul Regina Maria Oradea\",\"headline\":\"Dou\\u0103 concerte extraordinare \\u201eTezaur Folcloric\\u201d \\u00een aceea\\u0219i zi\",\"author\":{\"@id\":\"https:\\\/\\\/www.teatrulreginamaria.ro\\\/hu\\\/author\\\/iulianm\\\/#author\"},\"publisher\":{\"@id\":\"https:\\\/\\\/www.teatrulreginamaria.ro\\\/hu\\\/#organization\"},\"image\":{\"@type\":\"ImageObject\",\"url\":\"https:\\\/\\\/www.teatrulreginamaria.ro\\\/wp-content\\\/uploads\\\/2025\\\/06\\\/logo-trm-01-dark.png\",\"@id\":\"https:\\\/\\\/www.teatrulreginamaria.ro\\\/hu\\\/#articleImage\",\"width\":300,\"height\":148},\"datePublished\":\"2018-03-15T11:47:21+02:00\",\"dateModified\":\"2018-03-15T11:47:21+02:00\",\"inLanguage\":\"hu-HU\",\"mainEntityOfPage\":{\"@id\":\"https:\\\/\\\/www.teatrulreginamaria.ro\\\/hu\\\/doua-concerte-extraordinare-tezaur-folcloric-in-aceeasi-zi\\\/#webpage\"},\"isPartOf\":{\"@id\":\"https:\\\/\\\/www.teatrulreginamaria.ro\\\/hu\\\/doua-concerte-extraordinare-tezaur-folcloric-in-aceeasi-zi\\\/#webpage\"},\"articleSection\":\"Nout\\u0103\\u021bi - Ansamblul Cri\\u0219ana\"},{\"@type\":\"BreadcrumbList\",\"@id\":\"https:\\\/\\\/www.teatrulreginamaria.ro\\\/hu\\\/doua-concerte-extraordinare-tezaur-folcloric-in-aceeasi-zi\\\/#breadcrumblist\",\"itemListElement\":[{\"@type\":\"ListItem\",\"@id\":\"https:\\\/\\\/www.teatrulreginamaria.ro\\\/hu#listItem\",\"position\":1,\"name\":\"Home\",\"item\":\"https:\\\/\\\/www.teatrulreginamaria.ro\\\/hu\",\"nextItem\":{\"@type\":\"ListItem\",\"@id\":\"https:\\\/\\\/www.teatrulreginamaria.ro\\\/hu\\\/categorie\\\/noutati\\\/#listItem\",\"name\":\"Nout\\u0103\\u021bi\"}},{\"@type\":\"ListItem\",\"@id\":\"https:\\\/\\\/www.teatrulreginamaria.ro\\\/hu\\\/categorie\\\/noutati\\\/#listItem\",\"position\":2,\"name\":\"Nout\\u0103\\u021bi\",\"item\":\"https:\\\/\\\/www.teatrulreginamaria.ro\\\/hu\\\/categorie\\\/noutati\\\/\",\"nextItem\":{\"@type\":\"ListItem\",\"@id\":\"https:\\\/\\\/www.teatrulreginamaria.ro\\\/hu\\\/categorie\\\/noutati\\\/noutati-ansamblul-crisana\\\/#listItem\",\"name\":\"Nout\\u0103\\u021bi - Ansamblul Cri\\u0219ana\"},\"previousItem\":{\"@type\":\"ListItem\",\"@id\":\"https:\\\/\\\/www.teatrulreginamaria.ro\\\/hu#listItem\",\"name\":\"Home\"}},{\"@type\":\"ListItem\",\"@id\":\"https:\\\/\\\/www.teatrulreginamaria.ro\\\/hu\\\/categorie\\\/noutati\\\/noutati-ansamblul-crisana\\\/#listItem\",\"position\":3,\"name\":\"Nout\\u0103\\u021bi - Ansamblul Cri\\u0219ana\",\"item\":\"https:\\\/\\\/www.teatrulreginamaria.ro\\\/hu\\\/categorie\\\/noutati\\\/noutati-ansamblul-crisana\\\/\",\"nextItem\":{\"@type\":\"ListItem\",\"@id\":\"https:\\\/\\\/www.teatrulreginamaria.ro\\\/hu\\\/doua-concerte-extraordinare-tezaur-folcloric-in-aceeasi-zi\\\/#listItem\",\"name\":\"Dou\\u0103 concerte extraordinare \\u201eTezaur Folcloric\\u201d \\u00een aceea\\u0219i zi\"},\"previousItem\":{\"@type\":\"ListItem\",\"@id\":\"https:\\\/\\\/www.teatrulreginamaria.ro\\\/hu\\\/categorie\\\/noutati\\\/#listItem\",\"name\":\"Nout\\u0103\\u021bi\"}},{\"@type\":\"ListItem\",\"@id\":\"https:\\\/\\\/www.teatrulreginamaria.ro\\\/hu\\\/doua-concerte-extraordinare-tezaur-folcloric-in-aceeasi-zi\\\/#listItem\",\"position\":4,\"name\":\"Dou\\u0103 concerte extraordinare \\u201eTezaur Folcloric\\u201d \\u00een aceea\\u0219i zi\",\"previousItem\":{\"@type\":\"ListItem\",\"@id\":\"https:\\\/\\\/www.teatrulreginamaria.ro\\\/hu\\\/categorie\\\/noutati\\\/noutati-ansamblul-crisana\\\/#listItem\",\"name\":\"Nout\\u0103\\u021bi - Ansamblul Cri\\u0219ana\"}}]},{\"@type\":\"Organization\",\"@id\":\"https:\\\/\\\/www.teatrulreginamaria.ro\\\/hu\\\/#organization\",\"name\":\"Teatrul Regina Maria Oradea\",\"description\":\"Trupa Iosif Vulcan \\u0219i Trupa Arcadia\",\"url\":\"https:\\\/\\\/www.teatrulreginamaria.ro\\\/hu\\\/\",\"email\":\"marketing@teatrulreginamaria.ro\",\"telephone\":\"+40359411534\",\"numberOfEmployees\":{\"@type\":\"QuantitativeValue\",\"minValue\":0,\"maxValue\":150},\"logo\":{\"@type\":\"ImageObject\",\"url\":\"https:\\\/\\\/www.teatrulreginamaria.ro\\\/wp-content\\\/uploads\\\/2025\\\/06\\\/logo-trm-01-dark.png\",\"@id\":\"https:\\\/\\\/www.teatrulreginamaria.ro\\\/hu\\\/doua-concerte-extraordinare-tezaur-folcloric-in-aceeasi-zi\\\/#organizationLogo\",\"width\":300,\"height\":148},\"image\":{\"@id\":\"https:\\\/\\\/www.teatrulreginamaria.ro\\\/hu\\\/doua-concerte-extraordinare-tezaur-folcloric-in-aceeasi-zi\\\/#organizationLogo\"},\"sameAs\":[\"https:\\\/\\\/www.facebook.com\\\/TRMTrupaIosifVulcan\\\/\",\"https:\\\/\\\/x.com\\\/TRMOradea\",\"https:\\\/\\\/www.instagram.com\\\/teatrul_regina_maria\\\/\",\"https:\\\/\\\/www.youtube.com\\\/c\\\/TeatrulReginaMariaOradea\",\"https:\\\/\\\/www.linkedin.com\\\/company\\\/teatrul-regina-maria\"]},{\"@type\":\"Person\",\"@id\":\"https:\\\/\\\/www.teatrulreginamaria.ro\\\/hu\\\/author\\\/iulianm\\\/#author\",\"url\":\"https:\\\/\\\/www.teatrulreginamaria.ro\\\/hu\\\/author\\\/iulianm\\\/\",\"name\":\"Teatrul Regina Maria\",\"image\":{\"@type\":\"ImageObject\",\"@id\":\"https:\\\/\\\/www.teatrulreginamaria.ro\\\/hu\\\/doua-concerte-extraordinare-tezaur-folcloric-in-aceeasi-zi\\\/#authorImage\",\"url\":\"https:\\\/\\\/secure.gravatar.com\\\/avatar\\\/49af75bc1b3eb710073d2f37927ea27e6c274a29562ef49edfc6bcf11b9e941d?s=96&d=mm&r=g\",\"width\":96,\"height\":96,\"caption\":\"Teatrul Regina Maria\"}},{\"@type\":\"WebPage\",\"@id\":\"https:\\\/\\\/www.teatrulreginamaria.ro\\\/hu\\\/doua-concerte-extraordinare-tezaur-folcloric-in-aceeasi-zi\\\/#webpage\",\"url\":\"https:\\\/\\\/www.teatrulreginamaria.ro\\\/hu\\\/doua-concerte-extraordinare-tezaur-folcloric-in-aceeasi-zi\\\/\",\"name\":\"Dou\\u0103 concerte extraordinare \\u201eTezaur Folcloric\\u201d \\u00een aceea\\u0219i zi - Teatrul Regina Maria Oradea\",\"description\":\"Ansamblul Artistic Profesionist Cri\\u0219ana, din cadrul Teatrului Regina Maria, \\u00een parteneriat cu Televiziunea Rom\\u00e2n\\u0103 \\u0219i Consiliul Jude\\u021bean Bihor, prezint\\u0103 miercuri \\u00een data de 28 martie 2018, dou\\u0103 Concerte Extraordinare TEZAUR FOLCLORIC. Acestea vor avea loc la Sala Mare a Teatrului Regina Maria din Oradea \\u0219i ulterior vor fi difuzate la televiziunea na\\u021bional\\u0103 TVR1 \\u00een patru\",\"inLanguage\":\"hu-HU\",\"isPartOf\":{\"@id\":\"https:\\\/\\\/www.teatrulreginamaria.ro\\\/hu\\\/#website\"},\"breadcrumb\":{\"@id\":\"https:\\\/\\\/www.teatrulreginamaria.ro\\\/hu\\\/doua-concerte-extraordinare-tezaur-folcloric-in-aceeasi-zi\\\/#breadcrumblist\"},\"author\":{\"@id\":\"https:\\\/\\\/www.teatrulreginamaria.ro\\\/hu\\\/author\\\/iulianm\\\/#author\"},\"creator\":{\"@id\":\"https:\\\/\\\/www.teatrulreginamaria.ro\\\/hu\\\/author\\\/iulianm\\\/#author\"},\"datePublished\":\"2018-03-15T11:47:21+02:00\",\"dateModified\":\"2018-03-15T11:47:21+02:00\"},{\"@type\":\"WebSite\",\"@id\":\"https:\\\/\\\/www.teatrulreginamaria.ro\\\/hu\\\/#website\",\"url\":\"https:\\\/\\\/www.teatrulreginamaria.ro\\\/hu\\\/\",\"name\":\"Teatrul Regina Maria Oradea\",\"alternateName\":\"TRM Oradea\",\"description\":\"Trupa Iosif Vulcan \\u0219i Trupa Arcadia\",\"inLanguage\":\"hu-HU\",\"publisher\":{\"@id\":\"https:\\\/\\\/www.teatrulreginamaria.ro\\\/hu\\\/#organization\"}}]}\n\t\t<\/script>\n\t\t<!-- All in One SEO Pro -->\r\n\t\t<title>Dou\u0103 concerte extraordinare \u201eTezaur Folcloric\u201d \u00een aceea\u0219i zi - Teatrul Regina Maria Oradea<\/title>\n\n","aioseo_head_json":{"title":"K\u00e9t rendk\u00edv\u00fcli &quot;N\u00e9pm\u0171v\u00e9szeti Kincs&quot; koncert ugyanazon a napon - Regina Maria Sz\u00ednh\u00e1z, Nagyv\u00e1rad","description":"A Regina Maria Sz\u00ednh\u00e1zon bel\u00fcl m\u0171k\u00f6d\u0151 Cri\u0219ana Professzion\u00e1lis M\u0171v\u00e9szeti Egy\u00fcttes, a Rom\u00e1n Telev\u00edzi\u00f3val \u00e9s a Bihar Megyei Tan\u00e1ccsal egy\u00fcttm\u0171k\u00f6dve, k\u00e9t rendk\u00edv\u00fcli TEZAUR FOLKLORIC koncertet mutat be 2018. m\u00e1rcius 28-\u00e1n, szerd\u00e1n. A koncertekre a nagyv\u00e1radi Regina Maria Sz\u00ednh\u00e1z nagyterm\u00e9ben ker\u00fcl sor, majd a TVR1 orsz\u00e1gos telev\u00edzi\u00f3 n\u00e9gy csatorn\u00e1j\u00e1n is sug\u00e1rozz\u00e1k majd.","canonical_url":"https:\/\/www.teatrulreginamaria.ro\/hu\/doua-concerte-extraordinare-tezaur-folcloric-in-aceeasi-zi\/","robots":"max-image-preview:large","keywords":"","webmasterTools":{"miscellaneous":""},"schema":{"@context":"https:\/\/schema.org","@graph":[{"@type":"BlogPosting","@id":"https:\/\/www.teatrulreginamaria.ro\/hu\/doua-concerte-extraordinare-tezaur-folcloric-in-aceeasi-zi\/#blogposting","name":"Dou\u0103 concerte extraordinare \u201eTezaur Folcloric\u201d \u00een aceea\u0219i zi - Teatrul Regina Maria Oradea","headline":"Dou\u0103 concerte extraordinare \u201eTezaur Folcloric\u201d \u00een aceea\u0219i zi","author":{"@id":"https:\/\/www.teatrulreginamaria.ro\/hu\/author\/iulianm\/#author"},"publisher":{"@id":"https:\/\/www.teatrulreginamaria.ro\/hu\/#organization"},"image":{"@type":"ImageObject","url":"https:\/\/www.teatrulreginamaria.ro\/wp-content\/uploads\/2025\/06\/logo-trm-01-dark.png","@id":"https:\/\/www.teatrulreginamaria.ro\/hu\/#articleImage","width":300,"height":148},"datePublished":"2018-03-15T11:47:21+02:00","dateModified":"2018-03-15T11:47:21+02:00","inLanguage":"hu-HU","mainEntityOfPage":{"@id":"https:\/\/www.teatrulreginamaria.ro\/hu\/doua-concerte-extraordinare-tezaur-folcloric-in-aceeasi-zi\/#webpage"},"isPartOf":{"@id":"https:\/\/www.teatrulreginamaria.ro\/hu\/doua-concerte-extraordinare-tezaur-folcloric-in-aceeasi-zi\/#webpage"},"articleSection":"Nout\u0103\u021bi - Ansamblul Cri\u0219ana"},{"@type":"BreadcrumbList","@id":"https:\/\/www.teatrulreginamaria.ro\/hu\/doua-concerte-extraordinare-tezaur-folcloric-in-aceeasi-zi\/#breadcrumblist","itemListElement":[{"@type":"ListItem","@id":"https:\/\/www.teatrulreginamaria.ro\/hu#listItem","position":1,"name":"Home","item":"https:\/\/www.teatrulreginamaria.ro\/hu","nextItem":{"@type":"ListItem","@id":"https:\/\/www.teatrulreginamaria.ro\/hu\/categorie\/noutati\/#listItem","name":"Nout\u0103\u021bi"}},{"@type":"ListItem","@id":"https:\/\/www.teatrulreginamaria.ro\/hu\/categorie\/noutati\/#listItem","position":2,"name":"Nout\u0103\u021bi","item":"https:\/\/www.teatrulreginamaria.ro\/hu\/categorie\/noutati\/","nextItem":{"@type":"ListItem","@id":"https:\/\/www.teatrulreginamaria.ro\/hu\/categorie\/noutati\/noutati-ansamblul-crisana\/#listItem","name":"Nout\u0103\u021bi - Ansamblul Cri\u0219ana"},"previousItem":{"@type":"ListItem","@id":"https:\/\/www.teatrulreginamaria.ro\/hu#listItem","name":"Home"}},{"@type":"ListItem","@id":"https:\/\/www.teatrulreginamaria.ro\/hu\/categorie\/noutati\/noutati-ansamblul-crisana\/#listItem","position":3,"name":"Nout\u0103\u021bi - Ansamblul Cri\u0219ana","item":"https:\/\/www.teatrulreginamaria.ro\/hu\/categorie\/noutati\/noutati-ansamblul-crisana\/","nextItem":{"@type":"ListItem","@id":"https:\/\/www.teatrulreginamaria.ro\/hu\/doua-concerte-extraordinare-tezaur-folcloric-in-aceeasi-zi\/#listItem","name":"Dou\u0103 concerte extraordinare \u201eTezaur Folcloric\u201d \u00een aceea\u0219i zi"},"previousItem":{"@type":"ListItem","@id":"https:\/\/www.teatrulreginamaria.ro\/hu\/categorie\/noutati\/#listItem","name":"Nout\u0103\u021bi"}},{"@type":"ListItem","@id":"https:\/\/www.teatrulreginamaria.ro\/hu\/doua-concerte-extraordinare-tezaur-folcloric-in-aceeasi-zi\/#listItem","position":4,"name":"Dou\u0103 concerte extraordinare \u201eTezaur Folcloric\u201d \u00een aceea\u0219i zi","previousItem":{"@type":"ListItem","@id":"https:\/\/www.teatrulreginamaria.ro\/hu\/categorie\/noutati\/noutati-ansamblul-crisana\/#listItem","name":"Nout\u0103\u021bi - Ansamblul Cri\u0219ana"}}]},{"@type":"Organization","@id":"https:\/\/www.teatrulreginamaria.ro\/hu\/#organization","name":"Teatrul Regina Maria Oradea","description":"Trupa Iosif Vulcan \u0219i Trupa Arcadia","url":"https:\/\/www.teatrulreginamaria.ro\/hu\/","email":"marketing@teatrulreginamaria.ro","telephone":"+40359411534","numberOfEmployees":{"@type":"QuantitativeValue","minValue":0,"maxValue":150},"logo":{"@type":"ImageObject","url":"https:\/\/www.teatrulreginamaria.ro\/wp-content\/uploads\/2025\/06\/logo-trm-01-dark.png","@id":"https:\/\/www.teatrulreginamaria.ro\/hu\/doua-concerte-extraordinare-tezaur-folcloric-in-aceeasi-zi\/#organizationLogo","width":300,"height":148},"image":{"@id":"https:\/\/www.teatrulreginamaria.ro\/hu\/doua-concerte-extraordinare-tezaur-folcloric-in-aceeasi-zi\/#organizationLogo"},"sameAs":["https:\/\/www.facebook.com\/TRMTrupaIosifVulcan\/","https:\/\/x.com\/TRMOradea","https:\/\/www.instagram.com\/teatrul_regina_maria\/","https:\/\/www.youtube.com\/c\/TeatrulReginaMariaOradea","https:\/\/www.linkedin.com\/company\/teatrul-regina-maria"]},{"@type":"Person","@id":"https:\/\/www.teatrulreginamaria.ro\/hu\/author\/iulianm\/#author","url":"https:\/\/www.teatrulreginamaria.ro\/hu\/author\/iulianm\/","name":"Teatrul Regina Maria","image":{"@type":"ImageObject","@id":"https:\/\/www.teatrulreginamaria.ro\/hu\/doua-concerte-extraordinare-tezaur-folcloric-in-aceeasi-zi\/#authorImage","url":"https:\/\/secure.gravatar.com\/avatar\/49af75bc1b3eb710073d2f37927ea27e6c274a29562ef49edfc6bcf11b9e941d?s=96&d=mm&r=g","width":96,"height":96,"caption":"Teatrul Regina Maria"}},{"@type":"WebPage","@id":"https:\/\/www.teatrulreginamaria.ro\/hu\/doua-concerte-extraordinare-tezaur-folcloric-in-aceeasi-zi\/#webpage","url":"https:\/\/www.teatrulreginamaria.ro\/hu\/doua-concerte-extraordinare-tezaur-folcloric-in-aceeasi-zi\/","name":"Dou\u0103 concerte extraordinare \u201eTezaur Folcloric\u201d \u00een aceea\u0219i zi - Teatrul Regina Maria Oradea","description":"Ansamblul Artistic Profesionist Cri\u0219ana, din cadrul Teatrului Regina Maria, \u00een parteneriat cu Televiziunea Rom\u00e2n\u0103 \u0219i Consiliul Jude\u021bean Bihor, prezint\u0103 miercuri \u00een data de 28 martie 2018, dou\u0103 Concerte Extraordinare TEZAUR FOLCLORIC. Acestea vor avea loc la Sala Mare a Teatrului Regina Maria din Oradea \u0219i ulterior vor fi difuzate la televiziunea na\u021bional\u0103 TVR1 \u00een patru","inLanguage":"hu-HU","isPartOf":{"@id":"https:\/\/www.teatrulreginamaria.ro\/hu\/#website"},"breadcrumb":{"@id":"https:\/\/www.teatrulreginamaria.ro\/hu\/doua-concerte-extraordinare-tezaur-folcloric-in-aceeasi-zi\/#breadcrumblist"},"author":{"@id":"https:\/\/www.teatrulreginamaria.ro\/hu\/author\/iulianm\/#author"},"creator":{"@id":"https:\/\/www.teatrulreginamaria.ro\/hu\/author\/iulianm\/#author"},"datePublished":"2018-03-15T11:47:21+02:00","dateModified":"2018-03-15T11:47:21+02:00"},{"@type":"WebSite","@id":"https:\/\/www.teatrulreginamaria.ro\/hu\/#website","url":"https:\/\/www.teatrulreginamaria.ro\/hu\/","name":"Teatrul Regina Maria Oradea","alternateName":"TRM Oradea","description":"Trupa Iosif Vulcan \u0219i Trupa Arcadia","inLanguage":"hu-HU","publisher":{"@id":"https:\/\/www.teatrulreginamaria.ro\/hu\/#organization"}}]},"og:locale":"hu_HU","og:site_name":"Teatrul Regina Maria Oradea - Trupa Iosif Vulcan \u0219i Trupa Arcadia","og:type":"article","og:title":"Dou\u0103 concerte extraordinare \u201eTezaur Folcloric\u201d \u00een aceea\u0219i zi - Teatrul Regina Maria Oradea","og:description":"Ansamblul Artistic Profesionist Cri\u0219ana, din cadrul Teatrului Regina Maria, \u00een parteneriat cu Televiziunea Rom\u00e2n\u0103 \u0219i Consiliul Jude\u021bean Bihor, prezint\u0103 miercuri \u00een data de 28 martie 2018, dou\u0103 Concerte Extraordinare TEZAUR FOLCLORIC. Acestea vor avea loc la Sala Mare a Teatrului Regina Maria din Oradea \u0219i ulterior vor fi difuzate la televiziunea na\u021bional\u0103 TVR1 \u00een patru","og:url":"https:\/\/www.teatrulreginamaria.ro\/hu\/doua-concerte-extraordinare-tezaur-folcloric-in-aceeasi-zi\/","og:image":"https:\/\/www.teatrulreginamaria.ro\/wp-content\/uploads\/2025\/03\/trm-istoric-01.jpg","og:image:secure_url":"https:\/\/www.teatrulreginamaria.ro\/wp-content\/uploads\/2025\/03\/trm-istoric-01.jpg","og:image:width":1200,"og:image:height":800,"article:published_time":"2018-03-15T11:47:21+00:00","article:modified_time":"2018-03-15T11:47:21+00:00","article:publisher":"https:\/\/www.facebook.com\/TRMTrupaIosifVulcan\/","twitter:card":"summary_large_image","twitter:site":"@TRMOradea","twitter:title":"Dou\u0103 concerte extraordinare \u201eTezaur Folcloric\u201d \u00een aceea\u0219i zi - Teatrul Regina Maria Oradea","twitter:description":"Ansamblul Artistic Profesionist Cri\u0219ana, din cadrul Teatrului Regina Maria, \u00een parteneriat cu Televiziunea Rom\u00e2n\u0103 \u0219i Consiliul Jude\u021bean Bihor, prezint\u0103 miercuri \u00een data de 28 martie 2018, dou\u0103 Concerte Extraordinare TEZAUR FOLCLORIC. Acestea vor avea loc la Sala Mare a Teatrului Regina Maria din Oradea \u0219i ulterior vor fi difuzate la televiziunea na\u021bional\u0103 TVR1 \u00een patru","twitter:creator":"@TRMOradea","twitter:image":"https:\/\/www.teatrulreginamaria.ro\/wp-content\/uploads\/2025\/03\/trm-istoric-01.jpg"},"aioseo_meta_data":{"post_id":"1381","title":null,"description":null,"keywords":null,"keyphrases":null,"primary_term":null,"canonical_url":null,"og_title":null,"og_description":null,"og_object_type":"default","og_image_type":"default","og_image_url":null,"og_image_width":null,"og_image_height":null,"og_image_custom_url":null,"og_image_custom_fields":null,"og_video":null,"og_custom_url":null,"og_article_section":null,"og_article_tags":null,"twitter_use_og":false,"twitter_card":"default","twitter_image_type":"default","twitter_image_url":null,"twitter_image_custom_url":null,"twitter_image_custom_fields":null,"twitter_title":null,"twitter_description":null,"schema":{"blockGraphs":[],"customGraphs":[],"default":{"data":{"Article":[],"Course":[],"Dataset":[],"FAQPage":[],"Movie":[],"Person":[],"Product":[],"ProductReview":[],"Car":[],"Recipe":[],"Service":[],"SoftwareApplication":[],"WebPage":[]},"graphName":"","isEnabled":true},"graphs":[]},"schema_type":"default","schema_type_options":null,"pillar_content":false,"robots_default":true,"robots_noindex":false,"robots_noarchive":false,"robots_nosnippet":false,"robots_nofollow":false,"robots_noimageindex":false,"robots_noodp":false,"robots_notranslate":false,"robots_max_snippet":null,"robots_max_videopreview":null,"robots_max_imagepreview":"large","priority":null,"frequency":null,"local_seo":null,"seo_analyzer_scan_date":"2026-05-13 01:55:42","breadcrumb_settings":null,"limit_modified_date":false,"reviewed_by":null,"open_ai":null,"ai":null,"created":"2025-04-09 17:42:41","updated":"2026-05-13 01:55:42","focus_keyword":null,"additional_keywords":null,"truseo_locale":null},"aioseo_breadcrumb":"<div class=\"aioseo-breadcrumbs\"><span class=\"aioseo-breadcrumb\">\n\t<a href=\"https:\/\/www.teatrulreginamaria.ro\/hu\" title=\"Home\">Home<\/a>\n<\/span><span class=\"aioseo-breadcrumb-separator\">&raquo;<\/span><span class=\"aioseo-breadcrumb\">\n\t<a href=\"https:\/\/www.teatrulreginamaria.ro\/hu\/categorie\/noutati\/\" title=\"Nout\u0103\u021bi\">Nout\u0103\u021bi<\/a>\n<\/span><span class=\"aioseo-breadcrumb-separator\">&raquo;<\/span><span class=\"aioseo-breadcrumb\">\n\t<a href=\"https:\/\/www.teatrulreginamaria.ro\/hu\/categorie\/noutati\/noutati-ansamblul-crisana\/\" title=\"Nout\u0103\u021bi - Ansamblul Cri\u0219ana\">Nout\u0103\u021bi - Ansamblul Cri\u0219ana<\/a>\n<\/span><span class=\"aioseo-breadcrumb-separator\">&raquo;<\/span><span class=\"aioseo-breadcrumb\">\n\tDou\u0103 concerte extraordinare \u201eTezaur Folcloric\u201d \u00een aceea\u0219i zi\n<\/span><\/div>","aioseo_breadcrumb_json":[{"label":"Home","link":"https:\/\/www.teatrulreginamaria.ro\/hu"},{"label":"Nout\u0103\u021bi","link":"https:\/\/www.teatrulreginamaria.ro\/hu\/categorie\/noutati\/"},{"label":"Nout\u0103\u021bi - Ansamblul Cri\u0219ana","link":"https:\/\/www.teatrulreginamaria.ro\/hu\/categorie\/noutati\/noutati-ansamblul-crisana\/"},{"label":"Dou\u0103 concerte extraordinare \u201eTezaur Folcloric\u201d \u00een aceea\u0219i zi","link":"https:\/\/www.teatrulreginamaria.ro\/hu\/doua-concerte-extraordinare-tezaur-folcloric-in-aceeasi-zi\/"}],"acf":[],"_links":{"self":[{"href":"https:\/\/www.teatrulreginamaria.ro\/hu\/wp-json\/wp\/v2\/posts\/1381","targetHints":{"allow":["GET"]}}],"collection":[{"href":"https:\/\/www.teatrulreginamaria.ro\/hu\/wp-json\/wp\/v2\/posts"}],"about":[{"href":"https:\/\/www.teatrulreginamaria.ro\/hu\/wp-json\/wp\/v2\/types\/post"}],"author":[{"embeddable":true,"href":"https:\/\/www.teatrulreginamaria.ro\/hu\/wp-json\/wp\/v2\/users\/1"}],"replies":[{"embeddable":true,"href":"https:\/\/www.teatrulreginamaria.ro\/hu\/wp-json\/wp\/v2\/comments?post=1381"}],"version-history":[{"count":0,"href":"https:\/\/www.teatrulreginamaria.ro\/hu\/wp-json\/wp\/v2\/posts\/1381\/revisions"}],"wp:attachment":[{"href":"https:\/\/www.teatrulreginamaria.ro\/hu\/wp-json\/wp\/v2\/media?parent=1381"}],"wp:term":[{"taxonomy":"category","embeddable":true,"href":"https:\/\/www.teatrulreginamaria.ro\/hu\/wp-json\/wp\/v2\/categories?post=1381"},{"taxonomy":"post_tag","embeddable":true,"href":"https:\/\/www.teatrulreginamaria.ro\/hu\/wp-json\/wp\/v2\/tags?post=1381"}],"curies":[{"name":"munkaf\u00fczet","href":"https:\/\/api.w.org\/{rel}","templated":true}]}}