{"id":13944,"date":"2025-10-14T11:53:58","date_gmt":"2025-10-14T08:53:58","guid":{"rendered":"https:\/\/www.teatrulreginamaria.ro\/?p=13944"},"modified":"2025-11-26T10:37:44","modified_gmt":"2025-11-26T08:37:44","slug":"trm-akademia-2025","status":"publish","type":"post","link":"https:\/\/www.teatrulreginamaria.ro\/hu\/trm-academy-2025\/","title":{"rendered":"TRM AKAD\u00c9MIA 2025"},"content":{"rendered":"<p class=\"wp-block-paragraph\">A Regina Maria Sz\u00ednh\u00e1z \u00fajra megnyitja kapuit <strong>TRM AKAD\u00c9MIA<\/strong>, egy program mindazoknak, akik a m\u0171v\u00e9szeten kereszt\u00fcl szeretn\u00e9k jobban megismerni \u00f6nmagukat, lek\u00fczdeni korl\u00e1taikat \u00e9s \u00fajra felfedezni a m\u00e1sok el\u0151tt val\u00f3 szerepl\u00e9s \u00f6r\u00f6m\u00e9t.<br>K\u00f6z\u00f6tt <strong>2025. november 3. \u00e9s december 14.<\/strong>, a r\u00e9sztvev\u0151ket felk\u00e9rj\u00fck, hogy csatlakozzanak a h\u00e1rom k\u00e9pz\u00e9si modul egyik\u00e9hez <strong>szem\u00e9lyis\u00e9gfejleszt\u00e9s sz\u00ednh\u00e1zi \u00faton<\/strong>, hivat\u00e1sos sz\u00ednh\u00e1zi sz\u00edn\u00e9szek koordin\u00e1l\u00e1s\u00e1val.<\/p>\n\n\n\n<p class=\"wp-block-paragraph\">A TRM Akad\u00e9mia nem csup\u00e1n egy tanfolyamsorozat, hanem egy teljes tanul\u00e1si \u00e9lm\u00e9ny. <strong>\u00f6nismeret, kommunik\u00e1ci\u00f3 \u00e9s \u00f6nkifejez\u00e9s<\/strong>. Improviz\u00e1ci\u00f3, interpret\u00e1ci\u00f3, mozg\u00e1s \u00e9s sz\u00f6vegalap\u00fa gyakorlatok r\u00e9v\u00e9n minden r\u00e9sztvev\u0151 felfedezi, hogyan alak\u00edthatja \u00e1t \u00e9rzelmeit, k\u00edv\u00e1ncsis\u00e1g\u00e1t \u00e9s sebezhet\u0151s\u00e9g\u00e9t kreat\u00edv er\u0151v\u00e9.<\/p>\n\n\n\n<!--more-->\n\n\n\n<p class=\"wp-block-paragraph\">A regisztr\u00e1l\u00f3k a k\u00f6vetkez\u0151k k\u00f6z\u00fcl v\u00e1laszthatnak:<\/p>\n\n\n\n<div class=\"wp-block-columns is-layout-flex wp-container-core-columns-is-layout-8f761849 wp-block-columns-is-layout-flex\">\n<div class=\"wp-block-column is-layout-flow wp-block-column-is-layout-flow\">\n<h3 class=\"wp-block-heading\">IMPRO (+16 \u00e9v)<\/h3>\n\n\n\n<p class=\"wp-block-paragraph\"><strong>Koordin\u00e1torok:<\/strong> Alin Stanciu, Cosmin Petrut \u00e9s George Dometi<\/p>\n\n\n\n<p class=\"wp-block-paragraph\">Tedd f\u00e9lre az ir\u00e1ny\u00edt\u00e1st, \u00e9s v\u00e1gj bele a spontaneit\u00e1s j\u00e1t\u00e9k\u00e1ba!<br>Az improviz\u00e1ci\u00f3s kurzus egy biztons\u00e1gos t\u00e9r, ahol megtanulhatsz kreat\u00edvan reag\u00e1lni, hallgatni az \u00f6szt\u00f6neidre, \u00e9s b\u00e1rmilyen helyzetet t\u00f6rt\u00e9nett\u00e9 alak\u00edtani. Sz\u00edn\u00e9szi gyakorlatokon, csapatj\u00e1t\u00e9kokon \u00e9s sz\u00ednpadi improviz\u00e1ci\u00f3s pillanatokon kereszt\u00fcl felfedezheted, hogyan fejezd ki term\u00e9szetesen az \u00e9rzelmeidet, hogyan b\u00edzz magadban, \u00e9s hogyan teremts hiteles kapcsolatot m\u00e1sokkal.<\/p>\n\n\n\n<p class=\"wp-block-paragraph\"><strong>Ide\u00e1lis a k\u00f6vetkez\u0151kh\u00f6z:<\/strong>: b\u00e1rki, aki fejleszteni szeretn\u00e9 b\u00e1tors\u00e1g\u00e1t, kommunik\u00e1ci\u00f3s k\u00e9szs\u00e9g\u00e9t, sz\u00ednpadi megjelen\u00e9s\u00e9t, vagy egyszer\u0171en csak j\u00f3l akarja \u00e9rezni mag\u00e1t \u00e9s m\u00e1sk\u00e9pp szeretn\u00e9 felfedezni \u00f6nmag\u00e1t.<\/p>\n<\/div>\n\n\n\n<div class=\"wp-block-column is-layout-flow wp-block-column-is-layout-flow\">\n<h3 class=\"wp-block-heading\">Sz\u00f6veg\u00e9rtelmez\u00e9s (11\u201317 \u00e9veseknek)<\/h3>\n\n\n\n<p class=\"wp-block-paragraph\"><strong>Koordin\u00e1torok:<\/strong> Anca Sigmirean, Lucia Rogoz \u00e9s Giorgia C\u0103pr\u0103rin<\/p>\n\n\n\n<p class=\"wp-block-paragraph\">Egy kurzus fiataloknak, akik \u00e9rzelmeiket t\u00f6rt\u00e9netekk\u00e9 szeretn\u00e9k alak\u00edtani \u00e9s megtal\u00e1lni a hangjukat.<br>A r\u00e9sztvev\u0151k sz\u00f3gyakorlatok, improviz\u00e1ci\u00f3, sz\u00f6vegelemz\u00e9s \u00e9s sz\u00ednpadi j\u00e1t\u00e9k r\u00e9v\u00e9n felfedezik a karakterek megform\u00e1l\u00e1s\u00e1nak \u00e9s a m\u00e9ly gondolatok kreat\u00edv kifejez\u00e9s\u00e9nek \u00f6r\u00f6m\u00e9t. Ez egy olyan \u00e9lm\u00e9ny, amely seg\u00edt nekik emp\u00e1tia, k\u00e9pzel\u0151er\u0151, \u00f6nbizalom \u00e9s csapatszellem fejleszt\u00e9s\u00e9ben.<\/p>\n\n\n\n<p class=\"wp-block-paragraph\"><strong>Ide\u00e1lis a k\u00f6vetkez\u0151kh\u00f6z:<\/strong> sz\u00ednh\u00e1z ir\u00e1nt szenved\u00e9lyesen \u00e9rdekl\u0151d\u0151 tin\u00e9dzserek sz\u00e1m\u00e1ra, de azoknak is, akik szeretn\u00e9k fejleszteni a kifejez\u0151k\u00e9szs\u00e9g\u00fcket, a megjelen\u00e9s\u00fcket \u00e9s az \u00f6nbizalmukat.<\/p>\n<\/div>\n\n\n\n<div class=\"wp-block-column is-layout-flow wp-block-column-is-layout-flow\">\n<h3 class=\"wp-block-heading\">Sz\u00f6veg\u00e9rtelmez\u00e9s (+18 \u00e9v)<\/h3>\n\n\n\n<p class=\"wp-block-paragraph\"><strong>Koordin\u00e1torok:<\/strong> Ioana Drago\u0219 Gajdo \u00e9s Mirela Nita Lupu<\/p>\n\n\n\n<p class=\"wp-block-paragraph\">Egy m\u00e9lyrehat\u00f3 workshop feln\u0151tteknek, akik a m\u0171v\u00e9szeten kereszt\u00fcl szeretn\u00e9k \u00fajra felfedezni \u00f6nmagukat.<br>A kurzus sz\u00f6vegelemz\u0151, \u00e9rzelem-, ritmus- \u00e9s sz\u00e1nd\u00e9kfejleszt\u0151, valamint sz\u00ednpadi kommunik\u00e1ci\u00f3s gyakorlatokat k\u00edn\u00e1l. A r\u00e9sztvev\u0151k megtanulj\u00e1k, hogyan adjanak jelent\u00e9st a szavaknak, hogyan fejezz\u00e9k ki a bels\u0151 igazs\u00e1gokat, \u00e9s hogyan teremtsenek hiteles kapcsolatot a k\u00f6z\u00f6ns\u00e9ggel \u00e9s \u00f6nmagukkal.<\/p>\n\n\n\n<p class=\"wp-block-paragraph\"><strong>Ide\u00e1lis a k\u00f6vetkez\u0151kh\u00f6z:<\/strong> k\u00edv\u00e1ncsi feln\u0151tteknek, k\u00fcl\u00f6nb\u00f6z\u0151 ter\u00fcletekr\u0151l \u00e9rkez\u0151 szakembereknek, amat\u0151r sz\u00edn\u00e9szeknek vagy b\u00e1rkinek, aki szeretn\u00e9 megszabadulni a blokkokt\u00f3l, \u00e9s a sz\u00ednh\u00e1zat, mint \u00f6nismereti form\u00e1t felfedezni.<\/p>\n<\/div>\n<\/div>\n\n\n\n<p class=\"wp-block-paragraph\">Minden kurzusnak van <strong>heti egy tal\u00e1lkoz\u00f3<\/strong>, amely tapasztalt sz\u00edn\u00e9szek \u00e9s oktat\u00f3k gondos ir\u00e1ny\u00edt\u00e1sa alatt, nyugodt, kreat\u00edv \u00e9s energikus k\u00f6rnyezetben \u00e9p\u00fcl.<br>Az id\u0151szak v\u00e9g\u00e9n, a di\u00e1kok el\u0151menetel\u00e9t\u0151l f\u00fcgg\u0151en, lehet\u0151s\u00e9g\u00fck lesz munk\u00e1jukat k\u00f6z\u00f6ns\u00e9g el\u0151tt bemutatni, egy szimbolikus sz\u00ednpadi el\u0151ad\u00e1s keret\u00e9ben.<\/p>\n\n\n\n<p class=\"wp-block-paragraph\"><strong>R\u00e9szv\u00e9teli d\u00edj:<\/strong> 300 lej\/f\u0151\/tanfolyam<br><strong>Id\u0151szak:<\/strong> 2025. november 3. \u2013 december 14. (<strong>1 tal\u00e1lkoz\u00f3\/h\u00e9t<\/strong>)<\/p>\n\n\n\n<p class=\"wp-block-paragraph\"><strong>Jelentkez\u00e9si hat\u00e1rid\u0151: 2025. okt\u00f3ber 27.<\/strong><\/p>\n\n\n<div id='ff_form_8' class='ff_form_not_render'>Erre a kurzusra minden hely betelt.<\/div>\n\n\n\n<p class=\"wp-block-paragraph\"><\/p>","protected":false},"excerpt":{"rendered":"<p>2025. november 3. \u00e9s december 14. k\u00f6z\u00f6tt a r\u00e9sztvev\u0151ket h\u00e1rom, sz\u00ednh\u00e1zi szem\u00e9lyis\u00e9gfejleszt\u0151 kurzus egyik\u00e9n v\u00e1rjuk, melyeket profi sz\u00ednh\u00e1zi sz\u00edn\u00e9szek koordin\u00e1lnak.<\/p>","protected":false},"author":8,"featured_media":13988,"comment_status":"closed","ping_status":"closed","sticky":false,"template":"","format":"standard","meta":{"_acf_changed":false,"footnotes":""},"categories":[41,22,504],"tags":[],"class_list":["post-13944","post","type-post","status-publish","format-standard","has-post-thumbnail","hentry","category-noutati","category-noutati-trupa-iosif-vulcan","category-proiecte-trupa-iosif-vulcan"],"aioseo_notices":[],"aioseo_head":"\n\t\t<!-- All in One SEO Pro 5.0.1.1 - aioseo.com -->\n\t<meta name=\"description\" content=\"\u00centre 3 noiembrie \u0219i 14 decembrie 2025, participan\u021bii sunt invita\u021bi s\u0103 se al\u0103ture unuia dintre cele trei module de cursuri de dezvoltare personal\u0103 prin teatru, coordonate de actori profesioni\u0219ti ai teatrului.\" \/>\n\t<meta name=\"robots\" content=\"max-image-preview:large\" \/>\n\t<meta name=\"author\" content=\"Ramona Neme\u0219\"\/>\n\t<link rel=\"canonical\" href=\"https:\/\/www.teatrulreginamaria.ro\/hu\/trm-academy-2025\/\" \/>\n\t<meta name=\"generator\" content=\"All in One SEO Pro (AIOSEO) 5.0.1.1\" \/>\n\t\t<meta property=\"og:locale\" content=\"hu_HU\" \/>\n\t\t<meta property=\"og:site_name\" content=\"Teatrul Regina Maria Oradea - Trupa Iosif Vulcan \u0219i Trupa Arcadia\" \/>\n\t\t<meta property=\"og:type\" content=\"article\" \/>\n\t\t<meta property=\"og:title\" content=\"TRM ACADEMY 2025 - Teatrul Regina Maria Oradea\" \/>\n\t\t<meta property=\"og:description\" content=\"\u00centre 3 noiembrie \u0219i 14 decembrie 2025, participan\u021bii sunt invita\u021bi s\u0103 se al\u0103ture unuia dintre cele trei module de cursuri de dezvoltare personal\u0103 prin teatru, coordonate de actori profesioni\u0219ti ai teatrului.\" \/>\n\t\t<meta property=\"og:url\" content=\"https:\/\/www.teatrulreginamaria.ro\/hu\/trm-academy-2025\/\" \/>\n\t\t<meta property=\"og:image\" content=\"https:\/\/www.teatrulreginamaria.ro\/wp-content\/uploads\/2025\/03\/trm-istoric-01.jpg\" \/>\n\t\t<meta property=\"og:image:secure_url\" content=\"https:\/\/www.teatrulreginamaria.ro\/wp-content\/uploads\/2025\/03\/trm-istoric-01.jpg\" \/>\n\t\t<meta property=\"og:image:width\" content=\"1200\" \/>\n\t\t<meta property=\"og:image:height\" content=\"800\" \/>\n\t\t<meta property=\"article:published_time\" content=\"2025-10-14T08:53:58+00:00\" \/>\n\t\t<meta property=\"article:modified_time\" content=\"2025-11-26T08:37:44+00:00\" \/>\n\t\t<meta property=\"article:publisher\" content=\"https:\/\/www.facebook.com\/TRMTrupaIosifVulcan\/\" \/>\n\t\t<meta name=\"twitter:card\" content=\"summary_large_image\" \/>\n\t\t<meta name=\"twitter:site\" content=\"@TRMOradea\" \/>\n\t\t<meta name=\"twitter:title\" content=\"TRM ACADEMY 2025 - Teatrul Regina Maria Oradea\" \/>\n\t\t<meta name=\"twitter:description\" content=\"\u00centre 3 noiembrie \u0219i 14 decembrie 2025, participan\u021bii sunt invita\u021bi s\u0103 se al\u0103ture unuia dintre cele trei module de cursuri de dezvoltare personal\u0103 prin teatru, coordonate de actori profesioni\u0219ti ai teatrului.\" \/>\n\t\t<meta name=\"twitter:creator\" content=\"@TRMOradea\" \/>\n\t\t<meta name=\"twitter:image\" content=\"https:\/\/www.teatrulreginamaria.ro\/wp-content\/uploads\/2025\/03\/trm-istoric-01.jpg\" \/>\n\t\t<script type=\"application\/ld+json\" class=\"aioseo-schema\">\n\t\t\t{\"@context\":\"https:\\\/\\\/schema.org\",\"@graph\":[{\"@type\":\"BlogPosting\",\"@id\":\"https:\\\/\\\/www.teatrulreginamaria.ro\\\/hu\\\/trm-academy-2025\\\/#blogposting\",\"name\":\"TRM ACADEMY 2025 - Teatrul Regina Maria Oradea\",\"headline\":\"TRM ACADEMY 2025\",\"author\":{\"@id\":\"https:\\\/\\\/www.teatrulreginamaria.ro\\\/hu\\\/author\\\/ramona\\\/#author\"},\"publisher\":{\"@id\":\"https:\\\/\\\/www.teatrulreginamaria.ro\\\/hu\\\/#organization\"},\"image\":{\"@type\":\"ImageObject\",\"url\":\"https:\\\/\\\/www.teatrulreginamaria.ro\\\/wp-content\\\/uploads\\\/2025\\\/10\\\/TRM_ACADEMY_2025_FINAL_ADUNATE_MIC-scaled-e1761120311274.jpg\",\"width\":1000,\"height\":1429},\"datePublished\":\"2025-10-14T11:53:58+03:00\",\"dateModified\":\"2025-11-26T10:37:44+02:00\",\"inLanguage\":\"hu-HU\",\"mainEntityOfPage\":{\"@id\":\"https:\\\/\\\/www.teatrulreginamaria.ro\\\/hu\\\/trm-academy-2025\\\/#webpage\"},\"isPartOf\":{\"@id\":\"https:\\\/\\\/www.teatrulreginamaria.ro\\\/hu\\\/trm-academy-2025\\\/#webpage\"},\"articleSection\":\"Nout\\u0103\\u021bi, Nout\\u0103\\u021bi - Trupa Iosif Vulcan, Proiecte Trupa Iosif Vulcan\"},{\"@type\":\"BreadcrumbList\",\"@id\":\"https:\\\/\\\/www.teatrulreginamaria.ro\\\/hu\\\/trm-academy-2025\\\/#breadcrumblist\",\"itemListElement\":[{\"@type\":\"ListItem\",\"@id\":\"https:\\\/\\\/www.teatrulreginamaria.ro\\\/hu#listItem\",\"position\":1,\"name\":\"Home\",\"item\":\"https:\\\/\\\/www.teatrulreginamaria.ro\\\/hu\",\"nextItem\":{\"@type\":\"ListItem\",\"@id\":\"https:\\\/\\\/www.teatrulreginamaria.ro\\\/hu\\\/categorie\\\/noutati\\\/#listItem\",\"name\":\"Nout\\u0103\\u021bi\"}},{\"@type\":\"ListItem\",\"@id\":\"https:\\\/\\\/www.teatrulreginamaria.ro\\\/hu\\\/categorie\\\/noutati\\\/#listItem\",\"position\":2,\"name\":\"Nout\\u0103\\u021bi\",\"item\":\"https:\\\/\\\/www.teatrulreginamaria.ro\\\/hu\\\/categorie\\\/noutati\\\/\",\"nextItem\":{\"@type\":\"ListItem\",\"@id\":\"https:\\\/\\\/www.teatrulreginamaria.ro\\\/hu\\\/categorie\\\/noutati\\\/noutati-trupa-iosif-vulcan\\\/#listItem\",\"name\":\"Nout\\u0103\\u021bi - Trupa Iosif Vulcan\"},\"previousItem\":{\"@type\":\"ListItem\",\"@id\":\"https:\\\/\\\/www.teatrulreginamaria.ro\\\/hu#listItem\",\"name\":\"Home\"}},{\"@type\":\"ListItem\",\"@id\":\"https:\\\/\\\/www.teatrulreginamaria.ro\\\/hu\\\/categorie\\\/noutati\\\/noutati-trupa-iosif-vulcan\\\/#listItem\",\"position\":3,\"name\":\"Nout\\u0103\\u021bi - Trupa Iosif Vulcan\",\"item\":\"https:\\\/\\\/www.teatrulreginamaria.ro\\\/hu\\\/categorie\\\/noutati\\\/noutati-trupa-iosif-vulcan\\\/\",\"nextItem\":{\"@type\":\"ListItem\",\"@id\":\"https:\\\/\\\/www.teatrulreginamaria.ro\\\/hu\\\/trm-academy-2025\\\/#listItem\",\"name\":\"TRM ACADEMY 2025\"},\"previousItem\":{\"@type\":\"ListItem\",\"@id\":\"https:\\\/\\\/www.teatrulreginamaria.ro\\\/hu\\\/categorie\\\/noutati\\\/#listItem\",\"name\":\"Nout\\u0103\\u021bi\"}},{\"@type\":\"ListItem\",\"@id\":\"https:\\\/\\\/www.teatrulreginamaria.ro\\\/hu\\\/trm-academy-2025\\\/#listItem\",\"position\":4,\"name\":\"TRM ACADEMY 2025\",\"previousItem\":{\"@type\":\"ListItem\",\"@id\":\"https:\\\/\\\/www.teatrulreginamaria.ro\\\/hu\\\/categorie\\\/noutati\\\/noutati-trupa-iosif-vulcan\\\/#listItem\",\"name\":\"Nout\\u0103\\u021bi - Trupa Iosif Vulcan\"}}]},{\"@type\":\"Organization\",\"@id\":\"https:\\\/\\\/www.teatrulreginamaria.ro\\\/hu\\\/#organization\",\"name\":\"Teatrul Regina Maria Oradea\",\"description\":\"Trupa Iosif Vulcan \\u0219i Trupa Arcadia\",\"url\":\"https:\\\/\\\/www.teatrulreginamaria.ro\\\/hu\\\/\",\"email\":\"marketing@teatrulreginamaria.ro\",\"telephone\":\"+40359411534\",\"numberOfEmployees\":{\"@type\":\"QuantitativeValue\",\"minValue\":0,\"maxValue\":150},\"logo\":{\"@type\":\"ImageObject\",\"url\":\"https:\\\/\\\/www.teatrulreginamaria.ro\\\/wp-content\\\/uploads\\\/2025\\\/06\\\/logo-trm-01-dark.png\",\"@id\":\"https:\\\/\\\/www.teatrulreginamaria.ro\\\/hu\\\/trm-academy-2025\\\/#organizationLogo\",\"width\":300,\"height\":148},\"image\":{\"@id\":\"https:\\\/\\\/www.teatrulreginamaria.ro\\\/hu\\\/trm-academy-2025\\\/#organizationLogo\"},\"sameAs\":[\"https:\\\/\\\/www.facebook.com\\\/TRMTrupaIosifVulcan\\\/\",\"https:\\\/\\\/x.com\\\/TRMOradea\",\"https:\\\/\\\/www.instagram.com\\\/teatrul_regina_maria\\\/\",\"https:\\\/\\\/www.youtube.com\\\/c\\\/TeatrulReginaMariaOradea\",\"https:\\\/\\\/www.linkedin.com\\\/company\\\/teatrul-regina-maria\"]},{\"@type\":\"Person\",\"@id\":\"https:\\\/\\\/www.teatrulreginamaria.ro\\\/hu\\\/author\\\/ramona\\\/#author\",\"url\":\"https:\\\/\\\/www.teatrulreginamaria.ro\\\/hu\\\/author\\\/ramona\\\/\",\"name\":\"Ramona Neme\\u0219\",\"image\":{\"@type\":\"ImageObject\",\"@id\":\"https:\\\/\\\/www.teatrulreginamaria.ro\\\/hu\\\/trm-academy-2025\\\/#authorImage\",\"url\":\"https:\\\/\\\/www.teatrulreginamaria.ro\\\/wp-content\\\/uploads\\\/2025\\\/04\\\/ramona_nemes-sq-01.jpg\",\"width\":300,\"height\":300}},{\"@type\":\"WebPage\",\"@id\":\"https:\\\/\\\/www.teatrulreginamaria.ro\\\/hu\\\/trm-academy-2025\\\/#webpage\",\"url\":\"https:\\\/\\\/www.teatrulreginamaria.ro\\\/hu\\\/trm-academy-2025\\\/\",\"name\":\"TRM ACADEMY 2025 - Teatrul Regina Maria Oradea\",\"description\":\"\\u00centre 3 noiembrie \\u0219i 14 decembrie 2025, participan\\u021bii sunt invita\\u021bi s\\u0103 se al\\u0103ture unuia dintre cele trei module de cursuri de dezvoltare personal\\u0103 prin teatru, coordonate de actori profesioni\\u0219ti ai teatrului.\",\"inLanguage\":\"hu-HU\",\"isPartOf\":{\"@id\":\"https:\\\/\\\/www.teatrulreginamaria.ro\\\/hu\\\/#website\"},\"breadcrumb\":{\"@id\":\"https:\\\/\\\/www.teatrulreginamaria.ro\\\/hu\\\/trm-academy-2025\\\/#breadcrumblist\"},\"author\":{\"@id\":\"https:\\\/\\\/www.teatrulreginamaria.ro\\\/hu\\\/author\\\/ramona\\\/#author\"},\"creator\":{\"@id\":\"https:\\\/\\\/www.teatrulreginamaria.ro\\\/hu\\\/author\\\/ramona\\\/#author\"},\"image\":{\"@type\":\"ImageObject\",\"url\":\"https:\\\/\\\/www.teatrulreginamaria.ro\\\/wp-content\\\/uploads\\\/2025\\\/10\\\/TRM_ACADEMY_2025_FINAL_ADUNATE_MIC-scaled-e1761120311274.jpg\",\"@id\":\"https:\\\/\\\/www.teatrulreginamaria.ro\\\/hu\\\/trm-academy-2025\\\/#mainImage\",\"width\":1000,\"height\":1429},\"primaryImageOfPage\":{\"@id\":\"https:\\\/\\\/www.teatrulreginamaria.ro\\\/hu\\\/trm-academy-2025\\\/#mainImage\"},\"datePublished\":\"2025-10-14T11:53:58+03:00\",\"dateModified\":\"2025-11-26T10:37:44+02:00\"},{\"@type\":\"WebSite\",\"@id\":\"https:\\\/\\\/www.teatrulreginamaria.ro\\\/hu\\\/#website\",\"url\":\"https:\\\/\\\/www.teatrulreginamaria.ro\\\/hu\\\/\",\"name\":\"Teatrul Regina Maria Oradea\",\"alternateName\":\"TRM Oradea\",\"description\":\"Trupa Iosif Vulcan \\u0219i Trupa Arcadia\",\"inLanguage\":\"hu-HU\",\"publisher\":{\"@id\":\"https:\\\/\\\/www.teatrulreginamaria.ro\\\/hu\\\/#organization\"}}]}\n\t\t<\/script>\n\t\t<!-- All in One SEO Pro -->\r\n\t\t<title>TRM ACADEMY 2025 - Teatrul Regina Maria Oradea<\/title>\n\n","aioseo_head_json":{"title":"TRM AKAD\u00c9MIA 2025 - Nagyv\u00e1radi Regina Maria Sz\u00ednh\u00e1z","description":"2025. november 3. \u00e9s december 14. k\u00f6z\u00f6tt a r\u00e9sztvev\u0151ket h\u00e1rom, sz\u00ednh\u00e1zi szem\u00e9lyis\u00e9gfejleszt\u0151 kurzus egyik\u00e9n v\u00e1rjuk, melyeket profi sz\u00ednh\u00e1zi sz\u00edn\u00e9szek koordin\u00e1lnak.","canonical_url":"https:\/\/www.teatrulreginamaria.ro\/hu\/trm-academy-2025\/","robots":"max-image-preview:large","keywords":"","webmasterTools":{"miscellaneous":""},"schema":{"@context":"https:\/\/schema.org","@graph":[{"@type":"BlogPosting","@id":"https:\/\/www.teatrulreginamaria.ro\/hu\/trm-academy-2025\/#blogposting","name":"TRM ACADEMY 2025 - Teatrul Regina Maria Oradea","headline":"TRM ACADEMY 2025","author":{"@id":"https:\/\/www.teatrulreginamaria.ro\/hu\/author\/ramona\/#author"},"publisher":{"@id":"https:\/\/www.teatrulreginamaria.ro\/hu\/#organization"},"image":{"@type":"ImageObject","url":"https:\/\/www.teatrulreginamaria.ro\/wp-content\/uploads\/2025\/10\/TRM_ACADEMY_2025_FINAL_ADUNATE_MIC-scaled-e1761120311274.jpg","width":1000,"height":1429},"datePublished":"2025-10-14T11:53:58+03:00","dateModified":"2025-11-26T10:37:44+02:00","inLanguage":"hu-HU","mainEntityOfPage":{"@id":"https:\/\/www.teatrulreginamaria.ro\/hu\/trm-academy-2025\/#webpage"},"isPartOf":{"@id":"https:\/\/www.teatrulreginamaria.ro\/hu\/trm-academy-2025\/#webpage"},"articleSection":"Nout\u0103\u021bi, Nout\u0103\u021bi - Trupa Iosif Vulcan, Proiecte Trupa Iosif Vulcan"},{"@type":"BreadcrumbList","@id":"https:\/\/www.teatrulreginamaria.ro\/hu\/trm-academy-2025\/#breadcrumblist","itemListElement":[{"@type":"ListItem","@id":"https:\/\/www.teatrulreginamaria.ro\/hu#listItem","position":1,"name":"Home","item":"https:\/\/www.teatrulreginamaria.ro\/hu","nextItem":{"@type":"ListItem","@id":"https:\/\/www.teatrulreginamaria.ro\/hu\/categorie\/noutati\/#listItem","name":"Nout\u0103\u021bi"}},{"@type":"ListItem","@id":"https:\/\/www.teatrulreginamaria.ro\/hu\/categorie\/noutati\/#listItem","position":2,"name":"Nout\u0103\u021bi","item":"https:\/\/www.teatrulreginamaria.ro\/hu\/categorie\/noutati\/","nextItem":{"@type":"ListItem","@id":"https:\/\/www.teatrulreginamaria.ro\/hu\/categorie\/noutati\/noutati-trupa-iosif-vulcan\/#listItem","name":"Nout\u0103\u021bi - Trupa Iosif Vulcan"},"previousItem":{"@type":"ListItem","@id":"https:\/\/www.teatrulreginamaria.ro\/hu#listItem","name":"Home"}},{"@type":"ListItem","@id":"https:\/\/www.teatrulreginamaria.ro\/hu\/categorie\/noutati\/noutati-trupa-iosif-vulcan\/#listItem","position":3,"name":"Nout\u0103\u021bi - Trupa Iosif Vulcan","item":"https:\/\/www.teatrulreginamaria.ro\/hu\/categorie\/noutati\/noutati-trupa-iosif-vulcan\/","nextItem":{"@type":"ListItem","@id":"https:\/\/www.teatrulreginamaria.ro\/hu\/trm-academy-2025\/#listItem","name":"TRM ACADEMY 2025"},"previousItem":{"@type":"ListItem","@id":"https:\/\/www.teatrulreginamaria.ro\/hu\/categorie\/noutati\/#listItem","name":"Nout\u0103\u021bi"}},{"@type":"ListItem","@id":"https:\/\/www.teatrulreginamaria.ro\/hu\/trm-academy-2025\/#listItem","position":4,"name":"TRM ACADEMY 2025","previousItem":{"@type":"ListItem","@id":"https:\/\/www.teatrulreginamaria.ro\/hu\/categorie\/noutati\/noutati-trupa-iosif-vulcan\/#listItem","name":"Nout\u0103\u021bi - Trupa Iosif Vulcan"}}]},{"@type":"Organization","@id":"https:\/\/www.teatrulreginamaria.ro\/hu\/#organization","name":"Teatrul Regina Maria Oradea","description":"Trupa Iosif Vulcan \u0219i Trupa Arcadia","url":"https:\/\/www.teatrulreginamaria.ro\/hu\/","email":"marketing@teatrulreginamaria.ro","telephone":"+40359411534","numberOfEmployees":{"@type":"QuantitativeValue","minValue":0,"maxValue":150},"logo":{"@type":"ImageObject","url":"https:\/\/www.teatrulreginamaria.ro\/wp-content\/uploads\/2025\/06\/logo-trm-01-dark.png","@id":"https:\/\/www.teatrulreginamaria.ro\/hu\/trm-academy-2025\/#organizationLogo","width":300,"height":148},"image":{"@id":"https:\/\/www.teatrulreginamaria.ro\/hu\/trm-academy-2025\/#organizationLogo"},"sameAs":["https:\/\/www.facebook.com\/TRMTrupaIosifVulcan\/","https:\/\/x.com\/TRMOradea","https:\/\/www.instagram.com\/teatrul_regina_maria\/","https:\/\/www.youtube.com\/c\/TeatrulReginaMariaOradea","https:\/\/www.linkedin.com\/company\/teatrul-regina-maria"]},{"@type":"Person","@id":"https:\/\/www.teatrulreginamaria.ro\/hu\/author\/ramona\/#author","url":"https:\/\/www.teatrulreginamaria.ro\/hu\/author\/ramona\/","name":"Ramona Neme\u0219","image":{"@type":"ImageObject","@id":"https:\/\/www.teatrulreginamaria.ro\/hu\/trm-academy-2025\/#authorImage","url":"https:\/\/www.teatrulreginamaria.ro\/wp-content\/uploads\/2025\/04\/ramona_nemes-sq-01.jpg","width":300,"height":300}},{"@type":"WebPage","@id":"https:\/\/www.teatrulreginamaria.ro\/hu\/trm-academy-2025\/#webpage","url":"https:\/\/www.teatrulreginamaria.ro\/hu\/trm-academy-2025\/","name":"TRM ACADEMY 2025 - Teatrul Regina Maria Oradea","description":"\u00centre 3 noiembrie \u0219i 14 decembrie 2025, participan\u021bii sunt invita\u021bi s\u0103 se al\u0103ture unuia dintre cele trei module de cursuri de dezvoltare personal\u0103 prin teatru, coordonate de actori profesioni\u0219ti ai teatrului.","inLanguage":"hu-HU","isPartOf":{"@id":"https:\/\/www.teatrulreginamaria.ro\/hu\/#website"},"breadcrumb":{"@id":"https:\/\/www.teatrulreginamaria.ro\/hu\/trm-academy-2025\/#breadcrumblist"},"author":{"@id":"https:\/\/www.teatrulreginamaria.ro\/hu\/author\/ramona\/#author"},"creator":{"@id":"https:\/\/www.teatrulreginamaria.ro\/hu\/author\/ramona\/#author"},"image":{"@type":"ImageObject","url":"https:\/\/www.teatrulreginamaria.ro\/wp-content\/uploads\/2025\/10\/TRM_ACADEMY_2025_FINAL_ADUNATE_MIC-scaled-e1761120311274.jpg","@id":"https:\/\/www.teatrulreginamaria.ro\/hu\/trm-academy-2025\/#mainImage","width":1000,"height":1429},"primaryImageOfPage":{"@id":"https:\/\/www.teatrulreginamaria.ro\/hu\/trm-academy-2025\/#mainImage"},"datePublished":"2025-10-14T11:53:58+03:00","dateModified":"2025-11-26T10:37:44+02:00"},{"@type":"WebSite","@id":"https:\/\/www.teatrulreginamaria.ro\/hu\/#website","url":"https:\/\/www.teatrulreginamaria.ro\/hu\/","name":"Teatrul Regina Maria Oradea","alternateName":"TRM Oradea","description":"Trupa Iosif Vulcan \u0219i Trupa Arcadia","inLanguage":"hu-HU","publisher":{"@id":"https:\/\/www.teatrulreginamaria.ro\/hu\/#organization"}}]},"og:locale":"hu_HU","og:site_name":"Teatrul Regina Maria Oradea - Trupa Iosif Vulcan \u0219i Trupa Arcadia","og:type":"article","og:title":"TRM ACADEMY 2025 - Teatrul Regina Maria Oradea","og:description":"\u00centre 3 noiembrie \u0219i 14 decembrie 2025, participan\u021bii sunt invita\u021bi s\u0103 se al\u0103ture unuia dintre cele trei module de cursuri de dezvoltare personal\u0103 prin teatru, coordonate de actori profesioni\u0219ti ai teatrului.","og:url":"https:\/\/www.teatrulreginamaria.ro\/hu\/trm-academy-2025\/","og:image":"https:\/\/www.teatrulreginamaria.ro\/wp-content\/uploads\/2025\/03\/trm-istoric-01.jpg","og:image:secure_url":"https:\/\/www.teatrulreginamaria.ro\/wp-content\/uploads\/2025\/03\/trm-istoric-01.jpg","og:image:width":1200,"og:image:height":800,"article:published_time":"2025-10-14T08:53:58+00:00","article:modified_time":"2025-11-26T08:37:44+00:00","article:publisher":"https:\/\/www.facebook.com\/TRMTrupaIosifVulcan\/","twitter:card":"summary_large_image","twitter:site":"@TRMOradea","twitter:title":"TRM ACADEMY 2025 - Teatrul Regina Maria Oradea","twitter:description":"\u00centre 3 noiembrie \u0219i 14 decembrie 2025, participan\u021bii sunt invita\u021bi s\u0103 se al\u0103ture unuia dintre cele trei module de cursuri de dezvoltare personal\u0103 prin teatru, coordonate de actori profesioni\u0219ti ai teatrului.","twitter:creator":"@TRMOradea","twitter:image":"https:\/\/www.teatrulreginamaria.ro\/wp-content\/uploads\/2025\/03\/trm-istoric-01.jpg"},"aioseo_meta_data":{"post_id":"13944","title":null,"description":null,"keywords":null,"keyphrases":{"focus":{"keyphrase":"","score":0,"analysis":{"keyphraseInTitle":{"score":0,"maxScore":9,"error":1}}},"additional":[]},"primary_term":null,"canonical_url":null,"og_title":null,"og_description":null,"og_object_type":"default","og_image_type":"default","og_image_url":null,"og_image_width":null,"og_image_height":null,"og_image_custom_url":null,"og_image_custom_fields":null,"og_video":"","og_custom_url":null,"og_article_section":null,"og_article_tags":null,"twitter_use_og":false,"twitter_card":"default","twitter_image_type":"default","twitter_image_url":null,"twitter_image_custom_url":null,"twitter_image_custom_fields":null,"twitter_title":null,"twitter_description":null,"schema":{"blockGraphs":[],"customGraphs":[],"default":{"data":{"Article":[],"Course":[],"Dataset":[],"FAQPage":[],"Movie":[],"Person":[],"Product":[],"ProductReview":[],"Car":[],"Recipe":[],"Service":[],"SoftwareApplication":[],"WebPage":[]},"graphName":"BlogPosting","isEnabled":true},"graphs":[]},"schema_type":"default","schema_type_options":null,"pillar_content":false,"robots_default":true,"robots_noindex":false,"robots_noarchive":false,"robots_nosnippet":false,"robots_nofollow":false,"robots_noimageindex":false,"robots_noodp":false,"robots_notranslate":false,"robots_max_snippet":"-1","robots_max_videopreview":"-1","robots_max_imagepreview":"large","priority":null,"frequency":"default","local_seo":null,"seo_analyzer_scan_date":"2026-05-25 09:01:42","breadcrumb_settings":null,"limit_modified_date":false,"reviewed_by":"0","open_ai":null,"ai":{"faqs":[],"keyPoints":[],"titles":[],"descriptions":[],"socialPosts":{"email":[],"linkedin":[],"twitter":[],"facebook":[],"instagram":[]}},"created":"2025-10-14 08:40:02","updated":"2026-05-25 09:01:42","focus_keyword":null,"additional_keywords":null,"truseo_locale":null},"aioseo_breadcrumb":"<div class=\"aioseo-breadcrumbs\"><span class=\"aioseo-breadcrumb\">\n\t<a href=\"https:\/\/www.teatrulreginamaria.ro\/hu\" title=\"Home\">Home<\/a>\n<\/span><span class=\"aioseo-breadcrumb-separator\">&raquo;<\/span><span class=\"aioseo-breadcrumb\">\n\t<a href=\"https:\/\/www.teatrulreginamaria.ro\/hu\/categorie\/noutati\/\" title=\"Nout\u0103\u021bi\">Nout\u0103\u021bi<\/a>\n<\/span><span class=\"aioseo-breadcrumb-separator\">&raquo;<\/span><span class=\"aioseo-breadcrumb\">\n\t<a href=\"https:\/\/www.teatrulreginamaria.ro\/hu\/categorie\/noutati\/noutati-trupa-iosif-vulcan\/\" title=\"Nout\u0103\u021bi - Trupa Iosif Vulcan\">Nout\u0103\u021bi - Trupa Iosif Vulcan<\/a>\n<\/span><span class=\"aioseo-breadcrumb-separator\">&raquo;<\/span><span class=\"aioseo-breadcrumb\">\n\tTRM ACADEMY 2025\n<\/span><\/div>","aioseo_breadcrumb_json":[{"label":"Home","link":"https:\/\/www.teatrulreginamaria.ro\/hu"},{"label":"Nout\u0103\u021bi","link":"https:\/\/www.teatrulreginamaria.ro\/hu\/categorie\/noutati\/"},{"label":"Nout\u0103\u021bi - Trupa Iosif Vulcan","link":"https:\/\/www.teatrulreginamaria.ro\/hu\/categorie\/noutati\/noutati-trupa-iosif-vulcan\/"},{"label":"TRM ACADEMY 2025","link":"https:\/\/www.teatrulreginamaria.ro\/hu\/trm-academy-2025\/"}],"acf":[],"_links":{"self":[{"href":"https:\/\/www.teatrulreginamaria.ro\/hu\/wp-json\/wp\/v2\/posts\/13944","targetHints":{"allow":["GET"]}}],"collection":[{"href":"https:\/\/www.teatrulreginamaria.ro\/hu\/wp-json\/wp\/v2\/posts"}],"about":[{"href":"https:\/\/www.teatrulreginamaria.ro\/hu\/wp-json\/wp\/v2\/types\/post"}],"author":[{"embeddable":true,"href":"https:\/\/www.teatrulreginamaria.ro\/hu\/wp-json\/wp\/v2\/users\/8"}],"replies":[{"embeddable":true,"href":"https:\/\/www.teatrulreginamaria.ro\/hu\/wp-json\/wp\/v2\/comments?post=13944"}],"version-history":[{"count":3,"href":"https:\/\/www.teatrulreginamaria.ro\/hu\/wp-json\/wp\/v2\/posts\/13944\/revisions"}],"predecessor-version":[{"id":14263,"href":"https:\/\/www.teatrulreginamaria.ro\/hu\/wp-json\/wp\/v2\/posts\/13944\/revisions\/14263"}],"wp:featuredmedia":[{"embeddable":true,"href":"https:\/\/www.teatrulreginamaria.ro\/hu\/wp-json\/wp\/v2\/media\/13988"}],"wp:attachment":[{"href":"https:\/\/www.teatrulreginamaria.ro\/hu\/wp-json\/wp\/v2\/media?parent=13944"}],"wp:term":[{"taxonomy":"category","embeddable":true,"href":"https:\/\/www.teatrulreginamaria.ro\/hu\/wp-json\/wp\/v2\/categories?post=13944"},{"taxonomy":"post_tag","embeddable":true,"href":"https:\/\/www.teatrulreginamaria.ro\/hu\/wp-json\/wp\/v2\/tags?post=13944"}],"curies":[{"name":"munkaf\u00fczet","href":"https:\/\/api.w.org\/{rel}","templated":true}]}}