{"id":14042,"date":"2025-10-27T10:59:03","date_gmt":"2025-10-27T08:59:03","guid":{"rendered":"https:\/\/www.teatrulreginamaria.ro\/?p=14042"},"modified":"2026-06-10T13:44:30","modified_gmt":"2026-06-10T10:44:30","slug":"a-hangnem-zeneve-teszi-egy-interju-toma-hogeaval","status":"publish","type":"post","link":"https:\/\/www.teatrulreginamaria.ro\/hu\/tonul-face-muzica-un-interviu-cu-toma-hogea\/","title":{"rendered":"A hangz\u00e1s zen\u00e9t alkot | interj\u00fa Toma Hoge\u00e1val"},"content":{"rendered":"<p class=\"wp-block-paragraph\">Interj\u00fa innen sz\u00e1rmazik\u00a0<a href=\"https:\/\/atelier.liternet.ro\/articol\/52328\/Florina-Dometi-Toma-Hogea\/Tonul-face-muzica.html?fbclid=IwY2xjawNsCmRleHRuA2FlbQIxMQABHkrEftS6RrguzkkXuOhee9j_p_90M5vJy6gLwNKq7saPnzfdcYoMoxE4fbrt_aem_gHURqzNH8214-npUhkzSpw\" title=\"\">LiterNet.ro<\/a><\/p>\n\n\n\n<p class=\"wp-block-paragraph\">Toma Hogea egy \u00f6sszetett alkot\u00f3: az alkot\u00e1s \u00f6r\u00f6m\u00e9vel meg\u00e1ldott b\u00e1bm\u0171v\u00e9sz, aki az id\u0151k sor\u00e1n sz\u00e1mos k\u00fcl\u00f6nb\u00f6z\u0151 m\u0171faj\u00fa el\u0151ad\u00e1sban j\u00e1tszott m\u00e1r szerepet, m\u0171v\u00e9szeti vezet\u0151, akinek orsz\u00e1gszerte megrendezett, magas sz\u00ednvonal\u00fa el\u0151ad\u00e1sainak reperto\u00e1rj\u00e1t tudhatja mag\u00e1\u00e9nak, a b\u00e1bm\u0171v\u00e9szetr\u0151l sz\u00f3l\u00f3 jelent\u0151s k\u00f6tetek szerz\u0151je \u00e9s a j\u00e1szv\u00e1s\u00e1ri M\u0171v\u00e9szeti Egyetem professzora, az anim\u00e1ci\u00f3s sz\u00ednh\u00e1zi szem\u00e9lyis\u00e9g, akit m\u0171v\u00e9szi tev\u00e9kenys\u00e9g\u00e9\u00e9rt sz\u00e1mos hazai \u00e9s nemzetk\u00f6zi d\u00edjjal t\u00fcntettek ki. A Hans Christian Andersen nyom\u00e1n k\u00e9sz\u00fclt Dege\u021bica c\u00edm\u0171 el\u0151ad\u00e1s bemutat\u00e1sa alkalm\u00e1b\u00f3l egy r\u00f6vid besz\u00e9lget\u00e9sre h\u00edvtuk meg az anim\u00e1ci\u00f3s sz\u00ednh\u00e1zr\u00f3l, a rendez\u00e9sr\u0151l \u00e9s az \u00faj projektr\u0151l.<\/p>\n\n\n\n<!--more-->\n\n\n\n<p class=\"wp-block-paragraph\"><strong>Florina Dometi:<\/strong> <em>Milyennek kell lennie egy anim\u00e1ci\u00f3s sz\u00ednh\u00e1zi rendez\u0151nek, \u00e9s milyen &quot;hozz\u00e1val\u00f3kat&quot; kell felhaszn\u00e1lnia ahhoz, hogy egy \u00e9l\u00e9nk el\u0151ad\u00e1st alkosson, amely megmarad a k\u00f6z\u00f6ns\u00e9g eml\u00e9kezet\u00e9ben? <\/em><\/p>\n\n\n\n<p class=\"wp-block-paragraph\"><strong>Toma Hogea: <\/strong>Rendez\u0151k\u00e9nt erk\u00f6lcsi \u00e9s szakmai k\u00f6teless\u00e9ged minden probl\u00e9m\u00e1dat otthon hagyni, \u00e9s energi\u00e1val teli, j\u00f3kedv\u0171en, a t\u00e1rsulattal val\u00f3 tal\u00e1lkoz\u00e1s vagy \u00fajraegyes\u00fcl\u00e9s \u00f6r\u00f6m\u00e9vel \u00e9rkezni a sz\u00ednh\u00e1zba. Felt\u0171r\u00f6d az ingujjadat, \u00e9s munk\u00e1hoz l\u00e1tsz. K\u00fcl\u00f6nben hazugs\u00e1g, \u00e9s hazugs\u00e1gb\u00f3l \u00e9p\u00edteni egy el\u0151ad\u00e1st garant\u00e1lt kudarc. Ha pozit\u00edvan gondolkodunk, \u00e9s a f\u00e9ny uralkodik benn\u00fcnk, az a sz\u00ednpadon is t\u00fckr\u00f6z\u0151dik, nemcsak a szakemberek, hanem a k\u00f6z\u00f6ns\u00e9g is l\u00e1tja \u00e9s \u00e9rzi. Az egyens\u00faly \u00e9s a m\u00e9rt\u00e9k alapvet\u0151 fontoss\u00e1g\u00fa a sz\u00ednh\u00e1zban. Egy gyerekdarabban alapvet\u0151 fontoss\u00e1g\u00fa, hogy rendez\u0151k\u00e9nt tudd, hogyan kell egyens\u00falyozni, mennyi sz\u00f6veget k\u00edn\u00e1lsz a gyereknek, mennyi sz\u00edn\u00e9szi j\u00e1t\u00e9kot a sz\u00edn\u00e9szekkel, mennyi b\u00e1bos anim\u00e1ci\u00f3t, mennyi zen\u00e9t, milyen zen\u00e9t, mennyi koreogr\u00e1fi\u00e1t, pantomimot, vet\u00edt\u00e9st. Ez szinte matematika. Tudnod kell, hogyan kell ezt a szlalomoz\u00e1st csin\u00e1lni mindezen elemek k\u00f6z\u00f6tt, hogy minden rendk\u00edv\u00fcl g\u00f6rd\u00fcl\u00e9keny, term\u00e9szetes \u00e9s term\u00e9szetes legyen. Ezek biztos\u00edtj\u00e1k az el\u0151ad\u00e1s siker\u00e9nek legal\u00e1bb fel\u00e9t. Ezen a bonyolult egyenleten kereszt\u00fcl elengedhetetlen, hogy kih\u00edv\u00e1st jelents\u00fcnk a gyermek sz\u00e1m\u00e1ra, \u00e9s valami m\u00e1st k\u00edn\u00e1ljunk neki. <\/p>\n\n\n\n<p class=\"wp-block-paragraph\"><strong>FD:<\/strong> <em>Hogyan jellemezn\u00e9d a rendez\u0151 \u00e9s a sz\u00edn\u00e9szek csapata k\u00f6z\u00f6tti tal\u00e1lkoz\u00f3t, akikkel egy\u00fctt kell dolgoznia? <\/em><\/p>\n\n\n\n<p class=\"wp-block-paragraph\"><strong>TH:<\/strong> Amikor tal\u00e1lkozol egy zenekarral, sz\u00fcks\u00e9ged van egy id\u0151szakra a felfedez\u00e9sre, a megismer\u00e9sre, a felfedez\u00e9sre, arra, hogy l\u00e1sd, mi a k\u00f6z\u00f6s nyelv, hogy \u00e9rezd egym\u00e1s energi\u00e1j\u00e1t. Egy m\u0171sor, egy t\u00f6rt\u00e9net fel\u00e9p\u00edt\u00e9s\u00e9hez abszol\u00fat \u0151szintes\u00e9gre van sz\u00fcks\u00e9g mindk\u00e9t f\u00e9l r\u00e9sz\u00e9r\u0151l. \u00c9n p\u00e9ld\u00e1ul nagyon szeretem az embereket. \u00c9s amikor azt mondom, hogy szeretem \u0151ket, ennek a szeretetnek megvannak a maga jelent\u00e9startalmai. El\u0151sz\u00f6r is tettekb\u0151l \u00e1ll. Gondolnod kell arra, hogyan tudsz konkr\u00e9tan seg\u00edteni a melletted \u00e1ll\u00f3 embernek, legyen az szem\u00e9lyes vagy szakmai seg\u00edts\u00e9g, seg\u00edtve \u0151t egy szerep megteremt\u00e9s\u00e9ben egy kellemes l\u00e9gk\u00f6rben, \u00e9s azt az \u00e9rz\u00e9st keltve benne, hogy minden term\u00e9szetesen j\u00f6tt. Amikor minden \u0151szinte, val\u00f3di k\u00f6lcs\u00f6n\u00f6s tisztelettel t\u00f6rt\u00e9nik, a dolgok harm\u00f3ni\u00e1val, \u00f6r\u00f6mmel, az egy\u00fcttl\u00e9t, a k\u00f6z\u00f6s munka \u00f6r\u00f6m\u00e9vel sz\u00fcletnek, m\u00e9g akkor is, ha sok munka, sok er\u0151fesz\u00edt\u00e9s van m\u00f6g\u00f6tte. A hangnem alkotja a zen\u00e9t. <\/p>\n\n\n\n<p class=\"wp-block-paragraph\"><strong>FD:<\/strong> <em>Azt vettem \u00e9szre, hogy gyakran v\u00e1lasztod az id\u0151k sor\u00e1n feled\u00e9sbe mer\u00fclt \u00e9rt\u00e9kes sz\u00f6vegek fel\u00e9leszt\u00e9s\u00e9t. Milyen rendez\u0151i k\u00fcldet\u00e9sek vezetik ebbe az ir\u00e1nyba? <\/em><\/p>\n\n\n\n<p class=\"wp-block-paragraph\"><strong>TH: <\/strong>A v\u00e1lasz nagyon egyszer\u0171. Mindig is az \u00e9rt\u00e9kes, k\u00f6vetkezetes dramaturgia fel\u00e9 t\u00f6rekedtem, amir\u0151l a gyerekek \u00e1lmodnak. Felm\u00e9rem a rom\u00e1niai sz\u00ednh\u00e1zak aktu\u00e1lis helyzet\u00e9t is, \u00e9s azt vettem \u00e9szre, hogy szok\u00e1s ugyanazt a c\u00edmet t\u00f6bb sz\u00ednh\u00e1zban is bemutatni. Nos, ez nem jellemz\u0151 r\u00e1m. \u00c9n vagyok az a rendez\u0151, aki olyan sz\u00f6veget keres, amire a gyerekek v\u00e1gynak, de amit mostan\u00e1ban nem mutattak be. R\u00e1ad\u00e1sul nem tudok v\u00e9letlenszer\u0171en c\u00edmet v\u00e1lasztani, de legal\u00e1bb 2-3 \u00e9vre el\u0151re keresem a sz\u00f6vegeimet. Dege\u021bic\u00e1n p\u00e9ld\u00e1ul m\u00e1r k\u00f6r\u00fclbel\u00fcl 4-5 \u00e9ve gondolkodom, nem v\u00e9letlen, hogy ezt a t\u00f6rt\u00e9netet v\u00e1lasztottam. <\/p>\n\n\n\n<p class=\"wp-block-paragraph\"><strong>FD:<\/strong><em><strong> <\/strong>A kor\u00e1bban elk\u00e9pzelt sz\u00f6vegek k\u00f6z\u00fcl mi\u00e9rt pont a Thumbelina c\u00edm\u0171 mes\u00e9t v\u00e1lasztottad a nagyv\u00e1radi gyerekeknek? Szerinted a t\u00f6rt\u00e9net ma is aktu\u00e1lis? <\/em><\/p>\n\n\n\n<p class=\"wp-block-paragraph\"><strong>TH:<\/strong> Szerintem ez egy megfelel\u0151 sz\u00f6veg a gyerekek sz\u00e1m\u00e1ra mindenhol. Nagyv\u00e1radon, ami Rom\u00e1nia egy sokkal fejlettebb f\u00f6ldrajzi ter\u00fclet\u00e9nek r\u00e9sze, biztos vagyok benne, hogy ez a t\u00f6rt\u00e9net nagyon j\u00f3l fog tetszeni, \u00e9s hogy a darab hossz\u00fa \u00e9let\u0171 lesz. F\u0151leg mivel a t\u00f6rt\u00e9net egy olyan adapt\u00e1ci\u00f3j\u00e1t v\u00e1lasztottam, amely k\u00f6zelebb \u00e1ll a mai gyerekek gondolkod\u00e1sm\u00f3dj\u00e1hoz \u00e9s elv\u00e1r\u00e1saihoz. M\u00e1sr\u00e9szt egy m\u00e1sik titkom rendez\u0151k\u00e9nt, hogy amikor egy darabot alkotok, perspekt\u00edv\u00e1ban l\u00e1tom a dolgokat, \u00e9s \u00fagy \u00e9p\u00edtem fel a darabot, hogy az eszt\u00e9tika ak\u00e1r 10 \u00e9v m\u00falva is \u00e9rz\u00e9kelhet\u0151 legyen. <\/p>\n\n\n\n<p class=\"wp-block-paragraph\"><strong>FD: <\/strong><em>N\u00e9h\u00e1ny \u00faj szerepl\u0151t is bevezett\u00e9l a t\u00f6rt\u00e9netbe. Hogyan j\u00e1rulnak hozz\u00e1 ezek az \u00faj szerepl\u0151k a jelenlegi elbesz\u00e9l\u00e9s jelent\u00e9s\u00e9hez? <\/em><\/p>\n\n\n\n<p class=\"wp-block-paragraph\"><strong>TH: <\/strong>Olyan rendez\u0151 vagyok, aki az id\u0151k sor\u00e1n az \u00e1ltalam k\u00e9sz\u00edtett el\u0151ad\u00e1sokban kihagyta a narr\u00e1tort. Emiatt minden alkalommal, amikor k\u00f6t\u0151anyagra volt sz\u00fcks\u00e9gem, a narr\u00e1tor helyett a t\u00f6rt\u00e9net kontextus\u00e1ban \u00e9s a narrat\u00edva term\u00e9szetes m\u00f3dj\u00e1n kital\u00e1ltam egy karaktert. Ebben az esetben egy huncut kis l\u00f3r\u00f3l van sz\u00f3, akinek a narr\u00e1tor szerepe van, de tov\u00e1bbi feladatokat is adtam neki: egy angyal szerep\u00e9t is bet\u00f6lti, aki lesz\u00e1ll a f\u00f6ldre, \u00e9s teljes\u00edti a n\u0151 \u00e9lethosszig tart\u00f3 im\u00e1j\u00e1t, hogy gyermeke legyen. Eszt\u00e9tikailag nem egy realisztikus kis l\u00f3. \u00dagy van megalkotva, hogy m\u00e9g a legfiatalabb n\u00e9z\u0151k is azonnal felismerhetik a benne rejl\u0151 fantasztikus dimenzi\u00f3t. Egy m\u00e1sik \u00faj szerepl\u0151 Cloan\u021ba. Szinte minden t\u00f6rt\u00e9netben vannak boszork\u00e1nyok. De egy kicsit m\u00e1sk\u00e9pp k\u00e9pzeltem el, mint a j\u00f3l ismert tipol\u00f3gi\u00e1t. Jobban szerettem, ha egy b\u00e9kavon\u00e1s\u00fa boh\u00f3cra hasonl\u00edt. Teh\u00e1t els\u0151 pillant\u00e1sra nem egy boh\u00f3c, ahogy ismerj\u00fck, nagy orral, k\u00f3cos hajjal, bajusszal stb. M\u00e9g ha a J\u00f3 T\u00fcnd\u00e9rrel val\u00f3 rivaliz\u00e1l\u00e1s fennmarad is, neki is van egy gyermeke, \u00e9s anyak\u00e9nt szereti a gyermek\u00e9t, megcs\u00f3kolja, leszidja. Van benne valami j\u00f3. \u00dagy hiszem, hogy minden karakterben kell lennie egy csepp embers\u00e9gnek, f\u00e9nynek, pozitivizmusnak. Ezen k\u00edv\u00fcl van egy komikus \u00e9s aktu\u00e1lis dimenzi\u00f3ja is: k\u00e9pzelj\u00fcnk el egy boh\u00f3cot, aki robog\u00f3val j\u00f6n, \u00e9s mindenf\u00e9le tr\u00fckk\u00f6ket csin\u00e1l. A gyerekek im\u00e1dni fogj\u00e1k, vissza akarnak majd t\u00e9rni a sz\u00ednpadra. M\u00e9g a J\u00f3 T\u00fcnd\u00e9rt is m\u00e1sk\u00e9pp kezelik, mint a klasszikus k\u00e9pen l\u00e1that\u00f3t. \u0150 egy T\u00fcnd\u00e9r, aki tang\u00f3zik... de majd a m\u0171sorban megmutatom, hogyan n\u00e9zhetitek meg a legjobban. A ny\u00fal \u00e9s a farkas, k\u00e9t m\u00e1sik \u00faj szerepl\u0151, k\u00e9t olyan karakter, akikkel k\u00e9t tiszt\u00e1n b\u00e1bszer\u0171, anim\u00e1ci\u00f3s pillanatot tudok l\u00e9trehozni. A Nyuszi egy aktu\u00e1lis tipol\u00f3gia k\u00e9pvisel\u0151je: egy \u00fczletember, aki mindig siet, mindig a saj\u00e1t \u00fczlet\u00e9vel foglalkozik. A Farkas nem illik a negat\u00edv karakter klasszikus topol\u00f3gi\u00e1j\u00e1ba, nem olyan, mint minden farkas, hanem retteg, f\u00e9l a vad\u00e1szt\u00f3l, \u00e9s M\u0103run\u021bica az, akinek b\u00e1tor\u00edtania kell \u0151t, \u00e9s seg\u00edtenie kell neki meg\u00e9rteni, hogy a vad\u00e1sz is olyan ember, mint minden ember, hogy nem gonosz, \u00e9s hogy gondoskodik az \u00e1llatokr\u00f3l. Ez a k\u00e9t karakter t\u00f6k\u00e9letesen kiegyens\u00falyozza a sorozat fel\u00e9p\u00edt\u00e9s\u00e9t. <\/p>\n\n\n\n<p class=\"wp-block-paragraph\"><strong>FD: <\/strong><em>Egy el\u0151ad\u00e1s megalkot\u00e1s\u00e1nak folyamata sz\u00e1mos hull\u00e1mz\u00e1ssal j\u00e1r, \u00e9s a gondolatt\u00f3l a megval\u00f3s\u00edt\u00e1sig hossz\u00fa \u00fat vezet. \u00dagy \u00e9rezted, hogy siker\u00fclt mindent sz\u00ednpadra vinned, amit eredetileg elk\u00e9pzelt\u00e9l, vagy a sz\u00edn\u00e9szekkel val\u00f3 tal\u00e1lkoz\u00e1s m\u00e9g nagyobb teret engedett az eredeti \u00f6tletnek? <\/em><\/p>\n\n\n\n<p class=\"wp-block-paragraph\"><strong>TH:<\/strong> Egy el\u0151ad\u00e1s l\u00e9trehoz\u00e1sa sor\u00e1n sz\u00e1mos inherens kih\u00edv\u00e1ssal kell szemben\u00e9zni. Azonban alkot\u00e1sr\u00f3l, sz\u00fclet\u00e9sr\u0151l, egy &quot;gyermek&quot; sz\u00fclet\u00e9s\u00e9r\u0151l besz\u00e9l\u00fcnk. Sz\u00e1momra minden el\u0151ad\u00e1s egy gyermek. Valami \u00e9letre kel. A gyermek megteremt\u00e9s\u00e9nek \u00e9s vil\u00e1gra hozatal\u00e1nak neh\u00e9zs\u00e9gei a kreat\u00edv csapatn\u00e1l, k\u00fcl\u00f6n\u00f6sen a d\u00edszlettervez\u0151n\u00e9l jelentkeznek. A gyermek- \u00e9s ifj\u00fas\u00e1gi el\u0151ad\u00e1sokban a d\u00edszlet alapvet\u0151 fontoss\u00e1g\u00fa, az el\u0151ad\u00e1s oxig\u00e9ncs\u00f6ve. A d\u00edszlet az \u00e9g magas\u00e1ba emelheti az el\u0151ad\u00e1st. Ez a d\u00edszlettervez\u0151n \u00e9s a vele kialak\u00edtott kapcsolaton m\u00falik. Ugyanez vonatkozik a koreogr\u00e1fusra, a zeneszerz\u0151re stb. is. El\u00e9rkez\u00fcnk a sz\u00edn\u00e9szekhez. Ahogy kor\u00e1bban bevallottam, \u00e9n az a fajta rendez\u0151 vagyok, aki nagyon j\u00f3l elv\u00e9gzett feladatokkal \u00e1ll a sz\u00edn\u00e9szek el\u00e9. Innent\u0151l kezdve, a nagyon j\u00f3l elv\u00e9gzett feladatokb\u00f3l, amelyeket az asztalra teszek, megosztom azokat a sz\u00edn\u00e9szekkel, bevallom, mindent, amit az adott el\u0151ad\u00e1st\u00f3l akarok, minden egyes el\u0151ad\u00f3 \u00e9rt\u00e9ke, tehets\u00e9ge \u00e9s lelke k\u00f6vetkezik. Mivel a sz\u00edn\u00e9sz alkot\u00f3, nem el\u0151ad\u00f3m\u0171v\u00e9sz. A lelke, az igazi energi\u00e1ja n\u00e9lk\u00fcl semmi sem t\u00f6rt\u00e9nhet. A hiteless\u00e9g \u00e9s az igazi \u00e9rzelem alapvet\u0151 fontoss\u00e1g\u00fa. N\u00e9lk\u00fcl\u00fck semmi sem hihet\u0151. Minden eszk\u00f6zt megkaphat: jelmezeket, zen\u00e9t, f\u00e9nyeket, de ha nem \u0151szinte \u00e9rzelmekkel \u00e9s igazs\u00e1ggal \u00e9rkezik a tekintet\u00e9ben, besz\u00e9d\u00e9ben \u00e9s energi\u00e1j\u00e1ban, akkor minden le\u00e9rt\u00e9kel\u0151dik, az igazs\u00e1g nem jut el a k\u00f6z\u00f6ns\u00e9ghez.<\/p>\n\n\n\n<p class=\"wp-block-paragraph\"><strong> FD: <\/strong><em>Milyen \u00e9rz\u00e9ssel, tanuls\u00e1ggal, \u00f6tlettel szeretn\u00e9d, hogy a fiatal \u00e9s az id\u0151s n\u00e9z\u0151k az el\u0151ad\u00e1s ut\u00e1n t\u00e1vozzanak a sz\u00ednh\u00e1zb\u00f3l? <\/em><\/p>\n\n\n\n<p class=\"wp-block-paragraph\"><strong>TH: <\/strong>A feln\u0151ttek sz\u00e1m\u00e1ra ez a gyermek fontoss\u00e1g\u00e1t jelenten\u00e9 az \u00e9let\u00fcnkben, a gyermek f\u00f6ldre \u00e9rkez\u00e9s\u00e9nek \u00f6r\u00f6m\u00e9t. Aggaszt\u00f3 statisztik\u00e1k vannak a sz\u00fclet\u00e9si ar\u00e1nyr\u00f3l. Az \u00e9let nem mehet tov\u00e1bb a mai gyermekek, a holnap feln\u0151ttjei n\u00e9lk\u00fcl. A gyermek az egyetlen igazi dolog, amit magunk ut\u00e1n hagyunk ezen a f\u00f6ld\u00f6n. Az anyagi dolgoknak nincs \u00e9rt\u00e9k\u00fck, sz\u00fcks\u00e9g\u00fcnk van r\u00e1juk, l\u00e9tsz\u00fcks\u00e9gletek. A szakma \u2013 miut\u00e1n elment\u00e9l, t\u00f6rt\u00e9nelemm\u00e9 v\u00e1lik, vagy tal\u00e1n m\u00e9g az sem. De egy gyermek mindent el\u0151re visz. \u00c9s a gyerekek sz\u00e1m\u00e1ra: a boh\u00f3c m\u00e1s, a t\u00fcnd\u00e9r m\u00e1s, a l\u00f3 is lehet csintalan, a fantasztikus \u00e9rtelemben. Megl\u00e1tod! <\/p>\n\n\n\n<p class=\"wp-block-paragraph\"><\/p>","protected":false},"excerpt":{"rendered":"<p>Interviu preluat de pe\u00a0LiterNet.ro Toma Hogea este un creator complex: actor p\u0103pu\u0219ar \u00eenzestrat cu bucuria de a crea, care a interpretat de-a lungul timpului sute de roluri \u00een numeroase spectacole din registre diferite, regizor artistic cu un repertoriu de spectacole de \u00eenalt\u0103 calitate pe care le-a montat peste tot \u00een \u021bar\u0103, autor al unor volume [&hellip;]<\/p>\n","protected":false},"author":9,"featured_media":14046,"comment_status":"closed","ping_status":"closed","sticky":false,"template":"","format":"standard","meta":{"_acf_changed":false,"footnotes":""},"categories":[213],"tags":[],"class_list":["post-14042","post","type-post","status-publish","format-standard","has-post-thumbnail","hentry","category-aparitii-media"],"aioseo_notices":[],"aioseo_head":"\n\t\t<!-- All in One SEO Pro 5.0.1.1 - aioseo.com -->\n\t<meta name=\"description\" content=\"Interviu preluat de pe LiterNet.ro Toma Hogea este un creator complex: actor p\u0103pu\u0219ar \u00eenzestrat cu bucuria de a crea, care a interpretat de-a lungul timpului sute de roluri \u00een numeroase spectacole din registre diferite, regizor artistic cu un repertoriu de spectacole de \u00eenalt\u0103 calitate pe care le-a montat peste tot \u00een \u021bar\u0103, autor al unor volume\" \/>\n\t<meta name=\"robots\" content=\"max-image-preview:large\" \/>\n\t<meta name=\"author\" content=\"Florina Dometi\"\/>\n\t<link rel=\"canonical\" href=\"https:\/\/www.teatrulreginamaria.ro\/hu\/tonul-face-muzica-un-interviu-cu-toma-hogea\/\" \/>\n\t<meta name=\"generator\" content=\"All in One SEO Pro (AIOSEO) 5.0.1.1\" \/>\n\t\t<meta property=\"og:locale\" content=\"hu_HU\" \/>\n\t\t<meta property=\"og:site_name\" content=\"Teatrul Regina Maria Oradea - Trupa Iosif Vulcan \u0219i Trupa Arcadia\" \/>\n\t\t<meta property=\"og:type\" content=\"article\" \/>\n\t\t<meta property=\"og:title\" content=\"Tonul face muzica | un interviu cu Toma Hogea - Teatrul Regina Maria Oradea\" \/>\n\t\t<meta property=\"og:description\" content=\"Interviu preluat de pe LiterNet.ro Toma Hogea este un creator complex: actor p\u0103pu\u0219ar \u00eenzestrat cu bucuria de a crea, care a interpretat de-a lungul timpului sute de roluri \u00een numeroase spectacole din registre diferite, regizor artistic cu un repertoriu de spectacole de \u00eenalt\u0103 calitate pe care le-a montat peste tot \u00een \u021bar\u0103, autor al unor volume\" \/>\n\t\t<meta property=\"og:url\" content=\"https:\/\/www.teatrulreginamaria.ro\/hu\/tonul-face-muzica-un-interviu-cu-toma-hogea\/\" \/>\n\t\t<meta property=\"og:image\" content=\"https:\/\/www.teatrulreginamaria.ro\/wp-content\/uploads\/2025\/03\/trm-istoric-01.jpg\" \/>\n\t\t<meta property=\"og:image:secure_url\" content=\"https:\/\/www.teatrulreginamaria.ro\/wp-content\/uploads\/2025\/03\/trm-istoric-01.jpg\" \/>\n\t\t<meta property=\"og:image:width\" content=\"1200\" \/>\n\t\t<meta property=\"og:image:height\" content=\"800\" \/>\n\t\t<meta property=\"article:published_time\" content=\"2025-10-27T08:59:03+00:00\" \/>\n\t\t<meta property=\"article:modified_time\" content=\"2026-06-10T10:44:30+00:00\" \/>\n\t\t<meta property=\"article:publisher\" content=\"https:\/\/www.facebook.com\/TRMTrupaIosifVulcan\/\" \/>\n\t\t<meta name=\"twitter:card\" content=\"summary_large_image\" \/>\n\t\t<meta name=\"twitter:site\" content=\"@TRMOradea\" \/>\n\t\t<meta name=\"twitter:title\" content=\"Tonul face muzica | un interviu cu Toma Hogea - Teatrul Regina Maria Oradea\" \/>\n\t\t<meta name=\"twitter:description\" content=\"Interviu preluat de pe LiterNet.ro Toma Hogea este un creator complex: actor p\u0103pu\u0219ar \u00eenzestrat cu bucuria de a crea, care a interpretat de-a lungul timpului sute de roluri \u00een numeroase spectacole din registre diferite, regizor artistic cu un repertoriu de spectacole de \u00eenalt\u0103 calitate pe care le-a montat peste tot \u00een \u021bar\u0103, autor al unor volume\" \/>\n\t\t<meta name=\"twitter:creator\" content=\"@TRMOradea\" \/>\n\t\t<meta name=\"twitter:image\" content=\"https:\/\/www.teatrulreginamaria.ro\/wp-content\/uploads\/2025\/03\/trm-istoric-01.jpg\" \/>\n\t\t<script type=\"application\/ld+json\" class=\"aioseo-schema\">\n\t\t\t{\"@context\":\"https:\\\/\\\/schema.org\",\"@graph\":[{\"@type\":\"BlogPosting\",\"@id\":\"https:\\\/\\\/www.teatrulreginamaria.ro\\\/hu\\\/tonul-face-muzica-un-interviu-cu-toma-hogea\\\/#blogposting\",\"name\":\"Tonul face muzica | un interviu cu Toma Hogea - Teatrul Regina Maria Oradea\",\"headline\":\"Tonul face muzica | un interviu cu Toma Hogea\",\"author\":{\"@id\":\"https:\\\/\\\/www.teatrulreginamaria.ro\\\/hu\\\/author\\\/florina\\\/#author\"},\"publisher\":{\"@id\":\"https:\\\/\\\/www.teatrulreginamaria.ro\\\/hu\\\/#organization\"},\"image\":{\"@type\":\"ImageObject\",\"url\":\"https:\\\/\\\/www.teatrulreginamaria.ro\\\/wp-content\\\/uploads\\\/2025\\\/10\\\/Toma-Hogea_regizor.jpg\",\"width\":1120,\"height\":1680},\"datePublished\":\"2025-10-27T10:59:03+02:00\",\"dateModified\":\"2026-06-10T13:44:30+03:00\",\"inLanguage\":\"hu-HU\",\"mainEntityOfPage\":{\"@id\":\"https:\\\/\\\/www.teatrulreginamaria.ro\\\/hu\\\/tonul-face-muzica-un-interviu-cu-toma-hogea\\\/#webpage\"},\"isPartOf\":{\"@id\":\"https:\\\/\\\/www.teatrulreginamaria.ro\\\/hu\\\/tonul-face-muzica-un-interviu-cu-toma-hogea\\\/#webpage\"},\"articleSection\":\"Apari\\u021bii media\"},{\"@type\":\"BreadcrumbList\",\"@id\":\"https:\\\/\\\/www.teatrulreginamaria.ro\\\/hu\\\/tonul-face-muzica-un-interviu-cu-toma-hogea\\\/#breadcrumblist\",\"itemListElement\":[{\"@type\":\"ListItem\",\"@id\":\"https:\\\/\\\/www.teatrulreginamaria.ro\\\/hu#listItem\",\"position\":1,\"name\":\"Home\",\"item\":\"https:\\\/\\\/www.teatrulreginamaria.ro\\\/hu\",\"nextItem\":{\"@type\":\"ListItem\",\"@id\":\"https:\\\/\\\/www.teatrulreginamaria.ro\\\/hu\\\/categorie\\\/aparitii-media\\\/#listItem\",\"name\":\"Apari\\u021bii media\"}},{\"@type\":\"ListItem\",\"@id\":\"https:\\\/\\\/www.teatrulreginamaria.ro\\\/hu\\\/categorie\\\/aparitii-media\\\/#listItem\",\"position\":2,\"name\":\"Apari\\u021bii media\",\"item\":\"https:\\\/\\\/www.teatrulreginamaria.ro\\\/hu\\\/categorie\\\/aparitii-media\\\/\",\"nextItem\":{\"@type\":\"ListItem\",\"@id\":\"https:\\\/\\\/www.teatrulreginamaria.ro\\\/hu\\\/tonul-face-muzica-un-interviu-cu-toma-hogea\\\/#listItem\",\"name\":\"Tonul face muzica | un interviu cu Toma Hogea\"},\"previousItem\":{\"@type\":\"ListItem\",\"@id\":\"https:\\\/\\\/www.teatrulreginamaria.ro\\\/hu#listItem\",\"name\":\"Home\"}},{\"@type\":\"ListItem\",\"@id\":\"https:\\\/\\\/www.teatrulreginamaria.ro\\\/hu\\\/tonul-face-muzica-un-interviu-cu-toma-hogea\\\/#listItem\",\"position\":3,\"name\":\"Tonul face muzica | un interviu cu Toma Hogea\",\"previousItem\":{\"@type\":\"ListItem\",\"@id\":\"https:\\\/\\\/www.teatrulreginamaria.ro\\\/hu\\\/categorie\\\/aparitii-media\\\/#listItem\",\"name\":\"Apari\\u021bii media\"}}]},{\"@type\":\"Organization\",\"@id\":\"https:\\\/\\\/www.teatrulreginamaria.ro\\\/hu\\\/#organization\",\"name\":\"Teatrul Regina Maria Oradea\",\"description\":\"Trupa Iosif Vulcan \\u0219i Trupa Arcadia\",\"url\":\"https:\\\/\\\/www.teatrulreginamaria.ro\\\/hu\\\/\",\"email\":\"marketing@teatrulreginamaria.ro\",\"telephone\":\"+40359411534\",\"numberOfEmployees\":{\"@type\":\"QuantitativeValue\",\"minValue\":0,\"maxValue\":150},\"logo\":{\"@type\":\"ImageObject\",\"url\":\"https:\\\/\\\/www.teatrulreginamaria.ro\\\/wp-content\\\/uploads\\\/2025\\\/06\\\/logo-trm-01-dark.png\",\"@id\":\"https:\\\/\\\/www.teatrulreginamaria.ro\\\/hu\\\/tonul-face-muzica-un-interviu-cu-toma-hogea\\\/#organizationLogo\",\"width\":300,\"height\":148},\"image\":{\"@id\":\"https:\\\/\\\/www.teatrulreginamaria.ro\\\/hu\\\/tonul-face-muzica-un-interviu-cu-toma-hogea\\\/#organizationLogo\"},\"sameAs\":[\"https:\\\/\\\/www.facebook.com\\\/TRMTrupaIosifVulcan\\\/\",\"https:\\\/\\\/x.com\\\/TRMOradea\",\"https:\\\/\\\/www.instagram.com\\\/teatrul_regina_maria\\\/\",\"https:\\\/\\\/www.youtube.com\\\/c\\\/TeatrulReginaMariaOradea\",\"https:\\\/\\\/www.linkedin.com\\\/company\\\/teatrul-regina-maria\"]},{\"@type\":\"Person\",\"@id\":\"https:\\\/\\\/www.teatrulreginamaria.ro\\\/hu\\\/author\\\/florina\\\/#author\",\"url\":\"https:\\\/\\\/www.teatrulreginamaria.ro\\\/hu\\\/author\\\/florina\\\/\",\"name\":\"Florina Dometi\",\"image\":{\"@type\":\"ImageObject\",\"@id\":\"https:\\\/\\\/www.teatrulreginamaria.ro\\\/hu\\\/tonul-face-muzica-un-interviu-cu-toma-hogea\\\/#authorImage\",\"url\":\"https:\\\/\\\/secure.gravatar.com\\\/avatar\\\/efc240f7aebd58d925cf11ff8d7c84e9636b0ee93a0cd22c95d272ca0ffc0289?s=96&d=mm&r=g\",\"width\":96,\"height\":96,\"caption\":\"Florina Dometi\"}},{\"@type\":\"WebPage\",\"@id\":\"https:\\\/\\\/www.teatrulreginamaria.ro\\\/hu\\\/tonul-face-muzica-un-interviu-cu-toma-hogea\\\/#webpage\",\"url\":\"https:\\\/\\\/www.teatrulreginamaria.ro\\\/hu\\\/tonul-face-muzica-un-interviu-cu-toma-hogea\\\/\",\"name\":\"Tonul face muzica | un interviu cu Toma Hogea - Teatrul Regina Maria Oradea\",\"description\":\"Interviu preluat de pe LiterNet.ro Toma Hogea este un creator complex: actor p\\u0103pu\\u0219ar \\u00eenzestrat cu bucuria de a crea, care a interpretat de-a lungul timpului sute de roluri \\u00een numeroase spectacole din registre diferite, regizor artistic cu un repertoriu de spectacole de \\u00eenalt\\u0103 calitate pe care le-a montat peste tot \\u00een \\u021bar\\u0103, autor al unor volume\",\"inLanguage\":\"hu-HU\",\"isPartOf\":{\"@id\":\"https:\\\/\\\/www.teatrulreginamaria.ro\\\/hu\\\/#website\"},\"breadcrumb\":{\"@id\":\"https:\\\/\\\/www.teatrulreginamaria.ro\\\/hu\\\/tonul-face-muzica-un-interviu-cu-toma-hogea\\\/#breadcrumblist\"},\"author\":{\"@id\":\"https:\\\/\\\/www.teatrulreginamaria.ro\\\/hu\\\/author\\\/florina\\\/#author\"},\"creator\":{\"@id\":\"https:\\\/\\\/www.teatrulreginamaria.ro\\\/hu\\\/author\\\/florina\\\/#author\"},\"image\":{\"@type\":\"ImageObject\",\"url\":\"https:\\\/\\\/www.teatrulreginamaria.ro\\\/wp-content\\\/uploads\\\/2025\\\/10\\\/Toma-Hogea_regizor.jpg\",\"@id\":\"https:\\\/\\\/www.teatrulreginamaria.ro\\\/hu\\\/tonul-face-muzica-un-interviu-cu-toma-hogea\\\/#mainImage\",\"width\":1120,\"height\":1680},\"primaryImageOfPage\":{\"@id\":\"https:\\\/\\\/www.teatrulreginamaria.ro\\\/hu\\\/tonul-face-muzica-un-interviu-cu-toma-hogea\\\/#mainImage\"},\"datePublished\":\"2025-10-27T10:59:03+02:00\",\"dateModified\":\"2026-06-10T13:44:30+03:00\"},{\"@type\":\"WebSite\",\"@id\":\"https:\\\/\\\/www.teatrulreginamaria.ro\\\/hu\\\/#website\",\"url\":\"https:\\\/\\\/www.teatrulreginamaria.ro\\\/hu\\\/\",\"name\":\"Teatrul Regina Maria Oradea\",\"alternateName\":\"TRM Oradea\",\"description\":\"Trupa Iosif Vulcan \\u0219i Trupa Arcadia\",\"inLanguage\":\"hu-HU\",\"publisher\":{\"@id\":\"https:\\\/\\\/www.teatrulreginamaria.ro\\\/hu\\\/#organization\"}}]}\n\t\t<\/script>\n\t\t<!-- All in One SEO Pro -->\r\n\t\t<title>Tonul face muzica | un interviu cu Toma Hogea - Teatrul Regina Maria Oradea<\/title>\n\n","aioseo_head_json":{"title":"A hang zen\u00e9t alkot | interj\u00fa Toma Hoge\u00e1val - Regina Maria Sz\u00ednh\u00e1z, Nagyv\u00e1radi","description":"Interj\u00fa a LiterNet.ro oldalr\u00f3l. Toma Hogea \u00f6sszetett alkot\u00f3: az alkot\u00e1s \u00f6r\u00f6m\u00e9vel meg\u00e1ldott b\u00e1bm\u0171v\u00e9sz, aki az id\u0151k sor\u00e1n sz\u00e1mos k\u00fcl\u00f6nb\u00f6z\u0151 m\u0171faj\u00fa el\u0151ad\u00e1sban t\u00f6bb sz\u00e1z szerepet j\u00e1tszott, m\u0171v\u00e9szeti vezet\u0151, akinek orsz\u00e1gszerte megrendezett, magas sz\u00ednvonal\u00fa el\u0151ad\u00e1sainak reperto\u00e1rj\u00e1t birtokolja, \u00e9s t\u00f6bb k\u00f6tet szerz\u0151je.","canonical_url":"https:\/\/www.teatrulreginamaria.ro\/hu\/tonul-face-muzica-un-interviu-cu-toma-hogea\/","robots":"max-image-preview:large","keywords":"","webmasterTools":{"miscellaneous":""},"schema":{"@context":"https:\/\/schema.org","@graph":[{"@type":"BlogPosting","@id":"https:\/\/www.teatrulreginamaria.ro\/hu\/tonul-face-muzica-un-interviu-cu-toma-hogea\/#blogposting","name":"Tonul face muzica | un interviu cu Toma Hogea - Teatrul Regina Maria Oradea","headline":"Tonul face muzica | un interviu cu Toma Hogea","author":{"@id":"https:\/\/www.teatrulreginamaria.ro\/hu\/author\/florina\/#author"},"publisher":{"@id":"https:\/\/www.teatrulreginamaria.ro\/hu\/#organization"},"image":{"@type":"ImageObject","url":"https:\/\/www.teatrulreginamaria.ro\/wp-content\/uploads\/2025\/10\/Toma-Hogea_regizor.jpg","width":1120,"height":1680},"datePublished":"2025-10-27T10:59:03+02:00","dateModified":"2026-06-10T13:44:30+03:00","inLanguage":"hu-HU","mainEntityOfPage":{"@id":"https:\/\/www.teatrulreginamaria.ro\/hu\/tonul-face-muzica-un-interviu-cu-toma-hogea\/#webpage"},"isPartOf":{"@id":"https:\/\/www.teatrulreginamaria.ro\/hu\/tonul-face-muzica-un-interviu-cu-toma-hogea\/#webpage"},"articleSection":"Apari\u021bii media"},{"@type":"BreadcrumbList","@id":"https:\/\/www.teatrulreginamaria.ro\/hu\/tonul-face-muzica-un-interviu-cu-toma-hogea\/#breadcrumblist","itemListElement":[{"@type":"ListItem","@id":"https:\/\/www.teatrulreginamaria.ro\/hu#listItem","position":1,"name":"Home","item":"https:\/\/www.teatrulreginamaria.ro\/hu","nextItem":{"@type":"ListItem","@id":"https:\/\/www.teatrulreginamaria.ro\/hu\/categorie\/aparitii-media\/#listItem","name":"Apari\u021bii media"}},{"@type":"ListItem","@id":"https:\/\/www.teatrulreginamaria.ro\/hu\/categorie\/aparitii-media\/#listItem","position":2,"name":"Apari\u021bii media","item":"https:\/\/www.teatrulreginamaria.ro\/hu\/categorie\/aparitii-media\/","nextItem":{"@type":"ListItem","@id":"https:\/\/www.teatrulreginamaria.ro\/hu\/tonul-face-muzica-un-interviu-cu-toma-hogea\/#listItem","name":"Tonul face muzica | un interviu cu Toma Hogea"},"previousItem":{"@type":"ListItem","@id":"https:\/\/www.teatrulreginamaria.ro\/hu#listItem","name":"Home"}},{"@type":"ListItem","@id":"https:\/\/www.teatrulreginamaria.ro\/hu\/tonul-face-muzica-un-interviu-cu-toma-hogea\/#listItem","position":3,"name":"Tonul face muzica | un interviu cu Toma Hogea","previousItem":{"@type":"ListItem","@id":"https:\/\/www.teatrulreginamaria.ro\/hu\/categorie\/aparitii-media\/#listItem","name":"Apari\u021bii media"}}]},{"@type":"Organization","@id":"https:\/\/www.teatrulreginamaria.ro\/hu\/#organization","name":"Teatrul Regina Maria Oradea","description":"Trupa Iosif Vulcan \u0219i Trupa Arcadia","url":"https:\/\/www.teatrulreginamaria.ro\/hu\/","email":"marketing@teatrulreginamaria.ro","telephone":"+40359411534","numberOfEmployees":{"@type":"QuantitativeValue","minValue":0,"maxValue":150},"logo":{"@type":"ImageObject","url":"https:\/\/www.teatrulreginamaria.ro\/wp-content\/uploads\/2025\/06\/logo-trm-01-dark.png","@id":"https:\/\/www.teatrulreginamaria.ro\/hu\/tonul-face-muzica-un-interviu-cu-toma-hogea\/#organizationLogo","width":300,"height":148},"image":{"@id":"https:\/\/www.teatrulreginamaria.ro\/hu\/tonul-face-muzica-un-interviu-cu-toma-hogea\/#organizationLogo"},"sameAs":["https:\/\/www.facebook.com\/TRMTrupaIosifVulcan\/","https:\/\/x.com\/TRMOradea","https:\/\/www.instagram.com\/teatrul_regina_maria\/","https:\/\/www.youtube.com\/c\/TeatrulReginaMariaOradea","https:\/\/www.linkedin.com\/company\/teatrul-regina-maria"]},{"@type":"Person","@id":"https:\/\/www.teatrulreginamaria.ro\/hu\/author\/florina\/#author","url":"https:\/\/www.teatrulreginamaria.ro\/hu\/author\/florina\/","name":"Florina Dometi","image":{"@type":"ImageObject","@id":"https:\/\/www.teatrulreginamaria.ro\/hu\/tonul-face-muzica-un-interviu-cu-toma-hogea\/#authorImage","url":"https:\/\/secure.gravatar.com\/avatar\/efc240f7aebd58d925cf11ff8d7c84e9636b0ee93a0cd22c95d272ca0ffc0289?s=96&d=mm&r=g","width":96,"height":96,"caption":"Florina Dometi"}},{"@type":"WebPage","@id":"https:\/\/www.teatrulreginamaria.ro\/hu\/tonul-face-muzica-un-interviu-cu-toma-hogea\/#webpage","url":"https:\/\/www.teatrulreginamaria.ro\/hu\/tonul-face-muzica-un-interviu-cu-toma-hogea\/","name":"Tonul face muzica | un interviu cu Toma Hogea - Teatrul Regina Maria Oradea","description":"Interviu preluat de pe LiterNet.ro Toma Hogea este un creator complex: actor p\u0103pu\u0219ar \u00eenzestrat cu bucuria de a crea, care a interpretat de-a lungul timpului sute de roluri \u00een numeroase spectacole din registre diferite, regizor artistic cu un repertoriu de spectacole de \u00eenalt\u0103 calitate pe care le-a montat peste tot \u00een \u021bar\u0103, autor al unor volume","inLanguage":"hu-HU","isPartOf":{"@id":"https:\/\/www.teatrulreginamaria.ro\/hu\/#website"},"breadcrumb":{"@id":"https:\/\/www.teatrulreginamaria.ro\/hu\/tonul-face-muzica-un-interviu-cu-toma-hogea\/#breadcrumblist"},"author":{"@id":"https:\/\/www.teatrulreginamaria.ro\/hu\/author\/florina\/#author"},"creator":{"@id":"https:\/\/www.teatrulreginamaria.ro\/hu\/author\/florina\/#author"},"image":{"@type":"ImageObject","url":"https:\/\/www.teatrulreginamaria.ro\/wp-content\/uploads\/2025\/10\/Toma-Hogea_regizor.jpg","@id":"https:\/\/www.teatrulreginamaria.ro\/hu\/tonul-face-muzica-un-interviu-cu-toma-hogea\/#mainImage","width":1120,"height":1680},"primaryImageOfPage":{"@id":"https:\/\/www.teatrulreginamaria.ro\/hu\/tonul-face-muzica-un-interviu-cu-toma-hogea\/#mainImage"},"datePublished":"2025-10-27T10:59:03+02:00","dateModified":"2026-06-10T13:44:30+03:00"},{"@type":"WebSite","@id":"https:\/\/www.teatrulreginamaria.ro\/hu\/#website","url":"https:\/\/www.teatrulreginamaria.ro\/hu\/","name":"Teatrul Regina Maria Oradea","alternateName":"TRM Oradea","description":"Trupa Iosif Vulcan \u0219i Trupa Arcadia","inLanguage":"hu-HU","publisher":{"@id":"https:\/\/www.teatrulreginamaria.ro\/hu\/#organization"}}]},"og:locale":"hu_HU","og:site_name":"Teatrul Regina Maria Oradea - Trupa Iosif Vulcan \u0219i Trupa Arcadia","og:type":"article","og:title":"Tonul face muzica | un interviu cu Toma Hogea - Teatrul Regina Maria Oradea","og:description":"Interviu preluat de pe LiterNet.ro Toma Hogea este un creator complex: actor p\u0103pu\u0219ar \u00eenzestrat cu bucuria de a crea, care a interpretat de-a lungul timpului sute de roluri \u00een numeroase spectacole din registre diferite, regizor artistic cu un repertoriu de spectacole de \u00eenalt\u0103 calitate pe care le-a montat peste tot \u00een \u021bar\u0103, autor al unor volume","og:url":"https:\/\/www.teatrulreginamaria.ro\/hu\/tonul-face-muzica-un-interviu-cu-toma-hogea\/","og:image":"https:\/\/www.teatrulreginamaria.ro\/wp-content\/uploads\/2025\/03\/trm-istoric-01.jpg","og:image:secure_url":"https:\/\/www.teatrulreginamaria.ro\/wp-content\/uploads\/2025\/03\/trm-istoric-01.jpg","og:image:width":1200,"og:image:height":800,"article:published_time":"2025-10-27T08:59:03+00:00","article:modified_time":"2026-06-10T10:44:30+00:00","article:publisher":"https:\/\/www.facebook.com\/TRMTrupaIosifVulcan\/","twitter:card":"summary_large_image","twitter:site":"@TRMOradea","twitter:title":"Tonul face muzica | un interviu cu Toma Hogea - Teatrul Regina Maria Oradea","twitter:description":"Interviu preluat de pe LiterNet.ro Toma Hogea este un creator complex: actor p\u0103pu\u0219ar \u00eenzestrat cu bucuria de a crea, care a interpretat de-a lungul timpului sute de roluri \u00een numeroase spectacole din registre diferite, regizor artistic cu un repertoriu de spectacole de \u00eenalt\u0103 calitate pe care le-a montat peste tot \u00een \u021bar\u0103, autor al unor volume","twitter:creator":"@TRMOradea","twitter:image":"https:\/\/www.teatrulreginamaria.ro\/wp-content\/uploads\/2025\/03\/trm-istoric-01.jpg"},"aioseo_meta_data":{"post_id":"14042","title":null,"description":null,"keywords":null,"keyphrases":{"focus":[],"additional":[]},"primary_term":null,"canonical_url":null,"og_title":null,"og_description":null,"og_object_type":"default","og_image_type":"default","og_image_url":null,"og_image_width":null,"og_image_height":null,"og_image_custom_url":null,"og_image_custom_fields":null,"og_video":"","og_custom_url":null,"og_article_section":null,"og_article_tags":null,"twitter_use_og":false,"twitter_card":"default","twitter_image_type":"default","twitter_image_url":null,"twitter_image_custom_url":null,"twitter_image_custom_fields":null,"twitter_title":null,"twitter_description":null,"schema":{"blockGraphs":[],"customGraphs":[],"default":{"data":{"Article":[],"Course":[],"Dataset":[],"FAQPage":[],"Movie":[],"Person":[],"Product":[],"ProductReview":[],"Car":[],"Recipe":[],"Service":[],"SoftwareApplication":[],"WebPage":[]},"graphName":"BlogPosting","isEnabled":true},"graphs":[]},"schema_type":"default","schema_type_options":null,"pillar_content":false,"robots_default":true,"robots_noindex":false,"robots_noarchive":false,"robots_nosnippet":false,"robots_nofollow":false,"robots_noimageindex":false,"robots_noodp":false,"robots_notranslate":false,"robots_max_snippet":"-1","robots_max_videopreview":"-1","robots_max_imagepreview":"large","priority":null,"frequency":"default","local_seo":null,"seo_analyzer_scan_date":"2026-06-10 10:44:58","breadcrumb_settings":null,"limit_modified_date":false,"reviewed_by":"0","open_ai":null,"ai":{"faqs":[],"keyPoints":[],"schemas":[],"titles":[],"descriptions":[],"socialPosts":{"email":[],"linkedin":[],"twitter":[],"facebook":[],"instagram":[]}},"created":"2025-10-27 08:11:20","updated":"2026-08-14 23:14:17","focus_keyword":null,"additional_keywords":null,"truseo_locale":null},"aioseo_breadcrumb":"<div class=\"aioseo-breadcrumbs\"><span class=\"aioseo-breadcrumb\">\n\t<a href=\"https:\/\/www.teatrulreginamaria.ro\/hu\" title=\"Home\">Home<\/a>\n<\/span><span class=\"aioseo-breadcrumb-separator\">&raquo;<\/span><span class=\"aioseo-breadcrumb\">\n\t<a href=\"https:\/\/www.teatrulreginamaria.ro\/hu\/categorie\/aparitii-media\/\" title=\"Apari\u021bii media\">Apari\u021bii media<\/a>\n<\/span><span class=\"aioseo-breadcrumb-separator\">&raquo;<\/span><span class=\"aioseo-breadcrumb\">\n\tTonul face muzica | un interviu cu Toma Hogea\n<\/span><\/div>","aioseo_breadcrumb_json":[{"label":"Home","link":"https:\/\/www.teatrulreginamaria.ro\/hu"},{"label":"Apari\u021bii media","link":"https:\/\/www.teatrulreginamaria.ro\/hu\/categorie\/aparitii-media\/"},{"label":"Tonul face muzica | un interviu cu Toma Hogea","link":"https:\/\/www.teatrulreginamaria.ro\/hu\/tonul-face-muzica-un-interviu-cu-toma-hogea\/"}],"acf":[],"_links":{"self":[{"href":"https:\/\/www.teatrulreginamaria.ro\/hu\/wp-json\/wp\/v2\/posts\/14042","targetHints":{"allow":["GET"]}}],"collection":[{"href":"https:\/\/www.teatrulreginamaria.ro\/hu\/wp-json\/wp\/v2\/posts"}],"about":[{"href":"https:\/\/www.teatrulreginamaria.ro\/hu\/wp-json\/wp\/v2\/types\/post"}],"author":[{"embeddable":true,"href":"https:\/\/www.teatrulreginamaria.ro\/hu\/wp-json\/wp\/v2\/users\/9"}],"replies":[{"embeddable":true,"href":"https:\/\/www.teatrulreginamaria.ro\/hu\/wp-json\/wp\/v2\/comments?post=14042"}],"version-history":[{"count":4,"href":"https:\/\/www.teatrulreginamaria.ro\/hu\/wp-json\/wp\/v2\/posts\/14042\/revisions"}],"predecessor-version":[{"id":15094,"href":"https:\/\/www.teatrulreginamaria.ro\/hu\/wp-json\/wp\/v2\/posts\/14042\/revisions\/15094"}],"wp:featuredmedia":[{"embeddable":true,"href":"https:\/\/www.teatrulreginamaria.ro\/hu\/wp-json\/wp\/v2\/media\/14046"}],"wp:attachment":[{"href":"https:\/\/www.teatrulreginamaria.ro\/hu\/wp-json\/wp\/v2\/media?parent=14042"}],"wp:term":[{"taxonomy":"category","embeddable":true,"href":"https:\/\/www.teatrulreginamaria.ro\/hu\/wp-json\/wp\/v2\/categories?post=14042"},{"taxonomy":"post_tag","embeddable":true,"href":"https:\/\/www.teatrulreginamaria.ro\/hu\/wp-json\/wp\/v2\/tags?post=14042"}],"curies":[{"name":"munkaf\u00fczet","href":"https:\/\/api.w.org\/{rel}","templated":true}]}}