{"id":14078,"date":"2025-10-28T15:18:00","date_gmt":"2025-10-28T13:18:00","guid":{"rendered":"https:\/\/www.teatrulreginamaria.ro\/?p=14078"},"modified":"2025-10-29T11:28:33","modified_gmt":"2025-10-29T09:28:33","slug":"a-queen-maria-szinhaz-egy-muveszeti-pillanatot-mutat-be-a-nagykozonsegnek-maria-roman-kiralyne-szuletesenek-150-evforduloja-alkalmabol","status":"publish","type":"post","link":"https:\/\/www.teatrulreginamaria.ro\/hu\/teatrul-regina-maria-aduce-in-fata-publicului-un-moment-artistic-dedicat-implinirii-a-150-de-ani-de-la-nasterea-reginei-maria-a-romaniei\/","title":{"rendered":"A Regina Maria Sz\u00ednh\u00e1z egy m\u0171v\u00e9szeti pillanatot mutat be a nagyk\u00f6z\u00f6ns\u00e9gnek M\u00e1ria rom\u00e1n kir\u00e1lyn\u00e9 sz\u00fclet\u00e9s\u00e9nek 150. \u00e9vfordul\u00f3ja alkalm\u00e1b\u00f3l."},"content":{"rendered":"<p class=\"wp-block-paragraph\">2025. okt\u00f3ber 29-\u00e9n, szerd\u00e1n, 13:00 \u00f3rai kezdettel a nagyv\u00e1radi Regina Maria Sz\u00ednh\u00e1z csatlakozik a Ferdin\u00e1nd kir\u00e1ly t\u00e9ren szervezett hivatalos esem\u00e9nyekhez, melyeket M\u00e1ria rom\u00e1n kir\u00e1lyn\u0151 \u2013 a Nagy-Rom\u00e1nia l\u00e9trehoz\u00e1s\u00e1hoz \u00e9s az orsz\u00e1g tekint\u00e9ly\u00e9nek megszil\u00e1rd\u00edt\u00e1s\u00e1hoz d\u00f6nt\u0151en hozz\u00e1j\u00e1rul\u00f3 uralkod\u00f3 \u2013 sz\u00fclet\u00e9s\u00e9nek 150. \u00e9vfordul\u00f3ja alkalm\u00e1b\u00f3l rendeznek.<\/p>\n\n\n\n<!--more-->\n\n\n\n<h3 class=\"wp-block-heading\"><strong>A Regina Maria Sz\u00ednh\u00e1z \u00e1ltal teremtett m\u0171v\u00e9szeti pillanat \u2013 13:20 \u2013 13:25<\/strong><\/h3>\n\n\n\n<p class=\"wp-block-paragraph\">Sz\u00edn\u00e9szn\u0151<strong> <\/strong>Lucia Rogoz M\u00e1ria kir\u00e1lyn\u0151 alakj\u00e1t szimbolikus megjelen\u00e9ssel mutatja be a nyilv\u00e1noss\u00e1gnak az \u00c1llami Sz\u00ednh\u00e1z \u00e9p\u00fclet\u00e9b\u0151l \u2013 egy jelent\u0151s helyr\u0151l, amely a nev\u00e9t visel\u0151 kultur\u00e1lis int\u00e9zm\u00e9nynek ad otthont. \u00dcnnep\u00e9lyes l\u00e9ptekkel a kir\u00e1lyn\u0151 \u00fcdv\u00f6zli a katonai k\u00fcl\u00f6n\u00edtm\u00e9nyt, felid\u00e9zve azt a hiteles k\u00f6zels\u00e9get, amelyet mindig is \u00e9rzett a rom\u00e1n katon\u00e1k \u00e9s az orsz\u00e1g ir\u00e1nt.<\/p>\n\n\n\n<p class=\"wp-block-paragraph\">A pillanat egy r\u00e9szlet felolvas\u00e1s\u00e1val folytat\u00f3dik a ...-b\u00f3l.<strong> <\/strong>M\u00e1ria kir\u00e1lyn\u0151 napl\u00f3ja<strong>,<\/strong> Egy m\u00e9ly \u00e9s szem\u00e9lyes sz\u00f6veg, amelyben az uralkod\u00f3 kifejezi h\u00e1l\u00e1j\u00e1t a rom\u00e1n n\u00e9p ir\u00e1nt, \u00e9s rem\u00e9ny\u00e9t, hogy Rom\u00e1nia m\u00e9lt\u00f3s\u00e1gteljes, szeretett \u00e9s er\u0151s marad. Ez egy olyan vallom\u00e1s, amely t\u00fckr\u00f6zi eg\u00e9sz l\u00e9tez\u00e9s\u00e9t, a nemzet szolg\u00e1lat\u00e1ban le\u00e9lt \u00e9let\u00e9t.<\/p>\n\n\n\n<p class=\"wp-block-paragraph\">Lucia Rogoz el\u0151ad\u00e1sa nemcsak a kir\u00e1lyn\u0151 t\u00f6rt\u00e9nelmi szerep\u00e9t emeli ki, hanem embers\u00e9g\u00e9t, \u00e9rz\u00e9kenys\u00e9g\u00e9t, b\u00e1tors\u00e1g\u00e1t \u00e9s Rom\u00e1nia ir\u00e1nti rend\u00edthetetlen szeretet\u00e9t is. Gesztusokon, hangon \u00e9s jelenl\u00e9ten kereszt\u00fcl a m\u0171v\u00e9szi pillanat visszahozza egy nagy uralkod\u00f3 szellem\u00e9t a jelenben, arra h\u00edvva a k\u00f6z\u00f6ns\u00e9get, hogy eml\u00e9kezzenek \u00f6r\u00f6ks\u00e9g\u00e9re \u00e9s tisztelegjenek el\u0151tte.<\/p>\n\n\n\n<figure class=\"wp-block-gallery has-nested-images columns-default is-cropped wp-block-gallery-1 is-layout-flex wp-block-gallery-is-layout-flex\">\n<figure class=\"wp-block-image size-large\"><img loading=\"lazy\" decoding=\"async\" width=\"900\" height=\"473\" data-id=\"14079\" src=\"https:\/\/www.teatrulreginamaria.ro\/wp-content\/uploads\/2025\/10\/regina-maria-inv-28102025.jpg\" alt=\"\" class=\"wp-image-14079\" srcset=\"https:\/\/www.teatrulreginamaria.ro\/wp-content\/uploads\/2025\/10\/regina-maria-inv-28102025.jpg 900w, https:\/\/www.teatrulreginamaria.ro\/wp-content\/uploads\/2025\/10\/regina-maria-inv-28102025-300x158.jpg 300w, https:\/\/www.teatrulreginamaria.ro\/wp-content\/uploads\/2025\/10\/regina-maria-inv-28102025-768x404.jpg 768w, https:\/\/www.teatrulreginamaria.ro\/wp-content\/uploads\/2025\/10\/regina-maria-inv-28102025-18x9.jpg 18w\" sizes=\"(max-width: 900px) 100vw, 900px\" \/><\/figure>\n<\/figure>\n\n\n\n<p class=\"wp-block-paragraph\"><strong>Az \u00fcnneps\u00e9g teljes programja:<\/strong><br>13:00 \u2013 13:02 \u2013 A tisztvisel\u0151 \u00fcdv\u00f6zl\u00e9se, tiszteletad\u00e1s \u00e9s a harci z\u00e1szl\u00f3 tisztelg\u00e9se;<br>13:02 \u2013 13:05 \u2013 A rom\u00e1n himnusz el\u00e9nekl\u00e9se\u00a0<strong>Nagyv\u00e1radi \u00c1llami Filharm\u00f3nia<\/strong>;<br>13:05 \u2013 13:20 \u2013 Az istentisztelet lebonyol\u00edt\u00e1sa;<br>13:20 \u2013 13:25 \u2013 M\u00e1ria rom\u00e1n kir\u00e1lyn\u0151 bevonul\u00e1sa a sz\u00ednpadra, a pillanatot meg\u00f6r\u00f6k\u00edtette<strong>\u00a0&quot;M\u00e1ria Kir\u00e1lyn\u0151&quot; Sz\u00ednh\u00e1z, Nagyv\u00e1rad<\/strong>;<br>13:25 \u2013 13:28 \u2013 Rom\u00e1nia kir\u00e1lyi himnusz\u00e1nak el\u00e9nekl\u00e9se\u00a0<strong>Nagyv\u00e1radi \u00c1llami Filharm\u00f3nia<\/strong>;<br>13:28 \u2013 13:50 \u2013 Besz\u00e9dek a rendezv\u00e9nnyel kapcsolatban;<br>13:50 \u2013 14:05 \u2013 M\u0171v\u00e9szeti pillanat, melyet bels\u0151 m\u0171v\u00e9szek t\u00e1mogatnak\u00a0<strong>Bihar Megyei Kultur\u00e1lis K\u00f6zpont<\/strong>:\u00a0<strong>&quot;Lioara&quot; vok\u00e1legy\u00fcttes\u201d<\/strong>\u00a0Antonela Ferche-Bu\u021biu professzor koordin\u00e1l\u00e1s\u00e1val \u00e9s\u00a0<strong>A &quot;Vetre Bihorene&quot; folkl\u00f3regy\u00fcttes\u201d<\/strong>\u00a0Dumitru CORA koreogr\u00e1fusprofesszor koordin\u00e1l\u00e1s\u00e1val;<br>14:05 \u2013 14:25 \u2013 Vir\u00e1gcsokrok elhelyez\u00e9s\u00e9nek \u00fcnneps\u00e9ge\u00a0<em>Rom\u00e1niai M\u00e1ria kir\u00e1lyn\u0151 szobra<\/em>;<br>14:25 \u2013 14:30 \u2013 A d\u00edszosztag felvonul\u00e1sa.<\/p>\n\n\n\n<p class=\"wp-block-paragraph\">A rendezv\u00e9nyt a Bihar Megyei Prefekt\u00fara kezdem\u00e9nyez\u00e9s\u00e9re szervezik, partners\u00e9gben a megye kultur\u00e1lis int\u00e9zm\u00e9nyeivel, amelyek term\u00e9szetesen csatlakoznak M\u00e1ria kir\u00e1lyn\u0151 eml\u00e9k\u00e9nek tisztelet\u00e9re ir\u00e1nyul\u00f3 er\u0151fesz\u00edt\u00e9sekhez. Hozz\u00e1j\u00e1rul\u00e1sukkal ezek az int\u00e9zm\u00e9nyek meger\u0151s\u00edtik a Bihar k\u00f6z\u00f6ss\u00e9g \u00e9s eg\u00e9sz Rom\u00e1nia identit\u00e1s\u00e1t meghat\u00e1roz\u00f3 t\u00f6rt\u00e9nelmi \u00e9s kultur\u00e1lis \u00e9rt\u00e9kek meg\u0151rz\u00e9s\u00e9nek \u00e9s \u00fcnnepl\u00e9s\u00e9nek fontoss\u00e1g\u00e1t.<\/p>\n\n\n\n<p class=\"wp-block-paragraph\"><\/p>","protected":false},"excerpt":{"rendered":"<p>2025. okt\u00f3ber 29-\u00e9n, szerd\u00e1n, 13:00 \u00f3rai kezdettel a nagyv\u00e1radi Regina Maria Sz\u00ednh\u00e1z csatlakozik a Ferdin\u00e1nd kir\u00e1ly t\u00e9ren szervezett hivatalos esem\u00e9nyekhez, melyeket M\u00e1ria rom\u00e1n kir\u00e1lyn\u0151 \u2013 a Nagy-Rom\u00e1nia l\u00e9trehoz\u00e1s\u00e1hoz \u00e9s az orsz\u00e1g tekint\u00e9ly\u00e9nek megszil\u00e1rd\u00edt\u00e1s\u00e1hoz d\u00f6nt\u0151en hozz\u00e1j\u00e1rul\u00f3 uralkod\u00f3 \u2013 sz\u00fclet\u00e9s\u00e9nek 150. \u00e9vfordul\u00f3ja alkalm\u00e1b\u00f3l rendeznek.<\/p>","protected":false},"author":8,"featured_media":14085,"comment_status":"closed","ping_status":"closed","sticky":false,"template":"","format":"standard","meta":{"_acf_changed":false,"footnotes":""},"categories":[41],"tags":[],"class_list":["post-14078","post","type-post","status-publish","format-standard","has-post-thumbnail","hentry","category-noutati"],"aioseo_notices":[],"aioseo_head":"\n\t\t<!-- All in One SEO Pro 5.0.1.1 - aioseo.com -->\n\t<meta name=\"description\" content=\"Miercuri, 29 octombrie 2025, \u00eencep\u00e2nd cu ora 13:00, Teatrul Regina Maria din Oradea se al\u0103tur\u0103 manifest\u0103rilor oficiale organizate \u00een Pia\u021ba Regelui Ferdinand pentru a marca 150 de ani de la na\u0219terea Reginei Maria a Rom\u00e2niei \u2014 suverana care a contribuit decisiv la \u00eenf\u0103ptuirea Rom\u00e2niei Mari \u0219i la consolidarea prestigiului \u021b\u0103rii \u00een lume. Moment artistic realizat\" \/>\n\t<meta name=\"robots\" content=\"max-image-preview:large\" \/>\n\t<meta name=\"author\" content=\"Ramona Neme\u0219\"\/>\n\t<link rel=\"canonical\" href=\"https:\/\/www.teatrulreginamaria.ro\/hu\/teatrul-regina-maria-aduce-in-fata-publicului-un-moment-artistic-dedicat-implinirii-a-150-de-ani-de-la-nasterea-reginei-maria-a-romaniei\/\" \/>\n\t<meta name=\"generator\" content=\"All in One SEO Pro (AIOSEO) 5.0.1.1\" \/>\n\t\t<meta property=\"og:locale\" content=\"hu_HU\" \/>\n\t\t<meta property=\"og:site_name\" content=\"Teatrul Regina Maria Oradea - Trupa Iosif Vulcan \u0219i Trupa Arcadia\" \/>\n\t\t<meta property=\"og:type\" content=\"article\" \/>\n\t\t<meta property=\"og:title\" content=\"Teatrul Regina Maria aduce \u00een fa\u021ba publicului un moment artistic dedicat \u00eemplinirii a 150 de ani de la na\u0219terea Reginei Maria a Rom\u00e2niei. - Teatrul Regina Maria Oradea\" \/>\n\t\t<meta property=\"og:description\" content=\"Miercuri, 29 octombrie 2025, \u00eencep\u00e2nd cu ora 13:00, Teatrul Regina Maria din Oradea se al\u0103tur\u0103 manifest\u0103rilor oficiale organizate \u00een Pia\u021ba Regelui Ferdinand pentru a marca 150 de ani de la na\u0219terea Reginei Maria a Rom\u00e2niei \u2014 suverana care a contribuit decisiv la \u00eenf\u0103ptuirea Rom\u00e2niei Mari \u0219i la consolidarea prestigiului \u021b\u0103rii \u00een lume. Moment artistic realizat\" \/>\n\t\t<meta property=\"og:url\" content=\"https:\/\/www.teatrulreginamaria.ro\/hu\/teatrul-regina-maria-aduce-in-fata-publicului-un-moment-artistic-dedicat-implinirii-a-150-de-ani-de-la-nasterea-reginei-maria-a-romaniei\/\" \/>\n\t\t<meta property=\"og:image\" content=\"https:\/\/www.teatrulreginamaria.ro\/wp-content\/uploads\/2025\/03\/trm-istoric-01.jpg\" \/>\n\t\t<meta property=\"og:image:secure_url\" content=\"https:\/\/www.teatrulreginamaria.ro\/wp-content\/uploads\/2025\/03\/trm-istoric-01.jpg\" \/>\n\t\t<meta property=\"og:image:width\" content=\"1200\" \/>\n\t\t<meta property=\"og:image:height\" content=\"800\" \/>\n\t\t<meta property=\"article:published_time\" content=\"2025-10-28T13:18:00+00:00\" \/>\n\t\t<meta property=\"article:modified_time\" content=\"2025-10-29T09:28:33+00:00\" \/>\n\t\t<meta property=\"article:publisher\" content=\"https:\/\/www.facebook.com\/TRMTrupaIosifVulcan\/\" \/>\n\t\t<meta name=\"twitter:card\" content=\"summary_large_image\" \/>\n\t\t<meta name=\"twitter:site\" content=\"@TRMOradea\" \/>\n\t\t<meta name=\"twitter:title\" content=\"Teatrul Regina Maria aduce \u00een fa\u021ba publicului un moment artistic dedicat \u00eemplinirii a 150 de ani de la na\u0219terea Reginei Maria a Rom\u00e2niei. - Teatrul Regina Maria Oradea\" \/>\n\t\t<meta name=\"twitter:description\" content=\"Miercuri, 29 octombrie 2025, \u00eencep\u00e2nd cu ora 13:00, Teatrul Regina Maria din Oradea se al\u0103tur\u0103 manifest\u0103rilor oficiale organizate \u00een Pia\u021ba Regelui Ferdinand pentru a marca 150 de ani de la na\u0219terea Reginei Maria a Rom\u00e2niei \u2014 suverana care a contribuit decisiv la \u00eenf\u0103ptuirea Rom\u00e2niei Mari \u0219i la consolidarea prestigiului \u021b\u0103rii \u00een lume. Moment artistic realizat\" \/>\n\t\t<meta name=\"twitter:creator\" content=\"@TRMOradea\" \/>\n\t\t<meta name=\"twitter:image\" content=\"https:\/\/www.teatrulreginamaria.ro\/wp-content\/uploads\/2025\/03\/trm-istoric-01.jpg\" \/>\n\t\t<script type=\"application\/ld+json\" class=\"aioseo-schema\">\n\t\t\t{\"@context\":\"https:\\\/\\\/schema.org\",\"@graph\":[{\"@type\":\"BlogPosting\",\"@id\":\"https:\\\/\\\/www.teatrulreginamaria.ro\\\/hu\\\/teatrul-regina-maria-aduce-in-fata-publicului-un-moment-artistic-dedicat-implinirii-a-150-de-ani-de-la-nasterea-reginei-maria-a-romaniei\\\/#blogposting\",\"name\":\"Teatrul Regina Maria aduce \\u00een fa\\u021ba publicului un moment artistic dedicat \\u00eemplinirii a 150 de ani de la na\\u0219terea Reginei Maria a Rom\\u00e2niei. - Teatrul Regina Maria Oradea\",\"headline\":\"Teatrul Regina Maria aduce \\u00een fa\\u021ba publicului un moment artistic dedicat \\u00eemplinirii a 150 de ani de la na\\u0219terea Reginei Maria a Rom\\u00e2niei.\",\"author\":{\"@id\":\"https:\\\/\\\/www.teatrulreginamaria.ro\\\/hu\\\/author\\\/ramona\\\/#author\"},\"publisher\":{\"@id\":\"https:\\\/\\\/www.teatrulreginamaria.ro\\\/hu\\\/#organization\"},\"image\":{\"@type\":\"ImageObject\",\"url\":\"https:\\\/\\\/www.teatrulreginamaria.ro\\\/wp-content\\\/uploads\\\/2025\\\/10\\\/Regina-Maria.jpg\",\"width\":1414,\"height\":2000},\"datePublished\":\"2025-10-28T15:18:00+02:00\",\"dateModified\":\"2025-10-29T11:28:33+02:00\",\"inLanguage\":\"hu-HU\",\"mainEntityOfPage\":{\"@id\":\"https:\\\/\\\/www.teatrulreginamaria.ro\\\/hu\\\/teatrul-regina-maria-aduce-in-fata-publicului-un-moment-artistic-dedicat-implinirii-a-150-de-ani-de-la-nasterea-reginei-maria-a-romaniei\\\/#webpage\"},\"isPartOf\":{\"@id\":\"https:\\\/\\\/www.teatrulreginamaria.ro\\\/hu\\\/teatrul-regina-maria-aduce-in-fata-publicului-un-moment-artistic-dedicat-implinirii-a-150-de-ani-de-la-nasterea-reginei-maria-a-romaniei\\\/#webpage\"},\"articleSection\":\"Nout\\u0103\\u021bi\"},{\"@type\":\"BreadcrumbList\",\"@id\":\"https:\\\/\\\/www.teatrulreginamaria.ro\\\/hu\\\/teatrul-regina-maria-aduce-in-fata-publicului-un-moment-artistic-dedicat-implinirii-a-150-de-ani-de-la-nasterea-reginei-maria-a-romaniei\\\/#breadcrumblist\",\"itemListElement\":[{\"@type\":\"ListItem\",\"@id\":\"https:\\\/\\\/www.teatrulreginamaria.ro\\\/hu#listItem\",\"position\":1,\"name\":\"Home\",\"item\":\"https:\\\/\\\/www.teatrulreginamaria.ro\\\/hu\",\"nextItem\":{\"@type\":\"ListItem\",\"@id\":\"https:\\\/\\\/www.teatrulreginamaria.ro\\\/hu\\\/categorie\\\/noutati\\\/#listItem\",\"name\":\"Nout\\u0103\\u021bi\"}},{\"@type\":\"ListItem\",\"@id\":\"https:\\\/\\\/www.teatrulreginamaria.ro\\\/hu\\\/categorie\\\/noutati\\\/#listItem\",\"position\":2,\"name\":\"Nout\\u0103\\u021bi\",\"item\":\"https:\\\/\\\/www.teatrulreginamaria.ro\\\/hu\\\/categorie\\\/noutati\\\/\",\"nextItem\":{\"@type\":\"ListItem\",\"@id\":\"https:\\\/\\\/www.teatrulreginamaria.ro\\\/hu\\\/teatrul-regina-maria-aduce-in-fata-publicului-un-moment-artistic-dedicat-implinirii-a-150-de-ani-de-la-nasterea-reginei-maria-a-romaniei\\\/#listItem\",\"name\":\"Teatrul Regina Maria aduce \\u00een fa\\u021ba publicului un moment artistic dedicat \\u00eemplinirii a 150 de ani de la na\\u0219terea Reginei Maria a Rom\\u00e2niei.\"},\"previousItem\":{\"@type\":\"ListItem\",\"@id\":\"https:\\\/\\\/www.teatrulreginamaria.ro\\\/hu#listItem\",\"name\":\"Home\"}},{\"@type\":\"ListItem\",\"@id\":\"https:\\\/\\\/www.teatrulreginamaria.ro\\\/hu\\\/teatrul-regina-maria-aduce-in-fata-publicului-un-moment-artistic-dedicat-implinirii-a-150-de-ani-de-la-nasterea-reginei-maria-a-romaniei\\\/#listItem\",\"position\":3,\"name\":\"Teatrul Regina Maria aduce \\u00een fa\\u021ba publicului un moment artistic dedicat \\u00eemplinirii a 150 de ani de la na\\u0219terea Reginei Maria a Rom\\u00e2niei.\",\"previousItem\":{\"@type\":\"ListItem\",\"@id\":\"https:\\\/\\\/www.teatrulreginamaria.ro\\\/hu\\\/categorie\\\/noutati\\\/#listItem\",\"name\":\"Nout\\u0103\\u021bi\"}}]},{\"@type\":\"Organization\",\"@id\":\"https:\\\/\\\/www.teatrulreginamaria.ro\\\/hu\\\/#organization\",\"name\":\"Teatrul Regina Maria Oradea\",\"description\":\"Trupa Iosif Vulcan \\u0219i Trupa Arcadia\",\"url\":\"https:\\\/\\\/www.teatrulreginamaria.ro\\\/hu\\\/\",\"email\":\"marketing@teatrulreginamaria.ro\",\"telephone\":\"+40359411534\",\"numberOfEmployees\":{\"@type\":\"QuantitativeValue\",\"minValue\":0,\"maxValue\":150},\"logo\":{\"@type\":\"ImageObject\",\"url\":\"https:\\\/\\\/www.teatrulreginamaria.ro\\\/wp-content\\\/uploads\\\/2025\\\/06\\\/logo-trm-01-dark.png\",\"@id\":\"https:\\\/\\\/www.teatrulreginamaria.ro\\\/hu\\\/teatrul-regina-maria-aduce-in-fata-publicului-un-moment-artistic-dedicat-implinirii-a-150-de-ani-de-la-nasterea-reginei-maria-a-romaniei\\\/#organizationLogo\",\"width\":300,\"height\":148},\"image\":{\"@id\":\"https:\\\/\\\/www.teatrulreginamaria.ro\\\/hu\\\/teatrul-regina-maria-aduce-in-fata-publicului-un-moment-artistic-dedicat-implinirii-a-150-de-ani-de-la-nasterea-reginei-maria-a-romaniei\\\/#organizationLogo\"},\"sameAs\":[\"https:\\\/\\\/www.facebook.com\\\/TRMTrupaIosifVulcan\\\/\",\"https:\\\/\\\/x.com\\\/TRMOradea\",\"https:\\\/\\\/www.instagram.com\\\/teatrul_regina_maria\\\/\",\"https:\\\/\\\/www.youtube.com\\\/c\\\/TeatrulReginaMariaOradea\",\"https:\\\/\\\/www.linkedin.com\\\/company\\\/teatrul-regina-maria\"]},{\"@type\":\"Person\",\"@id\":\"https:\\\/\\\/www.teatrulreginamaria.ro\\\/hu\\\/author\\\/ramona\\\/#author\",\"url\":\"https:\\\/\\\/www.teatrulreginamaria.ro\\\/hu\\\/author\\\/ramona\\\/\",\"name\":\"Ramona Neme\\u0219\",\"image\":{\"@type\":\"ImageObject\",\"@id\":\"https:\\\/\\\/www.teatrulreginamaria.ro\\\/hu\\\/teatrul-regina-maria-aduce-in-fata-publicului-un-moment-artistic-dedicat-implinirii-a-150-de-ani-de-la-nasterea-reginei-maria-a-romaniei\\\/#authorImage\",\"url\":\"https:\\\/\\\/www.teatrulreginamaria.ro\\\/wp-content\\\/uploads\\\/2025\\\/04\\\/ramona_nemes-sq-01.jpg\",\"width\":300,\"height\":300}},{\"@type\":\"WebPage\",\"@id\":\"https:\\\/\\\/www.teatrulreginamaria.ro\\\/hu\\\/teatrul-regina-maria-aduce-in-fata-publicului-un-moment-artistic-dedicat-implinirii-a-150-de-ani-de-la-nasterea-reginei-maria-a-romaniei\\\/#webpage\",\"url\":\"https:\\\/\\\/www.teatrulreginamaria.ro\\\/hu\\\/teatrul-regina-maria-aduce-in-fata-publicului-un-moment-artistic-dedicat-implinirii-a-150-de-ani-de-la-nasterea-reginei-maria-a-romaniei\\\/\",\"name\":\"Teatrul Regina Maria aduce \\u00een fa\\u021ba publicului un moment artistic dedicat \\u00eemplinirii a 150 de ani de la na\\u0219terea Reginei Maria a Rom\\u00e2niei. - Teatrul Regina Maria Oradea\",\"description\":\"Miercuri, 29 octombrie 2025, \\u00eencep\\u00e2nd cu ora 13:00, Teatrul Regina Maria din Oradea se al\\u0103tur\\u0103 manifest\\u0103rilor oficiale organizate \\u00een Pia\\u021ba Regelui Ferdinand pentru a marca 150 de ani de la na\\u0219terea Reginei Maria a Rom\\u00e2niei \\u2014 suverana care a contribuit decisiv la \\u00eenf\\u0103ptuirea Rom\\u00e2niei Mari \\u0219i la consolidarea prestigiului \\u021b\\u0103rii \\u00een lume. Moment artistic realizat\",\"inLanguage\":\"hu-HU\",\"isPartOf\":{\"@id\":\"https:\\\/\\\/www.teatrulreginamaria.ro\\\/hu\\\/#website\"},\"breadcrumb\":{\"@id\":\"https:\\\/\\\/www.teatrulreginamaria.ro\\\/hu\\\/teatrul-regina-maria-aduce-in-fata-publicului-un-moment-artistic-dedicat-implinirii-a-150-de-ani-de-la-nasterea-reginei-maria-a-romaniei\\\/#breadcrumblist\"},\"author\":{\"@id\":\"https:\\\/\\\/www.teatrulreginamaria.ro\\\/hu\\\/author\\\/ramona\\\/#author\"},\"creator\":{\"@id\":\"https:\\\/\\\/www.teatrulreginamaria.ro\\\/hu\\\/author\\\/ramona\\\/#author\"},\"image\":{\"@type\":\"ImageObject\",\"url\":\"https:\\\/\\\/www.teatrulreginamaria.ro\\\/wp-content\\\/uploads\\\/2025\\\/10\\\/Regina-Maria.jpg\",\"@id\":\"https:\\\/\\\/www.teatrulreginamaria.ro\\\/hu\\\/teatrul-regina-maria-aduce-in-fata-publicului-un-moment-artistic-dedicat-implinirii-a-150-de-ani-de-la-nasterea-reginei-maria-a-romaniei\\\/#mainImage\",\"width\":1414,\"height\":2000},\"primaryImageOfPage\":{\"@id\":\"https:\\\/\\\/www.teatrulreginamaria.ro\\\/hu\\\/teatrul-regina-maria-aduce-in-fata-publicului-un-moment-artistic-dedicat-implinirii-a-150-de-ani-de-la-nasterea-reginei-maria-a-romaniei\\\/#mainImage\"},\"datePublished\":\"2025-10-28T15:18:00+02:00\",\"dateModified\":\"2025-10-29T11:28:33+02:00\"},{\"@type\":\"WebSite\",\"@id\":\"https:\\\/\\\/www.teatrulreginamaria.ro\\\/hu\\\/#website\",\"url\":\"https:\\\/\\\/www.teatrulreginamaria.ro\\\/hu\\\/\",\"name\":\"Teatrul Regina Maria Oradea\",\"alternateName\":\"TRM Oradea\",\"description\":\"Trupa Iosif Vulcan \\u0219i Trupa Arcadia\",\"inLanguage\":\"hu-HU\",\"publisher\":{\"@id\":\"https:\\\/\\\/www.teatrulreginamaria.ro\\\/hu\\\/#organization\"}}]}\n\t\t<\/script>\n\t\t<!-- All in One SEO Pro -->\r\n\t\t<title>Teatrul Regina Maria aduce \u00een fa\u021ba publicului un moment artistic dedicat \u00eemplinirii a 150 de ani de la na\u0219terea Reginei Maria a Rom\u00e2niei. - Teatrul Regina Maria Oradea<\/title>\n\n","aioseo_head_json":{"title":"A Regina Maria Sz\u00ednh\u00e1z egy m\u0171v\u00e9szeti pillanatot mutat be a nagyk\u00f6z\u00f6ns\u00e9gnek, amely M\u00e1ria rom\u00e1n kir\u00e1lyn\u00e9 sz\u00fclet\u00e9s\u00e9nek 150. \u00e9vfordul\u00f3j\u00e1ra van szentelve. - Regina Maria Sz\u00ednh\u00e1z, Nagyv\u00e1rad","description":"2025. okt\u00f3ber 29-\u00e9n, szerd\u00e1n, 13:00 \u00f3rai kezdettel a nagyv\u00e1radi Regina Maria Sz\u00ednh\u00e1z csatlakozik a Ferdin\u00e1nd kir\u00e1ly t\u00e9ren szervezett hivatalos esem\u00e9nyekhez, melyeket M\u00e1ria rom\u00e1n kir\u00e1lyn\u0151 sz\u00fclet\u00e9s\u00e9nek 150. \u00e9vfordul\u00f3ja alkalm\u00e1b\u00f3l rendeznek \u2013 az uralkod\u00f3\u00e9, aki d\u00f6nt\u0151en hozz\u00e1j\u00e1rult Nagy-Rom\u00e1nia l\u00e9trehoz\u00e1s\u00e1hoz \u00e9s az orsz\u00e1g tekint\u00e9ly\u00e9nek megszil\u00e1rd\u00edt\u00e1s\u00e1hoz a vil\u00e1gban. M\u0171v\u00e9szeti pillanat val\u00f3ra v\u00e1ltva.","canonical_url":"https:\/\/www.teatrulreginamaria.ro\/hu\/teatrul-regina-maria-aduce-in-fata-publicului-un-moment-artistic-dedicat-implinirii-a-150-de-ani-de-la-nasterea-reginei-maria-a-romaniei\/","robots":"max-image-preview:large","keywords":"","webmasterTools":{"miscellaneous":""},"schema":{"@context":"https:\/\/schema.org","@graph":[{"@type":"BlogPosting","@id":"https:\/\/www.teatrulreginamaria.ro\/hu\/teatrul-regina-maria-aduce-in-fata-publicului-un-moment-artistic-dedicat-implinirii-a-150-de-ani-de-la-nasterea-reginei-maria-a-romaniei\/#blogposting","name":"Teatrul Regina Maria aduce \u00een fa\u021ba publicului un moment artistic dedicat \u00eemplinirii a 150 de ani de la na\u0219terea Reginei Maria a Rom\u00e2niei. - Teatrul Regina Maria Oradea","headline":"Teatrul Regina Maria aduce \u00een fa\u021ba publicului un moment artistic dedicat \u00eemplinirii a 150 de ani de la na\u0219terea Reginei Maria a Rom\u00e2niei.","author":{"@id":"https:\/\/www.teatrulreginamaria.ro\/hu\/author\/ramona\/#author"},"publisher":{"@id":"https:\/\/www.teatrulreginamaria.ro\/hu\/#organization"},"image":{"@type":"ImageObject","url":"https:\/\/www.teatrulreginamaria.ro\/wp-content\/uploads\/2025\/10\/Regina-Maria.jpg","width":1414,"height":2000},"datePublished":"2025-10-28T15:18:00+02:00","dateModified":"2025-10-29T11:28:33+02:00","inLanguage":"hu-HU","mainEntityOfPage":{"@id":"https:\/\/www.teatrulreginamaria.ro\/hu\/teatrul-regina-maria-aduce-in-fata-publicului-un-moment-artistic-dedicat-implinirii-a-150-de-ani-de-la-nasterea-reginei-maria-a-romaniei\/#webpage"},"isPartOf":{"@id":"https:\/\/www.teatrulreginamaria.ro\/hu\/teatrul-regina-maria-aduce-in-fata-publicului-un-moment-artistic-dedicat-implinirii-a-150-de-ani-de-la-nasterea-reginei-maria-a-romaniei\/#webpage"},"articleSection":"Nout\u0103\u021bi"},{"@type":"BreadcrumbList","@id":"https:\/\/www.teatrulreginamaria.ro\/hu\/teatrul-regina-maria-aduce-in-fata-publicului-un-moment-artistic-dedicat-implinirii-a-150-de-ani-de-la-nasterea-reginei-maria-a-romaniei\/#breadcrumblist","itemListElement":[{"@type":"ListItem","@id":"https:\/\/www.teatrulreginamaria.ro\/hu#listItem","position":1,"name":"Home","item":"https:\/\/www.teatrulreginamaria.ro\/hu","nextItem":{"@type":"ListItem","@id":"https:\/\/www.teatrulreginamaria.ro\/hu\/categorie\/noutati\/#listItem","name":"Nout\u0103\u021bi"}},{"@type":"ListItem","@id":"https:\/\/www.teatrulreginamaria.ro\/hu\/categorie\/noutati\/#listItem","position":2,"name":"Nout\u0103\u021bi","item":"https:\/\/www.teatrulreginamaria.ro\/hu\/categorie\/noutati\/","nextItem":{"@type":"ListItem","@id":"https:\/\/www.teatrulreginamaria.ro\/hu\/teatrul-regina-maria-aduce-in-fata-publicului-un-moment-artistic-dedicat-implinirii-a-150-de-ani-de-la-nasterea-reginei-maria-a-romaniei\/#listItem","name":"Teatrul Regina Maria aduce \u00een fa\u021ba publicului un moment artistic dedicat \u00eemplinirii a 150 de ani de la na\u0219terea Reginei Maria a Rom\u00e2niei."},"previousItem":{"@type":"ListItem","@id":"https:\/\/www.teatrulreginamaria.ro\/hu#listItem","name":"Home"}},{"@type":"ListItem","@id":"https:\/\/www.teatrulreginamaria.ro\/hu\/teatrul-regina-maria-aduce-in-fata-publicului-un-moment-artistic-dedicat-implinirii-a-150-de-ani-de-la-nasterea-reginei-maria-a-romaniei\/#listItem","position":3,"name":"Teatrul Regina Maria aduce \u00een fa\u021ba publicului un moment artistic dedicat \u00eemplinirii a 150 de ani de la na\u0219terea Reginei Maria a Rom\u00e2niei.","previousItem":{"@type":"ListItem","@id":"https:\/\/www.teatrulreginamaria.ro\/hu\/categorie\/noutati\/#listItem","name":"Nout\u0103\u021bi"}}]},{"@type":"Organization","@id":"https:\/\/www.teatrulreginamaria.ro\/hu\/#organization","name":"Teatrul Regina Maria Oradea","description":"Trupa Iosif Vulcan \u0219i Trupa Arcadia","url":"https:\/\/www.teatrulreginamaria.ro\/hu\/","email":"marketing@teatrulreginamaria.ro","telephone":"+40359411534","numberOfEmployees":{"@type":"QuantitativeValue","minValue":0,"maxValue":150},"logo":{"@type":"ImageObject","url":"https:\/\/www.teatrulreginamaria.ro\/wp-content\/uploads\/2025\/06\/logo-trm-01-dark.png","@id":"https:\/\/www.teatrulreginamaria.ro\/hu\/teatrul-regina-maria-aduce-in-fata-publicului-un-moment-artistic-dedicat-implinirii-a-150-de-ani-de-la-nasterea-reginei-maria-a-romaniei\/#organizationLogo","width":300,"height":148},"image":{"@id":"https:\/\/www.teatrulreginamaria.ro\/hu\/teatrul-regina-maria-aduce-in-fata-publicului-un-moment-artistic-dedicat-implinirii-a-150-de-ani-de-la-nasterea-reginei-maria-a-romaniei\/#organizationLogo"},"sameAs":["https:\/\/www.facebook.com\/TRMTrupaIosifVulcan\/","https:\/\/x.com\/TRMOradea","https:\/\/www.instagram.com\/teatrul_regina_maria\/","https:\/\/www.youtube.com\/c\/TeatrulReginaMariaOradea","https:\/\/www.linkedin.com\/company\/teatrul-regina-maria"]},{"@type":"Person","@id":"https:\/\/www.teatrulreginamaria.ro\/hu\/author\/ramona\/#author","url":"https:\/\/www.teatrulreginamaria.ro\/hu\/author\/ramona\/","name":"Ramona Neme\u0219","image":{"@type":"ImageObject","@id":"https:\/\/www.teatrulreginamaria.ro\/hu\/teatrul-regina-maria-aduce-in-fata-publicului-un-moment-artistic-dedicat-implinirii-a-150-de-ani-de-la-nasterea-reginei-maria-a-romaniei\/#authorImage","url":"https:\/\/www.teatrulreginamaria.ro\/wp-content\/uploads\/2025\/04\/ramona_nemes-sq-01.jpg","width":300,"height":300}},{"@type":"WebPage","@id":"https:\/\/www.teatrulreginamaria.ro\/hu\/teatrul-regina-maria-aduce-in-fata-publicului-un-moment-artistic-dedicat-implinirii-a-150-de-ani-de-la-nasterea-reginei-maria-a-romaniei\/#webpage","url":"https:\/\/www.teatrulreginamaria.ro\/hu\/teatrul-regina-maria-aduce-in-fata-publicului-un-moment-artistic-dedicat-implinirii-a-150-de-ani-de-la-nasterea-reginei-maria-a-romaniei\/","name":"Teatrul Regina Maria aduce \u00een fa\u021ba publicului un moment artistic dedicat \u00eemplinirii a 150 de ani de la na\u0219terea Reginei Maria a Rom\u00e2niei. - Teatrul Regina Maria Oradea","description":"Miercuri, 29 octombrie 2025, \u00eencep\u00e2nd cu ora 13:00, Teatrul Regina Maria din Oradea se al\u0103tur\u0103 manifest\u0103rilor oficiale organizate \u00een Pia\u021ba Regelui Ferdinand pentru a marca 150 de ani de la na\u0219terea Reginei Maria a Rom\u00e2niei \u2014 suverana care a contribuit decisiv la \u00eenf\u0103ptuirea Rom\u00e2niei Mari \u0219i la consolidarea prestigiului \u021b\u0103rii \u00een lume. Moment artistic realizat","inLanguage":"hu-HU","isPartOf":{"@id":"https:\/\/www.teatrulreginamaria.ro\/hu\/#website"},"breadcrumb":{"@id":"https:\/\/www.teatrulreginamaria.ro\/hu\/teatrul-regina-maria-aduce-in-fata-publicului-un-moment-artistic-dedicat-implinirii-a-150-de-ani-de-la-nasterea-reginei-maria-a-romaniei\/#breadcrumblist"},"author":{"@id":"https:\/\/www.teatrulreginamaria.ro\/hu\/author\/ramona\/#author"},"creator":{"@id":"https:\/\/www.teatrulreginamaria.ro\/hu\/author\/ramona\/#author"},"image":{"@type":"ImageObject","url":"https:\/\/www.teatrulreginamaria.ro\/wp-content\/uploads\/2025\/10\/Regina-Maria.jpg","@id":"https:\/\/www.teatrulreginamaria.ro\/hu\/teatrul-regina-maria-aduce-in-fata-publicului-un-moment-artistic-dedicat-implinirii-a-150-de-ani-de-la-nasterea-reginei-maria-a-romaniei\/#mainImage","width":1414,"height":2000},"primaryImageOfPage":{"@id":"https:\/\/www.teatrulreginamaria.ro\/hu\/teatrul-regina-maria-aduce-in-fata-publicului-un-moment-artistic-dedicat-implinirii-a-150-de-ani-de-la-nasterea-reginei-maria-a-romaniei\/#mainImage"},"datePublished":"2025-10-28T15:18:00+02:00","dateModified":"2025-10-29T11:28:33+02:00"},{"@type":"WebSite","@id":"https:\/\/www.teatrulreginamaria.ro\/hu\/#website","url":"https:\/\/www.teatrulreginamaria.ro\/hu\/","name":"Teatrul Regina Maria Oradea","alternateName":"TRM Oradea","description":"Trupa Iosif Vulcan \u0219i Trupa Arcadia","inLanguage":"hu-HU","publisher":{"@id":"https:\/\/www.teatrulreginamaria.ro\/hu\/#organization"}}]},"og:locale":"hu_HU","og:site_name":"Teatrul Regina Maria Oradea - Trupa Iosif Vulcan \u0219i Trupa Arcadia","og:type":"article","og:title":"Teatrul Regina Maria aduce \u00een fa\u021ba publicului un moment artistic dedicat \u00eemplinirii a 150 de ani de la na\u0219terea Reginei Maria a Rom\u00e2niei. - Teatrul Regina Maria Oradea","og:description":"Miercuri, 29 octombrie 2025, \u00eencep\u00e2nd cu ora 13:00, Teatrul Regina Maria din Oradea se al\u0103tur\u0103 manifest\u0103rilor oficiale organizate \u00een Pia\u021ba Regelui Ferdinand pentru a marca 150 de ani de la na\u0219terea Reginei Maria a Rom\u00e2niei \u2014 suverana care a contribuit decisiv la \u00eenf\u0103ptuirea Rom\u00e2niei Mari \u0219i la consolidarea prestigiului \u021b\u0103rii \u00een lume. Moment artistic realizat","og:url":"https:\/\/www.teatrulreginamaria.ro\/hu\/teatrul-regina-maria-aduce-in-fata-publicului-un-moment-artistic-dedicat-implinirii-a-150-de-ani-de-la-nasterea-reginei-maria-a-romaniei\/","og:image":"https:\/\/www.teatrulreginamaria.ro\/wp-content\/uploads\/2025\/03\/trm-istoric-01.jpg","og:image:secure_url":"https:\/\/www.teatrulreginamaria.ro\/wp-content\/uploads\/2025\/03\/trm-istoric-01.jpg","og:image:width":1200,"og:image:height":800,"article:published_time":"2025-10-28T13:18:00+00:00","article:modified_time":"2025-10-29T09:28:33+00:00","article:publisher":"https:\/\/www.facebook.com\/TRMTrupaIosifVulcan\/","twitter:card":"summary_large_image","twitter:site":"@TRMOradea","twitter:title":"Teatrul Regina Maria aduce \u00een fa\u021ba publicului un moment artistic dedicat \u00eemplinirii a 150 de ani de la na\u0219terea Reginei Maria a Rom\u00e2niei. - Teatrul Regina Maria Oradea","twitter:description":"Miercuri, 29 octombrie 2025, \u00eencep\u00e2nd cu ora 13:00, Teatrul Regina Maria din Oradea se al\u0103tur\u0103 manifest\u0103rilor oficiale organizate \u00een Pia\u021ba Regelui Ferdinand pentru a marca 150 de ani de la na\u0219terea Reginei Maria a Rom\u00e2niei \u2014 suverana care a contribuit decisiv la \u00eenf\u0103ptuirea Rom\u00e2niei Mari \u0219i la consolidarea prestigiului \u021b\u0103rii \u00een lume. Moment artistic realizat","twitter:creator":"@TRMOradea","twitter:image":"https:\/\/www.teatrulreginamaria.ro\/wp-content\/uploads\/2025\/03\/trm-istoric-01.jpg"},"aioseo_meta_data":{"post_id":"14078","title":null,"description":null,"keywords":null,"keyphrases":{"focus":[],"additional":[]},"primary_term":null,"canonical_url":null,"og_title":null,"og_description":null,"og_object_type":"default","og_image_type":"default","og_image_url":null,"og_image_width":null,"og_image_height":null,"og_image_custom_url":null,"og_image_custom_fields":null,"og_video":"","og_custom_url":null,"og_article_section":null,"og_article_tags":null,"twitter_use_og":false,"twitter_card":"default","twitter_image_type":"default","twitter_image_url":null,"twitter_image_custom_url":null,"twitter_image_custom_fields":null,"twitter_title":null,"twitter_description":null,"schema":{"blockGraphs":[],"customGraphs":[],"default":{"data":{"Article":[],"Course":[],"Dataset":[],"FAQPage":[],"Movie":[],"Person":[],"Product":[],"ProductReview":[],"Car":[],"Recipe":[],"Service":[],"SoftwareApplication":[],"WebPage":[]},"graphName":"BlogPosting","isEnabled":true},"graphs":[]},"schema_type":"default","schema_type_options":null,"pillar_content":false,"robots_default":true,"robots_noindex":false,"robots_noarchive":false,"robots_nosnippet":false,"robots_nofollow":false,"robots_noimageindex":false,"robots_noodp":false,"robots_notranslate":false,"robots_max_snippet":"-1","robots_max_videopreview":"-1","robots_max_imagepreview":"large","priority":null,"frequency":"default","local_seo":null,"seo_analyzer_scan_date":"2026-05-13 03:51:23","breadcrumb_settings":null,"limit_modified_date":false,"reviewed_by":"0","open_ai":null,"ai":{"faqs":[],"keyPoints":[],"titles":[],"descriptions":[],"socialPosts":{"email":[],"linkedin":[],"twitter":[],"facebook":[],"instagram":[]}},"created":"2025-10-29 08:18:18","updated":"2026-08-14 23:14:17","focus_keyword":null,"additional_keywords":null,"truseo_locale":null},"aioseo_breadcrumb":"<div class=\"aioseo-breadcrumbs\"><span class=\"aioseo-breadcrumb\">\n\t<a href=\"https:\/\/www.teatrulreginamaria.ro\/hu\" title=\"Home\">Home<\/a>\n<\/span><span class=\"aioseo-breadcrumb-separator\">&raquo;<\/span><span class=\"aioseo-breadcrumb\">\n\t<a href=\"https:\/\/www.teatrulreginamaria.ro\/hu\/categorie\/noutati\/\" title=\"Nout\u0103\u021bi\">Nout\u0103\u021bi<\/a>\n<\/span><span class=\"aioseo-breadcrumb-separator\">&raquo;<\/span><span class=\"aioseo-breadcrumb\">\n\tTeatrul Regina Maria aduce \u00een fa\u021ba publicului un moment artistic dedicat \u00eemplinirii a 150 de ani de la na\u0219terea Reginei Maria a Rom\u00e2niei.\n<\/span><\/div>","aioseo_breadcrumb_json":[{"label":"Home","link":"https:\/\/www.teatrulreginamaria.ro\/hu"},{"label":"Nout\u0103\u021bi","link":"https:\/\/www.teatrulreginamaria.ro\/hu\/categorie\/noutati\/"},{"label":"Teatrul Regina Maria aduce \u00een fa\u021ba publicului un moment artistic dedicat \u00eemplinirii a 150 de ani de la na\u0219terea Reginei Maria a Rom\u00e2niei.","link":"https:\/\/www.teatrulreginamaria.ro\/hu\/teatrul-regina-maria-aduce-in-fata-publicului-un-moment-artistic-dedicat-implinirii-a-150-de-ani-de-la-nasterea-reginei-maria-a-romaniei\/"}],"acf":[],"_links":{"self":[{"href":"https:\/\/www.teatrulreginamaria.ro\/hu\/wp-json\/wp\/v2\/posts\/14078","targetHints":{"allow":["GET"]}}],"collection":[{"href":"https:\/\/www.teatrulreginamaria.ro\/hu\/wp-json\/wp\/v2\/posts"}],"about":[{"href":"https:\/\/www.teatrulreginamaria.ro\/hu\/wp-json\/wp\/v2\/types\/post"}],"author":[{"embeddable":true,"href":"https:\/\/www.teatrulreginamaria.ro\/hu\/wp-json\/wp\/v2\/users\/8"}],"replies":[{"embeddable":true,"href":"https:\/\/www.teatrulreginamaria.ro\/hu\/wp-json\/wp\/v2\/comments?post=14078"}],"version-history":[{"count":3,"href":"https:\/\/www.teatrulreginamaria.ro\/hu\/wp-json\/wp\/v2\/posts\/14078\/revisions"}],"predecessor-version":[{"id":14086,"href":"https:\/\/www.teatrulreginamaria.ro\/hu\/wp-json\/wp\/v2\/posts\/14078\/revisions\/14086"}],"wp:featuredmedia":[{"embeddable":true,"href":"https:\/\/www.teatrulreginamaria.ro\/hu\/wp-json\/wp\/v2\/media\/14085"}],"wp:attachment":[{"href":"https:\/\/www.teatrulreginamaria.ro\/hu\/wp-json\/wp\/v2\/media?parent=14078"}],"wp:term":[{"taxonomy":"category","embeddable":true,"href":"https:\/\/www.teatrulreginamaria.ro\/hu\/wp-json\/wp\/v2\/categories?post=14078"},{"taxonomy":"post_tag","embeddable":true,"href":"https:\/\/www.teatrulreginamaria.ro\/hu\/wp-json\/wp\/v2\/tags?post=14078"}],"curies":[{"name":"munkaf\u00fczet","href":"https:\/\/api.w.org\/{rel}","templated":true}]}}