{"id":14092,"date":"2025-10-07T15:00:00","date_gmt":"2025-10-07T12:00:00","guid":{"rendered":"https:\/\/www.teatrulreginamaria.ro\/?p=14092"},"modified":"2026-06-03T12:46:22","modified_gmt":"2026-06-03T09:46:22","slug":"egy-tortenet-a-szerelemrol-es-az-eletrol-rozsak-illataval-es-az-ujra-felfedezett-gyermekkor-izevel","status":"publish","type":"post","link":"https:\/\/www.teatrulreginamaria.ro\/hu\/poveste-de-iubire-si-viata-cu-parfum-de-trandafiri-si-gust-de-copilarie-regasita\/","title":{"rendered":"Egy t\u00f6rt\u00e9net a szerelemr\u0151l \u00e9s az \u00e9letr\u0151l, a r\u00f3zs\u00e1k illat\u00e1val \u00e9s az \u00fajra felfedezett gyermekkor \u00edz\u00e9vel"},"content":{"rendered":"<p class=\"wp-block-paragraph\">A sz\u00f6veg innen sz\u00e1rmazik <a href=\"https:\/\/www.republikakritica.ro\/din-teatru-adunate\/poveste-de-iubire-si-viata-cu-parfum-de-trandafiri-si-gust-de-copilarie-regasita\" target=\"_blank\" rel=\"noopener\" title=\"\">A kritika k\u00f6zt\u00e1rsas\u00e1ga<\/a> \/ szerz\u0151: Tudor-Costin Sicomas <\/p>\n\n\n\n<p class=\"wp-block-paragraph\">Egyre t\u00f6bbet utazom az orsz\u00e1gban. \u00c9s ez gyakran vezet az \u00e1br\u00e1ndoz\u00e1s, az \u00f6r\u00f6m \u00e9s az egyszer\u0171 boldogs\u00e1g pillanataihoz. De az irigys\u00e9g pillanataihoz is (pozit\u00edv, hogy \u0151szinte legyek), mert v\u00e1rosokat fedezek fel vagy fedezek fel \u00fajra, sokkal szebb \u00e9s gazdagabb helyeket, mint a mi &quot;kedves&quot; f\u0151v\u00e1rosunk. K\u00e9t ilyen v\u00e1ros, amelyet mostan\u00e1ban \u00fajra felfedeztem, Kolozsv\u00e1r \u00e9s most Nagyv\u00e1rad. Legal\u00e1bbis az ut\u00f3bbi eset\u00e9ben igaz\u00e1n elb\u0171v\u00f6lt a k\u00f6zponti ter\u00fclet sz\u00e9ps\u00e9ge, amelyen \u00e1ts\u00e9t\u00e1ltam, \u00e9s amely gondolataimat \u00e9s lelkemet egyenesen a barokk B\u00e9csbe \u00e9s a 20. sz\u00e1zad eleji hangulatba rep\u00edtette. Az \u00e9p\u00fcletek eleganci\u00e1ja, amelyek \u00f6tv\u00f6zik azt a fesz\u00fclt st\u00edlust, amelynek neve a portug\u00e1lb\u00f3l ered, \u00e9s a szecesszi\u00f3s st\u00edlust, Nagyv\u00e1radnak egyfajta t\u00f6rt\u00e9neti hangulatot k\u00f6lcs\u00f6n\u00f6z, amely \u00f6nk\u00e9ntelen\u00fcl is mag\u00e1val ragad \u00e9s visszarep\u00edt az id\u0151ben. <\/p>\n\n\n\n<!--more-->\n\n\n\n<p class=\"wp-block-paragraph\">Nos, ehhez a fens\u00e9ges var\u00e1zslathoz hozz\u00e1ad\u00f3dik az az \u00f6r\u00f6m, hogy egy \u00e9p\u00edt\u00e9szeti szempontb\u00f3l abszol\u00fat kiv\u00e1l\u00f3 sz\u00ednh\u00e1zra bukkanhatunk, kiv\u00e9teles sz\u00edn\u00e9szi g\u00e1rd\u00e1val. Sokukat ismertem m\u00e1r \u00e9vekkel ezel\u0151ttr\u0151l, amikor lehet\u0151s\u00e9gem volt megn\u00e9zni a m\u00e1r legend\u00e1s el\u0151ad\u00e1st...\u00a0<em>Heged\u0171s a tet\u0151n<\/em>. Az \u201eIosif Vulcan\u201d zenekar, mert err\u0151l besz\u00e9lek, t\u00f6bb gener\u00e1ci\u00f3 m\u0171v\u00e9szeib\u0151l \u00e1ll, akik mindannyian minden egyes koncertj\u00fck\u00f6n friss leveg\u0151t, k\u00fcl\u00f6nleges energi\u00e1t hoznak magukkal, amit ritk\u00e1n tal\u00e1lni egy zenekarban (vigy\u00e1zat, zenekart mondok, mint k\u00f6z\u00f6ss\u00e9get, nem sz\u00edn\u00e9szeket, mint egy\u00e9neket!!!).\u00a0<\/p>\n\n\n\n<p class=\"wp-block-paragraph\">\u00cdgy h\u00e1t, mivel egy r\u00f6vid kiruccan\u00e1son voltam a gy\u00f6ny\u00f6r\u0171 Cri\u0219 foly\u00f3 menti v\u00e1rosban, nem akartam, nem hagyhattam ki a tal\u00e1lkoz\u00e1st ezekkel a k\u00fcl\u00f6nleges sz\u00edn\u00e9szekkel. \u00cdgy v\u00e1lasztottam Vlad B\u0103lan rendez\u00e9s\u00e9ben Andrew Bowell hihetetlen\u00fcl j\u00f3l meg\u00edrt sz\u00f6veg\u00e9t, a Lucruri pe quer le \u0219i\u0219ti cai \u0219i\u0219ti a\u0219ture-t, amelyet ma este fedeztem fel a Transilvania Hallban egy nyugtalan\u00edt\u00f3 rendez\u00e9sben. Bowell darabja els\u0151 pillant\u00e1sra tal\u00e1n nem t\u0171nik remekm\u0171nek. M\u00e9gis ritka gy\u00f6ngyszem a kort\u00e1rs dramaturgiai k\u00e9pben. Mert nem csup\u00e1n egy t\u00f6k\u00e9letlen csal\u00e1d t\u00f6rt\u00e9nete, hanem olyan emberi protot\u00edpusokat mutat be, amelyek \u00e1ltal\u00e1noss\u00e1gban \u00e9rv\u00e9nyesek t\u00e9rben \u00e9s id\u0151ben, \u00e9s ez a szempont nagyban emeli a sz\u00f6veg sz\u00ednvonal\u00e1t, amely m\u00e1s \u00edr\u00e1si k\u00f6r\u00fclm\u00e9nyek k\u00f6z\u00f6tt banalit\u00e1sba csaphatott volna. Andrew Bowell azonban tudja, hogyan kell kihaszn\u00e1lni ezeknek a karaktereknek az \u00f6sszes dr\u00e1mai helyzet\u00e9t \u2013 pszichol\u00f3giai szempontb\u00f3l is filigr\u00e1n m\u00f3don megalkotva \u2013, mindent egy elavult csal\u00e1di dr\u00e1m\u00e1n t\u00falra vinve. A sz\u00f6vegb\u0151l \u00e1rad\u00f3 teljes atmoszf\u00e9ra, a sz\u00f6veg fel\u00e9p\u00edt\u00e9s\u00e9nek st\u00edlusa \u2013 a vallom\u00e1sos monol\u00f3gok v\u00e1ltakoznak teljes visszaeml\u00e9kez\u00e9sekkel \u2013 inspir\u00e1lt Csehov, Eugene O&#039;Neill \u00e9s Arthur Miller nagyszer\u0171 tal\u00e1lkoz\u00e1s\u00e1ra. A sz\u00fcl\u0151k k\u00f6z\u00f6tti fesz\u00fclts\u00e9gek az \u00d6sszes fiamra, s\u0151t az Egy \u00fcgyn\u00f6k hal\u00e1l\u00e1ra is eml\u00e9keztetnek, a szerepl\u0151k kiss\u00e9 enged\u00e9keny hozz\u00e1\u00e1ll\u00e1sa helyenk\u00e9nt finoman utal Csehov gyenges\u00e9geire, a tragikomikus karakter pedig O&#039;Neill nagyszer\u0171 sz\u00f6vegeinek hat\u00e1sa alatt \u00e1ll. Nem \u00fagy kell ezt \u00e9rteni, mintha st\u00edlusm\u00e1sol\u00e1sr\u00f3l besz\u00e9ln\u00e9nk. Egy\u00e1ltal\u00e1n nem! Andrew Bowell megteremtette a saj\u00e1t dr\u00e1mai st\u00edlus\u00e1t, a fent eml\u00edtettekt\u0151l k\u00f6lcs\u00f6n\u00f6zve elemeket.<\/p>\n\n\n\n<p class=\"wp-block-paragraph\">\u00c9s amit Vlad B\u0103lan ebb\u0151l a sz\u00f6vegb\u0151l alkotott, az nem kevesebb, mint egy filigr\u00e1n sz\u00ednh\u00e1zi miniat\u0171r remekm\u0171, a m\u0171v\u00e9szi tisztas\u00e1g, az interpret\u00e1ci\u00f3 tisztas\u00e1g\u00e1nak bemutat\u00f3ja, egy olyan rendez\u00e9s, amelyben a rendez\u00e9s l\u00e1that\u00f3, \u00e9s ennek ellen\u00e9re maga a rendez\u0151 is h\u00e1tral\u00e9p, hogy kiemelje az egyes sz\u00edn\u00e9szeket, mik\u00f6zben kiv\u00e1l\u00f3an hangs\u00falyozza mind a karaktereket mint egy\u00e9neket, mind a k\u00f6z\u00f6tt\u00fck l\u00e9v\u0151 nagyon \u00f6sszetett, bonyolult kapcsolatokat. \u00dagy v\u00e9lem tov\u00e1bb\u00e1, hogy ennek az el\u0151ad\u00e1snak a legfontosabb aspektusa az egys\u00e9g, a csapat, egy olyan csoport \u00e9rz\u00e9se, amely egyszerre h\u00faz\u00f3dik ugyanazon c\u00e9l fel\u00e9, egy olyan aspektus, amelyet eg\u00e9szen a k\u00f6zelm\u00faltig nem sokat l\u00e1ttam a bukaresti sz\u00ednh\u00e1zban, de \u00fagy \u00e9rzem, hogy az orsz\u00e1g m\u00e1s v\u00e1rosainak sz\u00ednh\u00e1zaiban m\u00e1r r\u00e9g\u00f3ta l\u00e9tezik. Azt hiszem, ez az egyik oka annak, hogy el\u00e9g neh\u00e9z sz\u00e1momra az egyes sz\u00edn\u00e9szeket k\u00fcl\u00f6n-k\u00fcl\u00f6n elemezni, mert er\u0151s \u00f6sszk\u00e9pet alkotnak err\u0151l az ausztr\u00e1l csal\u00e1dr\u00f3l, amely nem t\u00f6k\u00e9letlenebb, mint b\u00e1rmely m\u00e1s csal\u00e1d a vil\u00e1g b\u00e1rmely m\u00e1s szeglet\u00e9ben.<\/p>\n\n\n\n<p class=\"wp-block-paragraph\">Azonban minden m\u0171v\u00e9sz n\u00e9h\u00e1ny jellemz\u0151j\u00e9t ki kell emelnem. \u00cdgy \u00f6r\u00f6mmel l\u00e1ttam \u00fajra Richard Balintot, egyike volt azoknak a sz\u00edn\u00e9szeknek, akiknek hatalmas \u00e9rtelmez\u00e9si palett\u00e1juk \u00e9s alkalmazkod\u00f3k\u00e9pess\u00e9g\u00fck van, r\u00e1ad\u00e1sul egy olyan tipol\u00f3gi\u00e1ban fedeztem fel \u0151t, amelyben kor\u00e1bban m\u00e9g nem volt szerencs\u00e9m l\u00e1tni. A csal\u00e1dapa, Bob Price arca az \u0151 v\u00e1ltozat\u00e1ban r\u00e9szben belet\u00f6r\u0151d\u0151nek, r\u00e9szben m\u00e9g mindig forrong\u00f3nak t\u0171nik feles\u00e9ge ir\u00e1nti szeretett\u0151l, drasztikusnak az egyik fi\u00e1val (\u00e9s jogosan), de \u00e1ltal\u00e1ban gyeng\u00e9dnek \u00e9s szeret\u0151nek az eg\u00e9sz csal\u00e1ddal. \u00c1rnyalt interpret\u00e1ci\u00f3, \u00e9rzelmek crescend\u00f3ival \u00e9s decrescend\u00f3ival, mindez egy sz\u00edvszor\u00edt\u00f3 v\u00e9gs\u0151 sikolyban cs\u00facsosodva ki, amely nem hagyhat k\u00f6z\u00f6mb\u00f6sen. Corina Cernea tal\u00e1n a legnagyobb felismer\u00e9s volt sz\u00e1momra. Egy olyan kifejez\u0151er\u0151vel rendelkez\u0151 sz\u00edn\u00e9szn\u0151t fedeztem fel, akit ritk\u00e1n l\u00e1ttam, sz\u00f6rny\u0171 bels\u0151 \u00e9g\u00e9ssel, a sz\u00ednpadi reakci\u00f3k feletti k\u00fcl\u00f6nleges kontrollal. Az \u0151 Fran Price l\u00e9p\u00e9sr\u0151l l\u00e9p\u00e9sre megmutatja mag\u00e1t frusztr\u00e1lt n\u0151k\u00e9nt, boldogtalan feles\u00e9gk\u00e9nt, anyak\u00e9nt, akit gy\u00f6t\u00f6r az egyik gyermek\u00e9re \u00e1rad\u00f3 t\u00falzott szeretet \u00e9s a l\u00e1nya ir\u00e1nt tan\u00fas\u00edtott szigor\u00fas\u00e1g, akit saj\u00e1t szenved\u00e9se t\u00fck\u00f6rk\u00e9p\u00e9nek tekint. Corina Cernea nagy kifinomults\u00e1ggal k\u00e9pes sz\u00ednpadra \u00e1ll\u00edtani a szerelem \u00e9s a csal\u00f3d\u00e1s, a gyeng\u00e9ds\u00e9g \u00e9s a f\u00e9kezhetetlen harag k\u00f6z\u00f6tti ellent\u00e9teket. Egy nemesi sz\u00e1rmaz\u00e1s\u00fa sz\u00edn\u00e9szn\u0151, akit alig v\u00e1rok, hogy min\u00e9l t\u00f6bb k\u00fcl\u00f6nb\u00f6z\u0151 szerepben felfedezhessek, mert m\u00e1r most tudom, hogy lesz majd \u00f6r\u00f6m\u00f6m n\u00e9h\u00e1ny m\u00e1rka\u00e9rtelmez\u00e9sben.<\/p>\n\n\n\n<p class=\"wp-block-paragraph\">Pip, a frusztr\u00e1lt anya \u00e1ltal kik\u00f6z\u00f6s\u00edtett l\u00e1ny szerep\u00e9t Denisa Irina Vlad alak\u00edtja, aki rendk\u00edv\u00fcli kifejez\u0151k\u00e9szs\u00e9ggel b\u00edr\u00f3 sz\u00edn\u00e9szn\u0151, \u00e9s ez a tulajdons\u00e1g mind hanghordoz\u00e1s\u00e1ban, mind gesztusaiban \u00e9s arckifejez\u00e9seiben megmutatkozik. Ahogyan siker\u00fclt \u00e1tadnia Pip ellentmond\u00e1sos \u00e9rzelmeinek \u00f6rv\u00e9ny\u00e9t, amin kereszt\u00fclmegy, k\u00e9ptelen voltam levenni r\u00f3la a tekintetemet a sz\u00ednpadi jelenl\u00e9te alatt. K\u00fcl\u00f6n eml\u00edt\u00e9st \u00e9rdemel Pip \u00e9desanyj\u00e1hoz int\u00e9zett level\u00e9nek jelenete, amelyben Denisa Vlad j\u00e1t\u00e9ka annyira kontroll\u00e1lt \u00e9s kiegyens\u00falyozott, a szenved\u00e9s \u00e9s a k\u00f6nnyek visszafojtva, hogy a hat\u00e1s leny\u0171g\u00f6z\u0151 volt. Az Eugen Neag az este m\u00e1sodik felfedez\u00e9se. M\u00e9g ha a karakter \u00e9rdekes arc\u00e1t csak a v\u00e9ge fel\u00e9 vessz\u00fck is \u00e9szre, azt hiszem, ez a t\u00e9ny felkeltette az \u00e9rdekl\u0151d\u00e9semet, \u00e9s meger\u0151s\u00edtett abban, hogy egy olyan sz\u00edn\u00e9sszel van dolgunk, aki zseni\u00e1lisan \u00f6tv\u00f6zi a technik\u00e1t az \u00e9rzelmekkel. Egy \u00e1tlagos f\u00e9rfi, az anya kedvenc fi\u00faj\u00e1nak megjelen\u00e9se, de a darab els\u0151 fel\u00e9ben a karakter nem v\u00e1ltozott sokat, eleinte elgondolkodtatott, hogy vajon a szerz\u0151 feledkezett-e meg err\u0151l a karakterr\u0151l. Hogy a m\u00e1sodik r\u00e9szben bontakozzon ki a darab \u00e9s az el\u0151ad\u00e1s egyik legmegr\u00e1z\u00f3bb jelenete \u2013 az a pillanat, amikor Ben beront a sz\u00fclei h\u00e1z\u00e1ba, egy\u00e9rtelm\u0171en k\u00e1b\u00edt\u00f3szer hat\u00e1sa alatt, majd az azt k\u00f6vet\u0151 hiszt\u00e9rikus kit\u00f6r\u00e9sek. Eugen Neag pedig pontosan tudta, hogyan kell adagolni karakter\u00e9nek ezeket a pillanatait \u2013 amelyek az els\u0151 r\u00e9szben l\u00e1tsz\u00f3lag ban\u00e1lisak voltak, minden energi\u00e1j\u00e1t \u00e9s fesz\u00fclts\u00e9g\u00e9t felhalmozta, \u00e9s viharosan szabad\u00edtotta fel, de p\u00e1tosz \u00e9s t\u00falz\u00e1s n\u00e9lk\u00fcl ebben a legnagyobb amerikai dr\u00e1m\u00e1khoz m\u00e9lt\u00f3 jelenetben (l\u00e1sd itt Miller \u00e9s O&#039;Neill).<\/p>\n\n\n\n<p class=\"wp-block-paragraph\">Cosmin Petru\u021b is \u00f6r\u00f6mteli interpret\u00e1ci\u00f3t ny\u00fajtott, tal\u00e1n a csal\u00e1di k\u00e9p legh\u00e1l\u00e1tlanabb szerep\u00e9t j\u00e1tszotta: Mark, a Price csal\u00e1d legfiatalabb fia, aki vadul \u0151rl\u0151dik saj\u00e1t d\u00f6nt\u00e9sei, csal\u00e1dja csal\u00f3d\u00e1sa \u00e9s egy olyan t\u00e1rsadalom korl\u00e1tai k\u00f6z\u00f6tt, amely m\u00e9g nem volt teljesen felk\u00e9sz\u00fclve a k\u00fcl\u00f6nb\u00f6z\u0151 emberek elfogad\u00e1s\u00e1ra. Az interpret\u00e1ci\u00f3s er\u0151, a finoms\u00e1g \u00e9s a sebezhet\u0151s\u00e9g pontos adagj\u00e1nak kombin\u00e1ci\u00f3ja, mindezt j\u00f3l el\u0151adott dr\u00e1mais\u00e1ggal \u00f6tv\u00f6zve, hatalmas kifejez\u00e9si lehet\u0151s\u00e9get adott ennek a rendk\u00edv\u00fcl karizmatikus \u00e9s elb\u0171v\u00f6l\u0151 fiatal sz\u00edn\u00e9sznek. V\u00e9g\u00fcl, de nem utols\u00f3sorban Giorgiana Coman volt a harmadik felismer\u00e9s az \u00e9n szemsz\u00f6gemb\u0151l. A legfiatalabb, Rosie, aki v\u00e9letlen\u00fcl jelenik meg a csal\u00e1di \u00e9letben, nev\u00e9t apja r\u00f3zs\u00e1k ir\u00e1nti nagy szenved\u00e9ly\u00e9r\u0151l kapta (ez a tulajdons\u00e1g hangs\u00falyozza Rosie fontoss\u00e1g\u00e1t Bob sz\u00e1m\u00e1ra), a visszafogott bels\u0151 er\u0151, a naiv gyermekkor, a Peter Pan-szer\u0171 v\u00e1gy, hogy ne n\u0151j\u00f6n fel, de az el\u0151rel\u00e9p\u00e9shez sz\u00fcks\u00e9ges er\u0151 kever\u00e9ke is. \u00c9s Giorgiana Coman olyan j\u00f3l fejezte ki karakter\u00e9nek mindezeket a t\u00f6bb\u00e9-kev\u00e9sb\u00e9 l\u00e1that\u00f3 bels\u0151 r\u00e9tegeit. Els\u0151 megjelen\u00e9s\u00e9t\u0151l \u00e9s a bevezet\u0151 monol\u00f3gt\u00f3l kezdve tudta, hogyan \u00f6tv\u00f6zze egyenl\u0151 \u00e9s megfelel\u0151 m\u00e9rt\u00e9kben a serd\u00fcl\u0151kor v\u00e9gi l\u00e1ny \u0151szintes\u00e9g\u00e9t az \u00e9let nagy, \u00e9rett kalandj\u00e1ba val\u00f3 bel\u00e9p\u00e9ssel szembeni f\u00e9lelemmel, hogy k\u00e9s\u0151bb l\u00e9p\u00e9sr\u0151l l\u00e9p\u00e9sre felfedezhess\u00fck a l\u00e1ny nemes, m\u00e9gis f\u00fcggetlen jellem\u00e9t.<\/p>\n\n\n\n<p class=\"wp-block-paragraph\">Term\u00e9szetesen ez a r\u00e9szletes \u00e9s \u00e1tfog\u00f3 k\u00e9p nem j\u00f6hetett volna l\u00e9tre a teljes t\u00f6rt\u00e9net j\u00f3l k\u00f6r\u00fclhat\u00e1rolhat\u00f3 t\u00e9rbe helyez\u00e9se n\u00e9lk\u00fcl. \u00c9s azt hiszem, nem is lehetett volna inspir\u00e1l\u00f3bb d\u00edszlet, mint amit Gabi Albu \u00edrt, aki k\u00e9pes volt felid\u00e9zni egy kis ausztr\u00e1l vid\u00e9ki v\u00e1ros k\u00fclv\u00e1ros\u00e1ban \u00e1ll\u00f3 h\u00e1z realizmus\u00e1t olyan vizu\u00e1lis metafor\u00e1kkal, mint a t\u00e9r egynegyed\u00e9t elfoglal\u00f3, magasod\u00f3 f\u0171zfa, amely nagyon diszkr\u00e9ten szimboliz\u00e1lja az esem\u00e9nyek m\u00f6g\u00f6tt rejl\u0151 szomor\u00fas\u00e1got, vagy a kulissz\u00e1k m\u00f6g\u00f6tti hatalmas r\u00f3zsakert, amelyet v\u00e9g\u00fcl egy csal\u00f3dott \u00e9s szenilis Bob fog gy\u00f6kerest\u00fcl kit\u00e9pni (\u00f3, micsoda er\u0151teljes k\u00e9pet \u00e9s micsoda \u00e9rzelmi t\u00f6ltettel tudott l\u00e9trehozni ez a jelenet, amelyt\u0151l senki sem tudta visszatartani a k\u00f6nnyeit!). A vide\u00f3diz\u00e1jnt, amelyet Vlad B\u0103lan beillesztett a Price csal\u00e1d dr\u00e1mai epiz\u00f3djainak v\u00e1ltakoz\u00f3 jeleneteibe, amelyeken kereszt\u00fcl az ember a v\u00e1lla f\u00f6l\u00f6tt visszatekint, zseni\u00e1lisan alkotta meg az Impress Media.<\/p>\n\n\n\n<p class=\"wp-block-paragraph\">De azt hiszem, a rendez\u00e9s \u00e9s a sz\u00edn\u00e9szi j\u00e1t\u00e9k ut\u00e1n a leger\u0151sebb elem a zene volt. Ritk\u00e1n l\u00e1ttam, hogy a sz\u00ednpad \u00e9s a hallhat\u00f3 hangulat ilyen j\u00f3l \u00f6tv\u00f6z\u0151dj\u00f6n egy sz\u00ednh\u00e1zban. A nagyv\u00e1radi sz\u00ednh\u00e1z el\u0151ad\u00e1s\u00e1ban pedig ez a szempont b\u0151ven teljes\u00fclt a Cristina Juncu \u00e1ltal diszkr\u00e9ten bevezetett \u00e9s kompon\u00e1lt finom, \u00e9rz\u00e9keny, de rendk\u00edv\u00fcl megind\u00edt\u00f3 dallamnak k\u00f6sz\u00f6nhet\u0151en. Kev\u00e9s sz\u00ednh\u00e1zi zeneszerz\u0151 van, akinek olyan j\u00f3l siker\u00fcl a sz\u00f6veg hangulat\u00e1t a partit\u00far\u00e1ban megragadnia, mint neki. \u00c9s az a t\u00e9ny, hogy \u0151 maga is sz\u00edn\u00e9szn\u0151, lehet\u0151v\u00e9 teszi sz\u00e1m\u00e1ra, hogy olyan sz\u00ednh\u00e1zi zen\u00e9t kompon\u00e1ljon, amely ennyire j\u00f3l \u00f6sszefon\u00f3dik mind a darabbal, mind a sz\u00ednpadi cselekm\u00e9ny alakul\u00e1s\u00e1val az el\u0151ad\u00e1sban.<\/p>\n\n\n\n<p class=\"wp-block-paragraph\">A \u201eT\u00e9nyek, amiket ismerek\u201d c\u00edm\u0171 darab teh\u00e1t a nagyv\u00e1radi \u201eRegina Maria\u201d Sz\u00ednh\u00e1z \u201eIosif Vulcan\u201d t\u00e1rsulat\u00e1nak \u00fajabb, teljes \u00e9s t\u00f6k\u00e9letes m\u0171v\u00e9szi diadal\u00e1t mutatja be. Egy bens\u0151s\u00e9ges, \u00f6nelemz\u0151 el\u0151ad\u00e1s, medit\u00e1ci\u00f3 a csal\u00e1di \u00e9letr\u0151l, a n\u00e9ha meghozand\u00f3 d\u00f6nt\u00e9seinkr\u0151l, valamint arr\u00f3l, ahogyan szeret\u00fcnk \u00e9s kifejezz\u00fck a szeretet\u00fcnket. P\u00e9lda\u00e9rt\u00e9k\u0171 rendez\u0151i megk\u00f6zel\u00edt\u00e9s egy k\u00fcl\u00f6nleges fiatal sz\u00edn\u00e9szt\u0151l, Vlad B\u0103lant\u00f3l, aki bebizony\u00edtja, hogy minden sz\u00fcks\u00e9ges adattal rendelkezik ahhoz, hogy nagyon j\u00f3 rendez\u0151k\u00e9nt \u00e9rv\u00e9nyes\u00edtse mag\u00e1t. \u00c9s ez ut\u00f3bbi kijelent\u00e9s arra k\u00e9sztet, hogy hozz\u00e1tegyem, hogy n\u00e9ha (ahogy a minap egy nagyon j\u00f3 bar\u00e1tommal besz\u00e9lgettem) mind az \u00faj rendez\u0151gener\u00e1ci\u00f3, mind a sz\u00edn\u00e9szi p\u00e1ly\u00e1r\u00f3l \u00e9rkez\u0151k el\u0151ad\u00e1sai er\u0151sebbek, \u00e9rv\u00e9nyesebbek \u00e9s jobban k\u00f6t\u0151dnek napjaink mindennapi \u00e9s m\u0171v\u00e9szi energi\u00e1j\u00e1hoz.<\/p>","protected":false},"excerpt":{"rendered":"<p>Text preluat de pe Republika Kritica \/ autor: Tudor-Costin Sicoma\u0219 \u00cencep din ce \u00een ce mai mult s\u0103 c\u0103l\u0103toresc prin \u021bar\u0103. \u0218i acest lucru duce deseori la momente de reverie, de bucurie, de fericire pur \u0219i simplu. Dar \u0219i la momente de invidie (pozitiv\u0103, ce-i drept), pentru c\u0103 descop\u0103r sau redescop\u0103r ora\u0219e, locuri cu mult [&hellip;]<\/p>\n","protected":false},"author":1,"featured_media":13706,"comment_status":"closed","ping_status":"closed","sticky":false,"template":"","format":"standard","meta":{"_acf_changed":false,"footnotes":""},"categories":[213],"tags":[],"class_list":["post-14092","post","type-post","status-publish","format-standard","has-post-thumbnail","hentry","category-aparitii-media"],"aioseo_notices":[],"aioseo_head":"\n\t\t<!-- All in One SEO Pro 5.0.1.1 - aioseo.com -->\n\t<meta name=\"description\" content=\"Text preluat de pe Republika Kritica \/ autor: Tudor-Costin Sicoma\u0219 \u00cencep din ce \u00een ce mai mult s\u0103 c\u0103l\u0103toresc prin \u021bar\u0103. \u0218i acest lucru duce deseori la momente de reverie, de bucurie, de fericire pur \u0219i simplu. Dar \u0219i la momente de invidie (pozitiv\u0103, ce-i drept), pentru c\u0103 descop\u0103r sau redescop\u0103r ora\u0219e, locuri cu mult\" \/>\n\t<meta name=\"robots\" content=\"max-image-preview:large\" \/>\n\t<meta name=\"author\" content=\"Teatrul Regina Maria\"\/>\n\t<link rel=\"canonical\" href=\"https:\/\/www.teatrulreginamaria.ro\/hu\/poveste-de-iubire-si-viata-cu-parfum-de-trandafiri-si-gust-de-copilarie-regasita\/\" \/>\n\t<meta name=\"generator\" content=\"All in One SEO Pro (AIOSEO) 5.0.1.1\" \/>\n\t\t<meta property=\"og:locale\" content=\"hu_HU\" \/>\n\t\t<meta property=\"og:site_name\" content=\"Teatrul Regina Maria Oradea - Trupa Iosif Vulcan \u0219i Trupa Arcadia\" \/>\n\t\t<meta property=\"og:type\" content=\"article\" \/>\n\t\t<meta property=\"og:title\" content=\"Poveste de iubire \u0219i via\u021b\u0103 cu parfum de trandafiri \u0219i gust de copil\u0103rie reg\u0103sit\u0103 - Teatrul Regina Maria Oradea\" \/>\n\t\t<meta property=\"og:description\" content=\"Text preluat de pe Republika Kritica \/ autor: Tudor-Costin Sicoma\u0219 \u00cencep din ce \u00een ce mai mult s\u0103 c\u0103l\u0103toresc prin \u021bar\u0103. \u0218i acest lucru duce deseori la momente de reverie, de bucurie, de fericire pur \u0219i simplu. Dar \u0219i la momente de invidie (pozitiv\u0103, ce-i drept), pentru c\u0103 descop\u0103r sau redescop\u0103r ora\u0219e, locuri cu mult\" \/>\n\t\t<meta property=\"og:url\" content=\"https:\/\/www.teatrulreginamaria.ro\/hu\/poveste-de-iubire-si-viata-cu-parfum-de-trandafiri-si-gust-de-copilarie-regasita\/\" \/>\n\t\t<meta property=\"og:image\" content=\"https:\/\/www.teatrulreginamaria.ro\/wp-content\/uploads\/2025\/03\/trm-istoric-01.jpg\" \/>\n\t\t<meta property=\"og:image:secure_url\" content=\"https:\/\/www.teatrulreginamaria.ro\/wp-content\/uploads\/2025\/03\/trm-istoric-01.jpg\" \/>\n\t\t<meta property=\"og:image:width\" content=\"1200\" \/>\n\t\t<meta property=\"og:image:height\" content=\"800\" \/>\n\t\t<meta property=\"article:published_time\" content=\"2025-10-07T12:00:00+00:00\" \/>\n\t\t<meta property=\"article:modified_time\" content=\"2026-06-03T09:46:22+00:00\" \/>\n\t\t<meta property=\"article:publisher\" content=\"https:\/\/www.facebook.com\/TRMTrupaIosifVulcan\/\" \/>\n\t\t<meta name=\"twitter:card\" content=\"summary_large_image\" \/>\n\t\t<meta name=\"twitter:site\" content=\"@TRMOradea\" \/>\n\t\t<meta name=\"twitter:title\" content=\"Poveste de iubire \u0219i via\u021b\u0103 cu parfum de trandafiri \u0219i gust de copil\u0103rie reg\u0103sit\u0103 - Teatrul Regina Maria Oradea\" \/>\n\t\t<meta name=\"twitter:description\" content=\"Text preluat de pe Republika Kritica \/ autor: Tudor-Costin Sicoma\u0219 \u00cencep din ce \u00een ce mai mult s\u0103 c\u0103l\u0103toresc prin \u021bar\u0103. \u0218i acest lucru duce deseori la momente de reverie, de bucurie, de fericire pur \u0219i simplu. Dar \u0219i la momente de invidie (pozitiv\u0103, ce-i drept), pentru c\u0103 descop\u0103r sau redescop\u0103r ora\u0219e, locuri cu mult\" \/>\n\t\t<meta name=\"twitter:creator\" content=\"@TRMOradea\" \/>\n\t\t<meta name=\"twitter:image\" content=\"https:\/\/www.teatrulreginamaria.ro\/wp-content\/uploads\/2025\/03\/trm-istoric-01.jpg\" \/>\n\t\t<script type=\"application\/ld+json\" class=\"aioseo-schema\">\n\t\t\t{\"@context\":\"https:\\\/\\\/schema.org\",\"@graph\":[{\"@type\":\"BlogPosting\",\"@id\":\"https:\\\/\\\/www.teatrulreginamaria.ro\\\/hu\\\/poveste-de-iubire-si-viata-cu-parfum-de-trandafiri-si-gust-de-copilarie-regasita\\\/#blogposting\",\"name\":\"Poveste de iubire \\u0219i via\\u021b\\u0103 cu parfum de trandafiri \\u0219i gust de copil\\u0103rie reg\\u0103sit\\u0103 - Teatrul Regina Maria Oradea\",\"headline\":\"Poveste de iubire \\u0219i via\\u021b\\u0103 cu parfum de trandafiri \\u0219i gust de copil\\u0103rie reg\\u0103sit\\u0103\",\"author\":{\"@id\":\"https:\\\/\\\/www.teatrulreginamaria.ro\\\/hu\\\/author\\\/iulianm\\\/#author\"},\"publisher\":{\"@id\":\"https:\\\/\\\/www.teatrulreginamaria.ro\\\/hu\\\/#organization\"},\"image\":{\"@type\":\"ImageObject\",\"url\":\"https:\\\/\\\/www.teatrulreginamaria.ro\\\/wp-content\\\/uploads\\\/2025\\\/08\\\/WhatsApp-Image-2025-09-15-at-091329.jpeg\",\"width\":1142,\"height\":1600},\"datePublished\":\"2025-10-07T15:00:00+03:00\",\"dateModified\":\"2026-06-03T12:46:22+03:00\",\"inLanguage\":\"hu-HU\",\"mainEntityOfPage\":{\"@id\":\"https:\\\/\\\/www.teatrulreginamaria.ro\\\/hu\\\/poveste-de-iubire-si-viata-cu-parfum-de-trandafiri-si-gust-de-copilarie-regasita\\\/#webpage\"},\"isPartOf\":{\"@id\":\"https:\\\/\\\/www.teatrulreginamaria.ro\\\/hu\\\/poveste-de-iubire-si-viata-cu-parfum-de-trandafiri-si-gust-de-copilarie-regasita\\\/#webpage\"},\"articleSection\":\"Apari\\u021bii media\"},{\"@type\":\"BreadcrumbList\",\"@id\":\"https:\\\/\\\/www.teatrulreginamaria.ro\\\/hu\\\/poveste-de-iubire-si-viata-cu-parfum-de-trandafiri-si-gust-de-copilarie-regasita\\\/#breadcrumblist\",\"itemListElement\":[{\"@type\":\"ListItem\",\"@id\":\"https:\\\/\\\/www.teatrulreginamaria.ro\\\/hu#listItem\",\"position\":1,\"name\":\"Home\",\"item\":\"https:\\\/\\\/www.teatrulreginamaria.ro\\\/hu\",\"nextItem\":{\"@type\":\"ListItem\",\"@id\":\"https:\\\/\\\/www.teatrulreginamaria.ro\\\/hu\\\/categorie\\\/aparitii-media\\\/#listItem\",\"name\":\"Apari\\u021bii media\"}},{\"@type\":\"ListItem\",\"@id\":\"https:\\\/\\\/www.teatrulreginamaria.ro\\\/hu\\\/categorie\\\/aparitii-media\\\/#listItem\",\"position\":2,\"name\":\"Apari\\u021bii media\",\"item\":\"https:\\\/\\\/www.teatrulreginamaria.ro\\\/hu\\\/categorie\\\/aparitii-media\\\/\",\"nextItem\":{\"@type\":\"ListItem\",\"@id\":\"https:\\\/\\\/www.teatrulreginamaria.ro\\\/hu\\\/poveste-de-iubire-si-viata-cu-parfum-de-trandafiri-si-gust-de-copilarie-regasita\\\/#listItem\",\"name\":\"Poveste de iubire \\u0219i via\\u021b\\u0103 cu parfum de trandafiri \\u0219i gust de copil\\u0103rie reg\\u0103sit\\u0103\"},\"previousItem\":{\"@type\":\"ListItem\",\"@id\":\"https:\\\/\\\/www.teatrulreginamaria.ro\\\/hu#listItem\",\"name\":\"Home\"}},{\"@type\":\"ListItem\",\"@id\":\"https:\\\/\\\/www.teatrulreginamaria.ro\\\/hu\\\/poveste-de-iubire-si-viata-cu-parfum-de-trandafiri-si-gust-de-copilarie-regasita\\\/#listItem\",\"position\":3,\"name\":\"Poveste de iubire \\u0219i via\\u021b\\u0103 cu parfum de trandafiri \\u0219i gust de copil\\u0103rie reg\\u0103sit\\u0103\",\"previousItem\":{\"@type\":\"ListItem\",\"@id\":\"https:\\\/\\\/www.teatrulreginamaria.ro\\\/hu\\\/categorie\\\/aparitii-media\\\/#listItem\",\"name\":\"Apari\\u021bii media\"}}]},{\"@type\":\"Organization\",\"@id\":\"https:\\\/\\\/www.teatrulreginamaria.ro\\\/hu\\\/#organization\",\"name\":\"Teatrul Regina Maria Oradea\",\"description\":\"Trupa Iosif Vulcan \\u0219i Trupa Arcadia\",\"url\":\"https:\\\/\\\/www.teatrulreginamaria.ro\\\/hu\\\/\",\"email\":\"marketing@teatrulreginamaria.ro\",\"telephone\":\"+40359411534\",\"numberOfEmployees\":{\"@type\":\"QuantitativeValue\",\"minValue\":0,\"maxValue\":150},\"logo\":{\"@type\":\"ImageObject\",\"url\":\"https:\\\/\\\/www.teatrulreginamaria.ro\\\/wp-content\\\/uploads\\\/2025\\\/06\\\/logo-trm-01-dark.png\",\"@id\":\"https:\\\/\\\/www.teatrulreginamaria.ro\\\/hu\\\/poveste-de-iubire-si-viata-cu-parfum-de-trandafiri-si-gust-de-copilarie-regasita\\\/#organizationLogo\",\"width\":300,\"height\":148},\"image\":{\"@id\":\"https:\\\/\\\/www.teatrulreginamaria.ro\\\/hu\\\/poveste-de-iubire-si-viata-cu-parfum-de-trandafiri-si-gust-de-copilarie-regasita\\\/#organizationLogo\"},\"sameAs\":[\"https:\\\/\\\/www.facebook.com\\\/TRMTrupaIosifVulcan\\\/\",\"https:\\\/\\\/x.com\\\/TRMOradea\",\"https:\\\/\\\/www.instagram.com\\\/teatrul_regina_maria\\\/\",\"https:\\\/\\\/www.youtube.com\\\/c\\\/TeatrulReginaMariaOradea\",\"https:\\\/\\\/www.linkedin.com\\\/company\\\/teatrul-regina-maria\"]},{\"@type\":\"Person\",\"@id\":\"https:\\\/\\\/www.teatrulreginamaria.ro\\\/hu\\\/author\\\/iulianm\\\/#author\",\"url\":\"https:\\\/\\\/www.teatrulreginamaria.ro\\\/hu\\\/author\\\/iulianm\\\/\",\"name\":\"Teatrul Regina Maria\",\"image\":{\"@type\":\"ImageObject\",\"@id\":\"https:\\\/\\\/www.teatrulreginamaria.ro\\\/hu\\\/poveste-de-iubire-si-viata-cu-parfum-de-trandafiri-si-gust-de-copilarie-regasita\\\/#authorImage\",\"url\":\"https:\\\/\\\/secure.gravatar.com\\\/avatar\\\/49af75bc1b3eb710073d2f37927ea27e6c274a29562ef49edfc6bcf11b9e941d?s=96&d=mm&r=g\",\"width\":96,\"height\":96,\"caption\":\"Teatrul Regina Maria\"}},{\"@type\":\"WebPage\",\"@id\":\"https:\\\/\\\/www.teatrulreginamaria.ro\\\/hu\\\/poveste-de-iubire-si-viata-cu-parfum-de-trandafiri-si-gust-de-copilarie-regasita\\\/#webpage\",\"url\":\"https:\\\/\\\/www.teatrulreginamaria.ro\\\/hu\\\/poveste-de-iubire-si-viata-cu-parfum-de-trandafiri-si-gust-de-copilarie-regasita\\\/\",\"name\":\"Poveste de iubire \\u0219i via\\u021b\\u0103 cu parfum de trandafiri \\u0219i gust de copil\\u0103rie reg\\u0103sit\\u0103 - Teatrul Regina Maria Oradea\",\"description\":\"Text preluat de pe Republika Kritica \\\/ autor: Tudor-Costin Sicoma\\u0219 \\u00cencep din ce \\u00een ce mai mult s\\u0103 c\\u0103l\\u0103toresc prin \\u021bar\\u0103. \\u0218i acest lucru duce deseori la momente de reverie, de bucurie, de fericire pur \\u0219i simplu. Dar \\u0219i la momente de invidie (pozitiv\\u0103, ce-i drept), pentru c\\u0103 descop\\u0103r sau redescop\\u0103r ora\\u0219e, locuri cu mult\",\"inLanguage\":\"hu-HU\",\"isPartOf\":{\"@id\":\"https:\\\/\\\/www.teatrulreginamaria.ro\\\/hu\\\/#website\"},\"breadcrumb\":{\"@id\":\"https:\\\/\\\/www.teatrulreginamaria.ro\\\/hu\\\/poveste-de-iubire-si-viata-cu-parfum-de-trandafiri-si-gust-de-copilarie-regasita\\\/#breadcrumblist\"},\"author\":{\"@id\":\"https:\\\/\\\/www.teatrulreginamaria.ro\\\/hu\\\/author\\\/iulianm\\\/#author\"},\"creator\":{\"@id\":\"https:\\\/\\\/www.teatrulreginamaria.ro\\\/hu\\\/author\\\/iulianm\\\/#author\"},\"image\":{\"@type\":\"ImageObject\",\"url\":\"https:\\\/\\\/www.teatrulreginamaria.ro\\\/wp-content\\\/uploads\\\/2025\\\/08\\\/WhatsApp-Image-2025-09-15-at-091329.jpeg\",\"@id\":\"https:\\\/\\\/www.teatrulreginamaria.ro\\\/hu\\\/poveste-de-iubire-si-viata-cu-parfum-de-trandafiri-si-gust-de-copilarie-regasita\\\/#mainImage\",\"width\":1142,\"height\":1600},\"primaryImageOfPage\":{\"@id\":\"https:\\\/\\\/www.teatrulreginamaria.ro\\\/hu\\\/poveste-de-iubire-si-viata-cu-parfum-de-trandafiri-si-gust-de-copilarie-regasita\\\/#mainImage\"},\"datePublished\":\"2025-10-07T15:00:00+03:00\",\"dateModified\":\"2026-06-03T12:46:22+03:00\"},{\"@type\":\"WebSite\",\"@id\":\"https:\\\/\\\/www.teatrulreginamaria.ro\\\/hu\\\/#website\",\"url\":\"https:\\\/\\\/www.teatrulreginamaria.ro\\\/hu\\\/\",\"name\":\"Teatrul Regina Maria Oradea\",\"alternateName\":\"TRM Oradea\",\"description\":\"Trupa Iosif Vulcan \\u0219i Trupa Arcadia\",\"inLanguage\":\"hu-HU\",\"publisher\":{\"@id\":\"https:\\\/\\\/www.teatrulreginamaria.ro\\\/hu\\\/#organization\"}}]}\n\t\t<\/script>\n\t\t<!-- All in One SEO Pro -->\r\n\t\t<title>Poveste de iubire \u0219i via\u021b\u0103 cu parfum de trandafiri \u0219i gust de copil\u0103rie reg\u0103sit\u0103 - Teatrul Regina Maria Oradea<\/title>\n\n","aioseo_head_json":{"title":"Egy t\u00f6rt\u00e9net a szerelemr\u0151l \u00e9s az \u00e9letr\u0151l, r\u00f3zs\u00e1k illat\u00e1val \u00e9s a gyermekkor \u00fajrafelfedezett \u00edz\u00e9vel - Regina Maria Sz\u00ednh\u00e1z, Nagyv\u00e1radi","description":"Sz\u00f6veg a Republika Kritica \/ szerz\u0151: Tudor-Costin Sicoma\u0219 oldal\u00e1r\u00f3l Egyre t\u00f6bbet utazom az orsz\u00e1gban. Ez gyakran vezet \u00e1br\u00e1ndoz\u00e1shoz, \u00f6r\u00f6mh\u00f6z, tiszta boldogs\u00e1ghoz. De irigys\u00e9ghez is (pozit\u00edv, hogy \u0151szinte legyek), mert olyan v\u00e1rosokat, helyeket fedezek fel vagy fedezek fel \u00fajra, amelyek sok...","canonical_url":"https:\/\/www.teatrulreginamaria.ro\/hu\/poveste-de-iubire-si-viata-cu-parfum-de-trandafiri-si-gust-de-copilarie-regasita\/","robots":"max-image-preview:large","keywords":"","webmasterTools":{"miscellaneous":""},"schema":{"@context":"https:\/\/schema.org","@graph":[{"@type":"BlogPosting","@id":"https:\/\/www.teatrulreginamaria.ro\/hu\/poveste-de-iubire-si-viata-cu-parfum-de-trandafiri-si-gust-de-copilarie-regasita\/#blogposting","name":"Poveste de iubire \u0219i via\u021b\u0103 cu parfum de trandafiri \u0219i gust de copil\u0103rie reg\u0103sit\u0103 - Teatrul Regina Maria Oradea","headline":"Poveste de iubire \u0219i via\u021b\u0103 cu parfum de trandafiri \u0219i gust de copil\u0103rie reg\u0103sit\u0103","author":{"@id":"https:\/\/www.teatrulreginamaria.ro\/hu\/author\/iulianm\/#author"},"publisher":{"@id":"https:\/\/www.teatrulreginamaria.ro\/hu\/#organization"},"image":{"@type":"ImageObject","url":"https:\/\/www.teatrulreginamaria.ro\/wp-content\/uploads\/2025\/08\/WhatsApp-Image-2025-09-15-at-091329.jpeg","width":1142,"height":1600},"datePublished":"2025-10-07T15:00:00+03:00","dateModified":"2026-06-03T12:46:22+03:00","inLanguage":"hu-HU","mainEntityOfPage":{"@id":"https:\/\/www.teatrulreginamaria.ro\/hu\/poveste-de-iubire-si-viata-cu-parfum-de-trandafiri-si-gust-de-copilarie-regasita\/#webpage"},"isPartOf":{"@id":"https:\/\/www.teatrulreginamaria.ro\/hu\/poveste-de-iubire-si-viata-cu-parfum-de-trandafiri-si-gust-de-copilarie-regasita\/#webpage"},"articleSection":"Apari\u021bii media"},{"@type":"BreadcrumbList","@id":"https:\/\/www.teatrulreginamaria.ro\/hu\/poveste-de-iubire-si-viata-cu-parfum-de-trandafiri-si-gust-de-copilarie-regasita\/#breadcrumblist","itemListElement":[{"@type":"ListItem","@id":"https:\/\/www.teatrulreginamaria.ro\/hu#listItem","position":1,"name":"Home","item":"https:\/\/www.teatrulreginamaria.ro\/hu","nextItem":{"@type":"ListItem","@id":"https:\/\/www.teatrulreginamaria.ro\/hu\/categorie\/aparitii-media\/#listItem","name":"Apari\u021bii media"}},{"@type":"ListItem","@id":"https:\/\/www.teatrulreginamaria.ro\/hu\/categorie\/aparitii-media\/#listItem","position":2,"name":"Apari\u021bii media","item":"https:\/\/www.teatrulreginamaria.ro\/hu\/categorie\/aparitii-media\/","nextItem":{"@type":"ListItem","@id":"https:\/\/www.teatrulreginamaria.ro\/hu\/poveste-de-iubire-si-viata-cu-parfum-de-trandafiri-si-gust-de-copilarie-regasita\/#listItem","name":"Poveste de iubire \u0219i via\u021b\u0103 cu parfum de trandafiri \u0219i gust de copil\u0103rie reg\u0103sit\u0103"},"previousItem":{"@type":"ListItem","@id":"https:\/\/www.teatrulreginamaria.ro\/hu#listItem","name":"Home"}},{"@type":"ListItem","@id":"https:\/\/www.teatrulreginamaria.ro\/hu\/poveste-de-iubire-si-viata-cu-parfum-de-trandafiri-si-gust-de-copilarie-regasita\/#listItem","position":3,"name":"Poveste de iubire \u0219i via\u021b\u0103 cu parfum de trandafiri \u0219i gust de copil\u0103rie reg\u0103sit\u0103","previousItem":{"@type":"ListItem","@id":"https:\/\/www.teatrulreginamaria.ro\/hu\/categorie\/aparitii-media\/#listItem","name":"Apari\u021bii media"}}]},{"@type":"Organization","@id":"https:\/\/www.teatrulreginamaria.ro\/hu\/#organization","name":"Teatrul Regina Maria Oradea","description":"Trupa Iosif Vulcan \u0219i Trupa Arcadia","url":"https:\/\/www.teatrulreginamaria.ro\/hu\/","email":"marketing@teatrulreginamaria.ro","telephone":"+40359411534","numberOfEmployees":{"@type":"QuantitativeValue","minValue":0,"maxValue":150},"logo":{"@type":"ImageObject","url":"https:\/\/www.teatrulreginamaria.ro\/wp-content\/uploads\/2025\/06\/logo-trm-01-dark.png","@id":"https:\/\/www.teatrulreginamaria.ro\/hu\/poveste-de-iubire-si-viata-cu-parfum-de-trandafiri-si-gust-de-copilarie-regasita\/#organizationLogo","width":300,"height":148},"image":{"@id":"https:\/\/www.teatrulreginamaria.ro\/hu\/poveste-de-iubire-si-viata-cu-parfum-de-trandafiri-si-gust-de-copilarie-regasita\/#organizationLogo"},"sameAs":["https:\/\/www.facebook.com\/TRMTrupaIosifVulcan\/","https:\/\/x.com\/TRMOradea","https:\/\/www.instagram.com\/teatrul_regina_maria\/","https:\/\/www.youtube.com\/c\/TeatrulReginaMariaOradea","https:\/\/www.linkedin.com\/company\/teatrul-regina-maria"]},{"@type":"Person","@id":"https:\/\/www.teatrulreginamaria.ro\/hu\/author\/iulianm\/#author","url":"https:\/\/www.teatrulreginamaria.ro\/hu\/author\/iulianm\/","name":"Teatrul Regina Maria","image":{"@type":"ImageObject","@id":"https:\/\/www.teatrulreginamaria.ro\/hu\/poveste-de-iubire-si-viata-cu-parfum-de-trandafiri-si-gust-de-copilarie-regasita\/#authorImage","url":"https:\/\/secure.gravatar.com\/avatar\/49af75bc1b3eb710073d2f37927ea27e6c274a29562ef49edfc6bcf11b9e941d?s=96&d=mm&r=g","width":96,"height":96,"caption":"Teatrul Regina Maria"}},{"@type":"WebPage","@id":"https:\/\/www.teatrulreginamaria.ro\/hu\/poveste-de-iubire-si-viata-cu-parfum-de-trandafiri-si-gust-de-copilarie-regasita\/#webpage","url":"https:\/\/www.teatrulreginamaria.ro\/hu\/poveste-de-iubire-si-viata-cu-parfum-de-trandafiri-si-gust-de-copilarie-regasita\/","name":"Poveste de iubire \u0219i via\u021b\u0103 cu parfum de trandafiri \u0219i gust de copil\u0103rie reg\u0103sit\u0103 - Teatrul Regina Maria Oradea","description":"Text preluat de pe Republika Kritica \/ autor: Tudor-Costin Sicoma\u0219 \u00cencep din ce \u00een ce mai mult s\u0103 c\u0103l\u0103toresc prin \u021bar\u0103. \u0218i acest lucru duce deseori la momente de reverie, de bucurie, de fericire pur \u0219i simplu. Dar \u0219i la momente de invidie (pozitiv\u0103, ce-i drept), pentru c\u0103 descop\u0103r sau redescop\u0103r ora\u0219e, locuri cu mult","inLanguage":"hu-HU","isPartOf":{"@id":"https:\/\/www.teatrulreginamaria.ro\/hu\/#website"},"breadcrumb":{"@id":"https:\/\/www.teatrulreginamaria.ro\/hu\/poveste-de-iubire-si-viata-cu-parfum-de-trandafiri-si-gust-de-copilarie-regasita\/#breadcrumblist"},"author":{"@id":"https:\/\/www.teatrulreginamaria.ro\/hu\/author\/iulianm\/#author"},"creator":{"@id":"https:\/\/www.teatrulreginamaria.ro\/hu\/author\/iulianm\/#author"},"image":{"@type":"ImageObject","url":"https:\/\/www.teatrulreginamaria.ro\/wp-content\/uploads\/2025\/08\/WhatsApp-Image-2025-09-15-at-091329.jpeg","@id":"https:\/\/www.teatrulreginamaria.ro\/hu\/poveste-de-iubire-si-viata-cu-parfum-de-trandafiri-si-gust-de-copilarie-regasita\/#mainImage","width":1142,"height":1600},"primaryImageOfPage":{"@id":"https:\/\/www.teatrulreginamaria.ro\/hu\/poveste-de-iubire-si-viata-cu-parfum-de-trandafiri-si-gust-de-copilarie-regasita\/#mainImage"},"datePublished":"2025-10-07T15:00:00+03:00","dateModified":"2026-06-03T12:46:22+03:00"},{"@type":"WebSite","@id":"https:\/\/www.teatrulreginamaria.ro\/hu\/#website","url":"https:\/\/www.teatrulreginamaria.ro\/hu\/","name":"Teatrul Regina Maria Oradea","alternateName":"TRM Oradea","description":"Trupa Iosif Vulcan \u0219i Trupa Arcadia","inLanguage":"hu-HU","publisher":{"@id":"https:\/\/www.teatrulreginamaria.ro\/hu\/#organization"}}]},"og:locale":"hu_HU","og:site_name":"Teatrul Regina Maria Oradea - Trupa Iosif Vulcan \u0219i Trupa Arcadia","og:type":"article","og:title":"Poveste de iubire \u0219i via\u021b\u0103 cu parfum de trandafiri \u0219i gust de copil\u0103rie reg\u0103sit\u0103 - Teatrul Regina Maria Oradea","og:description":"Text preluat de pe Republika Kritica \/ autor: Tudor-Costin Sicoma\u0219 \u00cencep din ce \u00een ce mai mult s\u0103 c\u0103l\u0103toresc prin \u021bar\u0103. \u0218i acest lucru duce deseori la momente de reverie, de bucurie, de fericire pur \u0219i simplu. Dar \u0219i la momente de invidie (pozitiv\u0103, ce-i drept), pentru c\u0103 descop\u0103r sau redescop\u0103r ora\u0219e, locuri cu mult","og:url":"https:\/\/www.teatrulreginamaria.ro\/hu\/poveste-de-iubire-si-viata-cu-parfum-de-trandafiri-si-gust-de-copilarie-regasita\/","og:image":"https:\/\/www.teatrulreginamaria.ro\/wp-content\/uploads\/2025\/03\/trm-istoric-01.jpg","og:image:secure_url":"https:\/\/www.teatrulreginamaria.ro\/wp-content\/uploads\/2025\/03\/trm-istoric-01.jpg","og:image:width":1200,"og:image:height":800,"article:published_time":"2025-10-07T12:00:00+00:00","article:modified_time":"2026-06-03T09:46:22+00:00","article:publisher":"https:\/\/www.facebook.com\/TRMTrupaIosifVulcan\/","twitter:card":"summary_large_image","twitter:site":"@TRMOradea","twitter:title":"Poveste de iubire \u0219i via\u021b\u0103 cu parfum de trandafiri \u0219i gust de copil\u0103rie reg\u0103sit\u0103 - Teatrul Regina Maria Oradea","twitter:description":"Text preluat de pe Republika Kritica \/ autor: Tudor-Costin Sicoma\u0219 \u00cencep din ce \u00een ce mai mult s\u0103 c\u0103l\u0103toresc prin \u021bar\u0103. \u0218i acest lucru duce deseori la momente de reverie, de bucurie, de fericire pur \u0219i simplu. Dar \u0219i la momente de invidie (pozitiv\u0103, ce-i drept), pentru c\u0103 descop\u0103r sau redescop\u0103r ora\u0219e, locuri cu mult","twitter:creator":"@TRMOradea","twitter:image":"https:\/\/www.teatrulreginamaria.ro\/wp-content\/uploads\/2025\/03\/trm-istoric-01.jpg"},"aioseo_meta_data":{"post_id":"14092","title":null,"description":null,"keywords":null,"keyphrases":{"focus":{"keyphrase":"","score":0,"analysis":{"keyphraseInTitle":{"score":0,"maxScore":9,"error":1}}},"additional":[]},"primary_term":null,"canonical_url":null,"og_title":null,"og_description":null,"og_object_type":"default","og_image_type":"default","og_image_url":null,"og_image_width":null,"og_image_height":null,"og_image_custom_url":null,"og_image_custom_fields":null,"og_video":"","og_custom_url":null,"og_article_section":null,"og_article_tags":null,"twitter_use_og":false,"twitter_card":"default","twitter_image_type":"default","twitter_image_url":null,"twitter_image_custom_url":null,"twitter_image_custom_fields":null,"twitter_title":null,"twitter_description":null,"schema":{"blockGraphs":[],"customGraphs":[],"default":{"data":{"Article":[],"Course":[],"Dataset":[],"FAQPage":[],"Movie":[],"Person":[],"Product":[],"ProductReview":[],"Car":[],"Recipe":[],"Service":[],"SoftwareApplication":[],"WebPage":[]},"graphName":"BlogPosting","isEnabled":true},"graphs":[]},"schema_type":"default","schema_type_options":null,"pillar_content":false,"robots_default":true,"robots_noindex":false,"robots_noarchive":false,"robots_nosnippet":false,"robots_nofollow":false,"robots_noimageindex":false,"robots_noodp":false,"robots_notranslate":false,"robots_max_snippet":"-1","robots_max_videopreview":"-1","robots_max_imagepreview":"large","priority":null,"frequency":"default","local_seo":null,"seo_analyzer_scan_date":"2026-06-03 09:46:27","breadcrumb_settings":null,"limit_modified_date":false,"reviewed_by":"0","open_ai":null,"ai":{"faqs":[],"keyPoints":[],"schemas":[],"titles":[],"descriptions":[],"socialPosts":{"email":[],"linkedin":[],"twitter":[],"facebook":[],"instagram":[]}},"created":"2025-11-03 08:30:36","updated":"2026-06-03 20:03:24","focus_keyword":null,"additional_keywords":null,"truseo_locale":null},"aioseo_breadcrumb":"<div class=\"aioseo-breadcrumbs\"><span class=\"aioseo-breadcrumb\">\n\t<a href=\"https:\/\/www.teatrulreginamaria.ro\/hu\" title=\"Home\">Home<\/a>\n<\/span><span class=\"aioseo-breadcrumb-separator\">&raquo;<\/span><span class=\"aioseo-breadcrumb\">\n\t<a href=\"https:\/\/www.teatrulreginamaria.ro\/hu\/categorie\/aparitii-media\/\" title=\"Apari\u021bii media\">Apari\u021bii media<\/a>\n<\/span><span class=\"aioseo-breadcrumb-separator\">&raquo;<\/span><span class=\"aioseo-breadcrumb\">\n\tPoveste de iubire \u0219i via\u021b\u0103 cu parfum de trandafiri \u0219i gust de copil\u0103rie reg\u0103sit\u0103\n<\/span><\/div>","aioseo_breadcrumb_json":[{"label":"Home","link":"https:\/\/www.teatrulreginamaria.ro\/hu"},{"label":"Apari\u021bii media","link":"https:\/\/www.teatrulreginamaria.ro\/hu\/categorie\/aparitii-media\/"},{"label":"Poveste de iubire \u0219i via\u021b\u0103 cu parfum de trandafiri \u0219i gust de copil\u0103rie reg\u0103sit\u0103","link":"https:\/\/www.teatrulreginamaria.ro\/hu\/poveste-de-iubire-si-viata-cu-parfum-de-trandafiri-si-gust-de-copilarie-regasita\/"}],"acf":[],"_links":{"self":[{"href":"https:\/\/www.teatrulreginamaria.ro\/hu\/wp-json\/wp\/v2\/posts\/14092","targetHints":{"allow":["GET"]}}],"collection":[{"href":"https:\/\/www.teatrulreginamaria.ro\/hu\/wp-json\/wp\/v2\/posts"}],"about":[{"href":"https:\/\/www.teatrulreginamaria.ro\/hu\/wp-json\/wp\/v2\/types\/post"}],"author":[{"embeddable":true,"href":"https:\/\/www.teatrulreginamaria.ro\/hu\/wp-json\/wp\/v2\/users\/1"}],"replies":[{"embeddable":true,"href":"https:\/\/www.teatrulreginamaria.ro\/hu\/wp-json\/wp\/v2\/comments?post=14092"}],"version-history":[{"count":4,"href":"https:\/\/www.teatrulreginamaria.ro\/hu\/wp-json\/wp\/v2\/posts\/14092\/revisions"}],"predecessor-version":[{"id":14988,"href":"https:\/\/www.teatrulreginamaria.ro\/hu\/wp-json\/wp\/v2\/posts\/14092\/revisions\/14988"}],"wp:featuredmedia":[{"embeddable":true,"href":"https:\/\/www.teatrulreginamaria.ro\/hu\/wp-json\/wp\/v2\/media\/13706"}],"wp:attachment":[{"href":"https:\/\/www.teatrulreginamaria.ro\/hu\/wp-json\/wp\/v2\/media?parent=14092"}],"wp:term":[{"taxonomy":"category","embeddable":true,"href":"https:\/\/www.teatrulreginamaria.ro\/hu\/wp-json\/wp\/v2\/categories?post=14092"},{"taxonomy":"post_tag","embeddable":true,"href":"https:\/\/www.teatrulreginamaria.ro\/hu\/wp-json\/wp\/v2\/tags?post=14092"}],"curies":[{"name":"munkaf\u00fczet","href":"https:\/\/api.w.org\/{rel}","templated":true}]}}