{"id":141,"date":"2012-05-18T06:55:55","date_gmt":"2012-05-18T06:55:55","guid":{"rendered":"https:\/\/teatrulreginamaria.ro\/2012\/05\/18\/teatrul-regina-maria-deschide-festivalul-fara-bariere-de-la-satu-mare\/"},"modified":"2012-05-18T06:55:55","modified_gmt":"2012-05-18T06:55:55","slug":"a-maria-kiralyno-szinhaz-megnyitja-az-akadalymentesitett-fesztivalt-szatmarnemetiben","status":"publish","type":"post","link":"https:\/\/www.teatrulreginamaria.ro\/hu\/teatrul-regina-maria-deschide-festivalul-fara-bariere-de-la-satu-mare\/","title":{"rendered":"A REGINA MARIA SZ\u00cdNH\u00c1Z MEGNYITJA A SZATM\u00c1RI AKAD\u00c1LYMENTES FESZTIV\u00c1LT"},"content":{"rendered":"<p style=\"text-align: justify;\">2012. m\u00e1jus 18. \u00e9s 27. k\u00f6z\u00f6tt a Szatm\u00e1rn\u00e9meti \u00c9szaki Sz\u00ednh\u00e1z rendezi meg a KORL\u00c1TOK N\u00c9LK\u00dcLI Nemzetk\u00f6zi Multikultur\u00e1lis Fesztiv\u00e1l 6. kiad\u00e1s\u00e1t.<\/p>\n<p style=\"text-align: justify;\">Ez a kiad\u00e1s a sz\u00ednh\u00e1z\u00e9p\u00fclet felavat\u00e1sa ut\u00e1n 120 \u00e9vvel ker\u00fcl megrendez\u00e9sre (amely hamarosan megkezdi a fel\u00faj\u00edt\u00e1si \u00e9s renov\u00e1l\u00e1si munk\u00e1latokat), \u00e9s n\u00e9gy helysz\u00ednen mutatj\u00e1k be az el\u0151ad\u00e1sokat: a Nagyteremben \u00e9s a St\u00fadi\u00f3teremben, a T\u0171zolt\u00f3torony el\u0151tti szabadt\u00e9ri sz\u00ednpadon \u00e9s a M\u0171v\u00e9szeti M\u00fazeum udvar\u00e1n l\u00e9v\u0151 sz\u00ednpadon. Bukarest, Budapest, Nagyv\u00e1rad, Petrozs\u00e9ny, Debrecen, Marosv\u00e1s\u00e1rhely, Szeged, Cs\u00edkszereda, Sepsiszentgy\u00f6rgy, Resicab\u00e1nya vagy B\u00e1k\u00f3 sz\u00ednh\u00e1zi \u00e9s zenei egy\u00fcttesei l\u00e9pnek fel a szatm\u00e1ri k\u00f6z\u00f6ns\u00e9g el\u0151tt.<\/p>\n<p><!--more--><\/p>\n<p style=\"text-align: justify;\">A Regina Maria Sz\u00ednh\u00e1znak k\u00fcl\u00f6nleges megtiszteltet\u00e9sben r\u00e9szes\u00fcl, hogy k\u00e9t el\u0151ad\u00e1ssal vehet r\u00e9szt az idei fesztiv\u00e1lon. \u00cdgy m\u00e1jus 18-\u00e1n, p\u00e9nteken 18:00-t\u00f3l a Szatm\u00e1rn\u00e9meti \u00c9szaki Sz\u00ednh\u00e1z nagyterm\u00e9ben a nagy siker\u0171 \u201eHeged\u0171s a h\u00e1ztet\u0151n\u201d (Sholom Aleichem, m\u0171v\u00e9szeti vezet\u0151: Korcsmaros Gy\u00f6rgy) c\u00edm\u0171 el\u0151ad\u00e1ssal nyitjuk meg a fesztiv\u00e1lt. M\u00e1jus 19-\u00e9n, szombaton 19:00-t\u00f3l pedig az \u201eIosif Vulcan\u201d t\u00e1rsulat adja el\u0151 a 2011-es FTS d\u00edjnyertes el\u0151ad\u00e1s\u00e1t, a \u201eBiloxi Blues\u201d-t (Neil Simon, m\u0171v\u00e9szeti vezet\u0151: Ovidiu Cai\u0163a).<\/p>\n<p style=\"text-align: justify;\">Mindk\u00e9t m\u0171sorhoz magyar felirat biztos\u00edtott.<\/p>\n<p style=\"text-align: justify;\">A nagyv\u00e1radi sz\u00ednh\u00e1z tavaly is r\u00e9szt vett ezen a fesztiv\u00e1lon, k\u00e9t el\u0151ad\u00e1ssal is: \u201eLa Grande Magia\u201d (Eduardo de Filippo, m\u0171v\u00e9szeti vezet\u0151 Alexandru Colpacci) \u00e9s \u201eSoare pentru doi\u201d (Pierre Sauvil, m\u0171v\u00e9szeti vezet\u0151 Daniel Vulcu).<\/p>\n<p style=\"text-align: justify;\">Ez a Szatm\u00e1ri Fesztiv\u00e1lra val\u00f3 megh\u00edv\u00e1s az els\u0151 a maga nem\u00e9ben azon a hossz\u00fa fesztiv\u00e1lsorozaton, amelyet az \u00e9vad v\u00e9g\u00e9n bemutathatunk. K\u00f6vetkezik az aradi Euromarionete Fesztiv\u00e1lon val\u00f3 r\u00e9szv\u00e9tel m\u00e1jus 26-\u00e1n, szombaton (a \u201e20 000 liga a tenger alatt\u201d c\u00edm\u0171 el\u0151ad\u00e1ssal), majd a petrozs\u00e1ni \u201eSz\u00e9p l\u00e1nyok, j\u00f3 t\u00fcnd\u00e9rek \u00e9s Ilene Cos\u00e2nzene\u201d Fesztiv\u00e1l, ahol szint\u00e9n r\u00e9szt vesz\u00fcnk a \u201e20 000 liga a tenger alatt\u201d c\u00edm\u0171 3D-s d\u00edszletekkel k\u00e9sz\u00fclt el\u0151ad\u00e1ssal, v\u00e9g\u00fcl pedig a \u201eHeged\u0171s a tet\u0151n\u201d k\u00f6vetkezik, hogy j\u00fanius 3-\u00e1n megnyiss\u00e1k a Nagyb\u00e1ny\u00e1n megrendez\u00e9sre ker\u00fcl\u0151 Nemzetk\u00f6zi \u201eAtelier\u201d Fesztiv\u00e1lt.<\/p>","protected":false},"excerpt":{"rendered":"<p>\u00centre 18 \u015fi 27 mai 2012, Teatrul de Nord Satu Mare organizeaz\u0103 cea de-a VI-a edi\u0163ie a Festivalului Interna\u0163ional Multicultural F\u0102R\u0102 BARIERE. Aceast\u0103 edi\u0163ie are loc la 120 de ani de la inaugurarea cl\u0103dirii teatrului (care va intra cur\u00e2nd \u00een lucr\u0103ri de consolidare \u015fi restaurare) \u015fi va prezenta spectacole \u00een patru loca\u0163ii: Sala Mare \u015fi [&hellip;]<\/p>\n","protected":false},"author":6,"featured_media":0,"comment_status":"open","ping_status":"open","sticky":false,"template":"","format":"standard","meta":{"_acf_changed":false,"footnotes":""},"categories":[22],"tags":[],"class_list":["post-141","post","type-post","status-publish","format-standard","hentry","category-noutati-trupa-iosif-vulcan"],"aioseo_notices":[],"aioseo_head":"\n\t\t<!-- All in One SEO Pro 5.0.1.1 - aioseo.com -->\n\t<meta name=\"description\" content=\"\u00centre 18 \u015fi 27 mai 2012, Teatrul de Nord Satu Mare organizeaz\u0103 cea de-a VI-a edi\u0163ie a Festivalului Interna\u0163ional Multicultural F\u0102R\u0102 BARIERE. Aceast\u0103 edi\u0163ie are loc la 120 de ani de la inaugurarea cl\u0103dirii teatrului (care va intra cur\u00e2nd \u00een lucr\u0103ri de consolidare \u015fi restaurare) \u015fi va prezenta spectacole \u00een patru loca\u0163ii: Sala Mare \u015fi\" \/>\n\t<meta name=\"robots\" content=\"max-image-preview:large\" \/>\n\t<meta name=\"author\" content=\"Teatrul Regina Maria\"\/>\n\t<link rel=\"canonical\" href=\"https:\/\/www.teatrulreginamaria.ro\/hu\/teatrul-regina-maria-deschide-festivalul-fara-bariere-de-la-satu-mare\/\" \/>\n\t<meta name=\"generator\" content=\"All in One SEO Pro (AIOSEO) 5.0.1.1\" \/>\n\t\t<meta property=\"og:locale\" content=\"hu_HU\" \/>\n\t\t<meta property=\"og:site_name\" content=\"Teatrul Regina Maria Oradea - Trupa Iosif Vulcan \u0219i Trupa Arcadia\" \/>\n\t\t<meta property=\"og:type\" content=\"article\" \/>\n\t\t<meta property=\"og:title\" content=\"TEATRUL REGINA MARIA DESCHIDE FESTIVALUL F\u0102R\u0102 BARIERE DE LA SATU MARE - Teatrul Regina Maria Oradea\" \/>\n\t\t<meta property=\"og:description\" content=\"\u00centre 18 \u015fi 27 mai 2012, Teatrul de Nord Satu Mare organizeaz\u0103 cea de-a VI-a edi\u0163ie a Festivalului Interna\u0163ional Multicultural F\u0102R\u0102 BARIERE. Aceast\u0103 edi\u0163ie are loc la 120 de ani de la inaugurarea cl\u0103dirii teatrului (care va intra cur\u00e2nd \u00een lucr\u0103ri de consolidare \u015fi restaurare) \u015fi va prezenta spectacole \u00een patru loca\u0163ii: Sala Mare \u015fi\" \/>\n\t\t<meta property=\"og:url\" content=\"https:\/\/www.teatrulreginamaria.ro\/hu\/teatrul-regina-maria-deschide-festivalul-fara-bariere-de-la-satu-mare\/\" \/>\n\t\t<meta property=\"og:image\" content=\"https:\/\/www.teatrulreginamaria.ro\/wp-content\/uploads\/2025\/03\/trm-istoric-01.jpg\" \/>\n\t\t<meta property=\"og:image:secure_url\" content=\"https:\/\/www.teatrulreginamaria.ro\/wp-content\/uploads\/2025\/03\/trm-istoric-01.jpg\" \/>\n\t\t<meta property=\"og:image:width\" content=\"1200\" \/>\n\t\t<meta property=\"og:image:height\" content=\"800\" \/>\n\t\t<meta property=\"article:published_time\" content=\"2012-05-18T06:55:55+00:00\" \/>\n\t\t<meta property=\"article:modified_time\" content=\"2012-05-18T06:55:55+00:00\" \/>\n\t\t<meta property=\"article:publisher\" content=\"https:\/\/www.facebook.com\/TRMTrupaIosifVulcan\/\" \/>\n\t\t<meta name=\"twitter:card\" content=\"summary_large_image\" \/>\n\t\t<meta name=\"twitter:site\" content=\"@TRMOradea\" \/>\n\t\t<meta name=\"twitter:title\" content=\"TEATRUL REGINA MARIA DESCHIDE FESTIVALUL F\u0102R\u0102 BARIERE DE LA SATU MARE - Teatrul Regina Maria Oradea\" \/>\n\t\t<meta name=\"twitter:description\" content=\"\u00centre 18 \u015fi 27 mai 2012, Teatrul de Nord Satu Mare organizeaz\u0103 cea de-a VI-a edi\u0163ie a Festivalului Interna\u0163ional Multicultural F\u0102R\u0102 BARIERE. Aceast\u0103 edi\u0163ie are loc la 120 de ani de la inaugurarea cl\u0103dirii teatrului (care va intra cur\u00e2nd \u00een lucr\u0103ri de consolidare \u015fi restaurare) \u015fi va prezenta spectacole \u00een patru loca\u0163ii: Sala Mare \u015fi\" \/>\n\t\t<meta name=\"twitter:creator\" content=\"@TRMOradea\" \/>\n\t\t<meta name=\"twitter:image\" content=\"https:\/\/www.teatrulreginamaria.ro\/wp-content\/uploads\/2025\/03\/trm-istoric-01.jpg\" \/>\n\t\t<script type=\"application\/ld+json\" class=\"aioseo-schema\">\n\t\t\t{\"@context\":\"https:\\\/\\\/schema.org\",\"@graph\":[{\"@type\":\"BlogPosting\",\"@id\":\"https:\\\/\\\/www.teatrulreginamaria.ro\\\/hu\\\/teatrul-regina-maria-deschide-festivalul-fara-bariere-de-la-satu-mare\\\/#blogposting\",\"name\":\"TEATRUL REGINA MARIA DESCHIDE FESTIVALUL F\\u0102R\\u0102 BARIERE DE LA SATU MARE - Teatrul Regina Maria Oradea\",\"headline\":\"TEATRUL REGINA MARIA DESCHIDE FESTIVALUL F\\u0102R\\u0102 BARIERE DE LA SATU MARE\",\"author\":{\"@id\":\"https:\\\/\\\/www.teatrulreginamaria.ro\\\/hu\\\/author\\\/w3bmaster\\\/#author\"},\"publisher\":{\"@id\":\"https:\\\/\\\/www.teatrulreginamaria.ro\\\/hu\\\/#organization\"},\"image\":{\"@type\":\"ImageObject\",\"url\":\"https:\\\/\\\/www.teatrulreginamaria.ro\\\/wp-content\\\/uploads\\\/2025\\\/06\\\/logo-trm-01-dark.png\",\"@id\":\"https:\\\/\\\/www.teatrulreginamaria.ro\\\/hu\\\/#articleImage\",\"width\":300,\"height\":148},\"datePublished\":\"2012-05-18T06:55:55+03:00\",\"dateModified\":\"2012-05-18T06:55:55+03:00\",\"inLanguage\":\"hu-HU\",\"mainEntityOfPage\":{\"@id\":\"https:\\\/\\\/www.teatrulreginamaria.ro\\\/hu\\\/teatrul-regina-maria-deschide-festivalul-fara-bariere-de-la-satu-mare\\\/#webpage\"},\"isPartOf\":{\"@id\":\"https:\\\/\\\/www.teatrulreginamaria.ro\\\/hu\\\/teatrul-regina-maria-deschide-festivalul-fara-bariere-de-la-satu-mare\\\/#webpage\"},\"articleSection\":\"Nout\\u0103\\u021bi - Trupa Iosif Vulcan\"},{\"@type\":\"BreadcrumbList\",\"@id\":\"https:\\\/\\\/www.teatrulreginamaria.ro\\\/hu\\\/teatrul-regina-maria-deschide-festivalul-fara-bariere-de-la-satu-mare\\\/#breadcrumblist\",\"itemListElement\":[{\"@type\":\"ListItem\",\"@id\":\"https:\\\/\\\/www.teatrulreginamaria.ro\\\/hu#listItem\",\"position\":1,\"name\":\"Home\",\"item\":\"https:\\\/\\\/www.teatrulreginamaria.ro\\\/hu\",\"nextItem\":{\"@type\":\"ListItem\",\"@id\":\"https:\\\/\\\/www.teatrulreginamaria.ro\\\/hu\\\/categorie\\\/noutati\\\/#listItem\",\"name\":\"Nout\\u0103\\u021bi\"}},{\"@type\":\"ListItem\",\"@id\":\"https:\\\/\\\/www.teatrulreginamaria.ro\\\/hu\\\/categorie\\\/noutati\\\/#listItem\",\"position\":2,\"name\":\"Nout\\u0103\\u021bi\",\"item\":\"https:\\\/\\\/www.teatrulreginamaria.ro\\\/hu\\\/categorie\\\/noutati\\\/\",\"nextItem\":{\"@type\":\"ListItem\",\"@id\":\"https:\\\/\\\/www.teatrulreginamaria.ro\\\/hu\\\/categorie\\\/noutati\\\/noutati-trupa-iosif-vulcan\\\/#listItem\",\"name\":\"Nout\\u0103\\u021bi - Trupa Iosif Vulcan\"},\"previousItem\":{\"@type\":\"ListItem\",\"@id\":\"https:\\\/\\\/www.teatrulreginamaria.ro\\\/hu#listItem\",\"name\":\"Home\"}},{\"@type\":\"ListItem\",\"@id\":\"https:\\\/\\\/www.teatrulreginamaria.ro\\\/hu\\\/categorie\\\/noutati\\\/noutati-trupa-iosif-vulcan\\\/#listItem\",\"position\":3,\"name\":\"Nout\\u0103\\u021bi - Trupa Iosif Vulcan\",\"item\":\"https:\\\/\\\/www.teatrulreginamaria.ro\\\/hu\\\/categorie\\\/noutati\\\/noutati-trupa-iosif-vulcan\\\/\",\"nextItem\":{\"@type\":\"ListItem\",\"@id\":\"https:\\\/\\\/www.teatrulreginamaria.ro\\\/hu\\\/teatrul-regina-maria-deschide-festivalul-fara-bariere-de-la-satu-mare\\\/#listItem\",\"name\":\"TEATRUL REGINA MARIA DESCHIDE FESTIVALUL F\\u0102R\\u0102 BARIERE DE LA SATU MARE\"},\"previousItem\":{\"@type\":\"ListItem\",\"@id\":\"https:\\\/\\\/www.teatrulreginamaria.ro\\\/hu\\\/categorie\\\/noutati\\\/#listItem\",\"name\":\"Nout\\u0103\\u021bi\"}},{\"@type\":\"ListItem\",\"@id\":\"https:\\\/\\\/www.teatrulreginamaria.ro\\\/hu\\\/teatrul-regina-maria-deschide-festivalul-fara-bariere-de-la-satu-mare\\\/#listItem\",\"position\":4,\"name\":\"TEATRUL REGINA MARIA DESCHIDE FESTIVALUL F\\u0102R\\u0102 BARIERE DE LA SATU MARE\",\"previousItem\":{\"@type\":\"ListItem\",\"@id\":\"https:\\\/\\\/www.teatrulreginamaria.ro\\\/hu\\\/categorie\\\/noutati\\\/noutati-trupa-iosif-vulcan\\\/#listItem\",\"name\":\"Nout\\u0103\\u021bi - Trupa Iosif Vulcan\"}}]},{\"@type\":\"Organization\",\"@id\":\"https:\\\/\\\/www.teatrulreginamaria.ro\\\/hu\\\/#organization\",\"name\":\"Teatrul Regina Maria Oradea\",\"description\":\"Trupa Iosif Vulcan \\u0219i Trupa Arcadia\",\"url\":\"https:\\\/\\\/www.teatrulreginamaria.ro\\\/hu\\\/\",\"email\":\"marketing@teatrulreginamaria.ro\",\"telephone\":\"+40359411534\",\"numberOfEmployees\":{\"@type\":\"QuantitativeValue\",\"minValue\":0,\"maxValue\":150},\"logo\":{\"@type\":\"ImageObject\",\"url\":\"https:\\\/\\\/www.teatrulreginamaria.ro\\\/wp-content\\\/uploads\\\/2025\\\/06\\\/logo-trm-01-dark.png\",\"@id\":\"https:\\\/\\\/www.teatrulreginamaria.ro\\\/hu\\\/teatrul-regina-maria-deschide-festivalul-fara-bariere-de-la-satu-mare\\\/#organizationLogo\",\"width\":300,\"height\":148},\"image\":{\"@id\":\"https:\\\/\\\/www.teatrulreginamaria.ro\\\/hu\\\/teatrul-regina-maria-deschide-festivalul-fara-bariere-de-la-satu-mare\\\/#organizationLogo\"},\"sameAs\":[\"https:\\\/\\\/www.facebook.com\\\/TRMTrupaIosifVulcan\\\/\",\"https:\\\/\\\/x.com\\\/TRMOradea\",\"https:\\\/\\\/www.instagram.com\\\/teatrul_regina_maria\\\/\",\"https:\\\/\\\/www.youtube.com\\\/c\\\/TeatrulReginaMariaOradea\",\"https:\\\/\\\/www.linkedin.com\\\/company\\\/teatrul-regina-maria\"]},{\"@type\":\"Person\",\"@id\":\"https:\\\/\\\/www.teatrulreginamaria.ro\\\/hu\\\/author\\\/w3bmaster\\\/#author\",\"url\":\"https:\\\/\\\/www.teatrulreginamaria.ro\\\/hu\\\/author\\\/w3bmaster\\\/\",\"name\":\"Teatrul Regina Maria\",\"image\":{\"@type\":\"ImageObject\",\"@id\":\"https:\\\/\\\/www.teatrulreginamaria.ro\\\/hu\\\/teatrul-regina-maria-deschide-festivalul-fara-bariere-de-la-satu-mare\\\/#authorImage\",\"url\":\"https:\\\/\\\/secure.gravatar.com\\\/avatar\\\/5884139d508ae3f0bafe45e60563b48a9640146d3b08ccc6278c305ff9329305?s=96&d=mm&r=g\",\"width\":96,\"height\":96,\"caption\":\"Teatrul Regina Maria\"}},{\"@type\":\"WebPage\",\"@id\":\"https:\\\/\\\/www.teatrulreginamaria.ro\\\/hu\\\/teatrul-regina-maria-deschide-festivalul-fara-bariere-de-la-satu-mare\\\/#webpage\",\"url\":\"https:\\\/\\\/www.teatrulreginamaria.ro\\\/hu\\\/teatrul-regina-maria-deschide-festivalul-fara-bariere-de-la-satu-mare\\\/\",\"name\":\"TEATRUL REGINA MARIA DESCHIDE FESTIVALUL F\\u0102R\\u0102 BARIERE DE LA SATU MARE - Teatrul Regina Maria Oradea\",\"description\":\"\\u00centre 18 \\u015fi 27 mai 2012, Teatrul de Nord Satu Mare organizeaz\\u0103 cea de-a VI-a edi\\u0163ie a Festivalului Interna\\u0163ional Multicultural F\\u0102R\\u0102 BARIERE. Aceast\\u0103 edi\\u0163ie are loc la 120 de ani de la inaugurarea cl\\u0103dirii teatrului (care va intra cur\\u00e2nd \\u00een lucr\\u0103ri de consolidare \\u015fi restaurare) \\u015fi va prezenta spectacole \\u00een patru loca\\u0163ii: Sala Mare \\u015fi\",\"inLanguage\":\"hu-HU\",\"isPartOf\":{\"@id\":\"https:\\\/\\\/www.teatrulreginamaria.ro\\\/hu\\\/#website\"},\"breadcrumb\":{\"@id\":\"https:\\\/\\\/www.teatrulreginamaria.ro\\\/hu\\\/teatrul-regina-maria-deschide-festivalul-fara-bariere-de-la-satu-mare\\\/#breadcrumblist\"},\"author\":{\"@id\":\"https:\\\/\\\/www.teatrulreginamaria.ro\\\/hu\\\/author\\\/w3bmaster\\\/#author\"},\"creator\":{\"@id\":\"https:\\\/\\\/www.teatrulreginamaria.ro\\\/hu\\\/author\\\/w3bmaster\\\/#author\"},\"datePublished\":\"2012-05-18T06:55:55+03:00\",\"dateModified\":\"2012-05-18T06:55:55+03:00\"},{\"@type\":\"WebSite\",\"@id\":\"https:\\\/\\\/www.teatrulreginamaria.ro\\\/hu\\\/#website\",\"url\":\"https:\\\/\\\/www.teatrulreginamaria.ro\\\/hu\\\/\",\"name\":\"Teatrul Regina Maria Oradea\",\"alternateName\":\"TRM Oradea\",\"description\":\"Trupa Iosif Vulcan \\u0219i Trupa Arcadia\",\"inLanguage\":\"hu-HU\",\"publisher\":{\"@id\":\"https:\\\/\\\/www.teatrulreginamaria.ro\\\/hu\\\/#organization\"}}]}\n\t\t<\/script>\n\t\t<!-- All in One SEO Pro -->\r\n\t\t<title>TEATRUL REGINA MARIA DESCHIDE FESTIVALUL F\u0102R\u0102 BARIERE DE LA SATU MARE - Teatrul Regina Maria Oradea<\/title>\n\n","aioseo_head_json":{"title":"A REGINA MARIA SZ\u00cdNH\u00c1Z MEGNYITJA AZ AJ\u00c1T\u00c9KMENTES FESZTIV\u00c1LT Szatm\u00e1rn\u00e9metiben - Regina Maria Sz\u00ednh\u00e1z Nagyv\u00e1radi","description":"2012. m\u00e1jus 18. \u00e9s 27. k\u00f6z\u00f6tt a Szatm\u00e1rn\u00e9meti \u00c9szaki Sz\u00ednh\u00e1z 6. alkalommal rendezi meg a KORL\u00c1TOK N\u00c9LK\u00dcLI Nemzetk\u00f6zi Multikultur\u00e1lis Fesztiv\u00e1lt. Ez a kiad\u00e1s a sz\u00ednh\u00e1z\u00e9p\u00fclet (amely hamarosan fel\u00faj\u00edt\u00e1si \u00e9s rekonstrukci\u00f3s munk\u00e1latokon esik \u00e1t) felavat\u00e1sa ut\u00e1n 120 \u00e9vvel ker\u00fcl megrendez\u00e9sre, \u00e9s n\u00e9gy helysz\u00ednen mutatj\u00e1k be az el\u0151ad\u00e1sokat: a Nagyteremben \u00e9s a","canonical_url":"https:\/\/www.teatrulreginamaria.ro\/hu\/teatrul-regina-maria-deschide-festivalul-fara-bariere-de-la-satu-mare\/","robots":"max-image-preview:large","keywords":"","webmasterTools":{"miscellaneous":""},"schema":{"@context":"https:\/\/schema.org","@graph":[{"@type":"BlogPosting","@id":"https:\/\/www.teatrulreginamaria.ro\/hu\/teatrul-regina-maria-deschide-festivalul-fara-bariere-de-la-satu-mare\/#blogposting","name":"TEATRUL REGINA MARIA DESCHIDE FESTIVALUL F\u0102R\u0102 BARIERE DE LA SATU MARE - Teatrul Regina Maria Oradea","headline":"TEATRUL REGINA MARIA DESCHIDE FESTIVALUL F\u0102R\u0102 BARIERE DE LA SATU MARE","author":{"@id":"https:\/\/www.teatrulreginamaria.ro\/hu\/author\/w3bmaster\/#author"},"publisher":{"@id":"https:\/\/www.teatrulreginamaria.ro\/hu\/#organization"},"image":{"@type":"ImageObject","url":"https:\/\/www.teatrulreginamaria.ro\/wp-content\/uploads\/2025\/06\/logo-trm-01-dark.png","@id":"https:\/\/www.teatrulreginamaria.ro\/hu\/#articleImage","width":300,"height":148},"datePublished":"2012-05-18T06:55:55+03:00","dateModified":"2012-05-18T06:55:55+03:00","inLanguage":"hu-HU","mainEntityOfPage":{"@id":"https:\/\/www.teatrulreginamaria.ro\/hu\/teatrul-regina-maria-deschide-festivalul-fara-bariere-de-la-satu-mare\/#webpage"},"isPartOf":{"@id":"https:\/\/www.teatrulreginamaria.ro\/hu\/teatrul-regina-maria-deschide-festivalul-fara-bariere-de-la-satu-mare\/#webpage"},"articleSection":"Nout\u0103\u021bi - Trupa Iosif Vulcan"},{"@type":"BreadcrumbList","@id":"https:\/\/www.teatrulreginamaria.ro\/hu\/teatrul-regina-maria-deschide-festivalul-fara-bariere-de-la-satu-mare\/#breadcrumblist","itemListElement":[{"@type":"ListItem","@id":"https:\/\/www.teatrulreginamaria.ro\/hu#listItem","position":1,"name":"Home","item":"https:\/\/www.teatrulreginamaria.ro\/hu","nextItem":{"@type":"ListItem","@id":"https:\/\/www.teatrulreginamaria.ro\/hu\/categorie\/noutati\/#listItem","name":"Nout\u0103\u021bi"}},{"@type":"ListItem","@id":"https:\/\/www.teatrulreginamaria.ro\/hu\/categorie\/noutati\/#listItem","position":2,"name":"Nout\u0103\u021bi","item":"https:\/\/www.teatrulreginamaria.ro\/hu\/categorie\/noutati\/","nextItem":{"@type":"ListItem","@id":"https:\/\/www.teatrulreginamaria.ro\/hu\/categorie\/noutati\/noutati-trupa-iosif-vulcan\/#listItem","name":"Nout\u0103\u021bi - Trupa Iosif Vulcan"},"previousItem":{"@type":"ListItem","@id":"https:\/\/www.teatrulreginamaria.ro\/hu#listItem","name":"Home"}},{"@type":"ListItem","@id":"https:\/\/www.teatrulreginamaria.ro\/hu\/categorie\/noutati\/noutati-trupa-iosif-vulcan\/#listItem","position":3,"name":"Nout\u0103\u021bi - Trupa Iosif Vulcan","item":"https:\/\/www.teatrulreginamaria.ro\/hu\/categorie\/noutati\/noutati-trupa-iosif-vulcan\/","nextItem":{"@type":"ListItem","@id":"https:\/\/www.teatrulreginamaria.ro\/hu\/teatrul-regina-maria-deschide-festivalul-fara-bariere-de-la-satu-mare\/#listItem","name":"TEATRUL REGINA MARIA DESCHIDE FESTIVALUL F\u0102R\u0102 BARIERE DE LA SATU MARE"},"previousItem":{"@type":"ListItem","@id":"https:\/\/www.teatrulreginamaria.ro\/hu\/categorie\/noutati\/#listItem","name":"Nout\u0103\u021bi"}},{"@type":"ListItem","@id":"https:\/\/www.teatrulreginamaria.ro\/hu\/teatrul-regina-maria-deschide-festivalul-fara-bariere-de-la-satu-mare\/#listItem","position":4,"name":"TEATRUL REGINA MARIA DESCHIDE FESTIVALUL F\u0102R\u0102 BARIERE DE LA SATU MARE","previousItem":{"@type":"ListItem","@id":"https:\/\/www.teatrulreginamaria.ro\/hu\/categorie\/noutati\/noutati-trupa-iosif-vulcan\/#listItem","name":"Nout\u0103\u021bi - Trupa Iosif Vulcan"}}]},{"@type":"Organization","@id":"https:\/\/www.teatrulreginamaria.ro\/hu\/#organization","name":"Teatrul Regina Maria Oradea","description":"Trupa Iosif Vulcan \u0219i Trupa Arcadia","url":"https:\/\/www.teatrulreginamaria.ro\/hu\/","email":"marketing@teatrulreginamaria.ro","telephone":"+40359411534","numberOfEmployees":{"@type":"QuantitativeValue","minValue":0,"maxValue":150},"logo":{"@type":"ImageObject","url":"https:\/\/www.teatrulreginamaria.ro\/wp-content\/uploads\/2025\/06\/logo-trm-01-dark.png","@id":"https:\/\/www.teatrulreginamaria.ro\/hu\/teatrul-regina-maria-deschide-festivalul-fara-bariere-de-la-satu-mare\/#organizationLogo","width":300,"height":148},"image":{"@id":"https:\/\/www.teatrulreginamaria.ro\/hu\/teatrul-regina-maria-deschide-festivalul-fara-bariere-de-la-satu-mare\/#organizationLogo"},"sameAs":["https:\/\/www.facebook.com\/TRMTrupaIosifVulcan\/","https:\/\/x.com\/TRMOradea","https:\/\/www.instagram.com\/teatrul_regina_maria\/","https:\/\/www.youtube.com\/c\/TeatrulReginaMariaOradea","https:\/\/www.linkedin.com\/company\/teatrul-regina-maria"]},{"@type":"Person","@id":"https:\/\/www.teatrulreginamaria.ro\/hu\/author\/w3bmaster\/#author","url":"https:\/\/www.teatrulreginamaria.ro\/hu\/author\/w3bmaster\/","name":"Teatrul Regina Maria","image":{"@type":"ImageObject","@id":"https:\/\/www.teatrulreginamaria.ro\/hu\/teatrul-regina-maria-deschide-festivalul-fara-bariere-de-la-satu-mare\/#authorImage","url":"https:\/\/secure.gravatar.com\/avatar\/5884139d508ae3f0bafe45e60563b48a9640146d3b08ccc6278c305ff9329305?s=96&d=mm&r=g","width":96,"height":96,"caption":"Teatrul Regina Maria"}},{"@type":"WebPage","@id":"https:\/\/www.teatrulreginamaria.ro\/hu\/teatrul-regina-maria-deschide-festivalul-fara-bariere-de-la-satu-mare\/#webpage","url":"https:\/\/www.teatrulreginamaria.ro\/hu\/teatrul-regina-maria-deschide-festivalul-fara-bariere-de-la-satu-mare\/","name":"TEATRUL REGINA MARIA DESCHIDE FESTIVALUL F\u0102R\u0102 BARIERE DE LA SATU MARE - Teatrul Regina Maria Oradea","description":"\u00centre 18 \u015fi 27 mai 2012, Teatrul de Nord Satu Mare organizeaz\u0103 cea de-a VI-a edi\u0163ie a Festivalului Interna\u0163ional Multicultural F\u0102R\u0102 BARIERE. Aceast\u0103 edi\u0163ie are loc la 120 de ani de la inaugurarea cl\u0103dirii teatrului (care va intra cur\u00e2nd \u00een lucr\u0103ri de consolidare \u015fi restaurare) \u015fi va prezenta spectacole \u00een patru loca\u0163ii: Sala Mare \u015fi","inLanguage":"hu-HU","isPartOf":{"@id":"https:\/\/www.teatrulreginamaria.ro\/hu\/#website"},"breadcrumb":{"@id":"https:\/\/www.teatrulreginamaria.ro\/hu\/teatrul-regina-maria-deschide-festivalul-fara-bariere-de-la-satu-mare\/#breadcrumblist"},"author":{"@id":"https:\/\/www.teatrulreginamaria.ro\/hu\/author\/w3bmaster\/#author"},"creator":{"@id":"https:\/\/www.teatrulreginamaria.ro\/hu\/author\/w3bmaster\/#author"},"datePublished":"2012-05-18T06:55:55+03:00","dateModified":"2012-05-18T06:55:55+03:00"},{"@type":"WebSite","@id":"https:\/\/www.teatrulreginamaria.ro\/hu\/#website","url":"https:\/\/www.teatrulreginamaria.ro\/hu\/","name":"Teatrul Regina Maria Oradea","alternateName":"TRM Oradea","description":"Trupa Iosif Vulcan \u0219i Trupa Arcadia","inLanguage":"hu-HU","publisher":{"@id":"https:\/\/www.teatrulreginamaria.ro\/hu\/#organization"}}]},"og:locale":"hu_HU","og:site_name":"Teatrul Regina Maria Oradea - Trupa Iosif Vulcan \u0219i Trupa Arcadia","og:type":"article","og:title":"TEATRUL REGINA MARIA DESCHIDE FESTIVALUL F\u0102R\u0102 BARIERE DE LA SATU MARE - Teatrul Regina Maria Oradea","og:description":"\u00centre 18 \u015fi 27 mai 2012, Teatrul de Nord Satu Mare organizeaz\u0103 cea de-a VI-a edi\u0163ie a Festivalului Interna\u0163ional Multicultural F\u0102R\u0102 BARIERE. Aceast\u0103 edi\u0163ie are loc la 120 de ani de la inaugurarea cl\u0103dirii teatrului (care va intra cur\u00e2nd \u00een lucr\u0103ri de consolidare \u015fi restaurare) \u015fi va prezenta spectacole \u00een patru loca\u0163ii: Sala Mare \u015fi","og:url":"https:\/\/www.teatrulreginamaria.ro\/hu\/teatrul-regina-maria-deschide-festivalul-fara-bariere-de-la-satu-mare\/","og:image":"https:\/\/www.teatrulreginamaria.ro\/wp-content\/uploads\/2025\/03\/trm-istoric-01.jpg","og:image:secure_url":"https:\/\/www.teatrulreginamaria.ro\/wp-content\/uploads\/2025\/03\/trm-istoric-01.jpg","og:image:width":1200,"og:image:height":800,"article:published_time":"2012-05-18T06:55:55+00:00","article:modified_time":"2012-05-18T06:55:55+00:00","article:publisher":"https:\/\/www.facebook.com\/TRMTrupaIosifVulcan\/","twitter:card":"summary_large_image","twitter:site":"@TRMOradea","twitter:title":"TEATRUL REGINA MARIA DESCHIDE FESTIVALUL F\u0102R\u0102 BARIERE DE LA SATU MARE - Teatrul Regina Maria Oradea","twitter:description":"\u00centre 18 \u015fi 27 mai 2012, Teatrul de Nord Satu Mare organizeaz\u0103 cea de-a VI-a edi\u0163ie a Festivalului Interna\u0163ional Multicultural F\u0102R\u0102 BARIERE. Aceast\u0103 edi\u0163ie are loc la 120 de ani de la inaugurarea cl\u0103dirii teatrului (care va intra cur\u00e2nd \u00een lucr\u0103ri de consolidare \u015fi restaurare) \u015fi va prezenta spectacole \u00een patru loca\u0163ii: Sala Mare \u015fi","twitter:creator":"@TRMOradea","twitter:image":"https:\/\/www.teatrulreginamaria.ro\/wp-content\/uploads\/2025\/03\/trm-istoric-01.jpg"},"aioseo_meta_data":{"post_id":"141","title":null,"description":null,"keywords":null,"keyphrases":null,"primary_term":null,"canonical_url":null,"og_title":null,"og_description":null,"og_object_type":"default","og_image_type":"default","og_image_url":null,"og_image_width":null,"og_image_height":null,"og_image_custom_url":null,"og_image_custom_fields":null,"og_video":null,"og_custom_url":null,"og_article_section":null,"og_article_tags":null,"twitter_use_og":false,"twitter_card":"default","twitter_image_type":"default","twitter_image_url":null,"twitter_image_custom_url":null,"twitter_image_custom_fields":null,"twitter_title":null,"twitter_description":null,"schema":{"blockGraphs":[],"customGraphs":[],"default":{"data":{"Article":[],"Course":[],"Dataset":[],"FAQPage":[],"Movie":[],"Person":[],"Product":[],"ProductReview":[],"Car":[],"Recipe":[],"Service":[],"SoftwareApplication":[],"WebPage":[]},"graphName":"","isEnabled":true},"graphs":[]},"schema_type":"default","schema_type_options":null,"pillar_content":false,"robots_default":true,"robots_noindex":false,"robots_noarchive":false,"robots_nosnippet":false,"robots_nofollow":false,"robots_noimageindex":false,"robots_noodp":false,"robots_notranslate":false,"robots_max_snippet":null,"robots_max_videopreview":null,"robots_max_imagepreview":"large","priority":null,"frequency":null,"local_seo":null,"seo_analyzer_scan_date":"2026-05-12 23:29:35","breadcrumb_settings":null,"limit_modified_date":false,"reviewed_by":null,"open_ai":null,"ai":null,"created":"2025-04-09 17:40:54","updated":"2026-05-12 23:29:35","focus_keyword":null,"additional_keywords":null,"truseo_locale":null},"aioseo_breadcrumb":"<div class=\"aioseo-breadcrumbs\"><span class=\"aioseo-breadcrumb\">\n\t<a href=\"https:\/\/www.teatrulreginamaria.ro\/hu\" title=\"Home\">Home<\/a>\n<\/span><span class=\"aioseo-breadcrumb-separator\">&raquo;<\/span><span class=\"aioseo-breadcrumb\">\n\t<a href=\"https:\/\/www.teatrulreginamaria.ro\/hu\/categorie\/noutati\/\" title=\"Nout\u0103\u021bi\">Nout\u0103\u021bi<\/a>\n<\/span><span class=\"aioseo-breadcrumb-separator\">&raquo;<\/span><span class=\"aioseo-breadcrumb\">\n\t<a href=\"https:\/\/www.teatrulreginamaria.ro\/hu\/categorie\/noutati\/noutati-trupa-iosif-vulcan\/\" title=\"Nout\u0103\u021bi - Trupa Iosif Vulcan\">Nout\u0103\u021bi - Trupa Iosif Vulcan<\/a>\n<\/span><span class=\"aioseo-breadcrumb-separator\">&raquo;<\/span><span class=\"aioseo-breadcrumb\">\n\tTEATRUL REGINA MARIA DESCHIDE FESTIVALUL F\u0102R\u0102 BARIERE DE LA SATU MARE\n<\/span><\/div>","aioseo_breadcrumb_json":[{"label":"Home","link":"https:\/\/www.teatrulreginamaria.ro\/hu"},{"label":"Nout\u0103\u021bi","link":"https:\/\/www.teatrulreginamaria.ro\/hu\/categorie\/noutati\/"},{"label":"Nout\u0103\u021bi - Trupa Iosif Vulcan","link":"https:\/\/www.teatrulreginamaria.ro\/hu\/categorie\/noutati\/noutati-trupa-iosif-vulcan\/"},{"label":"TEATRUL REGINA MARIA DESCHIDE FESTIVALUL F\u0102R\u0102 BARIERE DE LA SATU MARE","link":"https:\/\/www.teatrulreginamaria.ro\/hu\/teatrul-regina-maria-deschide-festivalul-fara-bariere-de-la-satu-mare\/"}],"acf":[],"_links":{"self":[{"href":"https:\/\/www.teatrulreginamaria.ro\/hu\/wp-json\/wp\/v2\/posts\/141","targetHints":{"allow":["GET"]}}],"collection":[{"href":"https:\/\/www.teatrulreginamaria.ro\/hu\/wp-json\/wp\/v2\/posts"}],"about":[{"href":"https:\/\/www.teatrulreginamaria.ro\/hu\/wp-json\/wp\/v2\/types\/post"}],"author":[{"embeddable":true,"href":"https:\/\/www.teatrulreginamaria.ro\/hu\/wp-json\/wp\/v2\/users\/6"}],"replies":[{"embeddable":true,"href":"https:\/\/www.teatrulreginamaria.ro\/hu\/wp-json\/wp\/v2\/comments?post=141"}],"version-history":[{"count":0,"href":"https:\/\/www.teatrulreginamaria.ro\/hu\/wp-json\/wp\/v2\/posts\/141\/revisions"}],"wp:attachment":[{"href":"https:\/\/www.teatrulreginamaria.ro\/hu\/wp-json\/wp\/v2\/media?parent=141"}],"wp:term":[{"taxonomy":"category","embeddable":true,"href":"https:\/\/www.teatrulreginamaria.ro\/hu\/wp-json\/wp\/v2\/categories?post=141"},{"taxonomy":"post_tag","embeddable":true,"href":"https:\/\/www.teatrulreginamaria.ro\/hu\/wp-json\/wp\/v2\/tags?post=141"}],"curies":[{"name":"munkaf\u00fczet","href":"https:\/\/api.w.org\/{rel}","templated":true}]}}