{"id":14129,"date":"2025-01-10T15:00:00","date_gmt":"2025-01-10T13:00:00","guid":{"rendered":"https:\/\/www.teatrulreginamaria.ro\/?p=14129"},"modified":"2025-11-03T14:00:26","modified_gmt":"2025-11-03T12:00:26","slug":"egyutteles-a-technologiai-valosagban-interju-toni-nicoval","status":"publish","type":"post","link":"https:\/\/www.teatrulreginamaria.ro\/hu\/coabitarea-in-realitatea-tehnologica-interviu-cu-toni-nica\/","title":{"rendered":"Egy\u00fctt\u00e9l\u00e9s a technol\u00f3giai val\u00f3s\u00e1gban \u2013 Interj\u00fa Toni Nic\u00e1val"},"content":{"rendered":"<p class=\"wp-block-paragraph\">A sz\u00f6veg innen sz\u00e1rmazik <a href=\"https:\/\/atelier.liternet.ro\/articol\/49407\/Razvan-Rocas-Toni-Nica\/Coabitarea-in-realitatea-tehnologica-Speranta-nu-urca-niciodata-cu-liftul.html\" target=\"_blank\" rel=\"noopener\" title=\"\">LiterNet.ro <\/a><\/p>\n\n\n\n<p class=\"wp-block-paragraph\"><strong>Razvan Rocas.: <\/strong><em>Milyen \u00e9rz\u00e9s el\u0151sz\u00f6r rendez\u0151i sz\u00e9kben \u00fclni egy sz\u00ednh\u00e1zban?<\/em><br><strong>Tony Nica:<\/strong> Stresszes, mert \u00fagy \u00e9rzed, hogy nagyobb nyom\u00e1s nehezedik a v\u00e1lladra, mint az egyetemen.<br>ez valami m\u00e1s... ez a k\u00f6rnyezet, ahol van egy biztons\u00e1gi h\u00e1l\u00f3d: tudod, hogy az\u00e9rt vagy ott, hogy tanulj, hogy magadat add<br>Fejjel a falnak. Ha valami nem m\u0171k\u00f6dik, az nem probl\u00e9ma; a k\u00f6vetkez\u0151 f\u00e9l\u00e9vben tudni fogod, mit kell tenned.<br>Dolgozni kell. Itt egy kicsit m\u00e1s a helyzet.<\/p>\n\n\n\n<!--more-->\n\n\n\n<p class=\"wp-block-paragraph\"><br><strong>RR: <\/strong><em>M\u00e1r ismered a zenekart. Dolgozt\u00e1l vagy dolgozol most is n\u00e9h\u00e1nyukkal k\u00fcl\u00f6nb\u00f6z\u0151 projekteken.<br>Hogyan gondolod, hogy ez seg\u00edt a m\u0171soron val\u00f3 munka folyamat\u00e1ban?<\/em><br><strong>TN:<\/strong> M\u00e1r ismerem a zenekart, l\u00e1ttam a sz\u00edn\u00e9szeket az \u00e9vek sor\u00e1n k\u00fcl\u00f6nb\u00f6z\u0151 el\u0151ad\u00e1sokban, \u00e9s van egy elk\u00e9pzel\u00e9sem...<br>r\u00e9szletesebben arr\u00f3l, hogyan tudom \u00e9rt\u00e9kelni \u0151ket.<\/p>\n\n\n\n<p class=\"wp-block-paragraph\"><br><strong>RR: <\/strong><em>Mi a m\u0171v\u00e9szi kr\u00e9d\u00f3d? Mik a m\u0171v\u00e9szi t\u00f6rekv\u00e9seid? Mit gondolsz, mit kellene \u00e9s mit kellene tenned?<br>Minek nem szabadna lennie egy sz\u00ednh\u00e1znak?<\/em><br><strong>TN: <\/strong>Az egyetem els\u0151 \u00e9v\u00e9ben a szoci\u00e1lis sz\u00ednh\u00e1z gondolat\u00e1ra koncentr\u00e1ltam. Egy olyan sz\u00ednh\u00e1zra, amely a<br>t\u00e1rsadalmi t\u00e9m\u00e1k, amelyek a t\u00e1rsas\u00e1gi \u00e9letet \u00e9rintik, \u00e9s bizonyos k\u00e9rd\u00e9seket vetnek fel, de<br>Az \u00e9vek sor\u00e1n r\u00e1j\u00f6ttem, hogy a sz\u00ednh\u00e1znak val\u00f3j\u00e1ban nincs akkora ereje, mint gondoln\u00e1nk.<br>szeretn\u00e9nk hinni, hogy igen. \u00c9vek \u00f3ta j\u00e1tszom a n\u00e9psz\u00ednh\u00e1z gondolat\u00e1val, vagy m\u00e1s sz\u00f3val,<br>egy olyan sz\u00ednh\u00e1z, amely a lehet\u0151 legt\u00f6bb embert igyekszik el\u00e9rni. Vagyis egy olyan sz\u00ednh\u00e1z, amely sz\u00f3rakoztat,<br>Izgalmas\u00edt, bosszant; n\u00e9ha n\u00e9mi b\u00f6lcselked\u00e9ssel, n\u00e9ha fegyverekkel \u00e9s k\u00e1romkod\u00e1ssal.<br>Mindenb\u0151l egy kicsit; v\u00e9g\u00fcl is olyan, mint az \u00e9let. Nem akarok k\u00e9pletekre, kateg\u00f3ri\u00e1kra koncentr\u00e1lni,<br>sablonok. \u00dagy t\u0171nik sz\u00e1momra, hogy ami a legfontosabb \u2013 legyen sz\u00f3 ak\u00e1r egy m\u0171sorr\u00f3l, ak\u00e1r b\u00e1rmi m\u00e1sr\u00f3l<br>alkot\u00e1s \u2013 annyit tesz, mint hinni benne, adni \u00f6nmagadb\u00f3l; hogy a saj\u00e1t elemeid is benne legyenek ebben a produkci\u00f3ban.<\/p>\n\n\n\n<p class=\"wp-block-paragraph\"><br><strong>RR:<\/strong> <em>Ha \u00e1tgondoln\u00e1d az iskol\u00e1ban kapott tan\u00e1csokat, \u00e9s megpr\u00f3b\u00e1ln\u00e1d megval\u00f3s\u00edtani azokat...<br>amit a sz\u00ednpadi munk\u00e1idban haszn\u00e1lsz, mi lenne az?<\/em><br><strong>TN: <\/strong>A tan\u00e1rom, Ovidiu Cai\u021ba, seg\u00edtett abban, hogy a megszokott\u00f3l elt\u00e9r\u0151en gondolkodjak, \u00e9s ne korl\u00e1tozzam magam.<br>n\u00e9h\u00e1ny steril \u00e9rvel\u00e9sre \u00e9s logik\u00e1ra. Az el\u0151ad\u00e1s ritmusa, az \u00e9rz\u00e9sek, amiket egy jelenet okoz<br>sokkal fontosabbak p\u00e9ld\u00e1ul. A kreativit\u00e1s akkor hasznos, ha tiszt\u00e1n<br>Csak csin\u00e1ld, \u00e9s hagyd, hogy a gondolataid szabadon \u00e1ramoljanak.<\/p>\n\n\n\n<p class=\"wp-block-paragraph\"><strong>RR:<\/strong> <em>Vannak olyan rendez\u0151k vagy teoretikusok, akiknek az ir\u00e1nyvonal\u00e1t vagy eszt\u00e9tik\u00e1j\u00e1t \u00d6n szerint...<br>kompatibilis a rendez\u0151i elk\u00e9pzel\u00e9seiddel?<\/em><br><strong>TN:<\/strong> A sz\u00ednh\u00e1zban az ut\u00f3bbi \u00e9vekben nem. R\u00e9gebben volt egy list\u00e1m a 3-5 kedvenc rendez\u0151mr\u0151l.<br>Id\u0151vel m\u00e1r nem hivatkoztam erre a list\u00e1ra, pontosan a \u201enincsenek k\u00e9pletek \u00e9s<br>kateg\u00f3ri\u00e1k, hanem amit \u00e9rzek&quot;; ehelyett t\u00f6bb modellt veszek a filmb\u0151l. Konkr\u00e9tan: Martin<br>Scorsese, Quentin Tarantino, Christopher Nolan, Guy Ritchie.<\/p>\n\n\n\n<p class=\"wp-block-paragraph\"><strong>RR:<\/strong> <em>Mivel eml\u00edtetted a filmet, az eszt\u00e9tik\u00e1d \u00f6tv\u00f6zi a kett\u0151t: a sz\u00ednh\u00e1zat \u00e9s a filmet?<\/em><br><strong>TN: <\/strong>Egy kicsit fiatal vagyok m\u00e9g, \u00e9s az utamon az elej\u00e9n j\u00e1rok ahhoz, hogy v\u00e9gleges v\u00e1laszt adjak, de azt hiszem, a sz\u00ednh\u00e1z k\u00e9pes r\u00e1<br>k\u00f6lcs\u00f6n\u00f6zni a filmb\u0151l \u2013 hogy ezek \u00f6tletek, hogy ezek megk\u00f6zel\u00edt\u00e9sek. Nem hiszek egy olyan sz\u00ednh\u00e1zban, amelyik rosszul haszn\u00e1lja ki<br>vide\u00f3elemek. A sz\u00ednh\u00e1znak van egy bizonyos saj\u00e1toss\u00e1ga, a filmnek egy m\u00e1sik, \u00e9s teljesen rendben van, hogy ezek...<br>Ugyanakkor a sz\u00ednh\u00e1znak meg kell \u00e9rtenie, hogy a vil\u00e1g fejl\u0151dik \u00e9s v\u00e1ltozik; ahhoz, hogy...<br>tudat\u00e1ban annak, hogy nem maradhat lek\u00f6tve ann\u00e1l, ami tegnapel\u0151tt \u00e9rv\u00e9nyes volt.<\/p>\n\n\n\n<p class=\"wp-block-paragraph\"><br><strong>RR: <\/strong><em>A m\u0171sor egy manaps\u00e1g sokat vitatott t\u00e9m\u00e1t boncolgat: az ember \u00e9s a ... egy\u00fctt\u00e9l\u00e9s\u00e9t.<br>technol\u00f3gia. Hogyan tervezi kiakn\u00e1zni ezt az ir\u00e1nyt, \u00e9s mennyire \u00edg\u00e9retes a<br>rendez\u0151i szempontb\u00f3l?<\/em><br><strong>TN: <\/strong>Egy pr\u00f3b\u00e1n egyszer\u0171en r\u00e1j\u00f6ttem: \u201eM\u00e9g soha nem l\u00e1ttam ilyet<br>\u201dandroid show\u201d, azt\u00e1n r\u00e1j\u00f6ttem, hogy ez egy nagyon nagy kih\u00edv\u00e1s lesz. Tov\u00e1bbra is csin\u00e1lt\u00e1k<br>filmek, sorozatok, videoj\u00e1t\u00e9kok androidokkal, amelyek egy\u00fctt \u00e9lnek az emberekkel. Egy\u00e9bk\u00e9nt mi\u00e9rt k\u00e9rdezt\u00e9l engem err\u0151l<br>sz\u00ednh\u00e1zban \u00e9s filmben, bizonyos \u00e9rtelemben k\u00f6nnyebb egy androidot \u00e1br\u00e1zolni egy filmben, pontosan az\u00e9rt, mert van<br>sokkal t\u00f6bb technikai eszk\u00f6zt kell haszn\u00e1lni; m\u00edg a sz\u00ednh\u00e1zban alkalmazkodni kell \u00e9s<br>hogy ezeket az elemeket leford\u00edtsam. Nem lesznek olyan l\u00e1tv\u00e1nyosak, mint egy filmben, de szerintem m\u00e9gis az<br>hogy ez valami \u00faj.<\/p>\n\n\n\n<p class=\"wp-block-paragraph\"><br><strong>RR:<\/strong> <em>Azt mondtad, hogy r\u00e1j\u00f6tt\u00e9l, hogy m\u00e9g nem l\u00e1tt\u00e1l androidos m\u0171sorokat, szerinted ez...<br>sz\u00fcks\u00e9ges, hogy a sz\u00ednh\u00e1z akt\u00edvan elkezdjen foglalkozni ezzel a t\u00e9m\u00e1val: a technol\u00f3gia jelenl\u00e9t\u00e9vel a<br>\u00e9let\u00fcnk, a mesters\u00e9ges intelligencia jelenl\u00e9te, milyen lehet a j\u00f6v\u0151 a technol\u00f3giai t\u00e1rsadalomban?<\/em><br><strong>TN: <\/strong>Abszol\u00fat. Ahogy telik az \u00e9v, a mesters\u00e9ges intelligencia egyre jobban fejl\u0151dik. Nem tudom.<br>Mikor fogunk m\u00e1r androidokat l\u00e1tni az utc\u00e1n \u00fagy, ahogy a sorozatban \u00e1br\u00e1zolj\u00e1k \u0151ket, de mindegy is,<br>Nem \u00e1rtana ezeket a t\u00e9m\u00e1kat intenz\u00edvebben megk\u00f6zel\u00edteni. Sokak f\u0151 f\u00e9lelme az, hogy hogyan<br>olyan entit\u00e1sokkal l\u00e9pnek kapcsolatba, amelyeknek nincs tudatuk. Azt hiszem, sok embernek az a benyom\u00e1sa, hogy,<br>Mivel nincs lelkiismeret\u00fck, az androidok k\u00e9ptelenek lenn\u00e9nek k\u00fcl\u00f6nbs\u00e9get tenni a j\u00f3 \u00e9s a rossz k\u00f6z\u00f6tt, ez\u00e9rt<br>ami vesz\u00e9lyes viselked\u00e9s\u0171 entit\u00e1sokat eredm\u00e9nyezett. B\u00e1r eddig minden \u201enagy\u201d pszichopata \u00e9s<br>A b\u0171n\u00f6z\u0151k, akiket a vil\u00e1g adott nek\u00fcnk, emberek voltak \u00e9s azok is; akiknek \u00e1ll\u00edt\u00f3lag van lelkiismeret\u00fck. Sz\u00f3val\u2026<\/p>\n\n\n\n<p class=\"wp-block-paragraph\"><br><strong>RR: <\/strong><em>Hogyan haladt eddig a munkafolyamat, \u00e9s milyen neh\u00e9zs\u00e9gekbe \u00fctk\u00f6z\u00f6tt?<\/em><br><strong>TN: <\/strong>Hat\u00e9konyan dolgoztunk, j\u00f3l kihaszn\u00e1ltuk a rendelkez\u00e9s\u00fcnkre \u00e1ll\u00f3 id\u0151t, alkalmazkodtunk<br>a t\u00e9r, ahol pr\u00f3b\u00e1lnunk kellett. \u00c1lland\u00f3 kih\u00edv\u00e1s volt sz\u00e1munkra, hogy hogyan<br>ezt az univerzumot, amelyben emberek \u00e9s androidok egyar\u00e1nt \u00e9lnek, a lehet\u0151 legigazs\u00e1gosabbnak k\u00e9pzelj\u00fck el. Legyen ez egy olyan univerzum,<br>SF, de ugyanakkor k\u00e9zzelfoghat\u00f3 val\u00f3s\u00e1gg\u00e1 kellene v\u00e1lnia.<\/p>\n\n\n\n<p class=\"wp-block-paragraph\"><br><strong>RR: <\/strong><em>A j\u00f6v\u0151beli projektjeid, k\u00fcl\u00f6n\u00f6sen a sz\u00ednh\u00e1zi projektek ter\u00e9n, milyen t\u00e9m\u00e1kon szeretn\u00e9l dolgozni?<br>szeretne foglalkozni, vagy amir\u0151l \u00fagy gondolja, hogy foglalkozni kellene vele?<\/em><br><strong>TN:<\/strong> Majd ha olyan sz\u00f6vegekre bukkanok, amik jelentenek nekem valamit, akkor tudom meg. Addig is,<br>\u00c1ltal\u00e1noss\u00e1gban elmondhat\u00f3, hogy az emberek k\u00f6z\u00f6tti kapcsolatok \u00e9rdekelnek... Tudom, hogy van v\u00e1lasz<br>l\u00e1tv\u00e1nytalan, de v\u00e9gs\u0151 soron a tetteinkb\u0151l, nevezetesen abb\u00f3l, ahogyan viszonyulunk<br>\u00e9s k\u00f6lcs\u00f6nhat\u00e1sba l\u00e9p\u00fcnk egym\u00e1ssal, minden \u00fagy alakul, ahogy kell. Szeretn\u00e9k a j\u00f6v\u0151ben mesters\u00e9ges intelligenci\u00e1val kapcsolatos projekteket csin\u00e1lni.<br>androidok \u00e9s egyre jelent\u0151sebb jelenl\u00e9t\u00fck az \u00e9let\u00fcnkben.<\/p>\n\n\n\n<p class=\"wp-block-paragraph\"><br><strong>RR: <\/strong><em>Ha ki kellene v\u00e1lasztanod egy dolgot a m\u0171sorb\u00f3l, amivel az emberek a t\u00e1voz\u00e1suk ut\u00e1n is maradn\u00e1nak,<br>a sz\u00ednh\u00e1zb\u00f3l, melyik lenne az?<\/em><br><strong>TN: <\/strong>Az a t\u00e9ny, hogy mind az embernek, mind a mesters\u00e9ges intelligenci\u00e1nak vannak er\u0151ss\u00e9gei \u00e9s gyenges\u00e9gei.<\/p>","protected":false},"excerpt":{"rendered":"<p>Text preluat de pe LiterNet.ro R\u0103zvan Roca\u0219.: Cum este s\u0103 fii pentru prima oar\u0103 pe scaunul de regizor \u00eentr-un teatru?Toni Nica: Stresant, pentru c\u0103 sim\u021bi c\u0103 ai mai mult\u0103 presiune pe umeri dec\u00e2t \u00een facultate. Facultateaeste altceva\u2026 este mediul \u00een care ai o plas\u0103 de siguran\u021b\u0103: \u0219tii c\u0103 e\u0219ti acolo s\u0103 \u00eenve\u021bi, s\u0103 te daicu [&hellip;]<\/p>\n","protected":false},"author":1,"featured_media":14130,"comment_status":"closed","ping_status":"closed","sticky":false,"template":"","format":"standard","meta":{"_acf_changed":false,"footnotes":""},"categories":[213],"tags":[],"class_list":["post-14129","post","type-post","status-publish","format-standard","has-post-thumbnail","hentry","category-aparitii-media"],"aioseo_notices":[],"aioseo_head":"\n\t\t<!-- All in One SEO Pro 5.0.1.1 - aioseo.com -->\n\t<meta name=\"description\" content=\"Text preluat de pe LiterNet.ro R\u0103zvan Roca\u0219.: Cum este s\u0103 fii pentru prima oar\u0103 pe scaunul de regizor \u00eentr-un teatru?Toni Nica: Stresant, pentru c\u0103 sim\u021bi c\u0103 ai mai mult\u0103 presiune pe umeri dec\u00e2t \u00een facultate. Facultateaeste altceva\u2026 este mediul \u00een care ai o plas\u0103 de siguran\u021b\u0103: \u0219tii c\u0103 e\u0219ti acolo s\u0103 \u00eenve\u021bi, s\u0103 te daicu\" \/>\n\t<meta name=\"robots\" content=\"max-image-preview:large\" \/>\n\t<meta name=\"author\" content=\"Teatrul Regina Maria\"\/>\n\t<link rel=\"canonical\" href=\"https:\/\/www.teatrulreginamaria.ro\/hu\/coabitarea-in-realitatea-tehnologica-interviu-cu-toni-nica\/\" \/>\n\t<meta name=\"generator\" content=\"All in One SEO Pro (AIOSEO) 5.0.1.1\" \/>\n\t\t<meta property=\"og:locale\" content=\"hu_HU\" \/>\n\t\t<meta property=\"og:site_name\" content=\"Teatrul Regina Maria Oradea - Trupa Iosif Vulcan \u0219i Trupa Arcadia\" \/>\n\t\t<meta property=\"og:type\" content=\"article\" \/>\n\t\t<meta property=\"og:title\" content=\"Coabitarea \u00een realitatea tehnologic\u0103 \u2013 Interviu cu Toni Nica - Teatrul Regina Maria Oradea\" \/>\n\t\t<meta property=\"og:description\" content=\"Text preluat de pe LiterNet.ro R\u0103zvan Roca\u0219.: Cum este s\u0103 fii pentru prima oar\u0103 pe scaunul de regizor \u00eentr-un teatru?Toni Nica: Stresant, pentru c\u0103 sim\u021bi c\u0103 ai mai mult\u0103 presiune pe umeri dec\u00e2t \u00een facultate. Facultateaeste altceva\u2026 este mediul \u00een care ai o plas\u0103 de siguran\u021b\u0103: \u0219tii c\u0103 e\u0219ti acolo s\u0103 \u00eenve\u021bi, s\u0103 te daicu\" \/>\n\t\t<meta property=\"og:url\" content=\"https:\/\/www.teatrulreginamaria.ro\/hu\/coabitarea-in-realitatea-tehnologica-interviu-cu-toni-nica\/\" \/>\n\t\t<meta property=\"og:image\" content=\"https:\/\/www.teatrulreginamaria.ro\/wp-content\/uploads\/2025\/03\/trm-istoric-01.jpg\" \/>\n\t\t<meta property=\"og:image:secure_url\" content=\"https:\/\/www.teatrulreginamaria.ro\/wp-content\/uploads\/2025\/03\/trm-istoric-01.jpg\" \/>\n\t\t<meta property=\"og:image:width\" content=\"1200\" \/>\n\t\t<meta property=\"og:image:height\" content=\"800\" \/>\n\t\t<meta property=\"article:published_time\" content=\"2025-01-10T13:00:00+00:00\" \/>\n\t\t<meta property=\"article:modified_time\" content=\"2025-11-03T12:00:26+00:00\" \/>\n\t\t<meta property=\"article:publisher\" content=\"https:\/\/www.facebook.com\/TRMTrupaIosifVulcan\/\" \/>\n\t\t<meta name=\"twitter:card\" content=\"summary_large_image\" \/>\n\t\t<meta name=\"twitter:site\" content=\"@TRMOradea\" \/>\n\t\t<meta name=\"twitter:title\" content=\"Coabitarea \u00een realitatea tehnologic\u0103 \u2013 Interviu cu Toni Nica - Teatrul Regina Maria Oradea\" \/>\n\t\t<meta name=\"twitter:description\" content=\"Text preluat de pe LiterNet.ro R\u0103zvan Roca\u0219.: Cum este s\u0103 fii pentru prima oar\u0103 pe scaunul de regizor \u00eentr-un teatru?Toni Nica: Stresant, pentru c\u0103 sim\u021bi c\u0103 ai mai mult\u0103 presiune pe umeri dec\u00e2t \u00een facultate. Facultateaeste altceva\u2026 este mediul \u00een care ai o plas\u0103 de siguran\u021b\u0103: \u0219tii c\u0103 e\u0219ti acolo s\u0103 \u00eenve\u021bi, s\u0103 te daicu\" \/>\n\t\t<meta name=\"twitter:creator\" content=\"@TRMOradea\" \/>\n\t\t<meta name=\"twitter:image\" content=\"https:\/\/www.teatrulreginamaria.ro\/wp-content\/uploads\/2025\/03\/trm-istoric-01.jpg\" \/>\n\t\t<script type=\"application\/ld+json\" class=\"aioseo-schema\">\n\t\t\t{\"@context\":\"https:\\\/\\\/schema.org\",\"@graph\":[{\"@type\":\"BlogPosting\",\"@id\":\"https:\\\/\\\/www.teatrulreginamaria.ro\\\/hu\\\/coabitarea-in-realitatea-tehnologica-interviu-cu-toni-nica\\\/#blogposting\",\"name\":\"Coabitarea \\u00een realitatea tehnologic\\u0103 \\u2013 Interviu cu Toni Nica - Teatrul Regina Maria Oradea\",\"headline\":\"Coabitarea \\u00een realitatea tehnologic\\u0103 &#8211; Interviu cu Toni Nica\",\"author\":{\"@id\":\"https:\\\/\\\/www.teatrulreginamaria.ro\\\/hu\\\/author\\\/iulianm\\\/#author\"},\"publisher\":{\"@id\":\"https:\\\/\\\/www.teatrulreginamaria.ro\\\/hu\\\/#organization\"},\"image\":{\"@type\":\"ImageObject\",\"url\":\"https:\\\/\\\/www.teatrulreginamaria.ro\\\/wp-content\\\/uploads\\\/2025\\\/11\\\/TONI-NICA.jpeg\",\"width\":1080,\"height\":1080},\"datePublished\":\"2025-01-10T15:00:00+02:00\",\"dateModified\":\"2025-11-03T14:00:26+02:00\",\"inLanguage\":\"hu-HU\",\"mainEntityOfPage\":{\"@id\":\"https:\\\/\\\/www.teatrulreginamaria.ro\\\/hu\\\/coabitarea-in-realitatea-tehnologica-interviu-cu-toni-nica\\\/#webpage\"},\"isPartOf\":{\"@id\":\"https:\\\/\\\/www.teatrulreginamaria.ro\\\/hu\\\/coabitarea-in-realitatea-tehnologica-interviu-cu-toni-nica\\\/#webpage\"},\"articleSection\":\"Apari\\u021bii media\"},{\"@type\":\"BreadcrumbList\",\"@id\":\"https:\\\/\\\/www.teatrulreginamaria.ro\\\/hu\\\/coabitarea-in-realitatea-tehnologica-interviu-cu-toni-nica\\\/#breadcrumblist\",\"itemListElement\":[{\"@type\":\"ListItem\",\"@id\":\"https:\\\/\\\/www.teatrulreginamaria.ro\\\/hu#listItem\",\"position\":1,\"name\":\"Home\",\"item\":\"https:\\\/\\\/www.teatrulreginamaria.ro\\\/hu\",\"nextItem\":{\"@type\":\"ListItem\",\"@id\":\"https:\\\/\\\/www.teatrulreginamaria.ro\\\/hu\\\/categorie\\\/aparitii-media\\\/#listItem\",\"name\":\"Apari\\u021bii media\"}},{\"@type\":\"ListItem\",\"@id\":\"https:\\\/\\\/www.teatrulreginamaria.ro\\\/hu\\\/categorie\\\/aparitii-media\\\/#listItem\",\"position\":2,\"name\":\"Apari\\u021bii media\",\"item\":\"https:\\\/\\\/www.teatrulreginamaria.ro\\\/hu\\\/categorie\\\/aparitii-media\\\/\",\"nextItem\":{\"@type\":\"ListItem\",\"@id\":\"https:\\\/\\\/www.teatrulreginamaria.ro\\\/hu\\\/coabitarea-in-realitatea-tehnologica-interviu-cu-toni-nica\\\/#listItem\",\"name\":\"Coabitarea \\u00een realitatea tehnologic\\u0103 &#8211; Interviu cu Toni Nica\"},\"previousItem\":{\"@type\":\"ListItem\",\"@id\":\"https:\\\/\\\/www.teatrulreginamaria.ro\\\/hu#listItem\",\"name\":\"Home\"}},{\"@type\":\"ListItem\",\"@id\":\"https:\\\/\\\/www.teatrulreginamaria.ro\\\/hu\\\/coabitarea-in-realitatea-tehnologica-interviu-cu-toni-nica\\\/#listItem\",\"position\":3,\"name\":\"Coabitarea \\u00een realitatea tehnologic\\u0103 &#8211; Interviu cu Toni Nica\",\"previousItem\":{\"@type\":\"ListItem\",\"@id\":\"https:\\\/\\\/www.teatrulreginamaria.ro\\\/hu\\\/categorie\\\/aparitii-media\\\/#listItem\",\"name\":\"Apari\\u021bii media\"}}]},{\"@type\":\"Organization\",\"@id\":\"https:\\\/\\\/www.teatrulreginamaria.ro\\\/hu\\\/#organization\",\"name\":\"Teatrul Regina Maria Oradea\",\"description\":\"Trupa Iosif Vulcan \\u0219i Trupa Arcadia\",\"url\":\"https:\\\/\\\/www.teatrulreginamaria.ro\\\/hu\\\/\",\"email\":\"marketing@teatrulreginamaria.ro\",\"telephone\":\"+40359411534\",\"numberOfEmployees\":{\"@type\":\"QuantitativeValue\",\"minValue\":0,\"maxValue\":150},\"logo\":{\"@type\":\"ImageObject\",\"url\":\"https:\\\/\\\/www.teatrulreginamaria.ro\\\/wp-content\\\/uploads\\\/2025\\\/06\\\/logo-trm-01-dark.png\",\"@id\":\"https:\\\/\\\/www.teatrulreginamaria.ro\\\/hu\\\/coabitarea-in-realitatea-tehnologica-interviu-cu-toni-nica\\\/#organizationLogo\",\"width\":300,\"height\":148},\"image\":{\"@id\":\"https:\\\/\\\/www.teatrulreginamaria.ro\\\/hu\\\/coabitarea-in-realitatea-tehnologica-interviu-cu-toni-nica\\\/#organizationLogo\"},\"sameAs\":[\"https:\\\/\\\/www.facebook.com\\\/TRMTrupaIosifVulcan\\\/\",\"https:\\\/\\\/x.com\\\/TRMOradea\",\"https:\\\/\\\/www.instagram.com\\\/teatrul_regina_maria\\\/\",\"https:\\\/\\\/www.youtube.com\\\/c\\\/TeatrulReginaMariaOradea\",\"https:\\\/\\\/www.linkedin.com\\\/company\\\/teatrul-regina-maria\"]},{\"@type\":\"Person\",\"@id\":\"https:\\\/\\\/www.teatrulreginamaria.ro\\\/hu\\\/author\\\/iulianm\\\/#author\",\"url\":\"https:\\\/\\\/www.teatrulreginamaria.ro\\\/hu\\\/author\\\/iulianm\\\/\",\"name\":\"Teatrul Regina Maria\",\"image\":{\"@type\":\"ImageObject\",\"@id\":\"https:\\\/\\\/www.teatrulreginamaria.ro\\\/hu\\\/coabitarea-in-realitatea-tehnologica-interviu-cu-toni-nica\\\/#authorImage\",\"url\":\"https:\\\/\\\/secure.gravatar.com\\\/avatar\\\/49af75bc1b3eb710073d2f37927ea27e6c274a29562ef49edfc6bcf11b9e941d?s=96&d=mm&r=g\",\"width\":96,\"height\":96,\"caption\":\"Teatrul Regina Maria\"}},{\"@type\":\"WebPage\",\"@id\":\"https:\\\/\\\/www.teatrulreginamaria.ro\\\/hu\\\/coabitarea-in-realitatea-tehnologica-interviu-cu-toni-nica\\\/#webpage\",\"url\":\"https:\\\/\\\/www.teatrulreginamaria.ro\\\/hu\\\/coabitarea-in-realitatea-tehnologica-interviu-cu-toni-nica\\\/\",\"name\":\"Coabitarea \\u00een realitatea tehnologic\\u0103 \\u2013 Interviu cu Toni Nica - Teatrul Regina Maria Oradea\",\"description\":\"Text preluat de pe LiterNet.ro R\\u0103zvan Roca\\u0219.: Cum este s\\u0103 fii pentru prima oar\\u0103 pe scaunul de regizor \\u00eentr-un teatru?Toni Nica: Stresant, pentru c\\u0103 sim\\u021bi c\\u0103 ai mai mult\\u0103 presiune pe umeri dec\\u00e2t \\u00een facultate. Facultateaeste altceva\\u2026 este mediul \\u00een care ai o plas\\u0103 de siguran\\u021b\\u0103: \\u0219tii c\\u0103 e\\u0219ti acolo s\\u0103 \\u00eenve\\u021bi, s\\u0103 te daicu\",\"inLanguage\":\"hu-HU\",\"isPartOf\":{\"@id\":\"https:\\\/\\\/www.teatrulreginamaria.ro\\\/hu\\\/#website\"},\"breadcrumb\":{\"@id\":\"https:\\\/\\\/www.teatrulreginamaria.ro\\\/hu\\\/coabitarea-in-realitatea-tehnologica-interviu-cu-toni-nica\\\/#breadcrumblist\"},\"author\":{\"@id\":\"https:\\\/\\\/www.teatrulreginamaria.ro\\\/hu\\\/author\\\/iulianm\\\/#author\"},\"creator\":{\"@id\":\"https:\\\/\\\/www.teatrulreginamaria.ro\\\/hu\\\/author\\\/iulianm\\\/#author\"},\"image\":{\"@type\":\"ImageObject\",\"url\":\"https:\\\/\\\/www.teatrulreginamaria.ro\\\/wp-content\\\/uploads\\\/2025\\\/11\\\/TONI-NICA.jpeg\",\"@id\":\"https:\\\/\\\/www.teatrulreginamaria.ro\\\/hu\\\/coabitarea-in-realitatea-tehnologica-interviu-cu-toni-nica\\\/#mainImage\",\"width\":1080,\"height\":1080},\"primaryImageOfPage\":{\"@id\":\"https:\\\/\\\/www.teatrulreginamaria.ro\\\/hu\\\/coabitarea-in-realitatea-tehnologica-interviu-cu-toni-nica\\\/#mainImage\"},\"datePublished\":\"2025-01-10T15:00:00+02:00\",\"dateModified\":\"2025-11-03T14:00:26+02:00\"},{\"@type\":\"WebSite\",\"@id\":\"https:\\\/\\\/www.teatrulreginamaria.ro\\\/hu\\\/#website\",\"url\":\"https:\\\/\\\/www.teatrulreginamaria.ro\\\/hu\\\/\",\"name\":\"Teatrul Regina Maria Oradea\",\"alternateName\":\"TRM Oradea\",\"description\":\"Trupa Iosif Vulcan \\u0219i Trupa Arcadia\",\"inLanguage\":\"hu-HU\",\"publisher\":{\"@id\":\"https:\\\/\\\/www.teatrulreginamaria.ro\\\/hu\\\/#organization\"}}]}\n\t\t<\/script>\n\t\t<!-- All in One SEO Pro -->\r\n\t\t<title>Coabitarea \u00een realitatea tehnologic\u0103 \u2013 Interviu cu Toni Nica - Teatrul Regina Maria Oradea<\/title>\n\n","aioseo_head_json":{"title":"Egy\u00fctt\u00e9l\u00e9s a technol\u00f3giai val\u00f3s\u00e1gban \u2013 Interj\u00fa Toni Nic\u00e1val - Regina Maria Sz\u00ednh\u00e1z Nagyv\u00e1radon","description":"Sz\u00f6veg a LiterNet.ro oldalr\u00f3l. R\u0103zvan Roca\u0219.: Milyen \u00e9rz\u00e9s el\u0151sz\u00f6r rendez\u0151i sz\u00e9kben \u00fclni egy sz\u00ednh\u00e1zban? Toni Nica: Stresszes, mert \u00fagy \u00e9rzed, nagyobb nyom\u00e1s nehezedik a v\u00e1lladra, mint az egyetemen. Az egyetem valami m\u00e1s... ez az a k\u00f6rnyezet, ahol van egy biztons\u00e1gi h\u00e1l\u00f3d: tudod, hogy az\u00e9rt vagy ott, hogy tanulj, hogy magadat add.","canonical_url":"https:\/\/www.teatrulreginamaria.ro\/hu\/coabitarea-in-realitatea-tehnologica-interviu-cu-toni-nica\/","robots":"max-image-preview:large","keywords":"","webmasterTools":{"miscellaneous":""},"schema":{"@context":"https:\/\/schema.org","@graph":[{"@type":"BlogPosting","@id":"https:\/\/www.teatrulreginamaria.ro\/hu\/coabitarea-in-realitatea-tehnologica-interviu-cu-toni-nica\/#blogposting","name":"Coabitarea \u00een realitatea tehnologic\u0103 \u2013 Interviu cu Toni Nica - Teatrul Regina Maria Oradea","headline":"Coabitarea \u00een realitatea tehnologic\u0103 &#8211; Interviu cu Toni Nica","author":{"@id":"https:\/\/www.teatrulreginamaria.ro\/hu\/author\/iulianm\/#author"},"publisher":{"@id":"https:\/\/www.teatrulreginamaria.ro\/hu\/#organization"},"image":{"@type":"ImageObject","url":"https:\/\/www.teatrulreginamaria.ro\/wp-content\/uploads\/2025\/11\/TONI-NICA.jpeg","width":1080,"height":1080},"datePublished":"2025-01-10T15:00:00+02:00","dateModified":"2025-11-03T14:00:26+02:00","inLanguage":"hu-HU","mainEntityOfPage":{"@id":"https:\/\/www.teatrulreginamaria.ro\/hu\/coabitarea-in-realitatea-tehnologica-interviu-cu-toni-nica\/#webpage"},"isPartOf":{"@id":"https:\/\/www.teatrulreginamaria.ro\/hu\/coabitarea-in-realitatea-tehnologica-interviu-cu-toni-nica\/#webpage"},"articleSection":"Apari\u021bii media"},{"@type":"BreadcrumbList","@id":"https:\/\/www.teatrulreginamaria.ro\/hu\/coabitarea-in-realitatea-tehnologica-interviu-cu-toni-nica\/#breadcrumblist","itemListElement":[{"@type":"ListItem","@id":"https:\/\/www.teatrulreginamaria.ro\/hu#listItem","position":1,"name":"Home","item":"https:\/\/www.teatrulreginamaria.ro\/hu","nextItem":{"@type":"ListItem","@id":"https:\/\/www.teatrulreginamaria.ro\/hu\/categorie\/aparitii-media\/#listItem","name":"Apari\u021bii media"}},{"@type":"ListItem","@id":"https:\/\/www.teatrulreginamaria.ro\/hu\/categorie\/aparitii-media\/#listItem","position":2,"name":"Apari\u021bii media","item":"https:\/\/www.teatrulreginamaria.ro\/hu\/categorie\/aparitii-media\/","nextItem":{"@type":"ListItem","@id":"https:\/\/www.teatrulreginamaria.ro\/hu\/coabitarea-in-realitatea-tehnologica-interviu-cu-toni-nica\/#listItem","name":"Coabitarea \u00een realitatea tehnologic\u0103 &#8211; Interviu cu Toni Nica"},"previousItem":{"@type":"ListItem","@id":"https:\/\/www.teatrulreginamaria.ro\/hu#listItem","name":"Home"}},{"@type":"ListItem","@id":"https:\/\/www.teatrulreginamaria.ro\/hu\/coabitarea-in-realitatea-tehnologica-interviu-cu-toni-nica\/#listItem","position":3,"name":"Coabitarea \u00een realitatea tehnologic\u0103 &#8211; Interviu cu Toni Nica","previousItem":{"@type":"ListItem","@id":"https:\/\/www.teatrulreginamaria.ro\/hu\/categorie\/aparitii-media\/#listItem","name":"Apari\u021bii media"}}]},{"@type":"Organization","@id":"https:\/\/www.teatrulreginamaria.ro\/hu\/#organization","name":"Teatrul Regina Maria Oradea","description":"Trupa Iosif Vulcan \u0219i Trupa Arcadia","url":"https:\/\/www.teatrulreginamaria.ro\/hu\/","email":"marketing@teatrulreginamaria.ro","telephone":"+40359411534","numberOfEmployees":{"@type":"QuantitativeValue","minValue":0,"maxValue":150},"logo":{"@type":"ImageObject","url":"https:\/\/www.teatrulreginamaria.ro\/wp-content\/uploads\/2025\/06\/logo-trm-01-dark.png","@id":"https:\/\/www.teatrulreginamaria.ro\/hu\/coabitarea-in-realitatea-tehnologica-interviu-cu-toni-nica\/#organizationLogo","width":300,"height":148},"image":{"@id":"https:\/\/www.teatrulreginamaria.ro\/hu\/coabitarea-in-realitatea-tehnologica-interviu-cu-toni-nica\/#organizationLogo"},"sameAs":["https:\/\/www.facebook.com\/TRMTrupaIosifVulcan\/","https:\/\/x.com\/TRMOradea","https:\/\/www.instagram.com\/teatrul_regina_maria\/","https:\/\/www.youtube.com\/c\/TeatrulReginaMariaOradea","https:\/\/www.linkedin.com\/company\/teatrul-regina-maria"]},{"@type":"Person","@id":"https:\/\/www.teatrulreginamaria.ro\/hu\/author\/iulianm\/#author","url":"https:\/\/www.teatrulreginamaria.ro\/hu\/author\/iulianm\/","name":"Teatrul Regina Maria","image":{"@type":"ImageObject","@id":"https:\/\/www.teatrulreginamaria.ro\/hu\/coabitarea-in-realitatea-tehnologica-interviu-cu-toni-nica\/#authorImage","url":"https:\/\/secure.gravatar.com\/avatar\/49af75bc1b3eb710073d2f37927ea27e6c274a29562ef49edfc6bcf11b9e941d?s=96&d=mm&r=g","width":96,"height":96,"caption":"Teatrul Regina Maria"}},{"@type":"WebPage","@id":"https:\/\/www.teatrulreginamaria.ro\/hu\/coabitarea-in-realitatea-tehnologica-interviu-cu-toni-nica\/#webpage","url":"https:\/\/www.teatrulreginamaria.ro\/hu\/coabitarea-in-realitatea-tehnologica-interviu-cu-toni-nica\/","name":"Coabitarea \u00een realitatea tehnologic\u0103 \u2013 Interviu cu Toni Nica - Teatrul Regina Maria Oradea","description":"Text preluat de pe LiterNet.ro R\u0103zvan Roca\u0219.: Cum este s\u0103 fii pentru prima oar\u0103 pe scaunul de regizor \u00eentr-un teatru?Toni Nica: Stresant, pentru c\u0103 sim\u021bi c\u0103 ai mai mult\u0103 presiune pe umeri dec\u00e2t \u00een facultate. Facultateaeste altceva\u2026 este mediul \u00een care ai o plas\u0103 de siguran\u021b\u0103: \u0219tii c\u0103 e\u0219ti acolo s\u0103 \u00eenve\u021bi, s\u0103 te daicu","inLanguage":"hu-HU","isPartOf":{"@id":"https:\/\/www.teatrulreginamaria.ro\/hu\/#website"},"breadcrumb":{"@id":"https:\/\/www.teatrulreginamaria.ro\/hu\/coabitarea-in-realitatea-tehnologica-interviu-cu-toni-nica\/#breadcrumblist"},"author":{"@id":"https:\/\/www.teatrulreginamaria.ro\/hu\/author\/iulianm\/#author"},"creator":{"@id":"https:\/\/www.teatrulreginamaria.ro\/hu\/author\/iulianm\/#author"},"image":{"@type":"ImageObject","url":"https:\/\/www.teatrulreginamaria.ro\/wp-content\/uploads\/2025\/11\/TONI-NICA.jpeg","@id":"https:\/\/www.teatrulreginamaria.ro\/hu\/coabitarea-in-realitatea-tehnologica-interviu-cu-toni-nica\/#mainImage","width":1080,"height":1080},"primaryImageOfPage":{"@id":"https:\/\/www.teatrulreginamaria.ro\/hu\/coabitarea-in-realitatea-tehnologica-interviu-cu-toni-nica\/#mainImage"},"datePublished":"2025-01-10T15:00:00+02:00","dateModified":"2025-11-03T14:00:26+02:00"},{"@type":"WebSite","@id":"https:\/\/www.teatrulreginamaria.ro\/hu\/#website","url":"https:\/\/www.teatrulreginamaria.ro\/hu\/","name":"Teatrul Regina Maria Oradea","alternateName":"TRM Oradea","description":"Trupa Iosif Vulcan \u0219i Trupa Arcadia","inLanguage":"hu-HU","publisher":{"@id":"https:\/\/www.teatrulreginamaria.ro\/hu\/#organization"}}]},"og:locale":"hu_HU","og:site_name":"Teatrul Regina Maria Oradea - Trupa Iosif Vulcan \u0219i Trupa Arcadia","og:type":"article","og:title":"Coabitarea \u00een realitatea tehnologic\u0103 \u2013 Interviu cu Toni Nica - Teatrul Regina Maria Oradea","og:description":"Text preluat de pe LiterNet.ro R\u0103zvan Roca\u0219.: Cum este s\u0103 fii pentru prima oar\u0103 pe scaunul de regizor \u00eentr-un teatru?Toni Nica: Stresant, pentru c\u0103 sim\u021bi c\u0103 ai mai mult\u0103 presiune pe umeri dec\u00e2t \u00een facultate. Facultateaeste altceva\u2026 este mediul \u00een care ai o plas\u0103 de siguran\u021b\u0103: \u0219tii c\u0103 e\u0219ti acolo s\u0103 \u00eenve\u021bi, s\u0103 te daicu","og:url":"https:\/\/www.teatrulreginamaria.ro\/hu\/coabitarea-in-realitatea-tehnologica-interviu-cu-toni-nica\/","og:image":"https:\/\/www.teatrulreginamaria.ro\/wp-content\/uploads\/2025\/03\/trm-istoric-01.jpg","og:image:secure_url":"https:\/\/www.teatrulreginamaria.ro\/wp-content\/uploads\/2025\/03\/trm-istoric-01.jpg","og:image:width":1200,"og:image:height":800,"article:published_time":"2025-01-10T13:00:00+00:00","article:modified_time":"2025-11-03T12:00:26+00:00","article:publisher":"https:\/\/www.facebook.com\/TRMTrupaIosifVulcan\/","twitter:card":"summary_large_image","twitter:site":"@TRMOradea","twitter:title":"Coabitarea \u00een realitatea tehnologic\u0103 \u2013 Interviu cu Toni Nica - Teatrul Regina Maria Oradea","twitter:description":"Text preluat de pe LiterNet.ro R\u0103zvan Roca\u0219.: Cum este s\u0103 fii pentru prima oar\u0103 pe scaunul de regizor \u00eentr-un teatru?Toni Nica: Stresant, pentru c\u0103 sim\u021bi c\u0103 ai mai mult\u0103 presiune pe umeri dec\u00e2t \u00een facultate. Facultateaeste altceva\u2026 este mediul \u00een care ai o plas\u0103 de siguran\u021b\u0103: \u0219tii c\u0103 e\u0219ti acolo s\u0103 \u00eenve\u021bi, s\u0103 te daicu","twitter:creator":"@TRMOradea","twitter:image":"https:\/\/www.teatrulreginamaria.ro\/wp-content\/uploads\/2025\/03\/trm-istoric-01.jpg"},"aioseo_meta_data":{"post_id":"14129","title":null,"description":null,"keywords":null,"keyphrases":{"focus":{"keyphrase":"","score":0,"analysis":{"keyphraseInTitle":{"score":0,"maxScore":9,"error":1}}},"additional":[]},"primary_term":null,"canonical_url":null,"og_title":null,"og_description":null,"og_object_type":"default","og_image_type":"default","og_image_url":null,"og_image_width":null,"og_image_height":null,"og_image_custom_url":null,"og_image_custom_fields":null,"og_video":"","og_custom_url":null,"og_article_section":null,"og_article_tags":null,"twitter_use_og":false,"twitter_card":"default","twitter_image_type":"default","twitter_image_url":null,"twitter_image_custom_url":null,"twitter_image_custom_fields":null,"twitter_title":null,"twitter_description":null,"schema":{"blockGraphs":[],"customGraphs":[],"default":{"data":{"Article":[],"Course":[],"Dataset":[],"FAQPage":[],"Movie":[],"Person":[],"Product":[],"ProductReview":[],"Car":[],"Recipe":[],"Service":[],"SoftwareApplication":[],"WebPage":[]},"graphName":"BlogPosting","isEnabled":true},"graphs":[]},"schema_type":"default","schema_type_options":null,"pillar_content":false,"robots_default":true,"robots_noindex":false,"robots_noarchive":false,"robots_nosnippet":false,"robots_nofollow":false,"robots_noimageindex":false,"robots_noodp":false,"robots_notranslate":false,"robots_max_snippet":"-1","robots_max_videopreview":"-1","robots_max_imagepreview":"large","priority":null,"frequency":"default","local_seo":null,"seo_analyzer_scan_date":"2026-05-13 03:53:37","breadcrumb_settings":null,"limit_modified_date":false,"reviewed_by":"0","open_ai":null,"ai":{"faqs":[],"keyPoints":[],"titles":[],"descriptions":[],"socialPosts":{"email":[],"linkedin":[],"twitter":[],"facebook":[],"instagram":[]}},"created":"2025-11-03 11:54:19","updated":"2026-05-13 03:53:37","focus_keyword":null,"additional_keywords":null,"truseo_locale":null},"aioseo_breadcrumb":"<div class=\"aioseo-breadcrumbs\"><span class=\"aioseo-breadcrumb\">\n\t<a href=\"https:\/\/www.teatrulreginamaria.ro\/hu\" title=\"Home\">Home<\/a>\n<\/span><span class=\"aioseo-breadcrumb-separator\">&raquo;<\/span><span class=\"aioseo-breadcrumb\">\n\t<a href=\"https:\/\/www.teatrulreginamaria.ro\/hu\/categorie\/aparitii-media\/\" title=\"Apari\u021bii media\">Apari\u021bii media<\/a>\n<\/span><span class=\"aioseo-breadcrumb-separator\">&raquo;<\/span><span class=\"aioseo-breadcrumb\">\n\tCoabitarea \u00een realitatea tehnologic\u0103 \u2013 Interviu cu Toni Nica\n<\/span><\/div>","aioseo_breadcrumb_json":[{"label":"Home","link":"https:\/\/www.teatrulreginamaria.ro\/hu"},{"label":"Apari\u021bii media","link":"https:\/\/www.teatrulreginamaria.ro\/hu\/categorie\/aparitii-media\/"},{"label":"Coabitarea \u00een realitatea tehnologic\u0103 &#8211; Interviu cu Toni Nica","link":"https:\/\/www.teatrulreginamaria.ro\/hu\/coabitarea-in-realitatea-tehnologica-interviu-cu-toni-nica\/"}],"acf":[],"_links":{"self":[{"href":"https:\/\/www.teatrulreginamaria.ro\/hu\/wp-json\/wp\/v2\/posts\/14129","targetHints":{"allow":["GET"]}}],"collection":[{"href":"https:\/\/www.teatrulreginamaria.ro\/hu\/wp-json\/wp\/v2\/posts"}],"about":[{"href":"https:\/\/www.teatrulreginamaria.ro\/hu\/wp-json\/wp\/v2\/types\/post"}],"author":[{"embeddable":true,"href":"https:\/\/www.teatrulreginamaria.ro\/hu\/wp-json\/wp\/v2\/users\/1"}],"replies":[{"embeddable":true,"href":"https:\/\/www.teatrulreginamaria.ro\/hu\/wp-json\/wp\/v2\/comments?post=14129"}],"version-history":[{"count":1,"href":"https:\/\/www.teatrulreginamaria.ro\/hu\/wp-json\/wp\/v2\/posts\/14129\/revisions"}],"predecessor-version":[{"id":14131,"href":"https:\/\/www.teatrulreginamaria.ro\/hu\/wp-json\/wp\/v2\/posts\/14129\/revisions\/14131"}],"wp:featuredmedia":[{"embeddable":true,"href":"https:\/\/www.teatrulreginamaria.ro\/hu\/wp-json\/wp\/v2\/media\/14130"}],"wp:attachment":[{"href":"https:\/\/www.teatrulreginamaria.ro\/hu\/wp-json\/wp\/v2\/media?parent=14129"}],"wp:term":[{"taxonomy":"category","embeddable":true,"href":"https:\/\/www.teatrulreginamaria.ro\/hu\/wp-json\/wp\/v2\/categories?post=14129"},{"taxonomy":"post_tag","embeddable":true,"href":"https:\/\/www.teatrulreginamaria.ro\/hu\/wp-json\/wp\/v2\/tags?post=14129"}],"curies":[{"name":"munkaf\u00fczet","href":"https:\/\/api.w.org\/{rel}","templated":true}]}}