{"id":14170,"date":"2025-11-12T08:58:33","date_gmt":"2025-11-12T06:58:33","guid":{"rendered":"https:\/\/www.teatrulreginamaria.ro\/?p=14170"},"modified":"2025-11-12T08:58:35","modified_gmt":"2025-11-12T06:58:35","slug":"sajtokozlemeny-a-neves-rendezo-timofei-kuljabin-visszater-romaniaba-es-bemutatja-a-torott-tukor-cimu-darabot-a-regina-maria-szinhazban","status":"publish","type":"post","link":"https:\/\/www.teatrulreginamaria.ro\/hu\/comunicat-de-presa-apreciatul-regizor-timofei-kuliabin-revine-in-romania-si-monteaza-oglinda-sparta-la-teatrul-regina-maria\/","title":{"rendered":"SAJT\u00d3K\u00d6ZLEM\u00c9NY | A neves rendez\u0151, Timofei Kuliabin visszat\u00e9r Rom\u00e1ni\u00e1ba, \u00e9s bemutatja &quot;A t\u00f6r\u00f6tt t\u00fck\u00f6r&quot; c\u00edm\u0171 darabj\u00e1t a Regina Maria Sz\u00ednh\u00e1zban"},"content":{"rendered":"<p class=\"wp-block-paragraph\">A Regina Maria Sz\u00ednh\u00e1z Iosif Vulcan t\u00e1rsulata bejelenti a darab premierj\u00e9t. <strong><em>T\u00f6r\u00f6tt t\u00fck\u00f6r<\/em><\/strong>, egy forgat\u00f3k\u00f6nyv <strong>Roman Doljanski<\/strong> munk\u00e1ja ihlette <strong>Arthur Miller<\/strong>, ...amelyet a jelenkor egyik legfontosabb eur\u00f3pai rendez\u0151je rendezett, <strong>Timofej Kuljabin<\/strong>. Az el\u0151ad\u00e1s els\u0151 el\u0151ad\u00e1saira 2025. november 16-\u00e1n \u00e9s 17-\u00e9n, 19:00 \u00f3rakor ker\u00fcl sor a Regina Maria Sz\u00ednh\u00e1z nagyterm\u00e9ben, a k\u00f6z\u00f6ns\u00e9g \u00e9rdekl\u0151d\u00e9se pedig hatalmas, hiszen m\u00e1r minden jegy elkelt.<\/p>\n\n\n\n<p class=\"wp-block-paragraph\"><strong>Arthur Miller<\/strong> (1915. okt\u00f3ber 17. \u2013 2005. febru\u00e1r 10.) amerikai dr\u00e1ma\u00edr\u00f3 volt, aki a t\u00e1rsadalmi tudatoss\u00e1got a szerepl\u0151i bels\u0151 \u00e9lete ir\u00e1nti m\u00e9ly aggodalommal \u00f6tv\u00f6zte, f\u0151 inspir\u00e1ci\u00f3s forr\u00e1sai a g\u00f6r\u00f6g trag\u00e9dia\u00edr\u00f3k \u00e9s a h\u00e9tk\u00f6znapi ember voltak:<em> \u00dagy hiszem, hogy a tragikus \u00e9rz\u00e9s akkor \u00e9bred benn\u00fcnk, amikor egy olyan szerepl\u0151 jelenl\u00e9t\u00e9ben vagyunk, aki k\u00e9sz az \u00e9let\u00e9t adni, ha sz\u00fcks\u00e9ges, egy dolog\u00e9rt: a szem\u00e9lyes m\u00e9lt\u00f3s\u00e1g\u00e1nak meg\u0151rz\u00e9s\u00e9\u00e9rt. <\/em>\u00cdr\u00e1sai sz\u00e1mos kit\u00fcntet\u00e9st hoztak neki \u00e9lete sor\u00e1n, t\u00f6bbek k\u00f6z\u00f6tt Pulitzer-d\u00edjat, h\u00e9t Tony-d\u00edjat, k\u00e9t Drama Critics Circle-d\u00edjat, egy Obie-d\u00edjat, egy Olivier-d\u00edjat, a John F. Kennedy \u00e9letm\u0171d\u00edjat, valamint a Dorothy \u00e9s Lillian Gish-d\u00edjat.<\/p>\n\n\n\n<p class=\"wp-block-paragraph\">\u201eA \u201dBroken Glass\u201d (egy darab, amelyet soha nem ford\u00edtottak le rom\u00e1n nyelvre) egy New York-i p\u00e1r t\u00f6rt\u00e9net\u00e9t mutatja be, akik h\u00e1zass\u00e1gi fesz\u00fclts\u00e9gek \u00e9s t\u00f6rt\u00e9nelmi tudatoss\u00e1g k\u00f6z\u00f6tt \u0151rl\u0151dnek. A nagyv\u00e1radi produkci\u00f3ban a sz\u00f6veget a k\u00f6vetkez\u0151 \u00e1ll\u00edtja sz\u00ednpadra: <strong>Roman Doljanski<\/strong>, az orosz sz\u00e1rmaz\u00e1s\u00fa dr\u00e1ma\u00edr\u00f3 \u00e9s az eur\u00f3pai sz\u00ednh\u00e1z egyik legelismertebb kritikusa \u00e9s teoretikusa, aki 2022 \u00f3ta \u00e9l Eur\u00f3p\u00e1ban, \u00e9s kiz\u00e1r\u00f3lag itt dolgozik. Roman Doljanski Arthur Miller darabj\u00e1t modern sz\u00ednpadi form\u00e1ba \u00fcltette \u00e1t, amely p\u00e1rbesz\u00e9det folytat a kort\u00e1rs val\u00f3s\u00e1ggal \u00e9s a jelen etikai dilemm\u00e1ival: &quot;\u201e<em>A nagy amerikai dr\u00e1ma\u00edr\u00f3, Arthur Miller egy m\u00e1sik nagyszer\u0171 darabj\u00e1nak c\u00edme, Az \u00e1r, meghat\u00e1rozza az \u00faj el\u0151ad\u00e1s, a \u201eA t\u00f6r\u00f6tt t\u00fck\u00f6r\u201d k\u00f6zponti t\u00e9m\u00e1j\u00e1t. Arr\u00f3l az \u00e1rr\u00f3l sz\u00f3l, amelyet a f\u0151szerepl\u0151 k\u00f6rnyezet\u00e9ben \u00e9l\u0151knek kell fizetni\u00fck a gy\u00f3gyul\u00e1s\u00e1\u00e9rt. Sikeresnek tekinthet\u0151-e a kezel\u00e9s, ha az egyik ember a m\u00e1sik j\u00f3l\u00e9t\u00e9nek rov\u00e1s\u00e1ra gy\u00f3gyul? Hol van az a hat\u00e1r, amelyen t\u00fal a gy\u00f3gyul\u00e1s manipul\u00e1ci\u00f3v\u00e1 v\u00e1lik? Erre a k\u00e9rd\u00e9sre nincs v\u00e9gleges v\u00e1lasz \u2013 sem Arthur Millert\u0151l, sem a szerepl\u0151kt\u0151l, sem a darab alkot\u00f3it\u00f3l. A c\u00e9l az, hogy k\u00e9rd\u00e9seket tegy\u00fcnk fel, \u00e9s arra \u00f6szt\u00f6n\u00f6zz\u00fck a k\u00f6z\u00f6ns\u00e9get, hogy megfogalmazz\u00e1k saj\u00e1t v\u00e1laszukat., <\/em>Roman magyar\u00e1zza.<\/p>\n\n\n\n<p class=\"wp-block-paragraph\">Az el\u0151ad\u00e1st a neves sz\u00ednh\u00e1z- \u00e9s operarendez\u0151 rendezi, <strong>Timofej Kuljabin<\/strong>, aki Eur\u00f3pa legfontosabb sz\u00ednpadain l\u00e9pett fel. A moszkvai Orosz Sz\u00ednh\u00e1zi Akad\u00e9mia (GITIS) v\u00e9gz\u0151se, Kuljabin tanulm\u00e1nyai befejez\u00e9se ut\u00e1n csatlakozott a novoszibirszki &quot;V\u00f6r\u00f6s F\u00e1klya&quot; Akad\u00e9miai Sz\u00ednh\u00e1zhoz, ahol 2015-ben, mind\u00f6ssze 31 \u00e9vesen m\u0171v\u00e9szeti igazgat\u00f3v\u00e1 nevezt\u00e9k ki, \u00e9s ezzel \u0151 lett az akkori legfiatalabb oroszorsz\u00e1gi sz\u00ednh\u00e1zi m\u0171v\u00e9szeti igazgat\u00f3. 2022-ig, amikor kifejezetten h\u00e1bor\u00faellenes \u00e1ll\u00e1spontja miatt k\u00e9nytelen volt lemondani \u00e9s a sz\u00e1m\u0171zet\u00e9s \u00fatj\u00e1t v\u00e1lasztotta, oroszorsz\u00e1gi sz\u00ednh\u00e1zakban \u00e9s a n\u00e9met t\u00e9r fontos sz\u00ednpadain is el\u0151ad\u00e1sokat tartott, ami elismer\u00e9st hozott neki, meger\u0151s\u00edtve rendez\u0151i v\u00edzi\u00f3j\u00e1nak erej\u00e9t \u00e9s eredetis\u00e9g\u00e9t. 2022 \u00f3ta...,<strong> Timofej Kuljabin<\/strong> Kiz\u00e1r\u00f3lag k\u00fclf\u00f6ld\u00f6n m\u0171k\u00f6dik, n\u00e9met, sv\u00e1jci, francia, g\u00f6r\u00f6g, \u00e9szt \u00e9s bolg\u00e1r sz\u00ednh\u00e1zakkal m\u0171k\u00f6dik egy\u00fctt. 2022-ben kiv\u00e9teles egy\u00fcttm\u0171k\u00f6d\u00e9si szerz\u0151d\u00e9st \u00edrt al\u00e1 John Malkovich-csal az \u201eIn Solitude of the Cotton Fields\u201d c\u00edm\u0171 el\u0151ad\u00e1sra, amelyet a rigai Dailes Sz\u00ednh\u00e1zban mutattak be, majd 12 orsz\u00e1gban turn\u00e9ztak. A nagyv\u00e1radi Regina Maria Sz\u00ednh\u00e1zzal val\u00f3 egy\u00fcttm\u0171k\u00f6d\u00e9s a m\u00e1sodik rom\u00e1niai projektje a nagyszebeni \u201eRadu Stanca\u201d Nemzeti Sz\u00ednh\u00e1zban bemutatott Eugene O&#039;Neill \u201eThe Long Road to Night\u201d c\u00edm\u0171 darabja ut\u00e1n.<\/p>\n\n\n\n<p class=\"wp-block-paragraph\">A Nagyv\u00e1radon bemutatott darabr\u00f3l Timofei Kuliabin rendez\u0151 \u00edgy nyilatkozott:<\/p>\n\n\n\n<p class=\"wp-block-paragraph\"><em>\u201eEz a darab klasszikus pszichoter\u00e1pi\u00e1s dr\u00e1m\u00e1nak tekinthet\u0151. A moziban \u00e9s a popkult\u00far\u00e1ban, k\u00fcl\u00f6n\u00f6sen a t\u00e9v\u00e9sorozatokban, sz\u00e1mos sikeres p\u00e9lda tal\u00e1lhat\u00f3 erre a m\u0171fajra \u2013 de sz\u00ednh\u00e1zban szinte egy sem. Egy orvos \u00e9s betege (vagy, mint jelen esetben, egy n\u0151i beteg) t\u00f6rt\u00e9nete szinte mindig t\u00falmutat az orvosi gyakorlat hat\u00e1rain, sokkal sz\u00e9lesebb k\u00f6r\u0171 probl\u00e9m\u00e1kat feszegetve \u2013 nemcsak szem\u00e9lyes, hanem t\u00e1rsadalmi, t\u00f6rt\u00e9nelmi, s\u0151t filoz\u00f3fiai probl\u00e9m\u00e1kat is. A kezdetekt\u0151l fogva szabadon engedj\u00fck a k\u00f6z\u00f6ns\u00e9get, hogy megtudja, hogyan fog v\u00e9gz\u0151dni a t\u00f6rt\u00e9net. Nem v\u00e1ltoztatjuk Arthur Miller elbesz\u00e9l\u00e9s\u00e9t detekt\u00edvreg\u00e9nny\u00e9. Egyszer\u0171en csak megfigyelj\u00fck, hogyan bontakoztak ki az esem\u00e9nyek. Arra invit\u00e1ljuk a k\u00f6z\u00f6ns\u00e9get, hogy k\u00f6vesse nyomon a szerepl\u0151k \u00e1rnyalatait \u00e9s m\u00e9lyen emberi jellem\u00e9t.\u201d<\/em><\/p>\n\n\n\n<p class=\"wp-block-paragraph\">A kreat\u00edv csapat a kort\u00e1rs sz\u00ednh\u00e1z m\u00e1s fontos neveit is \u00f6sszehozza: <strong>Timofej Pastuhov<\/strong>, az eredeti zene zeneszerz\u0151je, \u00e9s <strong>Oleg Golovko<\/strong>, a d\u00edszlettervez\u0151, aki a darab vizu\u00e1lis univerzum\u00e1t \u00edrja al\u00e1. A rom\u00e1n ford\u00edt\u00e1s az \u00f6v\u00e9. <strong>Ralucai Radulescu<\/strong>, m\u0171ford\u00edt\u00f3, \u00fajs\u00e1g\u00edr\u00f3 \u00e9s sz\u00ednh\u00e1zi kur\u00e1tor.<\/p>\n\n\n\n<p class=\"wp-block-paragraph\">A m\u0171sor szerepl\u0151g\u00e1rd\u00e1ja mag\u00e1ban foglalja a sz\u00edn\u00e9szeket <strong>Eugene Neag <\/strong>(Phillip Gellburg),<strong> Denisa Irina Vlad <\/strong>(Sylvia Gellburg),<strong> Razvan Vicoveanu <\/strong>(Dr. Harry Hyman), <strong>Anda Tamasanu <\/strong>(Jessica),<strong> B\u00e1lint Rich\u00e1rd <\/strong>(Robert Wilson) <strong>\u00e9s Alexandru Rusu<\/strong> (Stanton-\u00fcgy).<\/p>\n\n\n\n<p class=\"wp-block-paragraph\">Az el\u0151ad\u00e1s december 11-\u00e9n \u00e9s 12-\u00e9n is l\u00e1that\u00f3, jegyek pedig a sz\u00ednh\u00e1zi \u00fcgyn\u00f6ks\u00e9gn\u00e9l (Pia\u021ba Regele Ferdinand I, 6. sz\u00e1m), online a Regina Maria Sz\u00ednh\u00e1z weboldal\u00e1n \u00e9s a Poftim Cultur\u0103 jegy\u00e9rt\u00e9kes\u00edt\u00e9si platformon v\u00e1s\u00e1rolhat\u00f3k.<\/p>\n\n\n\n<hr class=\"wp-block-separator has-alpha-channel-opacity\"\/>\n\n\n\n<p class=\"wp-block-paragraph\"><strong>T\u00d6R\u00d6TT T\u00dcK\u00d6R<\/strong><br><strong>Roman Doljanski forgat\u00f3k\u00f6nyve Arthur Miller nyom\u00e1n, rendez\u0151: Timofej Kuljabin<\/strong><\/p>\n\n\n\n<p class=\"wp-block-paragraph\">Eloszt\u00e1s:<\/p>\n\n\n\n<p class=\"wp-block-paragraph\">Phillip Gellburg: Eugen Neag<br>Sylvia Gellburg: Denisa Irina Vlad<br>Dr. Harry Hyman: Razvan Vicoveanu<br>Jessica: Anda Tamasanu<br>Robert Wilson: Richard B\u00e1lint<br>Stanton-\u00fcgy: Alexandru Rusu<\/p>\n\n\n\n<p class=\"wp-block-paragraph\">Rendezte: Timofej Kuljabin<br>Forgat\u00f3k\u00f6nyv: Roman Doljanski<br>Ford\u00edt\u00e1s: Raluca Radulescu<br>D\u00edszlettervez\u0151: Oleg Golovko<br>Eredeti zene: Timofei Pastuhov<\/p>\n\n\n\n<p class=\"wp-block-paragraph\">Az el\u0151ad\u00e1s 18 \u00e9ven fel\u00fclieknek aj\u00e1nlott!<br>Premier d\u00e1tuma: 2025. november 16. \u00e9s 17., a nagyv\u00e1radi Regina Maria Sz\u00ednh\u00e1z nagyterme<\/p>","protected":false},"excerpt":{"rendered":"<p>A Regina Maria Sz\u00ednh\u00e1z Iosif Vulcan t\u00e1rsulata bejelenti A t\u00f6r\u00f6tt t\u00fck\u00f6r c\u00edm\u0171 darab premierj\u00e9t, amelyet Roman Doljanski \u00edrt Arthur Miller munk\u00e1ss\u00e1ga ihletett. A darabot a jelenkor egyik legfontosabb eur\u00f3pai rendez\u0151je, Timofej Kuljabin rendezi. Az el\u0151ad\u00e1s premierje 2025. november 16-\u00e1n \u00e9s 17-\u00e9n 19:00 \u00f3r\u00e1t\u00f3l lesz a Regina Maria Sz\u00ednh\u00e1z nagyterm\u00e9ben, \u00e9s a k\u00f6z\u00f6ns\u00e9g \u00e9rdekl\u0151d\u00e9se hatalmas, mivel m\u00e1r minden jegy elkelt.<\/p>","protected":false},"author":9,"featured_media":14166,"comment_status":"closed","ping_status":"closed","sticky":false,"template":"","format":"standard","meta":{"_acf_changed":false,"footnotes":""},"categories":[41,22],"tags":[],"class_list":["post-14170","post","type-post","status-publish","format-standard","has-post-thumbnail","hentry","category-noutati","category-noutati-trupa-iosif-vulcan"],"aioseo_notices":[],"aioseo_head":"\n\t\t<!-- All in One SEO Pro 5.0.1.1 - aioseo.com -->\n\t<meta name=\"description\" content=\"Trupa Iosif Vulcan a Teatrului Regina Maria anun\u021b\u0103 premiera spectacolului Oglinda spart\u0103, un scenariu de Roman Doljanski inspirat din opera lui Arthur Miller, \u00een regia unuia dintre cei mai importan\u021bi regizori europeni ai momentului, Timofei Kuliabin. Spectacolul va avea primele reprezenta\u021bii \u00een 16 \u0219i 17 noiembrie 2025, de la ora 19:00, la Sala Mare a Teatrului Regina Maria, iar interesul publicului este uria\u0219, toate biletele fiind deja v\u00e2ndute.\" \/>\n\t<meta name=\"robots\" content=\"max-image-preview:large\" \/>\n\t<meta name=\"author\" content=\"Florina Dometi\"\/>\n\t<link rel=\"canonical\" href=\"https:\/\/www.teatrulreginamaria.ro\/hu\/comunicat-de-presa-apreciatul-regizor-timofei-kuliabin-revine-in-romania-si-monteaza-oglinda-sparta-la-teatrul-regina-maria\/\" \/>\n\t<meta name=\"generator\" content=\"All in One SEO Pro (AIOSEO) 5.0.1.1\" \/>\n\t\t<meta property=\"og:locale\" content=\"hu_HU\" \/>\n\t\t<meta property=\"og:site_name\" content=\"Teatrul Regina Maria Oradea - Trupa Iosif Vulcan \u0219i Trupa Arcadia\" \/>\n\t\t<meta property=\"og:type\" content=\"article\" \/>\n\t\t<meta property=\"og:title\" content=\"COMUNICAT DE PRES\u0102 | Apreciatul regizor Timofei Kuliabin revine \u00een Rom\u00e2nia \u0219i monteaz\u0103 \u201eOglinda spart\u0103\u201d la Teatrul Regina Maria - Teatrul Regina Maria Oradea\" \/>\n\t\t<meta property=\"og:description\" content=\"Trupa Iosif Vulcan a Teatrului Regina Maria anun\u021b\u0103 premiera spectacolului Oglinda spart\u0103, un scenariu de Roman Doljanski inspirat din opera lui Arthur Miller, \u00een regia unuia dintre cei mai importan\u021bi regizori europeni ai momentului, Timofei Kuliabin. Spectacolul va avea primele reprezenta\u021bii \u00een 16 \u0219i 17 noiembrie 2025, de la ora 19:00, la Sala Mare a Teatrului Regina Maria, iar interesul publicului este uria\u0219, toate biletele fiind deja v\u00e2ndute.\" \/>\n\t\t<meta property=\"og:url\" content=\"https:\/\/www.teatrulreginamaria.ro\/hu\/comunicat-de-presa-apreciatul-regizor-timofei-kuliabin-revine-in-romania-si-monteaza-oglinda-sparta-la-teatrul-regina-maria\/\" \/>\n\t\t<meta property=\"og:image\" content=\"https:\/\/www.teatrulreginamaria.ro\/wp-content\/uploads\/2025\/03\/trm-istoric-01.jpg\" \/>\n\t\t<meta property=\"og:image:secure_url\" content=\"https:\/\/www.teatrulreginamaria.ro\/wp-content\/uploads\/2025\/03\/trm-istoric-01.jpg\" \/>\n\t\t<meta property=\"og:image:width\" content=\"1200\" \/>\n\t\t<meta property=\"og:image:height\" content=\"800\" \/>\n\t\t<meta property=\"article:published_time\" content=\"2025-11-12T06:58:33+00:00\" \/>\n\t\t<meta property=\"article:modified_time\" content=\"2025-11-12T06:58:35+00:00\" \/>\n\t\t<meta property=\"article:publisher\" content=\"https:\/\/www.facebook.com\/TRMTrupaIosifVulcan\/\" \/>\n\t\t<meta name=\"twitter:card\" content=\"summary_large_image\" \/>\n\t\t<meta name=\"twitter:site\" content=\"@TRMOradea\" \/>\n\t\t<meta name=\"twitter:title\" content=\"COMUNICAT DE PRES\u0102 | Apreciatul regizor Timofei Kuliabin revine \u00een Rom\u00e2nia \u0219i monteaz\u0103 \u201eOglinda spart\u0103\u201d la Teatrul Regina Maria - Teatrul Regina Maria Oradea\" \/>\n\t\t<meta name=\"twitter:description\" content=\"Trupa Iosif Vulcan a Teatrului Regina Maria anun\u021b\u0103 premiera spectacolului Oglinda spart\u0103, un scenariu de Roman Doljanski inspirat din opera lui Arthur Miller, \u00een regia unuia dintre cei mai importan\u021bi regizori europeni ai momentului, Timofei Kuliabin. Spectacolul va avea primele reprezenta\u021bii \u00een 16 \u0219i 17 noiembrie 2025, de la ora 19:00, la Sala Mare a Teatrului Regina Maria, iar interesul publicului este uria\u0219, toate biletele fiind deja v\u00e2ndute.\" \/>\n\t\t<meta name=\"twitter:creator\" content=\"@TRMOradea\" \/>\n\t\t<meta name=\"twitter:image\" content=\"https:\/\/www.teatrulreginamaria.ro\/wp-content\/uploads\/2025\/03\/trm-istoric-01.jpg\" \/>\n\t\t<script type=\"application\/ld+json\" class=\"aioseo-schema\">\n\t\t\t{\"@context\":\"https:\\\/\\\/schema.org\",\"@graph\":[{\"@type\":\"BlogPosting\",\"@id\":\"https:\\\/\\\/www.teatrulreginamaria.ro\\\/hu\\\/comunicat-de-presa-apreciatul-regizor-timofei-kuliabin-revine-in-romania-si-monteaza-oglinda-sparta-la-teatrul-regina-maria\\\/#blogposting\",\"name\":\"COMUNICAT DE PRES\\u0102 | Apreciatul regizor Timofei Kuliabin revine \\u00een Rom\\u00e2nia \\u0219i monteaz\\u0103 \\u201eOglinda spart\\u0103\\u201d la Teatrul Regina Maria - Teatrul Regina Maria Oradea\",\"headline\":\"COMUNICAT DE PRES\\u0102 | Apreciatul regizor Timofei Kuliabin revine \\u00een Rom\\u00e2nia \\u0219i monteaz\\u0103 \\u201eOglinda spart\\u0103\\u201d la Teatrul Regina Maria\",\"author\":{\"@id\":\"https:\\\/\\\/www.teatrulreginamaria.ro\\\/hu\\\/author\\\/florina\\\/#author\"},\"publisher\":{\"@id\":\"https:\\\/\\\/www.teatrulreginamaria.ro\\\/hu\\\/#organization\"},\"image\":{\"@type\":\"ImageObject\",\"url\":\"https:\\\/\\\/www.teatrulreginamaria.ro\\\/wp-content\\\/uploads\\\/2025\\\/10\\\/OS-2025-AFIS-FINAL-MIC-scaled.jpg\",\"width\":1792,\"height\":2560},\"datePublished\":\"2025-11-12T08:58:33+02:00\",\"dateModified\":\"2025-11-12T08:58:35+02:00\",\"inLanguage\":\"hu-HU\",\"mainEntityOfPage\":{\"@id\":\"https:\\\/\\\/www.teatrulreginamaria.ro\\\/hu\\\/comunicat-de-presa-apreciatul-regizor-timofei-kuliabin-revine-in-romania-si-monteaza-oglinda-sparta-la-teatrul-regina-maria\\\/#webpage\"},\"isPartOf\":{\"@id\":\"https:\\\/\\\/www.teatrulreginamaria.ro\\\/hu\\\/comunicat-de-presa-apreciatul-regizor-timofei-kuliabin-revine-in-romania-si-monteaza-oglinda-sparta-la-teatrul-regina-maria\\\/#webpage\"},\"articleSection\":\"Nout\\u0103\\u021bi, Nout\\u0103\\u021bi - Trupa Iosif Vulcan\"},{\"@type\":\"BreadcrumbList\",\"@id\":\"https:\\\/\\\/www.teatrulreginamaria.ro\\\/hu\\\/comunicat-de-presa-apreciatul-regizor-timofei-kuliabin-revine-in-romania-si-monteaza-oglinda-sparta-la-teatrul-regina-maria\\\/#breadcrumblist\",\"itemListElement\":[{\"@type\":\"ListItem\",\"@id\":\"https:\\\/\\\/www.teatrulreginamaria.ro\\\/hu#listItem\",\"position\":1,\"name\":\"Home\",\"item\":\"https:\\\/\\\/www.teatrulreginamaria.ro\\\/hu\",\"nextItem\":{\"@type\":\"ListItem\",\"@id\":\"https:\\\/\\\/www.teatrulreginamaria.ro\\\/hu\\\/categorie\\\/noutati\\\/#listItem\",\"name\":\"Nout\\u0103\\u021bi\"}},{\"@type\":\"ListItem\",\"@id\":\"https:\\\/\\\/www.teatrulreginamaria.ro\\\/hu\\\/categorie\\\/noutati\\\/#listItem\",\"position\":2,\"name\":\"Nout\\u0103\\u021bi\",\"item\":\"https:\\\/\\\/www.teatrulreginamaria.ro\\\/hu\\\/categorie\\\/noutati\\\/\",\"nextItem\":{\"@type\":\"ListItem\",\"@id\":\"https:\\\/\\\/www.teatrulreginamaria.ro\\\/hu\\\/categorie\\\/noutati\\\/noutati-trupa-iosif-vulcan\\\/#listItem\",\"name\":\"Nout\\u0103\\u021bi - Trupa Iosif Vulcan\"},\"previousItem\":{\"@type\":\"ListItem\",\"@id\":\"https:\\\/\\\/www.teatrulreginamaria.ro\\\/hu#listItem\",\"name\":\"Home\"}},{\"@type\":\"ListItem\",\"@id\":\"https:\\\/\\\/www.teatrulreginamaria.ro\\\/hu\\\/categorie\\\/noutati\\\/noutati-trupa-iosif-vulcan\\\/#listItem\",\"position\":3,\"name\":\"Nout\\u0103\\u021bi - Trupa Iosif Vulcan\",\"item\":\"https:\\\/\\\/www.teatrulreginamaria.ro\\\/hu\\\/categorie\\\/noutati\\\/noutati-trupa-iosif-vulcan\\\/\",\"nextItem\":{\"@type\":\"ListItem\",\"@id\":\"https:\\\/\\\/www.teatrulreginamaria.ro\\\/hu\\\/comunicat-de-presa-apreciatul-regizor-timofei-kuliabin-revine-in-romania-si-monteaza-oglinda-sparta-la-teatrul-regina-maria\\\/#listItem\",\"name\":\"COMUNICAT DE PRES\\u0102 | Apreciatul regizor Timofei Kuliabin revine \\u00een Rom\\u00e2nia \\u0219i monteaz\\u0103 \\u201eOglinda spart\\u0103\\u201d la Teatrul Regina Maria\"},\"previousItem\":{\"@type\":\"ListItem\",\"@id\":\"https:\\\/\\\/www.teatrulreginamaria.ro\\\/hu\\\/categorie\\\/noutati\\\/#listItem\",\"name\":\"Nout\\u0103\\u021bi\"}},{\"@type\":\"ListItem\",\"@id\":\"https:\\\/\\\/www.teatrulreginamaria.ro\\\/hu\\\/comunicat-de-presa-apreciatul-regizor-timofei-kuliabin-revine-in-romania-si-monteaza-oglinda-sparta-la-teatrul-regina-maria\\\/#listItem\",\"position\":4,\"name\":\"COMUNICAT DE PRES\\u0102 | Apreciatul regizor Timofei Kuliabin revine \\u00een Rom\\u00e2nia \\u0219i monteaz\\u0103 \\u201eOglinda spart\\u0103\\u201d la Teatrul Regina Maria\",\"previousItem\":{\"@type\":\"ListItem\",\"@id\":\"https:\\\/\\\/www.teatrulreginamaria.ro\\\/hu\\\/categorie\\\/noutati\\\/noutati-trupa-iosif-vulcan\\\/#listItem\",\"name\":\"Nout\\u0103\\u021bi - Trupa Iosif Vulcan\"}}]},{\"@type\":\"Organization\",\"@id\":\"https:\\\/\\\/www.teatrulreginamaria.ro\\\/hu\\\/#organization\",\"name\":\"Teatrul Regina Maria Oradea\",\"description\":\"Trupa Iosif Vulcan \\u0219i Trupa Arcadia\",\"url\":\"https:\\\/\\\/www.teatrulreginamaria.ro\\\/hu\\\/\",\"email\":\"marketing@teatrulreginamaria.ro\",\"telephone\":\"+40359411534\",\"numberOfEmployees\":{\"@type\":\"QuantitativeValue\",\"minValue\":0,\"maxValue\":150},\"logo\":{\"@type\":\"ImageObject\",\"url\":\"https:\\\/\\\/www.teatrulreginamaria.ro\\\/wp-content\\\/uploads\\\/2025\\\/06\\\/logo-trm-01-dark.png\",\"@id\":\"https:\\\/\\\/www.teatrulreginamaria.ro\\\/hu\\\/comunicat-de-presa-apreciatul-regizor-timofei-kuliabin-revine-in-romania-si-monteaza-oglinda-sparta-la-teatrul-regina-maria\\\/#organizationLogo\",\"width\":300,\"height\":148},\"image\":{\"@id\":\"https:\\\/\\\/www.teatrulreginamaria.ro\\\/hu\\\/comunicat-de-presa-apreciatul-regizor-timofei-kuliabin-revine-in-romania-si-monteaza-oglinda-sparta-la-teatrul-regina-maria\\\/#organizationLogo\"},\"sameAs\":[\"https:\\\/\\\/www.facebook.com\\\/TRMTrupaIosifVulcan\\\/\",\"https:\\\/\\\/x.com\\\/TRMOradea\",\"https:\\\/\\\/www.instagram.com\\\/teatrul_regina_maria\\\/\",\"https:\\\/\\\/www.youtube.com\\\/c\\\/TeatrulReginaMariaOradea\",\"https:\\\/\\\/www.linkedin.com\\\/company\\\/teatrul-regina-maria\"]},{\"@type\":\"Person\",\"@id\":\"https:\\\/\\\/www.teatrulreginamaria.ro\\\/hu\\\/author\\\/florina\\\/#author\",\"url\":\"https:\\\/\\\/www.teatrulreginamaria.ro\\\/hu\\\/author\\\/florina\\\/\",\"name\":\"Florina Dometi\",\"image\":{\"@type\":\"ImageObject\",\"@id\":\"https:\\\/\\\/www.teatrulreginamaria.ro\\\/hu\\\/comunicat-de-presa-apreciatul-regizor-timofei-kuliabin-revine-in-romania-si-monteaza-oglinda-sparta-la-teatrul-regina-maria\\\/#authorImage\",\"url\":\"https:\\\/\\\/secure.gravatar.com\\\/avatar\\\/efc240f7aebd58d925cf11ff8d7c84e9636b0ee93a0cd22c95d272ca0ffc0289?s=96&d=mm&r=g\",\"width\":96,\"height\":96,\"caption\":\"Florina Dometi\"}},{\"@type\":\"WebPage\",\"@id\":\"https:\\\/\\\/www.teatrulreginamaria.ro\\\/hu\\\/comunicat-de-presa-apreciatul-regizor-timofei-kuliabin-revine-in-romania-si-monteaza-oglinda-sparta-la-teatrul-regina-maria\\\/#webpage\",\"url\":\"https:\\\/\\\/www.teatrulreginamaria.ro\\\/hu\\\/comunicat-de-presa-apreciatul-regizor-timofei-kuliabin-revine-in-romania-si-monteaza-oglinda-sparta-la-teatrul-regina-maria\\\/\",\"name\":\"COMUNICAT DE PRES\\u0102 | Apreciatul regizor Timofei Kuliabin revine \\u00een Rom\\u00e2nia \\u0219i monteaz\\u0103 \\u201eOglinda spart\\u0103\\u201d la Teatrul Regina Maria - Teatrul Regina Maria Oradea\",\"description\":\"Trupa Iosif Vulcan a Teatrului Regina Maria anun\\u021b\\u0103 premiera spectacolului Oglinda spart\\u0103, un scenariu de Roman Doljanski inspirat din opera lui Arthur Miller, \\u00een regia unuia dintre cei mai importan\\u021bi regizori europeni ai momentului, Timofei Kuliabin. Spectacolul va avea primele reprezenta\\u021bii \\u00een 16 \\u0219i 17 noiembrie 2025, de la ora 19:00, la Sala Mare a Teatrului Regina Maria, iar interesul publicului este uria\\u0219, toate biletele fiind deja v\\u00e2ndute.\",\"inLanguage\":\"hu-HU\",\"isPartOf\":{\"@id\":\"https:\\\/\\\/www.teatrulreginamaria.ro\\\/hu\\\/#website\"},\"breadcrumb\":{\"@id\":\"https:\\\/\\\/www.teatrulreginamaria.ro\\\/hu\\\/comunicat-de-presa-apreciatul-regizor-timofei-kuliabin-revine-in-romania-si-monteaza-oglinda-sparta-la-teatrul-regina-maria\\\/#breadcrumblist\"},\"author\":{\"@id\":\"https:\\\/\\\/www.teatrulreginamaria.ro\\\/hu\\\/author\\\/florina\\\/#author\"},\"creator\":{\"@id\":\"https:\\\/\\\/www.teatrulreginamaria.ro\\\/hu\\\/author\\\/florina\\\/#author\"},\"image\":{\"@type\":\"ImageObject\",\"url\":\"https:\\\/\\\/www.teatrulreginamaria.ro\\\/wp-content\\\/uploads\\\/2025\\\/10\\\/OS-2025-AFIS-FINAL-MIC-scaled.jpg\",\"@id\":\"https:\\\/\\\/www.teatrulreginamaria.ro\\\/hu\\\/comunicat-de-presa-apreciatul-regizor-timofei-kuliabin-revine-in-romania-si-monteaza-oglinda-sparta-la-teatrul-regina-maria\\\/#mainImage\",\"width\":1792,\"height\":2560},\"primaryImageOfPage\":{\"@id\":\"https:\\\/\\\/www.teatrulreginamaria.ro\\\/hu\\\/comunicat-de-presa-apreciatul-regizor-timofei-kuliabin-revine-in-romania-si-monteaza-oglinda-sparta-la-teatrul-regina-maria\\\/#mainImage\"},\"datePublished\":\"2025-11-12T08:58:33+02:00\",\"dateModified\":\"2025-11-12T08:58:35+02:00\"},{\"@type\":\"WebSite\",\"@id\":\"https:\\\/\\\/www.teatrulreginamaria.ro\\\/hu\\\/#website\",\"url\":\"https:\\\/\\\/www.teatrulreginamaria.ro\\\/hu\\\/\",\"name\":\"Teatrul Regina Maria Oradea\",\"alternateName\":\"TRM Oradea\",\"description\":\"Trupa Iosif Vulcan \\u0219i Trupa Arcadia\",\"inLanguage\":\"hu-HU\",\"publisher\":{\"@id\":\"https:\\\/\\\/www.teatrulreginamaria.ro\\\/hu\\\/#organization\"}}]}\n\t\t<\/script>\n\t\t<!-- All in One SEO Pro -->\r\n\t\t<title>COMUNICAT DE PRES\u0102 | Apreciatul regizor Timofei Kuliabin revine \u00een Rom\u00e2nia \u0219i monteaz\u0103 \u201eOglinda spart\u0103\u201d la Teatrul Regina Maria - Teatrul Regina Maria Oradea<\/title>\n\n","aioseo_head_json":{"title":"SAJT\u00d3K\u00d6ZLEM\u00c9NY | A neves rendez\u0151, Timofei Kuliabin visszat\u00e9r Rom\u00e1ni\u00e1ba, \u00e9s bemutatja &quot;A t\u00f6r\u00f6tt t\u00fck\u00f6r&quot; c\u00edm\u0171 darabj\u00e1t a Regina Maria Sz\u00ednh\u00e1zban - Regina Maria Sz\u00ednh\u00e1z Nagyv\u00e1rad","description":"A Regina Maria Sz\u00ednh\u00e1z Iosif Vulcan t\u00e1rsulata bejelenti A t\u00f6r\u00f6tt t\u00fck\u00f6r c\u00edm\u0171 darab premierj\u00e9t, amelyet Roman Doljanski \u00edrt Arthur Miller munk\u00e1ss\u00e1ga ihletett. A darabot a jelenkor egyik legfontosabb eur\u00f3pai rendez\u0151je, Timofej Kuljabin rendezi. Az el\u0151ad\u00e1s premierje 2025. november 16-\u00e1n \u00e9s 17-\u00e9n 19:00 \u00f3r\u00e1t\u00f3l lesz a Regina Maria Sz\u00ednh\u00e1z nagyterm\u00e9ben, \u00e9s a k\u00f6z\u00f6ns\u00e9g \u00e9rdekl\u0151d\u00e9se hatalmas, mivel m\u00e1r minden jegy elkelt.","canonical_url":"https:\/\/www.teatrulreginamaria.ro\/hu\/comunicat-de-presa-apreciatul-regizor-timofei-kuliabin-revine-in-romania-si-monteaza-oglinda-sparta-la-teatrul-regina-maria\/","robots":"max-image-preview:large","keywords":"","webmasterTools":{"miscellaneous":""},"schema":{"@context":"https:\/\/schema.org","@graph":[{"@type":"BlogPosting","@id":"https:\/\/www.teatrulreginamaria.ro\/hu\/comunicat-de-presa-apreciatul-regizor-timofei-kuliabin-revine-in-romania-si-monteaza-oglinda-sparta-la-teatrul-regina-maria\/#blogposting","name":"COMUNICAT DE PRES\u0102 | Apreciatul regizor Timofei Kuliabin revine \u00een Rom\u00e2nia \u0219i monteaz\u0103 \u201eOglinda spart\u0103\u201d la Teatrul Regina Maria - Teatrul Regina Maria Oradea","headline":"COMUNICAT DE PRES\u0102 | Apreciatul regizor Timofei Kuliabin revine \u00een Rom\u00e2nia \u0219i monteaz\u0103 \u201eOglinda spart\u0103\u201d la Teatrul Regina Maria","author":{"@id":"https:\/\/www.teatrulreginamaria.ro\/hu\/author\/florina\/#author"},"publisher":{"@id":"https:\/\/www.teatrulreginamaria.ro\/hu\/#organization"},"image":{"@type":"ImageObject","url":"https:\/\/www.teatrulreginamaria.ro\/wp-content\/uploads\/2025\/10\/OS-2025-AFIS-FINAL-MIC-scaled.jpg","width":1792,"height":2560},"datePublished":"2025-11-12T08:58:33+02:00","dateModified":"2025-11-12T08:58:35+02:00","inLanguage":"hu-HU","mainEntityOfPage":{"@id":"https:\/\/www.teatrulreginamaria.ro\/hu\/comunicat-de-presa-apreciatul-regizor-timofei-kuliabin-revine-in-romania-si-monteaza-oglinda-sparta-la-teatrul-regina-maria\/#webpage"},"isPartOf":{"@id":"https:\/\/www.teatrulreginamaria.ro\/hu\/comunicat-de-presa-apreciatul-regizor-timofei-kuliabin-revine-in-romania-si-monteaza-oglinda-sparta-la-teatrul-regina-maria\/#webpage"},"articleSection":"Nout\u0103\u021bi, Nout\u0103\u021bi - Trupa Iosif Vulcan"},{"@type":"BreadcrumbList","@id":"https:\/\/www.teatrulreginamaria.ro\/hu\/comunicat-de-presa-apreciatul-regizor-timofei-kuliabin-revine-in-romania-si-monteaza-oglinda-sparta-la-teatrul-regina-maria\/#breadcrumblist","itemListElement":[{"@type":"ListItem","@id":"https:\/\/www.teatrulreginamaria.ro\/hu#listItem","position":1,"name":"Home","item":"https:\/\/www.teatrulreginamaria.ro\/hu","nextItem":{"@type":"ListItem","@id":"https:\/\/www.teatrulreginamaria.ro\/hu\/categorie\/noutati\/#listItem","name":"Nout\u0103\u021bi"}},{"@type":"ListItem","@id":"https:\/\/www.teatrulreginamaria.ro\/hu\/categorie\/noutati\/#listItem","position":2,"name":"Nout\u0103\u021bi","item":"https:\/\/www.teatrulreginamaria.ro\/hu\/categorie\/noutati\/","nextItem":{"@type":"ListItem","@id":"https:\/\/www.teatrulreginamaria.ro\/hu\/categorie\/noutati\/noutati-trupa-iosif-vulcan\/#listItem","name":"Nout\u0103\u021bi - Trupa Iosif Vulcan"},"previousItem":{"@type":"ListItem","@id":"https:\/\/www.teatrulreginamaria.ro\/hu#listItem","name":"Home"}},{"@type":"ListItem","@id":"https:\/\/www.teatrulreginamaria.ro\/hu\/categorie\/noutati\/noutati-trupa-iosif-vulcan\/#listItem","position":3,"name":"Nout\u0103\u021bi - Trupa Iosif Vulcan","item":"https:\/\/www.teatrulreginamaria.ro\/hu\/categorie\/noutati\/noutati-trupa-iosif-vulcan\/","nextItem":{"@type":"ListItem","@id":"https:\/\/www.teatrulreginamaria.ro\/hu\/comunicat-de-presa-apreciatul-regizor-timofei-kuliabin-revine-in-romania-si-monteaza-oglinda-sparta-la-teatrul-regina-maria\/#listItem","name":"COMUNICAT DE PRES\u0102 | Apreciatul regizor Timofei Kuliabin revine \u00een Rom\u00e2nia \u0219i monteaz\u0103 \u201eOglinda spart\u0103\u201d la Teatrul Regina Maria"},"previousItem":{"@type":"ListItem","@id":"https:\/\/www.teatrulreginamaria.ro\/hu\/categorie\/noutati\/#listItem","name":"Nout\u0103\u021bi"}},{"@type":"ListItem","@id":"https:\/\/www.teatrulreginamaria.ro\/hu\/comunicat-de-presa-apreciatul-regizor-timofei-kuliabin-revine-in-romania-si-monteaza-oglinda-sparta-la-teatrul-regina-maria\/#listItem","position":4,"name":"COMUNICAT DE PRES\u0102 | Apreciatul regizor Timofei Kuliabin revine \u00een Rom\u00e2nia \u0219i monteaz\u0103 \u201eOglinda spart\u0103\u201d la Teatrul Regina Maria","previousItem":{"@type":"ListItem","@id":"https:\/\/www.teatrulreginamaria.ro\/hu\/categorie\/noutati\/noutati-trupa-iosif-vulcan\/#listItem","name":"Nout\u0103\u021bi - Trupa Iosif Vulcan"}}]},{"@type":"Organization","@id":"https:\/\/www.teatrulreginamaria.ro\/hu\/#organization","name":"Teatrul Regina Maria Oradea","description":"Trupa Iosif Vulcan \u0219i Trupa Arcadia","url":"https:\/\/www.teatrulreginamaria.ro\/hu\/","email":"marketing@teatrulreginamaria.ro","telephone":"+40359411534","numberOfEmployees":{"@type":"QuantitativeValue","minValue":0,"maxValue":150},"logo":{"@type":"ImageObject","url":"https:\/\/www.teatrulreginamaria.ro\/wp-content\/uploads\/2025\/06\/logo-trm-01-dark.png","@id":"https:\/\/www.teatrulreginamaria.ro\/hu\/comunicat-de-presa-apreciatul-regizor-timofei-kuliabin-revine-in-romania-si-monteaza-oglinda-sparta-la-teatrul-regina-maria\/#organizationLogo","width":300,"height":148},"image":{"@id":"https:\/\/www.teatrulreginamaria.ro\/hu\/comunicat-de-presa-apreciatul-regizor-timofei-kuliabin-revine-in-romania-si-monteaza-oglinda-sparta-la-teatrul-regina-maria\/#organizationLogo"},"sameAs":["https:\/\/www.facebook.com\/TRMTrupaIosifVulcan\/","https:\/\/x.com\/TRMOradea","https:\/\/www.instagram.com\/teatrul_regina_maria\/","https:\/\/www.youtube.com\/c\/TeatrulReginaMariaOradea","https:\/\/www.linkedin.com\/company\/teatrul-regina-maria"]},{"@type":"Person","@id":"https:\/\/www.teatrulreginamaria.ro\/hu\/author\/florina\/#author","url":"https:\/\/www.teatrulreginamaria.ro\/hu\/author\/florina\/","name":"Florina Dometi","image":{"@type":"ImageObject","@id":"https:\/\/www.teatrulreginamaria.ro\/hu\/comunicat-de-presa-apreciatul-regizor-timofei-kuliabin-revine-in-romania-si-monteaza-oglinda-sparta-la-teatrul-regina-maria\/#authorImage","url":"https:\/\/secure.gravatar.com\/avatar\/efc240f7aebd58d925cf11ff8d7c84e9636b0ee93a0cd22c95d272ca0ffc0289?s=96&d=mm&r=g","width":96,"height":96,"caption":"Florina Dometi"}},{"@type":"WebPage","@id":"https:\/\/www.teatrulreginamaria.ro\/hu\/comunicat-de-presa-apreciatul-regizor-timofei-kuliabin-revine-in-romania-si-monteaza-oglinda-sparta-la-teatrul-regina-maria\/#webpage","url":"https:\/\/www.teatrulreginamaria.ro\/hu\/comunicat-de-presa-apreciatul-regizor-timofei-kuliabin-revine-in-romania-si-monteaza-oglinda-sparta-la-teatrul-regina-maria\/","name":"COMUNICAT DE PRES\u0102 | Apreciatul regizor Timofei Kuliabin revine \u00een Rom\u00e2nia \u0219i monteaz\u0103 \u201eOglinda spart\u0103\u201d la Teatrul Regina Maria - Teatrul Regina Maria Oradea","description":"Trupa Iosif Vulcan a Teatrului Regina Maria anun\u021b\u0103 premiera spectacolului Oglinda spart\u0103, un scenariu de Roman Doljanski inspirat din opera lui Arthur Miller, \u00een regia unuia dintre cei mai importan\u021bi regizori europeni ai momentului, Timofei Kuliabin. Spectacolul va avea primele reprezenta\u021bii \u00een 16 \u0219i 17 noiembrie 2025, de la ora 19:00, la Sala Mare a Teatrului Regina Maria, iar interesul publicului este uria\u0219, toate biletele fiind deja v\u00e2ndute.","inLanguage":"hu-HU","isPartOf":{"@id":"https:\/\/www.teatrulreginamaria.ro\/hu\/#website"},"breadcrumb":{"@id":"https:\/\/www.teatrulreginamaria.ro\/hu\/comunicat-de-presa-apreciatul-regizor-timofei-kuliabin-revine-in-romania-si-monteaza-oglinda-sparta-la-teatrul-regina-maria\/#breadcrumblist"},"author":{"@id":"https:\/\/www.teatrulreginamaria.ro\/hu\/author\/florina\/#author"},"creator":{"@id":"https:\/\/www.teatrulreginamaria.ro\/hu\/author\/florina\/#author"},"image":{"@type":"ImageObject","url":"https:\/\/www.teatrulreginamaria.ro\/wp-content\/uploads\/2025\/10\/OS-2025-AFIS-FINAL-MIC-scaled.jpg","@id":"https:\/\/www.teatrulreginamaria.ro\/hu\/comunicat-de-presa-apreciatul-regizor-timofei-kuliabin-revine-in-romania-si-monteaza-oglinda-sparta-la-teatrul-regina-maria\/#mainImage","width":1792,"height":2560},"primaryImageOfPage":{"@id":"https:\/\/www.teatrulreginamaria.ro\/hu\/comunicat-de-presa-apreciatul-regizor-timofei-kuliabin-revine-in-romania-si-monteaza-oglinda-sparta-la-teatrul-regina-maria\/#mainImage"},"datePublished":"2025-11-12T08:58:33+02:00","dateModified":"2025-11-12T08:58:35+02:00"},{"@type":"WebSite","@id":"https:\/\/www.teatrulreginamaria.ro\/hu\/#website","url":"https:\/\/www.teatrulreginamaria.ro\/hu\/","name":"Teatrul Regina Maria Oradea","alternateName":"TRM Oradea","description":"Trupa Iosif Vulcan \u0219i Trupa Arcadia","inLanguage":"hu-HU","publisher":{"@id":"https:\/\/www.teatrulreginamaria.ro\/hu\/#organization"}}]},"og:locale":"hu_HU","og:site_name":"Teatrul Regina Maria Oradea - Trupa Iosif Vulcan \u0219i Trupa Arcadia","og:type":"article","og:title":"COMUNICAT DE PRES\u0102 | Apreciatul regizor Timofei Kuliabin revine \u00een Rom\u00e2nia \u0219i monteaz\u0103 \u201eOglinda spart\u0103\u201d la Teatrul Regina Maria - Teatrul Regina Maria Oradea","og:description":"Trupa Iosif Vulcan a Teatrului Regina Maria anun\u021b\u0103 premiera spectacolului Oglinda spart\u0103, un scenariu de Roman Doljanski inspirat din opera lui Arthur Miller, \u00een regia unuia dintre cei mai importan\u021bi regizori europeni ai momentului, Timofei Kuliabin. Spectacolul va avea primele reprezenta\u021bii \u00een 16 \u0219i 17 noiembrie 2025, de la ora 19:00, la Sala Mare a Teatrului Regina Maria, iar interesul publicului este uria\u0219, toate biletele fiind deja v\u00e2ndute.","og:url":"https:\/\/www.teatrulreginamaria.ro\/hu\/comunicat-de-presa-apreciatul-regizor-timofei-kuliabin-revine-in-romania-si-monteaza-oglinda-sparta-la-teatrul-regina-maria\/","og:image":"https:\/\/www.teatrulreginamaria.ro\/wp-content\/uploads\/2025\/03\/trm-istoric-01.jpg","og:image:secure_url":"https:\/\/www.teatrulreginamaria.ro\/wp-content\/uploads\/2025\/03\/trm-istoric-01.jpg","og:image:width":1200,"og:image:height":800,"article:published_time":"2025-11-12T06:58:33+00:00","article:modified_time":"2025-11-12T06:58:35+00:00","article:publisher":"https:\/\/www.facebook.com\/TRMTrupaIosifVulcan\/","twitter:card":"summary_large_image","twitter:site":"@TRMOradea","twitter:title":"COMUNICAT DE PRES\u0102 | Apreciatul regizor Timofei Kuliabin revine \u00een Rom\u00e2nia \u0219i monteaz\u0103 \u201eOglinda spart\u0103\u201d la Teatrul Regina Maria - Teatrul Regina Maria Oradea","twitter:description":"Trupa Iosif Vulcan a Teatrului Regina Maria anun\u021b\u0103 premiera spectacolului Oglinda spart\u0103, un scenariu de Roman Doljanski inspirat din opera lui Arthur Miller, \u00een regia unuia dintre cei mai importan\u021bi regizori europeni ai momentului, Timofei Kuliabin. Spectacolul va avea primele reprezenta\u021bii \u00een 16 \u0219i 17 noiembrie 2025, de la ora 19:00, la Sala Mare a Teatrului Regina Maria, iar interesul publicului este uria\u0219, toate biletele fiind deja v\u00e2ndute.","twitter:creator":"@TRMOradea","twitter:image":"https:\/\/www.teatrulreginamaria.ro\/wp-content\/uploads\/2025\/03\/trm-istoric-01.jpg"},"aioseo_meta_data":{"post_id":"14170","title":null,"description":null,"keywords":null,"keyphrases":{"focus":[],"additional":[]},"primary_term":null,"canonical_url":null,"og_title":null,"og_description":null,"og_object_type":"default","og_image_type":"default","og_image_url":null,"og_image_width":null,"og_image_height":null,"og_image_custom_url":null,"og_image_custom_fields":null,"og_video":"","og_custom_url":null,"og_article_section":null,"og_article_tags":null,"twitter_use_og":false,"twitter_card":"default","twitter_image_type":"default","twitter_image_url":null,"twitter_image_custom_url":null,"twitter_image_custom_fields":null,"twitter_title":null,"twitter_description":null,"schema":{"blockGraphs":[],"customGraphs":[],"default":{"data":{"Article":[],"Course":[],"Dataset":[],"FAQPage":[],"Movie":[],"Person":[],"Product":[],"ProductReview":[],"Car":[],"Recipe":[],"Service":[],"SoftwareApplication":[],"WebPage":[]},"graphName":"BlogPosting","isEnabled":true},"graphs":[]},"schema_type":"default","schema_type_options":null,"pillar_content":false,"robots_default":true,"robots_noindex":false,"robots_noarchive":false,"robots_nosnippet":false,"robots_nofollow":false,"robots_noimageindex":false,"robots_noodp":false,"robots_notranslate":false,"robots_max_snippet":"-1","robots_max_videopreview":"-1","robots_max_imagepreview":"large","priority":null,"frequency":"default","local_seo":null,"seo_analyzer_scan_date":"2026-05-13 03:58:15","breadcrumb_settings":null,"limit_modified_date":false,"reviewed_by":"0","open_ai":null,"ai":{"faqs":[],"keyPoints":[],"titles":[],"descriptions":[],"socialPosts":{"email":[],"linkedin":[],"twitter":[],"facebook":[],"instagram":[]}},"created":"2025-11-12 06:55:51","updated":"2026-08-14 23:13:08","focus_keyword":null,"additional_keywords":null,"truseo_locale":null},"aioseo_breadcrumb":"<div class=\"aioseo-breadcrumbs\"><span class=\"aioseo-breadcrumb\">\n\t<a href=\"https:\/\/www.teatrulreginamaria.ro\/hu\" title=\"Home\">Home<\/a>\n<\/span><span class=\"aioseo-breadcrumb-separator\">&raquo;<\/span><span class=\"aioseo-breadcrumb\">\n\t<a href=\"https:\/\/www.teatrulreginamaria.ro\/hu\/categorie\/noutati\/\" title=\"Nout\u0103\u021bi\">Nout\u0103\u021bi<\/a>\n<\/span><span class=\"aioseo-breadcrumb-separator\">&raquo;<\/span><span class=\"aioseo-breadcrumb\">\n\t<a href=\"https:\/\/www.teatrulreginamaria.ro\/hu\/categorie\/noutati\/noutati-trupa-iosif-vulcan\/\" title=\"Nout\u0103\u021bi - Trupa Iosif Vulcan\">Nout\u0103\u021bi - Trupa Iosif Vulcan<\/a>\n<\/span><span class=\"aioseo-breadcrumb-separator\">&raquo;<\/span><span class=\"aioseo-breadcrumb\">\n\tCOMUNICAT DE PRES\u0102 | Apreciatul regizor Timofei Kuliabin revine \u00een Rom\u00e2nia \u0219i monteaz\u0103 \u201eOglinda spart\u0103\u201d la Teatrul Regina Maria\n<\/span><\/div>","aioseo_breadcrumb_json":[{"label":"Home","link":"https:\/\/www.teatrulreginamaria.ro\/hu"},{"label":"Nout\u0103\u021bi","link":"https:\/\/www.teatrulreginamaria.ro\/hu\/categorie\/noutati\/"},{"label":"Nout\u0103\u021bi - Trupa Iosif Vulcan","link":"https:\/\/www.teatrulreginamaria.ro\/hu\/categorie\/noutati\/noutati-trupa-iosif-vulcan\/"},{"label":"COMUNICAT DE PRES\u0102 | Apreciatul regizor Timofei Kuliabin revine \u00een Rom\u00e2nia \u0219i monteaz\u0103 \u201eOglinda spart\u0103\u201d la Teatrul Regina Maria","link":"https:\/\/www.teatrulreginamaria.ro\/hu\/comunicat-de-presa-apreciatul-regizor-timofei-kuliabin-revine-in-romania-si-monteaza-oglinda-sparta-la-teatrul-regina-maria\/"}],"acf":[],"_links":{"self":[{"href":"https:\/\/www.teatrulreginamaria.ro\/hu\/wp-json\/wp\/v2\/posts\/14170","targetHints":{"allow":["GET"]}}],"collection":[{"href":"https:\/\/www.teatrulreginamaria.ro\/hu\/wp-json\/wp\/v2\/posts"}],"about":[{"href":"https:\/\/www.teatrulreginamaria.ro\/hu\/wp-json\/wp\/v2\/types\/post"}],"author":[{"embeddable":true,"href":"https:\/\/www.teatrulreginamaria.ro\/hu\/wp-json\/wp\/v2\/users\/9"}],"replies":[{"embeddable":true,"href":"https:\/\/www.teatrulreginamaria.ro\/hu\/wp-json\/wp\/v2\/comments?post=14170"}],"version-history":[{"count":1,"href":"https:\/\/www.teatrulreginamaria.ro\/hu\/wp-json\/wp\/v2\/posts\/14170\/revisions"}],"predecessor-version":[{"id":14171,"href":"https:\/\/www.teatrulreginamaria.ro\/hu\/wp-json\/wp\/v2\/posts\/14170\/revisions\/14171"}],"wp:featuredmedia":[{"embeddable":true,"href":"https:\/\/www.teatrulreginamaria.ro\/hu\/wp-json\/wp\/v2\/media\/14166"}],"wp:attachment":[{"href":"https:\/\/www.teatrulreginamaria.ro\/hu\/wp-json\/wp\/v2\/media?parent=14170"}],"wp:term":[{"taxonomy":"category","embeddable":true,"href":"https:\/\/www.teatrulreginamaria.ro\/hu\/wp-json\/wp\/v2\/categories?post=14170"},{"taxonomy":"post_tag","embeddable":true,"href":"https:\/\/www.teatrulreginamaria.ro\/hu\/wp-json\/wp\/v2\/tags?post=14170"}],"curies":[{"name":"munkaf\u00fczet","href":"https:\/\/api.w.org\/{rel}","templated":true}]}}