{"id":14616,"date":"2026-03-11T16:12:21","date_gmt":"2026-03-11T14:12:21","guid":{"rendered":"https:\/\/www.teatrulreginamaria.ro\/?p=14616"},"modified":"2026-03-11T16:14:27","modified_gmt":"2026-03-11T14:14:27","slug":"sajtokozlemeny-gyengedsegrol","status":"publish","type":"post","link":"https:\/\/www.teatrulreginamaria.ro\/hu\/comunicat-de-presa-tandretea\/","title":{"rendered":"SAJT\u00d3K\u00d6ZLEM\u00c9NY | Gyeng\u00e9ds\u00e9g"},"content":{"rendered":"<p class=\"wp-block-paragraph\"><strong>A Regina Maria Sz\u00ednh\u00e1z Iosif Vulcan t\u00e1rsulata bejelenti Alfredo Sanzol &quot;Gyeng\u00e9ds\u00e9g&quot; c\u00edm\u0171 darabj\u00e1nak premierj\u00e9t, amelyet Mihai Gligan rendezett, \u00e9s amelyre 2026. m\u00e1rcius 15-\u00e9n, vas\u00e1rnap, 19:00 \u00f3rakor ker\u00fcl sor a Transilvania Csarnokban.<\/strong><\/p>\n\n\n\n<p class=\"wp-block-paragraph\">Alfredo Sanzol (sz\u00fcletett 1972-ben) dr\u00e1ma\u00edr\u00f3, rendez\u0151 \u00e9s a Spanyol Nemzeti Dr\u00e1mai K\u00f6zpont jelenlegi igazgat\u00f3ja a spanyol sz\u00ednh\u00e1z egyik legfontosabb kort\u00e1rs szerz\u0151je. \u00cdr\u00e1sait humor, stilisztikai lelem\u00e9nyess\u00e9g \u00e9s az \u00faj dr\u00e1mai strukt\u00far\u00e1k ir\u00e1nti \u00e1lland\u00f3 \u00e9rdekl\u0151d\u00e9s jellemzi.<\/p>\n\n\n\n<p class=\"wp-block-paragraph\">Az egyik legismertebb \u00edr\u00e1sa, a \u201eGyeng\u00e9ds\u00e9g\u201d c\u00edm\u0171 darab, 2018-ban Valle-Incl\u00e1n Sz\u00ednh\u00e1zi D\u00edjjal t\u00fcntett\u00e9k ki, \u00e9s 2023-ban Vicente Villanueva rendez\u00e9s\u00e9ben film is k\u00e9sz\u00fclt bel\u0151le.<\/p>\n\n\n\n<p class=\"wp-block-paragraph\">A Shakespeare-i felhangokkal tark\u00edtott romantikus v\u00edgj\u00e1t\u00e9kk\u00e9nt megalkotott darab a nemek k\u00f6z\u00f6tti konfliktust humorral \u00e9s k\u00e9pzelettel teli j\u00e1t\u00e9kk\u00e1 alak\u00edtja. Egy m\u00e1gikus k\u00e9pess\u00e9gekkel rendelkez\u0151 kir\u00e1lyn\u0151 haj\u00f3t\u00f6r\u00e9st okoz, hogy megmentse l\u00e1nyait a f\u00e9rfiak birodalm\u00e1t\u00f3l, \u00e9s egy lakatlan szigetre vonul vel\u00fck, elsz\u00e1ntan, hogy megalap\u00edtsa a n\u0151k k\u00f6zt\u00e1rsas\u00e1g\u00e1t. A terv azonban felborul, amikor felfedezi, hogy a szigeten m\u00e1r h\u00e1rom f\u00e9rfi (egy apa \u00e9s k\u00e9t fia) \u00e9l, akik az elszigetelts\u00e9get v\u00e1lasztott\u00e1k, hogy elker\u00fclj\u00e9k a szerelem okozta szenved\u00e9st. Ezzel a v\u00e1ratlan helyzettel szembes\u00fclve a k\u00e9t t\u00e1bor k\u00e9nytelen \u00fajragondolni hiedelmeit, \u00e9s a vonz\u00e1s t\u00f6rv\u00e9nyei kisz\u00e1m\u00edthatatlan ir\u00e1nyba kezdenek hatni.<\/p>\n\n\n\n<p class=\"wp-block-paragraph\">A szatirikus dimenzi\u00f3n t\u00fal a darab az emberek szeretettel szembeni t\u00f6r\u00e9kenys\u00e9g\u00e9r\u0151l, a k\u00f6zels\u00e9g ir\u00e1nti ig\u00e9nyr\u0151l \u00e9s a megb\u00e9k\u00e9l\u00e9s t\u00f6k\u00e9letlen, de sz\u00fcks\u00e9ges lehet\u0151s\u00e9g\u00e9r\u0151l sz\u00f3l.<\/p>\n\n\n\n<p class=\"wp-block-paragraph\">Az el\u0151ad\u00e1st Mihai Gligan rendezi, aki kolozsv\u00e1ri rendez\u0151, a Babe&#039;n&#039;Bremeni-Te\u00e1trum Sz\u00ednh\u00e1z- \u00e9s Filmm\u0171v\u00e9szeti Kar\u00e1nak v\u00e9gzett hallgat\u00f3ja. Profi deb\u00fct\u00e1l\u00e1s\u00e1ra N. V. Gogol &quot;A h\u00e1zass\u00e1g&quot; c\u00edm\u0171 darabj\u00e1ban ker\u00fclt sor a Nagyb\u00e1nyai V\u00e1rosi Sz\u00ednh\u00e1zban, amely az Atelier Nemzetk\u00f6zi Sz\u00ednh\u00e1zi Fesztiv\u00e1lon (2022) a zs\u0171ri k\u00fcl\u00f6nd\u00edj\u00e1t kapta rendez\u00e9s\u00e9rt \u00e9s a d\u00edszlettervez\u00e9s\u00e9rt. A &quot;Gyeng\u00e9ds\u00e9g&quot; a rendez\u0151 m\u00e1sodik egy\u00fcttm\u0171k\u00f6d\u00e9se a Regina Maria Sz\u00ednh\u00e1zzal, miut\u00e1n rendez\u0151asszisztensk\u00e9nt r\u00e9szt vett Doru Vatavlui &quot;Az \u00e9bred\u00e9s&quot; c\u00edm\u0171, Bobi Pricop \u00e1ltal rendezett darabj\u00e1ban.<\/p>\n\n\n\n<p class=\"wp-block-paragraph\">A sz\u00f6veg adapt\u00e1ci\u00f3j\u00e1t Vlad S\u0103lbatecu dr\u00e1ma\u00edr\u00f3val k\u00f6z\u00f6sen k\u00e9sz\u00edtik, a d\u00edszleteket Golicza El\u0151d, a jelmezeket Cristina Breteanu, a hanguniverzumot pedig Richard Balint teremtette.<\/p>\n\n\n\n<p class=\"wp-block-paragraph\">A szerepl\u0151g\u00e1rda a k\u00f6vetkez\u0151 sz\u00edn\u00e9szeket tartalmazza:<\/p>\n\n\n\n<p class=\"wp-block-paragraph\">Giorgiana Coman \u2013 Smaragdkir\u00e1lyn\u0151<br>Anca Sigmirean \u2013 Lazac hercegn\u0151<br>Alina Leonte \u2013 Ruby hercegn\u0151<br>David Constantinescu \u2013 A barna fav\u00e1g\u00f3<br>Eugen Neag \u2013 A fav\u00e1g\u00f3 Verdemarin<br>Pavel S\u00eerghi \u2013 A k\u00e9k fav\u00e1g\u00f3<\/p>\n\n\n\n<p class=\"wp-block-paragraph\">A k\u00f6vetkez\u0151 el\u0151ad\u00e1sok m\u00e1rcius 16-\u00e1n \u00e9s 31-\u00e9n, valamint \u00e1prilis 25-\u00e9n, 19:00 \u00f3r\u00e1t\u00f3l a Transilvania Csarnokban lesznek l\u00e1that\u00f3k.<\/p>\n\n\n\n<p class=\"wp-block-paragraph\">Jegyek v\u00e1s\u00e1rolhat\u00f3k a sz\u00ednh\u00e1zi \u00fcgyn\u00f6ks\u00e9gn\u00e9l vagy online, a platformon. <a href=\"http:\/\/poftimcultura.ro\/bilete?term=*&amp;query_by=title&amp;filter_by=organizer_id%3A%3D2&amp;preset=cronologic\" title=\"\">poftimcultura.ro<\/a>.<\/p>\n\n\n\n<p class=\"wp-block-paragraph\">V\u00e1runk benneteket a sz\u00ednh\u00e1zban!<\/p>\n\n\n\n<p class=\"wp-block-paragraph\"><\/p>","protected":false},"excerpt":{"rendered":"<p>A Regina Maria Sz\u00ednh\u00e1z Iosif Vulcan t\u00e1rsulata bejelenti Alfredo Sanzol &quot;Gyeng\u00e9ds\u00e9g&quot; c\u00edm\u0171 darabj\u00e1nak premierj\u00e9t, amelyet Mihai Gligan rendezett, \u00e9s amelyre 2026. m\u00e1rcius 15-\u00e9n, vas\u00e1rnap, 19:00 \u00f3rakor ker\u00fcl sor a Transilvania Csarnokban.<\/p>","protected":false},"author":9,"featured_media":14611,"comment_status":"closed","ping_status":"closed","sticky":false,"template":"","format":"standard","meta":{"_acf_changed":false,"footnotes":""},"categories":[41,22],"tags":[],"class_list":["post-14616","post","type-post","status-publish","format-standard","has-post-thumbnail","hentry","category-noutati","category-noutati-trupa-iosif-vulcan"],"aioseo_notices":[],"aioseo_head":"\n\t\t<!-- All in One SEO Pro 5.0.1.1 - aioseo.com -->\n\t<meta name=\"description\" content=\"Trupa Iosif Vulcan a Teatrului Regina Maria anun\u021b\u0103 premiera spectacolului \u201eTandre\u021bea\u201d de Alfredo Sanzol, \u00een regia lui Mihai Gligan, care va avea loc duminic\u0103, 15 martie 2026, de la ora 19:00, la Sala Transilvania.\" \/>\n\t<meta name=\"robots\" content=\"max-image-preview:large\" \/>\n\t<meta name=\"author\" content=\"Florina Dometi\"\/>\n\t<link rel=\"canonical\" href=\"https:\/\/www.teatrulreginamaria.ro\/hu\/comunicat-de-presa-tandretea\/\" \/>\n\t<meta name=\"generator\" content=\"All in One SEO Pro (AIOSEO) 5.0.1.1\" \/>\n\t\t<meta property=\"og:locale\" content=\"hu_HU\" \/>\n\t\t<meta property=\"og:site_name\" content=\"Teatrul Regina Maria Oradea - Trupa Iosif Vulcan \u0219i Trupa Arcadia\" \/>\n\t\t<meta property=\"og:type\" content=\"article\" \/>\n\t\t<meta property=\"og:title\" content=\"COMUNICAT DE PRES\u0102 | Tandre\u021bea - Teatrul Regina Maria Oradea\" \/>\n\t\t<meta property=\"og:description\" content=\"Trupa Iosif Vulcan a Teatrului Regina Maria anun\u021b\u0103 premiera spectacolului \u201eTandre\u021bea\u201d de Alfredo Sanzol, \u00een regia lui Mihai Gligan, care va avea loc duminic\u0103, 15 martie 2026, de la ora 19:00, la Sala Transilvania.\" \/>\n\t\t<meta property=\"og:url\" content=\"https:\/\/www.teatrulreginamaria.ro\/hu\/comunicat-de-presa-tandretea\/\" \/>\n\t\t<meta property=\"og:image\" content=\"https:\/\/www.teatrulreginamaria.ro\/wp-content\/uploads\/2025\/03\/trm-istoric-01.jpg\" \/>\n\t\t<meta property=\"og:image:secure_url\" content=\"https:\/\/www.teatrulreginamaria.ro\/wp-content\/uploads\/2025\/03\/trm-istoric-01.jpg\" \/>\n\t\t<meta property=\"og:image:width\" content=\"1200\" \/>\n\t\t<meta property=\"og:image:height\" content=\"800\" \/>\n\t\t<meta property=\"article:published_time\" content=\"2026-03-11T14:12:21+00:00\" \/>\n\t\t<meta property=\"article:modified_time\" content=\"2026-03-11T14:14:27+00:00\" \/>\n\t\t<meta property=\"article:publisher\" content=\"https:\/\/www.facebook.com\/TRMTrupaIosifVulcan\/\" \/>\n\t\t<meta name=\"twitter:card\" content=\"summary_large_image\" \/>\n\t\t<meta name=\"twitter:site\" content=\"@TRMOradea\" \/>\n\t\t<meta name=\"twitter:title\" content=\"COMUNICAT DE PRES\u0102 | Tandre\u021bea - Teatrul Regina Maria Oradea\" \/>\n\t\t<meta name=\"twitter:description\" content=\"Trupa Iosif Vulcan a Teatrului Regina Maria anun\u021b\u0103 premiera spectacolului \u201eTandre\u021bea\u201d de Alfredo Sanzol, \u00een regia lui Mihai Gligan, care va avea loc duminic\u0103, 15 martie 2026, de la ora 19:00, la Sala Transilvania.\" \/>\n\t\t<meta name=\"twitter:creator\" content=\"@TRMOradea\" \/>\n\t\t<meta name=\"twitter:image\" content=\"https:\/\/www.teatrulreginamaria.ro\/wp-content\/uploads\/2025\/03\/trm-istoric-01.jpg\" \/>\n\t\t<script type=\"application\/ld+json\" class=\"aioseo-schema\">\n\t\t\t{\"@context\":\"https:\\\/\\\/schema.org\",\"@graph\":[{\"@type\":\"BlogPosting\",\"@id\":\"https:\\\/\\\/www.teatrulreginamaria.ro\\\/hu\\\/comunicat-de-presa-tandretea\\\/#blogposting\",\"name\":\"COMUNICAT DE PRES\\u0102 | Tandre\\u021bea - Teatrul Regina Maria Oradea\",\"headline\":\"COMUNICAT DE PRES\\u0102 | Tandre\\u021bea\",\"author\":{\"@id\":\"https:\\\/\\\/www.teatrulreginamaria.ro\\\/hu\\\/author\\\/florina\\\/#author\"},\"publisher\":{\"@id\":\"https:\\\/\\\/www.teatrulreginamaria.ro\\\/hu\\\/#organization\"},\"image\":{\"@type\":\"ImageObject\",\"url\":\"https:\\\/\\\/www.teatrulreginamaria.ro\\\/wp-content\\\/uploads\\\/2026\\\/01\\\/FLYER-TANDRETEA-2026-UNO-scaled.jpg\",\"width\":1792,\"height\":2560},\"datePublished\":\"2026-03-11T16:12:21+02:00\",\"dateModified\":\"2026-03-11T16:14:27+02:00\",\"inLanguage\":\"hu-HU\",\"mainEntityOfPage\":{\"@id\":\"https:\\\/\\\/www.teatrulreginamaria.ro\\\/hu\\\/comunicat-de-presa-tandretea\\\/#webpage\"},\"isPartOf\":{\"@id\":\"https:\\\/\\\/www.teatrulreginamaria.ro\\\/hu\\\/comunicat-de-presa-tandretea\\\/#webpage\"},\"articleSection\":\"Nout\\u0103\\u021bi, Nout\\u0103\\u021bi - Trupa Iosif Vulcan\"},{\"@type\":\"BreadcrumbList\",\"@id\":\"https:\\\/\\\/www.teatrulreginamaria.ro\\\/hu\\\/comunicat-de-presa-tandretea\\\/#breadcrumblist\",\"itemListElement\":[{\"@type\":\"ListItem\",\"@id\":\"https:\\\/\\\/www.teatrulreginamaria.ro\\\/hu#listItem\",\"position\":1,\"name\":\"Home\",\"item\":\"https:\\\/\\\/www.teatrulreginamaria.ro\\\/hu\",\"nextItem\":{\"@type\":\"ListItem\",\"@id\":\"https:\\\/\\\/www.teatrulreginamaria.ro\\\/hu\\\/categorie\\\/noutati\\\/#listItem\",\"name\":\"Nout\\u0103\\u021bi\"}},{\"@type\":\"ListItem\",\"@id\":\"https:\\\/\\\/www.teatrulreginamaria.ro\\\/hu\\\/categorie\\\/noutati\\\/#listItem\",\"position\":2,\"name\":\"Nout\\u0103\\u021bi\",\"item\":\"https:\\\/\\\/www.teatrulreginamaria.ro\\\/hu\\\/categorie\\\/noutati\\\/\",\"nextItem\":{\"@type\":\"ListItem\",\"@id\":\"https:\\\/\\\/www.teatrulreginamaria.ro\\\/hu\\\/categorie\\\/noutati\\\/noutati-trupa-iosif-vulcan\\\/#listItem\",\"name\":\"Nout\\u0103\\u021bi - Trupa Iosif Vulcan\"},\"previousItem\":{\"@type\":\"ListItem\",\"@id\":\"https:\\\/\\\/www.teatrulreginamaria.ro\\\/hu#listItem\",\"name\":\"Home\"}},{\"@type\":\"ListItem\",\"@id\":\"https:\\\/\\\/www.teatrulreginamaria.ro\\\/hu\\\/categorie\\\/noutati\\\/noutati-trupa-iosif-vulcan\\\/#listItem\",\"position\":3,\"name\":\"Nout\\u0103\\u021bi - Trupa Iosif Vulcan\",\"item\":\"https:\\\/\\\/www.teatrulreginamaria.ro\\\/hu\\\/categorie\\\/noutati\\\/noutati-trupa-iosif-vulcan\\\/\",\"nextItem\":{\"@type\":\"ListItem\",\"@id\":\"https:\\\/\\\/www.teatrulreginamaria.ro\\\/hu\\\/comunicat-de-presa-tandretea\\\/#listItem\",\"name\":\"COMUNICAT DE PRES\\u0102 | Tandre\\u021bea\"},\"previousItem\":{\"@type\":\"ListItem\",\"@id\":\"https:\\\/\\\/www.teatrulreginamaria.ro\\\/hu\\\/categorie\\\/noutati\\\/#listItem\",\"name\":\"Nout\\u0103\\u021bi\"}},{\"@type\":\"ListItem\",\"@id\":\"https:\\\/\\\/www.teatrulreginamaria.ro\\\/hu\\\/comunicat-de-presa-tandretea\\\/#listItem\",\"position\":4,\"name\":\"COMUNICAT DE PRES\\u0102 | Tandre\\u021bea\",\"previousItem\":{\"@type\":\"ListItem\",\"@id\":\"https:\\\/\\\/www.teatrulreginamaria.ro\\\/hu\\\/categorie\\\/noutati\\\/noutati-trupa-iosif-vulcan\\\/#listItem\",\"name\":\"Nout\\u0103\\u021bi - Trupa Iosif Vulcan\"}}]},{\"@type\":\"Organization\",\"@id\":\"https:\\\/\\\/www.teatrulreginamaria.ro\\\/hu\\\/#organization\",\"name\":\"Teatrul Regina Maria Oradea\",\"description\":\"Trupa Iosif Vulcan \\u0219i Trupa Arcadia\",\"url\":\"https:\\\/\\\/www.teatrulreginamaria.ro\\\/hu\\\/\",\"email\":\"marketing@teatrulreginamaria.ro\",\"telephone\":\"+40359411534\",\"numberOfEmployees\":{\"@type\":\"QuantitativeValue\",\"minValue\":0,\"maxValue\":150},\"logo\":{\"@type\":\"ImageObject\",\"url\":\"https:\\\/\\\/www.teatrulreginamaria.ro\\\/wp-content\\\/uploads\\\/2025\\\/06\\\/logo-trm-01-dark.png\",\"@id\":\"https:\\\/\\\/www.teatrulreginamaria.ro\\\/hu\\\/comunicat-de-presa-tandretea\\\/#organizationLogo\",\"width\":300,\"height\":148},\"image\":{\"@id\":\"https:\\\/\\\/www.teatrulreginamaria.ro\\\/hu\\\/comunicat-de-presa-tandretea\\\/#organizationLogo\"},\"sameAs\":[\"https:\\\/\\\/www.facebook.com\\\/TRMTrupaIosifVulcan\\\/\",\"https:\\\/\\\/x.com\\\/TRMOradea\",\"https:\\\/\\\/www.instagram.com\\\/teatrul_regina_maria\\\/\",\"https:\\\/\\\/www.youtube.com\\\/c\\\/TeatrulReginaMariaOradea\",\"https:\\\/\\\/www.linkedin.com\\\/company\\\/teatrul-regina-maria\"]},{\"@type\":\"Person\",\"@id\":\"https:\\\/\\\/www.teatrulreginamaria.ro\\\/hu\\\/author\\\/florina\\\/#author\",\"url\":\"https:\\\/\\\/www.teatrulreginamaria.ro\\\/hu\\\/author\\\/florina\\\/\",\"name\":\"Florina Dometi\",\"image\":{\"@type\":\"ImageObject\",\"@id\":\"https:\\\/\\\/www.teatrulreginamaria.ro\\\/hu\\\/comunicat-de-presa-tandretea\\\/#authorImage\",\"url\":\"https:\\\/\\\/secure.gravatar.com\\\/avatar\\\/efc240f7aebd58d925cf11ff8d7c84e9636b0ee93a0cd22c95d272ca0ffc0289?s=96&d=mm&r=g\",\"width\":96,\"height\":96,\"caption\":\"Florina Dometi\"}},{\"@type\":\"WebPage\",\"@id\":\"https:\\\/\\\/www.teatrulreginamaria.ro\\\/hu\\\/comunicat-de-presa-tandretea\\\/#webpage\",\"url\":\"https:\\\/\\\/www.teatrulreginamaria.ro\\\/hu\\\/comunicat-de-presa-tandretea\\\/\",\"name\":\"COMUNICAT DE PRES\\u0102 | Tandre\\u021bea - Teatrul Regina Maria Oradea\",\"description\":\"Trupa Iosif Vulcan a Teatrului Regina Maria anun\\u021b\\u0103 premiera spectacolului \\u201eTandre\\u021bea\\u201d de Alfredo Sanzol, \\u00een regia lui Mihai Gligan, care va avea loc duminic\\u0103, 15 martie 2026, de la ora 19:00, la Sala Transilvania.\",\"inLanguage\":\"hu-HU\",\"isPartOf\":{\"@id\":\"https:\\\/\\\/www.teatrulreginamaria.ro\\\/hu\\\/#website\"},\"breadcrumb\":{\"@id\":\"https:\\\/\\\/www.teatrulreginamaria.ro\\\/hu\\\/comunicat-de-presa-tandretea\\\/#breadcrumblist\"},\"author\":{\"@id\":\"https:\\\/\\\/www.teatrulreginamaria.ro\\\/hu\\\/author\\\/florina\\\/#author\"},\"creator\":{\"@id\":\"https:\\\/\\\/www.teatrulreginamaria.ro\\\/hu\\\/author\\\/florina\\\/#author\"},\"image\":{\"@type\":\"ImageObject\",\"url\":\"https:\\\/\\\/www.teatrulreginamaria.ro\\\/wp-content\\\/uploads\\\/2026\\\/01\\\/FLYER-TANDRETEA-2026-UNO-scaled.jpg\",\"@id\":\"https:\\\/\\\/www.teatrulreginamaria.ro\\\/hu\\\/comunicat-de-presa-tandretea\\\/#mainImage\",\"width\":1792,\"height\":2560},\"primaryImageOfPage\":{\"@id\":\"https:\\\/\\\/www.teatrulreginamaria.ro\\\/hu\\\/comunicat-de-presa-tandretea\\\/#mainImage\"},\"datePublished\":\"2026-03-11T16:12:21+02:00\",\"dateModified\":\"2026-03-11T16:14:27+02:00\"},{\"@type\":\"WebSite\",\"@id\":\"https:\\\/\\\/www.teatrulreginamaria.ro\\\/hu\\\/#website\",\"url\":\"https:\\\/\\\/www.teatrulreginamaria.ro\\\/hu\\\/\",\"name\":\"Teatrul Regina Maria Oradea\",\"alternateName\":\"TRM Oradea\",\"description\":\"Trupa Iosif Vulcan \\u0219i Trupa Arcadia\",\"inLanguage\":\"hu-HU\",\"publisher\":{\"@id\":\"https:\\\/\\\/www.teatrulreginamaria.ro\\\/hu\\\/#organization\"}}]}\n\t\t<\/script>\n\t\t<!-- All in One SEO Pro -->\r\n\t\t<title>COMUNICAT DE PRES\u0102 | Tandre\u021bea - Teatrul Regina Maria Oradea<\/title>\n\n","aioseo_head_json":{"title":"SAJT\u00d3K\u00d6ZLEM\u00c9NY | Gyeng\u00e9ds\u00e9g - Regina Maria Sz\u00ednh\u00e1z Nagyv\u00e1radon","description":"A Regina Maria Sz\u00ednh\u00e1z Iosif Vulcan t\u00e1rsulata bejelenti Alfredo Sanzol &quot;Gyeng\u00e9ds\u00e9g&quot; c\u00edm\u0171 darabj\u00e1nak premierj\u00e9t, amelyet Mihai Gligan rendezett, \u00e9s amelyre 2026. m\u00e1rcius 15-\u00e9n, vas\u00e1rnap, 19:00 \u00f3rakor ker\u00fcl sor a Transilvania Csarnokban.","canonical_url":"https:\/\/www.teatrulreginamaria.ro\/hu\/comunicat-de-presa-tandretea\/","robots":"max-image-preview:large","keywords":"","webmasterTools":{"miscellaneous":""},"schema":{"@context":"https:\/\/schema.org","@graph":[{"@type":"BlogPosting","@id":"https:\/\/www.teatrulreginamaria.ro\/hu\/comunicat-de-presa-tandretea\/#blogposting","name":"COMUNICAT DE PRES\u0102 | Tandre\u021bea - Teatrul Regina Maria Oradea","headline":"COMUNICAT DE PRES\u0102 | Tandre\u021bea","author":{"@id":"https:\/\/www.teatrulreginamaria.ro\/hu\/author\/florina\/#author"},"publisher":{"@id":"https:\/\/www.teatrulreginamaria.ro\/hu\/#organization"},"image":{"@type":"ImageObject","url":"https:\/\/www.teatrulreginamaria.ro\/wp-content\/uploads\/2026\/01\/FLYER-TANDRETEA-2026-UNO-scaled.jpg","width":1792,"height":2560},"datePublished":"2026-03-11T16:12:21+02:00","dateModified":"2026-03-11T16:14:27+02:00","inLanguage":"hu-HU","mainEntityOfPage":{"@id":"https:\/\/www.teatrulreginamaria.ro\/hu\/comunicat-de-presa-tandretea\/#webpage"},"isPartOf":{"@id":"https:\/\/www.teatrulreginamaria.ro\/hu\/comunicat-de-presa-tandretea\/#webpage"},"articleSection":"Nout\u0103\u021bi, Nout\u0103\u021bi - Trupa Iosif Vulcan"},{"@type":"BreadcrumbList","@id":"https:\/\/www.teatrulreginamaria.ro\/hu\/comunicat-de-presa-tandretea\/#breadcrumblist","itemListElement":[{"@type":"ListItem","@id":"https:\/\/www.teatrulreginamaria.ro\/hu#listItem","position":1,"name":"Home","item":"https:\/\/www.teatrulreginamaria.ro\/hu","nextItem":{"@type":"ListItem","@id":"https:\/\/www.teatrulreginamaria.ro\/hu\/categorie\/noutati\/#listItem","name":"Nout\u0103\u021bi"}},{"@type":"ListItem","@id":"https:\/\/www.teatrulreginamaria.ro\/hu\/categorie\/noutati\/#listItem","position":2,"name":"Nout\u0103\u021bi","item":"https:\/\/www.teatrulreginamaria.ro\/hu\/categorie\/noutati\/","nextItem":{"@type":"ListItem","@id":"https:\/\/www.teatrulreginamaria.ro\/hu\/categorie\/noutati\/noutati-trupa-iosif-vulcan\/#listItem","name":"Nout\u0103\u021bi - Trupa Iosif Vulcan"},"previousItem":{"@type":"ListItem","@id":"https:\/\/www.teatrulreginamaria.ro\/hu#listItem","name":"Home"}},{"@type":"ListItem","@id":"https:\/\/www.teatrulreginamaria.ro\/hu\/categorie\/noutati\/noutati-trupa-iosif-vulcan\/#listItem","position":3,"name":"Nout\u0103\u021bi - Trupa Iosif Vulcan","item":"https:\/\/www.teatrulreginamaria.ro\/hu\/categorie\/noutati\/noutati-trupa-iosif-vulcan\/","nextItem":{"@type":"ListItem","@id":"https:\/\/www.teatrulreginamaria.ro\/hu\/comunicat-de-presa-tandretea\/#listItem","name":"COMUNICAT DE PRES\u0102 | Tandre\u021bea"},"previousItem":{"@type":"ListItem","@id":"https:\/\/www.teatrulreginamaria.ro\/hu\/categorie\/noutati\/#listItem","name":"Nout\u0103\u021bi"}},{"@type":"ListItem","@id":"https:\/\/www.teatrulreginamaria.ro\/hu\/comunicat-de-presa-tandretea\/#listItem","position":4,"name":"COMUNICAT DE PRES\u0102 | Tandre\u021bea","previousItem":{"@type":"ListItem","@id":"https:\/\/www.teatrulreginamaria.ro\/hu\/categorie\/noutati\/noutati-trupa-iosif-vulcan\/#listItem","name":"Nout\u0103\u021bi - Trupa Iosif Vulcan"}}]},{"@type":"Organization","@id":"https:\/\/www.teatrulreginamaria.ro\/hu\/#organization","name":"Teatrul Regina Maria Oradea","description":"Trupa Iosif Vulcan \u0219i Trupa Arcadia","url":"https:\/\/www.teatrulreginamaria.ro\/hu\/","email":"marketing@teatrulreginamaria.ro","telephone":"+40359411534","numberOfEmployees":{"@type":"QuantitativeValue","minValue":0,"maxValue":150},"logo":{"@type":"ImageObject","url":"https:\/\/www.teatrulreginamaria.ro\/wp-content\/uploads\/2025\/06\/logo-trm-01-dark.png","@id":"https:\/\/www.teatrulreginamaria.ro\/hu\/comunicat-de-presa-tandretea\/#organizationLogo","width":300,"height":148},"image":{"@id":"https:\/\/www.teatrulreginamaria.ro\/hu\/comunicat-de-presa-tandretea\/#organizationLogo"},"sameAs":["https:\/\/www.facebook.com\/TRMTrupaIosifVulcan\/","https:\/\/x.com\/TRMOradea","https:\/\/www.instagram.com\/teatrul_regina_maria\/","https:\/\/www.youtube.com\/c\/TeatrulReginaMariaOradea","https:\/\/www.linkedin.com\/company\/teatrul-regina-maria"]},{"@type":"Person","@id":"https:\/\/www.teatrulreginamaria.ro\/hu\/author\/florina\/#author","url":"https:\/\/www.teatrulreginamaria.ro\/hu\/author\/florina\/","name":"Florina Dometi","image":{"@type":"ImageObject","@id":"https:\/\/www.teatrulreginamaria.ro\/hu\/comunicat-de-presa-tandretea\/#authorImage","url":"https:\/\/secure.gravatar.com\/avatar\/efc240f7aebd58d925cf11ff8d7c84e9636b0ee93a0cd22c95d272ca0ffc0289?s=96&d=mm&r=g","width":96,"height":96,"caption":"Florina Dometi"}},{"@type":"WebPage","@id":"https:\/\/www.teatrulreginamaria.ro\/hu\/comunicat-de-presa-tandretea\/#webpage","url":"https:\/\/www.teatrulreginamaria.ro\/hu\/comunicat-de-presa-tandretea\/","name":"COMUNICAT DE PRES\u0102 | Tandre\u021bea - Teatrul Regina Maria Oradea","description":"Trupa Iosif Vulcan a Teatrului Regina Maria anun\u021b\u0103 premiera spectacolului \u201eTandre\u021bea\u201d de Alfredo Sanzol, \u00een regia lui Mihai Gligan, care va avea loc duminic\u0103, 15 martie 2026, de la ora 19:00, la Sala Transilvania.","inLanguage":"hu-HU","isPartOf":{"@id":"https:\/\/www.teatrulreginamaria.ro\/hu\/#website"},"breadcrumb":{"@id":"https:\/\/www.teatrulreginamaria.ro\/hu\/comunicat-de-presa-tandretea\/#breadcrumblist"},"author":{"@id":"https:\/\/www.teatrulreginamaria.ro\/hu\/author\/florina\/#author"},"creator":{"@id":"https:\/\/www.teatrulreginamaria.ro\/hu\/author\/florina\/#author"},"image":{"@type":"ImageObject","url":"https:\/\/www.teatrulreginamaria.ro\/wp-content\/uploads\/2026\/01\/FLYER-TANDRETEA-2026-UNO-scaled.jpg","@id":"https:\/\/www.teatrulreginamaria.ro\/hu\/comunicat-de-presa-tandretea\/#mainImage","width":1792,"height":2560},"primaryImageOfPage":{"@id":"https:\/\/www.teatrulreginamaria.ro\/hu\/comunicat-de-presa-tandretea\/#mainImage"},"datePublished":"2026-03-11T16:12:21+02:00","dateModified":"2026-03-11T16:14:27+02:00"},{"@type":"WebSite","@id":"https:\/\/www.teatrulreginamaria.ro\/hu\/#website","url":"https:\/\/www.teatrulreginamaria.ro\/hu\/","name":"Teatrul Regina Maria Oradea","alternateName":"TRM Oradea","description":"Trupa Iosif Vulcan \u0219i Trupa Arcadia","inLanguage":"hu-HU","publisher":{"@id":"https:\/\/www.teatrulreginamaria.ro\/hu\/#organization"}}]},"og:locale":"hu_HU","og:site_name":"Teatrul Regina Maria Oradea - Trupa Iosif Vulcan \u0219i Trupa Arcadia","og:type":"article","og:title":"COMUNICAT DE PRES\u0102 | Tandre\u021bea - Teatrul Regina Maria Oradea","og:description":"Trupa Iosif Vulcan a Teatrului Regina Maria anun\u021b\u0103 premiera spectacolului \u201eTandre\u021bea\u201d de Alfredo Sanzol, \u00een regia lui Mihai Gligan, care va avea loc duminic\u0103, 15 martie 2026, de la ora 19:00, la Sala Transilvania.","og:url":"https:\/\/www.teatrulreginamaria.ro\/hu\/comunicat-de-presa-tandretea\/","og:image":"https:\/\/www.teatrulreginamaria.ro\/wp-content\/uploads\/2025\/03\/trm-istoric-01.jpg","og:image:secure_url":"https:\/\/www.teatrulreginamaria.ro\/wp-content\/uploads\/2025\/03\/trm-istoric-01.jpg","og:image:width":1200,"og:image:height":800,"article:published_time":"2026-03-11T14:12:21+00:00","article:modified_time":"2026-03-11T14:14:27+00:00","article:publisher":"https:\/\/www.facebook.com\/TRMTrupaIosifVulcan\/","twitter:card":"summary_large_image","twitter:site":"@TRMOradea","twitter:title":"COMUNICAT DE PRES\u0102 | Tandre\u021bea - Teatrul Regina Maria Oradea","twitter:description":"Trupa Iosif Vulcan a Teatrului Regina Maria anun\u021b\u0103 premiera spectacolului \u201eTandre\u021bea\u201d de Alfredo Sanzol, \u00een regia lui Mihai Gligan, care va avea loc duminic\u0103, 15 martie 2026, de la ora 19:00, la Sala Transilvania.","twitter:creator":"@TRMOradea","twitter:image":"https:\/\/www.teatrulreginamaria.ro\/wp-content\/uploads\/2025\/03\/trm-istoric-01.jpg"},"aioseo_meta_data":{"post_id":"14616","title":null,"description":null,"keywords":null,"keyphrases":{"focus":[],"additional":[]},"primary_term":null,"canonical_url":null,"og_title":null,"og_description":null,"og_object_type":"default","og_image_type":"default","og_image_url":null,"og_image_width":null,"og_image_height":null,"og_image_custom_url":null,"og_image_custom_fields":null,"og_video":"","og_custom_url":null,"og_article_section":null,"og_article_tags":null,"twitter_use_og":false,"twitter_card":"default","twitter_image_type":"default","twitter_image_url":null,"twitter_image_custom_url":null,"twitter_image_custom_fields":null,"twitter_title":null,"twitter_description":null,"schema":{"blockGraphs":[],"customGraphs":[],"default":{"data":{"Article":[],"Course":[],"Dataset":[],"FAQPage":[],"Movie":[],"Person":[],"Product":[],"ProductReview":[],"Car":[],"Recipe":[],"Service":[],"SoftwareApplication":[],"WebPage":[]},"graphName":"BlogPosting","isEnabled":true},"graphs":[]},"schema_type":"default","schema_type_options":null,"pillar_content":false,"robots_default":true,"robots_noindex":false,"robots_noarchive":false,"robots_nosnippet":false,"robots_nofollow":false,"robots_noimageindex":false,"robots_noodp":false,"robots_notranslate":false,"robots_max_snippet":"-1","robots_max_videopreview":"-1","robots_max_imagepreview":"large","priority":null,"frequency":"default","local_seo":null,"seo_analyzer_scan_date":"2026-03-11 18:43:34","breadcrumb_settings":null,"limit_modified_date":false,"reviewed_by":"0","open_ai":null,"ai":{"faqs":[],"keyPoints":[],"titles":[],"descriptions":[],"socialPosts":{"email":[],"linkedin":[],"twitter":[],"facebook":[],"instagram":[]}},"created":"2026-03-11 14:09:08","updated":"2026-08-14 23:13:02","focus_keyword":null,"additional_keywords":null,"truseo_locale":null},"aioseo_breadcrumb":"<div class=\"aioseo-breadcrumbs\"><span class=\"aioseo-breadcrumb\">\n\t<a href=\"https:\/\/www.teatrulreginamaria.ro\/hu\" title=\"Home\">Home<\/a>\n<\/span><span class=\"aioseo-breadcrumb-separator\">&raquo;<\/span><span class=\"aioseo-breadcrumb\">\n\t<a href=\"https:\/\/www.teatrulreginamaria.ro\/hu\/categorie\/noutati\/\" title=\"Nout\u0103\u021bi\">Nout\u0103\u021bi<\/a>\n<\/span><span class=\"aioseo-breadcrumb-separator\">&raquo;<\/span><span class=\"aioseo-breadcrumb\">\n\t<a href=\"https:\/\/www.teatrulreginamaria.ro\/hu\/categorie\/noutati\/noutati-trupa-iosif-vulcan\/\" title=\"Nout\u0103\u021bi - Trupa Iosif Vulcan\">Nout\u0103\u021bi - Trupa Iosif Vulcan<\/a>\n<\/span><span class=\"aioseo-breadcrumb-separator\">&raquo;<\/span><span class=\"aioseo-breadcrumb\">\n\tCOMUNICAT DE PRES\u0102 | Tandre\u021bea\n<\/span><\/div>","aioseo_breadcrumb_json":[{"label":"Home","link":"https:\/\/www.teatrulreginamaria.ro\/hu"},{"label":"Nout\u0103\u021bi","link":"https:\/\/www.teatrulreginamaria.ro\/hu\/categorie\/noutati\/"},{"label":"Nout\u0103\u021bi - Trupa Iosif Vulcan","link":"https:\/\/www.teatrulreginamaria.ro\/hu\/categorie\/noutati\/noutati-trupa-iosif-vulcan\/"},{"label":"COMUNICAT DE PRES\u0102 | Tandre\u021bea","link":"https:\/\/www.teatrulreginamaria.ro\/hu\/comunicat-de-presa-tandretea\/"}],"acf":[],"_links":{"self":[{"href":"https:\/\/www.teatrulreginamaria.ro\/hu\/wp-json\/wp\/v2\/posts\/14616","targetHints":{"allow":["GET"]}}],"collection":[{"href":"https:\/\/www.teatrulreginamaria.ro\/hu\/wp-json\/wp\/v2\/posts"}],"about":[{"href":"https:\/\/www.teatrulreginamaria.ro\/hu\/wp-json\/wp\/v2\/types\/post"}],"author":[{"embeddable":true,"href":"https:\/\/www.teatrulreginamaria.ro\/hu\/wp-json\/wp\/v2\/users\/9"}],"replies":[{"embeddable":true,"href":"https:\/\/www.teatrulreginamaria.ro\/hu\/wp-json\/wp\/v2\/comments?post=14616"}],"version-history":[{"count":1,"href":"https:\/\/www.teatrulreginamaria.ro\/hu\/wp-json\/wp\/v2\/posts\/14616\/revisions"}],"predecessor-version":[{"id":14618,"href":"https:\/\/www.teatrulreginamaria.ro\/hu\/wp-json\/wp\/v2\/posts\/14616\/revisions\/14618"}],"wp:featuredmedia":[{"embeddable":true,"href":"https:\/\/www.teatrulreginamaria.ro\/hu\/wp-json\/wp\/v2\/media\/14611"}],"wp:attachment":[{"href":"https:\/\/www.teatrulreginamaria.ro\/hu\/wp-json\/wp\/v2\/media?parent=14616"}],"wp:term":[{"taxonomy":"category","embeddable":true,"href":"https:\/\/www.teatrulreginamaria.ro\/hu\/wp-json\/wp\/v2\/categories?post=14616"},{"taxonomy":"post_tag","embeddable":true,"href":"https:\/\/www.teatrulreginamaria.ro\/hu\/wp-json\/wp\/v2\/tags?post=14616"}],"curies":[{"name":"munkaf\u00fczet","href":"https:\/\/api.w.org\/{rel}","templated":true}]}}