{"id":14688,"date":"2026-03-03T12:00:00","date_gmt":"2026-03-03T10:00:00","guid":{"rendered":"https:\/\/www.teatrulreginamaria.ro\/?p=14688"},"modified":"2026-03-27T12:13:31","modified_gmt":"2026-03-27T10:13:31","slug":"14688-2","status":"publish","type":"post","link":"https:\/\/www.teatrulreginamaria.ro\/hu\/14688-2\/","title":{"rendered":"SAJT\u00d3K\u00d6ZLEM\u00c9NY | Tan\u021ba \u00e9s Costel"},"content":{"rendered":"<p class=\"wp-block-paragraph\"><strong>A Regina Maria Sz\u00ednh\u00e1z &quot;Iosif Vulcan&quot; t\u00e1rsulata bejelenti Ion B\u0103ie\u0219u Tan\u021ba \u0219i Costel c\u00edm\u0171 darabj\u00e1nak premierj\u00e9t, amelyet Sebastian Lupu rendezett, \u00e9s amelyre m\u00e1rcius 4-\u00e9n, szerd\u00e1n 19 \u00f3rakor ker\u00fcl sor a Transilvania Csarnokban.<\/strong><\/p>\n\n\n\n<p class=\"wp-block-paragraph\">A szerepl\u0151g\u00e1rd\u00e1t az \u201eIosif Vulcan\u201d t\u00e1rsulat sz\u00edn\u00e9szei, Mirela Ni\u021b\u0103 Lupu \u00e9s Petre Ghimb\u0103\u0219an alkotj\u00e1k. A kreat\u00edv csapat tagjai Sebastian Lupu rendez\u0151 \u00e9s Oana Cernea d\u00edszlettervez\u0151.<\/p>\n\n\n\n<hr class=\"wp-block-separator has-alpha-channel-opacity\"\/>\n\n\n\n<p class=\"wp-block-paragraph\">A kor h\u00e1zass\u00e1gi rekl\u00e1mjai ihlett\u00e9k a \u201eTan\u021ba \u0219i Costel\u201d c\u00edm\u0171 humoros szkeccssorozatot, amely hatalmas sikert aratott, \u00e9s a rom\u00e1n humorista p\u00e1ros etalonj\u00e1v\u00e1 v\u00e1lt mind a sz\u00ednpadon, mind a telev\u00edzi\u00f3ban. A darab egy sz\u00ednpadi kirak\u00f3s j\u00e1t\u00e9k form\u00e1j\u00e1ban jelenetek sorozat\u00e1t f\u0171zi \u00f6ssze, amelyek humorral \u00e9s ir\u00f3ni\u00e1val k\u00f6vetik nyomon a k\u00e9t f\u00e9l h\u00e1zast\u00e1rsi \u00e9let\u00e9t, a h\u00e1zass\u00e1gk\u00f6t\u00e9sr\u0151l sz\u00f3l\u00f3 d\u00f6nt\u00e9st\u0151l kezdve az egy\u00fctt\u00e9l\u00e9s konfliktusaiig, fesz\u00fclt vagy \u00e9ppen komikus helyzeteiig. Tan\u021ba \u00e9s Costel h\u00e9tk\u00f6znapi emberek, hib\u00e1kkal, esetlen nyelvezettel, v\u00e1gyakkal \u00e9s \u00e1lmokkal, akiket egy komikus t\u00fck\u00f6rben \u00f6r\u00f6k\u00edtenek meg, amely elt\u00falozza a tulajdons\u00e1gokat \u00e9s a helyzeteket, hogy felt\u00e1rja mind a h\u00e1zast\u00e1rsak k\u00f6z\u00f6tti k\u00fcl\u00f6nbs\u00e9geket, mind a szeretetet, amely \u2013 b\u00e1rmennyire is gyenge \u2013 kapcsolatuk l\u00e9nyege marad.<\/p>\n\n\n\n<hr class=\"wp-block-separator has-alpha-channel-opacity\"\/>\n\n\n\n<p class=\"wp-block-paragraph\">\u201eA t\u00e1nc kiterjedt \u00e9s uralkod\u00f3, naiv \u00e9s sznob, birtokl\u00f3, sz\u00ednes nyelvezettel, tele klis\u00e9kkel \u00e9s saj\u00e1t logik\u00e1val, amely a val\u00f3s\u00e1ggal val\u00f3 ellentmond\u00e1sa miatt nevet\u00e9st v\u00e1lt ki. A kifinomultnak t\u0171nni pr\u00f3b\u00e1l\u00f3, de a ban\u00e1lis mindennapi \u00e9letben m\u00e9lyen gy\u00f6kerez\u0151 n\u0151 t\u00edpus\u00e1t k\u00e9pviseli, az egyszer\u0171, v\u00e1rosi vagy k\u00fclv\u00e1rosi n\u0151 t\u00edpus\u00e1t k\u00e9pviseli, akit intenz\u00edven foglalkoztat a f\u00e9rjkeres\u00e9s \u00e9s a t\u00e1rsadalmi norm\u00e1k.\u201d \u2013 Mirela Ni\u021b\u0103 Lupu<\/p>\n\n\n\n<p class=\"wp-block-paragraph\">\u201e\u00cdnycsikland\u00f3, azokra a korokra jellemz\u0151 nyelvezettel \u00f6t elb\u0171v\u00f6l\u0151 pillanatot mutatunk be az \u00e9let\u00fckb\u0151l. A szerepl\u0151k komikus \u00e1br\u00e1zol\u00e1sa ellen\u00e9re a h\u00e1tt\u00e9rben felcsillan a tudatlans\u00e1g trag\u00e9di\u00e1ja, amelyben a butas\u00e1g, a hazugs\u00e1g, az ostobas\u00e1g \u00e9s az \u00f6nz\u00e9s a cs\u00facspontj\u00e1ra jut. B\u00e1r B\u0103ie\u0219u 60 \u00e9vvel ezel\u0151tt h\u00e1zass\u00e1gi hirdet\u00e9sekb\u0151l v\u00e1zolta fel szerepl\u0151it, ugyanolyan jelen vannak a t\u00e1rsadalomban ma is.\u201d \u2013 Petre Ghimb\u0103\u0219an<\/p>\n\n\n\n<hr class=\"wp-block-separator has-alpha-channel-opacity\"\/>\n\n\n\n<p class=\"wp-block-paragraph\"><strong>T\u00e1nc \u00e9s Costel<\/strong><br>Ion Baiesu \u00e1ltal<\/p>\n\n\n\n<p class=\"wp-block-paragraph\">Eloszt\u00e1s:<br>T\u00e1nc: <strong>Mirela Nita Lupu<\/strong><br>Costel:<strong> Petre Ghimbasan<\/strong><\/p>\n\n\n\n<p class=\"wp-block-paragraph\">ir\u00e1ny: <strong>Sebastian Wolf<\/strong><br>d\u00edszlettervez\u00e9s: <strong>Oana Cernea<\/strong><\/p>\n\n\n\n<p class=\"wp-block-paragraph\">Bemutat\u00f3:<strong> 2026. m\u00e1rcius 4.<\/strong><br>Aj\u00e1nlott megjelen\u00edt\u00e9s 6 \u00e9v felettieknek <strong>12 \u00e9v<\/strong>!<\/p>\n\n\n\n<hr class=\"wp-block-separator has-alpha-channel-opacity\"\/>\n\n\n\n<p class=\"wp-block-paragraph\">A premierre jegyek a Poftim Cultur\u0103 platformon v\u00e1s\u00e1rolhat\u00f3k.<\/p>\n\n\n\n<p class=\"wp-block-paragraph\">Szeretettel v\u00e1runk a sz\u00ednh\u00e1zba!<\/p>","protected":false},"excerpt":{"rendered":"<p>Trupa \u201eIosif Vulcan\u201d a Teatrului Regina Maria anun\u021b\u0103 premiera spectacolului Tan\u021ba \u0219i Costel de Ion B\u0103ie\u0219u, \u00een regia lui Sebastian Lupu, programat\u0103 miercuri, 4 martie, de la ora 19:00, la Sala Transilvania. Distribu\u021bia este format\u0103 din actorii trupei \u201eIosif Vulcan\u201d Mirela Ni\u021b\u0103 Lupu \u0219i Petre Ghimb\u0103\u0219an. Din echipa de crea\u021bie fac parte Sebastian Lupu, care [&hellip;]<\/p>\n","protected":false},"author":1,"featured_media":14574,"comment_status":"closed","ping_status":"closed","sticky":false,"template":"","format":"standard","meta":{"_acf_changed":false,"footnotes":""},"categories":[41,22],"tags":[],"class_list":["post-14688","post","type-post","status-publish","format-standard","has-post-thumbnail","hentry","category-noutati","category-noutati-trupa-iosif-vulcan"],"aioseo_notices":[],"aioseo_head":"\n\t\t<!-- All in One SEO Pro 5.0.1.1 - aioseo.com -->\n\t<meta name=\"description\" content=\"Trupa \u201eIosif Vulcan\u201d a Teatrului Regina Maria anun\u021b\u0103 premiera spectacolului Tan\u021ba \u0219i Costel de Ion B\u0103ie\u0219u, \u00een regia lui Sebastian Lupu, programat\u0103 miercuri, 4 martie, de la ora 19:00, la Sala Transilvania. Distribu\u021bia este format\u0103 din actorii trupei \u201eIosif Vulcan\u201d Mirela Ni\u021b\u0103 Lupu \u0219i Petre Ghimb\u0103\u0219an. Din echipa de crea\u021bie fac parte Sebastian Lupu, care\" \/>\n\t<meta name=\"robots\" content=\"max-image-preview:large\" \/>\n\t<meta name=\"author\" content=\"Teatrul Regina Maria\"\/>\n\t<link rel=\"canonical\" href=\"https:\/\/www.teatrulreginamaria.ro\/hu\/14688-2\/\" \/>\n\t<meta name=\"generator\" content=\"All in One SEO Pro (AIOSEO) 5.0.1.1\" \/>\n\t\t<meta property=\"og:locale\" content=\"hu_HU\" \/>\n\t\t<meta property=\"og:site_name\" content=\"Teatrul Regina Maria Oradea - Trupa Iosif Vulcan \u0219i Trupa Arcadia\" \/>\n\t\t<meta property=\"og:type\" content=\"article\" \/>\n\t\t<meta property=\"og:title\" content=\"COMUNICAT DE PRES\u0102 | Tan\u021ba \u0219i Costel - Teatrul Regina Maria Oradea\" \/>\n\t\t<meta property=\"og:description\" content=\"Trupa \u201eIosif Vulcan\u201d a Teatrului Regina Maria anun\u021b\u0103 premiera spectacolului Tan\u021ba \u0219i Costel de Ion B\u0103ie\u0219u, \u00een regia lui Sebastian Lupu, programat\u0103 miercuri, 4 martie, de la ora 19:00, la Sala Transilvania. Distribu\u021bia este format\u0103 din actorii trupei \u201eIosif Vulcan\u201d Mirela Ni\u021b\u0103 Lupu \u0219i Petre Ghimb\u0103\u0219an. Din echipa de crea\u021bie fac parte Sebastian Lupu, care\" \/>\n\t\t<meta property=\"og:url\" content=\"https:\/\/www.teatrulreginamaria.ro\/hu\/14688-2\/\" \/>\n\t\t<meta property=\"og:image\" content=\"https:\/\/www.teatrulreginamaria.ro\/wp-content\/uploads\/2025\/03\/trm-istoric-01.jpg\" \/>\n\t\t<meta property=\"og:image:secure_url\" content=\"https:\/\/www.teatrulreginamaria.ro\/wp-content\/uploads\/2025\/03\/trm-istoric-01.jpg\" \/>\n\t\t<meta property=\"og:image:width\" content=\"1200\" \/>\n\t\t<meta property=\"og:image:height\" content=\"800\" \/>\n\t\t<meta property=\"article:published_time\" content=\"2026-03-03T10:00:00+00:00\" \/>\n\t\t<meta property=\"article:modified_time\" content=\"2026-03-27T10:13:31+00:00\" \/>\n\t\t<meta property=\"article:publisher\" content=\"https:\/\/www.facebook.com\/TRMTrupaIosifVulcan\/\" \/>\n\t\t<meta name=\"twitter:card\" content=\"summary_large_image\" \/>\n\t\t<meta name=\"twitter:site\" content=\"@TRMOradea\" \/>\n\t\t<meta name=\"twitter:title\" content=\"COMUNICAT DE PRES\u0102 | Tan\u021ba \u0219i Costel - Teatrul Regina Maria Oradea\" \/>\n\t\t<meta name=\"twitter:description\" content=\"Trupa \u201eIosif Vulcan\u201d a Teatrului Regina Maria anun\u021b\u0103 premiera spectacolului Tan\u021ba \u0219i Costel de Ion B\u0103ie\u0219u, \u00een regia lui Sebastian Lupu, programat\u0103 miercuri, 4 martie, de la ora 19:00, la Sala Transilvania. Distribu\u021bia este format\u0103 din actorii trupei \u201eIosif Vulcan\u201d Mirela Ni\u021b\u0103 Lupu \u0219i Petre Ghimb\u0103\u0219an. Din echipa de crea\u021bie fac parte Sebastian Lupu, care\" \/>\n\t\t<meta name=\"twitter:creator\" content=\"@TRMOradea\" \/>\n\t\t<meta name=\"twitter:image\" content=\"https:\/\/www.teatrulreginamaria.ro\/wp-content\/uploads\/2025\/03\/trm-istoric-01.jpg\" \/>\n\t\t<script type=\"application\/ld+json\" class=\"aioseo-schema\">\n\t\t\t{\"@context\":\"https:\\\/\\\/schema.org\",\"@graph\":[{\"@type\":\"BlogPosting\",\"@id\":\"https:\\\/\\\/www.teatrulreginamaria.ro\\\/hu\\\/14688-2\\\/#blogposting\",\"name\":\"COMUNICAT DE PRES\\u0102 | Tan\\u021ba \\u0219i Costel - Teatrul Regina Maria Oradea\",\"headline\":\"COMUNICAT DE PRES\\u0102 | Tan\\u021ba \\u0219i Costel\",\"author\":{\"@id\":\"https:\\\/\\\/www.teatrulreginamaria.ro\\\/hu\\\/author\\\/iulianm\\\/#author\"},\"publisher\":{\"@id\":\"https:\\\/\\\/www.teatrulreginamaria.ro\\\/hu\\\/#organization\"},\"image\":{\"@type\":\"ImageObject\",\"url\":\"https:\\\/\\\/www.teatrulreginamaria.ro\\\/wp-content\\\/uploads\\\/2026\\\/01\\\/AFIS-TC-2026-FINAL-MIC-scaled.jpg\",\"width\":1792,\"height\":2560},\"datePublished\":\"2026-03-03T12:00:00+02:00\",\"dateModified\":\"2026-03-27T12:13:31+02:00\",\"inLanguage\":\"hu-HU\",\"mainEntityOfPage\":{\"@id\":\"https:\\\/\\\/www.teatrulreginamaria.ro\\\/hu\\\/14688-2\\\/#webpage\"},\"isPartOf\":{\"@id\":\"https:\\\/\\\/www.teatrulreginamaria.ro\\\/hu\\\/14688-2\\\/#webpage\"},\"articleSection\":\"Nout\\u0103\\u021bi, Nout\\u0103\\u021bi - Trupa Iosif Vulcan\"},{\"@type\":\"BreadcrumbList\",\"@id\":\"https:\\\/\\\/www.teatrulreginamaria.ro\\\/hu\\\/14688-2\\\/#breadcrumblist\",\"itemListElement\":[{\"@type\":\"ListItem\",\"@id\":\"https:\\\/\\\/www.teatrulreginamaria.ro\\\/hu#listItem\",\"position\":1,\"name\":\"Home\",\"item\":\"https:\\\/\\\/www.teatrulreginamaria.ro\\\/hu\",\"nextItem\":{\"@type\":\"ListItem\",\"@id\":\"https:\\\/\\\/www.teatrulreginamaria.ro\\\/hu\\\/categorie\\\/noutati\\\/#listItem\",\"name\":\"Nout\\u0103\\u021bi\"}},{\"@type\":\"ListItem\",\"@id\":\"https:\\\/\\\/www.teatrulreginamaria.ro\\\/hu\\\/categorie\\\/noutati\\\/#listItem\",\"position\":2,\"name\":\"Nout\\u0103\\u021bi\",\"item\":\"https:\\\/\\\/www.teatrulreginamaria.ro\\\/hu\\\/categorie\\\/noutati\\\/\",\"nextItem\":{\"@type\":\"ListItem\",\"@id\":\"https:\\\/\\\/www.teatrulreginamaria.ro\\\/hu\\\/categorie\\\/noutati\\\/noutati-trupa-iosif-vulcan\\\/#listItem\",\"name\":\"Nout\\u0103\\u021bi - Trupa Iosif Vulcan\"},\"previousItem\":{\"@type\":\"ListItem\",\"@id\":\"https:\\\/\\\/www.teatrulreginamaria.ro\\\/hu#listItem\",\"name\":\"Home\"}},{\"@type\":\"ListItem\",\"@id\":\"https:\\\/\\\/www.teatrulreginamaria.ro\\\/hu\\\/categorie\\\/noutati\\\/noutati-trupa-iosif-vulcan\\\/#listItem\",\"position\":3,\"name\":\"Nout\\u0103\\u021bi - Trupa Iosif Vulcan\",\"item\":\"https:\\\/\\\/www.teatrulreginamaria.ro\\\/hu\\\/categorie\\\/noutati\\\/noutati-trupa-iosif-vulcan\\\/\",\"nextItem\":{\"@type\":\"ListItem\",\"@id\":\"https:\\\/\\\/www.teatrulreginamaria.ro\\\/hu\\\/14688-2\\\/#listItem\",\"name\":\"COMUNICAT DE PRES\\u0102 | Tan\\u021ba \\u0219i Costel\"},\"previousItem\":{\"@type\":\"ListItem\",\"@id\":\"https:\\\/\\\/www.teatrulreginamaria.ro\\\/hu\\\/categorie\\\/noutati\\\/#listItem\",\"name\":\"Nout\\u0103\\u021bi\"}},{\"@type\":\"ListItem\",\"@id\":\"https:\\\/\\\/www.teatrulreginamaria.ro\\\/hu\\\/14688-2\\\/#listItem\",\"position\":4,\"name\":\"COMUNICAT DE PRES\\u0102 | Tan\\u021ba \\u0219i Costel\",\"previousItem\":{\"@type\":\"ListItem\",\"@id\":\"https:\\\/\\\/www.teatrulreginamaria.ro\\\/hu\\\/categorie\\\/noutati\\\/noutati-trupa-iosif-vulcan\\\/#listItem\",\"name\":\"Nout\\u0103\\u021bi - Trupa Iosif Vulcan\"}}]},{\"@type\":\"Organization\",\"@id\":\"https:\\\/\\\/www.teatrulreginamaria.ro\\\/hu\\\/#organization\",\"name\":\"Teatrul Regina Maria Oradea\",\"description\":\"Trupa Iosif Vulcan \\u0219i Trupa Arcadia\",\"url\":\"https:\\\/\\\/www.teatrulreginamaria.ro\\\/hu\\\/\",\"email\":\"marketing@teatrulreginamaria.ro\",\"telephone\":\"+40359411534\",\"numberOfEmployees\":{\"@type\":\"QuantitativeValue\",\"minValue\":0,\"maxValue\":150},\"logo\":{\"@type\":\"ImageObject\",\"url\":\"https:\\\/\\\/www.teatrulreginamaria.ro\\\/wp-content\\\/uploads\\\/2025\\\/06\\\/logo-trm-01-dark.png\",\"@id\":\"https:\\\/\\\/www.teatrulreginamaria.ro\\\/hu\\\/14688-2\\\/#organizationLogo\",\"width\":300,\"height\":148},\"image\":{\"@id\":\"https:\\\/\\\/www.teatrulreginamaria.ro\\\/hu\\\/14688-2\\\/#organizationLogo\"},\"sameAs\":[\"https:\\\/\\\/www.facebook.com\\\/TRMTrupaIosifVulcan\\\/\",\"https:\\\/\\\/x.com\\\/TRMOradea\",\"https:\\\/\\\/www.instagram.com\\\/teatrul_regina_maria\\\/\",\"https:\\\/\\\/www.youtube.com\\\/c\\\/TeatrulReginaMariaOradea\",\"https:\\\/\\\/www.linkedin.com\\\/company\\\/teatrul-regina-maria\"]},{\"@type\":\"Person\",\"@id\":\"https:\\\/\\\/www.teatrulreginamaria.ro\\\/hu\\\/author\\\/iulianm\\\/#author\",\"url\":\"https:\\\/\\\/www.teatrulreginamaria.ro\\\/hu\\\/author\\\/iulianm\\\/\",\"name\":\"Teatrul Regina Maria\",\"image\":{\"@type\":\"ImageObject\",\"@id\":\"https:\\\/\\\/www.teatrulreginamaria.ro\\\/hu\\\/14688-2\\\/#authorImage\",\"url\":\"https:\\\/\\\/secure.gravatar.com\\\/avatar\\\/49af75bc1b3eb710073d2f37927ea27e6c274a29562ef49edfc6bcf11b9e941d?s=96&d=mm&r=g\",\"width\":96,\"height\":96,\"caption\":\"Teatrul Regina Maria\"}},{\"@type\":\"WebPage\",\"@id\":\"https:\\\/\\\/www.teatrulreginamaria.ro\\\/hu\\\/14688-2\\\/#webpage\",\"url\":\"https:\\\/\\\/www.teatrulreginamaria.ro\\\/hu\\\/14688-2\\\/\",\"name\":\"COMUNICAT DE PRES\\u0102 | Tan\\u021ba \\u0219i Costel - Teatrul Regina Maria Oradea\",\"description\":\"Trupa \\u201eIosif Vulcan\\u201d a Teatrului Regina Maria anun\\u021b\\u0103 premiera spectacolului Tan\\u021ba \\u0219i Costel de Ion B\\u0103ie\\u0219u, \\u00een regia lui Sebastian Lupu, programat\\u0103 miercuri, 4 martie, de la ora 19:00, la Sala Transilvania. Distribu\\u021bia este format\\u0103 din actorii trupei \\u201eIosif Vulcan\\u201d Mirela Ni\\u021b\\u0103 Lupu \\u0219i Petre Ghimb\\u0103\\u0219an. Din echipa de crea\\u021bie fac parte Sebastian Lupu, care\",\"inLanguage\":\"hu-HU\",\"isPartOf\":{\"@id\":\"https:\\\/\\\/www.teatrulreginamaria.ro\\\/hu\\\/#website\"},\"breadcrumb\":{\"@id\":\"https:\\\/\\\/www.teatrulreginamaria.ro\\\/hu\\\/14688-2\\\/#breadcrumblist\"},\"author\":{\"@id\":\"https:\\\/\\\/www.teatrulreginamaria.ro\\\/hu\\\/author\\\/iulianm\\\/#author\"},\"creator\":{\"@id\":\"https:\\\/\\\/www.teatrulreginamaria.ro\\\/hu\\\/author\\\/iulianm\\\/#author\"},\"image\":{\"@type\":\"ImageObject\",\"url\":\"https:\\\/\\\/www.teatrulreginamaria.ro\\\/wp-content\\\/uploads\\\/2026\\\/01\\\/AFIS-TC-2026-FINAL-MIC-scaled.jpg\",\"@id\":\"https:\\\/\\\/www.teatrulreginamaria.ro\\\/hu\\\/14688-2\\\/#mainImage\",\"width\":1792,\"height\":2560},\"primaryImageOfPage\":{\"@id\":\"https:\\\/\\\/www.teatrulreginamaria.ro\\\/hu\\\/14688-2\\\/#mainImage\"},\"datePublished\":\"2026-03-03T12:00:00+02:00\",\"dateModified\":\"2026-03-27T12:13:31+02:00\"},{\"@type\":\"WebSite\",\"@id\":\"https:\\\/\\\/www.teatrulreginamaria.ro\\\/hu\\\/#website\",\"url\":\"https:\\\/\\\/www.teatrulreginamaria.ro\\\/hu\\\/\",\"name\":\"Teatrul Regina Maria Oradea\",\"alternateName\":\"TRM Oradea\",\"description\":\"Trupa Iosif Vulcan \\u0219i Trupa Arcadia\",\"inLanguage\":\"hu-HU\",\"publisher\":{\"@id\":\"https:\\\/\\\/www.teatrulreginamaria.ro\\\/hu\\\/#organization\"}}]}\n\t\t<\/script>\n\t\t<!-- All in One SEO Pro -->\r\n\t\t<title>COMUNICAT DE PRES\u0102 | Tan\u021ba \u0219i Costel - Teatrul Regina Maria Oradea<\/title>\n\n","aioseo_head_json":{"title":"SAJT\u00d3K\u00d6ZLEM\u00c9NY | T\u00e1nc \u00e9s Costel - Regina Maria Sz\u00ednh\u00e1z Nagyv\u00e1radi","description":"A Regina Maria Sz\u00ednh\u00e1z \u201eIosif Vulcan\u201d t\u00e1rsulata bejelenti Ion B\u0103ie\u0219u Tan\u021ba \u0219i Costel c\u00edm\u0171 darabj\u00e1nak premierj\u00e9t, Sebastian Lupu rendez\u00e9s\u00e9ben, m\u00e1rcius 4-\u00e9n, szerd\u00e1n 19 \u00f3rakor a Transilvania Csarnokban. A szerepl\u0151g\u00e1rd\u00e1t az \u201eIosif Vulcan\u201d t\u00e1rsulat sz\u00edn\u00e9szei, Mirela Ni\u021b\u0103 Lupu \u00e9s Petre Ghimb\u0103\u0219an alkotj\u00e1k. Az alkot\u00f3i csapat tagja Sebastian Lupu, aki...","canonical_url":"https:\/\/www.teatrulreginamaria.ro\/hu\/14688-2\/","robots":"max-image-preview:large","keywords":"","webmasterTools":{"miscellaneous":""},"schema":{"@context":"https:\/\/schema.org","@graph":[{"@type":"BlogPosting","@id":"https:\/\/www.teatrulreginamaria.ro\/hu\/14688-2\/#blogposting","name":"COMUNICAT DE PRES\u0102 | Tan\u021ba \u0219i Costel - Teatrul Regina Maria Oradea","headline":"COMUNICAT DE PRES\u0102 | Tan\u021ba \u0219i Costel","author":{"@id":"https:\/\/www.teatrulreginamaria.ro\/hu\/author\/iulianm\/#author"},"publisher":{"@id":"https:\/\/www.teatrulreginamaria.ro\/hu\/#organization"},"image":{"@type":"ImageObject","url":"https:\/\/www.teatrulreginamaria.ro\/wp-content\/uploads\/2026\/01\/AFIS-TC-2026-FINAL-MIC-scaled.jpg","width":1792,"height":2560},"datePublished":"2026-03-03T12:00:00+02:00","dateModified":"2026-03-27T12:13:31+02:00","inLanguage":"hu-HU","mainEntityOfPage":{"@id":"https:\/\/www.teatrulreginamaria.ro\/hu\/14688-2\/#webpage"},"isPartOf":{"@id":"https:\/\/www.teatrulreginamaria.ro\/hu\/14688-2\/#webpage"},"articleSection":"Nout\u0103\u021bi, Nout\u0103\u021bi - Trupa Iosif Vulcan"},{"@type":"BreadcrumbList","@id":"https:\/\/www.teatrulreginamaria.ro\/hu\/14688-2\/#breadcrumblist","itemListElement":[{"@type":"ListItem","@id":"https:\/\/www.teatrulreginamaria.ro\/hu#listItem","position":1,"name":"Home","item":"https:\/\/www.teatrulreginamaria.ro\/hu","nextItem":{"@type":"ListItem","@id":"https:\/\/www.teatrulreginamaria.ro\/hu\/categorie\/noutati\/#listItem","name":"Nout\u0103\u021bi"}},{"@type":"ListItem","@id":"https:\/\/www.teatrulreginamaria.ro\/hu\/categorie\/noutati\/#listItem","position":2,"name":"Nout\u0103\u021bi","item":"https:\/\/www.teatrulreginamaria.ro\/hu\/categorie\/noutati\/","nextItem":{"@type":"ListItem","@id":"https:\/\/www.teatrulreginamaria.ro\/hu\/categorie\/noutati\/noutati-trupa-iosif-vulcan\/#listItem","name":"Nout\u0103\u021bi - Trupa Iosif Vulcan"},"previousItem":{"@type":"ListItem","@id":"https:\/\/www.teatrulreginamaria.ro\/hu#listItem","name":"Home"}},{"@type":"ListItem","@id":"https:\/\/www.teatrulreginamaria.ro\/hu\/categorie\/noutati\/noutati-trupa-iosif-vulcan\/#listItem","position":3,"name":"Nout\u0103\u021bi - Trupa Iosif Vulcan","item":"https:\/\/www.teatrulreginamaria.ro\/hu\/categorie\/noutati\/noutati-trupa-iosif-vulcan\/","nextItem":{"@type":"ListItem","@id":"https:\/\/www.teatrulreginamaria.ro\/hu\/14688-2\/#listItem","name":"COMUNICAT DE PRES\u0102 | Tan\u021ba \u0219i Costel"},"previousItem":{"@type":"ListItem","@id":"https:\/\/www.teatrulreginamaria.ro\/hu\/categorie\/noutati\/#listItem","name":"Nout\u0103\u021bi"}},{"@type":"ListItem","@id":"https:\/\/www.teatrulreginamaria.ro\/hu\/14688-2\/#listItem","position":4,"name":"COMUNICAT DE PRES\u0102 | Tan\u021ba \u0219i Costel","previousItem":{"@type":"ListItem","@id":"https:\/\/www.teatrulreginamaria.ro\/hu\/categorie\/noutati\/noutati-trupa-iosif-vulcan\/#listItem","name":"Nout\u0103\u021bi - Trupa Iosif Vulcan"}}]},{"@type":"Organization","@id":"https:\/\/www.teatrulreginamaria.ro\/hu\/#organization","name":"Teatrul Regina Maria Oradea","description":"Trupa Iosif Vulcan \u0219i Trupa Arcadia","url":"https:\/\/www.teatrulreginamaria.ro\/hu\/","email":"marketing@teatrulreginamaria.ro","telephone":"+40359411534","numberOfEmployees":{"@type":"QuantitativeValue","minValue":0,"maxValue":150},"logo":{"@type":"ImageObject","url":"https:\/\/www.teatrulreginamaria.ro\/wp-content\/uploads\/2025\/06\/logo-trm-01-dark.png","@id":"https:\/\/www.teatrulreginamaria.ro\/hu\/14688-2\/#organizationLogo","width":300,"height":148},"image":{"@id":"https:\/\/www.teatrulreginamaria.ro\/hu\/14688-2\/#organizationLogo"},"sameAs":["https:\/\/www.facebook.com\/TRMTrupaIosifVulcan\/","https:\/\/x.com\/TRMOradea","https:\/\/www.instagram.com\/teatrul_regina_maria\/","https:\/\/www.youtube.com\/c\/TeatrulReginaMariaOradea","https:\/\/www.linkedin.com\/company\/teatrul-regina-maria"]},{"@type":"Person","@id":"https:\/\/www.teatrulreginamaria.ro\/hu\/author\/iulianm\/#author","url":"https:\/\/www.teatrulreginamaria.ro\/hu\/author\/iulianm\/","name":"Teatrul Regina Maria","image":{"@type":"ImageObject","@id":"https:\/\/www.teatrulreginamaria.ro\/hu\/14688-2\/#authorImage","url":"https:\/\/secure.gravatar.com\/avatar\/49af75bc1b3eb710073d2f37927ea27e6c274a29562ef49edfc6bcf11b9e941d?s=96&d=mm&r=g","width":96,"height":96,"caption":"Teatrul Regina Maria"}},{"@type":"WebPage","@id":"https:\/\/www.teatrulreginamaria.ro\/hu\/14688-2\/#webpage","url":"https:\/\/www.teatrulreginamaria.ro\/hu\/14688-2\/","name":"COMUNICAT DE PRES\u0102 | Tan\u021ba \u0219i Costel - Teatrul Regina Maria Oradea","description":"Trupa \u201eIosif Vulcan\u201d a Teatrului Regina Maria anun\u021b\u0103 premiera spectacolului Tan\u021ba \u0219i Costel de Ion B\u0103ie\u0219u, \u00een regia lui Sebastian Lupu, programat\u0103 miercuri, 4 martie, de la ora 19:00, la Sala Transilvania. Distribu\u021bia este format\u0103 din actorii trupei \u201eIosif Vulcan\u201d Mirela Ni\u021b\u0103 Lupu \u0219i Petre Ghimb\u0103\u0219an. Din echipa de crea\u021bie fac parte Sebastian Lupu, care","inLanguage":"hu-HU","isPartOf":{"@id":"https:\/\/www.teatrulreginamaria.ro\/hu\/#website"},"breadcrumb":{"@id":"https:\/\/www.teatrulreginamaria.ro\/hu\/14688-2\/#breadcrumblist"},"author":{"@id":"https:\/\/www.teatrulreginamaria.ro\/hu\/author\/iulianm\/#author"},"creator":{"@id":"https:\/\/www.teatrulreginamaria.ro\/hu\/author\/iulianm\/#author"},"image":{"@type":"ImageObject","url":"https:\/\/www.teatrulreginamaria.ro\/wp-content\/uploads\/2026\/01\/AFIS-TC-2026-FINAL-MIC-scaled.jpg","@id":"https:\/\/www.teatrulreginamaria.ro\/hu\/14688-2\/#mainImage","width":1792,"height":2560},"primaryImageOfPage":{"@id":"https:\/\/www.teatrulreginamaria.ro\/hu\/14688-2\/#mainImage"},"datePublished":"2026-03-03T12:00:00+02:00","dateModified":"2026-03-27T12:13:31+02:00"},{"@type":"WebSite","@id":"https:\/\/www.teatrulreginamaria.ro\/hu\/#website","url":"https:\/\/www.teatrulreginamaria.ro\/hu\/","name":"Teatrul Regina Maria Oradea","alternateName":"TRM Oradea","description":"Trupa Iosif Vulcan \u0219i Trupa Arcadia","inLanguage":"hu-HU","publisher":{"@id":"https:\/\/www.teatrulreginamaria.ro\/hu\/#organization"}}]},"og:locale":"hu_HU","og:site_name":"Teatrul Regina Maria Oradea - Trupa Iosif Vulcan \u0219i Trupa Arcadia","og:type":"article","og:title":"COMUNICAT DE PRES\u0102 | Tan\u021ba \u0219i Costel - Teatrul Regina Maria Oradea","og:description":"Trupa \u201eIosif Vulcan\u201d a Teatrului Regina Maria anun\u021b\u0103 premiera spectacolului Tan\u021ba \u0219i Costel de Ion B\u0103ie\u0219u, \u00een regia lui Sebastian Lupu, programat\u0103 miercuri, 4 martie, de la ora 19:00, la Sala Transilvania. Distribu\u021bia este format\u0103 din actorii trupei \u201eIosif Vulcan\u201d Mirela Ni\u021b\u0103 Lupu \u0219i Petre Ghimb\u0103\u0219an. Din echipa de crea\u021bie fac parte Sebastian Lupu, care","og:url":"https:\/\/www.teatrulreginamaria.ro\/hu\/14688-2\/","og:image":"https:\/\/www.teatrulreginamaria.ro\/wp-content\/uploads\/2025\/03\/trm-istoric-01.jpg","og:image:secure_url":"https:\/\/www.teatrulreginamaria.ro\/wp-content\/uploads\/2025\/03\/trm-istoric-01.jpg","og:image:width":1200,"og:image:height":800,"article:published_time":"2026-03-03T10:00:00+00:00","article:modified_time":"2026-03-27T10:13:31+00:00","article:publisher":"https:\/\/www.facebook.com\/TRMTrupaIosifVulcan\/","twitter:card":"summary_large_image","twitter:site":"@TRMOradea","twitter:title":"COMUNICAT DE PRES\u0102 | Tan\u021ba \u0219i Costel - Teatrul Regina Maria Oradea","twitter:description":"Trupa \u201eIosif Vulcan\u201d a Teatrului Regina Maria anun\u021b\u0103 premiera spectacolului Tan\u021ba \u0219i Costel de Ion B\u0103ie\u0219u, \u00een regia lui Sebastian Lupu, programat\u0103 miercuri, 4 martie, de la ora 19:00, la Sala Transilvania. Distribu\u021bia este format\u0103 din actorii trupei \u201eIosif Vulcan\u201d Mirela Ni\u021b\u0103 Lupu \u0219i Petre Ghimb\u0103\u0219an. Din echipa de crea\u021bie fac parte Sebastian Lupu, care","twitter:creator":"@TRMOradea","twitter:image":"https:\/\/www.teatrulreginamaria.ro\/wp-content\/uploads\/2025\/03\/trm-istoric-01.jpg"},"aioseo_meta_data":{"post_id":"14688","title":null,"description":null,"keywords":null,"keyphrases":{"focus":[],"additional":[]},"primary_term":null,"canonical_url":null,"og_title":null,"og_description":null,"og_object_type":"default","og_image_type":"default","og_image_url":null,"og_image_width":null,"og_image_height":null,"og_image_custom_url":null,"og_image_custom_fields":null,"og_video":"","og_custom_url":null,"og_article_section":null,"og_article_tags":null,"twitter_use_og":false,"twitter_card":"default","twitter_image_type":"default","twitter_image_url":null,"twitter_image_custom_url":null,"twitter_image_custom_fields":null,"twitter_title":null,"twitter_description":null,"schema":{"blockGraphs":[],"customGraphs":[],"default":{"data":{"Article":[],"Course":[],"Dataset":[],"FAQPage":[],"Movie":[],"Person":[],"Product":[],"ProductReview":[],"Car":[],"Recipe":[],"Service":[],"SoftwareApplication":[],"WebPage":[]},"graphName":"BlogPosting","isEnabled":true},"graphs":[]},"schema_type":"default","schema_type_options":null,"pillar_content":false,"robots_default":true,"robots_noindex":false,"robots_noarchive":false,"robots_nosnippet":false,"robots_nofollow":false,"robots_noimageindex":false,"robots_noodp":false,"robots_notranslate":false,"robots_max_snippet":"-1","robots_max_videopreview":"-1","robots_max_imagepreview":"large","priority":null,"frequency":"default","local_seo":null,"seo_analyzer_scan_date":"2026-03-27 10:59:10","breadcrumb_settings":null,"limit_modified_date":false,"reviewed_by":"0","open_ai":null,"ai":{"faqs":[],"keyPoints":[],"titles":[],"descriptions":[],"socialPosts":{"email":[],"linkedin":[],"twitter":[],"facebook":[],"instagram":[]}},"created":"2026-03-27 10:01:39","updated":"2026-08-14 23:13:02","focus_keyword":null,"additional_keywords":null,"truseo_locale":null},"aioseo_breadcrumb":"<div class=\"aioseo-breadcrumbs\"><span class=\"aioseo-breadcrumb\">\n\t<a href=\"https:\/\/www.teatrulreginamaria.ro\/hu\" title=\"Home\">Home<\/a>\n<\/span><span class=\"aioseo-breadcrumb-separator\">&raquo;<\/span><span class=\"aioseo-breadcrumb\">\n\t<a href=\"https:\/\/www.teatrulreginamaria.ro\/hu\/categorie\/noutati\/\" title=\"Nout\u0103\u021bi\">Nout\u0103\u021bi<\/a>\n<\/span><span class=\"aioseo-breadcrumb-separator\">&raquo;<\/span><span class=\"aioseo-breadcrumb\">\n\t<a href=\"https:\/\/www.teatrulreginamaria.ro\/hu\/categorie\/noutati\/noutati-trupa-iosif-vulcan\/\" title=\"Nout\u0103\u021bi - Trupa Iosif Vulcan\">Nout\u0103\u021bi - Trupa Iosif Vulcan<\/a>\n<\/span><span class=\"aioseo-breadcrumb-separator\">&raquo;<\/span><span class=\"aioseo-breadcrumb\">\n\tCOMUNICAT DE PRES\u0102 | Tan\u021ba \u0219i Costel\n<\/span><\/div>","aioseo_breadcrumb_json":[{"label":"Home","link":"https:\/\/www.teatrulreginamaria.ro\/hu"},{"label":"Nout\u0103\u021bi","link":"https:\/\/www.teatrulreginamaria.ro\/hu\/categorie\/noutati\/"},{"label":"Nout\u0103\u021bi - Trupa Iosif Vulcan","link":"https:\/\/www.teatrulreginamaria.ro\/hu\/categorie\/noutati\/noutati-trupa-iosif-vulcan\/"},{"label":"COMUNICAT DE PRES\u0102 | Tan\u021ba \u0219i Costel","link":"https:\/\/www.teatrulreginamaria.ro\/hu\/14688-2\/"}],"acf":[],"_links":{"self":[{"href":"https:\/\/www.teatrulreginamaria.ro\/hu\/wp-json\/wp\/v2\/posts\/14688","targetHints":{"allow":["GET"]}}],"collection":[{"href":"https:\/\/www.teatrulreginamaria.ro\/hu\/wp-json\/wp\/v2\/posts"}],"about":[{"href":"https:\/\/www.teatrulreginamaria.ro\/hu\/wp-json\/wp\/v2\/types\/post"}],"author":[{"embeddable":true,"href":"https:\/\/www.teatrulreginamaria.ro\/hu\/wp-json\/wp\/v2\/users\/1"}],"replies":[{"embeddable":true,"href":"https:\/\/www.teatrulreginamaria.ro\/hu\/wp-json\/wp\/v2\/comments?post=14688"}],"version-history":[{"count":3,"href":"https:\/\/www.teatrulreginamaria.ro\/hu\/wp-json\/wp\/v2\/posts\/14688\/revisions"}],"predecessor-version":[{"id":14694,"href":"https:\/\/www.teatrulreginamaria.ro\/hu\/wp-json\/wp\/v2\/posts\/14688\/revisions\/14694"}],"wp:featuredmedia":[{"embeddable":true,"href":"https:\/\/www.teatrulreginamaria.ro\/hu\/wp-json\/wp\/v2\/media\/14574"}],"wp:attachment":[{"href":"https:\/\/www.teatrulreginamaria.ro\/hu\/wp-json\/wp\/v2\/media?parent=14688"}],"wp:term":[{"taxonomy":"category","embeddable":true,"href":"https:\/\/www.teatrulreginamaria.ro\/hu\/wp-json\/wp\/v2\/categories?post=14688"},{"taxonomy":"post_tag","embeddable":true,"href":"https:\/\/www.teatrulreginamaria.ro\/hu\/wp-json\/wp\/v2\/tags?post=14688"}],"curies":[{"name":"munkaf\u00fczet","href":"https:\/\/api.w.org\/{rel}","templated":true}]}}