{"id":14695,"date":"2026-03-26T16:00:00","date_gmt":"2026-03-26T14:00:00","guid":{"rendered":"https:\/\/www.teatrulreginamaria.ro\/?p=14695"},"modified":"2026-05-13T11:05:53","modified_gmt":"2026-05-13T08:05:53","slug":"sajtokozlemeny-sosem-ertettem-milyen-erzes-a-levegoben-mintha-eltuntel-volna","status":"publish","type":"post","link":"https:\/\/www.teatrulreginamaria.ro\/hu\/comunicat-de-presa-n-am-inteles-niciodata-cum-simte-aerul-ca-ai-plecat\/","title":{"rendered":"SAJT\u00d3K\u00d6ZLEM\u00c9NY | Sosem \u00e9rtettem, milyen \u00e9rz\u00e9s a leveg\u0151, amikor t\u00e1vol vagy"},"content":{"rendered":"<p class=\"wp-block-paragraph\"><strong>A nagyv\u00e1radi Regina Maria Sz\u00ednh\u00e1z szeretettel megh\u00edvja \u00d6nt az Ana Blandiana k\u00f6lt\u0151i univerzuma ihlette \u201eSoha nem tudtam, milyen volt a leveg\u0151, amikor elment\u00e9l\u201d c\u00edm\u0171 el\u0151ad\u00e1s premierj\u00e9re, amelyre m\u00e1rcius 27-\u00e9n, p\u00e9nteken 19 \u00f3rakor ker\u00fcl sor a Transilvania Csarnokban.<\/strong><\/p>\n\n\n\n<!--more-->\n\n\n\n<p class=\"wp-block-paragraph\">Ana Blandiana k\u00f6lt\u0151i univerzuma ihlette el\u0151ad\u00e1s k\u00e9t alapvet\u0151 t\u00e9m\u00e1t \u00f6tv\u00f6z alkot\u00e1s\u00e1val: a szerelmet \u00e9s a hal\u00e1lt, a p\u00e1r k\u00e9p\u00e9b\u0151l kiindulva. Az elveszett szerelmest megsz\u00f3l\u00edtj\u00e1k \u00e9s szimbolikusan \u00fajra\u00e9lesztik, hogy v\u00e9g\u00fcl az \u00f6r\u00f6kk\u00e9val\u00f3s\u00e1gba olvadjon, \u00e9s csak a k\u00f6lt\u00e9szeten kereszt\u00fcl maradjon el\u00e9rhet\u0151.<\/p>\n\n\n\n<p class=\"wp-block-paragraph\">A verset kieg\u00e9sz\u00edti a ... \u00e1ltal k\u00e9sz\u00edtett fant\u00e1ziad\u00fas vide\u00f3vet\u00edt\u00e9s. <strong>Ciprian Ciuciu<\/strong>, egy\u00fcttm\u0171k\u00f6dve a <strong>Ramona Gabriela Nemes<\/strong>.<\/p>\n\n\n\n<p class=\"wp-block-paragraph\">Mondd el \u00e9s \u00e9rtelmezd szenved\u00e9llyel \u00e9s m\u00e9lys\u00e9ggel: <strong>Anda Tamasanu<\/strong> \u00e9s <strong>Ciprian Ciuciu<\/strong>.<\/p>\n\n\n\n<p class=\"wp-block-paragraph\">A zene t\u00f6k\u00e9letesen szinkronban van az \u00e9rzelmekkel <strong>Alexandra K\u0151szeghi<\/strong>.<\/p>\n\n\n\n<p class=\"wp-block-paragraph\">Bemutat\u00f3: <strong>2026. m\u00e1rcius 27.<\/strong><\/p>\n\n\n\n<p class=\"wp-block-paragraph\">Jegyek tov\u00e1bbra is v\u00e1s\u00e1rolhat\u00f3k a sz\u00ednh\u00e1zi \u00fcgyn\u00f6ks\u00e9gn\u00e9l vagy online, a Poftim Cultur\u0103 platformon.<br>Az el\u0151ad\u00e1s a program r\u00e9sze <strong>TRM K\u00f6lt\u00e9szet<\/strong>.<\/p>\n\n\n\n<p class=\"wp-block-paragraph\"><\/p>","protected":false},"excerpt":{"rendered":"<p>Ana Blandiana k\u00f6lt\u0151i univerzuma ihlette el\u0151ad\u00e1s k\u00e9t alapvet\u0151 t\u00e9m\u00e1t \u00f6tv\u00f6z alkot\u00e1s\u00e1val: a szerelmet \u00e9s a hal\u00e1lt, a p\u00e1r k\u00e9p\u00e9b\u0151l kiindulva. Az elveszett szerelmest megsz\u00f3l\u00edtja \u00e9s szimbolikusan \u00fajra\u00e9leszti, hogy v\u00e9g\u00fcl beleolvadjon az \u00f6r\u00f6kk\u00e9val\u00f3s\u00e1gba, \u00e9s csak a k\u00f6lt\u00e9szeten kereszt\u00fcl maradjon el\u00e9rhet\u0151.<\/p>","protected":false},"author":6,"featured_media":14674,"comment_status":"closed","ping_status":"closed","sticky":false,"template":"","format":"standard","meta":{"_acf_changed":false,"footnotes":""},"categories":[41,22],"tags":[],"class_list":["post-14695","post","type-post","status-publish","format-standard","has-post-thumbnail","hentry","category-noutati","category-noutati-trupa-iosif-vulcan"],"aioseo_notices":[],"aioseo_head":"\n\t\t<!-- All in One SEO Pro 5.0.1.1 - aioseo.com -->\n\t<meta name=\"description\" content=\"Inspirat din universul poetic al Anei Blandiana, spectacolul \u00eembin\u0103 dou\u0103 teme fundamentale ale crea\u021biei sale: iubirea \u0219i moartea, pornind de la imaginea cuplului. Iubitul pierdut este chemat \u0219i re\u00eenviat simbolic, pentru ca, \u00een cele din urm\u0103, s\u0103 se topeasc\u0103 \u00een eternitate, r\u0103m\u00e2n\u00e2nd accesibil doar prin intermediul poeziei\" \/>\n\t<meta name=\"robots\" content=\"max-image-preview:large\" \/>\n\t<meta name=\"author\" content=\"Teatrul Regina Maria\"\/>\n\t<link rel=\"canonical\" href=\"https:\/\/www.teatrulreginamaria.ro\/hu\/comunicat-de-presa-n-am-inteles-niciodata-cum-simte-aerul-ca-ai-plecat\/\" \/>\n\t<meta name=\"generator\" content=\"All in One SEO Pro (AIOSEO) 5.0.1.1\" \/>\n\t\t<meta property=\"og:locale\" content=\"hu_HU\" \/>\n\t\t<meta property=\"og:site_name\" content=\"Teatrul Regina Maria Oradea - Trupa Iosif Vulcan \u0219i Trupa Arcadia\" \/>\n\t\t<meta property=\"og:type\" content=\"article\" \/>\n\t\t<meta property=\"og:title\" content=\"COMUNICAT DE PRES\u0102 | N-am \u00een\u021beles niciodat\u0103 cum simte aerul c\u0103 ai plecat - Teatrul Regina Maria Oradea\" \/>\n\t\t<meta property=\"og:description\" content=\"Inspirat din universul poetic al Anei Blandiana, spectacolul \u00eembin\u0103 dou\u0103 teme fundamentale ale crea\u021biei sale: iubirea \u0219i moartea, pornind de la imaginea cuplului. Iubitul pierdut este chemat \u0219i re\u00eenviat simbolic, pentru ca, \u00een cele din urm\u0103, s\u0103 se topeasc\u0103 \u00een eternitate, r\u0103m\u00e2n\u00e2nd accesibil doar prin intermediul poeziei\" \/>\n\t\t<meta property=\"og:url\" content=\"https:\/\/www.teatrulreginamaria.ro\/hu\/comunicat-de-presa-n-am-inteles-niciodata-cum-simte-aerul-ca-ai-plecat\/\" \/>\n\t\t<meta property=\"og:image\" content=\"https:\/\/www.teatrulreginamaria.ro\/wp-content\/uploads\/2025\/03\/trm-istoric-01.jpg\" \/>\n\t\t<meta property=\"og:image:secure_url\" content=\"https:\/\/www.teatrulreginamaria.ro\/wp-content\/uploads\/2025\/03\/trm-istoric-01.jpg\" \/>\n\t\t<meta property=\"og:image:width\" content=\"1200\" \/>\n\t\t<meta property=\"og:image:height\" content=\"800\" \/>\n\t\t<meta property=\"article:published_time\" content=\"2026-03-26T14:00:00+00:00\" \/>\n\t\t<meta property=\"article:modified_time\" content=\"2026-05-13T08:05:53+00:00\" \/>\n\t\t<meta property=\"article:publisher\" content=\"https:\/\/www.facebook.com\/TRMTrupaIosifVulcan\/\" \/>\n\t\t<meta name=\"twitter:card\" content=\"summary_large_image\" \/>\n\t\t<meta name=\"twitter:site\" content=\"@TRMOradea\" \/>\n\t\t<meta name=\"twitter:title\" content=\"COMUNICAT DE PRES\u0102 | N-am \u00een\u021beles niciodat\u0103 cum simte aerul c\u0103 ai plecat - Teatrul Regina Maria Oradea\" \/>\n\t\t<meta name=\"twitter:description\" content=\"Inspirat din universul poetic al Anei Blandiana, spectacolul \u00eembin\u0103 dou\u0103 teme fundamentale ale crea\u021biei sale: iubirea \u0219i moartea, pornind de la imaginea cuplului. Iubitul pierdut este chemat \u0219i re\u00eenviat simbolic, pentru ca, \u00een cele din urm\u0103, s\u0103 se topeasc\u0103 \u00een eternitate, r\u0103m\u00e2n\u00e2nd accesibil doar prin intermediul poeziei\" \/>\n\t\t<meta name=\"twitter:creator\" content=\"@TRMOradea\" \/>\n\t\t<meta name=\"twitter:image\" content=\"https:\/\/www.teatrulreginamaria.ro\/wp-content\/uploads\/2025\/03\/trm-istoric-01.jpg\" \/>\n\t\t<script type=\"application\/ld+json\" class=\"aioseo-schema\">\n\t\t\t{\"@context\":\"https:\\\/\\\/schema.org\",\"@graph\":[{\"@type\":\"BlogPosting\",\"@id\":\"https:\\\/\\\/www.teatrulreginamaria.ro\\\/hu\\\/comunicat-de-presa-n-am-inteles-niciodata-cum-simte-aerul-ca-ai-plecat\\\/#blogposting\",\"name\":\"COMUNICAT DE PRES\\u0102 | N-am \\u00een\\u021beles niciodat\\u0103 cum simte aerul c\\u0103 ai plecat - Teatrul Regina Maria Oradea\",\"headline\":\"COMUNICAT DE PRES\\u0102 | N-am \\u00een\\u021beles niciodat\\u0103 cum simte aerul c\\u0103 ai plecat\",\"author\":{\"@id\":\"https:\\\/\\\/www.teatrulreginamaria.ro\\\/hu\\\/author\\\/w3bmaster\\\/#author\"},\"publisher\":{\"@id\":\"https:\\\/\\\/www.teatrulreginamaria.ro\\\/hu\\\/#organization\"},\"image\":{\"@type\":\"ImageObject\",\"url\":\"https:\\\/\\\/www.teatrulreginamaria.ro\\\/wp-content\\\/uploads\\\/2026\\\/02\\\/AFIS-BLANDIANA-2026-4-MIC-scaled.jpg\",\"width\":1792,\"height\":2560},\"datePublished\":\"2026-03-26T16:00:00+02:00\",\"dateModified\":\"2026-05-13T11:05:53+03:00\",\"inLanguage\":\"hu-HU\",\"mainEntityOfPage\":{\"@id\":\"https:\\\/\\\/www.teatrulreginamaria.ro\\\/hu\\\/comunicat-de-presa-n-am-inteles-niciodata-cum-simte-aerul-ca-ai-plecat\\\/#webpage\"},\"isPartOf\":{\"@id\":\"https:\\\/\\\/www.teatrulreginamaria.ro\\\/hu\\\/comunicat-de-presa-n-am-inteles-niciodata-cum-simte-aerul-ca-ai-plecat\\\/#webpage\"},\"articleSection\":\"Nout\\u0103\\u021bi, Nout\\u0103\\u021bi - Trupa Iosif Vulcan\"},{\"@type\":\"BreadcrumbList\",\"@id\":\"https:\\\/\\\/www.teatrulreginamaria.ro\\\/hu\\\/comunicat-de-presa-n-am-inteles-niciodata-cum-simte-aerul-ca-ai-plecat\\\/#breadcrumblist\",\"itemListElement\":[{\"@type\":\"ListItem\",\"@id\":\"https:\\\/\\\/www.teatrulreginamaria.ro\\\/hu#listItem\",\"position\":1,\"name\":\"Home\",\"item\":\"https:\\\/\\\/www.teatrulreginamaria.ro\\\/hu\",\"nextItem\":{\"@type\":\"ListItem\",\"@id\":\"https:\\\/\\\/www.teatrulreginamaria.ro\\\/hu\\\/categorie\\\/noutati\\\/#listItem\",\"name\":\"Nout\\u0103\\u021bi\"}},{\"@type\":\"ListItem\",\"@id\":\"https:\\\/\\\/www.teatrulreginamaria.ro\\\/hu\\\/categorie\\\/noutati\\\/#listItem\",\"position\":2,\"name\":\"Nout\\u0103\\u021bi\",\"item\":\"https:\\\/\\\/www.teatrulreginamaria.ro\\\/hu\\\/categorie\\\/noutati\\\/\",\"nextItem\":{\"@type\":\"ListItem\",\"@id\":\"https:\\\/\\\/www.teatrulreginamaria.ro\\\/hu\\\/categorie\\\/noutati\\\/noutati-trupa-iosif-vulcan\\\/#listItem\",\"name\":\"Nout\\u0103\\u021bi - Trupa Iosif Vulcan\"},\"previousItem\":{\"@type\":\"ListItem\",\"@id\":\"https:\\\/\\\/www.teatrulreginamaria.ro\\\/hu#listItem\",\"name\":\"Home\"}},{\"@type\":\"ListItem\",\"@id\":\"https:\\\/\\\/www.teatrulreginamaria.ro\\\/hu\\\/categorie\\\/noutati\\\/noutati-trupa-iosif-vulcan\\\/#listItem\",\"position\":3,\"name\":\"Nout\\u0103\\u021bi - Trupa Iosif Vulcan\",\"item\":\"https:\\\/\\\/www.teatrulreginamaria.ro\\\/hu\\\/categorie\\\/noutati\\\/noutati-trupa-iosif-vulcan\\\/\",\"nextItem\":{\"@type\":\"ListItem\",\"@id\":\"https:\\\/\\\/www.teatrulreginamaria.ro\\\/hu\\\/comunicat-de-presa-n-am-inteles-niciodata-cum-simte-aerul-ca-ai-plecat\\\/#listItem\",\"name\":\"COMUNICAT DE PRES\\u0102 | N-am \\u00een\\u021beles niciodat\\u0103 cum simte aerul c\\u0103 ai plecat\"},\"previousItem\":{\"@type\":\"ListItem\",\"@id\":\"https:\\\/\\\/www.teatrulreginamaria.ro\\\/hu\\\/categorie\\\/noutati\\\/#listItem\",\"name\":\"Nout\\u0103\\u021bi\"}},{\"@type\":\"ListItem\",\"@id\":\"https:\\\/\\\/www.teatrulreginamaria.ro\\\/hu\\\/comunicat-de-presa-n-am-inteles-niciodata-cum-simte-aerul-ca-ai-plecat\\\/#listItem\",\"position\":4,\"name\":\"COMUNICAT DE PRES\\u0102 | N-am \\u00een\\u021beles niciodat\\u0103 cum simte aerul c\\u0103 ai plecat\",\"previousItem\":{\"@type\":\"ListItem\",\"@id\":\"https:\\\/\\\/www.teatrulreginamaria.ro\\\/hu\\\/categorie\\\/noutati\\\/noutati-trupa-iosif-vulcan\\\/#listItem\",\"name\":\"Nout\\u0103\\u021bi - Trupa Iosif Vulcan\"}}]},{\"@type\":\"Organization\",\"@id\":\"https:\\\/\\\/www.teatrulreginamaria.ro\\\/hu\\\/#organization\",\"name\":\"Teatrul Regina Maria Oradea\",\"description\":\"Trupa Iosif Vulcan \\u0219i Trupa Arcadia\",\"url\":\"https:\\\/\\\/www.teatrulreginamaria.ro\\\/hu\\\/\",\"email\":\"marketing@teatrulreginamaria.ro\",\"telephone\":\"+40359411534\",\"numberOfEmployees\":{\"@type\":\"QuantitativeValue\",\"minValue\":0,\"maxValue\":150},\"logo\":{\"@type\":\"ImageObject\",\"url\":\"https:\\\/\\\/www.teatrulreginamaria.ro\\\/wp-content\\\/uploads\\\/2025\\\/06\\\/logo-trm-01-dark.png\",\"@id\":\"https:\\\/\\\/www.teatrulreginamaria.ro\\\/hu\\\/comunicat-de-presa-n-am-inteles-niciodata-cum-simte-aerul-ca-ai-plecat\\\/#organizationLogo\",\"width\":300,\"height\":148},\"image\":{\"@id\":\"https:\\\/\\\/www.teatrulreginamaria.ro\\\/hu\\\/comunicat-de-presa-n-am-inteles-niciodata-cum-simte-aerul-ca-ai-plecat\\\/#organizationLogo\"},\"sameAs\":[\"https:\\\/\\\/www.facebook.com\\\/TRMTrupaIosifVulcan\\\/\",\"https:\\\/\\\/x.com\\\/TRMOradea\",\"https:\\\/\\\/www.instagram.com\\\/teatrul_regina_maria\\\/\",\"https:\\\/\\\/www.youtube.com\\\/c\\\/TeatrulReginaMariaOradea\",\"https:\\\/\\\/www.linkedin.com\\\/company\\\/teatrul-regina-maria\"]},{\"@type\":\"Person\",\"@id\":\"https:\\\/\\\/www.teatrulreginamaria.ro\\\/hu\\\/author\\\/w3bmaster\\\/#author\",\"url\":\"https:\\\/\\\/www.teatrulreginamaria.ro\\\/hu\\\/author\\\/w3bmaster\\\/\",\"name\":\"Teatrul Regina Maria\",\"image\":{\"@type\":\"ImageObject\",\"@id\":\"https:\\\/\\\/www.teatrulreginamaria.ro\\\/hu\\\/comunicat-de-presa-n-am-inteles-niciodata-cum-simte-aerul-ca-ai-plecat\\\/#authorImage\",\"url\":\"https:\\\/\\\/secure.gravatar.com\\\/avatar\\\/5884139d508ae3f0bafe45e60563b48a9640146d3b08ccc6278c305ff9329305?s=96&d=mm&r=g\",\"width\":96,\"height\":96,\"caption\":\"Teatrul Regina Maria\"}},{\"@type\":\"WebPage\",\"@id\":\"https:\\\/\\\/www.teatrulreginamaria.ro\\\/hu\\\/comunicat-de-presa-n-am-inteles-niciodata-cum-simte-aerul-ca-ai-plecat\\\/#webpage\",\"url\":\"https:\\\/\\\/www.teatrulreginamaria.ro\\\/hu\\\/comunicat-de-presa-n-am-inteles-niciodata-cum-simte-aerul-ca-ai-plecat\\\/\",\"name\":\"COMUNICAT DE PRES\\u0102 | N-am \\u00een\\u021beles niciodat\\u0103 cum simte aerul c\\u0103 ai plecat - Teatrul Regina Maria Oradea\",\"description\":\"Inspirat din universul poetic al Anei Blandiana, spectacolul \\u00eembin\\u0103 dou\\u0103 teme fundamentale ale crea\\u021biei sale: iubirea \\u0219i moartea, pornind de la imaginea cuplului. Iubitul pierdut este chemat \\u0219i re\\u00eenviat simbolic, pentru ca, \\u00een cele din urm\\u0103, s\\u0103 se topeasc\\u0103 \\u00een eternitate, r\\u0103m\\u00e2n\\u00e2nd accesibil doar prin intermediul poeziei\",\"inLanguage\":\"hu-HU\",\"isPartOf\":{\"@id\":\"https:\\\/\\\/www.teatrulreginamaria.ro\\\/hu\\\/#website\"},\"breadcrumb\":{\"@id\":\"https:\\\/\\\/www.teatrulreginamaria.ro\\\/hu\\\/comunicat-de-presa-n-am-inteles-niciodata-cum-simte-aerul-ca-ai-plecat\\\/#breadcrumblist\"},\"author\":{\"@id\":\"https:\\\/\\\/www.teatrulreginamaria.ro\\\/hu\\\/author\\\/w3bmaster\\\/#author\"},\"creator\":{\"@id\":\"https:\\\/\\\/www.teatrulreginamaria.ro\\\/hu\\\/author\\\/w3bmaster\\\/#author\"},\"image\":{\"@type\":\"ImageObject\",\"url\":\"https:\\\/\\\/www.teatrulreginamaria.ro\\\/wp-content\\\/uploads\\\/2026\\\/02\\\/AFIS-BLANDIANA-2026-4-MIC-scaled.jpg\",\"@id\":\"https:\\\/\\\/www.teatrulreginamaria.ro\\\/hu\\\/comunicat-de-presa-n-am-inteles-niciodata-cum-simte-aerul-ca-ai-plecat\\\/#mainImage\",\"width\":1792,\"height\":2560},\"primaryImageOfPage\":{\"@id\":\"https:\\\/\\\/www.teatrulreginamaria.ro\\\/hu\\\/comunicat-de-presa-n-am-inteles-niciodata-cum-simte-aerul-ca-ai-plecat\\\/#mainImage\"},\"datePublished\":\"2026-03-26T16:00:00+02:00\",\"dateModified\":\"2026-05-13T11:05:53+03:00\"},{\"@type\":\"WebSite\",\"@id\":\"https:\\\/\\\/www.teatrulreginamaria.ro\\\/hu\\\/#website\",\"url\":\"https:\\\/\\\/www.teatrulreginamaria.ro\\\/hu\\\/\",\"name\":\"Teatrul Regina Maria Oradea\",\"alternateName\":\"TRM Oradea\",\"description\":\"Trupa Iosif Vulcan \\u0219i Trupa Arcadia\",\"inLanguage\":\"hu-HU\",\"publisher\":{\"@id\":\"https:\\\/\\\/www.teatrulreginamaria.ro\\\/hu\\\/#organization\"}}]}\n\t\t<\/script>\n\t\t<!-- All in One SEO Pro -->\r\n\t\t<title>COMUNICAT DE PRES\u0102 | N-am \u00een\u021beles niciodat\u0103 cum simte aerul c\u0103 ai plecat - Teatrul Regina Maria Oradea<\/title>\n\n","aioseo_head_json":{"title":"SAJT\u00d3K\u00d6ZLEM\u00c9NY | Sosem \u00e9rtettem, milyen \u00e9rz\u00e9s, hogy elment\u00e9l - Regina Maria Sz\u00ednh\u00e1z, Nagyv\u00e1radi","description":"Ana Blandiana k\u00f6lt\u0151i univerzuma ihlette el\u0151ad\u00e1s k\u00e9t alapvet\u0151 t\u00e9m\u00e1t \u00f6tv\u00f6z alkot\u00e1s\u00e1val: a szerelmet \u00e9s a hal\u00e1lt, a p\u00e1r k\u00e9p\u00e9b\u0151l kiindulva. Az elveszett szerelmest megsz\u00f3l\u00edtja \u00e9s szimbolikusan \u00fajra\u00e9leszti, hogy v\u00e9g\u00fcl beleolvadjon az \u00f6r\u00f6kk\u00e9val\u00f3s\u00e1gba, \u00e9s csak a k\u00f6lt\u00e9szeten kereszt\u00fcl maradjon el\u00e9rhet\u0151.","canonical_url":"https:\/\/www.teatrulreginamaria.ro\/hu\/comunicat-de-presa-n-am-inteles-niciodata-cum-simte-aerul-ca-ai-plecat\/","robots":"max-image-preview:large","keywords":"","webmasterTools":{"miscellaneous":""},"schema":{"@context":"https:\/\/schema.org","@graph":[{"@type":"BlogPosting","@id":"https:\/\/www.teatrulreginamaria.ro\/hu\/comunicat-de-presa-n-am-inteles-niciodata-cum-simte-aerul-ca-ai-plecat\/#blogposting","name":"COMUNICAT DE PRES\u0102 | N-am \u00een\u021beles niciodat\u0103 cum simte aerul c\u0103 ai plecat - Teatrul Regina Maria Oradea","headline":"COMUNICAT DE PRES\u0102 | N-am \u00een\u021beles niciodat\u0103 cum simte aerul c\u0103 ai plecat","author":{"@id":"https:\/\/www.teatrulreginamaria.ro\/hu\/author\/w3bmaster\/#author"},"publisher":{"@id":"https:\/\/www.teatrulreginamaria.ro\/hu\/#organization"},"image":{"@type":"ImageObject","url":"https:\/\/www.teatrulreginamaria.ro\/wp-content\/uploads\/2026\/02\/AFIS-BLANDIANA-2026-4-MIC-scaled.jpg","width":1792,"height":2560},"datePublished":"2026-03-26T16:00:00+02:00","dateModified":"2026-05-13T11:05:53+03:00","inLanguage":"hu-HU","mainEntityOfPage":{"@id":"https:\/\/www.teatrulreginamaria.ro\/hu\/comunicat-de-presa-n-am-inteles-niciodata-cum-simte-aerul-ca-ai-plecat\/#webpage"},"isPartOf":{"@id":"https:\/\/www.teatrulreginamaria.ro\/hu\/comunicat-de-presa-n-am-inteles-niciodata-cum-simte-aerul-ca-ai-plecat\/#webpage"},"articleSection":"Nout\u0103\u021bi, Nout\u0103\u021bi - Trupa Iosif Vulcan"},{"@type":"BreadcrumbList","@id":"https:\/\/www.teatrulreginamaria.ro\/hu\/comunicat-de-presa-n-am-inteles-niciodata-cum-simte-aerul-ca-ai-plecat\/#breadcrumblist","itemListElement":[{"@type":"ListItem","@id":"https:\/\/www.teatrulreginamaria.ro\/hu#listItem","position":1,"name":"Home","item":"https:\/\/www.teatrulreginamaria.ro\/hu","nextItem":{"@type":"ListItem","@id":"https:\/\/www.teatrulreginamaria.ro\/hu\/categorie\/noutati\/#listItem","name":"Nout\u0103\u021bi"}},{"@type":"ListItem","@id":"https:\/\/www.teatrulreginamaria.ro\/hu\/categorie\/noutati\/#listItem","position":2,"name":"Nout\u0103\u021bi","item":"https:\/\/www.teatrulreginamaria.ro\/hu\/categorie\/noutati\/","nextItem":{"@type":"ListItem","@id":"https:\/\/www.teatrulreginamaria.ro\/hu\/categorie\/noutati\/noutati-trupa-iosif-vulcan\/#listItem","name":"Nout\u0103\u021bi - Trupa Iosif Vulcan"},"previousItem":{"@type":"ListItem","@id":"https:\/\/www.teatrulreginamaria.ro\/hu#listItem","name":"Home"}},{"@type":"ListItem","@id":"https:\/\/www.teatrulreginamaria.ro\/hu\/categorie\/noutati\/noutati-trupa-iosif-vulcan\/#listItem","position":3,"name":"Nout\u0103\u021bi - Trupa Iosif Vulcan","item":"https:\/\/www.teatrulreginamaria.ro\/hu\/categorie\/noutati\/noutati-trupa-iosif-vulcan\/","nextItem":{"@type":"ListItem","@id":"https:\/\/www.teatrulreginamaria.ro\/hu\/comunicat-de-presa-n-am-inteles-niciodata-cum-simte-aerul-ca-ai-plecat\/#listItem","name":"COMUNICAT DE PRES\u0102 | N-am \u00een\u021beles niciodat\u0103 cum simte aerul c\u0103 ai plecat"},"previousItem":{"@type":"ListItem","@id":"https:\/\/www.teatrulreginamaria.ro\/hu\/categorie\/noutati\/#listItem","name":"Nout\u0103\u021bi"}},{"@type":"ListItem","@id":"https:\/\/www.teatrulreginamaria.ro\/hu\/comunicat-de-presa-n-am-inteles-niciodata-cum-simte-aerul-ca-ai-plecat\/#listItem","position":4,"name":"COMUNICAT DE PRES\u0102 | N-am \u00een\u021beles niciodat\u0103 cum simte aerul c\u0103 ai plecat","previousItem":{"@type":"ListItem","@id":"https:\/\/www.teatrulreginamaria.ro\/hu\/categorie\/noutati\/noutati-trupa-iosif-vulcan\/#listItem","name":"Nout\u0103\u021bi - Trupa Iosif Vulcan"}}]},{"@type":"Organization","@id":"https:\/\/www.teatrulreginamaria.ro\/hu\/#organization","name":"Teatrul Regina Maria Oradea","description":"Trupa Iosif Vulcan \u0219i Trupa Arcadia","url":"https:\/\/www.teatrulreginamaria.ro\/hu\/","email":"marketing@teatrulreginamaria.ro","telephone":"+40359411534","numberOfEmployees":{"@type":"QuantitativeValue","minValue":0,"maxValue":150},"logo":{"@type":"ImageObject","url":"https:\/\/www.teatrulreginamaria.ro\/wp-content\/uploads\/2025\/06\/logo-trm-01-dark.png","@id":"https:\/\/www.teatrulreginamaria.ro\/hu\/comunicat-de-presa-n-am-inteles-niciodata-cum-simte-aerul-ca-ai-plecat\/#organizationLogo","width":300,"height":148},"image":{"@id":"https:\/\/www.teatrulreginamaria.ro\/hu\/comunicat-de-presa-n-am-inteles-niciodata-cum-simte-aerul-ca-ai-plecat\/#organizationLogo"},"sameAs":["https:\/\/www.facebook.com\/TRMTrupaIosifVulcan\/","https:\/\/x.com\/TRMOradea","https:\/\/www.instagram.com\/teatrul_regina_maria\/","https:\/\/www.youtube.com\/c\/TeatrulReginaMariaOradea","https:\/\/www.linkedin.com\/company\/teatrul-regina-maria"]},{"@type":"Person","@id":"https:\/\/www.teatrulreginamaria.ro\/hu\/author\/w3bmaster\/#author","url":"https:\/\/www.teatrulreginamaria.ro\/hu\/author\/w3bmaster\/","name":"Teatrul Regina Maria","image":{"@type":"ImageObject","@id":"https:\/\/www.teatrulreginamaria.ro\/hu\/comunicat-de-presa-n-am-inteles-niciodata-cum-simte-aerul-ca-ai-plecat\/#authorImage","url":"https:\/\/secure.gravatar.com\/avatar\/5884139d508ae3f0bafe45e60563b48a9640146d3b08ccc6278c305ff9329305?s=96&d=mm&r=g","width":96,"height":96,"caption":"Teatrul Regina Maria"}},{"@type":"WebPage","@id":"https:\/\/www.teatrulreginamaria.ro\/hu\/comunicat-de-presa-n-am-inteles-niciodata-cum-simte-aerul-ca-ai-plecat\/#webpage","url":"https:\/\/www.teatrulreginamaria.ro\/hu\/comunicat-de-presa-n-am-inteles-niciodata-cum-simte-aerul-ca-ai-plecat\/","name":"COMUNICAT DE PRES\u0102 | N-am \u00een\u021beles niciodat\u0103 cum simte aerul c\u0103 ai plecat - Teatrul Regina Maria Oradea","description":"Inspirat din universul poetic al Anei Blandiana, spectacolul \u00eembin\u0103 dou\u0103 teme fundamentale ale crea\u021biei sale: iubirea \u0219i moartea, pornind de la imaginea cuplului. Iubitul pierdut este chemat \u0219i re\u00eenviat simbolic, pentru ca, \u00een cele din urm\u0103, s\u0103 se topeasc\u0103 \u00een eternitate, r\u0103m\u00e2n\u00e2nd accesibil doar prin intermediul poeziei","inLanguage":"hu-HU","isPartOf":{"@id":"https:\/\/www.teatrulreginamaria.ro\/hu\/#website"},"breadcrumb":{"@id":"https:\/\/www.teatrulreginamaria.ro\/hu\/comunicat-de-presa-n-am-inteles-niciodata-cum-simte-aerul-ca-ai-plecat\/#breadcrumblist"},"author":{"@id":"https:\/\/www.teatrulreginamaria.ro\/hu\/author\/w3bmaster\/#author"},"creator":{"@id":"https:\/\/www.teatrulreginamaria.ro\/hu\/author\/w3bmaster\/#author"},"image":{"@type":"ImageObject","url":"https:\/\/www.teatrulreginamaria.ro\/wp-content\/uploads\/2026\/02\/AFIS-BLANDIANA-2026-4-MIC-scaled.jpg","@id":"https:\/\/www.teatrulreginamaria.ro\/hu\/comunicat-de-presa-n-am-inteles-niciodata-cum-simte-aerul-ca-ai-plecat\/#mainImage","width":1792,"height":2560},"primaryImageOfPage":{"@id":"https:\/\/www.teatrulreginamaria.ro\/hu\/comunicat-de-presa-n-am-inteles-niciodata-cum-simte-aerul-ca-ai-plecat\/#mainImage"},"datePublished":"2026-03-26T16:00:00+02:00","dateModified":"2026-05-13T11:05:53+03:00"},{"@type":"WebSite","@id":"https:\/\/www.teatrulreginamaria.ro\/hu\/#website","url":"https:\/\/www.teatrulreginamaria.ro\/hu\/","name":"Teatrul Regina Maria Oradea","alternateName":"TRM Oradea","description":"Trupa Iosif Vulcan \u0219i Trupa Arcadia","inLanguage":"hu-HU","publisher":{"@id":"https:\/\/www.teatrulreginamaria.ro\/hu\/#organization"}}]},"og:locale":"hu_HU","og:site_name":"Teatrul Regina Maria Oradea - Trupa Iosif Vulcan \u0219i Trupa Arcadia","og:type":"article","og:title":"COMUNICAT DE PRES\u0102 | N-am \u00een\u021beles niciodat\u0103 cum simte aerul c\u0103 ai plecat - Teatrul Regina Maria Oradea","og:description":"Inspirat din universul poetic al Anei Blandiana, spectacolul \u00eembin\u0103 dou\u0103 teme fundamentale ale crea\u021biei sale: iubirea \u0219i moartea, pornind de la imaginea cuplului. Iubitul pierdut este chemat \u0219i re\u00eenviat simbolic, pentru ca, \u00een cele din urm\u0103, s\u0103 se topeasc\u0103 \u00een eternitate, r\u0103m\u00e2n\u00e2nd accesibil doar prin intermediul poeziei","og:url":"https:\/\/www.teatrulreginamaria.ro\/hu\/comunicat-de-presa-n-am-inteles-niciodata-cum-simte-aerul-ca-ai-plecat\/","og:image":"https:\/\/www.teatrulreginamaria.ro\/wp-content\/uploads\/2025\/03\/trm-istoric-01.jpg","og:image:secure_url":"https:\/\/www.teatrulreginamaria.ro\/wp-content\/uploads\/2025\/03\/trm-istoric-01.jpg","og:image:width":1200,"og:image:height":800,"article:published_time":"2026-03-26T14:00:00+00:00","article:modified_time":"2026-05-13T08:05:53+00:00","article:publisher":"https:\/\/www.facebook.com\/TRMTrupaIosifVulcan\/","twitter:card":"summary_large_image","twitter:site":"@TRMOradea","twitter:title":"COMUNICAT DE PRES\u0102 | N-am \u00een\u021beles niciodat\u0103 cum simte aerul c\u0103 ai plecat - Teatrul Regina Maria Oradea","twitter:description":"Inspirat din universul poetic al Anei Blandiana, spectacolul \u00eembin\u0103 dou\u0103 teme fundamentale ale crea\u021biei sale: iubirea \u0219i moartea, pornind de la imaginea cuplului. Iubitul pierdut este chemat \u0219i re\u00eenviat simbolic, pentru ca, \u00een cele din urm\u0103, s\u0103 se topeasc\u0103 \u00een eternitate, r\u0103m\u00e2n\u00e2nd accesibil doar prin intermediul poeziei","twitter:creator":"@TRMOradea","twitter:image":"https:\/\/www.teatrulreginamaria.ro\/wp-content\/uploads\/2025\/03\/trm-istoric-01.jpg"},"aioseo_meta_data":{"post_id":"14695","title":null,"description":null,"keywords":null,"keyphrases":{"focus":[],"additional":[]},"primary_term":null,"canonical_url":null,"og_title":null,"og_description":null,"og_object_type":"default","og_image_type":"default","og_image_url":null,"og_image_width":null,"og_image_height":null,"og_image_custom_url":null,"og_image_custom_fields":null,"og_video":"","og_custom_url":null,"og_article_section":null,"og_article_tags":null,"twitter_use_og":false,"twitter_card":"default","twitter_image_type":"default","twitter_image_url":null,"twitter_image_custom_url":null,"twitter_image_custom_fields":null,"twitter_title":null,"twitter_description":null,"schema":{"blockGraphs":[],"customGraphs":[],"default":{"data":{"Article":[],"Course":[],"Dataset":[],"FAQPage":[],"Movie":[],"Person":[],"Product":[],"ProductReview":[],"Car":[],"Recipe":[],"Service":[],"SoftwareApplication":[],"WebPage":[]},"graphName":"BlogPosting","isEnabled":true},"graphs":[]},"schema_type":"default","schema_type_options":null,"pillar_content":false,"robots_default":true,"robots_noindex":false,"robots_noarchive":false,"robots_nosnippet":false,"robots_nofollow":false,"robots_noimageindex":false,"robots_noodp":false,"robots_notranslate":false,"robots_max_snippet":"-1","robots_max_videopreview":"-1","robots_max_imagepreview":"large","priority":null,"frequency":"default","local_seo":null,"seo_analyzer_scan_date":"2026-05-13 08:06:40","breadcrumb_settings":null,"limit_modified_date":false,"reviewed_by":"0","open_ai":null,"ai":{"faqs":[],"keyPoints":[],"schemas":[],"titles":[],"descriptions":[],"socialPosts":{"email":[],"linkedin":[],"twitter":[],"facebook":[],"instagram":[]}},"created":"2026-03-27 10:16:30","updated":"2026-08-14 23:13:02","focus_keyword":null,"additional_keywords":null,"truseo_locale":null},"aioseo_breadcrumb":"<div class=\"aioseo-breadcrumbs\"><span class=\"aioseo-breadcrumb\">\n\t<a href=\"https:\/\/www.teatrulreginamaria.ro\/hu\" title=\"Home\">Home<\/a>\n<\/span><span class=\"aioseo-breadcrumb-separator\">&raquo;<\/span><span class=\"aioseo-breadcrumb\">\n\t<a href=\"https:\/\/www.teatrulreginamaria.ro\/hu\/categorie\/noutati\/\" title=\"Nout\u0103\u021bi\">Nout\u0103\u021bi<\/a>\n<\/span><span class=\"aioseo-breadcrumb-separator\">&raquo;<\/span><span class=\"aioseo-breadcrumb\">\n\t<a href=\"https:\/\/www.teatrulreginamaria.ro\/hu\/categorie\/noutati\/noutati-trupa-iosif-vulcan\/\" title=\"Nout\u0103\u021bi - Trupa Iosif Vulcan\">Nout\u0103\u021bi - Trupa Iosif Vulcan<\/a>\n<\/span><span class=\"aioseo-breadcrumb-separator\">&raquo;<\/span><span class=\"aioseo-breadcrumb\">\n\tCOMUNICAT DE PRES\u0102 | N-am \u00een\u021beles niciodat\u0103 cum simte aerul c\u0103 ai plecat\n<\/span><\/div>","aioseo_breadcrumb_json":[{"label":"Home","link":"https:\/\/www.teatrulreginamaria.ro\/hu"},{"label":"Nout\u0103\u021bi","link":"https:\/\/www.teatrulreginamaria.ro\/hu\/categorie\/noutati\/"},{"label":"Nout\u0103\u021bi - Trupa Iosif Vulcan","link":"https:\/\/www.teatrulreginamaria.ro\/hu\/categorie\/noutati\/noutati-trupa-iosif-vulcan\/"},{"label":"COMUNICAT DE PRES\u0102 | N-am \u00een\u021beles niciodat\u0103 cum simte aerul c\u0103 ai plecat","link":"https:\/\/www.teatrulreginamaria.ro\/hu\/comunicat-de-presa-n-am-inteles-niciodata-cum-simte-aerul-ca-ai-plecat\/"}],"acf":[],"_links":{"self":[{"href":"https:\/\/www.teatrulreginamaria.ro\/hu\/wp-json\/wp\/v2\/posts\/14695","targetHints":{"allow":["GET"]}}],"collection":[{"href":"https:\/\/www.teatrulreginamaria.ro\/hu\/wp-json\/wp\/v2\/posts"}],"about":[{"href":"https:\/\/www.teatrulreginamaria.ro\/hu\/wp-json\/wp\/v2\/types\/post"}],"author":[{"embeddable":true,"href":"https:\/\/www.teatrulreginamaria.ro\/hu\/wp-json\/wp\/v2\/users\/6"}],"replies":[{"embeddable":true,"href":"https:\/\/www.teatrulreginamaria.ro\/hu\/wp-json\/wp\/v2\/comments?post=14695"}],"version-history":[{"count":2,"href":"https:\/\/www.teatrulreginamaria.ro\/hu\/wp-json\/wp\/v2\/posts\/14695\/revisions"}],"predecessor-version":[{"id":14933,"href":"https:\/\/www.teatrulreginamaria.ro\/hu\/wp-json\/wp\/v2\/posts\/14695\/revisions\/14933"}],"wp:featuredmedia":[{"embeddable":true,"href":"https:\/\/www.teatrulreginamaria.ro\/hu\/wp-json\/wp\/v2\/media\/14674"}],"wp:attachment":[{"href":"https:\/\/www.teatrulreginamaria.ro\/hu\/wp-json\/wp\/v2\/media?parent=14695"}],"wp:term":[{"taxonomy":"category","embeddable":true,"href":"https:\/\/www.teatrulreginamaria.ro\/hu\/wp-json\/wp\/v2\/categories?post=14695"},{"taxonomy":"post_tag","embeddable":true,"href":"https:\/\/www.teatrulreginamaria.ro\/hu\/wp-json\/wp\/v2\/tags?post=14695"}],"curies":[{"name":"munkaf\u00fczet","href":"https:\/\/api.w.org\/{rel}","templated":true}]}}