{"id":1618,"date":"2012-09-21T09:34:38","date_gmt":"2012-09-21T09:34:38","guid":{"rendered":"https:\/\/teatrulreginamaria.ro\/2012\/09\/21\/premiera-alba-ca-zapada\/"},"modified":"2012-09-21T09:34:38","modified_gmt":"2012-09-21T09:34:38","slug":"hofeherke-premierje","status":"publish","type":"post","link":"https:\/\/www.teatrulreginamaria.ro\/hu\/premiera-alba-ca-zapada\/","title":{"rendered":"PREMIER \u2013 H\u00d3FEH\u00c9RKE"},"content":{"rendered":"<p>\u00d6r\u00f6mmel jelentj\u00fck be a Regina Maria Sz\u00ednh\u00e1z Arcadia T\u00e1rsulat\u00e1nak \u00faj premierj\u00e9t, a H\u00d3FEH\u00c9RKE b\u00e1bel\u0151ad\u00e1st (Traian Savinescu sz\u00ednh\u00e1zi mes\u00e9je, Grimm testv\u00e9rek nyom\u00e1n). A premierre szeptember 22-\u00e9n, szombaton, 11 \u00f3rakor ker\u00fcl sor az Arcadia T\u00e1rsulat fel\u00faj\u00edtott term\u00e9ben.<\/p>\n<p><!--more--><\/p>\n<p style=\"text-align: justify;\">A m\u0171sor szeptember 27-\u00e9n (iskol\u00e1k sz\u00e1m\u00e1ra szervezett m\u0171sor) \u00e9s szeptember 30-\u00e1n folytat\u00f3dik.<\/p>\n<p style=\"text-align: justify;\">Sok \u00e9v ut\u00e1n ism\u00e9t egy k\u00fcl\u00f6nleges, teljes eg\u00e9sz\u00e9ben b\u00e1bokb\u00f3l k\u00e9sz\u00fclt el\u0151ad\u00e1sra v\u00e1runk benneteket.<\/p>\n<p style=\"text-align: justify;\"><strong>H\u00d3FEH\u00c9RKE \u00c9S\u2026<\/strong><\/p>\n<p style=\"text-align: justify;\">...A h\u00e9t t\u00f6rpe, a palota nemesei, te\u00e1z\u00e1s k\u00f6zben felid\u00e9zik azokat a vicces vagy szomor\u00fa esem\u00e9nyeket, amelyek abb\u00f3l az id\u0151b\u0151l sz\u00e1rmaztak, amikor a kir\u00e1ly l\u00e1nya, H\u00f3feh\u00e9rke, a szem\u00fck l\u00e1tt\u00e1ra n\u0151tt fel, mint egy mennyei vir\u00e1g.<\/p>\n<p style=\"text-align: justify;\">Ahogy az anya mennybe sz\u00e1ll\u00f3 buzg\u00f3 im\u00e1j\u00e1ban, a megsz\u00fart ujjb\u00f3l \u00e9s a feh\u00e9r h\u00f3ba cs\u00f6p\u00f6g\u0151 v\u00e9rcseppekb\u0151l megtestes\u00fclt a gyermek.<\/p>\n<p style=\"text-align: justify;\">\u00c1rvak\u00e9nt \u00e9rkezett a vil\u00e1gra, a hercegn\u0151t szerett\u00e9k, im\u00e1dt\u00e1k, majd v\u00e9g\u00fcl egy t\u00f6rpecsapat (pontosabban mind a h\u00e9t!) \u00f6r\u00f6kbe fogadta, akikr\u0151l itt m\u00e1r besz\u00e9ltem.<\/p>\n<p style=\"text-align: justify;\">Az irigy, gonosz \u00e9s s\u00f6t\u00e9t sz\u00edv\u0171 \u00faj cs\u00e1sz\u00e1rn\u00e9-mostohaanya \u00e1lland\u00f3an ugratta a kis H\u00f3feh\u00e9rk\u00e9t, r\u00e1eresztette gy\u0171l\u00f6letkuty\u00e1it, csak hogy megszabaduljon a kisl\u00e1nyt\u00f3l, akit m\u00e9g &quot;t\u00fck\u00f6rk\u00e9nt&quot; is l\u00e1tott, bizalmasa dics\u00e9rte, &quot;gy\u00f6ny\u00f6r\u0171nek&quot; nevezte.<\/p>\n<p style=\"text-align: justify;\">Fog, a Bolond, a Dajka, Pitypang, F\u00fajtat\u00f3, a Kov\u00e1cs vagy F\u00e1nk, az Oll\u00f3, a Hamis\u00edt\u00f3 \u00e9s Kalitka, a Vad\u00e1sz a Mostohaanya, a Mesterboszork\u00e1ny \u00fatj\u00e1ban \u00e1llnak, megakad\u00e1lyozva, hogy \u00e1rtson a gyermeknek, a j\u00f3sz\u00edv\u0171 Alb\u00e1nak.<\/p>\n<p style=\"text-align: justify;\">A s\u00f6t\u00e9t szob\u00e1ban, a t\u00fck\u00f6r el\u0151tt, amely a tengerv\u00edzben titkokat olvas fel, a Kir\u00e1lyn\u0151 \u00e1ltal kital\u00e1lt var\u00e1zslatok k\u00f6zepette sz\u00f6rny\u0171 l\u00e1tom\u00e1sok dermednek meg: m\u00e9rgez\u0151 \u00f6vek \u00e9s hajt\u0171k n\u0151nek k\u00edgy\u00f3kb\u00f3l \u00e9s p\u00f3kokb\u00f3l, \u00e9rett alm\u00e1k f\u00fcr\u00f6dnek m\u00e9regben; \u00e9s mindenki egy k\u00e9zzel a l\u00e1nyon a hal\u00e1l fel\u00e9 tart. \u2026 De\u2026<\/p>\n<p style=\"text-align: justify;\">Az esetlen, mandulaszem\u0171 \u00e9s \u00e1lmos hajl\u00e9ktalan herceg, aki a filozofikusan nyer\u00edt\u0151, vad helyen \u00fcl\u0151 lovon lovagol, elhozza a telet t\u00f6rp\u00e9ink h\u00e1z\u00e1ba, visszahozza az \u00e9letbe a kopors\u00f3ban alv\u00f3 herceget, \u00e9s mindannyian a kast\u00e9lyba rep\u00fclnek bulizni.<\/p>\n<p style=\"text-align: justify;\">Term\u00e9szetesen a t\u00f6rt\u00e9net megk\u00f6veteli, hogy a v\u00e9g el\u0151tt a Gonosz (eset\u00fcnkben a Gonosz!), azaz az \u00darn\u0151 is elnyerje b\u00fcntet\u00e9s\u00e9t. \u00c9s m\u00edg \u0151, a par\u00e1zson t\u00e1ncolva, elpusztul ebb\u0151l a vil\u00e1gb\u00f3l, az Esk\u00fcv\u0151n sokan m\u00e1sok is a boldog menyasszony \u00e9s v\u0151leg\u00e9ny mellett t\u00f6ltik az id\u0151t, a t\u0171zzel j\u00e1tszva (feln\u0151ttek \u00e9s t\u00f6rp\u00e9k egyar\u00e1nt). Ne feledkezz\u00fcnk meg a Gonosz-Szerencsepatk\u00f3s-Lov\u00e1r\u00f3l \u00e9s a nyeregr\u0151l, amelyen lovagoltam... a ti\u00e9dr\u0151l, aki r\u00e9gen elt\u0171nt... \u00f6r\u00f6kre szerelmes H\u00f3feh\u00e9rk\u00e9be...<\/p>\n<p style=\"text-align: justify;\">Fog, t\u00f6rpe-bolond-kr\u00f3nik\u00e1s a palot\u00e1ban. (TS)<\/p>\n<p style=\"text-align: justify;\">ELOSZT\u00c1S:<\/p>\n<p style=\"text-align: justify;\">H\u00f3feh\u00e9rke: Georgia Capr\u0103rin<\/p>\n<p style=\"text-align: justify;\">Mester\/Kir\u00e1lyn\u0151: Zentania Lup\u015fe<\/p>\n<div>\n<p style=\"text-align: justify;\">A l\u00f3herceg: Alexandru Pop<\/p>\n<p style=\"text-align: justify;\">T\u00f6rpefog: Florian Silaghi<\/p>\n<p style=\"text-align: justify;\">Pitypangt\u00f6rpe: Mirela Corbeanu<\/p>\n<p style=\"text-align: justify;\">T\u00f6rpe \u00e1pol\u00f3n\u0151: Marlena Prigoreanu<\/p>\n<p style=\"text-align: justify;\">F\u00e1nkt\u00f6rpe: Igor Lungu<\/p>\n<p style=\"text-align: justify;\">Ketrecbe z\u00e1rt t\u00f6rpe: Andrei Fazeca\u015f<\/p>\n<p style=\"text-align: justify;\">T\u00f6rpecsik\u00f3: Florin Stan<\/p>\n<p style=\"text-align: justify;\">Oll\u00f3s t\u00f6rpe: Rin Trip<\/p>\n<p style=\"text-align: justify;\"><strong>M\u0171v\u00e9szeti vezet\u00e9s: Traian Savinescu<\/strong><\/p>\n<p style=\"text-align: justify;\"><strong>D\u00edszletkoncepci\u00f3 \u00e9s hangtervez\u00e9s: Traian Savinescu<\/strong><\/p>\n<p style=\"text-align: justify;\"><strong>D\u00edszlet, jelmezek, b\u00e1bok: Mihai Pastramagiu<\/strong><\/p>\n<\/div>","protected":false},"excerpt":{"rendered":"<p>\u00d6r\u00f6mmel jelentj\u00fck be a Regina Maria Sz\u00ednh\u00e1z Arcadia T\u00e1rsulat\u00e1nak \u00faj premierj\u00e9t, a H\u00d3FEH\u00c9RKE b\u00e1bel\u0151ad\u00e1st (Traian Savinescu sz\u00ednh\u00e1zi mes\u00e9je, Grimm testv\u00e9rek nyom\u00e1n). A premierre szeptember 22-\u00e9n, szombaton, 11 \u00f3rakor ker\u00fcl sor az Arcadia T\u00e1rsulat fel\u00faj\u00edtott term\u00e9ben.<\/p>","protected":false},"author":1,"featured_media":0,"comment_status":"open","ping_status":"open","sticky":false,"template":"","format":"standard","meta":{"_acf_changed":false,"footnotes":""},"categories":[37],"tags":[],"class_list":["post-1618","post","type-post","status-publish","format-standard","hentry","category-noutati-trupa-arcadia"],"aioseo_notices":[],"aioseo_head":"\n\t\t<!-- All in One SEO Pro 5.0.1.1 - aioseo.com -->\n\t<meta name=\"description\" content=\"Avem deosebita pl\u0103cere de a anun\u021ba o nou\u0103 premier\u0103 a Trupei Arcadia a Teatrului Regina Maria, \u0219i anume spectacolul de marionete ALB\u0102-CA-Z\u0102PADA (basm teatral de Traian Savinescu, dup\u0103 Fra\u021bii Grimm). Premiera va avea loc s\u00e2mb\u0103t\u0103, 22 septembrie, cu \u00eencepere de la ora 11, la sala proasp\u0103t renovat\u0103 a Trupei Arcadia. Spectacolul se va relua \u00een\" \/>\n\t<meta name=\"robots\" content=\"max-image-preview:large\" \/>\n\t<meta name=\"author\" content=\"Teatrul Regina Maria\"\/>\n\t<link rel=\"canonical\" href=\"https:\/\/www.teatrulreginamaria.ro\/hu\/premiera-alba-ca-zapada\/\" \/>\n\t<meta name=\"generator\" content=\"All in One SEO Pro (AIOSEO) 5.0.1.1\" \/>\n\t\t<meta property=\"og:locale\" content=\"hu_HU\" \/>\n\t\t<meta property=\"og:site_name\" content=\"Teatrul Regina Maria Oradea - Trupa Iosif Vulcan \u0219i Trupa Arcadia\" \/>\n\t\t<meta property=\"og:type\" content=\"article\" \/>\n\t\t<meta property=\"og:title\" content=\"PREMIER\u0102 \u2013 ALB\u0102 CA Z\u0102PADA - Teatrul Regina Maria Oradea\" \/>\n\t\t<meta property=\"og:description\" content=\"Avem deosebita pl\u0103cere de a anun\u021ba o nou\u0103 premier\u0103 a Trupei Arcadia a Teatrului Regina Maria, \u0219i anume spectacolul de marionete ALB\u0102-CA-Z\u0102PADA (basm teatral de Traian Savinescu, dup\u0103 Fra\u021bii Grimm). Premiera va avea loc s\u00e2mb\u0103t\u0103, 22 septembrie, cu \u00eencepere de la ora 11, la sala proasp\u0103t renovat\u0103 a Trupei Arcadia. Spectacolul se va relua \u00een\" \/>\n\t\t<meta property=\"og:url\" content=\"https:\/\/www.teatrulreginamaria.ro\/hu\/premiera-alba-ca-zapada\/\" \/>\n\t\t<meta property=\"og:image\" content=\"https:\/\/www.teatrulreginamaria.ro\/wp-content\/uploads\/2025\/03\/trm-istoric-01.jpg\" \/>\n\t\t<meta property=\"og:image:secure_url\" content=\"https:\/\/www.teatrulreginamaria.ro\/wp-content\/uploads\/2025\/03\/trm-istoric-01.jpg\" \/>\n\t\t<meta property=\"og:image:width\" content=\"1200\" \/>\n\t\t<meta property=\"og:image:height\" content=\"800\" \/>\n\t\t<meta property=\"article:published_time\" content=\"2012-09-21T09:34:38+00:00\" \/>\n\t\t<meta property=\"article:modified_time\" content=\"2012-09-21T09:34:38+00:00\" \/>\n\t\t<meta property=\"article:publisher\" content=\"https:\/\/www.facebook.com\/TRMTrupaIosifVulcan\/\" \/>\n\t\t<meta name=\"twitter:card\" content=\"summary_large_image\" \/>\n\t\t<meta name=\"twitter:site\" content=\"@TRMOradea\" \/>\n\t\t<meta name=\"twitter:title\" content=\"PREMIER\u0102 \u2013 ALB\u0102 CA Z\u0102PADA - Teatrul Regina Maria Oradea\" \/>\n\t\t<meta name=\"twitter:description\" content=\"Avem deosebita pl\u0103cere de a anun\u021ba o nou\u0103 premier\u0103 a Trupei Arcadia a Teatrului Regina Maria, \u0219i anume spectacolul de marionete ALB\u0102-CA-Z\u0102PADA (basm teatral de Traian Savinescu, dup\u0103 Fra\u021bii Grimm). Premiera va avea loc s\u00e2mb\u0103t\u0103, 22 septembrie, cu \u00eencepere de la ora 11, la sala proasp\u0103t renovat\u0103 a Trupei Arcadia. Spectacolul se va relua \u00een\" \/>\n\t\t<meta name=\"twitter:creator\" content=\"@TRMOradea\" \/>\n\t\t<meta name=\"twitter:image\" content=\"https:\/\/www.teatrulreginamaria.ro\/wp-content\/uploads\/2025\/03\/trm-istoric-01.jpg\" \/>\n\t\t<script type=\"application\/ld+json\" class=\"aioseo-schema\">\n\t\t\t{\"@context\":\"https:\\\/\\\/schema.org\",\"@graph\":[{\"@type\":\"BlogPosting\",\"@id\":\"https:\\\/\\\/www.teatrulreginamaria.ro\\\/hu\\\/premiera-alba-ca-zapada\\\/#blogposting\",\"name\":\"PREMIER\\u0102 \\u2013 ALB\\u0102 CA Z\\u0102PADA - Teatrul Regina Maria Oradea\",\"headline\":\"PREMIER\\u0102 &#8211; ALB\\u0102 CA Z\\u0102PADA\",\"author\":{\"@id\":\"https:\\\/\\\/www.teatrulreginamaria.ro\\\/hu\\\/author\\\/iulianm\\\/#author\"},\"publisher\":{\"@id\":\"https:\\\/\\\/www.teatrulreginamaria.ro\\\/hu\\\/#organization\"},\"image\":{\"@type\":\"ImageObject\",\"url\":\"https:\\\/\\\/www.teatrulreginamaria.ro\\\/wp-content\\\/uploads\\\/2025\\\/06\\\/logo-trm-01-dark.png\",\"@id\":\"https:\\\/\\\/www.teatrulreginamaria.ro\\\/hu\\\/#articleImage\",\"width\":300,\"height\":148},\"datePublished\":\"2012-09-21T09:34:38+03:00\",\"dateModified\":\"2012-09-21T09:34:38+03:00\",\"inLanguage\":\"hu-HU\",\"mainEntityOfPage\":{\"@id\":\"https:\\\/\\\/www.teatrulreginamaria.ro\\\/hu\\\/premiera-alba-ca-zapada\\\/#webpage\"},\"isPartOf\":{\"@id\":\"https:\\\/\\\/www.teatrulreginamaria.ro\\\/hu\\\/premiera-alba-ca-zapada\\\/#webpage\"},\"articleSection\":\"Nout\\u0103\\u021bi - Trupa Arcadia\"},{\"@type\":\"BreadcrumbList\",\"@id\":\"https:\\\/\\\/www.teatrulreginamaria.ro\\\/hu\\\/premiera-alba-ca-zapada\\\/#breadcrumblist\",\"itemListElement\":[{\"@type\":\"ListItem\",\"@id\":\"https:\\\/\\\/www.teatrulreginamaria.ro\\\/hu#listItem\",\"position\":1,\"name\":\"Home\",\"item\":\"https:\\\/\\\/www.teatrulreginamaria.ro\\\/hu\",\"nextItem\":{\"@type\":\"ListItem\",\"@id\":\"https:\\\/\\\/www.teatrulreginamaria.ro\\\/hu\\\/categorie\\\/noutati\\\/#listItem\",\"name\":\"Nout\\u0103\\u021bi\"}},{\"@type\":\"ListItem\",\"@id\":\"https:\\\/\\\/www.teatrulreginamaria.ro\\\/hu\\\/categorie\\\/noutati\\\/#listItem\",\"position\":2,\"name\":\"Nout\\u0103\\u021bi\",\"item\":\"https:\\\/\\\/www.teatrulreginamaria.ro\\\/hu\\\/categorie\\\/noutati\\\/\",\"nextItem\":{\"@type\":\"ListItem\",\"@id\":\"https:\\\/\\\/www.teatrulreginamaria.ro\\\/hu\\\/categorie\\\/noutati\\\/noutati-trupa-arcadia\\\/#listItem\",\"name\":\"Nout\\u0103\\u021bi - Trupa Arcadia\"},\"previousItem\":{\"@type\":\"ListItem\",\"@id\":\"https:\\\/\\\/www.teatrulreginamaria.ro\\\/hu#listItem\",\"name\":\"Home\"}},{\"@type\":\"ListItem\",\"@id\":\"https:\\\/\\\/www.teatrulreginamaria.ro\\\/hu\\\/categorie\\\/noutati\\\/noutati-trupa-arcadia\\\/#listItem\",\"position\":3,\"name\":\"Nout\\u0103\\u021bi - Trupa Arcadia\",\"item\":\"https:\\\/\\\/www.teatrulreginamaria.ro\\\/hu\\\/categorie\\\/noutati\\\/noutati-trupa-arcadia\\\/\",\"nextItem\":{\"@type\":\"ListItem\",\"@id\":\"https:\\\/\\\/www.teatrulreginamaria.ro\\\/hu\\\/premiera-alba-ca-zapada\\\/#listItem\",\"name\":\"PREMIER\\u0102 &#8211; ALB\\u0102 CA Z\\u0102PADA\"},\"previousItem\":{\"@type\":\"ListItem\",\"@id\":\"https:\\\/\\\/www.teatrulreginamaria.ro\\\/hu\\\/categorie\\\/noutati\\\/#listItem\",\"name\":\"Nout\\u0103\\u021bi\"}},{\"@type\":\"ListItem\",\"@id\":\"https:\\\/\\\/www.teatrulreginamaria.ro\\\/hu\\\/premiera-alba-ca-zapada\\\/#listItem\",\"position\":4,\"name\":\"PREMIER\\u0102 &#8211; ALB\\u0102 CA Z\\u0102PADA\",\"previousItem\":{\"@type\":\"ListItem\",\"@id\":\"https:\\\/\\\/www.teatrulreginamaria.ro\\\/hu\\\/categorie\\\/noutati\\\/noutati-trupa-arcadia\\\/#listItem\",\"name\":\"Nout\\u0103\\u021bi - Trupa Arcadia\"}}]},{\"@type\":\"Organization\",\"@id\":\"https:\\\/\\\/www.teatrulreginamaria.ro\\\/hu\\\/#organization\",\"name\":\"Teatrul Regina Maria Oradea\",\"description\":\"Trupa Iosif Vulcan \\u0219i Trupa Arcadia\",\"url\":\"https:\\\/\\\/www.teatrulreginamaria.ro\\\/hu\\\/\",\"email\":\"marketing@teatrulreginamaria.ro\",\"telephone\":\"+40359411534\",\"numberOfEmployees\":{\"@type\":\"QuantitativeValue\",\"minValue\":0,\"maxValue\":150},\"logo\":{\"@type\":\"ImageObject\",\"url\":\"https:\\\/\\\/www.teatrulreginamaria.ro\\\/wp-content\\\/uploads\\\/2025\\\/06\\\/logo-trm-01-dark.png\",\"@id\":\"https:\\\/\\\/www.teatrulreginamaria.ro\\\/hu\\\/premiera-alba-ca-zapada\\\/#organizationLogo\",\"width\":300,\"height\":148},\"image\":{\"@id\":\"https:\\\/\\\/www.teatrulreginamaria.ro\\\/hu\\\/premiera-alba-ca-zapada\\\/#organizationLogo\"},\"sameAs\":[\"https:\\\/\\\/www.facebook.com\\\/TRMTrupaIosifVulcan\\\/\",\"https:\\\/\\\/x.com\\\/TRMOradea\",\"https:\\\/\\\/www.instagram.com\\\/teatrul_regina_maria\\\/\",\"https:\\\/\\\/www.youtube.com\\\/c\\\/TeatrulReginaMariaOradea\",\"https:\\\/\\\/www.linkedin.com\\\/company\\\/teatrul-regina-maria\"]},{\"@type\":\"Person\",\"@id\":\"https:\\\/\\\/www.teatrulreginamaria.ro\\\/hu\\\/author\\\/iulianm\\\/#author\",\"url\":\"https:\\\/\\\/www.teatrulreginamaria.ro\\\/hu\\\/author\\\/iulianm\\\/\",\"name\":\"Teatrul Regina Maria\",\"image\":{\"@type\":\"ImageObject\",\"@id\":\"https:\\\/\\\/www.teatrulreginamaria.ro\\\/hu\\\/premiera-alba-ca-zapada\\\/#authorImage\",\"url\":\"https:\\\/\\\/secure.gravatar.com\\\/avatar\\\/49af75bc1b3eb710073d2f37927ea27e6c274a29562ef49edfc6bcf11b9e941d?s=96&d=mm&r=g\",\"width\":96,\"height\":96,\"caption\":\"Teatrul Regina Maria\"}},{\"@type\":\"WebPage\",\"@id\":\"https:\\\/\\\/www.teatrulreginamaria.ro\\\/hu\\\/premiera-alba-ca-zapada\\\/#webpage\",\"url\":\"https:\\\/\\\/www.teatrulreginamaria.ro\\\/hu\\\/premiera-alba-ca-zapada\\\/\",\"name\":\"PREMIER\\u0102 \\u2013 ALB\\u0102 CA Z\\u0102PADA - Teatrul Regina Maria Oradea\",\"description\":\"Avem deosebita pl\\u0103cere de a anun\\u021ba o nou\\u0103 premier\\u0103 a Trupei Arcadia a Teatrului Regina Maria, \\u0219i anume spectacolul de marionete ALB\\u0102-CA-Z\\u0102PADA (basm teatral de Traian Savinescu, dup\\u0103 Fra\\u021bii Grimm). Premiera va avea loc s\\u00e2mb\\u0103t\\u0103, 22 septembrie, cu \\u00eencepere de la ora 11, la sala proasp\\u0103t renovat\\u0103 a Trupei Arcadia. Spectacolul se va relua \\u00een\",\"inLanguage\":\"hu-HU\",\"isPartOf\":{\"@id\":\"https:\\\/\\\/www.teatrulreginamaria.ro\\\/hu\\\/#website\"},\"breadcrumb\":{\"@id\":\"https:\\\/\\\/www.teatrulreginamaria.ro\\\/hu\\\/premiera-alba-ca-zapada\\\/#breadcrumblist\"},\"author\":{\"@id\":\"https:\\\/\\\/www.teatrulreginamaria.ro\\\/hu\\\/author\\\/iulianm\\\/#author\"},\"creator\":{\"@id\":\"https:\\\/\\\/www.teatrulreginamaria.ro\\\/hu\\\/author\\\/iulianm\\\/#author\"},\"datePublished\":\"2012-09-21T09:34:38+03:00\",\"dateModified\":\"2012-09-21T09:34:38+03:00\"},{\"@type\":\"WebSite\",\"@id\":\"https:\\\/\\\/www.teatrulreginamaria.ro\\\/hu\\\/#website\",\"url\":\"https:\\\/\\\/www.teatrulreginamaria.ro\\\/hu\\\/\",\"name\":\"Teatrul Regina Maria Oradea\",\"alternateName\":\"TRM Oradea\",\"description\":\"Trupa Iosif Vulcan \\u0219i Trupa Arcadia\",\"inLanguage\":\"hu-HU\",\"publisher\":{\"@id\":\"https:\\\/\\\/www.teatrulreginamaria.ro\\\/hu\\\/#organization\"}}]}\n\t\t<\/script>\n\t\t<!-- All in One SEO Pro -->\r\n\t\t<title>PREMIER\u0102 \u2013 ALB\u0102 CA Z\u0102PADA - Teatrul Regina Maria Oradea<\/title>\n\n","aioseo_head_json":{"title":"PREMIER \u2013 H\u00d3FEH\u00c9R - Regina Maria Sz\u00ednh\u00e1z Nagyv\u00e1radi","description":"\u00d6r\u00f6mmel jelentj\u00fck be a Regina Maria Sz\u00ednh\u00e1z Arcadia T\u00e1rsulat\u00e1nak \u00faj premierj\u00e9t, a H\u00d3FEH\u00c9RKE b\u00e1bel\u0151ad\u00e1st (Traian Savinescu sz\u00ednh\u00e1zi mes\u00e9je, Grimm testv\u00e9rek alapj\u00e1n). A premierre szeptember 22-\u00e9n, szombaton, 11 \u00f3rakor ker\u00fcl sor az Arcadia T\u00e1rsulat fel\u00faj\u00edtott term\u00e9ben. Az el\u0151ad\u00e1s a k\u00f6vetkez\u0151 id\u0151pontban folytat\u00f3dik:","canonical_url":"https:\/\/www.teatrulreginamaria.ro\/hu\/premiera-alba-ca-zapada\/","robots":"max-image-preview:large","keywords":"","webmasterTools":{"miscellaneous":""},"schema":{"@context":"https:\/\/schema.org","@graph":[{"@type":"BlogPosting","@id":"https:\/\/www.teatrulreginamaria.ro\/hu\/premiera-alba-ca-zapada\/#blogposting","name":"PREMIER\u0102 \u2013 ALB\u0102 CA Z\u0102PADA - Teatrul Regina Maria Oradea","headline":"PREMIER\u0102 &#8211; ALB\u0102 CA Z\u0102PADA","author":{"@id":"https:\/\/www.teatrulreginamaria.ro\/hu\/author\/iulianm\/#author"},"publisher":{"@id":"https:\/\/www.teatrulreginamaria.ro\/hu\/#organization"},"image":{"@type":"ImageObject","url":"https:\/\/www.teatrulreginamaria.ro\/wp-content\/uploads\/2025\/06\/logo-trm-01-dark.png","@id":"https:\/\/www.teatrulreginamaria.ro\/hu\/#articleImage","width":300,"height":148},"datePublished":"2012-09-21T09:34:38+03:00","dateModified":"2012-09-21T09:34:38+03:00","inLanguage":"hu-HU","mainEntityOfPage":{"@id":"https:\/\/www.teatrulreginamaria.ro\/hu\/premiera-alba-ca-zapada\/#webpage"},"isPartOf":{"@id":"https:\/\/www.teatrulreginamaria.ro\/hu\/premiera-alba-ca-zapada\/#webpage"},"articleSection":"Nout\u0103\u021bi - Trupa Arcadia"},{"@type":"BreadcrumbList","@id":"https:\/\/www.teatrulreginamaria.ro\/hu\/premiera-alba-ca-zapada\/#breadcrumblist","itemListElement":[{"@type":"ListItem","@id":"https:\/\/www.teatrulreginamaria.ro\/hu#listItem","position":1,"name":"Home","item":"https:\/\/www.teatrulreginamaria.ro\/hu","nextItem":{"@type":"ListItem","@id":"https:\/\/www.teatrulreginamaria.ro\/hu\/categorie\/noutati\/#listItem","name":"Nout\u0103\u021bi"}},{"@type":"ListItem","@id":"https:\/\/www.teatrulreginamaria.ro\/hu\/categorie\/noutati\/#listItem","position":2,"name":"Nout\u0103\u021bi","item":"https:\/\/www.teatrulreginamaria.ro\/hu\/categorie\/noutati\/","nextItem":{"@type":"ListItem","@id":"https:\/\/www.teatrulreginamaria.ro\/hu\/categorie\/noutati\/noutati-trupa-arcadia\/#listItem","name":"Nout\u0103\u021bi - Trupa Arcadia"},"previousItem":{"@type":"ListItem","@id":"https:\/\/www.teatrulreginamaria.ro\/hu#listItem","name":"Home"}},{"@type":"ListItem","@id":"https:\/\/www.teatrulreginamaria.ro\/hu\/categorie\/noutati\/noutati-trupa-arcadia\/#listItem","position":3,"name":"Nout\u0103\u021bi - Trupa Arcadia","item":"https:\/\/www.teatrulreginamaria.ro\/hu\/categorie\/noutati\/noutati-trupa-arcadia\/","nextItem":{"@type":"ListItem","@id":"https:\/\/www.teatrulreginamaria.ro\/hu\/premiera-alba-ca-zapada\/#listItem","name":"PREMIER\u0102 &#8211; ALB\u0102 CA Z\u0102PADA"},"previousItem":{"@type":"ListItem","@id":"https:\/\/www.teatrulreginamaria.ro\/hu\/categorie\/noutati\/#listItem","name":"Nout\u0103\u021bi"}},{"@type":"ListItem","@id":"https:\/\/www.teatrulreginamaria.ro\/hu\/premiera-alba-ca-zapada\/#listItem","position":4,"name":"PREMIER\u0102 &#8211; ALB\u0102 CA Z\u0102PADA","previousItem":{"@type":"ListItem","@id":"https:\/\/www.teatrulreginamaria.ro\/hu\/categorie\/noutati\/noutati-trupa-arcadia\/#listItem","name":"Nout\u0103\u021bi - Trupa Arcadia"}}]},{"@type":"Organization","@id":"https:\/\/www.teatrulreginamaria.ro\/hu\/#organization","name":"Teatrul Regina Maria Oradea","description":"Trupa Iosif Vulcan \u0219i Trupa Arcadia","url":"https:\/\/www.teatrulreginamaria.ro\/hu\/","email":"marketing@teatrulreginamaria.ro","telephone":"+40359411534","numberOfEmployees":{"@type":"QuantitativeValue","minValue":0,"maxValue":150},"logo":{"@type":"ImageObject","url":"https:\/\/www.teatrulreginamaria.ro\/wp-content\/uploads\/2025\/06\/logo-trm-01-dark.png","@id":"https:\/\/www.teatrulreginamaria.ro\/hu\/premiera-alba-ca-zapada\/#organizationLogo","width":300,"height":148},"image":{"@id":"https:\/\/www.teatrulreginamaria.ro\/hu\/premiera-alba-ca-zapada\/#organizationLogo"},"sameAs":["https:\/\/www.facebook.com\/TRMTrupaIosifVulcan\/","https:\/\/x.com\/TRMOradea","https:\/\/www.instagram.com\/teatrul_regina_maria\/","https:\/\/www.youtube.com\/c\/TeatrulReginaMariaOradea","https:\/\/www.linkedin.com\/company\/teatrul-regina-maria"]},{"@type":"Person","@id":"https:\/\/www.teatrulreginamaria.ro\/hu\/author\/iulianm\/#author","url":"https:\/\/www.teatrulreginamaria.ro\/hu\/author\/iulianm\/","name":"Teatrul Regina Maria","image":{"@type":"ImageObject","@id":"https:\/\/www.teatrulreginamaria.ro\/hu\/premiera-alba-ca-zapada\/#authorImage","url":"https:\/\/secure.gravatar.com\/avatar\/49af75bc1b3eb710073d2f37927ea27e6c274a29562ef49edfc6bcf11b9e941d?s=96&d=mm&r=g","width":96,"height":96,"caption":"Teatrul Regina Maria"}},{"@type":"WebPage","@id":"https:\/\/www.teatrulreginamaria.ro\/hu\/premiera-alba-ca-zapada\/#webpage","url":"https:\/\/www.teatrulreginamaria.ro\/hu\/premiera-alba-ca-zapada\/","name":"PREMIER\u0102 \u2013 ALB\u0102 CA Z\u0102PADA - Teatrul Regina Maria Oradea","description":"Avem deosebita pl\u0103cere de a anun\u021ba o nou\u0103 premier\u0103 a Trupei Arcadia a Teatrului Regina Maria, \u0219i anume spectacolul de marionete ALB\u0102-CA-Z\u0102PADA (basm teatral de Traian Savinescu, dup\u0103 Fra\u021bii Grimm). Premiera va avea loc s\u00e2mb\u0103t\u0103, 22 septembrie, cu \u00eencepere de la ora 11, la sala proasp\u0103t renovat\u0103 a Trupei Arcadia. Spectacolul se va relua \u00een","inLanguage":"hu-HU","isPartOf":{"@id":"https:\/\/www.teatrulreginamaria.ro\/hu\/#website"},"breadcrumb":{"@id":"https:\/\/www.teatrulreginamaria.ro\/hu\/premiera-alba-ca-zapada\/#breadcrumblist"},"author":{"@id":"https:\/\/www.teatrulreginamaria.ro\/hu\/author\/iulianm\/#author"},"creator":{"@id":"https:\/\/www.teatrulreginamaria.ro\/hu\/author\/iulianm\/#author"},"datePublished":"2012-09-21T09:34:38+03:00","dateModified":"2012-09-21T09:34:38+03:00"},{"@type":"WebSite","@id":"https:\/\/www.teatrulreginamaria.ro\/hu\/#website","url":"https:\/\/www.teatrulreginamaria.ro\/hu\/","name":"Teatrul Regina Maria Oradea","alternateName":"TRM Oradea","description":"Trupa Iosif Vulcan \u0219i Trupa Arcadia","inLanguage":"hu-HU","publisher":{"@id":"https:\/\/www.teatrulreginamaria.ro\/hu\/#organization"}}]},"og:locale":"hu_HU","og:site_name":"Teatrul Regina Maria Oradea - Trupa Iosif Vulcan \u0219i Trupa Arcadia","og:type":"article","og:title":"PREMIER\u0102 \u2013 ALB\u0102 CA Z\u0102PADA - Teatrul Regina Maria Oradea","og:description":"Avem deosebita pl\u0103cere de a anun\u021ba o nou\u0103 premier\u0103 a Trupei Arcadia a Teatrului Regina Maria, \u0219i anume spectacolul de marionete ALB\u0102-CA-Z\u0102PADA (basm teatral de Traian Savinescu, dup\u0103 Fra\u021bii Grimm). Premiera va avea loc s\u00e2mb\u0103t\u0103, 22 septembrie, cu \u00eencepere de la ora 11, la sala proasp\u0103t renovat\u0103 a Trupei Arcadia. Spectacolul se va relua \u00een","og:url":"https:\/\/www.teatrulreginamaria.ro\/hu\/premiera-alba-ca-zapada\/","og:image":"https:\/\/www.teatrulreginamaria.ro\/wp-content\/uploads\/2025\/03\/trm-istoric-01.jpg","og:image:secure_url":"https:\/\/www.teatrulreginamaria.ro\/wp-content\/uploads\/2025\/03\/trm-istoric-01.jpg","og:image:width":1200,"og:image:height":800,"article:published_time":"2012-09-21T09:34:38+00:00","article:modified_time":"2012-09-21T09:34:38+00:00","article:publisher":"https:\/\/www.facebook.com\/TRMTrupaIosifVulcan\/","twitter:card":"summary_large_image","twitter:site":"@TRMOradea","twitter:title":"PREMIER\u0102 \u2013 ALB\u0102 CA Z\u0102PADA - Teatrul Regina Maria Oradea","twitter:description":"Avem deosebita pl\u0103cere de a anun\u021ba o nou\u0103 premier\u0103 a Trupei Arcadia a Teatrului Regina Maria, \u0219i anume spectacolul de marionete ALB\u0102-CA-Z\u0102PADA (basm teatral de Traian Savinescu, dup\u0103 Fra\u021bii Grimm). Premiera va avea loc s\u00e2mb\u0103t\u0103, 22 septembrie, cu \u00eencepere de la ora 11, la sala proasp\u0103t renovat\u0103 a Trupei Arcadia. Spectacolul se va relua \u00een","twitter:creator":"@TRMOradea","twitter:image":"https:\/\/www.teatrulreginamaria.ro\/wp-content\/uploads\/2025\/03\/trm-istoric-01.jpg"},"aioseo_meta_data":{"post_id":"1618","title":null,"description":null,"keywords":null,"keyphrases":null,"primary_term":null,"canonical_url":null,"og_title":null,"og_description":null,"og_object_type":"default","og_image_type":"default","og_image_url":null,"og_image_width":null,"og_image_height":null,"og_image_custom_url":null,"og_image_custom_fields":null,"og_video":null,"og_custom_url":null,"og_article_section":null,"og_article_tags":null,"twitter_use_og":false,"twitter_card":"default","twitter_image_type":"default","twitter_image_url":null,"twitter_image_custom_url":null,"twitter_image_custom_fields":null,"twitter_title":null,"twitter_description":null,"schema":{"blockGraphs":[],"customGraphs":[],"default":{"data":{"Article":[],"Course":[],"Dataset":[],"FAQPage":[],"Movie":[],"Person":[],"Product":[],"ProductReview":[],"Car":[],"Recipe":[],"Service":[],"SoftwareApplication":[],"WebPage":[]},"graphName":"","isEnabled":true},"graphs":[]},"schema_type":"default","schema_type_options":null,"pillar_content":false,"robots_default":true,"robots_noindex":false,"robots_noarchive":false,"robots_nosnippet":false,"robots_nofollow":false,"robots_noimageindex":false,"robots_noodp":false,"robots_notranslate":false,"robots_max_snippet":null,"robots_max_videopreview":null,"robots_max_imagepreview":"large","priority":null,"frequency":null,"local_seo":null,"seo_analyzer_scan_date":"2026-05-12 23:36:39","breadcrumb_settings":null,"limit_modified_date":false,"reviewed_by":null,"open_ai":null,"ai":null,"created":"2025-04-09 17:40:54","updated":"2026-05-12 23:36:39","focus_keyword":null,"additional_keywords":null,"truseo_locale":null},"aioseo_breadcrumb":"<div class=\"aioseo-breadcrumbs\"><span class=\"aioseo-breadcrumb\">\n\t<a href=\"https:\/\/www.teatrulreginamaria.ro\/hu\" title=\"Home\">Home<\/a>\n<\/span><span class=\"aioseo-breadcrumb-separator\">&raquo;<\/span><span class=\"aioseo-breadcrumb\">\n\t<a href=\"https:\/\/www.teatrulreginamaria.ro\/hu\/categorie\/noutati\/\" title=\"Nout\u0103\u021bi\">Nout\u0103\u021bi<\/a>\n<\/span><span class=\"aioseo-breadcrumb-separator\">&raquo;<\/span><span class=\"aioseo-breadcrumb\">\n\t<a href=\"https:\/\/www.teatrulreginamaria.ro\/hu\/categorie\/noutati\/noutati-trupa-arcadia\/\" title=\"Nout\u0103\u021bi - Trupa Arcadia\">Nout\u0103\u021bi - Trupa Arcadia<\/a>\n<\/span><span class=\"aioseo-breadcrumb-separator\">&raquo;<\/span><span class=\"aioseo-breadcrumb\">\n\tPREMIER\u0102 \u2013 ALB\u0102 CA Z\u0102PADA\n<\/span><\/div>","aioseo_breadcrumb_json":[{"label":"Home","link":"https:\/\/www.teatrulreginamaria.ro\/hu"},{"label":"Nout\u0103\u021bi","link":"https:\/\/www.teatrulreginamaria.ro\/hu\/categorie\/noutati\/"},{"label":"Nout\u0103\u021bi - Trupa Arcadia","link":"https:\/\/www.teatrulreginamaria.ro\/hu\/categorie\/noutati\/noutati-trupa-arcadia\/"},{"label":"PREMIER\u0102 &#8211; ALB\u0102 CA Z\u0102PADA","link":"https:\/\/www.teatrulreginamaria.ro\/hu\/premiera-alba-ca-zapada\/"}],"acf":[],"_links":{"self":[{"href":"https:\/\/www.teatrulreginamaria.ro\/hu\/wp-json\/wp\/v2\/posts\/1618","targetHints":{"allow":["GET"]}}],"collection":[{"href":"https:\/\/www.teatrulreginamaria.ro\/hu\/wp-json\/wp\/v2\/posts"}],"about":[{"href":"https:\/\/www.teatrulreginamaria.ro\/hu\/wp-json\/wp\/v2\/types\/post"}],"author":[{"embeddable":true,"href":"https:\/\/www.teatrulreginamaria.ro\/hu\/wp-json\/wp\/v2\/users\/1"}],"replies":[{"embeddable":true,"href":"https:\/\/www.teatrulreginamaria.ro\/hu\/wp-json\/wp\/v2\/comments?post=1618"}],"version-history":[{"count":0,"href":"https:\/\/www.teatrulreginamaria.ro\/hu\/wp-json\/wp\/v2\/posts\/1618\/revisions"}],"wp:attachment":[{"href":"https:\/\/www.teatrulreginamaria.ro\/hu\/wp-json\/wp\/v2\/media?parent=1618"}],"wp:term":[{"taxonomy":"category","embeddable":true,"href":"https:\/\/www.teatrulreginamaria.ro\/hu\/wp-json\/wp\/v2\/categories?post=1618"},{"taxonomy":"post_tag","embeddable":true,"href":"https:\/\/www.teatrulreginamaria.ro\/hu\/wp-json\/wp\/v2\/tags?post=1618"}],"curies":[{"name":"munkaf\u00fczet","href":"https:\/\/api.w.org\/{rel}","templated":true}]}}