{"id":1653,"date":"2013-10-09T06:26:33","date_gmt":"2013-10-09T06:26:33","guid":{"rendered":"https:\/\/teatrulreginamaria.ro\/2013\/10\/09\/seara-de-povesti-cu-marlena-prigoreanu-si-ioana-dagau\/"},"modified":"2013-10-09T06:26:33","modified_gmt":"2013-10-09T06:26:33","slug":"mesemondo-est-marlena-prigoreanuval-es-ioana-dagauval","status":"publish","type":"post","link":"https:\/\/www.teatrulreginamaria.ro\/hu\/seara-de-povesti-cu-marlena-prigoreanu-si-ioana-dagau\/","title":{"rendered":"MES\u00c9L\u0150 EST MARLENA PRIGOREANUVAL \u00c9S IOANA DAG\u0102UVAL"},"content":{"rendered":"<p style=\"text-align: justify;\">Sz\u00fcl\u0151k \u00e9s gyerekek, egy k\u00fcl\u00f6nleges bejelent\u00e9s\u00fcnk van sz\u00e1motokra!<\/p>\n<p><!--more--><\/p>\n<p style=\"text-align: justify;\">Okt\u00f3ber 10-\u00e9n, cs\u00fct\u00f6rt\u00f6k\u00f6n 17 \u00f3r\u00e1t\u00f3l az Arcadia Teremben MES\u00c9L\u0150 EST\u00c9RE h\u00edvunk mindenkit az Arcadia T\u00e1rsulat k\u00f6zkedvelt sz\u00edn\u00e9szn\u0151ivel, Marlena Prigoreanuval \u00e9s Ioana Dag\u0103uval. A rendezv\u00e9nyt a Pro Cariere Szem\u00e9lyis\u00e9gfejleszt\u0151 K\u00f6zpont t\u00e1mogat\u00e1s\u00e1val szervezz\u00fck.<\/p>\n<p style=\"text-align: justify;\">Jegyek az esem\u00e9ny el\u0151tt egy \u00f3r\u00e1val v\u00e1s\u00e1rolhat\u00f3k az Arcadia Csarnok el\u0151csarnok\u00e1ban. A jegyek \u00e1ra 5 lej gyerekeknek, 10 lej feln\u0151tteknek.<\/p>\n<p style=\"text-align: justify;\">V\u00e1rjuk \u00d6nt!<\/p>","protected":false},"excerpt":{"rendered":"<p>Sz\u00fcl\u0151k \u00e9s gyerekek, egy k\u00fcl\u00f6nleges bejelent\u00e9s\u00fcnk van sz\u00e1motokra!<\/p>","protected":false},"author":1,"featured_media":0,"comment_status":"open","ping_status":"open","sticky":false,"template":"","format":"standard","meta":{"_acf_changed":false,"footnotes":""},"categories":[37],"tags":[],"class_list":["post-1653","post","type-post","status-publish","format-standard","hentry","category-noutati-trupa-arcadia"],"aioseo_notices":[],"aioseo_head":"\n\t\t<!-- All in One SEO Pro 5.0.1.1 - aioseo.com -->\n\t<meta name=\"description\" content=\"P\u0103rin\u0163i \u015fi copii, avem un anun\u0163 deosebit pentru voi! Joi, 10 octombrie, de la ora 17 la Sala Arcadia v\u0103 invit\u0103m la o SEAR\u0102 DE POVE\u015eTI al\u0103turi de \u00eendr\u0103gitele actri\u0163e ale Trupei Arcadia, Marlena Prigoreanu \u015fi Ioana Dag\u0103u. Evenimentul este organizat cu sprijinul Centrullui de dezvoltare personal\u0103 Pro Cariere. Biletele se pot achizi\u0163iona cu o\" \/>\n\t<meta name=\"robots\" content=\"max-image-preview:large\" \/>\n\t<meta name=\"author\" content=\"Teatrul Regina Maria\"\/>\n\t<link rel=\"canonical\" href=\"https:\/\/www.teatrulreginamaria.ro\/hu\/seara-de-povesti-cu-marlena-prigoreanu-si-ioana-dagau\/\" \/>\n\t<meta name=\"generator\" content=\"All in One SEO Pro (AIOSEO) 5.0.1.1\" \/>\n\t\t<meta property=\"og:locale\" content=\"hu_HU\" \/>\n\t\t<meta property=\"og:site_name\" content=\"Teatrul Regina Maria Oradea - Trupa Iosif Vulcan \u0219i Trupa Arcadia\" \/>\n\t\t<meta property=\"og:type\" content=\"article\" \/>\n\t\t<meta property=\"og:title\" content=\"SEAR\u0102 DE POVE\u015eTI CU MARLENA PRIGOREANU \u015eI IOANA DAG\u0102U - Teatrul Regina Maria Oradea\" \/>\n\t\t<meta property=\"og:description\" content=\"P\u0103rin\u0163i \u015fi copii, avem un anun\u0163 deosebit pentru voi! Joi, 10 octombrie, de la ora 17 la Sala Arcadia v\u0103 invit\u0103m la o SEAR\u0102 DE POVE\u015eTI al\u0103turi de \u00eendr\u0103gitele actri\u0163e ale Trupei Arcadia, Marlena Prigoreanu \u015fi Ioana Dag\u0103u. Evenimentul este organizat cu sprijinul Centrullui de dezvoltare personal\u0103 Pro Cariere. Biletele se pot achizi\u0163iona cu o\" \/>\n\t\t<meta property=\"og:url\" content=\"https:\/\/www.teatrulreginamaria.ro\/hu\/seara-de-povesti-cu-marlena-prigoreanu-si-ioana-dagau\/\" \/>\n\t\t<meta property=\"og:image\" content=\"https:\/\/www.teatrulreginamaria.ro\/wp-content\/uploads\/2025\/03\/trm-istoric-01.jpg\" \/>\n\t\t<meta property=\"og:image:secure_url\" content=\"https:\/\/www.teatrulreginamaria.ro\/wp-content\/uploads\/2025\/03\/trm-istoric-01.jpg\" \/>\n\t\t<meta property=\"og:image:width\" content=\"1200\" \/>\n\t\t<meta property=\"og:image:height\" content=\"800\" \/>\n\t\t<meta property=\"article:published_time\" content=\"2013-10-09T06:26:33+00:00\" \/>\n\t\t<meta property=\"article:modified_time\" content=\"2013-10-09T06:26:33+00:00\" \/>\n\t\t<meta property=\"article:publisher\" content=\"https:\/\/www.facebook.com\/TRMTrupaIosifVulcan\/\" \/>\n\t\t<meta name=\"twitter:card\" content=\"summary_large_image\" \/>\n\t\t<meta name=\"twitter:site\" content=\"@TRMOradea\" \/>\n\t\t<meta name=\"twitter:title\" content=\"SEAR\u0102 DE POVE\u015eTI CU MARLENA PRIGOREANU \u015eI IOANA DAG\u0102U - Teatrul Regina Maria Oradea\" \/>\n\t\t<meta name=\"twitter:description\" content=\"P\u0103rin\u0163i \u015fi copii, avem un anun\u0163 deosebit pentru voi! Joi, 10 octombrie, de la ora 17 la Sala Arcadia v\u0103 invit\u0103m la o SEAR\u0102 DE POVE\u015eTI al\u0103turi de \u00eendr\u0103gitele actri\u0163e ale Trupei Arcadia, Marlena Prigoreanu \u015fi Ioana Dag\u0103u. Evenimentul este organizat cu sprijinul Centrullui de dezvoltare personal\u0103 Pro Cariere. Biletele se pot achizi\u0163iona cu o\" \/>\n\t\t<meta name=\"twitter:creator\" content=\"@TRMOradea\" \/>\n\t\t<meta name=\"twitter:image\" content=\"https:\/\/www.teatrulreginamaria.ro\/wp-content\/uploads\/2025\/03\/trm-istoric-01.jpg\" \/>\n\t\t<script type=\"application\/ld+json\" class=\"aioseo-schema\">\n\t\t\t{\"@context\":\"https:\\\/\\\/schema.org\",\"@graph\":[{\"@type\":\"BlogPosting\",\"@id\":\"https:\\\/\\\/www.teatrulreginamaria.ro\\\/hu\\\/seara-de-povesti-cu-marlena-prigoreanu-si-ioana-dagau\\\/#blogposting\",\"name\":\"SEAR\\u0102 DE POVE\\u015eTI CU MARLENA PRIGOREANU \\u015eI IOANA DAG\\u0102U - Teatrul Regina Maria Oradea\",\"headline\":\"SEAR\\u0102 DE POVE\\u015eTI CU MARLENA PRIGOREANU \\u015eI IOANA DAG\\u0102U\",\"author\":{\"@id\":\"https:\\\/\\\/www.teatrulreginamaria.ro\\\/hu\\\/author\\\/iulianm\\\/#author\"},\"publisher\":{\"@id\":\"https:\\\/\\\/www.teatrulreginamaria.ro\\\/hu\\\/#organization\"},\"image\":{\"@type\":\"ImageObject\",\"url\":\"https:\\\/\\\/www.teatrulreginamaria.ro\\\/wp-content\\\/uploads\\\/2025\\\/06\\\/logo-trm-01-dark.png\",\"@id\":\"https:\\\/\\\/www.teatrulreginamaria.ro\\\/hu\\\/#articleImage\",\"width\":300,\"height\":148},\"datePublished\":\"2013-10-09T06:26:33+03:00\",\"dateModified\":\"2013-10-09T06:26:33+03:00\",\"inLanguage\":\"hu-HU\",\"mainEntityOfPage\":{\"@id\":\"https:\\\/\\\/www.teatrulreginamaria.ro\\\/hu\\\/seara-de-povesti-cu-marlena-prigoreanu-si-ioana-dagau\\\/#webpage\"},\"isPartOf\":{\"@id\":\"https:\\\/\\\/www.teatrulreginamaria.ro\\\/hu\\\/seara-de-povesti-cu-marlena-prigoreanu-si-ioana-dagau\\\/#webpage\"},\"articleSection\":\"Nout\\u0103\\u021bi - Trupa Arcadia\"},{\"@type\":\"BreadcrumbList\",\"@id\":\"https:\\\/\\\/www.teatrulreginamaria.ro\\\/hu\\\/seara-de-povesti-cu-marlena-prigoreanu-si-ioana-dagau\\\/#breadcrumblist\",\"itemListElement\":[{\"@type\":\"ListItem\",\"@id\":\"https:\\\/\\\/www.teatrulreginamaria.ro\\\/hu#listItem\",\"position\":1,\"name\":\"Home\",\"item\":\"https:\\\/\\\/www.teatrulreginamaria.ro\\\/hu\",\"nextItem\":{\"@type\":\"ListItem\",\"@id\":\"https:\\\/\\\/www.teatrulreginamaria.ro\\\/hu\\\/categorie\\\/noutati\\\/#listItem\",\"name\":\"Nout\\u0103\\u021bi\"}},{\"@type\":\"ListItem\",\"@id\":\"https:\\\/\\\/www.teatrulreginamaria.ro\\\/hu\\\/categorie\\\/noutati\\\/#listItem\",\"position\":2,\"name\":\"Nout\\u0103\\u021bi\",\"item\":\"https:\\\/\\\/www.teatrulreginamaria.ro\\\/hu\\\/categorie\\\/noutati\\\/\",\"nextItem\":{\"@type\":\"ListItem\",\"@id\":\"https:\\\/\\\/www.teatrulreginamaria.ro\\\/hu\\\/categorie\\\/noutati\\\/noutati-trupa-arcadia\\\/#listItem\",\"name\":\"Nout\\u0103\\u021bi - Trupa Arcadia\"},\"previousItem\":{\"@type\":\"ListItem\",\"@id\":\"https:\\\/\\\/www.teatrulreginamaria.ro\\\/hu#listItem\",\"name\":\"Home\"}},{\"@type\":\"ListItem\",\"@id\":\"https:\\\/\\\/www.teatrulreginamaria.ro\\\/hu\\\/categorie\\\/noutati\\\/noutati-trupa-arcadia\\\/#listItem\",\"position\":3,\"name\":\"Nout\\u0103\\u021bi - Trupa Arcadia\",\"item\":\"https:\\\/\\\/www.teatrulreginamaria.ro\\\/hu\\\/categorie\\\/noutati\\\/noutati-trupa-arcadia\\\/\",\"nextItem\":{\"@type\":\"ListItem\",\"@id\":\"https:\\\/\\\/www.teatrulreginamaria.ro\\\/hu\\\/seara-de-povesti-cu-marlena-prigoreanu-si-ioana-dagau\\\/#listItem\",\"name\":\"SEAR\\u0102 DE POVE\\u015eTI CU MARLENA PRIGOREANU \\u015eI IOANA DAG\\u0102U\"},\"previousItem\":{\"@type\":\"ListItem\",\"@id\":\"https:\\\/\\\/www.teatrulreginamaria.ro\\\/hu\\\/categorie\\\/noutati\\\/#listItem\",\"name\":\"Nout\\u0103\\u021bi\"}},{\"@type\":\"ListItem\",\"@id\":\"https:\\\/\\\/www.teatrulreginamaria.ro\\\/hu\\\/seara-de-povesti-cu-marlena-prigoreanu-si-ioana-dagau\\\/#listItem\",\"position\":4,\"name\":\"SEAR\\u0102 DE POVE\\u015eTI CU MARLENA PRIGOREANU \\u015eI IOANA DAG\\u0102U\",\"previousItem\":{\"@type\":\"ListItem\",\"@id\":\"https:\\\/\\\/www.teatrulreginamaria.ro\\\/hu\\\/categorie\\\/noutati\\\/noutati-trupa-arcadia\\\/#listItem\",\"name\":\"Nout\\u0103\\u021bi - Trupa Arcadia\"}}]},{\"@type\":\"Organization\",\"@id\":\"https:\\\/\\\/www.teatrulreginamaria.ro\\\/hu\\\/#organization\",\"name\":\"Teatrul Regina Maria Oradea\",\"description\":\"Trupa Iosif Vulcan \\u0219i Trupa Arcadia\",\"url\":\"https:\\\/\\\/www.teatrulreginamaria.ro\\\/hu\\\/\",\"email\":\"marketing@teatrulreginamaria.ro\",\"telephone\":\"+40359411534\",\"numberOfEmployees\":{\"@type\":\"QuantitativeValue\",\"minValue\":0,\"maxValue\":150},\"logo\":{\"@type\":\"ImageObject\",\"url\":\"https:\\\/\\\/www.teatrulreginamaria.ro\\\/wp-content\\\/uploads\\\/2025\\\/06\\\/logo-trm-01-dark.png\",\"@id\":\"https:\\\/\\\/www.teatrulreginamaria.ro\\\/hu\\\/seara-de-povesti-cu-marlena-prigoreanu-si-ioana-dagau\\\/#organizationLogo\",\"width\":300,\"height\":148},\"image\":{\"@id\":\"https:\\\/\\\/www.teatrulreginamaria.ro\\\/hu\\\/seara-de-povesti-cu-marlena-prigoreanu-si-ioana-dagau\\\/#organizationLogo\"},\"sameAs\":[\"https:\\\/\\\/www.facebook.com\\\/TRMTrupaIosifVulcan\\\/\",\"https:\\\/\\\/x.com\\\/TRMOradea\",\"https:\\\/\\\/www.instagram.com\\\/teatrul_regina_maria\\\/\",\"https:\\\/\\\/www.youtube.com\\\/c\\\/TeatrulReginaMariaOradea\",\"https:\\\/\\\/www.linkedin.com\\\/company\\\/teatrul-regina-maria\"]},{\"@type\":\"Person\",\"@id\":\"https:\\\/\\\/www.teatrulreginamaria.ro\\\/hu\\\/author\\\/iulianm\\\/#author\",\"url\":\"https:\\\/\\\/www.teatrulreginamaria.ro\\\/hu\\\/author\\\/iulianm\\\/\",\"name\":\"Teatrul Regina Maria\",\"image\":{\"@type\":\"ImageObject\",\"@id\":\"https:\\\/\\\/www.teatrulreginamaria.ro\\\/hu\\\/seara-de-povesti-cu-marlena-prigoreanu-si-ioana-dagau\\\/#authorImage\",\"url\":\"https:\\\/\\\/secure.gravatar.com\\\/avatar\\\/49af75bc1b3eb710073d2f37927ea27e6c274a29562ef49edfc6bcf11b9e941d?s=96&d=mm&r=g\",\"width\":96,\"height\":96,\"caption\":\"Teatrul Regina Maria\"}},{\"@type\":\"WebPage\",\"@id\":\"https:\\\/\\\/www.teatrulreginamaria.ro\\\/hu\\\/seara-de-povesti-cu-marlena-prigoreanu-si-ioana-dagau\\\/#webpage\",\"url\":\"https:\\\/\\\/www.teatrulreginamaria.ro\\\/hu\\\/seara-de-povesti-cu-marlena-prigoreanu-si-ioana-dagau\\\/\",\"name\":\"SEAR\\u0102 DE POVE\\u015eTI CU MARLENA PRIGOREANU \\u015eI IOANA DAG\\u0102U - Teatrul Regina Maria Oradea\",\"description\":\"P\\u0103rin\\u0163i \\u015fi copii, avem un anun\\u0163 deosebit pentru voi! Joi, 10 octombrie, de la ora 17 la Sala Arcadia v\\u0103 invit\\u0103m la o SEAR\\u0102 DE POVE\\u015eTI al\\u0103turi de \\u00eendr\\u0103gitele actri\\u0163e ale Trupei Arcadia, Marlena Prigoreanu \\u015fi Ioana Dag\\u0103u. Evenimentul este organizat cu sprijinul Centrullui de dezvoltare personal\\u0103 Pro Cariere. Biletele se pot achizi\\u0163iona cu o\",\"inLanguage\":\"hu-HU\",\"isPartOf\":{\"@id\":\"https:\\\/\\\/www.teatrulreginamaria.ro\\\/hu\\\/#website\"},\"breadcrumb\":{\"@id\":\"https:\\\/\\\/www.teatrulreginamaria.ro\\\/hu\\\/seara-de-povesti-cu-marlena-prigoreanu-si-ioana-dagau\\\/#breadcrumblist\"},\"author\":{\"@id\":\"https:\\\/\\\/www.teatrulreginamaria.ro\\\/hu\\\/author\\\/iulianm\\\/#author\"},\"creator\":{\"@id\":\"https:\\\/\\\/www.teatrulreginamaria.ro\\\/hu\\\/author\\\/iulianm\\\/#author\"},\"datePublished\":\"2013-10-09T06:26:33+03:00\",\"dateModified\":\"2013-10-09T06:26:33+03:00\"},{\"@type\":\"WebSite\",\"@id\":\"https:\\\/\\\/www.teatrulreginamaria.ro\\\/hu\\\/#website\",\"url\":\"https:\\\/\\\/www.teatrulreginamaria.ro\\\/hu\\\/\",\"name\":\"Teatrul Regina Maria Oradea\",\"alternateName\":\"TRM Oradea\",\"description\":\"Trupa Iosif Vulcan \\u0219i Trupa Arcadia\",\"inLanguage\":\"hu-HU\",\"publisher\":{\"@id\":\"https:\\\/\\\/www.teatrulreginamaria.ro\\\/hu\\\/#organization\"}}]}\n\t\t<\/script>\n\t\t<!-- All in One SEO Pro -->\r\n\t\t<title>SEAR\u0102 DE POVE\u015eTI CU MARLENA PRIGOREANU \u015eI IOANA DAG\u0102U - Teatrul Regina Maria Oradea<\/title>\n\n","aioseo_head_json":{"title":"MESEMOND\u00d3 EST MARLENA PRIGOREANUVAL \u00c9S IOANA DAG\u0102UVAL - Nagyv\u00e1radi Regina Maria Sz\u00ednh\u00e1z","description":"Sz\u00fcl\u0151k \u00e9s gyerekek, egy k\u00fcl\u00f6nleges bejelent\u00e9s\u00fcnk van sz\u00e1motokra! Okt\u00f3ber 10-\u00e9n, cs\u00fct\u00f6rt\u00f6k\u00f6n 17 \u00f3r\u00e1t\u00f3l az Arcadia Csarnokban MES\u00c9L\u0150 EST\u00c9RE h\u00edvunk benneteket az Arcadia T\u00e1rsulat k\u00f6zkedvelt sz\u00edn\u00e9szn\u0151ivel, Marlena Prigoreanuval \u00e9s Ioana Dag\u0103uval. Az esem\u00e9nyt a Pro Cariere Szem\u00e9lyis\u00e9gfejleszt\u0151 K\u00f6zpont t\u00e1mogat\u00e1s\u00e1val szervezz\u00fck. Jegyek v\u00e1s\u00e1rolhat\u00f3k a k\u00f6vetkez\u0151vel:","canonical_url":"https:\/\/www.teatrulreginamaria.ro\/hu\/seara-de-povesti-cu-marlena-prigoreanu-si-ioana-dagau\/","robots":"max-image-preview:large","keywords":"","webmasterTools":{"miscellaneous":""},"schema":{"@context":"https:\/\/schema.org","@graph":[{"@type":"BlogPosting","@id":"https:\/\/www.teatrulreginamaria.ro\/hu\/seara-de-povesti-cu-marlena-prigoreanu-si-ioana-dagau\/#blogposting","name":"SEAR\u0102 DE POVE\u015eTI CU MARLENA PRIGOREANU \u015eI IOANA DAG\u0102U - Teatrul Regina Maria Oradea","headline":"SEAR\u0102 DE POVE\u015eTI CU MARLENA PRIGOREANU \u015eI IOANA DAG\u0102U","author":{"@id":"https:\/\/www.teatrulreginamaria.ro\/hu\/author\/iulianm\/#author"},"publisher":{"@id":"https:\/\/www.teatrulreginamaria.ro\/hu\/#organization"},"image":{"@type":"ImageObject","url":"https:\/\/www.teatrulreginamaria.ro\/wp-content\/uploads\/2025\/06\/logo-trm-01-dark.png","@id":"https:\/\/www.teatrulreginamaria.ro\/hu\/#articleImage","width":300,"height":148},"datePublished":"2013-10-09T06:26:33+03:00","dateModified":"2013-10-09T06:26:33+03:00","inLanguage":"hu-HU","mainEntityOfPage":{"@id":"https:\/\/www.teatrulreginamaria.ro\/hu\/seara-de-povesti-cu-marlena-prigoreanu-si-ioana-dagau\/#webpage"},"isPartOf":{"@id":"https:\/\/www.teatrulreginamaria.ro\/hu\/seara-de-povesti-cu-marlena-prigoreanu-si-ioana-dagau\/#webpage"},"articleSection":"Nout\u0103\u021bi - Trupa Arcadia"},{"@type":"BreadcrumbList","@id":"https:\/\/www.teatrulreginamaria.ro\/hu\/seara-de-povesti-cu-marlena-prigoreanu-si-ioana-dagau\/#breadcrumblist","itemListElement":[{"@type":"ListItem","@id":"https:\/\/www.teatrulreginamaria.ro\/hu#listItem","position":1,"name":"Home","item":"https:\/\/www.teatrulreginamaria.ro\/hu","nextItem":{"@type":"ListItem","@id":"https:\/\/www.teatrulreginamaria.ro\/hu\/categorie\/noutati\/#listItem","name":"Nout\u0103\u021bi"}},{"@type":"ListItem","@id":"https:\/\/www.teatrulreginamaria.ro\/hu\/categorie\/noutati\/#listItem","position":2,"name":"Nout\u0103\u021bi","item":"https:\/\/www.teatrulreginamaria.ro\/hu\/categorie\/noutati\/","nextItem":{"@type":"ListItem","@id":"https:\/\/www.teatrulreginamaria.ro\/hu\/categorie\/noutati\/noutati-trupa-arcadia\/#listItem","name":"Nout\u0103\u021bi - Trupa Arcadia"},"previousItem":{"@type":"ListItem","@id":"https:\/\/www.teatrulreginamaria.ro\/hu#listItem","name":"Home"}},{"@type":"ListItem","@id":"https:\/\/www.teatrulreginamaria.ro\/hu\/categorie\/noutati\/noutati-trupa-arcadia\/#listItem","position":3,"name":"Nout\u0103\u021bi - Trupa Arcadia","item":"https:\/\/www.teatrulreginamaria.ro\/hu\/categorie\/noutati\/noutati-trupa-arcadia\/","nextItem":{"@type":"ListItem","@id":"https:\/\/www.teatrulreginamaria.ro\/hu\/seara-de-povesti-cu-marlena-prigoreanu-si-ioana-dagau\/#listItem","name":"SEAR\u0102 DE POVE\u015eTI CU MARLENA PRIGOREANU \u015eI IOANA DAG\u0102U"},"previousItem":{"@type":"ListItem","@id":"https:\/\/www.teatrulreginamaria.ro\/hu\/categorie\/noutati\/#listItem","name":"Nout\u0103\u021bi"}},{"@type":"ListItem","@id":"https:\/\/www.teatrulreginamaria.ro\/hu\/seara-de-povesti-cu-marlena-prigoreanu-si-ioana-dagau\/#listItem","position":4,"name":"SEAR\u0102 DE POVE\u015eTI CU MARLENA PRIGOREANU \u015eI IOANA DAG\u0102U","previousItem":{"@type":"ListItem","@id":"https:\/\/www.teatrulreginamaria.ro\/hu\/categorie\/noutati\/noutati-trupa-arcadia\/#listItem","name":"Nout\u0103\u021bi - Trupa Arcadia"}}]},{"@type":"Organization","@id":"https:\/\/www.teatrulreginamaria.ro\/hu\/#organization","name":"Teatrul Regina Maria Oradea","description":"Trupa Iosif Vulcan \u0219i Trupa Arcadia","url":"https:\/\/www.teatrulreginamaria.ro\/hu\/","email":"marketing@teatrulreginamaria.ro","telephone":"+40359411534","numberOfEmployees":{"@type":"QuantitativeValue","minValue":0,"maxValue":150},"logo":{"@type":"ImageObject","url":"https:\/\/www.teatrulreginamaria.ro\/wp-content\/uploads\/2025\/06\/logo-trm-01-dark.png","@id":"https:\/\/www.teatrulreginamaria.ro\/hu\/seara-de-povesti-cu-marlena-prigoreanu-si-ioana-dagau\/#organizationLogo","width":300,"height":148},"image":{"@id":"https:\/\/www.teatrulreginamaria.ro\/hu\/seara-de-povesti-cu-marlena-prigoreanu-si-ioana-dagau\/#organizationLogo"},"sameAs":["https:\/\/www.facebook.com\/TRMTrupaIosifVulcan\/","https:\/\/x.com\/TRMOradea","https:\/\/www.instagram.com\/teatrul_regina_maria\/","https:\/\/www.youtube.com\/c\/TeatrulReginaMariaOradea","https:\/\/www.linkedin.com\/company\/teatrul-regina-maria"]},{"@type":"Person","@id":"https:\/\/www.teatrulreginamaria.ro\/hu\/author\/iulianm\/#author","url":"https:\/\/www.teatrulreginamaria.ro\/hu\/author\/iulianm\/","name":"Teatrul Regina Maria","image":{"@type":"ImageObject","@id":"https:\/\/www.teatrulreginamaria.ro\/hu\/seara-de-povesti-cu-marlena-prigoreanu-si-ioana-dagau\/#authorImage","url":"https:\/\/secure.gravatar.com\/avatar\/49af75bc1b3eb710073d2f37927ea27e6c274a29562ef49edfc6bcf11b9e941d?s=96&d=mm&r=g","width":96,"height":96,"caption":"Teatrul Regina Maria"}},{"@type":"WebPage","@id":"https:\/\/www.teatrulreginamaria.ro\/hu\/seara-de-povesti-cu-marlena-prigoreanu-si-ioana-dagau\/#webpage","url":"https:\/\/www.teatrulreginamaria.ro\/hu\/seara-de-povesti-cu-marlena-prigoreanu-si-ioana-dagau\/","name":"SEAR\u0102 DE POVE\u015eTI CU MARLENA PRIGOREANU \u015eI IOANA DAG\u0102U - Teatrul Regina Maria Oradea","description":"P\u0103rin\u0163i \u015fi copii, avem un anun\u0163 deosebit pentru voi! Joi, 10 octombrie, de la ora 17 la Sala Arcadia v\u0103 invit\u0103m la o SEAR\u0102 DE POVE\u015eTI al\u0103turi de \u00eendr\u0103gitele actri\u0163e ale Trupei Arcadia, Marlena Prigoreanu \u015fi Ioana Dag\u0103u. Evenimentul este organizat cu sprijinul Centrullui de dezvoltare personal\u0103 Pro Cariere. Biletele se pot achizi\u0163iona cu o","inLanguage":"hu-HU","isPartOf":{"@id":"https:\/\/www.teatrulreginamaria.ro\/hu\/#website"},"breadcrumb":{"@id":"https:\/\/www.teatrulreginamaria.ro\/hu\/seara-de-povesti-cu-marlena-prigoreanu-si-ioana-dagau\/#breadcrumblist"},"author":{"@id":"https:\/\/www.teatrulreginamaria.ro\/hu\/author\/iulianm\/#author"},"creator":{"@id":"https:\/\/www.teatrulreginamaria.ro\/hu\/author\/iulianm\/#author"},"datePublished":"2013-10-09T06:26:33+03:00","dateModified":"2013-10-09T06:26:33+03:00"},{"@type":"WebSite","@id":"https:\/\/www.teatrulreginamaria.ro\/hu\/#website","url":"https:\/\/www.teatrulreginamaria.ro\/hu\/","name":"Teatrul Regina Maria Oradea","alternateName":"TRM Oradea","description":"Trupa Iosif Vulcan \u0219i Trupa Arcadia","inLanguage":"hu-HU","publisher":{"@id":"https:\/\/www.teatrulreginamaria.ro\/hu\/#organization"}}]},"og:locale":"hu_HU","og:site_name":"Teatrul Regina Maria Oradea - Trupa Iosif Vulcan \u0219i Trupa Arcadia","og:type":"article","og:title":"SEAR\u0102 DE POVE\u015eTI CU MARLENA PRIGOREANU \u015eI IOANA DAG\u0102U - Teatrul Regina Maria Oradea","og:description":"P\u0103rin\u0163i \u015fi copii, avem un anun\u0163 deosebit pentru voi! Joi, 10 octombrie, de la ora 17 la Sala Arcadia v\u0103 invit\u0103m la o SEAR\u0102 DE POVE\u015eTI al\u0103turi de \u00eendr\u0103gitele actri\u0163e ale Trupei Arcadia, Marlena Prigoreanu \u015fi Ioana Dag\u0103u. Evenimentul este organizat cu sprijinul Centrullui de dezvoltare personal\u0103 Pro Cariere. Biletele se pot achizi\u0163iona cu o","og:url":"https:\/\/www.teatrulreginamaria.ro\/hu\/seara-de-povesti-cu-marlena-prigoreanu-si-ioana-dagau\/","og:image":"https:\/\/www.teatrulreginamaria.ro\/wp-content\/uploads\/2025\/03\/trm-istoric-01.jpg","og:image:secure_url":"https:\/\/www.teatrulreginamaria.ro\/wp-content\/uploads\/2025\/03\/trm-istoric-01.jpg","og:image:width":1200,"og:image:height":800,"article:published_time":"2013-10-09T06:26:33+00:00","article:modified_time":"2013-10-09T06:26:33+00:00","article:publisher":"https:\/\/www.facebook.com\/TRMTrupaIosifVulcan\/","twitter:card":"summary_large_image","twitter:site":"@TRMOradea","twitter:title":"SEAR\u0102 DE POVE\u015eTI CU MARLENA PRIGOREANU \u015eI IOANA DAG\u0102U - Teatrul Regina Maria Oradea","twitter:description":"P\u0103rin\u0163i \u015fi copii, avem un anun\u0163 deosebit pentru voi! Joi, 10 octombrie, de la ora 17 la Sala Arcadia v\u0103 invit\u0103m la o SEAR\u0102 DE POVE\u015eTI al\u0103turi de \u00eendr\u0103gitele actri\u0163e ale Trupei Arcadia, Marlena Prigoreanu \u015fi Ioana Dag\u0103u. Evenimentul este organizat cu sprijinul Centrullui de dezvoltare personal\u0103 Pro Cariere. Biletele se pot achizi\u0163iona cu o","twitter:creator":"@TRMOradea","twitter:image":"https:\/\/www.teatrulreginamaria.ro\/wp-content\/uploads\/2025\/03\/trm-istoric-01.jpg"},"aioseo_meta_data":{"post_id":"1653","title":null,"description":null,"keywords":null,"keyphrases":null,"primary_term":null,"canonical_url":null,"og_title":null,"og_description":null,"og_object_type":"default","og_image_type":"default","og_image_url":null,"og_image_width":null,"og_image_height":null,"og_image_custom_url":null,"og_image_custom_fields":null,"og_video":null,"og_custom_url":null,"og_article_section":null,"og_article_tags":null,"twitter_use_og":false,"twitter_card":"default","twitter_image_type":"default","twitter_image_url":null,"twitter_image_custom_url":null,"twitter_image_custom_fields":null,"twitter_title":null,"twitter_description":null,"schema":{"blockGraphs":[],"customGraphs":[],"default":{"data":{"Article":[],"Course":[],"Dataset":[],"FAQPage":[],"Movie":[],"Person":[],"Product":[],"ProductReview":[],"Car":[],"Recipe":[],"Service":[],"SoftwareApplication":[],"WebPage":[]},"graphName":"","isEnabled":true},"graphs":[]},"schema_type":"default","schema_type_options":null,"pillar_content":false,"robots_default":true,"robots_noindex":false,"robots_noarchive":false,"robots_nosnippet":false,"robots_nofollow":false,"robots_noimageindex":false,"robots_noodp":false,"robots_notranslate":false,"robots_max_snippet":null,"robots_max_videopreview":null,"robots_max_imagepreview":"large","priority":null,"frequency":null,"local_seo":null,"seo_analyzer_scan_date":"2026-05-12 23:57:43","breadcrumb_settings":null,"limit_modified_date":false,"reviewed_by":null,"open_ai":null,"ai":null,"created":"2025-04-09 17:40:55","updated":"2026-05-12 23:57:43","focus_keyword":null,"additional_keywords":null,"truseo_locale":null},"aioseo_breadcrumb":"<div class=\"aioseo-breadcrumbs\"><span class=\"aioseo-breadcrumb\">\n\t<a href=\"https:\/\/www.teatrulreginamaria.ro\/hu\" title=\"Home\">Home<\/a>\n<\/span><span class=\"aioseo-breadcrumb-separator\">&raquo;<\/span><span class=\"aioseo-breadcrumb\">\n\t<a href=\"https:\/\/www.teatrulreginamaria.ro\/hu\/categorie\/noutati\/\" title=\"Nout\u0103\u021bi\">Nout\u0103\u021bi<\/a>\n<\/span><span class=\"aioseo-breadcrumb-separator\">&raquo;<\/span><span class=\"aioseo-breadcrumb\">\n\t<a href=\"https:\/\/www.teatrulreginamaria.ro\/hu\/categorie\/noutati\/noutati-trupa-arcadia\/\" title=\"Nout\u0103\u021bi - Trupa Arcadia\">Nout\u0103\u021bi - Trupa Arcadia<\/a>\n<\/span><span class=\"aioseo-breadcrumb-separator\">&raquo;<\/span><span class=\"aioseo-breadcrumb\">\n\tSEAR\u0102 DE POVE\u015eTI CU MARLENA PRIGOREANU \u015eI IOANA DAG\u0102U\n<\/span><\/div>","aioseo_breadcrumb_json":[{"label":"Home","link":"https:\/\/www.teatrulreginamaria.ro\/hu"},{"label":"Nout\u0103\u021bi","link":"https:\/\/www.teatrulreginamaria.ro\/hu\/categorie\/noutati\/"},{"label":"Nout\u0103\u021bi - Trupa Arcadia","link":"https:\/\/www.teatrulreginamaria.ro\/hu\/categorie\/noutati\/noutati-trupa-arcadia\/"},{"label":"SEAR\u0102 DE POVE\u015eTI CU MARLENA PRIGOREANU \u015eI IOANA DAG\u0102U","link":"https:\/\/www.teatrulreginamaria.ro\/hu\/seara-de-povesti-cu-marlena-prigoreanu-si-ioana-dagau\/"}],"acf":[],"_links":{"self":[{"href":"https:\/\/www.teatrulreginamaria.ro\/hu\/wp-json\/wp\/v2\/posts\/1653","targetHints":{"allow":["GET"]}}],"collection":[{"href":"https:\/\/www.teatrulreginamaria.ro\/hu\/wp-json\/wp\/v2\/posts"}],"about":[{"href":"https:\/\/www.teatrulreginamaria.ro\/hu\/wp-json\/wp\/v2\/types\/post"}],"author":[{"embeddable":true,"href":"https:\/\/www.teatrulreginamaria.ro\/hu\/wp-json\/wp\/v2\/users\/1"}],"replies":[{"embeddable":true,"href":"https:\/\/www.teatrulreginamaria.ro\/hu\/wp-json\/wp\/v2\/comments?post=1653"}],"version-history":[{"count":0,"href":"https:\/\/www.teatrulreginamaria.ro\/hu\/wp-json\/wp\/v2\/posts\/1653\/revisions"}],"wp:attachment":[{"href":"https:\/\/www.teatrulreginamaria.ro\/hu\/wp-json\/wp\/v2\/media?parent=1653"}],"wp:term":[{"taxonomy":"category","embeddable":true,"href":"https:\/\/www.teatrulreginamaria.ro\/hu\/wp-json\/wp\/v2\/categories?post=1653"},{"taxonomy":"post_tag","embeddable":true,"href":"https:\/\/www.teatrulreginamaria.ro\/hu\/wp-json\/wp\/v2\/tags?post=1653"}],"curies":[{"name":"munkaf\u00fczet","href":"https:\/\/api.w.org\/{rel}","templated":true}]}}