{"id":1737,"date":"2015-08-28T06:35:18","date_gmt":"2015-08-28T06:35:18","guid":{"rendered":"https:\/\/teatrulreginamaria.ro\/2015\/08\/28\/reluarea-activitatii-la-teatru-2\/"},"modified":"2015-08-28T06:35:18","modified_gmt":"2015-08-28T06:35:18","slug":"a-szinhazi-tevekenyseg-ujrainditasa-2","status":"publish","type":"post","link":"https:\/\/www.teatrulreginamaria.ro\/hu\/reluarea-activitatii-la-teatru-2\/","title":{"rendered":"SZ\u00cdNH\u00c1ZI TEV\u00c9KENYS\u00c9G \u00daJRAIND\u00cdT\u00c1SA!"},"content":{"rendered":"<p style=\"text-align: justify;\"><a href=\"https:\/\/www.teatrulreginamaria.ro\/hu\/arcadia-zenekar\/files\/2015\/08\/frumoasa-si-bestia-055.jpg\/\"><\/a>A Regina Maria Sz\u00ednh\u00e1z arra invit\u00e1l, hogy folytassa a ny\u00e1ri szezon \u00e9lvezet\u00e9t, \u00e9s tekintse meg a sz\u00ednh\u00e1z reperto\u00e1rj\u00e1nak legszebb \u00e9s legelb\u0171v\u00f6l\u0151bb el\u0151ad\u00e1sait. A ny\u00e1ri mikroszezon m\u00e1sodik kiad\u00e1sa 2015. augusztus 27. \u00e9s szeptember 13. k\u00f6z\u00f6tt ker\u00fcl megrendez\u00e9sre, \u00e9s a &quot;Napoleon... egy l\u00e1ny volt!&quot; c\u00edm\u0171 el\u0151ad\u00e1ssal deb\u00fct\u00e1l, egy pik\u00e1ns v\u00edgj\u00e1t\u00e9kkal, amely nevet\u00e9ssel f\u0171szerezi a forr\u00f3 szezont.<\/p>\n<p><!--more--><\/p>\n<p style=\"text-align: justify;\">Mivel a h\u0171v\u00f6s szell\u0151 mindig j\u00f3l j\u00f6n, k\u00e9t kiv\u00e9teles el\u0151ad\u00e1st aj\u00e1nlunk, amelyek egy rendhagy\u00f3 helysz\u00ednen, a Moara de R\u0103s\u0103ritban ker\u00fclnek megrendez\u00e9sre: a \u201eSzerelem n\u00e9gy festm\u00e9nyben\u201d c\u00edm\u0171 modern sz\u00f6veg a h\u0171tlens\u00e9g dr\u00e1m\u00e1j\u00e1t \u00e1br\u00e1zolja, \u00e9s a \u201eSzentes este\u201d c\u00edm\u0171 el\u0151ad\u00e1s premierje, amely egy kort\u00e1rs t\u00f6rt\u00e9net a ki\u00e1br\u00e1ndult, dehumaniz\u00e1ci\u00f3 sz\u00e9l\u00e9n \u00e1ll\u00f3 emberekr\u0151l, akik spiritu\u00e1lis kih\u00edv\u00e1ssal n\u00e9znek szembe: azzal, hogy tov\u00e1bbra is higgyenek a kar\u00e1csony szellem\u00e9ben.<\/p>\n<p style=\"text-align: justify;\">Ny\u00e1ri aj\u00e1nlataink itt nem \u00e9rnek v\u00e9get, ez\u00e9rt arra h\u00edvunk, hogy mosolyogj \u00e9s s\u00edrj a csod\u00e1latos szerepl\u0151k mellett az \u201eEgy nagyon egyszer\u0171 t\u00f6rt\u00e9net\u201d c\u00edm\u0171 filmben, amelyben a szeretet \u00e9s az \u00e1ldozathozatal szelleme egyes\u00fcl \u00e9s egy\u00fctt k\u00fczd a megment\u00e9s\u00e9rt.<\/p>\n<p style=\"text-align: justify;\">Mivel a nyarat legink\u00e1bb a gyerekek \u00e9lvezik, a Regina Maria Sz\u00ednh\u00e1z megh\u00edvja \u0151ket, hogy l\u00e9pjenek be a mes\u00e9k vil\u00e1g\u00e1ba a \u201eSz\u00e9ps\u00e9g \u00e9s a sz\u00f6rnyeteg\u201d \u00e9s az Aladdin csod\u00e1latos szerepl\u0151ivel az \u201eEzeregy hat\u00e1r\u201d c\u00edm\u0171 el\u0151ad\u00e1sban.<\/p>\n<p style=\"text-align: justify;\">A ny\u00e1ri mikroszezon a \u201eCsereszny\u00e9skert\u201d c\u00edm\u0171 el\u0151ad\u00e1s el\u0151zetes\u00e9vel z\u00e1rul, amely egy klasszikus csehovi sz\u00f6veg, \u00e9s amelyben a t\u00e9ma tragikus jelleg\u00e9t a szerepl\u0151ket kirajzol\u00f3 komikus jelleg \u00e9l\u00e9nk\u00edti.<\/p>\n<p style=\"text-align: justify;\">De tev\u00e9kenys\u00e9g\u00fcnk itt nem \u00e1ll meg, \u00e9s szeptember 20-\u00e1n megh\u00edvjuk \u00d6n\u00f6ket a 2015-2016-os \u00e9vad hivatalos megnyit\u00f3j\u00e1ra, amely a pezsg\u0151 \u00e9s hiteles &quot;Csereszny\u00e9skert&quot; c\u00edm\u0171 el\u0151ad\u00e1s premierj\u00e9vel deb\u00fct\u00e1l. Az \u00e9vad ugyanebben az innovat\u00edv ritmusban folytat\u00f3dik, ez\u00e9rt egy \u00fajabb premierrel, a &quot;A la manchai f\u00e9rfi&quot;-val cs\u00e1b\u00edtunk benneteket, egy figyelemre m\u00e9lt\u00f3, \u00e9rzelmes \u00e9s felkavar\u00f3 musicallel, amely Cervantes &quot;Don Quijote&quot; c\u00edm\u0171 epikus reg\u00e9ny\u00e9n alapul.<\/p>\n<p style=\"text-align: justify;\">A jegyek h\u00e9tf\u0151t\u0151l p\u00e9ntekig 10:00 \u00e9s 16:00 \u00f3ra k\u00f6z\u00f6tt, szombaton \u00e9s vas\u00e1rnap 10:00 \u00e9s 13:00 \u00f3ra k\u00f6z\u00f6tt kaphat\u00f3k a sz\u00ednh\u00e1z Jegyirod\u00e1j\u00e1ban, valamint online a ... c\u00edmen.\u00a0<span style=\"color: #0000ff;\"><a href=\"http:\/\/www.biletmaster.ro\/\"><span style=\"color: #0000ff;\">www.biletmaster.ro<\/span><\/a><\/span>. Szeptember 1-j\u00e9t\u0151l a Jegyiroda visszat\u00e9r a szok\u00e1sos nyitvatart\u00e1si idej\u00e9hez, nevezetesen: h\u00e9tf\u0151t\u0151l p\u00e9ntekig 10:00 \u00e9s 19:00 \u00f3ra k\u00f6z\u00f6tt, h\u00e9tv\u00e9g\u00e9n pedig 10:00 \u00e9s 13:00 \u00f3ra k\u00f6z\u00f6tt. Tov\u00e1bbi inform\u00e1ci\u00f3\u00e9rt \u00e9s jegyfoglal\u00e1s\u00e9rt k\u00e9rj\u00fck, h\u00edvja a 0259\/440.742-es telefonsz\u00e1mot.<\/p>\n<p style=\"text-align: justify;\">V\u00e1runk a sz\u00ednh\u00e1zban!<\/p>","protected":false},"excerpt":{"rendered":"<p>Teatrul Regina Maria v\u0103 invit\u0103 s\u0103 v\u0103 bucura\u0163i \u00een continuare de sezonul estival, urm\u0103rind c\u00e2teva dintre cele mai frumoase \u015fi captivante spectacole din repertoriul teatrului. Cea de-a doua edi\u0163ie a microstagiunii de var\u0103 se va desf\u0103\u015fura \u00een perioada 27 august-13 septembrie 2015 \u015fi va debuta cu spectacolul \u201eNapoleon era\u2026 fat\u0103!\u201d, o comedie savuroas\u0103, care va [&hellip;]<\/p>\n","protected":false},"author":1,"featured_media":0,"comment_status":"open","ping_status":"open","sticky":false,"template":"","format":"standard","meta":{"_acf_changed":false,"footnotes":""},"categories":[37],"tags":[],"class_list":["post-1737","post","type-post","status-publish","format-standard","hentry","category-noutati-trupa-arcadia"],"aioseo_notices":[],"aioseo_head":"\n\t\t<!-- All in One SEO Pro 5.0.1.1 - aioseo.com -->\n\t<meta name=\"description\" content=\"Teatrul Regina Maria v\u0103 invit\u0103 s\u0103 v\u0103 bucura\u0163i \u00een continuare de sezonul estival, urm\u0103rind c\u00e2teva dintre cele mai frumoase \u015fi captivante spectacole din repertoriul teatrului. Cea de-a doua edi\u0163ie a microstagiunii de var\u0103 se va desf\u0103\u015fura \u00een perioada 27 august-13 septembrie 2015 \u015fi va debuta cu spectacolul \u201eNapoleon era\u2026 fat\u0103!\u201d, o comedie savuroas\u0103, care va\" \/>\n\t<meta name=\"robots\" content=\"max-image-preview:large\" \/>\n\t<meta name=\"author\" content=\"Teatrul Regina Maria\"\/>\n\t<link rel=\"canonical\" href=\"https:\/\/www.teatrulreginamaria.ro\/hu\/reluarea-activitatii-la-teatru-2\/\" \/>\n\t<meta name=\"generator\" content=\"All in One SEO Pro (AIOSEO) 5.0.1.1\" \/>\n\t\t<meta property=\"og:locale\" content=\"hu_HU\" \/>\n\t\t<meta property=\"og:site_name\" content=\"Teatrul Regina Maria Oradea - Trupa Iosif Vulcan \u0219i Trupa Arcadia\" \/>\n\t\t<meta property=\"og:type\" content=\"article\" \/>\n\t\t<meta property=\"og:title\" content=\"RELUAREA ACTIVIT\u0102\u021aII LA TEATRU! - Teatrul Regina Maria Oradea\" \/>\n\t\t<meta property=\"og:description\" content=\"Teatrul Regina Maria v\u0103 invit\u0103 s\u0103 v\u0103 bucura\u0163i \u00een continuare de sezonul estival, urm\u0103rind c\u00e2teva dintre cele mai frumoase \u015fi captivante spectacole din repertoriul teatrului. Cea de-a doua edi\u0163ie a microstagiunii de var\u0103 se va desf\u0103\u015fura \u00een perioada 27 august-13 septembrie 2015 \u015fi va debuta cu spectacolul \u201eNapoleon era\u2026 fat\u0103!\u201d, o comedie savuroas\u0103, care va\" \/>\n\t\t<meta property=\"og:url\" content=\"https:\/\/www.teatrulreginamaria.ro\/hu\/reluarea-activitatii-la-teatru-2\/\" \/>\n\t\t<meta property=\"og:image\" content=\"https:\/\/www.teatrulreginamaria.ro\/wp-content\/uploads\/2025\/03\/trm-istoric-01.jpg\" \/>\n\t\t<meta property=\"og:image:secure_url\" content=\"https:\/\/www.teatrulreginamaria.ro\/wp-content\/uploads\/2025\/03\/trm-istoric-01.jpg\" \/>\n\t\t<meta property=\"og:image:width\" content=\"1200\" \/>\n\t\t<meta property=\"og:image:height\" content=\"800\" \/>\n\t\t<meta property=\"article:published_time\" content=\"2015-08-28T06:35:18+00:00\" \/>\n\t\t<meta property=\"article:modified_time\" content=\"2015-08-28T06:35:18+00:00\" \/>\n\t\t<meta property=\"article:publisher\" content=\"https:\/\/www.facebook.com\/TRMTrupaIosifVulcan\/\" \/>\n\t\t<meta name=\"twitter:card\" content=\"summary_large_image\" \/>\n\t\t<meta name=\"twitter:site\" content=\"@TRMOradea\" \/>\n\t\t<meta name=\"twitter:title\" content=\"RELUAREA ACTIVIT\u0102\u021aII LA TEATRU! - Teatrul Regina Maria Oradea\" \/>\n\t\t<meta name=\"twitter:description\" content=\"Teatrul Regina Maria v\u0103 invit\u0103 s\u0103 v\u0103 bucura\u0163i \u00een continuare de sezonul estival, urm\u0103rind c\u00e2teva dintre cele mai frumoase \u015fi captivante spectacole din repertoriul teatrului. Cea de-a doua edi\u0163ie a microstagiunii de var\u0103 se va desf\u0103\u015fura \u00een perioada 27 august-13 septembrie 2015 \u015fi va debuta cu spectacolul \u201eNapoleon era\u2026 fat\u0103!\u201d, o comedie savuroas\u0103, care va\" \/>\n\t\t<meta name=\"twitter:creator\" content=\"@TRMOradea\" \/>\n\t\t<meta name=\"twitter:image\" content=\"https:\/\/www.teatrulreginamaria.ro\/wp-content\/uploads\/2025\/03\/trm-istoric-01.jpg\" \/>\n\t\t<script type=\"application\/ld+json\" class=\"aioseo-schema\">\n\t\t\t{\"@context\":\"https:\\\/\\\/schema.org\",\"@graph\":[{\"@type\":\"BlogPosting\",\"@id\":\"https:\\\/\\\/www.teatrulreginamaria.ro\\\/hu\\\/reluarea-activitatii-la-teatru-2\\\/#blogposting\",\"name\":\"RELUAREA ACTIVIT\\u0102\\u021aII LA TEATRU! - Teatrul Regina Maria Oradea\",\"headline\":\"RELUAREA ACTIVIT\\u0102\\u021aII LA TEATRU!\",\"author\":{\"@id\":\"https:\\\/\\\/www.teatrulreginamaria.ro\\\/hu\\\/author\\\/iulianm\\\/#author\"},\"publisher\":{\"@id\":\"https:\\\/\\\/www.teatrulreginamaria.ro\\\/hu\\\/#organization\"},\"image\":{\"@type\":\"ImageObject\",\"url\":\"https:\\\/\\\/www.teatrulreginamaria.ro\\\/wp-content\\\/uploads\\\/2025\\\/06\\\/logo-trm-01-dark.png\",\"@id\":\"https:\\\/\\\/www.teatrulreginamaria.ro\\\/hu\\\/#articleImage\",\"width\":300,\"height\":148},\"datePublished\":\"2015-08-28T06:35:18+03:00\",\"dateModified\":\"2015-08-28T06:35:18+03:00\",\"inLanguage\":\"hu-HU\",\"mainEntityOfPage\":{\"@id\":\"https:\\\/\\\/www.teatrulreginamaria.ro\\\/hu\\\/reluarea-activitatii-la-teatru-2\\\/#webpage\"},\"isPartOf\":{\"@id\":\"https:\\\/\\\/www.teatrulreginamaria.ro\\\/hu\\\/reluarea-activitatii-la-teatru-2\\\/#webpage\"},\"articleSection\":\"Nout\\u0103\\u021bi - Trupa Arcadia\"},{\"@type\":\"BreadcrumbList\",\"@id\":\"https:\\\/\\\/www.teatrulreginamaria.ro\\\/hu\\\/reluarea-activitatii-la-teatru-2\\\/#breadcrumblist\",\"itemListElement\":[{\"@type\":\"ListItem\",\"@id\":\"https:\\\/\\\/www.teatrulreginamaria.ro\\\/hu#listItem\",\"position\":1,\"name\":\"Home\",\"item\":\"https:\\\/\\\/www.teatrulreginamaria.ro\\\/hu\",\"nextItem\":{\"@type\":\"ListItem\",\"@id\":\"https:\\\/\\\/www.teatrulreginamaria.ro\\\/hu\\\/categorie\\\/noutati\\\/#listItem\",\"name\":\"Nout\\u0103\\u021bi\"}},{\"@type\":\"ListItem\",\"@id\":\"https:\\\/\\\/www.teatrulreginamaria.ro\\\/hu\\\/categorie\\\/noutati\\\/#listItem\",\"position\":2,\"name\":\"Nout\\u0103\\u021bi\",\"item\":\"https:\\\/\\\/www.teatrulreginamaria.ro\\\/hu\\\/categorie\\\/noutati\\\/\",\"nextItem\":{\"@type\":\"ListItem\",\"@id\":\"https:\\\/\\\/www.teatrulreginamaria.ro\\\/hu\\\/categorie\\\/noutati\\\/noutati-trupa-arcadia\\\/#listItem\",\"name\":\"Nout\\u0103\\u021bi - Trupa Arcadia\"},\"previousItem\":{\"@type\":\"ListItem\",\"@id\":\"https:\\\/\\\/www.teatrulreginamaria.ro\\\/hu#listItem\",\"name\":\"Home\"}},{\"@type\":\"ListItem\",\"@id\":\"https:\\\/\\\/www.teatrulreginamaria.ro\\\/hu\\\/categorie\\\/noutati\\\/noutati-trupa-arcadia\\\/#listItem\",\"position\":3,\"name\":\"Nout\\u0103\\u021bi - Trupa Arcadia\",\"item\":\"https:\\\/\\\/www.teatrulreginamaria.ro\\\/hu\\\/categorie\\\/noutati\\\/noutati-trupa-arcadia\\\/\",\"nextItem\":{\"@type\":\"ListItem\",\"@id\":\"https:\\\/\\\/www.teatrulreginamaria.ro\\\/hu\\\/reluarea-activitatii-la-teatru-2\\\/#listItem\",\"name\":\"RELUAREA ACTIVIT\\u0102\\u021aII LA TEATRU!\"},\"previousItem\":{\"@type\":\"ListItem\",\"@id\":\"https:\\\/\\\/www.teatrulreginamaria.ro\\\/hu\\\/categorie\\\/noutati\\\/#listItem\",\"name\":\"Nout\\u0103\\u021bi\"}},{\"@type\":\"ListItem\",\"@id\":\"https:\\\/\\\/www.teatrulreginamaria.ro\\\/hu\\\/reluarea-activitatii-la-teatru-2\\\/#listItem\",\"position\":4,\"name\":\"RELUAREA ACTIVIT\\u0102\\u021aII LA TEATRU!\",\"previousItem\":{\"@type\":\"ListItem\",\"@id\":\"https:\\\/\\\/www.teatrulreginamaria.ro\\\/hu\\\/categorie\\\/noutati\\\/noutati-trupa-arcadia\\\/#listItem\",\"name\":\"Nout\\u0103\\u021bi - Trupa Arcadia\"}}]},{\"@type\":\"Organization\",\"@id\":\"https:\\\/\\\/www.teatrulreginamaria.ro\\\/hu\\\/#organization\",\"name\":\"Teatrul Regina Maria Oradea\",\"description\":\"Trupa Iosif Vulcan \\u0219i Trupa Arcadia\",\"url\":\"https:\\\/\\\/www.teatrulreginamaria.ro\\\/hu\\\/\",\"email\":\"marketing@teatrulreginamaria.ro\",\"telephone\":\"+40359411534\",\"numberOfEmployees\":{\"@type\":\"QuantitativeValue\",\"minValue\":0,\"maxValue\":150},\"logo\":{\"@type\":\"ImageObject\",\"url\":\"https:\\\/\\\/www.teatrulreginamaria.ro\\\/wp-content\\\/uploads\\\/2025\\\/06\\\/logo-trm-01-dark.png\",\"@id\":\"https:\\\/\\\/www.teatrulreginamaria.ro\\\/hu\\\/reluarea-activitatii-la-teatru-2\\\/#organizationLogo\",\"width\":300,\"height\":148},\"image\":{\"@id\":\"https:\\\/\\\/www.teatrulreginamaria.ro\\\/hu\\\/reluarea-activitatii-la-teatru-2\\\/#organizationLogo\"},\"sameAs\":[\"https:\\\/\\\/www.facebook.com\\\/TRMTrupaIosifVulcan\\\/\",\"https:\\\/\\\/x.com\\\/TRMOradea\",\"https:\\\/\\\/www.instagram.com\\\/teatrul_regina_maria\\\/\",\"https:\\\/\\\/www.youtube.com\\\/c\\\/TeatrulReginaMariaOradea\",\"https:\\\/\\\/www.linkedin.com\\\/company\\\/teatrul-regina-maria\"]},{\"@type\":\"Person\",\"@id\":\"https:\\\/\\\/www.teatrulreginamaria.ro\\\/hu\\\/author\\\/iulianm\\\/#author\",\"url\":\"https:\\\/\\\/www.teatrulreginamaria.ro\\\/hu\\\/author\\\/iulianm\\\/\",\"name\":\"Teatrul Regina Maria\",\"image\":{\"@type\":\"ImageObject\",\"@id\":\"https:\\\/\\\/www.teatrulreginamaria.ro\\\/hu\\\/reluarea-activitatii-la-teatru-2\\\/#authorImage\",\"url\":\"https:\\\/\\\/secure.gravatar.com\\\/avatar\\\/49af75bc1b3eb710073d2f37927ea27e6c274a29562ef49edfc6bcf11b9e941d?s=96&d=mm&r=g\",\"width\":96,\"height\":96,\"caption\":\"Teatrul Regina Maria\"}},{\"@type\":\"WebPage\",\"@id\":\"https:\\\/\\\/www.teatrulreginamaria.ro\\\/hu\\\/reluarea-activitatii-la-teatru-2\\\/#webpage\",\"url\":\"https:\\\/\\\/www.teatrulreginamaria.ro\\\/hu\\\/reluarea-activitatii-la-teatru-2\\\/\",\"name\":\"RELUAREA ACTIVIT\\u0102\\u021aII LA TEATRU! - Teatrul Regina Maria Oradea\",\"description\":\"Teatrul Regina Maria v\\u0103 invit\\u0103 s\\u0103 v\\u0103 bucura\\u0163i \\u00een continuare de sezonul estival, urm\\u0103rind c\\u00e2teva dintre cele mai frumoase \\u015fi captivante spectacole din repertoriul teatrului. Cea de-a doua edi\\u0163ie a microstagiunii de var\\u0103 se va desf\\u0103\\u015fura \\u00een perioada 27 august-13 septembrie 2015 \\u015fi va debuta cu spectacolul \\u201eNapoleon era\\u2026 fat\\u0103!\\u201d, o comedie savuroas\\u0103, care va\",\"inLanguage\":\"hu-HU\",\"isPartOf\":{\"@id\":\"https:\\\/\\\/www.teatrulreginamaria.ro\\\/hu\\\/#website\"},\"breadcrumb\":{\"@id\":\"https:\\\/\\\/www.teatrulreginamaria.ro\\\/hu\\\/reluarea-activitatii-la-teatru-2\\\/#breadcrumblist\"},\"author\":{\"@id\":\"https:\\\/\\\/www.teatrulreginamaria.ro\\\/hu\\\/author\\\/iulianm\\\/#author\"},\"creator\":{\"@id\":\"https:\\\/\\\/www.teatrulreginamaria.ro\\\/hu\\\/author\\\/iulianm\\\/#author\"},\"datePublished\":\"2015-08-28T06:35:18+03:00\",\"dateModified\":\"2015-08-28T06:35:18+03:00\"},{\"@type\":\"WebSite\",\"@id\":\"https:\\\/\\\/www.teatrulreginamaria.ro\\\/hu\\\/#website\",\"url\":\"https:\\\/\\\/www.teatrulreginamaria.ro\\\/hu\\\/\",\"name\":\"Teatrul Regina Maria Oradea\",\"alternateName\":\"TRM Oradea\",\"description\":\"Trupa Iosif Vulcan \\u0219i Trupa Arcadia\",\"inLanguage\":\"hu-HU\",\"publisher\":{\"@id\":\"https:\\\/\\\/www.teatrulreginamaria.ro\\\/hu\\\/#organization\"}}]}\n\t\t<\/script>\n\t\t<!-- All in One SEO Pro -->\r\n\t\t<title>RELUAREA ACTIVIT\u0102\u021aII LA TEATRU! - Teatrul Regina Maria Oradea<\/title>\n\n","aioseo_head_json":{"title":"SZ\u00cdNH\u00c1ZI TEV\u00c9KENYS\u00c9G FOLYTAT\u00c1SA! - Regina Maria Sz\u00ednh\u00e1z, Nagyv\u00e1radi","description":"A Regina Maria Sz\u00ednh\u00e1z tov\u00e1bbra is \u00e9lvezheti a ny\u00e1ri szezont, \u00e9s megtekintheti a sz\u00ednh\u00e1z reperto\u00e1rj\u00e1nak legszebb \u00e9s legelb\u0171v\u00f6l\u0151bb el\u0151ad\u00e1sait. A ny\u00e1ri mikroszezon m\u00e1sodik kiad\u00e1sa 2015. augusztus 27. \u00e9s szeptember 13. k\u00f6z\u00f6tt ker\u00fcl megrendez\u00e9sre, \u00e9s a &quot;Napoleon... egy l\u00e1ny volt!&quot; c\u00edm\u0171 \u00ednycsikland\u00f3 v\u00edgj\u00e1t\u00e9kkal deb\u00fct\u00e1l, amely...","canonical_url":"https:\/\/www.teatrulreginamaria.ro\/hu\/reluarea-activitatii-la-teatru-2\/","robots":"max-image-preview:large","keywords":"","webmasterTools":{"miscellaneous":""},"schema":{"@context":"https:\/\/schema.org","@graph":[{"@type":"BlogPosting","@id":"https:\/\/www.teatrulreginamaria.ro\/hu\/reluarea-activitatii-la-teatru-2\/#blogposting","name":"RELUAREA ACTIVIT\u0102\u021aII LA TEATRU! - Teatrul Regina Maria Oradea","headline":"RELUAREA ACTIVIT\u0102\u021aII LA TEATRU!","author":{"@id":"https:\/\/www.teatrulreginamaria.ro\/hu\/author\/iulianm\/#author"},"publisher":{"@id":"https:\/\/www.teatrulreginamaria.ro\/hu\/#organization"},"image":{"@type":"ImageObject","url":"https:\/\/www.teatrulreginamaria.ro\/wp-content\/uploads\/2025\/06\/logo-trm-01-dark.png","@id":"https:\/\/www.teatrulreginamaria.ro\/hu\/#articleImage","width":300,"height":148},"datePublished":"2015-08-28T06:35:18+03:00","dateModified":"2015-08-28T06:35:18+03:00","inLanguage":"hu-HU","mainEntityOfPage":{"@id":"https:\/\/www.teatrulreginamaria.ro\/hu\/reluarea-activitatii-la-teatru-2\/#webpage"},"isPartOf":{"@id":"https:\/\/www.teatrulreginamaria.ro\/hu\/reluarea-activitatii-la-teatru-2\/#webpage"},"articleSection":"Nout\u0103\u021bi - Trupa Arcadia"},{"@type":"BreadcrumbList","@id":"https:\/\/www.teatrulreginamaria.ro\/hu\/reluarea-activitatii-la-teatru-2\/#breadcrumblist","itemListElement":[{"@type":"ListItem","@id":"https:\/\/www.teatrulreginamaria.ro\/hu#listItem","position":1,"name":"Home","item":"https:\/\/www.teatrulreginamaria.ro\/hu","nextItem":{"@type":"ListItem","@id":"https:\/\/www.teatrulreginamaria.ro\/hu\/categorie\/noutati\/#listItem","name":"Nout\u0103\u021bi"}},{"@type":"ListItem","@id":"https:\/\/www.teatrulreginamaria.ro\/hu\/categorie\/noutati\/#listItem","position":2,"name":"Nout\u0103\u021bi","item":"https:\/\/www.teatrulreginamaria.ro\/hu\/categorie\/noutati\/","nextItem":{"@type":"ListItem","@id":"https:\/\/www.teatrulreginamaria.ro\/hu\/categorie\/noutati\/noutati-trupa-arcadia\/#listItem","name":"Nout\u0103\u021bi - Trupa Arcadia"},"previousItem":{"@type":"ListItem","@id":"https:\/\/www.teatrulreginamaria.ro\/hu#listItem","name":"Home"}},{"@type":"ListItem","@id":"https:\/\/www.teatrulreginamaria.ro\/hu\/categorie\/noutati\/noutati-trupa-arcadia\/#listItem","position":3,"name":"Nout\u0103\u021bi - Trupa Arcadia","item":"https:\/\/www.teatrulreginamaria.ro\/hu\/categorie\/noutati\/noutati-trupa-arcadia\/","nextItem":{"@type":"ListItem","@id":"https:\/\/www.teatrulreginamaria.ro\/hu\/reluarea-activitatii-la-teatru-2\/#listItem","name":"RELUAREA ACTIVIT\u0102\u021aII LA TEATRU!"},"previousItem":{"@type":"ListItem","@id":"https:\/\/www.teatrulreginamaria.ro\/hu\/categorie\/noutati\/#listItem","name":"Nout\u0103\u021bi"}},{"@type":"ListItem","@id":"https:\/\/www.teatrulreginamaria.ro\/hu\/reluarea-activitatii-la-teatru-2\/#listItem","position":4,"name":"RELUAREA ACTIVIT\u0102\u021aII LA TEATRU!","previousItem":{"@type":"ListItem","@id":"https:\/\/www.teatrulreginamaria.ro\/hu\/categorie\/noutati\/noutati-trupa-arcadia\/#listItem","name":"Nout\u0103\u021bi - Trupa Arcadia"}}]},{"@type":"Organization","@id":"https:\/\/www.teatrulreginamaria.ro\/hu\/#organization","name":"Teatrul Regina Maria Oradea","description":"Trupa Iosif Vulcan \u0219i Trupa Arcadia","url":"https:\/\/www.teatrulreginamaria.ro\/hu\/","email":"marketing@teatrulreginamaria.ro","telephone":"+40359411534","numberOfEmployees":{"@type":"QuantitativeValue","minValue":0,"maxValue":150},"logo":{"@type":"ImageObject","url":"https:\/\/www.teatrulreginamaria.ro\/wp-content\/uploads\/2025\/06\/logo-trm-01-dark.png","@id":"https:\/\/www.teatrulreginamaria.ro\/hu\/reluarea-activitatii-la-teatru-2\/#organizationLogo","width":300,"height":148},"image":{"@id":"https:\/\/www.teatrulreginamaria.ro\/hu\/reluarea-activitatii-la-teatru-2\/#organizationLogo"},"sameAs":["https:\/\/www.facebook.com\/TRMTrupaIosifVulcan\/","https:\/\/x.com\/TRMOradea","https:\/\/www.instagram.com\/teatrul_regina_maria\/","https:\/\/www.youtube.com\/c\/TeatrulReginaMariaOradea","https:\/\/www.linkedin.com\/company\/teatrul-regina-maria"]},{"@type":"Person","@id":"https:\/\/www.teatrulreginamaria.ro\/hu\/author\/iulianm\/#author","url":"https:\/\/www.teatrulreginamaria.ro\/hu\/author\/iulianm\/","name":"Teatrul Regina Maria","image":{"@type":"ImageObject","@id":"https:\/\/www.teatrulreginamaria.ro\/hu\/reluarea-activitatii-la-teatru-2\/#authorImage","url":"https:\/\/secure.gravatar.com\/avatar\/49af75bc1b3eb710073d2f37927ea27e6c274a29562ef49edfc6bcf11b9e941d?s=96&d=mm&r=g","width":96,"height":96,"caption":"Teatrul Regina Maria"}},{"@type":"WebPage","@id":"https:\/\/www.teatrulreginamaria.ro\/hu\/reluarea-activitatii-la-teatru-2\/#webpage","url":"https:\/\/www.teatrulreginamaria.ro\/hu\/reluarea-activitatii-la-teatru-2\/","name":"RELUAREA ACTIVIT\u0102\u021aII LA TEATRU! - Teatrul Regina Maria Oradea","description":"Teatrul Regina Maria v\u0103 invit\u0103 s\u0103 v\u0103 bucura\u0163i \u00een continuare de sezonul estival, urm\u0103rind c\u00e2teva dintre cele mai frumoase \u015fi captivante spectacole din repertoriul teatrului. Cea de-a doua edi\u0163ie a microstagiunii de var\u0103 se va desf\u0103\u015fura \u00een perioada 27 august-13 septembrie 2015 \u015fi va debuta cu spectacolul \u201eNapoleon era\u2026 fat\u0103!\u201d, o comedie savuroas\u0103, care va","inLanguage":"hu-HU","isPartOf":{"@id":"https:\/\/www.teatrulreginamaria.ro\/hu\/#website"},"breadcrumb":{"@id":"https:\/\/www.teatrulreginamaria.ro\/hu\/reluarea-activitatii-la-teatru-2\/#breadcrumblist"},"author":{"@id":"https:\/\/www.teatrulreginamaria.ro\/hu\/author\/iulianm\/#author"},"creator":{"@id":"https:\/\/www.teatrulreginamaria.ro\/hu\/author\/iulianm\/#author"},"datePublished":"2015-08-28T06:35:18+03:00","dateModified":"2015-08-28T06:35:18+03:00"},{"@type":"WebSite","@id":"https:\/\/www.teatrulreginamaria.ro\/hu\/#website","url":"https:\/\/www.teatrulreginamaria.ro\/hu\/","name":"Teatrul Regina Maria Oradea","alternateName":"TRM Oradea","description":"Trupa Iosif Vulcan \u0219i Trupa Arcadia","inLanguage":"hu-HU","publisher":{"@id":"https:\/\/www.teatrulreginamaria.ro\/hu\/#organization"}}]},"og:locale":"hu_HU","og:site_name":"Teatrul Regina Maria Oradea - Trupa Iosif Vulcan \u0219i Trupa Arcadia","og:type":"article","og:title":"RELUAREA ACTIVIT\u0102\u021aII LA TEATRU! - Teatrul Regina Maria Oradea","og:description":"Teatrul Regina Maria v\u0103 invit\u0103 s\u0103 v\u0103 bucura\u0163i \u00een continuare de sezonul estival, urm\u0103rind c\u00e2teva dintre cele mai frumoase \u015fi captivante spectacole din repertoriul teatrului. Cea de-a doua edi\u0163ie a microstagiunii de var\u0103 se va desf\u0103\u015fura \u00een perioada 27 august-13 septembrie 2015 \u015fi va debuta cu spectacolul \u201eNapoleon era\u2026 fat\u0103!\u201d, o comedie savuroas\u0103, care va","og:url":"https:\/\/www.teatrulreginamaria.ro\/hu\/reluarea-activitatii-la-teatru-2\/","og:image":"https:\/\/www.teatrulreginamaria.ro\/wp-content\/uploads\/2025\/03\/trm-istoric-01.jpg","og:image:secure_url":"https:\/\/www.teatrulreginamaria.ro\/wp-content\/uploads\/2025\/03\/trm-istoric-01.jpg","og:image:width":1200,"og:image:height":800,"article:published_time":"2015-08-28T06:35:18+00:00","article:modified_time":"2015-08-28T06:35:18+00:00","article:publisher":"https:\/\/www.facebook.com\/TRMTrupaIosifVulcan\/","twitter:card":"summary_large_image","twitter:site":"@TRMOradea","twitter:title":"RELUAREA ACTIVIT\u0102\u021aII LA TEATRU! - Teatrul Regina Maria Oradea","twitter:description":"Teatrul Regina Maria v\u0103 invit\u0103 s\u0103 v\u0103 bucura\u0163i \u00een continuare de sezonul estival, urm\u0103rind c\u00e2teva dintre cele mai frumoase \u015fi captivante spectacole din repertoriul teatrului. Cea de-a doua edi\u0163ie a microstagiunii de var\u0103 se va desf\u0103\u015fura \u00een perioada 27 august-13 septembrie 2015 \u015fi va debuta cu spectacolul \u201eNapoleon era\u2026 fat\u0103!\u201d, o comedie savuroas\u0103, care va","twitter:creator":"@TRMOradea","twitter:image":"https:\/\/www.teatrulreginamaria.ro\/wp-content\/uploads\/2025\/03\/trm-istoric-01.jpg"},"aioseo_meta_data":{"post_id":"1737","title":null,"description":null,"keywords":null,"keyphrases":null,"primary_term":null,"canonical_url":null,"og_title":null,"og_description":null,"og_object_type":"default","og_image_type":"default","og_image_url":null,"og_image_width":null,"og_image_height":null,"og_image_custom_url":null,"og_image_custom_fields":null,"og_video":null,"og_custom_url":null,"og_article_section":null,"og_article_tags":null,"twitter_use_og":false,"twitter_card":"default","twitter_image_type":"default","twitter_image_url":null,"twitter_image_custom_url":null,"twitter_image_custom_fields":null,"twitter_title":null,"twitter_description":null,"schema":{"blockGraphs":[],"customGraphs":[],"default":{"data":{"Article":[],"Course":[],"Dataset":[],"FAQPage":[],"Movie":[],"Person":[],"Product":[],"ProductReview":[],"Car":[],"Recipe":[],"Service":[],"SoftwareApplication":[],"WebPage":[]},"graphName":"","isEnabled":true},"graphs":[]},"schema_type":"default","schema_type_options":null,"pillar_content":false,"robots_default":true,"robots_noindex":false,"robots_noarchive":false,"robots_nosnippet":false,"robots_nofollow":false,"robots_noimageindex":false,"robots_noodp":false,"robots_notranslate":false,"robots_max_snippet":null,"robots_max_videopreview":null,"robots_max_imagepreview":"large","priority":null,"frequency":null,"local_seo":null,"seo_analyzer_scan_date":"2026-05-13 00:51:36","breadcrumb_settings":null,"limit_modified_date":false,"reviewed_by":null,"open_ai":null,"ai":null,"created":"2025-04-09 17:40:56","updated":"2026-05-13 00:51:36","focus_keyword":null,"additional_keywords":null,"truseo_locale":null},"aioseo_breadcrumb":"<div class=\"aioseo-breadcrumbs\"><span class=\"aioseo-breadcrumb\">\n\t<a href=\"https:\/\/www.teatrulreginamaria.ro\/hu\" title=\"Home\">Home<\/a>\n<\/span><span class=\"aioseo-breadcrumb-separator\">&raquo;<\/span><span class=\"aioseo-breadcrumb\">\n\t<a href=\"https:\/\/www.teatrulreginamaria.ro\/hu\/categorie\/noutati\/\" title=\"Nout\u0103\u021bi\">Nout\u0103\u021bi<\/a>\n<\/span><span class=\"aioseo-breadcrumb-separator\">&raquo;<\/span><span class=\"aioseo-breadcrumb\">\n\t<a href=\"https:\/\/www.teatrulreginamaria.ro\/hu\/categorie\/noutati\/noutati-trupa-arcadia\/\" title=\"Nout\u0103\u021bi - Trupa Arcadia\">Nout\u0103\u021bi - Trupa Arcadia<\/a>\n<\/span><span class=\"aioseo-breadcrumb-separator\">&raquo;<\/span><span class=\"aioseo-breadcrumb\">\n\tRELUAREA ACTIVIT\u0102\u021aII LA TEATRU!\n<\/span><\/div>","aioseo_breadcrumb_json":[{"label":"Home","link":"https:\/\/www.teatrulreginamaria.ro\/hu"},{"label":"Nout\u0103\u021bi","link":"https:\/\/www.teatrulreginamaria.ro\/hu\/categorie\/noutati\/"},{"label":"Nout\u0103\u021bi - Trupa Arcadia","link":"https:\/\/www.teatrulreginamaria.ro\/hu\/categorie\/noutati\/noutati-trupa-arcadia\/"},{"label":"RELUAREA ACTIVIT\u0102\u021aII LA TEATRU!","link":"https:\/\/www.teatrulreginamaria.ro\/hu\/reluarea-activitatii-la-teatru-2\/"}],"acf":[],"_links":{"self":[{"href":"https:\/\/www.teatrulreginamaria.ro\/hu\/wp-json\/wp\/v2\/posts\/1737","targetHints":{"allow":["GET"]}}],"collection":[{"href":"https:\/\/www.teatrulreginamaria.ro\/hu\/wp-json\/wp\/v2\/posts"}],"about":[{"href":"https:\/\/www.teatrulreginamaria.ro\/hu\/wp-json\/wp\/v2\/types\/post"}],"author":[{"embeddable":true,"href":"https:\/\/www.teatrulreginamaria.ro\/hu\/wp-json\/wp\/v2\/users\/1"}],"replies":[{"embeddable":true,"href":"https:\/\/www.teatrulreginamaria.ro\/hu\/wp-json\/wp\/v2\/comments?post=1737"}],"version-history":[{"count":0,"href":"https:\/\/www.teatrulreginamaria.ro\/hu\/wp-json\/wp\/v2\/posts\/1737\/revisions"}],"wp:attachment":[{"href":"https:\/\/www.teatrulreginamaria.ro\/hu\/wp-json\/wp\/v2\/media?parent=1737"}],"wp:term":[{"taxonomy":"category","embeddable":true,"href":"https:\/\/www.teatrulreginamaria.ro\/hu\/wp-json\/wp\/v2\/categories?post=1737"},{"taxonomy":"post_tag","embeddable":true,"href":"https:\/\/www.teatrulreginamaria.ro\/hu\/wp-json\/wp\/v2\/tags?post=1737"}],"curies":[{"name":"munkaf\u00fczet","href":"https:\/\/api.w.org\/{rel}","templated":true}]}}