{"id":1776,"date":"2016-05-30T09:21:41","date_gmt":"2016-05-30T09:21:41","guid":{"rendered":"https:\/\/teatrulreginamaria.ro\/2016\/05\/30\/incepe-festivalul-pentru-copii-arcadia\/"},"modified":"2016-05-30T09:21:41","modified_gmt":"2016-05-30T09:21:41","slug":"arcadia-gyermekfesztival-kezdete","status":"publish","type":"post","link":"https:\/\/www.teatrulreginamaria.ro\/hu\/incepe-festivalul-pentru-copii-arcadia\/","title":{"rendered":"KEZD\u0150DIK AZ ARCADIA GYERMEKFESZTIV\u00c1L"},"content":{"rendered":"<p style=\"text-align: justify;\" align=\"center\"><a href=\"https:\/\/www.teatrulreginamaria.ro\/hu\/arcadia-zenekar\/files\/2016\/05\/afis-fest-mic1.jpg\/\"><\/a>A nagy \u00fcnnep m\u00e9g t\u00fal messze van, de a v\u00e1rakoz\u00e1s kellemes lesz az Arcadia Gyermeksz\u00ednh\u00e1zi Fesztiv\u00e1lnak k\u00f6sz\u00f6nhet\u0151en. A fesztiv\u00e1l, amely imm\u00e1r harmadik kiad\u00e1sa, j\u00faniusban minden h\u00e9tv\u00e9g\u00e9n, j\u00fanius 4-t\u0151l j\u00fanius 26-ig nyitja meg a sz\u00ednh\u00e1z kapuit a b\u00e1bsz\u00ednh\u00e1zi el\u0151ad\u00e1sok minden szerelmese el\u0151tt.<\/p>\n<p><!--more--><\/p>\n<p style=\"text-align: justify;\" align=\"center\">A szervez\u0151k minden koroszt\u00e1ly sz\u00e1m\u00e1ra k\u00e9sz\u00edtettek programokat, bab\u00e1knak (0-3 \u00e9vesek) sz\u00f3l\u00f3 el\u0151ad\u00e1sokkal, b\u00e1b- \u00e9s \u00f6tletes babael\u0151ad\u00e1sokkal, 3D-s d\u00edszletekkel, gyermekzenei el\u0151ad\u00e1sokkal, b\u0171v\u00e9szm\u0171sorokkal \u00e9s szabadt\u00e9ri koncertekkel.<\/p>\n<p style=\"text-align: justify;\">Egy h\u00f3napon \u00e1t a nagyv\u00e1radi sz\u00ednh\u00e1z fiatalokat \u00e9s id\u0151seket egyar\u00e1nt megh\u00edv a t\u00f6rt\u00e9netek var\u00e1zslatos univerzum\u00e1ba, ahol \u00fajra tal\u00e1lkozhatnak azokkal a karakterekkel, akik elb\u0171v\u00f6lt\u00e9k fant\u00e1zi\u00e1jukat. Nagyv\u00e1radon ell\u00e1togat a Herceg, Greuceanu, P\u00e1n P\u00e9ter, Aleodor \u00cemp\u0103rat, Muck cel Mic, A kis herceg, Robin Hood, Jules Verne, Bau \u2013 Bau \u00e9s a legvadabb s\u00e1rk\u00e1nycsal\u00e1d, \u00e9desanyjuk k\u00eds\u00e9ret\u00e9ben. Hadd \u00e1ruljunk el egy titkot: a h\u0151s\u00f6k, akik legy\u0151zik a huncut s\u00e1rk\u00e1nyokat, maguk a gyerekek lesznek a n\u00e9z\u0151t\u00e9ren.<\/p>\n<p style=\"text-align: justify;\">A meglepet\u00e9sek itt m\u00e9g nem \u00e9rtek v\u00e9get. J\u00fanius 13-19. k\u00f6z\u00f6tt az Arcadia Fesztiv\u00e1l elhagyja a sz\u00ednh\u00e1zat, \u00e9s a nagyv\u00e1radi Citadell\u00e1ba k\u00f6lt\u00f6zik, ahol sz\u00e1mos gyermekprogram \u00e9s rendezv\u00e9ny v\u00e1rja a l\u00e1togat\u00f3kat. H\u00e9tf\u0151t\u0151l p\u00e9ntekig tematikus workshopokat tartanak, amelyek c\u00e9lja, hogy pr\u00f3b\u00e1ra tegy\u00e9k minden gyermek kreativit\u00e1s\u00e1t, \u00fcgyess\u00e9g\u00e9t, kalandv\u00e1gy\u00e1t \u00e9s b\u00e1tors\u00e1g\u00e1t. A workshopokat a Rom\u00e1niai Cserk\u00e9szek t\u00e1mogatj\u00e1k, akik s\u00e1rk\u00e1ny\u00e9p\u00edt\u00e9ssel, k\u0151- \u00e9s fafest\u00e9ssel, p\u00f3l\u00f3k\u00e9sz\u00edt\u00e9ssel, origamival, quillinggel, kincskeres\u00e9ssel \u00e9s a legb\u00e1trabbaknak m\u00e1sz\u00f3\u00fattal v\u00e1rj\u00e1k a r\u00e9sztvev\u0151ket. Emellett szabadt\u00e9ri sz\u00ednh\u00e1zi el\u0151ad\u00e1sok is lesznek a Citadell\u00e1ban, a h\u00e9t v\u00e9g\u00e9n pedig a legh\u00edresebb tenorpingvin, a szeretett Apolodor kalandjai Ada Milea karmesterrel \u00e9s k\u00f3rust\u00e1rsaival az amfite\u00e1trumban egy kellemes koncerttel z\u00e1rulnak. Figyelem! Ez a koncert kiz\u00e1r\u00f3lag j\u00f3 gyerekeknek sz\u00f3l. A kev\u00e9sb\u00e9 figyelmes hallgat\u00f3k sz\u00e1m\u00e1ra Ada Milea \u00e9s Bobo Burl\u0103ceanu egy kicsit k\u00e9s\u0151bb, pontosan az \u0151 \u00edzl\u00e9s\u00fckre szabott koncerttel k\u00e9sz\u00fclt.<\/p>\n<p style=\"text-align: justify;\">Szint\u00e9n j\u00fanius 13. \u00e9s 17. k\u00f6z\u00f6tt az Arcadia Csarnokban a legfiatalabb n\u00e9z\u0151ket v\u00e1rj\u00e1k, hogy a n\u00e9gy, bab\u00e1knak szentelt el\u0151ad\u00e1son kereszt\u00fcl el\u0151sz\u00f6r l\u00e9phessenek be a sz\u00ednh\u00e1z vil\u00e1g\u00e1ba.<\/p>\n<p style=\"text-align: justify;\">A meglepet\u00e9sek itt m\u00e9g nem \u00e9rtek v\u00e9get, ez\u00e9rt mindenkit szeretettel v\u00e1runk egy rendk\u00edv\u00fcli, \u00f3ri\u00e1si szappanbubor\u00e9kokkal teli el\u0151ad\u00e1sra, a sz\u00edn\u00e9szeknek \u00e9s sz\u00edn\u00e9szkedvel\u0151knek szentelt \u201eK\u00f6rhintael\u0151ad\u00e1s\u201d c\u00edm\u0171 v\u00e1ndorm\u0171helyre, valamint Trifan L\u00e1szl\u00f3 grafikus 20 \u00e9ve k\u00e9sz\u00edtett plak\u00e1tjainak ki\u00e1ll\u00edt\u00e1s\u00e1ra az Arcadia Sz\u00ednh\u00e1zban.<\/p>\n<p style=\"text-align: justify;\">A fesztiv\u00e1l idei kiad\u00e1sa Bukarestb\u0151l, Gal\u00e1cb\u00f3l, Aradb\u00f3l, Gyulafeh\u00e9rv\u00e1rr\u00f3l, Kolozsv\u00e1rr\u00f3l, Temesv\u00e1rr\u00f3l \u00e9s Ploie\u015fti-r\u0151l h\u00edv sz\u00ednh\u00e1zakat \u00e9s f\u00fcggetlen t\u00e1rsulatokat, \u00f6sszesen mintegy 150 vend\u00e9ggel, 12 el\u0151ad\u00e1ssal hagyom\u00e1nyos terekben \u00e9s 6 rendezv\u00e9nysel a v\u00e1radi fellegv\u00e1rban.<\/p>\n<p style=\"text-align: justify;\">Ugyanakkor a fesztiv\u00e1l m\u00e1s m\u0171v\u00e9szeti esem\u00e9nyeket is mag\u00e1ban foglal: a Sz\u00ednh\u00e1zi K\u00f6r \u201eL\u00f3tuszvir\u00e1g\u201d Fesztiv\u00e1lj\u00e1t a Nagyv\u00e1radi Gyermek- \u00e9s Di\u00e1kpalot\u00e1ban, valamint a \u201eL\u00e9lek t\u00fckr\u00f6z\u0151d\u00e9se az irodalomban\u201d k\u00f6z\u00e9piskol\u00e1k k\u00f6z\u00f6tti versenyfesztiv\u00e1lt.<\/p>\n<p style=\"text-align: justify;\">A nagyv\u00e1radi Citadell\u00e1ban megrendez\u00e9sre ker\u00fcl\u0151 Arcadia Gyermekfesztiv\u00e1l egy kultur\u00e1lis projekt, amelyet a Nagyv\u00e1radi Nemzetk\u00f6zi Sz\u00ednh\u00e1zi Fesztiv\u00e1l Kultur\u00e1lis Alap\u00edtv\u00e1ny szervez, a Nemzeti Kultur\u00e1lis Alap Igazgat\u00f3s\u00e1ga finansz\u00edroz, a Regina Maria Sz\u00ednh\u00e1z \u00e9s a Nagyv\u00e1radi \u00e9s R\u00e9gi\u00f3 Turisztikai El\u0151mozd\u00edt\u00e1s\u00e1\u00e9rt Egyes\u00fclet t\u00e1rsfinansz\u00edroz, valamint a Nagyv\u00e1radi V\u00e1rosh\u00e1z\u00e1val \u00e9s a Rom\u00e1n Cserk\u00e9szek Orsz\u00e1gos Szervezet\u00e9vel - Nagyv\u00e1radi Helyi K\u00f6zponttal partners\u00e9gben val\u00f3s\u00edt meg.<\/p>\n<p style=\"text-align: justify;\">A jegyek a sz\u00ednh\u00e1z jegyirod\u00e1j\u00e1ban kaphat\u00f3k h\u00e9tf\u0151t\u0151l p\u00e9ntekig 10:00 \u00e9s 19:00 \u00f3ra k\u00f6z\u00f6tt, h\u00e9tv\u00e9g\u00e9n pedig 10:00 \u00e9s 13:00 \u00f3ra k\u00f6z\u00f6tt. Jegyeket minden el\u0151ad\u00e1s el\u0151tt egy \u00f3r\u00e1val, vagy online is v\u00e1s\u00e1rolhat a <a href=\"http:\/\/www.biletmaster.ro\/\">www.biletmaster.ro<\/a>.<\/p>\n<p style=\"text-align: justify;\">Tov\u00e1bbi inform\u00e1ci\u00f3\u00e9rt \u00e9s jegyfoglal\u00e1s\u00e9rt k\u00e9rj\u00fck, h\u00edvja a 0259\/440.742-es telefonsz\u00e1mot.<\/p>\n<p style=\"text-align: justify;\">V\u00e1runk a sz\u00ednh\u00e1zban!<\/p>\n<p style=\"text-align: justify;\">\u00a0<\/p>","protected":false},"excerpt":{"rendered":"<p>A nagy \u00fcnnep m\u00e9g t\u00fal messze van, de a v\u00e1rakoz\u00e1s kellemes lesz az Arcadia Gyermeksz\u00ednh\u00e1zi Fesztiv\u00e1lnak k\u00f6sz\u00f6nhet\u0151en. A fesztiv\u00e1l, amely imm\u00e1r harmadik kiad\u00e1sa, j\u00faniusban minden h\u00e9tv\u00e9g\u00e9n, j\u00fanius 4-t\u0151l j\u00fanius 26-ig nyitja meg a sz\u00ednh\u00e1z kapuit a b\u00e1bsz\u00ednh\u00e1zi el\u0151ad\u00e1sok minden szerelmese el\u0151tt.<\/p>","protected":false},"author":1,"featured_media":0,"comment_status":"open","ping_status":"open","sticky":false,"template":"","format":"standard","meta":{"_acf_changed":false,"footnotes":""},"categories":[37],"tags":[],"class_list":["post-1776","post","type-post","status-publish","format-standard","hentry","category-noutati-trupa-arcadia"],"aioseo_notices":[],"aioseo_head":"\n\t\t<!-- All in One SEO Pro 5.0.1.1 - aioseo.com -->\n\t<meta name=\"description\" content=\"Vacan\u0163a mare e prea departe, dar a\u015fteptarea ei va fi pl\u0103cut\u0103 datorit\u0103 Festivalului de teatru pentru copii Arcadia. Festivalul, ajuns la a III \u2013 a edi\u0163ie, va deschide por\u0163ile teatrului la fiecare sf\u00e2r\u015fit de s\u0103pt\u0103m\u00e2n\u0103 a lunii iunie, \u00eencep\u00e2nd cu 4 iunie p\u00e2n\u0103 \u00een 26 iunie, pentru to\u0163i iubitorii de spectacole de teatru de p\u0103pu\u015fi.\" \/>\n\t<meta name=\"robots\" content=\"max-image-preview:large\" \/>\n\t<meta name=\"author\" content=\"Teatrul Regina Maria\"\/>\n\t<link rel=\"canonical\" href=\"https:\/\/www.teatrulreginamaria.ro\/hu\/incepe-festivalul-pentru-copii-arcadia\/\" \/>\n\t<meta name=\"generator\" content=\"All in One SEO Pro (AIOSEO) 5.0.1.1\" \/>\n\t\t<meta property=\"og:locale\" content=\"hu_HU\" \/>\n\t\t<meta property=\"og:site_name\" content=\"Teatrul Regina Maria Oradea - Trupa Iosif Vulcan \u0219i Trupa Arcadia\" \/>\n\t\t<meta property=\"og:type\" content=\"article\" \/>\n\t\t<meta property=\"og:title\" content=\"\u00ceNCEPE FESTIVALUL PENTRU COPII ARCADIA - Teatrul Regina Maria Oradea\" \/>\n\t\t<meta property=\"og:description\" content=\"Vacan\u0163a mare e prea departe, dar a\u015fteptarea ei va fi pl\u0103cut\u0103 datorit\u0103 Festivalului de teatru pentru copii Arcadia. Festivalul, ajuns la a III \u2013 a edi\u0163ie, va deschide por\u0163ile teatrului la fiecare sf\u00e2r\u015fit de s\u0103pt\u0103m\u00e2n\u0103 a lunii iunie, \u00eencep\u00e2nd cu 4 iunie p\u00e2n\u0103 \u00een 26 iunie, pentru to\u0163i iubitorii de spectacole de teatru de p\u0103pu\u015fi.\" \/>\n\t\t<meta property=\"og:url\" content=\"https:\/\/www.teatrulreginamaria.ro\/hu\/incepe-festivalul-pentru-copii-arcadia\/\" \/>\n\t\t<meta property=\"og:image\" content=\"https:\/\/www.teatrulreginamaria.ro\/wp-content\/uploads\/2025\/03\/trm-istoric-01.jpg\" \/>\n\t\t<meta property=\"og:image:secure_url\" content=\"https:\/\/www.teatrulreginamaria.ro\/wp-content\/uploads\/2025\/03\/trm-istoric-01.jpg\" \/>\n\t\t<meta property=\"og:image:width\" content=\"1200\" \/>\n\t\t<meta property=\"og:image:height\" content=\"800\" \/>\n\t\t<meta property=\"article:published_time\" content=\"2016-05-30T09:21:41+00:00\" \/>\n\t\t<meta property=\"article:modified_time\" content=\"2016-05-30T09:21:41+00:00\" \/>\n\t\t<meta property=\"article:publisher\" content=\"https:\/\/www.facebook.com\/TRMTrupaIosifVulcan\/\" \/>\n\t\t<meta name=\"twitter:card\" content=\"summary_large_image\" \/>\n\t\t<meta name=\"twitter:site\" content=\"@TRMOradea\" \/>\n\t\t<meta name=\"twitter:title\" content=\"\u00ceNCEPE FESTIVALUL PENTRU COPII ARCADIA - Teatrul Regina Maria Oradea\" \/>\n\t\t<meta name=\"twitter:description\" content=\"Vacan\u0163a mare e prea departe, dar a\u015fteptarea ei va fi pl\u0103cut\u0103 datorit\u0103 Festivalului de teatru pentru copii Arcadia. Festivalul, ajuns la a III \u2013 a edi\u0163ie, va deschide por\u0163ile teatrului la fiecare sf\u00e2r\u015fit de s\u0103pt\u0103m\u00e2n\u0103 a lunii iunie, \u00eencep\u00e2nd cu 4 iunie p\u00e2n\u0103 \u00een 26 iunie, pentru to\u0163i iubitorii de spectacole de teatru de p\u0103pu\u015fi.\" \/>\n\t\t<meta name=\"twitter:creator\" content=\"@TRMOradea\" \/>\n\t\t<meta name=\"twitter:image\" content=\"https:\/\/www.teatrulreginamaria.ro\/wp-content\/uploads\/2025\/03\/trm-istoric-01.jpg\" \/>\n\t\t<script type=\"application\/ld+json\" class=\"aioseo-schema\">\n\t\t\t{\"@context\":\"https:\\\/\\\/schema.org\",\"@graph\":[{\"@type\":\"BlogPosting\",\"@id\":\"https:\\\/\\\/www.teatrulreginamaria.ro\\\/hu\\\/incepe-festivalul-pentru-copii-arcadia\\\/#blogposting\",\"name\":\"\\u00ceNCEPE FESTIVALUL PENTRU COPII ARCADIA - Teatrul Regina Maria Oradea\",\"headline\":\"\\u00ceNCEPE FESTIVALUL PENTRU COPII ARCADIA\",\"author\":{\"@id\":\"https:\\\/\\\/www.teatrulreginamaria.ro\\\/hu\\\/author\\\/iulianm\\\/#author\"},\"publisher\":{\"@id\":\"https:\\\/\\\/www.teatrulreginamaria.ro\\\/hu\\\/#organization\"},\"image\":{\"@type\":\"ImageObject\",\"url\":\"https:\\\/\\\/www.teatrulreginamaria.ro\\\/wp-content\\\/uploads\\\/2025\\\/06\\\/logo-trm-01-dark.png\",\"@id\":\"https:\\\/\\\/www.teatrulreginamaria.ro\\\/hu\\\/#articleImage\",\"width\":300,\"height\":148},\"datePublished\":\"2016-05-30T09:21:41+03:00\",\"dateModified\":\"2016-05-30T09:21:41+03:00\",\"inLanguage\":\"hu-HU\",\"mainEntityOfPage\":{\"@id\":\"https:\\\/\\\/www.teatrulreginamaria.ro\\\/hu\\\/incepe-festivalul-pentru-copii-arcadia\\\/#webpage\"},\"isPartOf\":{\"@id\":\"https:\\\/\\\/www.teatrulreginamaria.ro\\\/hu\\\/incepe-festivalul-pentru-copii-arcadia\\\/#webpage\"},\"articleSection\":\"Nout\\u0103\\u021bi - Trupa Arcadia\"},{\"@type\":\"BreadcrumbList\",\"@id\":\"https:\\\/\\\/www.teatrulreginamaria.ro\\\/hu\\\/incepe-festivalul-pentru-copii-arcadia\\\/#breadcrumblist\",\"itemListElement\":[{\"@type\":\"ListItem\",\"@id\":\"https:\\\/\\\/www.teatrulreginamaria.ro\\\/hu#listItem\",\"position\":1,\"name\":\"Home\",\"item\":\"https:\\\/\\\/www.teatrulreginamaria.ro\\\/hu\",\"nextItem\":{\"@type\":\"ListItem\",\"@id\":\"https:\\\/\\\/www.teatrulreginamaria.ro\\\/hu\\\/categorie\\\/noutati\\\/#listItem\",\"name\":\"Nout\\u0103\\u021bi\"}},{\"@type\":\"ListItem\",\"@id\":\"https:\\\/\\\/www.teatrulreginamaria.ro\\\/hu\\\/categorie\\\/noutati\\\/#listItem\",\"position\":2,\"name\":\"Nout\\u0103\\u021bi\",\"item\":\"https:\\\/\\\/www.teatrulreginamaria.ro\\\/hu\\\/categorie\\\/noutati\\\/\",\"nextItem\":{\"@type\":\"ListItem\",\"@id\":\"https:\\\/\\\/www.teatrulreginamaria.ro\\\/hu\\\/categorie\\\/noutati\\\/noutati-trupa-arcadia\\\/#listItem\",\"name\":\"Nout\\u0103\\u021bi - Trupa Arcadia\"},\"previousItem\":{\"@type\":\"ListItem\",\"@id\":\"https:\\\/\\\/www.teatrulreginamaria.ro\\\/hu#listItem\",\"name\":\"Home\"}},{\"@type\":\"ListItem\",\"@id\":\"https:\\\/\\\/www.teatrulreginamaria.ro\\\/hu\\\/categorie\\\/noutati\\\/noutati-trupa-arcadia\\\/#listItem\",\"position\":3,\"name\":\"Nout\\u0103\\u021bi - Trupa Arcadia\",\"item\":\"https:\\\/\\\/www.teatrulreginamaria.ro\\\/hu\\\/categorie\\\/noutati\\\/noutati-trupa-arcadia\\\/\",\"nextItem\":{\"@type\":\"ListItem\",\"@id\":\"https:\\\/\\\/www.teatrulreginamaria.ro\\\/hu\\\/incepe-festivalul-pentru-copii-arcadia\\\/#listItem\",\"name\":\"\\u00ceNCEPE FESTIVALUL PENTRU COPII ARCADIA\"},\"previousItem\":{\"@type\":\"ListItem\",\"@id\":\"https:\\\/\\\/www.teatrulreginamaria.ro\\\/hu\\\/categorie\\\/noutati\\\/#listItem\",\"name\":\"Nout\\u0103\\u021bi\"}},{\"@type\":\"ListItem\",\"@id\":\"https:\\\/\\\/www.teatrulreginamaria.ro\\\/hu\\\/incepe-festivalul-pentru-copii-arcadia\\\/#listItem\",\"position\":4,\"name\":\"\\u00ceNCEPE FESTIVALUL PENTRU COPII ARCADIA\",\"previousItem\":{\"@type\":\"ListItem\",\"@id\":\"https:\\\/\\\/www.teatrulreginamaria.ro\\\/hu\\\/categorie\\\/noutati\\\/noutati-trupa-arcadia\\\/#listItem\",\"name\":\"Nout\\u0103\\u021bi - Trupa Arcadia\"}}]},{\"@type\":\"Organization\",\"@id\":\"https:\\\/\\\/www.teatrulreginamaria.ro\\\/hu\\\/#organization\",\"name\":\"Teatrul Regina Maria Oradea\",\"description\":\"Trupa Iosif Vulcan \\u0219i Trupa Arcadia\",\"url\":\"https:\\\/\\\/www.teatrulreginamaria.ro\\\/hu\\\/\",\"email\":\"marketing@teatrulreginamaria.ro\",\"telephone\":\"+40359411534\",\"numberOfEmployees\":{\"@type\":\"QuantitativeValue\",\"minValue\":0,\"maxValue\":150},\"logo\":{\"@type\":\"ImageObject\",\"url\":\"https:\\\/\\\/www.teatrulreginamaria.ro\\\/wp-content\\\/uploads\\\/2025\\\/06\\\/logo-trm-01-dark.png\",\"@id\":\"https:\\\/\\\/www.teatrulreginamaria.ro\\\/hu\\\/incepe-festivalul-pentru-copii-arcadia\\\/#organizationLogo\",\"width\":300,\"height\":148},\"image\":{\"@id\":\"https:\\\/\\\/www.teatrulreginamaria.ro\\\/hu\\\/incepe-festivalul-pentru-copii-arcadia\\\/#organizationLogo\"},\"sameAs\":[\"https:\\\/\\\/www.facebook.com\\\/TRMTrupaIosifVulcan\\\/\",\"https:\\\/\\\/x.com\\\/TRMOradea\",\"https:\\\/\\\/www.instagram.com\\\/teatrul_regina_maria\\\/\",\"https:\\\/\\\/www.youtube.com\\\/c\\\/TeatrulReginaMariaOradea\",\"https:\\\/\\\/www.linkedin.com\\\/company\\\/teatrul-regina-maria\"]},{\"@type\":\"Person\",\"@id\":\"https:\\\/\\\/www.teatrulreginamaria.ro\\\/hu\\\/author\\\/iulianm\\\/#author\",\"url\":\"https:\\\/\\\/www.teatrulreginamaria.ro\\\/hu\\\/author\\\/iulianm\\\/\",\"name\":\"Teatrul Regina Maria\",\"image\":{\"@type\":\"ImageObject\",\"@id\":\"https:\\\/\\\/www.teatrulreginamaria.ro\\\/hu\\\/incepe-festivalul-pentru-copii-arcadia\\\/#authorImage\",\"url\":\"https:\\\/\\\/secure.gravatar.com\\\/avatar\\\/49af75bc1b3eb710073d2f37927ea27e6c274a29562ef49edfc6bcf11b9e941d?s=96&d=mm&r=g\",\"width\":96,\"height\":96,\"caption\":\"Teatrul Regina Maria\"}},{\"@type\":\"WebPage\",\"@id\":\"https:\\\/\\\/www.teatrulreginamaria.ro\\\/hu\\\/incepe-festivalul-pentru-copii-arcadia\\\/#webpage\",\"url\":\"https:\\\/\\\/www.teatrulreginamaria.ro\\\/hu\\\/incepe-festivalul-pentru-copii-arcadia\\\/\",\"name\":\"\\u00ceNCEPE FESTIVALUL PENTRU COPII ARCADIA - Teatrul Regina Maria Oradea\",\"description\":\"Vacan\\u0163a mare e prea departe, dar a\\u015fteptarea ei va fi pl\\u0103cut\\u0103 datorit\\u0103 Festivalului de teatru pentru copii Arcadia. Festivalul, ajuns la a III \\u2013 a edi\\u0163ie, va deschide por\\u0163ile teatrului la fiecare sf\\u00e2r\\u015fit de s\\u0103pt\\u0103m\\u00e2n\\u0103 a lunii iunie, \\u00eencep\\u00e2nd cu 4 iunie p\\u00e2n\\u0103 \\u00een 26 iunie, pentru to\\u0163i iubitorii de spectacole de teatru de p\\u0103pu\\u015fi.\",\"inLanguage\":\"hu-HU\",\"isPartOf\":{\"@id\":\"https:\\\/\\\/www.teatrulreginamaria.ro\\\/hu\\\/#website\"},\"breadcrumb\":{\"@id\":\"https:\\\/\\\/www.teatrulreginamaria.ro\\\/hu\\\/incepe-festivalul-pentru-copii-arcadia\\\/#breadcrumblist\"},\"author\":{\"@id\":\"https:\\\/\\\/www.teatrulreginamaria.ro\\\/hu\\\/author\\\/iulianm\\\/#author\"},\"creator\":{\"@id\":\"https:\\\/\\\/www.teatrulreginamaria.ro\\\/hu\\\/author\\\/iulianm\\\/#author\"},\"datePublished\":\"2016-05-30T09:21:41+03:00\",\"dateModified\":\"2016-05-30T09:21:41+03:00\"},{\"@type\":\"WebSite\",\"@id\":\"https:\\\/\\\/www.teatrulreginamaria.ro\\\/hu\\\/#website\",\"url\":\"https:\\\/\\\/www.teatrulreginamaria.ro\\\/hu\\\/\",\"name\":\"Teatrul Regina Maria Oradea\",\"alternateName\":\"TRM Oradea\",\"description\":\"Trupa Iosif Vulcan \\u0219i Trupa Arcadia\",\"inLanguage\":\"hu-HU\",\"publisher\":{\"@id\":\"https:\\\/\\\/www.teatrulreginamaria.ro\\\/hu\\\/#organization\"}}]}\n\t\t<\/script>\n\t\t<!-- All in One SEO Pro -->\r\n\t\t<title>\u00ceNCEPE FESTIVALUL PENTRU COPII ARCADIA - Teatrul Regina Maria Oradea<\/title>\n\n","aioseo_head_json":{"title":"KEZD\u0150DIK AZ ARCADIA GYERMEKFESZTIV\u00c1L - Regina Maria Sz\u00ednh\u00e1z, Nagyv\u00e1radi","description":"A nagy \u00fcnnep m\u00e9g t\u00fal messze van, de a v\u00e1rakoz\u00e1s kellemes lesz az Arcadia Gyermeksz\u00ednh\u00e1zi Fesztiv\u00e1lnak k\u00f6sz\u00f6nhet\u0151en. A fesztiv\u00e1l, amely imm\u00e1r harmadik kiad\u00e1sa, j\u00faniusban minden h\u00e9tv\u00e9g\u00e9n, j\u00fanius 4-t\u0151l j\u00fanius 26-ig nyitja meg a sz\u00ednh\u00e1z kapuit a b\u00e1bsz\u00ednh\u00e1zi el\u0151ad\u00e1sok minden szerelmese el\u0151tt.","canonical_url":"https:\/\/www.teatrulreginamaria.ro\/hu\/incepe-festivalul-pentru-copii-arcadia\/","robots":"max-image-preview:large","keywords":"","webmasterTools":{"miscellaneous":""},"schema":{"@context":"https:\/\/schema.org","@graph":[{"@type":"BlogPosting","@id":"https:\/\/www.teatrulreginamaria.ro\/hu\/incepe-festivalul-pentru-copii-arcadia\/#blogposting","name":"\u00ceNCEPE FESTIVALUL PENTRU COPII ARCADIA - Teatrul Regina Maria Oradea","headline":"\u00ceNCEPE FESTIVALUL PENTRU COPII ARCADIA","author":{"@id":"https:\/\/www.teatrulreginamaria.ro\/hu\/author\/iulianm\/#author"},"publisher":{"@id":"https:\/\/www.teatrulreginamaria.ro\/hu\/#organization"},"image":{"@type":"ImageObject","url":"https:\/\/www.teatrulreginamaria.ro\/wp-content\/uploads\/2025\/06\/logo-trm-01-dark.png","@id":"https:\/\/www.teatrulreginamaria.ro\/hu\/#articleImage","width":300,"height":148},"datePublished":"2016-05-30T09:21:41+03:00","dateModified":"2016-05-30T09:21:41+03:00","inLanguage":"hu-HU","mainEntityOfPage":{"@id":"https:\/\/www.teatrulreginamaria.ro\/hu\/incepe-festivalul-pentru-copii-arcadia\/#webpage"},"isPartOf":{"@id":"https:\/\/www.teatrulreginamaria.ro\/hu\/incepe-festivalul-pentru-copii-arcadia\/#webpage"},"articleSection":"Nout\u0103\u021bi - Trupa Arcadia"},{"@type":"BreadcrumbList","@id":"https:\/\/www.teatrulreginamaria.ro\/hu\/incepe-festivalul-pentru-copii-arcadia\/#breadcrumblist","itemListElement":[{"@type":"ListItem","@id":"https:\/\/www.teatrulreginamaria.ro\/hu#listItem","position":1,"name":"Home","item":"https:\/\/www.teatrulreginamaria.ro\/hu","nextItem":{"@type":"ListItem","@id":"https:\/\/www.teatrulreginamaria.ro\/hu\/categorie\/noutati\/#listItem","name":"Nout\u0103\u021bi"}},{"@type":"ListItem","@id":"https:\/\/www.teatrulreginamaria.ro\/hu\/categorie\/noutati\/#listItem","position":2,"name":"Nout\u0103\u021bi","item":"https:\/\/www.teatrulreginamaria.ro\/hu\/categorie\/noutati\/","nextItem":{"@type":"ListItem","@id":"https:\/\/www.teatrulreginamaria.ro\/hu\/categorie\/noutati\/noutati-trupa-arcadia\/#listItem","name":"Nout\u0103\u021bi - Trupa Arcadia"},"previousItem":{"@type":"ListItem","@id":"https:\/\/www.teatrulreginamaria.ro\/hu#listItem","name":"Home"}},{"@type":"ListItem","@id":"https:\/\/www.teatrulreginamaria.ro\/hu\/categorie\/noutati\/noutati-trupa-arcadia\/#listItem","position":3,"name":"Nout\u0103\u021bi - Trupa Arcadia","item":"https:\/\/www.teatrulreginamaria.ro\/hu\/categorie\/noutati\/noutati-trupa-arcadia\/","nextItem":{"@type":"ListItem","@id":"https:\/\/www.teatrulreginamaria.ro\/hu\/incepe-festivalul-pentru-copii-arcadia\/#listItem","name":"\u00ceNCEPE FESTIVALUL PENTRU COPII ARCADIA"},"previousItem":{"@type":"ListItem","@id":"https:\/\/www.teatrulreginamaria.ro\/hu\/categorie\/noutati\/#listItem","name":"Nout\u0103\u021bi"}},{"@type":"ListItem","@id":"https:\/\/www.teatrulreginamaria.ro\/hu\/incepe-festivalul-pentru-copii-arcadia\/#listItem","position":4,"name":"\u00ceNCEPE FESTIVALUL PENTRU COPII ARCADIA","previousItem":{"@type":"ListItem","@id":"https:\/\/www.teatrulreginamaria.ro\/hu\/categorie\/noutati\/noutati-trupa-arcadia\/#listItem","name":"Nout\u0103\u021bi - Trupa Arcadia"}}]},{"@type":"Organization","@id":"https:\/\/www.teatrulreginamaria.ro\/hu\/#organization","name":"Teatrul Regina Maria Oradea","description":"Trupa Iosif Vulcan \u0219i Trupa Arcadia","url":"https:\/\/www.teatrulreginamaria.ro\/hu\/","email":"marketing@teatrulreginamaria.ro","telephone":"+40359411534","numberOfEmployees":{"@type":"QuantitativeValue","minValue":0,"maxValue":150},"logo":{"@type":"ImageObject","url":"https:\/\/www.teatrulreginamaria.ro\/wp-content\/uploads\/2025\/06\/logo-trm-01-dark.png","@id":"https:\/\/www.teatrulreginamaria.ro\/hu\/incepe-festivalul-pentru-copii-arcadia\/#organizationLogo","width":300,"height":148},"image":{"@id":"https:\/\/www.teatrulreginamaria.ro\/hu\/incepe-festivalul-pentru-copii-arcadia\/#organizationLogo"},"sameAs":["https:\/\/www.facebook.com\/TRMTrupaIosifVulcan\/","https:\/\/x.com\/TRMOradea","https:\/\/www.instagram.com\/teatrul_regina_maria\/","https:\/\/www.youtube.com\/c\/TeatrulReginaMariaOradea","https:\/\/www.linkedin.com\/company\/teatrul-regina-maria"]},{"@type":"Person","@id":"https:\/\/www.teatrulreginamaria.ro\/hu\/author\/iulianm\/#author","url":"https:\/\/www.teatrulreginamaria.ro\/hu\/author\/iulianm\/","name":"Teatrul Regina Maria","image":{"@type":"ImageObject","@id":"https:\/\/www.teatrulreginamaria.ro\/hu\/incepe-festivalul-pentru-copii-arcadia\/#authorImage","url":"https:\/\/secure.gravatar.com\/avatar\/49af75bc1b3eb710073d2f37927ea27e6c274a29562ef49edfc6bcf11b9e941d?s=96&d=mm&r=g","width":96,"height":96,"caption":"Teatrul Regina Maria"}},{"@type":"WebPage","@id":"https:\/\/www.teatrulreginamaria.ro\/hu\/incepe-festivalul-pentru-copii-arcadia\/#webpage","url":"https:\/\/www.teatrulreginamaria.ro\/hu\/incepe-festivalul-pentru-copii-arcadia\/","name":"\u00ceNCEPE FESTIVALUL PENTRU COPII ARCADIA - Teatrul Regina Maria Oradea","description":"Vacan\u0163a mare e prea departe, dar a\u015fteptarea ei va fi pl\u0103cut\u0103 datorit\u0103 Festivalului de teatru pentru copii Arcadia. Festivalul, ajuns la a III \u2013 a edi\u0163ie, va deschide por\u0163ile teatrului la fiecare sf\u00e2r\u015fit de s\u0103pt\u0103m\u00e2n\u0103 a lunii iunie, \u00eencep\u00e2nd cu 4 iunie p\u00e2n\u0103 \u00een 26 iunie, pentru to\u0163i iubitorii de spectacole de teatru de p\u0103pu\u015fi.","inLanguage":"hu-HU","isPartOf":{"@id":"https:\/\/www.teatrulreginamaria.ro\/hu\/#website"},"breadcrumb":{"@id":"https:\/\/www.teatrulreginamaria.ro\/hu\/incepe-festivalul-pentru-copii-arcadia\/#breadcrumblist"},"author":{"@id":"https:\/\/www.teatrulreginamaria.ro\/hu\/author\/iulianm\/#author"},"creator":{"@id":"https:\/\/www.teatrulreginamaria.ro\/hu\/author\/iulianm\/#author"},"datePublished":"2016-05-30T09:21:41+03:00","dateModified":"2016-05-30T09:21:41+03:00"},{"@type":"WebSite","@id":"https:\/\/www.teatrulreginamaria.ro\/hu\/#website","url":"https:\/\/www.teatrulreginamaria.ro\/hu\/","name":"Teatrul Regina Maria Oradea","alternateName":"TRM Oradea","description":"Trupa Iosif Vulcan \u0219i Trupa Arcadia","inLanguage":"hu-HU","publisher":{"@id":"https:\/\/www.teatrulreginamaria.ro\/hu\/#organization"}}]},"og:locale":"hu_HU","og:site_name":"Teatrul Regina Maria Oradea - Trupa Iosif Vulcan \u0219i Trupa Arcadia","og:type":"article","og:title":"\u00ceNCEPE FESTIVALUL PENTRU COPII ARCADIA - Teatrul Regina Maria Oradea","og:description":"Vacan\u0163a mare e prea departe, dar a\u015fteptarea ei va fi pl\u0103cut\u0103 datorit\u0103 Festivalului de teatru pentru copii Arcadia. Festivalul, ajuns la a III \u2013 a edi\u0163ie, va deschide por\u0163ile teatrului la fiecare sf\u00e2r\u015fit de s\u0103pt\u0103m\u00e2n\u0103 a lunii iunie, \u00eencep\u00e2nd cu 4 iunie p\u00e2n\u0103 \u00een 26 iunie, pentru to\u0163i iubitorii de spectacole de teatru de p\u0103pu\u015fi.","og:url":"https:\/\/www.teatrulreginamaria.ro\/hu\/incepe-festivalul-pentru-copii-arcadia\/","og:image":"https:\/\/www.teatrulreginamaria.ro\/wp-content\/uploads\/2025\/03\/trm-istoric-01.jpg","og:image:secure_url":"https:\/\/www.teatrulreginamaria.ro\/wp-content\/uploads\/2025\/03\/trm-istoric-01.jpg","og:image:width":1200,"og:image:height":800,"article:published_time":"2016-05-30T09:21:41+00:00","article:modified_time":"2016-05-30T09:21:41+00:00","article:publisher":"https:\/\/www.facebook.com\/TRMTrupaIosifVulcan\/","twitter:card":"summary_large_image","twitter:site":"@TRMOradea","twitter:title":"\u00ceNCEPE FESTIVALUL PENTRU COPII ARCADIA - Teatrul Regina Maria Oradea","twitter:description":"Vacan\u0163a mare e prea departe, dar a\u015fteptarea ei va fi pl\u0103cut\u0103 datorit\u0103 Festivalului de teatru pentru copii Arcadia. Festivalul, ajuns la a III \u2013 a edi\u0163ie, va deschide por\u0163ile teatrului la fiecare sf\u00e2r\u015fit de s\u0103pt\u0103m\u00e2n\u0103 a lunii iunie, \u00eencep\u00e2nd cu 4 iunie p\u00e2n\u0103 \u00een 26 iunie, pentru to\u0163i iubitorii de spectacole de teatru de p\u0103pu\u015fi.","twitter:creator":"@TRMOradea","twitter:image":"https:\/\/www.teatrulreginamaria.ro\/wp-content\/uploads\/2025\/03\/trm-istoric-01.jpg"},"aioseo_meta_data":{"post_id":"1776","title":null,"description":null,"keywords":null,"keyphrases":null,"primary_term":null,"canonical_url":null,"og_title":null,"og_description":null,"og_object_type":"default","og_image_type":"default","og_image_url":null,"og_image_width":null,"og_image_height":null,"og_image_custom_url":null,"og_image_custom_fields":null,"og_video":null,"og_custom_url":null,"og_article_section":null,"og_article_tags":null,"twitter_use_og":false,"twitter_card":"default","twitter_image_type":"default","twitter_image_url":null,"twitter_image_custom_url":null,"twitter_image_custom_fields":null,"twitter_title":null,"twitter_description":null,"schema":{"blockGraphs":[],"customGraphs":[],"default":{"data":{"Article":[],"Course":[],"Dataset":[],"FAQPage":[],"Movie":[],"Person":[],"Product":[],"ProductReview":[],"Car":[],"Recipe":[],"Service":[],"SoftwareApplication":[],"WebPage":[]},"graphName":"","isEnabled":true},"graphs":[]},"schema_type":"default","schema_type_options":null,"pillar_content":false,"robots_default":true,"robots_noindex":false,"robots_noarchive":false,"robots_nosnippet":false,"robots_nofollow":false,"robots_noimageindex":false,"robots_noodp":false,"robots_notranslate":false,"robots_max_snippet":null,"robots_max_videopreview":null,"robots_max_imagepreview":"large","priority":null,"frequency":null,"local_seo":null,"seo_analyzer_scan_date":"2026-05-13 01:12:50","breadcrumb_settings":null,"limit_modified_date":false,"reviewed_by":null,"open_ai":null,"ai":null,"created":"2025-04-09 17:40:57","updated":"2026-05-13 01:12:50","focus_keyword":null,"additional_keywords":null,"truseo_locale":null},"aioseo_breadcrumb":"<div class=\"aioseo-breadcrumbs\"><span class=\"aioseo-breadcrumb\">\n\t<a href=\"https:\/\/www.teatrulreginamaria.ro\/hu\" title=\"Home\">Home<\/a>\n<\/span><span class=\"aioseo-breadcrumb-separator\">&raquo;<\/span><span class=\"aioseo-breadcrumb\">\n\t<a href=\"https:\/\/www.teatrulreginamaria.ro\/hu\/categorie\/noutati\/\" title=\"Nout\u0103\u021bi\">Nout\u0103\u021bi<\/a>\n<\/span><span class=\"aioseo-breadcrumb-separator\">&raquo;<\/span><span class=\"aioseo-breadcrumb\">\n\t<a href=\"https:\/\/www.teatrulreginamaria.ro\/hu\/categorie\/noutati\/noutati-trupa-arcadia\/\" title=\"Nout\u0103\u021bi - Trupa Arcadia\">Nout\u0103\u021bi - Trupa Arcadia<\/a>\n<\/span><span class=\"aioseo-breadcrumb-separator\">&raquo;<\/span><span class=\"aioseo-breadcrumb\">\n\t\u00ceNCEPE FESTIVALUL PENTRU COPII ARCADIA\n<\/span><\/div>","aioseo_breadcrumb_json":[{"label":"Home","link":"https:\/\/www.teatrulreginamaria.ro\/hu"},{"label":"Nout\u0103\u021bi","link":"https:\/\/www.teatrulreginamaria.ro\/hu\/categorie\/noutati\/"},{"label":"Nout\u0103\u021bi - Trupa Arcadia","link":"https:\/\/www.teatrulreginamaria.ro\/hu\/categorie\/noutati\/noutati-trupa-arcadia\/"},{"label":"\u00ceNCEPE FESTIVALUL PENTRU COPII ARCADIA","link":"https:\/\/www.teatrulreginamaria.ro\/hu\/incepe-festivalul-pentru-copii-arcadia\/"}],"acf":[],"_links":{"self":[{"href":"https:\/\/www.teatrulreginamaria.ro\/hu\/wp-json\/wp\/v2\/posts\/1776","targetHints":{"allow":["GET"]}}],"collection":[{"href":"https:\/\/www.teatrulreginamaria.ro\/hu\/wp-json\/wp\/v2\/posts"}],"about":[{"href":"https:\/\/www.teatrulreginamaria.ro\/hu\/wp-json\/wp\/v2\/types\/post"}],"author":[{"embeddable":true,"href":"https:\/\/www.teatrulreginamaria.ro\/hu\/wp-json\/wp\/v2\/users\/1"}],"replies":[{"embeddable":true,"href":"https:\/\/www.teatrulreginamaria.ro\/hu\/wp-json\/wp\/v2\/comments?post=1776"}],"version-history":[{"count":0,"href":"https:\/\/www.teatrulreginamaria.ro\/hu\/wp-json\/wp\/v2\/posts\/1776\/revisions"}],"wp:attachment":[{"href":"https:\/\/www.teatrulreginamaria.ro\/hu\/wp-json\/wp\/v2\/media?parent=1776"}],"wp:term":[{"taxonomy":"category","embeddable":true,"href":"https:\/\/www.teatrulreginamaria.ro\/hu\/wp-json\/wp\/v2\/categories?post=1776"},{"taxonomy":"post_tag","embeddable":true,"href":"https:\/\/www.teatrulreginamaria.ro\/hu\/wp-json\/wp\/v2\/tags?post=1776"}],"curies":[{"name":"munkaf\u00fczet","href":"https:\/\/api.w.org\/{rel}","templated":true}]}}