{"id":1786,"date":"2016-06-09T06:36:43","date_gmt":"2016-06-09T06:36:43","guid":{"rendered":"https:\/\/teatrulreginamaria.ro\/2016\/06\/09\/prima-saptamana-a-festivalului-pentru-copii-arcadia\/"},"modified":"2016-06-09T06:36:43","modified_gmt":"2016-06-09T06:36:43","slug":"az-arcadia-gyermekfesztival-elso-hete","status":"publish","type":"post","link":"https:\/\/www.teatrulreginamaria.ro\/hu\/prima-saptamana-a-festivalului-pentru-copii-arcadia\/","title":{"rendered":"AZ ARCADIA GYERMEKFESZTIV\u00c1L ELS\u0150 HETE"},"content":{"rendered":"<p style=\"text-align: justify;\">Az Aracadia Gyermekfesztiv\u00e1l els\u0151 esem\u00e9nyei igazi sikert arattak, k\u00fcl\u00f6n\u00f6sen a kis n\u00e9z\u0151k k\u00f6r\u00e9ben, akik lelkesen csatlakoztak a mesefigur\u00e1k \u00e9s bab\u00e1k felvonul\u00e1s\u00e1hoz, \u00e9s \u00fajra tal\u00e1lkoztak a Herceggel \u00e9s Greuceanuval. De a meglepet\u00e9sek csak most kezd\u0151dnek, \u00e9s ezen a h\u00e9tv\u00e9g\u00e9n \u00f6t rendk\u00edv\u00fcli esem\u00e9nyre h\u00edvunk benneteket.<\/p>\n<p><!--more--><\/p>\n<p style=\"text-align: justify;\">J\u00fanius 10-\u00e9n, p\u00e9nteken a Nagyv\u00e1radi Gyermek- \u00e9s Di\u00e1kpalot\u00e1ban v\u00e1rjuk \u00d6n\u00f6ket, ahol 10:00 \u00f3r\u00e1t\u00f3l sz\u00ednh\u00e1zi fesztiv\u00e1l kezd\u0151dik. <strong>L\u00f3tuszvir\u00e1g<\/strong>. 17:00 \u00f3r\u00e1t\u00f3l megh\u00edvjuk \u00d6nt egy r\u00f6vid utaz\u00e1sra a legend\u00e1s mesefigur\u00e1kkal a v\u00e1ros utc\u00e1in, a k\u00f6vetkez\u0151 c\u00edmen: <strong>MES\u00c9S SZEM\u00c9LYEK \u00c9S BAB\u00c1K FELvonul\u00e1sa. <\/strong>A legkreat\u00edvabb gyerekeket arra \u00f6szt\u00f6nzik, hogy \u00f6lt\u00f6zzenek be \u00e9s kelts\u00e9k \u00e9letre kedvenc mesefigur\u00e1ikat a mesek\u00f6nyvek univerzum\u00e1b\u00f3l. A nap ezzel m\u00e9g nem \u00e9r v\u00e9get, \u00e9s 18:00 \u00f3r\u00e1t\u00f3l mindenkit szeretettel v\u00e1runk, kicsiket \u00e9s nagyokat, az Arcadia el\u0151csarnok\u00e1ba egy rendk\u00edv\u00fcli megnyit\u00f3ra. <strong>B\u00c1BSZ\u00cdNH\u00c1ZI PLAK\u00c1TOK, <\/strong>tervezte a tehets\u00e9ges Trif\u00e1n L\u00e1szl\u00f3.<\/p>\n<p style=\"text-align: justify;\">J\u00fanius 11-\u00e9n, szombaton 11:00 \u00f3r\u00e1t\u00f3l az Arcadia Csarnokban a gyulafeh\u00e9rv\u00e1ri &quot;Prichindel&quot; B\u00e1bsz\u00ednh\u00e1z j\u00e1t\u00e9kos el\u0151ad\u00e1sra h\u00edvja \u00d6nt - <strong>A KIS MUCK T\u00d6RT\u00c9NETE<\/strong> (5 \u00e9ves kort\u00f3l). A fesztiv\u00e1l els\u0151 hete j\u00fanius 12-\u00e9n, vas\u00e1rnap z\u00e1rul egy b\u00e1tor herceg t\u00f6rt\u00e9net\u00e9vel \u2013 <strong>ALEODOR CS\u00c1SZ\u00c1R, <\/strong>\u00fcgyesen elmes\u00e9li a Puck B\u00e1bsz\u00ednh\u00e1z \u2013 Kolozsv\u00e1r, 11:00 \u00f3r\u00e1t\u00f3l, az \u00c1rk\u00e1dia Teremben (4+).<\/p>\n<p style=\"text-align: justify;\">Ez azonban csak a fesztiv\u00e1l kezdete, mivel m\u00e9g k\u00e9t h\u00e9tig kiv\u00e9teles programokkal v\u00e1runk mindenkit, m\u00e9g a kisbab\u00e1kat is.<\/p>\n<p style=\"text-align: justify;\">A jegyek a sz\u00ednh\u00e1z jegyirod\u00e1j\u00e1ban kaphat\u00f3k h\u00e9tf\u0151t\u0151l p\u00e9ntekig 10:00 \u00e9s 19:00 \u00f3ra k\u00f6z\u00f6tt, h\u00e9tv\u00e9g\u00e9n pedig 10:00 \u00e9s 13:00 \u00f3ra k\u00f6z\u00f6tt. Jegyeket minden el\u0151ad\u00e1s el\u0151tt egy \u00f3r\u00e1val, vagy online is v\u00e1s\u00e1rolhat a <a href=\"http:\/\/www.biletmaster.ro\/\">www.biletmaster.ro<\/a>.<\/p>\n<p style=\"text-align: justify;\">Tov\u00e1bbi inform\u00e1ci\u00f3\u00e9rt \u00e9s jegyfoglal\u00e1s\u00e9rt k\u00e9rj\u00fck, h\u00edvja a 0259\/440.742-es telefonsz\u00e1mot.<\/p>\n<p style=\"text-align: justify;\">V\u00e1runk a sz\u00ednh\u00e1zban!<\/p>","protected":false},"excerpt":{"rendered":"<p>Az Aracadia Gyermekfesztiv\u00e1l els\u0151 esem\u00e9nyei igazi sikert arattak, k\u00fcl\u00f6n\u00f6sen a kis n\u00e9z\u0151k k\u00f6r\u00e9ben, akik lelkesen csatlakoztak a mesefigur\u00e1k \u00e9s bab\u00e1k felvonul\u00e1s\u00e1hoz, \u00e9s \u00fajra tal\u00e1lkoztak a Herceggel \u00e9s Greuceanuval. De a meglepet\u00e9sek csak most kezd\u0151dnek, \u00e9s ezen a h\u00e9tv\u00e9g\u00e9n \u00f6t rendk\u00edv\u00fcli esem\u00e9nyre h\u00edvunk benneteket.<\/p>","protected":false},"author":1,"featured_media":0,"comment_status":"open","ping_status":"open","sticky":false,"template":"","format":"standard","meta":{"_acf_changed":false,"footnotes":""},"categories":[37],"tags":[],"class_list":["post-1786","post","type-post","status-publish","format-standard","hentry","category-noutati-trupa-arcadia"],"aioseo_notices":[],"aioseo_head":"\n\t\t<!-- All in One SEO Pro 5.0.1.1 - aioseo.com -->\n\t<meta name=\"description\" content=\"Primele evenimente ale Festivalului pentru copii Aracadia au \u00eenregistrat un real succes, mai ales \u00een r\u00e2ndul micilor spectatori, care s-au al\u0103turat cu entuziasm paradei de personaje \u015fi p\u0103pu\u015fi de basm \u015fi s-au re\u00eent\u00e2lnit cu F\u0103t-Frumos \u015fi Greuceanu. Dar surprizele abia \u00eencep \u015fi la sf\u00e2r\u015fit de s\u0103pt\u0103m\u00e2n\u0103 v\u0103 invit\u0103m s\u0103 lua\u0163i parte la cinci evenimente extraordinare.\" \/>\n\t<meta name=\"robots\" content=\"max-image-preview:large\" \/>\n\t<meta name=\"author\" content=\"Teatrul Regina Maria\"\/>\n\t<link rel=\"canonical\" href=\"https:\/\/www.teatrulreginamaria.ro\/hu\/prima-saptamana-a-festivalului-pentru-copii-arcadia\/\" \/>\n\t<meta name=\"generator\" content=\"All in One SEO Pro (AIOSEO) 5.0.1.1\" \/>\n\t\t<meta property=\"og:locale\" content=\"hu_HU\" \/>\n\t\t<meta property=\"og:site_name\" content=\"Teatrul Regina Maria Oradea - Trupa Iosif Vulcan \u0219i Trupa Arcadia\" \/>\n\t\t<meta property=\"og:type\" content=\"article\" \/>\n\t\t<meta property=\"og:title\" content=\"PRIMA S\u0102PT\u0102M\u00c2N\u0102 A FESTIVALULUI PENTRU COPII ARCADIA - Teatrul Regina Maria Oradea\" \/>\n\t\t<meta property=\"og:description\" content=\"Primele evenimente ale Festivalului pentru copii Aracadia au \u00eenregistrat un real succes, mai ales \u00een r\u00e2ndul micilor spectatori, care s-au al\u0103turat cu entuziasm paradei de personaje \u015fi p\u0103pu\u015fi de basm \u015fi s-au re\u00eent\u00e2lnit cu F\u0103t-Frumos \u015fi Greuceanu. Dar surprizele abia \u00eencep \u015fi la sf\u00e2r\u015fit de s\u0103pt\u0103m\u00e2n\u0103 v\u0103 invit\u0103m s\u0103 lua\u0163i parte la cinci evenimente extraordinare.\" \/>\n\t\t<meta property=\"og:url\" content=\"https:\/\/www.teatrulreginamaria.ro\/hu\/prima-saptamana-a-festivalului-pentru-copii-arcadia\/\" \/>\n\t\t<meta property=\"og:image\" content=\"https:\/\/www.teatrulreginamaria.ro\/wp-content\/uploads\/2025\/03\/trm-istoric-01.jpg\" \/>\n\t\t<meta property=\"og:image:secure_url\" content=\"https:\/\/www.teatrulreginamaria.ro\/wp-content\/uploads\/2025\/03\/trm-istoric-01.jpg\" \/>\n\t\t<meta property=\"og:image:width\" content=\"1200\" \/>\n\t\t<meta property=\"og:image:height\" content=\"800\" \/>\n\t\t<meta property=\"article:published_time\" content=\"2016-06-09T06:36:43+00:00\" \/>\n\t\t<meta property=\"article:modified_time\" content=\"2016-06-09T06:36:43+00:00\" \/>\n\t\t<meta property=\"article:publisher\" content=\"https:\/\/www.facebook.com\/TRMTrupaIosifVulcan\/\" \/>\n\t\t<meta name=\"twitter:card\" content=\"summary_large_image\" \/>\n\t\t<meta name=\"twitter:site\" content=\"@TRMOradea\" \/>\n\t\t<meta name=\"twitter:title\" content=\"PRIMA S\u0102PT\u0102M\u00c2N\u0102 A FESTIVALULUI PENTRU COPII ARCADIA - Teatrul Regina Maria Oradea\" \/>\n\t\t<meta name=\"twitter:description\" content=\"Primele evenimente ale Festivalului pentru copii Aracadia au \u00eenregistrat un real succes, mai ales \u00een r\u00e2ndul micilor spectatori, care s-au al\u0103turat cu entuziasm paradei de personaje \u015fi p\u0103pu\u015fi de basm \u015fi s-au re\u00eent\u00e2lnit cu F\u0103t-Frumos \u015fi Greuceanu. Dar surprizele abia \u00eencep \u015fi la sf\u00e2r\u015fit de s\u0103pt\u0103m\u00e2n\u0103 v\u0103 invit\u0103m s\u0103 lua\u0163i parte la cinci evenimente extraordinare.\" \/>\n\t\t<meta name=\"twitter:creator\" content=\"@TRMOradea\" \/>\n\t\t<meta name=\"twitter:image\" content=\"https:\/\/www.teatrulreginamaria.ro\/wp-content\/uploads\/2025\/03\/trm-istoric-01.jpg\" \/>\n\t\t<script type=\"application\/ld+json\" class=\"aioseo-schema\">\n\t\t\t{\"@context\":\"https:\\\/\\\/schema.org\",\"@graph\":[{\"@type\":\"BlogPosting\",\"@id\":\"https:\\\/\\\/www.teatrulreginamaria.ro\\\/hu\\\/prima-saptamana-a-festivalului-pentru-copii-arcadia\\\/#blogposting\",\"name\":\"PRIMA S\\u0102PT\\u0102M\\u00c2N\\u0102 A FESTIVALULUI PENTRU COPII ARCADIA - Teatrul Regina Maria Oradea\",\"headline\":\"PRIMA S\\u0102PT\\u0102M\\u00c2N\\u0102 A FESTIVALULUI PENTRU COPII ARCADIA\",\"author\":{\"@id\":\"https:\\\/\\\/www.teatrulreginamaria.ro\\\/hu\\\/author\\\/iulianm\\\/#author\"},\"publisher\":{\"@id\":\"https:\\\/\\\/www.teatrulreginamaria.ro\\\/hu\\\/#organization\"},\"image\":{\"@type\":\"ImageObject\",\"url\":\"https:\\\/\\\/www.teatrulreginamaria.ro\\\/wp-content\\\/uploads\\\/2025\\\/06\\\/logo-trm-01-dark.png\",\"@id\":\"https:\\\/\\\/www.teatrulreginamaria.ro\\\/hu\\\/#articleImage\",\"width\":300,\"height\":148},\"datePublished\":\"2016-06-09T06:36:43+03:00\",\"dateModified\":\"2016-06-09T06:36:43+03:00\",\"inLanguage\":\"hu-HU\",\"mainEntityOfPage\":{\"@id\":\"https:\\\/\\\/www.teatrulreginamaria.ro\\\/hu\\\/prima-saptamana-a-festivalului-pentru-copii-arcadia\\\/#webpage\"},\"isPartOf\":{\"@id\":\"https:\\\/\\\/www.teatrulreginamaria.ro\\\/hu\\\/prima-saptamana-a-festivalului-pentru-copii-arcadia\\\/#webpage\"},\"articleSection\":\"Nout\\u0103\\u021bi - Trupa Arcadia\"},{\"@type\":\"BreadcrumbList\",\"@id\":\"https:\\\/\\\/www.teatrulreginamaria.ro\\\/hu\\\/prima-saptamana-a-festivalului-pentru-copii-arcadia\\\/#breadcrumblist\",\"itemListElement\":[{\"@type\":\"ListItem\",\"@id\":\"https:\\\/\\\/www.teatrulreginamaria.ro\\\/hu#listItem\",\"position\":1,\"name\":\"Home\",\"item\":\"https:\\\/\\\/www.teatrulreginamaria.ro\\\/hu\",\"nextItem\":{\"@type\":\"ListItem\",\"@id\":\"https:\\\/\\\/www.teatrulreginamaria.ro\\\/hu\\\/categorie\\\/noutati\\\/#listItem\",\"name\":\"Nout\\u0103\\u021bi\"}},{\"@type\":\"ListItem\",\"@id\":\"https:\\\/\\\/www.teatrulreginamaria.ro\\\/hu\\\/categorie\\\/noutati\\\/#listItem\",\"position\":2,\"name\":\"Nout\\u0103\\u021bi\",\"item\":\"https:\\\/\\\/www.teatrulreginamaria.ro\\\/hu\\\/categorie\\\/noutati\\\/\",\"nextItem\":{\"@type\":\"ListItem\",\"@id\":\"https:\\\/\\\/www.teatrulreginamaria.ro\\\/hu\\\/categorie\\\/noutati\\\/noutati-trupa-arcadia\\\/#listItem\",\"name\":\"Nout\\u0103\\u021bi - Trupa Arcadia\"},\"previousItem\":{\"@type\":\"ListItem\",\"@id\":\"https:\\\/\\\/www.teatrulreginamaria.ro\\\/hu#listItem\",\"name\":\"Home\"}},{\"@type\":\"ListItem\",\"@id\":\"https:\\\/\\\/www.teatrulreginamaria.ro\\\/hu\\\/categorie\\\/noutati\\\/noutati-trupa-arcadia\\\/#listItem\",\"position\":3,\"name\":\"Nout\\u0103\\u021bi - Trupa Arcadia\",\"item\":\"https:\\\/\\\/www.teatrulreginamaria.ro\\\/hu\\\/categorie\\\/noutati\\\/noutati-trupa-arcadia\\\/\",\"nextItem\":{\"@type\":\"ListItem\",\"@id\":\"https:\\\/\\\/www.teatrulreginamaria.ro\\\/hu\\\/prima-saptamana-a-festivalului-pentru-copii-arcadia\\\/#listItem\",\"name\":\"PRIMA S\\u0102PT\\u0102M\\u00c2N\\u0102 A FESTIVALULUI PENTRU COPII ARCADIA\"},\"previousItem\":{\"@type\":\"ListItem\",\"@id\":\"https:\\\/\\\/www.teatrulreginamaria.ro\\\/hu\\\/categorie\\\/noutati\\\/#listItem\",\"name\":\"Nout\\u0103\\u021bi\"}},{\"@type\":\"ListItem\",\"@id\":\"https:\\\/\\\/www.teatrulreginamaria.ro\\\/hu\\\/prima-saptamana-a-festivalului-pentru-copii-arcadia\\\/#listItem\",\"position\":4,\"name\":\"PRIMA S\\u0102PT\\u0102M\\u00c2N\\u0102 A FESTIVALULUI PENTRU COPII ARCADIA\",\"previousItem\":{\"@type\":\"ListItem\",\"@id\":\"https:\\\/\\\/www.teatrulreginamaria.ro\\\/hu\\\/categorie\\\/noutati\\\/noutati-trupa-arcadia\\\/#listItem\",\"name\":\"Nout\\u0103\\u021bi - Trupa Arcadia\"}}]},{\"@type\":\"Organization\",\"@id\":\"https:\\\/\\\/www.teatrulreginamaria.ro\\\/hu\\\/#organization\",\"name\":\"Teatrul Regina Maria Oradea\",\"description\":\"Trupa Iosif Vulcan \\u0219i Trupa Arcadia\",\"url\":\"https:\\\/\\\/www.teatrulreginamaria.ro\\\/hu\\\/\",\"email\":\"marketing@teatrulreginamaria.ro\",\"telephone\":\"+40359411534\",\"numberOfEmployees\":{\"@type\":\"QuantitativeValue\",\"minValue\":0,\"maxValue\":150},\"logo\":{\"@type\":\"ImageObject\",\"url\":\"https:\\\/\\\/www.teatrulreginamaria.ro\\\/wp-content\\\/uploads\\\/2025\\\/06\\\/logo-trm-01-dark.png\",\"@id\":\"https:\\\/\\\/www.teatrulreginamaria.ro\\\/hu\\\/prima-saptamana-a-festivalului-pentru-copii-arcadia\\\/#organizationLogo\",\"width\":300,\"height\":148},\"image\":{\"@id\":\"https:\\\/\\\/www.teatrulreginamaria.ro\\\/hu\\\/prima-saptamana-a-festivalului-pentru-copii-arcadia\\\/#organizationLogo\"},\"sameAs\":[\"https:\\\/\\\/www.facebook.com\\\/TRMTrupaIosifVulcan\\\/\",\"https:\\\/\\\/x.com\\\/TRMOradea\",\"https:\\\/\\\/www.instagram.com\\\/teatrul_regina_maria\\\/\",\"https:\\\/\\\/www.youtube.com\\\/c\\\/TeatrulReginaMariaOradea\",\"https:\\\/\\\/www.linkedin.com\\\/company\\\/teatrul-regina-maria\"]},{\"@type\":\"Person\",\"@id\":\"https:\\\/\\\/www.teatrulreginamaria.ro\\\/hu\\\/author\\\/iulianm\\\/#author\",\"url\":\"https:\\\/\\\/www.teatrulreginamaria.ro\\\/hu\\\/author\\\/iulianm\\\/\",\"name\":\"Teatrul Regina Maria\",\"image\":{\"@type\":\"ImageObject\",\"@id\":\"https:\\\/\\\/www.teatrulreginamaria.ro\\\/hu\\\/prima-saptamana-a-festivalului-pentru-copii-arcadia\\\/#authorImage\",\"url\":\"https:\\\/\\\/secure.gravatar.com\\\/avatar\\\/49af75bc1b3eb710073d2f37927ea27e6c274a29562ef49edfc6bcf11b9e941d?s=96&d=mm&r=g\",\"width\":96,\"height\":96,\"caption\":\"Teatrul Regina Maria\"}},{\"@type\":\"WebPage\",\"@id\":\"https:\\\/\\\/www.teatrulreginamaria.ro\\\/hu\\\/prima-saptamana-a-festivalului-pentru-copii-arcadia\\\/#webpage\",\"url\":\"https:\\\/\\\/www.teatrulreginamaria.ro\\\/hu\\\/prima-saptamana-a-festivalului-pentru-copii-arcadia\\\/\",\"name\":\"PRIMA S\\u0102PT\\u0102M\\u00c2N\\u0102 A FESTIVALULUI PENTRU COPII ARCADIA - Teatrul Regina Maria Oradea\",\"description\":\"Primele evenimente ale Festivalului pentru copii Aracadia au \\u00eenregistrat un real succes, mai ales \\u00een r\\u00e2ndul micilor spectatori, care s-au al\\u0103turat cu entuziasm paradei de personaje \\u015fi p\\u0103pu\\u015fi de basm \\u015fi s-au re\\u00eent\\u00e2lnit cu F\\u0103t-Frumos \\u015fi Greuceanu. Dar surprizele abia \\u00eencep \\u015fi la sf\\u00e2r\\u015fit de s\\u0103pt\\u0103m\\u00e2n\\u0103 v\\u0103 invit\\u0103m s\\u0103 lua\\u0163i parte la cinci evenimente extraordinare.\",\"inLanguage\":\"hu-HU\",\"isPartOf\":{\"@id\":\"https:\\\/\\\/www.teatrulreginamaria.ro\\\/hu\\\/#website\"},\"breadcrumb\":{\"@id\":\"https:\\\/\\\/www.teatrulreginamaria.ro\\\/hu\\\/prima-saptamana-a-festivalului-pentru-copii-arcadia\\\/#breadcrumblist\"},\"author\":{\"@id\":\"https:\\\/\\\/www.teatrulreginamaria.ro\\\/hu\\\/author\\\/iulianm\\\/#author\"},\"creator\":{\"@id\":\"https:\\\/\\\/www.teatrulreginamaria.ro\\\/hu\\\/author\\\/iulianm\\\/#author\"},\"datePublished\":\"2016-06-09T06:36:43+03:00\",\"dateModified\":\"2016-06-09T06:36:43+03:00\"},{\"@type\":\"WebSite\",\"@id\":\"https:\\\/\\\/www.teatrulreginamaria.ro\\\/hu\\\/#website\",\"url\":\"https:\\\/\\\/www.teatrulreginamaria.ro\\\/hu\\\/\",\"name\":\"Teatrul Regina Maria Oradea\",\"alternateName\":\"TRM Oradea\",\"description\":\"Trupa Iosif Vulcan \\u0219i Trupa Arcadia\",\"inLanguage\":\"hu-HU\",\"publisher\":{\"@id\":\"https:\\\/\\\/www.teatrulreginamaria.ro\\\/hu\\\/#organization\"}}]}\n\t\t<\/script>\n\t\t<!-- All in One SEO Pro -->\r\n\t\t<title>PRIMA S\u0102PT\u0102M\u00c2N\u0102 A FESTIVALULUI PENTRU COPII ARCADIA - Teatrul Regina Maria Oradea<\/title>\n\n","aioseo_head_json":{"title":"AZ ARCADIA GYERMEKFESZTIV\u00c1L ELS\u0150 HETE - Regina Maria Sz\u00ednh\u00e1z, Nagyv\u00e1radi","description":"Az Aracadia Gyermekfesztiv\u00e1l els\u0151 esem\u00e9nyei igazi sikert arattak, k\u00fcl\u00f6n\u00f6sen a kis n\u00e9z\u0151k k\u00f6r\u00e9ben, akik lelkesen csatlakoztak a mesefigur\u00e1k \u00e9s bab\u00e1k felvonul\u00e1s\u00e1hoz, \u00e9s \u00fajra tal\u00e1lkoztak a Herceggel \u00e9s Greuceanuval. De a meglepet\u00e9sek csak most kezd\u0151dnek, \u00e9s ezen a h\u00e9tv\u00e9g\u00e9n \u00f6t rendk\u00edv\u00fcli esem\u00e9nyre h\u00edvunk benneteket.","canonical_url":"https:\/\/www.teatrulreginamaria.ro\/hu\/prima-saptamana-a-festivalului-pentru-copii-arcadia\/","robots":"max-image-preview:large","keywords":"","webmasterTools":{"miscellaneous":""},"schema":{"@context":"https:\/\/schema.org","@graph":[{"@type":"BlogPosting","@id":"https:\/\/www.teatrulreginamaria.ro\/hu\/prima-saptamana-a-festivalului-pentru-copii-arcadia\/#blogposting","name":"PRIMA S\u0102PT\u0102M\u00c2N\u0102 A FESTIVALULUI PENTRU COPII ARCADIA - Teatrul Regina Maria Oradea","headline":"PRIMA S\u0102PT\u0102M\u00c2N\u0102 A FESTIVALULUI PENTRU COPII ARCADIA","author":{"@id":"https:\/\/www.teatrulreginamaria.ro\/hu\/author\/iulianm\/#author"},"publisher":{"@id":"https:\/\/www.teatrulreginamaria.ro\/hu\/#organization"},"image":{"@type":"ImageObject","url":"https:\/\/www.teatrulreginamaria.ro\/wp-content\/uploads\/2025\/06\/logo-trm-01-dark.png","@id":"https:\/\/www.teatrulreginamaria.ro\/hu\/#articleImage","width":300,"height":148},"datePublished":"2016-06-09T06:36:43+03:00","dateModified":"2016-06-09T06:36:43+03:00","inLanguage":"hu-HU","mainEntityOfPage":{"@id":"https:\/\/www.teatrulreginamaria.ro\/hu\/prima-saptamana-a-festivalului-pentru-copii-arcadia\/#webpage"},"isPartOf":{"@id":"https:\/\/www.teatrulreginamaria.ro\/hu\/prima-saptamana-a-festivalului-pentru-copii-arcadia\/#webpage"},"articleSection":"Nout\u0103\u021bi - Trupa Arcadia"},{"@type":"BreadcrumbList","@id":"https:\/\/www.teatrulreginamaria.ro\/hu\/prima-saptamana-a-festivalului-pentru-copii-arcadia\/#breadcrumblist","itemListElement":[{"@type":"ListItem","@id":"https:\/\/www.teatrulreginamaria.ro\/hu#listItem","position":1,"name":"Home","item":"https:\/\/www.teatrulreginamaria.ro\/hu","nextItem":{"@type":"ListItem","@id":"https:\/\/www.teatrulreginamaria.ro\/hu\/categorie\/noutati\/#listItem","name":"Nout\u0103\u021bi"}},{"@type":"ListItem","@id":"https:\/\/www.teatrulreginamaria.ro\/hu\/categorie\/noutati\/#listItem","position":2,"name":"Nout\u0103\u021bi","item":"https:\/\/www.teatrulreginamaria.ro\/hu\/categorie\/noutati\/","nextItem":{"@type":"ListItem","@id":"https:\/\/www.teatrulreginamaria.ro\/hu\/categorie\/noutati\/noutati-trupa-arcadia\/#listItem","name":"Nout\u0103\u021bi - Trupa Arcadia"},"previousItem":{"@type":"ListItem","@id":"https:\/\/www.teatrulreginamaria.ro\/hu#listItem","name":"Home"}},{"@type":"ListItem","@id":"https:\/\/www.teatrulreginamaria.ro\/hu\/categorie\/noutati\/noutati-trupa-arcadia\/#listItem","position":3,"name":"Nout\u0103\u021bi - Trupa Arcadia","item":"https:\/\/www.teatrulreginamaria.ro\/hu\/categorie\/noutati\/noutati-trupa-arcadia\/","nextItem":{"@type":"ListItem","@id":"https:\/\/www.teatrulreginamaria.ro\/hu\/prima-saptamana-a-festivalului-pentru-copii-arcadia\/#listItem","name":"PRIMA S\u0102PT\u0102M\u00c2N\u0102 A FESTIVALULUI PENTRU COPII ARCADIA"},"previousItem":{"@type":"ListItem","@id":"https:\/\/www.teatrulreginamaria.ro\/hu\/categorie\/noutati\/#listItem","name":"Nout\u0103\u021bi"}},{"@type":"ListItem","@id":"https:\/\/www.teatrulreginamaria.ro\/hu\/prima-saptamana-a-festivalului-pentru-copii-arcadia\/#listItem","position":4,"name":"PRIMA S\u0102PT\u0102M\u00c2N\u0102 A FESTIVALULUI PENTRU COPII ARCADIA","previousItem":{"@type":"ListItem","@id":"https:\/\/www.teatrulreginamaria.ro\/hu\/categorie\/noutati\/noutati-trupa-arcadia\/#listItem","name":"Nout\u0103\u021bi - Trupa Arcadia"}}]},{"@type":"Organization","@id":"https:\/\/www.teatrulreginamaria.ro\/hu\/#organization","name":"Teatrul Regina Maria Oradea","description":"Trupa Iosif Vulcan \u0219i Trupa Arcadia","url":"https:\/\/www.teatrulreginamaria.ro\/hu\/","email":"marketing@teatrulreginamaria.ro","telephone":"+40359411534","numberOfEmployees":{"@type":"QuantitativeValue","minValue":0,"maxValue":150},"logo":{"@type":"ImageObject","url":"https:\/\/www.teatrulreginamaria.ro\/wp-content\/uploads\/2025\/06\/logo-trm-01-dark.png","@id":"https:\/\/www.teatrulreginamaria.ro\/hu\/prima-saptamana-a-festivalului-pentru-copii-arcadia\/#organizationLogo","width":300,"height":148},"image":{"@id":"https:\/\/www.teatrulreginamaria.ro\/hu\/prima-saptamana-a-festivalului-pentru-copii-arcadia\/#organizationLogo"},"sameAs":["https:\/\/www.facebook.com\/TRMTrupaIosifVulcan\/","https:\/\/x.com\/TRMOradea","https:\/\/www.instagram.com\/teatrul_regina_maria\/","https:\/\/www.youtube.com\/c\/TeatrulReginaMariaOradea","https:\/\/www.linkedin.com\/company\/teatrul-regina-maria"]},{"@type":"Person","@id":"https:\/\/www.teatrulreginamaria.ro\/hu\/author\/iulianm\/#author","url":"https:\/\/www.teatrulreginamaria.ro\/hu\/author\/iulianm\/","name":"Teatrul Regina Maria","image":{"@type":"ImageObject","@id":"https:\/\/www.teatrulreginamaria.ro\/hu\/prima-saptamana-a-festivalului-pentru-copii-arcadia\/#authorImage","url":"https:\/\/secure.gravatar.com\/avatar\/49af75bc1b3eb710073d2f37927ea27e6c274a29562ef49edfc6bcf11b9e941d?s=96&d=mm&r=g","width":96,"height":96,"caption":"Teatrul Regina Maria"}},{"@type":"WebPage","@id":"https:\/\/www.teatrulreginamaria.ro\/hu\/prima-saptamana-a-festivalului-pentru-copii-arcadia\/#webpage","url":"https:\/\/www.teatrulreginamaria.ro\/hu\/prima-saptamana-a-festivalului-pentru-copii-arcadia\/","name":"PRIMA S\u0102PT\u0102M\u00c2N\u0102 A FESTIVALULUI PENTRU COPII ARCADIA - Teatrul Regina Maria Oradea","description":"Primele evenimente ale Festivalului pentru copii Aracadia au \u00eenregistrat un real succes, mai ales \u00een r\u00e2ndul micilor spectatori, care s-au al\u0103turat cu entuziasm paradei de personaje \u015fi p\u0103pu\u015fi de basm \u015fi s-au re\u00eent\u00e2lnit cu F\u0103t-Frumos \u015fi Greuceanu. Dar surprizele abia \u00eencep \u015fi la sf\u00e2r\u015fit de s\u0103pt\u0103m\u00e2n\u0103 v\u0103 invit\u0103m s\u0103 lua\u0163i parte la cinci evenimente extraordinare.","inLanguage":"hu-HU","isPartOf":{"@id":"https:\/\/www.teatrulreginamaria.ro\/hu\/#website"},"breadcrumb":{"@id":"https:\/\/www.teatrulreginamaria.ro\/hu\/prima-saptamana-a-festivalului-pentru-copii-arcadia\/#breadcrumblist"},"author":{"@id":"https:\/\/www.teatrulreginamaria.ro\/hu\/author\/iulianm\/#author"},"creator":{"@id":"https:\/\/www.teatrulreginamaria.ro\/hu\/author\/iulianm\/#author"},"datePublished":"2016-06-09T06:36:43+03:00","dateModified":"2016-06-09T06:36:43+03:00"},{"@type":"WebSite","@id":"https:\/\/www.teatrulreginamaria.ro\/hu\/#website","url":"https:\/\/www.teatrulreginamaria.ro\/hu\/","name":"Teatrul Regina Maria Oradea","alternateName":"TRM Oradea","description":"Trupa Iosif Vulcan \u0219i Trupa Arcadia","inLanguage":"hu-HU","publisher":{"@id":"https:\/\/www.teatrulreginamaria.ro\/hu\/#organization"}}]},"og:locale":"hu_HU","og:site_name":"Teatrul Regina Maria Oradea - Trupa Iosif Vulcan \u0219i Trupa Arcadia","og:type":"article","og:title":"PRIMA S\u0102PT\u0102M\u00c2N\u0102 A FESTIVALULUI PENTRU COPII ARCADIA - Teatrul Regina Maria Oradea","og:description":"Primele evenimente ale Festivalului pentru copii Aracadia au \u00eenregistrat un real succes, mai ales \u00een r\u00e2ndul micilor spectatori, care s-au al\u0103turat cu entuziasm paradei de personaje \u015fi p\u0103pu\u015fi de basm \u015fi s-au re\u00eent\u00e2lnit cu F\u0103t-Frumos \u015fi Greuceanu. Dar surprizele abia \u00eencep \u015fi la sf\u00e2r\u015fit de s\u0103pt\u0103m\u00e2n\u0103 v\u0103 invit\u0103m s\u0103 lua\u0163i parte la cinci evenimente extraordinare.","og:url":"https:\/\/www.teatrulreginamaria.ro\/hu\/prima-saptamana-a-festivalului-pentru-copii-arcadia\/","og:image":"https:\/\/www.teatrulreginamaria.ro\/wp-content\/uploads\/2025\/03\/trm-istoric-01.jpg","og:image:secure_url":"https:\/\/www.teatrulreginamaria.ro\/wp-content\/uploads\/2025\/03\/trm-istoric-01.jpg","og:image:width":1200,"og:image:height":800,"article:published_time":"2016-06-09T06:36:43+00:00","article:modified_time":"2016-06-09T06:36:43+00:00","article:publisher":"https:\/\/www.facebook.com\/TRMTrupaIosifVulcan\/","twitter:card":"summary_large_image","twitter:site":"@TRMOradea","twitter:title":"PRIMA S\u0102PT\u0102M\u00c2N\u0102 A FESTIVALULUI PENTRU COPII ARCADIA - Teatrul Regina Maria Oradea","twitter:description":"Primele evenimente ale Festivalului pentru copii Aracadia au \u00eenregistrat un real succes, mai ales \u00een r\u00e2ndul micilor spectatori, care s-au al\u0103turat cu entuziasm paradei de personaje \u015fi p\u0103pu\u015fi de basm \u015fi s-au re\u00eent\u00e2lnit cu F\u0103t-Frumos \u015fi Greuceanu. Dar surprizele abia \u00eencep \u015fi la sf\u00e2r\u015fit de s\u0103pt\u0103m\u00e2n\u0103 v\u0103 invit\u0103m s\u0103 lua\u0163i parte la cinci evenimente extraordinare.","twitter:creator":"@TRMOradea","twitter:image":"https:\/\/www.teatrulreginamaria.ro\/wp-content\/uploads\/2025\/03\/trm-istoric-01.jpg"},"aioseo_meta_data":{"post_id":"1786","title":null,"description":null,"keywords":null,"keyphrases":null,"primary_term":null,"canonical_url":null,"og_title":null,"og_description":null,"og_object_type":"default","og_image_type":"default","og_image_url":null,"og_image_width":null,"og_image_height":null,"og_image_custom_url":null,"og_image_custom_fields":null,"og_video":null,"og_custom_url":null,"og_article_section":null,"og_article_tags":null,"twitter_use_og":false,"twitter_card":"default","twitter_image_type":"default","twitter_image_url":null,"twitter_image_custom_url":null,"twitter_image_custom_fields":null,"twitter_title":null,"twitter_description":null,"schema":{"blockGraphs":[],"customGraphs":[],"default":{"data":{"Article":[],"Course":[],"Dataset":[],"FAQPage":[],"Movie":[],"Person":[],"Product":[],"ProductReview":[],"Car":[],"Recipe":[],"Service":[],"SoftwareApplication":[],"WebPage":[]},"graphName":"","isEnabled":true},"graphs":[]},"schema_type":"default","schema_type_options":null,"pillar_content":false,"robots_default":true,"robots_noindex":false,"robots_noarchive":false,"robots_nosnippet":false,"robots_nofollow":false,"robots_noimageindex":false,"robots_noodp":false,"robots_notranslate":false,"robots_max_snippet":null,"robots_max_videopreview":null,"robots_max_imagepreview":"large","priority":null,"frequency":null,"local_seo":null,"seo_analyzer_scan_date":"2026-05-13 01:15:14","breadcrumb_settings":null,"limit_modified_date":false,"reviewed_by":null,"open_ai":null,"ai":null,"created":"2025-04-09 17:40:57","updated":"2026-05-13 01:15:14","focus_keyword":null,"additional_keywords":null,"truseo_locale":null},"aioseo_breadcrumb":"<div class=\"aioseo-breadcrumbs\"><span class=\"aioseo-breadcrumb\">\n\t<a href=\"https:\/\/www.teatrulreginamaria.ro\/hu\" title=\"Home\">Home<\/a>\n<\/span><span class=\"aioseo-breadcrumb-separator\">&raquo;<\/span><span class=\"aioseo-breadcrumb\">\n\t<a href=\"https:\/\/www.teatrulreginamaria.ro\/hu\/categorie\/noutati\/\" title=\"Nout\u0103\u021bi\">Nout\u0103\u021bi<\/a>\n<\/span><span class=\"aioseo-breadcrumb-separator\">&raquo;<\/span><span class=\"aioseo-breadcrumb\">\n\t<a href=\"https:\/\/www.teatrulreginamaria.ro\/hu\/categorie\/noutati\/noutati-trupa-arcadia\/\" title=\"Nout\u0103\u021bi - Trupa Arcadia\">Nout\u0103\u021bi - Trupa Arcadia<\/a>\n<\/span><span class=\"aioseo-breadcrumb-separator\">&raquo;<\/span><span class=\"aioseo-breadcrumb\">\n\tPRIMA S\u0102PT\u0102M\u00c2N\u0102 A FESTIVALULUI PENTRU COPII ARCADIA\n<\/span><\/div>","aioseo_breadcrumb_json":[{"label":"Home","link":"https:\/\/www.teatrulreginamaria.ro\/hu"},{"label":"Nout\u0103\u021bi","link":"https:\/\/www.teatrulreginamaria.ro\/hu\/categorie\/noutati\/"},{"label":"Nout\u0103\u021bi - Trupa Arcadia","link":"https:\/\/www.teatrulreginamaria.ro\/hu\/categorie\/noutati\/noutati-trupa-arcadia\/"},{"label":"PRIMA S\u0102PT\u0102M\u00c2N\u0102 A FESTIVALULUI PENTRU COPII ARCADIA","link":"https:\/\/www.teatrulreginamaria.ro\/hu\/prima-saptamana-a-festivalului-pentru-copii-arcadia\/"}],"acf":[],"_links":{"self":[{"href":"https:\/\/www.teatrulreginamaria.ro\/hu\/wp-json\/wp\/v2\/posts\/1786","targetHints":{"allow":["GET"]}}],"collection":[{"href":"https:\/\/www.teatrulreginamaria.ro\/hu\/wp-json\/wp\/v2\/posts"}],"about":[{"href":"https:\/\/www.teatrulreginamaria.ro\/hu\/wp-json\/wp\/v2\/types\/post"}],"author":[{"embeddable":true,"href":"https:\/\/www.teatrulreginamaria.ro\/hu\/wp-json\/wp\/v2\/users\/1"}],"replies":[{"embeddable":true,"href":"https:\/\/www.teatrulreginamaria.ro\/hu\/wp-json\/wp\/v2\/comments?post=1786"}],"version-history":[{"count":0,"href":"https:\/\/www.teatrulreginamaria.ro\/hu\/wp-json\/wp\/v2\/posts\/1786\/revisions"}],"wp:attachment":[{"href":"https:\/\/www.teatrulreginamaria.ro\/hu\/wp-json\/wp\/v2\/media?parent=1786"}],"wp:term":[{"taxonomy":"category","embeddable":true,"href":"https:\/\/www.teatrulreginamaria.ro\/hu\/wp-json\/wp\/v2\/categories?post=1786"},{"taxonomy":"post_tag","embeddable":true,"href":"https:\/\/www.teatrulreginamaria.ro\/hu\/wp-json\/wp\/v2\/tags?post=1786"}],"curies":[{"name":"munkaf\u00fczet","href":"https:\/\/api.w.org\/{rel}","templated":true}]}}