{"id":1892,"date":"2018-06-14T11:12:17","date_gmt":"2018-06-14T11:12:17","guid":{"rendered":"https:\/\/teatrulreginamaria.ro\/2018\/06\/14\/festivalul-de-teatru-pentru-copii-arcadia-scurta-retrospectiva\/"},"modified":"2018-06-14T11:12:17","modified_gmt":"2018-06-14T11:12:17","slug":"arcadia-gyermekszinhazi-fesztival-rovid-retrospektiv","status":"publish","type":"post","link":"https:\/\/www.teatrulreginamaria.ro\/hu\/festivalul-de-teatru-pentru-copii-arcadia-scurta-retrospectiva\/","title":{"rendered":"Arcadia Gyermeksz\u00ednh\u00e1zi Fesztiv\u00e1l \u2013 r\u00f6vid retrospekt\u00edv"},"content":{"rendered":"<p style=\"text-align: justify;\"><strong>Sikeresen z\u00e1rult az Arcadia Gyermeksz\u00ednh\u00e1zi Fesztiv\u00e1l \u00f6t\u00f6dik kiad\u00e1sa. Egy t\u00f6rt\u00e9netmes\u00e9l\u00e9ssel teli h\u00f3nap, melynek sor\u00e1n kicsik \u00e9s nagyok egyar\u00e1nt rendk\u00edv\u00fcli sz\u00ednh\u00e1zi el\u0151ad\u00e1sokat, kreat\u00edv szabadt\u00e9ri tev\u00e9kenys\u00e9geket, var\u00e1zslatos pillanatokat \u00e9s kedvenc szerepl\u0151ink \u00e9s a gyerekek k\u00f6z\u00f6tti gy\u00f6ny\u00f6r\u0171 tal\u00e1lkoz\u00e1sokat \u00e9lvezhett\u00fcnk.<\/strong><\/p>\n<p><!--more--><\/p>\n<p style=\"text-align: justify;\">Minden alkalommal, amikor v\u00e9get vet\u00fcnk egy \u00fajabb fesztiv\u00e1lnak, nosztalgi\u00e1val gondolunk vissza azokra a napokra, amelyek annyi \u00f6r\u00f6met okoztak nek\u00fcnk. Ez\u00e9rt arra k\u00e9r\u00fcnk mindenkit, hogy tekintsen vissza egy r\u00f6vid pillant\u00e1st a nemr\u00e9g v\u00e9get \u00e9rt gy\u00f6ny\u00f6r\u0171 kiad\u00e1sra.<\/p>\n<p style=\"text-align: justify;\">M\u00e1jus 18-t\u00f3l j\u00fanius 10-ig tart\u00f3 egy h\u00f3napon kereszt\u00fcl a n\u00e9z\u0151knek lehet\u0151s\u00e9g\u00fck volt egy zenei koncertet \u00e9s 14 sz\u00ednh\u00e1zi el\u0151ad\u00e1st megtekinteni, amelyek minden koroszt\u00e1lynak sz\u00f3ltak, a csecsem\u0151kt\u0151l a tin\u00e9dzsereken \u00e1t a feln\u0151ttekig. 12 el\u0151ad\u00e1s k\u00f6z\u00fcl az orsz\u00e1g rangos sz\u00ednh\u00e1zaib\u00f3l, p\u00e9ld\u00e1ul Bukarestb\u0151l, Kolozsv\u00e1rr\u00f3l, Aradr\u00f3l, Ploie\u0219tir\u0151l, Gyulafeh\u00e9rv\u00e1rr\u00f3l, Temesv\u00e1rr\u00f3l, de k\u00fclf\u00f6ldr\u0151l is megh\u00edv\u00e1st kaptak, akiket a magyar Hepp Trupp k\u00e9pviselt.<\/p>\n<p style=\"text-align: justify;\">Az el\u0151ad\u00e1sokat k\u00fcl\u00f6nb\u00f6z\u0151 helysz\u00edneken adt\u00e1k el\u0151, n\u00e9melyiket hagyom\u00e1nyos sz\u00ednh\u00e1ztermekben: az \u00c1rk\u00e1dia Teremben \u00e9s a Regina Maria Sz\u00ednh\u00e1z nagyterm\u00e9ben, m\u00e1sokat pedig a nagyv\u00e1radi Citadella mobil sz\u00ednpad\u00e1n vagy a fellegv\u00e1r amfite\u00e1trum\u00e1ban. Ez a soksz\u00edn\u0171s\u00e9g sokkal nagyobb k\u00f6z\u00f6ns\u00e9g sz\u00e1m\u00e1ra tette lehet\u0151v\u00e9 a r\u00e9szv\u00e9telt az esem\u00e9nyeken, \u00e9s a sz\u00ednh\u00e1zi fesztiv\u00e1l b\u0171vk\u00f6r\u00e9be ker\u00fclt az eg\u00e9sz v\u00e1ros.<\/p>\n<p style=\"text-align: justify;\">Csod\u00e1latos k\u00f6z\u00f6ns\u00e9g\u00fcnk sosem sz\u0171nt meg meglepni minket, a legt\u00f6bb el\u0151ad\u00e1s telth\u00e1z el\u0151tt zajlott, \u00e9s a Cetate-n is nagy sz\u00e1mban \u00e9rkeztek a fesztiv\u00e1l keret\u00e9ben megrendezett esem\u00e9nyekre, amelyek a Kids Fest Oradea keret\u00e9ben zajlottak.<\/p>\n<p style=\"text-align: justify;\">Ahogy azt m\u00e1r t\u00f6bb alkalommal is megszokhattuk, j\u00fanius 4. \u00e9s 8. k\u00f6z\u00f6tt a Rom\u00e1n Cserk\u00e9szek Orsz\u00e1gos Szervezete Nagyv\u00e1radon KREAT\u00cdV M\u0170HELYEK \u00c9S SZABADT\u00c9RI PROGRAMOK sorozat\u00e1t t\u00e1mogatta, amelyek sor\u00e1n elveszett kincsek felkutat\u00e1s\u00e1ra, fest\u00e9sre, fazekass\u00e1g elsaj\u00e1t\u00edt\u00e1s\u00e1ra \u00e9s minden olyan tev\u00e9kenys\u00e9g \u00e9lvezet\u00e9re \u00f6szt\u00f6n\u00f6zte a kis kalandorokat, amely kreativit\u00e1sukat, \u00fcgyess\u00e9g\u00fcket, kalandv\u00e1gyukat \u00e9s b\u00e1tors\u00e1gukat pr\u00f3b\u00e1ra teszi.<\/p>\n<p style=\"text-align: justify;\">K\u00f6sz\u00f6netet mondunk mindenkinek, aki vel\u00fcnk volt, a csapatt\u00f3l kezdve, amely teljes odaad\u00e1ssal r\u00e9szt vett a rendezv\u00e9nyen: a szervez\u0151knek: a FITO Kultur\u00e1lis Alap\u00edtv\u00e1nynak, a Regina Maria Sz\u00ednh\u00e1z Arcadia T\u00e1rsulat\u00e1nak \u00e9s a Bihar Megyei Tan\u00e1csnak, az \u00f6nk\u00e9nteseknek, a technikai csapatnak, a m\u0171v\u00e9szeknek, a szponzoroknak \u00e9s partnereknek, akik seg\u00edtettek abban, hogy ez az esem\u00e9ny l\u00e9trej\u00f6hessen: a Nagyv\u00e1radi V\u00e1rosh\u00e1z\u00e1nak, a Nagyv\u00e1rad \u00e9s R\u00e9gi\u00f3 Turisztikai El\u0151mozd\u00edt\u00e1s\u00e1\u00e9rt Egyes\u00fcletnek, a Rom\u00e1n Cserk\u00e9szeknek, a Lions Klubnak, a Raiffeisen Banknak, a Selgrosnak, a Hotel Continentalnak, a Flavours Confectionerynek, a Talking Toysnak, a Humanitas K\u00f6nyvesboltoknak, a Casa Florilornak, a Carrefour Oradea Era-nak, a Covrigei Sasesti-nek, a biletmaster.ro-nak, az Impress Media-nak, valamint a m\u00e9diapartnereknek: a Cri\u0219ana-nak, a Jurnalul Bihorean-nak, a News Bihor-nak, a Bihoreanul-nak, az UZP Bihor-nak, a Magic FM-nek, a Zile \u0219i Nop\u021bi-nak, az Evenimente Oradea-nak, a Ghid Local-nak, a Bihor\u0219tiri.ro-nak, az Ale\u0219d Online-nak, az Info Oradea-nak, a Radio Transilvania-nak \u00e9s a Ghid-nek. Helyi, Buli Nagyv\u00e1rad, amely kit\u00f6rt az orsz\u00e1gban \u00e9s megh\u00edvta a k\u00f6z\u00f6ns\u00e9get a fesztiv\u00e1lra.<\/p>\n<p style=\"text-align: justify;\"><strong>Arcadia Gyermeksz\u00ednh\u00e1zi Fesztiv\u00e1l<\/strong> t\u00e1rsfinansz\u00edrozta a <strong>A Nemzeti Kultur\u00e1lis Alap Igazgat\u00f3s\u00e1ga, <\/strong>a Kultur\u00e1lis Miniszt\u00e9rium al\u00e1rendelts\u00e9g\u00e9ben l\u00e9v\u0151 k\u00f6zint\u00e9zm\u00e9ny, amely minden \u00e9vben vissza nem t\u00e9r\u00edtend\u0151 t\u00e1mogat\u00e1st ny\u00fajt kultur\u00e1lis tev\u00e9kenys\u00e9get v\u00e9gz\u0151 int\u00e9zm\u00e9nyeknek. <strong>\u00a0<\/strong><\/p>\n<p style=\"text-align: justify;\">Azonban lelkesed\u00e9ssel tekint\u00fcnk a j\u00f6v\u0151be, \u00e9s friss er\u0151vel kezdj\u00fck \u00fajra. M\u00e1r nekil\u00e1ttunk a munk\u00e1nak, \u00e9s \u00faj, csod\u00e1latos projektekkel kezdt\u00fcnk el\u0151\u00e1llni.<\/p>\n<p style=\"text-align: justify;\">Viszontl\u00e1t\u00e1sra a k\u00f6vetkez\u0151 szezonban!<\/p>","protected":false},"excerpt":{"rendered":"<p>Sikeresen z\u00e1rult az Arcadia Gyermeksz\u00ednh\u00e1zi Fesztiv\u00e1l \u00f6t\u00f6dik kiad\u00e1sa. Egy t\u00f6rt\u00e9netmes\u00e9l\u00e9ssel teli h\u00f3nap, melynek sor\u00e1n kicsik \u00e9s nagyok egyar\u00e1nt rendk\u00edv\u00fcli sz\u00ednh\u00e1zi el\u0151ad\u00e1sokat, kreat\u00edv szabadt\u00e9ri tev\u00e9kenys\u00e9geket, var\u00e1zslatos pillanatokat \u00e9s kedvenc szerepl\u0151ink \u00e9s a gyerekek k\u00f6z\u00f6tti gy\u00f6ny\u00f6r\u0171 tal\u00e1lkoz\u00e1sokat \u00e9lvezhett\u00fcnk.<\/p>","protected":false},"author":1,"featured_media":0,"comment_status":"open","ping_status":"open","sticky":false,"template":"","format":"standard","meta":{"_acf_changed":false,"footnotes":""},"categories":[37],"tags":[],"class_list":["post-1892","post","type-post","status-publish","format-standard","hentry","category-noutati-trupa-arcadia"],"aioseo_notices":[],"aioseo_head":"\n\t\t<!-- All in One SEO Pro 5.0.1.1 - aioseo.com -->\n\t<meta name=\"description\" content=\"Edi\u021bia a V-a a Festivalului de Teatru pentru Copii Arcadia s-a \u00eencheiat cu succes. O lun\u0103 de poveste, \u00een care ne-am bucurat cu mic, cu mare de spectacole de teatru extraordinare, activit\u0103\u021bi creative \u00een aer liber, momente de magie \u0219i \u00eent\u00e2lniri frumoase \u00eentre personajele preferate \u0219i copii. De fiecare dat\u0103 c\u00e2nd punem punct \u00eenc\u0103 unei\" \/>\n\t<meta name=\"robots\" content=\"max-image-preview:large\" \/>\n\t<meta name=\"author\" content=\"Teatrul Regina Maria\"\/>\n\t<link rel=\"canonical\" href=\"https:\/\/www.teatrulreginamaria.ro\/hu\/festivalul-de-teatru-pentru-copii-arcadia-scurta-retrospectiva\/\" \/>\n\t<meta name=\"generator\" content=\"All in One SEO Pro (AIOSEO) 5.0.1.1\" \/>\n\t\t<meta property=\"og:locale\" content=\"hu_HU\" \/>\n\t\t<meta property=\"og:site_name\" content=\"Teatrul Regina Maria Oradea - Trupa Iosif Vulcan \u0219i Trupa Arcadia\" \/>\n\t\t<meta property=\"og:type\" content=\"article\" \/>\n\t\t<meta property=\"og:title\" content=\"Festivalul de Teatru pentru Copii Arcadia \u2013 scurt\u0103 retrospectiv\u0103 - Teatrul Regina Maria Oradea\" \/>\n\t\t<meta property=\"og:description\" content=\"Edi\u021bia a V-a a Festivalului de Teatru pentru Copii Arcadia s-a \u00eencheiat cu succes. O lun\u0103 de poveste, \u00een care ne-am bucurat cu mic, cu mare de spectacole de teatru extraordinare, activit\u0103\u021bi creative \u00een aer liber, momente de magie \u0219i \u00eent\u00e2lniri frumoase \u00eentre personajele preferate \u0219i copii. De fiecare dat\u0103 c\u00e2nd punem punct \u00eenc\u0103 unei\" \/>\n\t\t<meta property=\"og:url\" content=\"https:\/\/www.teatrulreginamaria.ro\/hu\/festivalul-de-teatru-pentru-copii-arcadia-scurta-retrospectiva\/\" \/>\n\t\t<meta property=\"og:image\" content=\"https:\/\/www.teatrulreginamaria.ro\/wp-content\/uploads\/2025\/03\/trm-istoric-01.jpg\" \/>\n\t\t<meta property=\"og:image:secure_url\" content=\"https:\/\/www.teatrulreginamaria.ro\/wp-content\/uploads\/2025\/03\/trm-istoric-01.jpg\" \/>\n\t\t<meta property=\"og:image:width\" content=\"1200\" \/>\n\t\t<meta property=\"og:image:height\" content=\"800\" \/>\n\t\t<meta property=\"article:published_time\" content=\"2018-06-14T11:12:17+00:00\" \/>\n\t\t<meta property=\"article:modified_time\" content=\"2018-06-14T11:12:17+00:00\" \/>\n\t\t<meta property=\"article:publisher\" content=\"https:\/\/www.facebook.com\/TRMTrupaIosifVulcan\/\" \/>\n\t\t<meta name=\"twitter:card\" content=\"summary_large_image\" \/>\n\t\t<meta name=\"twitter:site\" content=\"@TRMOradea\" \/>\n\t\t<meta name=\"twitter:title\" content=\"Festivalul de Teatru pentru Copii Arcadia \u2013 scurt\u0103 retrospectiv\u0103 - Teatrul Regina Maria Oradea\" \/>\n\t\t<meta name=\"twitter:description\" content=\"Edi\u021bia a V-a a Festivalului de Teatru pentru Copii Arcadia s-a \u00eencheiat cu succes. O lun\u0103 de poveste, \u00een care ne-am bucurat cu mic, cu mare de spectacole de teatru extraordinare, activit\u0103\u021bi creative \u00een aer liber, momente de magie \u0219i \u00eent\u00e2lniri frumoase \u00eentre personajele preferate \u0219i copii. De fiecare dat\u0103 c\u00e2nd punem punct \u00eenc\u0103 unei\" \/>\n\t\t<meta name=\"twitter:creator\" content=\"@TRMOradea\" \/>\n\t\t<meta name=\"twitter:image\" content=\"https:\/\/www.teatrulreginamaria.ro\/wp-content\/uploads\/2025\/03\/trm-istoric-01.jpg\" \/>\n\t\t<script type=\"application\/ld+json\" class=\"aioseo-schema\">\n\t\t\t{\"@context\":\"https:\\\/\\\/schema.org\",\"@graph\":[{\"@type\":\"BlogPosting\",\"@id\":\"https:\\\/\\\/www.teatrulreginamaria.ro\\\/hu\\\/festivalul-de-teatru-pentru-copii-arcadia-scurta-retrospectiva\\\/#blogposting\",\"name\":\"Festivalul de Teatru pentru Copii Arcadia \\u2013 scurt\\u0103 retrospectiv\\u0103 - Teatrul Regina Maria Oradea\",\"headline\":\"Festivalul de Teatru pentru Copii Arcadia \\u2013 scurt\\u0103 retrospectiv\\u0103\",\"author\":{\"@id\":\"https:\\\/\\\/www.teatrulreginamaria.ro\\\/hu\\\/author\\\/iulianm\\\/#author\"},\"publisher\":{\"@id\":\"https:\\\/\\\/www.teatrulreginamaria.ro\\\/hu\\\/#organization\"},\"image\":{\"@type\":\"ImageObject\",\"url\":\"https:\\\/\\\/www.teatrulreginamaria.ro\\\/wp-content\\\/uploads\\\/2025\\\/06\\\/logo-trm-01-dark.png\",\"@id\":\"https:\\\/\\\/www.teatrulreginamaria.ro\\\/hu\\\/#articleImage\",\"width\":300,\"height\":148},\"datePublished\":\"2018-06-14T11:12:17+03:00\",\"dateModified\":\"2018-06-14T11:12:17+03:00\",\"inLanguage\":\"hu-HU\",\"mainEntityOfPage\":{\"@id\":\"https:\\\/\\\/www.teatrulreginamaria.ro\\\/hu\\\/festivalul-de-teatru-pentru-copii-arcadia-scurta-retrospectiva\\\/#webpage\"},\"isPartOf\":{\"@id\":\"https:\\\/\\\/www.teatrulreginamaria.ro\\\/hu\\\/festivalul-de-teatru-pentru-copii-arcadia-scurta-retrospectiva\\\/#webpage\"},\"articleSection\":\"Nout\\u0103\\u021bi - Trupa Arcadia\"},{\"@type\":\"BreadcrumbList\",\"@id\":\"https:\\\/\\\/www.teatrulreginamaria.ro\\\/hu\\\/festivalul-de-teatru-pentru-copii-arcadia-scurta-retrospectiva\\\/#breadcrumblist\",\"itemListElement\":[{\"@type\":\"ListItem\",\"@id\":\"https:\\\/\\\/www.teatrulreginamaria.ro\\\/hu#listItem\",\"position\":1,\"name\":\"Home\",\"item\":\"https:\\\/\\\/www.teatrulreginamaria.ro\\\/hu\",\"nextItem\":{\"@type\":\"ListItem\",\"@id\":\"https:\\\/\\\/www.teatrulreginamaria.ro\\\/hu\\\/categorie\\\/noutati\\\/#listItem\",\"name\":\"Nout\\u0103\\u021bi\"}},{\"@type\":\"ListItem\",\"@id\":\"https:\\\/\\\/www.teatrulreginamaria.ro\\\/hu\\\/categorie\\\/noutati\\\/#listItem\",\"position\":2,\"name\":\"Nout\\u0103\\u021bi\",\"item\":\"https:\\\/\\\/www.teatrulreginamaria.ro\\\/hu\\\/categorie\\\/noutati\\\/\",\"nextItem\":{\"@type\":\"ListItem\",\"@id\":\"https:\\\/\\\/www.teatrulreginamaria.ro\\\/hu\\\/categorie\\\/noutati\\\/noutati-trupa-arcadia\\\/#listItem\",\"name\":\"Nout\\u0103\\u021bi - Trupa Arcadia\"},\"previousItem\":{\"@type\":\"ListItem\",\"@id\":\"https:\\\/\\\/www.teatrulreginamaria.ro\\\/hu#listItem\",\"name\":\"Home\"}},{\"@type\":\"ListItem\",\"@id\":\"https:\\\/\\\/www.teatrulreginamaria.ro\\\/hu\\\/categorie\\\/noutati\\\/noutati-trupa-arcadia\\\/#listItem\",\"position\":3,\"name\":\"Nout\\u0103\\u021bi - Trupa Arcadia\",\"item\":\"https:\\\/\\\/www.teatrulreginamaria.ro\\\/hu\\\/categorie\\\/noutati\\\/noutati-trupa-arcadia\\\/\",\"nextItem\":{\"@type\":\"ListItem\",\"@id\":\"https:\\\/\\\/www.teatrulreginamaria.ro\\\/hu\\\/festivalul-de-teatru-pentru-copii-arcadia-scurta-retrospectiva\\\/#listItem\",\"name\":\"Festivalul de Teatru pentru Copii Arcadia \\u2013 scurt\\u0103 retrospectiv\\u0103\"},\"previousItem\":{\"@type\":\"ListItem\",\"@id\":\"https:\\\/\\\/www.teatrulreginamaria.ro\\\/hu\\\/categorie\\\/noutati\\\/#listItem\",\"name\":\"Nout\\u0103\\u021bi\"}},{\"@type\":\"ListItem\",\"@id\":\"https:\\\/\\\/www.teatrulreginamaria.ro\\\/hu\\\/festivalul-de-teatru-pentru-copii-arcadia-scurta-retrospectiva\\\/#listItem\",\"position\":4,\"name\":\"Festivalul de Teatru pentru Copii Arcadia \\u2013 scurt\\u0103 retrospectiv\\u0103\",\"previousItem\":{\"@type\":\"ListItem\",\"@id\":\"https:\\\/\\\/www.teatrulreginamaria.ro\\\/hu\\\/categorie\\\/noutati\\\/noutati-trupa-arcadia\\\/#listItem\",\"name\":\"Nout\\u0103\\u021bi - Trupa Arcadia\"}}]},{\"@type\":\"Organization\",\"@id\":\"https:\\\/\\\/www.teatrulreginamaria.ro\\\/hu\\\/#organization\",\"name\":\"Teatrul Regina Maria Oradea\",\"description\":\"Trupa Iosif Vulcan \\u0219i Trupa Arcadia\",\"url\":\"https:\\\/\\\/www.teatrulreginamaria.ro\\\/hu\\\/\",\"email\":\"marketing@teatrulreginamaria.ro\",\"telephone\":\"+40359411534\",\"numberOfEmployees\":{\"@type\":\"QuantitativeValue\",\"minValue\":0,\"maxValue\":150},\"logo\":{\"@type\":\"ImageObject\",\"url\":\"https:\\\/\\\/www.teatrulreginamaria.ro\\\/wp-content\\\/uploads\\\/2025\\\/06\\\/logo-trm-01-dark.png\",\"@id\":\"https:\\\/\\\/www.teatrulreginamaria.ro\\\/hu\\\/festivalul-de-teatru-pentru-copii-arcadia-scurta-retrospectiva\\\/#organizationLogo\",\"width\":300,\"height\":148},\"image\":{\"@id\":\"https:\\\/\\\/www.teatrulreginamaria.ro\\\/hu\\\/festivalul-de-teatru-pentru-copii-arcadia-scurta-retrospectiva\\\/#organizationLogo\"},\"sameAs\":[\"https:\\\/\\\/www.facebook.com\\\/TRMTrupaIosifVulcan\\\/\",\"https:\\\/\\\/x.com\\\/TRMOradea\",\"https:\\\/\\\/www.instagram.com\\\/teatrul_regina_maria\\\/\",\"https:\\\/\\\/www.youtube.com\\\/c\\\/TeatrulReginaMariaOradea\",\"https:\\\/\\\/www.linkedin.com\\\/company\\\/teatrul-regina-maria\"]},{\"@type\":\"Person\",\"@id\":\"https:\\\/\\\/www.teatrulreginamaria.ro\\\/hu\\\/author\\\/iulianm\\\/#author\",\"url\":\"https:\\\/\\\/www.teatrulreginamaria.ro\\\/hu\\\/author\\\/iulianm\\\/\",\"name\":\"Teatrul Regina Maria\",\"image\":{\"@type\":\"ImageObject\",\"@id\":\"https:\\\/\\\/www.teatrulreginamaria.ro\\\/hu\\\/festivalul-de-teatru-pentru-copii-arcadia-scurta-retrospectiva\\\/#authorImage\",\"url\":\"https:\\\/\\\/secure.gravatar.com\\\/avatar\\\/49af75bc1b3eb710073d2f37927ea27e6c274a29562ef49edfc6bcf11b9e941d?s=96&d=mm&r=g\",\"width\":96,\"height\":96,\"caption\":\"Teatrul Regina Maria\"}},{\"@type\":\"WebPage\",\"@id\":\"https:\\\/\\\/www.teatrulreginamaria.ro\\\/hu\\\/festivalul-de-teatru-pentru-copii-arcadia-scurta-retrospectiva\\\/#webpage\",\"url\":\"https:\\\/\\\/www.teatrulreginamaria.ro\\\/hu\\\/festivalul-de-teatru-pentru-copii-arcadia-scurta-retrospectiva\\\/\",\"name\":\"Festivalul de Teatru pentru Copii Arcadia \\u2013 scurt\\u0103 retrospectiv\\u0103 - Teatrul Regina Maria Oradea\",\"description\":\"Edi\\u021bia a V-a a Festivalului de Teatru pentru Copii Arcadia s-a \\u00eencheiat cu succes. O lun\\u0103 de poveste, \\u00een care ne-am bucurat cu mic, cu mare de spectacole de teatru extraordinare, activit\\u0103\\u021bi creative \\u00een aer liber, momente de magie \\u0219i \\u00eent\\u00e2lniri frumoase \\u00eentre personajele preferate \\u0219i copii. De fiecare dat\\u0103 c\\u00e2nd punem punct \\u00eenc\\u0103 unei\",\"inLanguage\":\"hu-HU\",\"isPartOf\":{\"@id\":\"https:\\\/\\\/www.teatrulreginamaria.ro\\\/hu\\\/#website\"},\"breadcrumb\":{\"@id\":\"https:\\\/\\\/www.teatrulreginamaria.ro\\\/hu\\\/festivalul-de-teatru-pentru-copii-arcadia-scurta-retrospectiva\\\/#breadcrumblist\"},\"author\":{\"@id\":\"https:\\\/\\\/www.teatrulreginamaria.ro\\\/hu\\\/author\\\/iulianm\\\/#author\"},\"creator\":{\"@id\":\"https:\\\/\\\/www.teatrulreginamaria.ro\\\/hu\\\/author\\\/iulianm\\\/#author\"},\"datePublished\":\"2018-06-14T11:12:17+03:00\",\"dateModified\":\"2018-06-14T11:12:17+03:00\"},{\"@type\":\"WebSite\",\"@id\":\"https:\\\/\\\/www.teatrulreginamaria.ro\\\/hu\\\/#website\",\"url\":\"https:\\\/\\\/www.teatrulreginamaria.ro\\\/hu\\\/\",\"name\":\"Teatrul Regina Maria Oradea\",\"alternateName\":\"TRM Oradea\",\"description\":\"Trupa Iosif Vulcan \\u0219i Trupa Arcadia\",\"inLanguage\":\"hu-HU\",\"publisher\":{\"@id\":\"https:\\\/\\\/www.teatrulreginamaria.ro\\\/hu\\\/#organization\"}}]}\n\t\t<\/script>\n\t\t<!-- All in One SEO Pro -->\r\n\t\t<title>Festivalul de Teatru pentru Copii Arcadia \u2013 scurt\u0103 retrospectiv\u0103 - Teatrul Regina Maria Oradea<\/title>\n\n","aioseo_head_json":{"title":"Arcadia Gyermeksz\u00ednh\u00e1zi Fesztiv\u00e1l \u2013 r\u00f6vid retrospekt\u00edv - Regina Maria Sz\u00ednh\u00e1z Nagyv\u00e1radon","description":"Sikeresen z\u00e1rult az Arcadia Gyermeksz\u00ednh\u00e1zi Fesztiv\u00e1l \u00f6t\u00f6dik kiad\u00e1sa. Egy t\u00f6rt\u00e9netmes\u00e9l\u00e9ssel teli h\u00f3nap, melynek sor\u00e1n kicsik \u00e9s nagyok egyar\u00e1nt rendk\u00edv\u00fcli sz\u00ednh\u00e1zi el\u0151ad\u00e1sokat, kreat\u00edv szabadt\u00e9ri tev\u00e9kenys\u00e9geket, var\u00e1zslatos pillanatokat \u00e9s kedvenc szerepl\u0151ink \u00e9s a gyerekek k\u00f6z\u00f6tti gy\u00f6ny\u00f6r\u0171 tal\u00e1lkoz\u00e1sokat \u00e9lvezhett\u00fcnk. Minden alkalommal, amikor v\u00e9get vet\u00fcnk egy m\u00e1siknak","canonical_url":"https:\/\/www.teatrulreginamaria.ro\/hu\/festivalul-de-teatru-pentru-copii-arcadia-scurta-retrospectiva\/","robots":"max-image-preview:large","keywords":"","webmasterTools":{"miscellaneous":""},"schema":{"@context":"https:\/\/schema.org","@graph":[{"@type":"BlogPosting","@id":"https:\/\/www.teatrulreginamaria.ro\/hu\/festivalul-de-teatru-pentru-copii-arcadia-scurta-retrospectiva\/#blogposting","name":"Festivalul de Teatru pentru Copii Arcadia \u2013 scurt\u0103 retrospectiv\u0103 - Teatrul Regina Maria Oradea","headline":"Festivalul de Teatru pentru Copii Arcadia \u2013 scurt\u0103 retrospectiv\u0103","author":{"@id":"https:\/\/www.teatrulreginamaria.ro\/hu\/author\/iulianm\/#author"},"publisher":{"@id":"https:\/\/www.teatrulreginamaria.ro\/hu\/#organization"},"image":{"@type":"ImageObject","url":"https:\/\/www.teatrulreginamaria.ro\/wp-content\/uploads\/2025\/06\/logo-trm-01-dark.png","@id":"https:\/\/www.teatrulreginamaria.ro\/hu\/#articleImage","width":300,"height":148},"datePublished":"2018-06-14T11:12:17+03:00","dateModified":"2018-06-14T11:12:17+03:00","inLanguage":"hu-HU","mainEntityOfPage":{"@id":"https:\/\/www.teatrulreginamaria.ro\/hu\/festivalul-de-teatru-pentru-copii-arcadia-scurta-retrospectiva\/#webpage"},"isPartOf":{"@id":"https:\/\/www.teatrulreginamaria.ro\/hu\/festivalul-de-teatru-pentru-copii-arcadia-scurta-retrospectiva\/#webpage"},"articleSection":"Nout\u0103\u021bi - Trupa Arcadia"},{"@type":"BreadcrumbList","@id":"https:\/\/www.teatrulreginamaria.ro\/hu\/festivalul-de-teatru-pentru-copii-arcadia-scurta-retrospectiva\/#breadcrumblist","itemListElement":[{"@type":"ListItem","@id":"https:\/\/www.teatrulreginamaria.ro\/hu#listItem","position":1,"name":"Home","item":"https:\/\/www.teatrulreginamaria.ro\/hu","nextItem":{"@type":"ListItem","@id":"https:\/\/www.teatrulreginamaria.ro\/hu\/categorie\/noutati\/#listItem","name":"Nout\u0103\u021bi"}},{"@type":"ListItem","@id":"https:\/\/www.teatrulreginamaria.ro\/hu\/categorie\/noutati\/#listItem","position":2,"name":"Nout\u0103\u021bi","item":"https:\/\/www.teatrulreginamaria.ro\/hu\/categorie\/noutati\/","nextItem":{"@type":"ListItem","@id":"https:\/\/www.teatrulreginamaria.ro\/hu\/categorie\/noutati\/noutati-trupa-arcadia\/#listItem","name":"Nout\u0103\u021bi - Trupa Arcadia"},"previousItem":{"@type":"ListItem","@id":"https:\/\/www.teatrulreginamaria.ro\/hu#listItem","name":"Home"}},{"@type":"ListItem","@id":"https:\/\/www.teatrulreginamaria.ro\/hu\/categorie\/noutati\/noutati-trupa-arcadia\/#listItem","position":3,"name":"Nout\u0103\u021bi - Trupa Arcadia","item":"https:\/\/www.teatrulreginamaria.ro\/hu\/categorie\/noutati\/noutati-trupa-arcadia\/","nextItem":{"@type":"ListItem","@id":"https:\/\/www.teatrulreginamaria.ro\/hu\/festivalul-de-teatru-pentru-copii-arcadia-scurta-retrospectiva\/#listItem","name":"Festivalul de Teatru pentru Copii Arcadia \u2013 scurt\u0103 retrospectiv\u0103"},"previousItem":{"@type":"ListItem","@id":"https:\/\/www.teatrulreginamaria.ro\/hu\/categorie\/noutati\/#listItem","name":"Nout\u0103\u021bi"}},{"@type":"ListItem","@id":"https:\/\/www.teatrulreginamaria.ro\/hu\/festivalul-de-teatru-pentru-copii-arcadia-scurta-retrospectiva\/#listItem","position":4,"name":"Festivalul de Teatru pentru Copii Arcadia \u2013 scurt\u0103 retrospectiv\u0103","previousItem":{"@type":"ListItem","@id":"https:\/\/www.teatrulreginamaria.ro\/hu\/categorie\/noutati\/noutati-trupa-arcadia\/#listItem","name":"Nout\u0103\u021bi - Trupa Arcadia"}}]},{"@type":"Organization","@id":"https:\/\/www.teatrulreginamaria.ro\/hu\/#organization","name":"Teatrul Regina Maria Oradea","description":"Trupa Iosif Vulcan \u0219i Trupa Arcadia","url":"https:\/\/www.teatrulreginamaria.ro\/hu\/","email":"marketing@teatrulreginamaria.ro","telephone":"+40359411534","numberOfEmployees":{"@type":"QuantitativeValue","minValue":0,"maxValue":150},"logo":{"@type":"ImageObject","url":"https:\/\/www.teatrulreginamaria.ro\/wp-content\/uploads\/2025\/06\/logo-trm-01-dark.png","@id":"https:\/\/www.teatrulreginamaria.ro\/hu\/festivalul-de-teatru-pentru-copii-arcadia-scurta-retrospectiva\/#organizationLogo","width":300,"height":148},"image":{"@id":"https:\/\/www.teatrulreginamaria.ro\/hu\/festivalul-de-teatru-pentru-copii-arcadia-scurta-retrospectiva\/#organizationLogo"},"sameAs":["https:\/\/www.facebook.com\/TRMTrupaIosifVulcan\/","https:\/\/x.com\/TRMOradea","https:\/\/www.instagram.com\/teatrul_regina_maria\/","https:\/\/www.youtube.com\/c\/TeatrulReginaMariaOradea","https:\/\/www.linkedin.com\/company\/teatrul-regina-maria"]},{"@type":"Person","@id":"https:\/\/www.teatrulreginamaria.ro\/hu\/author\/iulianm\/#author","url":"https:\/\/www.teatrulreginamaria.ro\/hu\/author\/iulianm\/","name":"Teatrul Regina Maria","image":{"@type":"ImageObject","@id":"https:\/\/www.teatrulreginamaria.ro\/hu\/festivalul-de-teatru-pentru-copii-arcadia-scurta-retrospectiva\/#authorImage","url":"https:\/\/secure.gravatar.com\/avatar\/49af75bc1b3eb710073d2f37927ea27e6c274a29562ef49edfc6bcf11b9e941d?s=96&d=mm&r=g","width":96,"height":96,"caption":"Teatrul Regina Maria"}},{"@type":"WebPage","@id":"https:\/\/www.teatrulreginamaria.ro\/hu\/festivalul-de-teatru-pentru-copii-arcadia-scurta-retrospectiva\/#webpage","url":"https:\/\/www.teatrulreginamaria.ro\/hu\/festivalul-de-teatru-pentru-copii-arcadia-scurta-retrospectiva\/","name":"Festivalul de Teatru pentru Copii Arcadia \u2013 scurt\u0103 retrospectiv\u0103 - Teatrul Regina Maria Oradea","description":"Edi\u021bia a V-a a Festivalului de Teatru pentru Copii Arcadia s-a \u00eencheiat cu succes. O lun\u0103 de poveste, \u00een care ne-am bucurat cu mic, cu mare de spectacole de teatru extraordinare, activit\u0103\u021bi creative \u00een aer liber, momente de magie \u0219i \u00eent\u00e2lniri frumoase \u00eentre personajele preferate \u0219i copii. De fiecare dat\u0103 c\u00e2nd punem punct \u00eenc\u0103 unei","inLanguage":"hu-HU","isPartOf":{"@id":"https:\/\/www.teatrulreginamaria.ro\/hu\/#website"},"breadcrumb":{"@id":"https:\/\/www.teatrulreginamaria.ro\/hu\/festivalul-de-teatru-pentru-copii-arcadia-scurta-retrospectiva\/#breadcrumblist"},"author":{"@id":"https:\/\/www.teatrulreginamaria.ro\/hu\/author\/iulianm\/#author"},"creator":{"@id":"https:\/\/www.teatrulreginamaria.ro\/hu\/author\/iulianm\/#author"},"datePublished":"2018-06-14T11:12:17+03:00","dateModified":"2018-06-14T11:12:17+03:00"},{"@type":"WebSite","@id":"https:\/\/www.teatrulreginamaria.ro\/hu\/#website","url":"https:\/\/www.teatrulreginamaria.ro\/hu\/","name":"Teatrul Regina Maria Oradea","alternateName":"TRM Oradea","description":"Trupa Iosif Vulcan \u0219i Trupa Arcadia","inLanguage":"hu-HU","publisher":{"@id":"https:\/\/www.teatrulreginamaria.ro\/hu\/#organization"}}]},"og:locale":"hu_HU","og:site_name":"Teatrul Regina Maria Oradea - Trupa Iosif Vulcan \u0219i Trupa Arcadia","og:type":"article","og:title":"Festivalul de Teatru pentru Copii Arcadia \u2013 scurt\u0103 retrospectiv\u0103 - Teatrul Regina Maria Oradea","og:description":"Edi\u021bia a V-a a Festivalului de Teatru pentru Copii Arcadia s-a \u00eencheiat cu succes. O lun\u0103 de poveste, \u00een care ne-am bucurat cu mic, cu mare de spectacole de teatru extraordinare, activit\u0103\u021bi creative \u00een aer liber, momente de magie \u0219i \u00eent\u00e2lniri frumoase \u00eentre personajele preferate \u0219i copii. De fiecare dat\u0103 c\u00e2nd punem punct \u00eenc\u0103 unei","og:url":"https:\/\/www.teatrulreginamaria.ro\/hu\/festivalul-de-teatru-pentru-copii-arcadia-scurta-retrospectiva\/","og:image":"https:\/\/www.teatrulreginamaria.ro\/wp-content\/uploads\/2025\/03\/trm-istoric-01.jpg","og:image:secure_url":"https:\/\/www.teatrulreginamaria.ro\/wp-content\/uploads\/2025\/03\/trm-istoric-01.jpg","og:image:width":1200,"og:image:height":800,"article:published_time":"2018-06-14T11:12:17+00:00","article:modified_time":"2018-06-14T11:12:17+00:00","article:publisher":"https:\/\/www.facebook.com\/TRMTrupaIosifVulcan\/","twitter:card":"summary_large_image","twitter:site":"@TRMOradea","twitter:title":"Festivalul de Teatru pentru Copii Arcadia \u2013 scurt\u0103 retrospectiv\u0103 - Teatrul Regina Maria Oradea","twitter:description":"Edi\u021bia a V-a a Festivalului de Teatru pentru Copii Arcadia s-a \u00eencheiat cu succes. O lun\u0103 de poveste, \u00een care ne-am bucurat cu mic, cu mare de spectacole de teatru extraordinare, activit\u0103\u021bi creative \u00een aer liber, momente de magie \u0219i \u00eent\u00e2lniri frumoase \u00eentre personajele preferate \u0219i copii. De fiecare dat\u0103 c\u00e2nd punem punct \u00eenc\u0103 unei","twitter:creator":"@TRMOradea","twitter:image":"https:\/\/www.teatrulreginamaria.ro\/wp-content\/uploads\/2025\/03\/trm-istoric-01.jpg"},"aioseo_meta_data":{"post_id":"1892","title":null,"description":null,"keywords":null,"keyphrases":null,"primary_term":null,"canonical_url":null,"og_title":null,"og_description":null,"og_object_type":"default","og_image_type":"default","og_image_url":null,"og_image_width":null,"og_image_height":null,"og_image_custom_url":null,"og_image_custom_fields":null,"og_video":null,"og_custom_url":null,"og_article_section":null,"og_article_tags":null,"twitter_use_og":false,"twitter_card":"default","twitter_image_type":"default","twitter_image_url":null,"twitter_image_custom_url":null,"twitter_image_custom_fields":null,"twitter_title":null,"twitter_description":null,"schema":{"blockGraphs":[],"customGraphs":[],"default":{"data":{"Article":[],"Course":[],"Dataset":[],"FAQPage":[],"Movie":[],"Person":[],"Product":[],"ProductReview":[],"Car":[],"Recipe":[],"Service":[],"SoftwareApplication":[],"WebPage":[]},"graphName":"","isEnabled":true},"graphs":[]},"schema_type":"default","schema_type_options":null,"pillar_content":false,"robots_default":true,"robots_noindex":false,"robots_noarchive":false,"robots_nosnippet":false,"robots_nofollow":false,"robots_noimageindex":false,"robots_noodp":false,"robots_notranslate":false,"robots_max_snippet":null,"robots_max_videopreview":null,"robots_max_imagepreview":"large","priority":null,"frequency":null,"local_seo":null,"seo_analyzer_scan_date":"2026-05-13 02:09:42","breadcrumb_settings":null,"limit_modified_date":false,"reviewed_by":null,"open_ai":null,"ai":null,"created":"2025-04-09 17:42:41","updated":"2026-05-13 02:09:42","focus_keyword":null,"additional_keywords":null,"truseo_locale":null},"aioseo_breadcrumb":"<div class=\"aioseo-breadcrumbs\"><span class=\"aioseo-breadcrumb\">\n\t<a href=\"https:\/\/www.teatrulreginamaria.ro\/hu\" title=\"Home\">Home<\/a>\n<\/span><span class=\"aioseo-breadcrumb-separator\">&raquo;<\/span><span class=\"aioseo-breadcrumb\">\n\t<a href=\"https:\/\/www.teatrulreginamaria.ro\/hu\/categorie\/noutati\/\" title=\"Nout\u0103\u021bi\">Nout\u0103\u021bi<\/a>\n<\/span><span class=\"aioseo-breadcrumb-separator\">&raquo;<\/span><span class=\"aioseo-breadcrumb\">\n\t<a href=\"https:\/\/www.teatrulreginamaria.ro\/hu\/categorie\/noutati\/noutati-trupa-arcadia\/\" title=\"Nout\u0103\u021bi - Trupa Arcadia\">Nout\u0103\u021bi - Trupa Arcadia<\/a>\n<\/span><span class=\"aioseo-breadcrumb-separator\">&raquo;<\/span><span class=\"aioseo-breadcrumb\">\n\tFestivalul de Teatru pentru Copii Arcadia \u2013 scurt\u0103 retrospectiv\u0103\n<\/span><\/div>","aioseo_breadcrumb_json":[{"label":"Home","link":"https:\/\/www.teatrulreginamaria.ro\/hu"},{"label":"Nout\u0103\u021bi","link":"https:\/\/www.teatrulreginamaria.ro\/hu\/categorie\/noutati\/"},{"label":"Nout\u0103\u021bi - Trupa Arcadia","link":"https:\/\/www.teatrulreginamaria.ro\/hu\/categorie\/noutati\/noutati-trupa-arcadia\/"},{"label":"Festivalul de Teatru pentru Copii Arcadia \u2013 scurt\u0103 retrospectiv\u0103","link":"https:\/\/www.teatrulreginamaria.ro\/hu\/festivalul-de-teatru-pentru-copii-arcadia-scurta-retrospectiva\/"}],"acf":[],"_links":{"self":[{"href":"https:\/\/www.teatrulreginamaria.ro\/hu\/wp-json\/wp\/v2\/posts\/1892","targetHints":{"allow":["GET"]}}],"collection":[{"href":"https:\/\/www.teatrulreginamaria.ro\/hu\/wp-json\/wp\/v2\/posts"}],"about":[{"href":"https:\/\/www.teatrulreginamaria.ro\/hu\/wp-json\/wp\/v2\/types\/post"}],"author":[{"embeddable":true,"href":"https:\/\/www.teatrulreginamaria.ro\/hu\/wp-json\/wp\/v2\/users\/1"}],"replies":[{"embeddable":true,"href":"https:\/\/www.teatrulreginamaria.ro\/hu\/wp-json\/wp\/v2\/comments?post=1892"}],"version-history":[{"count":0,"href":"https:\/\/www.teatrulreginamaria.ro\/hu\/wp-json\/wp\/v2\/posts\/1892\/revisions"}],"wp:attachment":[{"href":"https:\/\/www.teatrulreginamaria.ro\/hu\/wp-json\/wp\/v2\/media?parent=1892"}],"wp:term":[{"taxonomy":"category","embeddable":true,"href":"https:\/\/www.teatrulreginamaria.ro\/hu\/wp-json\/wp\/v2\/categories?post=1892"},{"taxonomy":"post_tag","embeddable":true,"href":"https:\/\/www.teatrulreginamaria.ro\/hu\/wp-json\/wp\/v2\/tags?post=1892"}],"curies":[{"name":"munkaf\u00fczet","href":"https:\/\/api.w.org\/{rel}","templated":true}]}}