{"id":1987,"date":"2019-03-07T11:15:22","date_gmt":"2019-03-07T11:15:22","guid":{"rendered":"https:\/\/teatrulreginamaria.ro\/2019\/03\/07\/un-spectacol-eveniment-se-rejoaca-la-oradea\/"},"modified":"2019-03-07T11:15:22","modified_gmt":"2019-03-07T11:15:22","slug":"egy-show-esemenyt-jatszanak-nagyvaradon","status":"publish","type":"post","link":"https:\/\/www.teatrulreginamaria.ro\/hu\/un-spectacol-eveniment-se-rejoaca-la-oradea\/","title":{"rendered":"Egy show-esem\u00e9nyt ism\u00e9telnek Nagyv\u00e1radon"},"content":{"rendered":"<p style=\"text-align: justify;\">A &quot;Regina Maria&quot; Sz\u00ednh\u00e1zban janu\u00e1r 31-\u00e9n, 19 \u00f3rakor ism\u00e9t l\u00e1that\u00f3 a &quot;Caf\u00e9neaua Pirandello&quot; c\u00edm\u0171 darab, amelyet Mihai M\u0103niu\u021biu rendezett Luigi Pirandello sz\u00f6vegei alapj\u00e1n. A k\u00fcl\u00f6nc, j\u00e1t\u00e9kos \u00e9s sz\u00ednes produkci\u00f3t h\u00f3napok ut\u00e1n \u00fajra vet\u00edtik, \u00edgy t\u00f6k\u00e9letes alkalom ny\u00edlik azoknak a n\u00e9z\u0151knek, akik eddig lemaradtak r\u00f3la.<\/p>\n<p><!--more--><\/p>\n<p style=\"text-align: justify;\">A \u201ePirandello k\u00e1v\u00e9z\u00f3ja\u201d nem egy klasszikus t\u00f6rt\u00e9net, expoz\u00edci\u00f3val, tartalommal \u00e9s befejez\u00e9ssel, ahogy a rom\u00e1n tank\u00f6nyv mondja. Ink\u00e1bb olyan esem\u00e9nyek sorozat\u00e1ra hasonl\u00edt \u2013 n\u00e9melyik bizarr vagy v\u00e1ratlan \u2013, amelyeknek tan\u00faja lenn\u00e9l, ha eg\u00e9sz nap egy padon \u00fcln\u00e9l. Vagy a k\u00e1v\u00e9z\u00f3ban. M\u00e9g ha a vil\u00e1g unalmasnak is t\u0171nik sz\u00e1modra, \u00e9s nem \u00e9rdekelnek az apr\u00f3s\u00e1gok, akkor is lesz valami, ami felkelti a figyelmedet. Pontosan olyan, mint abban az anekdot\u00e1ban... &quot;Egy k\u00e1v\u00e9z\u00f3ban egy \u00far csendben \u00fcl \u00e9s k\u00e1v\u00e9t iszik. Nincs n\u00e1la laptop, nincs n\u00e1la okostelefon, nincs n\u00e1la iPad. \u00dagy \u00fcl, mint egy pszichopata...&quot;<\/p>\n<p style=\"text-align: justify;\">Nos, M\u0103niu\u021biu m\u0171sor\u00e1ban nem pont pszichopat\u00e1kkal tal\u00e1lkozni, de n\u00e9h\u00e1ny \u201ekarakter\u201d, n\u00e9melyik\u00fck t\u00f6bb\u00e9-kev\u00e9sb\u00e9 furcsa, m\u00e9gis k\u00eds\u00e9rt. A f\u00e1radt vend\u00e9g, a vir\u00e1got tart\u00f3 f\u00e9rfi a sz\u00e1j\u00e1ban, n\u00e9h\u00e1ny prostitu\u00e1lt, n\u00e9h\u00e1ny boh\u00f3c, mindenf\u00e9le cirkuszi artista, akik mindenf\u00e9le cs\u00ednytev\u00e9st m\u0171velnek. T\u00e1ncok, apr\u00f3 po\u00e9nok, gyeng\u00e9debb vagy nyersebb interakci\u00f3k, n\u00e9h\u00e1ny \u201ecs\u00faszda\u201d, mint amikor kulcslyukon n\u00e9z\u00fcnk, vagy mint egy \u00e1lom t\u00f6red\u00e9kei, amelyek reggelre megmaradnak az eml\u00e9kezet\u00fcnkben \u2013 ezek ennek az \u00f6tletes el\u0151ad\u00e1snak az \u201e\u00f6sszetev\u0151i\u201d.<\/p>\n<p style=\"text-align: justify;\">A titok az, hogy nem kell egy \u201ej\u00f3\u201d n\u00e9z\u0151 szem\u00e9vel n\u00e9zni a \u201eCaf\u00e9 Pirandello\u201d-t, aki csak egy \u201etanuls\u00e1gos\u201d dolgot akar mag\u00e1ra hagyni. Sz\u00f3 sem lehet r\u00f3la. \u00dagy kell n\u00e9zni ezt a m\u0171sort, mint egy k\u00e1v\u00e9z\u00f3asztaln\u00e1l \u00fcl\u0151 embert, aki egyik sarokb\u00f3l a m\u00e1sikba n\u00e9z, \u00e9rdekl\u0151d\u00e9ssel vagy k\u00edv\u00e1ncsis\u00e1ggal figyeli a n\u00e9z\u0151t, vagy csak felkelti az \u00e9rdekl\u0151d\u00e9s\u00e9t n\u00e9h\u00e1ny \u00e9rdekes t\u00e9ny. Igaz, egy soksz\u00edn\u0171 t\u00e9ny, ami furcs\u00e1bb, \u00e1lomszer\u0171bb, huncutabb, mint a mindennapi val\u00f3s\u00e1gban.<\/p>\n<p style=\"text-align: justify;\">V\u00e1logatott szakemberekb\u0151l \u00e1ll\u00f3 csapat k\u00f6zrem\u0171k\u00f6d\u00f6tt az el\u0151ad\u00e1sban: Mihai M\u0103niu\u021biu rendez\u0151, Andrea Gavriliu koreogr\u00e1fus, Adrian Damian \u00e9s Luiza Enescu d\u00edszlettervez\u0151k, Mihai Dobre zen\u00e9sz. A szerepl\u0151k pedig szinte mind a &quot;M\u00e1ria kir\u00e1lyn\u0151&quot; sz\u00edn\u00e9szei lesznek, mindannyian nagyon vid\u00e1mak.<\/p>\n<p style=\"text-align: justify;\">A &quot;Caf\u00e9 Pirandello&quot; janu\u00e1r 31-\u00e9n nyit. Jegyek kaphat\u00f3k a &quot;Regina Maria&quot; Sz\u00ednh\u00e1zi \u00dcgyn\u00f6ks\u00e9gn\u00e9l keddt\u0151l p\u00e9ntekig 12:00 \u00e9s 18:00 \u00f3ra k\u00f6z\u00f6tt, h\u00e9tv\u00e9g\u00e9n pedig 10:00 \u00e9s 13:00 \u00f3ra k\u00f6z\u00f6tt. Jegyeket az el\u0151ad\u00e1s el\u0151tt egy \u00f3r\u00e1val, vagy online is v\u00e1s\u00e1rolhat a\u00a0<a href=\"https:\/\/www.biletmaster.ro\/ron\/PlaceInfo\/2101\/Teatrul-Regina-Maria---Oradea\">www.biletmaster.ro<\/a>.<\/p>\n<p style=\"text-align: justify;\">\u00a0<\/p>\n<p style=\"text-align: justify;\">Tov\u00e1bbi inform\u00e1ci\u00f3k\u00e9rt \u00e9s jegyfoglal\u00e1s\u00e9rt k\u00e9rj\u00fck, h\u00edvja a 0372\/368.475-\u00f6s telefonsz\u00e1mot.<\/p>\n<p style=\"text-align: justify;\">\u00a0<\/p>\n<p>Claudiu Groza<\/p>\n<p>Regina Maria Sz\u00ednh\u00e1z Sajt\u00f3irod\u00e1ja<\/p>\n<p style=\"text-align: justify;\">\n<p>\u00a0<\/p>\n<p>\u00a0<\/p>","protected":false},"excerpt":{"rendered":"<p>A &quot;Regina Maria&quot; Sz\u00ednh\u00e1zban janu\u00e1r 31-\u00e9n, 19 \u00f3rakor ism\u00e9t l\u00e1that\u00f3 a &quot;Caf\u00e9neaua Pirandello&quot; c\u00edm\u0171 darab, amelyet Mihai M\u0103niu\u021biu rendezett Luigi Pirandello sz\u00f6vegei alapj\u00e1n. A k\u00fcl\u00f6nc, j\u00e1t\u00e9kos \u00e9s sz\u00ednes produkci\u00f3t h\u00f3napok ut\u00e1n \u00fajra vet\u00edtik, \u00edgy t\u00f6k\u00e9letes alkalom ny\u00edlik azoknak a n\u00e9z\u0151knek, akik eddig lemaradtak r\u00f3la.<\/p>","protected":false},"author":6,"featured_media":1984,"comment_status":"open","ping_status":"open","sticky":false,"template":"","format":"standard","meta":{"_acf_changed":false,"footnotes":""},"categories":[22],"tags":[],"class_list":["post-1987","post","type-post","status-publish","format-standard","has-post-thumbnail","hentry","category-noutati-trupa-iosif-vulcan"],"aioseo_notices":[],"aioseo_head":"\n\t\t<!-- All in One SEO Pro 5.0.1.1 - aioseo.com -->\n\t<meta name=\"description\" content=\"La Teatrul \u201dRegina Maria\u201d se joac\u0103 din nou, \u00een 31 ianuarie, de la ora 19, \u201dCafeneaua Pirandello\u201d, un spectacol regizat de Mihai M\u0103niu\u021biu pe texte de Luigi Pirandello. Montarea, n\u0103stru\u0219nic\u0103, juc\u0103u\u0219\u0103 \u0219i colorat\u0103, se reia dup\u0103 multe luni, a\u0219a c\u0103 e tocmai prilejul nimerit s-o vad\u0103 \u0219i spectatorii care au ratat-o p\u00e2n\u0103 acum. \u201dCafeneaua Pirandello\u201d\" \/>\n\t<meta name=\"robots\" content=\"max-image-preview:large\" \/>\n\t<meta name=\"author\" content=\"Teatrul Regina Maria\"\/>\n\t<link rel=\"canonical\" href=\"https:\/\/www.teatrulreginamaria.ro\/hu\/un-spectacol-eveniment-se-rejoaca-la-oradea\/\" \/>\n\t<meta name=\"generator\" content=\"All in One SEO Pro (AIOSEO) 5.0.1.1\" \/>\n\t\t<meta property=\"og:locale\" content=\"hu_HU\" \/>\n\t\t<meta property=\"og:site_name\" content=\"Teatrul Regina Maria Oradea - Trupa Iosif Vulcan \u0219i Trupa Arcadia\" \/>\n\t\t<meta property=\"og:type\" content=\"article\" \/>\n\t\t<meta property=\"og:title\" content=\"Un spectacol-eveniment se rejoac\u0103 la Oradea - Teatrul Regina Maria Oradea\" \/>\n\t\t<meta property=\"og:description\" content=\"La Teatrul \u201dRegina Maria\u201d se joac\u0103 din nou, \u00een 31 ianuarie, de la ora 19, \u201dCafeneaua Pirandello\u201d, un spectacol regizat de Mihai M\u0103niu\u021biu pe texte de Luigi Pirandello. Montarea, n\u0103stru\u0219nic\u0103, juc\u0103u\u0219\u0103 \u0219i colorat\u0103, se reia dup\u0103 multe luni, a\u0219a c\u0103 e tocmai prilejul nimerit s-o vad\u0103 \u0219i spectatorii care au ratat-o p\u00e2n\u0103 acum. \u201dCafeneaua Pirandello\u201d\" \/>\n\t\t<meta property=\"og:url\" content=\"https:\/\/www.teatrulreginamaria.ro\/hu\/un-spectacol-eveniment-se-rejoaca-la-oradea\/\" \/>\n\t\t<meta property=\"og:image\" content=\"https:\/\/www.teatrulreginamaria.ro\/wp-content\/uploads\/2025\/03\/trm-istoric-01.jpg\" \/>\n\t\t<meta property=\"og:image:secure_url\" content=\"https:\/\/www.teatrulreginamaria.ro\/wp-content\/uploads\/2025\/03\/trm-istoric-01.jpg\" \/>\n\t\t<meta property=\"og:image:width\" content=\"1200\" \/>\n\t\t<meta property=\"og:image:height\" content=\"800\" \/>\n\t\t<meta property=\"article:published_time\" content=\"2019-03-07T11:15:22+00:00\" \/>\n\t\t<meta property=\"article:modified_time\" content=\"2019-03-07T11:15:22+00:00\" \/>\n\t\t<meta property=\"article:publisher\" content=\"https:\/\/www.facebook.com\/TRMTrupaIosifVulcan\/\" \/>\n\t\t<meta name=\"twitter:card\" content=\"summary_large_image\" \/>\n\t\t<meta name=\"twitter:site\" content=\"@TRMOradea\" \/>\n\t\t<meta name=\"twitter:title\" content=\"Un spectacol-eveniment se rejoac\u0103 la Oradea - Teatrul Regina Maria Oradea\" \/>\n\t\t<meta name=\"twitter:description\" content=\"La Teatrul \u201dRegina Maria\u201d se joac\u0103 din nou, \u00een 31 ianuarie, de la ora 19, \u201dCafeneaua Pirandello\u201d, un spectacol regizat de Mihai M\u0103niu\u021biu pe texte de Luigi Pirandello. Montarea, n\u0103stru\u0219nic\u0103, juc\u0103u\u0219\u0103 \u0219i colorat\u0103, se reia dup\u0103 multe luni, a\u0219a c\u0103 e tocmai prilejul nimerit s-o vad\u0103 \u0219i spectatorii care au ratat-o p\u00e2n\u0103 acum. \u201dCafeneaua Pirandello\u201d\" \/>\n\t\t<meta name=\"twitter:creator\" content=\"@TRMOradea\" \/>\n\t\t<meta name=\"twitter:image\" content=\"https:\/\/www.teatrulreginamaria.ro\/wp-content\/uploads\/2025\/03\/trm-istoric-01.jpg\" \/>\n\t\t<script type=\"application\/ld+json\" class=\"aioseo-schema\">\n\t\t\t{\"@context\":\"https:\\\/\\\/schema.org\",\"@graph\":[{\"@type\":\"BlogPosting\",\"@id\":\"https:\\\/\\\/www.teatrulreginamaria.ro\\\/hu\\\/un-spectacol-eveniment-se-rejoaca-la-oradea\\\/#blogposting\",\"name\":\"Un spectacol-eveniment se rejoac\\u0103 la Oradea - Teatrul Regina Maria Oradea\",\"headline\":\"Un spectacol-eveniment se rejoac\\u0103 la Oradea\",\"author\":{\"@id\":\"https:\\\/\\\/www.teatrulreginamaria.ro\\\/hu\\\/author\\\/w3bmaster\\\/#author\"},\"publisher\":{\"@id\":\"https:\\\/\\\/www.teatrulreginamaria.ro\\\/hu\\\/#organization\"},\"image\":{\"@type\":\"ImageObject\",\"url\":\"https:\\\/\\\/www.teatrulreginamaria.ro\\\/wp-content\\\/uploads\\\/2019\\\/03\\\/pirandello2.jpg\",\"width\":1440,\"height\":960},\"datePublished\":\"2019-03-07T11:15:22+02:00\",\"dateModified\":\"2019-03-07T11:15:22+02:00\",\"inLanguage\":\"hu-HU\",\"mainEntityOfPage\":{\"@id\":\"https:\\\/\\\/www.teatrulreginamaria.ro\\\/hu\\\/un-spectacol-eveniment-se-rejoaca-la-oradea\\\/#webpage\"},\"isPartOf\":{\"@id\":\"https:\\\/\\\/www.teatrulreginamaria.ro\\\/hu\\\/un-spectacol-eveniment-se-rejoaca-la-oradea\\\/#webpage\"},\"articleSection\":\"Nout\\u0103\\u021bi - Trupa Iosif Vulcan\"},{\"@type\":\"BreadcrumbList\",\"@id\":\"https:\\\/\\\/www.teatrulreginamaria.ro\\\/hu\\\/un-spectacol-eveniment-se-rejoaca-la-oradea\\\/#breadcrumblist\",\"itemListElement\":[{\"@type\":\"ListItem\",\"@id\":\"https:\\\/\\\/www.teatrulreginamaria.ro\\\/hu#listItem\",\"position\":1,\"name\":\"Home\",\"item\":\"https:\\\/\\\/www.teatrulreginamaria.ro\\\/hu\",\"nextItem\":{\"@type\":\"ListItem\",\"@id\":\"https:\\\/\\\/www.teatrulreginamaria.ro\\\/hu\\\/categorie\\\/noutati\\\/#listItem\",\"name\":\"Nout\\u0103\\u021bi\"}},{\"@type\":\"ListItem\",\"@id\":\"https:\\\/\\\/www.teatrulreginamaria.ro\\\/hu\\\/categorie\\\/noutati\\\/#listItem\",\"position\":2,\"name\":\"Nout\\u0103\\u021bi\",\"item\":\"https:\\\/\\\/www.teatrulreginamaria.ro\\\/hu\\\/categorie\\\/noutati\\\/\",\"nextItem\":{\"@type\":\"ListItem\",\"@id\":\"https:\\\/\\\/www.teatrulreginamaria.ro\\\/hu\\\/categorie\\\/noutati\\\/noutati-trupa-iosif-vulcan\\\/#listItem\",\"name\":\"Nout\\u0103\\u021bi - Trupa Iosif Vulcan\"},\"previousItem\":{\"@type\":\"ListItem\",\"@id\":\"https:\\\/\\\/www.teatrulreginamaria.ro\\\/hu#listItem\",\"name\":\"Home\"}},{\"@type\":\"ListItem\",\"@id\":\"https:\\\/\\\/www.teatrulreginamaria.ro\\\/hu\\\/categorie\\\/noutati\\\/noutati-trupa-iosif-vulcan\\\/#listItem\",\"position\":3,\"name\":\"Nout\\u0103\\u021bi - Trupa Iosif Vulcan\",\"item\":\"https:\\\/\\\/www.teatrulreginamaria.ro\\\/hu\\\/categorie\\\/noutati\\\/noutati-trupa-iosif-vulcan\\\/\",\"nextItem\":{\"@type\":\"ListItem\",\"@id\":\"https:\\\/\\\/www.teatrulreginamaria.ro\\\/hu\\\/un-spectacol-eveniment-se-rejoaca-la-oradea\\\/#listItem\",\"name\":\"Un spectacol-eveniment se rejoac\\u0103 la Oradea\"},\"previousItem\":{\"@type\":\"ListItem\",\"@id\":\"https:\\\/\\\/www.teatrulreginamaria.ro\\\/hu\\\/categorie\\\/noutati\\\/#listItem\",\"name\":\"Nout\\u0103\\u021bi\"}},{\"@type\":\"ListItem\",\"@id\":\"https:\\\/\\\/www.teatrulreginamaria.ro\\\/hu\\\/un-spectacol-eveniment-se-rejoaca-la-oradea\\\/#listItem\",\"position\":4,\"name\":\"Un spectacol-eveniment se rejoac\\u0103 la Oradea\",\"previousItem\":{\"@type\":\"ListItem\",\"@id\":\"https:\\\/\\\/www.teatrulreginamaria.ro\\\/hu\\\/categorie\\\/noutati\\\/noutati-trupa-iosif-vulcan\\\/#listItem\",\"name\":\"Nout\\u0103\\u021bi - Trupa Iosif Vulcan\"}}]},{\"@type\":\"Organization\",\"@id\":\"https:\\\/\\\/www.teatrulreginamaria.ro\\\/hu\\\/#organization\",\"name\":\"Teatrul Regina Maria Oradea\",\"description\":\"Trupa Iosif Vulcan \\u0219i Trupa Arcadia\",\"url\":\"https:\\\/\\\/www.teatrulreginamaria.ro\\\/hu\\\/\",\"email\":\"marketing@teatrulreginamaria.ro\",\"telephone\":\"+40359411534\",\"numberOfEmployees\":{\"@type\":\"QuantitativeValue\",\"minValue\":0,\"maxValue\":150},\"logo\":{\"@type\":\"ImageObject\",\"url\":\"https:\\\/\\\/www.teatrulreginamaria.ro\\\/wp-content\\\/uploads\\\/2025\\\/06\\\/logo-trm-01-dark.png\",\"@id\":\"https:\\\/\\\/www.teatrulreginamaria.ro\\\/hu\\\/un-spectacol-eveniment-se-rejoaca-la-oradea\\\/#organizationLogo\",\"width\":300,\"height\":148},\"image\":{\"@id\":\"https:\\\/\\\/www.teatrulreginamaria.ro\\\/hu\\\/un-spectacol-eveniment-se-rejoaca-la-oradea\\\/#organizationLogo\"},\"sameAs\":[\"https:\\\/\\\/www.facebook.com\\\/TRMTrupaIosifVulcan\\\/\",\"https:\\\/\\\/x.com\\\/TRMOradea\",\"https:\\\/\\\/www.instagram.com\\\/teatrul_regina_maria\\\/\",\"https:\\\/\\\/www.youtube.com\\\/c\\\/TeatrulReginaMariaOradea\",\"https:\\\/\\\/www.linkedin.com\\\/company\\\/teatrul-regina-maria\"]},{\"@type\":\"Person\",\"@id\":\"https:\\\/\\\/www.teatrulreginamaria.ro\\\/hu\\\/author\\\/w3bmaster\\\/#author\",\"url\":\"https:\\\/\\\/www.teatrulreginamaria.ro\\\/hu\\\/author\\\/w3bmaster\\\/\",\"name\":\"Teatrul Regina Maria\",\"image\":{\"@type\":\"ImageObject\",\"@id\":\"https:\\\/\\\/www.teatrulreginamaria.ro\\\/hu\\\/un-spectacol-eveniment-se-rejoaca-la-oradea\\\/#authorImage\",\"url\":\"https:\\\/\\\/secure.gravatar.com\\\/avatar\\\/5884139d508ae3f0bafe45e60563b48a9640146d3b08ccc6278c305ff9329305?s=96&d=mm&r=g\",\"width\":96,\"height\":96,\"caption\":\"Teatrul Regina Maria\"}},{\"@type\":\"WebPage\",\"@id\":\"https:\\\/\\\/www.teatrulreginamaria.ro\\\/hu\\\/un-spectacol-eveniment-se-rejoaca-la-oradea\\\/#webpage\",\"url\":\"https:\\\/\\\/www.teatrulreginamaria.ro\\\/hu\\\/un-spectacol-eveniment-se-rejoaca-la-oradea\\\/\",\"name\":\"Un spectacol-eveniment se rejoac\\u0103 la Oradea - Teatrul Regina Maria Oradea\",\"description\":\"La Teatrul \\u201dRegina Maria\\u201d se joac\\u0103 din nou, \\u00een 31 ianuarie, de la ora 19, \\u201dCafeneaua Pirandello\\u201d, un spectacol regizat de Mihai M\\u0103niu\\u021biu pe texte de Luigi Pirandello. Montarea, n\\u0103stru\\u0219nic\\u0103, juc\\u0103u\\u0219\\u0103 \\u0219i colorat\\u0103, se reia dup\\u0103 multe luni, a\\u0219a c\\u0103 e tocmai prilejul nimerit s-o vad\\u0103 \\u0219i spectatorii care au ratat-o p\\u00e2n\\u0103 acum. \\u201dCafeneaua Pirandello\\u201d\",\"inLanguage\":\"hu-HU\",\"isPartOf\":{\"@id\":\"https:\\\/\\\/www.teatrulreginamaria.ro\\\/hu\\\/#website\"},\"breadcrumb\":{\"@id\":\"https:\\\/\\\/www.teatrulreginamaria.ro\\\/hu\\\/un-spectacol-eveniment-se-rejoaca-la-oradea\\\/#breadcrumblist\"},\"author\":{\"@id\":\"https:\\\/\\\/www.teatrulreginamaria.ro\\\/hu\\\/author\\\/w3bmaster\\\/#author\"},\"creator\":{\"@id\":\"https:\\\/\\\/www.teatrulreginamaria.ro\\\/hu\\\/author\\\/w3bmaster\\\/#author\"},\"image\":{\"@type\":\"ImageObject\",\"url\":\"https:\\\/\\\/www.teatrulreginamaria.ro\\\/wp-content\\\/uploads\\\/2019\\\/03\\\/pirandello2.jpg\",\"@id\":\"https:\\\/\\\/www.teatrulreginamaria.ro\\\/hu\\\/un-spectacol-eveniment-se-rejoaca-la-oradea\\\/#mainImage\",\"width\":1440,\"height\":960},\"primaryImageOfPage\":{\"@id\":\"https:\\\/\\\/www.teatrulreginamaria.ro\\\/hu\\\/un-spectacol-eveniment-se-rejoaca-la-oradea\\\/#mainImage\"},\"datePublished\":\"2019-03-07T11:15:22+02:00\",\"dateModified\":\"2019-03-07T11:15:22+02:00\"},{\"@type\":\"WebSite\",\"@id\":\"https:\\\/\\\/www.teatrulreginamaria.ro\\\/hu\\\/#website\",\"url\":\"https:\\\/\\\/www.teatrulreginamaria.ro\\\/hu\\\/\",\"name\":\"Teatrul Regina Maria Oradea\",\"alternateName\":\"TRM Oradea\",\"description\":\"Trupa Iosif Vulcan \\u0219i Trupa Arcadia\",\"inLanguage\":\"hu-HU\",\"publisher\":{\"@id\":\"https:\\\/\\\/www.teatrulreginamaria.ro\\\/hu\\\/#organization\"}}]}\n\t\t<\/script>\n\t\t<!-- All in One SEO Pro -->\r\n\t\t<title>Un spectacol-eveniment se rejoac\u0103 la Oradea - Teatrul Regina Maria Oradea<\/title>\n\n","aioseo_head_json":{"title":"Egy show-esem\u00e9nyt ism\u00e9telnek Nagyv\u00e1radon - Regina Maria Sz\u00ednh\u00e1z, Nagyv\u00e1rad","description":"A &quot;Regina Maria&quot; Sz\u00ednh\u00e1zban janu\u00e1r 31-\u00e9n, 19 \u00f3rakor ism\u00e9t l\u00e1that\u00f3 a &quot;Caf\u00e9neaua Pirandello&quot; c\u00edm\u0171 darab, amelyet Mihai M\u0103niu\u021biu rendezett Luigi Pirandello sz\u00f6vegei alapj\u00e1n. A k\u00fcl\u00f6nc, j\u00e1t\u00e9kos \u00e9s sz\u00ednes produkci\u00f3t h\u00f3napok ut\u00e1n \u00fajra vet\u00edtik, \u00edgy t\u00f6k\u00e9letes alkalom ny\u00edlik azoknak a n\u00e9z\u0151knek, akik eddig lemaradtak r\u00f3la. &quot;Pirandello k\u00e1v\u00e9z\u00f3ja&quot;","canonical_url":"https:\/\/www.teatrulreginamaria.ro\/hu\/un-spectacol-eveniment-se-rejoaca-la-oradea\/","robots":"max-image-preview:large","keywords":"","webmasterTools":{"miscellaneous":""},"schema":{"@context":"https:\/\/schema.org","@graph":[{"@type":"BlogPosting","@id":"https:\/\/www.teatrulreginamaria.ro\/hu\/un-spectacol-eveniment-se-rejoaca-la-oradea\/#blogposting","name":"Un spectacol-eveniment se rejoac\u0103 la Oradea - Teatrul Regina Maria Oradea","headline":"Un spectacol-eveniment se rejoac\u0103 la Oradea","author":{"@id":"https:\/\/www.teatrulreginamaria.ro\/hu\/author\/w3bmaster\/#author"},"publisher":{"@id":"https:\/\/www.teatrulreginamaria.ro\/hu\/#organization"},"image":{"@type":"ImageObject","url":"https:\/\/www.teatrulreginamaria.ro\/wp-content\/uploads\/2019\/03\/pirandello2.jpg","width":1440,"height":960},"datePublished":"2019-03-07T11:15:22+02:00","dateModified":"2019-03-07T11:15:22+02:00","inLanguage":"hu-HU","mainEntityOfPage":{"@id":"https:\/\/www.teatrulreginamaria.ro\/hu\/un-spectacol-eveniment-se-rejoaca-la-oradea\/#webpage"},"isPartOf":{"@id":"https:\/\/www.teatrulreginamaria.ro\/hu\/un-spectacol-eveniment-se-rejoaca-la-oradea\/#webpage"},"articleSection":"Nout\u0103\u021bi - Trupa Iosif Vulcan"},{"@type":"BreadcrumbList","@id":"https:\/\/www.teatrulreginamaria.ro\/hu\/un-spectacol-eveniment-se-rejoaca-la-oradea\/#breadcrumblist","itemListElement":[{"@type":"ListItem","@id":"https:\/\/www.teatrulreginamaria.ro\/hu#listItem","position":1,"name":"Home","item":"https:\/\/www.teatrulreginamaria.ro\/hu","nextItem":{"@type":"ListItem","@id":"https:\/\/www.teatrulreginamaria.ro\/hu\/categorie\/noutati\/#listItem","name":"Nout\u0103\u021bi"}},{"@type":"ListItem","@id":"https:\/\/www.teatrulreginamaria.ro\/hu\/categorie\/noutati\/#listItem","position":2,"name":"Nout\u0103\u021bi","item":"https:\/\/www.teatrulreginamaria.ro\/hu\/categorie\/noutati\/","nextItem":{"@type":"ListItem","@id":"https:\/\/www.teatrulreginamaria.ro\/hu\/categorie\/noutati\/noutati-trupa-iosif-vulcan\/#listItem","name":"Nout\u0103\u021bi - Trupa Iosif Vulcan"},"previousItem":{"@type":"ListItem","@id":"https:\/\/www.teatrulreginamaria.ro\/hu#listItem","name":"Home"}},{"@type":"ListItem","@id":"https:\/\/www.teatrulreginamaria.ro\/hu\/categorie\/noutati\/noutati-trupa-iosif-vulcan\/#listItem","position":3,"name":"Nout\u0103\u021bi - Trupa Iosif Vulcan","item":"https:\/\/www.teatrulreginamaria.ro\/hu\/categorie\/noutati\/noutati-trupa-iosif-vulcan\/","nextItem":{"@type":"ListItem","@id":"https:\/\/www.teatrulreginamaria.ro\/hu\/un-spectacol-eveniment-se-rejoaca-la-oradea\/#listItem","name":"Un spectacol-eveniment se rejoac\u0103 la Oradea"},"previousItem":{"@type":"ListItem","@id":"https:\/\/www.teatrulreginamaria.ro\/hu\/categorie\/noutati\/#listItem","name":"Nout\u0103\u021bi"}},{"@type":"ListItem","@id":"https:\/\/www.teatrulreginamaria.ro\/hu\/un-spectacol-eveniment-se-rejoaca-la-oradea\/#listItem","position":4,"name":"Un spectacol-eveniment se rejoac\u0103 la Oradea","previousItem":{"@type":"ListItem","@id":"https:\/\/www.teatrulreginamaria.ro\/hu\/categorie\/noutati\/noutati-trupa-iosif-vulcan\/#listItem","name":"Nout\u0103\u021bi - Trupa Iosif Vulcan"}}]},{"@type":"Organization","@id":"https:\/\/www.teatrulreginamaria.ro\/hu\/#organization","name":"Teatrul Regina Maria Oradea","description":"Trupa Iosif Vulcan \u0219i Trupa Arcadia","url":"https:\/\/www.teatrulreginamaria.ro\/hu\/","email":"marketing@teatrulreginamaria.ro","telephone":"+40359411534","numberOfEmployees":{"@type":"QuantitativeValue","minValue":0,"maxValue":150},"logo":{"@type":"ImageObject","url":"https:\/\/www.teatrulreginamaria.ro\/wp-content\/uploads\/2025\/06\/logo-trm-01-dark.png","@id":"https:\/\/www.teatrulreginamaria.ro\/hu\/un-spectacol-eveniment-se-rejoaca-la-oradea\/#organizationLogo","width":300,"height":148},"image":{"@id":"https:\/\/www.teatrulreginamaria.ro\/hu\/un-spectacol-eveniment-se-rejoaca-la-oradea\/#organizationLogo"},"sameAs":["https:\/\/www.facebook.com\/TRMTrupaIosifVulcan\/","https:\/\/x.com\/TRMOradea","https:\/\/www.instagram.com\/teatrul_regina_maria\/","https:\/\/www.youtube.com\/c\/TeatrulReginaMariaOradea","https:\/\/www.linkedin.com\/company\/teatrul-regina-maria"]},{"@type":"Person","@id":"https:\/\/www.teatrulreginamaria.ro\/hu\/author\/w3bmaster\/#author","url":"https:\/\/www.teatrulreginamaria.ro\/hu\/author\/w3bmaster\/","name":"Teatrul Regina Maria","image":{"@type":"ImageObject","@id":"https:\/\/www.teatrulreginamaria.ro\/hu\/un-spectacol-eveniment-se-rejoaca-la-oradea\/#authorImage","url":"https:\/\/secure.gravatar.com\/avatar\/5884139d508ae3f0bafe45e60563b48a9640146d3b08ccc6278c305ff9329305?s=96&d=mm&r=g","width":96,"height":96,"caption":"Teatrul Regina Maria"}},{"@type":"WebPage","@id":"https:\/\/www.teatrulreginamaria.ro\/hu\/un-spectacol-eveniment-se-rejoaca-la-oradea\/#webpage","url":"https:\/\/www.teatrulreginamaria.ro\/hu\/un-spectacol-eveniment-se-rejoaca-la-oradea\/","name":"Un spectacol-eveniment se rejoac\u0103 la Oradea - Teatrul Regina Maria Oradea","description":"La Teatrul \u201dRegina Maria\u201d se joac\u0103 din nou, \u00een 31 ianuarie, de la ora 19, \u201dCafeneaua Pirandello\u201d, un spectacol regizat de Mihai M\u0103niu\u021biu pe texte de Luigi Pirandello. Montarea, n\u0103stru\u0219nic\u0103, juc\u0103u\u0219\u0103 \u0219i colorat\u0103, se reia dup\u0103 multe luni, a\u0219a c\u0103 e tocmai prilejul nimerit s-o vad\u0103 \u0219i spectatorii care au ratat-o p\u00e2n\u0103 acum. \u201dCafeneaua Pirandello\u201d","inLanguage":"hu-HU","isPartOf":{"@id":"https:\/\/www.teatrulreginamaria.ro\/hu\/#website"},"breadcrumb":{"@id":"https:\/\/www.teatrulreginamaria.ro\/hu\/un-spectacol-eveniment-se-rejoaca-la-oradea\/#breadcrumblist"},"author":{"@id":"https:\/\/www.teatrulreginamaria.ro\/hu\/author\/w3bmaster\/#author"},"creator":{"@id":"https:\/\/www.teatrulreginamaria.ro\/hu\/author\/w3bmaster\/#author"},"image":{"@type":"ImageObject","url":"https:\/\/www.teatrulreginamaria.ro\/wp-content\/uploads\/2019\/03\/pirandello2.jpg","@id":"https:\/\/www.teatrulreginamaria.ro\/hu\/un-spectacol-eveniment-se-rejoaca-la-oradea\/#mainImage","width":1440,"height":960},"primaryImageOfPage":{"@id":"https:\/\/www.teatrulreginamaria.ro\/hu\/un-spectacol-eveniment-se-rejoaca-la-oradea\/#mainImage"},"datePublished":"2019-03-07T11:15:22+02:00","dateModified":"2019-03-07T11:15:22+02:00"},{"@type":"WebSite","@id":"https:\/\/www.teatrulreginamaria.ro\/hu\/#website","url":"https:\/\/www.teatrulreginamaria.ro\/hu\/","name":"Teatrul Regina Maria Oradea","alternateName":"TRM Oradea","description":"Trupa Iosif Vulcan \u0219i Trupa Arcadia","inLanguage":"hu-HU","publisher":{"@id":"https:\/\/www.teatrulreginamaria.ro\/hu\/#organization"}}]},"og:locale":"hu_HU","og:site_name":"Teatrul Regina Maria Oradea - Trupa Iosif Vulcan \u0219i Trupa Arcadia","og:type":"article","og:title":"Un spectacol-eveniment se rejoac\u0103 la Oradea - Teatrul Regina Maria Oradea","og:description":"La Teatrul \u201dRegina Maria\u201d se joac\u0103 din nou, \u00een 31 ianuarie, de la ora 19, \u201dCafeneaua Pirandello\u201d, un spectacol regizat de Mihai M\u0103niu\u021biu pe texte de Luigi Pirandello. Montarea, n\u0103stru\u0219nic\u0103, juc\u0103u\u0219\u0103 \u0219i colorat\u0103, se reia dup\u0103 multe luni, a\u0219a c\u0103 e tocmai prilejul nimerit s-o vad\u0103 \u0219i spectatorii care au ratat-o p\u00e2n\u0103 acum. \u201dCafeneaua Pirandello\u201d","og:url":"https:\/\/www.teatrulreginamaria.ro\/hu\/un-spectacol-eveniment-se-rejoaca-la-oradea\/","og:image":"https:\/\/www.teatrulreginamaria.ro\/wp-content\/uploads\/2025\/03\/trm-istoric-01.jpg","og:image:secure_url":"https:\/\/www.teatrulreginamaria.ro\/wp-content\/uploads\/2025\/03\/trm-istoric-01.jpg","og:image:width":1200,"og:image:height":800,"article:published_time":"2019-03-07T11:15:22+00:00","article:modified_time":"2019-03-07T11:15:22+00:00","article:publisher":"https:\/\/www.facebook.com\/TRMTrupaIosifVulcan\/","twitter:card":"summary_large_image","twitter:site":"@TRMOradea","twitter:title":"Un spectacol-eveniment se rejoac\u0103 la Oradea - Teatrul Regina Maria Oradea","twitter:description":"La Teatrul \u201dRegina Maria\u201d se joac\u0103 din nou, \u00een 31 ianuarie, de la ora 19, \u201dCafeneaua Pirandello\u201d, un spectacol regizat de Mihai M\u0103niu\u021biu pe texte de Luigi Pirandello. Montarea, n\u0103stru\u0219nic\u0103, juc\u0103u\u0219\u0103 \u0219i colorat\u0103, se reia dup\u0103 multe luni, a\u0219a c\u0103 e tocmai prilejul nimerit s-o vad\u0103 \u0219i spectatorii care au ratat-o p\u00e2n\u0103 acum. \u201dCafeneaua Pirandello\u201d","twitter:creator":"@TRMOradea","twitter:image":"https:\/\/www.teatrulreginamaria.ro\/wp-content\/uploads\/2025\/03\/trm-istoric-01.jpg"},"aioseo_meta_data":{"post_id":"1987","title":null,"description":null,"keywords":null,"keyphrases":null,"primary_term":null,"canonical_url":null,"og_title":null,"og_description":null,"og_object_type":"default","og_image_type":"default","og_image_url":null,"og_image_width":null,"og_image_height":null,"og_image_custom_url":null,"og_image_custom_fields":null,"og_video":null,"og_custom_url":null,"og_article_section":null,"og_article_tags":null,"twitter_use_og":false,"twitter_card":"default","twitter_image_type":"default","twitter_image_url":null,"twitter_image_custom_url":null,"twitter_image_custom_fields":null,"twitter_title":null,"twitter_description":null,"schema":{"blockGraphs":[],"customGraphs":[],"default":{"data":{"Article":[],"Course":[],"Dataset":[],"FAQPage":[],"Movie":[],"Person":[],"Product":[],"ProductReview":[],"Car":[],"Recipe":[],"Service":[],"SoftwareApplication":[],"WebPage":[]},"graphName":"","isEnabled":true},"graphs":[]},"schema_type":"default","schema_type_options":null,"pillar_content":false,"robots_default":true,"robots_noindex":false,"robots_noarchive":false,"robots_nosnippet":false,"robots_nofollow":false,"robots_noimageindex":false,"robots_noodp":false,"robots_notranslate":false,"robots_max_snippet":null,"robots_max_videopreview":null,"robots_max_imagepreview":"large","priority":null,"frequency":null,"local_seo":null,"seo_analyzer_scan_date":"2026-05-13 02:15:42","breadcrumb_settings":null,"limit_modified_date":false,"reviewed_by":null,"open_ai":null,"ai":null,"created":"2025-04-09 17:42:41","updated":"2026-05-13 02:15:42","focus_keyword":null,"additional_keywords":null,"truseo_locale":null},"aioseo_breadcrumb":"<div class=\"aioseo-breadcrumbs\"><span class=\"aioseo-breadcrumb\">\n\t<a href=\"https:\/\/www.teatrulreginamaria.ro\/hu\" title=\"Home\">Home<\/a>\n<\/span><span class=\"aioseo-breadcrumb-separator\">&raquo;<\/span><span class=\"aioseo-breadcrumb\">\n\t<a href=\"https:\/\/www.teatrulreginamaria.ro\/hu\/categorie\/noutati\/\" title=\"Nout\u0103\u021bi\">Nout\u0103\u021bi<\/a>\n<\/span><span class=\"aioseo-breadcrumb-separator\">&raquo;<\/span><span class=\"aioseo-breadcrumb\">\n\t<a href=\"https:\/\/www.teatrulreginamaria.ro\/hu\/categorie\/noutati\/noutati-trupa-iosif-vulcan\/\" title=\"Nout\u0103\u021bi - Trupa Iosif Vulcan\">Nout\u0103\u021bi - Trupa Iosif Vulcan<\/a>\n<\/span><span class=\"aioseo-breadcrumb-separator\">&raquo;<\/span><span class=\"aioseo-breadcrumb\">\n\tUn spectacol-eveniment se rejoac\u0103 la Oradea\n<\/span><\/div>","aioseo_breadcrumb_json":[{"label":"Home","link":"https:\/\/www.teatrulreginamaria.ro\/hu"},{"label":"Nout\u0103\u021bi","link":"https:\/\/www.teatrulreginamaria.ro\/hu\/categorie\/noutati\/"},{"label":"Nout\u0103\u021bi - Trupa Iosif Vulcan","link":"https:\/\/www.teatrulreginamaria.ro\/hu\/categorie\/noutati\/noutati-trupa-iosif-vulcan\/"},{"label":"Un spectacol-eveniment se rejoac\u0103 la Oradea","link":"https:\/\/www.teatrulreginamaria.ro\/hu\/un-spectacol-eveniment-se-rejoaca-la-oradea\/"}],"acf":[],"_links":{"self":[{"href":"https:\/\/www.teatrulreginamaria.ro\/hu\/wp-json\/wp\/v2\/posts\/1987","targetHints":{"allow":["GET"]}}],"collection":[{"href":"https:\/\/www.teatrulreginamaria.ro\/hu\/wp-json\/wp\/v2\/posts"}],"about":[{"href":"https:\/\/www.teatrulreginamaria.ro\/hu\/wp-json\/wp\/v2\/types\/post"}],"author":[{"embeddable":true,"href":"https:\/\/www.teatrulreginamaria.ro\/hu\/wp-json\/wp\/v2\/users\/6"}],"replies":[{"embeddable":true,"href":"https:\/\/www.teatrulreginamaria.ro\/hu\/wp-json\/wp\/v2\/comments?post=1987"}],"version-history":[{"count":0,"href":"https:\/\/www.teatrulreginamaria.ro\/hu\/wp-json\/wp\/v2\/posts\/1987\/revisions"}],"wp:featuredmedia":[{"embeddable":true,"href":"https:\/\/www.teatrulreginamaria.ro\/hu\/wp-json\/wp\/v2\/media\/1984"}],"wp:attachment":[{"href":"https:\/\/www.teatrulreginamaria.ro\/hu\/wp-json\/wp\/v2\/media?parent=1987"}],"wp:term":[{"taxonomy":"category","embeddable":true,"href":"https:\/\/www.teatrulreginamaria.ro\/hu\/wp-json\/wp\/v2\/categories?post=1987"},{"taxonomy":"post_tag","embeddable":true,"href":"https:\/\/www.teatrulreginamaria.ro\/hu\/wp-json\/wp\/v2\/tags?post=1987"}],"curies":[{"name":"munkaf\u00fczet","href":"https:\/\/api.w.org\/{rel}","templated":true}]}}