{"id":1991,"date":"2019-03-12T07:53:08","date_gmt":"2019-03-12T07:53:08","guid":{"rendered":"https:\/\/teatrulreginamaria.ro\/2019\/03\/12\/campania-nationala-artistii-pentru-artisti-2019\/"},"modified":"2019-03-12T07:53:08","modified_gmt":"2019-03-12T07:53:08","slug":"orszagos-kampany-muveszek-muveszekert-2019","status":"publish","type":"post","link":"https:\/\/www.teatrulreginamaria.ro\/hu\/campania-nationala-artistii-pentru-artisti-2019\/","title":{"rendered":"ORSZ\u00c1GOS &quot;M\u0170V\u00c9SZEK A M\u0170V\u00c9SZEKNEK&quot; KAMP\u00c1NY 2019"},"content":{"rendered":"<p style=\"font-weight: 400; text-align: justify;\">M\u00e1rcius 1-j\u00e9n kezdet\u00e9t vette a \u201eM\u0171v\u00e9szek a m\u0171v\u00e9szek\u00e9rt\u201d t\u00e1rsadalmi kamp\u00e1ny 18. kiad\u00e1sa, a bukaresti \u00e9s orsz\u00e1gszerte m\u0171k\u00f6d\u0151 sz\u00ednh\u00e1zi int\u00e9zm\u00e9nyek n\u00e9lk\u00fcl\u00f6zhetetlen t\u00e1mogat\u00e1s\u00e1val. Az UNITER \u00e1ltal m\u00e1rciusban \u00e9s \u00e1prilisban szervezett humanit\u00e1rius kamp\u00e1ny sor\u00e1n adom\u00e1nyokat gy\u0171jtenek az orsz\u00e1g minden t\u00e1j\u00e1r\u00f3l \u00e9rkez\u0151, eg\u00e9szs\u00e9g\u00fcgyi probl\u00e9m\u00e1kkal \u00e9s rossz eg\u00e9szs\u00e9gi \u00e1llapottal k\u00fczd\u0151 m\u0171v\u00e9szek sz\u00e1m\u00e1ra, minden koroszt\u00e1ly sz\u00e1m\u00e1ra.<\/p>\n<p><!--more--><\/p>\n<p style=\"font-weight: 400; text-align: justify;\">Ez az a h\u00f3nap is, amikor a lehet\u0151 legterm\u00e9szetesebb m\u00f3don \u00fcnnepelj\u00fck a Sz\u00ednh\u00e1zi Vil\u00e1gnapot: sz\u00ednpadon, n\u00e9z\u0151t\u00e9ren, a sz\u00ednfalak m\u00f6g\u00f6tt, hogy m\u00e1s m\u0171v\u00e9szeknek magabiztoss\u00e1got, melegs\u00e9get \u00e9s egy jobb \u00e9let es\u00e9ly\u00e9t k\u00edn\u00e1ljuk.<\/p>\n<p style=\"font-weight: 400; text-align: justify;\">Sokf\u00e9lek\u00e9ppen lehet akt\u00edvnak lenni \u00e9s tenni valami konkr\u00e9tat ez\u00e9rt az \u00fcgy\u00e9rt. \u00c9s ez nem csak a c\u00e9hes szolidarit\u00e1sr\u00f3l sz\u00f3l! Ez mindenekel\u0151tt az emberi szolidarit\u00e1sr\u00f3l sz\u00f3l!<\/p>\n<p style=\"font-weight: 400; text-align: justify;\">\u00c9ppen ez\u00e9rt ism\u00e9telgeti k\u00e9t nagyszer\u0171, nagyon \u00e9rz\u00e9keny \u00e9s a sz\u00ednh\u00e1zi k\u00f6z\u00f6ss\u00e9g \u00e9let\u00e9ben m\u00e9lyen \u00e9rintett m\u0171v\u00e9sz ugyanazzal a magabiztoss\u00e1ggal az UNITER t\u00e1rsadalmi kamp\u00e1ny szimbolikus szavait:\u00a0<strong>Csatlakozz a kamp\u00e1nyhoz, v\u00e1s\u00e1rolj jegyet, \u00e9lvezd a sz\u00ednh\u00e1zat \u00e9s tegy\u00e9l egy j\u00f3t!<\/strong><\/p>\n<p style=\"font-weight: 400; text-align: justify;\"><strong>EMILIA POPESCU<\/strong>\u00a0\u00e9s\u00a0<strong>MARIUS MANOLE<\/strong>\u00a0a j\u00f3 cselekedetek h\u00edrn\u00f6kei eg\u00e9sz m\u00e1rciusban. \u0150k az idei \u201eM\u0171v\u00e9szek a m\u0171v\u00e9szek\u00e9rt\u201d kamp\u00e1ny nagyk\u00f6vetei, \u00e9s arra h\u00edvnak mindenkit, hogy vegyen r\u00e9szt a neh\u00e9z helyzetben l\u00e9v\u0151 m\u0171v\u00e9szeink k\u00e9nyes, de megoldhat\u00f3 helyzet\u00e9vel kapcsolatos hozz\u00e1\u00e1ll\u00e1s megv\u00e1ltoztat\u00e1s\u00e1ban.<\/p>\n<p style=\"font-weight: 400; text-align: justify;\">Id\u00e9n is t\u00f6bb tucat sz\u00ednh\u00e1zi int\u00e9zm\u00e9ny tervez el\u0151ad\u00e1sokat Bukarestben \u00e9s orsz\u00e1gszerte m\u00e1rcius \u00e9s \u00e1prilis folyam\u00e1n, a jegyelad\u00e1sokb\u00f3l sz\u00e1rmaz\u00f3 bev\u00e9telt a Sz\u00ednh\u00e1zi Szolidarit\u00e1si Alapba utalj\u00e1k: RO40RZBR0000060007801286, amelyet a Raiffeisen Bank, Piata Amzei \u00dcgyn\u00f6ks\u00e9g nyitott meg.<\/p>\n<p style=\"font-weight: 400; text-align: justify;\">Helysz\u00ednen\u00a0<a href=\"http:\/\/www.uniter.ro\/\" data-saferedirecturl=\"https:\/\/www.google.com\/url?q=http:\/\/www.uniter.ro\/&amp;source=gmail&amp;ust=1552459746947000&amp;usg=AFQjCNHT9v1PxE7ZVNd_ATP37yS3y8p3Cg\">www.uniter.ro<\/a>, l\u00e1thatod\u00a0<strong>nagyk\u00f6vetek vide\u00f3\u00fczenetei<\/strong>, valamint a Kamp\u00e1ny z\u00e1szlaja alatt bemutat\u00e1sra ker\u00fcl\u0151 el\u0151ad\u00e1sok teljes list\u00e1ja.\u00a0<br \/><strong>A Regina Maria Sz\u00ednh\u00e1zban a kamp\u00e1ny r\u00e9szek\u00e9nt m\u00e1rcius 15-\u00e9n, 19 \u00f3r\u00e1t\u00f3l a nagyteremben l\u00e1that\u00f3 Tuncer Cucenoglu AVALAN\u0218A c\u00edm\u0171 darabja, Petru Vutc\u0103r\u0103u rendez\u00e9s\u00e9ben.<\/strong><\/p>\n<p style=\"font-weight: 400; text-align: justify;\">Emilia Popescu\u00a0<a href=\"https:\/\/youtu.be\/HmPVoGgU-ug\" data-saferedirecturl=\"https:\/\/www.google.com\/url?q=https:\/\/youtu.be\/HmPVoGgU-ug&amp;source=gmail&amp;ust=1552459746947000&amp;usg=AFQjCNFz-47zQafkHzFYCfno5_HYXTkXsw\">https:\/\/youtu.be\/HmPVoGgU-ug<br \/><\/a>Marius Manole\u00a0<a href=\"https:\/\/youtu.be\/4VTlBXnT-OI\" data-saferedirecturl=\"https:\/\/www.google.com\/url?q=https:\/\/youtu.be\/4VTlBXnT-OI&amp;source=gmail&amp;ust=1552459746947000&amp;usg=AFQjCNF8GAZPtNMYiWqoNQL44NhE89xNMQ\">https:\/\/youtu.be\/4VTlBXnT-OI<\/a><\/p>\n<p style=\"font-weight: 400; text-align: justify;\">Minden megv\u00e1s\u00e1rolt jegy nemcsak a sz\u00edn\u00e9szek munk\u00e1ja ir\u00e1nti tisztelet jele, hanem konkr\u00e9t seg\u00edts\u00e9g is.<strong><em>\u00a0<\/em><\/strong>Mert<strong><em>\u00a0<\/em><\/strong>Vannak olyan m\u0171v\u00e9szek, akik az UNITER \u00e1ltal a \u201eM\u0171v\u00e9szek a m\u0171v\u00e9szek\u00e9rt\u201d orsz\u00e1gos kamp\u00e1ny keret\u00e9ben gy\u0171jt\u00f6tt adom\u00e1nyokra t\u00e1maszkodnak, n\u00e9melyik\u00fcknek nincs csal\u00e1dja vagy egy\u00e9b t\u00e1mogat\u00e1sa. Olyan emberek, akiknek s\u00fcrg\u0151sen anyagi t\u00e1mogat\u00e1sra van sz\u00fcks\u00e9g\u00fck!<\/p>\n<p style=\"font-weight: 400; text-align: justify;\">Csatlakozz a kamp\u00e1nyhoz! V\u00e1s\u00e1rolj jegyet, \u00e9lvezd a sz\u00ednh\u00e1zat, tegy\u00e9l egy j\u00f3t!<\/p>\n<p style=\"font-weight: 400; text-align: justify;\"><strong>A jegyelad\u00e1sb\u00f3l, adom\u00e1nyokb\u00f3l \u00e9s szponzor\u00e1ci\u00f3kb\u00f3l sz\u00e1rmaz\u00f3 \u00f6sszegeket az UNITER sz\u00e1ml\u00e1ra lehet \u00e1tutalni.<br \/><\/strong><strong>RO40RZBR0000060007801286<br \/><\/strong><strong>megnyitva a Raiffeisen Bankn\u00e1l, a Piata Amzei \u00dcgyn\u00f6ks\u00e9gn\u00e9l,<br \/><\/strong><strong>Sz\u00ednh\u00e1zi Szolidarit\u00e1si Alap.<\/strong><\/p>\n<p style=\"font-weight: 400; text-align: justify;\">\u00a0<\/p>\n<p style=\"font-weight: 400; text-align: justify;\">\u00a0<img loading=\"lazy\" decoding=\"async\" class=\"size-full wp-image-1990\" src=\"https:\/\/teatrulreginamaria.ro\/wp-content\/uploads\/2019\/03\/2019_Cover_Facebook_Artistii_pentru_artisti.jpg\" alt=\"\" width=\"1154\" height=\"427\" srcset=\"https:\/\/www.teatrulreginamaria.ro\/wp-content\/uploads\/2019\/03\/2019_Cover_Facebook_Artistii_pentru_artisti.jpg 851w, https:\/\/www.teatrulreginamaria.ro\/wp-content\/uploads\/2019\/03\/2019_Cover_Facebook_Artistii_pentru_artisti-300x111.jpg 300w, https:\/\/www.teatrulreginamaria.ro\/wp-content\/uploads\/2019\/03\/2019_Cover_Facebook_Artistii_pentru_artisti-768x284.jpg 768w\" sizes=\"(max-width: 1154px) 100vw, 1154px\" \/><\/p>","protected":false},"excerpt":{"rendered":"<p>Pe 1 martie\u00a0s-a dat startul celei de-a 18 editii a Campaniei sociale \u201eArtistii pentru artisti\u201d, cu sprijinul indispensabil al institutiilor de teatru din Bucuresti si din tara. Prin aceasta campanie umanitara organizata de UNITER in luna martie si aprilie, se strang fonduri pentru artistii de orice varsta, din toata tara, care au probleme medicale si [&hellip;]<\/p>\n","protected":false},"author":6,"featured_media":1988,"comment_status":"open","ping_status":"open","sticky":false,"template":"","format":"standard","meta":{"_acf_changed":false,"footnotes":""},"categories":[22],"tags":[],"class_list":["post-1991","post","type-post","status-publish","format-standard","has-post-thumbnail","hentry","category-noutati-trupa-iosif-vulcan"],"aioseo_notices":[],"aioseo_head":"\n\t\t<!-- All in One SEO Pro 5.0.1.1 - aioseo.com -->\n\t<meta name=\"description\" content=\"Pe 1 martie s-a dat startul celei de-a 18 editii a Campaniei sociale \u201eArtistii pentru artisti\u201d, cu sprijinul indispensabil al institutiilor de teatru din Bucuresti si din tara. Prin aceasta campanie umanitara organizata de UNITER in luna martie si aprilie, se strang fonduri pentru artistii de orice varsta, din toata tara, care au probleme medicale si\" \/>\n\t<meta name=\"robots\" content=\"max-image-preview:large\" \/>\n\t<meta name=\"author\" content=\"Teatrul Regina Maria\"\/>\n\t<link rel=\"canonical\" href=\"https:\/\/www.teatrulreginamaria.ro\/hu\/campania-nationala-artistii-pentru-artisti-2019\/\" \/>\n\t<meta name=\"generator\" content=\"All in One SEO Pro (AIOSEO) 5.0.1.1\" \/>\n\t\t<meta property=\"og:locale\" content=\"hu_HU\" \/>\n\t\t<meta property=\"og:site_name\" content=\"Teatrul Regina Maria Oradea - Trupa Iosif Vulcan \u0219i Trupa Arcadia\" \/>\n\t\t<meta property=\"og:type\" content=\"article\" \/>\n\t\t<meta property=\"og:title\" content=\"CAMPANIA NATIONAL\u0102 \u201eARTISTII PENTRU ARTISTI\u201d 2019 - Teatrul Regina Maria Oradea\" \/>\n\t\t<meta property=\"og:description\" content=\"Pe 1 martie s-a dat startul celei de-a 18 editii a Campaniei sociale \u201eArtistii pentru artisti\u201d, cu sprijinul indispensabil al institutiilor de teatru din Bucuresti si din tara. Prin aceasta campanie umanitara organizata de UNITER in luna martie si aprilie, se strang fonduri pentru artistii de orice varsta, din toata tara, care au probleme medicale si\" \/>\n\t\t<meta property=\"og:url\" content=\"https:\/\/www.teatrulreginamaria.ro\/hu\/campania-nationala-artistii-pentru-artisti-2019\/\" \/>\n\t\t<meta property=\"og:image\" content=\"https:\/\/www.teatrulreginamaria.ro\/wp-content\/uploads\/2025\/03\/trm-istoric-01.jpg\" \/>\n\t\t<meta property=\"og:image:secure_url\" content=\"https:\/\/www.teatrulreginamaria.ro\/wp-content\/uploads\/2025\/03\/trm-istoric-01.jpg\" \/>\n\t\t<meta property=\"og:image:width\" content=\"1200\" \/>\n\t\t<meta property=\"og:image:height\" content=\"800\" \/>\n\t\t<meta property=\"article:published_time\" content=\"2019-03-12T07:53:08+00:00\" \/>\n\t\t<meta property=\"article:modified_time\" content=\"2019-03-12T07:53:08+00:00\" \/>\n\t\t<meta property=\"article:publisher\" content=\"https:\/\/www.facebook.com\/TRMTrupaIosifVulcan\/\" \/>\n\t\t<meta name=\"twitter:card\" content=\"summary_large_image\" \/>\n\t\t<meta name=\"twitter:site\" content=\"@TRMOradea\" \/>\n\t\t<meta name=\"twitter:title\" content=\"CAMPANIA NATIONAL\u0102 \u201eARTISTII PENTRU ARTISTI\u201d 2019 - Teatrul Regina Maria Oradea\" \/>\n\t\t<meta name=\"twitter:description\" content=\"Pe 1 martie s-a dat startul celei de-a 18 editii a Campaniei sociale \u201eArtistii pentru artisti\u201d, cu sprijinul indispensabil al institutiilor de teatru din Bucuresti si din tara. Prin aceasta campanie umanitara organizata de UNITER in luna martie si aprilie, se strang fonduri pentru artistii de orice varsta, din toata tara, care au probleme medicale si\" \/>\n\t\t<meta name=\"twitter:creator\" content=\"@TRMOradea\" \/>\n\t\t<meta name=\"twitter:image\" content=\"https:\/\/www.teatrulreginamaria.ro\/wp-content\/uploads\/2025\/03\/trm-istoric-01.jpg\" \/>\n\t\t<script type=\"application\/ld+json\" class=\"aioseo-schema\">\n\t\t\t{\"@context\":\"https:\\\/\\\/schema.org\",\"@graph\":[{\"@type\":\"BlogPosting\",\"@id\":\"https:\\\/\\\/www.teatrulreginamaria.ro\\\/hu\\\/campania-nationala-artistii-pentru-artisti-2019\\\/#blogposting\",\"name\":\"CAMPANIA NATIONAL\\u0102 \\u201eARTISTII PENTRU ARTISTI\\u201d 2019 - Teatrul Regina Maria Oradea\",\"headline\":\"CAMPANIA NATIONAL\\u0102 \\u201eARTISTII PENTRU ARTISTI\\u201d 2019\",\"author\":{\"@id\":\"https:\\\/\\\/www.teatrulreginamaria.ro\\\/hu\\\/author\\\/w3bmaster\\\/#author\"},\"publisher\":{\"@id\":\"https:\\\/\\\/www.teatrulreginamaria.ro\\\/hu\\\/#organization\"},\"image\":{\"@type\":\"ImageObject\",\"url\":\"https:\\\/\\\/www.teatrulreginamaria.ro\\\/wp-content\\\/uploads\\\/2019\\\/03\\\/2019_Banda_autocolanta_afise_15x47_cm_1-scaled.jpg\",\"width\":2560,\"height\":810},\"datePublished\":\"2019-03-12T07:53:08+02:00\",\"dateModified\":\"2019-03-12T07:53:08+02:00\",\"inLanguage\":\"hu-HU\",\"mainEntityOfPage\":{\"@id\":\"https:\\\/\\\/www.teatrulreginamaria.ro\\\/hu\\\/campania-nationala-artistii-pentru-artisti-2019\\\/#webpage\"},\"isPartOf\":{\"@id\":\"https:\\\/\\\/www.teatrulreginamaria.ro\\\/hu\\\/campania-nationala-artistii-pentru-artisti-2019\\\/#webpage\"},\"articleSection\":\"Nout\\u0103\\u021bi - Trupa Iosif Vulcan\"},{\"@type\":\"BreadcrumbList\",\"@id\":\"https:\\\/\\\/www.teatrulreginamaria.ro\\\/hu\\\/campania-nationala-artistii-pentru-artisti-2019\\\/#breadcrumblist\",\"itemListElement\":[{\"@type\":\"ListItem\",\"@id\":\"https:\\\/\\\/www.teatrulreginamaria.ro\\\/hu#listItem\",\"position\":1,\"name\":\"Home\",\"item\":\"https:\\\/\\\/www.teatrulreginamaria.ro\\\/hu\",\"nextItem\":{\"@type\":\"ListItem\",\"@id\":\"https:\\\/\\\/www.teatrulreginamaria.ro\\\/hu\\\/categorie\\\/noutati\\\/#listItem\",\"name\":\"Nout\\u0103\\u021bi\"}},{\"@type\":\"ListItem\",\"@id\":\"https:\\\/\\\/www.teatrulreginamaria.ro\\\/hu\\\/categorie\\\/noutati\\\/#listItem\",\"position\":2,\"name\":\"Nout\\u0103\\u021bi\",\"item\":\"https:\\\/\\\/www.teatrulreginamaria.ro\\\/hu\\\/categorie\\\/noutati\\\/\",\"nextItem\":{\"@type\":\"ListItem\",\"@id\":\"https:\\\/\\\/www.teatrulreginamaria.ro\\\/hu\\\/categorie\\\/noutati\\\/noutati-trupa-iosif-vulcan\\\/#listItem\",\"name\":\"Nout\\u0103\\u021bi - Trupa Iosif Vulcan\"},\"previousItem\":{\"@type\":\"ListItem\",\"@id\":\"https:\\\/\\\/www.teatrulreginamaria.ro\\\/hu#listItem\",\"name\":\"Home\"}},{\"@type\":\"ListItem\",\"@id\":\"https:\\\/\\\/www.teatrulreginamaria.ro\\\/hu\\\/categorie\\\/noutati\\\/noutati-trupa-iosif-vulcan\\\/#listItem\",\"position\":3,\"name\":\"Nout\\u0103\\u021bi - Trupa Iosif Vulcan\",\"item\":\"https:\\\/\\\/www.teatrulreginamaria.ro\\\/hu\\\/categorie\\\/noutati\\\/noutati-trupa-iosif-vulcan\\\/\",\"nextItem\":{\"@type\":\"ListItem\",\"@id\":\"https:\\\/\\\/www.teatrulreginamaria.ro\\\/hu\\\/campania-nationala-artistii-pentru-artisti-2019\\\/#listItem\",\"name\":\"CAMPANIA NATIONAL\\u0102 \\u201eARTISTII PENTRU ARTISTI\\u201d 2019\"},\"previousItem\":{\"@type\":\"ListItem\",\"@id\":\"https:\\\/\\\/www.teatrulreginamaria.ro\\\/hu\\\/categorie\\\/noutati\\\/#listItem\",\"name\":\"Nout\\u0103\\u021bi\"}},{\"@type\":\"ListItem\",\"@id\":\"https:\\\/\\\/www.teatrulreginamaria.ro\\\/hu\\\/campania-nationala-artistii-pentru-artisti-2019\\\/#listItem\",\"position\":4,\"name\":\"CAMPANIA NATIONAL\\u0102 \\u201eARTISTII PENTRU ARTISTI\\u201d 2019\",\"previousItem\":{\"@type\":\"ListItem\",\"@id\":\"https:\\\/\\\/www.teatrulreginamaria.ro\\\/hu\\\/categorie\\\/noutati\\\/noutati-trupa-iosif-vulcan\\\/#listItem\",\"name\":\"Nout\\u0103\\u021bi - Trupa Iosif Vulcan\"}}]},{\"@type\":\"Organization\",\"@id\":\"https:\\\/\\\/www.teatrulreginamaria.ro\\\/hu\\\/#organization\",\"name\":\"Teatrul Regina Maria Oradea\",\"description\":\"Trupa Iosif Vulcan \\u0219i Trupa Arcadia\",\"url\":\"https:\\\/\\\/www.teatrulreginamaria.ro\\\/hu\\\/\",\"email\":\"marketing@teatrulreginamaria.ro\",\"telephone\":\"+40359411534\",\"numberOfEmployees\":{\"@type\":\"QuantitativeValue\",\"minValue\":0,\"maxValue\":150},\"logo\":{\"@type\":\"ImageObject\",\"url\":\"https:\\\/\\\/www.teatrulreginamaria.ro\\\/wp-content\\\/uploads\\\/2025\\\/06\\\/logo-trm-01-dark.png\",\"@id\":\"https:\\\/\\\/www.teatrulreginamaria.ro\\\/hu\\\/campania-nationala-artistii-pentru-artisti-2019\\\/#organizationLogo\",\"width\":300,\"height\":148},\"image\":{\"@id\":\"https:\\\/\\\/www.teatrulreginamaria.ro\\\/hu\\\/campania-nationala-artistii-pentru-artisti-2019\\\/#organizationLogo\"},\"sameAs\":[\"https:\\\/\\\/www.facebook.com\\\/TRMTrupaIosifVulcan\\\/\",\"https:\\\/\\\/x.com\\\/TRMOradea\",\"https:\\\/\\\/www.instagram.com\\\/teatrul_regina_maria\\\/\",\"https:\\\/\\\/www.youtube.com\\\/c\\\/TeatrulReginaMariaOradea\",\"https:\\\/\\\/www.linkedin.com\\\/company\\\/teatrul-regina-maria\"]},{\"@type\":\"Person\",\"@id\":\"https:\\\/\\\/www.teatrulreginamaria.ro\\\/hu\\\/author\\\/w3bmaster\\\/#author\",\"url\":\"https:\\\/\\\/www.teatrulreginamaria.ro\\\/hu\\\/author\\\/w3bmaster\\\/\",\"name\":\"Teatrul Regina Maria\",\"image\":{\"@type\":\"ImageObject\",\"@id\":\"https:\\\/\\\/www.teatrulreginamaria.ro\\\/hu\\\/campania-nationala-artistii-pentru-artisti-2019\\\/#authorImage\",\"url\":\"https:\\\/\\\/secure.gravatar.com\\\/avatar\\\/5884139d508ae3f0bafe45e60563b48a9640146d3b08ccc6278c305ff9329305?s=96&d=mm&r=g\",\"width\":96,\"height\":96,\"caption\":\"Teatrul Regina Maria\"}},{\"@type\":\"WebPage\",\"@id\":\"https:\\\/\\\/www.teatrulreginamaria.ro\\\/hu\\\/campania-nationala-artistii-pentru-artisti-2019\\\/#webpage\",\"url\":\"https:\\\/\\\/www.teatrulreginamaria.ro\\\/hu\\\/campania-nationala-artistii-pentru-artisti-2019\\\/\",\"name\":\"CAMPANIA NATIONAL\\u0102 \\u201eARTISTII PENTRU ARTISTI\\u201d 2019 - Teatrul Regina Maria Oradea\",\"description\":\"Pe 1 martie s-a dat startul celei de-a 18 editii a Campaniei sociale \\u201eArtistii pentru artisti\\u201d, cu sprijinul indispensabil al institutiilor de teatru din Bucuresti si din tara. Prin aceasta campanie umanitara organizata de UNITER in luna martie si aprilie, se strang fonduri pentru artistii de orice varsta, din toata tara, care au probleme medicale si\",\"inLanguage\":\"hu-HU\",\"isPartOf\":{\"@id\":\"https:\\\/\\\/www.teatrulreginamaria.ro\\\/hu\\\/#website\"},\"breadcrumb\":{\"@id\":\"https:\\\/\\\/www.teatrulreginamaria.ro\\\/hu\\\/campania-nationala-artistii-pentru-artisti-2019\\\/#breadcrumblist\"},\"author\":{\"@id\":\"https:\\\/\\\/www.teatrulreginamaria.ro\\\/hu\\\/author\\\/w3bmaster\\\/#author\"},\"creator\":{\"@id\":\"https:\\\/\\\/www.teatrulreginamaria.ro\\\/hu\\\/author\\\/w3bmaster\\\/#author\"},\"image\":{\"@type\":\"ImageObject\",\"url\":\"https:\\\/\\\/www.teatrulreginamaria.ro\\\/wp-content\\\/uploads\\\/2019\\\/03\\\/2019_Banda_autocolanta_afise_15x47_cm_1-scaled.jpg\",\"@id\":\"https:\\\/\\\/www.teatrulreginamaria.ro\\\/hu\\\/campania-nationala-artistii-pentru-artisti-2019\\\/#mainImage\",\"width\":2560,\"height\":810},\"primaryImageOfPage\":{\"@id\":\"https:\\\/\\\/www.teatrulreginamaria.ro\\\/hu\\\/campania-nationala-artistii-pentru-artisti-2019\\\/#mainImage\"},\"datePublished\":\"2019-03-12T07:53:08+02:00\",\"dateModified\":\"2019-03-12T07:53:08+02:00\"},{\"@type\":\"WebSite\",\"@id\":\"https:\\\/\\\/www.teatrulreginamaria.ro\\\/hu\\\/#website\",\"url\":\"https:\\\/\\\/www.teatrulreginamaria.ro\\\/hu\\\/\",\"name\":\"Teatrul Regina Maria Oradea\",\"alternateName\":\"TRM Oradea\",\"description\":\"Trupa Iosif Vulcan \\u0219i Trupa Arcadia\",\"inLanguage\":\"hu-HU\",\"publisher\":{\"@id\":\"https:\\\/\\\/www.teatrulreginamaria.ro\\\/hu\\\/#organization\"}}]}\n\t\t<\/script>\n\t\t<!-- All in One SEO Pro -->\r\n\t\t<title>CAMPANIA NATIONAL\u0102 \u201eARTISTII PENTRU ARTISTI\u201d 2019 - Teatrul Regina Maria Oradea<\/title>\n\n","aioseo_head_json":{"title":"ORSZ\u00c1GOS &quot;M\u0170V\u00c9SZEK A M\u0170V\u00c9SZEKNEK&quot; KAMP\u00c1NY 2019 - Regina Maria Sz\u00ednh\u00e1z, Nagyv\u00e1radi","description":"M\u00e1rcius 1-j\u00e9n kezdet\u00e9t vette a \u201eM\u0171v\u00e9szek a m\u0171v\u00e9szek\u00e9rt\u201d t\u00e1rsadalmi kamp\u00e1ny 18. kiad\u00e1sa, a bukaresti \u00e9s vid\u00e9ki sz\u00ednh\u00e1zi int\u00e9zm\u00e9nyek n\u00e9lk\u00fcl\u00f6zhetetlen t\u00e1mogat\u00e1s\u00e1val. Az UNITER \u00e1ltal m\u00e1rciusban \u00e9s \u00e1prilisban szervezett humanit\u00e1rius kamp\u00e1ny sor\u00e1n adom\u00e1nyokat gy\u0171jtenek az orsz\u00e1g minden t\u00e1j\u00e1r\u00f3l \u00e9rkez\u0151, minden koroszt\u00e1ly\u00fa m\u0171v\u00e9szek sz\u00e1m\u00e1ra, akik eg\u00e9szs\u00e9g\u00fcgyi \u00e9s...","canonical_url":"https:\/\/www.teatrulreginamaria.ro\/hu\/campania-nationala-artistii-pentru-artisti-2019\/","robots":"max-image-preview:large","keywords":"","webmasterTools":{"miscellaneous":""},"schema":{"@context":"https:\/\/schema.org","@graph":[{"@type":"BlogPosting","@id":"https:\/\/www.teatrulreginamaria.ro\/hu\/campania-nationala-artistii-pentru-artisti-2019\/#blogposting","name":"CAMPANIA NATIONAL\u0102 \u201eARTISTII PENTRU ARTISTI\u201d 2019 - Teatrul Regina Maria Oradea","headline":"CAMPANIA NATIONAL\u0102 \u201eARTISTII PENTRU ARTISTI\u201d 2019","author":{"@id":"https:\/\/www.teatrulreginamaria.ro\/hu\/author\/w3bmaster\/#author"},"publisher":{"@id":"https:\/\/www.teatrulreginamaria.ro\/hu\/#organization"},"image":{"@type":"ImageObject","url":"https:\/\/www.teatrulreginamaria.ro\/wp-content\/uploads\/2019\/03\/2019_Banda_autocolanta_afise_15x47_cm_1-scaled.jpg","width":2560,"height":810},"datePublished":"2019-03-12T07:53:08+02:00","dateModified":"2019-03-12T07:53:08+02:00","inLanguage":"hu-HU","mainEntityOfPage":{"@id":"https:\/\/www.teatrulreginamaria.ro\/hu\/campania-nationala-artistii-pentru-artisti-2019\/#webpage"},"isPartOf":{"@id":"https:\/\/www.teatrulreginamaria.ro\/hu\/campania-nationala-artistii-pentru-artisti-2019\/#webpage"},"articleSection":"Nout\u0103\u021bi - Trupa Iosif Vulcan"},{"@type":"BreadcrumbList","@id":"https:\/\/www.teatrulreginamaria.ro\/hu\/campania-nationala-artistii-pentru-artisti-2019\/#breadcrumblist","itemListElement":[{"@type":"ListItem","@id":"https:\/\/www.teatrulreginamaria.ro\/hu#listItem","position":1,"name":"Home","item":"https:\/\/www.teatrulreginamaria.ro\/hu","nextItem":{"@type":"ListItem","@id":"https:\/\/www.teatrulreginamaria.ro\/hu\/categorie\/noutati\/#listItem","name":"Nout\u0103\u021bi"}},{"@type":"ListItem","@id":"https:\/\/www.teatrulreginamaria.ro\/hu\/categorie\/noutati\/#listItem","position":2,"name":"Nout\u0103\u021bi","item":"https:\/\/www.teatrulreginamaria.ro\/hu\/categorie\/noutati\/","nextItem":{"@type":"ListItem","@id":"https:\/\/www.teatrulreginamaria.ro\/hu\/categorie\/noutati\/noutati-trupa-iosif-vulcan\/#listItem","name":"Nout\u0103\u021bi - Trupa Iosif Vulcan"},"previousItem":{"@type":"ListItem","@id":"https:\/\/www.teatrulreginamaria.ro\/hu#listItem","name":"Home"}},{"@type":"ListItem","@id":"https:\/\/www.teatrulreginamaria.ro\/hu\/categorie\/noutati\/noutati-trupa-iosif-vulcan\/#listItem","position":3,"name":"Nout\u0103\u021bi - Trupa Iosif Vulcan","item":"https:\/\/www.teatrulreginamaria.ro\/hu\/categorie\/noutati\/noutati-trupa-iosif-vulcan\/","nextItem":{"@type":"ListItem","@id":"https:\/\/www.teatrulreginamaria.ro\/hu\/campania-nationala-artistii-pentru-artisti-2019\/#listItem","name":"CAMPANIA NATIONAL\u0102 \u201eARTISTII PENTRU ARTISTI\u201d 2019"},"previousItem":{"@type":"ListItem","@id":"https:\/\/www.teatrulreginamaria.ro\/hu\/categorie\/noutati\/#listItem","name":"Nout\u0103\u021bi"}},{"@type":"ListItem","@id":"https:\/\/www.teatrulreginamaria.ro\/hu\/campania-nationala-artistii-pentru-artisti-2019\/#listItem","position":4,"name":"CAMPANIA NATIONAL\u0102 \u201eARTISTII PENTRU ARTISTI\u201d 2019","previousItem":{"@type":"ListItem","@id":"https:\/\/www.teatrulreginamaria.ro\/hu\/categorie\/noutati\/noutati-trupa-iosif-vulcan\/#listItem","name":"Nout\u0103\u021bi - Trupa Iosif Vulcan"}}]},{"@type":"Organization","@id":"https:\/\/www.teatrulreginamaria.ro\/hu\/#organization","name":"Teatrul Regina Maria Oradea","description":"Trupa Iosif Vulcan \u0219i Trupa Arcadia","url":"https:\/\/www.teatrulreginamaria.ro\/hu\/","email":"marketing@teatrulreginamaria.ro","telephone":"+40359411534","numberOfEmployees":{"@type":"QuantitativeValue","minValue":0,"maxValue":150},"logo":{"@type":"ImageObject","url":"https:\/\/www.teatrulreginamaria.ro\/wp-content\/uploads\/2025\/06\/logo-trm-01-dark.png","@id":"https:\/\/www.teatrulreginamaria.ro\/hu\/campania-nationala-artistii-pentru-artisti-2019\/#organizationLogo","width":300,"height":148},"image":{"@id":"https:\/\/www.teatrulreginamaria.ro\/hu\/campania-nationala-artistii-pentru-artisti-2019\/#organizationLogo"},"sameAs":["https:\/\/www.facebook.com\/TRMTrupaIosifVulcan\/","https:\/\/x.com\/TRMOradea","https:\/\/www.instagram.com\/teatrul_regina_maria\/","https:\/\/www.youtube.com\/c\/TeatrulReginaMariaOradea","https:\/\/www.linkedin.com\/company\/teatrul-regina-maria"]},{"@type":"Person","@id":"https:\/\/www.teatrulreginamaria.ro\/hu\/author\/w3bmaster\/#author","url":"https:\/\/www.teatrulreginamaria.ro\/hu\/author\/w3bmaster\/","name":"Teatrul Regina Maria","image":{"@type":"ImageObject","@id":"https:\/\/www.teatrulreginamaria.ro\/hu\/campania-nationala-artistii-pentru-artisti-2019\/#authorImage","url":"https:\/\/secure.gravatar.com\/avatar\/5884139d508ae3f0bafe45e60563b48a9640146d3b08ccc6278c305ff9329305?s=96&d=mm&r=g","width":96,"height":96,"caption":"Teatrul Regina Maria"}},{"@type":"WebPage","@id":"https:\/\/www.teatrulreginamaria.ro\/hu\/campania-nationala-artistii-pentru-artisti-2019\/#webpage","url":"https:\/\/www.teatrulreginamaria.ro\/hu\/campania-nationala-artistii-pentru-artisti-2019\/","name":"CAMPANIA NATIONAL\u0102 \u201eARTISTII PENTRU ARTISTI\u201d 2019 - Teatrul Regina Maria Oradea","description":"Pe 1 martie s-a dat startul celei de-a 18 editii a Campaniei sociale \u201eArtistii pentru artisti\u201d, cu sprijinul indispensabil al institutiilor de teatru din Bucuresti si din tara. Prin aceasta campanie umanitara organizata de UNITER in luna martie si aprilie, se strang fonduri pentru artistii de orice varsta, din toata tara, care au probleme medicale si","inLanguage":"hu-HU","isPartOf":{"@id":"https:\/\/www.teatrulreginamaria.ro\/hu\/#website"},"breadcrumb":{"@id":"https:\/\/www.teatrulreginamaria.ro\/hu\/campania-nationala-artistii-pentru-artisti-2019\/#breadcrumblist"},"author":{"@id":"https:\/\/www.teatrulreginamaria.ro\/hu\/author\/w3bmaster\/#author"},"creator":{"@id":"https:\/\/www.teatrulreginamaria.ro\/hu\/author\/w3bmaster\/#author"},"image":{"@type":"ImageObject","url":"https:\/\/www.teatrulreginamaria.ro\/wp-content\/uploads\/2019\/03\/2019_Banda_autocolanta_afise_15x47_cm_1-scaled.jpg","@id":"https:\/\/www.teatrulreginamaria.ro\/hu\/campania-nationala-artistii-pentru-artisti-2019\/#mainImage","width":2560,"height":810},"primaryImageOfPage":{"@id":"https:\/\/www.teatrulreginamaria.ro\/hu\/campania-nationala-artistii-pentru-artisti-2019\/#mainImage"},"datePublished":"2019-03-12T07:53:08+02:00","dateModified":"2019-03-12T07:53:08+02:00"},{"@type":"WebSite","@id":"https:\/\/www.teatrulreginamaria.ro\/hu\/#website","url":"https:\/\/www.teatrulreginamaria.ro\/hu\/","name":"Teatrul Regina Maria Oradea","alternateName":"TRM Oradea","description":"Trupa Iosif Vulcan \u0219i Trupa Arcadia","inLanguage":"hu-HU","publisher":{"@id":"https:\/\/www.teatrulreginamaria.ro\/hu\/#organization"}}]},"og:locale":"hu_HU","og:site_name":"Teatrul Regina Maria Oradea - Trupa Iosif Vulcan \u0219i Trupa Arcadia","og:type":"article","og:title":"CAMPANIA NATIONAL\u0102 \u201eARTISTII PENTRU ARTISTI\u201d 2019 - Teatrul Regina Maria Oradea","og:description":"Pe 1 martie s-a dat startul celei de-a 18 editii a Campaniei sociale \u201eArtistii pentru artisti\u201d, cu sprijinul indispensabil al institutiilor de teatru din Bucuresti si din tara. Prin aceasta campanie umanitara organizata de UNITER in luna martie si aprilie, se strang fonduri pentru artistii de orice varsta, din toata tara, care au probleme medicale si","og:url":"https:\/\/www.teatrulreginamaria.ro\/hu\/campania-nationala-artistii-pentru-artisti-2019\/","og:image":"https:\/\/www.teatrulreginamaria.ro\/wp-content\/uploads\/2025\/03\/trm-istoric-01.jpg","og:image:secure_url":"https:\/\/www.teatrulreginamaria.ro\/wp-content\/uploads\/2025\/03\/trm-istoric-01.jpg","og:image:width":1200,"og:image:height":800,"article:published_time":"2019-03-12T07:53:08+00:00","article:modified_time":"2019-03-12T07:53:08+00:00","article:publisher":"https:\/\/www.facebook.com\/TRMTrupaIosifVulcan\/","twitter:card":"summary_large_image","twitter:site":"@TRMOradea","twitter:title":"CAMPANIA NATIONAL\u0102 \u201eARTISTII PENTRU ARTISTI\u201d 2019 - Teatrul Regina Maria Oradea","twitter:description":"Pe 1 martie s-a dat startul celei de-a 18 editii a Campaniei sociale \u201eArtistii pentru artisti\u201d, cu sprijinul indispensabil al institutiilor de teatru din Bucuresti si din tara. Prin aceasta campanie umanitara organizata de UNITER in luna martie si aprilie, se strang fonduri pentru artistii de orice varsta, din toata tara, care au probleme medicale si","twitter:creator":"@TRMOradea","twitter:image":"https:\/\/www.teatrulreginamaria.ro\/wp-content\/uploads\/2025\/03\/trm-istoric-01.jpg"},"aioseo_meta_data":{"post_id":"1991","title":null,"description":null,"keywords":null,"keyphrases":null,"primary_term":null,"canonical_url":null,"og_title":null,"og_description":null,"og_object_type":"default","og_image_type":"default","og_image_url":null,"og_image_width":null,"og_image_height":null,"og_image_custom_url":null,"og_image_custom_fields":null,"og_video":null,"og_custom_url":null,"og_article_section":null,"og_article_tags":null,"twitter_use_og":false,"twitter_card":"default","twitter_image_type":"default","twitter_image_url":null,"twitter_image_custom_url":null,"twitter_image_custom_fields":null,"twitter_title":null,"twitter_description":null,"schema":{"blockGraphs":[],"customGraphs":[],"default":{"data":{"Article":[],"Course":[],"Dataset":[],"FAQPage":[],"Movie":[],"Person":[],"Product":[],"ProductReview":[],"Car":[],"Recipe":[],"Service":[],"SoftwareApplication":[],"WebPage":[]},"graphName":"","isEnabled":true},"graphs":[]},"schema_type":"default","schema_type_options":null,"pillar_content":false,"robots_default":true,"robots_noindex":false,"robots_noarchive":false,"robots_nosnippet":false,"robots_nofollow":false,"robots_noimageindex":false,"robots_noodp":false,"robots_notranslate":false,"robots_max_snippet":null,"robots_max_videopreview":null,"robots_max_imagepreview":"large","priority":null,"frequency":null,"local_seo":null,"seo_analyzer_scan_date":"2026-05-13 02:15:40","breadcrumb_settings":null,"limit_modified_date":false,"reviewed_by":null,"open_ai":null,"ai":null,"created":"2025-04-09 17:42:41","updated":"2026-05-13 02:15:40","focus_keyword":null,"additional_keywords":null,"truseo_locale":null},"aioseo_breadcrumb":"<div class=\"aioseo-breadcrumbs\"><span class=\"aioseo-breadcrumb\">\n\t<a href=\"https:\/\/www.teatrulreginamaria.ro\/hu\" title=\"Home\">Home<\/a>\n<\/span><span class=\"aioseo-breadcrumb-separator\">&raquo;<\/span><span class=\"aioseo-breadcrumb\">\n\t<a href=\"https:\/\/www.teatrulreginamaria.ro\/hu\/categorie\/noutati\/\" title=\"Nout\u0103\u021bi\">Nout\u0103\u021bi<\/a>\n<\/span><span class=\"aioseo-breadcrumb-separator\">&raquo;<\/span><span class=\"aioseo-breadcrumb\">\n\t<a href=\"https:\/\/www.teatrulreginamaria.ro\/hu\/categorie\/noutati\/noutati-trupa-iosif-vulcan\/\" title=\"Nout\u0103\u021bi - Trupa Iosif Vulcan\">Nout\u0103\u021bi - Trupa Iosif Vulcan<\/a>\n<\/span><span class=\"aioseo-breadcrumb-separator\">&raquo;<\/span><span class=\"aioseo-breadcrumb\">\n\tCAMPANIA NATIONAL\u0102 \u201eARTISTII PENTRU ARTISTI\u201d 2019\n<\/span><\/div>","aioseo_breadcrumb_json":[{"label":"Home","link":"https:\/\/www.teatrulreginamaria.ro\/hu"},{"label":"Nout\u0103\u021bi","link":"https:\/\/www.teatrulreginamaria.ro\/hu\/categorie\/noutati\/"},{"label":"Nout\u0103\u021bi - Trupa Iosif Vulcan","link":"https:\/\/www.teatrulreginamaria.ro\/hu\/categorie\/noutati\/noutati-trupa-iosif-vulcan\/"},{"label":"CAMPANIA NATIONAL\u0102 \u201eARTISTII PENTRU ARTISTI\u201d 2019","link":"https:\/\/www.teatrulreginamaria.ro\/hu\/campania-nationala-artistii-pentru-artisti-2019\/"}],"acf":[],"_links":{"self":[{"href":"https:\/\/www.teatrulreginamaria.ro\/hu\/wp-json\/wp\/v2\/posts\/1991","targetHints":{"allow":["GET"]}}],"collection":[{"href":"https:\/\/www.teatrulreginamaria.ro\/hu\/wp-json\/wp\/v2\/posts"}],"about":[{"href":"https:\/\/www.teatrulreginamaria.ro\/hu\/wp-json\/wp\/v2\/types\/post"}],"author":[{"embeddable":true,"href":"https:\/\/www.teatrulreginamaria.ro\/hu\/wp-json\/wp\/v2\/users\/6"}],"replies":[{"embeddable":true,"href":"https:\/\/www.teatrulreginamaria.ro\/hu\/wp-json\/wp\/v2\/comments?post=1991"}],"version-history":[{"count":0,"href":"https:\/\/www.teatrulreginamaria.ro\/hu\/wp-json\/wp\/v2\/posts\/1991\/revisions"}],"wp:featuredmedia":[{"embeddable":true,"href":"https:\/\/www.teatrulreginamaria.ro\/hu\/wp-json\/wp\/v2\/media\/1988"}],"wp:attachment":[{"href":"https:\/\/www.teatrulreginamaria.ro\/hu\/wp-json\/wp\/v2\/media?parent=1991"}],"wp:term":[{"taxonomy":"category","embeddable":true,"href":"https:\/\/www.teatrulreginamaria.ro\/hu\/wp-json\/wp\/v2\/categories?post=1991"},{"taxonomy":"post_tag","embeddable":true,"href":"https:\/\/www.teatrulreginamaria.ro\/hu\/wp-json\/wp\/v2\/tags?post=1991"}],"curies":[{"name":"munkaf\u00fczet","href":"https:\/\/api.w.org\/{rel}","templated":true}]}}