{"id":2049,"date":"2019-04-04T12:20:27","date_gmt":"2019-04-04T12:20:27","guid":{"rendered":"https:\/\/teatrulreginamaria.ro\/2019\/04\/04\/cine-i-nascut-in-1-aprilie\/"},"modified":"2019-04-04T12:20:27","modified_gmt":"2019-04-04T12:20:27","slug":"ki-szuletett-aprilis-1-jen","status":"publish","type":"post","link":"https:\/\/www.teatrulreginamaria.ro\/hu\/cine-i-nascut-in-1-aprilie\/","title":{"rendered":"Aki \u00e1prilis 1-j\u00e9n sz\u00fcletett\u2026"},"content":{"rendered":"<p style=\"text-align: justify;\"><strong>A Regina Maria Sz\u00ednh\u00e1z \u2013 \u201eIosif Vulcan\u201d t\u00e1rsulat k\u00e9t sz\u00edn\u00e9sze \u00e1prilis 1-j\u00e9n sz\u00fcletett. Humoros \u00e9s lend\u00fcletes szem\u00e9lyis\u00e9gek, mindkett\u0151 nyitott, kommunikat\u00edv \u00e9s energikus szem\u00e9lyis\u00e9g, amit az al\u00e1bbi interj\u00fakban l\u00e1thatunk. Mindkett\u0151t a nagyv\u00e1radi sz\u00ednh\u00e1z leg\u00fajabb produkci\u00f3j\u00e1ban, az &quot;...Escuban&quot; l\u00e1thatj\u00e1tok.<\/strong><\/p>\n<p><!--more--><\/p>\n<p style=\"text-align: justify;\"><strong>Boldog sz\u00fclet\u00e9snapot, Adela Lazar!<\/strong><\/p>\n<p style=\"text-align: justify;\">\u2013\u00a0<em>Adela, a jelenl\u00e9ted sosem marad \u00e9szrev\u00e9tlen. \u00c9l\u00e9nk \u00e9s v\u00e1ltozatos sz\u00edn\u0171 ruh\u00e1kat hordasz, sz\u00ednes kieg\u00e9sz\u00edt\u0151id vannak. Honnan ered ez a preferencia, ami, mondjuk \u00fagy, t\u00fckr\u00f6zi a toniz\u00e1l\u00f3 karakteredet?<\/em><\/p>\n<p style=\"text-align: justify;\">\u2013 Mindig is szerettem a sz\u00edneket. Boldogg\u00e1 tesznek. Egyszer\u0171en egyfajta j\u00f3l\u00e9tet adnak, amit a k\u00f6r\u00fcl\u00f6ttem l\u00e9v\u0151k is \u00e9reznek, amikor megl\u00e1tnak, \u00e9s \u0151szint\u00e9n igyekszem \u0151ket is megfert\u0151zni ezzel, a kromatikus \u00f6r\u00f6m\u00f6mmel. Im\u00e1dom a sziv\u00e1rv\u00e1nyt, a cukorr\u00f3zsasz\u00ednt, a t\u00fcrkizt \u00e9s a feh\u00e9r p\u00f6tty\u00f6s pirosat. Biztos vagyok benne, hogy ha az emberek jobban szeretn\u00e9nek sz\u00edneket, boldogabbak lenn\u00e9nek. Elhiszed nekem?<\/p>\n<p style=\"text-align: justify;\">\u2013\u00a0<em>Sz\u00edn\u00e9szn\u0151 lett\u00e9l, de fest\u0151 is vagy. Ez egyfajta levezet\u00e9s vagy bels\u0151 sz\u00fcks\u00e9glet?<\/em><\/p>\n<p style=\"text-align: justify;\">\u2013 Fest\u0151-sz\u00edn\u00e9szn\u0151 vagyok. Egy sz\u00edn\u00e9szn\u0151, aki fest, \u00e9s egy fest\u0151, aki sz\u00ednh\u00e1zat j\u00e1tszik. Egym\u00e1st\u00f3l f\u00fcggenek. \u0150k a val\u00f3ra v\u00e1lt \u00e1lmaim, \u00e9s soha nem adn\u00e1m fel az egyiket a m\u00e1sik\u00e9rt. Kieg\u00e9sz\u00edtenek, r\u00e9szeim, a vil\u00e1gomnak, ami csak az eny\u00e9m. Gyakran \u00e9rzem \u00fagy, mintha egy m\u00e1sik bolyg\u00f3r\u00f3l sz\u00e1rmazn\u00e9k, egy olyan bolyg\u00f3r\u00f3l, ahol nincsenek probl\u00e9m\u00e1id, csak megold\u00e1sok, ahol jobb mosolyogni, mint rosszall\u00f3an n\u00e9zni valakire, ahol az \u00f6nzetlen aj\u00e1nd\u00e9koz\u00e1s \u00e9s a bar\u00e1tok b\u00e1tor\u00edt\u00e1sa norm\u00e1lis\u2026 Gyerekk\u00e9nt nem terveztem meg a j\u00f6v\u0151met, \u00e9s most boldog vagyok, hogy az univerzum tudta, hogyan p\u00f6rgessen \u00e9s helyezzen el \u00fagy, hogy a megfelel\u0151 ember legyek a megfelel\u0151 helyen. Rem\u00e9lem.<\/p>\n<p style=\"text-align: justify;\">\u2013\u00a0<em>Vannak enn\u00e9l... pragmatikusabb, mondjuk \u00fagy, szenved\u00e9lyeid? Mi szerett\u00e9l volna lenni, ha nem sz\u00edn\u00e9szn\u0151 lett\u00e9l volna?<\/em><\/p>\n<p style=\"text-align: justify;\">\u2013 Elv\u00e9geztem a Pedag\u00f3giai Gimn\u00e1ziumot, \u00e9s tan\u00e1r-nevel\u0151 vagyok, megfelel\u0151 dokumentumokkal, diplom\u00e1val, mindennel. N\u00e9gy \u00e9vig tan\u00edtottam Marosv\u00e1s\u00e1rhelyen, amikor sz\u00edn\u00e9szetet tanultam. Szeretek f\u0151zni, sokat vezetni \u00e9s r\u00e1di\u00f3s dr\u00e1m\u00e1kat hallgatni ez id\u0151 alatt.<\/p>\n<p style=\"text-align: justify;\">\u2013\u00a0<em>Egy elker\u00fclhetetlen k\u00e9rd\u00e9s: milyen \u00e1prilis 1-j\u00e9n sz\u00fcletni?<\/em><\/p>\n<p style=\"text-align: justify;\">\u2013 Vicces \u00e9s klassz. Azt hiszem, enn\u00e9l jobb napot nem is v\u00e1laszthattam volna a sz\u00fclet\u00e9semre. K\u00f6sz\u00f6n\u00f6m, anya.<\/p>\n<p style=\"text-align: justify;\">\u2013\u00a0<em>Mi a titka annak az \u00e9let\u00f6r\u00f6mnek, amit mindig mutatsz?<\/em><\/p>\n<p style=\"text-align: justify;\">\u2013 A titok nem az, hogy mutogasd a k\u00e9pzetts\u00e9gedet. A titok az, hogy azt csin\u00e1lom, amit szeretek \u00e9s hiszek benne, b\u00e1rmi is t\u00f6rt\u00e9nj\u00e9k. Az \u00e9n nem titkolt titkaim Anabela, Sebi, a csal\u00e1dom \u00e9s a bar\u00e1taim, akik t\u00e1mogatnak \u00e9s arra biztatnak, hogy \u00f6nmagam legyek. A titok az, hogy mosolyogj akkor is, ha s\u00edrni szeretn\u00e9l. A titok az, hogy elfogadd magad \u00e9s nevess a hib\u00e1idon. A titok az, hogy \u00e9rt\u00e9kelj mindenkit, \u00e9s mindig k\u00f6sz\u00f6nd meg nekik, m\u00e9g akkor is, ha nem a sz\u00fclet\u00e9snapjuk van. A titok az, hogy ne felejtsd el, honnan indult\u00e1l. A titok a sz\u00ednekben rejlenek. A v\u00e9gs\u0151 titok az, hogy nincs titok.<\/p>\n<p style=\"text-align: justify;\"><strong>Boldog sz\u00fclet\u00e9snapot, Petre Ghimba\u0219an!<\/strong><\/p>\n<p style=\"text-align: justify;\">\u2013\u00a0<em>Petre Ghimb\u0103\u0219an, megtudtam, hogy faeszterg\u00e1lyos vagy, szeretsz focit \u00e9s lovagolni. Honnan ered a sz\u00ednh\u00e1z ir\u00e1nti szenved\u00e9lyed?<\/em><\/p>\n<p style=\"text-align: justify;\">\u2013 H\u00e1rom \u00e9vig eszterg\u00e1lyosk\u00e9nt dolgoztam, egy \u00e9vig a CFR-n\u00e9l a hadseregben, plusz h\u00e9t \u00e9vig profi futballban. A sz\u00ednh\u00e1z ir\u00e1nti szenved\u00e9lyemet egy Viorica Geant\u0103-Chelbea sz\u00edn\u00e9szn\u0151vel val\u00f3 tal\u00e1lkoz\u00e1s v\u00e1ltotta ki a brass\u00f3i N\u00e9pm\u0171v\u00e9szeti Iskol\u00e1ban 1990-ben.<\/p>\n<p style=\"text-align: justify;\">\u2013\u00a0<em>Hogyan nyilv\u00e1nulnak meg a r\u00e9gi &quot;m\u0171szaki&quot; foglalkoz\u00e1said a mai l\u00e9tez\u00e9sedben? Vannak hobbijaid?<\/em><\/p>\n<p style=\"text-align: justify;\">\u2013 Nincs sz\u00fcks\u00e9gem fest\u0151re, villanyszerel\u0151re, v\u00edzvezet\u00e9k-szerel\u0151re, aut\u00f3szerel\u0151re, \u00e1csra a h\u00e1zamban. Mindezeket nagy \u00f6r\u00f6mmel v\u00e9gzem. M\u00e9g ha m\u00e1r nem lenn\u00e9k sz\u00edn\u00e9sz, akkor is k\u00f6nnyen visszat\u00e9rhetn\u00e9k Brass\u00f3ba, ahol feln\u0151ttem, \u00e9s megm\u0171velhetn\u00e9m az \u00f6r\u00f6k\u00f6lt f\u00f6ldet. A csal\u00e1dom t\u00f6bb sz\u00e1z \u00e9ve l\u00e1tja el z\u00f6lds\u00e9ggel Brass\u00f3t.<\/p>\n<p style=\"text-align: justify;\">\u2013\u00a0<em>Egy sz\u00edn\u00e9szn\u0151h\u00f6z, Corina Cerne\u00e1hoz vagy feles\u00e9g\u00fcl. El\u0151ny vagy h\u00e1tr\u00e1ny, ha mindkett\u0151t\u00f6knek ugyanaz a szakm\u00e1ja?<\/em><\/p>\n<p style=\"text-align: justify;\">\u2013 Ez el\u0151ny \u00e9s h\u00e1tr\u00e1ny is egyben. M\u00e1sodpercr\u0151l m\u00e1sodpercre ismerj\u00fck egym\u00e1s id\u0151beoszt\u00e1s\u00e1t. \u00c9s a sz\u00edn\u00e9szi szakm\u00e1t \u00e9r\u0151 kritik\u00e1k nagy r\u00e9sz\u00e9t egym\u00e1st\u00f3l hallottuk.<\/p>\n<p style=\"text-align: justify;\">\u2013\u00a0<em>Melyik szerepet j\u00e1tszan\u00e1d el a legsz\u00edvesebben?<\/em><\/p>\n<p style=\"text-align: justify;\">\u2013 Milyen szerepet kapok, m\u00e1rmint a k\u00f6vetkez\u0151t? \u00c9s rendez\u0151ket, akikkel egy\u00fctt fogok dolgozni a t\u00e1rsulattal. Szeretn\u00e9m megism\u00e9telni Estragon szerep\u00e9t a \u201eGodot-ra v\u00e1rva\u201d-b\u00f3l \u00e9s Akaki Akakievicset a \u201eMantova\u201d-b\u00f3l m\u00e1s produkci\u00f3kban.<\/p>\n<p style=\"text-align: justify;\">\u2013\u00a0<em>Az elker\u00fclhetetlen k\u00e9rd\u00e9s: milyen \u00e9rz\u00e9s \u00e1prilis elsej\u00e9n sz\u00fcletni?<\/em><\/p>\n<p style=\"text-align: justify;\">\u2013 Igyekszem soha nem becsapni magam.<\/p>\n<p style=\"text-align: justify;\">","protected":false},"excerpt":{"rendered":"<p>A Regina Maria Sz\u00ednh\u00e1z \u2013 \u201eIosif Vulcan\u201d t\u00e1rsulat k\u00e9t sz\u00edn\u00e9sze \u00e1prilis 1-j\u00e9n sz\u00fcletett. Humoros \u00e9s lend\u00fcletes szem\u00e9lyis\u00e9gek, mindkett\u0151 nyitott, kommunikat\u00edv \u00e9s energikus szem\u00e9lyis\u00e9g, amit az al\u00e1bbi interj\u00fakban l\u00e1thatunk. Mindkett\u0151t a nagyv\u00e1radi sz\u00ednh\u00e1z leg\u00fajabb produkci\u00f3j\u00e1ban, az &quot;...Escuban&quot; l\u00e1thatj\u00e1tok.<\/p>","protected":false},"author":6,"featured_media":2043,"comment_status":"open","ping_status":"open","sticky":false,"template":"","format":"standard","meta":{"_acf_changed":false,"footnotes":""},"categories":[22],"tags":[335,336],"class_list":["post-2049","post","type-post","status-publish","format-standard","has-post-thumbnail","hentry","category-noutati-trupa-iosif-vulcan","tag-adela-lazar","tag-petre-ghimbasan"],"aioseo_notices":[],"aioseo_head":"\n\t\t<!-- All in One SEO Pro 5.0.1.1 - aioseo.com -->\n\t<meta name=\"description\" content=\"Doi actori ai Teatrului \u201eRegina Maria\u201d \u2013 Trupa \u201eIosif Vulcan\u201d s-au n\u0103scut \u00een 1 aprilie. Personalit\u0103\u021bi pline de umor \u0219i vitalitate, ambii au firi deschise, comunicative \u0219i tonice, ceea ce se vede \u0219i \u00een interviurile de mai jos. Pe am\u00e2ndoi pute\u021bi s\u0103-i vede\u021bi \u00een \u201e\u2026Escu\u201d, cea mai recent\u0103 produc\u021bie a teatrului or\u0103dean. La mul\u021bi ani,\" \/>\n\t<meta name=\"robots\" content=\"max-image-preview:large\" \/>\n\t<meta name=\"author\" content=\"Teatrul Regina Maria\"\/>\n\t<link rel=\"canonical\" href=\"https:\/\/www.teatrulreginamaria.ro\/hu\/cine-i-nascut-in-1-aprilie\/\" \/>\n\t<meta name=\"generator\" content=\"All in One SEO Pro (AIOSEO) 5.0.1.1\" \/>\n\t\t<meta property=\"og:locale\" content=\"hu_HU\" \/>\n\t\t<meta property=\"og:site_name\" content=\"Teatrul Regina Maria Oradea - Trupa Iosif Vulcan \u0219i Trupa Arcadia\" \/>\n\t\t<meta property=\"og:type\" content=\"article\" \/>\n\t\t<meta property=\"og:title\" content=\"Cine-i n\u0103scut \u00een (1) aprilie\u2026 - Teatrul Regina Maria Oradea\" \/>\n\t\t<meta property=\"og:description\" content=\"Doi actori ai Teatrului \u201eRegina Maria\u201d \u2013 Trupa \u201eIosif Vulcan\u201d s-au n\u0103scut \u00een 1 aprilie. Personalit\u0103\u021bi pline de umor \u0219i vitalitate, ambii au firi deschise, comunicative \u0219i tonice, ceea ce se vede \u0219i \u00een interviurile de mai jos. Pe am\u00e2ndoi pute\u021bi s\u0103-i vede\u021bi \u00een \u201e\u2026Escu\u201d, cea mai recent\u0103 produc\u021bie a teatrului or\u0103dean. La mul\u021bi ani,\" \/>\n\t\t<meta property=\"og:url\" content=\"https:\/\/www.teatrulreginamaria.ro\/hu\/cine-i-nascut-in-1-aprilie\/\" \/>\n\t\t<meta property=\"og:image\" content=\"https:\/\/www.teatrulreginamaria.ro\/wp-content\/uploads\/2025\/03\/trm-istoric-01.jpg\" \/>\n\t\t<meta property=\"og:image:secure_url\" content=\"https:\/\/www.teatrulreginamaria.ro\/wp-content\/uploads\/2025\/03\/trm-istoric-01.jpg\" \/>\n\t\t<meta property=\"og:image:width\" content=\"1200\" \/>\n\t\t<meta property=\"og:image:height\" content=\"800\" \/>\n\t\t<meta property=\"article:published_time\" content=\"2019-04-04T12:20:27+00:00\" \/>\n\t\t<meta property=\"article:modified_time\" content=\"2019-04-04T12:20:27+00:00\" \/>\n\t\t<meta property=\"article:publisher\" content=\"https:\/\/www.facebook.com\/TRMTrupaIosifVulcan\/\" \/>\n\t\t<meta name=\"twitter:card\" content=\"summary_large_image\" \/>\n\t\t<meta name=\"twitter:site\" content=\"@TRMOradea\" \/>\n\t\t<meta name=\"twitter:title\" content=\"Cine-i n\u0103scut \u00een (1) aprilie\u2026 - Teatrul Regina Maria Oradea\" \/>\n\t\t<meta name=\"twitter:description\" content=\"Doi actori ai Teatrului \u201eRegina Maria\u201d \u2013 Trupa \u201eIosif Vulcan\u201d s-au n\u0103scut \u00een 1 aprilie. Personalit\u0103\u021bi pline de umor \u0219i vitalitate, ambii au firi deschise, comunicative \u0219i tonice, ceea ce se vede \u0219i \u00een interviurile de mai jos. Pe am\u00e2ndoi pute\u021bi s\u0103-i vede\u021bi \u00een \u201e\u2026Escu\u201d, cea mai recent\u0103 produc\u021bie a teatrului or\u0103dean. La mul\u021bi ani,\" \/>\n\t\t<meta name=\"twitter:creator\" content=\"@TRMOradea\" \/>\n\t\t<meta name=\"twitter:image\" content=\"https:\/\/www.teatrulreginamaria.ro\/wp-content\/uploads\/2025\/03\/trm-istoric-01.jpg\" \/>\n\t\t<script type=\"application\/ld+json\" class=\"aioseo-schema\">\n\t\t\t{\"@context\":\"https:\\\/\\\/schema.org\",\"@graph\":[{\"@type\":\"BlogPosting\",\"@id\":\"https:\\\/\\\/www.teatrulreginamaria.ro\\\/hu\\\/cine-i-nascut-in-1-aprilie\\\/#blogposting\",\"name\":\"Cine-i n\\u0103scut \\u00een (1) aprilie\\u2026 - Teatrul Regina Maria Oradea\",\"headline\":\"Cine-i n\\u0103scut \\u00een (1) aprilie&#8230;\",\"author\":{\"@id\":\"https:\\\/\\\/www.teatrulreginamaria.ro\\\/hu\\\/author\\\/w3bmaster\\\/#author\"},\"publisher\":{\"@id\":\"https:\\\/\\\/www.teatrulreginamaria.ro\\\/hu\\\/#organization\"},\"image\":{\"@type\":\"ImageObject\",\"url\":\"https:\\\/\\\/www.teatrulreginamaria.ro\\\/wp-content\\\/uploads\\\/2019\\\/04\\\/gjfds.jpg\",\"width\":960,\"height\":540},\"datePublished\":\"2019-04-04T12:20:27+03:00\",\"dateModified\":\"2019-04-04T12:20:27+03:00\",\"inLanguage\":\"hu-HU\",\"mainEntityOfPage\":{\"@id\":\"https:\\\/\\\/www.teatrulreginamaria.ro\\\/hu\\\/cine-i-nascut-in-1-aprilie\\\/#webpage\"},\"isPartOf\":{\"@id\":\"https:\\\/\\\/www.teatrulreginamaria.ro\\\/hu\\\/cine-i-nascut-in-1-aprilie\\\/#webpage\"},\"articleSection\":\"Nout\\u0103\\u021bi - Trupa Iosif Vulcan, Adela Laz\\u0103r, Petre Ghimb\\u0103\\u0219an\"},{\"@type\":\"BreadcrumbList\",\"@id\":\"https:\\\/\\\/www.teatrulreginamaria.ro\\\/hu\\\/cine-i-nascut-in-1-aprilie\\\/#breadcrumblist\",\"itemListElement\":[{\"@type\":\"ListItem\",\"@id\":\"https:\\\/\\\/www.teatrulreginamaria.ro\\\/hu#listItem\",\"position\":1,\"name\":\"Home\",\"item\":\"https:\\\/\\\/www.teatrulreginamaria.ro\\\/hu\",\"nextItem\":{\"@type\":\"ListItem\",\"@id\":\"https:\\\/\\\/www.teatrulreginamaria.ro\\\/hu\\\/categorie\\\/noutati\\\/#listItem\",\"name\":\"Nout\\u0103\\u021bi\"}},{\"@type\":\"ListItem\",\"@id\":\"https:\\\/\\\/www.teatrulreginamaria.ro\\\/hu\\\/categorie\\\/noutati\\\/#listItem\",\"position\":2,\"name\":\"Nout\\u0103\\u021bi\",\"item\":\"https:\\\/\\\/www.teatrulreginamaria.ro\\\/hu\\\/categorie\\\/noutati\\\/\",\"nextItem\":{\"@type\":\"ListItem\",\"@id\":\"https:\\\/\\\/www.teatrulreginamaria.ro\\\/hu\\\/categorie\\\/noutati\\\/noutati-trupa-iosif-vulcan\\\/#listItem\",\"name\":\"Nout\\u0103\\u021bi - Trupa Iosif Vulcan\"},\"previousItem\":{\"@type\":\"ListItem\",\"@id\":\"https:\\\/\\\/www.teatrulreginamaria.ro\\\/hu#listItem\",\"name\":\"Home\"}},{\"@type\":\"ListItem\",\"@id\":\"https:\\\/\\\/www.teatrulreginamaria.ro\\\/hu\\\/categorie\\\/noutati\\\/noutati-trupa-iosif-vulcan\\\/#listItem\",\"position\":3,\"name\":\"Nout\\u0103\\u021bi - Trupa Iosif Vulcan\",\"item\":\"https:\\\/\\\/www.teatrulreginamaria.ro\\\/hu\\\/categorie\\\/noutati\\\/noutati-trupa-iosif-vulcan\\\/\",\"nextItem\":{\"@type\":\"ListItem\",\"@id\":\"https:\\\/\\\/www.teatrulreginamaria.ro\\\/hu\\\/cine-i-nascut-in-1-aprilie\\\/#listItem\",\"name\":\"Cine-i n\\u0103scut \\u00een (1) aprilie&#8230;\"},\"previousItem\":{\"@type\":\"ListItem\",\"@id\":\"https:\\\/\\\/www.teatrulreginamaria.ro\\\/hu\\\/categorie\\\/noutati\\\/#listItem\",\"name\":\"Nout\\u0103\\u021bi\"}},{\"@type\":\"ListItem\",\"@id\":\"https:\\\/\\\/www.teatrulreginamaria.ro\\\/hu\\\/cine-i-nascut-in-1-aprilie\\\/#listItem\",\"position\":4,\"name\":\"Cine-i n\\u0103scut \\u00een (1) aprilie&#8230;\",\"previousItem\":{\"@type\":\"ListItem\",\"@id\":\"https:\\\/\\\/www.teatrulreginamaria.ro\\\/hu\\\/categorie\\\/noutati\\\/noutati-trupa-iosif-vulcan\\\/#listItem\",\"name\":\"Nout\\u0103\\u021bi - Trupa Iosif Vulcan\"}}]},{\"@type\":\"Organization\",\"@id\":\"https:\\\/\\\/www.teatrulreginamaria.ro\\\/hu\\\/#organization\",\"name\":\"Teatrul Regina Maria Oradea\",\"description\":\"Trupa Iosif Vulcan \\u0219i Trupa Arcadia\",\"url\":\"https:\\\/\\\/www.teatrulreginamaria.ro\\\/hu\\\/\",\"email\":\"marketing@teatrulreginamaria.ro\",\"telephone\":\"+40359411534\",\"numberOfEmployees\":{\"@type\":\"QuantitativeValue\",\"minValue\":0,\"maxValue\":150},\"logo\":{\"@type\":\"ImageObject\",\"url\":\"https:\\\/\\\/www.teatrulreginamaria.ro\\\/wp-content\\\/uploads\\\/2025\\\/06\\\/logo-trm-01-dark.png\",\"@id\":\"https:\\\/\\\/www.teatrulreginamaria.ro\\\/hu\\\/cine-i-nascut-in-1-aprilie\\\/#organizationLogo\",\"width\":300,\"height\":148},\"image\":{\"@id\":\"https:\\\/\\\/www.teatrulreginamaria.ro\\\/hu\\\/cine-i-nascut-in-1-aprilie\\\/#organizationLogo\"},\"sameAs\":[\"https:\\\/\\\/www.facebook.com\\\/TRMTrupaIosifVulcan\\\/\",\"https:\\\/\\\/x.com\\\/TRMOradea\",\"https:\\\/\\\/www.instagram.com\\\/teatrul_regina_maria\\\/\",\"https:\\\/\\\/www.youtube.com\\\/c\\\/TeatrulReginaMariaOradea\",\"https:\\\/\\\/www.linkedin.com\\\/company\\\/teatrul-regina-maria\"]},{\"@type\":\"Person\",\"@id\":\"https:\\\/\\\/www.teatrulreginamaria.ro\\\/hu\\\/author\\\/w3bmaster\\\/#author\",\"url\":\"https:\\\/\\\/www.teatrulreginamaria.ro\\\/hu\\\/author\\\/w3bmaster\\\/\",\"name\":\"Teatrul Regina Maria\",\"image\":{\"@type\":\"ImageObject\",\"@id\":\"https:\\\/\\\/www.teatrulreginamaria.ro\\\/hu\\\/cine-i-nascut-in-1-aprilie\\\/#authorImage\",\"url\":\"https:\\\/\\\/secure.gravatar.com\\\/avatar\\\/5884139d508ae3f0bafe45e60563b48a9640146d3b08ccc6278c305ff9329305?s=96&d=mm&r=g\",\"width\":96,\"height\":96,\"caption\":\"Teatrul Regina Maria\"}},{\"@type\":\"WebPage\",\"@id\":\"https:\\\/\\\/www.teatrulreginamaria.ro\\\/hu\\\/cine-i-nascut-in-1-aprilie\\\/#webpage\",\"url\":\"https:\\\/\\\/www.teatrulreginamaria.ro\\\/hu\\\/cine-i-nascut-in-1-aprilie\\\/\",\"name\":\"Cine-i n\\u0103scut \\u00een (1) aprilie\\u2026 - Teatrul Regina Maria Oradea\",\"description\":\"Doi actori ai Teatrului \\u201eRegina Maria\\u201d \\u2013 Trupa \\u201eIosif Vulcan\\u201d s-au n\\u0103scut \\u00een 1 aprilie. Personalit\\u0103\\u021bi pline de umor \\u0219i vitalitate, ambii au firi deschise, comunicative \\u0219i tonice, ceea ce se vede \\u0219i \\u00een interviurile de mai jos. Pe am\\u00e2ndoi pute\\u021bi s\\u0103-i vede\\u021bi \\u00een \\u201e\\u2026Escu\\u201d, cea mai recent\\u0103 produc\\u021bie a teatrului or\\u0103dean. La mul\\u021bi ani,\",\"inLanguage\":\"hu-HU\",\"isPartOf\":{\"@id\":\"https:\\\/\\\/www.teatrulreginamaria.ro\\\/hu\\\/#website\"},\"breadcrumb\":{\"@id\":\"https:\\\/\\\/www.teatrulreginamaria.ro\\\/hu\\\/cine-i-nascut-in-1-aprilie\\\/#breadcrumblist\"},\"author\":{\"@id\":\"https:\\\/\\\/www.teatrulreginamaria.ro\\\/hu\\\/author\\\/w3bmaster\\\/#author\"},\"creator\":{\"@id\":\"https:\\\/\\\/www.teatrulreginamaria.ro\\\/hu\\\/author\\\/w3bmaster\\\/#author\"},\"image\":{\"@type\":\"ImageObject\",\"url\":\"https:\\\/\\\/www.teatrulreginamaria.ro\\\/wp-content\\\/uploads\\\/2019\\\/04\\\/gjfds.jpg\",\"@id\":\"https:\\\/\\\/www.teatrulreginamaria.ro\\\/hu\\\/cine-i-nascut-in-1-aprilie\\\/#mainImage\",\"width\":960,\"height\":540},\"primaryImageOfPage\":{\"@id\":\"https:\\\/\\\/www.teatrulreginamaria.ro\\\/hu\\\/cine-i-nascut-in-1-aprilie\\\/#mainImage\"},\"datePublished\":\"2019-04-04T12:20:27+03:00\",\"dateModified\":\"2019-04-04T12:20:27+03:00\"},{\"@type\":\"WebSite\",\"@id\":\"https:\\\/\\\/www.teatrulreginamaria.ro\\\/hu\\\/#website\",\"url\":\"https:\\\/\\\/www.teatrulreginamaria.ro\\\/hu\\\/\",\"name\":\"Teatrul Regina Maria Oradea\",\"alternateName\":\"TRM Oradea\",\"description\":\"Trupa Iosif Vulcan \\u0219i Trupa Arcadia\",\"inLanguage\":\"hu-HU\",\"publisher\":{\"@id\":\"https:\\\/\\\/www.teatrulreginamaria.ro\\\/hu\\\/#organization\"}}]}\n\t\t<\/script>\n\t\t<!-- All in One SEO Pro -->\r\n\t\t<title>Cine-i n\u0103scut \u00een (1) aprilie\u2026 - Teatrul Regina Maria Oradea<\/title>\n\n","aioseo_head_json":{"title":"Ki sz\u00fcletett \u00e1prilis 1-j\u00e9n\u2026 - Regina Maria Sz\u00ednh\u00e1z Nagyv\u00e1radon","description":"A &quot;Regina Maria&quot; Sz\u00ednh\u00e1z - &quot;Iosif Vulcan&quot; T\u00e1rsulat k\u00e9t sz\u00edn\u00e9sze \u00e1prilis 1-j\u00e9n sz\u00fcletett. Humoros \u00e9s energikus szem\u00e9lyis\u00e9gek, mindketten nyitottak, kommunikat\u00edvak \u00e9s energikusak, ami az al\u00e1bbi interj\u00fakban is l\u00e1that\u00f3. Mindkett\u0151j\u00fcket l\u00e1thatj\u00e1tok az &quot;...Escu&quot; c\u00edm\u0171 darabban, a nagyv\u00e1radi sz\u00ednh\u00e1z leg\u00fajabb el\u0151ad\u00e1s\u00e1ban. Boldog sz\u00fclet\u00e9snapot,","canonical_url":"https:\/\/www.teatrulreginamaria.ro\/hu\/cine-i-nascut-in-1-aprilie\/","robots":"max-image-preview:large","keywords":"","webmasterTools":{"miscellaneous":""},"schema":{"@context":"https:\/\/schema.org","@graph":[{"@type":"BlogPosting","@id":"https:\/\/www.teatrulreginamaria.ro\/hu\/cine-i-nascut-in-1-aprilie\/#blogposting","name":"Cine-i n\u0103scut \u00een (1) aprilie\u2026 - Teatrul Regina Maria Oradea","headline":"Cine-i n\u0103scut \u00een (1) aprilie&#8230;","author":{"@id":"https:\/\/www.teatrulreginamaria.ro\/hu\/author\/w3bmaster\/#author"},"publisher":{"@id":"https:\/\/www.teatrulreginamaria.ro\/hu\/#organization"},"image":{"@type":"ImageObject","url":"https:\/\/www.teatrulreginamaria.ro\/wp-content\/uploads\/2019\/04\/gjfds.jpg","width":960,"height":540},"datePublished":"2019-04-04T12:20:27+03:00","dateModified":"2019-04-04T12:20:27+03:00","inLanguage":"hu-HU","mainEntityOfPage":{"@id":"https:\/\/www.teatrulreginamaria.ro\/hu\/cine-i-nascut-in-1-aprilie\/#webpage"},"isPartOf":{"@id":"https:\/\/www.teatrulreginamaria.ro\/hu\/cine-i-nascut-in-1-aprilie\/#webpage"},"articleSection":"Nout\u0103\u021bi - Trupa Iosif Vulcan, Adela Laz\u0103r, Petre Ghimb\u0103\u0219an"},{"@type":"BreadcrumbList","@id":"https:\/\/www.teatrulreginamaria.ro\/hu\/cine-i-nascut-in-1-aprilie\/#breadcrumblist","itemListElement":[{"@type":"ListItem","@id":"https:\/\/www.teatrulreginamaria.ro\/hu#listItem","position":1,"name":"Home","item":"https:\/\/www.teatrulreginamaria.ro\/hu","nextItem":{"@type":"ListItem","@id":"https:\/\/www.teatrulreginamaria.ro\/hu\/categorie\/noutati\/#listItem","name":"Nout\u0103\u021bi"}},{"@type":"ListItem","@id":"https:\/\/www.teatrulreginamaria.ro\/hu\/categorie\/noutati\/#listItem","position":2,"name":"Nout\u0103\u021bi","item":"https:\/\/www.teatrulreginamaria.ro\/hu\/categorie\/noutati\/","nextItem":{"@type":"ListItem","@id":"https:\/\/www.teatrulreginamaria.ro\/hu\/categorie\/noutati\/noutati-trupa-iosif-vulcan\/#listItem","name":"Nout\u0103\u021bi - Trupa Iosif Vulcan"},"previousItem":{"@type":"ListItem","@id":"https:\/\/www.teatrulreginamaria.ro\/hu#listItem","name":"Home"}},{"@type":"ListItem","@id":"https:\/\/www.teatrulreginamaria.ro\/hu\/categorie\/noutati\/noutati-trupa-iosif-vulcan\/#listItem","position":3,"name":"Nout\u0103\u021bi - Trupa Iosif Vulcan","item":"https:\/\/www.teatrulreginamaria.ro\/hu\/categorie\/noutati\/noutati-trupa-iosif-vulcan\/","nextItem":{"@type":"ListItem","@id":"https:\/\/www.teatrulreginamaria.ro\/hu\/cine-i-nascut-in-1-aprilie\/#listItem","name":"Cine-i n\u0103scut \u00een (1) aprilie&#8230;"},"previousItem":{"@type":"ListItem","@id":"https:\/\/www.teatrulreginamaria.ro\/hu\/categorie\/noutati\/#listItem","name":"Nout\u0103\u021bi"}},{"@type":"ListItem","@id":"https:\/\/www.teatrulreginamaria.ro\/hu\/cine-i-nascut-in-1-aprilie\/#listItem","position":4,"name":"Cine-i n\u0103scut \u00een (1) aprilie&#8230;","previousItem":{"@type":"ListItem","@id":"https:\/\/www.teatrulreginamaria.ro\/hu\/categorie\/noutati\/noutati-trupa-iosif-vulcan\/#listItem","name":"Nout\u0103\u021bi - Trupa Iosif Vulcan"}}]},{"@type":"Organization","@id":"https:\/\/www.teatrulreginamaria.ro\/hu\/#organization","name":"Teatrul Regina Maria Oradea","description":"Trupa Iosif Vulcan \u0219i Trupa Arcadia","url":"https:\/\/www.teatrulreginamaria.ro\/hu\/","email":"marketing@teatrulreginamaria.ro","telephone":"+40359411534","numberOfEmployees":{"@type":"QuantitativeValue","minValue":0,"maxValue":150},"logo":{"@type":"ImageObject","url":"https:\/\/www.teatrulreginamaria.ro\/wp-content\/uploads\/2025\/06\/logo-trm-01-dark.png","@id":"https:\/\/www.teatrulreginamaria.ro\/hu\/cine-i-nascut-in-1-aprilie\/#organizationLogo","width":300,"height":148},"image":{"@id":"https:\/\/www.teatrulreginamaria.ro\/hu\/cine-i-nascut-in-1-aprilie\/#organizationLogo"},"sameAs":["https:\/\/www.facebook.com\/TRMTrupaIosifVulcan\/","https:\/\/x.com\/TRMOradea","https:\/\/www.instagram.com\/teatrul_regina_maria\/","https:\/\/www.youtube.com\/c\/TeatrulReginaMariaOradea","https:\/\/www.linkedin.com\/company\/teatrul-regina-maria"]},{"@type":"Person","@id":"https:\/\/www.teatrulreginamaria.ro\/hu\/author\/w3bmaster\/#author","url":"https:\/\/www.teatrulreginamaria.ro\/hu\/author\/w3bmaster\/","name":"Teatrul Regina Maria","image":{"@type":"ImageObject","@id":"https:\/\/www.teatrulreginamaria.ro\/hu\/cine-i-nascut-in-1-aprilie\/#authorImage","url":"https:\/\/secure.gravatar.com\/avatar\/5884139d508ae3f0bafe45e60563b48a9640146d3b08ccc6278c305ff9329305?s=96&d=mm&r=g","width":96,"height":96,"caption":"Teatrul Regina Maria"}},{"@type":"WebPage","@id":"https:\/\/www.teatrulreginamaria.ro\/hu\/cine-i-nascut-in-1-aprilie\/#webpage","url":"https:\/\/www.teatrulreginamaria.ro\/hu\/cine-i-nascut-in-1-aprilie\/","name":"Cine-i n\u0103scut \u00een (1) aprilie\u2026 - Teatrul Regina Maria Oradea","description":"Doi actori ai Teatrului \u201eRegina Maria\u201d \u2013 Trupa \u201eIosif Vulcan\u201d s-au n\u0103scut \u00een 1 aprilie. Personalit\u0103\u021bi pline de umor \u0219i vitalitate, ambii au firi deschise, comunicative \u0219i tonice, ceea ce se vede \u0219i \u00een interviurile de mai jos. Pe am\u00e2ndoi pute\u021bi s\u0103-i vede\u021bi \u00een \u201e\u2026Escu\u201d, cea mai recent\u0103 produc\u021bie a teatrului or\u0103dean. La mul\u021bi ani,","inLanguage":"hu-HU","isPartOf":{"@id":"https:\/\/www.teatrulreginamaria.ro\/hu\/#website"},"breadcrumb":{"@id":"https:\/\/www.teatrulreginamaria.ro\/hu\/cine-i-nascut-in-1-aprilie\/#breadcrumblist"},"author":{"@id":"https:\/\/www.teatrulreginamaria.ro\/hu\/author\/w3bmaster\/#author"},"creator":{"@id":"https:\/\/www.teatrulreginamaria.ro\/hu\/author\/w3bmaster\/#author"},"image":{"@type":"ImageObject","url":"https:\/\/www.teatrulreginamaria.ro\/wp-content\/uploads\/2019\/04\/gjfds.jpg","@id":"https:\/\/www.teatrulreginamaria.ro\/hu\/cine-i-nascut-in-1-aprilie\/#mainImage","width":960,"height":540},"primaryImageOfPage":{"@id":"https:\/\/www.teatrulreginamaria.ro\/hu\/cine-i-nascut-in-1-aprilie\/#mainImage"},"datePublished":"2019-04-04T12:20:27+03:00","dateModified":"2019-04-04T12:20:27+03:00"},{"@type":"WebSite","@id":"https:\/\/www.teatrulreginamaria.ro\/hu\/#website","url":"https:\/\/www.teatrulreginamaria.ro\/hu\/","name":"Teatrul Regina Maria Oradea","alternateName":"TRM Oradea","description":"Trupa Iosif Vulcan \u0219i Trupa Arcadia","inLanguage":"hu-HU","publisher":{"@id":"https:\/\/www.teatrulreginamaria.ro\/hu\/#organization"}}]},"og:locale":"hu_HU","og:site_name":"Teatrul Regina Maria Oradea - Trupa Iosif Vulcan \u0219i Trupa Arcadia","og:type":"article","og:title":"Cine-i n\u0103scut \u00een (1) aprilie\u2026 - Teatrul Regina Maria Oradea","og:description":"Doi actori ai Teatrului \u201eRegina Maria\u201d \u2013 Trupa \u201eIosif Vulcan\u201d s-au n\u0103scut \u00een 1 aprilie. Personalit\u0103\u021bi pline de umor \u0219i vitalitate, ambii au firi deschise, comunicative \u0219i tonice, ceea ce se vede \u0219i \u00een interviurile de mai jos. Pe am\u00e2ndoi pute\u021bi s\u0103-i vede\u021bi \u00een \u201e\u2026Escu\u201d, cea mai recent\u0103 produc\u021bie a teatrului or\u0103dean. La mul\u021bi ani,","og:url":"https:\/\/www.teatrulreginamaria.ro\/hu\/cine-i-nascut-in-1-aprilie\/","og:image":"https:\/\/www.teatrulreginamaria.ro\/wp-content\/uploads\/2025\/03\/trm-istoric-01.jpg","og:image:secure_url":"https:\/\/www.teatrulreginamaria.ro\/wp-content\/uploads\/2025\/03\/trm-istoric-01.jpg","og:image:width":1200,"og:image:height":800,"article:published_time":"2019-04-04T12:20:27+00:00","article:modified_time":"2019-04-04T12:20:27+00:00","article:publisher":"https:\/\/www.facebook.com\/TRMTrupaIosifVulcan\/","twitter:card":"summary_large_image","twitter:site":"@TRMOradea","twitter:title":"Cine-i n\u0103scut \u00een (1) aprilie\u2026 - Teatrul Regina Maria Oradea","twitter:description":"Doi actori ai Teatrului \u201eRegina Maria\u201d \u2013 Trupa \u201eIosif Vulcan\u201d s-au n\u0103scut \u00een 1 aprilie. Personalit\u0103\u021bi pline de umor \u0219i vitalitate, ambii au firi deschise, comunicative \u0219i tonice, ceea ce se vede \u0219i \u00een interviurile de mai jos. Pe am\u00e2ndoi pute\u021bi s\u0103-i vede\u021bi \u00een \u201e\u2026Escu\u201d, cea mai recent\u0103 produc\u021bie a teatrului or\u0103dean. La mul\u021bi ani,","twitter:creator":"@TRMOradea","twitter:image":"https:\/\/www.teatrulreginamaria.ro\/wp-content\/uploads\/2025\/03\/trm-istoric-01.jpg"},"aioseo_meta_data":{"post_id":"2049","title":null,"description":null,"keywords":null,"keyphrases":null,"primary_term":null,"canonical_url":null,"og_title":null,"og_description":null,"og_object_type":"default","og_image_type":"default","og_image_url":null,"og_image_width":null,"og_image_height":null,"og_image_custom_url":null,"og_image_custom_fields":null,"og_video":null,"og_custom_url":null,"og_article_section":null,"og_article_tags":null,"twitter_use_og":false,"twitter_card":"default","twitter_image_type":"default","twitter_image_url":null,"twitter_image_custom_url":null,"twitter_image_custom_fields":null,"twitter_title":null,"twitter_description":null,"schema":{"blockGraphs":[],"customGraphs":[],"default":{"data":{"Article":[],"Course":[],"Dataset":[],"FAQPage":[],"Movie":[],"Person":[],"Product":[],"ProductReview":[],"Car":[],"Recipe":[],"Service":[],"SoftwareApplication":[],"WebPage":[]},"graphName":"","isEnabled":true},"graphs":[]},"schema_type":"default","schema_type_options":null,"pillar_content":false,"robots_default":true,"robots_noindex":false,"robots_noarchive":false,"robots_nosnippet":false,"robots_nofollow":false,"robots_noimageindex":false,"robots_noodp":false,"robots_notranslate":false,"robots_max_snippet":null,"robots_max_videopreview":null,"robots_max_imagepreview":"large","priority":null,"frequency":null,"local_seo":null,"seo_analyzer_scan_date":"2026-05-13 02:18:07","breadcrumb_settings":null,"limit_modified_date":false,"reviewed_by":null,"open_ai":null,"ai":null,"created":"2025-04-09 17:42:41","updated":"2026-05-13 02:18:07","focus_keyword":null,"additional_keywords":null,"truseo_locale":null},"aioseo_breadcrumb":"<div class=\"aioseo-breadcrumbs\"><span class=\"aioseo-breadcrumb\">\n\t<a href=\"https:\/\/www.teatrulreginamaria.ro\/hu\" title=\"Home\">Home<\/a>\n<\/span><span class=\"aioseo-breadcrumb-separator\">&raquo;<\/span><span class=\"aioseo-breadcrumb\">\n\t<a href=\"https:\/\/www.teatrulreginamaria.ro\/hu\/categorie\/noutati\/\" title=\"Nout\u0103\u021bi\">Nout\u0103\u021bi<\/a>\n<\/span><span class=\"aioseo-breadcrumb-separator\">&raquo;<\/span><span class=\"aioseo-breadcrumb\">\n\t<a href=\"https:\/\/www.teatrulreginamaria.ro\/hu\/categorie\/noutati\/noutati-trupa-iosif-vulcan\/\" title=\"Nout\u0103\u021bi - Trupa Iosif Vulcan\">Nout\u0103\u021bi - Trupa Iosif Vulcan<\/a>\n<\/span><span class=\"aioseo-breadcrumb-separator\">&raquo;<\/span><span class=\"aioseo-breadcrumb\">\n\tCine-i n\u0103scut \u00een (1) aprilie\u2026\n<\/span><\/div>","aioseo_breadcrumb_json":[{"label":"Home","link":"https:\/\/www.teatrulreginamaria.ro\/hu"},{"label":"Nout\u0103\u021bi","link":"https:\/\/www.teatrulreginamaria.ro\/hu\/categorie\/noutati\/"},{"label":"Nout\u0103\u021bi - Trupa Iosif Vulcan","link":"https:\/\/www.teatrulreginamaria.ro\/hu\/categorie\/noutati\/noutati-trupa-iosif-vulcan\/"},{"label":"Cine-i n\u0103scut \u00een (1) aprilie&#8230;","link":"https:\/\/www.teatrulreginamaria.ro\/hu\/cine-i-nascut-in-1-aprilie\/"}],"acf":[],"_links":{"self":[{"href":"https:\/\/www.teatrulreginamaria.ro\/hu\/wp-json\/wp\/v2\/posts\/2049","targetHints":{"allow":["GET"]}}],"collection":[{"href":"https:\/\/www.teatrulreginamaria.ro\/hu\/wp-json\/wp\/v2\/posts"}],"about":[{"href":"https:\/\/www.teatrulreginamaria.ro\/hu\/wp-json\/wp\/v2\/types\/post"}],"author":[{"embeddable":true,"href":"https:\/\/www.teatrulreginamaria.ro\/hu\/wp-json\/wp\/v2\/users\/6"}],"replies":[{"embeddable":true,"href":"https:\/\/www.teatrulreginamaria.ro\/hu\/wp-json\/wp\/v2\/comments?post=2049"}],"version-history":[{"count":0,"href":"https:\/\/www.teatrulreginamaria.ro\/hu\/wp-json\/wp\/v2\/posts\/2049\/revisions"}],"wp:featuredmedia":[{"embeddable":true,"href":"https:\/\/www.teatrulreginamaria.ro\/hu\/wp-json\/wp\/v2\/media\/2043"}],"wp:attachment":[{"href":"https:\/\/www.teatrulreginamaria.ro\/hu\/wp-json\/wp\/v2\/media?parent=2049"}],"wp:term":[{"taxonomy":"category","embeddable":true,"href":"https:\/\/www.teatrulreginamaria.ro\/hu\/wp-json\/wp\/v2\/categories?post=2049"},{"taxonomy":"post_tag","embeddable":true,"href":"https:\/\/www.teatrulreginamaria.ro\/hu\/wp-json\/wp\/v2\/tags?post=2049"}],"curies":[{"name":"munkaf\u00fczet","href":"https:\/\/api.w.org\/{rel}","templated":true}]}}