{"id":25,"date":"2012-02-28T09:47:28","date_gmt":"2012-02-28T09:47:28","guid":{"rendered":"https:\/\/teatrulreginamaria.ro\/2012\/02\/28\/2-nominalizari-uniter\/"},"modified":"2012-02-28T09:47:28","modified_gmt":"2012-02-28T09:47:28","slug":"2-kozos-jeloles","status":"publish","type":"post","link":"https:\/\/www.teatrulreginamaria.ro\/hu\/2-nominalizari-uniter\/","title":{"rendered":"K\u00c9T JEL\u00d6L\u00c9S AZ UNITER-D\u00cdJAKRA"},"content":{"rendered":"<p style=\"text-align: justify;\">Hat \u00e9vvel az Uniter G\u00e1la D\u00edj\u00e1ra beadott els\u0151 jel\u00f6l\u00e9sek ut\u00e1n (2006-ban, a &quot;Legjobb f\u00e9rfi mell\u00e9kszerepl\u0151&quot; kateg\u00f3ri\u00e1ban: Richard Balint - &quot;Legjobb rendez\u00e9s&quot; d\u00edja: Victor Ioan Frunz\u0103, A WINDSOR V\u00cdG FELES\u00c9GE c\u00edm\u0171 el\u0151ad\u00e1ssal), a Regina Maria Sz\u00ednh\u00e1z ism\u00e9t a szakmai kritikusok figyelm\u00e9nek k\u00f6z\u00e9ppontj\u00e1ba ker\u00fclt, \u00e9s nagy \u00f6r\u00f6mmel jelenti be a 2012-es Uniter G\u00e1la D\u00edj\u00e1ra be\u00e9rkezett k\u00e9t jel\u00f6l\u00e9st.<\/p>\n<p style=\"text-align: justify;\">\u00cdgy Vioara Bara d\u00edszlettervez\u0151 \u00e9s Ioana Drago\u015f-Gajdo sz\u00edn\u00e9szn\u0151 is jel\u00f6l\u00e9st kapott: el\u0151bbi a TET\u0150\u00d6KL\u00d6Z\u00c9S: Heged\u0171s c\u00edm\u0171 darab legjobb d\u00edszlettervez\u00e9s\u00e9\u00e9rt, Ioana pedig a legjobb mell\u00e9kszerep\u00e9rt, Golde szerep\u00e9\u00e9rt a Regina Maria Sz\u00ednh\u00e1z ugyanebben a mega-siker\u0171 el\u0151ad\u00e1s\u00e1ban.<\/p>\n<p><!--more--><\/p>\n<p style=\"text-align: justify;\">Ioana Drago\u015f Gajdo sz\u00edn\u00e9szn\u0151 a 2003-as jel\u00f6l\u00e9se ut\u00e1n m\u00e1sodszor kapta meg Bernarda Alba szerep\u00e9t Federico Garcia Lorca \u201eAlge, Bernarda h\u00e1z\u00e1nak remixe\u201d c\u00edm\u0171 darabj\u00e1ban, Radu Afrim m\u0171v\u00e9szeti vezet\u00e9s\u00e9vel, a sepsiszentgy\u00f6rgyi \u201cAndrei Mure\u015fanu\u201d Sz\u00ednh\u00e1zban. Vioara Bara d\u00edszlettervez\u0151 sz\u00e1m\u00e1ra viszont ez az els\u0151 ilyen jelleg\u0171 jel\u00f6l\u00e9s.<\/p>\n<p style=\"text-align: justify;\">A 2011 szeptemberi premierje \u00f3ta a TET\u0150RE \u00d6K\u00d6L\u00d6Z\u0150 Heged\u0171s musical (Korcsmaros Gy\u00f6rgy m\u0171v\u00e9szeti vezet\u00e9s\u00e9vel) hatalmas sikert aratott mind a nagyv\u00e1radi sz\u00ednpadon, mind a v\u00e1roson k\u00edv\u00fcl (eml\u00e9kezz\u00fcnk vissza a tavaly novemberi bukaresti \u201cAz \u00e9let sz\u00e9p\u201d Nemzetk\u00f6zi Zenei El\u0151ad\u00f3m\u0171v\u00e9szeti Fesztiv\u00e1lon val\u00f3 r\u00e9szv\u00e9tel\u00e9re). Nagyv\u00e1radon csak z\u00e1rt terem el\u0151tt mutatt\u00e1k be, ami hat el\u0151ad\u00e1son kereszt\u00fcl volt sikeres.<\/p>","protected":false},"excerpt":{"rendered":"<p>La \u015fase ani de la primele nominaliz\u0103ri pentru Premiile Galei Uniter (\u00een 2006, la categoriile \u201eCel mai bun actor \u00een rol secundar\u201d: Richard Balint \u2013 \u201ePremiul pentru cea mai bun\u0103 regie\u201d: Victor Ioan Frunz\u0103, cu spectacolul NEVESTELE VESELE DIN WINDSOR), Teatrul Regina Maria are revine \u00een aten\u0163ia criticii de specialitate, av\u00e2nd deosebita pl\u0103cere de a [&hellip;]<\/p>\n","protected":false},"author":1,"featured_media":0,"comment_status":"open","ping_status":"open","sticky":false,"template":"","format":"standard","meta":{"_acf_changed":false,"footnotes":""},"categories":[22],"tags":[],"class_list":["post-25","post","type-post","status-publish","format-standard","hentry","category-noutati-trupa-iosif-vulcan"],"aioseo_notices":[],"aioseo_head":"\n\t\t<!-- All in One SEO Pro 5.0.1.1 - aioseo.com -->\n\t<meta name=\"description\" content=\"La \u015fase ani de la primele nominaliz\u0103ri pentru Premiile Galei Uniter (\u00een 2006, la categoriile \u201eCel mai bun actor \u00een rol secundar\u201d: Richard Balint \u2013 \u201ePremiul pentru cea mai bun\u0103 regie\u201d: Victor Ioan Frunz\u0103, cu spectacolul NEVESTELE VESELE DIN WINDSOR), Teatrul Regina Maria are revine \u00een aten\u0163ia criticii de specialitate, av\u00e2nd deosebita pl\u0103cere de a\" \/>\n\t<meta name=\"robots\" content=\"max-image-preview:large\" \/>\n\t<meta name=\"author\" content=\"Teatrul Regina Maria\"\/>\n\t<link rel=\"canonical\" href=\"https:\/\/www.teatrulreginamaria.ro\/hu\/2-nominalizari-uniter\/\" \/>\n\t<meta name=\"generator\" content=\"All in One SEO Pro (AIOSEO) 5.0.1.1\" \/>\n\t\t<meta property=\"og:locale\" content=\"hu_HU\" \/>\n\t\t<meta property=\"og:site_name\" content=\"Teatrul Regina Maria Oradea - Trupa Iosif Vulcan \u0219i Trupa Arcadia\" \/>\n\t\t<meta property=\"og:type\" content=\"article\" \/>\n\t\t<meta property=\"og:title\" content=\"DOU\u0102 NOMINALIZ\u0102RI LA PREMIILE UNITER - Teatrul Regina Maria Oradea\" \/>\n\t\t<meta property=\"og:description\" content=\"La \u015fase ani de la primele nominaliz\u0103ri pentru Premiile Galei Uniter (\u00een 2006, la categoriile \u201eCel mai bun actor \u00een rol secundar\u201d: Richard Balint \u2013 \u201ePremiul pentru cea mai bun\u0103 regie\u201d: Victor Ioan Frunz\u0103, cu spectacolul NEVESTELE VESELE DIN WINDSOR), Teatrul Regina Maria are revine \u00een aten\u0163ia criticii de specialitate, av\u00e2nd deosebita pl\u0103cere de a\" \/>\n\t\t<meta property=\"og:url\" content=\"https:\/\/www.teatrulreginamaria.ro\/hu\/2-nominalizari-uniter\/\" \/>\n\t\t<meta property=\"og:image\" content=\"https:\/\/www.teatrulreginamaria.ro\/wp-content\/uploads\/2025\/03\/trm-istoric-01.jpg\" \/>\n\t\t<meta property=\"og:image:secure_url\" content=\"https:\/\/www.teatrulreginamaria.ro\/wp-content\/uploads\/2025\/03\/trm-istoric-01.jpg\" \/>\n\t\t<meta property=\"og:image:width\" content=\"1200\" \/>\n\t\t<meta property=\"og:image:height\" content=\"800\" \/>\n\t\t<meta property=\"article:published_time\" content=\"2012-02-28T09:47:28+00:00\" \/>\n\t\t<meta property=\"article:modified_time\" content=\"2012-02-28T09:47:28+00:00\" \/>\n\t\t<meta property=\"article:publisher\" content=\"https:\/\/www.facebook.com\/TRMTrupaIosifVulcan\/\" \/>\n\t\t<meta name=\"twitter:card\" content=\"summary_large_image\" \/>\n\t\t<meta name=\"twitter:site\" content=\"@TRMOradea\" \/>\n\t\t<meta name=\"twitter:title\" content=\"DOU\u0102 NOMINALIZ\u0102RI LA PREMIILE UNITER - Teatrul Regina Maria Oradea\" \/>\n\t\t<meta name=\"twitter:description\" content=\"La \u015fase ani de la primele nominaliz\u0103ri pentru Premiile Galei Uniter (\u00een 2006, la categoriile \u201eCel mai bun actor \u00een rol secundar\u201d: Richard Balint \u2013 \u201ePremiul pentru cea mai bun\u0103 regie\u201d: Victor Ioan Frunz\u0103, cu spectacolul NEVESTELE VESELE DIN WINDSOR), Teatrul Regina Maria are revine \u00een aten\u0163ia criticii de specialitate, av\u00e2nd deosebita pl\u0103cere de a\" \/>\n\t\t<meta name=\"twitter:creator\" content=\"@TRMOradea\" \/>\n\t\t<meta name=\"twitter:image\" content=\"https:\/\/www.teatrulreginamaria.ro\/wp-content\/uploads\/2025\/03\/trm-istoric-01.jpg\" \/>\n\t\t<script type=\"application\/ld+json\" class=\"aioseo-schema\">\n\t\t\t{\"@context\":\"https:\\\/\\\/schema.org\",\"@graph\":[{\"@type\":\"BlogPosting\",\"@id\":\"https:\\\/\\\/www.teatrulreginamaria.ro\\\/hu\\\/2-nominalizari-uniter\\\/#blogposting\",\"name\":\"DOU\\u0102 NOMINALIZ\\u0102RI LA PREMIILE UNITER - Teatrul Regina Maria Oradea\",\"headline\":\"DOU\\u0102 NOMINALIZ\\u0102RI LA PREMIILE UNITER\",\"author\":{\"@id\":\"https:\\\/\\\/www.teatrulreginamaria.ro\\\/hu\\\/author\\\/iulianm\\\/#author\"},\"publisher\":{\"@id\":\"https:\\\/\\\/www.teatrulreginamaria.ro\\\/hu\\\/#organization\"},\"image\":{\"@type\":\"ImageObject\",\"url\":\"https:\\\/\\\/www.teatrulreginamaria.ro\\\/wp-content\\\/uploads\\\/2025\\\/06\\\/logo-trm-01-dark.png\",\"@id\":\"https:\\\/\\\/www.teatrulreginamaria.ro\\\/hu\\\/#articleImage\",\"width\":300,\"height\":148},\"datePublished\":\"2012-02-28T09:47:28+02:00\",\"dateModified\":\"2012-02-28T09:47:28+02:00\",\"inLanguage\":\"hu-HU\",\"mainEntityOfPage\":{\"@id\":\"https:\\\/\\\/www.teatrulreginamaria.ro\\\/hu\\\/2-nominalizari-uniter\\\/#webpage\"},\"isPartOf\":{\"@id\":\"https:\\\/\\\/www.teatrulreginamaria.ro\\\/hu\\\/2-nominalizari-uniter\\\/#webpage\"},\"articleSection\":\"Nout\\u0103\\u021bi - Trupa Iosif Vulcan\"},{\"@type\":\"BreadcrumbList\",\"@id\":\"https:\\\/\\\/www.teatrulreginamaria.ro\\\/hu\\\/2-nominalizari-uniter\\\/#breadcrumblist\",\"itemListElement\":[{\"@type\":\"ListItem\",\"@id\":\"https:\\\/\\\/www.teatrulreginamaria.ro\\\/hu#listItem\",\"position\":1,\"name\":\"Home\",\"item\":\"https:\\\/\\\/www.teatrulreginamaria.ro\\\/hu\",\"nextItem\":{\"@type\":\"ListItem\",\"@id\":\"https:\\\/\\\/www.teatrulreginamaria.ro\\\/hu\\\/categorie\\\/noutati\\\/#listItem\",\"name\":\"Nout\\u0103\\u021bi\"}},{\"@type\":\"ListItem\",\"@id\":\"https:\\\/\\\/www.teatrulreginamaria.ro\\\/hu\\\/categorie\\\/noutati\\\/#listItem\",\"position\":2,\"name\":\"Nout\\u0103\\u021bi\",\"item\":\"https:\\\/\\\/www.teatrulreginamaria.ro\\\/hu\\\/categorie\\\/noutati\\\/\",\"nextItem\":{\"@type\":\"ListItem\",\"@id\":\"https:\\\/\\\/www.teatrulreginamaria.ro\\\/hu\\\/categorie\\\/noutati\\\/noutati-trupa-iosif-vulcan\\\/#listItem\",\"name\":\"Nout\\u0103\\u021bi - Trupa Iosif Vulcan\"},\"previousItem\":{\"@type\":\"ListItem\",\"@id\":\"https:\\\/\\\/www.teatrulreginamaria.ro\\\/hu#listItem\",\"name\":\"Home\"}},{\"@type\":\"ListItem\",\"@id\":\"https:\\\/\\\/www.teatrulreginamaria.ro\\\/hu\\\/categorie\\\/noutati\\\/noutati-trupa-iosif-vulcan\\\/#listItem\",\"position\":3,\"name\":\"Nout\\u0103\\u021bi - Trupa Iosif Vulcan\",\"item\":\"https:\\\/\\\/www.teatrulreginamaria.ro\\\/hu\\\/categorie\\\/noutati\\\/noutati-trupa-iosif-vulcan\\\/\",\"nextItem\":{\"@type\":\"ListItem\",\"@id\":\"https:\\\/\\\/www.teatrulreginamaria.ro\\\/hu\\\/2-nominalizari-uniter\\\/#listItem\",\"name\":\"DOU\\u0102 NOMINALIZ\\u0102RI LA PREMIILE UNITER\"},\"previousItem\":{\"@type\":\"ListItem\",\"@id\":\"https:\\\/\\\/www.teatrulreginamaria.ro\\\/hu\\\/categorie\\\/noutati\\\/#listItem\",\"name\":\"Nout\\u0103\\u021bi\"}},{\"@type\":\"ListItem\",\"@id\":\"https:\\\/\\\/www.teatrulreginamaria.ro\\\/hu\\\/2-nominalizari-uniter\\\/#listItem\",\"position\":4,\"name\":\"DOU\\u0102 NOMINALIZ\\u0102RI LA PREMIILE UNITER\",\"previousItem\":{\"@type\":\"ListItem\",\"@id\":\"https:\\\/\\\/www.teatrulreginamaria.ro\\\/hu\\\/categorie\\\/noutati\\\/noutati-trupa-iosif-vulcan\\\/#listItem\",\"name\":\"Nout\\u0103\\u021bi - Trupa Iosif Vulcan\"}}]},{\"@type\":\"Organization\",\"@id\":\"https:\\\/\\\/www.teatrulreginamaria.ro\\\/hu\\\/#organization\",\"name\":\"Teatrul Regina Maria Oradea\",\"description\":\"Trupa Iosif Vulcan \\u0219i Trupa Arcadia\",\"url\":\"https:\\\/\\\/www.teatrulreginamaria.ro\\\/hu\\\/\",\"email\":\"marketing@teatrulreginamaria.ro\",\"telephone\":\"+40359411534\",\"numberOfEmployees\":{\"@type\":\"QuantitativeValue\",\"minValue\":0,\"maxValue\":150},\"logo\":{\"@type\":\"ImageObject\",\"url\":\"https:\\\/\\\/www.teatrulreginamaria.ro\\\/wp-content\\\/uploads\\\/2025\\\/06\\\/logo-trm-01-dark.png\",\"@id\":\"https:\\\/\\\/www.teatrulreginamaria.ro\\\/hu\\\/2-nominalizari-uniter\\\/#organizationLogo\",\"width\":300,\"height\":148},\"image\":{\"@id\":\"https:\\\/\\\/www.teatrulreginamaria.ro\\\/hu\\\/2-nominalizari-uniter\\\/#organizationLogo\"},\"sameAs\":[\"https:\\\/\\\/www.facebook.com\\\/TRMTrupaIosifVulcan\\\/\",\"https:\\\/\\\/x.com\\\/TRMOradea\",\"https:\\\/\\\/www.instagram.com\\\/teatrul_regina_maria\\\/\",\"https:\\\/\\\/www.youtube.com\\\/c\\\/TeatrulReginaMariaOradea\",\"https:\\\/\\\/www.linkedin.com\\\/company\\\/teatrul-regina-maria\"]},{\"@type\":\"Person\",\"@id\":\"https:\\\/\\\/www.teatrulreginamaria.ro\\\/hu\\\/author\\\/iulianm\\\/#author\",\"url\":\"https:\\\/\\\/www.teatrulreginamaria.ro\\\/hu\\\/author\\\/iulianm\\\/\",\"name\":\"Teatrul Regina Maria\",\"image\":{\"@type\":\"ImageObject\",\"@id\":\"https:\\\/\\\/www.teatrulreginamaria.ro\\\/hu\\\/2-nominalizari-uniter\\\/#authorImage\",\"url\":\"https:\\\/\\\/secure.gravatar.com\\\/avatar\\\/49af75bc1b3eb710073d2f37927ea27e6c274a29562ef49edfc6bcf11b9e941d?s=96&d=mm&r=g\",\"width\":96,\"height\":96,\"caption\":\"Teatrul Regina Maria\"}},{\"@type\":\"WebPage\",\"@id\":\"https:\\\/\\\/www.teatrulreginamaria.ro\\\/hu\\\/2-nominalizari-uniter\\\/#webpage\",\"url\":\"https:\\\/\\\/www.teatrulreginamaria.ro\\\/hu\\\/2-nominalizari-uniter\\\/\",\"name\":\"DOU\\u0102 NOMINALIZ\\u0102RI LA PREMIILE UNITER - Teatrul Regina Maria Oradea\",\"description\":\"La \\u015fase ani de la primele nominaliz\\u0103ri pentru Premiile Galei Uniter (\\u00een 2006, la categoriile \\u201eCel mai bun actor \\u00een rol secundar\\u201d: Richard Balint \\u2013 \\u201ePremiul pentru cea mai bun\\u0103 regie\\u201d: Victor Ioan Frunz\\u0103, cu spectacolul NEVESTELE VESELE DIN WINDSOR), Teatrul Regina Maria are revine \\u00een aten\\u0163ia criticii de specialitate, av\\u00e2nd deosebita pl\\u0103cere de a\",\"inLanguage\":\"hu-HU\",\"isPartOf\":{\"@id\":\"https:\\\/\\\/www.teatrulreginamaria.ro\\\/hu\\\/#website\"},\"breadcrumb\":{\"@id\":\"https:\\\/\\\/www.teatrulreginamaria.ro\\\/hu\\\/2-nominalizari-uniter\\\/#breadcrumblist\"},\"author\":{\"@id\":\"https:\\\/\\\/www.teatrulreginamaria.ro\\\/hu\\\/author\\\/iulianm\\\/#author\"},\"creator\":{\"@id\":\"https:\\\/\\\/www.teatrulreginamaria.ro\\\/hu\\\/author\\\/iulianm\\\/#author\"},\"datePublished\":\"2012-02-28T09:47:28+02:00\",\"dateModified\":\"2012-02-28T09:47:28+02:00\"},{\"@type\":\"WebSite\",\"@id\":\"https:\\\/\\\/www.teatrulreginamaria.ro\\\/hu\\\/#website\",\"url\":\"https:\\\/\\\/www.teatrulreginamaria.ro\\\/hu\\\/\",\"name\":\"Teatrul Regina Maria Oradea\",\"alternateName\":\"TRM Oradea\",\"description\":\"Trupa Iosif Vulcan \\u0219i Trupa Arcadia\",\"inLanguage\":\"hu-HU\",\"publisher\":{\"@id\":\"https:\\\/\\\/www.teatrulreginamaria.ro\\\/hu\\\/#organization\"}}]}\n\t\t<\/script>\n\t\t<!-- All in One SEO Pro -->\r\n\t\t<title>DOU\u0102 NOMINALIZ\u0102RI LA PREMIILE UNITER - Teatrul Regina Maria Oradea<\/title>\n\n","aioseo_head_json":{"title":"K\u00c9T JEL\u00d6L\u00c9S AZ UNITER-D\u00cdJAKON - Regina Maria Sz\u00ednh\u00e1z, Nagyv\u00e1radi","description":"Hat \u00e9vvel az Uniter G\u00e1la-d\u00edjra val\u00f3 els\u0151 jel\u00f6l\u00e9sek ut\u00e1n (2006-ban, a &quot;Legjobb f\u00e9rfi mell\u00e9kszerepl\u0151&quot; kateg\u00f3ri\u00e1ban: Richard Balint - &quot;Legjobb rendez\u00e9s&quot; d\u00edja: Victor Ioan Frunz\u0103, A WINDSOR VID\u00c1M FELES\u00c9GEI c\u00edm\u0171 el\u0151ad\u00e1ssal), a Regina Maria Sz\u00ednh\u00e1z ism\u00e9t a szakkritikusok figyelm\u00e9nek k\u00f6z\u00e9ppontj\u00e1ba ker\u00fclt, nagy \u00f6r\u00f6mmel","canonical_url":"https:\/\/www.teatrulreginamaria.ro\/hu\/2-nominalizari-uniter\/","robots":"max-image-preview:large","keywords":"","webmasterTools":{"miscellaneous":""},"schema":{"@context":"https:\/\/schema.org","@graph":[{"@type":"BlogPosting","@id":"https:\/\/www.teatrulreginamaria.ro\/hu\/2-nominalizari-uniter\/#blogposting","name":"DOU\u0102 NOMINALIZ\u0102RI LA PREMIILE UNITER - Teatrul Regina Maria Oradea","headline":"DOU\u0102 NOMINALIZ\u0102RI LA PREMIILE UNITER","author":{"@id":"https:\/\/www.teatrulreginamaria.ro\/hu\/author\/iulianm\/#author"},"publisher":{"@id":"https:\/\/www.teatrulreginamaria.ro\/hu\/#organization"},"image":{"@type":"ImageObject","url":"https:\/\/www.teatrulreginamaria.ro\/wp-content\/uploads\/2025\/06\/logo-trm-01-dark.png","@id":"https:\/\/www.teatrulreginamaria.ro\/hu\/#articleImage","width":300,"height":148},"datePublished":"2012-02-28T09:47:28+02:00","dateModified":"2012-02-28T09:47:28+02:00","inLanguage":"hu-HU","mainEntityOfPage":{"@id":"https:\/\/www.teatrulreginamaria.ro\/hu\/2-nominalizari-uniter\/#webpage"},"isPartOf":{"@id":"https:\/\/www.teatrulreginamaria.ro\/hu\/2-nominalizari-uniter\/#webpage"},"articleSection":"Nout\u0103\u021bi - Trupa Iosif Vulcan"},{"@type":"BreadcrumbList","@id":"https:\/\/www.teatrulreginamaria.ro\/hu\/2-nominalizari-uniter\/#breadcrumblist","itemListElement":[{"@type":"ListItem","@id":"https:\/\/www.teatrulreginamaria.ro\/hu#listItem","position":1,"name":"Home","item":"https:\/\/www.teatrulreginamaria.ro\/hu","nextItem":{"@type":"ListItem","@id":"https:\/\/www.teatrulreginamaria.ro\/hu\/categorie\/noutati\/#listItem","name":"Nout\u0103\u021bi"}},{"@type":"ListItem","@id":"https:\/\/www.teatrulreginamaria.ro\/hu\/categorie\/noutati\/#listItem","position":2,"name":"Nout\u0103\u021bi","item":"https:\/\/www.teatrulreginamaria.ro\/hu\/categorie\/noutati\/","nextItem":{"@type":"ListItem","@id":"https:\/\/www.teatrulreginamaria.ro\/hu\/categorie\/noutati\/noutati-trupa-iosif-vulcan\/#listItem","name":"Nout\u0103\u021bi - Trupa Iosif Vulcan"},"previousItem":{"@type":"ListItem","@id":"https:\/\/www.teatrulreginamaria.ro\/hu#listItem","name":"Home"}},{"@type":"ListItem","@id":"https:\/\/www.teatrulreginamaria.ro\/hu\/categorie\/noutati\/noutati-trupa-iosif-vulcan\/#listItem","position":3,"name":"Nout\u0103\u021bi - Trupa Iosif Vulcan","item":"https:\/\/www.teatrulreginamaria.ro\/hu\/categorie\/noutati\/noutati-trupa-iosif-vulcan\/","nextItem":{"@type":"ListItem","@id":"https:\/\/www.teatrulreginamaria.ro\/hu\/2-nominalizari-uniter\/#listItem","name":"DOU\u0102 NOMINALIZ\u0102RI LA PREMIILE UNITER"},"previousItem":{"@type":"ListItem","@id":"https:\/\/www.teatrulreginamaria.ro\/hu\/categorie\/noutati\/#listItem","name":"Nout\u0103\u021bi"}},{"@type":"ListItem","@id":"https:\/\/www.teatrulreginamaria.ro\/hu\/2-nominalizari-uniter\/#listItem","position":4,"name":"DOU\u0102 NOMINALIZ\u0102RI LA PREMIILE UNITER","previousItem":{"@type":"ListItem","@id":"https:\/\/www.teatrulreginamaria.ro\/hu\/categorie\/noutati\/noutati-trupa-iosif-vulcan\/#listItem","name":"Nout\u0103\u021bi - Trupa Iosif Vulcan"}}]},{"@type":"Organization","@id":"https:\/\/www.teatrulreginamaria.ro\/hu\/#organization","name":"Teatrul Regina Maria Oradea","description":"Trupa Iosif Vulcan \u0219i Trupa Arcadia","url":"https:\/\/www.teatrulreginamaria.ro\/hu\/","email":"marketing@teatrulreginamaria.ro","telephone":"+40359411534","numberOfEmployees":{"@type":"QuantitativeValue","minValue":0,"maxValue":150},"logo":{"@type":"ImageObject","url":"https:\/\/www.teatrulreginamaria.ro\/wp-content\/uploads\/2025\/06\/logo-trm-01-dark.png","@id":"https:\/\/www.teatrulreginamaria.ro\/hu\/2-nominalizari-uniter\/#organizationLogo","width":300,"height":148},"image":{"@id":"https:\/\/www.teatrulreginamaria.ro\/hu\/2-nominalizari-uniter\/#organizationLogo"},"sameAs":["https:\/\/www.facebook.com\/TRMTrupaIosifVulcan\/","https:\/\/x.com\/TRMOradea","https:\/\/www.instagram.com\/teatrul_regina_maria\/","https:\/\/www.youtube.com\/c\/TeatrulReginaMariaOradea","https:\/\/www.linkedin.com\/company\/teatrul-regina-maria"]},{"@type":"Person","@id":"https:\/\/www.teatrulreginamaria.ro\/hu\/author\/iulianm\/#author","url":"https:\/\/www.teatrulreginamaria.ro\/hu\/author\/iulianm\/","name":"Teatrul Regina Maria","image":{"@type":"ImageObject","@id":"https:\/\/www.teatrulreginamaria.ro\/hu\/2-nominalizari-uniter\/#authorImage","url":"https:\/\/secure.gravatar.com\/avatar\/49af75bc1b3eb710073d2f37927ea27e6c274a29562ef49edfc6bcf11b9e941d?s=96&d=mm&r=g","width":96,"height":96,"caption":"Teatrul Regina Maria"}},{"@type":"WebPage","@id":"https:\/\/www.teatrulreginamaria.ro\/hu\/2-nominalizari-uniter\/#webpage","url":"https:\/\/www.teatrulreginamaria.ro\/hu\/2-nominalizari-uniter\/","name":"DOU\u0102 NOMINALIZ\u0102RI LA PREMIILE UNITER - Teatrul Regina Maria Oradea","description":"La \u015fase ani de la primele nominaliz\u0103ri pentru Premiile Galei Uniter (\u00een 2006, la categoriile \u201eCel mai bun actor \u00een rol secundar\u201d: Richard Balint \u2013 \u201ePremiul pentru cea mai bun\u0103 regie\u201d: Victor Ioan Frunz\u0103, cu spectacolul NEVESTELE VESELE DIN WINDSOR), Teatrul Regina Maria are revine \u00een aten\u0163ia criticii de specialitate, av\u00e2nd deosebita pl\u0103cere de a","inLanguage":"hu-HU","isPartOf":{"@id":"https:\/\/www.teatrulreginamaria.ro\/hu\/#website"},"breadcrumb":{"@id":"https:\/\/www.teatrulreginamaria.ro\/hu\/2-nominalizari-uniter\/#breadcrumblist"},"author":{"@id":"https:\/\/www.teatrulreginamaria.ro\/hu\/author\/iulianm\/#author"},"creator":{"@id":"https:\/\/www.teatrulreginamaria.ro\/hu\/author\/iulianm\/#author"},"datePublished":"2012-02-28T09:47:28+02:00","dateModified":"2012-02-28T09:47:28+02:00"},{"@type":"WebSite","@id":"https:\/\/www.teatrulreginamaria.ro\/hu\/#website","url":"https:\/\/www.teatrulreginamaria.ro\/hu\/","name":"Teatrul Regina Maria Oradea","alternateName":"TRM Oradea","description":"Trupa Iosif Vulcan \u0219i Trupa Arcadia","inLanguage":"hu-HU","publisher":{"@id":"https:\/\/www.teatrulreginamaria.ro\/hu\/#organization"}}]},"og:locale":"hu_HU","og:site_name":"Teatrul Regina Maria Oradea - Trupa Iosif Vulcan \u0219i Trupa Arcadia","og:type":"article","og:title":"DOU\u0102 NOMINALIZ\u0102RI LA PREMIILE UNITER - Teatrul Regina Maria Oradea","og:description":"La \u015fase ani de la primele nominaliz\u0103ri pentru Premiile Galei Uniter (\u00een 2006, la categoriile \u201eCel mai bun actor \u00een rol secundar\u201d: Richard Balint \u2013 \u201ePremiul pentru cea mai bun\u0103 regie\u201d: Victor Ioan Frunz\u0103, cu spectacolul NEVESTELE VESELE DIN WINDSOR), Teatrul Regina Maria are revine \u00een aten\u0163ia criticii de specialitate, av\u00e2nd deosebita pl\u0103cere de a","og:url":"https:\/\/www.teatrulreginamaria.ro\/hu\/2-nominalizari-uniter\/","og:image":"https:\/\/www.teatrulreginamaria.ro\/wp-content\/uploads\/2025\/03\/trm-istoric-01.jpg","og:image:secure_url":"https:\/\/www.teatrulreginamaria.ro\/wp-content\/uploads\/2025\/03\/trm-istoric-01.jpg","og:image:width":1200,"og:image:height":800,"article:published_time":"2012-02-28T09:47:28+00:00","article:modified_time":"2012-02-28T09:47:28+00:00","article:publisher":"https:\/\/www.facebook.com\/TRMTrupaIosifVulcan\/","twitter:card":"summary_large_image","twitter:site":"@TRMOradea","twitter:title":"DOU\u0102 NOMINALIZ\u0102RI LA PREMIILE UNITER - Teatrul Regina Maria Oradea","twitter:description":"La \u015fase ani de la primele nominaliz\u0103ri pentru Premiile Galei Uniter (\u00een 2006, la categoriile \u201eCel mai bun actor \u00een rol secundar\u201d: Richard Balint \u2013 \u201ePremiul pentru cea mai bun\u0103 regie\u201d: Victor Ioan Frunz\u0103, cu spectacolul NEVESTELE VESELE DIN WINDSOR), Teatrul Regina Maria are revine \u00een aten\u0163ia criticii de specialitate, av\u00e2nd deosebita pl\u0103cere de a","twitter:creator":"@TRMOradea","twitter:image":"https:\/\/www.teatrulreginamaria.ro\/wp-content\/uploads\/2025\/03\/trm-istoric-01.jpg"},"aioseo_meta_data":{"post_id":"25","title":null,"description":null,"keywords":null,"keyphrases":null,"primary_term":null,"canonical_url":null,"og_title":null,"og_description":null,"og_object_type":"default","og_image_type":"default","og_image_url":null,"og_image_width":null,"og_image_height":null,"og_image_custom_url":null,"og_image_custom_fields":null,"og_video":null,"og_custom_url":null,"og_article_section":null,"og_article_tags":null,"twitter_use_og":false,"twitter_card":"default","twitter_image_type":"default","twitter_image_url":null,"twitter_image_custom_url":null,"twitter_image_custom_fields":null,"twitter_title":null,"twitter_description":null,"schema":{"blockGraphs":[],"customGraphs":[],"default":{"data":{"Article":[],"Course":[],"Dataset":[],"FAQPage":[],"Movie":[],"Person":[],"Product":[],"ProductReview":[],"Car":[],"Recipe":[],"Service":[],"SoftwareApplication":[],"WebPage":[]},"graphName":"","isEnabled":true},"graphs":[]},"schema_type":"default","schema_type_options":null,"pillar_content":false,"robots_default":true,"robots_noindex":false,"robots_noarchive":false,"robots_nosnippet":false,"robots_nofollow":false,"robots_noimageindex":false,"robots_noodp":false,"robots_notranslate":false,"robots_max_snippet":null,"robots_max_videopreview":null,"robots_max_imagepreview":"large","priority":null,"frequency":null,"local_seo":null,"seo_analyzer_scan_date":"2026-05-12 23:22:19","breadcrumb_settings":null,"limit_modified_date":false,"reviewed_by":null,"open_ai":null,"ai":null,"created":"2025-04-09 17:40:53","updated":"2026-05-12 23:22:19","focus_keyword":null,"additional_keywords":null,"truseo_locale":null},"aioseo_breadcrumb":"<div class=\"aioseo-breadcrumbs\"><span class=\"aioseo-breadcrumb\">\n\t<a href=\"https:\/\/www.teatrulreginamaria.ro\/hu\" title=\"Home\">Home<\/a>\n<\/span><span class=\"aioseo-breadcrumb-separator\">&raquo;<\/span><span class=\"aioseo-breadcrumb\">\n\t<a href=\"https:\/\/www.teatrulreginamaria.ro\/hu\/categorie\/noutati\/\" title=\"Nout\u0103\u021bi\">Nout\u0103\u021bi<\/a>\n<\/span><span class=\"aioseo-breadcrumb-separator\">&raquo;<\/span><span class=\"aioseo-breadcrumb\">\n\t<a href=\"https:\/\/www.teatrulreginamaria.ro\/hu\/categorie\/noutati\/noutati-trupa-iosif-vulcan\/\" title=\"Nout\u0103\u021bi - Trupa Iosif Vulcan\">Nout\u0103\u021bi - Trupa Iosif Vulcan<\/a>\n<\/span><span class=\"aioseo-breadcrumb-separator\">&raquo;<\/span><span class=\"aioseo-breadcrumb\">\n\tDOU\u0102 NOMINALIZ\u0102RI LA PREMIILE UNITER\n<\/span><\/div>","aioseo_breadcrumb_json":[{"label":"Home","link":"https:\/\/www.teatrulreginamaria.ro\/hu"},{"label":"Nout\u0103\u021bi","link":"https:\/\/www.teatrulreginamaria.ro\/hu\/categorie\/noutati\/"},{"label":"Nout\u0103\u021bi - Trupa Iosif Vulcan","link":"https:\/\/www.teatrulreginamaria.ro\/hu\/categorie\/noutati\/noutati-trupa-iosif-vulcan\/"},{"label":"DOU\u0102 NOMINALIZ\u0102RI LA PREMIILE UNITER","link":"https:\/\/www.teatrulreginamaria.ro\/hu\/2-nominalizari-uniter\/"}],"acf":[],"_links":{"self":[{"href":"https:\/\/www.teatrulreginamaria.ro\/hu\/wp-json\/wp\/v2\/posts\/25","targetHints":{"allow":["GET"]}}],"collection":[{"href":"https:\/\/www.teatrulreginamaria.ro\/hu\/wp-json\/wp\/v2\/posts"}],"about":[{"href":"https:\/\/www.teatrulreginamaria.ro\/hu\/wp-json\/wp\/v2\/types\/post"}],"author":[{"embeddable":true,"href":"https:\/\/www.teatrulreginamaria.ro\/hu\/wp-json\/wp\/v2\/users\/1"}],"replies":[{"embeddable":true,"href":"https:\/\/www.teatrulreginamaria.ro\/hu\/wp-json\/wp\/v2\/comments?post=25"}],"version-history":[{"count":0,"href":"https:\/\/www.teatrulreginamaria.ro\/hu\/wp-json\/wp\/v2\/posts\/25\/revisions"}],"wp:attachment":[{"href":"https:\/\/www.teatrulreginamaria.ro\/hu\/wp-json\/wp\/v2\/media?parent=25"}],"wp:term":[{"taxonomy":"category","embeddable":true,"href":"https:\/\/www.teatrulreginamaria.ro\/hu\/wp-json\/wp\/v2\/categories?post=25"},{"taxonomy":"post_tag","embeddable":true,"href":"https:\/\/www.teatrulreginamaria.ro\/hu\/wp-json\/wp\/v2\/tags?post=25"}],"curies":[{"name":"munkaf\u00fczet","href":"https:\/\/api.w.org\/{rel}","templated":true}]}}