{"id":4047,"date":"2017-06-03T21:00:00","date_gmt":"2017-06-03T21:00:00","guid":{"rendered":"https:\/\/teatrulreginamaria.ro\/2017\/06\/03\/festivalul-de-teatru-pentru-copii-arcadia-editia-a-iv-a-2018\/"},"modified":"2017-06-03T21:00:00","modified_gmt":"2017-06-03T21:00:00","slug":"arcadia-gyermekszinhazi-fesztival-4-kiadas-2018","status":"publish","type":"post","link":"https:\/\/www.teatrulreginamaria.ro\/hu\/festivalul-de-teatru-pentru-copii-arcadia-editia-a-iv-a-2018\/","title":{"rendered":"ARCADIA GYERMEKSZ\u00cdNH\u00c1ZI FESZTIV\u00c1L, 4. KIAD\u00c1S, 2017"},"content":{"rendered":"<p style=\"background: white; margin: 0in 0in 8.05pt; text-align: justify;\"><span style=\"font-size: 10pt; font-family: Arial, sans-serif; color: #505050;\">A Regina Maria Sz\u00ednh\u00e1z Arcadia t\u00e1rsulata szeretettel v\u00e1rja \u00d6nt\u00a0<strong><span style=\"font-family: 'Arial','sans-serif';\">2017. j\u00fanius 4. \u2013 j\u00falius 2.<\/span><\/strong>\u00a0az Arcadia Gyermeksz\u00ednh\u00e1zi Fesztiv\u00e1l \u00faj kiad\u00e1s\u00e1n. A nagyszab\u00e1s\u00fa rendezv\u00e9nyt a \u201eNemzetk\u00f6zi Sz\u00ednh\u00e1zi Fesztiv\u00e1l\u201d Kultur\u00e1lis Alap\u00edtv\u00e1nnyal \u00e9s a Regina Maria Sz\u00ednh\u00e1zzal k\u00f6z\u00f6sen, a Nagyv\u00e1radi V\u00e1rosh\u00e1z\u00e1val, a Rom\u00e1niai Cserk\u00e9szek Orsz\u00e1gos Szervezet\u00e9nek Nagyv\u00e1radi Helyi K\u00f6zpontj\u00e1val \u00e9s a Nagyv\u00e1radi \u00e9s R\u00e9gi\u00f3 Turisztikai El\u0151mozd\u00edt\u00e1s\u00e1\u00e9rt Egyes\u00fclettel egy\u00fcttm\u0171k\u00f6dve szervezik, \u00e9s amely minden gyermek arc\u00e1ra mosolyt csal, legyen sz\u00f3 kicsikr\u0151l vagy ak\u00e1r j\u00e1t\u00e9kos kedv\u0171ekr\u0151l.<\/span><\/p>\n<p style=\"background: white; margin: 0in 0in 8.05pt; text-align: justify;\"><span style=\"font-size: 10pt; font-family: Arial, sans-serif; color: #505050;\">Kir\u00e1lyfiak, hercegn\u0151k, s\u00e1rk\u00e1nyok, ogr\u00e9k, t\u00fcnd\u00e9rek, huncut macsk\u00e1k, a legszebb gyermekmes\u00e9k \u00f6sszes kedvenc szerepl\u0151je tal\u00e1lkozik Nagyv\u00e1radon, hogy tal\u00e1lkozzanak a k\u00edv\u00e1ncsi n\u00e9z\u0151kkel, \u00e9s bevezess\u00e9k \u0151ket a mes\u00e9k gy\u00f6ny\u00f6r\u0171 vil\u00e1g\u00e1ba. Csod\u00e1latos el\u0151ad\u00e1sok, melyeket Kolozsv\u00e1r, Nagyv\u00e1rad, Temesv\u00e1r, Bukarest, Arad \u00e9s Ploie\u0219ti sz\u00ednh\u00e1zai mutatnak be, egy h\u00f3napon \u00e1t \u00f6rvendeztetik meg a nagyv\u00e1radi k\u00f6z\u00f6ns\u00e9get, az eg\u00e9sz v\u00e1rost a mesemond\u00e1s ter\u00e9v\u00e9 var\u00e1zsolva.<\/span><\/p>\n<p style=\"background: white; margin: 0in 0in 8.05pt; text-align: justify;\"><span style=\"font-size: 10pt; font-family: Arial, sans-serif; color: #505050;\">A fesztiv\u00e1l egyik meglepet\u00e9se, amelyet az Arcadia T\u00e1rsulat nagy szeretettel k\u00e9sz\u00edtett el\u0151, Igor Lungu &quot;Magyar n\u00e9pmes\u00e9k&quot; c\u00edm\u0171 el\u0151ad\u00e1s\u00e1nak premierje. &quot;A ny\u00fal \u00e9s a s\u00fcn&quot;, &quot;A nagy gonosz farkas&quot;, &quot;A szeg\u00e9ny ember \u00e9s a becsapott r\u00f3ka&quot; \u00e9s &quot;A medve \u00e9s a macska&quot; \u2013 n\u00e9gy t\u00f6rt\u00e9net magyar\u00e1zattal \u2013 j\u00fanius 18-\u00e1n, vas\u00e1rnap 11 \u00f3rakor kel \u00e9letre a sz\u00ednh\u00e1z sz\u00ednpad\u00e1n az Arcadia Teremben.<\/span><\/p>\n<p><!--more--><\/p>\n<p style=\"background: white; margin: 0in 0in 8.05pt; text-align: justify;\"><span style=\"font-size: 10pt; font-family: Arial, sans-serif; color: #505050;\">A legb\u00e1trabb \u00e9s legkreat\u00edvabb gyerekeket is megh\u00edvjuk a r\u00e9szv\u00e9telre.\u00a0<strong><span style=\"font-family: 'Arial','sans-serif';\">KREAT\u00cdV M\u0170HELYEK \u00c9S SZABADT\u00c9RI TEV\u00c9KENYS\u00c9GEK\u00a0<\/span><\/strong>az ONCR t\u00e1mogat\u00e1s\u00e1val, a nagyv\u00e1radi Citadell\u00e1ban, amelyre ...-ban ker\u00fcl sor.\u00a0<strong><span style=\"font-family: 'Arial','sans-serif';\">j\u00fanius 26. \u2013 30. k\u00f6z\u00f6tti id\u0151szak<\/span><\/strong>, 16:00 \u00e9s 18:00 \u00f3ra k\u00f6z\u00f6tt. Kincseket kereshetnek, megtanulhatj\u00e1k a legbonyolultabb csom\u00f3k megk\u00f6t\u00e9s\u00e9t, fest\u00e9st, kark\u00f6t\u0151ket \u00e9s kisebb m\u0171alkot\u00e1sokat k\u00e9sz\u00edthetnek origami \u00e9s quilling seg\u00edts\u00e9g\u00e9vel.<\/span><\/p>\n<p style=\"background: white; margin: 0in 0in 8.05pt; text-align: justify;\"><span style=\"font-size: 10pt; font-family: Arial, sans-serif; color: #505050;\">Dr. BUBBLE \u00e9s MILKSHAKE visszat\u00e9rnek a nagyv\u00e1radi Citadell\u00e1ba, ahol egy kis var\u00e1zslatot mutatnak be, \u00e9s &quot;\u00f3ri\u00e1si szappanbubor\u00e9kokkal fog esni az es\u0151&quot;.<\/span><\/p>\n<p style=\"background: white; margin: 0in 0in 8.05pt; text-align: justify;\"><span style=\"font-size: 10pt; font-family: Arial, sans-serif; color: #505050;\">Ugyanakkor, mint minden \u00e9vben, id\u00e9n is szeretettel v\u00e1runk minden sz\u00ednh\u00e1zkedvel\u0151t, fiatalt \u00e9s id\u0151st, a \u201eMesefigur\u00e1k \u00e9s B\u00e1bok Felvonul\u00e1s\u00e1ra\u201d, amely j\u00fanius 4-\u00e9n, vas\u00e1rnap 17:00 \u00f3rakor nyitja meg a fesztiv\u00e1lt. \u00c9s mivel tudjuk, hogy ti, gyerekek adj\u00e1tok \u00e9letet a legcsod\u00e1latosabb karaktereknek, egy \u00fajabb meglepet\u00e9ssel k\u00e9sz\u00fclt\u00fcnk nektek: egy \u00fajabb felvonul\u00e1ssal, amelyre kedvenc szerepl\u0151itekbe \u00f6lt\u00f6zve gyertek.<\/span><\/p>\n<p style=\"background: white; margin: 0in 0in 8.05pt; text-align: justify;\"><span style=\"font-size: 10pt; font-family: Arial, sans-serif; color: #505050;\">Meg kell osztanom veletek egy titkot: minden el\u0151ad\u00e1s ut\u00e1n egy k\u00fcl\u00f6nleges tombol\u00e1t tartunk, amelyben nyerem\u00e9nyeket sorsolunk ki a gyerekek sz\u00e1m\u00e1ra.<\/span><\/p>\n<p style=\"background: white; margin: 0in 0in 8.05pt; text-align: justify;\"><span style=\"font-size: 10pt; font-family: Arial, sans-serif; color: #505050;\">V\u00e1runk benneteket a fesztiv\u00e1lon!<strong><span style=\"font-family: 'Arial','sans-serif';\">\u00a0<\/span><\/strong><\/span><\/p>\n<p style=\"background: white; margin: 0in 0in 8.05pt; text-align: center;\" align=\"center\"><span style=\"font-size: 10pt;\"><strong><span style=\"font-family: Arial, sans-serif; color: red;\">ARCADIA GYERMEKSZ\u00cdNH\u00c1ZI FESZTIV\u00c1L PROGRAMJA 2017. J\u00daNIUS 4. \u2013 J\u00daLIUS 2.<\/span><\/strong><\/span><\/p>\n<p style=\"background: white; font-variant-ligatures: normal; font-variant-caps: normal; orphans: 2; widows: 2; -webkit-text-stroke-width: 0px; text-decoration-style: initial; text-decoration-color: initial; word-spacing: 0px; margin: 0in 0in 8.05pt; text-align: justify;\"><span style=\"font-size: 10pt;\"><strong><span style=\"font-family: Arial, sans-serif; color: #505050;\">VAS\u00c1RNAP<\/span><\/strong><span style=\"font-family: Arial, sans-serif; color: #505050;\">,\u00a0<strong><span style=\"font-family: 'Arial','sans-serif';\">J\u00fanius 4. 17:00<\/span><\/strong>\u00a0<strong><span style=\"font-family: 'Arial','sans-serif';\">\/ Union Square, Corso, Nagyv\u00e1radi Citadella\u00a0<\/span><\/strong>\u2013 MES\u00c9S SZEM\u00c9LYEK \u00c9S BAB\u00c1K FELvonul\u00e1sa\u00a0<strong><span style=\"font-family: 'Arial','sans-serif';\">18:00<\/span><\/strong>\u00a0<strong><span style=\"font-family: 'Arial','sans-serif';\">\/ Nagyv\u00e1radi er\u0151d\u00a0<\/span><\/strong>\u2013\u00a0<strong><span style=\"font-family: 'Arial','sans-serif';\">L\u00c9GG\u00d6MBES\u0150<\/span><\/strong>\u00a0\u2013 Dr. BUBBLE \u00e9s MILKSHAKE<\/span><\/span><\/p>\n<p style=\"background: white; font-variant-ligatures: normal; font-variant-caps: normal; orphans: 2; widows: 2; -webkit-text-stroke-width: 0px; text-decoration-style: initial; text-decoration-color: initial; word-spacing: 0px; margin: 0in 0in 8.05pt; text-align: justify;\"><span style=\"font-size: 10pt;\"><strong><span style=\"font-family: Arial, sans-serif; color: #505050;\">CS\u00dcT\u00d6RT\u00d6K, j\u00fanius 8. 11:00 \/<\/span><\/strong><span style=\"font-family: Arial, sans-serif; color: #505050;\">\u00a0<strong><span style=\"font-family: 'Arial','sans-serif';\">A L\u00c9LEK T\u00dcKR\u00d6Z\u00c9SE AZ IRODALOMBAN \u2013 K\u00f6z\u00e9piskol\u00e1k K\u00f6z\u00f6tti Sz\u00ednh\u00e1zi Fesztiv\u00e1l<\/span><\/strong><\/span><\/span><\/p>\n<p style=\"background: white; font-variant-ligatures: normal; font-variant-caps: normal; orphans: 2; widows: 2; -webkit-text-stroke-width: 0px; text-decoration-style: initial; text-decoration-color: initial; word-spacing: 0px; margin: 0in 0in 8.05pt; text-align: justify;\"><span style=\"font-size: 10pt;\"><strong><span style=\"font-family: Arial, sans-serif; color: #505050;\">SZOMBAT<\/span><\/strong><span style=\"font-family: Arial, sans-serif; color: #505050;\">,\u00a0<strong><span style=\"font-family: 'Arial','sans-serif';\">J\u00fanius 10. 11:00 \/ Arcadia Hall\u00a0<\/span><\/strong>\u2013\u00a0<strong><span style=\"font-family: 'Arial','sans-serif';\">DANILA PREPELEAC<\/span><\/strong>, &quot;Puck&quot; B\u00e1bsz\u00ednh\u00e1z Kolozsv\u00e1r (+4 \u00e9ves kor)<\/span><\/span><\/p>\n<p style=\"background: white; font-variant-ligatures: normal; font-variant-caps: normal; orphans: 2; widows: 2; -webkit-text-stroke-width: 0px; text-decoration-style: initial; text-decoration-color: initial; word-spacing: 0px; margin: 0in 0in 8.05pt; text-align: justify;\"><span style=\"font-size: 10pt;\"><strong><span style=\"font-family: Arial, sans-serif; color: #505050;\">VAS\u00c1RNAP, j\u00fanius 11. 11:00 \/ St\u00fadi\u00f3 Arcadia terem<\/span><\/strong><span style=\"font-family: Arial, sans-serif; color: #505050;\">\u00a0\u2013<strong><span style=\"font-family: 'Arial','sans-serif';\">KISEMBER,<\/span><\/strong>\u00a0&quot;Regina Maria&quot; Sz\u00ednh\u00e1z, Arcadia T\u00e1rsulat (2-4 \u00e9ves korig)\u00a0<strong><span style=\"font-family: 'Arial','sans-serif';\">18:00 \/<\/span><\/strong>\u00a0<strong><span style=\"font-family: 'Arial','sans-serif';\">Arcadia Hall<\/span><\/strong>\u00a0\u2013\u00a0<strong><span style=\"font-family: 'Arial','sans-serif';\">1880 \u2013 2020: \u00d3da az id\u0151h\u00f6z (nonverb\u00e1lis el\u0151ad\u00e1s),\u00a0<\/span><\/strong>&quot;Szigligeti&quot; Sz\u00ednh\u00e1z Szinh\u00e1z Nagyv\u00e1rad, Lilliput T\u00e1rsulat (+16 \u00e9ves korig)<\/span><\/span><\/p>\n<p style=\"background: white; font-variant-ligatures: normal; font-variant-caps: normal; orphans: 2; widows: 2; -webkit-text-stroke-width: 0px; text-decoration-style: initial; text-decoration-color: initial; word-spacing: 0px; margin: 0in 0in 8.05pt; text-align: justify;\"><span style=\"font-size: 10pt;\"><strong><span style=\"font-family: Arial, sans-serif; color: #505050;\">P\u00c9NTEK, J\u00fanius 16. 17:00 \/ Arcadia Hall \u2013 A SZERELEM MINT A SAJT<\/span><\/strong><span style=\"font-family: Arial, sans-serif; color: #505050;\">, FloraJun Zenekar \u2013 Nagyv\u00e1radi Gyermek- \u00e9s Di\u00e1kpalota<\/span><\/span><\/p>\n<p style=\"background: white; font-variant-ligatures: normal; font-variant-caps: normal; orphans: 2; widows: 2; -webkit-text-stroke-width: 0px; text-decoration-style: initial; text-decoration-color: initial; word-spacing: 0px; margin: 0in 0in 8.05pt; text-align: justify;\"><span style=\"font-size: 10pt;\"><strong><span style=\"font-family: Arial, sans-serif; color: #505050;\">SZOMBAT<\/span><\/strong><span style=\"font-family: Arial, sans-serif; color: #505050;\">,\u00a0<strong><span style=\"font-family: 'Arial','sans-serif';\">J\u00fanius 17. 11:00<\/span><\/strong>\u00a0<strong><span style=\"font-family: 'Arial','sans-serif';\">\/ Arcadia Hall<\/span><\/strong>\u00a0\u2013 M<strong><span style=\"font-family: 'Arial','sans-serif';\">A CSIZM\u00c1S NATO,<\/span><\/strong>\u00a0Temesv\u00e1ri &quot;Merlin&quot; Sz\u00ednh\u00e1z (+3 \u00e9ves kor)\u00a0<strong><span style=\"font-family: 'Arial','sans-serif';\">18:00 \/ Arcadia Csarnok<\/span><\/strong>\u00a0\u2013\u00a0<strong><span style=\"font-family: 'Arial','sans-serif';\">Szentiv\u00e1n\u00e9ji \u00e1lom,\u00a0<\/span><\/strong>&quot;\u021a\u0103nd\u0103ric\u0103&quot; Anim\u00e1ci\u00f3s Sz\u00ednh\u00e1z, Bukarest (16 \u00e9ves kort\u00f3l)<\/span><\/span><\/p>\n<p style=\"background: white; font-variant-ligatures: normal; font-variant-caps: normal; orphans: 2; widows: 2; -webkit-text-stroke-width: 0px; text-decoration-style: initial; text-decoration-color: initial; word-spacing: 0px; margin: 0in 0in 8.05pt; text-align: justify;\"><span style=\"font-size: 10pt;\"><strong><span style=\"font-family: Arial, sans-serif; color: #505050;\">VAS\u00c1RNAP<\/span><\/strong><span style=\"font-family: Arial, sans-serif; color: #505050;\">,\u00a0<strong><span style=\"font-family: 'Arial','sans-serif';\">J\u00fanius 18. 11:00<\/span><\/strong>\u00a0<strong><span style=\"font-family: 'Arial','sans-serif';\">\/ Arcadia Hall<\/span><\/strong>\u00a0\u2013\u00a0<strong><span style=\"font-family: 'Arial','sans-serif';\">MAGYAR N\u00c9PMES\u00c9K,\u00a0<\/span><\/strong>\u201eRegina Maria\u201d Sz\u00ednh\u00e1z, Arcadia T\u00e1rsulat \u2013\u00a0<strong><span style=\"font-family: 'Arial','sans-serif';\">PREMIER 17:00<\/span><\/strong>\u00a0\u2013\u00a0<strong><span style=\"font-family: 'Arial','sans-serif';\">GYERMEK KARNEV\u00c1L \u2013 KARAKTERFELvonul\u00e1s 18:00 \/ Nagyv\u00e1radi Citadella<\/span><\/strong>\u00a0\u2013\u00a0<strong><span style=\"font-family: 'Arial','sans-serif';\">L\u00c9GG\u00d6MB\u00d6KKEL ESIK,\u00a0\u00a0<\/span><\/strong>Dr. Bubor\u00e9k \u00e9s Milkshake<\/span><\/span><\/p>\n<p style=\"background: white; font-variant-ligatures: normal; font-variant-caps: normal; orphans: 2; widows: 2; -webkit-text-stroke-width: 0px; text-decoration-style: initial; text-decoration-color: initial; word-spacing: 0px; margin: 0in 0in 8.05pt; text-align: justify;\"><span style=\"font-size: 10pt;\"><strong><span style=\"font-family: Arial, sans-serif; color: #505050;\">SZOMBAT<\/span><\/strong><span style=\"font-family: Arial, sans-serif; color: #505050;\">,\u00a0<strong><span style=\"font-family: 'Arial','sans-serif';\">J\u00fanius 24. 11:00<\/span><\/strong>\u00a0<strong><span style=\"font-family: 'Arial','sans-serif';\">\/ Arcadia Hall<\/span><\/strong>\u00a0\u2013\u00a0<strong><span style=\"font-family: 'Arial','sans-serif';\">A DISZN\u00d3 T\u00d6RT\u00c9NETE,\u00a0<\/span><\/strong>\u00a0&quot;Ioan Slavici&quot; Klasszikus Sz\u00ednh\u00e1z, Arad, Marionett t\u00e1rsulat (+4 \u00e9ves kor)<\/span><\/span><\/p>\n<p style=\"background: white; font-variant-ligatures: normal; font-variant-caps: normal; orphans: 2; widows: 2; -webkit-text-stroke-width: 0px; text-decoration-style: initial; text-decoration-color: initial; word-spacing: 0px; margin: 0in 0in 8.05pt; text-align: justify;\"><span style=\"font-size: 10pt;\"><strong><span style=\"font-family: Arial, sans-serif; color: #505050;\">VAS\u00c1RNAP<\/span><\/strong><span style=\"font-family: Arial, sans-serif; color: #505050;\">,\u00a0<strong><span style=\"font-family: 'Arial','sans-serif';\">J\u00fanius 25. 11:00<\/span><\/strong>\u00a0<strong><span style=\"font-family: 'Arial','sans-serif';\">\/ Arcadia Hall<\/span><\/strong>\u00a0\u2013\u00a0<strong><span style=\"font-family: 'Arial','sans-serif';\">A L\u00c1NY ARCA \u00c9S A T\u00c9LAPULA ARCA,<\/span><\/strong>\u00a0&quot;Ciufulici&quot; Ploie\u0219ti Gyermeksz\u00ednh\u00e1z (+5 \u00e9ves kor)<\/span><\/span><\/p>\n<p style=\"background: white; font-variant-ligatures: normal; font-variant-caps: normal; orphans: 2; widows: 2; -webkit-text-stroke-width: 0px; text-decoration-style: initial; text-decoration-color: initial; word-spacing: 0px; margin: 0in 0in 8.05pt; text-align: justify;\"><span style=\"font-size: 10pt;\"><strong><span style=\"font-family: Arial, sans-serif; color: #505050;\">SZOMBAT<\/span><\/strong><span style=\"font-family: Arial, sans-serif; color: #505050;\">,\u00a0<strong><span style=\"font-family: 'Arial','sans-serif';\">J\u00falius 1.\u00a0\u00a0<\/span><\/strong><\/span><\/span><span style=\"font-size: 10pt;\"><strong><span style=\"font-family: Arial, sans-serif; color: #505050;\">11:00 \/<\/span><\/strong><span style=\"font-family: Arial, sans-serif; color: #505050;\">\u00a0<strong><span style=\"font-family: 'Arial','sans-serif';\">A Queen Maria Sz\u00ednh\u00e1z nagyterme<\/span><\/strong>\u00a0\u2013\u00a0<strong><span style=\"font-family: 'Arial','sans-serif';\">HAMUPIP\u0150KE<\/span><\/strong>, &quot;Queen Maria&quot; Sz\u00ednh\u00e1z, Arcadia T\u00e1rsulat (3 \u00e9ves kort\u00f3l)<\/span><\/span><\/p>\n<p style=\"background: white; font-variant-ligatures: normal; font-variant-caps: normal; orphans: 2; widows: 2; -webkit-text-stroke-width: 0px; text-decoration-style: initial; text-decoration-color: initial; word-spacing: 0px; margin: 0in 0in 8.05pt; text-align: justify;\"><span style=\"font-size: 10pt;\"><strong><span style=\"font-family: Arial, sans-serif; color: #505050;\">VAS\u00c1RNAP, j\u00falius 2. 11:00 \/ Regina Maria Sz\u00ednh\u00e1z nagyterme\u00a0<\/span><\/strong><span style=\"font-family: Arial, sans-serif; color: #505050;\">\u2013<strong><span style=\"font-family: 'Arial','sans-serif';\">\u00a012. \u00c9JSZAKA,\u00a0<\/span><\/strong>&quot;Ion Creanga&quot; Sz\u00ednh\u00e1z Bukarest<strong><span style=\"font-family: 'Arial','sans-serif';\">\u00a0(<\/span><\/strong>6 \u00e9ves kort\u00f3l)<\/span><\/span><\/p>\n<p style=\"background: white; font-variant-ligatures: normal; font-variant-caps: normal; orphans: 2; widows: 2; -webkit-text-stroke-width: 0px; text-decoration-style: initial; text-decoration-color: initial; word-spacing: 0px; margin: 0in 0in 8.05pt; text-align: justify;\"><span style=\"font-size: 10pt;\"><strong><span style=\"font-family: Arial, sans-serif; color: #505050;\">J\u00fanius 26-30.<\/span><\/strong><span style=\"font-family: Arial, sans-serif; color: #505050;\">\u00a0<strong><span style=\"font-family: 'Arial','sans-serif';\">KREAT\u00cdV M\u0170HELYEK \u00c9S SZABADT\u00c9RI TEV\u00c9KENYS\u00c9GEK az ONCR t\u00e1mogat\u00e1s\u00e1val a nagyv\u00e1radi Citadell\u00e1ban (kincskeres\u00e9s, quilling, origami, t\u00e9rk\u00e9p- \u00e9s ir\u00e1nyt\u0171haszn\u00e1lat, p\u00e1lcik\u00e1kb\u00f3l k\u00e9sz\u00fclt miniat\u0171r \u00e9p\u00edtm\u00e9nyek stb.)<\/span><\/strong><\/span><\/span><\/p>\n<p style=\"background: white; font-variant-ligatures: normal; font-variant-caps: normal; orphans: 2; widows: 2; -webkit-text-stroke-width: 0px; text-decoration-style: initial; text-decoration-color: initial; word-spacing: 0px; margin: 0in 0in 8.05pt; text-align: justify;\"><span style=\"font-size: 10pt; font-family: Arial, sans-serif; color: #505050;\">A jegyek a sz\u00ednh\u00e1z Jegyirod\u00e1j\u00e1ban keddt\u0151l p\u00e9ntekig 10:00 \u00e9s 19:00 \u00f3ra k\u00f6z\u00f6tt, h\u00e9tv\u00e9g\u00e9n pedig 10:00 \u00e9s 13:00 \u00f3ra k\u00f6z\u00f6tt voltak kaphat\u00f3k. Jegyek minden el\u0151ad\u00e1s el\u0151tt egy \u00f3r\u00e1val, vagy online a www.biletmaster.ro oldalon is v\u00e1s\u00e1rolhat\u00f3k. Tov\u00e1bbi inform\u00e1ci\u00f3\u00e9rt \u00e9s jegyfoglal\u00e1s\u00e9rt k\u00e9rj\u00fck, h\u00edvja a 0259\/440.742-es telefonsz\u00e1mot.<\/span><\/p>\n<p style=\"margin: 0in 0in 0.0001pt; background: white; text-align: justify;\"><span style=\"font-size: 10pt; font-family: Arial, sans-serif; color: black;\">\u00a0<\/span><\/p>","protected":false},"excerpt":{"rendered":"<p>Trupa Arcadia a Teatrului Regina Maria v\u0103 invit\u0103 \u00een perioada\u00a04 iunie \u2013 2 iulie 2017\u00a0la o nou\u0103 edi\u021bie a Festivalului de Teatru pentru Copii Arcadia. Un eveniment amplu, organizat \u00eempreun\u0103 cu Funda\u0163ia Cultural\u0103 \u201eFestivalul Interna\u0163ional de Teatru\u201d \u0219i Teatrul Regina Maria, \u00een parteneriat cu Prim\u0103ria Municipiului Oradea, Organiza\u021bia Na\u021bional\u0103 Cerceta\u0219ii Rom\u00e2niei \u2013 Centrul Local Oradea [&hellip;]<\/p>\n","protected":false},"author":1,"featured_media":1828,"comment_status":"open","ping_status":"open","sticky":false,"template":"","format":"standard","meta":{"_acf_changed":false,"footnotes":""},"categories":[36],"tags":[],"class_list":["post-4047","post","type-post","status-publish","format-standard","has-post-thumbnail","hentry","category-festival"],"aioseo_notices":[],"aioseo_head":"\n\t\t<!-- All in One SEO Pro 5.0.1.1 - aioseo.com -->\n\t<meta name=\"description\" content=\"Trupa Arcadia a Teatrului Regina Maria v\u0103 invit\u0103 \u00een perioada 4 iunie \u2013 2 iulie 2017 la o nou\u0103 edi\u021bie a Festivalului de Teatru pentru Copii Arcadia. Un eveniment amplu, organizat \u00eempreun\u0103 cu Funda\u0163ia Cultural\u0103 \u201eFestivalul Interna\u0163ional de Teatru\u201d \u0219i Teatrul Regina Maria, \u00een parteneriat cu Prim\u0103ria Municipiului Oradea, Organiza\u021bia Na\u021bional\u0103 Cerceta\u0219ii Rom\u00e2niei \u2013 Centrul Local Oradea\" \/>\n\t<meta name=\"robots\" content=\"max-image-preview:large\" \/>\n\t<meta name=\"author\" content=\"Teatrul Regina Maria\"\/>\n\t<link rel=\"canonical\" href=\"https:\/\/www.teatrulreginamaria.ro\/hu\/festivalul-de-teatru-pentru-copii-arcadia-editia-a-iv-a-2018\/\" \/>\n\t<meta name=\"generator\" content=\"All in One SEO Pro (AIOSEO) 5.0.1.1\" \/>\n\t\t<meta property=\"og:locale\" content=\"hu_HU\" \/>\n\t\t<meta property=\"og:site_name\" content=\"Teatrul Regina Maria Oradea - Trupa Iosif Vulcan \u0219i Trupa Arcadia\" \/>\n\t\t<meta property=\"og:type\" content=\"article\" \/>\n\t\t<meta property=\"og:title\" content=\"FESTIVALUL DE TEATRU PENTRU COPII ARCADIA, EDITIA A IV-A, 2017 - Teatrul Regina Maria Oradea\" \/>\n\t\t<meta property=\"og:description\" content=\"Trupa Arcadia a Teatrului Regina Maria v\u0103 invit\u0103 \u00een perioada 4 iunie \u2013 2 iulie 2017 la o nou\u0103 edi\u021bie a Festivalului de Teatru pentru Copii Arcadia. Un eveniment amplu, organizat \u00eempreun\u0103 cu Funda\u0163ia Cultural\u0103 \u201eFestivalul Interna\u0163ional de Teatru\u201d \u0219i Teatrul Regina Maria, \u00een parteneriat cu Prim\u0103ria Municipiului Oradea, Organiza\u021bia Na\u021bional\u0103 Cerceta\u0219ii Rom\u00e2niei \u2013 Centrul Local Oradea\" \/>\n\t\t<meta property=\"og:url\" content=\"https:\/\/www.teatrulreginamaria.ro\/hu\/festivalul-de-teatru-pentru-copii-arcadia-editia-a-iv-a-2018\/\" \/>\n\t\t<meta property=\"og:image\" content=\"https:\/\/www.teatrulreginamaria.ro\/wp-content\/uploads\/2025\/03\/trm-istoric-01.jpg\" \/>\n\t\t<meta property=\"og:image:secure_url\" content=\"https:\/\/www.teatrulreginamaria.ro\/wp-content\/uploads\/2025\/03\/trm-istoric-01.jpg\" \/>\n\t\t<meta property=\"og:image:width\" content=\"1200\" \/>\n\t\t<meta property=\"og:image:height\" content=\"800\" \/>\n\t\t<meta property=\"article:published_time\" content=\"2017-06-03T21:00:00+00:00\" \/>\n\t\t<meta property=\"article:modified_time\" content=\"2017-06-03T21:00:00+00:00\" \/>\n\t\t<meta property=\"article:publisher\" content=\"https:\/\/www.facebook.com\/TRMTrupaIosifVulcan\/\" \/>\n\t\t<meta name=\"twitter:card\" content=\"summary_large_image\" \/>\n\t\t<meta name=\"twitter:site\" content=\"@TRMOradea\" \/>\n\t\t<meta name=\"twitter:title\" content=\"FESTIVALUL DE TEATRU PENTRU COPII ARCADIA, EDITIA A IV-A, 2017 - Teatrul Regina Maria Oradea\" \/>\n\t\t<meta name=\"twitter:description\" content=\"Trupa Arcadia a Teatrului Regina Maria v\u0103 invit\u0103 \u00een perioada 4 iunie \u2013 2 iulie 2017 la o nou\u0103 edi\u021bie a Festivalului de Teatru pentru Copii Arcadia. Un eveniment amplu, organizat \u00eempreun\u0103 cu Funda\u0163ia Cultural\u0103 \u201eFestivalul Interna\u0163ional de Teatru\u201d \u0219i Teatrul Regina Maria, \u00een parteneriat cu Prim\u0103ria Municipiului Oradea, Organiza\u021bia Na\u021bional\u0103 Cerceta\u0219ii Rom\u00e2niei \u2013 Centrul Local Oradea\" \/>\n\t\t<meta name=\"twitter:creator\" content=\"@TRMOradea\" \/>\n\t\t<meta name=\"twitter:image\" content=\"https:\/\/www.teatrulreginamaria.ro\/wp-content\/uploads\/2025\/03\/trm-istoric-01.jpg\" \/>\n\t\t<script type=\"application\/ld+json\" class=\"aioseo-schema\">\n\t\t\t{\"@context\":\"https:\\\/\\\/schema.org\",\"@graph\":[{\"@type\":\"BlogPosting\",\"@id\":\"https:\\\/\\\/www.teatrulreginamaria.ro\\\/hu\\\/festivalul-de-teatru-pentru-copii-arcadia-editia-a-iv-a-2018\\\/#blogposting\",\"name\":\"FESTIVALUL DE TEATRU PENTRU COPII ARCADIA, EDITIA A IV-A, 2017 - Teatrul Regina Maria Oradea\",\"headline\":\"FESTIVALUL DE TEATRU PENTRU COPII ARCADIA, EDITIA A IV-A, 2017\",\"author\":{\"@id\":\"https:\\\/\\\/www.teatrulreginamaria.ro\\\/hu\\\/author\\\/iulianm\\\/#author\"},\"publisher\":{\"@id\":\"https:\\\/\\\/www.teatrulreginamaria.ro\\\/hu\\\/#organization\"},\"image\":{\"@type\":\"ImageObject\",\"url\":\"https:\\\/\\\/www.teatrulreginamaria.ro\\\/wp-content\\\/uploads\\\/2017\\\/06\\\/2017-Flyer-fata-FPCA-2017-370x525.jpg\",\"width\":370,\"height\":525},\"datePublished\":\"2017-06-03T21:00:00+03:00\",\"dateModified\":\"2017-06-03T21:00:00+03:00\",\"inLanguage\":\"hu-HU\",\"mainEntityOfPage\":{\"@id\":\"https:\\\/\\\/www.teatrulreginamaria.ro\\\/hu\\\/festivalul-de-teatru-pentru-copii-arcadia-editia-a-iv-a-2018\\\/#webpage\"},\"isPartOf\":{\"@id\":\"https:\\\/\\\/www.teatrulreginamaria.ro\\\/hu\\\/festivalul-de-teatru-pentru-copii-arcadia-editia-a-iv-a-2018\\\/#webpage\"},\"articleSection\":\"Festival\"},{\"@type\":\"BreadcrumbList\",\"@id\":\"https:\\\/\\\/www.teatrulreginamaria.ro\\\/hu\\\/festivalul-de-teatru-pentru-copii-arcadia-editia-a-iv-a-2018\\\/#breadcrumblist\",\"itemListElement\":[{\"@type\":\"ListItem\",\"@id\":\"https:\\\/\\\/www.teatrulreginamaria.ro\\\/hu#listItem\",\"position\":1,\"name\":\"Home\",\"item\":\"https:\\\/\\\/www.teatrulreginamaria.ro\\\/hu\",\"nextItem\":{\"@type\":\"ListItem\",\"@id\":\"https:\\\/\\\/www.teatrulreginamaria.ro\\\/hu\\\/categorie\\\/festival\\\/#listItem\",\"name\":\"Festival\"}},{\"@type\":\"ListItem\",\"@id\":\"https:\\\/\\\/www.teatrulreginamaria.ro\\\/hu\\\/categorie\\\/festival\\\/#listItem\",\"position\":2,\"name\":\"Festival\",\"item\":\"https:\\\/\\\/www.teatrulreginamaria.ro\\\/hu\\\/categorie\\\/festival\\\/\",\"nextItem\":{\"@type\":\"ListItem\",\"@id\":\"https:\\\/\\\/www.teatrulreginamaria.ro\\\/hu\\\/festivalul-de-teatru-pentru-copii-arcadia-editia-a-iv-a-2018\\\/#listItem\",\"name\":\"FESTIVALUL DE TEATRU PENTRU COPII ARCADIA, EDITIA A IV-A, 2017\"},\"previousItem\":{\"@type\":\"ListItem\",\"@id\":\"https:\\\/\\\/www.teatrulreginamaria.ro\\\/hu#listItem\",\"name\":\"Home\"}},{\"@type\":\"ListItem\",\"@id\":\"https:\\\/\\\/www.teatrulreginamaria.ro\\\/hu\\\/festivalul-de-teatru-pentru-copii-arcadia-editia-a-iv-a-2018\\\/#listItem\",\"position\":3,\"name\":\"FESTIVALUL DE TEATRU PENTRU COPII ARCADIA, EDITIA A IV-A, 2017\",\"previousItem\":{\"@type\":\"ListItem\",\"@id\":\"https:\\\/\\\/www.teatrulreginamaria.ro\\\/hu\\\/categorie\\\/festival\\\/#listItem\",\"name\":\"Festival\"}}]},{\"@type\":\"Organization\",\"@id\":\"https:\\\/\\\/www.teatrulreginamaria.ro\\\/hu\\\/#organization\",\"name\":\"Teatrul Regina Maria Oradea\",\"description\":\"Trupa Iosif Vulcan \\u0219i Trupa Arcadia\",\"url\":\"https:\\\/\\\/www.teatrulreginamaria.ro\\\/hu\\\/\",\"email\":\"marketing@teatrulreginamaria.ro\",\"telephone\":\"+40359411534\",\"numberOfEmployees\":{\"@type\":\"QuantitativeValue\",\"minValue\":0,\"maxValue\":150},\"logo\":{\"@type\":\"ImageObject\",\"url\":\"https:\\\/\\\/www.teatrulreginamaria.ro\\\/wp-content\\\/uploads\\\/2025\\\/06\\\/logo-trm-01-dark.png\",\"@id\":\"https:\\\/\\\/www.teatrulreginamaria.ro\\\/hu\\\/festivalul-de-teatru-pentru-copii-arcadia-editia-a-iv-a-2018\\\/#organizationLogo\",\"width\":300,\"height\":148},\"image\":{\"@id\":\"https:\\\/\\\/www.teatrulreginamaria.ro\\\/hu\\\/festivalul-de-teatru-pentru-copii-arcadia-editia-a-iv-a-2018\\\/#organizationLogo\"},\"sameAs\":[\"https:\\\/\\\/www.facebook.com\\\/TRMTrupaIosifVulcan\\\/\",\"https:\\\/\\\/x.com\\\/TRMOradea\",\"https:\\\/\\\/www.instagram.com\\\/teatrul_regina_maria\\\/\",\"https:\\\/\\\/www.youtube.com\\\/c\\\/TeatrulReginaMariaOradea\",\"https:\\\/\\\/www.linkedin.com\\\/company\\\/teatrul-regina-maria\"]},{\"@type\":\"Person\",\"@id\":\"https:\\\/\\\/www.teatrulreginamaria.ro\\\/hu\\\/author\\\/iulianm\\\/#author\",\"url\":\"https:\\\/\\\/www.teatrulreginamaria.ro\\\/hu\\\/author\\\/iulianm\\\/\",\"name\":\"Teatrul Regina Maria\",\"image\":{\"@type\":\"ImageObject\",\"@id\":\"https:\\\/\\\/www.teatrulreginamaria.ro\\\/hu\\\/festivalul-de-teatru-pentru-copii-arcadia-editia-a-iv-a-2018\\\/#authorImage\",\"url\":\"https:\\\/\\\/secure.gravatar.com\\\/avatar\\\/49af75bc1b3eb710073d2f37927ea27e6c274a29562ef49edfc6bcf11b9e941d?s=96&d=mm&r=g\",\"width\":96,\"height\":96,\"caption\":\"Teatrul Regina Maria\"}},{\"@type\":\"WebPage\",\"@id\":\"https:\\\/\\\/www.teatrulreginamaria.ro\\\/hu\\\/festivalul-de-teatru-pentru-copii-arcadia-editia-a-iv-a-2018\\\/#webpage\",\"url\":\"https:\\\/\\\/www.teatrulreginamaria.ro\\\/hu\\\/festivalul-de-teatru-pentru-copii-arcadia-editia-a-iv-a-2018\\\/\",\"name\":\"FESTIVALUL DE TEATRU PENTRU COPII ARCADIA, EDITIA A IV-A, 2017 - Teatrul Regina Maria Oradea\",\"description\":\"Trupa Arcadia a Teatrului Regina Maria v\\u0103 invit\\u0103 \\u00een perioada 4 iunie \\u2013 2 iulie 2017 la o nou\\u0103 edi\\u021bie a Festivalului de Teatru pentru Copii Arcadia. Un eveniment amplu, organizat \\u00eempreun\\u0103 cu Funda\\u0163ia Cultural\\u0103 \\u201eFestivalul Interna\\u0163ional de Teatru\\u201d \\u0219i Teatrul Regina Maria, \\u00een parteneriat cu Prim\\u0103ria Municipiului Oradea, Organiza\\u021bia Na\\u021bional\\u0103 Cerceta\\u0219ii Rom\\u00e2niei \\u2013 Centrul Local Oradea\",\"inLanguage\":\"hu-HU\",\"isPartOf\":{\"@id\":\"https:\\\/\\\/www.teatrulreginamaria.ro\\\/hu\\\/#website\"},\"breadcrumb\":{\"@id\":\"https:\\\/\\\/www.teatrulreginamaria.ro\\\/hu\\\/festivalul-de-teatru-pentru-copii-arcadia-editia-a-iv-a-2018\\\/#breadcrumblist\"},\"author\":{\"@id\":\"https:\\\/\\\/www.teatrulreginamaria.ro\\\/hu\\\/author\\\/iulianm\\\/#author\"},\"creator\":{\"@id\":\"https:\\\/\\\/www.teatrulreginamaria.ro\\\/hu\\\/author\\\/iulianm\\\/#author\"},\"image\":{\"@type\":\"ImageObject\",\"url\":\"https:\\\/\\\/www.teatrulreginamaria.ro\\\/wp-content\\\/uploads\\\/2017\\\/06\\\/2017-Flyer-fata-FPCA-2017-370x525.jpg\",\"@id\":\"https:\\\/\\\/www.teatrulreginamaria.ro\\\/hu\\\/festivalul-de-teatru-pentru-copii-arcadia-editia-a-iv-a-2018\\\/#mainImage\",\"width\":370,\"height\":525},\"primaryImageOfPage\":{\"@id\":\"https:\\\/\\\/www.teatrulreginamaria.ro\\\/hu\\\/festivalul-de-teatru-pentru-copii-arcadia-editia-a-iv-a-2018\\\/#mainImage\"},\"datePublished\":\"2017-06-03T21:00:00+03:00\",\"dateModified\":\"2017-06-03T21:00:00+03:00\"},{\"@type\":\"WebSite\",\"@id\":\"https:\\\/\\\/www.teatrulreginamaria.ro\\\/hu\\\/#website\",\"url\":\"https:\\\/\\\/www.teatrulreginamaria.ro\\\/hu\\\/\",\"name\":\"Teatrul Regina Maria Oradea\",\"alternateName\":\"TRM Oradea\",\"description\":\"Trupa Iosif Vulcan \\u0219i Trupa Arcadia\",\"inLanguage\":\"hu-HU\",\"publisher\":{\"@id\":\"https:\\\/\\\/www.teatrulreginamaria.ro\\\/hu\\\/#organization\"}}]}\n\t\t<\/script>\n\t\t<!-- All in One SEO Pro -->\r\n\t\t<title>FESTIVALUL DE TEATRU PENTRU COPII ARCADIA, EDITIA A IV-A, 2017 - Teatrul Regina Maria Oradea<\/title>\n\n","aioseo_head_json":{"title":"ARCADIA GYERMEKSZ\u00cdNH\u00c1ZI FESZTIV\u00c1L, 4. KIAD\u00c1S, 2017 - Regina Maria Sz\u00ednh\u00e1z, Nagyv\u00e1radi","description":"A Regina Maria Sz\u00ednh\u00e1z Arcadia t\u00e1rsulata megh\u00edvja \u00d6nt az Arcadia Gyermeksz\u00ednh\u00e1zi Fesztiv\u00e1l \u00fajabb kiad\u00e1s\u00e1ra 2017. j\u00fanius 4. \u00e9s j\u00falius 2. k\u00f6z\u00f6tt. A nagyszab\u00e1s\u00fa rendezv\u00e9nyt a &quot;Nemzetk\u00f6zi Sz\u00ednh\u00e1zi Fesztiv\u00e1l&quot; Kultur\u00e1lis Alap\u00edtv\u00e1nnyal \u00e9s a Regina Maria Sz\u00ednh\u00e1zzal k\u00f6z\u00f6sen szervezik, partners\u00e9gben a Nagyv\u00e1radi V\u00e1rosh\u00e1z\u00e1val, a Rom\u00e1n Cserk\u00e9szek Orsz\u00e1gos Szervezet\u00e9vel - Nagyv\u00e1radi Helyi K\u00f6zponttal.","canonical_url":"https:\/\/www.teatrulreginamaria.ro\/hu\/festivalul-de-teatru-pentru-copii-arcadia-editia-a-iv-a-2018\/","robots":"max-image-preview:large","keywords":"","webmasterTools":{"miscellaneous":""},"schema":{"@context":"https:\/\/schema.org","@graph":[{"@type":"BlogPosting","@id":"https:\/\/www.teatrulreginamaria.ro\/hu\/festivalul-de-teatru-pentru-copii-arcadia-editia-a-iv-a-2018\/#blogposting","name":"FESTIVALUL DE TEATRU PENTRU COPII ARCADIA, EDITIA A IV-A, 2017 - Teatrul Regina Maria Oradea","headline":"FESTIVALUL DE TEATRU PENTRU COPII ARCADIA, EDITIA A IV-A, 2017","author":{"@id":"https:\/\/www.teatrulreginamaria.ro\/hu\/author\/iulianm\/#author"},"publisher":{"@id":"https:\/\/www.teatrulreginamaria.ro\/hu\/#organization"},"image":{"@type":"ImageObject","url":"https:\/\/www.teatrulreginamaria.ro\/wp-content\/uploads\/2017\/06\/2017-Flyer-fata-FPCA-2017-370x525.jpg","width":370,"height":525},"datePublished":"2017-06-03T21:00:00+03:00","dateModified":"2017-06-03T21:00:00+03:00","inLanguage":"hu-HU","mainEntityOfPage":{"@id":"https:\/\/www.teatrulreginamaria.ro\/hu\/festivalul-de-teatru-pentru-copii-arcadia-editia-a-iv-a-2018\/#webpage"},"isPartOf":{"@id":"https:\/\/www.teatrulreginamaria.ro\/hu\/festivalul-de-teatru-pentru-copii-arcadia-editia-a-iv-a-2018\/#webpage"},"articleSection":"Festival"},{"@type":"BreadcrumbList","@id":"https:\/\/www.teatrulreginamaria.ro\/hu\/festivalul-de-teatru-pentru-copii-arcadia-editia-a-iv-a-2018\/#breadcrumblist","itemListElement":[{"@type":"ListItem","@id":"https:\/\/www.teatrulreginamaria.ro\/hu#listItem","position":1,"name":"Home","item":"https:\/\/www.teatrulreginamaria.ro\/hu","nextItem":{"@type":"ListItem","@id":"https:\/\/www.teatrulreginamaria.ro\/hu\/categorie\/festival\/#listItem","name":"Festival"}},{"@type":"ListItem","@id":"https:\/\/www.teatrulreginamaria.ro\/hu\/categorie\/festival\/#listItem","position":2,"name":"Festival","item":"https:\/\/www.teatrulreginamaria.ro\/hu\/categorie\/festival\/","nextItem":{"@type":"ListItem","@id":"https:\/\/www.teatrulreginamaria.ro\/hu\/festivalul-de-teatru-pentru-copii-arcadia-editia-a-iv-a-2018\/#listItem","name":"FESTIVALUL DE TEATRU PENTRU COPII ARCADIA, EDITIA A IV-A, 2017"},"previousItem":{"@type":"ListItem","@id":"https:\/\/www.teatrulreginamaria.ro\/hu#listItem","name":"Home"}},{"@type":"ListItem","@id":"https:\/\/www.teatrulreginamaria.ro\/hu\/festivalul-de-teatru-pentru-copii-arcadia-editia-a-iv-a-2018\/#listItem","position":3,"name":"FESTIVALUL DE TEATRU PENTRU COPII ARCADIA, EDITIA A IV-A, 2017","previousItem":{"@type":"ListItem","@id":"https:\/\/www.teatrulreginamaria.ro\/hu\/categorie\/festival\/#listItem","name":"Festival"}}]},{"@type":"Organization","@id":"https:\/\/www.teatrulreginamaria.ro\/hu\/#organization","name":"Teatrul Regina Maria Oradea","description":"Trupa Iosif Vulcan \u0219i Trupa Arcadia","url":"https:\/\/www.teatrulreginamaria.ro\/hu\/","email":"marketing@teatrulreginamaria.ro","telephone":"+40359411534","numberOfEmployees":{"@type":"QuantitativeValue","minValue":0,"maxValue":150},"logo":{"@type":"ImageObject","url":"https:\/\/www.teatrulreginamaria.ro\/wp-content\/uploads\/2025\/06\/logo-trm-01-dark.png","@id":"https:\/\/www.teatrulreginamaria.ro\/hu\/festivalul-de-teatru-pentru-copii-arcadia-editia-a-iv-a-2018\/#organizationLogo","width":300,"height":148},"image":{"@id":"https:\/\/www.teatrulreginamaria.ro\/hu\/festivalul-de-teatru-pentru-copii-arcadia-editia-a-iv-a-2018\/#organizationLogo"},"sameAs":["https:\/\/www.facebook.com\/TRMTrupaIosifVulcan\/","https:\/\/x.com\/TRMOradea","https:\/\/www.instagram.com\/teatrul_regina_maria\/","https:\/\/www.youtube.com\/c\/TeatrulReginaMariaOradea","https:\/\/www.linkedin.com\/company\/teatrul-regina-maria"]},{"@type":"Person","@id":"https:\/\/www.teatrulreginamaria.ro\/hu\/author\/iulianm\/#author","url":"https:\/\/www.teatrulreginamaria.ro\/hu\/author\/iulianm\/","name":"Teatrul Regina Maria","image":{"@type":"ImageObject","@id":"https:\/\/www.teatrulreginamaria.ro\/hu\/festivalul-de-teatru-pentru-copii-arcadia-editia-a-iv-a-2018\/#authorImage","url":"https:\/\/secure.gravatar.com\/avatar\/49af75bc1b3eb710073d2f37927ea27e6c274a29562ef49edfc6bcf11b9e941d?s=96&d=mm&r=g","width":96,"height":96,"caption":"Teatrul Regina Maria"}},{"@type":"WebPage","@id":"https:\/\/www.teatrulreginamaria.ro\/hu\/festivalul-de-teatru-pentru-copii-arcadia-editia-a-iv-a-2018\/#webpage","url":"https:\/\/www.teatrulreginamaria.ro\/hu\/festivalul-de-teatru-pentru-copii-arcadia-editia-a-iv-a-2018\/","name":"FESTIVALUL DE TEATRU PENTRU COPII ARCADIA, EDITIA A IV-A, 2017 - Teatrul Regina Maria Oradea","description":"Trupa Arcadia a Teatrului Regina Maria v\u0103 invit\u0103 \u00een perioada 4 iunie \u2013 2 iulie 2017 la o nou\u0103 edi\u021bie a Festivalului de Teatru pentru Copii Arcadia. Un eveniment amplu, organizat \u00eempreun\u0103 cu Funda\u0163ia Cultural\u0103 \u201eFestivalul Interna\u0163ional de Teatru\u201d \u0219i Teatrul Regina Maria, \u00een parteneriat cu Prim\u0103ria Municipiului Oradea, Organiza\u021bia Na\u021bional\u0103 Cerceta\u0219ii Rom\u00e2niei \u2013 Centrul Local Oradea","inLanguage":"hu-HU","isPartOf":{"@id":"https:\/\/www.teatrulreginamaria.ro\/hu\/#website"},"breadcrumb":{"@id":"https:\/\/www.teatrulreginamaria.ro\/hu\/festivalul-de-teatru-pentru-copii-arcadia-editia-a-iv-a-2018\/#breadcrumblist"},"author":{"@id":"https:\/\/www.teatrulreginamaria.ro\/hu\/author\/iulianm\/#author"},"creator":{"@id":"https:\/\/www.teatrulreginamaria.ro\/hu\/author\/iulianm\/#author"},"image":{"@type":"ImageObject","url":"https:\/\/www.teatrulreginamaria.ro\/wp-content\/uploads\/2017\/06\/2017-Flyer-fata-FPCA-2017-370x525.jpg","@id":"https:\/\/www.teatrulreginamaria.ro\/hu\/festivalul-de-teatru-pentru-copii-arcadia-editia-a-iv-a-2018\/#mainImage","width":370,"height":525},"primaryImageOfPage":{"@id":"https:\/\/www.teatrulreginamaria.ro\/hu\/festivalul-de-teatru-pentru-copii-arcadia-editia-a-iv-a-2018\/#mainImage"},"datePublished":"2017-06-03T21:00:00+03:00","dateModified":"2017-06-03T21:00:00+03:00"},{"@type":"WebSite","@id":"https:\/\/www.teatrulreginamaria.ro\/hu\/#website","url":"https:\/\/www.teatrulreginamaria.ro\/hu\/","name":"Teatrul Regina Maria Oradea","alternateName":"TRM Oradea","description":"Trupa Iosif Vulcan \u0219i Trupa Arcadia","inLanguage":"hu-HU","publisher":{"@id":"https:\/\/www.teatrulreginamaria.ro\/hu\/#organization"}}]},"og:locale":"hu_HU","og:site_name":"Teatrul Regina Maria Oradea - Trupa Iosif Vulcan \u0219i Trupa Arcadia","og:type":"article","og:title":"FESTIVALUL DE TEATRU PENTRU COPII ARCADIA, EDITIA A IV-A, 2017 - Teatrul Regina Maria Oradea","og:description":"Trupa Arcadia a Teatrului Regina Maria v\u0103 invit\u0103 \u00een perioada 4 iunie \u2013 2 iulie 2017 la o nou\u0103 edi\u021bie a Festivalului de Teatru pentru Copii Arcadia. Un eveniment amplu, organizat \u00eempreun\u0103 cu Funda\u0163ia Cultural\u0103 \u201eFestivalul Interna\u0163ional de Teatru\u201d \u0219i Teatrul Regina Maria, \u00een parteneriat cu Prim\u0103ria Municipiului Oradea, Organiza\u021bia Na\u021bional\u0103 Cerceta\u0219ii Rom\u00e2niei \u2013 Centrul Local Oradea","og:url":"https:\/\/www.teatrulreginamaria.ro\/hu\/festivalul-de-teatru-pentru-copii-arcadia-editia-a-iv-a-2018\/","og:image":"https:\/\/www.teatrulreginamaria.ro\/wp-content\/uploads\/2025\/03\/trm-istoric-01.jpg","og:image:secure_url":"https:\/\/www.teatrulreginamaria.ro\/wp-content\/uploads\/2025\/03\/trm-istoric-01.jpg","og:image:width":1200,"og:image:height":800,"article:published_time":"2017-06-03T21:00:00+00:00","article:modified_time":"2017-06-03T21:00:00+00:00","article:publisher":"https:\/\/www.facebook.com\/TRMTrupaIosifVulcan\/","twitter:card":"summary_large_image","twitter:site":"@TRMOradea","twitter:title":"FESTIVALUL DE TEATRU PENTRU COPII ARCADIA, EDITIA A IV-A, 2017 - Teatrul Regina Maria Oradea","twitter:description":"Trupa Arcadia a Teatrului Regina Maria v\u0103 invit\u0103 \u00een perioada 4 iunie \u2013 2 iulie 2017 la o nou\u0103 edi\u021bie a Festivalului de Teatru pentru Copii Arcadia. Un eveniment amplu, organizat \u00eempreun\u0103 cu Funda\u0163ia Cultural\u0103 \u201eFestivalul Interna\u0163ional de Teatru\u201d \u0219i Teatrul Regina Maria, \u00een parteneriat cu Prim\u0103ria Municipiului Oradea, Organiza\u021bia Na\u021bional\u0103 Cerceta\u0219ii Rom\u00e2niei \u2013 Centrul Local Oradea","twitter:creator":"@TRMOradea","twitter:image":"https:\/\/www.teatrulreginamaria.ro\/wp-content\/uploads\/2025\/03\/trm-istoric-01.jpg"},"aioseo_meta_data":{"post_id":"4047","title":null,"description":null,"keywords":null,"keyphrases":null,"primary_term":null,"canonical_url":null,"og_title":null,"og_description":null,"og_object_type":"default","og_image_type":"default","og_image_url":null,"og_image_width":null,"og_image_height":null,"og_image_custom_url":null,"og_image_custom_fields":null,"og_video":null,"og_custom_url":null,"og_article_section":null,"og_article_tags":null,"twitter_use_og":false,"twitter_card":"default","twitter_image_type":"default","twitter_image_url":null,"twitter_image_custom_url":null,"twitter_image_custom_fields":null,"twitter_title":null,"twitter_description":null,"schema":{"blockGraphs":[],"customGraphs":[],"default":{"data":{"Article":[],"Course":[],"Dataset":[],"FAQPage":[],"Movie":[],"Person":[],"Product":[],"ProductReview":[],"Car":[],"Recipe":[],"Service":[],"SoftwareApplication":[],"WebPage":[]},"graphName":"","isEnabled":true},"graphs":[]},"schema_type":"default","schema_type_options":null,"pillar_content":false,"robots_default":true,"robots_noindex":false,"robots_noarchive":false,"robots_nosnippet":false,"robots_nofollow":false,"robots_noimageindex":false,"robots_noodp":false,"robots_notranslate":false,"robots_max_snippet":null,"robots_max_videopreview":null,"robots_max_imagepreview":"large","priority":null,"frequency":null,"local_seo":null,"seo_analyzer_scan_date":"2026-05-13 01:38:33","breadcrumb_settings":null,"limit_modified_date":false,"reviewed_by":null,"open_ai":null,"ai":null,"created":"2025-04-09 17:42:40","updated":"2026-05-13 01:38:33","focus_keyword":null,"additional_keywords":null,"truseo_locale":null},"aioseo_breadcrumb":"<div class=\"aioseo-breadcrumbs\"><span class=\"aioseo-breadcrumb\">\n\t<a href=\"https:\/\/www.teatrulreginamaria.ro\/hu\" title=\"Home\">Home<\/a>\n<\/span><span class=\"aioseo-breadcrumb-separator\">&raquo;<\/span><span class=\"aioseo-breadcrumb\">\n\t<a href=\"https:\/\/www.teatrulreginamaria.ro\/hu\/categorie\/festival\/\" title=\"Festival\">Festival<\/a>\n<\/span><span class=\"aioseo-breadcrumb-separator\">&raquo;<\/span><span class=\"aioseo-breadcrumb\">\n\tFESTIVALUL DE TEATRU PENTRU COPII ARCADIA, EDITIA A IV-A, 2017\n<\/span><\/div>","aioseo_breadcrumb_json":[{"label":"Home","link":"https:\/\/www.teatrulreginamaria.ro\/hu"},{"label":"Festival","link":"https:\/\/www.teatrulreginamaria.ro\/hu\/categorie\/festival\/"},{"label":"FESTIVALUL DE TEATRU PENTRU COPII ARCADIA, EDITIA A IV-A, 2017","link":"https:\/\/www.teatrulreginamaria.ro\/hu\/festivalul-de-teatru-pentru-copii-arcadia-editia-a-iv-a-2018\/"}],"acf":[],"_links":{"self":[{"href":"https:\/\/www.teatrulreginamaria.ro\/hu\/wp-json\/wp\/v2\/posts\/4047","targetHints":{"allow":["GET"]}}],"collection":[{"href":"https:\/\/www.teatrulreginamaria.ro\/hu\/wp-json\/wp\/v2\/posts"}],"about":[{"href":"https:\/\/www.teatrulreginamaria.ro\/hu\/wp-json\/wp\/v2\/types\/post"}],"author":[{"embeddable":true,"href":"https:\/\/www.teatrulreginamaria.ro\/hu\/wp-json\/wp\/v2\/users\/1"}],"replies":[{"embeddable":true,"href":"https:\/\/www.teatrulreginamaria.ro\/hu\/wp-json\/wp\/v2\/comments?post=4047"}],"version-history":[{"count":0,"href":"https:\/\/www.teatrulreginamaria.ro\/hu\/wp-json\/wp\/v2\/posts\/4047\/revisions"}],"wp:featuredmedia":[{"embeddable":true,"href":"https:\/\/www.teatrulreginamaria.ro\/hu\/wp-json\/wp\/v2\/media\/1828"}],"wp:attachment":[{"href":"https:\/\/www.teatrulreginamaria.ro\/hu\/wp-json\/wp\/v2\/media?parent=4047"}],"wp:term":[{"taxonomy":"category","embeddable":true,"href":"https:\/\/www.teatrulreginamaria.ro\/hu\/wp-json\/wp\/v2\/categories?post=4047"},{"taxonomy":"post_tag","embeddable":true,"href":"https:\/\/www.teatrulreginamaria.ro\/hu\/wp-json\/wp\/v2\/tags?post=4047"}],"curies":[{"name":"munkaf\u00fczet","href":"https:\/\/api.w.org\/{rel}","templated":true}]}}