{"id":4223,"date":"2019-08-12T12:06:27","date_gmt":"2019-08-12T12:06:27","guid":{"rendered":"https:\/\/teatrulreginamaria.ro\/2019\/08\/12\/stagiune-cu-noutati-la-teatrul-regina-maria\/"},"modified":"2019-08-12T12:06:27","modified_gmt":"2019-08-12T12:06:27","slug":"uj-evad-a-queen-maria-szinhazban","status":"publish","type":"post","link":"https:\/\/www.teatrulreginamaria.ro\/hu\/stagiune-cu-noutati-la-teatrul-regina-maria\/","title":{"rendered":"\u00daj \u00e9vad a Regina Maria Sz\u00ednh\u00e1zban  \u00a0"},"content":{"rendered":"<p>\u00a0<strong>A Regia Maria Sz\u00ednh\u00e1z csapata friss er\u0151kkel, rengeteg pozit\u00edv energi\u00e1val \u00e9s m\u0171v\u00e9szeti projektekkel kezdi a 2019-2020-as \u00e9vadot, amelyek a v\u00e1ros sz\u00e1mos helysz\u00edn\u00e9n val\u00f3sulnak meg.\u00a0<\/strong><\/p>\n<p>Az el\u0151ad\u00e1sok programja szeptemberben kezd\u0151dik, \u00e9s az el\u0151z\u0151 \u00e9vad n\u00e9h\u00e1ny leg\u00fajabb produkci\u00f3j\u00e1t, valamint a k\u00f6z\u00f6ns\u00e9g \u00e1ltal kedvelt sz\u00ednh\u00e1zi el\u0151ad\u00e1sokat, a dr\u00e1mai m\u0171fajok minden t\u00edpus\u00e1nak k\u00e9pvisel\u0151it tartalmazza. A Nagyterem sz\u00ednpad\u00e1nak moderniz\u00e1ci\u00f3s munk\u00e1latai befejez\u00e9s\u00e9ig, amelyeket az Interreg VA Rom\u00e1nia-Magyarorsz\u00e1g program keret\u00e9ben finansz\u00edrozott &quot;Rom\u00e1n-magyar hat\u00e1rokon \u00e1tny\u00fal\u00f3 el\u0151ad\u00f3m\u0171v\u00e9szeti inkub\u00e1tor&quot; projekt keret\u00e9ben val\u00f3s\u00edtottak meg, a Regina Maria Sz\u00ednh\u00e1z el\u0151ad\u00e1sai az \u00c1rk\u00e1dia Teremben, a Szakszervezetek Kult\u00farh\u00e1z\u00e1ban, a Nagyv\u00e1radi \u00c1llami Filharm\u00f3ni\u00e1ban, a &quot;Florica Ungur&quot; Teremben \u00e9s a Nagyv\u00e1radi Citadell\u00e1ban tal\u00e1lhat\u00f3 Mobil Sz\u00ednpadon zajlanak majd.<\/p>\n<p>A Iosif Vulcan T\u00e1rsulat el\u0151ad\u00e1sai \u00e1ltal\u00e1ban 19:00 \u00f3rakor kezd\u0151dnek, kiv\u00e9ve a nagyv\u00e1radi Citadell\u00e1ban tal\u00e1lhat\u00f3 Mobil Sz\u00ednpadon megrendez\u00e9sre ker\u00fcl\u0151 el\u0151ad\u00e1sokat, amelyek 21:00 \u00f3rakor kezd\u0151dnek, valamint az &quot;Avalan\u0219a&quot; c\u00edm\u0171 el\u0151ad\u00e1st, amelyre okt\u00f3ber 20-\u00e1n, 20:00 \u00f3rakor ker\u00fcl sor a &quot;Florica Ungur&quot; Csarnokban. Ezt az el\u0151ad\u00e1st k\u00f6vet\u0151en az &quot;Avalan\u0219a&quot; c\u00edm\u0171 el\u0151ad\u00e1st okt\u00f3ber 23-\u00e1n a bukaresti Odeon Sz\u00ednh\u00e1zban j\u00e1tssz\u00e1k, az idei Nemzeti Sz\u00ednh\u00e1zi Fesztiv\u00e1l r\u00e9szek\u00e9nt.<\/p>\n<p>Az Arcadia Zenekar el\u0151ad\u00e1sai kiz\u00e1r\u00f3lag az Arcadia Hallban lesznek hallhat\u00f3k, \u00e9s 11:00 \u00f3rakor kezd\u0151dnek.<\/p>\n<p>Gyere, nevess, l\u00e1zadj \u00e9s izgulj azokon az el\u0151ad\u00e1sokon, amelyeket m\u00e1r szeretsz, vagy amelyekre m\u00e1r r\u00e9g\u00f3ta v\u00e1rsz! Szeptember els\u0151 h\u00e9tv\u00e9g\u00e9j\u00e9t a Regina Maria Sz\u00ednh\u00e1z leg\u00fajabb el\u0151ad\u00e1sa, A ZENE HANGJA f\u00e9mjelzi, egy elb\u0171v\u00f6l\u0151 musical, amely egy var\u00e1zslatos utaz\u00e1sra kalauzol el a gyermekkor birodalm\u00e1ba. Az el\u0151ad\u00e1sban j\u00e1tsz\u00f3 gyerekek k\u00e9t szereposzt\u00e1sban j\u00e1tszanak, ez\u00e9rt szeptember 6-\u00e1n \u00e9s 7-\u00e9n is szeretettel v\u00e1runk titeket, 19:00 \u00f3r\u00e1t\u00f3l a Szakszervezetek M\u0171vel\u0151d\u00e9si H\u00e1z\u00e1ban.<\/p>\n<p>Egy m\u00e1sik friss el\u0151ad\u00e1s, amely premierje \u00f3ta pozit\u00edv visszhangokat v\u00e1ltott ki, az \u201e...ESCU\u201d c\u00edm\u0171 politikai v\u00edgj\u00e1t\u00e9k, amely a rom\u00e1niai politikai \u00e9let \u00f6r\u00f6k\u00e9rv\u00e9ny\u0171 k\u00e9pe, vicces \u00e9s egyben jelent\u0151s\u00e9gteljes pillanatokkal, \u00e9s szeptember 24-\u00e9n, kedden, szint\u00e9n a Szakszervezetek Kult\u00farh\u00e1z\u00e1ban lesz l\u00e1that\u00f3, este 7 \u00f3rakor.<\/p>\n<p>A teljes programot itt tekintheti meg:<\/p>\n<div class=\"_2cuy _3dgx _2vxa\"><span class=\"_4yxo\"><span class=\"_5mfr\"><span class=\"_6qdm\">?<\/span><\/span>\u00a0 SZEPTEMBER<\/span><\/div>\n<div class=\"_2cuy _3dgx _2vxa\">\u00a0<\/div>\n<div class=\"_2cuy _3dgx _2vxa\"><span class=\"_5mfr\"><span class=\"_6qdm\">?<\/span><\/span> <span class=\"_4yxr\">Szerda, szeptember 4., id\u0151 szerint <\/span><span class=\"_4yxo _4yxr\">21:00<\/span><span class=\"_4yxr\"> \u2013 <\/span><span class=\"_4yxo _4yxr\">Mobil Sz\u00ednpad a Nagyv\u00e1radi Citadell\u00e1ban<\/span> <span class=\"_4yxr\"><br \/><\/span><span class=\"_4yxo\">FRANCIA TAN\u00c1R<\/span>, Matei Mircioane adapt\u00e1ci\u00f3ja Tudor Mu\u0219atescu ut\u00e1n, Rendezte: Dan Mirea<\/div>\n<div class=\"_2cuy _3dgx _2vxa\">\u00a0<\/div>\n<div class=\"_2cuy _3dgx _2vxa\"><span class=\"_5mfr\"><span class=\"_6qdm\">?<\/span><\/span> <span class=\"_4yxr\">szeptember 6., p\u00e9ntek, id\u0151 szerint<\/span><span class=\"_4yxo _4yxr\"> 19:00<\/span><span class=\"_4yxr\"> \u2013 <\/span><span class=\"_4yxo _4yxr\">Szakszervezeti Kult\u00farh\u00e1z<\/span><span class=\"_4yxr\"><br \/><\/span><span class=\"_4yxo\">A ZENE HANGJA<\/span>, Howard Lindsay \u00e9s Russel Crouse librett\u00f3ja, Maria von Trapp &quot;A Trapp csal\u00e1d \u00e9nekeseinek t\u00f6rt\u00e9nete&quot; c\u00edm\u0171 reg\u00e9nye alapj\u00e1n, rendezte: Mihaela Bogdan<\/div>\n<div class=\"_2cuy _3dgx _2vxa\">\u00a0<\/div>\n<div class=\"_2cuy _3dgx _2vxa\"><span class=\"_5mfr\"><span class=\"_6qdm\">?<\/span><\/span> <span class=\"_4yxr\">Szombaton, szeptember 7-\u00e9n, \u00f3rakor <\/span><span class=\"_4yxo _4yxr\">19:00<\/span><span class=\"_4yxr\"> \u2013 <\/span><span class=\"_4yxo _4yxr\">Szakszervezeti Kult\u00farh\u00e1z<\/span><span class=\"_4yxr\"><br \/><\/span><span class=\"_4yxo\">A ZENE HANGJA<\/span>, Howard Lindsay \u00e9s Russel Crouse librett\u00f3ja, Maria von Trapp &quot;A Trapp csal\u00e1d \u00e9nekeseinek t\u00f6rt\u00e9nete&quot; c\u00edm\u0171 reg\u00e9nye alapj\u00e1n, rendezte: Mihaela Bogdan<\/div>\n<div class=\"_2cuy _3dgx _2vxa\">\u00a0<\/div>\n<div class=\"_2cuy _3dgx _2vxa\"><span class=\"_5mfr\"><span class=\"_6qdm\">?<\/span><\/span> <span class=\"_4yxr\">Vas\u00e1rnap, szeptember 8., 11:00 \u00e9s 13:00 \u2013 Arcadia Hall<\/span> <span class=\"_4yxr\"><br \/><\/span><span class=\"_4yxo\">PINOKKI\u00d3<\/span>, Carlo Collodi alapj\u00e1n k\u00e9sz\u00fclt adapt\u00e1ci\u00f3, rendezte: Adela Moldovan<\/div>\n<div class=\"_2cuy _3dgx _2vxa\">\u00a0<\/div>\n<div class=\"_2cuy _3dgx _2vxa\"><span class=\"_5mfr\"><span class=\"_6qdm\">?<\/span><\/span> <span class=\"_4yxr\">Szerda, szeptember 18., 19:00 \u2013 Arcadia Hall<\/span> <span class=\"_4yxr\"><br \/><\/span><span class=\"_4yxo\">IULIA KISSZONY<\/span> August Strindberg, rendezte: Alexandru Weinberger-Bara<\/div>\n<div class=\"_2cuy _3dgx _2vxa\">\u00a0<\/div>\n<div class=\"_2cuy _3dgx _2vxa\"><span class=\"_5mfr\"><span class=\"_6qdm\">?<\/span><\/span> <span class=\"_4yxr\">szeptember 20-\u00e1n, p\u00e9nteken, id\u0151 szerint <\/span><span class=\"_4yxo _4yxr\">21:00<\/span><span class=\"_4yxr\"> \u2013 <\/span><span class=\"_4yxo _4yxr\">Mobil Sz\u00ednpad a Nagyv\u00e1radi Citadell\u00e1ban<\/span><span class=\"_4yxr\"><br \/><\/span><span class=\"_4yxo\">AZ \u00c9JSZAKA SZ\u00cdV\u00c9BEN \u2013 A MACBETH-EPIZ\u00d3D<\/span>, forgat\u00f3k\u00f6nyv William Shakespeare nyom\u00e1n, Gavriil Pinte, George Banu \u00e9s Monique Borie bet\u00e9tekkel, Rendezte: Gavriil Pinte<\/div>\n<div class=\"_2cuy _3dgx _2vxa\">\u00a0<\/div>\n<div class=\"_2cuy _3dgx _2vxa\"><span class=\"_5mfr\"><span class=\"_6qdm\">?<\/span><\/span> <span class=\"_4yxr\">Szombat, szeptember 21., 11:00 \u2013 Arcadia Hall<\/span> <span class=\"_4yxr\"><br \/><\/span><span class=\"_4yxo\">A SZ\u00c9PS\u00c9G \u00c9S A SZ\u00d6RNYETEG<\/span>, J.M. Prince de Beaumont nyom\u00e1n, rendezte: Florian Silaghi<\/div>\n<div class=\"_2cuy _3dgx _2vxa\">\u00a0<\/div>\n<div class=\"_2cuy _3dgx _2vxa\"><span class=\"_5mfr\"><span class=\"_6qdm\">?<\/span><\/span> <span class=\"_4yxr\">Vas\u00e1rnap, szeptember 22., 11:00 \u2013 Arcadia Hall<\/span> <span class=\"_4yxr\"><br \/><\/span><span class=\"_4yxo\">A SZ\u00c9PS\u00c9G \u00c9S A SZ\u00d6RNYETEG<\/span>, J.M. Prince de Beaumont nyom\u00e1n, rendezte: Florian Silaghi<\/div>\n<div class=\"_2cuy _3dgx _2vxa\">\u00a0<\/div>\n<div class=\"_2cuy _3dgx _2vxa\"><span class=\"_5mfr\"><span class=\"_6qdm\">?<\/span><\/span> <span class=\"_4yxr\">Vas\u00e1rnap, szeptember 22., 19:00 \u2013 Arcadia Hall<\/span><br \/><span class=\"_4yxo\">EGY NAGYON EGYSZER\u0170 T\u00d6RT\u00c9NET<\/span> \u00edrta: Maria Lado, rendez\u0151: Elvira R\u00eembu<\/div>\n<div class=\"_2cuy _3dgx _2vxa\">\u00a0<\/div>\n<div class=\"_2cuy _3dgx _2vxa\"><span class=\"_5mfr\"><span class=\"_6qdm\">?<\/span><\/span> <span class=\"_4yxr\">Kedd, szeptember 24., id\u0151 szerint <\/span><span class=\"_4yxo _4yxr\">19:00<\/span><span class=\"_4yxr\"> \u2013 <\/span><span class=\"_4yxo _4yxr\">Szakszervezeti Kult\u00farh\u00e1z<\/span> <span class=\"_4yxr\"><br \/><\/span><span class=\"_4yxo\">\u2026BOCS\u00c1NAT<\/span> Tudor Mu\u0219atescu, Rendezte: Claudiu Goga<\/div>\n<div class=\"_2cuy _3dgx _2vxa\">\u00a0<\/div>\n<div class=\"_2cuy _3dgx _2vxa\"><span class=\"_5mfr\"><span class=\"_6qdm\">?<\/span><\/span> <span class=\"_4yxr\">Szombaton, szeptember 28-\u00e1n, \u00f3rakor <\/span><span class=\"_4yxo _4yxr\">11:00<\/span><span class=\"_4yxr\"> \u2013 <\/span><span class=\"_4yxo _4yxr\">\u00c1llami Filharm\u00f3nia<\/span> <span class=\"_4yxr\"><br \/><\/span><span class=\"_4yxo\">OZ VAR\u00c1ZSL\u00d3JA<\/span>, forgat\u00f3k\u00f6nyv \u00e9s rendez\u0151: Dan Mirea<\/div>\n<div class=\"_2cuy _3dgx _2vxa\">\u00a0<\/div>\n<div class=\"_2cuy _3dgx _2vxa\"><span class=\"_5mfr\"><span class=\"_6qdm\">?<\/span><\/span> <span class=\"_4yxr\">Szombaton, szeptember 28-\u00e1n, \u00f3rakor <\/span><span class=\"_4yxo _4yxr\">19:00<\/span><span class=\"_4yxr\"> \u2013 <\/span><span class=\"_4yxo _4yxr\">\u00c1llami Filharm\u00f3nia<\/span> <span class=\"_4yxr\"><br \/><\/span><span class=\"_4yxo\">HAMLET CSAPDA<\/span>, adapt\u00e1ci\u00f3 Nedialko Yordanov nyom\u00e1n, Rendezte: Petru Vutc\u0103r\u0103u<\/div>\n<div class=\"_2cuy _3dgx _2vxa\">\u00a0<\/div>\n<div class=\"_2cuy _3dgx _2vxa\"><span class=\"_5mfr\"><span class=\"_6qdm\">?<\/span><\/span> <span class=\"_4yxr\">Vas\u00e1rnap, szeptember 29., id\u0151 szerint <\/span><span class=\"_4yxo _4yxr\">21:00<\/span><span class=\"_4yxr\"> \u2013 <\/span><span class=\"_4yxo _4yxr\">Mobil Sz\u00ednpad a Nagyv\u00e1radi Citadell\u00e1ban<\/span><span class=\"_4yxr\"><br \/><\/span><span class=\"_4yxo\">ANCONAI SZERELMESEK<\/span> \u00edrta: Vajda Katalin, Rendezte: Andrei Mihalache<\/div>\n<div class=\"_2cuy _3dgx _2vxa\">\u00a0<\/div>\n<div class=\"_2cuy _3dgx _2vxa\"><span class=\"_4yxo\"><span class=\"_5mfr\"><span class=\"_6qdm\">?\u00a0<\/span><\/span>OKT\u00d3BER<\/span><\/div>\n<div class=\"_2cuy _3dgx _2vxa\">\u00a0<\/div>\n<div class=\"_2cuy _3dgx _2vxa\"><span class=\"_5mfr\"><span class=\"_6qdm\">?<\/span><\/span> <span class=\"_4yxr\">Kedd, okt\u00f3ber 1., id\u0151 szerint <\/span><span class=\"_4yxo _4yxr\">19:00<\/span><span class=\"_4yxr\"> \u2013 <\/span><span class=\"_4yxo _4yxr\">Szakszervezeti Kult\u00farh\u00e1z<\/span><span class=\"_4yxr\"><br \/><\/span><span class=\"_4yxo\">A ZENE HANGJA<\/span>, Howard Lindsay \u00e9s Russel Crouse librett\u00f3ja, Maria von Trapp &quot;A Trapp csal\u00e1d \u00e9nekeseinek t\u00f6rt\u00e9nete&quot; c\u00edm\u0171 reg\u00e9nye alapj\u00e1n, rendezte: Mihaela Bogdan<\/div>\n<div class=\"_2cuy _3dgx _2vxa\">\u00a0<\/div>\n<div class=\"_2cuy _3dgx _2vxa\"><span class=\"_5mfr\"><span class=\"_6qdm\">?<\/span><\/span> <span class=\"_4yxr\">Vas\u00e1rnap, okt\u00f3ber 6., 11:00 \u2013 Arcadia Hall<\/span> <span class=\"_4yxr\"><br \/><\/span><span class=\"_4yxo\">MAGYAR N\u00c9PMES\u00c9K<\/span>, Rendezte: Igor Lungu<\/div>\n<div class=\"_2cuy _3dgx _2vxa\">\u00a0<\/div>\n<div class=\"_2cuy _3dgx _2vxa\"><span class=\"_5mfr\"><span class=\"_6qdm\">?<\/span><\/span> <span class=\"_4yxr\">Cs\u00fct\u00f6rt\u00f6k, okt\u00f3ber 10., 19:00 \u2013 Arcadia Hall<\/span> \u2013 PREMIER<br \/><span class=\"_4yxo\">ZLOAT\u0102 avagy ROM\u00c1NIA J\u00d6V\u0150BENI ELN\u00d6KE<\/span>, Radu Popescu t\u00e1rsadalmi-politikai r\u00f6pirata, rendezte: Eugen \u021augulea<\/div>\n<div class=\"_2cuy _3dgx _2vxa\">\u00a0<\/div>\n<div class=\"_2cuy _3dgx _2vxa\"><span class=\"_5mfr\"><span class=\"_6qdm\">?<\/span><\/span> <span class=\"_4yxr\">Vas\u00e1rnap, okt\u00f3ber 13., 19:00 \u2013 Arcadia Hall<\/span> <span class=\"_4yxr\"><br \/><\/span><span class=\"_4yxo\">IULIA KISSZONY<\/span> August Strindberg, rendezte: Alexandru Weinberger-Bara<\/div>\n<div class=\"_2cuy _3dgx _2vxa\">\u00a0<\/div>\n<div class=\"_2cuy _3dgx _2vxa\"><span class=\"_5mfr\"><span class=\"_6qdm\">?<\/span><\/span> <span class=\"_4yxr\">Szombat, okt\u00f3ber 19., 19:00 \u2013 Arcadia Hall<br \/><\/span><span class=\"_4yxo\">REJTELYES VARI\u00c1CI\u00d3K<\/span> Eric Emmanuel Schmitt, Rendez\u0151: Elvira R\u00eembu<\/div>\n<div class=\"_2cuy _3dgx _2vxa\">\u00a0<\/div>\n<div class=\"_2cuy _3dgx _2vxa\"><span class=\"_5mfr\"><span class=\"_6qdm\">?<\/span><\/span> <span class=\"_4yxr\">Vas\u00e1rnap, okt\u00f3ber 20., id\u0151 szerint<\/span><span class=\"_4yxo _4yxr\"> 20:00<\/span><span class=\"_4yxr\"> \u2013 <\/span><span class=\"_4yxo _4yxr\">&quot;Florica Ungur&quot; csarnok\u201e<\/span> +15<span class=\"_4yxr\"><br \/><\/span><span class=\"_4yxo\">LAVINA<\/span> \u00cdrta: Tuncer C\u00fcceno\u011flu, Rendezte: Petru Vutc\u0103r\u0103u<\/div>\n<p>A jegyek m\u00e1r kaphat\u00f3k, \u00e9s online is megv\u00e1s\u00e1rolhat\u00f3k a k\u00f6vetkez\u0151 c\u00edmen: <a href=\"http:\/\/www.biletmaster.ro\">www.biletmaster.ro<\/a>, \u00e9s a Sz\u00ednh\u00e1zi \u00dcgyn\u00f6ks\u00e9gt\u0151l augusztus 19-\u00e9n, h\u00e9tf\u0151n, 12:00 \u00f3r\u00e1t\u00f3l.<\/p>\n<p>Ebben a szezonban az \u00dcgyn\u00f6ks\u00e9g keddt\u0151l p\u00e9ntekig 12:00 \u00e9s 18:00 \u00f3ra k\u00f6z\u00f6tt, szombaton pedig 10:00 \u00e9s 13:00 \u00f3ra k\u00f6z\u00f6tt tart nyitva, tov\u00e1bbi inform\u00e1ci\u00f3k\u00e9rt \u00e9s jegyfoglal\u00e1s\u00e9rt pedig a 0372 368 475-\u00f6s telefonsz\u00e1mon lehet \u00e9rdekl\u0151dni.<\/p>\n<p>Felh\u00edvjuk a figyelmeteket, hogy jegyeket az el\u0151ad\u00e1s el\u0151tt egy \u00f3r\u00e1val a terem bej\u00e1rat\u00e1n\u00e1l is v\u00e1s\u00e1rolhattok.<\/p>\n<p>Szeretettel v\u00e1runk minden el\u0151ad\u00e1son!<\/p>\n<\/p>\n<p>\u00a0<\/p>","protected":false},"excerpt":{"rendered":"<p>\u00a0Echipa Teatrului Regia Maria \u00eencepe stagiunea 2019-2020 cu for\u021be proaspete, mult\u0103 energie pozitiv\u0103 \u0219i proiecte artistice care se vor desf\u0103\u0219ura \u00een mai multe spa\u021bii din ora\u0219.\u00a0 Programul spectacolelor \u00eencepe cu luna septembrie \u0219i reia c\u00e2teva dintre cele mai recente produc\u021bii din stagiunea precedent\u0103, dar \u0219i reprezenta\u021bii teatrale \u00eendr\u0103gite de c\u0103tre spectatori, exponente ale tuturor speciilor [&hellip;]<\/p>\n","protected":false},"author":6,"featured_media":4222,"comment_status":"open","ping_status":"open","sticky":false,"template":"","format":"standard","meta":{"_acf_changed":false,"footnotes":""},"categories":[22],"tags":[],"class_list":["post-4223","post","type-post","status-publish","format-standard","has-post-thumbnail","hentry","category-noutati-trupa-iosif-vulcan"],"aioseo_notices":[],"aioseo_head":"\n\t\t<!-- All in One SEO Pro 5.0.1.1 - aioseo.com -->\n\t<meta name=\"description\" content=\"Echipa Teatrului Regia Maria \u00eencepe stagiunea 2019-2020 cu for\u021be proaspete, mult\u0103 energie pozitiv\u0103 \u0219i proiecte artistice care se vor desf\u0103\u0219ura \u00een mai multe spa\u021bii din ora\u0219. Programul spectacolelor \u00eencepe cu luna septembrie \u0219i reia c\u00e2teva dintre cele mai recente produc\u021bii din stagiunea precedent\u0103, dar \u0219i reprezenta\u021bii teatrale \u00eendr\u0103gite de c\u0103tre spectatori, exponente ale tuturor speciilor\" \/>\n\t<meta name=\"robots\" content=\"max-image-preview:large\" \/>\n\t<meta name=\"author\" content=\"Teatrul Regina Maria\"\/>\n\t<link rel=\"canonical\" href=\"https:\/\/www.teatrulreginamaria.ro\/hu\/stagiune-cu-noutati-la-teatrul-regina-maria\/\" \/>\n\t<meta name=\"generator\" content=\"All in One SEO Pro (AIOSEO) 5.0.1.1\" \/>\n\t\t<meta property=\"og:locale\" content=\"hu_HU\" \/>\n\t\t<meta property=\"og:site_name\" content=\"Teatrul Regina Maria Oradea - Trupa Iosif Vulcan \u0219i Trupa Arcadia\" \/>\n\t\t<meta property=\"og:type\" content=\"article\" \/>\n\t\t<meta property=\"og:title\" content=\"Stagiune cu nout\u0103\u021bi la Teatrul Regina Maria - Teatrul Regina Maria Oradea\" \/>\n\t\t<meta property=\"og:description\" content=\"Echipa Teatrului Regia Maria \u00eencepe stagiunea 2019-2020 cu for\u021be proaspete, mult\u0103 energie pozitiv\u0103 \u0219i proiecte artistice care se vor desf\u0103\u0219ura \u00een mai multe spa\u021bii din ora\u0219. Programul spectacolelor \u00eencepe cu luna septembrie \u0219i reia c\u00e2teva dintre cele mai recente produc\u021bii din stagiunea precedent\u0103, dar \u0219i reprezenta\u021bii teatrale \u00eendr\u0103gite de c\u0103tre spectatori, exponente ale tuturor speciilor\" \/>\n\t\t<meta property=\"og:url\" content=\"https:\/\/www.teatrulreginamaria.ro\/hu\/stagiune-cu-noutati-la-teatrul-regina-maria\/\" \/>\n\t\t<meta property=\"og:image\" content=\"https:\/\/www.teatrulreginamaria.ro\/wp-content\/uploads\/2025\/03\/trm-istoric-01.jpg\" \/>\n\t\t<meta property=\"og:image:secure_url\" content=\"https:\/\/www.teatrulreginamaria.ro\/wp-content\/uploads\/2025\/03\/trm-istoric-01.jpg\" \/>\n\t\t<meta property=\"og:image:width\" content=\"1200\" \/>\n\t\t<meta property=\"og:image:height\" content=\"800\" \/>\n\t\t<meta property=\"article:published_time\" content=\"2019-08-12T12:06:27+00:00\" \/>\n\t\t<meta property=\"article:modified_time\" content=\"2019-08-12T12:06:27+00:00\" \/>\n\t\t<meta property=\"article:publisher\" content=\"https:\/\/www.facebook.com\/TRMTrupaIosifVulcan\/\" \/>\n\t\t<meta name=\"twitter:card\" content=\"summary_large_image\" \/>\n\t\t<meta name=\"twitter:site\" content=\"@TRMOradea\" \/>\n\t\t<meta name=\"twitter:title\" content=\"Stagiune cu nout\u0103\u021bi la Teatrul Regina Maria - Teatrul Regina Maria Oradea\" \/>\n\t\t<meta name=\"twitter:description\" content=\"Echipa Teatrului Regia Maria \u00eencepe stagiunea 2019-2020 cu for\u021be proaspete, mult\u0103 energie pozitiv\u0103 \u0219i proiecte artistice care se vor desf\u0103\u0219ura \u00een mai multe spa\u021bii din ora\u0219. Programul spectacolelor \u00eencepe cu luna septembrie \u0219i reia c\u00e2teva dintre cele mai recente produc\u021bii din stagiunea precedent\u0103, dar \u0219i reprezenta\u021bii teatrale \u00eendr\u0103gite de c\u0103tre spectatori, exponente ale tuturor speciilor\" \/>\n\t\t<meta name=\"twitter:creator\" content=\"@TRMOradea\" \/>\n\t\t<meta name=\"twitter:image\" content=\"https:\/\/www.teatrulreginamaria.ro\/wp-content\/uploads\/2025\/03\/trm-istoric-01.jpg\" \/>\n\t\t<script type=\"application\/ld+json\" class=\"aioseo-schema\">\n\t\t\t{\"@context\":\"https:\\\/\\\/schema.org\",\"@graph\":[{\"@type\":\"BlogPosting\",\"@id\":\"https:\\\/\\\/www.teatrulreginamaria.ro\\\/hu\\\/stagiune-cu-noutati-la-teatrul-regina-maria\\\/#blogposting\",\"name\":\"Stagiune cu nout\\u0103\\u021bi la Teatrul Regina Maria - Teatrul Regina Maria Oradea\",\"headline\":\"Stagiune cu nout\\u0103\\u021bi la Teatrul Regina Maria  \\u00a0\",\"author\":{\"@id\":\"https:\\\/\\\/www.teatrulreginamaria.ro\\\/hu\\\/author\\\/w3bmaster\\\/#author\"},\"publisher\":{\"@id\":\"https:\\\/\\\/www.teatrulreginamaria.ro\\\/hu\\\/#organization\"},\"image\":{\"@type\":\"ImageObject\",\"url\":\"https:\\\/\\\/www.teatrulreginamaria.ro\\\/wp-content\\\/uploads\\\/2019\\\/08\\\/c.jpg\",\"width\":820,\"height\":312},\"datePublished\":\"2019-08-12T12:06:27+03:00\",\"dateModified\":\"2019-08-12T12:06:27+03:00\",\"inLanguage\":\"hu-HU\",\"mainEntityOfPage\":{\"@id\":\"https:\\\/\\\/www.teatrulreginamaria.ro\\\/hu\\\/stagiune-cu-noutati-la-teatrul-regina-maria\\\/#webpage\"},\"isPartOf\":{\"@id\":\"https:\\\/\\\/www.teatrulreginamaria.ro\\\/hu\\\/stagiune-cu-noutati-la-teatrul-regina-maria\\\/#webpage\"},\"articleSection\":\"Nout\\u0103\\u021bi - Trupa Iosif Vulcan\"},{\"@type\":\"BreadcrumbList\",\"@id\":\"https:\\\/\\\/www.teatrulreginamaria.ro\\\/hu\\\/stagiune-cu-noutati-la-teatrul-regina-maria\\\/#breadcrumblist\",\"itemListElement\":[{\"@type\":\"ListItem\",\"@id\":\"https:\\\/\\\/www.teatrulreginamaria.ro\\\/hu#listItem\",\"position\":1,\"name\":\"Home\",\"item\":\"https:\\\/\\\/www.teatrulreginamaria.ro\\\/hu\",\"nextItem\":{\"@type\":\"ListItem\",\"@id\":\"https:\\\/\\\/www.teatrulreginamaria.ro\\\/hu\\\/categorie\\\/noutati\\\/#listItem\",\"name\":\"Nout\\u0103\\u021bi\"}},{\"@type\":\"ListItem\",\"@id\":\"https:\\\/\\\/www.teatrulreginamaria.ro\\\/hu\\\/categorie\\\/noutati\\\/#listItem\",\"position\":2,\"name\":\"Nout\\u0103\\u021bi\",\"item\":\"https:\\\/\\\/www.teatrulreginamaria.ro\\\/hu\\\/categorie\\\/noutati\\\/\",\"nextItem\":{\"@type\":\"ListItem\",\"@id\":\"https:\\\/\\\/www.teatrulreginamaria.ro\\\/hu\\\/categorie\\\/noutati\\\/noutati-trupa-iosif-vulcan\\\/#listItem\",\"name\":\"Nout\\u0103\\u021bi - Trupa Iosif Vulcan\"},\"previousItem\":{\"@type\":\"ListItem\",\"@id\":\"https:\\\/\\\/www.teatrulreginamaria.ro\\\/hu#listItem\",\"name\":\"Home\"}},{\"@type\":\"ListItem\",\"@id\":\"https:\\\/\\\/www.teatrulreginamaria.ro\\\/hu\\\/categorie\\\/noutati\\\/noutati-trupa-iosif-vulcan\\\/#listItem\",\"position\":3,\"name\":\"Nout\\u0103\\u021bi - Trupa Iosif Vulcan\",\"item\":\"https:\\\/\\\/www.teatrulreginamaria.ro\\\/hu\\\/categorie\\\/noutati\\\/noutati-trupa-iosif-vulcan\\\/\",\"nextItem\":{\"@type\":\"ListItem\",\"@id\":\"https:\\\/\\\/www.teatrulreginamaria.ro\\\/hu\\\/stagiune-cu-noutati-la-teatrul-regina-maria\\\/#listItem\",\"name\":\"Stagiune cu nout\\u0103\\u021bi la Teatrul Regina Maria  \\u00a0\"},\"previousItem\":{\"@type\":\"ListItem\",\"@id\":\"https:\\\/\\\/www.teatrulreginamaria.ro\\\/hu\\\/categorie\\\/noutati\\\/#listItem\",\"name\":\"Nout\\u0103\\u021bi\"}},{\"@type\":\"ListItem\",\"@id\":\"https:\\\/\\\/www.teatrulreginamaria.ro\\\/hu\\\/stagiune-cu-noutati-la-teatrul-regina-maria\\\/#listItem\",\"position\":4,\"name\":\"Stagiune cu nout\\u0103\\u021bi la Teatrul Regina Maria  \\u00a0\",\"previousItem\":{\"@type\":\"ListItem\",\"@id\":\"https:\\\/\\\/www.teatrulreginamaria.ro\\\/hu\\\/categorie\\\/noutati\\\/noutati-trupa-iosif-vulcan\\\/#listItem\",\"name\":\"Nout\\u0103\\u021bi - Trupa Iosif Vulcan\"}}]},{\"@type\":\"Organization\",\"@id\":\"https:\\\/\\\/www.teatrulreginamaria.ro\\\/hu\\\/#organization\",\"name\":\"Teatrul Regina Maria Oradea\",\"description\":\"Trupa Iosif Vulcan \\u0219i Trupa Arcadia\",\"url\":\"https:\\\/\\\/www.teatrulreginamaria.ro\\\/hu\\\/\",\"email\":\"marketing@teatrulreginamaria.ro\",\"telephone\":\"+40359411534\",\"numberOfEmployees\":{\"@type\":\"QuantitativeValue\",\"minValue\":0,\"maxValue\":150},\"logo\":{\"@type\":\"ImageObject\",\"url\":\"https:\\\/\\\/www.teatrulreginamaria.ro\\\/wp-content\\\/uploads\\\/2025\\\/06\\\/logo-trm-01-dark.png\",\"@id\":\"https:\\\/\\\/www.teatrulreginamaria.ro\\\/hu\\\/stagiune-cu-noutati-la-teatrul-regina-maria\\\/#organizationLogo\",\"width\":300,\"height\":148},\"image\":{\"@id\":\"https:\\\/\\\/www.teatrulreginamaria.ro\\\/hu\\\/stagiune-cu-noutati-la-teatrul-regina-maria\\\/#organizationLogo\"},\"sameAs\":[\"https:\\\/\\\/www.facebook.com\\\/TRMTrupaIosifVulcan\\\/\",\"https:\\\/\\\/x.com\\\/TRMOradea\",\"https:\\\/\\\/www.instagram.com\\\/teatrul_regina_maria\\\/\",\"https:\\\/\\\/www.youtube.com\\\/c\\\/TeatrulReginaMariaOradea\",\"https:\\\/\\\/www.linkedin.com\\\/company\\\/teatrul-regina-maria\"]},{\"@type\":\"Person\",\"@id\":\"https:\\\/\\\/www.teatrulreginamaria.ro\\\/hu\\\/author\\\/w3bmaster\\\/#author\",\"url\":\"https:\\\/\\\/www.teatrulreginamaria.ro\\\/hu\\\/author\\\/w3bmaster\\\/\",\"name\":\"Teatrul Regina Maria\",\"image\":{\"@type\":\"ImageObject\",\"@id\":\"https:\\\/\\\/www.teatrulreginamaria.ro\\\/hu\\\/stagiune-cu-noutati-la-teatrul-regina-maria\\\/#authorImage\",\"url\":\"https:\\\/\\\/secure.gravatar.com\\\/avatar\\\/5884139d508ae3f0bafe45e60563b48a9640146d3b08ccc6278c305ff9329305?s=96&d=mm&r=g\",\"width\":96,\"height\":96,\"caption\":\"Teatrul Regina Maria\"}},{\"@type\":\"WebPage\",\"@id\":\"https:\\\/\\\/www.teatrulreginamaria.ro\\\/hu\\\/stagiune-cu-noutati-la-teatrul-regina-maria\\\/#webpage\",\"url\":\"https:\\\/\\\/www.teatrulreginamaria.ro\\\/hu\\\/stagiune-cu-noutati-la-teatrul-regina-maria\\\/\",\"name\":\"Stagiune cu nout\\u0103\\u021bi la Teatrul Regina Maria - Teatrul Regina Maria Oradea\",\"description\":\"Echipa Teatrului Regia Maria \\u00eencepe stagiunea 2019-2020 cu for\\u021be proaspete, mult\\u0103 energie pozitiv\\u0103 \\u0219i proiecte artistice care se vor desf\\u0103\\u0219ura \\u00een mai multe spa\\u021bii din ora\\u0219. Programul spectacolelor \\u00eencepe cu luna septembrie \\u0219i reia c\\u00e2teva dintre cele mai recente produc\\u021bii din stagiunea precedent\\u0103, dar \\u0219i reprezenta\\u021bii teatrale \\u00eendr\\u0103gite de c\\u0103tre spectatori, exponente ale tuturor speciilor\",\"inLanguage\":\"hu-HU\",\"isPartOf\":{\"@id\":\"https:\\\/\\\/www.teatrulreginamaria.ro\\\/hu\\\/#website\"},\"breadcrumb\":{\"@id\":\"https:\\\/\\\/www.teatrulreginamaria.ro\\\/hu\\\/stagiune-cu-noutati-la-teatrul-regina-maria\\\/#breadcrumblist\"},\"author\":{\"@id\":\"https:\\\/\\\/www.teatrulreginamaria.ro\\\/hu\\\/author\\\/w3bmaster\\\/#author\"},\"creator\":{\"@id\":\"https:\\\/\\\/www.teatrulreginamaria.ro\\\/hu\\\/author\\\/w3bmaster\\\/#author\"},\"image\":{\"@type\":\"ImageObject\",\"url\":\"https:\\\/\\\/www.teatrulreginamaria.ro\\\/wp-content\\\/uploads\\\/2019\\\/08\\\/c.jpg\",\"@id\":\"https:\\\/\\\/www.teatrulreginamaria.ro\\\/hu\\\/stagiune-cu-noutati-la-teatrul-regina-maria\\\/#mainImage\",\"width\":820,\"height\":312},\"primaryImageOfPage\":{\"@id\":\"https:\\\/\\\/www.teatrulreginamaria.ro\\\/hu\\\/stagiune-cu-noutati-la-teatrul-regina-maria\\\/#mainImage\"},\"datePublished\":\"2019-08-12T12:06:27+03:00\",\"dateModified\":\"2019-08-12T12:06:27+03:00\"},{\"@type\":\"WebSite\",\"@id\":\"https:\\\/\\\/www.teatrulreginamaria.ro\\\/hu\\\/#website\",\"url\":\"https:\\\/\\\/www.teatrulreginamaria.ro\\\/hu\\\/\",\"name\":\"Teatrul Regina Maria Oradea\",\"alternateName\":\"TRM Oradea\",\"description\":\"Trupa Iosif Vulcan \\u0219i Trupa Arcadia\",\"inLanguage\":\"hu-HU\",\"publisher\":{\"@id\":\"https:\\\/\\\/www.teatrulreginamaria.ro\\\/hu\\\/#organization\"}}]}\n\t\t<\/script>\n\t\t<!-- All in One SEO Pro -->\r\n\t\t<title>Stagiune cu nout\u0103\u021bi la Teatrul Regina Maria - Teatrul Regina Maria Oradea<\/title>\n\n","aioseo_head_json":{"title":"\u00daj \u00e9vad a Regina Maria Sz\u00ednh\u00e1zban - Regina Maria Sz\u00ednh\u00e1z Nagyv\u00e1radon","description":"A Regia Maria Sz\u00ednh\u00e1z csapata friss er\u0151vel, rengeteg pozit\u00edv energi\u00e1val \u00e9s m\u0171v\u00e9szeti projektekkel kezdi a 2019-2020-as \u00e9vadot, amelyek a v\u00e1ros sz\u00e1mos helysz\u00edn\u00e9n val\u00f3sulnak meg. Az el\u0151ad\u00e1sok programja szeptemberben kezd\u0151dik, \u00e9s az el\u0151z\u0151 \u00e9vad leg\u00fajabb produkci\u00f3ib\u00f3l, valamint a k\u00f6z\u00f6ns\u00e9g, mindenf\u00e9le m\u0171faj k\u00e9pvisel\u0151i \u00e1ltal kedvelt sz\u00ednh\u00e1zi el\u0151ad\u00e1sokb\u00f3l \u00e1ll.","canonical_url":"https:\/\/www.teatrulreginamaria.ro\/hu\/stagiune-cu-noutati-la-teatrul-regina-maria\/","robots":"max-image-preview:large","keywords":"","webmasterTools":{"miscellaneous":""},"schema":{"@context":"https:\/\/schema.org","@graph":[{"@type":"BlogPosting","@id":"https:\/\/www.teatrulreginamaria.ro\/hu\/stagiune-cu-noutati-la-teatrul-regina-maria\/#blogposting","name":"Stagiune cu nout\u0103\u021bi la Teatrul Regina Maria - Teatrul Regina Maria Oradea","headline":"Stagiune cu nout\u0103\u021bi la Teatrul Regina Maria  \u00a0","author":{"@id":"https:\/\/www.teatrulreginamaria.ro\/hu\/author\/w3bmaster\/#author"},"publisher":{"@id":"https:\/\/www.teatrulreginamaria.ro\/hu\/#organization"},"image":{"@type":"ImageObject","url":"https:\/\/www.teatrulreginamaria.ro\/wp-content\/uploads\/2019\/08\/c.jpg","width":820,"height":312},"datePublished":"2019-08-12T12:06:27+03:00","dateModified":"2019-08-12T12:06:27+03:00","inLanguage":"hu-HU","mainEntityOfPage":{"@id":"https:\/\/www.teatrulreginamaria.ro\/hu\/stagiune-cu-noutati-la-teatrul-regina-maria\/#webpage"},"isPartOf":{"@id":"https:\/\/www.teatrulreginamaria.ro\/hu\/stagiune-cu-noutati-la-teatrul-regina-maria\/#webpage"},"articleSection":"Nout\u0103\u021bi - Trupa Iosif Vulcan"},{"@type":"BreadcrumbList","@id":"https:\/\/www.teatrulreginamaria.ro\/hu\/stagiune-cu-noutati-la-teatrul-regina-maria\/#breadcrumblist","itemListElement":[{"@type":"ListItem","@id":"https:\/\/www.teatrulreginamaria.ro\/hu#listItem","position":1,"name":"Home","item":"https:\/\/www.teatrulreginamaria.ro\/hu","nextItem":{"@type":"ListItem","@id":"https:\/\/www.teatrulreginamaria.ro\/hu\/categorie\/noutati\/#listItem","name":"Nout\u0103\u021bi"}},{"@type":"ListItem","@id":"https:\/\/www.teatrulreginamaria.ro\/hu\/categorie\/noutati\/#listItem","position":2,"name":"Nout\u0103\u021bi","item":"https:\/\/www.teatrulreginamaria.ro\/hu\/categorie\/noutati\/","nextItem":{"@type":"ListItem","@id":"https:\/\/www.teatrulreginamaria.ro\/hu\/categorie\/noutati\/noutati-trupa-iosif-vulcan\/#listItem","name":"Nout\u0103\u021bi - Trupa Iosif Vulcan"},"previousItem":{"@type":"ListItem","@id":"https:\/\/www.teatrulreginamaria.ro\/hu#listItem","name":"Home"}},{"@type":"ListItem","@id":"https:\/\/www.teatrulreginamaria.ro\/hu\/categorie\/noutati\/noutati-trupa-iosif-vulcan\/#listItem","position":3,"name":"Nout\u0103\u021bi - Trupa Iosif Vulcan","item":"https:\/\/www.teatrulreginamaria.ro\/hu\/categorie\/noutati\/noutati-trupa-iosif-vulcan\/","nextItem":{"@type":"ListItem","@id":"https:\/\/www.teatrulreginamaria.ro\/hu\/stagiune-cu-noutati-la-teatrul-regina-maria\/#listItem","name":"Stagiune cu nout\u0103\u021bi la Teatrul Regina Maria  \u00a0"},"previousItem":{"@type":"ListItem","@id":"https:\/\/www.teatrulreginamaria.ro\/hu\/categorie\/noutati\/#listItem","name":"Nout\u0103\u021bi"}},{"@type":"ListItem","@id":"https:\/\/www.teatrulreginamaria.ro\/hu\/stagiune-cu-noutati-la-teatrul-regina-maria\/#listItem","position":4,"name":"Stagiune cu nout\u0103\u021bi la Teatrul Regina Maria  \u00a0","previousItem":{"@type":"ListItem","@id":"https:\/\/www.teatrulreginamaria.ro\/hu\/categorie\/noutati\/noutati-trupa-iosif-vulcan\/#listItem","name":"Nout\u0103\u021bi - Trupa Iosif Vulcan"}}]},{"@type":"Organization","@id":"https:\/\/www.teatrulreginamaria.ro\/hu\/#organization","name":"Teatrul Regina Maria Oradea","description":"Trupa Iosif Vulcan \u0219i Trupa Arcadia","url":"https:\/\/www.teatrulreginamaria.ro\/hu\/","email":"marketing@teatrulreginamaria.ro","telephone":"+40359411534","numberOfEmployees":{"@type":"QuantitativeValue","minValue":0,"maxValue":150},"logo":{"@type":"ImageObject","url":"https:\/\/www.teatrulreginamaria.ro\/wp-content\/uploads\/2025\/06\/logo-trm-01-dark.png","@id":"https:\/\/www.teatrulreginamaria.ro\/hu\/stagiune-cu-noutati-la-teatrul-regina-maria\/#organizationLogo","width":300,"height":148},"image":{"@id":"https:\/\/www.teatrulreginamaria.ro\/hu\/stagiune-cu-noutati-la-teatrul-regina-maria\/#organizationLogo"},"sameAs":["https:\/\/www.facebook.com\/TRMTrupaIosifVulcan\/","https:\/\/x.com\/TRMOradea","https:\/\/www.instagram.com\/teatrul_regina_maria\/","https:\/\/www.youtube.com\/c\/TeatrulReginaMariaOradea","https:\/\/www.linkedin.com\/company\/teatrul-regina-maria"]},{"@type":"Person","@id":"https:\/\/www.teatrulreginamaria.ro\/hu\/author\/w3bmaster\/#author","url":"https:\/\/www.teatrulreginamaria.ro\/hu\/author\/w3bmaster\/","name":"Teatrul Regina Maria","image":{"@type":"ImageObject","@id":"https:\/\/www.teatrulreginamaria.ro\/hu\/stagiune-cu-noutati-la-teatrul-regina-maria\/#authorImage","url":"https:\/\/secure.gravatar.com\/avatar\/5884139d508ae3f0bafe45e60563b48a9640146d3b08ccc6278c305ff9329305?s=96&d=mm&r=g","width":96,"height":96,"caption":"Teatrul Regina Maria"}},{"@type":"WebPage","@id":"https:\/\/www.teatrulreginamaria.ro\/hu\/stagiune-cu-noutati-la-teatrul-regina-maria\/#webpage","url":"https:\/\/www.teatrulreginamaria.ro\/hu\/stagiune-cu-noutati-la-teatrul-regina-maria\/","name":"Stagiune cu nout\u0103\u021bi la Teatrul Regina Maria - Teatrul Regina Maria Oradea","description":"Echipa Teatrului Regia Maria \u00eencepe stagiunea 2019-2020 cu for\u021be proaspete, mult\u0103 energie pozitiv\u0103 \u0219i proiecte artistice care se vor desf\u0103\u0219ura \u00een mai multe spa\u021bii din ora\u0219. Programul spectacolelor \u00eencepe cu luna septembrie \u0219i reia c\u00e2teva dintre cele mai recente produc\u021bii din stagiunea precedent\u0103, dar \u0219i reprezenta\u021bii teatrale \u00eendr\u0103gite de c\u0103tre spectatori, exponente ale tuturor speciilor","inLanguage":"hu-HU","isPartOf":{"@id":"https:\/\/www.teatrulreginamaria.ro\/hu\/#website"},"breadcrumb":{"@id":"https:\/\/www.teatrulreginamaria.ro\/hu\/stagiune-cu-noutati-la-teatrul-regina-maria\/#breadcrumblist"},"author":{"@id":"https:\/\/www.teatrulreginamaria.ro\/hu\/author\/w3bmaster\/#author"},"creator":{"@id":"https:\/\/www.teatrulreginamaria.ro\/hu\/author\/w3bmaster\/#author"},"image":{"@type":"ImageObject","url":"https:\/\/www.teatrulreginamaria.ro\/wp-content\/uploads\/2019\/08\/c.jpg","@id":"https:\/\/www.teatrulreginamaria.ro\/hu\/stagiune-cu-noutati-la-teatrul-regina-maria\/#mainImage","width":820,"height":312},"primaryImageOfPage":{"@id":"https:\/\/www.teatrulreginamaria.ro\/hu\/stagiune-cu-noutati-la-teatrul-regina-maria\/#mainImage"},"datePublished":"2019-08-12T12:06:27+03:00","dateModified":"2019-08-12T12:06:27+03:00"},{"@type":"WebSite","@id":"https:\/\/www.teatrulreginamaria.ro\/hu\/#website","url":"https:\/\/www.teatrulreginamaria.ro\/hu\/","name":"Teatrul Regina Maria Oradea","alternateName":"TRM Oradea","description":"Trupa Iosif Vulcan \u0219i Trupa Arcadia","inLanguage":"hu-HU","publisher":{"@id":"https:\/\/www.teatrulreginamaria.ro\/hu\/#organization"}}]},"og:locale":"hu_HU","og:site_name":"Teatrul Regina Maria Oradea - Trupa Iosif Vulcan \u0219i Trupa Arcadia","og:type":"article","og:title":"Stagiune cu nout\u0103\u021bi la Teatrul Regina Maria - Teatrul Regina Maria Oradea","og:description":"Echipa Teatrului Regia Maria \u00eencepe stagiunea 2019-2020 cu for\u021be proaspete, mult\u0103 energie pozitiv\u0103 \u0219i proiecte artistice care se vor desf\u0103\u0219ura \u00een mai multe spa\u021bii din ora\u0219. Programul spectacolelor \u00eencepe cu luna septembrie \u0219i reia c\u00e2teva dintre cele mai recente produc\u021bii din stagiunea precedent\u0103, dar \u0219i reprezenta\u021bii teatrale \u00eendr\u0103gite de c\u0103tre spectatori, exponente ale tuturor speciilor","og:url":"https:\/\/www.teatrulreginamaria.ro\/hu\/stagiune-cu-noutati-la-teatrul-regina-maria\/","og:image":"https:\/\/www.teatrulreginamaria.ro\/wp-content\/uploads\/2025\/03\/trm-istoric-01.jpg","og:image:secure_url":"https:\/\/www.teatrulreginamaria.ro\/wp-content\/uploads\/2025\/03\/trm-istoric-01.jpg","og:image:width":1200,"og:image:height":800,"article:published_time":"2019-08-12T12:06:27+00:00","article:modified_time":"2019-08-12T12:06:27+00:00","article:publisher":"https:\/\/www.facebook.com\/TRMTrupaIosifVulcan\/","twitter:card":"summary_large_image","twitter:site":"@TRMOradea","twitter:title":"Stagiune cu nout\u0103\u021bi la Teatrul Regina Maria - Teatrul Regina Maria Oradea","twitter:description":"Echipa Teatrului Regia Maria \u00eencepe stagiunea 2019-2020 cu for\u021be proaspete, mult\u0103 energie pozitiv\u0103 \u0219i proiecte artistice care se vor desf\u0103\u0219ura \u00een mai multe spa\u021bii din ora\u0219. Programul spectacolelor \u00eencepe cu luna septembrie \u0219i reia c\u00e2teva dintre cele mai recente produc\u021bii din stagiunea precedent\u0103, dar \u0219i reprezenta\u021bii teatrale \u00eendr\u0103gite de c\u0103tre spectatori, exponente ale tuturor speciilor","twitter:creator":"@TRMOradea","twitter:image":"https:\/\/www.teatrulreginamaria.ro\/wp-content\/uploads\/2025\/03\/trm-istoric-01.jpg"},"aioseo_meta_data":{"post_id":"4223","title":null,"description":null,"keywords":null,"keyphrases":null,"primary_term":null,"canonical_url":null,"og_title":null,"og_description":null,"og_object_type":"default","og_image_type":"default","og_image_url":null,"og_image_width":null,"og_image_height":null,"og_image_custom_url":null,"og_image_custom_fields":null,"og_video":null,"og_custom_url":null,"og_article_section":null,"og_article_tags":null,"twitter_use_og":false,"twitter_card":"default","twitter_image_type":"default","twitter_image_url":null,"twitter_image_custom_url":null,"twitter_image_custom_fields":null,"twitter_title":null,"twitter_description":null,"schema":{"blockGraphs":[],"customGraphs":[],"default":{"data":{"Article":[],"Course":[],"Dataset":[],"FAQPage":[],"Movie":[],"Person":[],"Product":[],"ProductReview":[],"Car":[],"Recipe":[],"Service":[],"SoftwareApplication":[],"WebPage":[]},"graphName":"","isEnabled":true},"graphs":[]},"schema_type":"default","schema_type_options":null,"pillar_content":false,"robots_default":true,"robots_noindex":false,"robots_noarchive":false,"robots_nosnippet":false,"robots_nofollow":false,"robots_noimageindex":false,"robots_noodp":false,"robots_notranslate":false,"robots_max_snippet":null,"robots_max_videopreview":null,"robots_max_imagepreview":"large","priority":null,"frequency":null,"local_seo":null,"seo_analyzer_scan_date":"2026-05-13 02:22:53","breadcrumb_settings":null,"limit_modified_date":false,"reviewed_by":null,"open_ai":null,"ai":null,"created":"2025-04-09 17:42:42","updated":"2026-05-13 02:22:53","focus_keyword":null,"additional_keywords":null,"truseo_locale":null},"aioseo_breadcrumb":"<div class=\"aioseo-breadcrumbs\"><span class=\"aioseo-breadcrumb\">\n\t<a href=\"https:\/\/www.teatrulreginamaria.ro\/hu\" title=\"Home\">Home<\/a>\n<\/span><span class=\"aioseo-breadcrumb-separator\">&raquo;<\/span><span class=\"aioseo-breadcrumb\">\n\t<a href=\"https:\/\/www.teatrulreginamaria.ro\/hu\/categorie\/noutati\/\" title=\"Nout\u0103\u021bi\">Nout\u0103\u021bi<\/a>\n<\/span><span class=\"aioseo-breadcrumb-separator\">&raquo;<\/span><span class=\"aioseo-breadcrumb\">\n\t<a href=\"https:\/\/www.teatrulreginamaria.ro\/hu\/categorie\/noutati\/noutati-trupa-iosif-vulcan\/\" title=\"Nout\u0103\u021bi - Trupa Iosif Vulcan\">Nout\u0103\u021bi - Trupa Iosif Vulcan<\/a>\n<\/span><span class=\"aioseo-breadcrumb-separator\">&raquo;<\/span><span class=\"aioseo-breadcrumb\">\n\tStagiune cu nout\u0103\u021bi la Teatrul Regina Maria   \n<\/span><\/div>","aioseo_breadcrumb_json":[{"label":"Home","link":"https:\/\/www.teatrulreginamaria.ro\/hu"},{"label":"Nout\u0103\u021bi","link":"https:\/\/www.teatrulreginamaria.ro\/hu\/categorie\/noutati\/"},{"label":"Nout\u0103\u021bi - Trupa Iosif Vulcan","link":"https:\/\/www.teatrulreginamaria.ro\/hu\/categorie\/noutati\/noutati-trupa-iosif-vulcan\/"},{"label":"Stagiune cu nout\u0103\u021bi la Teatrul Regina Maria  \u00a0","link":"https:\/\/www.teatrulreginamaria.ro\/hu\/stagiune-cu-noutati-la-teatrul-regina-maria\/"}],"acf":[],"_links":{"self":[{"href":"https:\/\/www.teatrulreginamaria.ro\/hu\/wp-json\/wp\/v2\/posts\/4223","targetHints":{"allow":["GET"]}}],"collection":[{"href":"https:\/\/www.teatrulreginamaria.ro\/hu\/wp-json\/wp\/v2\/posts"}],"about":[{"href":"https:\/\/www.teatrulreginamaria.ro\/hu\/wp-json\/wp\/v2\/types\/post"}],"author":[{"embeddable":true,"href":"https:\/\/www.teatrulreginamaria.ro\/hu\/wp-json\/wp\/v2\/users\/6"}],"replies":[{"embeddable":true,"href":"https:\/\/www.teatrulreginamaria.ro\/hu\/wp-json\/wp\/v2\/comments?post=4223"}],"version-history":[{"count":0,"href":"https:\/\/www.teatrulreginamaria.ro\/hu\/wp-json\/wp\/v2\/posts\/4223\/revisions"}],"wp:featuredmedia":[{"embeddable":true,"href":"https:\/\/www.teatrulreginamaria.ro\/hu\/wp-json\/wp\/v2\/media\/4222"}],"wp:attachment":[{"href":"https:\/\/www.teatrulreginamaria.ro\/hu\/wp-json\/wp\/v2\/media?parent=4223"}],"wp:term":[{"taxonomy":"category","embeddable":true,"href":"https:\/\/www.teatrulreginamaria.ro\/hu\/wp-json\/wp\/v2\/categories?post=4223"},{"taxonomy":"post_tag","embeddable":true,"href":"https:\/\/www.teatrulreginamaria.ro\/hu\/wp-json\/wp\/v2\/tags?post=4223"}],"curies":[{"name":"munkaf\u00fczet","href":"https:\/\/api.w.org\/{rel}","templated":true}]}}