{"id":4226,"date":"2019-08-27T07:32:56","date_gmt":"2019-08-27T07:32:56","guid":{"rendered":"https:\/\/teatrulreginamaria.ro\/2019\/08\/27\/schimbari-in-programul-lunii-septembrie\/"},"modified":"2019-08-27T07:32:56","modified_gmt":"2019-08-27T07:32:56","slug":"valtozasok-a-szeptemberi-menetrendben","status":"publish","type":"post","link":"https:\/\/www.teatrulreginamaria.ro\/hu\/schimbari-in-programul-lunii-septembrie\/","title":{"rendered":"V\u00e1ltoz\u00e1sok a szeptemberi menetrendben"},"content":{"rendered":"<p>Kedves n\u00e9z\u0151k!<\/p>\n<p>A Iosif Vulcan t\u00e1rsulat k\u00e9nyes helyzetben van, mivel szeptemberi m\u0171sorrendj\u00e9t m\u00f3dos\u00edtani kell. A m\u0171v\u00e9szeti csapat egyik tagj\u00e1nak eg\u00e9szs\u00e9g\u00fcgyi probl\u00e9m\u00e1i miatt k\u00e9nytelenek vagyunk lemondani egy sor el\u0151ad\u00e1st.<\/p>\n<p>\u00cdgy az \u00c9JSZAKA SZ\u00cdV\u00c9BEN \u2013 A MACBETH-EPIZ\u00d3D (p\u00e9ntek, szeptember 20.), a HAMLET CSAPD\u00c1JA (szombat, szeptember 28.) \u00e9s az ANCONAI SZERELMESEK (vas\u00e1rnap, szeptember 29.) c\u00edm\u0171 el\u0151ad\u00e1sok m\u00e1r nem ker\u00fclnek megrendez\u00e9sre, az ...ESCU (p\u00e9ntek, szeptember 24.) c\u00edm\u0171 el\u0151ad\u00e1st pedig A FRANCIA PROFESSZOR, az OZ, A VAR\u00c1ZSL\u00d3, A VAR\u00c1ZSL\u00d3 (szombat, szeptember 28.) c\u00edm\u0171 el\u0151ad\u00e1st pedig a GULLIVER v\u00e1ltja fel.<\/p>\n<p>A friss\u00edtett program a k\u00f6vetkez\u0151:<\/p>\n<p><u>P\u00e9ntek, szeptember 6., 19:00 \u2013 Szakszervezetek Kult\u00farh\u00e1za<br \/> <\/u><strong>A ZENE HANGJA<\/strong>, Howard Lindsay \u00e9s Russel Crouse librett\u00f3ja, Maria von Trapp &quot;A Trapp csal\u00e1d \u00e9nekeseinek t\u00f6rt\u00e9nete&quot; c\u00edm\u0171 reg\u00e9nye alapj\u00e1n, rendezte: Mihaela Bogdan<\/p>\n<p><u>Szombat, szeptember 7., 19:00 \u2013 Szakszervezeti Kult\u00farh\u00e1z<br \/> <\/u><strong>A ZENE HANGJA<\/strong>, Howard Lindsay \u00e9s Russel Crouse librett\u00f3ja, Maria von Trapp &quot;A Trapp csal\u00e1d \u00e9nekeseinek t\u00f6rt\u00e9nete&quot; c\u00edm\u0171 reg\u00e9nye alapj\u00e1n, rendezte: Mihaela Bogdan<\/p>\n<p><u>Vas\u00e1rnap, szeptember 8., 11:00 \u00e9s 13:00 \u2013 Arcadia Hall<\/u>\u00a0+3<u><br \/> <\/u><strong>PINOKKI\u00d3<\/strong>, Carlo Collodi alapj\u00e1n k\u00e9sz\u00fclt adapt\u00e1ci\u00f3, rendezte: Adela Moldovan<\/p>\n<p><u>Szerda, szeptember 18., 19:00 \u2013 Arcadia Hall<\/u>\u00a0+15<u><br \/> <\/u><strong>IULIA KISSZONY<\/strong>\u00a0August Strindberg, rendezte: Alexandru Weinberger-Bara<\/p>\n<p><u>Szombat, szeptember 21., 11:00 \u2013 Arcadia Hall<\/u>\u00a0+5<u><br \/> <\/u><strong>A SZ\u00c9PS\u00c9G \u00c9S A SZ\u00d6RNYETEG<\/strong>, J.M. Prince de Beaumont nyom\u00e1n, rendezte: Florian Silaghi<\/p>\n<p><u>Vas\u00e1rnap, szeptember 22., 11:00 \u2013 Arcadia Hall<\/u>\u00a0+5<u><br \/> <\/u><strong>A SZ\u00c9PS\u00c9G \u00c9S A SZ\u00d6RNYETEG<\/strong>, J.M. Prince de Beaumont nyom\u00e1n, rendezte: Florian Silaghi<\/p>\n<p><u>Vas\u00e1rnap, szeptember 22.\u00a0<\/u><u>19:00 \u2013 Arcadia Hall<\/u><br \/> <strong>EGY NAGYON EGYSZER\u0170 T\u00d6RT\u00c9NET<\/strong>\u00a0\u00edrta: Maria Lado, rendez\u0151: Elvira R\u00eembu<\/p>\n<p><u>Kedd, szeptember 24., 19:00 \u2013 Szakszervezetek Kult\u00farh\u00e1za<\/u>\u00a0<u><br \/> <\/u><strong>EGYETEMI TAN\u00c1R<\/strong><strong>` FELAD\u00d3\u00a0<\/strong><strong>FRANCIA<\/strong>, Matei Mircioane adapt\u00e1ci\u00f3ja Tudor Mu\u0219atescu ut\u00e1n, Rendezte: Dan Mirea<\/p>\n<p><u>Szombat, szeptember 28., 11:00 \u2013 Arcadia Hall<\/u> +5<strong><br \/> GULLIVER<\/strong>, Jonathan Swift adapt\u00e1ci\u00f3ja, Rendezte: Radu Dinulescu<\/p>\n<p>A jegyet v\u00e1s\u00e1rl\u00f3 n\u00e9z\u0151ket arra k\u00e9rj\u00fck, hogy keddt\u0151l p\u00e9ntekig 12:00-18:00 \u00f3ra k\u00f6z\u00f6tt, szombaton pedig 10:00-13:00 \u00f3ra k\u00f6z\u00f6tt f\u00e1radjanak a Sz\u00ednh\u00e1zi \u00dcgyn\u00f6ks\u00e9ghez (0372.386.475\/ rezervari@teatrulreginamaria.ro), hogy a jegyek \u00e9rt\u00e9k\u00e9t visszat\u00e9r\u00edts\u00e9k.<\/p>\n<p>Azok, akik online v\u00e1s\u00e1roltak jegyet <a href=\"http:\/\/www.biletmaster.ro\">www.biletmaster.ro<\/a> arra k\u00e9rik, hogy k\u00fcldjenek egy e-mailt a k\u00f6vetkez\u0151 c\u00edmre: <a href=\"mailto:biletmaster@eventim.ro\">biletmaster@eventim.ro<\/a> k\u00e9ri a megv\u00e1s\u00e1rolt jegyek \u00e1r\u00e1nak visszat\u00e9r\u00edt\u00e9s\u00e9t.<\/p>\n<p>K\u00f6sz\u00f6nj\u00fck meg\u00e9rt\u00e9s\u00e9t, \u00e9s eln\u00e9z\u00e9st k\u00e9r\u00fcnk az esetleges kellemetlens\u00e9gek\u00e9rt!<\/p>\n<p>Szeretettel v\u00e1rjuk \u00d6n\u00f6ket a Regina Maria Sz\u00ednh\u00e1z t\u00f6bbi el\u0151ad\u00e1s\u00e1n is!<\/p>","protected":false},"excerpt":{"rendered":"<p>Stima\u021bi spectatori, Trupa Iosif Vulcan se afl\u0103 \u00een situa\u021bia delicat\u0103 de a schimba programul de spectacole al lunii septembrie. Din cauza unor probleme de s\u0103n\u0103tate cu care se confrunt\u0103 un coleg din echipa artistic\u0103, suntem nevoi\u021bi s\u0103 anul\u0103m o serie de spectacole. Astfel, spectacolele \u00ceN INIMA NOP\u021aII \u2013 EPISODUL MACBETH (vineri, 20 septembrie), CAPCANA LUI [&hellip;]<\/p>\n","protected":false},"author":6,"featured_media":0,"comment_status":"open","ping_status":"open","sticky":false,"template":"","format":"standard","meta":{"_acf_changed":false,"footnotes":""},"categories":[22],"tags":[381],"class_list":["post-4226","post","type-post","status-publish","format-standard","hentry","category-noutati-trupa-iosif-vulcan","tag-noutati"],"aioseo_notices":[],"aioseo_head":"\n\t\t<!-- All in One SEO Pro 5.0.1.1 - aioseo.com -->\n\t<meta name=\"description\" content=\"Stima\u021bi spectatori, Trupa Iosif Vulcan se afl\u0103 \u00een situa\u021bia delicat\u0103 de a schimba programul de spectacole al lunii septembrie. Din cauza unor probleme de s\u0103n\u0103tate cu care se confrunt\u0103 un coleg din echipa artistic\u0103, suntem nevoi\u021bi s\u0103 anul\u0103m o serie de spectacole. Astfel, spectacolele \u00ceN INIMA NOP\u021aII \u2013 EPISODUL MACBETH (vineri, 20 septembrie), CAPCANA LUI\" \/>\n\t<meta name=\"robots\" content=\"max-image-preview:large\" \/>\n\t<meta name=\"author\" content=\"Teatrul Regina Maria\"\/>\n\t<link rel=\"canonical\" href=\"https:\/\/www.teatrulreginamaria.ro\/hu\/schimbari-in-programul-lunii-septembrie\/\" \/>\n\t<meta name=\"generator\" content=\"All in One SEO Pro (AIOSEO) 5.0.1.1\" \/>\n\t\t<meta property=\"og:locale\" content=\"hu_HU\" \/>\n\t\t<meta property=\"og:site_name\" content=\"Teatrul Regina Maria Oradea - Trupa Iosif Vulcan \u0219i Trupa Arcadia\" \/>\n\t\t<meta property=\"og:type\" content=\"article\" \/>\n\t\t<meta property=\"og:title\" content=\"Schimb\u0103ri \u00een programul lunii septembrie - Teatrul Regina Maria Oradea\" \/>\n\t\t<meta property=\"og:description\" content=\"Stima\u021bi spectatori, Trupa Iosif Vulcan se afl\u0103 \u00een situa\u021bia delicat\u0103 de a schimba programul de spectacole al lunii septembrie. Din cauza unor probleme de s\u0103n\u0103tate cu care se confrunt\u0103 un coleg din echipa artistic\u0103, suntem nevoi\u021bi s\u0103 anul\u0103m o serie de spectacole. Astfel, spectacolele \u00ceN INIMA NOP\u021aII \u2013 EPISODUL MACBETH (vineri, 20 septembrie), CAPCANA LUI\" \/>\n\t\t<meta property=\"og:url\" content=\"https:\/\/www.teatrulreginamaria.ro\/hu\/schimbari-in-programul-lunii-septembrie\/\" \/>\n\t\t<meta property=\"og:image\" content=\"https:\/\/www.teatrulreginamaria.ro\/wp-content\/uploads\/2025\/03\/trm-istoric-01.jpg\" \/>\n\t\t<meta property=\"og:image:secure_url\" content=\"https:\/\/www.teatrulreginamaria.ro\/wp-content\/uploads\/2025\/03\/trm-istoric-01.jpg\" \/>\n\t\t<meta property=\"og:image:width\" content=\"1200\" \/>\n\t\t<meta property=\"og:image:height\" content=\"800\" \/>\n\t\t<meta property=\"article:published_time\" content=\"2019-08-27T07:32:56+00:00\" \/>\n\t\t<meta property=\"article:modified_time\" content=\"2019-08-27T07:32:56+00:00\" \/>\n\t\t<meta property=\"article:publisher\" content=\"https:\/\/www.facebook.com\/TRMTrupaIosifVulcan\/\" \/>\n\t\t<meta name=\"twitter:card\" content=\"summary_large_image\" \/>\n\t\t<meta name=\"twitter:site\" content=\"@TRMOradea\" \/>\n\t\t<meta name=\"twitter:title\" content=\"Schimb\u0103ri \u00een programul lunii septembrie - Teatrul Regina Maria Oradea\" \/>\n\t\t<meta name=\"twitter:description\" content=\"Stima\u021bi spectatori, Trupa Iosif Vulcan se afl\u0103 \u00een situa\u021bia delicat\u0103 de a schimba programul de spectacole al lunii septembrie. Din cauza unor probleme de s\u0103n\u0103tate cu care se confrunt\u0103 un coleg din echipa artistic\u0103, suntem nevoi\u021bi s\u0103 anul\u0103m o serie de spectacole. Astfel, spectacolele \u00ceN INIMA NOP\u021aII \u2013 EPISODUL MACBETH (vineri, 20 septembrie), CAPCANA LUI\" \/>\n\t\t<meta name=\"twitter:creator\" content=\"@TRMOradea\" \/>\n\t\t<meta name=\"twitter:image\" content=\"https:\/\/www.teatrulreginamaria.ro\/wp-content\/uploads\/2025\/03\/trm-istoric-01.jpg\" \/>\n\t\t<script type=\"application\/ld+json\" class=\"aioseo-schema\">\n\t\t\t{\"@context\":\"https:\\\/\\\/schema.org\",\"@graph\":[{\"@type\":\"BlogPosting\",\"@id\":\"https:\\\/\\\/www.teatrulreginamaria.ro\\\/hu\\\/schimbari-in-programul-lunii-septembrie\\\/#blogposting\",\"name\":\"Schimb\\u0103ri \\u00een programul lunii septembrie - Teatrul Regina Maria Oradea\",\"headline\":\"Schimb\\u0103ri \\u00een programul lunii septembrie\",\"author\":{\"@id\":\"https:\\\/\\\/www.teatrulreginamaria.ro\\\/hu\\\/author\\\/w3bmaster\\\/#author\"},\"publisher\":{\"@id\":\"https:\\\/\\\/www.teatrulreginamaria.ro\\\/hu\\\/#organization\"},\"image\":{\"@type\":\"ImageObject\",\"url\":\"https:\\\/\\\/www.teatrulreginamaria.ro\\\/wp-content\\\/uploads\\\/2025\\\/06\\\/logo-trm-01-dark.png\",\"@id\":\"https:\\\/\\\/www.teatrulreginamaria.ro\\\/hu\\\/#articleImage\",\"width\":300,\"height\":148},\"datePublished\":\"2019-08-27T07:32:56+03:00\",\"dateModified\":\"2019-08-27T07:32:56+03:00\",\"inLanguage\":\"hu-HU\",\"mainEntityOfPage\":{\"@id\":\"https:\\\/\\\/www.teatrulreginamaria.ro\\\/hu\\\/schimbari-in-programul-lunii-septembrie\\\/#webpage\"},\"isPartOf\":{\"@id\":\"https:\\\/\\\/www.teatrulreginamaria.ro\\\/hu\\\/schimbari-in-programul-lunii-septembrie\\\/#webpage\"},\"articleSection\":\"Nout\\u0103\\u021bi - Trupa Iosif Vulcan, nout\\u0103\\u021bi\"},{\"@type\":\"BreadcrumbList\",\"@id\":\"https:\\\/\\\/www.teatrulreginamaria.ro\\\/hu\\\/schimbari-in-programul-lunii-septembrie\\\/#breadcrumblist\",\"itemListElement\":[{\"@type\":\"ListItem\",\"@id\":\"https:\\\/\\\/www.teatrulreginamaria.ro\\\/hu#listItem\",\"position\":1,\"name\":\"Home\",\"item\":\"https:\\\/\\\/www.teatrulreginamaria.ro\\\/hu\",\"nextItem\":{\"@type\":\"ListItem\",\"@id\":\"https:\\\/\\\/www.teatrulreginamaria.ro\\\/hu\\\/categorie\\\/noutati\\\/#listItem\",\"name\":\"Nout\\u0103\\u021bi\"}},{\"@type\":\"ListItem\",\"@id\":\"https:\\\/\\\/www.teatrulreginamaria.ro\\\/hu\\\/categorie\\\/noutati\\\/#listItem\",\"position\":2,\"name\":\"Nout\\u0103\\u021bi\",\"item\":\"https:\\\/\\\/www.teatrulreginamaria.ro\\\/hu\\\/categorie\\\/noutati\\\/\",\"nextItem\":{\"@type\":\"ListItem\",\"@id\":\"https:\\\/\\\/www.teatrulreginamaria.ro\\\/hu\\\/categorie\\\/noutati\\\/noutati-trupa-iosif-vulcan\\\/#listItem\",\"name\":\"Nout\\u0103\\u021bi - Trupa Iosif Vulcan\"},\"previousItem\":{\"@type\":\"ListItem\",\"@id\":\"https:\\\/\\\/www.teatrulreginamaria.ro\\\/hu#listItem\",\"name\":\"Home\"}},{\"@type\":\"ListItem\",\"@id\":\"https:\\\/\\\/www.teatrulreginamaria.ro\\\/hu\\\/categorie\\\/noutati\\\/noutati-trupa-iosif-vulcan\\\/#listItem\",\"position\":3,\"name\":\"Nout\\u0103\\u021bi - Trupa Iosif Vulcan\",\"item\":\"https:\\\/\\\/www.teatrulreginamaria.ro\\\/hu\\\/categorie\\\/noutati\\\/noutati-trupa-iosif-vulcan\\\/\",\"nextItem\":{\"@type\":\"ListItem\",\"@id\":\"https:\\\/\\\/www.teatrulreginamaria.ro\\\/hu\\\/schimbari-in-programul-lunii-septembrie\\\/#listItem\",\"name\":\"Schimb\\u0103ri \\u00een programul lunii septembrie\"},\"previousItem\":{\"@type\":\"ListItem\",\"@id\":\"https:\\\/\\\/www.teatrulreginamaria.ro\\\/hu\\\/categorie\\\/noutati\\\/#listItem\",\"name\":\"Nout\\u0103\\u021bi\"}},{\"@type\":\"ListItem\",\"@id\":\"https:\\\/\\\/www.teatrulreginamaria.ro\\\/hu\\\/schimbari-in-programul-lunii-septembrie\\\/#listItem\",\"position\":4,\"name\":\"Schimb\\u0103ri \\u00een programul lunii septembrie\",\"previousItem\":{\"@type\":\"ListItem\",\"@id\":\"https:\\\/\\\/www.teatrulreginamaria.ro\\\/hu\\\/categorie\\\/noutati\\\/noutati-trupa-iosif-vulcan\\\/#listItem\",\"name\":\"Nout\\u0103\\u021bi - Trupa Iosif Vulcan\"}}]},{\"@type\":\"Organization\",\"@id\":\"https:\\\/\\\/www.teatrulreginamaria.ro\\\/hu\\\/#organization\",\"name\":\"Teatrul Regina Maria Oradea\",\"description\":\"Trupa Iosif Vulcan \\u0219i Trupa Arcadia\",\"url\":\"https:\\\/\\\/www.teatrulreginamaria.ro\\\/hu\\\/\",\"email\":\"marketing@teatrulreginamaria.ro\",\"telephone\":\"+40359411534\",\"numberOfEmployees\":{\"@type\":\"QuantitativeValue\",\"minValue\":0,\"maxValue\":150},\"logo\":{\"@type\":\"ImageObject\",\"url\":\"https:\\\/\\\/www.teatrulreginamaria.ro\\\/wp-content\\\/uploads\\\/2025\\\/06\\\/logo-trm-01-dark.png\",\"@id\":\"https:\\\/\\\/www.teatrulreginamaria.ro\\\/hu\\\/schimbari-in-programul-lunii-septembrie\\\/#organizationLogo\",\"width\":300,\"height\":148},\"image\":{\"@id\":\"https:\\\/\\\/www.teatrulreginamaria.ro\\\/hu\\\/schimbari-in-programul-lunii-septembrie\\\/#organizationLogo\"},\"sameAs\":[\"https:\\\/\\\/www.facebook.com\\\/TRMTrupaIosifVulcan\\\/\",\"https:\\\/\\\/x.com\\\/TRMOradea\",\"https:\\\/\\\/www.instagram.com\\\/teatrul_regina_maria\\\/\",\"https:\\\/\\\/www.youtube.com\\\/c\\\/TeatrulReginaMariaOradea\",\"https:\\\/\\\/www.linkedin.com\\\/company\\\/teatrul-regina-maria\"]},{\"@type\":\"Person\",\"@id\":\"https:\\\/\\\/www.teatrulreginamaria.ro\\\/hu\\\/author\\\/w3bmaster\\\/#author\",\"url\":\"https:\\\/\\\/www.teatrulreginamaria.ro\\\/hu\\\/author\\\/w3bmaster\\\/\",\"name\":\"Teatrul Regina Maria\",\"image\":{\"@type\":\"ImageObject\",\"@id\":\"https:\\\/\\\/www.teatrulreginamaria.ro\\\/hu\\\/schimbari-in-programul-lunii-septembrie\\\/#authorImage\",\"url\":\"https:\\\/\\\/secure.gravatar.com\\\/avatar\\\/5884139d508ae3f0bafe45e60563b48a9640146d3b08ccc6278c305ff9329305?s=96&d=mm&r=g\",\"width\":96,\"height\":96,\"caption\":\"Teatrul Regina Maria\"}},{\"@type\":\"WebPage\",\"@id\":\"https:\\\/\\\/www.teatrulreginamaria.ro\\\/hu\\\/schimbari-in-programul-lunii-septembrie\\\/#webpage\",\"url\":\"https:\\\/\\\/www.teatrulreginamaria.ro\\\/hu\\\/schimbari-in-programul-lunii-septembrie\\\/\",\"name\":\"Schimb\\u0103ri \\u00een programul lunii septembrie - Teatrul Regina Maria Oradea\",\"description\":\"Stima\\u021bi spectatori, Trupa Iosif Vulcan se afl\\u0103 \\u00een situa\\u021bia delicat\\u0103 de a schimba programul de spectacole al lunii septembrie. Din cauza unor probleme de s\\u0103n\\u0103tate cu care se confrunt\\u0103 un coleg din echipa artistic\\u0103, suntem nevoi\\u021bi s\\u0103 anul\\u0103m o serie de spectacole. Astfel, spectacolele \\u00ceN INIMA NOP\\u021aII \\u2013 EPISODUL MACBETH (vineri, 20 septembrie), CAPCANA LUI\",\"inLanguage\":\"hu-HU\",\"isPartOf\":{\"@id\":\"https:\\\/\\\/www.teatrulreginamaria.ro\\\/hu\\\/#website\"},\"breadcrumb\":{\"@id\":\"https:\\\/\\\/www.teatrulreginamaria.ro\\\/hu\\\/schimbari-in-programul-lunii-septembrie\\\/#breadcrumblist\"},\"author\":{\"@id\":\"https:\\\/\\\/www.teatrulreginamaria.ro\\\/hu\\\/author\\\/w3bmaster\\\/#author\"},\"creator\":{\"@id\":\"https:\\\/\\\/www.teatrulreginamaria.ro\\\/hu\\\/author\\\/w3bmaster\\\/#author\"},\"datePublished\":\"2019-08-27T07:32:56+03:00\",\"dateModified\":\"2019-08-27T07:32:56+03:00\"},{\"@type\":\"WebSite\",\"@id\":\"https:\\\/\\\/www.teatrulreginamaria.ro\\\/hu\\\/#website\",\"url\":\"https:\\\/\\\/www.teatrulreginamaria.ro\\\/hu\\\/\",\"name\":\"Teatrul Regina Maria Oradea\",\"alternateName\":\"TRM Oradea\",\"description\":\"Trupa Iosif Vulcan \\u0219i Trupa Arcadia\",\"inLanguage\":\"hu-HU\",\"publisher\":{\"@id\":\"https:\\\/\\\/www.teatrulreginamaria.ro\\\/hu\\\/#organization\"}}]}\n\t\t<\/script>\n\t\t<!-- All in One SEO Pro -->\r\n\t\t<title>Schimb\u0103ri \u00een programul lunii septembrie - Teatrul Regina Maria Oradea<\/title>\n\n","aioseo_head_json":{"title":"V\u00e1ltoz\u00e1sok a szeptemberi programban - Regina Maria Sz\u00ednh\u00e1z, Nagyv\u00e1radi","description":"Kedves n\u00e9z\u0151k! A Iosif Vulcan T\u00e1rsulat k\u00e9nyes helyzetben van, mivel m\u00f3dos\u00edtja a szeptemberi el\u0151ad\u00e1sok programj\u00e1t. A m\u0171v\u00e9szeti csapat egyik tagj\u00e1nak eg\u00e9szs\u00e9g\u00fcgyi probl\u00e9m\u00e1i miatt k\u00e9nytelenek vagyunk lemondani egy sor el\u0151ad\u00e1st. \u00cdgy az \u00c9JSZAKA SZ\u00cdV\u00c9BEN \u2013 A MACBETH-EPIZ\u00d3D (szeptember 20., p\u00e9ntek), az \u0150 CSAPDA... c\u00edm\u0171 el\u0151ad\u00e1sok...","canonical_url":"https:\/\/www.teatrulreginamaria.ro\/hu\/schimbari-in-programul-lunii-septembrie\/","robots":"max-image-preview:large","keywords":"","webmasterTools":{"miscellaneous":""},"schema":{"@context":"https:\/\/schema.org","@graph":[{"@type":"BlogPosting","@id":"https:\/\/www.teatrulreginamaria.ro\/hu\/schimbari-in-programul-lunii-septembrie\/#blogposting","name":"Schimb\u0103ri \u00een programul lunii septembrie - Teatrul Regina Maria Oradea","headline":"Schimb\u0103ri \u00een programul lunii septembrie","author":{"@id":"https:\/\/www.teatrulreginamaria.ro\/hu\/author\/w3bmaster\/#author"},"publisher":{"@id":"https:\/\/www.teatrulreginamaria.ro\/hu\/#organization"},"image":{"@type":"ImageObject","url":"https:\/\/www.teatrulreginamaria.ro\/wp-content\/uploads\/2025\/06\/logo-trm-01-dark.png","@id":"https:\/\/www.teatrulreginamaria.ro\/hu\/#articleImage","width":300,"height":148},"datePublished":"2019-08-27T07:32:56+03:00","dateModified":"2019-08-27T07:32:56+03:00","inLanguage":"hu-HU","mainEntityOfPage":{"@id":"https:\/\/www.teatrulreginamaria.ro\/hu\/schimbari-in-programul-lunii-septembrie\/#webpage"},"isPartOf":{"@id":"https:\/\/www.teatrulreginamaria.ro\/hu\/schimbari-in-programul-lunii-septembrie\/#webpage"},"articleSection":"Nout\u0103\u021bi - Trupa Iosif Vulcan, nout\u0103\u021bi"},{"@type":"BreadcrumbList","@id":"https:\/\/www.teatrulreginamaria.ro\/hu\/schimbari-in-programul-lunii-septembrie\/#breadcrumblist","itemListElement":[{"@type":"ListItem","@id":"https:\/\/www.teatrulreginamaria.ro\/hu#listItem","position":1,"name":"Home","item":"https:\/\/www.teatrulreginamaria.ro\/hu","nextItem":{"@type":"ListItem","@id":"https:\/\/www.teatrulreginamaria.ro\/hu\/categorie\/noutati\/#listItem","name":"Nout\u0103\u021bi"}},{"@type":"ListItem","@id":"https:\/\/www.teatrulreginamaria.ro\/hu\/categorie\/noutati\/#listItem","position":2,"name":"Nout\u0103\u021bi","item":"https:\/\/www.teatrulreginamaria.ro\/hu\/categorie\/noutati\/","nextItem":{"@type":"ListItem","@id":"https:\/\/www.teatrulreginamaria.ro\/hu\/categorie\/noutati\/noutati-trupa-iosif-vulcan\/#listItem","name":"Nout\u0103\u021bi - Trupa Iosif Vulcan"},"previousItem":{"@type":"ListItem","@id":"https:\/\/www.teatrulreginamaria.ro\/hu#listItem","name":"Home"}},{"@type":"ListItem","@id":"https:\/\/www.teatrulreginamaria.ro\/hu\/categorie\/noutati\/noutati-trupa-iosif-vulcan\/#listItem","position":3,"name":"Nout\u0103\u021bi - Trupa Iosif Vulcan","item":"https:\/\/www.teatrulreginamaria.ro\/hu\/categorie\/noutati\/noutati-trupa-iosif-vulcan\/","nextItem":{"@type":"ListItem","@id":"https:\/\/www.teatrulreginamaria.ro\/hu\/schimbari-in-programul-lunii-septembrie\/#listItem","name":"Schimb\u0103ri \u00een programul lunii septembrie"},"previousItem":{"@type":"ListItem","@id":"https:\/\/www.teatrulreginamaria.ro\/hu\/categorie\/noutati\/#listItem","name":"Nout\u0103\u021bi"}},{"@type":"ListItem","@id":"https:\/\/www.teatrulreginamaria.ro\/hu\/schimbari-in-programul-lunii-septembrie\/#listItem","position":4,"name":"Schimb\u0103ri \u00een programul lunii septembrie","previousItem":{"@type":"ListItem","@id":"https:\/\/www.teatrulreginamaria.ro\/hu\/categorie\/noutati\/noutati-trupa-iosif-vulcan\/#listItem","name":"Nout\u0103\u021bi - Trupa Iosif Vulcan"}}]},{"@type":"Organization","@id":"https:\/\/www.teatrulreginamaria.ro\/hu\/#organization","name":"Teatrul Regina Maria Oradea","description":"Trupa Iosif Vulcan \u0219i Trupa Arcadia","url":"https:\/\/www.teatrulreginamaria.ro\/hu\/","email":"marketing@teatrulreginamaria.ro","telephone":"+40359411534","numberOfEmployees":{"@type":"QuantitativeValue","minValue":0,"maxValue":150},"logo":{"@type":"ImageObject","url":"https:\/\/www.teatrulreginamaria.ro\/wp-content\/uploads\/2025\/06\/logo-trm-01-dark.png","@id":"https:\/\/www.teatrulreginamaria.ro\/hu\/schimbari-in-programul-lunii-septembrie\/#organizationLogo","width":300,"height":148},"image":{"@id":"https:\/\/www.teatrulreginamaria.ro\/hu\/schimbari-in-programul-lunii-septembrie\/#organizationLogo"},"sameAs":["https:\/\/www.facebook.com\/TRMTrupaIosifVulcan\/","https:\/\/x.com\/TRMOradea","https:\/\/www.instagram.com\/teatrul_regina_maria\/","https:\/\/www.youtube.com\/c\/TeatrulReginaMariaOradea","https:\/\/www.linkedin.com\/company\/teatrul-regina-maria"]},{"@type":"Person","@id":"https:\/\/www.teatrulreginamaria.ro\/hu\/author\/w3bmaster\/#author","url":"https:\/\/www.teatrulreginamaria.ro\/hu\/author\/w3bmaster\/","name":"Teatrul Regina Maria","image":{"@type":"ImageObject","@id":"https:\/\/www.teatrulreginamaria.ro\/hu\/schimbari-in-programul-lunii-septembrie\/#authorImage","url":"https:\/\/secure.gravatar.com\/avatar\/5884139d508ae3f0bafe45e60563b48a9640146d3b08ccc6278c305ff9329305?s=96&d=mm&r=g","width":96,"height":96,"caption":"Teatrul Regina Maria"}},{"@type":"WebPage","@id":"https:\/\/www.teatrulreginamaria.ro\/hu\/schimbari-in-programul-lunii-septembrie\/#webpage","url":"https:\/\/www.teatrulreginamaria.ro\/hu\/schimbari-in-programul-lunii-septembrie\/","name":"Schimb\u0103ri \u00een programul lunii septembrie - Teatrul Regina Maria Oradea","description":"Stima\u021bi spectatori, Trupa Iosif Vulcan se afl\u0103 \u00een situa\u021bia delicat\u0103 de a schimba programul de spectacole al lunii septembrie. Din cauza unor probleme de s\u0103n\u0103tate cu care se confrunt\u0103 un coleg din echipa artistic\u0103, suntem nevoi\u021bi s\u0103 anul\u0103m o serie de spectacole. Astfel, spectacolele \u00ceN INIMA NOP\u021aII \u2013 EPISODUL MACBETH (vineri, 20 septembrie), CAPCANA LUI","inLanguage":"hu-HU","isPartOf":{"@id":"https:\/\/www.teatrulreginamaria.ro\/hu\/#website"},"breadcrumb":{"@id":"https:\/\/www.teatrulreginamaria.ro\/hu\/schimbari-in-programul-lunii-septembrie\/#breadcrumblist"},"author":{"@id":"https:\/\/www.teatrulreginamaria.ro\/hu\/author\/w3bmaster\/#author"},"creator":{"@id":"https:\/\/www.teatrulreginamaria.ro\/hu\/author\/w3bmaster\/#author"},"datePublished":"2019-08-27T07:32:56+03:00","dateModified":"2019-08-27T07:32:56+03:00"},{"@type":"WebSite","@id":"https:\/\/www.teatrulreginamaria.ro\/hu\/#website","url":"https:\/\/www.teatrulreginamaria.ro\/hu\/","name":"Teatrul Regina Maria Oradea","alternateName":"TRM Oradea","description":"Trupa Iosif Vulcan \u0219i Trupa Arcadia","inLanguage":"hu-HU","publisher":{"@id":"https:\/\/www.teatrulreginamaria.ro\/hu\/#organization"}}]},"og:locale":"hu_HU","og:site_name":"Teatrul Regina Maria Oradea - Trupa Iosif Vulcan \u0219i Trupa Arcadia","og:type":"article","og:title":"Schimb\u0103ri \u00een programul lunii septembrie - Teatrul Regina Maria Oradea","og:description":"Stima\u021bi spectatori, Trupa Iosif Vulcan se afl\u0103 \u00een situa\u021bia delicat\u0103 de a schimba programul de spectacole al lunii septembrie. Din cauza unor probleme de s\u0103n\u0103tate cu care se confrunt\u0103 un coleg din echipa artistic\u0103, suntem nevoi\u021bi s\u0103 anul\u0103m o serie de spectacole. Astfel, spectacolele \u00ceN INIMA NOP\u021aII \u2013 EPISODUL MACBETH (vineri, 20 septembrie), CAPCANA LUI","og:url":"https:\/\/www.teatrulreginamaria.ro\/hu\/schimbari-in-programul-lunii-septembrie\/","og:image":"https:\/\/www.teatrulreginamaria.ro\/wp-content\/uploads\/2025\/03\/trm-istoric-01.jpg","og:image:secure_url":"https:\/\/www.teatrulreginamaria.ro\/wp-content\/uploads\/2025\/03\/trm-istoric-01.jpg","og:image:width":1200,"og:image:height":800,"article:published_time":"2019-08-27T07:32:56+00:00","article:modified_time":"2019-08-27T07:32:56+00:00","article:publisher":"https:\/\/www.facebook.com\/TRMTrupaIosifVulcan\/","twitter:card":"summary_large_image","twitter:site":"@TRMOradea","twitter:title":"Schimb\u0103ri \u00een programul lunii septembrie - Teatrul Regina Maria Oradea","twitter:description":"Stima\u021bi spectatori, Trupa Iosif Vulcan se afl\u0103 \u00een situa\u021bia delicat\u0103 de a schimba programul de spectacole al lunii septembrie. Din cauza unor probleme de s\u0103n\u0103tate cu care se confrunt\u0103 un coleg din echipa artistic\u0103, suntem nevoi\u021bi s\u0103 anul\u0103m o serie de spectacole. Astfel, spectacolele \u00ceN INIMA NOP\u021aII \u2013 EPISODUL MACBETH (vineri, 20 septembrie), CAPCANA LUI","twitter:creator":"@TRMOradea","twitter:image":"https:\/\/www.teatrulreginamaria.ro\/wp-content\/uploads\/2025\/03\/trm-istoric-01.jpg"},"aioseo_meta_data":{"post_id":"4226","title":null,"description":null,"keywords":null,"keyphrases":null,"primary_term":null,"canonical_url":null,"og_title":null,"og_description":null,"og_object_type":"default","og_image_type":"default","og_image_url":null,"og_image_width":null,"og_image_height":null,"og_image_custom_url":null,"og_image_custom_fields":null,"og_video":null,"og_custom_url":null,"og_article_section":null,"og_article_tags":null,"twitter_use_og":false,"twitter_card":"default","twitter_image_type":"default","twitter_image_url":null,"twitter_image_custom_url":null,"twitter_image_custom_fields":null,"twitter_title":null,"twitter_description":null,"schema":{"blockGraphs":[],"customGraphs":[],"default":{"data":{"Article":[],"Course":[],"Dataset":[],"FAQPage":[],"Movie":[],"Person":[],"Product":[],"ProductReview":[],"Car":[],"Recipe":[],"Service":[],"SoftwareApplication":[],"WebPage":[]},"graphName":"","isEnabled":true},"graphs":[]},"schema_type":"default","schema_type_options":null,"pillar_content":false,"robots_default":true,"robots_noindex":false,"robots_noarchive":false,"robots_nosnippet":false,"robots_nofollow":false,"robots_noimageindex":false,"robots_noodp":false,"robots_notranslate":false,"robots_max_snippet":null,"robots_max_videopreview":null,"robots_max_imagepreview":"large","priority":null,"frequency":null,"local_seo":null,"seo_analyzer_scan_date":"2026-05-13 02:22:51","breadcrumb_settings":null,"limit_modified_date":false,"reviewed_by":null,"open_ai":null,"ai":null,"created":"2025-04-09 17:42:42","updated":"2026-05-13 02:22:51","focus_keyword":null,"additional_keywords":null,"truseo_locale":null},"aioseo_breadcrumb":"<div class=\"aioseo-breadcrumbs\"><span class=\"aioseo-breadcrumb\">\n\t<a href=\"https:\/\/www.teatrulreginamaria.ro\/hu\" title=\"Home\">Home<\/a>\n<\/span><span class=\"aioseo-breadcrumb-separator\">&raquo;<\/span><span class=\"aioseo-breadcrumb\">\n\t<a href=\"https:\/\/www.teatrulreginamaria.ro\/hu\/categorie\/noutati\/\" title=\"Nout\u0103\u021bi\">Nout\u0103\u021bi<\/a>\n<\/span><span class=\"aioseo-breadcrumb-separator\">&raquo;<\/span><span class=\"aioseo-breadcrumb\">\n\t<a href=\"https:\/\/www.teatrulreginamaria.ro\/hu\/categorie\/noutati\/noutati-trupa-iosif-vulcan\/\" title=\"Nout\u0103\u021bi - Trupa Iosif Vulcan\">Nout\u0103\u021bi - Trupa Iosif Vulcan<\/a>\n<\/span><span class=\"aioseo-breadcrumb-separator\">&raquo;<\/span><span class=\"aioseo-breadcrumb\">\n\tSchimb\u0103ri \u00een programul lunii septembrie\n<\/span><\/div>","aioseo_breadcrumb_json":[{"label":"Home","link":"https:\/\/www.teatrulreginamaria.ro\/hu"},{"label":"Nout\u0103\u021bi","link":"https:\/\/www.teatrulreginamaria.ro\/hu\/categorie\/noutati\/"},{"label":"Nout\u0103\u021bi - Trupa Iosif Vulcan","link":"https:\/\/www.teatrulreginamaria.ro\/hu\/categorie\/noutati\/noutati-trupa-iosif-vulcan\/"},{"label":"Schimb\u0103ri \u00een programul lunii septembrie","link":"https:\/\/www.teatrulreginamaria.ro\/hu\/schimbari-in-programul-lunii-septembrie\/"}],"acf":[],"_links":{"self":[{"href":"https:\/\/www.teatrulreginamaria.ro\/hu\/wp-json\/wp\/v2\/posts\/4226","targetHints":{"allow":["GET"]}}],"collection":[{"href":"https:\/\/www.teatrulreginamaria.ro\/hu\/wp-json\/wp\/v2\/posts"}],"about":[{"href":"https:\/\/www.teatrulreginamaria.ro\/hu\/wp-json\/wp\/v2\/types\/post"}],"author":[{"embeddable":true,"href":"https:\/\/www.teatrulreginamaria.ro\/hu\/wp-json\/wp\/v2\/users\/6"}],"replies":[{"embeddable":true,"href":"https:\/\/www.teatrulreginamaria.ro\/hu\/wp-json\/wp\/v2\/comments?post=4226"}],"version-history":[{"count":0,"href":"https:\/\/www.teatrulreginamaria.ro\/hu\/wp-json\/wp\/v2\/posts\/4226\/revisions"}],"wp:attachment":[{"href":"https:\/\/www.teatrulreginamaria.ro\/hu\/wp-json\/wp\/v2\/media?parent=4226"}],"wp:term":[{"taxonomy":"category","embeddable":true,"href":"https:\/\/www.teatrulreginamaria.ro\/hu\/wp-json\/wp\/v2\/categories?post=4226"},{"taxonomy":"post_tag","embeddable":true,"href":"https:\/\/www.teatrulreginamaria.ro\/hu\/wp-json\/wp\/v2\/tags?post=4226"}],"curies":[{"name":"munkaf\u00fczet","href":"https:\/\/api.w.org\/{rel}","templated":true}]}}