{"id":4417,"date":"2018-12-03T22:00:00","date_gmt":"2018-12-03T22:00:00","guid":{"rendered":"https:\/\/teatrulreginamaria.ro\/2018\/12\/03\/avalansa-04-decembrie-2018-mircea-morariu-yorick-ro\/"},"modified":"2018-12-03T22:00:00","modified_gmt":"2018-12-03T22:00:00","slug":"lavina-2018-december-04-mircea-morariu-yorick-ro","status":"publish","type":"post","link":"https:\/\/www.teatrulreginamaria.ro\/hu\/avalansa-04-decembrie-2018-mircea-morariu-yorick-ro\/","title":{"rendered":"lavina: 2018. december 4. \u2013 Mircea Morariu (Yorick.ro)"},"content":{"rendered":"<p>Sz\u00f6vegszerz\u0151: Mircea Morariu<br \/>Vettem innen\u00a0<a href=\"https:\/\/yorick.ro\/avalansa-si-codul-rosu-al-fiintei\/\">Yorick.ro<\/a><\/p>\n<p>Tuncer C\u00fcceno\u011flu, a darab szerz\u0151j\u00e9nek vallom\u00e1sa\u00a0<em>Lavina<\/em>, amely a nagyv\u00e1radi m\u0171sor csarnokf\u00fczet\u00e9ben jelent meg, egy\u00e9rtelm\u0171s\u00edti, hogy az \u00edr\u00e1s val\u00f3s t\u00e9nyen alapul. Amir\u0151l a dr\u00e1ma\u00edr\u00f3 valamikor 1987-ben szerzett tudom\u00e1st. Valahol Kelet-Anat\u00f3li\u00e1ban van egy kisv\u00e1ros, hegyekkel k\u00f6r\u00fclv\u00e9ve, ahol az embereket er\u0151s el\u0151\u00edt\u00e9letekkel \u00e1titatott t\u00f6rv\u00e9nyek k\u00e9nyszer\u00edtik arra, hogy suttogva besz\u00e9ljenek. Legal\u00e1bb \u00e9vente n\u00e9h\u00e1ny h\u00f3napig. Nem az\u00e9rt, mert titkokat \u0151riznek, amelyeknek \u00edgy is kell maradniuk, hanem az\u00e9rt, hogy megv\u00e9dj\u00e9k magukat egy lavina vesz\u00e9ly\u00e9t\u0151l. \u00c9vente h\u00e1rom h\u00f3napban hevesen havazik a sz\u00f3ban forg\u00f3 ter\u00fcleten, \u00e9s b\u00e1rmilyen ellen\u0151rizetlen zaj katasztr\u00f3f\u00e1t okozhat.<\/p>\n<p><!--more--><\/p>\n<p>De nem csak err\u0151l van sz\u00f3. A lavina k\u00fcsz\u00f6b\u00f6n \u00e1ll\u00f3 esem\u00e9nye uralkod\u00f3, furcsa, term\u00e9szetellenes nyomot hagyott a sz\u00f3ban forg\u00f3 telep\u00fcl\u00e9s lak\u00f3inak eg\u00e9sz \u00e9let\u00e9n. A mentalit\u00e1son t\u00fal, mindanon t\u00fal, amit a k\u00f6z- \u00e9s a mag\u00e1n\u00e9let jelent, a l\u00e9t bens\u0151s\u00e9gess\u00e9g\u00e9n t\u00fal. M\u00e9g az esk\u00fcv\u0151ket \u00e9s a sz\u00fclet\u00e9seket is a megfelel\u0151 term\u00e9szetes d\u00e1tum szerint id\u0151z\u00edtik, v\u00e9gzetszer\u0171s\u00e9gnek tekintve, amelyre az emberek a l\u00e9ny\u00fcket ural\u00f3 f\u00e9lelemmel \u00e9s drakonikus viselked\u00e9si norm\u00e1kkal reag\u00e1lnak, amelyek szigor\u00fa betart\u00e1s\u00e1t \u201ebizotts\u00e1gok \u00e9s bizotts\u00e1gok\u201d fel\u00fcgyelik, amelyek \u201emagatart\u00e1sa\u201d a legtiszt\u00e1bb k\u00f6z\u00e9pkori eredet\u0171.<\/p>\n<p>Tuncer C\u00fcceno\u011flu darabja egy kr\u00edzispillanatot ragad meg, egy kiv\u00e9teles helyzetet, amelynek megold\u00e1sa egy kiv\u00e9teles kegyetlens\u00e9g \u201ev\u00f6r\u00f6s k\u00f3dex\u00e9nek\u201d aktiv\u00e1l\u00e1s\u00e1t ig\u00e9nyeln\u00e9, amelynek betart\u00e1s\u00e1t a falu b\u00e1baasszonya \u00e9s az id\u0151sek tan\u00e1csa biztos\u00edtja. A szigor\u00faan meghat\u00e1rozott \u00e9ves intervallumokon k\u00edv\u00fcli sz\u00fclet\u00e9seket meg kell \u00e1ll\u00edtani, k\u00e9t \u00e9letet, az anya \u00e9s a gyermek \u00e9let\u00e9t kell fel\u00e1ldozni, hogy cser\u00e9be megments\u00fck a k\u00f6z\u00f6ss\u00e9g t\u00f6bbi tagj\u00e1nak \u00e9let\u00e9t. Aki a sz\u00f3ban forg\u00f3 szab\u00e1lyok ellen k\u00fczd, az a saj\u00e1t \u00e9let\u00e9vel fizet a mer\u00e9szs\u00e9g\u00e9\u00e9rt.<\/p>\n<p>A kegyetlen val\u00f3s\u00e1g mindezen elemei lehet\u0151v\u00e9 tett\u00e9k a t\u00f6r\u00f6k dr\u00e1ma\u00edr\u00f3 sz\u00e1m\u00e1ra, hogy egy elv\u00e1r\u00e1sr\u00f3l, el\u0151\u00edt\u00e9letr\u0151l, gy\u00e1vas\u00e1gr\u00f3l \u00e9s f\u00e9lelemr\u0151l sz\u00f3l\u00f3 darabot \u00edrjon. A v\u00e9gzetess\u00e9ggel val\u00f3 megb\u00e9k\u00e9l\u00e9s k\u00f6vetkezm\u00e9nyeir\u0151l, a tehetetlens\u00e9g megal\u00e1ztat\u00e1s\u00e1r\u00f3l \u00e9s term\u00e9szetelleness\u00e9g\u00e9r\u0151l, \u00e9s arr\u00f3l, hogy mit jelent megk\u00e9rd\u0151jelezni\/megk\u00e9rd\u0151jelezni mindazt, ami az emberi l\u00e9ny szabads\u00e1g\u00e1t korl\u00e1toz\u00f3 szab\u00e1lyokat jelenti.\u00a0<em>Lavina\u00a0<\/em>Ez egy p\u00e9ld\u00e1zatj\u00e1t\u00e9k, egy ki\u00e1ltv\u00e1nyj\u00e1t\u00e9k, felh\u00edv\u00e1s az \u00e9rtelemre \u00e9s a normalit\u00e1sra.<\/p>\n<p>Mindezek a lend\u00fcletes \u00f6tletek megtal\u00e1lhat\u00f3k Petru Vutc\u0103r\u0103u rendez\u00e9s\u00e9ben a \u201eRegina Maria\u201d Sz\u00ednh\u00e1zban megrendezett el\u0151ad\u00e1sban. A szerepl\u0151k suttogva besz\u00e9lnek, a jelenetet hatalmas, ellens\u00e9ges, bar\u00e1ts\u00e1gtalan feh\u00e9rs\u00e9g bor\u00edtja, aminek kev\u00e9s k\u00f6ze van az igazi tisztas\u00e1ghoz. Mi, n\u00e9z\u0151k is feh\u00e9r k\u00f6penyt viselhet\u00fcnk, \u00edgy v\u00e1lva a k\u00f6rnyezet r\u00e9sz\u00e9v\u00e9. Ianis Vasilatos al\u00e1\u00edr\u00e1s\u00e1val k\u00e9sz\u00fclt. A darab a realizmus hat\u00e1r\u00e1n fogant \u2013 k\u00f6vetkezetess\u00e9get adnak neki a m\u00e9rleg nyelv\u00e9n \u0151rl\u0151d\u0151 csal\u00e1d k\u00e9pvisel\u0151i, az \u00e1ltal\u00e1nosan Fiatalembernek, Fiatal N\u0151nek, F\u00e9rfinak, N\u0151nek, B\u00e1baasszonynak nevezett szem\u00e9lyek, valamint a tekint\u00e9lyszem\u00e9lyek, v\u00e9lem\u00e9nyem szerint kiss\u00e9 s\u0171r\u0151ek, megjelen\u00e9s\u00fckben t\u00fal hasonl\u00f3ak az emberekhez.\u00a0<em>Klu-Klux-Klan<\/em>vagy egyes barb\u00e1r k\u00f6z\u00f6ss\u00e9gek\u00e9, aminek az eredm\u00e9nye egy demonstrat\u00edv, t\u00falzott s\u0171r\u0171s\u00f6d\u00e9s, melynek \u201ebeteljes\u00fcl\u00e9s\u00e9hez\u201d az Amalia Buie \u00e1ltal alkotott jelmezek hozz\u00e1j\u00e1rulnak \u2013 \u00e9s az irrealit\u00e1s (azok szellemei, akik a t\u00e1voli id\u0151kben megfizettek a dogma tiszteletlens\u00e9g\u00e9nek b\u0171n\u00e9\u00e9rt). A szerkeszt\u00e9s nagy probl\u00e9m\u00e1ja, hogy nem azonos\u00edtott olyan megold\u00e1sokat, amelyek megv\u00e9den\u00e9k a monot\u00f3nia vesz\u00e9ly\u00e9t\u0151l. Nem t\u00fal kellemes t\u00f6bb mint egy \u00f3r\u00e1n \u00e1t csak suttog\u00e1st hallani, tov\u00e1bbi, vizu\u00e1lis \u00e9s audit\u00edv eszk\u00f6z\u00f6ket kellett volna tal\u00e1lni a nyom\u00e1s, a f\u00e9lelem, az elszem\u00e9lytelened\u00e9s sugall\u00e1s\u00e1ra. Olyan hozz\u00e1\u00e1ll\u00e1s, amelyet v\u00e1ratlanul r\u00e1k\u00e9nyszer\u00edt egy fiatalember l\u00e1zad\u00e1sa, aki megmenti feles\u00e9g\u00e9t, meg nem sz\u00fcletett gyermek\u00e9t, \u00e9s es\u00e9lyt ad a k\u00f6z\u00f6ss\u00e9gnek, hogy visszanyerje bizalm\u00e1t \u00f6nmag\u00e1ban \u00e9s az \u00e9letben. Ebben az \u00e9rtelemben \u00e9rt\u00e9keltem a z\u00f6ld megold\u00e1s\u00e1t, a vasf\u00fcgg\u00f6ny fellebbent\u00e9s\u00e9t, a szoba, a gyermek jelenl\u00e9t\u00e9nek helye fel\u00e9 ir\u00e1nyul\u00f3 perspekt\u00edv\u00e1t, amelyet az \u00e9let szimb\u00f3lumak\u00e9nt \u00e9rtelmeztek.<\/p>\n<p>A sz\u00edn\u00e9szek, n\u00e9h\u00e1ny kiv\u00e9telt\u0151l eltekintve \u2013 melyek k\u00f6z\u00fcl a legkiemelked\u0151bb a Ciprian Ciuciu \u00e1ltal j\u00f3l alak\u00edtott Fiatalember \u2013 ink\u00e1bb attit\u0171dkaraktereket, mint emberi karaktereket alak\u00edtanak. \u00c9s itt azt hiszem, tov\u00e1bbi \u00e1rnyalatokra, iriz\u00e1l\u00f3 hat\u00e1sokra lett volna sz\u00fcks\u00e9g. Ez valami m\u00e1st jelent, mint a hangok \u00e9s a gesztusok. T\u00f6bbet akartam, mint puszt\u00e1n egy k\u00e9pzeletbeli furcsas\u00e1got. Azokra az elemekre v\u00e1rtam, amelyek k\u00f6zvet\u00edtik a cenz\u00fara azon er\u0151fesz\u00edt\u00e9s\u00e9t, amelynek az \u00e9rz\u00e9s, az emberis\u00e9g al\u00e1 van vetve. A rendez\u0151 \u00e1ltal be\u00e1ll\u00edtott k\u00e9pkock\u00e1kban Petre Ghimb\u0103\u0219an, Corina Cernea, Consuela Egyed, \u0218erban Borda, Gabriela Codrea, Mirela Lupu, Andrian Locovei, Anca Sigmirean, Nicolae Seg\u0103rceanu, Georgia C\u0103pr\u0103rin, Alin Stanciu, Ion Crusanic\u0103u Seg\u0103rce Lianu-Popa \u0151szint\u00e9n teljes\u00edtik k\u00f6teless\u00e9g\u00fcket.<\/p>","protected":false},"excerpt":{"rendered":"<p>Autor text: Mircea MorariuPreluat de pe\u00a0Yorick.ro O m\u0103rturisire a lui Tuncer C\u00fcceno\u011flu, autorul piesei\u00a0Avalan\u0219a, publicat\u0103 \u00een caietul de sal\u0103 al spectacolului or\u0103dean, ne l\u0103mure\u0219te c\u0103 scrierea se fundamenteaz\u0103 pe un fapt real. De care dramaturgul a aflat c\u00e2ndva, prin 1987. Undeva, \u00een Estul Anatoliei, ar exista o localitate mic\u0103, \u00eenconjurat\u0103 de mun\u021bi, unde oamenii sunt [&hellip;]<\/p>\n","protected":false},"author":6,"featured_media":0,"comment_status":"open","ping_status":"open","sticky":false,"template":"","format":"standard","meta":{"_acf_changed":false,"footnotes":""},"categories":[213],"tags":[388,384,383,385],"class_list":["post-4417","post","type-post","status-publish","format-standard","hentry","category-aparitii-media","tag-avalansa","tag-critica","tag-cronica","tag-mircea-morariu"],"aioseo_notices":[],"aioseo_head":"\n\t\t<!-- All in One SEO Pro 5.0.1.1 - aioseo.com -->\n\t<meta name=\"description\" content=\"Autor text: Mircea MorariuPreluat de pe Yorick.ro O m\u0103rturisire a lui Tuncer C\u00fcceno\u011flu, autorul piesei Avalan\u0219a, publicat\u0103 \u00een caietul de sal\u0103 al spectacolului or\u0103dean, ne l\u0103mure\u0219te c\u0103 scrierea se fundamenteaz\u0103 pe un fapt real. De care dramaturgul a aflat c\u00e2ndva, prin 1987. Undeva, \u00een Estul Anatoliei, ar exista o localitate mic\u0103, \u00eenconjurat\u0103 de mun\u021bi, unde oamenii sunt\" \/>\n\t<meta name=\"robots\" content=\"max-image-preview:large\" \/>\n\t<meta name=\"author\" content=\"Teatrul Regina Maria\"\/>\n\t<link rel=\"canonical\" href=\"https:\/\/www.teatrulreginamaria.ro\/hu\/avalansa-04-decembrie-2018-mircea-morariu-yorick-ro\/\" \/>\n\t<meta name=\"generator\" content=\"All in One SEO Pro (AIOSEO) 5.0.1.1\" \/>\n\t\t<meta property=\"og:locale\" content=\"hu_HU\" \/>\n\t\t<meta property=\"og:site_name\" content=\"Teatrul Regina Maria Oradea - Trupa Iosif Vulcan \u0219i Trupa Arcadia\" \/>\n\t\t<meta property=\"og:type\" content=\"article\" \/>\n\t\t<meta property=\"og:title\" content=\"AVALAN\u0218A: 04 decembrie 2018 \u2013 Mircea Morariu (Yorick.ro) - Teatrul Regina Maria Oradea\" \/>\n\t\t<meta property=\"og:description\" content=\"Autor text: Mircea MorariuPreluat de pe Yorick.ro O m\u0103rturisire a lui Tuncer C\u00fcceno\u011flu, autorul piesei Avalan\u0219a, publicat\u0103 \u00een caietul de sal\u0103 al spectacolului or\u0103dean, ne l\u0103mure\u0219te c\u0103 scrierea se fundamenteaz\u0103 pe un fapt real. De care dramaturgul a aflat c\u00e2ndva, prin 1987. Undeva, \u00een Estul Anatoliei, ar exista o localitate mic\u0103, \u00eenconjurat\u0103 de mun\u021bi, unde oamenii sunt\" \/>\n\t\t<meta property=\"og:url\" content=\"https:\/\/www.teatrulreginamaria.ro\/hu\/avalansa-04-decembrie-2018-mircea-morariu-yorick-ro\/\" \/>\n\t\t<meta property=\"og:image\" content=\"https:\/\/www.teatrulreginamaria.ro\/wp-content\/uploads\/2025\/03\/trm-istoric-01.jpg\" \/>\n\t\t<meta property=\"og:image:secure_url\" content=\"https:\/\/www.teatrulreginamaria.ro\/wp-content\/uploads\/2025\/03\/trm-istoric-01.jpg\" \/>\n\t\t<meta property=\"og:image:width\" content=\"1200\" \/>\n\t\t<meta property=\"og:image:height\" content=\"800\" \/>\n\t\t<meta property=\"article:published_time\" content=\"2018-12-03T22:00:00+00:00\" \/>\n\t\t<meta property=\"article:modified_time\" content=\"2018-12-03T22:00:00+00:00\" \/>\n\t\t<meta property=\"article:publisher\" content=\"https:\/\/www.facebook.com\/TRMTrupaIosifVulcan\/\" \/>\n\t\t<meta name=\"twitter:card\" content=\"summary_large_image\" \/>\n\t\t<meta name=\"twitter:site\" content=\"@TRMOradea\" \/>\n\t\t<meta name=\"twitter:title\" content=\"AVALAN\u0218A: 04 decembrie 2018 \u2013 Mircea Morariu (Yorick.ro) - Teatrul Regina Maria Oradea\" \/>\n\t\t<meta name=\"twitter:description\" content=\"Autor text: Mircea MorariuPreluat de pe Yorick.ro O m\u0103rturisire a lui Tuncer C\u00fcceno\u011flu, autorul piesei Avalan\u0219a, publicat\u0103 \u00een caietul de sal\u0103 al spectacolului or\u0103dean, ne l\u0103mure\u0219te c\u0103 scrierea se fundamenteaz\u0103 pe un fapt real. De care dramaturgul a aflat c\u00e2ndva, prin 1987. Undeva, \u00een Estul Anatoliei, ar exista o localitate mic\u0103, \u00eenconjurat\u0103 de mun\u021bi, unde oamenii sunt\" \/>\n\t\t<meta name=\"twitter:creator\" content=\"@TRMOradea\" \/>\n\t\t<meta name=\"twitter:image\" content=\"https:\/\/www.teatrulreginamaria.ro\/wp-content\/uploads\/2025\/03\/trm-istoric-01.jpg\" \/>\n\t\t<script type=\"application\/ld+json\" class=\"aioseo-schema\">\n\t\t\t{\"@context\":\"https:\\\/\\\/schema.org\",\"@graph\":[{\"@type\":\"BlogPosting\",\"@id\":\"https:\\\/\\\/www.teatrulreginamaria.ro\\\/hu\\\/avalansa-04-decembrie-2018-mircea-morariu-yorick-ro\\\/#blogposting\",\"name\":\"AVALAN\\u0218A: 04 decembrie 2018 \\u2013 Mircea Morariu (Yorick.ro) - Teatrul Regina Maria Oradea\",\"headline\":\"AVALAN\\u0218A: 04 decembrie 2018 \\u2013 Mircea Morariu (Yorick.ro)\",\"author\":{\"@id\":\"https:\\\/\\\/www.teatrulreginamaria.ro\\\/hu\\\/author\\\/w3bmaster\\\/#author\"},\"publisher\":{\"@id\":\"https:\\\/\\\/www.teatrulreginamaria.ro\\\/hu\\\/#organization\"},\"image\":{\"@type\":\"ImageObject\",\"url\":\"https:\\\/\\\/www.teatrulreginamaria.ro\\\/wp-content\\\/uploads\\\/2025\\\/06\\\/logo-trm-01-dark.png\",\"@id\":\"https:\\\/\\\/www.teatrulreginamaria.ro\\\/hu\\\/#articleImage\",\"width\":300,\"height\":148},\"datePublished\":\"2018-12-03T22:00:00+02:00\",\"dateModified\":\"2018-12-03T22:00:00+02:00\",\"inLanguage\":\"hu-HU\",\"mainEntityOfPage\":{\"@id\":\"https:\\\/\\\/www.teatrulreginamaria.ro\\\/hu\\\/avalansa-04-decembrie-2018-mircea-morariu-yorick-ro\\\/#webpage\"},\"isPartOf\":{\"@id\":\"https:\\\/\\\/www.teatrulreginamaria.ro\\\/hu\\\/avalansa-04-decembrie-2018-mircea-morariu-yorick-ro\\\/#webpage\"},\"articleSection\":\"Apari\\u021bii media, Avalan\\u0219a, critic\\u0103, cronic\\u0103, Mircea Morariu\"},{\"@type\":\"BreadcrumbList\",\"@id\":\"https:\\\/\\\/www.teatrulreginamaria.ro\\\/hu\\\/avalansa-04-decembrie-2018-mircea-morariu-yorick-ro\\\/#breadcrumblist\",\"itemListElement\":[{\"@type\":\"ListItem\",\"@id\":\"https:\\\/\\\/www.teatrulreginamaria.ro\\\/hu#listItem\",\"position\":1,\"name\":\"Home\",\"item\":\"https:\\\/\\\/www.teatrulreginamaria.ro\\\/hu\",\"nextItem\":{\"@type\":\"ListItem\",\"@id\":\"https:\\\/\\\/www.teatrulreginamaria.ro\\\/hu\\\/categorie\\\/aparitii-media\\\/#listItem\",\"name\":\"Apari\\u021bii media\"}},{\"@type\":\"ListItem\",\"@id\":\"https:\\\/\\\/www.teatrulreginamaria.ro\\\/hu\\\/categorie\\\/aparitii-media\\\/#listItem\",\"position\":2,\"name\":\"Apari\\u021bii media\",\"item\":\"https:\\\/\\\/www.teatrulreginamaria.ro\\\/hu\\\/categorie\\\/aparitii-media\\\/\",\"nextItem\":{\"@type\":\"ListItem\",\"@id\":\"https:\\\/\\\/www.teatrulreginamaria.ro\\\/hu\\\/avalansa-04-decembrie-2018-mircea-morariu-yorick-ro\\\/#listItem\",\"name\":\"AVALAN\\u0218A: 04 decembrie 2018 \\u2013 Mircea Morariu (Yorick.ro)\"},\"previousItem\":{\"@type\":\"ListItem\",\"@id\":\"https:\\\/\\\/www.teatrulreginamaria.ro\\\/hu#listItem\",\"name\":\"Home\"}},{\"@type\":\"ListItem\",\"@id\":\"https:\\\/\\\/www.teatrulreginamaria.ro\\\/hu\\\/avalansa-04-decembrie-2018-mircea-morariu-yorick-ro\\\/#listItem\",\"position\":3,\"name\":\"AVALAN\\u0218A: 04 decembrie 2018 \\u2013 Mircea Morariu (Yorick.ro)\",\"previousItem\":{\"@type\":\"ListItem\",\"@id\":\"https:\\\/\\\/www.teatrulreginamaria.ro\\\/hu\\\/categorie\\\/aparitii-media\\\/#listItem\",\"name\":\"Apari\\u021bii media\"}}]},{\"@type\":\"Organization\",\"@id\":\"https:\\\/\\\/www.teatrulreginamaria.ro\\\/hu\\\/#organization\",\"name\":\"Teatrul Regina Maria Oradea\",\"description\":\"Trupa Iosif Vulcan \\u0219i Trupa Arcadia\",\"url\":\"https:\\\/\\\/www.teatrulreginamaria.ro\\\/hu\\\/\",\"email\":\"marketing@teatrulreginamaria.ro\",\"telephone\":\"+40359411534\",\"numberOfEmployees\":{\"@type\":\"QuantitativeValue\",\"minValue\":0,\"maxValue\":150},\"logo\":{\"@type\":\"ImageObject\",\"url\":\"https:\\\/\\\/www.teatrulreginamaria.ro\\\/wp-content\\\/uploads\\\/2025\\\/06\\\/logo-trm-01-dark.png\",\"@id\":\"https:\\\/\\\/www.teatrulreginamaria.ro\\\/hu\\\/avalansa-04-decembrie-2018-mircea-morariu-yorick-ro\\\/#organizationLogo\",\"width\":300,\"height\":148},\"image\":{\"@id\":\"https:\\\/\\\/www.teatrulreginamaria.ro\\\/hu\\\/avalansa-04-decembrie-2018-mircea-morariu-yorick-ro\\\/#organizationLogo\"},\"sameAs\":[\"https:\\\/\\\/www.facebook.com\\\/TRMTrupaIosifVulcan\\\/\",\"https:\\\/\\\/x.com\\\/TRMOradea\",\"https:\\\/\\\/www.instagram.com\\\/teatrul_regina_maria\\\/\",\"https:\\\/\\\/www.youtube.com\\\/c\\\/TeatrulReginaMariaOradea\",\"https:\\\/\\\/www.linkedin.com\\\/company\\\/teatrul-regina-maria\"]},{\"@type\":\"Person\",\"@id\":\"https:\\\/\\\/www.teatrulreginamaria.ro\\\/hu\\\/author\\\/w3bmaster\\\/#author\",\"url\":\"https:\\\/\\\/www.teatrulreginamaria.ro\\\/hu\\\/author\\\/w3bmaster\\\/\",\"name\":\"Teatrul Regina Maria\",\"image\":{\"@type\":\"ImageObject\",\"@id\":\"https:\\\/\\\/www.teatrulreginamaria.ro\\\/hu\\\/avalansa-04-decembrie-2018-mircea-morariu-yorick-ro\\\/#authorImage\",\"url\":\"https:\\\/\\\/secure.gravatar.com\\\/avatar\\\/5884139d508ae3f0bafe45e60563b48a9640146d3b08ccc6278c305ff9329305?s=96&d=mm&r=g\",\"width\":96,\"height\":96,\"caption\":\"Teatrul Regina Maria\"}},{\"@type\":\"WebPage\",\"@id\":\"https:\\\/\\\/www.teatrulreginamaria.ro\\\/hu\\\/avalansa-04-decembrie-2018-mircea-morariu-yorick-ro\\\/#webpage\",\"url\":\"https:\\\/\\\/www.teatrulreginamaria.ro\\\/hu\\\/avalansa-04-decembrie-2018-mircea-morariu-yorick-ro\\\/\",\"name\":\"AVALAN\\u0218A: 04 decembrie 2018 \\u2013 Mircea Morariu (Yorick.ro) - Teatrul Regina Maria Oradea\",\"description\":\"Autor text: Mircea MorariuPreluat de pe Yorick.ro O m\\u0103rturisire a lui Tuncer C\\u00fcceno\\u011flu, autorul piesei Avalan\\u0219a, publicat\\u0103 \\u00een caietul de sal\\u0103 al spectacolului or\\u0103dean, ne l\\u0103mure\\u0219te c\\u0103 scrierea se fundamenteaz\\u0103 pe un fapt real. De care dramaturgul a aflat c\\u00e2ndva, prin 1987. Undeva, \\u00een Estul Anatoliei, ar exista o localitate mic\\u0103, \\u00eenconjurat\\u0103 de mun\\u021bi, unde oamenii sunt\",\"inLanguage\":\"hu-HU\",\"isPartOf\":{\"@id\":\"https:\\\/\\\/www.teatrulreginamaria.ro\\\/hu\\\/#website\"},\"breadcrumb\":{\"@id\":\"https:\\\/\\\/www.teatrulreginamaria.ro\\\/hu\\\/avalansa-04-decembrie-2018-mircea-morariu-yorick-ro\\\/#breadcrumblist\"},\"author\":{\"@id\":\"https:\\\/\\\/www.teatrulreginamaria.ro\\\/hu\\\/author\\\/w3bmaster\\\/#author\"},\"creator\":{\"@id\":\"https:\\\/\\\/www.teatrulreginamaria.ro\\\/hu\\\/author\\\/w3bmaster\\\/#author\"},\"datePublished\":\"2018-12-03T22:00:00+02:00\",\"dateModified\":\"2018-12-03T22:00:00+02:00\"},{\"@type\":\"WebSite\",\"@id\":\"https:\\\/\\\/www.teatrulreginamaria.ro\\\/hu\\\/#website\",\"url\":\"https:\\\/\\\/www.teatrulreginamaria.ro\\\/hu\\\/\",\"name\":\"Teatrul Regina Maria Oradea\",\"alternateName\":\"TRM Oradea\",\"description\":\"Trupa Iosif Vulcan \\u0219i Trupa Arcadia\",\"inLanguage\":\"hu-HU\",\"publisher\":{\"@id\":\"https:\\\/\\\/www.teatrulreginamaria.ro\\\/hu\\\/#organization\"}}]}\n\t\t<\/script>\n\t\t<!-- All in One SEO Pro -->\r\n\t\t<title>AVALAN\u0218A: 04 decembrie 2018 \u2013 Mircea Morariu (Yorick.ro) - Teatrul Regina Maria Oradea<\/title>\n\n","aioseo_head_json":{"title":"lavina: 2018. december 4. \u2013 Mircea Morariu (Yorick.ro) \u2013 Nagyv\u00e1radi Regina Maria Sz\u00ednh\u00e1z","description":"Sz\u00f6vegszerz\u0151: Mircea MorariuForr\u00e1s: Yorick.ro Tuncer C\u00fcceno\u011flu, az Avalan\u0219a c\u00edm\u0171 darab szerz\u0151j\u00e9nek vallom\u00e1sa, amely a nagyv\u00e1radi el\u0151ad\u00e1s n\u00e9z\u0151t\u00e9ri f\u00fczet\u00e9ben jelent meg, tiszt\u00e1zza, hogy az \u00edr\u00e1s val\u00f3s t\u00e9nyen alapul. Amir\u0151l a dr\u00e1ma\u00edr\u00f3 valamikor 1987-ben szerzett tudom\u00e1st. Valahol Kelet-Anat\u00f3li\u00e1ban lenne egy kisv\u00e1ros, hegyekkel k\u00f6r\u00fclv\u00e9ve, ahol az emberek","canonical_url":"https:\/\/www.teatrulreginamaria.ro\/hu\/avalansa-04-decembrie-2018-mircea-morariu-yorick-ro\/","robots":"max-image-preview:large","keywords":"","webmasterTools":{"miscellaneous":""},"schema":{"@context":"https:\/\/schema.org","@graph":[{"@type":"BlogPosting","@id":"https:\/\/www.teatrulreginamaria.ro\/hu\/avalansa-04-decembrie-2018-mircea-morariu-yorick-ro\/#blogposting","name":"AVALAN\u0218A: 04 decembrie 2018 \u2013 Mircea Morariu (Yorick.ro) - Teatrul Regina Maria Oradea","headline":"AVALAN\u0218A: 04 decembrie 2018 \u2013 Mircea Morariu (Yorick.ro)","author":{"@id":"https:\/\/www.teatrulreginamaria.ro\/hu\/author\/w3bmaster\/#author"},"publisher":{"@id":"https:\/\/www.teatrulreginamaria.ro\/hu\/#organization"},"image":{"@type":"ImageObject","url":"https:\/\/www.teatrulreginamaria.ro\/wp-content\/uploads\/2025\/06\/logo-trm-01-dark.png","@id":"https:\/\/www.teatrulreginamaria.ro\/hu\/#articleImage","width":300,"height":148},"datePublished":"2018-12-03T22:00:00+02:00","dateModified":"2018-12-03T22:00:00+02:00","inLanguage":"hu-HU","mainEntityOfPage":{"@id":"https:\/\/www.teatrulreginamaria.ro\/hu\/avalansa-04-decembrie-2018-mircea-morariu-yorick-ro\/#webpage"},"isPartOf":{"@id":"https:\/\/www.teatrulreginamaria.ro\/hu\/avalansa-04-decembrie-2018-mircea-morariu-yorick-ro\/#webpage"},"articleSection":"Apari\u021bii media, Avalan\u0219a, critic\u0103, cronic\u0103, Mircea Morariu"},{"@type":"BreadcrumbList","@id":"https:\/\/www.teatrulreginamaria.ro\/hu\/avalansa-04-decembrie-2018-mircea-morariu-yorick-ro\/#breadcrumblist","itemListElement":[{"@type":"ListItem","@id":"https:\/\/www.teatrulreginamaria.ro\/hu#listItem","position":1,"name":"Home","item":"https:\/\/www.teatrulreginamaria.ro\/hu","nextItem":{"@type":"ListItem","@id":"https:\/\/www.teatrulreginamaria.ro\/hu\/categorie\/aparitii-media\/#listItem","name":"Apari\u021bii media"}},{"@type":"ListItem","@id":"https:\/\/www.teatrulreginamaria.ro\/hu\/categorie\/aparitii-media\/#listItem","position":2,"name":"Apari\u021bii media","item":"https:\/\/www.teatrulreginamaria.ro\/hu\/categorie\/aparitii-media\/","nextItem":{"@type":"ListItem","@id":"https:\/\/www.teatrulreginamaria.ro\/hu\/avalansa-04-decembrie-2018-mircea-morariu-yorick-ro\/#listItem","name":"AVALAN\u0218A: 04 decembrie 2018 \u2013 Mircea Morariu (Yorick.ro)"},"previousItem":{"@type":"ListItem","@id":"https:\/\/www.teatrulreginamaria.ro\/hu#listItem","name":"Home"}},{"@type":"ListItem","@id":"https:\/\/www.teatrulreginamaria.ro\/hu\/avalansa-04-decembrie-2018-mircea-morariu-yorick-ro\/#listItem","position":3,"name":"AVALAN\u0218A: 04 decembrie 2018 \u2013 Mircea Morariu (Yorick.ro)","previousItem":{"@type":"ListItem","@id":"https:\/\/www.teatrulreginamaria.ro\/hu\/categorie\/aparitii-media\/#listItem","name":"Apari\u021bii media"}}]},{"@type":"Organization","@id":"https:\/\/www.teatrulreginamaria.ro\/hu\/#organization","name":"Teatrul Regina Maria Oradea","description":"Trupa Iosif Vulcan \u0219i Trupa Arcadia","url":"https:\/\/www.teatrulreginamaria.ro\/hu\/","email":"marketing@teatrulreginamaria.ro","telephone":"+40359411534","numberOfEmployees":{"@type":"QuantitativeValue","minValue":0,"maxValue":150},"logo":{"@type":"ImageObject","url":"https:\/\/www.teatrulreginamaria.ro\/wp-content\/uploads\/2025\/06\/logo-trm-01-dark.png","@id":"https:\/\/www.teatrulreginamaria.ro\/hu\/avalansa-04-decembrie-2018-mircea-morariu-yorick-ro\/#organizationLogo","width":300,"height":148},"image":{"@id":"https:\/\/www.teatrulreginamaria.ro\/hu\/avalansa-04-decembrie-2018-mircea-morariu-yorick-ro\/#organizationLogo"},"sameAs":["https:\/\/www.facebook.com\/TRMTrupaIosifVulcan\/","https:\/\/x.com\/TRMOradea","https:\/\/www.instagram.com\/teatrul_regina_maria\/","https:\/\/www.youtube.com\/c\/TeatrulReginaMariaOradea","https:\/\/www.linkedin.com\/company\/teatrul-regina-maria"]},{"@type":"Person","@id":"https:\/\/www.teatrulreginamaria.ro\/hu\/author\/w3bmaster\/#author","url":"https:\/\/www.teatrulreginamaria.ro\/hu\/author\/w3bmaster\/","name":"Teatrul Regina Maria","image":{"@type":"ImageObject","@id":"https:\/\/www.teatrulreginamaria.ro\/hu\/avalansa-04-decembrie-2018-mircea-morariu-yorick-ro\/#authorImage","url":"https:\/\/secure.gravatar.com\/avatar\/5884139d508ae3f0bafe45e60563b48a9640146d3b08ccc6278c305ff9329305?s=96&d=mm&r=g","width":96,"height":96,"caption":"Teatrul Regina Maria"}},{"@type":"WebPage","@id":"https:\/\/www.teatrulreginamaria.ro\/hu\/avalansa-04-decembrie-2018-mircea-morariu-yorick-ro\/#webpage","url":"https:\/\/www.teatrulreginamaria.ro\/hu\/avalansa-04-decembrie-2018-mircea-morariu-yorick-ro\/","name":"AVALAN\u0218A: 04 decembrie 2018 \u2013 Mircea Morariu (Yorick.ro) - Teatrul Regina Maria Oradea","description":"Autor text: Mircea MorariuPreluat de pe Yorick.ro O m\u0103rturisire a lui Tuncer C\u00fcceno\u011flu, autorul piesei Avalan\u0219a, publicat\u0103 \u00een caietul de sal\u0103 al spectacolului or\u0103dean, ne l\u0103mure\u0219te c\u0103 scrierea se fundamenteaz\u0103 pe un fapt real. De care dramaturgul a aflat c\u00e2ndva, prin 1987. Undeva, \u00een Estul Anatoliei, ar exista o localitate mic\u0103, \u00eenconjurat\u0103 de mun\u021bi, unde oamenii sunt","inLanguage":"hu-HU","isPartOf":{"@id":"https:\/\/www.teatrulreginamaria.ro\/hu\/#website"},"breadcrumb":{"@id":"https:\/\/www.teatrulreginamaria.ro\/hu\/avalansa-04-decembrie-2018-mircea-morariu-yorick-ro\/#breadcrumblist"},"author":{"@id":"https:\/\/www.teatrulreginamaria.ro\/hu\/author\/w3bmaster\/#author"},"creator":{"@id":"https:\/\/www.teatrulreginamaria.ro\/hu\/author\/w3bmaster\/#author"},"datePublished":"2018-12-03T22:00:00+02:00","dateModified":"2018-12-03T22:00:00+02:00"},{"@type":"WebSite","@id":"https:\/\/www.teatrulreginamaria.ro\/hu\/#website","url":"https:\/\/www.teatrulreginamaria.ro\/hu\/","name":"Teatrul Regina Maria Oradea","alternateName":"TRM Oradea","description":"Trupa Iosif Vulcan \u0219i Trupa Arcadia","inLanguage":"hu-HU","publisher":{"@id":"https:\/\/www.teatrulreginamaria.ro\/hu\/#organization"}}]},"og:locale":"hu_HU","og:site_name":"Teatrul Regina Maria Oradea - Trupa Iosif Vulcan \u0219i Trupa Arcadia","og:type":"article","og:title":"AVALAN\u0218A: 04 decembrie 2018 \u2013 Mircea Morariu (Yorick.ro) - Teatrul Regina Maria Oradea","og:description":"Autor text: Mircea MorariuPreluat de pe Yorick.ro O m\u0103rturisire a lui Tuncer C\u00fcceno\u011flu, autorul piesei Avalan\u0219a, publicat\u0103 \u00een caietul de sal\u0103 al spectacolului or\u0103dean, ne l\u0103mure\u0219te c\u0103 scrierea se fundamenteaz\u0103 pe un fapt real. De care dramaturgul a aflat c\u00e2ndva, prin 1987. Undeva, \u00een Estul Anatoliei, ar exista o localitate mic\u0103, \u00eenconjurat\u0103 de mun\u021bi, unde oamenii sunt","og:url":"https:\/\/www.teatrulreginamaria.ro\/hu\/avalansa-04-decembrie-2018-mircea-morariu-yorick-ro\/","og:image":"https:\/\/www.teatrulreginamaria.ro\/wp-content\/uploads\/2025\/03\/trm-istoric-01.jpg","og:image:secure_url":"https:\/\/www.teatrulreginamaria.ro\/wp-content\/uploads\/2025\/03\/trm-istoric-01.jpg","og:image:width":1200,"og:image:height":800,"article:published_time":"2018-12-03T22:00:00+00:00","article:modified_time":"2018-12-03T22:00:00+00:00","article:publisher":"https:\/\/www.facebook.com\/TRMTrupaIosifVulcan\/","twitter:card":"summary_large_image","twitter:site":"@TRMOradea","twitter:title":"AVALAN\u0218A: 04 decembrie 2018 \u2013 Mircea Morariu (Yorick.ro) - Teatrul Regina Maria Oradea","twitter:description":"Autor text: Mircea MorariuPreluat de pe Yorick.ro O m\u0103rturisire a lui Tuncer C\u00fcceno\u011flu, autorul piesei Avalan\u0219a, publicat\u0103 \u00een caietul de sal\u0103 al spectacolului or\u0103dean, ne l\u0103mure\u0219te c\u0103 scrierea se fundamenteaz\u0103 pe un fapt real. De care dramaturgul a aflat c\u00e2ndva, prin 1987. Undeva, \u00een Estul Anatoliei, ar exista o localitate mic\u0103, \u00eenconjurat\u0103 de mun\u021bi, unde oamenii sunt","twitter:creator":"@TRMOradea","twitter:image":"https:\/\/www.teatrulreginamaria.ro\/wp-content\/uploads\/2025\/03\/trm-istoric-01.jpg"},"aioseo_meta_data":{"post_id":"4417","title":null,"description":null,"keywords":null,"keyphrases":null,"primary_term":null,"canonical_url":null,"og_title":null,"og_description":null,"og_object_type":"default","og_image_type":"default","og_image_url":null,"og_image_width":null,"og_image_height":null,"og_image_custom_url":null,"og_image_custom_fields":null,"og_video":null,"og_custom_url":null,"og_article_section":null,"og_article_tags":null,"twitter_use_og":false,"twitter_card":"default","twitter_image_type":"default","twitter_image_url":null,"twitter_image_custom_url":null,"twitter_image_custom_fields":null,"twitter_title":null,"twitter_description":null,"schema":{"blockGraphs":[],"customGraphs":[],"default":{"data":{"Article":[],"Course":[],"Dataset":[],"FAQPage":[],"Movie":[],"Person":[],"Product":[],"ProductReview":[],"Car":[],"Recipe":[],"Service":[],"SoftwareApplication":[],"WebPage":[]},"graphName":"","isEnabled":true},"graphs":[]},"schema_type":"default","schema_type_options":null,"pillar_content":false,"robots_default":true,"robots_noindex":false,"robots_noarchive":false,"robots_nosnippet":false,"robots_nofollow":false,"robots_noimageindex":false,"robots_noodp":false,"robots_notranslate":false,"robots_max_snippet":null,"robots_max_videopreview":null,"robots_max_imagepreview":"large","priority":null,"frequency":null,"local_seo":null,"seo_analyzer_scan_date":"2026-05-13 02:15:35","breadcrumb_settings":null,"limit_modified_date":false,"reviewed_by":null,"open_ai":null,"ai":null,"created":"2025-04-09 17:42:41","updated":"2026-05-13 02:15:35","focus_keyword":null,"additional_keywords":null,"truseo_locale":null},"aioseo_breadcrumb":"<div class=\"aioseo-breadcrumbs\"><span class=\"aioseo-breadcrumb\">\n\t<a href=\"https:\/\/www.teatrulreginamaria.ro\/hu\" title=\"Home\">Home<\/a>\n<\/span><span class=\"aioseo-breadcrumb-separator\">&raquo;<\/span><span class=\"aioseo-breadcrumb\">\n\t<a href=\"https:\/\/www.teatrulreginamaria.ro\/hu\/categorie\/aparitii-media\/\" title=\"Apari\u021bii media\">Apari\u021bii media<\/a>\n<\/span><span class=\"aioseo-breadcrumb-separator\">&raquo;<\/span><span class=\"aioseo-breadcrumb\">\n\tAVALAN\u0218A: 04 decembrie 2018 \u2013 Mircea Morariu (Yorick.ro)\n<\/span><\/div>","aioseo_breadcrumb_json":[{"label":"Home","link":"https:\/\/www.teatrulreginamaria.ro\/hu"},{"label":"Apari\u021bii media","link":"https:\/\/www.teatrulreginamaria.ro\/hu\/categorie\/aparitii-media\/"},{"label":"AVALAN\u0218A: 04 decembrie 2018 \u2013 Mircea Morariu (Yorick.ro)","link":"https:\/\/www.teatrulreginamaria.ro\/hu\/avalansa-04-decembrie-2018-mircea-morariu-yorick-ro\/"}],"acf":[],"_links":{"self":[{"href":"https:\/\/www.teatrulreginamaria.ro\/hu\/wp-json\/wp\/v2\/posts\/4417","targetHints":{"allow":["GET"]}}],"collection":[{"href":"https:\/\/www.teatrulreginamaria.ro\/hu\/wp-json\/wp\/v2\/posts"}],"about":[{"href":"https:\/\/www.teatrulreginamaria.ro\/hu\/wp-json\/wp\/v2\/types\/post"}],"author":[{"embeddable":true,"href":"https:\/\/www.teatrulreginamaria.ro\/hu\/wp-json\/wp\/v2\/users\/6"}],"replies":[{"embeddable":true,"href":"https:\/\/www.teatrulreginamaria.ro\/hu\/wp-json\/wp\/v2\/comments?post=4417"}],"version-history":[{"count":0,"href":"https:\/\/www.teatrulreginamaria.ro\/hu\/wp-json\/wp\/v2\/posts\/4417\/revisions"}],"wp:attachment":[{"href":"https:\/\/www.teatrulreginamaria.ro\/hu\/wp-json\/wp\/v2\/media?parent=4417"}],"wp:term":[{"taxonomy":"category","embeddable":true,"href":"https:\/\/www.teatrulreginamaria.ro\/hu\/wp-json\/wp\/v2\/categories?post=4417"},{"taxonomy":"post_tag","embeddable":true,"href":"https:\/\/www.teatrulreginamaria.ro\/hu\/wp-json\/wp\/v2\/tags?post=4417"}],"curies":[{"name":"munkaf\u00fczet","href":"https:\/\/api.w.org\/{rel}","templated":true}]}}